{"id":4878,"date":"2025-09-02T04:12:42","date_gmt":"2025-09-02T04:12:42","guid":{"rendered":"https:\/\/www.alumni.space\/a-importancia-da-memoria-organizacional-para-limitar-a-perda-de-conhecimentos\/"},"modified":"2026-03-28T10:48:54","modified_gmt":"2026-03-28T10:48:54","slug":"a-importancia-da-memoria-organizacional-para-limitar-a-perda-de-conhecimentos","status":"publish","type":"post","link":"https:\/\/www.alumni.space\/pt-pt\/a-importancia-da-memoria-organizacional-para-limitar-a-perda-de-conhecimentos\/","title":{"rendered":"A import\u00e2ncia da mem\u00f3ria organizacional para limitar a perda de conhecimentos"},"content":{"rendered":"<div id=\"ez-toc-container\" class=\"ez-toc-v2_0_82_2 counter-flat ez-toc-counter ez-toc-grey ez-toc-container-direction\">\n<div class=\"ez-toc-title-container\"><p class=\"ez-toc-title\" style=\"cursor:inherit\">\u00cdndice deste artigo:<\/p>\n<\/div><nav><ul class='ez-toc-list ez-toc-list-level-1 ' ><li class='ez-toc-page-1'><a class=\"ez-toc-link ez-toc-heading-1\" href=\"https:\/\/www.alumni.space\/pt-pt\/a-importancia-da-memoria-organizacional-para-limitar-a-perda-de-conhecimentos\/#Memoria_organizacional_uma_alavanca_estrategica_para_a_preservacao_do_capital_intelectual\" >Mem\u00f3ria organizacional: uma alavanca estrat\u00e9gica para a preserva\u00e7\u00e3o do capital intelectual<\/a><\/li><li class='ez-toc-page-1'><a class=\"ez-toc-link ez-toc-heading-2\" href=\"https:\/\/www.alumni.space\/pt-pt\/a-importancia-da-memoria-organizacional-para-limitar-a-perda-de-conhecimentos\/#Componentes-chave_da_memoria_organizacional_para_limitar_o_esquecimento_dos_conhecimentos\" >Componentes-chave da mem\u00f3ria organizacional para limitar o esquecimento dos conhecimentos<\/a><\/li><li class='ez-toc-page-1'><a class=\"ez-toc-link ez-toc-heading-3\" href=\"https:\/\/www.alumni.space\/pt-pt\/a-importancia-da-memoria-organizacional-para-limitar-a-perda-de-conhecimentos\/#Ferramentas_e_metodos_para_estruturar_e_divulgar_eficazmente_a_memoria_empresarial\" >Ferramentas e m\u00e9todos para estruturar e divulgar eficazmente a mem\u00f3ria empresarial<\/a><\/li><li class='ez-toc-page-1'><a class=\"ez-toc-link ez-toc-heading-4\" href=\"https:\/\/www.alumni.space\/pt-pt\/a-importancia-da-memoria-organizacional-para-limitar-a-perda-de-conhecimentos\/#Integrar_e_liderar_comunidades_para_reforcar_a_memoria_colectiva\" >Integrar e liderar comunidades para refor\u00e7ar a mem\u00f3ria colectiva<\/a><\/li><li class='ez-toc-page-1'><a class=\"ez-toc-link ez-toc-heading-5\" href=\"https:\/\/www.alumni.space\/pt-pt\/a-importancia-da-memoria-organizacional-para-limitar-a-perda-de-conhecimentos\/#Adotar_uma_abordagem_proactiva_para_garantir_o_know-how_e_melhorar_a_memoria_empresarial\" >Adotar uma abordagem proactiva para garantir o know-how e melhorar a mem\u00f3ria empresarial<\/a><\/li><\/ul><\/nav><\/div>\n<h2 class=\"wp-block-heading\"><span class=\"ez-toc-section\" id=\"Memoria_organizacional_uma_alavanca_estrategica_para_a_preservacao_do_capital_intelectual\"><\/span>Mem\u00f3ria organizacional: uma alavanca estrat\u00e9gica para a preserva\u00e7\u00e3o do capital intelectual<span class=\"ez-toc-section-end\"><\/span><\/h2><p><strong>A mem\u00f3ria organizacional<\/strong> \u00e9 o conjunto dos conhecimentos e do <strong>saber-fazer<\/strong> acumulados ao longo do tempo numa empresa. Este capital intelectual, constitu\u00eddo por<strong>acontecimentos<\/strong>, <strong>decis\u00f5es<\/strong> e <strong>modelos<\/strong>, \u00e9 preservado atrav\u00e9s dos tr\u00eas pilares: pessoas, estrutura e cultura empresarial. Num ambiente competitivo marcado pela acelera\u00e7\u00e3o da mudan\u00e7a, a preserva\u00e7\u00e3o destes activos \u00e9 essencial para assegurar <strong>a continuidade do neg\u00f3cio<\/strong> e evitar os custos ocultos associados \u00e0 <strong>perda de conhecimento<\/strong>. Muitas organiza\u00e7\u00f5es ainda t\u00eam dificuldade em gerir eficazmente este fluxo de informa\u00e7\u00e3o estrat\u00e9gica, muitas vezes disperso entre ficheiros pessoais, procedimentos ou arquivos colectivos.   <\/p><figure class=\"wp-block-image size-full\"><img decoding=\"async\" width=\"1280\" height=\"768\" src=\"https:\/\/www.alumni.space\/wp-content\/uploads\/2026\/03\/Limportance-de-la-memoire-organisationnelle-pour-limiter-les-pertes-de-savoir-1.jpg\" data-orig-src=\"https:\/\/www.alumni.space\/wp-content\/uploads\/2026\/03\/Limportance-de-la-memoire-organisationnelle-pour-limiter-les-pertes-de-savoir-1.jpg\" alt=\"Descobre como a mem\u00f3ria organizacional desempenha um papel crucial na preserva\u00e7\u00e3o do conhecimento nas empresas e na preven\u00e7\u00e3o da perda de informa\u00e7\u00f5es essenciais ao seu bom funcionamento.\" class=\"lazyload wp-image-3294\" srcset=\"data:image\/svg+xml,%3Csvg%20xmlns%3D%27http%3A%2F%2Fwww.w3.org%2F2000%2Fsvg%27%20width%3D%271280%27%20height%3D%27768%27%20viewBox%3D%270%200%201280%20768%27%3E%3Crect%20width%3D%271280%27%20height%3D%27768%27%20fill-opacity%3D%220%22%2F%3E%3C%2Fsvg%3E\" data-srcset=\"https:\/\/www.alumni.space\/wp-content\/uploads\/2026\/03\/Limportance-de-la-memoire-organisationnelle-pour-limiter-les-pertes-de-savoir-1-200x120.jpg 200w, https:\/\/www.alumni.space\/wp-content\/uploads\/2026\/03\/Limportance-de-la-memoire-organisationnelle-pour-limiter-les-pertes-de-savoir-1-300x180.jpg 300w, https:\/\/www.alumni.space\/wp-content\/uploads\/2026\/03\/Limportance-de-la-memoire-organisationnelle-pour-limiter-les-pertes-de-savoir-1-400x240.jpg 400w, https:\/\/www.alumni.space\/wp-content\/uploads\/2026\/03\/Limportance-de-la-memoire-organisationnelle-pour-limiter-les-pertes-de-savoir-1-600x360.jpg 600w, https:\/\/www.alumni.space\/wp-content\/uploads\/2026\/03\/Limportance-de-la-memoire-organisationnelle-pour-limiter-les-pertes-de-savoir-1-768x461.jpg 768w, https:\/\/www.alumni.space\/wp-content\/uploads\/2026\/03\/Limportance-de-la-memoire-organisationnelle-pour-limiter-les-pertes-de-savoir-1-800x480.jpg 800w, https:\/\/www.alumni.space\/wp-content\/uploads\/2026\/03\/Limportance-de-la-memoire-organisationnelle-pour-limiter-les-pertes-de-savoir-1-1024x614.jpg 1024w, https:\/\/www.alumni.space\/wp-content\/uploads\/2026\/03\/Limportance-de-la-memoire-organisationnelle-pour-limiter-les-pertes-de-savoir-1-1200x720.jpg 1200w, https:\/\/www.alumni.space\/wp-content\/uploads\/2026\/03\/Limportance-de-la-memoire-organisationnelle-pour-limiter-les-pertes-de-savoir-1.jpg 1280w\" data-sizes=\"auto\" data-orig-sizes=\"(max-width: 1280px) 100vw, 1280px\" \/><\/figure><h3 class=\"wp-block-heading\"><span class=\"ez-toc-section\" id=\"Componentes-chave_da_memoria_organizacional_para_limitar_o_esquecimento_dos_conhecimentos\"><\/span>Componentes-chave da mem\u00f3ria organizacional para limitar o esquecimento dos conhecimentos<span class=\"ez-toc-section-end\"><\/span><\/h3><p><strong>A gest\u00e3o do conhecimento<\/strong> baseia-se na integra\u00e7\u00e3o e na estrutura\u00e7\u00e3o dos conhecimentos detidos pelos trabalhadores. Cada indiv\u00edduo possui uma mem\u00f3ria interna que combina factos observados, experi\u00eancias vividas e representa\u00e7\u00f5es mentais. Se estas mem\u00f3rias individuais n\u00e3o forem consolidadas, permanecem fr\u00e1geis e amea\u00e7am a durabilidade das compet\u00eancias.  <\/p><p>A estrutura organizacional desempenha um papel crucial. A defini\u00e7\u00e3o precisa dos pap\u00e9is e das responsabilidades garante a <strong>reten\u00e7\u00e3o das compet\u00eancias<\/strong>, estabelecendo comportamentos e procedimentos normalizados. Estas regras, materializadas em arquivos e protocolos colectivos, constituem uma verdadeira base para a <strong>conserva\u00e7\u00e3o da informa\u00e7\u00e3o<\/strong>.  <\/p><p>A cultura empresarial, muitas vezes tingida de esquemas interpretativos t\u00e1citos, influencia a forma como os membros percepcionam e processam o conhecimento partilhado. Um ambiente cultural forte facilita a coordena\u00e7\u00e3o, tornando a transfer\u00eancia de conhecimentos mais natural e preservando a mem\u00f3ria colectiva a longo prazo. <\/p><h3 class=\"wp-block-heading\"><span class=\"ez-toc-section\" id=\"Ferramentas_e_metodos_para_estruturar_e_divulgar_eficazmente_a_memoria_empresarial\"><\/span>Ferramentas e m\u00e9todos para estruturar e divulgar eficazmente a mem\u00f3ria empresarial<span class=\"ez-toc-section-end\"><\/span><\/h3><p>As solu\u00e7\u00f5es tecnol\u00f3gicas est\u00e3o a emergir como catalisadores essenciais para industrializar a <strong>preven\u00e7\u00e3o da perda de conhecimentos<\/strong>. As plataformas SaaS, como o alumni.space, centralizam perfis, ofertas de emprego, eventos e conte\u00fados educativos, proporcionando um espa\u00e7o seguro de partilha e apoio m\u00fatuo. Incentivam igualmente a <strong>transfer\u00eancia de conhecimentos<\/strong> entre gera\u00e7\u00f5es, nomeadamente atrav\u00e9s de <a href=\"https:\/\/www.alumni.space\/pt-pt\/mentoring-reforcar-o-empenho-e-a-motivacao-da-equipa\/\">tutoria<\/a> e de pares de experi\u00eancias.  <\/p><p>Al\u00e9m disso, os m\u00e9todos estruturados, como o CommonKADS ou o MASK, facilitam a an\u00e1lise e a modeliza\u00e7\u00e3o dos conhecimentos a capitalizar. Estas abordagens met\u00f3dicas ajudam a evitar a compartimenta\u00e7\u00e3o do conhecimento, estruturando a informa\u00e7\u00e3o e organizando a sua difus\u00e3o atrav\u00e9s da intranet, de portais de colabora\u00e7\u00e3o ou de sistemas de alimenta\u00e7\u00e3o RSS. <\/p><h2 class=\"wp-block-heading\"><span class=\"ez-toc-section\" id=\"Integrar_e_liderar_comunidades_para_reforcar_a_memoria_colectiva\"><\/span>Integrar e liderar comunidades para refor\u00e7ar a mem\u00f3ria colectiva<span class=\"ez-toc-section-end\"><\/span><\/h2><p>Para al\u00e9m das ferramentas, o elemento humano continua a estar no centro da <strong>mem\u00f3ria organizacional<\/strong>. As iniciativas de redes de antigos alunos, que re\u00fanem antigos empregados e mentores, criam um ecossistema favor\u00e1vel \u00e0 <strong>partilha de experi\u00eancias<\/strong> e \u00e0 coopta\u00e7\u00e3o. A continuidade dos la\u00e7os interpessoais facilita a circula\u00e7\u00e3o dos conhecimentos t\u00e1citos e expl\u00edcitos, reduzindo assim o risco de rutura na cadeia de compet\u00eancias.  <\/p><p>Os decisores, nomeadamente os departamentos de RH, as associa\u00e7\u00f5es e os estabelecimentos de ensino, beneficiam de indicadores precisos sobre a ado\u00e7\u00e3o de pr\u00e1ticas de capitaliza\u00e7\u00e3o. Estes KPIs permitem um acompanhamento real do tempo poupado e dos custos evitados. A t\u00edtulo de exemplo, certos sectores sens\u00edveis, como a ind\u00fastria agroalimentar, demonstraram o valor acrescentado de um acompanhamento rigoroso da sua <a href=\"https:\/\/www.alumni.space\/pt-pt\/o-sector-agroalimentar-enfrenta-o-desafio-da-transferencia-de-competencias\/\">transfer\u00eancia de conhecimentos<\/a> para garantir a seguran\u00e7a e a conformidade.  <\/p><h3 class=\"wp-block-heading\"><span class=\"ez-toc-section\" id=\"Adotar_uma_abordagem_proactiva_para_garantir_o_know-how_e_melhorar_a_memoria_empresarial\"><\/span>Adotar uma abordagem proactiva para garantir o know-how e melhorar a mem\u00f3ria empresarial<span class=\"ez-toc-section-end\"><\/span><\/h3><p>\u00c9 essencial estabelecer rituais regulares de recolha, documenta\u00e7\u00e3o e revis\u00e3o das experi\u00eancias. A nomea\u00e7\u00e3o de referentes para apoiar a circula\u00e7\u00e3o dos conhecimentos, associada a um calend\u00e1rio rigoroso de trocas, favorece uma din\u00e2mica virtuosa. Este trabalho estruturado limita a depend\u00eancia de indiv\u00edduos-chave e assegura a mem\u00f3ria colectiva.  <\/p><p>Para as organiza\u00e7\u00f5es que pretendem aumentar a sua escala, uma plataforma digital continua a ser a ferramenta de elei\u00e7\u00e3o. Elimina os problemas causados pela utiliza\u00e7\u00e3o de solu\u00e7\u00f5es m\u00faltiplas, dispersas e folhas de c\u00e1lculo n\u00e3o partilhadas. A gest\u00e3o torna-se transparente, os recursos acess\u00edveis e a ades\u00e3o dos colaboradores refor\u00e7ada. Neste contexto, cada decisor ganha uma maior visibilidade sobre o estado do capital de experi\u00eancia da sua organiza\u00e7\u00e3o.   <\/p><p>Esta <a href=\"https:\/\/www.questionpro.com\/blog\/fr\/la-memoire-organisationnelle-strategies-de-reussite-et-de-continuite\/\">an\u00e1lise abrangente<\/a> proporciona uma compreens\u00e3o mais profunda dos desafios e das melhores pr\u00e1ticas da mem\u00f3ria organizacional, com estrat\u00e9gias experimentadas e testadas, adaptadas a diferentes sectores de atividade.<\/p>","protected":false},"excerpt":{"rendered":"<p>Mem\u00f3ria organizacional: uma alavanca estrat\u00e9gica para a preserva\u00e7\u00e3o do capital  [&#8230;]<\/p>\n","protected":false},"author":1,"featured_media":4879,"comment_status":"closed","ping_status":"closed","sticky":false,"template":"","format":"standard","meta":{"_ayudawp_aiss_exclude":false,"footnotes":""},"categories":[69],"tags":[],"class_list":["post-4878","post","type-post","status-publish","format-standard","has-post-thumbnail","hentry","category-partilha-de-conhecimentos"],"yoast_head":"<!-- This site is optimized with the Yoast SEO plugin v27.4 - https:\/\/yoast.com\/product\/yoast-seo-wordpress\/ -->\n<title>Mem\u00f3ria organizacional: a chave para a preserva\u00e7\u00e3o do conhecimento<\/title>\n<meta name=\"description\" content=\"Descobre como a mem\u00f3ria organizacional preserva o conhecimento e limita as perdas que s\u00e3o essenciais para o desempenho e a longevidade da tua empresa.\" \/>\n<meta name=\"robots\" content=\"index, follow, max-snippet:-1, max-image-preview:large, max-video-preview:-1\" \/>\n<link rel=\"canonical\" href=\"https:\/\/www.alumni.space\/pt-pt\/a-importancia-da-memoria-organizacional-para-limitar-a-perda-de-conhecimentos\/\" \/>\n<meta property=\"og:locale\" content=\"pt_PT\" \/>\n<meta property=\"og:type\" content=\"article\" \/>\n<meta property=\"og:title\" content=\"Mem\u00f3ria organizacional: a chave para a preserva\u00e7\u00e3o do conhecimento\" \/>\n<meta property=\"og:description\" content=\"Descobre como a mem\u00f3ria organizacional preserva o conhecimento e limita as perdas que s\u00e3o essenciais para o desempenho e a longevidade da tua empresa.\" \/>\n<meta property=\"og:url\" content=\"https:\/\/www.alumni.space\/pt-pt\/a-importancia-da-memoria-organizacional-para-limitar-a-perda-de-conhecimentos\/\" \/>\n<meta property=\"og:site_name\" content=\"Alumni.space\" \/>\n<meta property=\"article:published_time\" content=\"2025-09-02T04:12:42+00:00\" \/>\n<meta property=\"article:modified_time\" content=\"2026-03-28T10:48:54+00:00\" \/>\n<meta property=\"og:image\" content=\"https:\/\/www.alumni.space\/wp-content\/uploads\/2026\/03\/Limportance-de-la-memoire-organisationnelle-pour-limiter-les-pertes-de-savoir.jpg\" \/>\n\t<meta property=\"og:image:width\" content=\"1280\" \/>\n\t<meta property=\"og:image:height\" content=\"768\" \/>\n\t<meta property=\"og:image:type\" content=\"image\/jpeg\" \/>\n<meta name=\"author\" content=\"admin\" \/>\n<meta name=\"twitter:card\" content=\"summary_large_image\" \/>\n<meta name=\"twitter:label1\" content=\"Escrito por\" \/>\n\t<meta name=\"twitter:data1\" content=\"admin\" \/>\n\t<meta name=\"twitter:label2\" content=\"Tempo estimado de leitura\" \/>\n\t<meta name=\"twitter:data2\" content=\"4 minutos\" \/>\n<script type=\"application\/ld+json\" class=\"yoast-schema-graph\">{\"@context\":\"https:\\\/\\\/schema.org\",\"@graph\":[{\"@type\":\"Article\",\"@id\":\"https:\\\/\\\/www.alumni.space\\\/pt-pt\\\/a-importancia-da-memoria-organizacional-para-limitar-a-perda-de-conhecimentos\\\/#article\",\"isPartOf\":{\"@id\":\"https:\\\/\\\/www.alumni.space\\\/pt-pt\\\/a-importancia-da-memoria-organizacional-para-limitar-a-perda-de-conhecimentos\\\/\"},\"author\":{\"name\":\"admin\",\"@id\":\"https:\\\/\\\/www.alumni.space\\\/pt-pt\\\/#\\\/schema\\\/person\\\/fede362a57876edda476a61f05ce5b15\"},\"headline\":\"A import\u00e2ncia da mem\u00f3ria organizacional para limitar a perda de conhecimentos\",\"datePublished\":\"2025-09-02T04:12:42+00:00\",\"dateModified\":\"2026-03-28T10:48:54+00:00\",\"mainEntityOfPage\":{\"@id\":\"https:\\\/\\\/www.alumni.space\\\/pt-pt\\\/a-importancia-da-memoria-organizacional-para-limitar-a-perda-de-conhecimentos\\\/\"},\"wordCount\":777,\"image\":{\"@id\":\"https:\\\/\\\/www.alumni.space\\\/pt-pt\\\/a-importancia-da-memoria-organizacional-para-limitar-a-perda-de-conhecimentos\\\/#primaryimage\"},\"thumbnailUrl\":\"https:\\\/\\\/www.alumni.space\\\/wp-content\\\/uploads\\\/2026\\\/03\\\/Limportance-de-la-memoire-organisationnelle-pour-limiter-les-pertes-de-savoir.jpg\",\"articleSection\":[\"Partilha de conhecimentos\"],\"inLanguage\":\"pt-PT\"},{\"@type\":\"WebPage\",\"@id\":\"https:\\\/\\\/www.alumni.space\\\/pt-pt\\\/a-importancia-da-memoria-organizacional-para-limitar-a-perda-de-conhecimentos\\\/\",\"url\":\"https:\\\/\\\/www.alumni.space\\\/pt-pt\\\/a-importancia-da-memoria-organizacional-para-limitar-a-perda-de-conhecimentos\\\/\",\"name\":\"Mem\u00f3ria organizacional: a chave para a preserva\u00e7\u00e3o do conhecimento\",\"isPartOf\":{\"@id\":\"https:\\\/\\\/www.alumni.space\\\/pt-pt\\\/#website\"},\"primaryImageOfPage\":{\"@id\":\"https:\\\/\\\/www.alumni.space\\\/pt-pt\\\/a-importancia-da-memoria-organizacional-para-limitar-a-perda-de-conhecimentos\\\/#primaryimage\"},\"image\":{\"@id\":\"https:\\\/\\\/www.alumni.space\\\/pt-pt\\\/a-importancia-da-memoria-organizacional-para-limitar-a-perda-de-conhecimentos\\\/#primaryimage\"},\"thumbnailUrl\":\"https:\\\/\\\/www.alumni.space\\\/wp-content\\\/uploads\\\/2026\\\/03\\\/Limportance-de-la-memoire-organisationnelle-pour-limiter-les-pertes-de-savoir.jpg\",\"datePublished\":\"2025-09-02T04:12:42+00:00\",\"dateModified\":\"2026-03-28T10:48:54+00:00\",\"author\":{\"@id\":\"https:\\\/\\\/www.alumni.space\\\/pt-pt\\\/#\\\/schema\\\/person\\\/fede362a57876edda476a61f05ce5b15\"},\"description\":\"Descobre como a mem\u00f3ria organizacional preserva o conhecimento e limita as perdas que s\u00e3o essenciais para o desempenho e a longevidade da tua empresa.\",\"breadcrumb\":{\"@id\":\"https:\\\/\\\/www.alumni.space\\\/pt-pt\\\/a-importancia-da-memoria-organizacional-para-limitar-a-perda-de-conhecimentos\\\/#breadcrumb\"},\"inLanguage\":\"pt-PT\",\"potentialAction\":[{\"@type\":\"ReadAction\",\"target\":[\"https:\\\/\\\/www.alumni.space\\\/pt-pt\\\/a-importancia-da-memoria-organizacional-para-limitar-a-perda-de-conhecimentos\\\/\"]}]},{\"@type\":\"ImageObject\",\"inLanguage\":\"pt-PT\",\"@id\":\"https:\\\/\\\/www.alumni.space\\\/pt-pt\\\/a-importancia-da-memoria-organizacional-para-limitar-a-perda-de-conhecimentos\\\/#primaryimage\",\"url\":\"https:\\\/\\\/www.alumni.space\\\/wp-content\\\/uploads\\\/2026\\\/03\\\/Limportance-de-la-memoire-organisationnelle-pour-limiter-les-pertes-de-savoir.jpg\",\"contentUrl\":\"https:\\\/\\\/www.alumni.space\\\/wp-content\\\/uploads\\\/2026\\\/03\\\/Limportance-de-la-memoire-organisationnelle-pour-limiter-les-pertes-de-savoir.jpg\",\"width\":1280,\"height\":768,\"caption\":\"Descobre como a mem\u00f3ria organizacional desempenha um papel crucial na preserva\u00e7\u00e3o do conhecimento na tua empresa e na limita\u00e7\u00e3o da perda de informa\u00e7\u00f5es importantes.\"},{\"@type\":\"BreadcrumbList\",\"@id\":\"https:\\\/\\\/www.alumni.space\\\/pt-pt\\\/a-importancia-da-memoria-organizacional-para-limitar-a-perda-de-conhecimentos\\\/#breadcrumb\",\"itemListElement\":[{\"@type\":\"ListItem\",\"position\":1,\"name\":\"Home\",\"item\":\"https:\\\/\\\/www.alumni.space\\\/pt-pt\\\/plataforma-de-gestao-de-mentores-e-antigos-alunos\\\/\"},{\"@type\":\"ListItem\",\"position\":2,\"name\":\"A import\u00e2ncia da mem\u00f3ria organizacional para limitar a perda de conhecimentos\"}]},{\"@type\":\"WebSite\",\"@id\":\"https:\\\/\\\/www.alumni.space\\\/pt-pt\\\/#website\",\"url\":\"https:\\\/\\\/www.alumni.space\\\/pt-pt\\\/\",\"name\":\"Alumni.space\",\"description\":\"My WordPress Blog\",\"potentialAction\":[{\"@type\":\"SearchAction\",\"target\":{\"@type\":\"EntryPoint\",\"urlTemplate\":\"https:\\\/\\\/www.alumni.space\\\/pt-pt\\\/?s={search_term_string}\"},\"query-input\":{\"@type\":\"PropertyValueSpecification\",\"valueRequired\":true,\"valueName\":\"search_term_string\"}}],\"inLanguage\":\"pt-PT\"},{\"@type\":\"Person\",\"@id\":\"https:\\\/\\\/www.alumni.space\\\/pt-pt\\\/#\\\/schema\\\/person\\\/fede362a57876edda476a61f05ce5b15\",\"name\":\"admin\",\"image\":{\"@type\":\"ImageObject\",\"inLanguage\":\"pt-PT\",\"@id\":\"https:\\\/\\\/secure.gravatar.com\\\/avatar\\\/318e234ae94f90d4d629428d6b983c08e31181c28f579e08a021180d759ea651?s=96&d=mm&r=g\",\"url\":\"https:\\\/\\\/secure.gravatar.com\\\/avatar\\\/318e234ae94f90d4d629428d6b983c08e31181c28f579e08a021180d759ea651?s=96&d=mm&r=g\",\"contentUrl\":\"https:\\\/\\\/secure.gravatar.com\\\/avatar\\\/318e234ae94f90d4d629428d6b983c08e31181c28f579e08a021180d759ea651?s=96&d=mm&r=g\",\"caption\":\"admin\"},\"description\":\"Nicolas Laustriat a construit sa sp\u00e9cialit\u00e9 sur un sujet que beaucoup d\u2019organisations d\u00e9couvrent trop tard : ce qui dispara\u00eet quand les gens partent. Dipl\u00f4m\u00e9 en conception de produit industriel, il bifurque vers le digital fin 1996, il couvre les transformations marques, RH, la fid\u00e9lisation, la marque employeur. Sur le terrain, il rep\u00e8re un angle mort r\u00e9current : l\u2019entreprise investit dans le recrutement, la formation, les process\u2026 puis laisse filer le lien au moment du d\u00e9part, avec une perte de savoir et d\u2019influence qui se paie en silence. Il se sp\u00e9cialise alors sur les communaut\u00e9s d\u2019alumni, le mentorat, l\u2019entraide interg\u00e9n\u00e9rationnelle et la transmission d\u2019expertise. Il passe du \u201cconstat\u201d aux m\u00e9thodes : animation, gouvernance, segmentation, rituels, mesure d\u2019engagement, articulation avec la RSE et l\u2019employabilit\u00e9. Il interviewe DRH, responsables formation, directions d\u2019\u00e9coles, associations et fondations, avec une obsession : transformer un r\u00e9seau dormant en m\u00e9canisme utile (cooptation, mentorat, job board, entraide, \u00e9v\u00e9nements, contenus). Son style : direct, orient\u00e9 action, sans folklore. Sa conviction : une communaut\u00e9 n\u2019a pas besoin de bruit, elle a besoin de raisons de revenir.\",\"sameAs\":[\"https:\\\/\\\/www.alumni.space\"]}]}<\/script>\n<!-- \/ Yoast SEO plugin. -->","yoast_head_json":{"title":"Mem\u00f3ria organizacional: a chave para a preserva\u00e7\u00e3o do conhecimento","description":"Descobre como a mem\u00f3ria organizacional preserva o conhecimento e limita as perdas que s\u00e3o essenciais para o desempenho e a longevidade da tua empresa.","robots":{"index":"index","follow":"follow","max-snippet":"max-snippet:-1","max-image-preview":"max-image-preview:large","max-video-preview":"max-video-preview:-1"},"canonical":"https:\/\/www.alumni.space\/pt-pt\/a-importancia-da-memoria-organizacional-para-limitar-a-perda-de-conhecimentos\/","og_locale":"pt_PT","og_type":"article","og_title":"Mem\u00f3ria organizacional: a chave para a preserva\u00e7\u00e3o do conhecimento","og_description":"Descobre como a mem\u00f3ria organizacional preserva o conhecimento e limita as perdas que s\u00e3o essenciais para o desempenho e a longevidade da tua empresa.","og_url":"https:\/\/www.alumni.space\/pt-pt\/a-importancia-da-memoria-organizacional-para-limitar-a-perda-de-conhecimentos\/","og_site_name":"Alumni.space","article_published_time":"2025-09-02T04:12:42+00:00","article_modified_time":"2026-03-28T10:48:54+00:00","og_image":[{"width":1280,"height":768,"url":"https:\/\/www.alumni.space\/wp-content\/uploads\/2026\/03\/Limportance-de-la-memoire-organisationnelle-pour-limiter-les-pertes-de-savoir.jpg","type":"image\/jpeg"}],"author":"admin","twitter_card":"summary_large_image","twitter_misc":{"Escrito por":"admin","Tempo estimado de leitura":"4 minutos"},"schema":{"@context":"https:\/\/schema.org","@graph":[{"@type":"Article","@id":"https:\/\/www.alumni.space\/pt-pt\/a-importancia-da-memoria-organizacional-para-limitar-a-perda-de-conhecimentos\/#article","isPartOf":{"@id":"https:\/\/www.alumni.space\/pt-pt\/a-importancia-da-memoria-organizacional-para-limitar-a-perda-de-conhecimentos\/"},"author":{"name":"admin","@id":"https:\/\/www.alumni.space\/pt-pt\/#\/schema\/person\/fede362a57876edda476a61f05ce5b15"},"headline":"A import\u00e2ncia da mem\u00f3ria organizacional para limitar a perda de conhecimentos","datePublished":"2025-09-02T04:12:42+00:00","dateModified":"2026-03-28T10:48:54+00:00","mainEntityOfPage":{"@id":"https:\/\/www.alumni.space\/pt-pt\/a-importancia-da-memoria-organizacional-para-limitar-a-perda-de-conhecimentos\/"},"wordCount":777,"image":{"@id":"https:\/\/www.alumni.space\/pt-pt\/a-importancia-da-memoria-organizacional-para-limitar-a-perda-de-conhecimentos\/#primaryimage"},"thumbnailUrl":"https:\/\/www.alumni.space\/wp-content\/uploads\/2026\/03\/Limportance-de-la-memoire-organisationnelle-pour-limiter-les-pertes-de-savoir.jpg","articleSection":["Partilha de conhecimentos"],"inLanguage":"pt-PT"},{"@type":"WebPage","@id":"https:\/\/www.alumni.space\/pt-pt\/a-importancia-da-memoria-organizacional-para-limitar-a-perda-de-conhecimentos\/","url":"https:\/\/www.alumni.space\/pt-pt\/a-importancia-da-memoria-organizacional-para-limitar-a-perda-de-conhecimentos\/","name":"Mem\u00f3ria organizacional: a chave para a preserva\u00e7\u00e3o do conhecimento","isPartOf":{"@id":"https:\/\/www.alumni.space\/pt-pt\/#website"},"primaryImageOfPage":{"@id":"https:\/\/www.alumni.space\/pt-pt\/a-importancia-da-memoria-organizacional-para-limitar-a-perda-de-conhecimentos\/#primaryimage"},"image":{"@id":"https:\/\/www.alumni.space\/pt-pt\/a-importancia-da-memoria-organizacional-para-limitar-a-perda-de-conhecimentos\/#primaryimage"},"thumbnailUrl":"https:\/\/www.alumni.space\/wp-content\/uploads\/2026\/03\/Limportance-de-la-memoire-organisationnelle-pour-limiter-les-pertes-de-savoir.jpg","datePublished":"2025-09-02T04:12:42+00:00","dateModified":"2026-03-28T10:48:54+00:00","author":{"@id":"https:\/\/www.alumni.space\/pt-pt\/#\/schema\/person\/fede362a57876edda476a61f05ce5b15"},"description":"Descobre como a mem\u00f3ria organizacional preserva o conhecimento e limita as perdas que s\u00e3o essenciais para o desempenho e a longevidade da tua empresa.","breadcrumb":{"@id":"https:\/\/www.alumni.space\/pt-pt\/a-importancia-da-memoria-organizacional-para-limitar-a-perda-de-conhecimentos\/#breadcrumb"},"inLanguage":"pt-PT","potentialAction":[{"@type":"ReadAction","target":["https:\/\/www.alumni.space\/pt-pt\/a-importancia-da-memoria-organizacional-para-limitar-a-perda-de-conhecimentos\/"]}]},{"@type":"ImageObject","inLanguage":"pt-PT","@id":"https:\/\/www.alumni.space\/pt-pt\/a-importancia-da-memoria-organizacional-para-limitar-a-perda-de-conhecimentos\/#primaryimage","url":"https:\/\/www.alumni.space\/wp-content\/uploads\/2026\/03\/Limportance-de-la-memoire-organisationnelle-pour-limiter-les-pertes-de-savoir.jpg","contentUrl":"https:\/\/www.alumni.space\/wp-content\/uploads\/2026\/03\/Limportance-de-la-memoire-organisationnelle-pour-limiter-les-pertes-de-savoir.jpg","width":1280,"height":768,"caption":"Descobre como a mem\u00f3ria organizacional desempenha um papel crucial na preserva\u00e7\u00e3o do conhecimento na tua empresa e na limita\u00e7\u00e3o da perda de informa\u00e7\u00f5es importantes."},{"@type":"BreadcrumbList","@id":"https:\/\/www.alumni.space\/pt-pt\/a-importancia-da-memoria-organizacional-para-limitar-a-perda-de-conhecimentos\/#breadcrumb","itemListElement":[{"@type":"ListItem","position":1,"name":"Home","item":"https:\/\/www.alumni.space\/pt-pt\/plataforma-de-gestao-de-mentores-e-antigos-alunos\/"},{"@type":"ListItem","position":2,"name":"A import\u00e2ncia da mem\u00f3ria organizacional para limitar a perda de conhecimentos"}]},{"@type":"WebSite","@id":"https:\/\/www.alumni.space\/pt-pt\/#website","url":"https:\/\/www.alumni.space\/pt-pt\/","name":"Alumni.space","description":"My WordPress Blog","potentialAction":[{"@type":"SearchAction","target":{"@type":"EntryPoint","urlTemplate":"https:\/\/www.alumni.space\/pt-pt\/?s={search_term_string}"},"query-input":{"@type":"PropertyValueSpecification","valueRequired":true,"valueName":"search_term_string"}}],"inLanguage":"pt-PT"},{"@type":"Person","@id":"https:\/\/www.alumni.space\/pt-pt\/#\/schema\/person\/fede362a57876edda476a61f05ce5b15","name":"admin","image":{"@type":"ImageObject","inLanguage":"pt-PT","@id":"https:\/\/secure.gravatar.com\/avatar\/318e234ae94f90d4d629428d6b983c08e31181c28f579e08a021180d759ea651?s=96&d=mm&r=g","url":"https:\/\/secure.gravatar.com\/avatar\/318e234ae94f90d4d629428d6b983c08e31181c28f579e08a021180d759ea651?s=96&d=mm&r=g","contentUrl":"https:\/\/secure.gravatar.com\/avatar\/318e234ae94f90d4d629428d6b983c08e31181c28f579e08a021180d759ea651?s=96&d=mm&r=g","caption":"admin"},"description":"Nicolas Laustriat a construit sa sp\u00e9cialit\u00e9 sur un sujet que beaucoup d\u2019organisations d\u00e9couvrent trop tard : ce qui dispara\u00eet quand les gens partent. Dipl\u00f4m\u00e9 en conception de produit industriel, il bifurque vers le digital fin 1996, il couvre les transformations marques, RH, la fid\u00e9lisation, la marque employeur. Sur le terrain, il rep\u00e8re un angle mort r\u00e9current : l\u2019entreprise investit dans le recrutement, la formation, les process\u2026 puis laisse filer le lien au moment du d\u00e9part, avec une perte de savoir et d\u2019influence qui se paie en silence. Il se sp\u00e9cialise alors sur les communaut\u00e9s d\u2019alumni, le mentorat, l\u2019entraide interg\u00e9n\u00e9rationnelle et la transmission d\u2019expertise. Il passe du \u201cconstat\u201d aux m\u00e9thodes : animation, gouvernance, segmentation, rituels, mesure d\u2019engagement, articulation avec la RSE et l\u2019employabilit\u00e9. Il interviewe DRH, responsables formation, directions d\u2019\u00e9coles, associations et fondations, avec une obsession : transformer un r\u00e9seau dormant en m\u00e9canisme utile (cooptation, mentorat, job board, entraide, \u00e9v\u00e9nements, contenus). Son style : direct, orient\u00e9 action, sans folklore. Sa conviction : une communaut\u00e9 n\u2019a pas besoin de bruit, elle a besoin de raisons de revenir.","sameAs":["https:\/\/www.alumni.space"]}]}},"_links":{"self":[{"href":"https:\/\/www.alumni.space\/pt-pt\/wp-json\/wp\/v2\/posts\/4878","targetHints":{"allow":["GET"]}}],"collection":[{"href":"https:\/\/www.alumni.space\/pt-pt\/wp-json\/wp\/v2\/posts"}],"about":[{"href":"https:\/\/www.alumni.space\/pt-pt\/wp-json\/wp\/v2\/types\/post"}],"author":[{"embeddable":true,"href":"https:\/\/www.alumni.space\/pt-pt\/wp-json\/wp\/v2\/users\/1"}],"replies":[{"embeddable":true,"href":"https:\/\/www.alumni.space\/pt-pt\/wp-json\/wp\/v2\/comments?post=4878"}],"version-history":[{"count":2,"href":"https:\/\/www.alumni.space\/pt-pt\/wp-json\/wp\/v2\/posts\/4878\/revisions"}],"predecessor-version":[{"id":6573,"href":"https:\/\/www.alumni.space\/pt-pt\/wp-json\/wp\/v2\/posts\/4878\/revisions\/6573"}],"wp:featuredmedia":[{"embeddable":true,"href":"https:\/\/www.alumni.space\/pt-pt\/wp-json\/wp\/v2\/media\/4879"}],"wp:attachment":[{"href":"https:\/\/www.alumni.space\/pt-pt\/wp-json\/wp\/v2\/media?parent=4878"}],"wp:term":[{"taxonomy":"category","embeddable":true,"href":"https:\/\/www.alumni.space\/pt-pt\/wp-json\/wp\/v2\/categories?post=4878"},{"taxonomy":"post_tag","embeddable":true,"href":"https:\/\/www.alumni.space\/pt-pt\/wp-json\/wp\/v2\/tags?post=4878"}],"curies":[{"name":"wp","href":"https:\/\/api.w.org\/{rel}","templated":true}]}}