{"id":4803,"date":"2024-09-08T19:33:13","date_gmt":"2024-09-08T19:33:13","guid":{"rendered":"https:\/\/www.alumni.space\/como-e-que-os-hospitais-podem-lidar-com-a-saida-de-medicos-especialistas\/"},"modified":"2026-04-02T09:18:47","modified_gmt":"2026-04-02T09:18:47","slug":"como-e-que-os-hospitais-podem-lidar-com-a-saida-de-medicos-especialistas","status":"publish","type":"post","link":"https:\/\/www.alumni.space\/pt-pt\/como-e-que-os-hospitais-podem-lidar-com-a-saida-de-medicos-especialistas\/","title":{"rendered":"Como \u00e9 que os hospitais podem lidar com a sa\u00edda de m\u00e9dicos especialistas?"},"content":{"rendered":"<div id=\"ez-toc-container\" class=\"ez-toc-v2_0_82_2 counter-flat ez-toc-counter ez-toc-grey ez-toc-container-direction\">\n<div class=\"ez-toc-title-container\"><p class=\"ez-toc-title\" style=\"cursor:inherit\">\u00cdndice deste artigo:<\/p>\n<\/div><nav><ul class='ez-toc-list ez-toc-list-level-1 ' ><li class='ez-toc-page-1'><a class=\"ez-toc-link ez-toc-heading-1\" href=\"https:\/\/www.alumni.space\/pt-pt\/como-e-que-os-hospitais-podem-lidar-com-a-saida-de-medicos-especialistas\/#Antecipar_a_falta_de_medicos_especialistas_nos_hospitais\" >Antecipar a falta de m\u00e9dicos especialistas nos hospitais<\/a><\/li><li class='ez-toc-page-1'><a class=\"ez-toc-link ez-toc-heading-2\" href=\"https:\/\/www.alumni.space\/pt-pt\/como-e-que-os-hospitais-podem-lidar-com-a-saida-de-medicos-especialistas\/#Transferencia_de_competencias_e_formacao_continua_para_limitar_o_impacto_da_partida\" >Transfer\u00eancia de compet\u00eancias e forma\u00e7\u00e3o cont\u00ednua para limitar o impacto da partida<\/a><\/li><li class='ez-toc-page-1'><a class=\"ez-toc-link ez-toc-heading-3\" href=\"https:\/\/www.alumni.space\/pt-pt\/como-e-que-os-hospitais-podem-lidar-com-a-saida-de-medicos-especialistas\/#Compromisso_sustentavel_e_renovacao_da_forca_de_trabalho_medica_nos_hospitais\" >Compromisso sustent\u00e1vel e renova\u00e7\u00e3o da for\u00e7a de trabalho m\u00e9dica nos hospitais<\/a><\/li><li class='ez-toc-page-1'><a class=\"ez-toc-link ez-toc-heading-4\" href=\"https:\/\/www.alumni.space\/pt-pt\/como-e-que-os-hospitais-podem-lidar-com-a-saida-de-medicos-especialistas\/#Capitalizar_a_experiencia_e_desenvolver_o_papel_de_perito_medico\" >Capitalizar a experi\u00eancia e desenvolver o papel de perito m\u00e9dico<\/a><\/li><\/ul><\/nav><\/div>\n<h2 class=\"wp-block-heading\"><span class=\"ez-toc-section\" id=\"Antecipar_a_falta_de_medicos_especialistas_nos_hospitais\"><\/span>Antecipar a falta de m\u00e9dicos especialistas nos hospitais<span class=\"ez-toc-section-end\"><\/span><\/h2><p>A <strong>sa\u00edda de m\u00e9dicos especialistas<\/strong> dos hospitais n\u00e3o \u00e9 um fen\u00f3meno novo, mas est\u00e1 a intensificar-se, pesando fortemente na gest\u00e3o dos recursos humanos e na continuidade dos cuidados. A falta de pessoal qualificado representa um desafio importante para o sistema hospitalar, com impactos diretos na <strong>qualidade dos cuidados<\/strong> e na <strong>seguran\u00e7a dos doentes<\/strong>. Face a esta situa\u00e7\u00e3o, o planeamento estrat\u00e9gico \u00e9 essencial para limitar os riscos e antecipar as necessidades.  <\/p><p>Muitos estabelecimentos t\u00eam dificuldade em recrutar especialistas experientes devido ao aumento da concorr\u00eancia, a condi\u00e7\u00f5es de trabalho por vezes dif\u00edceis e a uma maior mobilidade profissional. Uma pol\u00edtica <strong>de recrutamento<\/strong> pr\u00f3-ativa, combinada com incentivos \u00e0 <strong>reten\u00e7\u00e3o de talentos<\/strong>, \u00e9, portanto, essencial. Esta abordagem deve incluir, por exemplo, a simplifica\u00e7\u00e3o dos procedimentos de admiss\u00e3o e a tomada em considera\u00e7\u00e3o ativa da qualidade de vida no trabalho.  <\/p><figure class=\"wp-block-image size-full\"><img decoding=\"async\" width=\"1280\" height=\"768\" src=\"https:\/\/www.alumni.space\/wp-content\/uploads\/2026\/03\/Comment-les-hopitaux-peuvent-ils-faire-face-au-depart-des-experts-medicaux-1-1.jpg\" data-orig-src=\"https:\/\/www.alumni.space\/wp-content\/uploads\/2026\/03\/Comment-les-hopitaux-peuvent-ils-faire-face-au-depart-des-experts-medicaux-1-1.jpg\" alt=\"Descobre as estrat\u00e9gias que os hospitais podem adotar para gerir a sa\u00edda de m\u00e9dicos especialistas e garantir a continuidade de cuidados de qualidade.\" class=\"lazyload wp-image-3435\" srcset=\"data:image\/svg+xml,%3Csvg%20xmlns%3D%27http%3A%2F%2Fwww.w3.org%2F2000%2Fsvg%27%20width%3D%271280%27%20height%3D%27768%27%20viewBox%3D%270%200%201280%20768%27%3E%3Crect%20width%3D%271280%27%20height%3D%27768%27%20fill-opacity%3D%220%22%2F%3E%3C%2Fsvg%3E\" data-srcset=\"https:\/\/www.alumni.space\/wp-content\/uploads\/2026\/03\/Comment-les-hopitaux-peuvent-ils-faire-face-au-depart-des-experts-medicaux-1-1-200x120.jpg 200w, https:\/\/www.alumni.space\/wp-content\/uploads\/2026\/03\/Comment-les-hopitaux-peuvent-ils-faire-face-au-depart-des-experts-medicaux-1-1-300x180.jpg 300w, https:\/\/www.alumni.space\/wp-content\/uploads\/2026\/03\/Comment-les-hopitaux-peuvent-ils-faire-face-au-depart-des-experts-medicaux-1-1-400x240.jpg 400w, https:\/\/www.alumni.space\/wp-content\/uploads\/2026\/03\/Comment-les-hopitaux-peuvent-ils-faire-face-au-depart-des-experts-medicaux-1-1-600x360.jpg 600w, https:\/\/www.alumni.space\/wp-content\/uploads\/2026\/03\/Comment-les-hopitaux-peuvent-ils-faire-face-au-depart-des-experts-medicaux-1-1-768x461.jpg 768w, https:\/\/www.alumni.space\/wp-content\/uploads\/2026\/03\/Comment-les-hopitaux-peuvent-ils-faire-face-au-depart-des-experts-medicaux-1-1-800x480.jpg 800w, https:\/\/www.alumni.space\/wp-content\/uploads\/2026\/03\/Comment-les-hopitaux-peuvent-ils-faire-face-au-depart-des-experts-medicaux-1-1-1024x614.jpg 1024w, https:\/\/www.alumni.space\/wp-content\/uploads\/2026\/03\/Comment-les-hopitaux-peuvent-ils-faire-face-au-depart-des-experts-medicaux-1-1-1200x720.jpg 1200w, https:\/\/www.alumni.space\/wp-content\/uploads\/2026\/03\/Comment-les-hopitaux-peuvent-ils-faire-face-au-depart-des-experts-medicaux-1-1.jpg 1280w\" data-sizes=\"auto\" data-orig-sizes=\"(max-width: 1280px) 100vw, 1280px\" \/><\/figure><h3 class=\"wp-block-heading\"><span class=\"ez-toc-section\" id=\"Transferencia_de_competencias_e_formacao_continua_para_limitar_o_impacto_da_partida\"><\/span>Transfer\u00eancia de compet\u00eancias e forma\u00e7\u00e3o cont\u00ednua para limitar o impacto da partida<span class=\"ez-toc-section-end\"><\/span><\/h3><p>A partida de m\u00e9dicos especialistas real\u00e7a a import\u00e2ncia crucial da <strong>transfer\u00eancia de compet\u00eancias<\/strong> no seio das equipas. O saber-fazer acumulado pelos profissionais experientes \u00e9 um bem precioso que n\u00e3o deve ser perdido. A introdu\u00e7\u00e3o de programas <strong>de forma\u00e7\u00e3o cont\u00ednua<\/strong> acompanhados de esquemas de tutoria \u00e9 uma forma eficaz de garantir a transmiss\u00e3o de conhecimentos e de capacitar os profissionais mais jovens.  <\/p><p>A cria\u00e7\u00e3o de uma rede din\u00e2mica de antigos e actuais funcion\u00e1rios, oferecida por solu\u00e7\u00f5es como o <a href=\"https:\/\/www.alumni.space\/pt-pt\/como-e-que-as-clinicas-se-estao-a-preparar-para-a-perda-de-experiencia-dos-seus-profissionais\/\">alumni.space<\/a>, facilita esta transmiss\u00e3o. Ao ligar os talentos actuais aos especialistas que j\u00e1 partiram, torna-se poss\u00edvel estabelecer ciclos de aprendizagem regulares, organizar eventos colaborativos e partilhar conte\u00fados educativos estrat\u00e9gicos. Este tipo de plataforma oferece uma vantagem diferenciadora em termos de otimiza\u00e7\u00e3o do tempo e de valoriza\u00e7\u00e3o do capital humano.  <\/p><h2 class=\"wp-block-heading\"><span class=\"ez-toc-section\" id=\"Compromisso_sustentavel_e_renovacao_da_forca_de_trabalho_medica_nos_hospitais\"><\/span>Compromisso sustent\u00e1vel e renova\u00e7\u00e3o da for\u00e7a de trabalho m\u00e9dica nos hospitais<span class=\"ez-toc-section-end\"><\/span><\/h2><p>A reten\u00e7\u00e3o de talentos tamb\u00e9m exige uma abordagem integrada dos percursos profissionais. A estrutura\u00e7\u00e3o de percursos de carreira fluidos, incluindo oportunidades de orienta\u00e7\u00e3o e coopta\u00e7\u00e3o, promove um empenhamento s\u00f3lido. Os hospitais devem tamb\u00e9m considerar a integra\u00e7\u00e3o mais sistem\u00e1tica de ferramentas digitais, como a <strong>tele-especializa\u00e7\u00e3o<\/strong>, para colmatar a falta de peritos em determinadas \u00e1reas ou especialidades espec\u00edficas.  <\/p><p>A telerexpertise, que se rege por regras precisas, permite a um profissional de sa\u00fade pedir o parecer de um especialista \u00e0 dist\u00e2ncia, optimizando assim o tratamento e limitando os atrasos e os custos. Esta pr\u00e1tica, recomendada por organismos como o <a href=\"https:\/\/sante.gouv.fr\/soins-et-maladies\/prises-en-charge-specialisees\/telesante-pour-l-acces-de-tous-a-des-soins-a-distance\/article\/la-teleexpertise\">Minist\u00e9rio da Sa\u00fade<\/a>, abre caminho a uma organiza\u00e7\u00e3o mais flex\u00edvel, em que as compet\u00eancias m\u00e9dicas podem ser adaptadas aos condicionalismos locais. <\/p><p>A mobiliza\u00e7\u00e3o de uma rede de especialistas e a estrutura\u00e7\u00e3o de uma <strong>comunidade m\u00e9dica<\/strong> empenhada em valores partilhados promovem a continuidade do conhecimento e a cria\u00e7\u00e3o de um clima profissional prop\u00edcio \u00e0 transmiss\u00e3o de conhecimentos e ao apoio m\u00fatuo. A defini\u00e7\u00e3o de KPIs claros para as iniciativas de tutoria, a participa\u00e7\u00e3o em eventos e a utiliza\u00e7\u00e3o do quadro de empregos interno permitem uma gest\u00e3o eficaz destas iniciativas. <\/p><h3 class=\"wp-block-heading\"><span class=\"ez-toc-section\" id=\"Capitalizar_a_experiencia_e_desenvolver_o_papel_de_perito_medico\"><\/span>Capitalizar a experi\u00eancia e desenvolver o papel de perito m\u00e9dico<span class=\"ez-toc-section-end\"><\/span><\/h3><p>O reconhecimento e a valoriza\u00e7\u00e3o do papel dos peritos m\u00e9dicos s\u00e3o factores poderosos para reduzir as sa\u00eddas prematuras. Para o efeito, deve ser considerada uma remunera\u00e7\u00e3o proporcional \u00e0 complexidade e \u00e0 import\u00e2ncia deste papel. Al\u00e9m disso, a sua participa\u00e7\u00e3o ativa em comit\u00e9s de peritos e em cursos de forma\u00e7\u00e3o conducentes \u00e0 certifica\u00e7\u00e3o, oferecidos por institui\u00e7\u00f5es especializadas, refor\u00e7a a sua posi\u00e7\u00e3o e o seu empenho.  <\/p><p>Ao apoiarem-se num quadro rigoroso e transparente que tenha em conta as exig\u00eancias \u00e9ticas e deontol\u00f3gicas, os hospitais podem garantir a fiabilidade e a qualidade das compet\u00eancias m\u00e9dicas de que necessitam. Este equil\u00edbrio entre o rigor profissional e o apoio humano \u00e9 fundamental para assegurar a continuidade dos servi\u00e7os m\u00e9dicos numa altura em que a sa\u00edda de especialistas \u00e9 maci\u00e7a. <\/p><p>A plataforma alumni.space, integrada numa estrat\u00e9gia mais vasta de gest\u00e3o de talentos, oferece a oportunidade de industrializar estas pr\u00e1ticas. Substituindo ferramentas d\u00edspares, optimiza o tempo de gest\u00e3o e evita a perda de conhecimentos que prejudica a efic\u00e1cia do hospital. <\/p>","protected":false},"excerpt":{"rendered":"<p>Antecipar a falta de m\u00e9dicos especialistas nos hospitaisA sa\u00edda de  [&#8230;]<\/p>\n","protected":false},"author":1,"featured_media":4804,"comment_status":"closed","ping_status":"closed","sticky":false,"template":"","format":"standard","meta":{"_ayudawp_aiss_exclude":false,"footnotes":""},"categories":[70],"tags":[],"class_list":["post-4803","post","type-post","status-publish","format-standard","has-post-thumbnail","hentry","category-recursos-humanos"],"yoast_head":"<!-- This site is optimized with the Yoast SEO plugin v27.4 - https:\/\/yoast.com\/product\/yoast-seo-wordpress\/ -->\n<title>Reten\u00e7\u00e3o de talentos m\u00e9dicos: desafios e solu\u00e7\u00f5es para os hospitais<\/title>\n<meta name=\"description\" content=\"Descobre estrat\u00e9gias eficazes para ajudar os hospitais a gerir a sa\u00edda de m\u00e9dicos especialistas e a garantir a continuidade dos cuidados.\" \/>\n<meta name=\"robots\" content=\"index, follow, max-snippet:-1, max-image-preview:large, max-video-preview:-1\" \/>\n<link rel=\"canonical\" href=\"https:\/\/www.alumni.space\/pt-pt\/como-e-que-os-hospitais-podem-lidar-com-a-saida-de-medicos-especialistas\/\" \/>\n<meta property=\"og:locale\" content=\"pt_PT\" \/>\n<meta property=\"og:type\" content=\"article\" \/>\n<meta property=\"og:title\" content=\"Reten\u00e7\u00e3o de talentos m\u00e9dicos: desafios e solu\u00e7\u00f5es para os hospitais\" \/>\n<meta property=\"og:description\" content=\"Descobre estrat\u00e9gias eficazes para ajudar os hospitais a gerir a sa\u00edda de m\u00e9dicos especialistas e a garantir a continuidade dos cuidados.\" \/>\n<meta property=\"og:url\" content=\"https:\/\/www.alumni.space\/pt-pt\/como-e-que-os-hospitais-podem-lidar-com-a-saida-de-medicos-especialistas\/\" \/>\n<meta property=\"og:site_name\" content=\"Alumni.space\" \/>\n<meta property=\"article:published_time\" content=\"2024-09-08T19:33:13+00:00\" \/>\n<meta property=\"article:modified_time\" content=\"2026-04-02T09:18:47+00:00\" \/>\n<meta property=\"og:image\" content=\"https:\/\/www.alumni.space\/wp-content\/uploads\/2026\/03\/Comment-les-hopitaux-peuvent-ils-faire-face-au-depart-des-experts-medicaux-.jpg\" \/>\n\t<meta property=\"og:image:width\" content=\"1280\" \/>\n\t<meta property=\"og:image:height\" content=\"768\" \/>\n\t<meta property=\"og:image:type\" content=\"image\/jpeg\" \/>\n<meta name=\"author\" content=\"admin\" \/>\n<meta name=\"twitter:card\" content=\"summary_large_image\" \/>\n<meta name=\"twitter:label1\" content=\"Escrito por\" \/>\n\t<meta name=\"twitter:data1\" content=\"admin\" \/>\n\t<meta name=\"twitter:label2\" content=\"Tempo estimado de leitura\" \/>\n\t<meta name=\"twitter:data2\" content=\"4 minutos\" \/>\n<script type=\"application\/ld+json\" class=\"yoast-schema-graph\">{\"@context\":\"https:\\\/\\\/schema.org\",\"@graph\":[{\"@type\":\"Article\",\"@id\":\"https:\\\/\\\/www.alumni.space\\\/pt-pt\\\/como-e-que-os-hospitais-podem-lidar-com-a-saida-de-medicos-especialistas\\\/#article\",\"isPartOf\":{\"@id\":\"https:\\\/\\\/www.alumni.space\\\/pt-pt\\\/como-e-que-os-hospitais-podem-lidar-com-a-saida-de-medicos-especialistas\\\/\"},\"author\":{\"name\":\"admin\",\"@id\":\"https:\\\/\\\/www.alumni.space\\\/pt-pt\\\/#\\\/schema\\\/person\\\/fede362a57876edda476a61f05ce5b15\"},\"headline\":\"Como \u00e9 que os hospitais podem lidar com a sa\u00edda de m\u00e9dicos especialistas?\",\"datePublished\":\"2024-09-08T19:33:13+00:00\",\"dateModified\":\"2026-04-02T09:18:47+00:00\",\"mainEntityOfPage\":{\"@id\":\"https:\\\/\\\/www.alumni.space\\\/pt-pt\\\/como-e-que-os-hospitais-podem-lidar-com-a-saida-de-medicos-especialistas\\\/\"},\"wordCount\":761,\"image\":{\"@id\":\"https:\\\/\\\/www.alumni.space\\\/pt-pt\\\/como-e-que-os-hospitais-podem-lidar-com-a-saida-de-medicos-especialistas\\\/#primaryimage\"},\"thumbnailUrl\":\"https:\\\/\\\/www.alumni.space\\\/wp-content\\\/uploads\\\/2026\\\/03\\\/Comment-les-hopitaux-peuvent-ils-faire-face-au-depart-des-experts-medicaux-.jpg\",\"articleSection\":[\"Recursos Humanos\"],\"inLanguage\":\"pt-PT\"},{\"@type\":\"WebPage\",\"@id\":\"https:\\\/\\\/www.alumni.space\\\/pt-pt\\\/como-e-que-os-hospitais-podem-lidar-com-a-saida-de-medicos-especialistas\\\/\",\"url\":\"https:\\\/\\\/www.alumni.space\\\/pt-pt\\\/como-e-que-os-hospitais-podem-lidar-com-a-saida-de-medicos-especialistas\\\/\",\"name\":\"Reten\u00e7\u00e3o de talentos m\u00e9dicos: desafios e solu\u00e7\u00f5es para os hospitais\",\"isPartOf\":{\"@id\":\"https:\\\/\\\/www.alumni.space\\\/pt-pt\\\/#website\"},\"primaryImageOfPage\":{\"@id\":\"https:\\\/\\\/www.alumni.space\\\/pt-pt\\\/como-e-que-os-hospitais-podem-lidar-com-a-saida-de-medicos-especialistas\\\/#primaryimage\"},\"image\":{\"@id\":\"https:\\\/\\\/www.alumni.space\\\/pt-pt\\\/como-e-que-os-hospitais-podem-lidar-com-a-saida-de-medicos-especialistas\\\/#primaryimage\"},\"thumbnailUrl\":\"https:\\\/\\\/www.alumni.space\\\/wp-content\\\/uploads\\\/2026\\\/03\\\/Comment-les-hopitaux-peuvent-ils-faire-face-au-depart-des-experts-medicaux-.jpg\",\"datePublished\":\"2024-09-08T19:33:13+00:00\",\"dateModified\":\"2026-04-02T09:18:47+00:00\",\"author\":{\"@id\":\"https:\\\/\\\/www.alumni.space\\\/pt-pt\\\/#\\\/schema\\\/person\\\/fede362a57876edda476a61f05ce5b15\"},\"description\":\"Descobre estrat\u00e9gias eficazes para ajudar os hospitais a gerir a sa\u00edda de m\u00e9dicos especialistas e a garantir a continuidade dos cuidados.\",\"breadcrumb\":{\"@id\":\"https:\\\/\\\/www.alumni.space\\\/pt-pt\\\/como-e-que-os-hospitais-podem-lidar-com-a-saida-de-medicos-especialistas\\\/#breadcrumb\"},\"inLanguage\":\"pt-PT\",\"potentialAction\":[{\"@type\":\"ReadAction\",\"target\":[\"https:\\\/\\\/www.alumni.space\\\/pt-pt\\\/como-e-que-os-hospitais-podem-lidar-com-a-saida-de-medicos-especialistas\\\/\"]}]},{\"@type\":\"ImageObject\",\"inLanguage\":\"pt-PT\",\"@id\":\"https:\\\/\\\/www.alumni.space\\\/pt-pt\\\/como-e-que-os-hospitais-podem-lidar-com-a-saida-de-medicos-especialistas\\\/#primaryimage\",\"url\":\"https:\\\/\\\/www.alumni.space\\\/wp-content\\\/uploads\\\/2026\\\/03\\\/Comment-les-hopitaux-peuvent-ils-faire-face-au-depart-des-experts-medicaux-.jpg\",\"contentUrl\":\"https:\\\/\\\/www.alumni.space\\\/wp-content\\\/uploads\\\/2026\\\/03\\\/Comment-les-hopitaux-peuvent-ils-faire-face-au-depart-des-experts-medicaux-.jpg\",\"width\":1280,\"height\":768,\"caption\":\"descobre estrat\u00e9gias eficazes para ajudar os hospitais a gerir a escassez de m\u00e9dicos especialistas e a garantir a continuidade de cuidados de qualidade.\"},{\"@type\":\"BreadcrumbList\",\"@id\":\"https:\\\/\\\/www.alumni.space\\\/pt-pt\\\/como-e-que-os-hospitais-podem-lidar-com-a-saida-de-medicos-especialistas\\\/#breadcrumb\",\"itemListElement\":[{\"@type\":\"ListItem\",\"position\":1,\"name\":\"Home\",\"item\":\"https:\\\/\\\/www.alumni.space\\\/pt-pt\\\/plataforma-de-gestao-de-mentores-e-antigos-alunos\\\/\"},{\"@type\":\"ListItem\",\"position\":2,\"name\":\"Como \u00e9 que os hospitais podem lidar com a sa\u00edda de m\u00e9dicos especialistas?\"}]},{\"@type\":\"WebSite\",\"@id\":\"https:\\\/\\\/www.alumni.space\\\/pt-pt\\\/#website\",\"url\":\"https:\\\/\\\/www.alumni.space\\\/pt-pt\\\/\",\"name\":\"Alumni.space\",\"description\":\"My WordPress Blog\",\"potentialAction\":[{\"@type\":\"SearchAction\",\"target\":{\"@type\":\"EntryPoint\",\"urlTemplate\":\"https:\\\/\\\/www.alumni.space\\\/pt-pt\\\/?s={search_term_string}\"},\"query-input\":{\"@type\":\"PropertyValueSpecification\",\"valueRequired\":true,\"valueName\":\"search_term_string\"}}],\"inLanguage\":\"pt-PT\"},{\"@type\":\"Person\",\"@id\":\"https:\\\/\\\/www.alumni.space\\\/pt-pt\\\/#\\\/schema\\\/person\\\/fede362a57876edda476a61f05ce5b15\",\"name\":\"admin\",\"image\":{\"@type\":\"ImageObject\",\"inLanguage\":\"pt-PT\",\"@id\":\"https:\\\/\\\/secure.gravatar.com\\\/avatar\\\/318e234ae94f90d4d629428d6b983c08e31181c28f579e08a021180d759ea651?s=96&d=mm&r=g\",\"url\":\"https:\\\/\\\/secure.gravatar.com\\\/avatar\\\/318e234ae94f90d4d629428d6b983c08e31181c28f579e08a021180d759ea651?s=96&d=mm&r=g\",\"contentUrl\":\"https:\\\/\\\/secure.gravatar.com\\\/avatar\\\/318e234ae94f90d4d629428d6b983c08e31181c28f579e08a021180d759ea651?s=96&d=mm&r=g\",\"caption\":\"admin\"},\"description\":\"Nicolas Laustriat a construit sa sp\u00e9cialit\u00e9 sur un sujet que beaucoup d\u2019organisations d\u00e9couvrent trop tard : ce qui dispara\u00eet quand les gens partent. Dipl\u00f4m\u00e9 en conception de produit industriel, il bifurque vers le digital fin 1996, il couvre les transformations marques, RH, la fid\u00e9lisation, la marque employeur. Sur le terrain, il rep\u00e8re un angle mort r\u00e9current : l\u2019entreprise investit dans le recrutement, la formation, les process\u2026 puis laisse filer le lien au moment du d\u00e9part, avec une perte de savoir et d\u2019influence qui se paie en silence. Il se sp\u00e9cialise alors sur les communaut\u00e9s d\u2019alumni, le mentorat, l\u2019entraide interg\u00e9n\u00e9rationnelle et la transmission d\u2019expertise. Il passe du \u201cconstat\u201d aux m\u00e9thodes : animation, gouvernance, segmentation, rituels, mesure d\u2019engagement, articulation avec la RSE et l\u2019employabilit\u00e9. Il interviewe DRH, responsables formation, directions d\u2019\u00e9coles, associations et fondations, avec une obsession : transformer un r\u00e9seau dormant en m\u00e9canisme utile (cooptation, mentorat, job board, entraide, \u00e9v\u00e9nements, contenus). Son style : direct, orient\u00e9 action, sans folklore. Sa conviction : une communaut\u00e9 n\u2019a pas besoin de bruit, elle a besoin de raisons de revenir.\",\"sameAs\":[\"https:\\\/\\\/www.alumni.space\"]}]}<\/script>\n<!-- \/ Yoast SEO plugin. -->","yoast_head_json":{"title":"Reten\u00e7\u00e3o de talentos m\u00e9dicos: desafios e solu\u00e7\u00f5es para os hospitais","description":"Descobre estrat\u00e9gias eficazes para ajudar os hospitais a gerir a sa\u00edda de m\u00e9dicos especialistas e a garantir a continuidade dos cuidados.","robots":{"index":"index","follow":"follow","max-snippet":"max-snippet:-1","max-image-preview":"max-image-preview:large","max-video-preview":"max-video-preview:-1"},"canonical":"https:\/\/www.alumni.space\/pt-pt\/como-e-que-os-hospitais-podem-lidar-com-a-saida-de-medicos-especialistas\/","og_locale":"pt_PT","og_type":"article","og_title":"Reten\u00e7\u00e3o de talentos m\u00e9dicos: desafios e solu\u00e7\u00f5es para os hospitais","og_description":"Descobre estrat\u00e9gias eficazes para ajudar os hospitais a gerir a sa\u00edda de m\u00e9dicos especialistas e a garantir a continuidade dos cuidados.","og_url":"https:\/\/www.alumni.space\/pt-pt\/como-e-que-os-hospitais-podem-lidar-com-a-saida-de-medicos-especialistas\/","og_site_name":"Alumni.space","article_published_time":"2024-09-08T19:33:13+00:00","article_modified_time":"2026-04-02T09:18:47+00:00","og_image":[{"width":1280,"height":768,"url":"https:\/\/www.alumni.space\/wp-content\/uploads\/2026\/03\/Comment-les-hopitaux-peuvent-ils-faire-face-au-depart-des-experts-medicaux-.jpg","type":"image\/jpeg"}],"author":"admin","twitter_card":"summary_large_image","twitter_misc":{"Escrito por":"admin","Tempo estimado de leitura":"4 minutos"},"schema":{"@context":"https:\/\/schema.org","@graph":[{"@type":"Article","@id":"https:\/\/www.alumni.space\/pt-pt\/como-e-que-os-hospitais-podem-lidar-com-a-saida-de-medicos-especialistas\/#article","isPartOf":{"@id":"https:\/\/www.alumni.space\/pt-pt\/como-e-que-os-hospitais-podem-lidar-com-a-saida-de-medicos-especialistas\/"},"author":{"name":"admin","@id":"https:\/\/www.alumni.space\/pt-pt\/#\/schema\/person\/fede362a57876edda476a61f05ce5b15"},"headline":"Como \u00e9 que os hospitais podem lidar com a sa\u00edda de m\u00e9dicos especialistas?","datePublished":"2024-09-08T19:33:13+00:00","dateModified":"2026-04-02T09:18:47+00:00","mainEntityOfPage":{"@id":"https:\/\/www.alumni.space\/pt-pt\/como-e-que-os-hospitais-podem-lidar-com-a-saida-de-medicos-especialistas\/"},"wordCount":761,"image":{"@id":"https:\/\/www.alumni.space\/pt-pt\/como-e-que-os-hospitais-podem-lidar-com-a-saida-de-medicos-especialistas\/#primaryimage"},"thumbnailUrl":"https:\/\/www.alumni.space\/wp-content\/uploads\/2026\/03\/Comment-les-hopitaux-peuvent-ils-faire-face-au-depart-des-experts-medicaux-.jpg","articleSection":["Recursos Humanos"],"inLanguage":"pt-PT"},{"@type":"WebPage","@id":"https:\/\/www.alumni.space\/pt-pt\/como-e-que-os-hospitais-podem-lidar-com-a-saida-de-medicos-especialistas\/","url":"https:\/\/www.alumni.space\/pt-pt\/como-e-que-os-hospitais-podem-lidar-com-a-saida-de-medicos-especialistas\/","name":"Reten\u00e7\u00e3o de talentos m\u00e9dicos: desafios e solu\u00e7\u00f5es para os hospitais","isPartOf":{"@id":"https:\/\/www.alumni.space\/pt-pt\/#website"},"primaryImageOfPage":{"@id":"https:\/\/www.alumni.space\/pt-pt\/como-e-que-os-hospitais-podem-lidar-com-a-saida-de-medicos-especialistas\/#primaryimage"},"image":{"@id":"https:\/\/www.alumni.space\/pt-pt\/como-e-que-os-hospitais-podem-lidar-com-a-saida-de-medicos-especialistas\/#primaryimage"},"thumbnailUrl":"https:\/\/www.alumni.space\/wp-content\/uploads\/2026\/03\/Comment-les-hopitaux-peuvent-ils-faire-face-au-depart-des-experts-medicaux-.jpg","datePublished":"2024-09-08T19:33:13+00:00","dateModified":"2026-04-02T09:18:47+00:00","author":{"@id":"https:\/\/www.alumni.space\/pt-pt\/#\/schema\/person\/fede362a57876edda476a61f05ce5b15"},"description":"Descobre estrat\u00e9gias eficazes para ajudar os hospitais a gerir a sa\u00edda de m\u00e9dicos especialistas e a garantir a continuidade dos cuidados.","breadcrumb":{"@id":"https:\/\/www.alumni.space\/pt-pt\/como-e-que-os-hospitais-podem-lidar-com-a-saida-de-medicos-especialistas\/#breadcrumb"},"inLanguage":"pt-PT","potentialAction":[{"@type":"ReadAction","target":["https:\/\/www.alumni.space\/pt-pt\/como-e-que-os-hospitais-podem-lidar-com-a-saida-de-medicos-especialistas\/"]}]},{"@type":"ImageObject","inLanguage":"pt-PT","@id":"https:\/\/www.alumni.space\/pt-pt\/como-e-que-os-hospitais-podem-lidar-com-a-saida-de-medicos-especialistas\/#primaryimage","url":"https:\/\/www.alumni.space\/wp-content\/uploads\/2026\/03\/Comment-les-hopitaux-peuvent-ils-faire-face-au-depart-des-experts-medicaux-.jpg","contentUrl":"https:\/\/www.alumni.space\/wp-content\/uploads\/2026\/03\/Comment-les-hopitaux-peuvent-ils-faire-face-au-depart-des-experts-medicaux-.jpg","width":1280,"height":768,"caption":"descobre estrat\u00e9gias eficazes para ajudar os hospitais a gerir a escassez de m\u00e9dicos especialistas e a garantir a continuidade de cuidados de qualidade."},{"@type":"BreadcrumbList","@id":"https:\/\/www.alumni.space\/pt-pt\/como-e-que-os-hospitais-podem-lidar-com-a-saida-de-medicos-especialistas\/#breadcrumb","itemListElement":[{"@type":"ListItem","position":1,"name":"Home","item":"https:\/\/www.alumni.space\/pt-pt\/plataforma-de-gestao-de-mentores-e-antigos-alunos\/"},{"@type":"ListItem","position":2,"name":"Como \u00e9 que os hospitais podem lidar com a sa\u00edda de m\u00e9dicos especialistas?"}]},{"@type":"WebSite","@id":"https:\/\/www.alumni.space\/pt-pt\/#website","url":"https:\/\/www.alumni.space\/pt-pt\/","name":"Alumni.space","description":"My WordPress Blog","potentialAction":[{"@type":"SearchAction","target":{"@type":"EntryPoint","urlTemplate":"https:\/\/www.alumni.space\/pt-pt\/?s={search_term_string}"},"query-input":{"@type":"PropertyValueSpecification","valueRequired":true,"valueName":"search_term_string"}}],"inLanguage":"pt-PT"},{"@type":"Person","@id":"https:\/\/www.alumni.space\/pt-pt\/#\/schema\/person\/fede362a57876edda476a61f05ce5b15","name":"admin","image":{"@type":"ImageObject","inLanguage":"pt-PT","@id":"https:\/\/secure.gravatar.com\/avatar\/318e234ae94f90d4d629428d6b983c08e31181c28f579e08a021180d759ea651?s=96&d=mm&r=g","url":"https:\/\/secure.gravatar.com\/avatar\/318e234ae94f90d4d629428d6b983c08e31181c28f579e08a021180d759ea651?s=96&d=mm&r=g","contentUrl":"https:\/\/secure.gravatar.com\/avatar\/318e234ae94f90d4d629428d6b983c08e31181c28f579e08a021180d759ea651?s=96&d=mm&r=g","caption":"admin"},"description":"Nicolas Laustriat a construit sa sp\u00e9cialit\u00e9 sur un sujet que beaucoup d\u2019organisations d\u00e9couvrent trop tard : ce qui dispara\u00eet quand les gens partent. Dipl\u00f4m\u00e9 en conception de produit industriel, il bifurque vers le digital fin 1996, il couvre les transformations marques, RH, la fid\u00e9lisation, la marque employeur. Sur le terrain, il rep\u00e8re un angle mort r\u00e9current : l\u2019entreprise investit dans le recrutement, la formation, les process\u2026 puis laisse filer le lien au moment du d\u00e9part, avec une perte de savoir et d\u2019influence qui se paie en silence. Il se sp\u00e9cialise alors sur les communaut\u00e9s d\u2019alumni, le mentorat, l\u2019entraide interg\u00e9n\u00e9rationnelle et la transmission d\u2019expertise. Il passe du \u201cconstat\u201d aux m\u00e9thodes : animation, gouvernance, segmentation, rituels, mesure d\u2019engagement, articulation avec la RSE et l\u2019employabilit\u00e9. Il interviewe DRH, responsables formation, directions d\u2019\u00e9coles, associations et fondations, avec une obsession : transformer un r\u00e9seau dormant en m\u00e9canisme utile (cooptation, mentorat, job board, entraide, \u00e9v\u00e9nements, contenus). Son style : direct, orient\u00e9 action, sans folklore. Sa conviction : une communaut\u00e9 n\u2019a pas besoin de bruit, elle a besoin de raisons de revenir.","sameAs":["https:\/\/www.alumni.space"]}]}},"_links":{"self":[{"href":"https:\/\/www.alumni.space\/pt-pt\/wp-json\/wp\/v2\/posts\/4803","targetHints":{"allow":["GET"]}}],"collection":[{"href":"https:\/\/www.alumni.space\/pt-pt\/wp-json\/wp\/v2\/posts"}],"about":[{"href":"https:\/\/www.alumni.space\/pt-pt\/wp-json\/wp\/v2\/types\/post"}],"author":[{"embeddable":true,"href":"https:\/\/www.alumni.space\/pt-pt\/wp-json\/wp\/v2\/users\/1"}],"replies":[{"embeddable":true,"href":"https:\/\/www.alumni.space\/pt-pt\/wp-json\/wp\/v2\/comments?post=4803"}],"version-history":[{"count":2,"href":"https:\/\/www.alumni.space\/pt-pt\/wp-json\/wp\/v2\/posts\/4803\/revisions"}],"predecessor-version":[{"id":6630,"href":"https:\/\/www.alumni.space\/pt-pt\/wp-json\/wp\/v2\/posts\/4803\/revisions\/6630"}],"wp:featuredmedia":[{"embeddable":true,"href":"https:\/\/www.alumni.space\/pt-pt\/wp-json\/wp\/v2\/media\/4804"}],"wp:attachment":[{"href":"https:\/\/www.alumni.space\/pt-pt\/wp-json\/wp\/v2\/media?parent=4803"}],"wp:term":[{"taxonomy":"category","embeddable":true,"href":"https:\/\/www.alumni.space\/pt-pt\/wp-json\/wp\/v2\/categories?post=4803"},{"taxonomy":"post_tag","embeddable":true,"href":"https:\/\/www.alumni.space\/pt-pt\/wp-json\/wp\/v2\/tags?post=4803"}],"curies":[{"name":"wp","href":"https:\/\/api.w.org\/{rel}","templated":true}]}}