{"id":4769,"date":"2025-07-06T07:39:03","date_gmt":"2025-07-06T07:39:03","guid":{"rendered":"https:\/\/www.alumni.space\/as-profissoes-juridicas-enfrentam-o-desafio-da-transferencia-de-conhecimentos\/"},"modified":"2026-04-02T12:08:05","modified_gmt":"2026-04-02T12:08:05","slug":"as-profissoes-juridicas-enfrentam-o-desafio-da-transferencia-de-conhecimentos","status":"publish","type":"post","link":"https:\/\/www.alumni.space\/pt-pt\/as-profissoes-juridicas-enfrentam-o-desafio-da-transferencia-de-conhecimentos\/","title":{"rendered":"As profiss\u00f5es jur\u00eddicas enfrentam o desafio da transfer\u00eancia de conhecimentos"},"content":{"rendered":"<div id=\"ez-toc-container\" class=\"ez-toc-v2_0_82_2 counter-flat ez-toc-counter ez-toc-grey ez-toc-container-direction\">\n<div class=\"ez-toc-title-container\"><p class=\"ez-toc-title\" style=\"cursor:inherit\">\u00cdndice deste artigo:<\/p>\n<\/div><nav><ul class='ez-toc-list ez-toc-list-level-1 ' ><li class='ez-toc-page-1'><a class=\"ez-toc-link ez-toc-heading-1\" href=\"https:\/\/www.alumni.space\/pt-pt\/as-profissoes-juridicas-enfrentam-o-desafio-da-transferencia-de-conhecimentos\/#Transferencia_de_conhecimentos_na_profissao_de_advogado_um_desafio_estrategico\" >Transfer\u00eancia de conhecimentos na profiss\u00e3o de advogado: um desafio estrat\u00e9gico<\/a><\/li><li class='ez-toc-page-1'><a class=\"ez-toc-link ez-toc-heading-2\" href=\"https:\/\/www.alumni.space\/pt-pt\/as-profissoes-juridicas-enfrentam-o-desafio-da-transferencia-de-conhecimentos\/#Complexidade_da_transferencia_de_conhecimentos_questoes_especificas_da_profissao_de_advogado\" >Complexidade da transfer\u00eancia de conhecimentos: quest\u00f5es espec\u00edficas da profiss\u00e3o de advogado<\/a><\/li><li class='ez-toc-page-1'><a class=\"ez-toc-link ez-toc-heading-3\" href=\"https:\/\/www.alumni.space\/pt-pt\/as-profissoes-juridicas-enfrentam-o-desafio-da-transferencia-de-conhecimentos\/#Implementar_uma_politica_eficaz_de_transferencia_de_conhecimentos_digitais\" >Implementar uma pol\u00edtica eficaz de transfer\u00eancia de conhecimentos digitais<\/a><\/li><li class='ez-toc-page-1'><a class=\"ez-toc-link ez-toc-heading-4\" href=\"https:\/\/www.alumni.space\/pt-pt\/as-profissoes-juridicas-enfrentam-o-desafio-da-transferencia-de-conhecimentos\/#Integrar_a_tutoria_como_uma_alavanca_para_a_continuidade_e_a_inovacao\" >Integrar a tutoria como uma alavanca para a continuidade e a inova\u00e7\u00e3o<\/a><\/li><li class='ez-toc-page-1'><a class=\"ez-toc-link ez-toc-heading-5\" href=\"https:\/\/www.alumni.space\/pt-pt\/as-profissoes-juridicas-enfrentam-o-desafio-da-transferencia-de-conhecimentos\/#Implementar_uma_dinamica_virtuosa_de_gestao_do_conhecimento_no_direito\" >Implementar uma din\u00e2mica virtuosa de gest\u00e3o do conhecimento no direito<\/a><\/li><\/ul><\/nav><\/div>\n<h2 class=\"wp-block-heading\"><span class=\"ez-toc-section\" id=\"Transferencia_de_conhecimentos_na_profissao_de_advogado_um_desafio_estrategico\"><\/span>Transfer\u00eancia de conhecimentos na profiss\u00e3o de advogado: um desafio estrat\u00e9gico<span class=\"ez-toc-section-end\"><\/span><\/h2><p>O sector jur\u00eddico enfrenta um grande desafio: <strong>preservar e transmitir a experi\u00eancia<\/strong> adquirida ao longo dos anos. A complexidade crescente dos processos, a digitaliza\u00e7\u00e3o dos conhecimentos e a mobilidade acrescida dos profissionais aumentam o <strong>risco de perda de compet\u00eancias.<\/strong> Sem um sistema estruturado, os escrit\u00f3rios de advogados e os departamentos jur\u00eddicos sofrem as consequ\u00eancias de uma <strong>mem\u00f3ria organizacional enfraquecida<\/strong>, com um impacto direto na qualidade dos servi\u00e7os e na agilidade operacional.  <\/p><p>A <strong>transfer\u00eancia de conhecimentos<\/strong> \u00e9, por conseguinte, essencial para assegurar a continuidade e a melhoria do servi\u00e7o jur\u00eddico. No entanto, muitos sectores continuam a ter dificuldade em estabelecer rituais eficazes de partilha de conhecimentos, apesar de uma consci\u00eancia crescente da sua import\u00e2ncia. <\/p><figure class=\"wp-block-image size-full\"><img decoding=\"async\" width=\"1280\" height=\"768\" src=\"https:\/\/www.alumni.space\/wp-content\/uploads\/2026\/03\/Les-metiers-juridiques-confrontes-au-defi-du-transfert-des-savoirs-2-1.jpg\" data-orig-src=\"https:\/\/www.alumni.space\/wp-content\/uploads\/2026\/03\/Les-metiers-juridiques-confrontes-au-defi-du-transfert-des-savoirs-2-1.jpg\" alt=\"Descobre como as profiss\u00f5es jur\u00eddicas enfrentam o desafio crucial da transfer\u00eancia de conhecimentos para assegurar a continuidade das compet\u00eancias e a efic\u00e1cia das pr\u00e1ticas profissionais.\" class=\"lazyload wp-image-3300\" srcset=\"data:image\/svg+xml,%3Csvg%20xmlns%3D%27http%3A%2F%2Fwww.w3.org%2F2000%2Fsvg%27%20width%3D%271280%27%20height%3D%27768%27%20viewBox%3D%270%200%201280%20768%27%3E%3Crect%20width%3D%271280%27%20height%3D%27768%27%20fill-opacity%3D%220%22%2F%3E%3C%2Fsvg%3E\" data-srcset=\"https:\/\/www.alumni.space\/wp-content\/uploads\/2026\/03\/Les-metiers-juridiques-confrontes-au-defi-du-transfert-des-savoirs-2-1-200x120.jpg 200w, https:\/\/www.alumni.space\/wp-content\/uploads\/2026\/03\/Les-metiers-juridiques-confrontes-au-defi-du-transfert-des-savoirs-2-1-300x180.jpg 300w, https:\/\/www.alumni.space\/wp-content\/uploads\/2026\/03\/Les-metiers-juridiques-confrontes-au-defi-du-transfert-des-savoirs-2-1-400x240.jpg 400w, https:\/\/www.alumni.space\/wp-content\/uploads\/2026\/03\/Les-metiers-juridiques-confrontes-au-defi-du-transfert-des-savoirs-2-1-600x360.jpg 600w, https:\/\/www.alumni.space\/wp-content\/uploads\/2026\/03\/Les-metiers-juridiques-confrontes-au-defi-du-transfert-des-savoirs-2-1-768x461.jpg 768w, https:\/\/www.alumni.space\/wp-content\/uploads\/2026\/03\/Les-metiers-juridiques-confrontes-au-defi-du-transfert-des-savoirs-2-1-800x480.jpg 800w, https:\/\/www.alumni.space\/wp-content\/uploads\/2026\/03\/Les-metiers-juridiques-confrontes-au-defi-du-transfert-des-savoirs-2-1-1024x614.jpg 1024w, https:\/\/www.alumni.space\/wp-content\/uploads\/2026\/03\/Les-metiers-juridiques-confrontes-au-defi-du-transfert-des-savoirs-2-1-1200x720.jpg 1200w, https:\/\/www.alumni.space\/wp-content\/uploads\/2026\/03\/Les-metiers-juridiques-confrontes-au-defi-du-transfert-des-savoirs-2-1.jpg 1280w\" data-sizes=\"auto\" data-orig-sizes=\"(max-width: 1280px) 100vw, 1280px\" \/><\/figure><h3 class=\"wp-block-heading\"><span class=\"ez-toc-section\" id=\"Complexidade_da_transferencia_de_conhecimentos_questoes_especificas_da_profissao_de_advogado\"><\/span>Complexidade da transfer\u00eancia de conhecimentos: quest\u00f5es espec\u00edficas da profiss\u00e3o de advogado<span class=\"ez-toc-section-end\"><\/span><\/h3><p>Na profiss\u00e3o de advogado, a especializa\u00e7\u00e3o n\u00e3o se baseia apenas em conhecimentos t\u00e9cnicos, mas tamb\u00e9m numa forte dimens\u00e3o de experi\u00eancia contextual. A transmiss\u00e3o de conhecimentos inclui, portanto, o dom\u00ednio de casos sens\u00edveis, a compreens\u00e3o dos procedimentos internos e a apropria\u00e7\u00e3o das estrat\u00e9gias dos clientes. Este contexto amplia os desafios da transfer\u00eancia, nomeadamente tendo em conta a evolu\u00e7\u00e3o da pir\u00e2mide et\u00e1ria, que obriga a uma r\u00e1pida substitui\u00e7\u00e3o das equipas.  <\/p><p>A gest\u00e3o dos conhecimentos jur\u00eddicos deve incorporar ferramentas e processos adequados. Isto vai para al\u00e9m da <strong>forma\u00e7\u00e3o jur\u00eddica<\/strong> inicial, abrangendo uma aprendizagem organizacional mais ampla, incluindo a tutoria e os interc\u00e2mbios entre gera\u00e7\u00f5es. Sem isso, a perda de conhecimentos \u00e9 acompanhada de uma deteriora\u00e7\u00e3o do capital de experi\u00eancia e de dificuldades em assegurar a integra\u00e7\u00e3o harmoniosa de novos talentos.  <\/p><h3 class=\"wp-block-heading\"><span class=\"ez-toc-section\" id=\"Implementar_uma_politica_eficaz_de_transferencia_de_conhecimentos_digitais\"><\/span>Implementar uma pol\u00edtica eficaz de transfer\u00eancia de conhecimentos digitais<span class=\"ez-toc-section-end\"><\/span><\/h3><p>A digitaliza\u00e7\u00e3o do conhecimento est\u00e1 a revolucionar a forma como a informa\u00e7\u00e3o circula nos escrit\u00f3rios de advogados e nos departamentos jur\u00eddicos. A ado\u00e7\u00e3o de uma plataforma SaaS dedicada \u00e0 gest\u00e3o e \u00e0 anima\u00e7\u00e3o das comunidades, como a<a href=\"https:\/\/www.alumni.space\/pt-pt\/como-e-que-se-cria-um-plano-de-transferencia-de-competencias-na-empresa\/\">alumni.space<\/a>, \u00e9 uma resposta estrat\u00e9gica. A centraliza\u00e7\u00e3o dos perfis, a gest\u00e3o das ofertas, a partilha dos espa\u00e7os e a organiza\u00e7\u00e3o de eventos facilitam uma aprendizagem cont\u00ednua e participativa.  <\/p><p>Este tipo de ferramenta refor\u00e7a o empenho dos colaboradores, favorecendo a tutoria e a partilha de conhecimentos. Permite igualmente aos decisores evitar a complexidade das folhas de c\u00e1lculo ou das ferramentas dispersas, garantindo uma gest\u00e3o mais precisa e poupando tempo de an\u00e1lise. Para os departamentos de RH, a antecipa\u00e7\u00e3o da pir\u00e2mide et\u00e1ria torna-se mais simples gra\u00e7as a um melhor mapeamento das compet\u00eancias e ao acompanhamento das intera\u00e7\u00f5es entre gera\u00e7\u00f5es.  <\/p><h3 class=\"wp-block-heading\"><span class=\"ez-toc-section\" id=\"Integrar_a_tutoria_como_uma_alavanca_para_a_continuidade_e_a_inovacao\"><\/span>Integrar a tutoria como uma alavanca para a continuidade e a inova\u00e7\u00e3o<span class=\"ez-toc-section-end\"><\/span><\/h3><p>A tutoria desempenha um papel central na estrat\u00e9gia de transfer\u00eancia. Para al\u00e9m do aspeto formal, esta rela\u00e7\u00e3o estimula o interc\u00e2mbio personalizado e o desenvolvimento profissional. Os pares de advogados seniores e juniores favorecem a difus\u00e3o de um saber-fazer t\u00e1cito, muitas vezes dif\u00edcil de digitalizar, refor\u00e7ando simultaneamente a cultura da empresa.  <\/p><p>Uma aplica\u00e7\u00e3o eficaz assenta num quadro estruturado, com objectivos claros, um acompanhamento regular e um reconhecimento gratificante. As empresas que adoptam estas pr\u00e1ticas verificam frequentemente uma redu\u00e7\u00e3o da rota\u00e7\u00e3o do pessoal, uma melhor integra\u00e7\u00e3o e um refor\u00e7o da rede interna, favorecendo assim a coopera\u00e7\u00e3o e o voluntariado. <\/p><p>Para os profissionais que pretendam estruturar a sua pol\u00edtica, recursos como <a href=\"https:\/\/www.alumni.space\/pt-pt\/a-tutoria-como-solucao-para-a-perda-de-conhecimentos-internos\/\">as melhores pr\u00e1ticas de tutoria<\/a> oferecem orienta\u00e7\u00f5es concretas e operacionais.<\/p><h2 class=\"wp-block-heading\"><span class=\"ez-toc-section\" id=\"Implementar_uma_dinamica_virtuosa_de_gestao_do_conhecimento_no_direito\"><\/span>Implementar uma din\u00e2mica virtuosa de gest\u00e3o do conhecimento no direito<span class=\"ez-toc-section-end\"><\/span><\/h2><p>A implementa\u00e7\u00e3o de uma estrat\u00e9gia sustent\u00e1vel requer uma segmenta\u00e7\u00e3o clara das fun\u00e7\u00f5es, um calend\u00e1rio de rituais adequados e indicadores relevantes para avaliar os resultados. A cria\u00e7\u00e3o de uma biblioteca de documentos vivos, acess\u00edvel atrav\u00e9s de uma plataforma comunit\u00e1ria segura, facilita a autonomia dos colaboradores e evita a duplica\u00e7\u00e3o de esfor\u00e7os. <\/p><p>Um acompanhamento regular permite-nos igualmente medir a ado\u00e7\u00e3o das ferramentas e a qualidade dos interc\u00e2mbios. Ao envolver os principais actores &#8211; RH, gestores, especialistas seniores e juniores &#8211; esta din\u00e2mica favorece um c\u00edrculo virtuoso em que o conhecimento \u00e9 consolidado e enriquecido. <\/p><p>Este tipo de abordagem evita o custo invis\u00edvel associado \u00e0 perda silenciosa de conhecimentos, ao mesmo tempo que refor\u00e7a a imagem da marca aos olhos dos talentos e dos clientes, desejosos de evoluir num ambiente que valoriza a <strong>partilha de conhecimentos<\/strong> e a aprendizagem organizacional.<\/p><p>Para industrializar esta abordagem, uma plataforma integrada evita as perturba\u00e7\u00f5es causadas pela fragmenta\u00e7\u00e3o das ferramentas e incentiva um compromisso duradouro com a comunidade.<\/p><p><a href=\"https:\/\/www.alumni.space\/pt-pt\/como-e-que-as-empresas-lideres-estao-a-preparar-a-proxima-geracao-de-trabalhadores-mais-velhos\/\">Descobrir como antecipar a renova\u00e7\u00e3o geracional<\/a> torna-se um passo fundamental para esta transforma\u00e7\u00e3o.<\/p>","protected":false},"excerpt":{"rendered":"<p>Transfer\u00eancia de conhecimentos na profiss\u00e3o de advogado: um desafio estrat\u00e9gicoO  [&#8230;]<\/p>\n","protected":false},"author":1,"featured_media":4770,"comment_status":"closed","ping_status":"closed","sticky":false,"template":"","format":"standard","meta":{"_ayudawp_aiss_exclude":false,"footnotes":""},"categories":[69],"tags":[],"class_list":["post-4769","post","type-post","status-publish","format-standard","has-post-thumbnail","hentry","category-partilha-de-conhecimentos"],"yoast_head":"<!-- This site is optimized with the Yoast SEO plugin v27.4 - https:\/\/yoast.com\/product\/yoast-seo-wordpress\/ -->\n<title>Transfer\u00eancia de conhecimentos: um grande desafio para as profiss\u00f5es jur\u00eddicas<\/title>\n<meta name=\"description\" content=\"Descobre como as profiss\u00f5es jur\u00eddicas est\u00e3o a enfrentar o desafio essencial da transfer\u00eancia de conhecimentos para garantir a compet\u00eancia e a continuidade.\" \/>\n<meta name=\"robots\" content=\"index, follow, max-snippet:-1, max-image-preview:large, max-video-preview:-1\" \/>\n<link rel=\"canonical\" href=\"https:\/\/www.alumni.space\/pt-pt\/as-profissoes-juridicas-enfrentam-o-desafio-da-transferencia-de-conhecimentos\/\" \/>\n<meta property=\"og:locale\" content=\"pt_PT\" \/>\n<meta property=\"og:type\" content=\"article\" \/>\n<meta property=\"og:title\" content=\"Transfer\u00eancia de conhecimentos: um grande desafio para as profiss\u00f5es jur\u00eddicas\" \/>\n<meta property=\"og:description\" content=\"Descobre como as profiss\u00f5es jur\u00eddicas est\u00e3o a enfrentar o desafio essencial da transfer\u00eancia de conhecimentos para garantir a compet\u00eancia e a continuidade.\" \/>\n<meta property=\"og:url\" content=\"https:\/\/www.alumni.space\/pt-pt\/as-profissoes-juridicas-enfrentam-o-desafio-da-transferencia-de-conhecimentos\/\" \/>\n<meta property=\"og:site_name\" content=\"Alumni.space\" \/>\n<meta property=\"article:published_time\" content=\"2025-07-06T07:39:03+00:00\" \/>\n<meta property=\"article:modified_time\" content=\"2026-04-02T12:08:05+00:00\" \/>\n<meta property=\"og:image\" content=\"https:\/\/www.alumni.space\/wp-content\/uploads\/2026\/03\/Les-metiers-juridiques-confrontes-au-defi-du-transfert-des-savoirs-2.jpg\" \/>\n\t<meta property=\"og:image:width\" content=\"1280\" \/>\n\t<meta property=\"og:image:height\" content=\"768\" \/>\n\t<meta property=\"og:image:type\" content=\"image\/jpeg\" \/>\n<meta name=\"author\" content=\"admin\" \/>\n<meta name=\"twitter:card\" content=\"summary_large_image\" \/>\n<meta name=\"twitter:label1\" content=\"Escrito por\" \/>\n\t<meta name=\"twitter:data1\" content=\"admin\" \/>\n\t<meta name=\"twitter:label2\" content=\"Tempo estimado de leitura\" \/>\n\t<meta name=\"twitter:data2\" content=\"4 minutos\" \/>\n<script type=\"application\/ld+json\" class=\"yoast-schema-graph\">{\"@context\":\"https:\\\/\\\/schema.org\",\"@graph\":[{\"@type\":\"Article\",\"@id\":\"https:\\\/\\\/www.alumni.space\\\/pt-pt\\\/as-profissoes-juridicas-enfrentam-o-desafio-da-transferencia-de-conhecimentos\\\/#article\",\"isPartOf\":{\"@id\":\"https:\\\/\\\/www.alumni.space\\\/pt-pt\\\/as-profissoes-juridicas-enfrentam-o-desafio-da-transferencia-de-conhecimentos\\\/\"},\"author\":{\"name\":\"admin\",\"@id\":\"https:\\\/\\\/www.alumni.space\\\/pt-pt\\\/#\\\/schema\\\/person\\\/fede362a57876edda476a61f05ce5b15\"},\"headline\":\"As profiss\u00f5es jur\u00eddicas enfrentam o desafio da transfer\u00eancia de conhecimentos\",\"datePublished\":\"2025-07-06T07:39:03+00:00\",\"dateModified\":\"2026-04-02T12:08:05+00:00\",\"mainEntityOfPage\":{\"@id\":\"https:\\\/\\\/www.alumni.space\\\/pt-pt\\\/as-profissoes-juridicas-enfrentam-o-desafio-da-transferencia-de-conhecimentos\\\/\"},\"wordCount\":843,\"image\":{\"@id\":\"https:\\\/\\\/www.alumni.space\\\/pt-pt\\\/as-profissoes-juridicas-enfrentam-o-desafio-da-transferencia-de-conhecimentos\\\/#primaryimage\"},\"thumbnailUrl\":\"https:\\\/\\\/www.alumni.space\\\/wp-content\\\/uploads\\\/2026\\\/03\\\/Les-metiers-juridiques-confrontes-au-defi-du-transfert-des-savoirs-2.jpg\",\"articleSection\":[\"Partilha de conhecimentos\"],\"inLanguage\":\"pt-PT\"},{\"@type\":\"WebPage\",\"@id\":\"https:\\\/\\\/www.alumni.space\\\/pt-pt\\\/as-profissoes-juridicas-enfrentam-o-desafio-da-transferencia-de-conhecimentos\\\/\",\"url\":\"https:\\\/\\\/www.alumni.space\\\/pt-pt\\\/as-profissoes-juridicas-enfrentam-o-desafio-da-transferencia-de-conhecimentos\\\/\",\"name\":\"Transfer\u00eancia de conhecimentos: um grande desafio para as profiss\u00f5es jur\u00eddicas\",\"isPartOf\":{\"@id\":\"https:\\\/\\\/www.alumni.space\\\/pt-pt\\\/#website\"},\"primaryImageOfPage\":{\"@id\":\"https:\\\/\\\/www.alumni.space\\\/pt-pt\\\/as-profissoes-juridicas-enfrentam-o-desafio-da-transferencia-de-conhecimentos\\\/#primaryimage\"},\"image\":{\"@id\":\"https:\\\/\\\/www.alumni.space\\\/pt-pt\\\/as-profissoes-juridicas-enfrentam-o-desafio-da-transferencia-de-conhecimentos\\\/#primaryimage\"},\"thumbnailUrl\":\"https:\\\/\\\/www.alumni.space\\\/wp-content\\\/uploads\\\/2026\\\/03\\\/Les-metiers-juridiques-confrontes-au-defi-du-transfert-des-savoirs-2.jpg\",\"datePublished\":\"2025-07-06T07:39:03+00:00\",\"dateModified\":\"2026-04-02T12:08:05+00:00\",\"author\":{\"@id\":\"https:\\\/\\\/www.alumni.space\\\/pt-pt\\\/#\\\/schema\\\/person\\\/fede362a57876edda476a61f05ce5b15\"},\"description\":\"Descobre como as profiss\u00f5es jur\u00eddicas est\u00e3o a enfrentar o desafio essencial da transfer\u00eancia de conhecimentos para garantir a compet\u00eancia e a continuidade.\",\"breadcrumb\":{\"@id\":\"https:\\\/\\\/www.alumni.space\\\/pt-pt\\\/as-profissoes-juridicas-enfrentam-o-desafio-da-transferencia-de-conhecimentos\\\/#breadcrumb\"},\"inLanguage\":\"pt-PT\",\"potentialAction\":[{\"@type\":\"ReadAction\",\"target\":[\"https:\\\/\\\/www.alumni.space\\\/pt-pt\\\/as-profissoes-juridicas-enfrentam-o-desafio-da-transferencia-de-conhecimentos\\\/\"]}]},{\"@type\":\"ImageObject\",\"inLanguage\":\"pt-PT\",\"@id\":\"https:\\\/\\\/www.alumni.space\\\/pt-pt\\\/as-profissoes-juridicas-enfrentam-o-desafio-da-transferencia-de-conhecimentos\\\/#primaryimage\",\"url\":\"https:\\\/\\\/www.alumni.space\\\/wp-content\\\/uploads\\\/2026\\\/03\\\/Les-metiers-juridiques-confrontes-au-defi-du-transfert-des-savoirs-2.jpg\",\"contentUrl\":\"https:\\\/\\\/www.alumni.space\\\/wp-content\\\/uploads\\\/2026\\\/03\\\/Les-metiers-juridiques-confrontes-au-defi-du-transfert-des-savoirs-2.jpg\",\"width\":1280,\"height\":768,\"caption\":\"descobre como as profiss\u00f5es jur\u00eddicas est\u00e3o a enfrentar o desafio crucial da transfer\u00eancia de conhecimentos para garantir que as compet\u00eancias s\u00e3o transmitidas e que o sector continua a evoluir.\"},{\"@type\":\"BreadcrumbList\",\"@id\":\"https:\\\/\\\/www.alumni.space\\\/pt-pt\\\/as-profissoes-juridicas-enfrentam-o-desafio-da-transferencia-de-conhecimentos\\\/#breadcrumb\",\"itemListElement\":[{\"@type\":\"ListItem\",\"position\":1,\"name\":\"Home\",\"item\":\"https:\\\/\\\/www.alumni.space\\\/pt-pt\\\/plataforma-de-gestao-de-mentores-e-antigos-alunos\\\/\"},{\"@type\":\"ListItem\",\"position\":2,\"name\":\"As profiss\u00f5es jur\u00eddicas enfrentam o desafio da transfer\u00eancia de conhecimentos\"}]},{\"@type\":\"WebSite\",\"@id\":\"https:\\\/\\\/www.alumni.space\\\/pt-pt\\\/#website\",\"url\":\"https:\\\/\\\/www.alumni.space\\\/pt-pt\\\/\",\"name\":\"Alumni.space\",\"description\":\"My WordPress Blog\",\"potentialAction\":[{\"@type\":\"SearchAction\",\"target\":{\"@type\":\"EntryPoint\",\"urlTemplate\":\"https:\\\/\\\/www.alumni.space\\\/pt-pt\\\/?s={search_term_string}\"},\"query-input\":{\"@type\":\"PropertyValueSpecification\",\"valueRequired\":true,\"valueName\":\"search_term_string\"}}],\"inLanguage\":\"pt-PT\"},{\"@type\":\"Person\",\"@id\":\"https:\\\/\\\/www.alumni.space\\\/pt-pt\\\/#\\\/schema\\\/person\\\/fede362a57876edda476a61f05ce5b15\",\"name\":\"admin\",\"image\":{\"@type\":\"ImageObject\",\"inLanguage\":\"pt-PT\",\"@id\":\"https:\\\/\\\/secure.gravatar.com\\\/avatar\\\/318e234ae94f90d4d629428d6b983c08e31181c28f579e08a021180d759ea651?s=96&d=mm&r=g\",\"url\":\"https:\\\/\\\/secure.gravatar.com\\\/avatar\\\/318e234ae94f90d4d629428d6b983c08e31181c28f579e08a021180d759ea651?s=96&d=mm&r=g\",\"contentUrl\":\"https:\\\/\\\/secure.gravatar.com\\\/avatar\\\/318e234ae94f90d4d629428d6b983c08e31181c28f579e08a021180d759ea651?s=96&d=mm&r=g\",\"caption\":\"admin\"},\"description\":\"Nicolas Laustriat a construit sa sp\u00e9cialit\u00e9 sur un sujet que beaucoup d\u2019organisations d\u00e9couvrent trop tard : ce qui dispara\u00eet quand les gens partent. Dipl\u00f4m\u00e9 en conception de produit industriel, il bifurque vers le digital fin 1996, il couvre les transformations marques, RH, la fid\u00e9lisation, la marque employeur. Sur le terrain, il rep\u00e8re un angle mort r\u00e9current : l\u2019entreprise investit dans le recrutement, la formation, les process\u2026 puis laisse filer le lien au moment du d\u00e9part, avec une perte de savoir et d\u2019influence qui se paie en silence. Il se sp\u00e9cialise alors sur les communaut\u00e9s d\u2019alumni, le mentorat, l\u2019entraide interg\u00e9n\u00e9rationnelle et la transmission d\u2019expertise. Il passe du \u201cconstat\u201d aux m\u00e9thodes : animation, gouvernance, segmentation, rituels, mesure d\u2019engagement, articulation avec la RSE et l\u2019employabilit\u00e9. Il interviewe DRH, responsables formation, directions d\u2019\u00e9coles, associations et fondations, avec une obsession : transformer un r\u00e9seau dormant en m\u00e9canisme utile (cooptation, mentorat, job board, entraide, \u00e9v\u00e9nements, contenus). Son style : direct, orient\u00e9 action, sans folklore. Sa conviction : une communaut\u00e9 n\u2019a pas besoin de bruit, elle a besoin de raisons de revenir.\",\"sameAs\":[\"https:\\\/\\\/www.alumni.space\"]}]}<\/script>\n<!-- \/ Yoast SEO plugin. -->","yoast_head_json":{"title":"Transfer\u00eancia de conhecimentos: um grande desafio para as profiss\u00f5es jur\u00eddicas","description":"Descobre como as profiss\u00f5es jur\u00eddicas est\u00e3o a enfrentar o desafio essencial da transfer\u00eancia de conhecimentos para garantir a compet\u00eancia e a continuidade.","robots":{"index":"index","follow":"follow","max-snippet":"max-snippet:-1","max-image-preview":"max-image-preview:large","max-video-preview":"max-video-preview:-1"},"canonical":"https:\/\/www.alumni.space\/pt-pt\/as-profissoes-juridicas-enfrentam-o-desafio-da-transferencia-de-conhecimentos\/","og_locale":"pt_PT","og_type":"article","og_title":"Transfer\u00eancia de conhecimentos: um grande desafio para as profiss\u00f5es jur\u00eddicas","og_description":"Descobre como as profiss\u00f5es jur\u00eddicas est\u00e3o a enfrentar o desafio essencial da transfer\u00eancia de conhecimentos para garantir a compet\u00eancia e a continuidade.","og_url":"https:\/\/www.alumni.space\/pt-pt\/as-profissoes-juridicas-enfrentam-o-desafio-da-transferencia-de-conhecimentos\/","og_site_name":"Alumni.space","article_published_time":"2025-07-06T07:39:03+00:00","article_modified_time":"2026-04-02T12:08:05+00:00","og_image":[{"width":1280,"height":768,"url":"https:\/\/www.alumni.space\/wp-content\/uploads\/2026\/03\/Les-metiers-juridiques-confrontes-au-defi-du-transfert-des-savoirs-2.jpg","type":"image\/jpeg"}],"author":"admin","twitter_card":"summary_large_image","twitter_misc":{"Escrito por":"admin","Tempo estimado de leitura":"4 minutos"},"schema":{"@context":"https:\/\/schema.org","@graph":[{"@type":"Article","@id":"https:\/\/www.alumni.space\/pt-pt\/as-profissoes-juridicas-enfrentam-o-desafio-da-transferencia-de-conhecimentos\/#article","isPartOf":{"@id":"https:\/\/www.alumni.space\/pt-pt\/as-profissoes-juridicas-enfrentam-o-desafio-da-transferencia-de-conhecimentos\/"},"author":{"name":"admin","@id":"https:\/\/www.alumni.space\/pt-pt\/#\/schema\/person\/fede362a57876edda476a61f05ce5b15"},"headline":"As profiss\u00f5es jur\u00eddicas enfrentam o desafio da transfer\u00eancia de conhecimentos","datePublished":"2025-07-06T07:39:03+00:00","dateModified":"2026-04-02T12:08:05+00:00","mainEntityOfPage":{"@id":"https:\/\/www.alumni.space\/pt-pt\/as-profissoes-juridicas-enfrentam-o-desafio-da-transferencia-de-conhecimentos\/"},"wordCount":843,"image":{"@id":"https:\/\/www.alumni.space\/pt-pt\/as-profissoes-juridicas-enfrentam-o-desafio-da-transferencia-de-conhecimentos\/#primaryimage"},"thumbnailUrl":"https:\/\/www.alumni.space\/wp-content\/uploads\/2026\/03\/Les-metiers-juridiques-confrontes-au-defi-du-transfert-des-savoirs-2.jpg","articleSection":["Partilha de conhecimentos"],"inLanguage":"pt-PT"},{"@type":"WebPage","@id":"https:\/\/www.alumni.space\/pt-pt\/as-profissoes-juridicas-enfrentam-o-desafio-da-transferencia-de-conhecimentos\/","url":"https:\/\/www.alumni.space\/pt-pt\/as-profissoes-juridicas-enfrentam-o-desafio-da-transferencia-de-conhecimentos\/","name":"Transfer\u00eancia de conhecimentos: um grande desafio para as profiss\u00f5es jur\u00eddicas","isPartOf":{"@id":"https:\/\/www.alumni.space\/pt-pt\/#website"},"primaryImageOfPage":{"@id":"https:\/\/www.alumni.space\/pt-pt\/as-profissoes-juridicas-enfrentam-o-desafio-da-transferencia-de-conhecimentos\/#primaryimage"},"image":{"@id":"https:\/\/www.alumni.space\/pt-pt\/as-profissoes-juridicas-enfrentam-o-desafio-da-transferencia-de-conhecimentos\/#primaryimage"},"thumbnailUrl":"https:\/\/www.alumni.space\/wp-content\/uploads\/2026\/03\/Les-metiers-juridiques-confrontes-au-defi-du-transfert-des-savoirs-2.jpg","datePublished":"2025-07-06T07:39:03+00:00","dateModified":"2026-04-02T12:08:05+00:00","author":{"@id":"https:\/\/www.alumni.space\/pt-pt\/#\/schema\/person\/fede362a57876edda476a61f05ce5b15"},"description":"Descobre como as profiss\u00f5es jur\u00eddicas est\u00e3o a enfrentar o desafio essencial da transfer\u00eancia de conhecimentos para garantir a compet\u00eancia e a continuidade.","breadcrumb":{"@id":"https:\/\/www.alumni.space\/pt-pt\/as-profissoes-juridicas-enfrentam-o-desafio-da-transferencia-de-conhecimentos\/#breadcrumb"},"inLanguage":"pt-PT","potentialAction":[{"@type":"ReadAction","target":["https:\/\/www.alumni.space\/pt-pt\/as-profissoes-juridicas-enfrentam-o-desafio-da-transferencia-de-conhecimentos\/"]}]},{"@type":"ImageObject","inLanguage":"pt-PT","@id":"https:\/\/www.alumni.space\/pt-pt\/as-profissoes-juridicas-enfrentam-o-desafio-da-transferencia-de-conhecimentos\/#primaryimage","url":"https:\/\/www.alumni.space\/wp-content\/uploads\/2026\/03\/Les-metiers-juridiques-confrontes-au-defi-du-transfert-des-savoirs-2.jpg","contentUrl":"https:\/\/www.alumni.space\/wp-content\/uploads\/2026\/03\/Les-metiers-juridiques-confrontes-au-defi-du-transfert-des-savoirs-2.jpg","width":1280,"height":768,"caption":"descobre como as profiss\u00f5es jur\u00eddicas est\u00e3o a enfrentar o desafio crucial da transfer\u00eancia de conhecimentos para garantir que as compet\u00eancias s\u00e3o transmitidas e que o sector continua a evoluir."},{"@type":"BreadcrumbList","@id":"https:\/\/www.alumni.space\/pt-pt\/as-profissoes-juridicas-enfrentam-o-desafio-da-transferencia-de-conhecimentos\/#breadcrumb","itemListElement":[{"@type":"ListItem","position":1,"name":"Home","item":"https:\/\/www.alumni.space\/pt-pt\/plataforma-de-gestao-de-mentores-e-antigos-alunos\/"},{"@type":"ListItem","position":2,"name":"As profiss\u00f5es jur\u00eddicas enfrentam o desafio da transfer\u00eancia de conhecimentos"}]},{"@type":"WebSite","@id":"https:\/\/www.alumni.space\/pt-pt\/#website","url":"https:\/\/www.alumni.space\/pt-pt\/","name":"Alumni.space","description":"My WordPress Blog","potentialAction":[{"@type":"SearchAction","target":{"@type":"EntryPoint","urlTemplate":"https:\/\/www.alumni.space\/pt-pt\/?s={search_term_string}"},"query-input":{"@type":"PropertyValueSpecification","valueRequired":true,"valueName":"search_term_string"}}],"inLanguage":"pt-PT"},{"@type":"Person","@id":"https:\/\/www.alumni.space\/pt-pt\/#\/schema\/person\/fede362a57876edda476a61f05ce5b15","name":"admin","image":{"@type":"ImageObject","inLanguage":"pt-PT","@id":"https:\/\/secure.gravatar.com\/avatar\/318e234ae94f90d4d629428d6b983c08e31181c28f579e08a021180d759ea651?s=96&d=mm&r=g","url":"https:\/\/secure.gravatar.com\/avatar\/318e234ae94f90d4d629428d6b983c08e31181c28f579e08a021180d759ea651?s=96&d=mm&r=g","contentUrl":"https:\/\/secure.gravatar.com\/avatar\/318e234ae94f90d4d629428d6b983c08e31181c28f579e08a021180d759ea651?s=96&d=mm&r=g","caption":"admin"},"description":"Nicolas Laustriat a construit sa sp\u00e9cialit\u00e9 sur un sujet que beaucoup d\u2019organisations d\u00e9couvrent trop tard : ce qui dispara\u00eet quand les gens partent. Dipl\u00f4m\u00e9 en conception de produit industriel, il bifurque vers le digital fin 1996, il couvre les transformations marques, RH, la fid\u00e9lisation, la marque employeur. Sur le terrain, il rep\u00e8re un angle mort r\u00e9current : l\u2019entreprise investit dans le recrutement, la formation, les process\u2026 puis laisse filer le lien au moment du d\u00e9part, avec une perte de savoir et d\u2019influence qui se paie en silence. Il se sp\u00e9cialise alors sur les communaut\u00e9s d\u2019alumni, le mentorat, l\u2019entraide interg\u00e9n\u00e9rationnelle et la transmission d\u2019expertise. Il passe du \u201cconstat\u201d aux m\u00e9thodes : animation, gouvernance, segmentation, rituels, mesure d\u2019engagement, articulation avec la RSE et l\u2019employabilit\u00e9. Il interviewe DRH, responsables formation, directions d\u2019\u00e9coles, associations et fondations, avec une obsession : transformer un r\u00e9seau dormant en m\u00e9canisme utile (cooptation, mentorat, job board, entraide, \u00e9v\u00e9nements, contenus). Son style : direct, orient\u00e9 action, sans folklore. Sa conviction : une communaut\u00e9 n\u2019a pas besoin de bruit, elle a besoin de raisons de revenir.","sameAs":["https:\/\/www.alumni.space"]}]}},"_links":{"self":[{"href":"https:\/\/www.alumni.space\/pt-pt\/wp-json\/wp\/v2\/posts\/4769","targetHints":{"allow":["GET"]}}],"collection":[{"href":"https:\/\/www.alumni.space\/pt-pt\/wp-json\/wp\/v2\/posts"}],"about":[{"href":"https:\/\/www.alumni.space\/pt-pt\/wp-json\/wp\/v2\/types\/post"}],"author":[{"embeddable":true,"href":"https:\/\/www.alumni.space\/pt-pt\/wp-json\/wp\/v2\/users\/1"}],"replies":[{"embeddable":true,"href":"https:\/\/www.alumni.space\/pt-pt\/wp-json\/wp\/v2\/comments?post=4769"}],"version-history":[{"count":4,"href":"https:\/\/www.alumni.space\/pt-pt\/wp-json\/wp\/v2\/posts\/4769\/revisions"}],"predecessor-version":[{"id":7202,"href":"https:\/\/www.alumni.space\/pt-pt\/wp-json\/wp\/v2\/posts\/4769\/revisions\/7202"}],"wp:featuredmedia":[{"embeddable":true,"href":"https:\/\/www.alumni.space\/pt-pt\/wp-json\/wp\/v2\/media\/4770"}],"wp:attachment":[{"href":"https:\/\/www.alumni.space\/pt-pt\/wp-json\/wp\/v2\/media?parent=4769"}],"wp:term":[{"taxonomy":"category","embeddable":true,"href":"https:\/\/www.alumni.space\/pt-pt\/wp-json\/wp\/v2\/categories?post=4769"},{"taxonomy":"post_tag","embeddable":true,"href":"https:\/\/www.alumni.space\/pt-pt\/wp-json\/wp\/v2\/tags?post=4769"}],"curies":[{"name":"wp","href":"https:\/\/api.w.org\/{rel}","templated":true}]}}