{"id":4701,"date":"2024-12-07T01:04:15","date_gmt":"2024-12-07T01:04:15","guid":{"rendered":"https:\/\/www.alumni.space\/historias-inspiradoras-de-mentores-empresariais\/"},"modified":"2026-04-02T12:06:05","modified_gmt":"2026-04-02T12:06:05","slug":"historias-inspiradoras-de-mentores-empresariais","status":"publish","type":"post","link":"https:\/\/www.alumni.space\/pt-pt\/historias-inspiradoras-de-mentores-empresariais\/","title":{"rendered":"Hist\u00f3rias inspiradoras de mentores empresariais"},"content":{"rendered":"<p>A partilha de conhecimentos \u00e9 um poderoso motor para o crescimento das organiza\u00e7\u00f5es em 2026. A transmiss\u00e3o de conhecimentos j\u00e1 n\u00e3o se limita a uma simples transfer\u00eancia t\u00e9cnica, mas torna-se uma verdadeira aventura humana que aumenta o desempenho global. As empresas que optam por estruturar estes interc\u00e2mbios obt\u00eam resultados concretos em termos de empenho das equipas.  <\/p><p>O sistema <strong>alumni.space<\/strong> \u00e9 uma alavanca estrat\u00e9gica para orquestrar esta din\u00e2mica. Ao ligar gera\u00e7\u00f5es, esta ferramenta transforma o conhecimento adormecido num ativo din\u00e2mico e valorizado. Para os decisores, \u00e9 uma forma eficaz de limitar a perda de conhecimentos cr\u00edticos, refor\u00e7ando simultaneamente o sentimento de perten\u00e7a.  <\/p><div id=\"ez-toc-container\" class=\"ez-toc-v2_0_82_2 counter-flat ez-toc-counter ez-toc-grey ez-toc-container-direction\">\n<div class=\"ez-toc-title-container\"><p class=\"ez-toc-title\" style=\"cursor:inherit\">\u00cdndice deste artigo:<\/p>\n<\/div><nav><ul class='ez-toc-list ez-toc-list-level-1 ' ><li class='ez-toc-page-1'><a class=\"ez-toc-link ez-toc-heading-1\" href=\"https:\/\/www.alumni.space\/pt-pt\/historias-inspiradoras-de-mentores-empresariais\/#Colocar_a_experiencia_profissional_no_topo_da_estrategia\" >Colocar a experi\u00eancia profissional no topo da estrat\u00e9gia<\/a><\/li><li class='ez-toc-page-1'><a class=\"ez-toc-link ez-toc-heading-2\" href=\"https:\/\/www.alumni.space\/pt-pt\/historias-inspiradoras-de-mentores-empresariais\/#Reforcar_a_lideranca_atraves_da_partilha_de_conhecimentos\" >Refor\u00e7ar a lideran\u00e7a atrav\u00e9s da partilha de conhecimentos<\/a><\/li><li class='ez-toc-page-1'><a class=\"ez-toc-link ez-toc-heading-3\" href=\"https:\/\/www.alumni.space\/pt-pt\/historias-inspiradoras-de-mentores-empresariais\/#Historias_de_sucesso_e_testemunhos_inspiradores_do_terreno\" >Hist\u00f3rias de sucesso e testemunhos inspiradores do terreno<\/a><\/li><li class='ez-toc-page-1'><a class=\"ez-toc-link ez-toc-heading-4\" href=\"https:\/\/www.alumni.space\/pt-pt\/historias-inspiradoras-de-mentores-empresariais\/#O_percurso_notavel_de_Jeanne_ate_a_excelencia\" >O percurso not\u00e1vel de Jeanne at\u00e9 \u00e0 excel\u00eancia<\/a><\/li><li class='ez-toc-page-1'><a class=\"ez-toc-link ez-toc-heading-5\" href=\"https:\/\/www.alumni.space\/pt-pt\/historias-inspiradoras-de-mentores-empresariais\/#Impacto_social_e_desenvolvimento_pessoal_no_escritorio\" >Impacto social e desenvolvimento pessoal no escrit\u00f3rio<\/a><\/li><\/ul><\/nav><\/div>\n<h2 class=\"wp-block-heading\"><span class=\"ez-toc-section\" id=\"Colocar_a_experiencia_profissional_no_topo_da_estrategia\"><\/span>Colocar a experi\u00eancia profissional no topo da estrat\u00e9gia<span class=\"ez-toc-section-end\"><\/span><\/h2><p>A sa\u00edda de um trabalhador experiente cria muitas vezes um vazio t\u00e9cnico dif\u00edcil de preencher. A mobiliza\u00e7\u00e3o de uma <a href=\"https:\/\/www.alumni.space\/pt-pt\/testemunhos-de-antigos-funcionarios-que-se-tornaram-mentores\/\">rede de antigos colaboradores<\/a> permite uma continuidade preciosa em termos de preserva\u00e7\u00e3o dos m\u00e9todos de trabalho. Esta abordagem torna os processos internos mais seguros e d\u00e1 aos rec\u00e9m-chegados um ponto de refer\u00eancia s\u00f3lido desde o momento em que entram na empresa.  <\/p><figure class=\"wp-block-image size-full\"><img decoding=\"async\" width=\"1280\" height=\"768\" src=\"https:\/\/www.alumni.space\/wp-content\/uploads\/2026\/03\/Les-temoignages-inspirants-de-mentors-en-entreprise-1.jpg\" data-orig-src=\"https:\/\/www.alumni.space\/wp-content\/uploads\/2026\/03\/Les-temoignages-inspirants-de-mentors-en-entreprise-1.jpg\" alt=\"Descobre as hist\u00f3rias inspiradoras dos mentores internos e aprende com a sua experi\u00eancia para impulsionares a tua carreira e o teu desenvolvimento profissional.\" class=\"lazyload wp-image-3540\" srcset=\"data:image\/svg+xml,%3Csvg%20xmlns%3D%27http%3A%2F%2Fwww.w3.org%2F2000%2Fsvg%27%20width%3D%271280%27%20height%3D%27768%27%20viewBox%3D%270%200%201280%20768%27%3E%3Crect%20width%3D%271280%27%20height%3D%27768%27%20fill-opacity%3D%220%22%2F%3E%3C%2Fsvg%3E\" data-srcset=\"https:\/\/www.alumni.space\/wp-content\/uploads\/2026\/03\/Les-temoignages-inspirants-de-mentors-en-entreprise-1-200x120.jpg 200w, https:\/\/www.alumni.space\/wp-content\/uploads\/2026\/03\/Les-temoignages-inspirants-de-mentors-en-entreprise-1-300x180.jpg 300w, https:\/\/www.alumni.space\/wp-content\/uploads\/2026\/03\/Les-temoignages-inspirants-de-mentors-en-entreprise-1-400x240.jpg 400w, https:\/\/www.alumni.space\/wp-content\/uploads\/2026\/03\/Les-temoignages-inspirants-de-mentors-en-entreprise-1-600x360.jpg 600w, https:\/\/www.alumni.space\/wp-content\/uploads\/2026\/03\/Les-temoignages-inspirants-de-mentors-en-entreprise-1-768x461.jpg 768w, https:\/\/www.alumni.space\/wp-content\/uploads\/2026\/03\/Les-temoignages-inspirants-de-mentors-en-entreprise-1-800x480.jpg 800w, https:\/\/www.alumni.space\/wp-content\/uploads\/2026\/03\/Les-temoignages-inspirants-de-mentors-en-entreprise-1-1024x614.jpg 1024w, https:\/\/www.alumni.space\/wp-content\/uploads\/2026\/03\/Les-temoignages-inspirants-de-mentors-en-entreprise-1-1200x720.jpg 1200w, https:\/\/www.alumni.space\/wp-content\/uploads\/2026\/03\/Les-temoignages-inspirants-de-mentors-en-entreprise-1.jpg 1280w\" data-sizes=\"auto\" data-orig-sizes=\"(max-width: 1280px) 100vw, 1280px\" \/><\/figure><p>O apoio entre pares ajuda-te a desenvolver as tuas compet\u00eancias mais rapidamente do que numa forma\u00e7\u00e3o tradicional. As discuss\u00f5es centram-se em quest\u00f5es da vida real, evitando teorias que est\u00e3o desligadas do terreno. Esta transmiss\u00e3o direta cria uma cultura de excel\u00eancia em que cada erro do passado se torna uma li\u00e7\u00e3o partilhada com bondade.  <\/p><p>A utiliza\u00e7\u00e3o de uma plataforma dedicada simplifica a identifica\u00e7\u00e3o de pares relevantes de acordo com as necessidades espec\u00edficas de cada projeto. <strong>Alumni.space<\/strong> centraliza estas intera\u00e7\u00f5es, garantindo uma visibilidade total dos progressos realizados. Os gestores de RH disp\u00f5em ent\u00e3o de indicadores precisos para medir o impacto destas rela\u00e7\u00f5es na reten\u00e7\u00e3o de talentos. <\/p><h3 class=\"wp-block-heading\"><span class=\"ez-toc-section\" id=\"Reforcar_a_lideranca_atraves_da_partilha_de_conhecimentos\"><\/span>Refor\u00e7ar a lideran\u00e7a atrav\u00e9s da partilha de conhecimentos<span class=\"ez-toc-section-end\"><\/span><\/h3><p>O papel dos <strong>mentores<\/strong> vai muito al\u00e9m da simples supervis\u00e3o t\u00e9cnica e inclui a lideran\u00e7a. Estes guias experientes partilham os c\u00f3digos subtis da tomada de decis\u00f5es em ambientes complexos. A sua presen\u00e7a tranquiliza e impulsiona os futuros gestores para maiores responsabilidades com uma confian\u00e7a renovada.  <\/p><p>O gestor que investe neste processo refor\u00e7a a sua credibilidade e a sua influ\u00eancia natural no seio da organiza\u00e7\u00e3o. Esta abordagem incorpora valores de generosidade e abertura, essenciais para atrair os perfis mais exigentes do mercado. <strong>A motiva\u00e7\u00e3o<\/strong> dos colaboradores aumenta quando estes se apercebem de um verdadeiro investimento no seu sucesso pessoal.  <\/p><h2 class=\"wp-block-heading\"><span class=\"ez-toc-section\" id=\"Historias_de_sucesso_e_testemunhos_inspiradores_do_terreno\"><\/span>Hist\u00f3rias de sucesso e testemunhos inspiradores do terreno<span class=\"ez-toc-section-end\"><\/span><\/h2><p>Marie Dupont, a fundadora de uma empresa inovadora de tecnologia verde, transformou o seu projeto com a ajuda de um olhar externo especializado. As suas d\u00favidas iniciais deram lugar a uma poderosa estrat\u00e9gia de marketing ap\u00f3s apenas algumas sess\u00f5es de discuss\u00e3o com o seu guia. Este apoio facilitou uma grande ronda de angaria\u00e7\u00e3o de fundos, provando a efic\u00e1cia destas <a href=\"https:\/\/henrypanky.com\/histoires-de-reussite-limpact-des-mentors-dans-lentrepreneuriat\/\">hist\u00f3rias de sucesso empresarial<\/a> baseadas na confian\u00e7a.  <\/p><p>Marc, um especialista em inova\u00e7\u00e3o, viu a sua vis\u00e3o dos m\u00e9todos \u00e1geis evoluir radicalmente atrav\u00e9s do contacto com um mentor experiente. A adapta\u00e7\u00e3o constante \u00e0s flutua\u00e7\u00f5es do mercado tornou-se uma segunda natureza para a sua equipa de desenvolvimento. Seguindo estas orienta\u00e7\u00f5es, aumentou a sua base de clientes e optimizou drasticamente os seus recursos internos.  <\/p><p>O aspeto emocional desempenha um papel fundamental nestes percursos, como Sophie salienta ap\u00f3s a sua ousada transi\u00e7\u00e3o profissional. O seu treinador conseguiu transformar os seus medos em verdadeiros instrumentos de progresso, construindo uma autoestima inabal\u00e1vel. O seu neg\u00f3cio atual est\u00e1 a prosperar gra\u00e7as \u00e0 resili\u00eancia que adquiriu durante essas horas de di\u00e1logo construtivo e altru\u00edsta.  <\/p><h3 class=\"wp-block-heading\"><span class=\"ez-toc-section\" id=\"O_percurso_notavel_de_Jeanne_ate_a_excelencia\"><\/span>O percurso not\u00e1vel de Jeanne at\u00e9 \u00e0 excel\u00eancia<span class=\"ez-toc-section-end\"><\/span><\/h3><p>Aos 22 anos, Jeanne transformou uma intui\u00e7\u00e3o nascida das suas viagens num s\u00f3lido projeto empresarial chamado Busco Roomies. O encontro com Christophe atrav\u00e9s de um programa <strong>de coaching<\/strong> especializado foi o catalisador para estruturar a sua oferta internacional de room-sharing. Esta colabora\u00e7\u00e3o permitiu-lhe passar de uma ideia abstrata a um plano de neg\u00f3cios validado por especialistas do sector.  <\/p><p>O seu ritmo semanal imp\u00f5e o rigor necess\u00e1rio para concluir com \u00eaxito as etapas administrativas e financeiras. Esta aventura levou-a at\u00e9 ao Hotel de Matignon, o que ilustra perfeitamente o impacto de um <strong>apoio<\/strong> de qualidade na carreira das jovens empresas em fase de arranque. Jeanne tenciona agora passar esta ajuda assim que a sua empresa atingir a maturidade.  <\/p><h2 class=\"wp-block-heading\"><span class=\"ez-toc-section\" id=\"Impacto_social_e_desenvolvimento_pessoal_no_escritorio\"><\/span>Impacto social e desenvolvimento pessoal no escrit\u00f3rio<span class=\"ez-toc-section-end\"><\/span><\/h2><p>A integra\u00e7\u00e3o de uma ferramenta de gest\u00e3o comunit\u00e1ria transforma a vis\u00e3o tradicional dos recursos humanos. O compromisso social assume a forma de um apoio que ultrapassa o contrato de trabalho, favorecendo a circula\u00e7\u00e3o fluida de compet\u00eancias entre \u00e9pocas. Este sistema refor\u00e7a a empregabilidade colectiva e favorece a doa\u00e7\u00e3o de compet\u00eancias, limitando o desaparecimento de activos estrat\u00e9gicos.  <\/p><p>A cultura interna transparece, demonstrando um ambiente protetor onde todas as fases da carreira beneficiam de um apoio s\u00f3lido. Os embaixadores naturais que surgem refor\u00e7am a atratividade e simplificam o processo de coopta\u00e7\u00e3o. Para descobrir outras hist\u00f3rias de sucesso, l\u00ea estes <a href=\"https:\/\/www.alumni.space\/pt-pt\/testemunhos-como-a-tutoria-mudou-a-vida-de-jovens-talentos\/\">testemunhos sobre a gest\u00e3o de talentos<\/a> nas redes activas.  <\/p><p>Esta abordagem alinha os objectivos de comunica\u00e7\u00e3o com os imperativos da responsabilidade social das empresas. Os indicadores de impacto, como o volume de horas partilhadas ou o feedback, fornecem provas tang\u00edveis dos compromissos assumidos. O <strong>desenvolvimento pessoal<\/strong> dos participantes torna-se assim um pilar central da marca do empregador, vis\u00edvel e mensur\u00e1vel por todos.  <\/p><p>A durabilidade dos la\u00e7os criados atrav\u00e9s do <strong>alumni.space<\/strong> garante uma base de dados viva e qualificada para futuras oportunidades de neg\u00f3cio. Cultivar estas <a href=\"https:\/\/www.alumni.space\/pt-pt\/testemunhos-antigos-empregados-tornaram-se-parceiros-de-confianca\/\">parcerias baseadas na confian\u00e7a<\/a> garante-te uma vantagem num mundo profissional em constante mudan\u00e7a. Ajudar-se mutuamente j\u00e1 n\u00e3o \u00e9 uma op\u00e7\u00e3o, mas uma necessidade absoluta para enfrentar com sucesso os desafios econ\u00f3micos actuais.  <\/p><p><ototoolbox><br\/>    <strong>Solicita uma demonstra\u00e7\u00e3o<\/strong><br\/><\/ototoolbox><\/p>","protected":false},"excerpt":{"rendered":"<p>A partilha de conhecimentos \u00e9 um poderoso motor para o  [&#8230;]<\/p>\n","protected":false},"author":1,"featured_media":4703,"comment_status":"closed","ping_status":"closed","sticky":false,"template":"","format":"standard","meta":{"_ayudawp_aiss_exclude":false,"footnotes":""},"categories":[68],"tags":[],"class_list":["post-4701","post","type-post","status-publish","format-standard","has-post-thumbnail","hentry","category-mentoria"],"yoast_head":"<!-- This site is optimized with the Yoast SEO plugin v27.4 - https:\/\/yoast.com\/product\/yoast-seo-wordpress\/ -->\n<title>Mentores empresariais: testemunhos inspiradores<\/title>\n<meta name=\"description\" content=\"Descobre testemunhos inspiradores de mentores internos para impulsionar a tua carreira e lideran\u00e7a com os seus conselhos e experi\u00eancia inestim\u00e1veis.\" \/>\n<meta name=\"robots\" content=\"index, follow, max-snippet:-1, max-image-preview:large, max-video-preview:-1\" \/>\n<link rel=\"canonical\" href=\"https:\/\/www.alumni.space\/pt-pt\/historias-inspiradoras-de-mentores-empresariais\/\" \/>\n<meta property=\"og:locale\" content=\"pt_PT\" \/>\n<meta property=\"og:type\" content=\"article\" \/>\n<meta property=\"og:title\" content=\"Mentores empresariais: testemunhos inspiradores\" \/>\n<meta property=\"og:description\" content=\"Descobre testemunhos inspiradores de mentores internos para impulsionar a tua carreira e lideran\u00e7a com os seus conselhos e experi\u00eancia inestim\u00e1veis.\" \/>\n<meta property=\"og:url\" content=\"https:\/\/www.alumni.space\/pt-pt\/historias-inspiradoras-de-mentores-empresariais\/\" \/>\n<meta property=\"og:site_name\" content=\"Alumni.space\" \/>\n<meta property=\"article:published_time\" content=\"2024-12-07T01:04:15+00:00\" \/>\n<meta property=\"article:modified_time\" content=\"2026-04-02T12:06:05+00:00\" \/>\n<meta property=\"og:image\" content=\"https:\/\/www.alumni.space\/wp-content\/uploads\/2026\/03\/Les-temoignages-inspirants-de-mentors-en-entreprise.jpg\" \/>\n\t<meta property=\"og:image:width\" content=\"1280\" \/>\n\t<meta property=\"og:image:height\" content=\"768\" \/>\n\t<meta property=\"og:image:type\" content=\"image\/jpeg\" \/>\n<meta name=\"author\" content=\"admin\" \/>\n<meta name=\"twitter:card\" content=\"summary_large_image\" \/>\n<meta name=\"twitter:label1\" content=\"Escrito por\" \/>\n\t<meta name=\"twitter:data1\" content=\"admin\" \/>\n\t<meta name=\"twitter:label2\" content=\"Tempo estimado de leitura\" \/>\n\t<meta name=\"twitter:data2\" content=\"5 minutos\" \/>\n<script type=\"application\/ld+json\" class=\"yoast-schema-graph\">{\"@context\":\"https:\\\/\\\/schema.org\",\"@graph\":[{\"@type\":\"Article\",\"@id\":\"https:\\\/\\\/www.alumni.space\\\/pt-pt\\\/historias-inspiradoras-de-mentores-empresariais\\\/#article\",\"isPartOf\":{\"@id\":\"https:\\\/\\\/www.alumni.space\\\/pt-pt\\\/historias-inspiradoras-de-mentores-empresariais\\\/\"},\"author\":{\"name\":\"admin\",\"@id\":\"https:\\\/\\\/www.alumni.space\\\/pt-pt\\\/#\\\/schema\\\/person\\\/fede362a57876edda476a61f05ce5b15\"},\"headline\":\"Hist\u00f3rias inspiradoras de mentores empresariais\",\"datePublished\":\"2024-12-07T01:04:15+00:00\",\"dateModified\":\"2026-04-02T12:06:05+00:00\",\"mainEntityOfPage\":{\"@id\":\"https:\\\/\\\/www.alumni.space\\\/pt-pt\\\/historias-inspiradoras-de-mentores-empresariais\\\/\"},\"wordCount\":1031,\"image\":{\"@id\":\"https:\\\/\\\/www.alumni.space\\\/pt-pt\\\/historias-inspiradoras-de-mentores-empresariais\\\/#primaryimage\"},\"thumbnailUrl\":\"https:\\\/\\\/www.alumni.space\\\/wp-content\\\/uploads\\\/2026\\\/03\\\/Les-temoignages-inspirants-de-mentors-en-entreprise.jpg\",\"articleSection\":[\"Mentoria\"],\"inLanguage\":\"pt-PT\"},{\"@type\":\"WebPage\",\"@id\":\"https:\\\/\\\/www.alumni.space\\\/pt-pt\\\/historias-inspiradoras-de-mentores-empresariais\\\/\",\"url\":\"https:\\\/\\\/www.alumni.space\\\/pt-pt\\\/historias-inspiradoras-de-mentores-empresariais\\\/\",\"name\":\"Mentores empresariais: testemunhos inspiradores\",\"isPartOf\":{\"@id\":\"https:\\\/\\\/www.alumni.space\\\/pt-pt\\\/#website\"},\"primaryImageOfPage\":{\"@id\":\"https:\\\/\\\/www.alumni.space\\\/pt-pt\\\/historias-inspiradoras-de-mentores-empresariais\\\/#primaryimage\"},\"image\":{\"@id\":\"https:\\\/\\\/www.alumni.space\\\/pt-pt\\\/historias-inspiradoras-de-mentores-empresariais\\\/#primaryimage\"},\"thumbnailUrl\":\"https:\\\/\\\/www.alumni.space\\\/wp-content\\\/uploads\\\/2026\\\/03\\\/Les-temoignages-inspirants-de-mentors-en-entreprise.jpg\",\"datePublished\":\"2024-12-07T01:04:15+00:00\",\"dateModified\":\"2026-04-02T12:06:05+00:00\",\"author\":{\"@id\":\"https:\\\/\\\/www.alumni.space\\\/pt-pt\\\/#\\\/schema\\\/person\\\/fede362a57876edda476a61f05ce5b15\"},\"description\":\"Descobre testemunhos inspiradores de mentores internos para impulsionar a tua carreira e lideran\u00e7a com os seus conselhos e experi\u00eancia inestim\u00e1veis.\",\"breadcrumb\":{\"@id\":\"https:\\\/\\\/www.alumni.space\\\/pt-pt\\\/historias-inspiradoras-de-mentores-empresariais\\\/#breadcrumb\"},\"inLanguage\":\"pt-PT\",\"potentialAction\":[{\"@type\":\"ReadAction\",\"target\":[\"https:\\\/\\\/www.alumni.space\\\/pt-pt\\\/historias-inspiradoras-de-mentores-empresariais\\\/\"]}]},{\"@type\":\"ImageObject\",\"inLanguage\":\"pt-PT\",\"@id\":\"https:\\\/\\\/www.alumni.space\\\/pt-pt\\\/historias-inspiradoras-de-mentores-empresariais\\\/#primaryimage\",\"url\":\"https:\\\/\\\/www.alumni.space\\\/wp-content\\\/uploads\\\/2026\\\/03\\\/Les-temoignages-inspirants-de-mentors-en-entreprise.jpg\",\"contentUrl\":\"https:\\\/\\\/www.alumni.space\\\/wp-content\\\/uploads\\\/2026\\\/03\\\/Les-temoignages-inspirants-de-mentors-en-entreprise.jpg\",\"width\":1280,\"height\":768,\"caption\":\"descobre as hist\u00f3rias inspiradoras de mentores de empresas, que partilham as suas experi\u00eancias e conselhos sobre como orientar e motivar os profissionais para o sucesso.\"},{\"@type\":\"BreadcrumbList\",\"@id\":\"https:\\\/\\\/www.alumni.space\\\/pt-pt\\\/historias-inspiradoras-de-mentores-empresariais\\\/#breadcrumb\",\"itemListElement\":[{\"@type\":\"ListItem\",\"position\":1,\"name\":\"Home\",\"item\":\"https:\\\/\\\/www.alumni.space\\\/pt-pt\\\/plataforma-de-gestao-de-mentores-e-antigos-alunos\\\/\"},{\"@type\":\"ListItem\",\"position\":2,\"name\":\"Hist\u00f3rias inspiradoras de mentores empresariais\"}]},{\"@type\":\"WebSite\",\"@id\":\"https:\\\/\\\/www.alumni.space\\\/pt-pt\\\/#website\",\"url\":\"https:\\\/\\\/www.alumni.space\\\/pt-pt\\\/\",\"name\":\"Alumni.space\",\"description\":\"My WordPress Blog\",\"potentialAction\":[{\"@type\":\"SearchAction\",\"target\":{\"@type\":\"EntryPoint\",\"urlTemplate\":\"https:\\\/\\\/www.alumni.space\\\/pt-pt\\\/?s={search_term_string}\"},\"query-input\":{\"@type\":\"PropertyValueSpecification\",\"valueRequired\":true,\"valueName\":\"search_term_string\"}}],\"inLanguage\":\"pt-PT\"},{\"@type\":\"Person\",\"@id\":\"https:\\\/\\\/www.alumni.space\\\/pt-pt\\\/#\\\/schema\\\/person\\\/fede362a57876edda476a61f05ce5b15\",\"name\":\"admin\",\"image\":{\"@type\":\"ImageObject\",\"inLanguage\":\"pt-PT\",\"@id\":\"https:\\\/\\\/secure.gravatar.com\\\/avatar\\\/318e234ae94f90d4d629428d6b983c08e31181c28f579e08a021180d759ea651?s=96&d=mm&r=g\",\"url\":\"https:\\\/\\\/secure.gravatar.com\\\/avatar\\\/318e234ae94f90d4d629428d6b983c08e31181c28f579e08a021180d759ea651?s=96&d=mm&r=g\",\"contentUrl\":\"https:\\\/\\\/secure.gravatar.com\\\/avatar\\\/318e234ae94f90d4d629428d6b983c08e31181c28f579e08a021180d759ea651?s=96&d=mm&r=g\",\"caption\":\"admin\"},\"description\":\"Nicolas Laustriat a construit sa sp\u00e9cialit\u00e9 sur un sujet que beaucoup d\u2019organisations d\u00e9couvrent trop tard : ce qui dispara\u00eet quand les gens partent. Dipl\u00f4m\u00e9 en conception de produit industriel, il bifurque vers le digital fin 1996, il couvre les transformations marques, RH, la fid\u00e9lisation, la marque employeur. Sur le terrain, il rep\u00e8re un angle mort r\u00e9current : l\u2019entreprise investit dans le recrutement, la formation, les process\u2026 puis laisse filer le lien au moment du d\u00e9part, avec une perte de savoir et d\u2019influence qui se paie en silence. Il se sp\u00e9cialise alors sur les communaut\u00e9s d\u2019alumni, le mentorat, l\u2019entraide interg\u00e9n\u00e9rationnelle et la transmission d\u2019expertise. Il passe du \u201cconstat\u201d aux m\u00e9thodes : animation, gouvernance, segmentation, rituels, mesure d\u2019engagement, articulation avec la RSE et l\u2019employabilit\u00e9. Il interviewe DRH, responsables formation, directions d\u2019\u00e9coles, associations et fondations, avec une obsession : transformer un r\u00e9seau dormant en m\u00e9canisme utile (cooptation, mentorat, job board, entraide, \u00e9v\u00e9nements, contenus). Son style : direct, orient\u00e9 action, sans folklore. Sa conviction : une communaut\u00e9 n\u2019a pas besoin de bruit, elle a besoin de raisons de revenir.\",\"sameAs\":[\"https:\\\/\\\/www.alumni.space\"]}]}<\/script>\n<!-- \/ Yoast SEO plugin. -->","yoast_head_json":{"title":"Mentores empresariais: testemunhos inspiradores","description":"Descobre testemunhos inspiradores de mentores internos para impulsionar a tua carreira e lideran\u00e7a com os seus conselhos e experi\u00eancia inestim\u00e1veis.","robots":{"index":"index","follow":"follow","max-snippet":"max-snippet:-1","max-image-preview":"max-image-preview:large","max-video-preview":"max-video-preview:-1"},"canonical":"https:\/\/www.alumni.space\/pt-pt\/historias-inspiradoras-de-mentores-empresariais\/","og_locale":"pt_PT","og_type":"article","og_title":"Mentores empresariais: testemunhos inspiradores","og_description":"Descobre testemunhos inspiradores de mentores internos para impulsionar a tua carreira e lideran\u00e7a com os seus conselhos e experi\u00eancia inestim\u00e1veis.","og_url":"https:\/\/www.alumni.space\/pt-pt\/historias-inspiradoras-de-mentores-empresariais\/","og_site_name":"Alumni.space","article_published_time":"2024-12-07T01:04:15+00:00","article_modified_time":"2026-04-02T12:06:05+00:00","og_image":[{"width":1280,"height":768,"url":"https:\/\/www.alumni.space\/wp-content\/uploads\/2026\/03\/Les-temoignages-inspirants-de-mentors-en-entreprise.jpg","type":"image\/jpeg"}],"author":"admin","twitter_card":"summary_large_image","twitter_misc":{"Escrito por":"admin","Tempo estimado de leitura":"5 minutos"},"schema":{"@context":"https:\/\/schema.org","@graph":[{"@type":"Article","@id":"https:\/\/www.alumni.space\/pt-pt\/historias-inspiradoras-de-mentores-empresariais\/#article","isPartOf":{"@id":"https:\/\/www.alumni.space\/pt-pt\/historias-inspiradoras-de-mentores-empresariais\/"},"author":{"name":"admin","@id":"https:\/\/www.alumni.space\/pt-pt\/#\/schema\/person\/fede362a57876edda476a61f05ce5b15"},"headline":"Hist\u00f3rias inspiradoras de mentores empresariais","datePublished":"2024-12-07T01:04:15+00:00","dateModified":"2026-04-02T12:06:05+00:00","mainEntityOfPage":{"@id":"https:\/\/www.alumni.space\/pt-pt\/historias-inspiradoras-de-mentores-empresariais\/"},"wordCount":1031,"image":{"@id":"https:\/\/www.alumni.space\/pt-pt\/historias-inspiradoras-de-mentores-empresariais\/#primaryimage"},"thumbnailUrl":"https:\/\/www.alumni.space\/wp-content\/uploads\/2026\/03\/Les-temoignages-inspirants-de-mentors-en-entreprise.jpg","articleSection":["Mentoria"],"inLanguage":"pt-PT"},{"@type":"WebPage","@id":"https:\/\/www.alumni.space\/pt-pt\/historias-inspiradoras-de-mentores-empresariais\/","url":"https:\/\/www.alumni.space\/pt-pt\/historias-inspiradoras-de-mentores-empresariais\/","name":"Mentores empresariais: testemunhos inspiradores","isPartOf":{"@id":"https:\/\/www.alumni.space\/pt-pt\/#website"},"primaryImageOfPage":{"@id":"https:\/\/www.alumni.space\/pt-pt\/historias-inspiradoras-de-mentores-empresariais\/#primaryimage"},"image":{"@id":"https:\/\/www.alumni.space\/pt-pt\/historias-inspiradoras-de-mentores-empresariais\/#primaryimage"},"thumbnailUrl":"https:\/\/www.alumni.space\/wp-content\/uploads\/2026\/03\/Les-temoignages-inspirants-de-mentors-en-entreprise.jpg","datePublished":"2024-12-07T01:04:15+00:00","dateModified":"2026-04-02T12:06:05+00:00","author":{"@id":"https:\/\/www.alumni.space\/pt-pt\/#\/schema\/person\/fede362a57876edda476a61f05ce5b15"},"description":"Descobre testemunhos inspiradores de mentores internos para impulsionar a tua carreira e lideran\u00e7a com os seus conselhos e experi\u00eancia inestim\u00e1veis.","breadcrumb":{"@id":"https:\/\/www.alumni.space\/pt-pt\/historias-inspiradoras-de-mentores-empresariais\/#breadcrumb"},"inLanguage":"pt-PT","potentialAction":[{"@type":"ReadAction","target":["https:\/\/www.alumni.space\/pt-pt\/historias-inspiradoras-de-mentores-empresariais\/"]}]},{"@type":"ImageObject","inLanguage":"pt-PT","@id":"https:\/\/www.alumni.space\/pt-pt\/historias-inspiradoras-de-mentores-empresariais\/#primaryimage","url":"https:\/\/www.alumni.space\/wp-content\/uploads\/2026\/03\/Les-temoignages-inspirants-de-mentors-en-entreprise.jpg","contentUrl":"https:\/\/www.alumni.space\/wp-content\/uploads\/2026\/03\/Les-temoignages-inspirants-de-mentors-en-entreprise.jpg","width":1280,"height":768,"caption":"descobre as hist\u00f3rias inspiradoras de mentores de empresas, que partilham as suas experi\u00eancias e conselhos sobre como orientar e motivar os profissionais para o sucesso."},{"@type":"BreadcrumbList","@id":"https:\/\/www.alumni.space\/pt-pt\/historias-inspiradoras-de-mentores-empresariais\/#breadcrumb","itemListElement":[{"@type":"ListItem","position":1,"name":"Home","item":"https:\/\/www.alumni.space\/pt-pt\/plataforma-de-gestao-de-mentores-e-antigos-alunos\/"},{"@type":"ListItem","position":2,"name":"Hist\u00f3rias inspiradoras de mentores empresariais"}]},{"@type":"WebSite","@id":"https:\/\/www.alumni.space\/pt-pt\/#website","url":"https:\/\/www.alumni.space\/pt-pt\/","name":"Alumni.space","description":"My WordPress Blog","potentialAction":[{"@type":"SearchAction","target":{"@type":"EntryPoint","urlTemplate":"https:\/\/www.alumni.space\/pt-pt\/?s={search_term_string}"},"query-input":{"@type":"PropertyValueSpecification","valueRequired":true,"valueName":"search_term_string"}}],"inLanguage":"pt-PT"},{"@type":"Person","@id":"https:\/\/www.alumni.space\/pt-pt\/#\/schema\/person\/fede362a57876edda476a61f05ce5b15","name":"admin","image":{"@type":"ImageObject","inLanguage":"pt-PT","@id":"https:\/\/secure.gravatar.com\/avatar\/318e234ae94f90d4d629428d6b983c08e31181c28f579e08a021180d759ea651?s=96&d=mm&r=g","url":"https:\/\/secure.gravatar.com\/avatar\/318e234ae94f90d4d629428d6b983c08e31181c28f579e08a021180d759ea651?s=96&d=mm&r=g","contentUrl":"https:\/\/secure.gravatar.com\/avatar\/318e234ae94f90d4d629428d6b983c08e31181c28f579e08a021180d759ea651?s=96&d=mm&r=g","caption":"admin"},"description":"Nicolas Laustriat a construit sa sp\u00e9cialit\u00e9 sur un sujet que beaucoup d\u2019organisations d\u00e9couvrent trop tard : ce qui dispara\u00eet quand les gens partent. Dipl\u00f4m\u00e9 en conception de produit industriel, il bifurque vers le digital fin 1996, il couvre les transformations marques, RH, la fid\u00e9lisation, la marque employeur. Sur le terrain, il rep\u00e8re un angle mort r\u00e9current : l\u2019entreprise investit dans le recrutement, la formation, les process\u2026 puis laisse filer le lien au moment du d\u00e9part, avec une perte de savoir et d\u2019influence qui se paie en silence. Il se sp\u00e9cialise alors sur les communaut\u00e9s d\u2019alumni, le mentorat, l\u2019entraide interg\u00e9n\u00e9rationnelle et la transmission d\u2019expertise. Il passe du \u201cconstat\u201d aux m\u00e9thodes : animation, gouvernance, segmentation, rituels, mesure d\u2019engagement, articulation avec la RSE et l\u2019employabilit\u00e9. Il interviewe DRH, responsables formation, directions d\u2019\u00e9coles, associations et fondations, avec une obsession : transformer un r\u00e9seau dormant en m\u00e9canisme utile (cooptation, mentorat, job board, entraide, \u00e9v\u00e9nements, contenus). Son style : direct, orient\u00e9 action, sans folklore. Sa conviction : une communaut\u00e9 n\u2019a pas besoin de bruit, elle a besoin de raisons de revenir.","sameAs":["https:\/\/www.alumni.space"]}]}},"_links":{"self":[{"href":"https:\/\/www.alumni.space\/pt-pt\/wp-json\/wp\/v2\/posts\/4701","targetHints":{"allow":["GET"]}}],"collection":[{"href":"https:\/\/www.alumni.space\/pt-pt\/wp-json\/wp\/v2\/posts"}],"about":[{"href":"https:\/\/www.alumni.space\/pt-pt\/wp-json\/wp\/v2\/types\/post"}],"author":[{"embeddable":true,"href":"https:\/\/www.alumni.space\/pt-pt\/wp-json\/wp\/v2\/users\/1"}],"replies":[{"embeddable":true,"href":"https:\/\/www.alumni.space\/pt-pt\/wp-json\/wp\/v2\/comments?post=4701"}],"version-history":[{"count":3,"href":"https:\/\/www.alumni.space\/pt-pt\/wp-json\/wp\/v2\/posts\/4701\/revisions"}],"predecessor-version":[{"id":7032,"href":"https:\/\/www.alumni.space\/pt-pt\/wp-json\/wp\/v2\/posts\/4701\/revisions\/7032"}],"wp:featuredmedia":[{"embeddable":true,"href":"https:\/\/www.alumni.space\/pt-pt\/wp-json\/wp\/v2\/media\/4703"}],"wp:attachment":[{"href":"https:\/\/www.alumni.space\/pt-pt\/wp-json\/wp\/v2\/media?parent=4701"}],"wp:term":[{"taxonomy":"category","embeddable":true,"href":"https:\/\/www.alumni.space\/pt-pt\/wp-json\/wp\/v2\/categories?post=4701"},{"taxonomy":"post_tag","embeddable":true,"href":"https:\/\/www.alumni.space\/pt-pt\/wp-json\/wp\/v2\/tags?post=4701"}],"curies":[{"name":"wp","href":"https:\/\/api.w.org\/{rel}","templated":true}]}}