{"id":4638,"date":"2024-02-09T10:45:56","date_gmt":"2024-02-09T10:45:56","guid":{"rendered":"https:\/\/www.alumni.space\/como-e-que-os-escritorios-de-advogados-estao-a-antecipar-a-perda-de-especialistas-seniores\/"},"modified":"2026-03-28T10:48:02","modified_gmt":"2026-03-28T10:48:02","slug":"como-e-que-os-escritorios-de-advogados-estao-a-antecipar-a-perda-de-especialistas-seniores","status":"publish","type":"post","link":"https:\/\/www.alumni.space\/pt-pt\/como-e-que-os-escritorios-de-advogados-estao-a-antecipar-a-perda-de-especialistas-seniores\/","title":{"rendered":"Como \u00e9 que os escrit\u00f3rios de advogados est\u00e3o a antecipar a perda de especialistas seniores?"},"content":{"rendered":"<div id=\"ez-toc-container\" class=\"ez-toc-v2_0_82_2 counter-flat ez-toc-counter ez-toc-grey ez-toc-container-direction\">\n<div class=\"ez-toc-title-container\"><p class=\"ez-toc-title\" style=\"cursor:inherit\">\u00cdndice deste artigo:<\/p>\n<\/div><nav><ul class='ez-toc-list ez-toc-list-level-1 ' ><li class='ez-toc-page-1'><a class=\"ez-toc-link ez-toc-heading-1\" href=\"https:\/\/www.alumni.space\/pt-pt\/como-e-que-os-escritorios-de-advogados-estao-a-antecipar-a-perda-de-especialistas-seniores\/#A_perda_de_peritos_seniores_um_desafio_estrategico_para_as_sociedades_de_advogados\" >A perda de peritos seniores: um desafio estrat\u00e9gico para as sociedades de advogados<\/a><\/li><li class='ez-toc-page-1'><a class=\"ez-toc-link ez-toc-heading-2\" href=\"https:\/\/www.alumni.space\/pt-pt\/como-e-que-os-escritorios-de-advogados-estao-a-antecipar-a-perda-de-especialistas-seniores\/#Antecipar_a_transicao_ferramentas_e_praticas_para_assegurar_a_transmissao_de_conhecimentos\" >Antecipar a transi\u00e7\u00e3o: ferramentas e pr\u00e1ticas para assegurar a transmiss\u00e3o de conhecimentos<\/a><\/li><li class='ez-toc-page-1'><a class=\"ez-toc-link ez-toc-heading-3\" href=\"https:\/\/www.alumni.space\/pt-pt\/como-e-que-os-escritorios-de-advogados-estao-a-antecipar-a-perda-de-especialistas-seniores\/#A_rotacao_do_pessoal_e_o_seu_impacto_na_perda_de_peritos_seniores_nas_sociedades_de_advogados\" >A rota\u00e7\u00e3o do pessoal e o seu impacto na perda de peritos seniores nas sociedades de advogados<\/a><\/li><li class='ez-toc-page-1'><a class=\"ez-toc-link ez-toc-heading-4\" href=\"https:\/\/www.alumni.space\/pt-pt\/como-e-que-os-escritorios-de-advogados-estao-a-antecipar-a-perda-de-especialistas-seniores\/#Como_e_que_as_sociedades_de_advogados_estao_a_estruturar_a_gestao_de_talentos_para_garantir_a_sucessao\" >Como \u00e9 que as sociedades de advogados est\u00e3o a estruturar a gest\u00e3o de talentos para garantir a sucess\u00e3o<\/a><\/li><\/ul><\/nav><\/div>\n<h2 class=\"wp-block-heading\"><span class=\"ez-toc-section\" id=\"A_perda_de_peritos_seniores_um_desafio_estrategico_para_as_sociedades_de_advogados\"><\/span>A perda de peritos seniores: um desafio estrat\u00e9gico para as sociedades de advogados<span class=\"ez-toc-section-end\"><\/span><\/h2><p>Os escrit\u00f3rios de advogados encontram-se na linha da frente no que diz respeito \u00e0 <strong>perda de especialistas seniores<\/strong>, uma realidade que tem um impacto direto na sustentabilidade do know-how e na qualidade dos servi\u00e7os prestados. Em 2026, a antecipa\u00e7\u00e3o deste fen\u00f3meno tornou-se uma quest\u00e3o fundamental na <strong>gest\u00e3o<\/strong> e <strong>reten\u00e7\u00e3o<\/strong> <strong>de talentos<\/strong>. <strong>As reformas<\/strong> representam uma dupla perda: humana e intelectual, sobretudo quando n\u00e3o existe um plano de <strong>sucess\u00e3o<\/strong>.  <\/p><p>No centro desta quest\u00e3o est\u00e1 a necessidade de transmitir conhecimentos. Sem uma estrat\u00e9gia s\u00f3lida, que integre ac\u00e7\u00f5es <strong>de forma\u00e7\u00e3o cont\u00ednua<\/strong> e de tutoria, as empresas correm o risco de ver o seu capital de experi\u00eancia ser rapidamente erodido, comprometendo assim as compet\u00eancias desenvolvidas ao longo dos anos. Esta abordagem passa pela consolida\u00e7\u00e3o das redes profissionais internas, incentivada por plataformas digitais espec\u00edficas.  <\/p><figure class=\"wp-block-image size-full\"><img decoding=\"async\" width=\"1280\" height=\"768\" src=\"https:\/\/www.alumni.space\/wp-content\/uploads\/2026\/03\/Comment-les-cabinets-juridiques-anticipent-ils-la-perte-des-experts-seniors-1-1.jpg\" data-orig-src=\"https:\/\/www.alumni.space\/wp-content\/uploads\/2026\/03\/Comment-les-cabinets-juridiques-anticipent-ils-la-perte-des-experts-seniors-1-1.jpg\" alt=\"descobre como os escrit\u00f3rios de advogados est\u00e3o a antecipar e a gerir a perda de especialistas seniores para garantir a continuidade e a qualidade dos seus servi\u00e7os.\" class=\"lazyload wp-image-3288\" srcset=\"data:image\/svg+xml,%3Csvg%20xmlns%3D%27http%3A%2F%2Fwww.w3.org%2F2000%2Fsvg%27%20width%3D%271280%27%20height%3D%27768%27%20viewBox%3D%270%200%201280%20768%27%3E%3Crect%20width%3D%271280%27%20height%3D%27768%27%20fill-opacity%3D%220%22%2F%3E%3C%2Fsvg%3E\" data-srcset=\"https:\/\/www.alumni.space\/wp-content\/uploads\/2026\/03\/Comment-les-cabinets-juridiques-anticipent-ils-la-perte-des-experts-seniors-1-1-200x120.jpg 200w, https:\/\/www.alumni.space\/wp-content\/uploads\/2026\/03\/Comment-les-cabinets-juridiques-anticipent-ils-la-perte-des-experts-seniors-1-1-300x180.jpg 300w, https:\/\/www.alumni.space\/wp-content\/uploads\/2026\/03\/Comment-les-cabinets-juridiques-anticipent-ils-la-perte-des-experts-seniors-1-1-400x240.jpg 400w, https:\/\/www.alumni.space\/wp-content\/uploads\/2026\/03\/Comment-les-cabinets-juridiques-anticipent-ils-la-perte-des-experts-seniors-1-1-600x360.jpg 600w, https:\/\/www.alumni.space\/wp-content\/uploads\/2026\/03\/Comment-les-cabinets-juridiques-anticipent-ils-la-perte-des-experts-seniors-1-1-768x461.jpg 768w, https:\/\/www.alumni.space\/wp-content\/uploads\/2026\/03\/Comment-les-cabinets-juridiques-anticipent-ils-la-perte-des-experts-seniors-1-1-800x480.jpg 800w, https:\/\/www.alumni.space\/wp-content\/uploads\/2026\/03\/Comment-les-cabinets-juridiques-anticipent-ils-la-perte-des-experts-seniors-1-1-1024x614.jpg 1024w, https:\/\/www.alumni.space\/wp-content\/uploads\/2026\/03\/Comment-les-cabinets-juridiques-anticipent-ils-la-perte-des-experts-seniors-1-1-1200x720.jpg 1200w, https:\/\/www.alumni.space\/wp-content\/uploads\/2026\/03\/Comment-les-cabinets-juridiques-anticipent-ils-la-perte-des-experts-seniors-1-1.jpg 1280w\" data-sizes=\"auto\" data-orig-sizes=\"(max-width: 1280px) 100vw, 1280px\" \/><\/figure><h3 class=\"wp-block-heading\"><span class=\"ez-toc-section\" id=\"Antecipar_a_transicao_ferramentas_e_praticas_para_assegurar_a_transmissao_de_conhecimentos\"><\/span>Antecipar a transi\u00e7\u00e3o: ferramentas e pr\u00e1ticas para assegurar a transmiss\u00e3o de conhecimentos<span class=\"ez-toc-section-end\"><\/span><\/h3><p>Face a esta perda programada, os escrit\u00f3rios de advogados instauram processos de planifica\u00e7\u00e3o rigorosos. A integra\u00e7\u00e3o de jovens colaboradores em &#8220;bin\u00f4mage&#8221; com especialistas seniores favorece uma transfer\u00eancia progressiva e pr\u00e1tica das compet\u00eancias. A instaura\u00e7\u00e3o de um plano de sucess\u00e3o permite definir os postos-chave e elaborar planos de a\u00e7\u00e3o precisos.  <\/p><p>Os Recursos Humanos desempenham um papel central nesta din\u00e2mica. Garantem que os percursos de carreira s\u00e3o adaptados \u00e0s necessidades individuais para maximizar o envolvimento. A gest\u00e3o proactiva das carreiras n\u00e3o s\u00f3 facilita a reten\u00e7\u00e3o de talentos, como tamb\u00e9m permite alinh\u00e1-los melhor com as necessidades futuras da empresa, num contexto em que a intelig\u00eancia artificial e as novas tecnologias est\u00e3o a remodelar os m\u00e9todos de trabalho.  <\/p><p>As empresas adoptam cada vez mais plataformas SaaS para gerir e animar as comunidades, como a <a href=\"https:\/\/www.alumni.space\/pt-pt\/as-profissoes-juridicas-enfrentam-o-desafio-da-transferencia-de-conhecimentos\/\">alumni.space<\/a>, que centraliza os perfis, os eventos e os conte\u00fados e permite um acompanhamento eficaz dos programas de tutoria. A digitaliza\u00e7\u00e3o tamb\u00e9m facilita <strong>a continuidade da rede<\/strong> e o interc\u00e2mbio entre gera\u00e7\u00f5es, duas alavancas fundamentais para limitar a <strong>perda de conhecimentos<\/strong>. <\/p><h2 class=\"wp-block-heading\"><span class=\"ez-toc-section\" id=\"A_rotacao_do_pessoal_e_o_seu_impacto_na_perda_de_peritos_seniores_nas_sociedades_de_advogados\"><\/span>A rota\u00e7\u00e3o do pessoal e o seu impacto na perda de peritos seniores nas sociedades de advogados<span class=\"ez-toc-section-end\"><\/span><\/h2><p>A rota\u00e7\u00e3o do pessoal continua a ser uma realidade inevit\u00e1vel nos escrit\u00f3rios de advogados, agravada por factores como o ritmo intenso de trabalho, as perspectivas de progress\u00e3o na carreira por vezes limitadas e os problemas de gest\u00e3o. Segundo as observa\u00e7\u00f5es dos gabinetes especializados em consultoria jur\u00eddica, a rota\u00e7\u00e3o incontrolada do pessoal pode enfraquecer a estrutura, nomeadamente quando se trata de perfis experientes. <\/p><p>De acordo com um estudo recente, a gest\u00e3o da rotatividade no sector jur\u00eddico exige uma categoriza\u00e7\u00e3o pormenorizada das sa\u00eddas, tendo em conta o n\u00edvel de experi\u00eancia, o estatuto e o departamento. Ao centrarmo-nos nos especialistas seniores, podemos avaliar com precis\u00e3o o impacto da sua sa\u00edda no desempenho da empresa e nas rela\u00e7\u00f5es com os clientes. <\/p><p>Patrick Bignon, consultor de renome, recorda que <strong>a rotatividade pode, por vezes, desempenhar um papel regulador salutar<\/strong>, pondo em evid\u00eancia os talentos mais bem adaptados \u00e0 empresa. No entanto, este fen\u00f3meno torna-se problem\u00e1tico quando p\u00f5e em causa a estabilidade e a qualidade das nossas compet\u00eancias. \u00c9 aqui que uma gest\u00e3o rigorosa dos recursos humanos se torna essencial.  <\/p><p>A fidelidade assenta numa gest\u00e3o pr\u00f3xima, combinada com uma aten\u00e7\u00e3o cuidadosa \u00e0s necessidades dos trabalhadores. Apoia-se igualmente na <strong>forma\u00e7\u00e3o cont\u00ednua<\/strong> para manter o n\u00edvel de excel\u00eancia esperado face \u00e0s evolu\u00e7\u00f5es jur\u00eddicas e tecnol\u00f3gicas. Esta abordagem reduz significativamente o risco de sa\u00eddas volunt\u00e1rias indesejadas.  <\/p><h3 class=\"wp-block-heading\"><span class=\"ez-toc-section\" id=\"Como_e_que_as_sociedades_de_advogados_estao_a_estruturar_a_gestao_de_talentos_para_garantir_a_sucessao\"><\/span>Como \u00e9 que as sociedades de advogados est\u00e3o a estruturar a gest\u00e3o de talentos para garantir a sucess\u00e3o<span class=\"ez-toc-section-end\"><\/span><\/h3><p><strong>O planeamento da sucess\u00e3o<\/strong> baseia-se num m\u00e9todo abrangente: identificar os principais talentos, preparar os trabalhadores promissores e criar sistemas de apoio adequados. Isto abrange tanto os aspectos t\u00e9cnicos como a cultura da empresa, o que \u00e9 essencial para garantir uma boa integra\u00e7\u00e3o dos rec\u00e9m-chegados. <\/p><p>A utiliza\u00e7\u00e3o de ferramentas digitais espec\u00edficas permite o acompanhamento dos indicadores de RH em tempo real, facilitando a gest\u00e3o das ac\u00e7\u00f5es. O recurso a redes de antigos colaboradores contribui tamb\u00e9m para refor\u00e7ar o capital relacional para al\u00e9m da vida ativa na empresa. Esta rede de alumni torna-se um vetor de<strong>apoio m\u00fatuo<\/strong> e de oportunidades profissionais, favorecendo a coopta\u00e7\u00e3o e a continuidade dos projectos.  <\/p><p>A possibilidade de industrializar esta gest\u00e3o atrav\u00e9s de uma plataforma como a <a href=\"https:\/\/www.alumni.space\/pt-pt\/a-perda-de-conhecimentos-nas-empresas-de-consultoria-um-risco-estrategico\/\">alumni.space<\/a> permite \u00e0 empresa poupar muito tempo. Elimina a necessidade de utilizar folhas de c\u00e1lculo dispersas e reduz o risco de descuidos. Ao centralizar a base de dados, a plataforma amplifica o impacto das ac\u00e7\u00f5es de transmiss\u00e3o e garante uma melhor visibilidade das compet\u00eancias dispon\u00edveis.  <\/p>","protected":false},"excerpt":{"rendered":"<p>A perda de peritos seniores: um desafio estrat\u00e9gico para as  [&#8230;]<\/p>\n","protected":false},"author":1,"featured_media":4640,"comment_status":"closed","ping_status":"closed","sticky":false,"template":"","format":"standard","meta":{"_ayudawp_aiss_exclude":false,"footnotes":""},"categories":[70],"tags":[],"class_list":["post-4638","post","type-post","status-publish","format-standard","has-post-thumbnail","hentry","category-recursos-humanos"],"yoast_head":"<!-- This site is optimized with the Yoast SEO plugin v27.4 - https:\/\/yoast.com\/product\/yoast-seo-wordpress\/ -->\n<title>Escrit\u00f3rios de advogados: antecipar a sa\u00edda de especialistas seniores<\/title>\n<meta name=\"description\" content=\"Descobre como as sociedades de advogados est\u00e3o a antecipar e a gerir a perda de especialistas seniores para garantir a continuidade e a excel\u00eancia dos servi\u00e7os.\" \/>\n<meta name=\"robots\" content=\"index, follow, max-snippet:-1, max-image-preview:large, max-video-preview:-1\" \/>\n<link rel=\"canonical\" href=\"https:\/\/www.alumni.space\/pt-pt\/como-e-que-os-escritorios-de-advogados-estao-a-antecipar-a-perda-de-especialistas-seniores\/\" \/>\n<meta property=\"og:locale\" content=\"pt_PT\" \/>\n<meta property=\"og:type\" content=\"article\" \/>\n<meta property=\"og:title\" content=\"Escrit\u00f3rios de advogados: antecipar a sa\u00edda de especialistas seniores\" \/>\n<meta property=\"og:description\" content=\"Descobre como as sociedades de advogados est\u00e3o a antecipar e a gerir a perda de especialistas seniores para garantir a continuidade e a excel\u00eancia dos servi\u00e7os.\" \/>\n<meta property=\"og:url\" content=\"https:\/\/www.alumni.space\/pt-pt\/como-e-que-os-escritorios-de-advogados-estao-a-antecipar-a-perda-de-especialistas-seniores\/\" \/>\n<meta property=\"og:site_name\" content=\"Alumni.space\" \/>\n<meta property=\"article:published_time\" content=\"2024-02-09T10:45:56+00:00\" \/>\n<meta property=\"article:modified_time\" content=\"2026-03-28T10:48:02+00:00\" \/>\n<meta property=\"og:image\" content=\"https:\/\/www.alumni.space\/wp-content\/uploads\/2026\/03\/Comment-les-cabinets-juridiques-anticipent-ils-la-perte-des-experts-seniors-.jpg\" \/>\n\t<meta property=\"og:image:width\" content=\"1280\" \/>\n\t<meta property=\"og:image:height\" content=\"768\" \/>\n\t<meta property=\"og:image:type\" content=\"image\/jpeg\" \/>\n<meta name=\"author\" content=\"admin\" \/>\n<meta name=\"twitter:card\" content=\"summary_large_image\" \/>\n<meta name=\"twitter:label1\" content=\"Escrito por\" \/>\n\t<meta name=\"twitter:data1\" content=\"admin\" \/>\n\t<meta name=\"twitter:label2\" content=\"Tempo estimado de leitura\" \/>\n\t<meta name=\"twitter:data2\" content=\"4 minutos\" \/>\n<script type=\"application\/ld+json\" class=\"yoast-schema-graph\">{\"@context\":\"https:\\\/\\\/schema.org\",\"@graph\":[{\"@type\":\"Article\",\"@id\":\"https:\\\/\\\/www.alumni.space\\\/pt-pt\\\/como-e-que-os-escritorios-de-advogados-estao-a-antecipar-a-perda-de-especialistas-seniores\\\/#article\",\"isPartOf\":{\"@id\":\"https:\\\/\\\/www.alumni.space\\\/pt-pt\\\/como-e-que-os-escritorios-de-advogados-estao-a-antecipar-a-perda-de-especialistas-seniores\\\/\"},\"author\":{\"name\":\"admin\",\"@id\":\"https:\\\/\\\/www.alumni.space\\\/pt-pt\\\/#\\\/schema\\\/person\\\/fede362a57876edda476a61f05ce5b15\"},\"headline\":\"Como \u00e9 que os escrit\u00f3rios de advogados est\u00e3o a antecipar a perda de especialistas seniores?\",\"datePublished\":\"2024-02-09T10:45:56+00:00\",\"dateModified\":\"2026-03-28T10:48:02+00:00\",\"mainEntityOfPage\":{\"@id\":\"https:\\\/\\\/www.alumni.space\\\/pt-pt\\\/como-e-que-os-escritorios-de-advogados-estao-a-antecipar-a-perda-de-especialistas-seniores\\\/\"},\"wordCount\":860,\"image\":{\"@id\":\"https:\\\/\\\/www.alumni.space\\\/pt-pt\\\/como-e-que-os-escritorios-de-advogados-estao-a-antecipar-a-perda-de-especialistas-seniores\\\/#primaryimage\"},\"thumbnailUrl\":\"https:\\\/\\\/www.alumni.space\\\/wp-content\\\/uploads\\\/2026\\\/03\\\/Comment-les-cabinets-juridiques-anticipent-ils-la-perte-des-experts-seniors-.jpg\",\"articleSection\":[\"Recursos Humanos\"],\"inLanguage\":\"pt-PT\"},{\"@type\":\"WebPage\",\"@id\":\"https:\\\/\\\/www.alumni.space\\\/pt-pt\\\/como-e-que-os-escritorios-de-advogados-estao-a-antecipar-a-perda-de-especialistas-seniores\\\/\",\"url\":\"https:\\\/\\\/www.alumni.space\\\/pt-pt\\\/como-e-que-os-escritorios-de-advogados-estao-a-antecipar-a-perda-de-especialistas-seniores\\\/\",\"name\":\"Escrit\u00f3rios de advogados: antecipar a sa\u00edda de especialistas seniores\",\"isPartOf\":{\"@id\":\"https:\\\/\\\/www.alumni.space\\\/pt-pt\\\/#website\"},\"primaryImageOfPage\":{\"@id\":\"https:\\\/\\\/www.alumni.space\\\/pt-pt\\\/como-e-que-os-escritorios-de-advogados-estao-a-antecipar-a-perda-de-especialistas-seniores\\\/#primaryimage\"},\"image\":{\"@id\":\"https:\\\/\\\/www.alumni.space\\\/pt-pt\\\/como-e-que-os-escritorios-de-advogados-estao-a-antecipar-a-perda-de-especialistas-seniores\\\/#primaryimage\"},\"thumbnailUrl\":\"https:\\\/\\\/www.alumni.space\\\/wp-content\\\/uploads\\\/2026\\\/03\\\/Comment-les-cabinets-juridiques-anticipent-ils-la-perte-des-experts-seniors-.jpg\",\"datePublished\":\"2024-02-09T10:45:56+00:00\",\"dateModified\":\"2026-03-28T10:48:02+00:00\",\"author\":{\"@id\":\"https:\\\/\\\/www.alumni.space\\\/pt-pt\\\/#\\\/schema\\\/person\\\/fede362a57876edda476a61f05ce5b15\"},\"description\":\"Descobre como as sociedades de advogados est\u00e3o a antecipar e a gerir a perda de especialistas seniores para garantir a continuidade e a excel\u00eancia dos servi\u00e7os.\",\"breadcrumb\":{\"@id\":\"https:\\\/\\\/www.alumni.space\\\/pt-pt\\\/como-e-que-os-escritorios-de-advogados-estao-a-antecipar-a-perda-de-especialistas-seniores\\\/#breadcrumb\"},\"inLanguage\":\"pt-PT\",\"potentialAction\":[{\"@type\":\"ReadAction\",\"target\":[\"https:\\\/\\\/www.alumni.space\\\/pt-pt\\\/como-e-que-os-escritorios-de-advogados-estao-a-antecipar-a-perda-de-especialistas-seniores\\\/\"]}]},{\"@type\":\"ImageObject\",\"inLanguage\":\"pt-PT\",\"@id\":\"https:\\\/\\\/www.alumni.space\\\/pt-pt\\\/como-e-que-os-escritorios-de-advogados-estao-a-antecipar-a-perda-de-especialistas-seniores\\\/#primaryimage\",\"url\":\"https:\\\/\\\/www.alumni.space\\\/wp-content\\\/uploads\\\/2026\\\/03\\\/Comment-les-cabinets-juridiques-anticipent-ils-la-perte-des-experts-seniors-.jpg\",\"contentUrl\":\"https:\\\/\\\/www.alumni.space\\\/wp-content\\\/uploads\\\/2026\\\/03\\\/Comment-les-cabinets-juridiques-anticipent-ils-la-perte-des-experts-seniors-.jpg\",\"width\":1280,\"height\":768,\"caption\":\"Conhece as estrat\u00e9gias adoptadas pelos escrit\u00f3rios de advogados para antecipar e gerir a perda de especialistas seniores, assegurando assim a continuidade e a transmiss\u00e3o de conhecimentos.\"},{\"@type\":\"BreadcrumbList\",\"@id\":\"https:\\\/\\\/www.alumni.space\\\/pt-pt\\\/como-e-que-os-escritorios-de-advogados-estao-a-antecipar-a-perda-de-especialistas-seniores\\\/#breadcrumb\",\"itemListElement\":[{\"@type\":\"ListItem\",\"position\":1,\"name\":\"Home\",\"item\":\"https:\\\/\\\/www.alumni.space\\\/pt-pt\\\/plataforma-de-gestao-de-mentores-e-antigos-alunos\\\/\"},{\"@type\":\"ListItem\",\"position\":2,\"name\":\"Como \u00e9 que os escrit\u00f3rios de advogados est\u00e3o a antecipar a perda de especialistas seniores?\"}]},{\"@type\":\"WebSite\",\"@id\":\"https:\\\/\\\/www.alumni.space\\\/pt-pt\\\/#website\",\"url\":\"https:\\\/\\\/www.alumni.space\\\/pt-pt\\\/\",\"name\":\"Alumni.space\",\"description\":\"My WordPress Blog\",\"potentialAction\":[{\"@type\":\"SearchAction\",\"target\":{\"@type\":\"EntryPoint\",\"urlTemplate\":\"https:\\\/\\\/www.alumni.space\\\/pt-pt\\\/?s={search_term_string}\"},\"query-input\":{\"@type\":\"PropertyValueSpecification\",\"valueRequired\":true,\"valueName\":\"search_term_string\"}}],\"inLanguage\":\"pt-PT\"},{\"@type\":\"Person\",\"@id\":\"https:\\\/\\\/www.alumni.space\\\/pt-pt\\\/#\\\/schema\\\/person\\\/fede362a57876edda476a61f05ce5b15\",\"name\":\"admin\",\"image\":{\"@type\":\"ImageObject\",\"inLanguage\":\"pt-PT\",\"@id\":\"https:\\\/\\\/secure.gravatar.com\\\/avatar\\\/318e234ae94f90d4d629428d6b983c08e31181c28f579e08a021180d759ea651?s=96&d=mm&r=g\",\"url\":\"https:\\\/\\\/secure.gravatar.com\\\/avatar\\\/318e234ae94f90d4d629428d6b983c08e31181c28f579e08a021180d759ea651?s=96&d=mm&r=g\",\"contentUrl\":\"https:\\\/\\\/secure.gravatar.com\\\/avatar\\\/318e234ae94f90d4d629428d6b983c08e31181c28f579e08a021180d759ea651?s=96&d=mm&r=g\",\"caption\":\"admin\"},\"description\":\"Nicolas Laustriat a construit sa sp\u00e9cialit\u00e9 sur un sujet que beaucoup d\u2019organisations d\u00e9couvrent trop tard : ce qui dispara\u00eet quand les gens partent. Dipl\u00f4m\u00e9 en conception de produit industriel, il bifurque vers le digital fin 1996, il couvre les transformations marques, RH, la fid\u00e9lisation, la marque employeur. Sur le terrain, il rep\u00e8re un angle mort r\u00e9current : l\u2019entreprise investit dans le recrutement, la formation, les process\u2026 puis laisse filer le lien au moment du d\u00e9part, avec une perte de savoir et d\u2019influence qui se paie en silence. Il se sp\u00e9cialise alors sur les communaut\u00e9s d\u2019alumni, le mentorat, l\u2019entraide interg\u00e9n\u00e9rationnelle et la transmission d\u2019expertise. Il passe du \u201cconstat\u201d aux m\u00e9thodes : animation, gouvernance, segmentation, rituels, mesure d\u2019engagement, articulation avec la RSE et l\u2019employabilit\u00e9. Il interviewe DRH, responsables formation, directions d\u2019\u00e9coles, associations et fondations, avec une obsession : transformer un r\u00e9seau dormant en m\u00e9canisme utile (cooptation, mentorat, job board, entraide, \u00e9v\u00e9nements, contenus). Son style : direct, orient\u00e9 action, sans folklore. Sa conviction : une communaut\u00e9 n\u2019a pas besoin de bruit, elle a besoin de raisons de revenir.\",\"sameAs\":[\"https:\\\/\\\/www.alumni.space\"]}]}<\/script>\n<!-- \/ Yoast SEO plugin. -->","yoast_head_json":{"title":"Escrit\u00f3rios de advogados: antecipar a sa\u00edda de especialistas seniores","description":"Descobre como as sociedades de advogados est\u00e3o a antecipar e a gerir a perda de especialistas seniores para garantir a continuidade e a excel\u00eancia dos servi\u00e7os.","robots":{"index":"index","follow":"follow","max-snippet":"max-snippet:-1","max-image-preview":"max-image-preview:large","max-video-preview":"max-video-preview:-1"},"canonical":"https:\/\/www.alumni.space\/pt-pt\/como-e-que-os-escritorios-de-advogados-estao-a-antecipar-a-perda-de-especialistas-seniores\/","og_locale":"pt_PT","og_type":"article","og_title":"Escrit\u00f3rios de advogados: antecipar a sa\u00edda de especialistas seniores","og_description":"Descobre como as sociedades de advogados est\u00e3o a antecipar e a gerir a perda de especialistas seniores para garantir a continuidade e a excel\u00eancia dos servi\u00e7os.","og_url":"https:\/\/www.alumni.space\/pt-pt\/como-e-que-os-escritorios-de-advogados-estao-a-antecipar-a-perda-de-especialistas-seniores\/","og_site_name":"Alumni.space","article_published_time":"2024-02-09T10:45:56+00:00","article_modified_time":"2026-03-28T10:48:02+00:00","og_image":[{"width":1280,"height":768,"url":"https:\/\/www.alumni.space\/wp-content\/uploads\/2026\/03\/Comment-les-cabinets-juridiques-anticipent-ils-la-perte-des-experts-seniors-.jpg","type":"image\/jpeg"}],"author":"admin","twitter_card":"summary_large_image","twitter_misc":{"Escrito por":"admin","Tempo estimado de leitura":"4 minutos"},"schema":{"@context":"https:\/\/schema.org","@graph":[{"@type":"Article","@id":"https:\/\/www.alumni.space\/pt-pt\/como-e-que-os-escritorios-de-advogados-estao-a-antecipar-a-perda-de-especialistas-seniores\/#article","isPartOf":{"@id":"https:\/\/www.alumni.space\/pt-pt\/como-e-que-os-escritorios-de-advogados-estao-a-antecipar-a-perda-de-especialistas-seniores\/"},"author":{"name":"admin","@id":"https:\/\/www.alumni.space\/pt-pt\/#\/schema\/person\/fede362a57876edda476a61f05ce5b15"},"headline":"Como \u00e9 que os escrit\u00f3rios de advogados est\u00e3o a antecipar a perda de especialistas seniores?","datePublished":"2024-02-09T10:45:56+00:00","dateModified":"2026-03-28T10:48:02+00:00","mainEntityOfPage":{"@id":"https:\/\/www.alumni.space\/pt-pt\/como-e-que-os-escritorios-de-advogados-estao-a-antecipar-a-perda-de-especialistas-seniores\/"},"wordCount":860,"image":{"@id":"https:\/\/www.alumni.space\/pt-pt\/como-e-que-os-escritorios-de-advogados-estao-a-antecipar-a-perda-de-especialistas-seniores\/#primaryimage"},"thumbnailUrl":"https:\/\/www.alumni.space\/wp-content\/uploads\/2026\/03\/Comment-les-cabinets-juridiques-anticipent-ils-la-perte-des-experts-seniors-.jpg","articleSection":["Recursos Humanos"],"inLanguage":"pt-PT"},{"@type":"WebPage","@id":"https:\/\/www.alumni.space\/pt-pt\/como-e-que-os-escritorios-de-advogados-estao-a-antecipar-a-perda-de-especialistas-seniores\/","url":"https:\/\/www.alumni.space\/pt-pt\/como-e-que-os-escritorios-de-advogados-estao-a-antecipar-a-perda-de-especialistas-seniores\/","name":"Escrit\u00f3rios de advogados: antecipar a sa\u00edda de especialistas seniores","isPartOf":{"@id":"https:\/\/www.alumni.space\/pt-pt\/#website"},"primaryImageOfPage":{"@id":"https:\/\/www.alumni.space\/pt-pt\/como-e-que-os-escritorios-de-advogados-estao-a-antecipar-a-perda-de-especialistas-seniores\/#primaryimage"},"image":{"@id":"https:\/\/www.alumni.space\/pt-pt\/como-e-que-os-escritorios-de-advogados-estao-a-antecipar-a-perda-de-especialistas-seniores\/#primaryimage"},"thumbnailUrl":"https:\/\/www.alumni.space\/wp-content\/uploads\/2026\/03\/Comment-les-cabinets-juridiques-anticipent-ils-la-perte-des-experts-seniors-.jpg","datePublished":"2024-02-09T10:45:56+00:00","dateModified":"2026-03-28T10:48:02+00:00","author":{"@id":"https:\/\/www.alumni.space\/pt-pt\/#\/schema\/person\/fede362a57876edda476a61f05ce5b15"},"description":"Descobre como as sociedades de advogados est\u00e3o a antecipar e a gerir a perda de especialistas seniores para garantir a continuidade e a excel\u00eancia dos servi\u00e7os.","breadcrumb":{"@id":"https:\/\/www.alumni.space\/pt-pt\/como-e-que-os-escritorios-de-advogados-estao-a-antecipar-a-perda-de-especialistas-seniores\/#breadcrumb"},"inLanguage":"pt-PT","potentialAction":[{"@type":"ReadAction","target":["https:\/\/www.alumni.space\/pt-pt\/como-e-que-os-escritorios-de-advogados-estao-a-antecipar-a-perda-de-especialistas-seniores\/"]}]},{"@type":"ImageObject","inLanguage":"pt-PT","@id":"https:\/\/www.alumni.space\/pt-pt\/como-e-que-os-escritorios-de-advogados-estao-a-antecipar-a-perda-de-especialistas-seniores\/#primaryimage","url":"https:\/\/www.alumni.space\/wp-content\/uploads\/2026\/03\/Comment-les-cabinets-juridiques-anticipent-ils-la-perte-des-experts-seniors-.jpg","contentUrl":"https:\/\/www.alumni.space\/wp-content\/uploads\/2026\/03\/Comment-les-cabinets-juridiques-anticipent-ils-la-perte-des-experts-seniors-.jpg","width":1280,"height":768,"caption":"Conhece as estrat\u00e9gias adoptadas pelos escrit\u00f3rios de advogados para antecipar e gerir a perda de especialistas seniores, assegurando assim a continuidade e a transmiss\u00e3o de conhecimentos."},{"@type":"BreadcrumbList","@id":"https:\/\/www.alumni.space\/pt-pt\/como-e-que-os-escritorios-de-advogados-estao-a-antecipar-a-perda-de-especialistas-seniores\/#breadcrumb","itemListElement":[{"@type":"ListItem","position":1,"name":"Home","item":"https:\/\/www.alumni.space\/pt-pt\/plataforma-de-gestao-de-mentores-e-antigos-alunos\/"},{"@type":"ListItem","position":2,"name":"Como \u00e9 que os escrit\u00f3rios de advogados est\u00e3o a antecipar a perda de especialistas seniores?"}]},{"@type":"WebSite","@id":"https:\/\/www.alumni.space\/pt-pt\/#website","url":"https:\/\/www.alumni.space\/pt-pt\/","name":"Alumni.space","description":"My WordPress Blog","potentialAction":[{"@type":"SearchAction","target":{"@type":"EntryPoint","urlTemplate":"https:\/\/www.alumni.space\/pt-pt\/?s={search_term_string}"},"query-input":{"@type":"PropertyValueSpecification","valueRequired":true,"valueName":"search_term_string"}}],"inLanguage":"pt-PT"},{"@type":"Person","@id":"https:\/\/www.alumni.space\/pt-pt\/#\/schema\/person\/fede362a57876edda476a61f05ce5b15","name":"admin","image":{"@type":"ImageObject","inLanguage":"pt-PT","@id":"https:\/\/secure.gravatar.com\/avatar\/318e234ae94f90d4d629428d6b983c08e31181c28f579e08a021180d759ea651?s=96&d=mm&r=g","url":"https:\/\/secure.gravatar.com\/avatar\/318e234ae94f90d4d629428d6b983c08e31181c28f579e08a021180d759ea651?s=96&d=mm&r=g","contentUrl":"https:\/\/secure.gravatar.com\/avatar\/318e234ae94f90d4d629428d6b983c08e31181c28f579e08a021180d759ea651?s=96&d=mm&r=g","caption":"admin"},"description":"Nicolas Laustriat a construit sa sp\u00e9cialit\u00e9 sur un sujet que beaucoup d\u2019organisations d\u00e9couvrent trop tard : ce qui dispara\u00eet quand les gens partent. Dipl\u00f4m\u00e9 en conception de produit industriel, il bifurque vers le digital fin 1996, il couvre les transformations marques, RH, la fid\u00e9lisation, la marque employeur. Sur le terrain, il rep\u00e8re un angle mort r\u00e9current : l\u2019entreprise investit dans le recrutement, la formation, les process\u2026 puis laisse filer le lien au moment du d\u00e9part, avec une perte de savoir et d\u2019influence qui se paie en silence. Il se sp\u00e9cialise alors sur les communaut\u00e9s d\u2019alumni, le mentorat, l\u2019entraide interg\u00e9n\u00e9rationnelle et la transmission d\u2019expertise. Il passe du \u201cconstat\u201d aux m\u00e9thodes : animation, gouvernance, segmentation, rituels, mesure d\u2019engagement, articulation avec la RSE et l\u2019employabilit\u00e9. Il interviewe DRH, responsables formation, directions d\u2019\u00e9coles, associations et fondations, avec une obsession : transformer un r\u00e9seau dormant en m\u00e9canisme utile (cooptation, mentorat, job board, entraide, \u00e9v\u00e9nements, contenus). Son style : direct, orient\u00e9 action, sans folklore. Sa conviction : une communaut\u00e9 n\u2019a pas besoin de bruit, elle a besoin de raisons de revenir.","sameAs":["https:\/\/www.alumni.space"]}]}},"_links":{"self":[{"href":"https:\/\/www.alumni.space\/pt-pt\/wp-json\/wp\/v2\/posts\/4638","targetHints":{"allow":["GET"]}}],"collection":[{"href":"https:\/\/www.alumni.space\/pt-pt\/wp-json\/wp\/v2\/posts"}],"about":[{"href":"https:\/\/www.alumni.space\/pt-pt\/wp-json\/wp\/v2\/types\/post"}],"author":[{"embeddable":true,"href":"https:\/\/www.alumni.space\/pt-pt\/wp-json\/wp\/v2\/users\/1"}],"replies":[{"embeddable":true,"href":"https:\/\/www.alumni.space\/pt-pt\/wp-json\/wp\/v2\/comments?post=4638"}],"version-history":[{"count":2,"href":"https:\/\/www.alumni.space\/pt-pt\/wp-json\/wp\/v2\/posts\/4638\/revisions"}],"predecessor-version":[{"id":6496,"href":"https:\/\/www.alumni.space\/pt-pt\/wp-json\/wp\/v2\/posts\/4638\/revisions\/6496"}],"wp:featuredmedia":[{"embeddable":true,"href":"https:\/\/www.alumni.space\/pt-pt\/wp-json\/wp\/v2\/media\/4640"}],"wp:attachment":[{"href":"https:\/\/www.alumni.space\/pt-pt\/wp-json\/wp\/v2\/media?parent=4638"}],"wp:term":[{"taxonomy":"category","embeddable":true,"href":"https:\/\/www.alumni.space\/pt-pt\/wp-json\/wp\/v2\/categories?post=4638"},{"taxonomy":"post_tag","embeddable":true,"href":"https:\/\/www.alumni.space\/pt-pt\/wp-json\/wp\/v2\/tags?post=4638"}],"curies":[{"name":"wp","href":"https:\/\/api.w.org\/{rel}","templated":true}]}}