{"id":3834,"date":"2025-03-11T03:40:19","date_gmt":"2025-03-11T03:40:19","guid":{"rendered":"https:\/\/www.alumni.space\/o-poder-das-relacoes-com-os-antigos-alunos-para-impulsionar-o-crescimento-da-empresa\/"},"modified":"2026-04-02T12:04:56","modified_gmt":"2026-04-02T12:04:56","slug":"o-poder-das-relacoes-com-os-antigos-alunos-para-impulsionar-o-crescimento-da-empresa","status":"publish","type":"post","link":"https:\/\/www.alumni.space\/pt-pt\/o-poder-das-relacoes-com-os-antigos-alunos-para-impulsionar-o-crescimento-da-empresa\/","title":{"rendered":"O poder das rela\u00e7\u00f5es com os antigos alunos para impulsionar o crescimento da empresa"},"content":{"rendered":"<p><strong>As rela\u00e7\u00f5es com os antigos<\/strong> alunos como alavanca estrat\u00e9gica: uma rede de antigos alunos mobilizada para gerar <strong>oportunidades de neg\u00f3cio<\/strong>, refor\u00e7ar <strong>o desenvolvimento empresarial<\/strong> e preservar <strong>o capital humano<\/strong>.<\/p><div id=\"ez-toc-container\" class=\"ez-toc-v2_0_82_2 counter-flat ez-toc-counter ez-toc-grey ez-toc-container-direction\">\n<div class=\"ez-toc-title-container\"><p class=\"ez-toc-title\" style=\"cursor:inherit\">\u00cdndice deste artigo:<\/p>\n<\/div><nav><ul class='ez-toc-list ez-toc-list-level-1 ' ><li class='ez-toc-page-1'><a class=\"ez-toc-link ez-toc-heading-1\" href=\"https:\/\/www.alumni.space\/pt-pt\/o-poder-das-relacoes-com-os-antigos-alunos-para-impulsionar-o-crescimento-da-empresa\/#O_papel_das_relacoes_com_os_antigos_alunos_no_crescimento_da_empresa\" >O papel das rela\u00e7\u00f5es com os antigos alunos no crescimento da empresa<\/a><\/li><li class='ez-toc-page-1'><a class=\"ez-toc-link ez-toc-heading-2\" href=\"https:\/\/www.alumni.space\/pt-pt\/o-poder-das-relacoes-com-os-antigos-alunos-para-impulsionar-o-crescimento-da-empresa\/#O_custo_oculto_do_desperdicio_de_conhecimento_para_os_decisores_de_RH\" >O custo oculto do desperd\u00edcio de conhecimento para os decisores de RH<\/a><\/li><li class='ez-toc-page-1'><a class=\"ez-toc-link ez-toc-heading-3\" href=\"https:\/\/www.alumni.space\/pt-pt\/o-poder-das-relacoes-com-os-antigos-alunos-para-impulsionar-o-crescimento-da-empresa\/#Construir_uma_rede_profissional_para_um_impacto_comercial_mensuravel\" >Construir uma rede profissional para um impacto comercial mensur\u00e1vel<\/a><\/li><li class='ez-toc-page-1'><a class=\"ez-toc-link ez-toc-heading-4\" href=\"https:\/\/www.alumni.space\/pt-pt\/o-poder-das-relacoes-com-os-antigos-alunos-para-impulsionar-o-crescimento-da-empresa\/#Programas_de_tutoria_e_de_fidelizacao_po-los_em_pratica\" >Programas de tutoria e de fideliza\u00e7\u00e3o: p\u00f4-los em pr\u00e1tica<\/a><\/li><li class='ez-toc-page-1'><a class=\"ez-toc-link ez-toc-heading-5\" href=\"https:\/\/www.alumni.space\/pt-pt\/o-poder-das-relacoes-com-os-antigos-alunos-para-impulsionar-o-crescimento-da-empresa\/#RSE_capital_humano_e_atratividade_justificacao_estrategica\" >RSE, capital humano e atratividade: justifica\u00e7\u00e3o estrat\u00e9gica<\/a><\/li><li class='ez-toc-page-1'><a class=\"ez-toc-link ez-toc-heading-6\" href=\"https:\/\/www.alumni.space\/pt-pt\/o-poder-das-relacoes-com-os-antigos-alunos-para-impulsionar-o-crescimento-da-empresa\/#Ritual_de_ativacao_para_lancar_uma_abordagem_operacional\" >Ritual de ativa\u00e7\u00e3o para lan\u00e7ar uma abordagem operacional<\/a><\/li><\/ul><\/nav><\/div>\n<h2 class=\"wp-block-heading\"><span class=\"ez-toc-section\" id=\"O_papel_das_relacoes_com_os_antigos_alunos_no_crescimento_da_empresa\"><\/span>O papel das rela\u00e7\u00f5es com os antigos alunos no crescimento da empresa<span class=\"ez-toc-section-end\"><\/span><\/h2><p>Uma <strong>rede profissional<\/strong> animada transforma contactos em projectos concretos. A PME fict\u00edcia <strong>AlphaTech<\/strong> converteu as reuni\u00f5es de antigos alunos em parcerias t\u00e9cnicas e recrutamento direcionado, acelerando a sua trajet\u00f3ria de vendas. <\/p><p>A mobiliza\u00e7\u00e3o estruturada de antigos alunos apoia iniciativas <strong>de parceria estrat\u00e9gica<\/strong> e intensifica a <strong>rede de contactos<\/strong> \u00fatil para a gest\u00e3o de vendas e de RH. Para os decisores, os benef\u00edcios s\u00e3o medidos em termos de redu\u00e7\u00e3o da perda de conhecimentos e de uma integra\u00e7\u00e3o mais f\u00e1cil. <\/p><figure class=\"wp-block-image size-full\"><img decoding=\"async\" width=\"1344\" height=\"768\" src=\"https:\/\/www.alumni.space\/wp-content\/uploads\/2026\/03\/La-force-des-relations-alumni-dans-la-croissance-des-entreprises-1.jpg\" data-orig-src=\"https:\/\/www.alumni.space\/wp-content\/uploads\/2026\/03\/La-force-des-relations-alumni-dans-la-croissance-des-entreprises-1.jpg\" alt=\"descobre como a for\u00e7a das rela\u00e7\u00f5es entre antigos alunos ajuda a acelerar o crescimento e o sucesso das empresas gra\u00e7as a uma rede s\u00f3lida e duradoura.\" class=\"lazyload wp-image-3564\" srcset=\"data:image\/svg+xml,%3Csvg%20xmlns%3D%27http%3A%2F%2Fwww.w3.org%2F2000%2Fsvg%27%20width%3D%271344%27%20height%3D%27768%27%20viewBox%3D%270%200%201344%20768%27%3E%3Crect%20width%3D%271344%27%20height%3D%27768%27%20fill-opacity%3D%220%22%2F%3E%3C%2Fsvg%3E\" data-srcset=\"https:\/\/www.alumni.space\/wp-content\/uploads\/2026\/03\/La-force-des-relations-alumni-dans-la-croissance-des-entreprises-1-200x114.jpg 200w, https:\/\/www.alumni.space\/wp-content\/uploads\/2026\/03\/La-force-des-relations-alumni-dans-la-croissance-des-entreprises-1-300x171.jpg 300w, https:\/\/www.alumni.space\/wp-content\/uploads\/2026\/03\/La-force-des-relations-alumni-dans-la-croissance-des-entreprises-1-400x229.jpg 400w, https:\/\/www.alumni.space\/wp-content\/uploads\/2026\/03\/La-force-des-relations-alumni-dans-la-croissance-des-entreprises-1-600x343.jpg 600w, https:\/\/www.alumni.space\/wp-content\/uploads\/2026\/03\/La-force-des-relations-alumni-dans-la-croissance-des-entreprises-1-768x439.jpg 768w, https:\/\/www.alumni.space\/wp-content\/uploads\/2026\/03\/La-force-des-relations-alumni-dans-la-croissance-des-entreprises-1-800x457.jpg 800w, https:\/\/www.alumni.space\/wp-content\/uploads\/2026\/03\/La-force-des-relations-alumni-dans-la-croissance-des-entreprises-1-1024x585.jpg 1024w, https:\/\/www.alumni.space\/wp-content\/uploads\/2026\/03\/La-force-des-relations-alumni-dans-la-croissance-des-entreprises-1-1200x686.jpg 1200w, https:\/\/www.alumni.space\/wp-content\/uploads\/2026\/03\/La-force-des-relations-alumni-dans-la-croissance-des-entreprises-1.jpg 1344w\" data-sizes=\"auto\" data-orig-sizes=\"(max-width: 1344px) 100vw, 1344px\" \/><\/figure><p><strong>Perce\u00e7\u00e3o:<\/strong> uma rede de antigos alunos ativa torna-se um canal para o <strong>crescimento da empresa<\/strong> e n\u00e3o apenas um arquivo.<\/p><h3 class=\"wp-block-heading\"><span class=\"ez-toc-section\" id=\"O_custo_oculto_do_desperdicio_de_conhecimento_para_os_decisores_de_RH\"><\/span>O custo oculto do desperd\u00edcio de conhecimento para os decisores de RH<span class=\"ez-toc-section-end\"><\/span><\/h3><p>A fuga de conhecimentos leva a atrasos e a custos de forma\u00e7\u00e3o. Quando um antigo funcion\u00e1rio deixa uma posi\u00e7\u00e3o cr\u00edtica, o acesso \u00e0 sua experi\u00eancia diminui sem um sistema de arquivo e liga\u00e7\u00e3o entre as pessoas. <\/p><p>Uma gest\u00e3o clara das intera\u00e7\u00f5es entre os antigos alunos reduz a rota\u00e7\u00e3o operacional e incentiva a <strong>colabora\u00e7\u00e3o<\/strong> entre gera\u00e7\u00f5es. A utiliza\u00e7\u00e3o de uma plataforma dedicada evita a multiplica\u00e7\u00e3o de tabelas e de ferramentas dispersas. <\/p><p><strong>Perce\u00e7\u00e3o:<\/strong> a medi\u00e7\u00e3o das horas de tutoria e a r\u00e1pida taxa de integra\u00e7\u00e3o constituem um indicador s\u00f3lido para a tomada de decis\u00f5es por parte da gest\u00e3o de RH.<\/p><h2 class=\"wp-block-heading\"><span class=\"ez-toc-section\" id=\"Construir_uma_rede_profissional_para_um_impacto_comercial_mensuravel\"><\/span>Construir uma rede profissional para um impacto comercial mensur\u00e1vel<span class=\"ez-toc-section-end\"><\/span><\/h2><p>A estrutura\u00e7\u00e3o baseia-se numa proposta de valor comunit\u00e1ria clara e na orienta\u00e7\u00e3o por objectivos. O modelo &#8220;Alumni as a Service&#8221; apresenta esta abordagem em pormenor e apresenta m\u00e9todos de implementa\u00e7\u00e3o para grandes escolas e organiza\u00e7\u00f5es <a href=\"https:\/\/pro.etudiant.lefigaro.fr\/article\/lecosysteme-alumni-as-a-service-un-levier-strategique-pour-les-grandes-ecoles\/\">institucionais<\/a>. <\/p><p>As reac\u00e7\u00f5es dos v\u00e1rios sectores, incluindo a internacionaliza\u00e7\u00e3o, mostram a import\u00e2ncia de uma rede ativa para a abertura de mercados e para a obten\u00e7\u00e3o de rel\u00e9s estrangeiros <a href=\"https:\/\/www.lesechos.fr\/thema\/articles\/les-alumni-a-linternational-une-cle-dexpansion-des-pme-et-eti-souvent-negligee-2160476\">em pormenor<\/a>.<\/p><p><strong>Perce\u00e7\u00e3o:<\/strong> dar prioridade \u00e0 qualidade dos membros em detrimento da quantidade aumenta o potencial de <strong>desenvolvimento do neg\u00f3cio<\/strong>.<\/p><h3 class=\"wp-block-heading\"><span class=\"ez-toc-section\" id=\"Programas_de_tutoria_e_de_fidelizacao_po-los_em_pratica\"><\/span>Programas <strong>de tutoria<\/strong> e de fideliza\u00e7\u00e3o: p\u00f4-los em pr\u00e1tica<span class=\"ez-toc-section-end\"><\/span><\/h3><p>Um programa formalizado organiza os pares, os rituais e os hor\u00e1rios. A integra\u00e7\u00e3o estruturada e uma carta do utilizador clarificam os compromissos e preservam a qualidade dos interc\u00e2mbios. <\/p><p>A gest\u00e3o baseia-se em m\u00e9tricas claras: taxa de ativa\u00e7\u00e3o, taxa de participa\u00e7\u00e3o em eventos e n\u00famero de contactos convertidos em ofertas. Um <strong>construtor de comunidades<\/strong> dedicado \u00e9 um fator-chave para garantir que o esfor\u00e7o se enra\u00edza. <\/p><p>Ferramentas de gest\u00e3o centralizadas, concebidas para eventos de antigos alunos, facilitam a cria\u00e7\u00e3o de um cat\u00e1logo de eventos, a gest\u00e3o de um <strong>quadro de empregos<\/strong> e a promo\u00e7\u00e3o de embaixadores. Um artigo setorial destaca as alavancas para consolidar as liga\u00e7\u00f5es entre as escolas de gest\u00e3o, com <a href=\"https:\/\/www.eudonet.com\/fr\/ressources\/blog\/reseau-alumni-relations-entreprises\/\">uma abordagem pr\u00e1tica<\/a>. <\/p><p><strong>Perce\u00e7\u00e3o:<\/strong> a formaliza\u00e7\u00e3o das fun\u00e7\u00f5es dos campe\u00f5es e a oferta de kits de apoio refor\u00e7am a influ\u00eancia da rede.<\/p><h2 class=\"wp-block-heading\"><span class=\"ez-toc-section\" id=\"RSE_capital_humano_e_atratividade_justificacao_estrategica\"><\/span>RSE, capital humano e atratividade: justifica\u00e7\u00e3o estrat\u00e9gica<span class=\"ez-toc-section-end\"><\/span><\/h2><p>Uma plataforma de antigos alunos, combinada com um programa de tutoria, alarga a responsabilidade social da organiza\u00e7\u00e3o para al\u00e9m do contrato de trabalho. Facilita a transmiss\u00e3o de compet\u00eancias, a partilha de experi\u00eancias entre gera\u00e7\u00f5es e a integra\u00e7\u00e3o profissional dos jovens. <\/p><p>A ativa\u00e7\u00e3o de antigos alunos empenhados reduz a dispers\u00e3o de conhecimentos, capitalizando-os numa base de dados acess\u00edvel. Em termos de employer branding, a visibilidade de testemunhos concretos consolida a credibilidade e atrai talentos espec\u00edficos. <\/p><p>Para estruturar estas iniciativas, as escolas e os prestadores de forma\u00e7\u00e3o disp\u00f5em de recursos pr\u00e1ticos e de vias espec\u00edficas para integrar os antigos alunos na estrat\u00e9gia comercial do <a href=\"https:\/\/www.alumni.space\/pt-pt\/alumni-e-desenvolvimento-empresarial-uma-combinacao-vencedora\/\">programa empresarial<\/a> e para implementar m\u00f3dulos <a href=\"https:\/\/www.alumni.space\/pt-pt\/como-criar-um-programa-de-tutoria-com-os-teus-antigos-alunos\/\">de tutoria do programa de tutoria<\/a>.<\/p><p><strong>Perce\u00e7\u00e3o:<\/strong> alinhar os RH, a RSE e a comunica\u00e7\u00e3o com base em indicadores partilhados transforma a a\u00e7\u00e3o da comunidade num efeito de alavanca mensur\u00e1vel.<\/p><h3 class=\"wp-block-heading\"><span class=\"ez-toc-section\" id=\"Ritual_de_ativacao_para_lancar_uma_abordagem_operacional\"><\/span>Ritual de ativa\u00e7\u00e3o para lan\u00e7ar uma abordagem operacional<span class=\"ez-toc-section-end\"><\/span><\/h3><p>Fase 1: defini\u00e7\u00e3o da proposta de valor da comunidade com as partes interessadas e segmenta\u00e7\u00e3o do p\u00fablico-alvo.<\/p><p>Fase 2: recrutamento qualitativo dos primeiros embaixadores e integra\u00e7\u00e3o estruturada. Fase 3: calend\u00e1rio editorial que combina conte\u00fados exclusivos e reuni\u00f5es de neg\u00f3cios. <\/p><p>Um caso fict\u00edcio: a AlphaTech come\u00e7ou com dez embaixadores seniores, organizou tr\u00eas workshops empresariais e preencheu dois lugares por coopta\u00e7\u00e3o em seis meses, tendo os resultados sido apresentados numa reuni\u00e3o do comit\u00e9 de dire\u00e7\u00e3o.<\/p><p><strong>Insight:<\/strong> come\u00e7a pequeno, mede rapidamente, repete com frequ\u00eancia e obter\u00e1s um efeito de arrastamento duradouro.<\/p><p><a href=\"https:\/\/www.alumni.space\/pt-pt\/alumni-e-desenvolvimento-empresarial-uma-combinacao-vencedora\/\">Solicita uma demonstra\u00e7\u00e3o<\/a><\/p>","protected":false},"excerpt":{"rendered":"<p>As rela\u00e7\u00f5es com os antigos alunos como alavanca estrat\u00e9gica: uma  [&#8230;]<\/p>\n","protected":false},"author":1,"featured_media":3836,"comment_status":"closed","ping_status":"closed","sticky":false,"template":"","format":"standard","meta":{"_ayudawp_aiss_exclude":false,"footnotes":""},"categories":[67],"tags":[],"class_list":["post-3834","post","type-post","status-publish","format-standard","has-post-thumbnail","hentry","category-antigos-alunos"],"yoast_head":"<!-- This site is optimized with the Yoast SEO plugin v27.4 - https:\/\/yoast.com\/product\/yoast-seo-wordpress\/ -->\n<title>Rela\u00e7\u00f5es com antigos alunos: a chave para o crescimento das empresas<\/title>\n<meta name=\"description\" content=\"Descobre como o poder das rela\u00e7\u00f5es dos antigos alunos impulsiona o crescimento empresarial atrav\u00e9s de uma rede forte e de oportunidades sustent\u00e1veis.\" \/>\n<meta name=\"robots\" content=\"index, follow, max-snippet:-1, max-image-preview:large, max-video-preview:-1\" \/>\n<link rel=\"canonical\" href=\"https:\/\/www.alumni.space\/pt-pt\/o-poder-das-relacoes-com-os-antigos-alunos-para-impulsionar-o-crescimento-da-empresa\/\" \/>\n<meta property=\"og:locale\" content=\"pt_PT\" \/>\n<meta property=\"og:type\" content=\"article\" \/>\n<meta property=\"og:title\" content=\"Rela\u00e7\u00f5es com antigos alunos: a chave para o crescimento das empresas\" \/>\n<meta property=\"og:description\" content=\"Descobre como o poder das rela\u00e7\u00f5es dos antigos alunos impulsiona o crescimento empresarial atrav\u00e9s de uma rede forte e de oportunidades sustent\u00e1veis.\" \/>\n<meta property=\"og:url\" content=\"https:\/\/www.alumni.space\/pt-pt\/o-poder-das-relacoes-com-os-antigos-alunos-para-impulsionar-o-crescimento-da-empresa\/\" \/>\n<meta property=\"og:site_name\" content=\"Alumni.space\" \/>\n<meta property=\"article:published_time\" content=\"2025-03-11T03:40:19+00:00\" \/>\n<meta property=\"article:modified_time\" content=\"2026-04-02T12:04:56+00:00\" \/>\n<meta property=\"og:image\" content=\"https:\/\/www.alumni.space\/wp-content\/uploads\/2026\/03\/La-force-des-relations-alumni-dans-la-croissance-des-entreprises.jpg\" \/>\n\t<meta property=\"og:image:width\" content=\"1344\" \/>\n\t<meta property=\"og:image:height\" content=\"768\" \/>\n\t<meta property=\"og:image:type\" content=\"image\/jpeg\" \/>\n<meta name=\"author\" content=\"admin\" \/>\n<meta name=\"twitter:card\" content=\"summary_large_image\" \/>\n<meta name=\"twitter:label1\" content=\"Escrito por\" \/>\n\t<meta name=\"twitter:data1\" content=\"admin\" \/>\n\t<meta name=\"twitter:label2\" content=\"Tempo estimado de leitura\" \/>\n\t<meta name=\"twitter:data2\" content=\"4 minutos\" \/>\n<script type=\"application\/ld+json\" class=\"yoast-schema-graph\">{\"@context\":\"https:\\\/\\\/schema.org\",\"@graph\":[{\"@type\":\"Article\",\"@id\":\"https:\\\/\\\/www.alumni.space\\\/pt-pt\\\/o-poder-das-relacoes-com-os-antigos-alunos-para-impulsionar-o-crescimento-da-empresa\\\/#article\",\"isPartOf\":{\"@id\":\"https:\\\/\\\/www.alumni.space\\\/pt-pt\\\/o-poder-das-relacoes-com-os-antigos-alunos-para-impulsionar-o-crescimento-da-empresa\\\/\"},\"author\":{\"name\":\"admin\",\"@id\":\"https:\\\/\\\/www.alumni.space\\\/pt-pt\\\/#\\\/schema\\\/person\\\/fede362a57876edda476a61f05ce5b15\"},\"headline\":\"O poder das rela\u00e7\u00f5es com os antigos alunos para impulsionar o crescimento da empresa\",\"datePublished\":\"2025-03-11T03:40:19+00:00\",\"dateModified\":\"2026-04-02T12:04:56+00:00\",\"mainEntityOfPage\":{\"@id\":\"https:\\\/\\\/www.alumni.space\\\/pt-pt\\\/o-poder-das-relacoes-com-os-antigos-alunos-para-impulsionar-o-crescimento-da-empresa\\\/\"},\"wordCount\":860,\"image\":{\"@id\":\"https:\\\/\\\/www.alumni.space\\\/pt-pt\\\/o-poder-das-relacoes-com-os-antigos-alunos-para-impulsionar-o-crescimento-da-empresa\\\/#primaryimage\"},\"thumbnailUrl\":\"https:\\\/\\\/www.alumni.space\\\/wp-content\\\/uploads\\\/2026\\\/03\\\/La-force-des-relations-alumni-dans-la-croissance-des-entreprises.jpg\",\"articleSection\":[\"Antigos alunos\"],\"inLanguage\":\"pt-PT\"},{\"@type\":\"WebPage\",\"@id\":\"https:\\\/\\\/www.alumni.space\\\/pt-pt\\\/o-poder-das-relacoes-com-os-antigos-alunos-para-impulsionar-o-crescimento-da-empresa\\\/\",\"url\":\"https:\\\/\\\/www.alumni.space\\\/pt-pt\\\/o-poder-das-relacoes-com-os-antigos-alunos-para-impulsionar-o-crescimento-da-empresa\\\/\",\"name\":\"Rela\u00e7\u00f5es com antigos alunos: a chave para o crescimento das empresas\",\"isPartOf\":{\"@id\":\"https:\\\/\\\/www.alumni.space\\\/pt-pt\\\/#website\"},\"primaryImageOfPage\":{\"@id\":\"https:\\\/\\\/www.alumni.space\\\/pt-pt\\\/o-poder-das-relacoes-com-os-antigos-alunos-para-impulsionar-o-crescimento-da-empresa\\\/#primaryimage\"},\"image\":{\"@id\":\"https:\\\/\\\/www.alumni.space\\\/pt-pt\\\/o-poder-das-relacoes-com-os-antigos-alunos-para-impulsionar-o-crescimento-da-empresa\\\/#primaryimage\"},\"thumbnailUrl\":\"https:\\\/\\\/www.alumni.space\\\/wp-content\\\/uploads\\\/2026\\\/03\\\/La-force-des-relations-alumni-dans-la-croissance-des-entreprises.jpg\",\"datePublished\":\"2025-03-11T03:40:19+00:00\",\"dateModified\":\"2026-04-02T12:04:56+00:00\",\"author\":{\"@id\":\"https:\\\/\\\/www.alumni.space\\\/pt-pt\\\/#\\\/schema\\\/person\\\/fede362a57876edda476a61f05ce5b15\"},\"description\":\"Descobre como o poder das rela\u00e7\u00f5es dos antigos alunos impulsiona o crescimento empresarial atrav\u00e9s de uma rede forte e de oportunidades sustent\u00e1veis.\",\"breadcrumb\":{\"@id\":\"https:\\\/\\\/www.alumni.space\\\/pt-pt\\\/o-poder-das-relacoes-com-os-antigos-alunos-para-impulsionar-o-crescimento-da-empresa\\\/#breadcrumb\"},\"inLanguage\":\"pt-PT\",\"potentialAction\":[{\"@type\":\"ReadAction\",\"target\":[\"https:\\\/\\\/www.alumni.space\\\/pt-pt\\\/o-poder-das-relacoes-com-os-antigos-alunos-para-impulsionar-o-crescimento-da-empresa\\\/\"]}]},{\"@type\":\"ImageObject\",\"inLanguage\":\"pt-PT\",\"@id\":\"https:\\\/\\\/www.alumni.space\\\/pt-pt\\\/o-poder-das-relacoes-com-os-antigos-alunos-para-impulsionar-o-crescimento-da-empresa\\\/#primaryimage\",\"url\":\"https:\\\/\\\/www.alumni.space\\\/wp-content\\\/uploads\\\/2026\\\/03\\\/La-force-des-relations-alumni-dans-la-croissance-des-entreprises.jpg\",\"contentUrl\":\"https:\\\/\\\/www.alumni.space\\\/wp-content\\\/uploads\\\/2026\\\/03\\\/La-force-des-relations-alumni-dans-la-croissance-des-entreprises.jpg\",\"width\":1344,\"height\":768,\"caption\":\"descobre como as rela\u00e7\u00f5es entre antigos alunos impulsionam o crescimento das empresas, promovendo o estabelecimento de redes, oportunidades de neg\u00f3cio e a partilha de conhecimentos.\"},{\"@type\":\"BreadcrumbList\",\"@id\":\"https:\\\/\\\/www.alumni.space\\\/pt-pt\\\/o-poder-das-relacoes-com-os-antigos-alunos-para-impulsionar-o-crescimento-da-empresa\\\/#breadcrumb\",\"itemListElement\":[{\"@type\":\"ListItem\",\"position\":1,\"name\":\"Home\",\"item\":\"https:\\\/\\\/www.alumni.space\\\/pt-pt\\\/plataforma-de-gestao-de-mentores-e-antigos-alunos\\\/\"},{\"@type\":\"ListItem\",\"position\":2,\"name\":\"O poder das rela\u00e7\u00f5es com os antigos alunos para impulsionar o crescimento da empresa\"}]},{\"@type\":\"WebSite\",\"@id\":\"https:\\\/\\\/www.alumni.space\\\/pt-pt\\\/#website\",\"url\":\"https:\\\/\\\/www.alumni.space\\\/pt-pt\\\/\",\"name\":\"Alumni.space\",\"description\":\"My WordPress Blog\",\"potentialAction\":[{\"@type\":\"SearchAction\",\"target\":{\"@type\":\"EntryPoint\",\"urlTemplate\":\"https:\\\/\\\/www.alumni.space\\\/pt-pt\\\/?s={search_term_string}\"},\"query-input\":{\"@type\":\"PropertyValueSpecification\",\"valueRequired\":true,\"valueName\":\"search_term_string\"}}],\"inLanguage\":\"pt-PT\"},{\"@type\":\"Person\",\"@id\":\"https:\\\/\\\/www.alumni.space\\\/pt-pt\\\/#\\\/schema\\\/person\\\/fede362a57876edda476a61f05ce5b15\",\"name\":\"admin\",\"image\":{\"@type\":\"ImageObject\",\"inLanguage\":\"pt-PT\",\"@id\":\"https:\\\/\\\/secure.gravatar.com\\\/avatar\\\/318e234ae94f90d4d629428d6b983c08e31181c28f579e08a021180d759ea651?s=96&d=mm&r=g\",\"url\":\"https:\\\/\\\/secure.gravatar.com\\\/avatar\\\/318e234ae94f90d4d629428d6b983c08e31181c28f579e08a021180d759ea651?s=96&d=mm&r=g\",\"contentUrl\":\"https:\\\/\\\/secure.gravatar.com\\\/avatar\\\/318e234ae94f90d4d629428d6b983c08e31181c28f579e08a021180d759ea651?s=96&d=mm&r=g\",\"caption\":\"admin\"},\"description\":\"Nicolas Laustriat a construit sa sp\u00e9cialit\u00e9 sur un sujet que beaucoup d\u2019organisations d\u00e9couvrent trop tard : ce qui dispara\u00eet quand les gens partent. Dipl\u00f4m\u00e9 en conception de produit industriel, il bifurque vers le digital fin 1996, il couvre les transformations marques, RH, la fid\u00e9lisation, la marque employeur. Sur le terrain, il rep\u00e8re un angle mort r\u00e9current : l\u2019entreprise investit dans le recrutement, la formation, les process\u2026 puis laisse filer le lien au moment du d\u00e9part, avec une perte de savoir et d\u2019influence qui se paie en silence. Il se sp\u00e9cialise alors sur les communaut\u00e9s d\u2019alumni, le mentorat, l\u2019entraide interg\u00e9n\u00e9rationnelle et la transmission d\u2019expertise. Il passe du \u201cconstat\u201d aux m\u00e9thodes : animation, gouvernance, segmentation, rituels, mesure d\u2019engagement, articulation avec la RSE et l\u2019employabilit\u00e9. Il interviewe DRH, responsables formation, directions d\u2019\u00e9coles, associations et fondations, avec une obsession : transformer un r\u00e9seau dormant en m\u00e9canisme utile (cooptation, mentorat, job board, entraide, \u00e9v\u00e9nements, contenus). Son style : direct, orient\u00e9 action, sans folklore. Sa conviction : une communaut\u00e9 n\u2019a pas besoin de bruit, elle a besoin de raisons de revenir.\",\"sameAs\":[\"https:\\\/\\\/www.alumni.space\"]}]}<\/script>\n<!-- \/ Yoast SEO plugin. -->","yoast_head_json":{"title":"Rela\u00e7\u00f5es com antigos alunos: a chave para o crescimento das empresas","description":"Descobre como o poder das rela\u00e7\u00f5es dos antigos alunos impulsiona o crescimento empresarial atrav\u00e9s de uma rede forte e de oportunidades sustent\u00e1veis.","robots":{"index":"index","follow":"follow","max-snippet":"max-snippet:-1","max-image-preview":"max-image-preview:large","max-video-preview":"max-video-preview:-1"},"canonical":"https:\/\/www.alumni.space\/pt-pt\/o-poder-das-relacoes-com-os-antigos-alunos-para-impulsionar-o-crescimento-da-empresa\/","og_locale":"pt_PT","og_type":"article","og_title":"Rela\u00e7\u00f5es com antigos alunos: a chave para o crescimento das empresas","og_description":"Descobre como o poder das rela\u00e7\u00f5es dos antigos alunos impulsiona o crescimento empresarial atrav\u00e9s de uma rede forte e de oportunidades sustent\u00e1veis.","og_url":"https:\/\/www.alumni.space\/pt-pt\/o-poder-das-relacoes-com-os-antigos-alunos-para-impulsionar-o-crescimento-da-empresa\/","og_site_name":"Alumni.space","article_published_time":"2025-03-11T03:40:19+00:00","article_modified_time":"2026-04-02T12:04:56+00:00","og_image":[{"width":1344,"height":768,"url":"https:\/\/www.alumni.space\/wp-content\/uploads\/2026\/03\/La-force-des-relations-alumni-dans-la-croissance-des-entreprises.jpg","type":"image\/jpeg"}],"author":"admin","twitter_card":"summary_large_image","twitter_misc":{"Escrito por":"admin","Tempo estimado de leitura":"4 minutos"},"schema":{"@context":"https:\/\/schema.org","@graph":[{"@type":"Article","@id":"https:\/\/www.alumni.space\/pt-pt\/o-poder-das-relacoes-com-os-antigos-alunos-para-impulsionar-o-crescimento-da-empresa\/#article","isPartOf":{"@id":"https:\/\/www.alumni.space\/pt-pt\/o-poder-das-relacoes-com-os-antigos-alunos-para-impulsionar-o-crescimento-da-empresa\/"},"author":{"name":"admin","@id":"https:\/\/www.alumni.space\/pt-pt\/#\/schema\/person\/fede362a57876edda476a61f05ce5b15"},"headline":"O poder das rela\u00e7\u00f5es com os antigos alunos para impulsionar o crescimento da empresa","datePublished":"2025-03-11T03:40:19+00:00","dateModified":"2026-04-02T12:04:56+00:00","mainEntityOfPage":{"@id":"https:\/\/www.alumni.space\/pt-pt\/o-poder-das-relacoes-com-os-antigos-alunos-para-impulsionar-o-crescimento-da-empresa\/"},"wordCount":860,"image":{"@id":"https:\/\/www.alumni.space\/pt-pt\/o-poder-das-relacoes-com-os-antigos-alunos-para-impulsionar-o-crescimento-da-empresa\/#primaryimage"},"thumbnailUrl":"https:\/\/www.alumni.space\/wp-content\/uploads\/2026\/03\/La-force-des-relations-alumni-dans-la-croissance-des-entreprises.jpg","articleSection":["Antigos alunos"],"inLanguage":"pt-PT"},{"@type":"WebPage","@id":"https:\/\/www.alumni.space\/pt-pt\/o-poder-das-relacoes-com-os-antigos-alunos-para-impulsionar-o-crescimento-da-empresa\/","url":"https:\/\/www.alumni.space\/pt-pt\/o-poder-das-relacoes-com-os-antigos-alunos-para-impulsionar-o-crescimento-da-empresa\/","name":"Rela\u00e7\u00f5es com antigos alunos: a chave para o crescimento das empresas","isPartOf":{"@id":"https:\/\/www.alumni.space\/pt-pt\/#website"},"primaryImageOfPage":{"@id":"https:\/\/www.alumni.space\/pt-pt\/o-poder-das-relacoes-com-os-antigos-alunos-para-impulsionar-o-crescimento-da-empresa\/#primaryimage"},"image":{"@id":"https:\/\/www.alumni.space\/pt-pt\/o-poder-das-relacoes-com-os-antigos-alunos-para-impulsionar-o-crescimento-da-empresa\/#primaryimage"},"thumbnailUrl":"https:\/\/www.alumni.space\/wp-content\/uploads\/2026\/03\/La-force-des-relations-alumni-dans-la-croissance-des-entreprises.jpg","datePublished":"2025-03-11T03:40:19+00:00","dateModified":"2026-04-02T12:04:56+00:00","author":{"@id":"https:\/\/www.alumni.space\/pt-pt\/#\/schema\/person\/fede362a57876edda476a61f05ce5b15"},"description":"Descobre como o poder das rela\u00e7\u00f5es dos antigos alunos impulsiona o crescimento empresarial atrav\u00e9s de uma rede forte e de oportunidades sustent\u00e1veis.","breadcrumb":{"@id":"https:\/\/www.alumni.space\/pt-pt\/o-poder-das-relacoes-com-os-antigos-alunos-para-impulsionar-o-crescimento-da-empresa\/#breadcrumb"},"inLanguage":"pt-PT","potentialAction":[{"@type":"ReadAction","target":["https:\/\/www.alumni.space\/pt-pt\/o-poder-das-relacoes-com-os-antigos-alunos-para-impulsionar-o-crescimento-da-empresa\/"]}]},{"@type":"ImageObject","inLanguage":"pt-PT","@id":"https:\/\/www.alumni.space\/pt-pt\/o-poder-das-relacoes-com-os-antigos-alunos-para-impulsionar-o-crescimento-da-empresa\/#primaryimage","url":"https:\/\/www.alumni.space\/wp-content\/uploads\/2026\/03\/La-force-des-relations-alumni-dans-la-croissance-des-entreprises.jpg","contentUrl":"https:\/\/www.alumni.space\/wp-content\/uploads\/2026\/03\/La-force-des-relations-alumni-dans-la-croissance-des-entreprises.jpg","width":1344,"height":768,"caption":"descobre como as rela\u00e7\u00f5es entre antigos alunos impulsionam o crescimento das empresas, promovendo o estabelecimento de redes, oportunidades de neg\u00f3cio e a partilha de conhecimentos."},{"@type":"BreadcrumbList","@id":"https:\/\/www.alumni.space\/pt-pt\/o-poder-das-relacoes-com-os-antigos-alunos-para-impulsionar-o-crescimento-da-empresa\/#breadcrumb","itemListElement":[{"@type":"ListItem","position":1,"name":"Home","item":"https:\/\/www.alumni.space\/pt-pt\/plataforma-de-gestao-de-mentores-e-antigos-alunos\/"},{"@type":"ListItem","position":2,"name":"O poder das rela\u00e7\u00f5es com os antigos alunos para impulsionar o crescimento da empresa"}]},{"@type":"WebSite","@id":"https:\/\/www.alumni.space\/pt-pt\/#website","url":"https:\/\/www.alumni.space\/pt-pt\/","name":"Alumni.space","description":"My WordPress Blog","potentialAction":[{"@type":"SearchAction","target":{"@type":"EntryPoint","urlTemplate":"https:\/\/www.alumni.space\/pt-pt\/?s={search_term_string}"},"query-input":{"@type":"PropertyValueSpecification","valueRequired":true,"valueName":"search_term_string"}}],"inLanguage":"pt-PT"},{"@type":"Person","@id":"https:\/\/www.alumni.space\/pt-pt\/#\/schema\/person\/fede362a57876edda476a61f05ce5b15","name":"admin","image":{"@type":"ImageObject","inLanguage":"pt-PT","@id":"https:\/\/secure.gravatar.com\/avatar\/318e234ae94f90d4d629428d6b983c08e31181c28f579e08a021180d759ea651?s=96&d=mm&r=g","url":"https:\/\/secure.gravatar.com\/avatar\/318e234ae94f90d4d629428d6b983c08e31181c28f579e08a021180d759ea651?s=96&d=mm&r=g","contentUrl":"https:\/\/secure.gravatar.com\/avatar\/318e234ae94f90d4d629428d6b983c08e31181c28f579e08a021180d759ea651?s=96&d=mm&r=g","caption":"admin"},"description":"Nicolas Laustriat a construit sa sp\u00e9cialit\u00e9 sur un sujet que beaucoup d\u2019organisations d\u00e9couvrent trop tard : ce qui dispara\u00eet quand les gens partent. Dipl\u00f4m\u00e9 en conception de produit industriel, il bifurque vers le digital fin 1996, il couvre les transformations marques, RH, la fid\u00e9lisation, la marque employeur. Sur le terrain, il rep\u00e8re un angle mort r\u00e9current : l\u2019entreprise investit dans le recrutement, la formation, les process\u2026 puis laisse filer le lien au moment du d\u00e9part, avec une perte de savoir et d\u2019influence qui se paie en silence. Il se sp\u00e9cialise alors sur les communaut\u00e9s d\u2019alumni, le mentorat, l\u2019entraide interg\u00e9n\u00e9rationnelle et la transmission d\u2019expertise. Il passe du \u201cconstat\u201d aux m\u00e9thodes : animation, gouvernance, segmentation, rituels, mesure d\u2019engagement, articulation avec la RSE et l\u2019employabilit\u00e9. Il interviewe DRH, responsables formation, directions d\u2019\u00e9coles, associations et fondations, avec une obsession : transformer un r\u00e9seau dormant en m\u00e9canisme utile (cooptation, mentorat, job board, entraide, \u00e9v\u00e9nements, contenus). Son style : direct, orient\u00e9 action, sans folklore. Sa conviction : une communaut\u00e9 n\u2019a pas besoin de bruit, elle a besoin de raisons de revenir.","sameAs":["https:\/\/www.alumni.space"]}]}},"_links":{"self":[{"href":"https:\/\/www.alumni.space\/pt-pt\/wp-json\/wp\/v2\/posts\/3834","targetHints":{"allow":["GET"]}}],"collection":[{"href":"https:\/\/www.alumni.space\/pt-pt\/wp-json\/wp\/v2\/posts"}],"about":[{"href":"https:\/\/www.alumni.space\/pt-pt\/wp-json\/wp\/v2\/types\/post"}],"author":[{"embeddable":true,"href":"https:\/\/www.alumni.space\/pt-pt\/wp-json\/wp\/v2\/users\/1"}],"replies":[{"embeddable":true,"href":"https:\/\/www.alumni.space\/pt-pt\/wp-json\/wp\/v2\/comments?post=3834"}],"version-history":[{"count":3,"href":"https:\/\/www.alumni.space\/pt-pt\/wp-json\/wp\/v2\/posts\/3834\/revisions"}],"predecessor-version":[{"id":6950,"href":"https:\/\/www.alumni.space\/pt-pt\/wp-json\/wp\/v2\/posts\/3834\/revisions\/6950"}],"wp:featuredmedia":[{"embeddable":true,"href":"https:\/\/www.alumni.space\/pt-pt\/wp-json\/wp\/v2\/media\/3836"}],"wp:attachment":[{"href":"https:\/\/www.alumni.space\/pt-pt\/wp-json\/wp\/v2\/media?parent=3834"}],"wp:term":[{"taxonomy":"category","embeddable":true,"href":"https:\/\/www.alumni.space\/pt-pt\/wp-json\/wp\/v2\/categories?post=3834"},{"taxonomy":"post_tag","embeddable":true,"href":"https:\/\/www.alumni.space\/pt-pt\/wp-json\/wp\/v2\/tags?post=3834"}],"curies":[{"name":"wp","href":"https:\/\/api.w.org\/{rel}","templated":true}]}}