{"id":7287,"date":"2025-01-12T03:21:54","date_gmt":"2025-01-12T03:21:54","guid":{"rendered":"https:\/\/www.alumni.space\/salute-pubblica-in-allarme-di-fronte-alla-perdita-di-conoscenze-mediche\/"},"modified":"2026-04-02T12:09:06","modified_gmt":"2026-04-02T12:09:06","slug":"salute-pubblica-in-allarme-di-fronte-alla-perdita-di-conoscenze-mediche","status":"publish","type":"post","link":"https:\/\/www.alumni.space\/it\/salute-pubblica-in-allarme-di-fronte-alla-perdita-di-conoscenze-mediche\/","title":{"rendered":"Salute pubblica in allarme di fronte alla perdita di conoscenze mediche"},"content":{"rendered":"<p>La salute pubblica in Francia \u00e8 minacciata dalla <strong>perdita di conoscenze mediche<\/strong>. Ci\u00f2 solleva preoccupazioni circa la <strong>trasmissione di conoscenze<\/strong> essenziali, la <strong>conservazione del patrimonio<\/strong> medico e l&#8217;impatto sulla <strong>prevenzione<\/strong> e sul <strong>sistema<\/strong> sanitario globale. <\/p><div id=\"ez-toc-container\" class=\"ez-toc-v2_0_82_2 counter-flat ez-toc-counter ez-toc-grey ez-toc-container-direction\">\n<div class=\"ez-toc-title-container\"><p class=\"ez-toc-title\" style=\"cursor:inherit\">In questo articolo:<\/p>\n<\/div><nav><ul class='ez-toc-list ez-toc-list-level-1 ' ><li class='ez-toc-page-1'><a class=\"ez-toc-link ez-toc-heading-1\" href=\"https:\/\/www.alumni.space\/it\/salute-pubblica-in-allarme-di-fronte-alla-perdita-di-conoscenze-mediche\/#Una_crisi_della_salute_pubblica_rivelata_dalla_scarsita_di_conoscenze_mediche\" >Una crisi della salute pubblica rivelata dalla scarsit\u00e0 di conoscenze mediche<\/a><\/li><li class='ez-toc-page-1'><a class=\"ez-toc-link ez-toc-heading-2\" href=\"https:\/\/www.alumni.space\/it\/salute-pubblica-in-allarme-di-fronte-alla-perdita-di-conoscenze-mediche\/#Linvecchiamento_della_popolazione_medica_un_ostacolo_importante_alla_trasmissione_delle_conoscenze\" >L&#8217;invecchiamento della popolazione medica, un ostacolo importante alla trasmissione delle conoscenze<\/a><\/li><li class='ez-toc-page-1'><a class=\"ez-toc-link ez-toc-heading-3\" href=\"https:\/\/www.alumni.space\/it\/salute-pubblica-in-allarme-di-fronte-alla-perdita-di-conoscenze-mediche\/#Gli_effetti_concreti_della_perdita_di_conoscenze_mediche_sulla_salute_pubblica_e_sulla_prevenzione\" >Gli effetti concreti della perdita di conoscenze mediche sulla salute pubblica e sulla prevenzione<\/a><\/li><li class='ez-toc-page-1'><a class=\"ez-toc-link ez-toc-heading-4\" href=\"https:\/\/www.alumni.space\/it\/salute-pubblica-in-allarme-di-fronte-alla-perdita-di-conoscenze-mediche\/#Vigilanza_nella_gestione_dei_dati_sanitari_un_aspetto_fondamentale_per_la_conservazione_del_patrimonio_medico\" >Vigilanza nella gestione dei dati sanitari, un aspetto fondamentale per la conservazione del patrimonio medico<\/a><\/li><li class='ez-toc-page-1'><a class=\"ez-toc-link ez-toc-heading-5\" href=\"https:\/\/www.alumni.space\/it\/salute-pubblica-in-allarme-di-fronte-alla-perdita-di-conoscenze-mediche\/#Soluzioni_innovative_per_arginare_la_perdita_di_conoscenze_e_rafforzare_la_coesione_degli_operatori_sanitari\" >Soluzioni innovative per arginare la perdita di conoscenze e rafforzare la coesione degli operatori sanitari<\/a><\/li><li class='ez-toc-page-1'><a class=\"ez-toc-link ez-toc-heading-6\" href=\"https:\/\/www.alumni.space\/it\/salute-pubblica-in-allarme-di-fronte-alla-perdita-di-conoscenze-mediche\/#Il_contributo_del_mentoring_e_delle_comunita_attive_nel_mantenimento_delle_conoscenze_mediche\" >Il contributo del mentoring e delle comunit\u00e0 attive nel mantenimento delle conoscenze mediche<\/a><\/li><li class='ez-toc-page-1'><a class=\"ez-toc-link ez-toc-heading-7\" href=\"https:\/\/www.alumni.space\/it\/salute-pubblica-in-allarme-di-fronte-alla-perdita-di-conoscenze-mediche\/#Incoraggiare_una_politica_di_salute_pubblica_proattiva_per_combattere_la_scomparsa_delle_conoscenze_mediche\" >Incoraggiare una politica di salute pubblica proattiva per combattere la scomparsa delle conoscenze mediche.<\/a><\/li><\/ul><\/nav><\/div>\n<h2 class=\"wp-block-heading\"><span class=\"ez-toc-section\" id=\"Una_crisi_della_salute_pubblica_rivelata_dalla_scarsita_di_conoscenze_mediche\"><\/span>Una crisi della salute pubblica rivelata dalla scarsit\u00e0 di conoscenze mediche<span class=\"ez-toc-section-end\"><\/span><\/h2><p>La carenza di medici, con un calo significativo del numero di medici di base e di specialisti, sta minando la continuit\u00e0 delle cure. Nel <strong>2025 ci saranno 241.255 medici in Francia<\/strong>, un leggero aumento, ma persistono crisi regionali nella governance medica. Oltre l <strong>&#8216;87% del paese \u00e8 interessato da deserti medici<\/strong>, soprattutto nelle aree rurali, che limitano l&#8217;accesso alle cure di base. Questa situazione aggrava la difficolt\u00e0 di mantenere la <strong>medicina tradizionale<\/strong> locale, dove l&#8217;esperienza e il know-how giocano un ruolo fondamentale.   <\/p><figure class=\"wp-block-image size-full\"><img decoding=\"async\" width=\"1280\" height=\"768\" src=\"https:\/\/www.alumni.space\/wp-content\/uploads\/2026\/03\/La-sante-publique-en-alerte-face-a-la-perte-de-savoir-medical-1.jpg\" data-orig-src=\"https:\/\/www.alumni.space\/wp-content\/uploads\/2026\/03\/La-sante-publique-en-alerte-face-a-la-perte-de-savoir-medical-1.jpg\" alt=\"Scopri le questioni cruciali che la salute pubblica deve affrontare di fronte alla graduale perdita di conoscenze mediche e le misure necessarie per preservare le conoscenze essenziali.\" class=\"lazyload wp-image-3225\" srcset=\"data:image\/svg+xml,%3Csvg%20xmlns%3D%27http%3A%2F%2Fwww.w3.org%2F2000%2Fsvg%27%20width%3D%271280%27%20height%3D%27768%27%20viewBox%3D%270%200%201280%20768%27%3E%3Crect%20width%3D%271280%27%20height%3D%27768%27%20fill-opacity%3D%220%22%2F%3E%3C%2Fsvg%3E\" data-srcset=\"https:\/\/www.alumni.space\/wp-content\/uploads\/2026\/03\/La-sante-publique-en-alerte-face-a-la-perte-de-savoir-medical-1-200x120.jpg 200w, https:\/\/www.alumni.space\/wp-content\/uploads\/2026\/03\/La-sante-publique-en-alerte-face-a-la-perte-de-savoir-medical-1-300x180.jpg 300w, https:\/\/www.alumni.space\/wp-content\/uploads\/2026\/03\/La-sante-publique-en-alerte-face-a-la-perte-de-savoir-medical-1-400x240.jpg 400w, https:\/\/www.alumni.space\/wp-content\/uploads\/2026\/03\/La-sante-publique-en-alerte-face-a-la-perte-de-savoir-medical-1-600x360.jpg 600w, https:\/\/www.alumni.space\/wp-content\/uploads\/2026\/03\/La-sante-publique-en-alerte-face-a-la-perte-de-savoir-medical-1-768x461.jpg 768w, https:\/\/www.alumni.space\/wp-content\/uploads\/2026\/03\/La-sante-publique-en-alerte-face-a-la-perte-de-savoir-medical-1-800x480.jpg 800w, https:\/\/www.alumni.space\/wp-content\/uploads\/2026\/03\/La-sante-publique-en-alerte-face-a-la-perte-de-savoir-medical-1-1024x614.jpg 1024w, https:\/\/www.alumni.space\/wp-content\/uploads\/2026\/03\/La-sante-publique-en-alerte-face-a-la-perte-de-savoir-medical-1-1200x720.jpg 1200w, https:\/\/www.alumni.space\/wp-content\/uploads\/2026\/03\/La-sante-publique-en-alerte-face-a-la-perte-de-savoir-medical-1.jpg 1280w\" data-sizes=\"auto\" data-orig-sizes=\"(max-width: 1280px) 100vw, 1280px\" \/><\/figure><h3 class=\"wp-block-heading\"><span class=\"ez-toc-section\" id=\"Linvecchiamento_della_popolazione_medica_un_ostacolo_importante_alla_trasmissione_delle_conoscenze\"><\/span>L&#8217;invecchiamento della popolazione medica, un ostacolo importante alla trasmissione delle conoscenze<span class=\"ez-toc-section-end\"><\/span><\/h3><p>L&#8217;elevata et\u00e0 media dei medici di base, soprattutto nelle aree con scarse risorse, sta portando a una <strong>massiccia perdita di competenze<\/strong> a causa del pensionamento senza un adeguato ricambio. Quasi il 43% dei medici di base ha pi\u00f9 di 60 anni, una situazione che aggrava la <strong>perdita delle conoscenze mediche<\/strong> accumulate. Questa situazione rischia di destabilizzare la rete sanitaria, con un impatto diretto sulla <strong>qualit\u00e0 delle diagnosi<\/strong> e del follow-up dei pazienti.  <\/p><h2 class=\"wp-block-heading\"><span class=\"ez-toc-section\" id=\"Gli_effetti_concreti_della_perdita_di_conoscenze_mediche_sulla_salute_pubblica_e_sulla_prevenzione\"><\/span>Gli effetti concreti della perdita di conoscenze mediche sulla salute pubblica e sulla prevenzione<span class=\"ez-toc-section-end\"><\/span><\/h2><p>Oltre a incidere sull&#8217;accesso alle cure, la <strong>perdita di conoscenze<\/strong> ha un impatto negativo sulla capacit\u00e0 del sistema sanitario di fornire una prevenzione efficace. Gli <strong>errori diagnostici<\/strong>, stimati in quasi il 10% durante le interazioni cliniche, fanno parte di questo preoccupante contesto. Senza una trasmissione strutturata delle competenze, la <strong>continuit\u00e0 delle conoscenze<\/strong> \u00e8 compromessa, con un conseguente peggioramento dell&#8217;impatto complessivo sulla salute.  <\/p><h3 class=\"wp-block-heading\"><span class=\"ez-toc-section\" id=\"Vigilanza_nella_gestione_dei_dati_sanitari_un_aspetto_fondamentale_per_la_conservazione_del_patrimonio_medico\"><\/span>Vigilanza nella gestione dei dati sanitari, un aspetto fondamentale per la conservazione del patrimonio medico<span class=\"ez-toc-section-end\"><\/span><\/h3><p>L&#8217;<strong>Associazione degli Archivisti francesi<\/strong> mette in guardia dal rischio di perdita di dati durante i cambiamenti tecnologici nelle strutture sanitarie. Una cattiva gestione o una migrazione di software mal controllata possono portare alla scomparsa definitiva di informazioni cruciali per la storia clinica dei pazienti. Questo fenomeno illustra le attuali sfide legate alla protezione e alla <strong>trasmissione dei dati<\/strong> medici, essenziali per la ricerca e la sicurezza delle cure.  <\/p><h2 class=\"wp-block-heading\"><span class=\"ez-toc-section\" id=\"Soluzioni_innovative_per_arginare_la_perdita_di_conoscenze_e_rafforzare_la_coesione_degli_operatori_sanitari\"><\/span>Soluzioni innovative per arginare la perdita di conoscenze e rafforzare la coesione degli operatori sanitari<span class=\"ez-toc-section-end\"><\/span><\/h2><p>Di fronte a queste sfide, i responsabili delle decisioni si rivolgono a metodi che combinano innovazione e gestione della comunit\u00e0. La piattaforma <a href=\"https:\/\/www.alumni.space\/it\/la-perdita-di-conoscenza-nelle-societa-di-consulenza-un-rischio-strategico\/\">alumni.space<\/a> illustra questo posizionamento grazie al suo approccio SaaS, che si concentra sulla <strong>gestione e sull&#8217;animazione delle comunit\u00e0<\/strong>, favorendo il contatto tra <strong>ex allievi<\/strong> professionisti e mentori. In questo modo, garantisce una <strong>trasmissione fluida delle conoscenze<\/strong>, riduce il rischio di perdite e supporta l&#8217;integrazione efficace di nuovi attori nella rete.  <\/p><p>Questa dinamica si traduce in una migliore <strong>cooptazione<\/strong>, in una gestione pi\u00f9 rigorosa del capitale di esperienza e in un impegno duraturo di<strong>supporto<\/strong>professionale<strong>reciproco<\/strong>. Per gli istituti e le istituzioni, l&#8217;adozione di una soluzione di questo tipo offre una solida alternativa agli strumenti dispersi, facilitando la supervisione dei cicli di formazione medica e la <strong>continuit\u00e0 del legame<\/strong> tra le generazioni. <\/p><h3 class=\"wp-block-heading\"><span class=\"ez-toc-section\" id=\"Il_contributo_del_mentoring_e_delle_comunita_attive_nel_mantenimento_delle_conoscenze_mediche\"><\/span>Il contributo del mentoring e delle comunit\u00e0 attive nel mantenimento delle conoscenze mediche<span class=\"ez-toc-section-end\"><\/span><\/h3><p>Una metodologia strutturata che incoraggia la creazione di coppie mentore-mentee in una variet\u00e0 di contesti &#8211; scuole, ospedali, associazioni &#8211; ottimizza la <strong>conservazione del patrimonio medico<\/strong>. Il mentoring intergenerazionale fornisce un quadro in cui l&#8217;esperienza si combina con la freschezza delle nuove competenze, rispondendo in modo efficace alla <strong>necessit\u00e0 di trasmettere le<\/strong> conoscenze in un settore sotto pressione. <\/p><p>Rituali chiari, un calendario condiviso e indicatori precisi permettono di misurare l&#8217;impatto reale di queste misure. Questi strumenti aiutano anche a ridurre i rischi psicosociali associati al sovraccarico professionale, una risorsa preziosa nella gestione degli operatori sanitari. <\/p><h2 class=\"wp-block-heading\"><span class=\"ez-toc-section\" id=\"Incoraggiare_una_politica_di_salute_pubblica_proattiva_per_combattere_la_scomparsa_delle_conoscenze_mediche\"><\/span>Incoraggiare una politica di salute pubblica proattiva per combattere la scomparsa delle conoscenze mediche.<span class=\"ez-toc-section-end\"><\/span><\/h2><p>Numerosi rapporti hanno evidenziato la necessit\u00e0 di un&#8217;azione coordinata tra autorit\u00e0 pubbliche e comunit\u00e0 professionali. Anticipare il pensionamento dei medici, riorganizzare i corsi di formazione e regolamentare la gestione dei dati medici sono leve essenziali. Queste iniziative fanno parte di una politica di prevenzione sistemica volta a garantire un accesso equo all&#8217;assistenza sanitaria in tutto il Paese.  <\/p><p>Si tratta anche di rafforzare il ruolo dei <a href=\"https:\/\/www.vie-publique.fr\/eclairage\/24080-sante-quelle-politique-publique-contre-les-deserts-medicaux\">decisori pubblici<\/a> nella gestione di questi problemi, utilizzando strumenti digitali integrati per facilitare il monitoraggio della demografia medica e dei percorsi di carriera. Un&#8217;azione concertata contribuir\u00e0 a ridurre i <strong>costi nascosti<\/strong> associati alla perdita di conoscenze, a migliorare il posizionamento degli istituti rispetto alla loro immagine e quindi ad aumentare la resilienza del sistema sanitario. <\/p><p>Un approccio progressivo, supportato da piattaforme specializzate che offrono un ambiente comune per lo scambio di informazioni e lo sviluppo di competenze, favorisce il consolidamento di una <strong>comunit\u00e0 medica impegnata<\/strong>. Grazie all&#8217;integrazione di queste soluzioni, gli operatori sanitari guadagnano in efficienza, preservando al contempo un patrimonio intangibile che \u00e8 fondamentale per la sostenibilit\u00e0 a lungo termine del servizio pubblico. <\/p>","protected":false},"excerpt":{"rendered":"<p>La salute pubblica in Francia \u00e8 minacciata dalla perdita di  [&#8230;]<\/p>\n","protected":false},"author":1,"featured_media":7288,"comment_status":"closed","ping_status":"","sticky":false,"template":"","format":"standard","meta":{"_ayudawp_aiss_exclude":false,"footnotes":""},"categories":[64],"tags":[],"class_list":["post-7287","post","type-post","status-publish","format-standard","has-post-thumbnail","hentry","category-condivisione-delle-conoscenze"],"yoast_head":"<!-- This site is optimized with the Yoast SEO plugin v27.4 - https:\/\/yoast.com\/product\/yoast-seo-wordpress\/ -->\n<title>Allarme: quando la sanit\u00e0 pubblica perde le sue conoscenze mediche<\/title>\n<meta name=\"description\" content=\"La sanit\u00e0 pubblica \u00e8 in allarme per la perdita di conoscenze mediche, fondamentali per garantire un&#039;assistenza di alta qualit\u00e0 e preservare il nostro patrimonio medico.\" \/>\n<meta name=\"robots\" content=\"index, follow, max-snippet:-1, max-image-preview:large, max-video-preview:-1\" \/>\n<link rel=\"canonical\" href=\"https:\/\/www.alumni.space\/it\/salute-pubblica-in-allarme-di-fronte-alla-perdita-di-conoscenze-mediche\/\" \/>\n<meta property=\"og:locale\" content=\"it_IT\" \/>\n<meta property=\"og:type\" content=\"article\" \/>\n<meta property=\"og:title\" content=\"Allarme: quando la sanit\u00e0 pubblica perde le sue conoscenze mediche\" \/>\n<meta property=\"og:description\" content=\"La sanit\u00e0 pubblica \u00e8 in allarme per la perdita di conoscenze mediche, fondamentali per garantire un&#039;assistenza di alta qualit\u00e0 e preservare il nostro patrimonio medico.\" \/>\n<meta property=\"og:url\" content=\"https:\/\/www.alumni.space\/it\/salute-pubblica-in-allarme-di-fronte-alla-perdita-di-conoscenze-mediche\/\" \/>\n<meta property=\"og:site_name\" content=\"Alumni.space\" \/>\n<meta property=\"article:published_time\" content=\"2025-01-12T03:21:54+00:00\" \/>\n<meta property=\"article:modified_time\" content=\"2026-04-02T12:09:06+00:00\" \/>\n<meta property=\"og:image\" content=\"https:\/\/www.alumni.space\/wp-content\/uploads\/2026\/03\/La-sante-publique-en-alerte-face-a-la-perte-de-savoir-medical.jpg\" \/>\n\t<meta property=\"og:image:width\" content=\"1280\" \/>\n\t<meta property=\"og:image:height\" content=\"768\" \/>\n\t<meta property=\"og:image:type\" content=\"image\/jpeg\" \/>\n<meta name=\"author\" content=\"admin\" \/>\n<meta name=\"twitter:card\" content=\"summary_large_image\" \/>\n<meta name=\"twitter:label1\" content=\"Scritto da\" \/>\n\t<meta name=\"twitter:data1\" content=\"admin\" \/>\n\t<meta name=\"twitter:label2\" content=\"Tempo di lettura stimato\" \/>\n\t<meta name=\"twitter:data2\" content=\"4 minuti\" \/>\n<script type=\"application\/ld+json\" class=\"yoast-schema-graph\">{\"@context\":\"https:\\\/\\\/schema.org\",\"@graph\":[{\"@type\":\"Article\",\"@id\":\"https:\\\/\\\/www.alumni.space\\\/it\\\/salute-pubblica-in-allarme-di-fronte-alla-perdita-di-conoscenze-mediche\\\/#article\",\"isPartOf\":{\"@id\":\"https:\\\/\\\/www.alumni.space\\\/it\\\/salute-pubblica-in-allarme-di-fronte-alla-perdita-di-conoscenze-mediche\\\/\"},\"author\":{\"name\":\"admin\",\"@id\":\"https:\\\/\\\/www.alumni.space\\\/it\\\/#\\\/schema\\\/person\\\/fede362a57876edda476a61f05ce5b15\"},\"headline\":\"Salute pubblica in allarme di fronte alla perdita di conoscenze mediche\",\"datePublished\":\"2025-01-12T03:21:54+00:00\",\"dateModified\":\"2026-04-02T12:09:06+00:00\",\"mainEntityOfPage\":{\"@id\":\"https:\\\/\\\/www.alumni.space\\\/it\\\/salute-pubblica-in-allarme-di-fronte-alla-perdita-di-conoscenze-mediche\\\/\"},\"wordCount\":836,\"image\":{\"@id\":\"https:\\\/\\\/www.alumni.space\\\/it\\\/salute-pubblica-in-allarme-di-fronte-alla-perdita-di-conoscenze-mediche\\\/#primaryimage\"},\"thumbnailUrl\":\"https:\\\/\\\/www.alumni.space\\\/wp-content\\\/uploads\\\/2026\\\/03\\\/La-sante-publique-en-alerte-face-a-la-perte-de-savoir-medical.jpg\",\"articleSection\":[\"Condivisione delle conoscenze\"],\"inLanguage\":\"it-IT\"},{\"@type\":\"WebPage\",\"@id\":\"https:\\\/\\\/www.alumni.space\\\/it\\\/salute-pubblica-in-allarme-di-fronte-alla-perdita-di-conoscenze-mediche\\\/\",\"url\":\"https:\\\/\\\/www.alumni.space\\\/it\\\/salute-pubblica-in-allarme-di-fronte-alla-perdita-di-conoscenze-mediche\\\/\",\"name\":\"Allarme: quando la sanit\u00e0 pubblica perde le sue conoscenze mediche\",\"isPartOf\":{\"@id\":\"https:\\\/\\\/www.alumni.space\\\/it\\\/#website\"},\"primaryImageOfPage\":{\"@id\":\"https:\\\/\\\/www.alumni.space\\\/it\\\/salute-pubblica-in-allarme-di-fronte-alla-perdita-di-conoscenze-mediche\\\/#primaryimage\"},\"image\":{\"@id\":\"https:\\\/\\\/www.alumni.space\\\/it\\\/salute-pubblica-in-allarme-di-fronte-alla-perdita-di-conoscenze-mediche\\\/#primaryimage\"},\"thumbnailUrl\":\"https:\\\/\\\/www.alumni.space\\\/wp-content\\\/uploads\\\/2026\\\/03\\\/La-sante-publique-en-alerte-face-a-la-perte-de-savoir-medical.jpg\",\"datePublished\":\"2025-01-12T03:21:54+00:00\",\"dateModified\":\"2026-04-02T12:09:06+00:00\",\"author\":{\"@id\":\"https:\\\/\\\/www.alumni.space\\\/it\\\/#\\\/schema\\\/person\\\/fede362a57876edda476a61f05ce5b15\"},\"description\":\"La sanit\u00e0 pubblica \u00e8 in allarme per la perdita di conoscenze mediche, fondamentali per garantire un'assistenza di alta qualit\u00e0 e preservare il nostro patrimonio medico.\",\"breadcrumb\":{\"@id\":\"https:\\\/\\\/www.alumni.space\\\/it\\\/salute-pubblica-in-allarme-di-fronte-alla-perdita-di-conoscenze-mediche\\\/#breadcrumb\"},\"inLanguage\":\"it-IT\",\"potentialAction\":[{\"@type\":\"ReadAction\",\"target\":[\"https:\\\/\\\/www.alumni.space\\\/it\\\/salute-pubblica-in-allarme-di-fronte-alla-perdita-di-conoscenze-mediche\\\/\"]}]},{\"@type\":\"ImageObject\",\"inLanguage\":\"it-IT\",\"@id\":\"https:\\\/\\\/www.alumni.space\\\/it\\\/salute-pubblica-in-allarme-di-fronte-alla-perdita-di-conoscenze-mediche\\\/#primaryimage\",\"url\":\"https:\\\/\\\/www.alumni.space\\\/wp-content\\\/uploads\\\/2026\\\/03\\\/La-sante-publique-en-alerte-face-a-la-perte-de-savoir-medical.jpg\",\"contentUrl\":\"https:\\\/\\\/www.alumni.space\\\/wp-content\\\/uploads\\\/2026\\\/03\\\/La-sante-publique-en-alerte-face-a-la-perte-de-savoir-medical.jpg\",\"width\":1280,\"height\":768,\"caption\":\"Scopri le criticit\u00e0 della salute pubblica di fronte alla crescente perdita di conoscenze mediche e cosa si pu\u00f2 fare per preservare le conoscenze essenziali.\"},{\"@type\":\"BreadcrumbList\",\"@id\":\"https:\\\/\\\/www.alumni.space\\\/it\\\/salute-pubblica-in-allarme-di-fronte-alla-perdita-di-conoscenze-mediche\\\/#breadcrumb\",\"itemListElement\":[{\"@type\":\"ListItem\",\"position\":1,\"name\":\"Home\",\"item\":\"https:\\\/\\\/www.alumni.space\\\/it\\\/piattaforma-di-mentoring-e-di-gestione-degli-alumni\\\/\"},{\"@type\":\"ListItem\",\"position\":2,\"name\":\"Salute pubblica in allarme di fronte alla perdita di conoscenze mediche\"}]},{\"@type\":\"WebSite\",\"@id\":\"https:\\\/\\\/www.alumni.space\\\/it\\\/#website\",\"url\":\"https:\\\/\\\/www.alumni.space\\\/it\\\/\",\"name\":\"Alumni.space\",\"description\":\"My WordPress Blog\",\"potentialAction\":[{\"@type\":\"SearchAction\",\"target\":{\"@type\":\"EntryPoint\",\"urlTemplate\":\"https:\\\/\\\/www.alumni.space\\\/it\\\/?s={search_term_string}\"},\"query-input\":{\"@type\":\"PropertyValueSpecification\",\"valueRequired\":true,\"valueName\":\"search_term_string\"}}],\"inLanguage\":\"it-IT\"},{\"@type\":\"Person\",\"@id\":\"https:\\\/\\\/www.alumni.space\\\/it\\\/#\\\/schema\\\/person\\\/fede362a57876edda476a61f05ce5b15\",\"name\":\"admin\",\"image\":{\"@type\":\"ImageObject\",\"inLanguage\":\"it-IT\",\"@id\":\"https:\\\/\\\/secure.gravatar.com\\\/avatar\\\/318e234ae94f90d4d629428d6b983c08e31181c28f579e08a021180d759ea651?s=96&d=mm&r=g\",\"url\":\"https:\\\/\\\/secure.gravatar.com\\\/avatar\\\/318e234ae94f90d4d629428d6b983c08e31181c28f579e08a021180d759ea651?s=96&d=mm&r=g\",\"contentUrl\":\"https:\\\/\\\/secure.gravatar.com\\\/avatar\\\/318e234ae94f90d4d629428d6b983c08e31181c28f579e08a021180d759ea651?s=96&d=mm&r=g\",\"caption\":\"admin\"},\"description\":\"Nicolas Laustriat a construit sa sp\u00e9cialit\u00e9 sur un sujet que beaucoup d\u2019organisations d\u00e9couvrent trop tard : ce qui dispara\u00eet quand les gens partent. Dipl\u00f4m\u00e9 en conception de produit industriel, il bifurque vers le digital fin 1996, il couvre les transformations marques, RH, la fid\u00e9lisation, la marque employeur. Sur le terrain, il rep\u00e8re un angle mort r\u00e9current : l\u2019entreprise investit dans le recrutement, la formation, les process\u2026 puis laisse filer le lien au moment du d\u00e9part, avec une perte de savoir et d\u2019influence qui se paie en silence. Il se sp\u00e9cialise alors sur les communaut\u00e9s d\u2019alumni, le mentorat, l\u2019entraide interg\u00e9n\u00e9rationnelle et la transmission d\u2019expertise. Il passe du \u201cconstat\u201d aux m\u00e9thodes : animation, gouvernance, segmentation, rituels, mesure d\u2019engagement, articulation avec la RSE et l\u2019employabilit\u00e9. Il interviewe DRH, responsables formation, directions d\u2019\u00e9coles, associations et fondations, avec une obsession : transformer un r\u00e9seau dormant en m\u00e9canisme utile (cooptation, mentorat, job board, entraide, \u00e9v\u00e9nements, contenus). Son style : direct, orient\u00e9 action, sans folklore. Sa conviction : une communaut\u00e9 n\u2019a pas besoin de bruit, elle a besoin de raisons de revenir.\",\"sameAs\":[\"https:\\\/\\\/www.alumni.space\"]}]}<\/script>\n<!-- \/ Yoast SEO plugin. -->","yoast_head_json":{"title":"Allarme: quando la sanit\u00e0 pubblica perde le sue conoscenze mediche","description":"La sanit\u00e0 pubblica \u00e8 in allarme per la perdita di conoscenze mediche, fondamentali per garantire un'assistenza di alta qualit\u00e0 e preservare il nostro patrimonio medico.","robots":{"index":"index","follow":"follow","max-snippet":"max-snippet:-1","max-image-preview":"max-image-preview:large","max-video-preview":"max-video-preview:-1"},"canonical":"https:\/\/www.alumni.space\/it\/salute-pubblica-in-allarme-di-fronte-alla-perdita-di-conoscenze-mediche\/","og_locale":"it_IT","og_type":"article","og_title":"Allarme: quando la sanit\u00e0 pubblica perde le sue conoscenze mediche","og_description":"La sanit\u00e0 pubblica \u00e8 in allarme per la perdita di conoscenze mediche, fondamentali per garantire un'assistenza di alta qualit\u00e0 e preservare il nostro patrimonio medico.","og_url":"https:\/\/www.alumni.space\/it\/salute-pubblica-in-allarme-di-fronte-alla-perdita-di-conoscenze-mediche\/","og_site_name":"Alumni.space","article_published_time":"2025-01-12T03:21:54+00:00","article_modified_time":"2026-04-02T12:09:06+00:00","og_image":[{"width":1280,"height":768,"url":"https:\/\/www.alumni.space\/wp-content\/uploads\/2026\/03\/La-sante-publique-en-alerte-face-a-la-perte-de-savoir-medical.jpg","type":"image\/jpeg"}],"author":"admin","twitter_card":"summary_large_image","twitter_misc":{"Scritto da":"admin","Tempo di lettura stimato":"4 minuti"},"schema":{"@context":"https:\/\/schema.org","@graph":[{"@type":"Article","@id":"https:\/\/www.alumni.space\/it\/salute-pubblica-in-allarme-di-fronte-alla-perdita-di-conoscenze-mediche\/#article","isPartOf":{"@id":"https:\/\/www.alumni.space\/it\/salute-pubblica-in-allarme-di-fronte-alla-perdita-di-conoscenze-mediche\/"},"author":{"name":"admin","@id":"https:\/\/www.alumni.space\/it\/#\/schema\/person\/fede362a57876edda476a61f05ce5b15"},"headline":"Salute pubblica in allarme di fronte alla perdita di conoscenze mediche","datePublished":"2025-01-12T03:21:54+00:00","dateModified":"2026-04-02T12:09:06+00:00","mainEntityOfPage":{"@id":"https:\/\/www.alumni.space\/it\/salute-pubblica-in-allarme-di-fronte-alla-perdita-di-conoscenze-mediche\/"},"wordCount":836,"image":{"@id":"https:\/\/www.alumni.space\/it\/salute-pubblica-in-allarme-di-fronte-alla-perdita-di-conoscenze-mediche\/#primaryimage"},"thumbnailUrl":"https:\/\/www.alumni.space\/wp-content\/uploads\/2026\/03\/La-sante-publique-en-alerte-face-a-la-perte-de-savoir-medical.jpg","articleSection":["Condivisione delle conoscenze"],"inLanguage":"it-IT"},{"@type":"WebPage","@id":"https:\/\/www.alumni.space\/it\/salute-pubblica-in-allarme-di-fronte-alla-perdita-di-conoscenze-mediche\/","url":"https:\/\/www.alumni.space\/it\/salute-pubblica-in-allarme-di-fronte-alla-perdita-di-conoscenze-mediche\/","name":"Allarme: quando la sanit\u00e0 pubblica perde le sue conoscenze mediche","isPartOf":{"@id":"https:\/\/www.alumni.space\/it\/#website"},"primaryImageOfPage":{"@id":"https:\/\/www.alumni.space\/it\/salute-pubblica-in-allarme-di-fronte-alla-perdita-di-conoscenze-mediche\/#primaryimage"},"image":{"@id":"https:\/\/www.alumni.space\/it\/salute-pubblica-in-allarme-di-fronte-alla-perdita-di-conoscenze-mediche\/#primaryimage"},"thumbnailUrl":"https:\/\/www.alumni.space\/wp-content\/uploads\/2026\/03\/La-sante-publique-en-alerte-face-a-la-perte-de-savoir-medical.jpg","datePublished":"2025-01-12T03:21:54+00:00","dateModified":"2026-04-02T12:09:06+00:00","author":{"@id":"https:\/\/www.alumni.space\/it\/#\/schema\/person\/fede362a57876edda476a61f05ce5b15"},"description":"La sanit\u00e0 pubblica \u00e8 in allarme per la perdita di conoscenze mediche, fondamentali per garantire un'assistenza di alta qualit\u00e0 e preservare il nostro patrimonio medico.","breadcrumb":{"@id":"https:\/\/www.alumni.space\/it\/salute-pubblica-in-allarme-di-fronte-alla-perdita-di-conoscenze-mediche\/#breadcrumb"},"inLanguage":"it-IT","potentialAction":[{"@type":"ReadAction","target":["https:\/\/www.alumni.space\/it\/salute-pubblica-in-allarme-di-fronte-alla-perdita-di-conoscenze-mediche\/"]}]},{"@type":"ImageObject","inLanguage":"it-IT","@id":"https:\/\/www.alumni.space\/it\/salute-pubblica-in-allarme-di-fronte-alla-perdita-di-conoscenze-mediche\/#primaryimage","url":"https:\/\/www.alumni.space\/wp-content\/uploads\/2026\/03\/La-sante-publique-en-alerte-face-a-la-perte-de-savoir-medical.jpg","contentUrl":"https:\/\/www.alumni.space\/wp-content\/uploads\/2026\/03\/La-sante-publique-en-alerte-face-a-la-perte-de-savoir-medical.jpg","width":1280,"height":768,"caption":"Scopri le criticit\u00e0 della salute pubblica di fronte alla crescente perdita di conoscenze mediche e cosa si pu\u00f2 fare per preservare le conoscenze essenziali."},{"@type":"BreadcrumbList","@id":"https:\/\/www.alumni.space\/it\/salute-pubblica-in-allarme-di-fronte-alla-perdita-di-conoscenze-mediche\/#breadcrumb","itemListElement":[{"@type":"ListItem","position":1,"name":"Home","item":"https:\/\/www.alumni.space\/it\/piattaforma-di-mentoring-e-di-gestione-degli-alumni\/"},{"@type":"ListItem","position":2,"name":"Salute pubblica in allarme di fronte alla perdita di conoscenze mediche"}]},{"@type":"WebSite","@id":"https:\/\/www.alumni.space\/it\/#website","url":"https:\/\/www.alumni.space\/it\/","name":"Alumni.space","description":"My WordPress Blog","potentialAction":[{"@type":"SearchAction","target":{"@type":"EntryPoint","urlTemplate":"https:\/\/www.alumni.space\/it\/?s={search_term_string}"},"query-input":{"@type":"PropertyValueSpecification","valueRequired":true,"valueName":"search_term_string"}}],"inLanguage":"it-IT"},{"@type":"Person","@id":"https:\/\/www.alumni.space\/it\/#\/schema\/person\/fede362a57876edda476a61f05ce5b15","name":"admin","image":{"@type":"ImageObject","inLanguage":"it-IT","@id":"https:\/\/secure.gravatar.com\/avatar\/318e234ae94f90d4d629428d6b983c08e31181c28f579e08a021180d759ea651?s=96&d=mm&r=g","url":"https:\/\/secure.gravatar.com\/avatar\/318e234ae94f90d4d629428d6b983c08e31181c28f579e08a021180d759ea651?s=96&d=mm&r=g","contentUrl":"https:\/\/secure.gravatar.com\/avatar\/318e234ae94f90d4d629428d6b983c08e31181c28f579e08a021180d759ea651?s=96&d=mm&r=g","caption":"admin"},"description":"Nicolas Laustriat a construit sa sp\u00e9cialit\u00e9 sur un sujet que beaucoup d\u2019organisations d\u00e9couvrent trop tard : ce qui dispara\u00eet quand les gens partent. Dipl\u00f4m\u00e9 en conception de produit industriel, il bifurque vers le digital fin 1996, il couvre les transformations marques, RH, la fid\u00e9lisation, la marque employeur. Sur le terrain, il rep\u00e8re un angle mort r\u00e9current : l\u2019entreprise investit dans le recrutement, la formation, les process\u2026 puis laisse filer le lien au moment du d\u00e9part, avec une perte de savoir et d\u2019influence qui se paie en silence. Il se sp\u00e9cialise alors sur les communaut\u00e9s d\u2019alumni, le mentorat, l\u2019entraide interg\u00e9n\u00e9rationnelle et la transmission d\u2019expertise. Il passe du \u201cconstat\u201d aux m\u00e9thodes : animation, gouvernance, segmentation, rituels, mesure d\u2019engagement, articulation avec la RSE et l\u2019employabilit\u00e9. Il interviewe DRH, responsables formation, directions d\u2019\u00e9coles, associations et fondations, avec une obsession : transformer un r\u00e9seau dormant en m\u00e9canisme utile (cooptation, mentorat, job board, entraide, \u00e9v\u00e9nements, contenus). Son style : direct, orient\u00e9 action, sans folklore. Sa conviction : une communaut\u00e9 n\u2019a pas besoin de bruit, elle a besoin de raisons de revenir.","sameAs":["https:\/\/www.alumni.space"]}]}},"_links":{"self":[{"href":"https:\/\/www.alumni.space\/it\/wp-json\/wp\/v2\/posts\/7287","targetHints":{"allow":["GET"]}}],"collection":[{"href":"https:\/\/www.alumni.space\/it\/wp-json\/wp\/v2\/posts"}],"about":[{"href":"https:\/\/www.alumni.space\/it\/wp-json\/wp\/v2\/types\/post"}],"author":[{"embeddable":true,"href":"https:\/\/www.alumni.space\/it\/wp-json\/wp\/v2\/users\/1"}],"replies":[{"embeddable":true,"href":"https:\/\/www.alumni.space\/it\/wp-json\/wp\/v2\/comments?post=7287"}],"version-history":[{"count":1,"href":"https:\/\/www.alumni.space\/it\/wp-json\/wp\/v2\/posts\/7287\/revisions"}],"predecessor-version":[{"id":7289,"href":"https:\/\/www.alumni.space\/it\/wp-json\/wp\/v2\/posts\/7287\/revisions\/7289"}],"wp:featuredmedia":[{"embeddable":true,"href":"https:\/\/www.alumni.space\/it\/wp-json\/wp\/v2\/media\/7288"}],"wp:attachment":[{"href":"https:\/\/www.alumni.space\/it\/wp-json\/wp\/v2\/media?parent=7287"}],"wp:term":[{"taxonomy":"category","embeddable":true,"href":"https:\/\/www.alumni.space\/it\/wp-json\/wp\/v2\/categories?post=7287"},{"taxonomy":"post_tag","embeddable":true,"href":"https:\/\/www.alumni.space\/it\/wp-json\/wp\/v2\/tags?post=7287"}],"curies":[{"name":"wp","href":"https:\/\/api.w.org\/{rel}","templated":true}]}}