{"id":6987,"date":"2025-03-02T05:59:52","date_gmt":"2025-03-02T05:59:52","guid":{"rendered":"https:\/\/www.alumni.space\/i-pensionamenti-una-minaccia-silenziosa-per-il-settore-ospedaliero\/"},"modified":"2026-04-02T12:05:30","modified_gmt":"2026-04-02T12:05:30","slug":"i-pensionamenti-una-minaccia-silenziosa-per-il-settore-ospedaliero","status":"publish","type":"post","link":"https:\/\/www.alumni.space\/it\/i-pensionamenti-una-minaccia-silenziosa-per-il-settore-ospedaliero\/","title":{"rendered":"I pensionamenti: una minaccia silenziosa per il settore ospedaliero"},"content":{"rendered":"<div id=\"ez-toc-container\" class=\"ez-toc-v2_0_82_2 counter-flat ez-toc-counter ez-toc-grey ez-toc-container-direction\">\n<div class=\"ez-toc-title-container\"><p class=\"ez-toc-title\" style=\"cursor:inherit\">In questo articolo:<\/p>\n<\/div><nav><ul class='ez-toc-list ez-toc-list-level-1 ' ><li class='ez-toc-page-1'><a class=\"ez-toc-link ez-toc-heading-1\" href=\"https:\/\/www.alumni.space\/it\/i-pensionamenti-una-minaccia-silenziosa-per-il-settore-ospedaliero\/#Pensionamenti_massicci_una_sfida_importante_per_il_settore_ospedaliero_nel_2026\" >Pensionamenti massicci: una sfida importante per il settore ospedaliero nel 2026<\/a><\/li><li class='ez-toc-page-1'><a class=\"ez-toc-link ez-toc-heading-2\" href=\"https:\/\/www.alumni.space\/it\/i-pensionamenti-una-minaccia-silenziosa-per-il-settore-ospedaliero\/#Limpatto_finanziario_e_demografico_delle_pensioni_nel_servizio_civile_ospedaliero\" >L&#8217;impatto finanziario e demografico delle pensioni nel servizio civile ospedaliero<\/a><\/li><li class='ez-toc-page-1'><a class=\"ez-toc-link ez-toc-heading-3\" href=\"https:\/\/www.alumni.space\/it\/i-pensionamenti-una-minaccia-silenziosa-per-il-settore-ospedaliero\/#I_rischi_nascosti_del_pensionamento_per_la_gestione_delle_competenze_in_ospedale\" >I rischi nascosti del pensionamento per la gestione delle competenze in ospedale<\/a><\/li><li class='ez-toc-page-1'><a class=\"ez-toc-link ez-toc-heading-4\" href=\"https:\/\/www.alumni.space\/it\/i-pensionamenti-una-minaccia-silenziosa-per-il-settore-ospedaliero\/#Ottimizzare_il_trasferimento_delle_competenze_e_rafforzare_la_comunita_professionale_dellospedale\" >Ottimizzare il trasferimento delle competenze e rafforzare la comunit\u00e0 professionale dell&#8217;ospedale.<\/a><\/li><\/ul><\/nav><\/div>\n<h2 class=\"wp-block-heading\"><span class=\"ez-toc-section\" id=\"Pensionamenti_massicci_una_sfida_importante_per_il_settore_ospedaliero_nel_2026\"><\/span>Pensionamenti massicci: una sfida importante per il settore ospedaliero nel 2026<span class=\"ez-toc-section-end\"><\/span><\/h2><p>L&#8217;<strong>invecchiamento del personale<\/strong> sanitario e i <strong>pensionamenti<\/strong> sono i fattori chiave della <strong>carenza di personale<\/strong> negli ospedali. Questa situazione ha un impatto diretto sulla <strong>qualit\u00e0 dell&#8217;assistenza<\/strong> e sulla capacit\u00e0 delle risorse umane di soddisfare le crescenti esigenze della <strong>sanit\u00e0 pubblica<\/strong>. Di conseguenza, lo squilibrio tra le partenze e le assunzioni di personale negli ospedali sta aumentando, rendendo urgente l&#8217;adozione di strategie solide per gestire questo shock demografico.  <\/p><figure class=\"wp-block-image size-full\"><img decoding=\"async\" width=\"1280\" height=\"768\" src=\"https:\/\/www.alumni.space\/wp-content\/uploads\/2026\/03\/Departs-a-la-retraite-une-menace-silencieuse-pour-le-secteur-hospitalier-1.jpg\" data-orig-src=\"https:\/\/www.alumni.space\/wp-content\/uploads\/2026\/03\/Departs-a-la-retraite-une-menace-silencieuse-pour-le-secteur-hospitalier-1.jpg\" alt=\"Scopri come i pensionamenti rappresentino una minaccia silenziosa per il settore ospedaliero, con un impatto sulla qualit\u00e0 dell'assistenza e sulla gestione delle risorse umane.\" class=\"lazyload wp-image-3228\" srcset=\"data:image\/svg+xml,%3Csvg%20xmlns%3D%27http%3A%2F%2Fwww.w3.org%2F2000%2Fsvg%27%20width%3D%271280%27%20height%3D%27768%27%20viewBox%3D%270%200%201280%20768%27%3E%3Crect%20width%3D%271280%27%20height%3D%27768%27%20fill-opacity%3D%220%22%2F%3E%3C%2Fsvg%3E\" data-srcset=\"https:\/\/www.alumni.space\/wp-content\/uploads\/2026\/03\/Departs-a-la-retraite-une-menace-silencieuse-pour-le-secteur-hospitalier-1-200x120.jpg 200w, https:\/\/www.alumni.space\/wp-content\/uploads\/2026\/03\/Departs-a-la-retraite-une-menace-silencieuse-pour-le-secteur-hospitalier-1-300x180.jpg 300w, https:\/\/www.alumni.space\/wp-content\/uploads\/2026\/03\/Departs-a-la-retraite-une-menace-silencieuse-pour-le-secteur-hospitalier-1-400x240.jpg 400w, https:\/\/www.alumni.space\/wp-content\/uploads\/2026\/03\/Departs-a-la-retraite-une-menace-silencieuse-pour-le-secteur-hospitalier-1-600x360.jpg 600w, https:\/\/www.alumni.space\/wp-content\/uploads\/2026\/03\/Departs-a-la-retraite-une-menace-silencieuse-pour-le-secteur-hospitalier-1-768x461.jpg 768w, https:\/\/www.alumni.space\/wp-content\/uploads\/2026\/03\/Departs-a-la-retraite-une-menace-silencieuse-pour-le-secteur-hospitalier-1-800x480.jpg 800w, https:\/\/www.alumni.space\/wp-content\/uploads\/2026\/03\/Departs-a-la-retraite-une-menace-silencieuse-pour-le-secteur-hospitalier-1-1024x614.jpg 1024w, https:\/\/www.alumni.space\/wp-content\/uploads\/2026\/03\/Departs-a-la-retraite-une-menace-silencieuse-pour-le-secteur-hospitalier-1-1200x720.jpg 1200w, https:\/\/www.alumni.space\/wp-content\/uploads\/2026\/03\/Departs-a-la-retraite-une-menace-silencieuse-pour-le-secteur-hospitalier-1.jpg 1280w\" data-sizes=\"auto\" data-orig-sizes=\"(max-width: 1280px) 100vw, 1280px\" \/><\/figure><h3 class=\"wp-block-heading\"><span class=\"ez-toc-section\" id=\"Limpatto_finanziario_e_demografico_delle_pensioni_nel_servizio_civile_ospedaliero\"><\/span>L&#8217;impatto finanziario e demografico delle pensioni nel servizio civile ospedaliero<span class=\"ez-toc-section-end\"><\/span><\/h3><p>Il rapporto dell&#8217;Ispettorato Generale dello scorso maggio ha evidenziato un grave deficit del CNRACL, il fondo che si occupa delle pensioni dei dipendenti degli ospedali e degli enti locali. Nonostante una popolazione di pensionati che rappresenta il 7% dei pensionati francesi, le riserve finanziarie sono crollate, facendo prevedere un deficit di oltre 2,5 miliardi di euro nel 2023, quasi il doppio rispetto al regime generale, che \u00e8 dieci volte pi\u00f9 grande. Questa dinamica \u00e8 accentuata dal calo del rapporto demografico, che \u00e8 passato da pi\u00f9 di 4 a meno di 1,5 oggi, con il risultato di un preoccupante rapporto tra pensionati e contribuenti attivi.  <\/p><p>Inoltre, i prepensionamenti legati alle <strong>categorie attive<\/strong> e alle <strong>lunghe carriere<\/strong> &#8211; che sono comuni nelle professioni ospedaliere &#8211; stanno aumentando la pressione sulla gestione delle competenze e sull&#8217;equilibrio finanziario. In questo contesto, la spesa sta aumentando a dismisura e si prevede un deficit di 11 miliardi di euro entro la fine del decennio, mettendo a rischio la sostenibilit\u00e0 delle risorse destinate alle <strong>pensioni ospedaliere<\/strong>. <\/p><h2 class=\"wp-block-heading\"><span class=\"ez-toc-section\" id=\"I_rischi_nascosti_del_pensionamento_per_la_gestione_delle_competenze_in_ospedale\"><\/span>I rischi nascosti del pensionamento per la gestione delle competenze in ospedale<span class=\"ez-toc-section-end\"><\/span><\/h2><p>Oltre alla semplice sostituzione dei posti vacanti, i pensionamenti comportano una <strong>perdita di conoscenze<\/strong> che spesso \u00e8 difficile da recuperare. Il settore ospedaliero si trova quindi ad affrontare una carenza di talenti esperti, che influisce sull&#8217;efficienza delle \u00e9quipe mediche e sulla trasmissione intergenerazionale delle migliori pratiche. L&#8217;assenza di meccanismi adeguati per catturare questo capitale umano accentua il rischio di un&#8217;interruzione della continuit\u00e0 delle cure.  <\/p><p>Questo fenomeno si osserva anche nei dipartimenti di reclutamento medico, che faticano a tenere il passo con il crescente bisogno di personale qualificato, anche a causa della lentezza delle procedure di inserimento e della crescente complessit\u00e0 delle competenze richieste. Queste disfunzioni hanno un grave impatto sulla gestione delle risorse umane e richiedono una trasformazione radicale dei metodi utilizzati per anticipare e sostenere i pensionamenti. <\/p><h3 class=\"wp-block-heading\"><span class=\"ez-toc-section\" id=\"Ottimizzare_il_trasferimento_delle_competenze_e_rafforzare_la_comunita_professionale_dellospedale\"><\/span>Ottimizzare il trasferimento delle competenze e rafforzare la comunit\u00e0 professionale dell&#8217;ospedale.<span class=\"ez-toc-section-end\"><\/span><\/h3><p>Per contrastare l&#8217;effetto deleterio delle partenze anticipate, \u00e8 necessario introdurre rituali di mentoring e supporto, incoraggiando la creazione di <strong>coppie intergenerazionali<\/strong>. La creazione di reti di ex dipendenti, combinata con piattaforme digitali di gestione delle comunit\u00e0, rende pi\u00f9 facile conservare l&#8217;<strong>esperienza<\/strong> e sviluppare una cultura di sostegno reciproco attivo. Queste iniziative aiutano anche a migliorare la cooptazione, ad accelerare l&#8217;integrazione dei nuovi assunti e a mantenere i legami sociali all&#8217;interno del settore ospedaliero.  <\/p><p>Questo tipo di organizzazione, che promuove la condivisione del know-how e la mobilitazione collettiva, ha un effetto diretto sugli indicatori di prestazione chiave legati alla <strong>gestione delle competenze<\/strong> e al mantenimento di un quadro normativo conforme ai requisiti degli stabilimenti. L&#8217;obiettivo \u00e8 quello di ridurre non solo i costi associati alla formazione iniziale, ma anche i rischi legati alla perdita di competenze fondamentali. <\/p><p>I responsabili delle risorse umane, della gestione istituzionale o degli organi di rappresentanza, trarrebbero vantaggio dall&#8217;integrazione di soluzioni digitali innovative per automatizzare alcune fasi di gestione e mantenere aggiornati i livelli di personale in un momento in cui il turnover del personale sta accelerando.<\/p><p><a href=\"https:\/\/www.alumni.space\/it\/faq-alumni-mentorat\/come-possiamo-prevedere-la-perdita-di-competenze-dovuta-al-pensionamento\/\">Anticipare la perdita di competenze dovuta ai pensionamenti<\/a> e <a href=\"https:\/\/www.alumni.space\/it\/pensionamenti-quali-strategie-per-la-gestione-della-conoscenza\/\">strutturare la memoria organizzativa<\/a> sono leve fondamentali per limitare la minaccia silenziosa del settore ospedaliero.<\/p>","protected":false},"excerpt":{"rendered":"<p>Pensionamenti massicci: una sfida importante per il settore ospedaliero nel  [&#8230;]<\/p>\n","protected":false},"author":1,"featured_media":6988,"comment_status":"closed","ping_status":"","sticky":false,"template":"","format":"standard","meta":{"_ayudawp_aiss_exclude":false,"footnotes":""},"categories":[65],"tags":[],"class_list":["post-6987","post","type-post","status-publish","format-standard","has-post-thumbnail","hentry","category-risorse-umane"],"yoast_head":"<!-- This site is optimized with the Yoast SEO plugin v27.4 - https:\/\/yoast.com\/product\/yoast-seo-wordpress\/ -->\n<title>Pensioni: l&#039;allarme silenzioso degli ospedali<\/title>\n<meta name=\"description\" content=\"I pensionamenti nel settore ospedaliero: una sfida importante che minaccia la qualit\u00e0 dell&#039;assistenza e la stabilit\u00e0 delle strutture.\" \/>\n<meta name=\"robots\" content=\"index, follow, max-snippet:-1, max-image-preview:large, max-video-preview:-1\" \/>\n<link rel=\"canonical\" href=\"https:\/\/www.alumni.space\/it\/i-pensionamenti-una-minaccia-silenziosa-per-il-settore-ospedaliero\/\" \/>\n<meta property=\"og:locale\" content=\"it_IT\" \/>\n<meta property=\"og:type\" content=\"article\" \/>\n<meta property=\"og:title\" content=\"Pensioni: l&#039;allarme silenzioso degli ospedali\" \/>\n<meta property=\"og:description\" content=\"I pensionamenti nel settore ospedaliero: una sfida importante che minaccia la qualit\u00e0 dell&#039;assistenza e la stabilit\u00e0 delle strutture.\" \/>\n<meta property=\"og:url\" content=\"https:\/\/www.alumni.space\/it\/i-pensionamenti-una-minaccia-silenziosa-per-il-settore-ospedaliero\/\" \/>\n<meta property=\"og:site_name\" content=\"Alumni.space\" \/>\n<meta property=\"article:published_time\" content=\"2025-03-02T05:59:52+00:00\" \/>\n<meta property=\"article:modified_time\" content=\"2026-04-02T12:05:30+00:00\" \/>\n<meta property=\"og:image\" content=\"https:\/\/www.alumni.space\/wp-content\/uploads\/2026\/03\/Departs-a-la-retraite-une-menace-silencieuse-pour-le-secteur-hospitalier.jpg\" \/>\n\t<meta property=\"og:image:width\" content=\"1280\" \/>\n\t<meta property=\"og:image:height\" content=\"768\" \/>\n\t<meta property=\"og:image:type\" content=\"image\/jpeg\" \/>\n<meta name=\"author\" content=\"admin\" \/>\n<meta name=\"twitter:card\" content=\"summary_large_image\" \/>\n<meta name=\"twitter:label1\" content=\"Scritto da\" \/>\n\t<meta name=\"twitter:data1\" content=\"admin\" \/>\n\t<meta name=\"twitter:label2\" content=\"Tempo di lettura stimato\" \/>\n\t<meta name=\"twitter:data2\" content=\"3 minuti\" \/>\n<script type=\"application\/ld+json\" class=\"yoast-schema-graph\">{\"@context\":\"https:\\\/\\\/schema.org\",\"@graph\":[{\"@type\":\"Article\",\"@id\":\"https:\\\/\\\/www.alumni.space\\\/it\\\/i-pensionamenti-una-minaccia-silenziosa-per-il-settore-ospedaliero\\\/#article\",\"isPartOf\":{\"@id\":\"https:\\\/\\\/www.alumni.space\\\/it\\\/i-pensionamenti-una-minaccia-silenziosa-per-il-settore-ospedaliero\\\/\"},\"author\":{\"name\":\"admin\",\"@id\":\"https:\\\/\\\/www.alumni.space\\\/it\\\/#\\\/schema\\\/person\\\/fede362a57876edda476a61f05ce5b15\"},\"headline\":\"I pensionamenti: una minaccia silenziosa per il settore ospedaliero\",\"datePublished\":\"2025-03-02T05:59:52+00:00\",\"dateModified\":\"2026-04-02T12:05:30+00:00\",\"mainEntityOfPage\":{\"@id\":\"https:\\\/\\\/www.alumni.space\\\/it\\\/i-pensionamenti-una-minaccia-silenziosa-per-il-settore-ospedaliero\\\/\"},\"wordCount\":624,\"image\":{\"@id\":\"https:\\\/\\\/www.alumni.space\\\/it\\\/i-pensionamenti-una-minaccia-silenziosa-per-il-settore-ospedaliero\\\/#primaryimage\"},\"thumbnailUrl\":\"https:\\\/\\\/www.alumni.space\\\/wp-content\\\/uploads\\\/2026\\\/03\\\/Departs-a-la-retraite-une-menace-silencieuse-pour-le-secteur-hospitalier.jpg\",\"articleSection\":[\"Risorse umane\"],\"inLanguage\":\"it-IT\"},{\"@type\":\"WebPage\",\"@id\":\"https:\\\/\\\/www.alumni.space\\\/it\\\/i-pensionamenti-una-minaccia-silenziosa-per-il-settore-ospedaliero\\\/\",\"url\":\"https:\\\/\\\/www.alumni.space\\\/it\\\/i-pensionamenti-una-minaccia-silenziosa-per-il-settore-ospedaliero\\\/\",\"name\":\"Pensioni: l'allarme silenzioso degli ospedali\",\"isPartOf\":{\"@id\":\"https:\\\/\\\/www.alumni.space\\\/it\\\/#website\"},\"primaryImageOfPage\":{\"@id\":\"https:\\\/\\\/www.alumni.space\\\/it\\\/i-pensionamenti-una-minaccia-silenziosa-per-il-settore-ospedaliero\\\/#primaryimage\"},\"image\":{\"@id\":\"https:\\\/\\\/www.alumni.space\\\/it\\\/i-pensionamenti-una-minaccia-silenziosa-per-il-settore-ospedaliero\\\/#primaryimage\"},\"thumbnailUrl\":\"https:\\\/\\\/www.alumni.space\\\/wp-content\\\/uploads\\\/2026\\\/03\\\/Departs-a-la-retraite-une-menace-silencieuse-pour-le-secteur-hospitalier.jpg\",\"datePublished\":\"2025-03-02T05:59:52+00:00\",\"dateModified\":\"2026-04-02T12:05:30+00:00\",\"author\":{\"@id\":\"https:\\\/\\\/www.alumni.space\\\/it\\\/#\\\/schema\\\/person\\\/fede362a57876edda476a61f05ce5b15\"},\"description\":\"I pensionamenti nel settore ospedaliero: una sfida importante che minaccia la qualit\u00e0 dell'assistenza e la stabilit\u00e0 delle strutture.\",\"breadcrumb\":{\"@id\":\"https:\\\/\\\/www.alumni.space\\\/it\\\/i-pensionamenti-una-minaccia-silenziosa-per-il-settore-ospedaliero\\\/#breadcrumb\"},\"inLanguage\":\"it-IT\",\"potentialAction\":[{\"@type\":\"ReadAction\",\"target\":[\"https:\\\/\\\/www.alumni.space\\\/it\\\/i-pensionamenti-una-minaccia-silenziosa-per-il-settore-ospedaliero\\\/\"]}]},{\"@type\":\"ImageObject\",\"inLanguage\":\"it-IT\",\"@id\":\"https:\\\/\\\/www.alumni.space\\\/it\\\/i-pensionamenti-una-minaccia-silenziosa-per-il-settore-ospedaliero\\\/#primaryimage\",\"url\":\"https:\\\/\\\/www.alumni.space\\\/wp-content\\\/uploads\\\/2026\\\/03\\\/Departs-a-la-retraite-une-menace-silencieuse-pour-le-secteur-hospitalier.jpg\",\"contentUrl\":\"https:\\\/\\\/www.alumni.space\\\/wp-content\\\/uploads\\\/2026\\\/03\\\/Departs-a-la-retraite-une-menace-silencieuse-pour-le-secteur-hospitalier.jpg\",\"width\":1280,\"height\":768,\"caption\":\"Scopri come i pensionamenti stanno scuotendo il settore ospedaliero e le sfide da affrontare per garantire la continuit\u00e0 delle cure.\"},{\"@type\":\"BreadcrumbList\",\"@id\":\"https:\\\/\\\/www.alumni.space\\\/it\\\/i-pensionamenti-una-minaccia-silenziosa-per-il-settore-ospedaliero\\\/#breadcrumb\",\"itemListElement\":[{\"@type\":\"ListItem\",\"position\":1,\"name\":\"Home\",\"item\":\"https:\\\/\\\/www.alumni.space\\\/it\\\/piattaforma-di-mentoring-e-di-gestione-degli-alumni\\\/\"},{\"@type\":\"ListItem\",\"position\":2,\"name\":\"I pensionamenti: una minaccia silenziosa per il settore ospedaliero\"}]},{\"@type\":\"WebSite\",\"@id\":\"https:\\\/\\\/www.alumni.space\\\/it\\\/#website\",\"url\":\"https:\\\/\\\/www.alumni.space\\\/it\\\/\",\"name\":\"Alumni.space\",\"description\":\"My WordPress Blog\",\"potentialAction\":[{\"@type\":\"SearchAction\",\"target\":{\"@type\":\"EntryPoint\",\"urlTemplate\":\"https:\\\/\\\/www.alumni.space\\\/it\\\/?s={search_term_string}\"},\"query-input\":{\"@type\":\"PropertyValueSpecification\",\"valueRequired\":true,\"valueName\":\"search_term_string\"}}],\"inLanguage\":\"it-IT\"},{\"@type\":\"Person\",\"@id\":\"https:\\\/\\\/www.alumni.space\\\/it\\\/#\\\/schema\\\/person\\\/fede362a57876edda476a61f05ce5b15\",\"name\":\"admin\",\"image\":{\"@type\":\"ImageObject\",\"inLanguage\":\"it-IT\",\"@id\":\"https:\\\/\\\/secure.gravatar.com\\\/avatar\\\/318e234ae94f90d4d629428d6b983c08e31181c28f579e08a021180d759ea651?s=96&d=mm&r=g\",\"url\":\"https:\\\/\\\/secure.gravatar.com\\\/avatar\\\/318e234ae94f90d4d629428d6b983c08e31181c28f579e08a021180d759ea651?s=96&d=mm&r=g\",\"contentUrl\":\"https:\\\/\\\/secure.gravatar.com\\\/avatar\\\/318e234ae94f90d4d629428d6b983c08e31181c28f579e08a021180d759ea651?s=96&d=mm&r=g\",\"caption\":\"admin\"},\"description\":\"Nicolas Laustriat a construit sa sp\u00e9cialit\u00e9 sur un sujet que beaucoup d\u2019organisations d\u00e9couvrent trop tard : ce qui dispara\u00eet quand les gens partent. Dipl\u00f4m\u00e9 en conception de produit industriel, il bifurque vers le digital fin 1996, il couvre les transformations marques, RH, la fid\u00e9lisation, la marque employeur. Sur le terrain, il rep\u00e8re un angle mort r\u00e9current : l\u2019entreprise investit dans le recrutement, la formation, les process\u2026 puis laisse filer le lien au moment du d\u00e9part, avec une perte de savoir et d\u2019influence qui se paie en silence. Il se sp\u00e9cialise alors sur les communaut\u00e9s d\u2019alumni, le mentorat, l\u2019entraide interg\u00e9n\u00e9rationnelle et la transmission d\u2019expertise. Il passe du \u201cconstat\u201d aux m\u00e9thodes : animation, gouvernance, segmentation, rituels, mesure d\u2019engagement, articulation avec la RSE et l\u2019employabilit\u00e9. Il interviewe DRH, responsables formation, directions d\u2019\u00e9coles, associations et fondations, avec une obsession : transformer un r\u00e9seau dormant en m\u00e9canisme utile (cooptation, mentorat, job board, entraide, \u00e9v\u00e9nements, contenus). Son style : direct, orient\u00e9 action, sans folklore. Sa conviction : une communaut\u00e9 n\u2019a pas besoin de bruit, elle a besoin de raisons de revenir.\",\"sameAs\":[\"https:\\\/\\\/www.alumni.space\"]}]}<\/script>\n<!-- \/ Yoast SEO plugin. -->","yoast_head_json":{"title":"Pensioni: l'allarme silenzioso degli ospedali","description":"I pensionamenti nel settore ospedaliero: una sfida importante che minaccia la qualit\u00e0 dell'assistenza e la stabilit\u00e0 delle strutture.","robots":{"index":"index","follow":"follow","max-snippet":"max-snippet:-1","max-image-preview":"max-image-preview:large","max-video-preview":"max-video-preview:-1"},"canonical":"https:\/\/www.alumni.space\/it\/i-pensionamenti-una-minaccia-silenziosa-per-il-settore-ospedaliero\/","og_locale":"it_IT","og_type":"article","og_title":"Pensioni: l'allarme silenzioso degli ospedali","og_description":"I pensionamenti nel settore ospedaliero: una sfida importante che minaccia la qualit\u00e0 dell'assistenza e la stabilit\u00e0 delle strutture.","og_url":"https:\/\/www.alumni.space\/it\/i-pensionamenti-una-minaccia-silenziosa-per-il-settore-ospedaliero\/","og_site_name":"Alumni.space","article_published_time":"2025-03-02T05:59:52+00:00","article_modified_time":"2026-04-02T12:05:30+00:00","og_image":[{"width":1280,"height":768,"url":"https:\/\/www.alumni.space\/wp-content\/uploads\/2026\/03\/Departs-a-la-retraite-une-menace-silencieuse-pour-le-secteur-hospitalier.jpg","type":"image\/jpeg"}],"author":"admin","twitter_card":"summary_large_image","twitter_misc":{"Scritto da":"admin","Tempo di lettura stimato":"3 minuti"},"schema":{"@context":"https:\/\/schema.org","@graph":[{"@type":"Article","@id":"https:\/\/www.alumni.space\/it\/i-pensionamenti-una-minaccia-silenziosa-per-il-settore-ospedaliero\/#article","isPartOf":{"@id":"https:\/\/www.alumni.space\/it\/i-pensionamenti-una-minaccia-silenziosa-per-il-settore-ospedaliero\/"},"author":{"name":"admin","@id":"https:\/\/www.alumni.space\/it\/#\/schema\/person\/fede362a57876edda476a61f05ce5b15"},"headline":"I pensionamenti: una minaccia silenziosa per il settore ospedaliero","datePublished":"2025-03-02T05:59:52+00:00","dateModified":"2026-04-02T12:05:30+00:00","mainEntityOfPage":{"@id":"https:\/\/www.alumni.space\/it\/i-pensionamenti-una-minaccia-silenziosa-per-il-settore-ospedaliero\/"},"wordCount":624,"image":{"@id":"https:\/\/www.alumni.space\/it\/i-pensionamenti-una-minaccia-silenziosa-per-il-settore-ospedaliero\/#primaryimage"},"thumbnailUrl":"https:\/\/www.alumni.space\/wp-content\/uploads\/2026\/03\/Departs-a-la-retraite-une-menace-silencieuse-pour-le-secteur-hospitalier.jpg","articleSection":["Risorse umane"],"inLanguage":"it-IT"},{"@type":"WebPage","@id":"https:\/\/www.alumni.space\/it\/i-pensionamenti-una-minaccia-silenziosa-per-il-settore-ospedaliero\/","url":"https:\/\/www.alumni.space\/it\/i-pensionamenti-una-minaccia-silenziosa-per-il-settore-ospedaliero\/","name":"Pensioni: l'allarme silenzioso degli ospedali","isPartOf":{"@id":"https:\/\/www.alumni.space\/it\/#website"},"primaryImageOfPage":{"@id":"https:\/\/www.alumni.space\/it\/i-pensionamenti-una-minaccia-silenziosa-per-il-settore-ospedaliero\/#primaryimage"},"image":{"@id":"https:\/\/www.alumni.space\/it\/i-pensionamenti-una-minaccia-silenziosa-per-il-settore-ospedaliero\/#primaryimage"},"thumbnailUrl":"https:\/\/www.alumni.space\/wp-content\/uploads\/2026\/03\/Departs-a-la-retraite-une-menace-silencieuse-pour-le-secteur-hospitalier.jpg","datePublished":"2025-03-02T05:59:52+00:00","dateModified":"2026-04-02T12:05:30+00:00","author":{"@id":"https:\/\/www.alumni.space\/it\/#\/schema\/person\/fede362a57876edda476a61f05ce5b15"},"description":"I pensionamenti nel settore ospedaliero: una sfida importante che minaccia la qualit\u00e0 dell'assistenza e la stabilit\u00e0 delle strutture.","breadcrumb":{"@id":"https:\/\/www.alumni.space\/it\/i-pensionamenti-una-minaccia-silenziosa-per-il-settore-ospedaliero\/#breadcrumb"},"inLanguage":"it-IT","potentialAction":[{"@type":"ReadAction","target":["https:\/\/www.alumni.space\/it\/i-pensionamenti-una-minaccia-silenziosa-per-il-settore-ospedaliero\/"]}]},{"@type":"ImageObject","inLanguage":"it-IT","@id":"https:\/\/www.alumni.space\/it\/i-pensionamenti-una-minaccia-silenziosa-per-il-settore-ospedaliero\/#primaryimage","url":"https:\/\/www.alumni.space\/wp-content\/uploads\/2026\/03\/Departs-a-la-retraite-une-menace-silencieuse-pour-le-secteur-hospitalier.jpg","contentUrl":"https:\/\/www.alumni.space\/wp-content\/uploads\/2026\/03\/Departs-a-la-retraite-une-menace-silencieuse-pour-le-secteur-hospitalier.jpg","width":1280,"height":768,"caption":"Scopri come i pensionamenti stanno scuotendo il settore ospedaliero e le sfide da affrontare per garantire la continuit\u00e0 delle cure."},{"@type":"BreadcrumbList","@id":"https:\/\/www.alumni.space\/it\/i-pensionamenti-una-minaccia-silenziosa-per-il-settore-ospedaliero\/#breadcrumb","itemListElement":[{"@type":"ListItem","position":1,"name":"Home","item":"https:\/\/www.alumni.space\/it\/piattaforma-di-mentoring-e-di-gestione-degli-alumni\/"},{"@type":"ListItem","position":2,"name":"I pensionamenti: una minaccia silenziosa per il settore ospedaliero"}]},{"@type":"WebSite","@id":"https:\/\/www.alumni.space\/it\/#website","url":"https:\/\/www.alumni.space\/it\/","name":"Alumni.space","description":"My WordPress Blog","potentialAction":[{"@type":"SearchAction","target":{"@type":"EntryPoint","urlTemplate":"https:\/\/www.alumni.space\/it\/?s={search_term_string}"},"query-input":{"@type":"PropertyValueSpecification","valueRequired":true,"valueName":"search_term_string"}}],"inLanguage":"it-IT"},{"@type":"Person","@id":"https:\/\/www.alumni.space\/it\/#\/schema\/person\/fede362a57876edda476a61f05ce5b15","name":"admin","image":{"@type":"ImageObject","inLanguage":"it-IT","@id":"https:\/\/secure.gravatar.com\/avatar\/318e234ae94f90d4d629428d6b983c08e31181c28f579e08a021180d759ea651?s=96&d=mm&r=g","url":"https:\/\/secure.gravatar.com\/avatar\/318e234ae94f90d4d629428d6b983c08e31181c28f579e08a021180d759ea651?s=96&d=mm&r=g","contentUrl":"https:\/\/secure.gravatar.com\/avatar\/318e234ae94f90d4d629428d6b983c08e31181c28f579e08a021180d759ea651?s=96&d=mm&r=g","caption":"admin"},"description":"Nicolas Laustriat a construit sa sp\u00e9cialit\u00e9 sur un sujet que beaucoup d\u2019organisations d\u00e9couvrent trop tard : ce qui dispara\u00eet quand les gens partent. Dipl\u00f4m\u00e9 en conception de produit industriel, il bifurque vers le digital fin 1996, il couvre les transformations marques, RH, la fid\u00e9lisation, la marque employeur. Sur le terrain, il rep\u00e8re un angle mort r\u00e9current : l\u2019entreprise investit dans le recrutement, la formation, les process\u2026 puis laisse filer le lien au moment du d\u00e9part, avec une perte de savoir et d\u2019influence qui se paie en silence. Il se sp\u00e9cialise alors sur les communaut\u00e9s d\u2019alumni, le mentorat, l\u2019entraide interg\u00e9n\u00e9rationnelle et la transmission d\u2019expertise. Il passe du \u201cconstat\u201d aux m\u00e9thodes : animation, gouvernance, segmentation, rituels, mesure d\u2019engagement, articulation avec la RSE et l\u2019employabilit\u00e9. Il interviewe DRH, responsables formation, directions d\u2019\u00e9coles, associations et fondations, avec une obsession : transformer un r\u00e9seau dormant en m\u00e9canisme utile (cooptation, mentorat, job board, entraide, \u00e9v\u00e9nements, contenus). Son style : direct, orient\u00e9 action, sans folklore. Sa conviction : une communaut\u00e9 n\u2019a pas besoin de bruit, elle a besoin de raisons de revenir.","sameAs":["https:\/\/www.alumni.space"]}]}},"_links":{"self":[{"href":"https:\/\/www.alumni.space\/it\/wp-json\/wp\/v2\/posts\/6987","targetHints":{"allow":["GET"]}}],"collection":[{"href":"https:\/\/www.alumni.space\/it\/wp-json\/wp\/v2\/posts"}],"about":[{"href":"https:\/\/www.alumni.space\/it\/wp-json\/wp\/v2\/types\/post"}],"author":[{"embeddable":true,"href":"https:\/\/www.alumni.space\/it\/wp-json\/wp\/v2\/users\/1"}],"replies":[{"embeddable":true,"href":"https:\/\/www.alumni.space\/it\/wp-json\/wp\/v2\/comments?post=6987"}],"version-history":[{"count":1,"href":"https:\/\/www.alumni.space\/it\/wp-json\/wp\/v2\/posts\/6987\/revisions"}],"predecessor-version":[{"id":6990,"href":"https:\/\/www.alumni.space\/it\/wp-json\/wp\/v2\/posts\/6987\/revisions\/6990"}],"wp:featuredmedia":[{"embeddable":true,"href":"https:\/\/www.alumni.space\/it\/wp-json\/wp\/v2\/media\/6988"}],"wp:attachment":[{"href":"https:\/\/www.alumni.space\/it\/wp-json\/wp\/v2\/media?parent=6987"}],"wp:term":[{"taxonomy":"category","embeddable":true,"href":"https:\/\/www.alumni.space\/it\/wp-json\/wp\/v2\/categories?post=6987"},{"taxonomy":"post_tag","embeddable":true,"href":"https:\/\/www.alumni.space\/it\/wp-json\/wp\/v2\/tags?post=6987"}],"curies":[{"name":"wp","href":"https:\/\/api.w.org\/{rel}","templated":true}]}}