{"id":6083,"date":"2024-09-23T11:29:59","date_gmt":"2024-09-23T11:29:59","guid":{"rendered":"https:\/\/www.alumni.space\/la-farmacia-affronta-la-sfida-del-rinnovamento-generazionale\/"},"modified":"2026-04-02T12:04:49","modified_gmt":"2026-04-02T12:04:49","slug":"la-farmacia-affronta-la-sfida-del-rinnovamento-generazionale","status":"publish","type":"post","link":"https:\/\/www.alumni.space\/it\/la-farmacia-affronta-la-sfida-del-rinnovamento-generazionale\/","title":{"rendered":"La farmacia affronta la sfida del rinnovamento generazionale"},"content":{"rendered":"<p>Il settore farmaceutico sta attraversando un periodo cruciale segnato dal <strong>rinnovamento generazionale<\/strong>, che rappresenta una sfida per tutti gli attori della professione. Nonostante l&#8217;aumento del numero totale di farmacisti, le sfide legate alla <strong>gestione della prossima generazione<\/strong> e alla <strong>trasmissione delle competenze<\/strong> sono molto impegnative, in quanto l&#8217;evoluzione delle pratiche e le pressioni economiche richiedono un rapido adattamento. <\/p><div id=\"ez-toc-container\" class=\"ez-toc-v2_0_82_2 counter-flat ez-toc-counter ez-toc-grey ez-toc-container-direction\">\n<div class=\"ez-toc-title-container\"><p class=\"ez-toc-title\" style=\"cursor:inherit\">In questo articolo:<\/p>\n<\/div><nav><ul class='ez-toc-list ez-toc-list-level-1 ' ><li class='ez-toc-page-1'><a class=\"ez-toc-link ez-toc-heading-1\" href=\"https:\/\/www.alumni.space\/it\/la-farmacia-affronta-la-sfida-del-rinnovamento-generazionale\/#Farmacisti_un_incoraggiante_ma_fragile_ringiovanimento_per_garantire_il_rinnovamento_generazionale\" >Farmacisti: un incoraggiante ma fragile ringiovanimento per garantire il rinnovamento generazionale<\/a><\/li><li class='ez-toc-page-1'><a class=\"ez-toc-link ez-toc-heading-2\" href=\"https:\/\/www.alumni.space\/it\/la-farmacia-affronta-la-sfida-del-rinnovamento-generazionale\/#Lascesa_dei_giovani_farmacisti_unopportunita_da_cogliere_per_la_professione\" >L&#8217;ascesa dei giovani farmacisti: un&#8217;opportunit\u00e0 da cogliere per la professione<\/a><\/li><li class='ez-toc-page-1'><a class=\"ez-toc-link ez-toc-heading-3\" href=\"https:\/\/www.alumni.space\/it\/la-farmacia-affronta-la-sfida-del-rinnovamento-generazionale\/#Le_sfide_economiche_e_organizzative_del_rinnovamento_della_farmacia\" >Le sfide economiche e organizzative del rinnovamento della farmacia<\/a><\/li><li class='ez-toc-page-1'><a class=\"ez-toc-link ez-toc-heading-4\" href=\"https:\/\/www.alumni.space\/it\/la-farmacia-affronta-la-sfida-del-rinnovamento-generazionale\/#Incoraggiare_il_trasferimento_di_competenze_per_rendere_la_professione_piu_attraente_e_sostenibile\" >Incoraggiare il trasferimento di competenze per rendere la professione pi\u00f9 attraente e sostenibile.<\/a><\/li><\/ul><\/nav><\/div>\n<h2 class=\"wp-block-heading\"><span class=\"ez-toc-section\" id=\"Farmacisti_un_incoraggiante_ma_fragile_ringiovanimento_per_garantire_il_rinnovamento_generazionale\"><\/span>Farmacisti: un incoraggiante ma fragile ringiovanimento per garantire il rinnovamento generazionale<span class=\"ez-toc-section-end\"><\/span><\/h2><p>Al 1\u00b0 gennaio 2025, l&#8217;Ordre National des Pharmaciens contava pi\u00f9 di <strong>75.000 membri<\/strong>, con un aumento di circa l&#8217;1,7% in due anni e un incremento di quasi 3.000 professionisti nell&#8217;ultimo decennio. Questa tendenza riflette il desiderio di rafforzare i ranghi e di iniziare un vero e proprio <strong>passaggio di consegne da una generazione all&#8217;altra<\/strong>.  La crescente presenza di farmacisti di et\u00e0 inferiore ai 35 anni fornisce una speranza tangibile, aumentando le prospettive di un rinnovamento sostenibile.  <\/p><p>Tuttavia, la dinamica rimane fragile sotto diversi aspetti. Il numero di farmacie che chiuderanno nel 2024 (260) e la riduzione del numero di farmacisti (-1,3%) sottolineano le tensioni strutturali della rete regionale. Inoltre, le <strong>carenze occasionali<\/strong> in alcune specialit\u00e0, come i biologi medici, il cui numero \u00e8 diminuito del 10% in dieci anni, stanno indebolendo la catena di competenze da trasmettere.  <\/p><figure class=\"wp-block-image size-full\"><img decoding=\"async\" width=\"1280\" height=\"768\" src=\"https:\/\/www.alumni.space\/wp-content\/uploads\/2026\/03\/La-pharmacie-face-au-defi-du-renouvellement-generationnel-1.jpg\" data-orig-src=\"https:\/\/www.alumni.space\/wp-content\/uploads\/2026\/03\/La-pharmacie-face-au-defi-du-renouvellement-generationnel-1.jpg\" alt=\"Scopri come la farmacia sta affrontando la sfida del rinnovamento generazionale per garantire un futuro innovativo e sostenibile nel settore sanitario.\" class=\"lazyload wp-image-3189\" srcset=\"data:image\/svg+xml,%3Csvg%20xmlns%3D%27http%3A%2F%2Fwww.w3.org%2F2000%2Fsvg%27%20width%3D%271280%27%20height%3D%27768%27%20viewBox%3D%270%200%201280%20768%27%3E%3Crect%20width%3D%271280%27%20height%3D%27768%27%20fill-opacity%3D%220%22%2F%3E%3C%2Fsvg%3E\" data-srcset=\"https:\/\/www.alumni.space\/wp-content\/uploads\/2026\/03\/La-pharmacie-face-au-defi-du-renouvellement-generationnel-1-200x120.jpg 200w, https:\/\/www.alumni.space\/wp-content\/uploads\/2026\/03\/La-pharmacie-face-au-defi-du-renouvellement-generationnel-1-300x180.jpg 300w, https:\/\/www.alumni.space\/wp-content\/uploads\/2026\/03\/La-pharmacie-face-au-defi-du-renouvellement-generationnel-1-400x240.jpg 400w, https:\/\/www.alumni.space\/wp-content\/uploads\/2026\/03\/La-pharmacie-face-au-defi-du-renouvellement-generationnel-1-600x360.jpg 600w, https:\/\/www.alumni.space\/wp-content\/uploads\/2026\/03\/La-pharmacie-face-au-defi-du-renouvellement-generationnel-1-768x461.jpg 768w, https:\/\/www.alumni.space\/wp-content\/uploads\/2026\/03\/La-pharmacie-face-au-defi-du-renouvellement-generationnel-1-800x480.jpg 800w, https:\/\/www.alumni.space\/wp-content\/uploads\/2026\/03\/La-pharmacie-face-au-defi-du-renouvellement-generationnel-1-1024x614.jpg 1024w, https:\/\/www.alumni.space\/wp-content\/uploads\/2026\/03\/La-pharmacie-face-au-defi-du-renouvellement-generationnel-1-1200x720.jpg 1200w, https:\/\/www.alumni.space\/wp-content\/uploads\/2026\/03\/La-pharmacie-face-au-defi-du-renouvellement-generationnel-1.jpg 1280w\" data-sizes=\"auto\" data-orig-sizes=\"(max-width: 1280px) 100vw, 1280px\" \/><\/figure><h3 class=\"wp-block-heading\"><span class=\"ez-toc-section\" id=\"Lascesa_dei_giovani_farmacisti_unopportunita_da_cogliere_per_la_professione\"><\/span>L&#8217;ascesa dei giovani farmacisti: un&#8217;opportunit\u00e0 da cogliere per la professione<span class=\"ez-toc-section-end\"><\/span><\/h3><p>I farmacisti assistenti rappresentano ora oltre il 67% dei nuovi iscritti all&#8217;Ordine, il che riflette una diversificazione dei profili e un&#8217;apertura a percorsi di carriera atipici. Molti professionisti con un passato nell&#8217;industria o nella distribuzione stanno prendendo in considerazione un cambiamento di carriera, motivati dal nuovo e pi\u00f9 ampio mandato della farmacia, in particolare nelle aree della prevenzione, dello screening e dei servizi digitali. Il contesto post-Covid ha accentuato questa tendenza, sottolineando l&#8217;importanza di una pratica innovativa e integrata nel percorso di cura.  <\/p><p>Questa evoluzione sta cambiando il volto stesso della farmacia, che ora deve combinare le competenze tradizionali con l&#8217;<strong>innovazione in campo farmaceutico<\/strong>. L&#8217;aumento dei livelli di formazione professionale e la digitalizzazione offrono leve essenziali per rafforzare l&#8217;impegno dei giovani all&#8217;interno delle reti di farmacie, facilitando la loro integrazione operativa. <\/p><h2 class=\"wp-block-heading\"><span class=\"ez-toc-section\" id=\"Le_sfide_economiche_e_organizzative_del_rinnovamento_della_farmacia\"><\/span>Le sfide economiche e organizzative del rinnovamento della farmacia<span class=\"ez-toc-section-end\"><\/span><\/h2><p>Oltre al numero di persone coinvolte, il <strong>rinnovamento generazionale<\/strong> sta mobilitando i decisori su questioni di governance, gestione e mantenimento dei legami professionali. La chiusura delle farmacie ha un impatto diretto sull&#8217;accesso alle cure e sulla trasmissione delle esperienze.  Le strutture devono sfruttare strumenti efficaci di gestione dei talenti per evitare di perdere un prezioso know-how e facilitare l&#8217;assunzione di responsabilit\u00e0 da parte dei giovani farmacisti.  <\/p><p>Per questo \u00e8 fondamentale utilizzare una piattaforma dedicata alla gestione delle comunit\u00e0 farmaceutiche. <a href=\"https:\/\/www.alumni.space\/it\/la-farmacia-affronta-la-sfida-del-rinnovamento-generazionale\/\">Alumni.space<\/a> aiuta a industrializzare il coordinamento tra generazioni integrando profili, mentoring e offerte di lavoro. Questo tipo di strumento aiuta a ridurre il tempo dedicato alle procedure amministrative e a prevenire la rottura delle reti professionali, a vantaggio della continuit\u00e0 del progetto e dell&#8217;ambizione collettiva. <\/p><h3 class=\"wp-block-heading\"><span class=\"ez-toc-section\" id=\"Incoraggiare_il_trasferimento_di_competenze_per_rendere_la_professione_piu_attraente_e_sostenibile\"><\/span>Incoraggiare il trasferimento di competenze per rendere la professione pi\u00f9 attraente e sostenibile.<span class=\"ez-toc-section-end\"><\/span><\/h3><p>Un elemento chiave \u00e8 l&#8217;introduzione di accordi strutturati per la <strong>trasmissione delle competenze<\/strong> tra generazioni, in particolare il mentoring e la formazione di coppie operative. Le farmacie che hanno adottato queste pratiche hanno riscontrato un maggior livello di fedelt\u00e0 e impegno da parte del personale giovane. Rituali regolari, un calendario di sviluppo delle competenze e un monitoraggio basato su indicatori di soddisfazione garantiscono l&#8217;efficacia di queste iniziative.  <\/p><p>I responsabili delle risorse umane e del CSE svolgono un ruolo centrale nell&#8217;anticipare la piramide dell&#8217;et\u00e0 e nell&#8217;evitare partenze affrettate. Considerare tempestivamente gli scenari di integrazione e cooptazione evita costose disorganizzazioni in termini di immagine e qualit\u00e0 del servizio. Le scuole e i centri di formazione, associati a queste strategie, aumentano l&#8217;attrattiva della professione chiarendo i percorsi e le prospettive di carriera.  <\/p><p>L&#8217;aumento dei servizi digitali e della digitalizzazione sta facilitando l&#8217;accesso a biblioteche di contenuti specifici del settore, eventi di condivisione e una <strong>job board<\/strong> specializzata, accelerando il reclutamento e la mobilit\u00e0 interna.<\/p><p>Questi approcci garantiscono un migliore equilibrio tra esperienza e innovazione, condizione essenziale per il successo dei cambiamenti imposti alla farmacia contemporanea.<\/p><p>Per saperne di pi\u00f9, dai un&#8217;occhiata alla nostra analisi dettagliata delle <a href=\"https:\/\/jeunespharmaciens.fr\/metier-pharmacie-formations\/defis-pharmacien-actuels\/\">sfide attuali della professione<\/a> e scopri come una piattaforma SaaS pu\u00f2 ottimizzare la gestione della comunit\u00e0 e il trasferimento delle conoscenze.<\/p>","protected":false},"excerpt":{"rendered":"<p>Il settore farmaceutico sta attraversando un periodo cruciale segnato dal  [&#8230;]<\/p>\n","protected":false},"author":1,"featured_media":6084,"comment_status":"closed","ping_status":"","sticky":false,"template":"","format":"standard","meta":{"_ayudawp_aiss_exclude":false,"footnotes":""},"categories":[65],"tags":[],"class_list":["post-6083","post","type-post","status-publish","format-standard","has-post-thumbnail","hentry","category-risorse-umane"],"yoast_head":"<!-- This site is optimized with the Yoast SEO plugin v27.4 - https:\/\/yoast.com\/product\/yoast-seo-wordpress\/ -->\n<title>Farmacie: affrontare la sfida del rinnovamento generazionale<\/title>\n<meta name=\"description\" content=\"Scopri come il settore farmaceutico sta affrontando la sfida del rinnovamento generazionale per garantire un futuro sostenibile e innovativo al settore sanitario.\" \/>\n<meta name=\"robots\" content=\"index, follow, max-snippet:-1, max-image-preview:large, max-video-preview:-1\" \/>\n<link rel=\"canonical\" href=\"https:\/\/www.alumni.space\/it\/la-farmacia-affronta-la-sfida-del-rinnovamento-generazionale\/\" \/>\n<meta property=\"og:locale\" content=\"it_IT\" \/>\n<meta property=\"og:type\" content=\"article\" \/>\n<meta property=\"og:title\" content=\"Farmacie: affrontare la sfida del rinnovamento generazionale\" \/>\n<meta property=\"og:description\" content=\"Scopri come il settore farmaceutico sta affrontando la sfida del rinnovamento generazionale per garantire un futuro sostenibile e innovativo al settore sanitario.\" \/>\n<meta property=\"og:url\" content=\"https:\/\/www.alumni.space\/it\/la-farmacia-affronta-la-sfida-del-rinnovamento-generazionale\/\" \/>\n<meta property=\"og:site_name\" content=\"Alumni.space\" \/>\n<meta property=\"article:published_time\" content=\"2024-09-23T11:29:59+00:00\" \/>\n<meta property=\"article:modified_time\" content=\"2026-04-02T12:04:49+00:00\" \/>\n<meta property=\"og:image\" content=\"https:\/\/www.alumni.space\/wp-content\/uploads\/2026\/03\/La-pharmacie-face-au-defi-du-renouvellement-generationnel.jpg\" \/>\n\t<meta property=\"og:image:width\" content=\"1280\" \/>\n\t<meta property=\"og:image:height\" content=\"768\" \/>\n\t<meta property=\"og:image:type\" content=\"image\/jpeg\" \/>\n<meta name=\"author\" content=\"admin\" \/>\n<meta name=\"twitter:card\" content=\"summary_large_image\" \/>\n<meta name=\"twitter:label1\" content=\"Scritto da\" \/>\n\t<meta name=\"twitter:data1\" content=\"admin\" \/>\n\t<meta name=\"twitter:label2\" content=\"Tempo di lettura stimato\" \/>\n\t<meta name=\"twitter:data2\" content=\"3 minuti\" \/>\n<script type=\"application\/ld+json\" class=\"yoast-schema-graph\">{\"@context\":\"https:\\\/\\\/schema.org\",\"@graph\":[{\"@type\":\"Article\",\"@id\":\"https:\\\/\\\/www.alumni.space\\\/it\\\/la-farmacia-affronta-la-sfida-del-rinnovamento-generazionale\\\/#article\",\"isPartOf\":{\"@id\":\"https:\\\/\\\/www.alumni.space\\\/it\\\/la-farmacia-affronta-la-sfida-del-rinnovamento-generazionale\\\/\"},\"author\":{\"name\":\"admin\",\"@id\":\"https:\\\/\\\/www.alumni.space\\\/it\\\/#\\\/schema\\\/person\\\/fede362a57876edda476a61f05ce5b15\"},\"headline\":\"La farmacia affronta la sfida del rinnovamento generazionale\",\"datePublished\":\"2024-09-23T11:29:59+00:00\",\"dateModified\":\"2026-04-02T12:04:49+00:00\",\"mainEntityOfPage\":{\"@id\":\"https:\\\/\\\/www.alumni.space\\\/it\\\/la-farmacia-affronta-la-sfida-del-rinnovamento-generazionale\\\/\"},\"wordCount\":731,\"image\":{\"@id\":\"https:\\\/\\\/www.alumni.space\\\/it\\\/la-farmacia-affronta-la-sfida-del-rinnovamento-generazionale\\\/#primaryimage\"},\"thumbnailUrl\":\"https:\\\/\\\/www.alumni.space\\\/wp-content\\\/uploads\\\/2026\\\/03\\\/La-pharmacie-face-au-defi-du-renouvellement-generationnel.jpg\",\"articleSection\":[\"Risorse umane\"],\"inLanguage\":\"it-IT\"},{\"@type\":\"WebPage\",\"@id\":\"https:\\\/\\\/www.alumni.space\\\/it\\\/la-farmacia-affronta-la-sfida-del-rinnovamento-generazionale\\\/\",\"url\":\"https:\\\/\\\/www.alumni.space\\\/it\\\/la-farmacia-affronta-la-sfida-del-rinnovamento-generazionale\\\/\",\"name\":\"Farmacie: affrontare la sfida del rinnovamento generazionale\",\"isPartOf\":{\"@id\":\"https:\\\/\\\/www.alumni.space\\\/it\\\/#website\"},\"primaryImageOfPage\":{\"@id\":\"https:\\\/\\\/www.alumni.space\\\/it\\\/la-farmacia-affronta-la-sfida-del-rinnovamento-generazionale\\\/#primaryimage\"},\"image\":{\"@id\":\"https:\\\/\\\/www.alumni.space\\\/it\\\/la-farmacia-affronta-la-sfida-del-rinnovamento-generazionale\\\/#primaryimage\"},\"thumbnailUrl\":\"https:\\\/\\\/www.alumni.space\\\/wp-content\\\/uploads\\\/2026\\\/03\\\/La-pharmacie-face-au-defi-du-renouvellement-generationnel.jpg\",\"datePublished\":\"2024-09-23T11:29:59+00:00\",\"dateModified\":\"2026-04-02T12:04:49+00:00\",\"author\":{\"@id\":\"https:\\\/\\\/www.alumni.space\\\/it\\\/#\\\/schema\\\/person\\\/fede362a57876edda476a61f05ce5b15\"},\"description\":\"Scopri come il settore farmaceutico sta affrontando la sfida del rinnovamento generazionale per garantire un futuro sostenibile e innovativo al settore sanitario.\",\"breadcrumb\":{\"@id\":\"https:\\\/\\\/www.alumni.space\\\/it\\\/la-farmacia-affronta-la-sfida-del-rinnovamento-generazionale\\\/#breadcrumb\"},\"inLanguage\":\"it-IT\",\"potentialAction\":[{\"@type\":\"ReadAction\",\"target\":[\"https:\\\/\\\/www.alumni.space\\\/it\\\/la-farmacia-affronta-la-sfida-del-rinnovamento-generazionale\\\/\"]}]},{\"@type\":\"ImageObject\",\"inLanguage\":\"it-IT\",\"@id\":\"https:\\\/\\\/www.alumni.space\\\/it\\\/la-farmacia-affronta-la-sfida-del-rinnovamento-generazionale\\\/#primaryimage\",\"url\":\"https:\\\/\\\/www.alumni.space\\\/wp-content\\\/uploads\\\/2026\\\/03\\\/La-pharmacie-face-au-defi-du-renouvellement-generationnel.jpg\",\"contentUrl\":\"https:\\\/\\\/www.alumni.space\\\/wp-content\\\/uploads\\\/2026\\\/03\\\/La-pharmacie-face-au-defi-du-renouvellement-generationnel.jpg\",\"width\":1280,\"height\":768,\"caption\":\"scopri come la farmacia si sta adattando alla sfida del rinnovamento generazionale integrando le nuove tecnologie e formando la prossima generazione di operatori sanitari.\"},{\"@type\":\"BreadcrumbList\",\"@id\":\"https:\\\/\\\/www.alumni.space\\\/it\\\/la-farmacia-affronta-la-sfida-del-rinnovamento-generazionale\\\/#breadcrumb\",\"itemListElement\":[{\"@type\":\"ListItem\",\"position\":1,\"name\":\"Home\",\"item\":\"https:\\\/\\\/www.alumni.space\\\/it\\\/piattaforma-di-mentoring-e-di-gestione-degli-alumni\\\/\"},{\"@type\":\"ListItem\",\"position\":2,\"name\":\"La farmacia affronta la sfida del rinnovamento generazionale\"}]},{\"@type\":\"WebSite\",\"@id\":\"https:\\\/\\\/www.alumni.space\\\/it\\\/#website\",\"url\":\"https:\\\/\\\/www.alumni.space\\\/it\\\/\",\"name\":\"Alumni.space\",\"description\":\"My WordPress Blog\",\"potentialAction\":[{\"@type\":\"SearchAction\",\"target\":{\"@type\":\"EntryPoint\",\"urlTemplate\":\"https:\\\/\\\/www.alumni.space\\\/it\\\/?s={search_term_string}\"},\"query-input\":{\"@type\":\"PropertyValueSpecification\",\"valueRequired\":true,\"valueName\":\"search_term_string\"}}],\"inLanguage\":\"it-IT\"},{\"@type\":\"Person\",\"@id\":\"https:\\\/\\\/www.alumni.space\\\/it\\\/#\\\/schema\\\/person\\\/fede362a57876edda476a61f05ce5b15\",\"name\":\"admin\",\"image\":{\"@type\":\"ImageObject\",\"inLanguage\":\"it-IT\",\"@id\":\"https:\\\/\\\/secure.gravatar.com\\\/avatar\\\/318e234ae94f90d4d629428d6b983c08e31181c28f579e08a021180d759ea651?s=96&d=mm&r=g\",\"url\":\"https:\\\/\\\/secure.gravatar.com\\\/avatar\\\/318e234ae94f90d4d629428d6b983c08e31181c28f579e08a021180d759ea651?s=96&d=mm&r=g\",\"contentUrl\":\"https:\\\/\\\/secure.gravatar.com\\\/avatar\\\/318e234ae94f90d4d629428d6b983c08e31181c28f579e08a021180d759ea651?s=96&d=mm&r=g\",\"caption\":\"admin\"},\"description\":\"Nicolas Laustriat a construit sa sp\u00e9cialit\u00e9 sur un sujet que beaucoup d\u2019organisations d\u00e9couvrent trop tard : ce qui dispara\u00eet quand les gens partent. Dipl\u00f4m\u00e9 en conception de produit industriel, il bifurque vers le digital fin 1996, il couvre les transformations marques, RH, la fid\u00e9lisation, la marque employeur. Sur le terrain, il rep\u00e8re un angle mort r\u00e9current : l\u2019entreprise investit dans le recrutement, la formation, les process\u2026 puis laisse filer le lien au moment du d\u00e9part, avec une perte de savoir et d\u2019influence qui se paie en silence. Il se sp\u00e9cialise alors sur les communaut\u00e9s d\u2019alumni, le mentorat, l\u2019entraide interg\u00e9n\u00e9rationnelle et la transmission d\u2019expertise. Il passe du \u201cconstat\u201d aux m\u00e9thodes : animation, gouvernance, segmentation, rituels, mesure d\u2019engagement, articulation avec la RSE et l\u2019employabilit\u00e9. Il interviewe DRH, responsables formation, directions d\u2019\u00e9coles, associations et fondations, avec une obsession : transformer un r\u00e9seau dormant en m\u00e9canisme utile (cooptation, mentorat, job board, entraide, \u00e9v\u00e9nements, contenus). Son style : direct, orient\u00e9 action, sans folklore. Sa conviction : une communaut\u00e9 n\u2019a pas besoin de bruit, elle a besoin de raisons de revenir.\",\"sameAs\":[\"https:\\\/\\\/www.alumni.space\"]}]}<\/script>\n<!-- \/ Yoast SEO plugin. -->","yoast_head_json":{"title":"Farmacie: affrontare la sfida del rinnovamento generazionale","description":"Scopri come il settore farmaceutico sta affrontando la sfida del rinnovamento generazionale per garantire un futuro sostenibile e innovativo al settore sanitario.","robots":{"index":"index","follow":"follow","max-snippet":"max-snippet:-1","max-image-preview":"max-image-preview:large","max-video-preview":"max-video-preview:-1"},"canonical":"https:\/\/www.alumni.space\/it\/la-farmacia-affronta-la-sfida-del-rinnovamento-generazionale\/","og_locale":"it_IT","og_type":"article","og_title":"Farmacie: affrontare la sfida del rinnovamento generazionale","og_description":"Scopri come il settore farmaceutico sta affrontando la sfida del rinnovamento generazionale per garantire un futuro sostenibile e innovativo al settore sanitario.","og_url":"https:\/\/www.alumni.space\/it\/la-farmacia-affronta-la-sfida-del-rinnovamento-generazionale\/","og_site_name":"Alumni.space","article_published_time":"2024-09-23T11:29:59+00:00","article_modified_time":"2026-04-02T12:04:49+00:00","og_image":[{"width":1280,"height":768,"url":"https:\/\/www.alumni.space\/wp-content\/uploads\/2026\/03\/La-pharmacie-face-au-defi-du-renouvellement-generationnel.jpg","type":"image\/jpeg"}],"author":"admin","twitter_card":"summary_large_image","twitter_misc":{"Scritto da":"admin","Tempo di lettura stimato":"3 minuti"},"schema":{"@context":"https:\/\/schema.org","@graph":[{"@type":"Article","@id":"https:\/\/www.alumni.space\/it\/la-farmacia-affronta-la-sfida-del-rinnovamento-generazionale\/#article","isPartOf":{"@id":"https:\/\/www.alumni.space\/it\/la-farmacia-affronta-la-sfida-del-rinnovamento-generazionale\/"},"author":{"name":"admin","@id":"https:\/\/www.alumni.space\/it\/#\/schema\/person\/fede362a57876edda476a61f05ce5b15"},"headline":"La farmacia affronta la sfida del rinnovamento generazionale","datePublished":"2024-09-23T11:29:59+00:00","dateModified":"2026-04-02T12:04:49+00:00","mainEntityOfPage":{"@id":"https:\/\/www.alumni.space\/it\/la-farmacia-affronta-la-sfida-del-rinnovamento-generazionale\/"},"wordCount":731,"image":{"@id":"https:\/\/www.alumni.space\/it\/la-farmacia-affronta-la-sfida-del-rinnovamento-generazionale\/#primaryimage"},"thumbnailUrl":"https:\/\/www.alumni.space\/wp-content\/uploads\/2026\/03\/La-pharmacie-face-au-defi-du-renouvellement-generationnel.jpg","articleSection":["Risorse umane"],"inLanguage":"it-IT"},{"@type":"WebPage","@id":"https:\/\/www.alumni.space\/it\/la-farmacia-affronta-la-sfida-del-rinnovamento-generazionale\/","url":"https:\/\/www.alumni.space\/it\/la-farmacia-affronta-la-sfida-del-rinnovamento-generazionale\/","name":"Farmacie: affrontare la sfida del rinnovamento generazionale","isPartOf":{"@id":"https:\/\/www.alumni.space\/it\/#website"},"primaryImageOfPage":{"@id":"https:\/\/www.alumni.space\/it\/la-farmacia-affronta-la-sfida-del-rinnovamento-generazionale\/#primaryimage"},"image":{"@id":"https:\/\/www.alumni.space\/it\/la-farmacia-affronta-la-sfida-del-rinnovamento-generazionale\/#primaryimage"},"thumbnailUrl":"https:\/\/www.alumni.space\/wp-content\/uploads\/2026\/03\/La-pharmacie-face-au-defi-du-renouvellement-generationnel.jpg","datePublished":"2024-09-23T11:29:59+00:00","dateModified":"2026-04-02T12:04:49+00:00","author":{"@id":"https:\/\/www.alumni.space\/it\/#\/schema\/person\/fede362a57876edda476a61f05ce5b15"},"description":"Scopri come il settore farmaceutico sta affrontando la sfida del rinnovamento generazionale per garantire un futuro sostenibile e innovativo al settore sanitario.","breadcrumb":{"@id":"https:\/\/www.alumni.space\/it\/la-farmacia-affronta-la-sfida-del-rinnovamento-generazionale\/#breadcrumb"},"inLanguage":"it-IT","potentialAction":[{"@type":"ReadAction","target":["https:\/\/www.alumni.space\/it\/la-farmacia-affronta-la-sfida-del-rinnovamento-generazionale\/"]}]},{"@type":"ImageObject","inLanguage":"it-IT","@id":"https:\/\/www.alumni.space\/it\/la-farmacia-affronta-la-sfida-del-rinnovamento-generazionale\/#primaryimage","url":"https:\/\/www.alumni.space\/wp-content\/uploads\/2026\/03\/La-pharmacie-face-au-defi-du-renouvellement-generationnel.jpg","contentUrl":"https:\/\/www.alumni.space\/wp-content\/uploads\/2026\/03\/La-pharmacie-face-au-defi-du-renouvellement-generationnel.jpg","width":1280,"height":768,"caption":"scopri come la farmacia si sta adattando alla sfida del rinnovamento generazionale integrando le nuove tecnologie e formando la prossima generazione di operatori sanitari."},{"@type":"BreadcrumbList","@id":"https:\/\/www.alumni.space\/it\/la-farmacia-affronta-la-sfida-del-rinnovamento-generazionale\/#breadcrumb","itemListElement":[{"@type":"ListItem","position":1,"name":"Home","item":"https:\/\/www.alumni.space\/it\/piattaforma-di-mentoring-e-di-gestione-degli-alumni\/"},{"@type":"ListItem","position":2,"name":"La farmacia affronta la sfida del rinnovamento generazionale"}]},{"@type":"WebSite","@id":"https:\/\/www.alumni.space\/it\/#website","url":"https:\/\/www.alumni.space\/it\/","name":"Alumni.space","description":"My WordPress Blog","potentialAction":[{"@type":"SearchAction","target":{"@type":"EntryPoint","urlTemplate":"https:\/\/www.alumni.space\/it\/?s={search_term_string}"},"query-input":{"@type":"PropertyValueSpecification","valueRequired":true,"valueName":"search_term_string"}}],"inLanguage":"it-IT"},{"@type":"Person","@id":"https:\/\/www.alumni.space\/it\/#\/schema\/person\/fede362a57876edda476a61f05ce5b15","name":"admin","image":{"@type":"ImageObject","inLanguage":"it-IT","@id":"https:\/\/secure.gravatar.com\/avatar\/318e234ae94f90d4d629428d6b983c08e31181c28f579e08a021180d759ea651?s=96&d=mm&r=g","url":"https:\/\/secure.gravatar.com\/avatar\/318e234ae94f90d4d629428d6b983c08e31181c28f579e08a021180d759ea651?s=96&d=mm&r=g","contentUrl":"https:\/\/secure.gravatar.com\/avatar\/318e234ae94f90d4d629428d6b983c08e31181c28f579e08a021180d759ea651?s=96&d=mm&r=g","caption":"admin"},"description":"Nicolas Laustriat a construit sa sp\u00e9cialit\u00e9 sur un sujet que beaucoup d\u2019organisations d\u00e9couvrent trop tard : ce qui dispara\u00eet quand les gens partent. Dipl\u00f4m\u00e9 en conception de produit industriel, il bifurque vers le digital fin 1996, il couvre les transformations marques, RH, la fid\u00e9lisation, la marque employeur. Sur le terrain, il rep\u00e8re un angle mort r\u00e9current : l\u2019entreprise investit dans le recrutement, la formation, les process\u2026 puis laisse filer le lien au moment du d\u00e9part, avec une perte de savoir et d\u2019influence qui se paie en silence. Il se sp\u00e9cialise alors sur les communaut\u00e9s d\u2019alumni, le mentorat, l\u2019entraide interg\u00e9n\u00e9rationnelle et la transmission d\u2019expertise. Il passe du \u201cconstat\u201d aux m\u00e9thodes : animation, gouvernance, segmentation, rituels, mesure d\u2019engagement, articulation avec la RSE et l\u2019employabilit\u00e9. Il interviewe DRH, responsables formation, directions d\u2019\u00e9coles, associations et fondations, avec une obsession : transformer un r\u00e9seau dormant en m\u00e9canisme utile (cooptation, mentorat, job board, entraide, \u00e9v\u00e9nements, contenus). Son style : direct, orient\u00e9 action, sans folklore. Sa conviction : une communaut\u00e9 n\u2019a pas besoin de bruit, elle a besoin de raisons de revenir.","sameAs":["https:\/\/www.alumni.space"]}]}},"_links":{"self":[{"href":"https:\/\/www.alumni.space\/it\/wp-json\/wp\/v2\/posts\/6083","targetHints":{"allow":["GET"]}}],"collection":[{"href":"https:\/\/www.alumni.space\/it\/wp-json\/wp\/v2\/posts"}],"about":[{"href":"https:\/\/www.alumni.space\/it\/wp-json\/wp\/v2\/types\/post"}],"author":[{"embeddable":true,"href":"https:\/\/www.alumni.space\/it\/wp-json\/wp\/v2\/users\/1"}],"replies":[{"embeddable":true,"href":"https:\/\/www.alumni.space\/it\/wp-json\/wp\/v2\/comments?post=6083"}],"version-history":[{"count":2,"href":"https:\/\/www.alumni.space\/it\/wp-json\/wp\/v2\/posts\/6083\/revisions"}],"predecessor-version":[{"id":6942,"href":"https:\/\/www.alumni.space\/it\/wp-json\/wp\/v2\/posts\/6083\/revisions\/6942"}],"wp:featuredmedia":[{"embeddable":true,"href":"https:\/\/www.alumni.space\/it\/wp-json\/wp\/v2\/media\/6084"}],"wp:attachment":[{"href":"https:\/\/www.alumni.space\/it\/wp-json\/wp\/v2\/media?parent=6083"}],"wp:term":[{"taxonomy":"category","embeddable":true,"href":"https:\/\/www.alumni.space\/it\/wp-json\/wp\/v2\/categories?post=6083"},{"taxonomy":"post_tag","embeddable":true,"href":"https:\/\/www.alumni.space\/it\/wp-json\/wp\/v2\/tags?post=6083"}],"curies":[{"name":"wp","href":"https:\/\/api.w.org\/{rel}","templated":true}]}}