{"id":6044,"date":"2026-01-29T03:18:32","date_gmt":"2026-01-29T03:18:32","guid":{"rendered":"https:\/\/www.alumni.space\/lindustria-del-vino-di-fronte-alla-piramide-delleta\/"},"modified":"2026-03-28T10:44:08","modified_gmt":"2026-03-28T10:44:08","slug":"lindustria-del-vino-di-fronte-alla-piramide-delleta","status":"publish","type":"post","link":"https:\/\/www.alumni.space\/it\/lindustria-del-vino-di-fronte-alla-piramide-delleta\/","title":{"rendered":"L&#8217;industria del vino di fronte alla piramide dell&#8217;et\u00e0"},"content":{"rendered":"<div id=\"ez-toc-container\" class=\"ez-toc-v2_0_82_2 counter-flat ez-toc-counter ez-toc-grey ez-toc-container-direction\">\n<div class=\"ez-toc-title-container\"><p class=\"ez-toc-title\" style=\"cursor:inherit\">In questo articolo:<\/p>\n<\/div><nav><ul class='ez-toc-list ez-toc-list-level-1 ' ><li class='ez-toc-page-1'><a class=\"ez-toc-link ez-toc-heading-1\" href=\"https:\/\/www.alumni.space\/it\/lindustria-del-vino-di-fronte-alla-piramide-delleta\/#Lindustria_del_vino_di_fronte_alle_sfide_demografiche_e_alla_piramide_delleta\" >L&#8217;industria del vino di fronte alle sfide demografiche e alla piramide dell&#8217;et\u00e0<\/a><\/li><li class='ez-toc-page-1'><a class=\"ez-toc-link ez-toc-heading-2\" href=\"https:\/\/www.alumni.space\/it\/lindustria-del-vino-di-fronte-alla-piramide-delleta\/#Numero_limitato_di_giovani_viticoltori_per_far_fronte_allinvecchiamento_della_popolazione\" >Numero limitato di giovani viticoltori per far fronte all&#8217;invecchiamento della popolazione<\/a><\/li><li class='ez-toc-page-1'><a class=\"ez-toc-link ez-toc-heading-3\" href=\"https:\/\/www.alumni.space\/it\/lindustria-del-vino-di-fronte-alla-piramide-delleta\/#Trasmissione_di_know-how_e_capitale_una_questione_cruciale_per_lindustria_del_vino\" >Trasmissione di know-how e capitale: una questione cruciale per l&#8217;industria del vino<\/a><\/li><li class='ez-toc-page-1'><a class=\"ez-toc-link ez-toc-heading-4\" href=\"https:\/\/www.alumni.space\/it\/lindustria-del-vino-di-fronte-alla-piramide-delleta\/#In_che_modo_lindustria_del_vino_sta_adattando_la_sua_governance_alla_piramide_delleta\" >In che modo l&#8217;industria del vino sta adattando la sua governance alla piramide dell&#8217;et\u00e0?<\/a><\/li><li class='ez-toc-page-1'><a class=\"ez-toc-link ez-toc-heading-5\" href=\"https:\/\/www.alumni.space\/it\/lindustria-del-vino-di-fronte-alla-piramide-delleta\/#Iniziative_innovative_per_anticipare_le_partenze_e_supportare_il_rinnovamento\" >Iniziative innovative per anticipare le partenze e supportare il rinnovamento<\/a><\/li><li class='ez-toc-page-1'><a class=\"ez-toc-link ez-toc-heading-6\" href=\"https:\/\/www.alumni.space\/it\/lindustria-del-vino-di-fronte-alla-piramide-delleta\/#Il_futuro_del_vigneto_gestire_il_passaggio_generazionale_attraverso_la_tecnologia_e_la_rete\" >Il futuro del vigneto: gestire il passaggio generazionale attraverso la tecnologia e la rete<\/a><\/li><\/ul><\/nav><\/div>\n<h2 class=\"wp-block-heading\"><span class=\"ez-toc-section\" id=\"Lindustria_del_vino_di_fronte_alle_sfide_demografiche_e_alla_piramide_delleta\"><\/span>L&#8217;industria del vino di fronte alle sfide demografiche e alla piramide dell&#8217;et\u00e0<span class=\"ez-toc-section-end\"><\/span><\/h2><p>L&#8217;industria del vino sta affrontando una sfida importante: il marcato invecchiamento della sua forza lavoro. Con un alto tasso di pensionamenti e un insufficiente ricambio generazionale, la struttura demografica dei viticoltori sta diventando un ostacolo per il futuro dei vigneti. Questa discrepanza minaccia il trasferimento del know-how e mina la continuit\u00e0 delle operazioni di viticoltura.  <\/p><figure class=\"wp-block-image size-full\"><img decoding=\"async\" width=\"1280\" height=\"768\" src=\"https:\/\/www.alumni.space\/wp-content\/uploads\/2026\/03\/La-filiere-viticole-confrontee-a-la-pyramide-des-ages-1.jpg\" data-orig-src=\"https:\/\/www.alumni.space\/wp-content\/uploads\/2026\/03\/La-filiere-viticole-confrontee-a-la-pyramide-des-ages-1.jpg\" alt=\"Scopri di pi\u00f9 sulle sfide demografiche che l'industria del vino deve affrontare di fronte alla piramide dell'et\u00e0 e sulle sfide per garantirne il rinnovamento e la sostenibilit\u00e0.\" class=\"lazyload wp-image-3186\" srcset=\"data:image\/svg+xml,%3Csvg%20xmlns%3D%27http%3A%2F%2Fwww.w3.org%2F2000%2Fsvg%27%20width%3D%271280%27%20height%3D%27768%27%20viewBox%3D%270%200%201280%20768%27%3E%3Crect%20width%3D%271280%27%20height%3D%27768%27%20fill-opacity%3D%220%22%2F%3E%3C%2Fsvg%3E\" data-srcset=\"https:\/\/www.alumni.space\/wp-content\/uploads\/2026\/03\/La-filiere-viticole-confrontee-a-la-pyramide-des-ages-1-200x120.jpg 200w, https:\/\/www.alumni.space\/wp-content\/uploads\/2026\/03\/La-filiere-viticole-confrontee-a-la-pyramide-des-ages-1-300x180.jpg 300w, https:\/\/www.alumni.space\/wp-content\/uploads\/2026\/03\/La-filiere-viticole-confrontee-a-la-pyramide-des-ages-1-400x240.jpg 400w, https:\/\/www.alumni.space\/wp-content\/uploads\/2026\/03\/La-filiere-viticole-confrontee-a-la-pyramide-des-ages-1-600x360.jpg 600w, https:\/\/www.alumni.space\/wp-content\/uploads\/2026\/03\/La-filiere-viticole-confrontee-a-la-pyramide-des-ages-1-768x461.jpg 768w, https:\/\/www.alumni.space\/wp-content\/uploads\/2026\/03\/La-filiere-viticole-confrontee-a-la-pyramide-des-ages-1-800x480.jpg 800w, https:\/\/www.alumni.space\/wp-content\/uploads\/2026\/03\/La-filiere-viticole-confrontee-a-la-pyramide-des-ages-1-1024x614.jpg 1024w, https:\/\/www.alumni.space\/wp-content\/uploads\/2026\/03\/La-filiere-viticole-confrontee-a-la-pyramide-des-ages-1-1200x720.jpg 1200w, https:\/\/www.alumni.space\/wp-content\/uploads\/2026\/03\/La-filiere-viticole-confrontee-a-la-pyramide-des-ages-1.jpg 1280w\" data-sizes=\"auto\" data-orig-sizes=\"(max-width: 1280px) 100vw, 1280px\" \/><\/figure><h3 class=\"wp-block-heading\"><span class=\"ez-toc-section\" id=\"Numero_limitato_di_giovani_viticoltori_per_far_fronte_allinvecchiamento_della_popolazione\"><\/span>Numero limitato di giovani viticoltori per far fronte all&#8217;invecchiamento della popolazione<span class=\"ez-toc-section-end\"><\/span><\/h3><p>I principali operatori del settore vinicolo sono sulla buona strada per andare in pensione. Questa popolazione che invecchia non sempre riesce a trovare giovani che la sostituiscano, poich\u00e9 il loro interesse per la professione cambia e si concentra su volumi pi\u00f9 ridotti o su modelli di consumo diversi. Questo influisce sul rinnovamento generazionale, accentuando l&#8217;asimmetria della piramide delle et\u00e0.  <\/p><p>I nuovi arrivati preferiscono in genere vini frizzanti o rosati leggeri, meno esigenti in termini di volume rispetto ai tradizionali vini rossi. Di conseguenza, la pressione sulle aziende agricole a conduzione familiare sta aumentando, soprattutto nelle zone difficili dove il ritorno degli investimenti appare incerto. Questa situazione riflette uno squilibrio che potrebbe rivelarsi critico per la gestione a lungo termine dei terroir.  <\/p><h3 class=\"wp-block-heading\"><span class=\"ez-toc-section\" id=\"Trasmissione_di_know-how_e_capitale_una_questione_cruciale_per_lindustria_del_vino\"><\/span>Trasmissione di know-how e capitale: una questione cruciale per l&#8217;industria del vino<span class=\"ez-toc-section-end\"><\/span><\/h3><p>La progressiva scomparsa di operatori esperti comporta un rischio significativo di perdita di esperienza e competenze. L&#8217;efficacia dei processi di trasmissione e tutoraggio diventa quindi una leva essenziale per garantire la continuit\u00e0. La sfida consiste nel mettere in atto strategie per ottimizzare la cooptazione e l&#8217;integrazione dei giovani viticoltori, mantenendo l&#8217;eccellenza delle pratiche.  <\/p><p>La digitalizzazione degli scambi e la gestione strutturata delle comunit\u00e0 professionali giocano un ruolo fondamentale in questo contesto. Le piattaforme SaaS dedicate al networking, come <a href=\"https:\/\/www.alumni.space\/it\/piramide-delleta-una-sfida-sottovalutata-per-le-professioni-tecniche\/\">questa soluzione<\/a>, permettono di monitorare e anticipare i cambiamenti nella piramide delle et\u00e0. Inoltre, facilitano la condivisione di informazioni e la formazione continua tra generazioni.  <\/p><h2 class=\"wp-block-heading\"><span class=\"ez-toc-section\" id=\"In_che_modo_lindustria_del_vino_sta_adattando_la_sua_governance_alla_piramide_delleta\"><\/span>In che modo l&#8217;industria del vino sta adattando la sua governance alla piramide dell&#8217;et\u00e0?<span class=\"ez-toc-section-end\"><\/span><\/h2><p>Di fronte a questa complessa demografia, i responsabili delle decisioni devono ripensare la governance e la gestione delle aziende agricole. \u00c8 necessario rafforzare lo spirito comunitario, con un maggiore impegno da parte dei soggetti coinvolti per limitare la perdita di conoscenze e incoraggiare i legami intergenerazionali. Indicatori precisi e un monitoraggio regolare permetteranno di adottare misure adeguate alla situazione sul campo.  <\/p><p>Il Cr\u00e9dit Agricole, uno dei principali partner del settore, sostiene attivamente queste iniziative. In particolare, sta aiutando ad alleggerire il flusso di cassa delle aziende agricole in difficolt\u00e0, facilitando cos\u00ec la loro transizione e la preparazione alla pensione. Questo approccio \u00e8 completato da un piano di estirpazione finanziato per 120 milioni di euro, che offre ai professionisti il margine di manovra necessario per apportare modifiche strategiche alle aree coltivate.  <\/p><h3 class=\"wp-block-heading\"><span class=\"ez-toc-section\" id=\"Iniziative_innovative_per_anticipare_le_partenze_e_supportare_il_rinnovamento\"><\/span>Iniziative innovative per anticipare le partenze e supportare il rinnovamento<span class=\"ez-toc-section-end\"><\/span><\/h3><p>Per garantire la prossima generazione di viticoltori, il settore pu\u00f2 contare su programmi di sviluppo della comunit\u00e0 che incoraggiano il contatto tra mentori esperti e giovani viticoltori. Queste pratiche aiutano a rafforzare il senso di appartenenza e la mobilitazione intorno alla professione. Sviluppare contenuti specializzati, organizzare eventi mirati e offrire corsi di mentoring sono tutte risposte operative alla crisi demografica.  <\/p><p>I team delle risorse umane, in particolare nelle organizzazioni che si occupano di formazione, utilizzano strumenti potenti per anticipare i cambiamenti nella forza lavoro e stabilire rituali di supporto. Oltre a velocizzare l&#8217;integrazione professionale, questo metodo riduce i rischi associati alle partenze impreviste. <\/p><h2 class=\"wp-block-heading\"><span class=\"ez-toc-section\" id=\"Il_futuro_del_vigneto_gestire_il_passaggio_generazionale_attraverso_la_tecnologia_e_la_rete\"><\/span>Il futuro del vigneto: gestire il passaggio generazionale attraverso la tecnologia e la rete<span class=\"ez-toc-section-end\"><\/span><\/h2><p>Il controllo della piramide dell&#8217;et\u00e0 richiede inevitabilmente una gestione rigorosa basata su indicatori chiave adeguati. Conoscere l&#8217;esatta distribuzione della forza lavoro, misurare il tasso di trasferimento delle aziende e analizzare il profilo dei nuovi assunti sono passi fondamentali. Questo approccio rende la governance pi\u00f9 sicura e riduce i costi nascosti associati alla perdita di competenze o alla scarsa integrazione dei giovani.  <\/p><p>\u00c8 fondamentale industrializzare questi processi attraverso un&#8217;unica piattaforma collaborativa. La moltiplicazione di strumenti dispersi comporta una notevole perdita di tempo e rallenta l&#8217;impegno a lungo termine degli attori coinvolti. <a href=\"https:\/\/www.alumni.space\/it\/come-possono-i-dipartimenti-hr-anticipare-la-piramide-delleta\/\">I professionisti delle risorse umane<\/a> confermano che la centralizzazione dei dati ottimizza la gestione e facilita il processo decisionale strategico, in particolare per l&#8217;industria del vino. <\/p>","protected":false},"excerpt":{"rendered":"<p>L&#8217;industria del vino di fronte alle sfide demografiche e alla  [&#8230;]<\/p>\n","protected":false},"author":1,"featured_media":6047,"comment_status":"closed","ping_status":"closed","sticky":false,"template":"","format":"standard","meta":{"_ayudawp_aiss_exclude":false,"footnotes":""},"categories":[65],"tags":[],"class_list":["post-6044","post","type-post","status-publish","format-standard","has-post-thumbnail","hentry","category-risorse-umane"],"yoast_head":"<!-- This site is optimized with the Yoast SEO plugin v27.4 - https:\/\/yoast.com\/product\/yoast-seo-wordpress\/ -->\n<title>La viticoltura affronta la sfida della piramide delle et\u00e0<\/title>\n<meta name=\"description\" content=\"Scopri come l&#039;industria del vino sta affrontando la sfida della piramide delle et\u00e0 e si sta preparando per un futuro sostenibile.\" \/>\n<meta name=\"robots\" content=\"index, follow, max-snippet:-1, max-image-preview:large, max-video-preview:-1\" \/>\n<link rel=\"canonical\" href=\"https:\/\/www.alumni.space\/it\/lindustria-del-vino-di-fronte-alla-piramide-delleta\/\" \/>\n<meta property=\"og:locale\" content=\"it_IT\" \/>\n<meta property=\"og:type\" content=\"article\" \/>\n<meta property=\"og:title\" content=\"La viticoltura affronta la sfida della piramide delle et\u00e0\" \/>\n<meta property=\"og:description\" content=\"Scopri come l&#039;industria del vino sta affrontando la sfida della piramide delle et\u00e0 e si sta preparando per un futuro sostenibile.\" \/>\n<meta property=\"og:url\" content=\"https:\/\/www.alumni.space\/it\/lindustria-del-vino-di-fronte-alla-piramide-delleta\/\" \/>\n<meta property=\"og:site_name\" content=\"Alumni.space\" \/>\n<meta property=\"article:published_time\" content=\"2026-01-29T03:18:32+00:00\" \/>\n<meta property=\"article:modified_time\" content=\"2026-03-28T10:44:08+00:00\" \/>\n<meta property=\"og:image\" content=\"https:\/\/www.alumni.space\/wp-content\/uploads\/2026\/03\/La-filiere-viticole-confrontee-a-la-pyramide-des-ages.jpg\" \/>\n\t<meta property=\"og:image:width\" content=\"1280\" \/>\n\t<meta property=\"og:image:height\" content=\"768\" \/>\n\t<meta property=\"og:image:type\" content=\"image\/jpeg\" \/>\n<meta name=\"author\" content=\"admin\" \/>\n<meta name=\"twitter:card\" content=\"summary_large_image\" \/>\n<meta name=\"twitter:label1\" content=\"Scritto da\" \/>\n\t<meta name=\"twitter:data1\" content=\"admin\" \/>\n\t<meta name=\"twitter:label2\" content=\"Tempo di lettura stimato\" \/>\n\t<meta name=\"twitter:data2\" content=\"3 minuti\" \/>\n<script type=\"application\/ld+json\" class=\"yoast-schema-graph\">{\"@context\":\"https:\\\/\\\/schema.org\",\"@graph\":[{\"@type\":\"Article\",\"@id\":\"https:\\\/\\\/www.alumni.space\\\/it\\\/lindustria-del-vino-di-fronte-alla-piramide-delleta\\\/#article\",\"isPartOf\":{\"@id\":\"https:\\\/\\\/www.alumni.space\\\/it\\\/lindustria-del-vino-di-fronte-alla-piramide-delleta\\\/\"},\"author\":{\"name\":\"admin\",\"@id\":\"https:\\\/\\\/www.alumni.space\\\/it\\\/#\\\/schema\\\/person\\\/fede362a57876edda476a61f05ce5b15\"},\"headline\":\"L&#8217;industria del vino di fronte alla piramide dell&#8217;et\u00e0\",\"datePublished\":\"2026-01-29T03:18:32+00:00\",\"dateModified\":\"2026-03-28T10:44:08+00:00\",\"mainEntityOfPage\":{\"@id\":\"https:\\\/\\\/www.alumni.space\\\/it\\\/lindustria-del-vino-di-fronte-alla-piramide-delleta\\\/\"},\"wordCount\":725,\"image\":{\"@id\":\"https:\\\/\\\/www.alumni.space\\\/it\\\/lindustria-del-vino-di-fronte-alla-piramide-delleta\\\/#primaryimage\"},\"thumbnailUrl\":\"https:\\\/\\\/www.alumni.space\\\/wp-content\\\/uploads\\\/2026\\\/03\\\/La-filiere-viticole-confrontee-a-la-pyramide-des-ages.jpg\",\"articleSection\":[\"Risorse umane\"],\"inLanguage\":\"it-IT\"},{\"@type\":\"WebPage\",\"@id\":\"https:\\\/\\\/www.alumni.space\\\/it\\\/lindustria-del-vino-di-fronte-alla-piramide-delleta\\\/\",\"url\":\"https:\\\/\\\/www.alumni.space\\\/it\\\/lindustria-del-vino-di-fronte-alla-piramide-delleta\\\/\",\"name\":\"La viticoltura affronta la sfida della piramide delle et\u00e0\",\"isPartOf\":{\"@id\":\"https:\\\/\\\/www.alumni.space\\\/it\\\/#website\"},\"primaryImageOfPage\":{\"@id\":\"https:\\\/\\\/www.alumni.space\\\/it\\\/lindustria-del-vino-di-fronte-alla-piramide-delleta\\\/#primaryimage\"},\"image\":{\"@id\":\"https:\\\/\\\/www.alumni.space\\\/it\\\/lindustria-del-vino-di-fronte-alla-piramide-delleta\\\/#primaryimage\"},\"thumbnailUrl\":\"https:\\\/\\\/www.alumni.space\\\/wp-content\\\/uploads\\\/2026\\\/03\\\/La-filiere-viticole-confrontee-a-la-pyramide-des-ages.jpg\",\"datePublished\":\"2026-01-29T03:18:32+00:00\",\"dateModified\":\"2026-03-28T10:44:08+00:00\",\"author\":{\"@id\":\"https:\\\/\\\/www.alumni.space\\\/it\\\/#\\\/schema\\\/person\\\/fede362a57876edda476a61f05ce5b15\"},\"description\":\"Scopri come l'industria del vino sta affrontando la sfida della piramide delle et\u00e0 e si sta preparando per un futuro sostenibile.\",\"breadcrumb\":{\"@id\":\"https:\\\/\\\/www.alumni.space\\\/it\\\/lindustria-del-vino-di-fronte-alla-piramide-delleta\\\/#breadcrumb\"},\"inLanguage\":\"it-IT\",\"potentialAction\":[{\"@type\":\"ReadAction\",\"target\":[\"https:\\\/\\\/www.alumni.space\\\/it\\\/lindustria-del-vino-di-fronte-alla-piramide-delleta\\\/\"]}]},{\"@type\":\"ImageObject\",\"inLanguage\":\"it-IT\",\"@id\":\"https:\\\/\\\/www.alumni.space\\\/it\\\/lindustria-del-vino-di-fronte-alla-piramide-delleta\\\/#primaryimage\",\"url\":\"https:\\\/\\\/www.alumni.space\\\/wp-content\\\/uploads\\\/2026\\\/03\\\/La-filiere-viticole-confrontee-a-la-pyramide-des-ages.jpg\",\"contentUrl\":\"https:\\\/\\\/www.alumni.space\\\/wp-content\\\/uploads\\\/2026\\\/03\\\/La-filiere-viticole-confrontee-a-la-pyramide-des-ages.jpg\",\"width\":1280,\"height\":768,\"caption\":\"Scopri le sfide che l'industria del vino deve affrontare di fronte alla piramide dell'et\u00e0 e le soluzioni che si stanno studiando per garantire la successione della prossima generazione e il futuro a lungo termine del settore.\"},{\"@type\":\"BreadcrumbList\",\"@id\":\"https:\\\/\\\/www.alumni.space\\\/it\\\/lindustria-del-vino-di-fronte-alla-piramide-delleta\\\/#breadcrumb\",\"itemListElement\":[{\"@type\":\"ListItem\",\"position\":1,\"name\":\"Home\",\"item\":\"https:\\\/\\\/www.alumni.space\\\/it\\\/piattaforma-di-mentoring-e-di-gestione-degli-alumni\\\/\"},{\"@type\":\"ListItem\",\"position\":2,\"name\":\"L&rsquo;industria del vino di fronte alla piramide dell&rsquo;et\u00e0\"}]},{\"@type\":\"WebSite\",\"@id\":\"https:\\\/\\\/www.alumni.space\\\/it\\\/#website\",\"url\":\"https:\\\/\\\/www.alumni.space\\\/it\\\/\",\"name\":\"Alumni.space\",\"description\":\"My WordPress Blog\",\"potentialAction\":[{\"@type\":\"SearchAction\",\"target\":{\"@type\":\"EntryPoint\",\"urlTemplate\":\"https:\\\/\\\/www.alumni.space\\\/it\\\/?s={search_term_string}\"},\"query-input\":{\"@type\":\"PropertyValueSpecification\",\"valueRequired\":true,\"valueName\":\"search_term_string\"}}],\"inLanguage\":\"it-IT\"},{\"@type\":\"Person\",\"@id\":\"https:\\\/\\\/www.alumni.space\\\/it\\\/#\\\/schema\\\/person\\\/fede362a57876edda476a61f05ce5b15\",\"name\":\"admin\",\"image\":{\"@type\":\"ImageObject\",\"inLanguage\":\"it-IT\",\"@id\":\"https:\\\/\\\/secure.gravatar.com\\\/avatar\\\/318e234ae94f90d4d629428d6b983c08e31181c28f579e08a021180d759ea651?s=96&d=mm&r=g\",\"url\":\"https:\\\/\\\/secure.gravatar.com\\\/avatar\\\/318e234ae94f90d4d629428d6b983c08e31181c28f579e08a021180d759ea651?s=96&d=mm&r=g\",\"contentUrl\":\"https:\\\/\\\/secure.gravatar.com\\\/avatar\\\/318e234ae94f90d4d629428d6b983c08e31181c28f579e08a021180d759ea651?s=96&d=mm&r=g\",\"caption\":\"admin\"},\"description\":\"Nicolas Laustriat a construit sa sp\u00e9cialit\u00e9 sur un sujet que beaucoup d\u2019organisations d\u00e9couvrent trop tard : ce qui dispara\u00eet quand les gens partent. Dipl\u00f4m\u00e9 en conception de produit industriel, il bifurque vers le digital fin 1996, il couvre les transformations marques, RH, la fid\u00e9lisation, la marque employeur. Sur le terrain, il rep\u00e8re un angle mort r\u00e9current : l\u2019entreprise investit dans le recrutement, la formation, les process\u2026 puis laisse filer le lien au moment du d\u00e9part, avec une perte de savoir et d\u2019influence qui se paie en silence. Il se sp\u00e9cialise alors sur les communaut\u00e9s d\u2019alumni, le mentorat, l\u2019entraide interg\u00e9n\u00e9rationnelle et la transmission d\u2019expertise. Il passe du \u201cconstat\u201d aux m\u00e9thodes : animation, gouvernance, segmentation, rituels, mesure d\u2019engagement, articulation avec la RSE et l\u2019employabilit\u00e9. Il interviewe DRH, responsables formation, directions d\u2019\u00e9coles, associations et fondations, avec une obsession : transformer un r\u00e9seau dormant en m\u00e9canisme utile (cooptation, mentorat, job board, entraide, \u00e9v\u00e9nements, contenus). Son style : direct, orient\u00e9 action, sans folklore. Sa conviction : une communaut\u00e9 n\u2019a pas besoin de bruit, elle a besoin de raisons de revenir.\",\"sameAs\":[\"https:\\\/\\\/www.alumni.space\"]}]}<\/script>\n<!-- \/ Yoast SEO plugin. -->","yoast_head_json":{"title":"La viticoltura affronta la sfida della piramide delle et\u00e0","description":"Scopri come l'industria del vino sta affrontando la sfida della piramide delle et\u00e0 e si sta preparando per un futuro sostenibile.","robots":{"index":"index","follow":"follow","max-snippet":"max-snippet:-1","max-image-preview":"max-image-preview:large","max-video-preview":"max-video-preview:-1"},"canonical":"https:\/\/www.alumni.space\/it\/lindustria-del-vino-di-fronte-alla-piramide-delleta\/","og_locale":"it_IT","og_type":"article","og_title":"La viticoltura affronta la sfida della piramide delle et\u00e0","og_description":"Scopri come l'industria del vino sta affrontando la sfida della piramide delle et\u00e0 e si sta preparando per un futuro sostenibile.","og_url":"https:\/\/www.alumni.space\/it\/lindustria-del-vino-di-fronte-alla-piramide-delleta\/","og_site_name":"Alumni.space","article_published_time":"2026-01-29T03:18:32+00:00","article_modified_time":"2026-03-28T10:44:08+00:00","og_image":[{"width":1280,"height":768,"url":"https:\/\/www.alumni.space\/wp-content\/uploads\/2026\/03\/La-filiere-viticole-confrontee-a-la-pyramide-des-ages.jpg","type":"image\/jpeg"}],"author":"admin","twitter_card":"summary_large_image","twitter_misc":{"Scritto da":"admin","Tempo di lettura stimato":"3 minuti"},"schema":{"@context":"https:\/\/schema.org","@graph":[{"@type":"Article","@id":"https:\/\/www.alumni.space\/it\/lindustria-del-vino-di-fronte-alla-piramide-delleta\/#article","isPartOf":{"@id":"https:\/\/www.alumni.space\/it\/lindustria-del-vino-di-fronte-alla-piramide-delleta\/"},"author":{"name":"admin","@id":"https:\/\/www.alumni.space\/it\/#\/schema\/person\/fede362a57876edda476a61f05ce5b15"},"headline":"L&#8217;industria del vino di fronte alla piramide dell&#8217;et\u00e0","datePublished":"2026-01-29T03:18:32+00:00","dateModified":"2026-03-28T10:44:08+00:00","mainEntityOfPage":{"@id":"https:\/\/www.alumni.space\/it\/lindustria-del-vino-di-fronte-alla-piramide-delleta\/"},"wordCount":725,"image":{"@id":"https:\/\/www.alumni.space\/it\/lindustria-del-vino-di-fronte-alla-piramide-delleta\/#primaryimage"},"thumbnailUrl":"https:\/\/www.alumni.space\/wp-content\/uploads\/2026\/03\/La-filiere-viticole-confrontee-a-la-pyramide-des-ages.jpg","articleSection":["Risorse umane"],"inLanguage":"it-IT"},{"@type":"WebPage","@id":"https:\/\/www.alumni.space\/it\/lindustria-del-vino-di-fronte-alla-piramide-delleta\/","url":"https:\/\/www.alumni.space\/it\/lindustria-del-vino-di-fronte-alla-piramide-delleta\/","name":"La viticoltura affronta la sfida della piramide delle et\u00e0","isPartOf":{"@id":"https:\/\/www.alumni.space\/it\/#website"},"primaryImageOfPage":{"@id":"https:\/\/www.alumni.space\/it\/lindustria-del-vino-di-fronte-alla-piramide-delleta\/#primaryimage"},"image":{"@id":"https:\/\/www.alumni.space\/it\/lindustria-del-vino-di-fronte-alla-piramide-delleta\/#primaryimage"},"thumbnailUrl":"https:\/\/www.alumni.space\/wp-content\/uploads\/2026\/03\/La-filiere-viticole-confrontee-a-la-pyramide-des-ages.jpg","datePublished":"2026-01-29T03:18:32+00:00","dateModified":"2026-03-28T10:44:08+00:00","author":{"@id":"https:\/\/www.alumni.space\/it\/#\/schema\/person\/fede362a57876edda476a61f05ce5b15"},"description":"Scopri come l'industria del vino sta affrontando la sfida della piramide delle et\u00e0 e si sta preparando per un futuro sostenibile.","breadcrumb":{"@id":"https:\/\/www.alumni.space\/it\/lindustria-del-vino-di-fronte-alla-piramide-delleta\/#breadcrumb"},"inLanguage":"it-IT","potentialAction":[{"@type":"ReadAction","target":["https:\/\/www.alumni.space\/it\/lindustria-del-vino-di-fronte-alla-piramide-delleta\/"]}]},{"@type":"ImageObject","inLanguage":"it-IT","@id":"https:\/\/www.alumni.space\/it\/lindustria-del-vino-di-fronte-alla-piramide-delleta\/#primaryimage","url":"https:\/\/www.alumni.space\/wp-content\/uploads\/2026\/03\/La-filiere-viticole-confrontee-a-la-pyramide-des-ages.jpg","contentUrl":"https:\/\/www.alumni.space\/wp-content\/uploads\/2026\/03\/La-filiere-viticole-confrontee-a-la-pyramide-des-ages.jpg","width":1280,"height":768,"caption":"Scopri le sfide che l'industria del vino deve affrontare di fronte alla piramide dell'et\u00e0 e le soluzioni che si stanno studiando per garantire la successione della prossima generazione e il futuro a lungo termine del settore."},{"@type":"BreadcrumbList","@id":"https:\/\/www.alumni.space\/it\/lindustria-del-vino-di-fronte-alla-piramide-delleta\/#breadcrumb","itemListElement":[{"@type":"ListItem","position":1,"name":"Home","item":"https:\/\/www.alumni.space\/it\/piattaforma-di-mentoring-e-di-gestione-degli-alumni\/"},{"@type":"ListItem","position":2,"name":"L&rsquo;industria del vino di fronte alla piramide dell&rsquo;et\u00e0"}]},{"@type":"WebSite","@id":"https:\/\/www.alumni.space\/it\/#website","url":"https:\/\/www.alumni.space\/it\/","name":"Alumni.space","description":"My WordPress Blog","potentialAction":[{"@type":"SearchAction","target":{"@type":"EntryPoint","urlTemplate":"https:\/\/www.alumni.space\/it\/?s={search_term_string}"},"query-input":{"@type":"PropertyValueSpecification","valueRequired":true,"valueName":"search_term_string"}}],"inLanguage":"it-IT"},{"@type":"Person","@id":"https:\/\/www.alumni.space\/it\/#\/schema\/person\/fede362a57876edda476a61f05ce5b15","name":"admin","image":{"@type":"ImageObject","inLanguage":"it-IT","@id":"https:\/\/secure.gravatar.com\/avatar\/318e234ae94f90d4d629428d6b983c08e31181c28f579e08a021180d759ea651?s=96&d=mm&r=g","url":"https:\/\/secure.gravatar.com\/avatar\/318e234ae94f90d4d629428d6b983c08e31181c28f579e08a021180d759ea651?s=96&d=mm&r=g","contentUrl":"https:\/\/secure.gravatar.com\/avatar\/318e234ae94f90d4d629428d6b983c08e31181c28f579e08a021180d759ea651?s=96&d=mm&r=g","caption":"admin"},"description":"Nicolas Laustriat a construit sa sp\u00e9cialit\u00e9 sur un sujet que beaucoup d\u2019organisations d\u00e9couvrent trop tard : ce qui dispara\u00eet quand les gens partent. Dipl\u00f4m\u00e9 en conception de produit industriel, il bifurque vers le digital fin 1996, il couvre les transformations marques, RH, la fid\u00e9lisation, la marque employeur. Sur le terrain, il rep\u00e8re un angle mort r\u00e9current : l\u2019entreprise investit dans le recrutement, la formation, les process\u2026 puis laisse filer le lien au moment du d\u00e9part, avec une perte de savoir et d\u2019influence qui se paie en silence. Il se sp\u00e9cialise alors sur les communaut\u00e9s d\u2019alumni, le mentorat, l\u2019entraide interg\u00e9n\u00e9rationnelle et la transmission d\u2019expertise. Il passe du \u201cconstat\u201d aux m\u00e9thodes : animation, gouvernance, segmentation, rituels, mesure d\u2019engagement, articulation avec la RSE et l\u2019employabilit\u00e9. Il interviewe DRH, responsables formation, directions d\u2019\u00e9coles, associations et fondations, avec une obsession : transformer un r\u00e9seau dormant en m\u00e9canisme utile (cooptation, mentorat, job board, entraide, \u00e9v\u00e9nements, contenus). Son style : direct, orient\u00e9 action, sans folklore. Sa conviction : une communaut\u00e9 n\u2019a pas besoin de bruit, elle a besoin de raisons de revenir.","sameAs":["https:\/\/www.alumni.space"]}]}},"_links":{"self":[{"href":"https:\/\/www.alumni.space\/it\/wp-json\/wp\/v2\/posts\/6044","targetHints":{"allow":["GET"]}}],"collection":[{"href":"https:\/\/www.alumni.space\/it\/wp-json\/wp\/v2\/posts"}],"about":[{"href":"https:\/\/www.alumni.space\/it\/wp-json\/wp\/v2\/types\/post"}],"author":[{"embeddable":true,"href":"https:\/\/www.alumni.space\/it\/wp-json\/wp\/v2\/users\/1"}],"replies":[{"embeddable":true,"href":"https:\/\/www.alumni.space\/it\/wp-json\/wp\/v2\/comments?post=6044"}],"version-history":[{"count":1,"href":"https:\/\/www.alumni.space\/it\/wp-json\/wp\/v2\/posts\/6044\/revisions"}],"predecessor-version":[{"id":6048,"href":"https:\/\/www.alumni.space\/it\/wp-json\/wp\/v2\/posts\/6044\/revisions\/6048"}],"wp:featuredmedia":[{"embeddable":true,"href":"https:\/\/www.alumni.space\/it\/wp-json\/wp\/v2\/media\/6047"}],"wp:attachment":[{"href":"https:\/\/www.alumni.space\/it\/wp-json\/wp\/v2\/media?parent=6044"}],"wp:term":[{"taxonomy":"category","embeddable":true,"href":"https:\/\/www.alumni.space\/it\/wp-json\/wp\/v2\/categories?post=6044"},{"taxonomy":"post_tag","embeddable":true,"href":"https:\/\/www.alumni.space\/it\/wp-json\/wp\/v2\/tags?post=6044"}],"curies":[{"name":"wp","href":"https:\/\/api.w.org\/{rel}","templated":true}]}}