{"id":5856,"date":"2025-04-27T11:22:37","date_gmt":"2025-04-27T11:22:37","guid":{"rendered":"https:\/\/www.alumni.space\/piramide-delleta-una-sfida-per-le-professioni-ingegneristiche\/"},"modified":"2026-03-28T10:48:17","modified_gmt":"2026-03-28T10:48:17","slug":"piramide-delleta-una-sfida-per-le-professioni-ingegneristiche","status":"publish","type":"post","link":"https:\/\/www.alumni.space\/it\/piramide-delleta-una-sfida-per-le-professioni-ingegneristiche\/","title":{"rendered":"Piramide dell&#8217;et\u00e0: una sfida per le professioni ingegneristiche"},"content":{"rendered":"<div id=\"ez-toc-container\" class=\"ez-toc-v2_0_82_2 counter-flat ez-toc-counter ez-toc-grey ez-toc-container-direction\">\n<div class=\"ez-toc-title-container\"><p class=\"ez-toc-title\" style=\"cursor:inherit\">In questo articolo:<\/p>\n<\/div><nav><ul class='ez-toc-list ez-toc-list-level-1 ' ><li class='ez-toc-page-1'><a class=\"ez-toc-link ez-toc-heading-1\" href=\"https:\/\/www.alumni.space\/it\/piramide-delleta-una-sfida-per-le-professioni-ingegneristiche\/#La_piramide_delle_eta_nellingegneria_meccanica_una_grande_sfida_demografica\" >La piramide delle et\u00e0 nell&#8217;ingegneria meccanica: una grande sfida demografica<\/a><\/li><li class='ez-toc-page-1'><a class=\"ez-toc-link ez-toc-heading-2\" href=\"https:\/\/www.alumni.space\/it\/piramide-delleta-una-sfida-per-le-professioni-ingegneristiche\/#Affrontare_la_sfida_del_rinnovamento_delle_competenze_nellingegneria_meccanica\" >Affrontare la sfida del rinnovamento delle competenze nell&#8217;ingegneria meccanica<\/a><\/li><li class='ez-toc-page-1'><a class=\"ez-toc-link ez-toc-heading-3\" href=\"https:\/\/www.alumni.space\/it\/piramide-delleta-una-sfida-per-le-professioni-ingegneristiche\/#Impatto_della_piramide_delleta_sul_reclutamento_e_sulle_prestazioni_nelle_professioni_tecniche\" >Impatto della piramide dell&#8217;et\u00e0 sul reclutamento e sulle prestazioni nelle professioni tecniche<\/a><\/li><li class='ez-toc-page-1'><a class=\"ez-toc-link ez-toc-heading-4\" href=\"https:\/\/www.alumni.space\/it\/piramide-delleta-una-sfida-per-le-professioni-ingegneristiche\/#Ottimizzare_il_trasferimento_delle_conoscenze_per_garantire_continuita_e_competitivita\" >Ottimizzare il trasferimento delle conoscenze per garantire continuit\u00e0 e competitivit\u00e0<\/a><\/li><li class='ez-toc-page-1'><a class=\"ez-toc-link ez-toc-heading-5\" href=\"https:\/\/www.alumni.space\/it\/piramide-delleta-una-sfida-per-le-professioni-ingegneristiche\/#Piramide_delle_eta_e_cambiamenti_nelle_professioni_dellingegneria_meccanica_anticipare_le_esigenze_future\" >Piramide delle et\u00e0 e cambiamenti nelle professioni dell&#8217;ingegneria meccanica: anticipare le esigenze future<\/a><\/li><\/ul><\/nav><\/div>\n<h2 class=\"wp-block-heading\"><span class=\"ez-toc-section\" id=\"La_piramide_delle_eta_nellingegneria_meccanica_una_grande_sfida_demografica\"><\/span>La piramide delle et\u00e0 nell&#8217;ingegneria meccanica: una grande sfida demografica<span class=\"ez-toc-section-end\"><\/span><\/h2><p>Il settore dell&#8217;ingegneria meccanica, un pilastro trasversale dell&#8217;industria, dovr\u00e0 affrontare una sfida demografica significativa nel 2026. La piramide delle et\u00e0 rivela un invecchiamento della forza lavoro, con un&#8217;alta percentuale di lavoratori prossimi alla pensione. Questo fragile equilibrio ha un impatto diretto sulla disponibilit\u00e0 di manodopera e solleva preoccupazioni sulla trasmissione delle conoscenze essenziali per i mestieri tecnici.  <\/p><p>La tendenza verso una forza lavoro dominata dagli over 50 significa che i responsabili delle decisioni devono gestire con attenzione la propria forza lavoro. L&#8217;aumento dei pensionamenti pu\u00f2 portare a una perdita di competenze e know-how industriale, che \u00e8 difficile da compensare senza una politica proattiva di assunzione e formazione professionale. <\/p><figure class=\"wp-block-image size-full\"><img decoding=\"async\" width=\"1280\" height=\"768\" src=\"https:\/\/www.alumni.space\/wp-content\/uploads\/2026\/03\/Pyramide-des-ages-un-defi-pour-les-metiers-de-la-mecanique-1.jpg\" data-orig-src=\"https:\/\/www.alumni.space\/wp-content\/uploads\/2026\/03\/Pyramide-des-ages-un-defi-pour-les-metiers-de-la-mecanique-1.jpg\" alt=\"Scopri come la piramide dell'et\u00e0 sta influenzando le professioni dell'ingegneria meccanica e le sfide che comporta il rinnovamento delle competenze in questo settore in rapida evoluzione.\" class=\"lazyload wp-image-3198\" srcset=\"data:image\/svg+xml,%3Csvg%20xmlns%3D%27http%3A%2F%2Fwww.w3.org%2F2000%2Fsvg%27%20width%3D%271280%27%20height%3D%27768%27%20viewBox%3D%270%200%201280%20768%27%3E%3Crect%20width%3D%271280%27%20height%3D%27768%27%20fill-opacity%3D%220%22%2F%3E%3C%2Fsvg%3E\" data-srcset=\"https:\/\/www.alumni.space\/wp-content\/uploads\/2026\/03\/Pyramide-des-ages-un-defi-pour-les-metiers-de-la-mecanique-1-200x120.jpg 200w, https:\/\/www.alumni.space\/wp-content\/uploads\/2026\/03\/Pyramide-des-ages-un-defi-pour-les-metiers-de-la-mecanique-1-300x180.jpg 300w, https:\/\/www.alumni.space\/wp-content\/uploads\/2026\/03\/Pyramide-des-ages-un-defi-pour-les-metiers-de-la-mecanique-1-400x240.jpg 400w, https:\/\/www.alumni.space\/wp-content\/uploads\/2026\/03\/Pyramide-des-ages-un-defi-pour-les-metiers-de-la-mecanique-1-600x360.jpg 600w, https:\/\/www.alumni.space\/wp-content\/uploads\/2026\/03\/Pyramide-des-ages-un-defi-pour-les-metiers-de-la-mecanique-1-768x461.jpg 768w, https:\/\/www.alumni.space\/wp-content\/uploads\/2026\/03\/Pyramide-des-ages-un-defi-pour-les-metiers-de-la-mecanique-1-800x480.jpg 800w, https:\/\/www.alumni.space\/wp-content\/uploads\/2026\/03\/Pyramide-des-ages-un-defi-pour-les-metiers-de-la-mecanique-1-1024x614.jpg 1024w, https:\/\/www.alumni.space\/wp-content\/uploads\/2026\/03\/Pyramide-des-ages-un-defi-pour-les-metiers-de-la-mecanique-1-1200x720.jpg 1200w, https:\/\/www.alumni.space\/wp-content\/uploads\/2026\/03\/Pyramide-des-ages-un-defi-pour-les-metiers-de-la-mecanique-1.jpg 1280w\" data-sizes=\"auto\" data-orig-sizes=\"(max-width: 1280px) 100vw, 1280px\" \/><\/figure><h3 class=\"wp-block-heading\"><span class=\"ez-toc-section\" id=\"Affrontare_la_sfida_del_rinnovamento_delle_competenze_nellingegneria_meccanica\"><\/span>Affrontare la sfida del rinnovamento delle competenze nell&#8217;ingegneria meccanica<span class=\"ez-toc-section-end\"><\/span><\/h3><p>Il settore si trova ad affrontare un ricambio annuale di migliaia di posti di lavoro, una dinamica legata alla partenza del personale senior. Questa tendenza crea un&#8217;urgente necessit\u00e0 di integrare e formare giovani talenti in grado di adattarsi ai rapidi cambiamenti delle professioni tecniche. Allo stesso tempo, la formazione continua diventa essenziale per mantenere la competitivit\u00e0 e sostenere l&#8217;innovazione.  <\/p><p>La gestione di questa sfida si basa molto su strategie efficaci per animare la comunit\u00e0 professionale. La mobilitazione di una rete di mentori ed ex-allievi ha gi\u00e0 dimostrato la sua efficacia nel garantire la continuit\u00e0 delle competenze. In questo modo si evita di disperdere l&#8217;esperienza e si facilita l&#8217;integrazione delle nuove generazioni, rafforzando al contempo l&#8217;impegno e la cooptazione.  <\/p><h2 class=\"wp-block-heading\"><span class=\"ez-toc-section\" id=\"Impatto_della_piramide_delleta_sul_reclutamento_e_sulle_prestazioni_nelle_professioni_tecniche\"><\/span>Impatto della piramide dell&#8217;et\u00e0 sul reclutamento e sulle prestazioni nelle professioni tecniche<span class=\"ez-toc-section-end\"><\/span><\/h2><p>L&#8217;invecchiamento della forza lavoro sta mettendo sotto pressione la capacit\u00e0 di assunzione, esacerbando le tensioni esistenti nelle professioni tecniche dell&#8217;ingegneria. Ci\u00f2 \u00e8 particolarmente preoccupante nei settori in cui la percentuale di dipendenti anziani \u00e8 elevata. Le aziende devono anticipare questa situazione attraverso pratiche HR innovative e una gestione precisa degli indicatori legati al turnover e all&#8217;invecchiamento.  <\/p><p>Le conseguenze si vedono anche in termini di innovazione. Una piramide sbilanciata rallenta l&#8217;introduzione di nuove idee e l&#8217;adozione di tecnologie dirompenti. La trasmissione intergenerazionale delle competenze sta diventando una leva cruciale per superare questi ostacoli, basata in particolare su relazioni di mentoring strutturate ed eventi dedicati.  <\/p><h3 class=\"wp-block-heading\"><span class=\"ez-toc-section\" id=\"Ottimizzare_il_trasferimento_delle_conoscenze_per_garantire_continuita_e_competitivita\"><\/span>Ottimizzare il trasferimento delle conoscenze per garantire continuit\u00e0 e competitivit\u00e0<span class=\"ez-toc-section-end\"><\/span><\/h3><p>Il mantenimento del capitale di esperienza richiede l&#8217;implementazione di processi rigorosi che promuovano la memoria organizzativa. Le piattaforme dedicate permettono di industrializzare la gestione di profili, offerte ed eventi, garantendo al contempo un&#8217;adozione in linea con le esigenze dei decisori. <\/p><p>La creazione di coppie mentore-mentee, la condivisione di contenuti specialistici e l&#8217;organizzazione regolare di workshop contribuiscono a strutturare questa dinamica. I datori di lavoro e le organizzazioni di formazione hanno notato una significativa riduzione dei rischi associati all&#8217;abbandono dell&#8217;azienda da parte dei dipendenti senior, in particolare nel settore dell&#8217;ingegneria meccanica, e questo ha rafforzato i legami e il senso di appartenenza alla rete professionale. <\/p><p>Per saperne di pi\u00f9 su queste strategie e per sfruttare al meglio la tua rete, visita il sito <a href=\"https:\/\/www.alumni.space\/it\/piramide-delleta-una-sfida-sottovalutata-per-le-professioni-tecniche\/\">alumni.space<\/a> per scoprire le soluzioni di sviluppo della comunit\u00e0 adattate alla piramide dell&#8217;et\u00e0 nelle professioni tecniche. Questa leva \u00e8 fondamentale per anticipare la perdita di competenze dovuta al pensionamento e agire subito. <\/p><h2 class=\"wp-block-heading\"><span class=\"ez-toc-section\" id=\"Piramide_delle_eta_e_cambiamenti_nelle_professioni_dellingegneria_meccanica_anticipare_le_esigenze_future\"><\/span>Piramide delle et\u00e0 e cambiamenti nelle professioni dell&#8217;ingegneria meccanica: anticipare le esigenze future<span class=\"ez-toc-section-end\"><\/span><\/h2><p>I cambiamenti legati alla digitalizzazione, all&#8217;automazione e agli sviluppi normativi impongono un continuo adeguamento delle competenze. Le dinamiche demografiche complicano questo compito, poich\u00e9 la formazione professionale deve adattarsi a un&#8217;ampia gamma di profili, dai giovani che entrano nel mondo del lavoro ai tecnici senior. <\/p><p>Individuare le competenze chiave che scarseggiano, prevedere le esigenze di assunzione e costruire una politica di gestione lungimirante facilitata dagli strumenti digitali \u00e8 essenziale se vogliamo tenere il passo. Questo approccio fa parte di una visione globale, che deve includere le sfide demografiche della piramide delle et\u00e0. <\/p><p>Combinare l&#8217;azione sui giovani talenti, la formazione e lo sviluppo degli esperti esistenti \u00e8 una garanzia di performance e di mantenimento della sovranit\u00e0 industriale. Per saperne di pi\u00f9 su questo tema fondamentale, consulta le analisi lungimiranti disponibili sull&#8217;<a href=\"https:\/\/www.observatoire-metallurgie.fr\/tendances\/les-4-defis-majeurs\/rp-2292\">Observatoire de la M\u00e9tallurgie<\/a>. <\/p>","protected":false},"excerpt":{"rendered":"<p>La piramide delle et\u00e0 nell&#8217;ingegneria meccanica: una grande sfida demograficaIl  [&#8230;]<\/p>\n","protected":false},"author":1,"featured_media":5858,"comment_status":"closed","ping_status":"closed","sticky":false,"template":"","format":"standard","meta":{"_ayudawp_aiss_exclude":false,"footnotes":""},"categories":[65],"tags":[],"class_list":["post-5856","post","type-post","status-publish","format-standard","has-post-thumbnail","hentry","category-risorse-umane"],"yoast_head":"<!-- This site is optimized with the Yoast SEO plugin v27.4 - https:\/\/yoast.com\/product\/yoast-seo-wordpress\/ -->\n<title>Piramide dell&#039;et\u00e0: questioni fondamentali per l&#039;industria meccanica<\/title>\n<meta name=\"description\" content=\"Scopri come la piramide dell&#039;et\u00e0 sta influenzando le professioni dell&#039;ingegneria meccanica e le sfide associate alla pianificazione della successione e al reclutamento.\" \/>\n<meta name=\"robots\" content=\"index, follow, max-snippet:-1, max-image-preview:large, max-video-preview:-1\" \/>\n<link rel=\"canonical\" href=\"https:\/\/www.alumni.space\/it\/piramide-delleta-una-sfida-per-le-professioni-ingegneristiche\/\" \/>\n<meta property=\"og:locale\" content=\"it_IT\" \/>\n<meta property=\"og:type\" content=\"article\" \/>\n<meta property=\"og:title\" content=\"Piramide dell&#039;et\u00e0: questioni fondamentali per l&#039;industria meccanica\" \/>\n<meta property=\"og:description\" content=\"Scopri come la piramide dell&#039;et\u00e0 sta influenzando le professioni dell&#039;ingegneria meccanica e le sfide associate alla pianificazione della successione e al reclutamento.\" \/>\n<meta property=\"og:url\" content=\"https:\/\/www.alumni.space\/it\/piramide-delleta-una-sfida-per-le-professioni-ingegneristiche\/\" \/>\n<meta property=\"og:site_name\" content=\"Alumni.space\" \/>\n<meta property=\"article:published_time\" content=\"2025-04-27T11:22:37+00:00\" \/>\n<meta property=\"article:modified_time\" content=\"2026-03-28T10:48:17+00:00\" \/>\n<meta property=\"og:image\" content=\"https:\/\/www.alumni.space\/wp-content\/uploads\/2026\/03\/Pyramide-des-ages-un-defi-pour-les-metiers-de-la-mecanique.jpg\" \/>\n\t<meta property=\"og:image:width\" content=\"1280\" \/>\n\t<meta property=\"og:image:height\" content=\"768\" \/>\n\t<meta property=\"og:image:type\" content=\"image\/jpeg\" \/>\n<meta name=\"author\" content=\"admin\" \/>\n<meta name=\"twitter:card\" content=\"summary_large_image\" \/>\n<meta name=\"twitter:label1\" content=\"Scritto da\" \/>\n\t<meta name=\"twitter:data1\" content=\"admin\" \/>\n\t<meta name=\"twitter:label2\" content=\"Tempo di lettura stimato\" \/>\n\t<meta name=\"twitter:data2\" content=\"3 minuti\" \/>\n<script type=\"application\/ld+json\" class=\"yoast-schema-graph\">{\"@context\":\"https:\\\/\\\/schema.org\",\"@graph\":[{\"@type\":\"Article\",\"@id\":\"https:\\\/\\\/www.alumni.space\\\/it\\\/piramide-delleta-una-sfida-per-le-professioni-ingegneristiche\\\/#article\",\"isPartOf\":{\"@id\":\"https:\\\/\\\/www.alumni.space\\\/it\\\/piramide-delleta-una-sfida-per-le-professioni-ingegneristiche\\\/\"},\"author\":{\"name\":\"admin\",\"@id\":\"https:\\\/\\\/www.alumni.space\\\/it\\\/#\\\/schema\\\/person\\\/fede362a57876edda476a61f05ce5b15\"},\"headline\":\"Piramide dell&#8217;et\u00e0: una sfida per le professioni ingegneristiche\",\"datePublished\":\"2025-04-27T11:22:37+00:00\",\"dateModified\":\"2026-03-28T10:48:17+00:00\",\"mainEntityOfPage\":{\"@id\":\"https:\\\/\\\/www.alumni.space\\\/it\\\/piramide-delleta-una-sfida-per-le-professioni-ingegneristiche\\\/\"},\"wordCount\":701,\"image\":{\"@id\":\"https:\\\/\\\/www.alumni.space\\\/it\\\/piramide-delleta-una-sfida-per-le-professioni-ingegneristiche\\\/#primaryimage\"},\"thumbnailUrl\":\"https:\\\/\\\/www.alumni.space\\\/wp-content\\\/uploads\\\/2026\\\/03\\\/Pyramide-des-ages-un-defi-pour-les-metiers-de-la-mecanique.jpg\",\"articleSection\":[\"Risorse umane\"],\"inLanguage\":\"it-IT\"},{\"@type\":\"WebPage\",\"@id\":\"https:\\\/\\\/www.alumni.space\\\/it\\\/piramide-delleta-una-sfida-per-le-professioni-ingegneristiche\\\/\",\"url\":\"https:\\\/\\\/www.alumni.space\\\/it\\\/piramide-delleta-una-sfida-per-le-professioni-ingegneristiche\\\/\",\"name\":\"Piramide dell'et\u00e0: questioni fondamentali per l'industria meccanica\",\"isPartOf\":{\"@id\":\"https:\\\/\\\/www.alumni.space\\\/it\\\/#website\"},\"primaryImageOfPage\":{\"@id\":\"https:\\\/\\\/www.alumni.space\\\/it\\\/piramide-delleta-una-sfida-per-le-professioni-ingegneristiche\\\/#primaryimage\"},\"image\":{\"@id\":\"https:\\\/\\\/www.alumni.space\\\/it\\\/piramide-delleta-una-sfida-per-le-professioni-ingegneristiche\\\/#primaryimage\"},\"thumbnailUrl\":\"https:\\\/\\\/www.alumni.space\\\/wp-content\\\/uploads\\\/2026\\\/03\\\/Pyramide-des-ages-un-defi-pour-les-metiers-de-la-mecanique.jpg\",\"datePublished\":\"2025-04-27T11:22:37+00:00\",\"dateModified\":\"2026-03-28T10:48:17+00:00\",\"author\":{\"@id\":\"https:\\\/\\\/www.alumni.space\\\/it\\\/#\\\/schema\\\/person\\\/fede362a57876edda476a61f05ce5b15\"},\"description\":\"Scopri come la piramide dell'et\u00e0 sta influenzando le professioni dell'ingegneria meccanica e le sfide associate alla pianificazione della successione e al reclutamento.\",\"breadcrumb\":{\"@id\":\"https:\\\/\\\/www.alumni.space\\\/it\\\/piramide-delleta-una-sfida-per-le-professioni-ingegneristiche\\\/#breadcrumb\"},\"inLanguage\":\"it-IT\",\"potentialAction\":[{\"@type\":\"ReadAction\",\"target\":[\"https:\\\/\\\/www.alumni.space\\\/it\\\/piramide-delleta-una-sfida-per-le-professioni-ingegneristiche\\\/\"]}]},{\"@type\":\"ImageObject\",\"inLanguage\":\"it-IT\",\"@id\":\"https:\\\/\\\/www.alumni.space\\\/it\\\/piramide-delleta-una-sfida-per-le-professioni-ingegneristiche\\\/#primaryimage\",\"url\":\"https:\\\/\\\/www.alumni.space\\\/wp-content\\\/uploads\\\/2026\\\/03\\\/Pyramide-des-ages-un-defi-pour-les-metiers-de-la-mecanique.jpg\",\"contentUrl\":\"https:\\\/\\\/www.alumni.space\\\/wp-content\\\/uploads\\\/2026\\\/03\\\/Pyramide-des-ages-un-defi-pour-les-metiers-de-la-mecanique.jpg\",\"width\":1280,\"height\":768,\"caption\":\"Scopri come la piramide dell'et\u00e0 sta influenzando le professioni dell'ingegneria meccanica e le sfide che comporta il rinnovo delle competenze in questo settore in rapida evoluzione.\"},{\"@type\":\"BreadcrumbList\",\"@id\":\"https:\\\/\\\/www.alumni.space\\\/it\\\/piramide-delleta-una-sfida-per-le-professioni-ingegneristiche\\\/#breadcrumb\",\"itemListElement\":[{\"@type\":\"ListItem\",\"position\":1,\"name\":\"Home\",\"item\":\"https:\\\/\\\/www.alumni.space\\\/it\\\/piattaforma-di-mentoring-e-di-gestione-degli-alumni\\\/\"},{\"@type\":\"ListItem\",\"position\":2,\"name\":\"Piramide dell&rsquo;et\u00e0: una sfida per le professioni ingegneristiche\"}]},{\"@type\":\"WebSite\",\"@id\":\"https:\\\/\\\/www.alumni.space\\\/it\\\/#website\",\"url\":\"https:\\\/\\\/www.alumni.space\\\/it\\\/\",\"name\":\"Alumni.space\",\"description\":\"My WordPress Blog\",\"potentialAction\":[{\"@type\":\"SearchAction\",\"target\":{\"@type\":\"EntryPoint\",\"urlTemplate\":\"https:\\\/\\\/www.alumni.space\\\/it\\\/?s={search_term_string}\"},\"query-input\":{\"@type\":\"PropertyValueSpecification\",\"valueRequired\":true,\"valueName\":\"search_term_string\"}}],\"inLanguage\":\"it-IT\"},{\"@type\":\"Person\",\"@id\":\"https:\\\/\\\/www.alumni.space\\\/it\\\/#\\\/schema\\\/person\\\/fede362a57876edda476a61f05ce5b15\",\"name\":\"admin\",\"image\":{\"@type\":\"ImageObject\",\"inLanguage\":\"it-IT\",\"@id\":\"https:\\\/\\\/secure.gravatar.com\\\/avatar\\\/318e234ae94f90d4d629428d6b983c08e31181c28f579e08a021180d759ea651?s=96&d=mm&r=g\",\"url\":\"https:\\\/\\\/secure.gravatar.com\\\/avatar\\\/318e234ae94f90d4d629428d6b983c08e31181c28f579e08a021180d759ea651?s=96&d=mm&r=g\",\"contentUrl\":\"https:\\\/\\\/secure.gravatar.com\\\/avatar\\\/318e234ae94f90d4d629428d6b983c08e31181c28f579e08a021180d759ea651?s=96&d=mm&r=g\",\"caption\":\"admin\"},\"description\":\"Nicolas Laustriat a construit sa sp\u00e9cialit\u00e9 sur un sujet que beaucoup d\u2019organisations d\u00e9couvrent trop tard : ce qui dispara\u00eet quand les gens partent. Dipl\u00f4m\u00e9 en conception de produit industriel, il bifurque vers le digital fin 1996, il couvre les transformations marques, RH, la fid\u00e9lisation, la marque employeur. Sur le terrain, il rep\u00e8re un angle mort r\u00e9current : l\u2019entreprise investit dans le recrutement, la formation, les process\u2026 puis laisse filer le lien au moment du d\u00e9part, avec une perte de savoir et d\u2019influence qui se paie en silence. Il se sp\u00e9cialise alors sur les communaut\u00e9s d\u2019alumni, le mentorat, l\u2019entraide interg\u00e9n\u00e9rationnelle et la transmission d\u2019expertise. Il passe du \u201cconstat\u201d aux m\u00e9thodes : animation, gouvernance, segmentation, rituels, mesure d\u2019engagement, articulation avec la RSE et l\u2019employabilit\u00e9. Il interviewe DRH, responsables formation, directions d\u2019\u00e9coles, associations et fondations, avec une obsession : transformer un r\u00e9seau dormant en m\u00e9canisme utile (cooptation, mentorat, job board, entraide, \u00e9v\u00e9nements, contenus). Son style : direct, orient\u00e9 action, sans folklore. Sa conviction : une communaut\u00e9 n\u2019a pas besoin de bruit, elle a besoin de raisons de revenir.\",\"sameAs\":[\"https:\\\/\\\/www.alumni.space\"]}]}<\/script>\n<!-- \/ Yoast SEO plugin. -->","yoast_head_json":{"title":"Piramide dell'et\u00e0: questioni fondamentali per l'industria meccanica","description":"Scopri come la piramide dell'et\u00e0 sta influenzando le professioni dell'ingegneria meccanica e le sfide associate alla pianificazione della successione e al reclutamento.","robots":{"index":"index","follow":"follow","max-snippet":"max-snippet:-1","max-image-preview":"max-image-preview:large","max-video-preview":"max-video-preview:-1"},"canonical":"https:\/\/www.alumni.space\/it\/piramide-delleta-una-sfida-per-le-professioni-ingegneristiche\/","og_locale":"it_IT","og_type":"article","og_title":"Piramide dell'et\u00e0: questioni fondamentali per l'industria meccanica","og_description":"Scopri come la piramide dell'et\u00e0 sta influenzando le professioni dell'ingegneria meccanica e le sfide associate alla pianificazione della successione e al reclutamento.","og_url":"https:\/\/www.alumni.space\/it\/piramide-delleta-una-sfida-per-le-professioni-ingegneristiche\/","og_site_name":"Alumni.space","article_published_time":"2025-04-27T11:22:37+00:00","article_modified_time":"2026-03-28T10:48:17+00:00","og_image":[{"width":1280,"height":768,"url":"https:\/\/www.alumni.space\/wp-content\/uploads\/2026\/03\/Pyramide-des-ages-un-defi-pour-les-metiers-de-la-mecanique.jpg","type":"image\/jpeg"}],"author":"admin","twitter_card":"summary_large_image","twitter_misc":{"Scritto da":"admin","Tempo di lettura stimato":"3 minuti"},"schema":{"@context":"https:\/\/schema.org","@graph":[{"@type":"Article","@id":"https:\/\/www.alumni.space\/it\/piramide-delleta-una-sfida-per-le-professioni-ingegneristiche\/#article","isPartOf":{"@id":"https:\/\/www.alumni.space\/it\/piramide-delleta-una-sfida-per-le-professioni-ingegneristiche\/"},"author":{"name":"admin","@id":"https:\/\/www.alumni.space\/it\/#\/schema\/person\/fede362a57876edda476a61f05ce5b15"},"headline":"Piramide dell&#8217;et\u00e0: una sfida per le professioni ingegneristiche","datePublished":"2025-04-27T11:22:37+00:00","dateModified":"2026-03-28T10:48:17+00:00","mainEntityOfPage":{"@id":"https:\/\/www.alumni.space\/it\/piramide-delleta-una-sfida-per-le-professioni-ingegneristiche\/"},"wordCount":701,"image":{"@id":"https:\/\/www.alumni.space\/it\/piramide-delleta-una-sfida-per-le-professioni-ingegneristiche\/#primaryimage"},"thumbnailUrl":"https:\/\/www.alumni.space\/wp-content\/uploads\/2026\/03\/Pyramide-des-ages-un-defi-pour-les-metiers-de-la-mecanique.jpg","articleSection":["Risorse umane"],"inLanguage":"it-IT"},{"@type":"WebPage","@id":"https:\/\/www.alumni.space\/it\/piramide-delleta-una-sfida-per-le-professioni-ingegneristiche\/","url":"https:\/\/www.alumni.space\/it\/piramide-delleta-una-sfida-per-le-professioni-ingegneristiche\/","name":"Piramide dell'et\u00e0: questioni fondamentali per l'industria meccanica","isPartOf":{"@id":"https:\/\/www.alumni.space\/it\/#website"},"primaryImageOfPage":{"@id":"https:\/\/www.alumni.space\/it\/piramide-delleta-una-sfida-per-le-professioni-ingegneristiche\/#primaryimage"},"image":{"@id":"https:\/\/www.alumni.space\/it\/piramide-delleta-una-sfida-per-le-professioni-ingegneristiche\/#primaryimage"},"thumbnailUrl":"https:\/\/www.alumni.space\/wp-content\/uploads\/2026\/03\/Pyramide-des-ages-un-defi-pour-les-metiers-de-la-mecanique.jpg","datePublished":"2025-04-27T11:22:37+00:00","dateModified":"2026-03-28T10:48:17+00:00","author":{"@id":"https:\/\/www.alumni.space\/it\/#\/schema\/person\/fede362a57876edda476a61f05ce5b15"},"description":"Scopri come la piramide dell'et\u00e0 sta influenzando le professioni dell'ingegneria meccanica e le sfide associate alla pianificazione della successione e al reclutamento.","breadcrumb":{"@id":"https:\/\/www.alumni.space\/it\/piramide-delleta-una-sfida-per-le-professioni-ingegneristiche\/#breadcrumb"},"inLanguage":"it-IT","potentialAction":[{"@type":"ReadAction","target":["https:\/\/www.alumni.space\/it\/piramide-delleta-una-sfida-per-le-professioni-ingegneristiche\/"]}]},{"@type":"ImageObject","inLanguage":"it-IT","@id":"https:\/\/www.alumni.space\/it\/piramide-delleta-una-sfida-per-le-professioni-ingegneristiche\/#primaryimage","url":"https:\/\/www.alumni.space\/wp-content\/uploads\/2026\/03\/Pyramide-des-ages-un-defi-pour-les-metiers-de-la-mecanique.jpg","contentUrl":"https:\/\/www.alumni.space\/wp-content\/uploads\/2026\/03\/Pyramide-des-ages-un-defi-pour-les-metiers-de-la-mecanique.jpg","width":1280,"height":768,"caption":"Scopri come la piramide dell'et\u00e0 sta influenzando le professioni dell'ingegneria meccanica e le sfide che comporta il rinnovo delle competenze in questo settore in rapida evoluzione."},{"@type":"BreadcrumbList","@id":"https:\/\/www.alumni.space\/it\/piramide-delleta-una-sfida-per-le-professioni-ingegneristiche\/#breadcrumb","itemListElement":[{"@type":"ListItem","position":1,"name":"Home","item":"https:\/\/www.alumni.space\/it\/piattaforma-di-mentoring-e-di-gestione-degli-alumni\/"},{"@type":"ListItem","position":2,"name":"Piramide dell&rsquo;et\u00e0: una sfida per le professioni ingegneristiche"}]},{"@type":"WebSite","@id":"https:\/\/www.alumni.space\/it\/#website","url":"https:\/\/www.alumni.space\/it\/","name":"Alumni.space","description":"My WordPress Blog","potentialAction":[{"@type":"SearchAction","target":{"@type":"EntryPoint","urlTemplate":"https:\/\/www.alumni.space\/it\/?s={search_term_string}"},"query-input":{"@type":"PropertyValueSpecification","valueRequired":true,"valueName":"search_term_string"}}],"inLanguage":"it-IT"},{"@type":"Person","@id":"https:\/\/www.alumni.space\/it\/#\/schema\/person\/fede362a57876edda476a61f05ce5b15","name":"admin","image":{"@type":"ImageObject","inLanguage":"it-IT","@id":"https:\/\/secure.gravatar.com\/avatar\/318e234ae94f90d4d629428d6b983c08e31181c28f579e08a021180d759ea651?s=96&d=mm&r=g","url":"https:\/\/secure.gravatar.com\/avatar\/318e234ae94f90d4d629428d6b983c08e31181c28f579e08a021180d759ea651?s=96&d=mm&r=g","contentUrl":"https:\/\/secure.gravatar.com\/avatar\/318e234ae94f90d4d629428d6b983c08e31181c28f579e08a021180d759ea651?s=96&d=mm&r=g","caption":"admin"},"description":"Nicolas Laustriat a construit sa sp\u00e9cialit\u00e9 sur un sujet que beaucoup d\u2019organisations d\u00e9couvrent trop tard : ce qui dispara\u00eet quand les gens partent. Dipl\u00f4m\u00e9 en conception de produit industriel, il bifurque vers le digital fin 1996, il couvre les transformations marques, RH, la fid\u00e9lisation, la marque employeur. Sur le terrain, il rep\u00e8re un angle mort r\u00e9current : l\u2019entreprise investit dans le recrutement, la formation, les process\u2026 puis laisse filer le lien au moment du d\u00e9part, avec une perte de savoir et d\u2019influence qui se paie en silence. Il se sp\u00e9cialise alors sur les communaut\u00e9s d\u2019alumni, le mentorat, l\u2019entraide interg\u00e9n\u00e9rationnelle et la transmission d\u2019expertise. Il passe du \u201cconstat\u201d aux m\u00e9thodes : animation, gouvernance, segmentation, rituels, mesure d\u2019engagement, articulation avec la RSE et l\u2019employabilit\u00e9. Il interviewe DRH, responsables formation, directions d\u2019\u00e9coles, associations et fondations, avec une obsession : transformer un r\u00e9seau dormant en m\u00e9canisme utile (cooptation, mentorat, job board, entraide, \u00e9v\u00e9nements, contenus). Son style : direct, orient\u00e9 action, sans folklore. Sa conviction : une communaut\u00e9 n\u2019a pas besoin de bruit, elle a besoin de raisons de revenir.","sameAs":["https:\/\/www.alumni.space"]}]}},"_links":{"self":[{"href":"https:\/\/www.alumni.space\/it\/wp-json\/wp\/v2\/posts\/5856","targetHints":{"allow":["GET"]}}],"collection":[{"href":"https:\/\/www.alumni.space\/it\/wp-json\/wp\/v2\/posts"}],"about":[{"href":"https:\/\/www.alumni.space\/it\/wp-json\/wp\/v2\/types\/post"}],"author":[{"embeddable":true,"href":"https:\/\/www.alumni.space\/it\/wp-json\/wp\/v2\/users\/1"}],"replies":[{"embeddable":true,"href":"https:\/\/www.alumni.space\/it\/wp-json\/wp\/v2\/comments?post=5856"}],"version-history":[{"count":1,"href":"https:\/\/www.alumni.space\/it\/wp-json\/wp\/v2\/posts\/5856\/revisions"}],"predecessor-version":[{"id":5860,"href":"https:\/\/www.alumni.space\/it\/wp-json\/wp\/v2\/posts\/5856\/revisions\/5860"}],"wp:featuredmedia":[{"embeddable":true,"href":"https:\/\/www.alumni.space\/it\/wp-json\/wp\/v2\/media\/5858"}],"wp:attachment":[{"href":"https:\/\/www.alumni.space\/it\/wp-json\/wp\/v2\/media?parent=5856"}],"wp:term":[{"taxonomy":"category","embeddable":true,"href":"https:\/\/www.alumni.space\/it\/wp-json\/wp\/v2\/categories?post=5856"},{"taxonomy":"post_tag","embeddable":true,"href":"https:\/\/www.alumni.space\/it\/wp-json\/wp\/v2\/tags?post=5856"}],"curies":[{"name":"wp","href":"https:\/\/api.w.org\/{rel}","templated":true}]}}