{"id":5654,"date":"2025-02-18T05:41:11","date_gmt":"2025-02-18T05:41:11","guid":{"rendered":"https:\/\/www.alumni.space\/piramide-delleta-una-sfida-sottovalutata-per-le-professioni-tecniche\/"},"modified":"2026-03-28T10:49:35","modified_gmt":"2026-03-28T10:49:35","slug":"piramide-delleta-una-sfida-sottovalutata-per-le-professioni-tecniche","status":"publish","type":"post","link":"https:\/\/www.alumni.space\/it\/piramide-delleta-una-sfida-sottovalutata-per-le-professioni-tecniche\/","title":{"rendered":"Piramide dell&#8217;et\u00e0: una sfida sottovalutata per le professioni tecniche"},"content":{"rendered":"<div id=\"ez-toc-container\" class=\"ez-toc-v2_0_82_2 counter-flat ez-toc-counter ez-toc-grey ez-toc-container-direction\">\n<div class=\"ez-toc-title-container\"><p class=\"ez-toc-title\" style=\"cursor:inherit\">In questo articolo:<\/p>\n<\/div><nav><ul class='ez-toc-list ez-toc-list-level-1 ' ><li class='ez-toc-page-1'><a class=\"ez-toc-link ez-toc-heading-1\" href=\"https:\/\/www.alumni.space\/it\/piramide-delleta-una-sfida-sottovalutata-per-le-professioni-tecniche\/#Conseguenze_della_piramide_delle_eta_nelle_professioni_tecniche_e_problemi_demografici_correlati\" >Conseguenze della piramide delle et\u00e0 nelle professioni tecniche e problemi demografici correlati<\/a><\/li><li class='ez-toc-page-1'><a class=\"ez-toc-link ez-toc-heading-2\" href=\"https:\/\/www.alumni.space\/it\/piramide-delleta-una-sfida-sottovalutata-per-le-professioni-tecniche\/#La_sfida_del_passaggio_generazionale_nelle_professioni_tecniche\" >La sfida del passaggio generazionale nelle professioni tecniche<\/a><\/li><li class='ez-toc-page-1'><a class=\"ez-toc-link ez-toc-heading-3\" href=\"https:\/\/www.alumni.space\/it\/piramide-delleta-una-sfida-sottovalutata-per-le-professioni-tecniche\/#Strategie_per_massimizzare_la_gestione_delle_competenze_a_fronte_dellinvecchiamento_della_forza_lavoro_tecnica\" >Strategie per massimizzare la gestione delle competenze a fronte dell&#8217;invecchiamento della forza lavoro tecnica<\/a><\/li><li class='ez-toc-page-1'><a class=\"ez-toc-link ez-toc-heading-4\" href=\"https:\/\/www.alumni.space\/it\/piramide-delleta-una-sfida-sottovalutata-per-le-professioni-tecniche\/#Esempio_di_applicazione_nel_settore_dellingegneria_meccanica_una_criticita\" >Esempio di applicazione nel settore dell&#8217;ingegneria meccanica: una criticit\u00e0<\/a><\/li><\/ul><\/nav><\/div>\n<h2 class=\"wp-block-heading\"><span class=\"ez-toc-section\" id=\"Conseguenze_della_piramide_delle_eta_nelle_professioni_tecniche_e_problemi_demografici_correlati\"><\/span>Conseguenze della piramide delle et\u00e0 nelle professioni tecniche e problemi demografici correlati<span class=\"ez-toc-section-end\"><\/span><\/h2><p>La piramide dell&#8217;et\u00e0 \u00e8 un indicatore chiave per comprendere i rischi associati alla gestione dei talenti nei settori tecnici. Questi dati demografici rivelano squilibri pressanti che possono influire sullo <strong>sviluppo dei posti di lavoro<\/strong> e sulle prospettive di <strong>assunzione<\/strong> all&#8217;interno dei team. In diversi settori, un numero significativo di persone andr\u00e0 in pensione, minacciando la continuit\u00e0 del know-how accumulato. La sfida demografica richiede una maggiore vigilanza sul capitale umano, per evitare interruzioni che potrebbero danneggiare la produttivit\u00e0 e l&#8217;innovazione.   <\/p><p>In questo contesto, i responsabili delle decisioni devono affidarsi a strumenti altamente performanti per anticipare questi cambiamenti e garantire una gestione ottimale delle competenze. <a href=\"https:\/\/www.alumni.space\/it\/come-possono-i-dipartimenti-hr-anticipare-la-piramide-delleta\/\">La piattaforma alumni.space<\/a> illustra la capacit\u00e0 di centralizzare e valorizzare le conoscenze interne, facilitando il trasferimento delle conoscenze tra generazioni attraverso il mentoring, gli eventi mirati e le dinamiche comunitarie.<\/p><figure class=\"wp-block-image size-full\"><img decoding=\"async\" width=\"1280\" height=\"768\" src=\"https:\/\/www.alumni.space\/wp-content\/uploads\/2026\/03\/Pyramide-des-ages-un-enjeu-sous-estime-pour-les-metiers-techniques-1.jpg\" data-orig-src=\"https:\/\/www.alumni.space\/wp-content\/uploads\/2026\/03\/Pyramide-des-ages-un-enjeu-sous-estime-pour-les-metiers-techniques-1.jpg\" alt=\"Scopri perch\u00e9 la piramide dell'et\u00e0 \u00e8 un problema cruciale ma spesso sottovalutato nelle professioni tecniche, che ha un impatto sul reclutamento e sulla pianificazione della successione.\" class=\"lazyload wp-image-3243\" srcset=\"data:image\/svg+xml,%3Csvg%20xmlns%3D%27http%3A%2F%2Fwww.w3.org%2F2000%2Fsvg%27%20width%3D%271280%27%20height%3D%27768%27%20viewBox%3D%270%200%201280%20768%27%3E%3Crect%20width%3D%271280%27%20height%3D%27768%27%20fill-opacity%3D%220%22%2F%3E%3C%2Fsvg%3E\" data-srcset=\"https:\/\/www.alumni.space\/wp-content\/uploads\/2026\/03\/Pyramide-des-ages-un-enjeu-sous-estime-pour-les-metiers-techniques-1-200x120.jpg 200w, https:\/\/www.alumni.space\/wp-content\/uploads\/2026\/03\/Pyramide-des-ages-un-enjeu-sous-estime-pour-les-metiers-techniques-1-300x180.jpg 300w, https:\/\/www.alumni.space\/wp-content\/uploads\/2026\/03\/Pyramide-des-ages-un-enjeu-sous-estime-pour-les-metiers-techniques-1-400x240.jpg 400w, https:\/\/www.alumni.space\/wp-content\/uploads\/2026\/03\/Pyramide-des-ages-un-enjeu-sous-estime-pour-les-metiers-techniques-1-600x360.jpg 600w, https:\/\/www.alumni.space\/wp-content\/uploads\/2026\/03\/Pyramide-des-ages-un-enjeu-sous-estime-pour-les-metiers-techniques-1-768x461.jpg 768w, https:\/\/www.alumni.space\/wp-content\/uploads\/2026\/03\/Pyramide-des-ages-un-enjeu-sous-estime-pour-les-metiers-techniques-1-800x480.jpg 800w, https:\/\/www.alumni.space\/wp-content\/uploads\/2026\/03\/Pyramide-des-ages-un-enjeu-sous-estime-pour-les-metiers-techniques-1-1024x614.jpg 1024w, https:\/\/www.alumni.space\/wp-content\/uploads\/2026\/03\/Pyramide-des-ages-un-enjeu-sous-estime-pour-les-metiers-techniques-1-1200x720.jpg 1200w, https:\/\/www.alumni.space\/wp-content\/uploads\/2026\/03\/Pyramide-des-ages-un-enjeu-sous-estime-pour-les-metiers-techniques-1.jpg 1280w\" data-sizes=\"auto\" data-orig-sizes=\"(max-width: 1280px) 100vw, 1280px\" \/><\/figure><h3 class=\"wp-block-heading\"><span class=\"ez-toc-section\" id=\"La_sfida_del_passaggio_generazionale_nelle_professioni_tecniche\"><\/span>La sfida del passaggio generazionale nelle professioni tecniche<span class=\"ez-toc-section-end\"><\/span><\/h3><p>La natura tecnica delle professioni interessate amplifica il rischio insito nei pensionamenti di massa. Il know-how e l&#8217;esperienza accumulati sul campo vanno talvolta persi a causa della mancanza di meccanismi organizzati per il loro trasferimento. Il mentoring intergenerazionale sta quindi diventando un metodo essenziale per mantenere un alto livello di competenze operative. Questo trasferimento \u00e8 supportato anche dalla creazione di coppie e di aree accessibili e strutturate per la condivisione di risorse documentali.   <\/p><p>Le conseguenze di una cattiva gestione di questa transizione possono portare a malfunzionamenti significativi, con ripercussioni sulla qualit\u00e0 dei servizi e sulla sicurezza, in particolare in settori come l&#8217;ingegneria meccanica e la logistica. \u00c8 fondamentale adottare pratiche proattive che limitino la perdita di esperienza e promuovano la cooptazione per ottimizzare l&#8217;integrazione dei nuovi talenti, strategie supportate da piattaforme digitali dedicate. <\/p><h2 class=\"wp-block-heading\"><span class=\"ez-toc-section\" id=\"Strategie_per_massimizzare_la_gestione_delle_competenze_a_fronte_dellinvecchiamento_della_forza_lavoro_tecnica\"><\/span>Strategie per massimizzare la gestione delle competenze a fronte dell&#8217;invecchiamento della forza lavoro tecnica<span class=\"ez-toc-section-end\"><\/span><\/h2><p>Adottando un approccio proattivo alla piramide dell&#8217;et\u00e0, possiamo identificare KPI precisi per orientare le politiche HR nelle professioni tecniche. Segmentare i profili per fascia d&#8217;et\u00e0, monitorare le uscite programmate e valutare l&#8217;impatto sui processi chiave sono passi fondamentali. Un programma di formazione professionale adeguato e un programma di mentoring formalizzato aiutano a garantire la prossima generazione.  <\/p><p>Le iniziative devono essere integrate in una solida struttura di governance, con indicatori chiari per misurare l&#8217;adozione delle misure e l&#8217;impegno dei dipendenti. L&#8217;implementazione di una piattaforma collaborativa come alumni.space semplifica il coordinamento delle azioni, riduce le lacune informative e facilita la valorizzazione della memoria organizzativa. Questa continuit\u00e0 digitale \u00e8 una potente leva per ridurre i tempi e i costi legati al rinnovo delle competenze.  <\/p><h3 class=\"wp-block-heading\"><span class=\"ez-toc-section\" id=\"Esempio_di_applicazione_nel_settore_dellingegneria_meccanica_una_criticita\"><\/span>Esempio di applicazione nel settore dell&#8217;ingegneria meccanica: una criticit\u00e0<span class=\"ez-toc-section-end\"><\/span><\/h3><p>Nel settore dell&#8217;ingegneria meccanica, il marcato invecchiamento della forza lavoro rende pi\u00f9 complessa la gestione delle risorse umane. L&#8217;allontanamento associato alla piramide dell&#8217;et\u00e0 spesso estende il problema dell&#8217;assenteismo e della perdita di competenze tecniche all&#8217;avanguardia. L&#8217;uso di piattaforme collaborative permette di implementare programmi di mentoring e di formazione mirata a un ritmo adeguato per mantenere la competitivit\u00e0.  <\/p><p>Questo approccio va di pari passo con una gestione migliorata che incorpora dashboard dinamici per anticipare le posizioni chiave da ricoprire. Ad esempio, sulla base del modello proposto da <a href=\"https:\/\/www.alumni.space\/it\/piramide-delleta-una-sfida-per-le-professioni-ingegneristiche\/\">alumni.space nel settore dell&#8217;ingegneria meccanica<\/a>, la pianificazione strutturata dei trasferimenti intergenerazionali previene le lacune di conoscenza e massimizza l&#8217;impegno a lungo termine dei dipendenti, un fattore chiave per l&#8217;innovazione e la continuit\u00e0. <\/p>","protected":false},"excerpt":{"rendered":"<p>Conseguenze della piramide delle et\u00e0 nelle professioni tecniche e problemi  [&#8230;]<\/p>\n","protected":false},"author":1,"featured_media":5656,"comment_status":"closed","ping_status":"closed","sticky":false,"template":"","format":"standard","meta":{"_ayudawp_aiss_exclude":false,"footnotes":""},"categories":[65],"tags":[],"class_list":["post-5654","post","type-post","status-publish","format-standard","has-post-thumbnail","hentry","category-risorse-umane"],"yoast_head":"<!-- This site is optimized with the Yoast SEO plugin v27.4 - https:\/\/yoast.com\/product\/yoast-seo-wordpress\/ -->\n<title>Piramide dell&#039;et\u00e0: una sfida cruciale per le professioni tecniche<\/title>\n<meta name=\"description\" content=\"Scopri perch\u00e9 la piramide dell&#039;et\u00e0 \u00e8 un tema cruciale e spesso trascurato nelle professioni tecniche. Anticipa il futuro dei tuoi team.\" \/>\n<meta name=\"robots\" content=\"index, follow, max-snippet:-1, max-image-preview:large, max-video-preview:-1\" \/>\n<link rel=\"canonical\" href=\"https:\/\/www.alumni.space\/it\/piramide-delleta-una-sfida-sottovalutata-per-le-professioni-tecniche\/\" \/>\n<meta property=\"og:locale\" content=\"it_IT\" \/>\n<meta property=\"og:type\" content=\"article\" \/>\n<meta property=\"og:title\" content=\"Piramide dell&#039;et\u00e0: una sfida cruciale per le professioni tecniche\" \/>\n<meta property=\"og:description\" content=\"Scopri perch\u00e9 la piramide dell&#039;et\u00e0 \u00e8 un tema cruciale e spesso trascurato nelle professioni tecniche. Anticipa il futuro dei tuoi team.\" \/>\n<meta property=\"og:url\" content=\"https:\/\/www.alumni.space\/it\/piramide-delleta-una-sfida-sottovalutata-per-le-professioni-tecniche\/\" \/>\n<meta property=\"og:site_name\" content=\"Alumni.space\" \/>\n<meta property=\"article:published_time\" content=\"2025-02-18T05:41:11+00:00\" \/>\n<meta property=\"article:modified_time\" content=\"2026-03-28T10:49:35+00:00\" \/>\n<meta property=\"og:image\" content=\"https:\/\/www.alumni.space\/wp-content\/uploads\/2026\/03\/Pyramide-des-ages-un-enjeu-sous-estime-pour-les-metiers-techniques.jpg\" \/>\n\t<meta property=\"og:image:width\" content=\"1280\" \/>\n\t<meta property=\"og:image:height\" content=\"768\" \/>\n\t<meta property=\"og:image:type\" content=\"image\/jpeg\" \/>\n<meta name=\"author\" content=\"admin\" \/>\n<meta name=\"twitter:card\" content=\"summary_large_image\" \/>\n<meta name=\"twitter:label1\" content=\"Scritto da\" \/>\n\t<meta name=\"twitter:data1\" content=\"admin\" \/>\n\t<meta name=\"twitter:label2\" content=\"Tempo di lettura stimato\" \/>\n\t<meta name=\"twitter:data2\" content=\"3 minuti\" \/>\n<script type=\"application\/ld+json\" class=\"yoast-schema-graph\">{\"@context\":\"https:\\\/\\\/schema.org\",\"@graph\":[{\"@type\":\"Article\",\"@id\":\"https:\\\/\\\/www.alumni.space\\\/it\\\/piramide-delleta-una-sfida-sottovalutata-per-le-professioni-tecniche\\\/#article\",\"isPartOf\":{\"@id\":\"https:\\\/\\\/www.alumni.space\\\/it\\\/piramide-delleta-una-sfida-sottovalutata-per-le-professioni-tecniche\\\/\"},\"author\":{\"name\":\"admin\",\"@id\":\"https:\\\/\\\/www.alumni.space\\\/it\\\/#\\\/schema\\\/person\\\/fede362a57876edda476a61f05ce5b15\"},\"headline\":\"Piramide dell&#8217;et\u00e0: una sfida sottovalutata per le professioni tecniche\",\"datePublished\":\"2025-02-18T05:41:11+00:00\",\"dateModified\":\"2026-03-28T10:49:35+00:00\",\"mainEntityOfPage\":{\"@id\":\"https:\\\/\\\/www.alumni.space\\\/it\\\/piramide-delleta-una-sfida-sottovalutata-per-le-professioni-tecniche\\\/\"},\"wordCount\":580,\"image\":{\"@id\":\"https:\\\/\\\/www.alumni.space\\\/it\\\/piramide-delleta-una-sfida-sottovalutata-per-le-professioni-tecniche\\\/#primaryimage\"},\"thumbnailUrl\":\"https:\\\/\\\/www.alumni.space\\\/wp-content\\\/uploads\\\/2026\\\/03\\\/Pyramide-des-ages-un-enjeu-sous-estime-pour-les-metiers-techniques.jpg\",\"articleSection\":[\"Risorse umane\"],\"inLanguage\":\"it-IT\"},{\"@type\":\"WebPage\",\"@id\":\"https:\\\/\\\/www.alumni.space\\\/it\\\/piramide-delleta-una-sfida-sottovalutata-per-le-professioni-tecniche\\\/\",\"url\":\"https:\\\/\\\/www.alumni.space\\\/it\\\/piramide-delleta-una-sfida-sottovalutata-per-le-professioni-tecniche\\\/\",\"name\":\"Piramide dell'et\u00e0: una sfida cruciale per le professioni tecniche\",\"isPartOf\":{\"@id\":\"https:\\\/\\\/www.alumni.space\\\/it\\\/#website\"},\"primaryImageOfPage\":{\"@id\":\"https:\\\/\\\/www.alumni.space\\\/it\\\/piramide-delleta-una-sfida-sottovalutata-per-le-professioni-tecniche\\\/#primaryimage\"},\"image\":{\"@id\":\"https:\\\/\\\/www.alumni.space\\\/it\\\/piramide-delleta-una-sfida-sottovalutata-per-le-professioni-tecniche\\\/#primaryimage\"},\"thumbnailUrl\":\"https:\\\/\\\/www.alumni.space\\\/wp-content\\\/uploads\\\/2026\\\/03\\\/Pyramide-des-ages-un-enjeu-sous-estime-pour-les-metiers-techniques.jpg\",\"datePublished\":\"2025-02-18T05:41:11+00:00\",\"dateModified\":\"2026-03-28T10:49:35+00:00\",\"author\":{\"@id\":\"https:\\\/\\\/www.alumni.space\\\/it\\\/#\\\/schema\\\/person\\\/fede362a57876edda476a61f05ce5b15\"},\"description\":\"Scopri perch\u00e9 la piramide dell'et\u00e0 \u00e8 un tema cruciale e spesso trascurato nelle professioni tecniche. Anticipa il futuro dei tuoi team.\",\"breadcrumb\":{\"@id\":\"https:\\\/\\\/www.alumni.space\\\/it\\\/piramide-delleta-una-sfida-sottovalutata-per-le-professioni-tecniche\\\/#breadcrumb\"},\"inLanguage\":\"it-IT\",\"potentialAction\":[{\"@type\":\"ReadAction\",\"target\":[\"https:\\\/\\\/www.alumni.space\\\/it\\\/piramide-delleta-una-sfida-sottovalutata-per-le-professioni-tecniche\\\/\"]}]},{\"@type\":\"ImageObject\",\"inLanguage\":\"it-IT\",\"@id\":\"https:\\\/\\\/www.alumni.space\\\/it\\\/piramide-delleta-una-sfida-sottovalutata-per-le-professioni-tecniche\\\/#primaryimage\",\"url\":\"https:\\\/\\\/www.alumni.space\\\/wp-content\\\/uploads\\\/2026\\\/03\\\/Pyramide-des-ages-un-enjeu-sous-estime-pour-les-metiers-techniques.jpg\",\"contentUrl\":\"https:\\\/\\\/www.alumni.space\\\/wp-content\\\/uploads\\\/2026\\\/03\\\/Pyramide-des-ages-un-enjeu-sous-estime-pour-les-metiers-techniques.jpg\",\"width\":1280,\"height\":768,\"caption\":\"Scopri perch\u00e9 la piramide dell'et\u00e0 rappresenta una sfida cruciale ma spesso trascurata per le professioni tecniche e come anticipare i problemi legati al rinnovamento delle competenze.\"},{\"@type\":\"BreadcrumbList\",\"@id\":\"https:\\\/\\\/www.alumni.space\\\/it\\\/piramide-delleta-una-sfida-sottovalutata-per-le-professioni-tecniche\\\/#breadcrumb\",\"itemListElement\":[{\"@type\":\"ListItem\",\"position\":1,\"name\":\"Home\",\"item\":\"https:\\\/\\\/www.alumni.space\\\/it\\\/piattaforma-di-mentoring-e-di-gestione-degli-alumni\\\/\"},{\"@type\":\"ListItem\",\"position\":2,\"name\":\"Piramide dell&rsquo;et\u00e0: una sfida sottovalutata per le professioni tecniche\"}]},{\"@type\":\"WebSite\",\"@id\":\"https:\\\/\\\/www.alumni.space\\\/it\\\/#website\",\"url\":\"https:\\\/\\\/www.alumni.space\\\/it\\\/\",\"name\":\"Alumni.space\",\"description\":\"My WordPress Blog\",\"potentialAction\":[{\"@type\":\"SearchAction\",\"target\":{\"@type\":\"EntryPoint\",\"urlTemplate\":\"https:\\\/\\\/www.alumni.space\\\/it\\\/?s={search_term_string}\"},\"query-input\":{\"@type\":\"PropertyValueSpecification\",\"valueRequired\":true,\"valueName\":\"search_term_string\"}}],\"inLanguage\":\"it-IT\"},{\"@type\":\"Person\",\"@id\":\"https:\\\/\\\/www.alumni.space\\\/it\\\/#\\\/schema\\\/person\\\/fede362a57876edda476a61f05ce5b15\",\"name\":\"admin\",\"image\":{\"@type\":\"ImageObject\",\"inLanguage\":\"it-IT\",\"@id\":\"https:\\\/\\\/secure.gravatar.com\\\/avatar\\\/318e234ae94f90d4d629428d6b983c08e31181c28f579e08a021180d759ea651?s=96&d=mm&r=g\",\"url\":\"https:\\\/\\\/secure.gravatar.com\\\/avatar\\\/318e234ae94f90d4d629428d6b983c08e31181c28f579e08a021180d759ea651?s=96&d=mm&r=g\",\"contentUrl\":\"https:\\\/\\\/secure.gravatar.com\\\/avatar\\\/318e234ae94f90d4d629428d6b983c08e31181c28f579e08a021180d759ea651?s=96&d=mm&r=g\",\"caption\":\"admin\"},\"description\":\"Nicolas Laustriat a construit sa sp\u00e9cialit\u00e9 sur un sujet que beaucoup d\u2019organisations d\u00e9couvrent trop tard : ce qui dispara\u00eet quand les gens partent. Dipl\u00f4m\u00e9 en conception de produit industriel, il bifurque vers le digital fin 1996, il couvre les transformations marques, RH, la fid\u00e9lisation, la marque employeur. Sur le terrain, il rep\u00e8re un angle mort r\u00e9current : l\u2019entreprise investit dans le recrutement, la formation, les process\u2026 puis laisse filer le lien au moment du d\u00e9part, avec une perte de savoir et d\u2019influence qui se paie en silence. Il se sp\u00e9cialise alors sur les communaut\u00e9s d\u2019alumni, le mentorat, l\u2019entraide interg\u00e9n\u00e9rationnelle et la transmission d\u2019expertise. Il passe du \u201cconstat\u201d aux m\u00e9thodes : animation, gouvernance, segmentation, rituels, mesure d\u2019engagement, articulation avec la RSE et l\u2019employabilit\u00e9. Il interviewe DRH, responsables formation, directions d\u2019\u00e9coles, associations et fondations, avec une obsession : transformer un r\u00e9seau dormant en m\u00e9canisme utile (cooptation, mentorat, job board, entraide, \u00e9v\u00e9nements, contenus). Son style : direct, orient\u00e9 action, sans folklore. Sa conviction : une communaut\u00e9 n\u2019a pas besoin de bruit, elle a besoin de raisons de revenir.\",\"sameAs\":[\"https:\\\/\\\/www.alumni.space\"]}]}<\/script>\n<!-- \/ Yoast SEO plugin. -->","yoast_head_json":{"title":"Piramide dell'et\u00e0: una sfida cruciale per le professioni tecniche","description":"Scopri perch\u00e9 la piramide dell'et\u00e0 \u00e8 un tema cruciale e spesso trascurato nelle professioni tecniche. Anticipa il futuro dei tuoi team.","robots":{"index":"index","follow":"follow","max-snippet":"max-snippet:-1","max-image-preview":"max-image-preview:large","max-video-preview":"max-video-preview:-1"},"canonical":"https:\/\/www.alumni.space\/it\/piramide-delleta-una-sfida-sottovalutata-per-le-professioni-tecniche\/","og_locale":"it_IT","og_type":"article","og_title":"Piramide dell'et\u00e0: una sfida cruciale per le professioni tecniche","og_description":"Scopri perch\u00e9 la piramide dell'et\u00e0 \u00e8 un tema cruciale e spesso trascurato nelle professioni tecniche. Anticipa il futuro dei tuoi team.","og_url":"https:\/\/www.alumni.space\/it\/piramide-delleta-una-sfida-sottovalutata-per-le-professioni-tecniche\/","og_site_name":"Alumni.space","article_published_time":"2025-02-18T05:41:11+00:00","article_modified_time":"2026-03-28T10:49:35+00:00","og_image":[{"width":1280,"height":768,"url":"https:\/\/www.alumni.space\/wp-content\/uploads\/2026\/03\/Pyramide-des-ages-un-enjeu-sous-estime-pour-les-metiers-techniques.jpg","type":"image\/jpeg"}],"author":"admin","twitter_card":"summary_large_image","twitter_misc":{"Scritto da":"admin","Tempo di lettura stimato":"3 minuti"},"schema":{"@context":"https:\/\/schema.org","@graph":[{"@type":"Article","@id":"https:\/\/www.alumni.space\/it\/piramide-delleta-una-sfida-sottovalutata-per-le-professioni-tecniche\/#article","isPartOf":{"@id":"https:\/\/www.alumni.space\/it\/piramide-delleta-una-sfida-sottovalutata-per-le-professioni-tecniche\/"},"author":{"name":"admin","@id":"https:\/\/www.alumni.space\/it\/#\/schema\/person\/fede362a57876edda476a61f05ce5b15"},"headline":"Piramide dell&#8217;et\u00e0: una sfida sottovalutata per le professioni tecniche","datePublished":"2025-02-18T05:41:11+00:00","dateModified":"2026-03-28T10:49:35+00:00","mainEntityOfPage":{"@id":"https:\/\/www.alumni.space\/it\/piramide-delleta-una-sfida-sottovalutata-per-le-professioni-tecniche\/"},"wordCount":580,"image":{"@id":"https:\/\/www.alumni.space\/it\/piramide-delleta-una-sfida-sottovalutata-per-le-professioni-tecniche\/#primaryimage"},"thumbnailUrl":"https:\/\/www.alumni.space\/wp-content\/uploads\/2026\/03\/Pyramide-des-ages-un-enjeu-sous-estime-pour-les-metiers-techniques.jpg","articleSection":["Risorse umane"],"inLanguage":"it-IT"},{"@type":"WebPage","@id":"https:\/\/www.alumni.space\/it\/piramide-delleta-una-sfida-sottovalutata-per-le-professioni-tecniche\/","url":"https:\/\/www.alumni.space\/it\/piramide-delleta-una-sfida-sottovalutata-per-le-professioni-tecniche\/","name":"Piramide dell'et\u00e0: una sfida cruciale per le professioni tecniche","isPartOf":{"@id":"https:\/\/www.alumni.space\/it\/#website"},"primaryImageOfPage":{"@id":"https:\/\/www.alumni.space\/it\/piramide-delleta-una-sfida-sottovalutata-per-le-professioni-tecniche\/#primaryimage"},"image":{"@id":"https:\/\/www.alumni.space\/it\/piramide-delleta-una-sfida-sottovalutata-per-le-professioni-tecniche\/#primaryimage"},"thumbnailUrl":"https:\/\/www.alumni.space\/wp-content\/uploads\/2026\/03\/Pyramide-des-ages-un-enjeu-sous-estime-pour-les-metiers-techniques.jpg","datePublished":"2025-02-18T05:41:11+00:00","dateModified":"2026-03-28T10:49:35+00:00","author":{"@id":"https:\/\/www.alumni.space\/it\/#\/schema\/person\/fede362a57876edda476a61f05ce5b15"},"description":"Scopri perch\u00e9 la piramide dell'et\u00e0 \u00e8 un tema cruciale e spesso trascurato nelle professioni tecniche. Anticipa il futuro dei tuoi team.","breadcrumb":{"@id":"https:\/\/www.alumni.space\/it\/piramide-delleta-una-sfida-sottovalutata-per-le-professioni-tecniche\/#breadcrumb"},"inLanguage":"it-IT","potentialAction":[{"@type":"ReadAction","target":["https:\/\/www.alumni.space\/it\/piramide-delleta-una-sfida-sottovalutata-per-le-professioni-tecniche\/"]}]},{"@type":"ImageObject","inLanguage":"it-IT","@id":"https:\/\/www.alumni.space\/it\/piramide-delleta-una-sfida-sottovalutata-per-le-professioni-tecniche\/#primaryimage","url":"https:\/\/www.alumni.space\/wp-content\/uploads\/2026\/03\/Pyramide-des-ages-un-enjeu-sous-estime-pour-les-metiers-techniques.jpg","contentUrl":"https:\/\/www.alumni.space\/wp-content\/uploads\/2026\/03\/Pyramide-des-ages-un-enjeu-sous-estime-pour-les-metiers-techniques.jpg","width":1280,"height":768,"caption":"Scopri perch\u00e9 la piramide dell'et\u00e0 rappresenta una sfida cruciale ma spesso trascurata per le professioni tecniche e come anticipare i problemi legati al rinnovamento delle competenze."},{"@type":"BreadcrumbList","@id":"https:\/\/www.alumni.space\/it\/piramide-delleta-una-sfida-sottovalutata-per-le-professioni-tecniche\/#breadcrumb","itemListElement":[{"@type":"ListItem","position":1,"name":"Home","item":"https:\/\/www.alumni.space\/it\/piattaforma-di-mentoring-e-di-gestione-degli-alumni\/"},{"@type":"ListItem","position":2,"name":"Piramide dell&rsquo;et\u00e0: una sfida sottovalutata per le professioni tecniche"}]},{"@type":"WebSite","@id":"https:\/\/www.alumni.space\/it\/#website","url":"https:\/\/www.alumni.space\/it\/","name":"Alumni.space","description":"My WordPress Blog","potentialAction":[{"@type":"SearchAction","target":{"@type":"EntryPoint","urlTemplate":"https:\/\/www.alumni.space\/it\/?s={search_term_string}"},"query-input":{"@type":"PropertyValueSpecification","valueRequired":true,"valueName":"search_term_string"}}],"inLanguage":"it-IT"},{"@type":"Person","@id":"https:\/\/www.alumni.space\/it\/#\/schema\/person\/fede362a57876edda476a61f05ce5b15","name":"admin","image":{"@type":"ImageObject","inLanguage":"it-IT","@id":"https:\/\/secure.gravatar.com\/avatar\/318e234ae94f90d4d629428d6b983c08e31181c28f579e08a021180d759ea651?s=96&d=mm&r=g","url":"https:\/\/secure.gravatar.com\/avatar\/318e234ae94f90d4d629428d6b983c08e31181c28f579e08a021180d759ea651?s=96&d=mm&r=g","contentUrl":"https:\/\/secure.gravatar.com\/avatar\/318e234ae94f90d4d629428d6b983c08e31181c28f579e08a021180d759ea651?s=96&d=mm&r=g","caption":"admin"},"description":"Nicolas Laustriat a construit sa sp\u00e9cialit\u00e9 sur un sujet que beaucoup d\u2019organisations d\u00e9couvrent trop tard : ce qui dispara\u00eet quand les gens partent. Dipl\u00f4m\u00e9 en conception de produit industriel, il bifurque vers le digital fin 1996, il couvre les transformations marques, RH, la fid\u00e9lisation, la marque employeur. Sur le terrain, il rep\u00e8re un angle mort r\u00e9current : l\u2019entreprise investit dans le recrutement, la formation, les process\u2026 puis laisse filer le lien au moment du d\u00e9part, avec une perte de savoir et d\u2019influence qui se paie en silence. Il se sp\u00e9cialise alors sur les communaut\u00e9s d\u2019alumni, le mentorat, l\u2019entraide interg\u00e9n\u00e9rationnelle et la transmission d\u2019expertise. Il passe du \u201cconstat\u201d aux m\u00e9thodes : animation, gouvernance, segmentation, rituels, mesure d\u2019engagement, articulation avec la RSE et l\u2019employabilit\u00e9. Il interviewe DRH, responsables formation, directions d\u2019\u00e9coles, associations et fondations, avec une obsession : transformer un r\u00e9seau dormant en m\u00e9canisme utile (cooptation, mentorat, job board, entraide, \u00e9v\u00e9nements, contenus). Son style : direct, orient\u00e9 action, sans folklore. Sa conviction : une communaut\u00e9 n\u2019a pas besoin de bruit, elle a besoin de raisons de revenir.","sameAs":["https:\/\/www.alumni.space"]}]}},"_links":{"self":[{"href":"https:\/\/www.alumni.space\/it\/wp-json\/wp\/v2\/posts\/5654","targetHints":{"allow":["GET"]}}],"collection":[{"href":"https:\/\/www.alumni.space\/it\/wp-json\/wp\/v2\/posts"}],"about":[{"href":"https:\/\/www.alumni.space\/it\/wp-json\/wp\/v2\/types\/post"}],"author":[{"embeddable":true,"href":"https:\/\/www.alumni.space\/it\/wp-json\/wp\/v2\/users\/1"}],"replies":[{"embeddable":true,"href":"https:\/\/www.alumni.space\/it\/wp-json\/wp\/v2\/comments?post=5654"}],"version-history":[{"count":2,"href":"https:\/\/www.alumni.space\/it\/wp-json\/wp\/v2\/posts\/5654\/revisions"}],"predecessor-version":[{"id":6585,"href":"https:\/\/www.alumni.space\/it\/wp-json\/wp\/v2\/posts\/5654\/revisions\/6585"}],"wp:featuredmedia":[{"embeddable":true,"href":"https:\/\/www.alumni.space\/it\/wp-json\/wp\/v2\/media\/5656"}],"wp:attachment":[{"href":"https:\/\/www.alumni.space\/it\/wp-json\/wp\/v2\/media?parent=5654"}],"wp:term":[{"taxonomy":"category","embeddable":true,"href":"https:\/\/www.alumni.space\/it\/wp-json\/wp\/v2\/categories?post=5654"},{"taxonomy":"post_tag","embeddable":true,"href":"https:\/\/www.alumni.space\/it\/wp-json\/wp\/v2\/tags?post=5654"}],"curies":[{"name":"wp","href":"https:\/\/api.w.org\/{rel}","templated":true}]}}