{"id":5595,"date":"2024-09-23T19:09:50","date_gmt":"2024-09-23T19:09:50","guid":{"rendered":"https:\/\/www.alumni.space\/il-settore-dellartigianato-artistico-e-minacciato-dalla-mancanza-di-giovani-talenti\/"},"modified":"2026-04-02T12:05:15","modified_gmt":"2026-04-02T12:05:15","slug":"il-settore-dellartigianato-artistico-e-minacciato-dalla-mancanza-di-giovani-talenti","status":"publish","type":"post","link":"https:\/\/www.alumni.space\/it\/il-settore-dellartigianato-artistico-e-minacciato-dalla-mancanza-di-giovani-talenti\/","title":{"rendered":"Il settore dell&#8217;artigianato artistico \u00e8 minacciato dalla mancanza di giovani talenti"},"content":{"rendered":"<p><strong>Le arti e i mestieri<\/strong> rappresentano una parte essenziale del nostro patrimonio culturale e riflettono un know-how ancestrale tramandato di generazione in generazione. Tuttavia, il settore sta affrontando una preoccupante <strong>carenza di nuove leve<\/strong>, che minaccia la sopravvivenza dei mestieri tradizionali e il mantenimento di queste competenze uniche. La trasmissione del sapere \u00e8 quindi compromessa, mentre il calo del numero di artigiani sta causando perdite significative in termini di ricchezza culturale ed economica.  <\/p><div id=\"ez-toc-container\" class=\"ez-toc-v2_0_82_2 counter-flat ez-toc-counter ez-toc-grey ez-toc-container-direction\">\n<div class=\"ez-toc-title-container\"><p class=\"ez-toc-title\" style=\"cursor:inherit\">In questo articolo:<\/p>\n<\/div><nav><ul class='ez-toc-list ez-toc-list-level-1 ' ><li class='ez-toc-page-1'><a class=\"ez-toc-link ez-toc-heading-1\" href=\"https:\/\/www.alumni.space\/it\/il-settore-dellartigianato-artistico-e-minacciato-dalla-mancanza-di-giovani-talenti\/#Le_sfide_della_trasmissione_del_sapere_nel_settore_dellartigianato_artistico\" >Le sfide della trasmissione del sapere nel settore dell&#8217;artigianato artistico<\/a><\/li><li class='ez-toc-page-1'><a class=\"ez-toc-link ez-toc-heading-2\" href=\"https:\/\/www.alumni.space\/it\/il-settore-dellartigianato-artistico-e-minacciato-dalla-mancanza-di-giovani-talenti\/#Coinvolgere_le_comunita_per_rafforzare_le_arti_e_i_mestieri\" >Coinvolgere le comunit\u00e0 per rafforzare le arti e i mestieri<\/a><\/li><li class='ez-toc-page-1'><a class=\"ez-toc-link ez-toc-heading-3\" href=\"https:\/\/www.alumni.space\/it\/il-settore-dellartigianato-artistico-e-minacciato-dalla-mancanza-di-giovani-talenti\/#Mobilitare_i_decisori_e_le_istituzioni_per_sostenere_la_formazione_artigianale\" >Mobilitare i decisori e le istituzioni per sostenere la formazione artigianale<\/a><\/li><li class='ez-toc-page-1'><a class=\"ez-toc-link ez-toc-heading-4\" href=\"https:\/\/www.alumni.space\/it\/il-settore-dellartigianato-artistico-e-minacciato-dalla-mancanza-di-giovani-talenti\/#Passare_dalla_teoria_alla_pratica_per_preservare_i_mestieri_tradizionali\" >Passare dalla teoria alla pratica per preservare i mestieri tradizionali<\/a><\/li><\/ul><\/nav><\/div>\n<h2 class=\"wp-block-heading\"><span class=\"ez-toc-section\" id=\"Le_sfide_della_trasmissione_del_sapere_nel_settore_dellartigianato_artistico\"><\/span>Le sfide della trasmissione del sapere nel settore dell&#8217;artigianato artistico<span class=\"ez-toc-section-end\"><\/span><\/h2><p>Le professioni artistiche e artigianali richiedono una formazione precisa e spesso lunga, che fatica ad attrarre giovani talenti. Il fascino dei lavori artigianali sta diminuendo a favore di settori pi\u00f9 tecnologici o percepiti come pi\u00f9 stabili. Questo disinteresse sta aggravando la disaffezione verso queste professioni, che tuttavia offrono un&#8217;esperienza insostituibile. In questo contesto, le botteghe e le scuole specializzate devono far fronte al calo delle iscrizioni, mettendo a rischio il futuro stesso dei mestieri tradizionali.   <\/p><figure class=\"wp-block-image size-full\"><img decoding=\"async\" width=\"1280\" height=\"768\" src=\"https:\/\/www.alumni.space\/wp-content\/uploads\/2026\/03\/Lartisanat-dart-en-danger-face-au-manque-de-releve-1.jpg\" data-orig-src=\"https:\/\/www.alumni.space\/wp-content\/uploads\/2026\/03\/Lartisanat-dart-en-danger-face-au-manque-de-releve-1.jpg\" alt=\"Scopri le sfide del settore dell'artigianato artistico, minacciato dalla mancanza di giovani talenti, e come preservare questo patrimonio unico e prezioso.\" class=\"lazyload wp-image-3237\" srcset=\"data:image\/svg+xml,%3Csvg%20xmlns%3D%27http%3A%2F%2Fwww.w3.org%2F2000%2Fsvg%27%20width%3D%271280%27%20height%3D%27768%27%20viewBox%3D%270%200%201280%20768%27%3E%3Crect%20width%3D%271280%27%20height%3D%27768%27%20fill-opacity%3D%220%22%2F%3E%3C%2Fsvg%3E\" data-srcset=\"https:\/\/www.alumni.space\/wp-content\/uploads\/2026\/03\/Lartisanat-dart-en-danger-face-au-manque-de-releve-1-200x120.jpg 200w, https:\/\/www.alumni.space\/wp-content\/uploads\/2026\/03\/Lartisanat-dart-en-danger-face-au-manque-de-releve-1-300x180.jpg 300w, https:\/\/www.alumni.space\/wp-content\/uploads\/2026\/03\/Lartisanat-dart-en-danger-face-au-manque-de-releve-1-400x240.jpg 400w, https:\/\/www.alumni.space\/wp-content\/uploads\/2026\/03\/Lartisanat-dart-en-danger-face-au-manque-de-releve-1-600x360.jpg 600w, https:\/\/www.alumni.space\/wp-content\/uploads\/2026\/03\/Lartisanat-dart-en-danger-face-au-manque-de-releve-1-768x461.jpg 768w, https:\/\/www.alumni.space\/wp-content\/uploads\/2026\/03\/Lartisanat-dart-en-danger-face-au-manque-de-releve-1-800x480.jpg 800w, https:\/\/www.alumni.space\/wp-content\/uploads\/2026\/03\/Lartisanat-dart-en-danger-face-au-manque-de-releve-1-1024x614.jpg 1024w, https:\/\/www.alumni.space\/wp-content\/uploads\/2026\/03\/Lartisanat-dart-en-danger-face-au-manque-de-releve-1-1200x720.jpg 1200w, https:\/\/www.alumni.space\/wp-content\/uploads\/2026\/03\/Lartisanat-dart-en-danger-face-au-manque-de-releve-1.jpg 1280w\" data-sizes=\"auto\" data-orig-sizes=\"(max-width: 1280px) 100vw, 1280px\" \/><\/figure><p>La valorizzazione dei mestieri e il sostegno agli artigiani sono leve essenziali per invertire questa tendenza. La mobilitazione di reti e comunit\u00e0 professionali \u00e8 una risposta strategica per rafforzare i legami tra le generazioni e garantire una migliore integrazione dei giovani artigiani. <\/p><h3 class=\"wp-block-heading\"><span class=\"ez-toc-section\" id=\"Coinvolgere_le_comunita_per_rafforzare_le_arti_e_i_mestieri\"><\/span>Coinvolgere le comunit\u00e0 per rafforzare le arti e i mestieri<span class=\"ez-toc-section-end\"><\/span><\/h3><p>La gestione efficace delle reti di alumni e mentori nel settore dell&#8217;artigianato artistico contribuisce a favorire la trasmissione delle conoscenze. Una piattaforma SaaS come alumni.space facilita la strutturazione di queste comunit\u00e0, offrendo strumenti di animazione, condivisione delle risorse e gestione degli eventi. <strong>Riunire<\/strong> gli artigiani attorno a progetti comuni crea un senso di appartenenza e stimola il sostegno reciproco. <\/p><p>Questo legame pi\u00f9 forte permette anche di ottimizzare la cooptazione e l&#8217;organizzazione di una formazione adeguata, attingendo ai profili di esperti disponibili per supportare la prossima generazione. L&#8217;adozione di tali soluzioni rappresenta un metodo vincente per limitare i <strong>costi nascosti<\/strong> associati alla perdita di know-how, garantendo la continuit\u00e0 e la vitalit\u00e0 del settore. <\/p><h2 class=\"wp-block-heading\"><span class=\"ez-toc-section\" id=\"Mobilitare_i_decisori_e_le_istituzioni_per_sostenere_la_formazione_artigianale\"><\/span>Mobilitare i decisori e le istituzioni per sostenere la formazione artigianale<span class=\"ez-toc-section-end\"><\/span><\/h2><p>Il coinvolgimento degli attori principali &#8211; scuole, centri di formazione per apprendisti (CFA), associazioni e responsabili delle risorse umane &#8211; rimane essenziale. \u00c8 necessario che questi soggetti guidino strategie mirate che incoraggino l&#8217;impegno a lungo termine e l&#8217;adozione di misure che facilitino l&#8217;accesso alle professioni tradizionali. L&#8217;istituzione di <strong>rituali di scambio intergenerazionale<\/strong> e l&#8217;attribuzione di un valore concreto ai percorsi di carriera attraverso KPI rilevanti contribuiranno a migliorare la governance del settore.  <\/p><p>Il legame che deve essere creato tra gli istituti scolastici e gli ordini professionali ha un impatto diretto sull&#8217;occupazione nell&#8217;artigianato. Ad esempio, le iniziative di tutoraggio all&#8217;interno delle reti di ex allievi stanno rafforzando la <a href=\"https:\/\/www.alumni.space\/it\/alumni-come-creare-una-dinamica-di-rete-sostenibile\/\">dinamica di rete<\/a> necessaria per riconquistare questi posti di lavoro. La creazione di una biblioteca documentaria e l&#8217;organizzazione regolare di eventi specializzati sono altri modi per incoraggiare il trasferimento di conoscenze.  <\/p><h3 class=\"wp-block-heading\"><span class=\"ez-toc-section\" id=\"Passare_dalla_teoria_alla_pratica_per_preservare_i_mestieri_tradizionali\"><\/span>Passare dalla teoria alla pratica per preservare i mestieri tradizionali<span class=\"ez-toc-section-end\"><\/span><\/h3><p>Un calendario preciso, che includa fasi pratiche e ruoli chiaramente definiti, aiuta a strutturare il passaggio di consegne. La creazione di coppie intergenerazionali, l&#8217;organizzazione di sessioni di lavoro collaborativo e il monitoraggio rigoroso ottimizzano lo sviluppo delle competenze. L&#8217;utilizzo di una piattaforma come alumni.space evita la dispersione di strumenti e dati, facendo risparmiare tempo e migliorando il controllo del processo.  <\/p><p>Questo sistema sostiene gli artigiani nella promozione del loro mestiere e nell&#8217;incoraggiamento della loro rete. L&#8217;obiettivo \u00e8 quello di trasformare ogni partecipante in un ambasciatore capace di impegnarsi in modo duraturo per il patrimonio culturale. Queste iniziative contribuiscono a limitare il declino del numero di artigiani, rafforzando al contempo la trasmissione delle conoscenze alla base dei mestieri tradizionali.  <\/p><p><a href=\"https:\/\/www.alumni.space\/it\/il-rischio-di-perdere-il-know-how-dei-mestieri-tradizionali\/\">Scoprire come ridurre la perdita di know-how<\/a> sta quindi diventando una priorit\u00e0 per le istituzioni e i decisori impegnati nella salvaguardia dell&#8217;artigianato artistico.<\/p>","protected":false},"excerpt":{"rendered":"<p>Le arti e i mestieri rappresentano una parte essenziale del  [&#8230;]<\/p>\n","protected":false},"author":1,"featured_media":5597,"comment_status":"closed","ping_status":"closed","sticky":false,"template":"","format":"standard","meta":{"_ayudawp_aiss_exclude":false,"footnotes":""},"categories":[34],"tags":[],"class_list":["post-5595","post","type-post","status-publish","format-standard","has-post-thumbnail","hentry","category-senza-categoria"],"yoast_head":"<!-- This site is optimized with the Yoast SEO plugin v27.4 - https:\/\/yoast.com\/product\/yoast-seo-wordpress\/ -->\n<title>Arti e mestieri: la prossima generazione in pericolo<\/title>\n<meta name=\"description\" content=\"Scopri come il settore dell&#039;artigianato artistico sta affrontando la carenza di giovani talenti e cosa significa per il suo futuro e per il nostro patrimonio.\" \/>\n<meta name=\"robots\" content=\"index, follow, max-snippet:-1, max-image-preview:large, max-video-preview:-1\" \/>\n<link rel=\"canonical\" href=\"https:\/\/www.alumni.space\/it\/il-settore-dellartigianato-artistico-e-minacciato-dalla-mancanza-di-giovani-talenti\/\" \/>\n<meta property=\"og:locale\" content=\"it_IT\" \/>\n<meta property=\"og:type\" content=\"article\" \/>\n<meta property=\"og:title\" content=\"Arti e mestieri: la prossima generazione in pericolo\" \/>\n<meta property=\"og:description\" content=\"Scopri come il settore dell&#039;artigianato artistico sta affrontando la carenza di giovani talenti e cosa significa per il suo futuro e per il nostro patrimonio.\" \/>\n<meta property=\"og:url\" content=\"https:\/\/www.alumni.space\/it\/il-settore-dellartigianato-artistico-e-minacciato-dalla-mancanza-di-giovani-talenti\/\" \/>\n<meta property=\"og:site_name\" content=\"Alumni.space\" \/>\n<meta property=\"article:published_time\" content=\"2024-09-23T19:09:50+00:00\" \/>\n<meta property=\"article:modified_time\" content=\"2026-04-02T12:05:15+00:00\" \/>\n<meta property=\"og:image\" content=\"https:\/\/www.alumni.space\/wp-content\/uploads\/2026\/03\/Lartisanat-dart-en-danger-face-au-manque-de-releve.jpg\" \/>\n\t<meta property=\"og:image:width\" content=\"1280\" \/>\n\t<meta property=\"og:image:height\" content=\"768\" \/>\n\t<meta property=\"og:image:type\" content=\"image\/jpeg\" \/>\n<meta name=\"author\" content=\"admin\" \/>\n<meta name=\"twitter:card\" content=\"summary_large_image\" \/>\n<meta name=\"twitter:label1\" content=\"Scritto da\" \/>\n\t<meta name=\"twitter:data1\" content=\"admin\" \/>\n\t<meta name=\"twitter:label2\" content=\"Tempo di lettura stimato\" \/>\n\t<meta name=\"twitter:data2\" content=\"3 minuti\" \/>\n<script type=\"application\/ld+json\" class=\"yoast-schema-graph\">{\"@context\":\"https:\\\/\\\/schema.org\",\"@graph\":[{\"@type\":\"Article\",\"@id\":\"https:\\\/\\\/www.alumni.space\\\/it\\\/il-settore-dellartigianato-artistico-e-minacciato-dalla-mancanza-di-giovani-talenti\\\/#article\",\"isPartOf\":{\"@id\":\"https:\\\/\\\/www.alumni.space\\\/it\\\/il-settore-dellartigianato-artistico-e-minacciato-dalla-mancanza-di-giovani-talenti\\\/\"},\"author\":{\"name\":\"admin\",\"@id\":\"https:\\\/\\\/www.alumni.space\\\/it\\\/#\\\/schema\\\/person\\\/fede362a57876edda476a61f05ce5b15\"},\"headline\":\"Il settore dell&#8217;artigianato artistico \u00e8 minacciato dalla mancanza di giovani talenti\",\"datePublished\":\"2024-09-23T19:09:50+00:00\",\"dateModified\":\"2026-04-02T12:05:15+00:00\",\"mainEntityOfPage\":{\"@id\":\"https:\\\/\\\/www.alumni.space\\\/it\\\/il-settore-dellartigianato-artistico-e-minacciato-dalla-mancanza-di-giovani-talenti\\\/\"},\"wordCount\":650,\"image\":{\"@id\":\"https:\\\/\\\/www.alumni.space\\\/it\\\/il-settore-dellartigianato-artistico-e-minacciato-dalla-mancanza-di-giovani-talenti\\\/#primaryimage\"},\"thumbnailUrl\":\"https:\\\/\\\/www.alumni.space\\\/wp-content\\\/uploads\\\/2026\\\/03\\\/Lartisanat-dart-en-danger-face-au-manque-de-releve.jpg\",\"inLanguage\":\"it-IT\"},{\"@type\":\"WebPage\",\"@id\":\"https:\\\/\\\/www.alumni.space\\\/it\\\/il-settore-dellartigianato-artistico-e-minacciato-dalla-mancanza-di-giovani-talenti\\\/\",\"url\":\"https:\\\/\\\/www.alumni.space\\\/it\\\/il-settore-dellartigianato-artistico-e-minacciato-dalla-mancanza-di-giovani-talenti\\\/\",\"name\":\"Arti e mestieri: la prossima generazione in pericolo\",\"isPartOf\":{\"@id\":\"https:\\\/\\\/www.alumni.space\\\/it\\\/#website\"},\"primaryImageOfPage\":{\"@id\":\"https:\\\/\\\/www.alumni.space\\\/it\\\/il-settore-dellartigianato-artistico-e-minacciato-dalla-mancanza-di-giovani-talenti\\\/#primaryimage\"},\"image\":{\"@id\":\"https:\\\/\\\/www.alumni.space\\\/it\\\/il-settore-dellartigianato-artistico-e-minacciato-dalla-mancanza-di-giovani-talenti\\\/#primaryimage\"},\"thumbnailUrl\":\"https:\\\/\\\/www.alumni.space\\\/wp-content\\\/uploads\\\/2026\\\/03\\\/Lartisanat-dart-en-danger-face-au-manque-de-releve.jpg\",\"datePublished\":\"2024-09-23T19:09:50+00:00\",\"dateModified\":\"2026-04-02T12:05:15+00:00\",\"author\":{\"@id\":\"https:\\\/\\\/www.alumni.space\\\/it\\\/#\\\/schema\\\/person\\\/fede362a57876edda476a61f05ce5b15\"},\"description\":\"Scopri come il settore dell'artigianato artistico sta affrontando la carenza di giovani talenti e cosa significa per il suo futuro e per il nostro patrimonio.\",\"breadcrumb\":{\"@id\":\"https:\\\/\\\/www.alumni.space\\\/it\\\/il-settore-dellartigianato-artistico-e-minacciato-dalla-mancanza-di-giovani-talenti\\\/#breadcrumb\"},\"inLanguage\":\"it-IT\",\"potentialAction\":[{\"@type\":\"ReadAction\",\"target\":[\"https:\\\/\\\/www.alumni.space\\\/it\\\/il-settore-dellartigianato-artistico-e-minacciato-dalla-mancanza-di-giovani-talenti\\\/\"]}]},{\"@type\":\"ImageObject\",\"inLanguage\":\"it-IT\",\"@id\":\"https:\\\/\\\/www.alumni.space\\\/it\\\/il-settore-dellartigianato-artistico-e-minacciato-dalla-mancanza-di-giovani-talenti\\\/#primaryimage\",\"url\":\"https:\\\/\\\/www.alumni.space\\\/wp-content\\\/uploads\\\/2026\\\/03\\\/Lartisanat-dart-en-danger-face-au-manque-de-releve.jpg\",\"contentUrl\":\"https:\\\/\\\/www.alumni.space\\\/wp-content\\\/uploads\\\/2026\\\/03\\\/Lartisanat-dart-en-danger-face-au-manque-de-releve.jpg\",\"width\":1280,\"height\":768,\"caption\":\"Scopri i problemi cruciali del settore dell'artigianato artistico, minacciato dalla mancanza di giovani talenti, e l'importanza di preservare questo patrimonio unico.\"},{\"@type\":\"BreadcrumbList\",\"@id\":\"https:\\\/\\\/www.alumni.space\\\/it\\\/il-settore-dellartigianato-artistico-e-minacciato-dalla-mancanza-di-giovani-talenti\\\/#breadcrumb\",\"itemListElement\":[{\"@type\":\"ListItem\",\"position\":1,\"name\":\"Home\",\"item\":\"https:\\\/\\\/www.alumni.space\\\/it\\\/piattaforma-di-mentoring-e-di-gestione-degli-alumni\\\/\"},{\"@type\":\"ListItem\",\"position\":2,\"name\":\"Il settore dell&#8217;artigianato artistico \u00e8 minacciato dalla mancanza di giovani talenti\"}]},{\"@type\":\"WebSite\",\"@id\":\"https:\\\/\\\/www.alumni.space\\\/it\\\/#website\",\"url\":\"https:\\\/\\\/www.alumni.space\\\/it\\\/\",\"name\":\"Alumni.space\",\"description\":\"My WordPress Blog\",\"potentialAction\":[{\"@type\":\"SearchAction\",\"target\":{\"@type\":\"EntryPoint\",\"urlTemplate\":\"https:\\\/\\\/www.alumni.space\\\/it\\\/?s={search_term_string}\"},\"query-input\":{\"@type\":\"PropertyValueSpecification\",\"valueRequired\":true,\"valueName\":\"search_term_string\"}}],\"inLanguage\":\"it-IT\"},{\"@type\":\"Person\",\"@id\":\"https:\\\/\\\/www.alumni.space\\\/it\\\/#\\\/schema\\\/person\\\/fede362a57876edda476a61f05ce5b15\",\"name\":\"admin\",\"image\":{\"@type\":\"ImageObject\",\"inLanguage\":\"it-IT\",\"@id\":\"https:\\\/\\\/secure.gravatar.com\\\/avatar\\\/318e234ae94f90d4d629428d6b983c08e31181c28f579e08a021180d759ea651?s=96&d=mm&r=g\",\"url\":\"https:\\\/\\\/secure.gravatar.com\\\/avatar\\\/318e234ae94f90d4d629428d6b983c08e31181c28f579e08a021180d759ea651?s=96&d=mm&r=g\",\"contentUrl\":\"https:\\\/\\\/secure.gravatar.com\\\/avatar\\\/318e234ae94f90d4d629428d6b983c08e31181c28f579e08a021180d759ea651?s=96&d=mm&r=g\",\"caption\":\"admin\"},\"description\":\"Nicolas Laustriat a construit sa sp\u00e9cialit\u00e9 sur un sujet que beaucoup d\u2019organisations d\u00e9couvrent trop tard : ce qui dispara\u00eet quand les gens partent. Dipl\u00f4m\u00e9 en conception de produit industriel, il bifurque vers le digital fin 1996, il couvre les transformations marques, RH, la fid\u00e9lisation, la marque employeur. Sur le terrain, il rep\u00e8re un angle mort r\u00e9current : l\u2019entreprise investit dans le recrutement, la formation, les process\u2026 puis laisse filer le lien au moment du d\u00e9part, avec une perte de savoir et d\u2019influence qui se paie en silence. Il se sp\u00e9cialise alors sur les communaut\u00e9s d\u2019alumni, le mentorat, l\u2019entraide interg\u00e9n\u00e9rationnelle et la transmission d\u2019expertise. Il passe du \u201cconstat\u201d aux m\u00e9thodes : animation, gouvernance, segmentation, rituels, mesure d\u2019engagement, articulation avec la RSE et l\u2019employabilit\u00e9. Il interviewe DRH, responsables formation, directions d\u2019\u00e9coles, associations et fondations, avec une obsession : transformer un r\u00e9seau dormant en m\u00e9canisme utile (cooptation, mentorat, job board, entraide, \u00e9v\u00e9nements, contenus). Son style : direct, orient\u00e9 action, sans folklore. Sa conviction : une communaut\u00e9 n\u2019a pas besoin de bruit, elle a besoin de raisons de revenir.\",\"sameAs\":[\"https:\\\/\\\/www.alumni.space\"]}]}<\/script>\n<!-- \/ Yoast SEO plugin. -->","yoast_head_json":{"title":"Arti e mestieri: la prossima generazione in pericolo","description":"Scopri come il settore dell'artigianato artistico sta affrontando la carenza di giovani talenti e cosa significa per il suo futuro e per il nostro patrimonio.","robots":{"index":"index","follow":"follow","max-snippet":"max-snippet:-1","max-image-preview":"max-image-preview:large","max-video-preview":"max-video-preview:-1"},"canonical":"https:\/\/www.alumni.space\/it\/il-settore-dellartigianato-artistico-e-minacciato-dalla-mancanza-di-giovani-talenti\/","og_locale":"it_IT","og_type":"article","og_title":"Arti e mestieri: la prossima generazione in pericolo","og_description":"Scopri come il settore dell'artigianato artistico sta affrontando la carenza di giovani talenti e cosa significa per il suo futuro e per il nostro patrimonio.","og_url":"https:\/\/www.alumni.space\/it\/il-settore-dellartigianato-artistico-e-minacciato-dalla-mancanza-di-giovani-talenti\/","og_site_name":"Alumni.space","article_published_time":"2024-09-23T19:09:50+00:00","article_modified_time":"2026-04-02T12:05:15+00:00","og_image":[{"width":1280,"height":768,"url":"https:\/\/www.alumni.space\/wp-content\/uploads\/2026\/03\/Lartisanat-dart-en-danger-face-au-manque-de-releve.jpg","type":"image\/jpeg"}],"author":"admin","twitter_card":"summary_large_image","twitter_misc":{"Scritto da":"admin","Tempo di lettura stimato":"3 minuti"},"schema":{"@context":"https:\/\/schema.org","@graph":[{"@type":"Article","@id":"https:\/\/www.alumni.space\/it\/il-settore-dellartigianato-artistico-e-minacciato-dalla-mancanza-di-giovani-talenti\/#article","isPartOf":{"@id":"https:\/\/www.alumni.space\/it\/il-settore-dellartigianato-artistico-e-minacciato-dalla-mancanza-di-giovani-talenti\/"},"author":{"name":"admin","@id":"https:\/\/www.alumni.space\/it\/#\/schema\/person\/fede362a57876edda476a61f05ce5b15"},"headline":"Il settore dell&#8217;artigianato artistico \u00e8 minacciato dalla mancanza di giovani talenti","datePublished":"2024-09-23T19:09:50+00:00","dateModified":"2026-04-02T12:05:15+00:00","mainEntityOfPage":{"@id":"https:\/\/www.alumni.space\/it\/il-settore-dellartigianato-artistico-e-minacciato-dalla-mancanza-di-giovani-talenti\/"},"wordCount":650,"image":{"@id":"https:\/\/www.alumni.space\/it\/il-settore-dellartigianato-artistico-e-minacciato-dalla-mancanza-di-giovani-talenti\/#primaryimage"},"thumbnailUrl":"https:\/\/www.alumni.space\/wp-content\/uploads\/2026\/03\/Lartisanat-dart-en-danger-face-au-manque-de-releve.jpg","inLanguage":"it-IT"},{"@type":"WebPage","@id":"https:\/\/www.alumni.space\/it\/il-settore-dellartigianato-artistico-e-minacciato-dalla-mancanza-di-giovani-talenti\/","url":"https:\/\/www.alumni.space\/it\/il-settore-dellartigianato-artistico-e-minacciato-dalla-mancanza-di-giovani-talenti\/","name":"Arti e mestieri: la prossima generazione in pericolo","isPartOf":{"@id":"https:\/\/www.alumni.space\/it\/#website"},"primaryImageOfPage":{"@id":"https:\/\/www.alumni.space\/it\/il-settore-dellartigianato-artistico-e-minacciato-dalla-mancanza-di-giovani-talenti\/#primaryimage"},"image":{"@id":"https:\/\/www.alumni.space\/it\/il-settore-dellartigianato-artistico-e-minacciato-dalla-mancanza-di-giovani-talenti\/#primaryimage"},"thumbnailUrl":"https:\/\/www.alumni.space\/wp-content\/uploads\/2026\/03\/Lartisanat-dart-en-danger-face-au-manque-de-releve.jpg","datePublished":"2024-09-23T19:09:50+00:00","dateModified":"2026-04-02T12:05:15+00:00","author":{"@id":"https:\/\/www.alumni.space\/it\/#\/schema\/person\/fede362a57876edda476a61f05ce5b15"},"description":"Scopri come il settore dell'artigianato artistico sta affrontando la carenza di giovani talenti e cosa significa per il suo futuro e per il nostro patrimonio.","breadcrumb":{"@id":"https:\/\/www.alumni.space\/it\/il-settore-dellartigianato-artistico-e-minacciato-dalla-mancanza-di-giovani-talenti\/#breadcrumb"},"inLanguage":"it-IT","potentialAction":[{"@type":"ReadAction","target":["https:\/\/www.alumni.space\/it\/il-settore-dellartigianato-artistico-e-minacciato-dalla-mancanza-di-giovani-talenti\/"]}]},{"@type":"ImageObject","inLanguage":"it-IT","@id":"https:\/\/www.alumni.space\/it\/il-settore-dellartigianato-artistico-e-minacciato-dalla-mancanza-di-giovani-talenti\/#primaryimage","url":"https:\/\/www.alumni.space\/wp-content\/uploads\/2026\/03\/Lartisanat-dart-en-danger-face-au-manque-de-releve.jpg","contentUrl":"https:\/\/www.alumni.space\/wp-content\/uploads\/2026\/03\/Lartisanat-dart-en-danger-face-au-manque-de-releve.jpg","width":1280,"height":768,"caption":"Scopri i problemi cruciali del settore dell'artigianato artistico, minacciato dalla mancanza di giovani talenti, e l'importanza di preservare questo patrimonio unico."},{"@type":"BreadcrumbList","@id":"https:\/\/www.alumni.space\/it\/il-settore-dellartigianato-artistico-e-minacciato-dalla-mancanza-di-giovani-talenti\/#breadcrumb","itemListElement":[{"@type":"ListItem","position":1,"name":"Home","item":"https:\/\/www.alumni.space\/it\/piattaforma-di-mentoring-e-di-gestione-degli-alumni\/"},{"@type":"ListItem","position":2,"name":"Il settore dell&#8217;artigianato artistico \u00e8 minacciato dalla mancanza di giovani talenti"}]},{"@type":"WebSite","@id":"https:\/\/www.alumni.space\/it\/#website","url":"https:\/\/www.alumni.space\/it\/","name":"Alumni.space","description":"My WordPress Blog","potentialAction":[{"@type":"SearchAction","target":{"@type":"EntryPoint","urlTemplate":"https:\/\/www.alumni.space\/it\/?s={search_term_string}"},"query-input":{"@type":"PropertyValueSpecification","valueRequired":true,"valueName":"search_term_string"}}],"inLanguage":"it-IT"},{"@type":"Person","@id":"https:\/\/www.alumni.space\/it\/#\/schema\/person\/fede362a57876edda476a61f05ce5b15","name":"admin","image":{"@type":"ImageObject","inLanguage":"it-IT","@id":"https:\/\/secure.gravatar.com\/avatar\/318e234ae94f90d4d629428d6b983c08e31181c28f579e08a021180d759ea651?s=96&d=mm&r=g","url":"https:\/\/secure.gravatar.com\/avatar\/318e234ae94f90d4d629428d6b983c08e31181c28f579e08a021180d759ea651?s=96&d=mm&r=g","contentUrl":"https:\/\/secure.gravatar.com\/avatar\/318e234ae94f90d4d629428d6b983c08e31181c28f579e08a021180d759ea651?s=96&d=mm&r=g","caption":"admin"},"description":"Nicolas Laustriat a construit sa sp\u00e9cialit\u00e9 sur un sujet que beaucoup d\u2019organisations d\u00e9couvrent trop tard : ce qui dispara\u00eet quand les gens partent. Dipl\u00f4m\u00e9 en conception de produit industriel, il bifurque vers le digital fin 1996, il couvre les transformations marques, RH, la fid\u00e9lisation, la marque employeur. Sur le terrain, il rep\u00e8re un angle mort r\u00e9current : l\u2019entreprise investit dans le recrutement, la formation, les process\u2026 puis laisse filer le lien au moment du d\u00e9part, avec une perte de savoir et d\u2019influence qui se paie en silence. Il se sp\u00e9cialise alors sur les communaut\u00e9s d\u2019alumni, le mentorat, l\u2019entraide interg\u00e9n\u00e9rationnelle et la transmission d\u2019expertise. Il passe du \u201cconstat\u201d aux m\u00e9thodes : animation, gouvernance, segmentation, rituels, mesure d\u2019engagement, articulation avec la RSE et l\u2019employabilit\u00e9. Il interviewe DRH, responsables formation, directions d\u2019\u00e9coles, associations et fondations, avec une obsession : transformer un r\u00e9seau dormant en m\u00e9canisme utile (cooptation, mentorat, job board, entraide, \u00e9v\u00e9nements, contenus). Son style : direct, orient\u00e9 action, sans folklore. Sa conviction : une communaut\u00e9 n\u2019a pas besoin de bruit, elle a besoin de raisons de revenir.","sameAs":["https:\/\/www.alumni.space"]}]}},"_links":{"self":[{"href":"https:\/\/www.alumni.space\/it\/wp-json\/wp\/v2\/posts\/5595","targetHints":{"allow":["GET"]}}],"collection":[{"href":"https:\/\/www.alumni.space\/it\/wp-json\/wp\/v2\/posts"}],"about":[{"href":"https:\/\/www.alumni.space\/it\/wp-json\/wp\/v2\/types\/post"}],"author":[{"embeddable":true,"href":"https:\/\/www.alumni.space\/it\/wp-json\/wp\/v2\/users\/1"}],"replies":[{"embeddable":true,"href":"https:\/\/www.alumni.space\/it\/wp-json\/wp\/v2\/comments?post=5595"}],"version-history":[{"count":2,"href":"https:\/\/www.alumni.space\/it\/wp-json\/wp\/v2\/posts\/5595\/revisions"}],"predecessor-version":[{"id":6981,"href":"https:\/\/www.alumni.space\/it\/wp-json\/wp\/v2\/posts\/5595\/revisions\/6981"}],"wp:featuredmedia":[{"embeddable":true,"href":"https:\/\/www.alumni.space\/it\/wp-json\/wp\/v2\/media\/5597"}],"wp:attachment":[{"href":"https:\/\/www.alumni.space\/it\/wp-json\/wp\/v2\/media?parent=5595"}],"wp:term":[{"taxonomy":"category","embeddable":true,"href":"https:\/\/www.alumni.space\/it\/wp-json\/wp\/v2\/categories?post=5595"},{"taxonomy":"post_tag","embeddable":true,"href":"https:\/\/www.alumni.space\/it\/wp-json\/wp\/v2\/tags?post=5595"}],"curies":[{"name":"wp","href":"https:\/\/api.w.org\/{rel}","templated":true}]}}