{"id":5571,"date":"2025-05-11T22:02:46","date_gmt":"2025-05-11T22:02:46","guid":{"rendered":"https:\/\/www.alumni.space\/alumni-come-rafforzare-il-tuo-senso-di-appartenenza-dopo-la-partenza\/"},"modified":"2026-03-28T10:42:11","modified_gmt":"2026-03-28T10:42:11","slug":"alumni-come-rafforzare-il-tuo-senso-di-appartenenza-dopo-la-partenza","status":"publish","type":"post","link":"https:\/\/www.alumni.space\/it\/alumni-come-rafforzare-il-tuo-senso-di-appartenenza-dopo-la-partenza\/","title":{"rendered":"Alumni: come rafforzare il tuo senso di appartenenza dopo la partenza"},"content":{"rendered":"<p>Una rete di<strong>alumni<\/strong> funzionante combina visibilit\u00e0, utilit\u00e0 e movimento continuo. La sfida \u00e8 trasformare l&#8217;inizio in un&#8217;appartenenza duratura a una <strong>comunit\u00e0<\/strong> attiva, utile per l&#8217;occupabilit\u00e0 e la reputazione. <\/p><div id=\"ez-toc-container\" class=\"ez-toc-v2_0_82_2 counter-flat ez-toc-counter ez-toc-grey ez-toc-container-direction\">\n<div class=\"ez-toc-title-container\"><p class=\"ez-toc-title\" style=\"cursor:inherit\">In questo articolo:<\/p>\n<\/div><nav><ul class='ez-toc-list ez-toc-list-level-1 ' ><li class='ez-toc-page-1'><a class=\"ez-toc-link ez-toc-heading-1\" href=\"https:\/\/www.alumni.space\/it\/alumni-come-rafforzare-il-tuo-senso-di-appartenenza-dopo-la-partenza\/#Rafforzare_il_senso_di_appartenenza_degli_Alumni_dopo_la_loro_partenza\" >Rafforzare il senso di appartenenza degli Alumni dopo la loro partenza<\/a><\/li><li class='ez-toc-page-1'><a class=\"ez-toc-link ez-toc-heading-2\" href=\"https:\/\/www.alumni.space\/it\/alumni-come-rafforzare-il-tuo-senso-di-appartenenza-dopo-la-partenza\/#LIstituto_Novalys_nel_suo_contesto\" >L&#8217;Istituto Novalys nel suo contesto<\/a><\/li><li class='ez-toc-page-1'><a class=\"ez-toc-link ez-toc-heading-3\" href=\"https:\/\/www.alumni.space\/it\/alumni-come-rafforzare-il-tuo-senso-di-appartenenza-dopo-la-partenza\/#Governance_snella_e_ruoli_chiari_per_fidelizzare_i_clienti\" >Governance snella e ruoli chiari per fidelizzare i clienti<\/a><\/li><li class='ez-toc-page-1'><a class=\"ez-toc-link ez-toc-heading-4\" href=\"https:\/\/www.alumni.space\/it\/alumni-come-rafforzare-il-tuo-senso-di-appartenenza-dopo-la-partenza\/#Strutturare_lofferta_servizi_prioritari_per_i_responsabili_delle_decisioni\" >Strutturare l&#8217;offerta: servizi prioritari per i responsabili delle decisioni<\/a><\/li><li class='ez-toc-page-1'><a class=\"ez-toc-link ez-toc-heading-5\" href=\"https:\/\/www.alumni.space\/it\/alumni-come-rafforzare-il-tuo-senso-di-appartenenza-dopo-la-partenza\/#Eventi_annuali_e_rituali_operativi\" >Eventi annuali e rituali operativi<\/a><\/li><li class='ez-toc-page-1'><a class=\"ez-toc-link ez-toc-heading-6\" href=\"https:\/\/www.alumni.space\/it\/alumni-come-rafforzare-il-tuo-senso-di-appartenenza-dopo-la-partenza\/#Contenuti_utili_e_formati_brevi_per_catturare_lattenzione\" >Contenuti utili e formati brevi per catturare l&#8217;attenzione<\/a><\/li><li class='ez-toc-page-1'><a class=\"ez-toc-link ez-toc-heading-7\" href=\"https:\/\/www.alumni.space\/it\/alumni-come-rafforzare-il-tuo-senso-di-appartenenza-dopo-la-partenza\/#Indicatori_pragmatici_per_monitorare_ladozione\" >Indicatori pragmatici per monitorare l&#8217;adozione<\/a><\/li><li class='ez-toc-page-1'><a class=\"ez-toc-link ez-toc-heading-8\" href=\"https:\/\/www.alumni.space\/it\/alumni-come-rafforzare-il-tuo-senso-di-appartenenza-dopo-la-partenza\/#Finanziamenti_e_partnership_sostenibili\" >Finanziamenti e partnership sostenibili<\/a><\/li><li class='ez-toc-page-1'><a class=\"ez-toc-link ez-toc-heading-9\" href=\"https:\/\/www.alumni.space\/it\/alumni-come-rafforzare-il-tuo-senso-di-appartenenza-dopo-la-partenza\/#Fiducia_conformita_e_accessibilita\" >Fiducia, conformit\u00e0 e accessibilit\u00e0<\/a><\/li><li class='ez-toc-page-1'><a class=\"ez-toc-link ez-toc-heading-10\" href=\"https:\/\/www.alumni.space\/it\/alumni-come-rafforzare-il-tuo-senso-di-appartenenza-dopo-la-partenza\/#La_piattaforma_alumnispace_come_base_industriale\" >La piattaforma alumni.space come base industriale<\/a><\/li><li class='ez-toc-page-1'><a class=\"ez-toc-link ez-toc-heading-11\" href=\"https:\/\/www.alumni.space\/it\/alumni-come-rafforzare-il-tuo-senso-di-appartenenza-dopo-la-partenza\/#Implementazione_rapida_un_piano_di_90_giorni_per_essere_operativo\" >Implementazione rapida: un piano di 90 giorni per essere operativo<\/a><\/li><li class='ez-toc-page-1'><a class=\"ez-toc-link ez-toc-heading-12\" href=\"https:\/\/www.alumni.space\/it\/alumni-come-rafforzare-il-tuo-senso-di-appartenenza-dopo-la-partenza\/#Buone_pratiche_a_lungo_termine\" >Buone pratiche a lungo termine<\/a><\/li><li class='ez-toc-page-1'><a class=\"ez-toc-link ez-toc-heading-13\" href=\"https:\/\/www.alumni.space\/it\/alumni-come-rafforzare-il-tuo-senso-di-appartenenza-dopo-la-partenza\/#Ulteriori_letture_e_risorse\" >Ulteriori letture e risorse<\/a><\/li><\/ul><\/nav><\/div>\n<h2 class=\"wp-block-heading\"><span class=\"ez-toc-section\" id=\"Rafforzare_il_senso_di_appartenenza_degli_Alumni_dopo_la_loro_partenza\"><\/span>Rafforzare il <strong>senso di appartenenza<\/strong> degli <strong>Alumni<\/strong> dopo la loro partenza<span class=\"ez-toc-section-end\"><\/span><\/h2><p>La perdita di conoscenze e la rottura dei legami pesano molto sulla governance, sul reclutamento e sulla trasmissione interna. Una strategia chiara, rituali regolari e uno strumento centralizzato creano una continuit\u00e0 relazionale tra promos, team e partner. <\/p><figure class=\"wp-block-image size-full\"><img decoding=\"async\" width=\"1344\" height=\"768\" src=\"https:\/\/www.alumni.space\/wp-content\/uploads\/2026\/03\/Alumni-comment-booster-le-sentiment-dappartenance-apres-le-depart-1.jpg\" data-orig-src=\"https:\/\/www.alumni.space\/wp-content\/uploads\/2026\/03\/Alumni-comment-booster-le-sentiment-dappartenance-apres-le-depart-1.jpg\" alt=\"Scopri le strategie efficaci per rafforzare il senso di appartenenza degli ex alunni dopo la loro partenza e per mantenere forti legami con la tua comunit\u00e0 di ex alunni.\" class=\"lazyload wp-image-3360\" srcset=\"data:image\/svg+xml,%3Csvg%20xmlns%3D%27http%3A%2F%2Fwww.w3.org%2F2000%2Fsvg%27%20width%3D%271344%27%20height%3D%27768%27%20viewBox%3D%270%200%201344%20768%27%3E%3Crect%20width%3D%271344%27%20height%3D%27768%27%20fill-opacity%3D%220%22%2F%3E%3C%2Fsvg%3E\" data-srcset=\"https:\/\/www.alumni.space\/wp-content\/uploads\/2026\/03\/Alumni-comment-booster-le-sentiment-dappartenance-apres-le-depart-1-200x114.jpg 200w, https:\/\/www.alumni.space\/wp-content\/uploads\/2026\/03\/Alumni-comment-booster-le-sentiment-dappartenance-apres-le-depart-1-300x171.jpg 300w, https:\/\/www.alumni.space\/wp-content\/uploads\/2026\/03\/Alumni-comment-booster-le-sentiment-dappartenance-apres-le-depart-1-400x229.jpg 400w, https:\/\/www.alumni.space\/wp-content\/uploads\/2026\/03\/Alumni-comment-booster-le-sentiment-dappartenance-apres-le-depart-1-600x343.jpg 600w, https:\/\/www.alumni.space\/wp-content\/uploads\/2026\/03\/Alumni-comment-booster-le-sentiment-dappartenance-apres-le-depart-1-768x439.jpg 768w, https:\/\/www.alumni.space\/wp-content\/uploads\/2026\/03\/Alumni-comment-booster-le-sentiment-dappartenance-apres-le-depart-1-800x457.jpg 800w, https:\/\/www.alumni.space\/wp-content\/uploads\/2026\/03\/Alumni-comment-booster-le-sentiment-dappartenance-apres-le-depart-1-1024x585.jpg 1024w, https:\/\/www.alumni.space\/wp-content\/uploads\/2026\/03\/Alumni-comment-booster-le-sentiment-dappartenance-apres-le-depart-1-1200x686.jpg 1200w, https:\/\/www.alumni.space\/wp-content\/uploads\/2026\/03\/Alumni-comment-booster-le-sentiment-dappartenance-apres-le-depart-1.jpg 1344w\" data-sizes=\"auto\" data-orig-sizes=\"(max-width: 1344px) 100vw, 1344px\" \/><\/figure><h3 class=\"wp-block-heading\"><span class=\"ez-toc-section\" id=\"LIstituto_Novalys_nel_suo_contesto\"><\/span>L&#8217;Istituto Novalys nel suo contesto<span class=\"ez-toc-section-end\"><\/span><\/h3><p>L&#8217;Institut Novalys ha scelto di organizzare le sue attivit\u00e0 attorno a un nucleo di servizi: una directory filtrabile, un <strong>mentoring<\/strong> strutturato ed <strong>eventi<\/strong> ibridi. Il passaggio da un semplice gruppo su un social network a una piattaforma dedicata ha ridotto gli scambi dispersivi e rafforzato la tracciabilit\u00e0 delle interazioni. <\/p><h3 class=\"wp-block-heading\"><span class=\"ez-toc-section\" id=\"Governance_snella_e_ruoli_chiari_per_fidelizzare_i_clienti\"><\/span>Governance snella e ruoli chiari per fidelizzare i clienti<span class=\"ez-toc-section-end\"><\/span><\/h3><p>La creazione di un comitato di selezione, la nomina di coordinatori locali e di ruoli tematici per il coordinamento forniscono un quadro stabile. Ad ogni azione viene assegnata una scheda pratica: obiettivo, destinatari, metriche di monitoraggio, persona responsabile. <\/p><h2 class=\"wp-block-heading\"><span class=\"ez-toc-section\" id=\"Strutturare_lofferta_servizi_prioritari_per_i_responsabili_delle_decisioni\"><\/span>Strutturare l&#8217;offerta: servizi prioritari per i responsabili delle decisioni<span class=\"ez-toc-section-end\"><\/span><\/h2><p>Dare priorit\u00e0 a servizi concreti accelera l&#8217;adozione: <strong>bacheca di lavoro<\/strong> contributiva, <strong>tutoraggio<\/strong> espresso e lungo, directory con filtri lavorativi e geografici. Questi elementi costitutivi riducono la fuga di competenze e rafforzano il marchio del datore di lavoro. <\/p><h3 class=\"wp-block-heading\"><span class=\"ez-toc-section\" id=\"Eventi_annuali_e_rituali_operativi\"><\/span>Eventi annuali e rituali operativi<span class=\"ez-toc-section-end\"><\/span><\/h3><p>Un calendario basato sull&#8217;inizio dell&#8217;anno scolastico, sul periodo di reclutamento e sulla fine dell&#8217;anno crea dei punti di riferimento. L&#8217;alternanza di incontri locali, workshop sulla carriera e sessioni di matching per il <strong>networking<\/strong> genera un impegno misurabile ogni trimestre. <\/p><h3 class=\"wp-block-heading\"><span class=\"ez-toc-section\" id=\"Contenuti_utili_e_formati_brevi_per_catturare_lattenzione\"><\/span>Contenuti utili e formati brevi per catturare l&#8217;attenzione<span class=\"ez-toc-section-end\"><\/span><\/h3><p>I profili degli alumni, le mini guide alla carriera e i replay temporizzati offrono un valore immediato. L&#8217;uso di messaggi automatici di benvenuto e di riattivazione aumenta il tasso di completamento del profilo. <\/p><h2 class=\"wp-block-heading\"><span class=\"ez-toc-section\" id=\"Indicatori_pragmatici_per_monitorare_ladozione\"><\/span>Indicatori pragmatici per monitorare l&#8217;adozione<span class=\"ez-toc-section-end\"><\/span><\/h2><p>Il monitoraggio di una serie di KPI attivabili rende pi\u00f9 facile la gestione: tasso di completamento del profilo, partecipazione agli <strong>eventi<\/strong>, numero di coppie <strong>di mentori<\/strong> attive, offerte di lavoro pubblicate sulla <strong>job board<\/strong>. Questi indicatori convincono gli organi di governo e di finanziamento. <\/p><h3 class=\"wp-block-heading\"><span class=\"ez-toc-section\" id=\"Finanziamenti_e_partnership_sostenibili\"><\/span>Finanziamenti e partnership sostenibili<span class=\"ez-toc-section-end\"><\/span><\/h3><p>Modelli misti: quote di iscrizione simboliche per i laureati affermati, sponsor mirati e biglietteria per gli eventi premium creano un equilibrio finanziario. Premi semplici per il volontariato. <\/p><h2 class=\"wp-block-heading\"><span class=\"ez-toc-section\" id=\"Fiducia_conformita_e_accessibilita\"><\/span>Fiducia, conformit\u00e0 e accessibilit\u00e0<span class=\"ez-toc-section-end\"><\/span><\/h2><p>Il rispetto del RGPD, i meccanismi di moderazione reattivi e i formati accessibili (sottotitoli, contrasto, mobile first) rafforzano la fiducia. La politica di cancellazione dei dati inattivi chiarisce la governance delle informazioni. <\/p><h3 class=\"wp-block-heading\"><span class=\"ez-toc-section\" id=\"La_piattaforma_alumnispace_come_base_industriale\"><\/span>La piattaforma alumni.space come base industriale<span class=\"ez-toc-section-end\"><\/span><\/h3><p><strong>Alumni.space<\/strong> fornisce uno spazio centralizzato per profili, <strong>mentoring<\/strong>, <strong>eventi<\/strong>, <strong>networking<\/strong> e offerte di lavoro, evitando fogli di calcolo sparsi e strumenti multipli. Per standardizzare le attivit\u00e0 e misurare l&#8217;impatto, una piattaforma SaaS automatizza i promemoria, aggrega gli indicatori e organizza i capitoli locali. <\/p><p>Una piattaforma di questo tipo \u00e8 una questione di responsabilit\u00e0 sociale, perch\u00e9 il rapporto duraturo con gli ex alunni estende l&#8217;impegno dell&#8217;organizzazione oltre il contratto di lavoro: trasmissione di competenze, inclusione intergenerazionale, sostegno all&#8217;occupazione e promozione del volontariato delle competenze. Capitalizzare l&#8217;esperienza evita di sprecare le conoscenze e rafforza la credibilit\u00e0 del marchio del datore di lavoro attraverso testimonianze e ambasciatori. Risultati osservati: maggiore attrattiva, processo di assunzione pi\u00f9 semplice e maggiore fedelt\u00e0, con dashboard per monitorare la partecipazione e il feedback del mentoring.  <\/p><h2 class=\"wp-block-heading\"><span class=\"ez-toc-section\" id=\"Implementazione_rapida_un_piano_di_90_giorni_per_essere_operativo\"><\/span>Implementazione rapida: un piano di 90 giorni per essere operativo<span class=\"ez-toc-section-end\"><\/span><\/h2><p>Fase iniziale: formazione del comitato, promessa di valore, breve statuto e scelta dello strumento. Fase successiva: lancio dell&#8217;area riservata ai membri, importazione delle promozioni, pubblicazione delle offerte e primo webinar. Fase finale: avvio delle coppie, invio della newsletter e adeguamento dei KPI.  <\/p><h3 class=\"wp-block-heading\"><span class=\"ez-toc-section\" id=\"Buone_pratiche_a_lungo_termine\"><\/span>Buone pratiche a lungo termine<span class=\"ez-toc-section-end\"><\/span><\/h3><p>Mantenere un ritmo chiaro, concentrarsi sulla qualit\u00e0 delle interazioni e riconoscere i collaboratori produce effetti cumulativi. Semplici misure dopo ogni azione creano fiducia e incoraggiano la partecipazione continua. <\/p><h3 class=\"wp-block-heading\"><span class=\"ez-toc-section\" id=\"Ulteriori_letture_e_risorse\"><\/span>Ulteriori letture e risorse<span class=\"ez-toc-section-end\"><\/span><\/h3><p>Per saperne di pi\u00f9 sui formati degli eventi e sui meccanismi di coinvolgimento, consulta le guide pratiche sull&#8217;organizzazione di<strong>eventi<\/strong> e sulla strutturazione di reti di alumni attraverso risorse specializzate. Un feedback dettagliato aiuta a calibrare le prime azioni. <\/p><p>Tra le risorse utili vi sono il <a href=\"https:\/\/edusign.com\/fr\/blog\/comment-renforcer-le-reseau-de-votre-ecole-en-integrant-les-alumnis\/\">rafforzamento della rete scolastica<\/a> e i consigli per <a href=\"https:\/\/www.eudonet.com\/fr\/ressources\/blog\/organiser-evenement-alumni-engager-rassembler-sa-communaute\/\">organizzare eventi coinvolgenti per gli ex alunni<\/a>. Per quanto riguarda le migliori pratiche, la pubblicazione in PDF della IESF offre modelli adattabili. <\/p><p><strong>Azione consigliata<\/strong>: lanciare un MVP organizzato intorno a una directory, una <strong>job board<\/strong> e un programma <strong>di mentoring<\/strong>, quindi misurare tre KPI chiave per adeguare il piano. Per industrializzare l&#8217;approccio, <a href=\"https:\/\/www.alumni.space\/it\/alumni-come-rafforzare-il-tuo-senso-di-appartenenza-dopo-la-partenza\/\">Booster the sense of belonging<\/a> fornisce un&#8217;illustrazione del prodotto e delle opzioni di integrazione. <\/p><p><a href=\"https:\/\/www.alumni.space\/it\/il-valore-aggiunto-di-un-programma-per-alumni-per-il-tuo-marchio-aziendale\/\">Richiedi una demo<\/a><\/p>","protected":false},"excerpt":{"rendered":"<p>Una rete dialumni funzionante combina visibilit\u00e0, utilit\u00e0 e movimento continuo.  [&#8230;]<\/p>\n","protected":false},"author":1,"featured_media":5573,"comment_status":"closed","ping_status":"closed","sticky":false,"template":"","format":"standard","meta":{"_ayudawp_aiss_exclude":false,"footnotes":""},"categories":[62],"tags":[],"class_list":["post-5571","post","type-post","status-publish","format-standard","has-post-thumbnail","hentry","category-ex-studenti"],"yoast_head":"<!-- This site is optimized with the Yoast SEO plugin v27.4 - https:\/\/yoast.com\/product\/yoast-seo-wordpress\/ -->\n<title>Alumni: rafforzare il senso di appartenenza anche dopo la partenza<\/title>\n<meta name=\"description\" content=\"Scopri come rafforzare il legame e il senso di appartenenza tra gli ex alunni dopo la loro partenza attraverso strategie efficaci e impegnate.\" \/>\n<meta name=\"robots\" content=\"index, follow, max-snippet:-1, max-image-preview:large, max-video-preview:-1\" \/>\n<link rel=\"canonical\" href=\"https:\/\/www.alumni.space\/it\/alumni-come-rafforzare-il-tuo-senso-di-appartenenza-dopo-la-partenza\/\" \/>\n<meta property=\"og:locale\" content=\"it_IT\" \/>\n<meta property=\"og:type\" content=\"article\" \/>\n<meta property=\"og:title\" content=\"Alumni: rafforzare il senso di appartenenza anche dopo la partenza\" \/>\n<meta property=\"og:description\" content=\"Scopri come rafforzare il legame e il senso di appartenenza tra gli ex alunni dopo la loro partenza attraverso strategie efficaci e impegnate.\" \/>\n<meta property=\"og:url\" content=\"https:\/\/www.alumni.space\/it\/alumni-come-rafforzare-il-tuo-senso-di-appartenenza-dopo-la-partenza\/\" \/>\n<meta property=\"og:site_name\" content=\"Alumni.space\" \/>\n<meta property=\"article:published_time\" content=\"2025-05-11T22:02:46+00:00\" \/>\n<meta property=\"article:modified_time\" content=\"2026-03-28T10:42:11+00:00\" \/>\n<meta property=\"og:image\" content=\"https:\/\/www.alumni.space\/wp-content\/uploads\/2026\/03\/Alumni-comment-booster-le-sentiment-dappartenance-apres-le-depart.jpg\" \/>\n\t<meta property=\"og:image:width\" content=\"1344\" \/>\n\t<meta property=\"og:image:height\" content=\"768\" \/>\n\t<meta property=\"og:image:type\" content=\"image\/jpeg\" \/>\n<meta name=\"author\" content=\"admin\" \/>\n<meta name=\"twitter:card\" content=\"summary_large_image\" \/>\n<meta name=\"twitter:label1\" content=\"Scritto da\" \/>\n\t<meta name=\"twitter:data1\" content=\"admin\" \/>\n\t<meta name=\"twitter:label2\" content=\"Tempo di lettura stimato\" \/>\n\t<meta name=\"twitter:data2\" content=\"4 minuti\" \/>\n<script type=\"application\/ld+json\" class=\"yoast-schema-graph\">{\"@context\":\"https:\\\/\\\/schema.org\",\"@graph\":[{\"@type\":\"Article\",\"@id\":\"https:\\\/\\\/www.alumni.space\\\/it\\\/alumni-come-rafforzare-il-tuo-senso-di-appartenenza-dopo-la-partenza\\\/#article\",\"isPartOf\":{\"@id\":\"https:\\\/\\\/www.alumni.space\\\/it\\\/alumni-come-rafforzare-il-tuo-senso-di-appartenenza-dopo-la-partenza\\\/\"},\"author\":{\"name\":\"admin\",\"@id\":\"https:\\\/\\\/www.alumni.space\\\/it\\\/#\\\/schema\\\/person\\\/fede362a57876edda476a61f05ce5b15\"},\"headline\":\"Alumni: come rafforzare il tuo senso di appartenenza dopo la partenza\",\"datePublished\":\"2025-05-11T22:02:46+00:00\",\"dateModified\":\"2026-03-28T10:42:11+00:00\",\"mainEntityOfPage\":{\"@id\":\"https:\\\/\\\/www.alumni.space\\\/it\\\/alumni-come-rafforzare-il-tuo-senso-di-appartenenza-dopo-la-partenza\\\/\"},\"wordCount\":801,\"image\":{\"@id\":\"https:\\\/\\\/www.alumni.space\\\/it\\\/alumni-come-rafforzare-il-tuo-senso-di-appartenenza-dopo-la-partenza\\\/#primaryimage\"},\"thumbnailUrl\":\"https:\\\/\\\/www.alumni.space\\\/wp-content\\\/uploads\\\/2026\\\/03\\\/Alumni-comment-booster-le-sentiment-dappartenance-apres-le-depart.jpg\",\"articleSection\":[\"Ex studenti\"],\"inLanguage\":\"it-IT\"},{\"@type\":\"WebPage\",\"@id\":\"https:\\\/\\\/www.alumni.space\\\/it\\\/alumni-come-rafforzare-il-tuo-senso-di-appartenenza-dopo-la-partenza\\\/\",\"url\":\"https:\\\/\\\/www.alumni.space\\\/it\\\/alumni-come-rafforzare-il-tuo-senso-di-appartenenza-dopo-la-partenza\\\/\",\"name\":\"Alumni: rafforzare il senso di appartenenza anche dopo la partenza\",\"isPartOf\":{\"@id\":\"https:\\\/\\\/www.alumni.space\\\/it\\\/#website\"},\"primaryImageOfPage\":{\"@id\":\"https:\\\/\\\/www.alumni.space\\\/it\\\/alumni-come-rafforzare-il-tuo-senso-di-appartenenza-dopo-la-partenza\\\/#primaryimage\"},\"image\":{\"@id\":\"https:\\\/\\\/www.alumni.space\\\/it\\\/alumni-come-rafforzare-il-tuo-senso-di-appartenenza-dopo-la-partenza\\\/#primaryimage\"},\"thumbnailUrl\":\"https:\\\/\\\/www.alumni.space\\\/wp-content\\\/uploads\\\/2026\\\/03\\\/Alumni-comment-booster-le-sentiment-dappartenance-apres-le-depart.jpg\",\"datePublished\":\"2025-05-11T22:02:46+00:00\",\"dateModified\":\"2026-03-28T10:42:11+00:00\",\"author\":{\"@id\":\"https:\\\/\\\/www.alumni.space\\\/it\\\/#\\\/schema\\\/person\\\/fede362a57876edda476a61f05ce5b15\"},\"description\":\"Scopri come rafforzare il legame e il senso di appartenenza tra gli ex alunni dopo la loro partenza attraverso strategie efficaci e impegnate.\",\"breadcrumb\":{\"@id\":\"https:\\\/\\\/www.alumni.space\\\/it\\\/alumni-come-rafforzare-il-tuo-senso-di-appartenenza-dopo-la-partenza\\\/#breadcrumb\"},\"inLanguage\":\"it-IT\",\"potentialAction\":[{\"@type\":\"ReadAction\",\"target\":[\"https:\\\/\\\/www.alumni.space\\\/it\\\/alumni-come-rafforzare-il-tuo-senso-di-appartenenza-dopo-la-partenza\\\/\"]}]},{\"@type\":\"ImageObject\",\"inLanguage\":\"it-IT\",\"@id\":\"https:\\\/\\\/www.alumni.space\\\/it\\\/alumni-come-rafforzare-il-tuo-senso-di-appartenenza-dopo-la-partenza\\\/#primaryimage\",\"url\":\"https:\\\/\\\/www.alumni.space\\\/wp-content\\\/uploads\\\/2026\\\/03\\\/Alumni-comment-booster-le-sentiment-dappartenance-apres-le-depart.jpg\",\"contentUrl\":\"https:\\\/\\\/www.alumni.space\\\/wp-content\\\/uploads\\\/2026\\\/03\\\/Alumni-comment-booster-le-sentiment-dappartenance-apres-le-depart.jpg\",\"width\":1344,\"height\":768,\"caption\":\"Scopri le strategie efficaci per rafforzare il senso di appartenenza degli ex alunni dopo la loro partenza e per mantenere legami duraturi con la tua comunit\u00e0 di ex alunni.\"},{\"@type\":\"BreadcrumbList\",\"@id\":\"https:\\\/\\\/www.alumni.space\\\/it\\\/alumni-come-rafforzare-il-tuo-senso-di-appartenenza-dopo-la-partenza\\\/#breadcrumb\",\"itemListElement\":[{\"@type\":\"ListItem\",\"position\":1,\"name\":\"Home\",\"item\":\"https:\\\/\\\/www.alumni.space\\\/it\\\/piattaforma-di-mentoring-e-di-gestione-degli-alumni\\\/\"},{\"@type\":\"ListItem\",\"position\":2,\"name\":\"Alumni: come rafforzare il tuo senso di appartenenza dopo la partenza\"}]},{\"@type\":\"WebSite\",\"@id\":\"https:\\\/\\\/www.alumni.space\\\/it\\\/#website\",\"url\":\"https:\\\/\\\/www.alumni.space\\\/it\\\/\",\"name\":\"Alumni.space\",\"description\":\"My WordPress Blog\",\"potentialAction\":[{\"@type\":\"SearchAction\",\"target\":{\"@type\":\"EntryPoint\",\"urlTemplate\":\"https:\\\/\\\/www.alumni.space\\\/it\\\/?s={search_term_string}\"},\"query-input\":{\"@type\":\"PropertyValueSpecification\",\"valueRequired\":true,\"valueName\":\"search_term_string\"}}],\"inLanguage\":\"it-IT\"},{\"@type\":\"Person\",\"@id\":\"https:\\\/\\\/www.alumni.space\\\/it\\\/#\\\/schema\\\/person\\\/fede362a57876edda476a61f05ce5b15\",\"name\":\"admin\",\"image\":{\"@type\":\"ImageObject\",\"inLanguage\":\"it-IT\",\"@id\":\"https:\\\/\\\/secure.gravatar.com\\\/avatar\\\/318e234ae94f90d4d629428d6b983c08e31181c28f579e08a021180d759ea651?s=96&d=mm&r=g\",\"url\":\"https:\\\/\\\/secure.gravatar.com\\\/avatar\\\/318e234ae94f90d4d629428d6b983c08e31181c28f579e08a021180d759ea651?s=96&d=mm&r=g\",\"contentUrl\":\"https:\\\/\\\/secure.gravatar.com\\\/avatar\\\/318e234ae94f90d4d629428d6b983c08e31181c28f579e08a021180d759ea651?s=96&d=mm&r=g\",\"caption\":\"admin\"},\"description\":\"Nicolas Laustriat a construit sa sp\u00e9cialit\u00e9 sur un sujet que beaucoup d\u2019organisations d\u00e9couvrent trop tard : ce qui dispara\u00eet quand les gens partent. Dipl\u00f4m\u00e9 en conception de produit industriel, il bifurque vers le digital fin 1996, il couvre les transformations marques, RH, la fid\u00e9lisation, la marque employeur. Sur le terrain, il rep\u00e8re un angle mort r\u00e9current : l\u2019entreprise investit dans le recrutement, la formation, les process\u2026 puis laisse filer le lien au moment du d\u00e9part, avec une perte de savoir et d\u2019influence qui se paie en silence. Il se sp\u00e9cialise alors sur les communaut\u00e9s d\u2019alumni, le mentorat, l\u2019entraide interg\u00e9n\u00e9rationnelle et la transmission d\u2019expertise. Il passe du \u201cconstat\u201d aux m\u00e9thodes : animation, gouvernance, segmentation, rituels, mesure d\u2019engagement, articulation avec la RSE et l\u2019employabilit\u00e9. Il interviewe DRH, responsables formation, directions d\u2019\u00e9coles, associations et fondations, avec une obsession : transformer un r\u00e9seau dormant en m\u00e9canisme utile (cooptation, mentorat, job board, entraide, \u00e9v\u00e9nements, contenus). Son style : direct, orient\u00e9 action, sans folklore. Sa conviction : une communaut\u00e9 n\u2019a pas besoin de bruit, elle a besoin de raisons de revenir.\",\"sameAs\":[\"https:\\\/\\\/www.alumni.space\"]}]}<\/script>\n<!-- \/ Yoast SEO plugin. -->","yoast_head_json":{"title":"Alumni: rafforzare il senso di appartenenza anche dopo la partenza","description":"Scopri come rafforzare il legame e il senso di appartenenza tra gli ex alunni dopo la loro partenza attraverso strategie efficaci e impegnate.","robots":{"index":"index","follow":"follow","max-snippet":"max-snippet:-1","max-image-preview":"max-image-preview:large","max-video-preview":"max-video-preview:-1"},"canonical":"https:\/\/www.alumni.space\/it\/alumni-come-rafforzare-il-tuo-senso-di-appartenenza-dopo-la-partenza\/","og_locale":"it_IT","og_type":"article","og_title":"Alumni: rafforzare il senso di appartenenza anche dopo la partenza","og_description":"Scopri come rafforzare il legame e il senso di appartenenza tra gli ex alunni dopo la loro partenza attraverso strategie efficaci e impegnate.","og_url":"https:\/\/www.alumni.space\/it\/alumni-come-rafforzare-il-tuo-senso-di-appartenenza-dopo-la-partenza\/","og_site_name":"Alumni.space","article_published_time":"2025-05-11T22:02:46+00:00","article_modified_time":"2026-03-28T10:42:11+00:00","og_image":[{"width":1344,"height":768,"url":"https:\/\/www.alumni.space\/wp-content\/uploads\/2026\/03\/Alumni-comment-booster-le-sentiment-dappartenance-apres-le-depart.jpg","type":"image\/jpeg"}],"author":"admin","twitter_card":"summary_large_image","twitter_misc":{"Scritto da":"admin","Tempo di lettura stimato":"4 minuti"},"schema":{"@context":"https:\/\/schema.org","@graph":[{"@type":"Article","@id":"https:\/\/www.alumni.space\/it\/alumni-come-rafforzare-il-tuo-senso-di-appartenenza-dopo-la-partenza\/#article","isPartOf":{"@id":"https:\/\/www.alumni.space\/it\/alumni-come-rafforzare-il-tuo-senso-di-appartenenza-dopo-la-partenza\/"},"author":{"name":"admin","@id":"https:\/\/www.alumni.space\/it\/#\/schema\/person\/fede362a57876edda476a61f05ce5b15"},"headline":"Alumni: come rafforzare il tuo senso di appartenenza dopo la partenza","datePublished":"2025-05-11T22:02:46+00:00","dateModified":"2026-03-28T10:42:11+00:00","mainEntityOfPage":{"@id":"https:\/\/www.alumni.space\/it\/alumni-come-rafforzare-il-tuo-senso-di-appartenenza-dopo-la-partenza\/"},"wordCount":801,"image":{"@id":"https:\/\/www.alumni.space\/it\/alumni-come-rafforzare-il-tuo-senso-di-appartenenza-dopo-la-partenza\/#primaryimage"},"thumbnailUrl":"https:\/\/www.alumni.space\/wp-content\/uploads\/2026\/03\/Alumni-comment-booster-le-sentiment-dappartenance-apres-le-depart.jpg","articleSection":["Ex studenti"],"inLanguage":"it-IT"},{"@type":"WebPage","@id":"https:\/\/www.alumni.space\/it\/alumni-come-rafforzare-il-tuo-senso-di-appartenenza-dopo-la-partenza\/","url":"https:\/\/www.alumni.space\/it\/alumni-come-rafforzare-il-tuo-senso-di-appartenenza-dopo-la-partenza\/","name":"Alumni: rafforzare il senso di appartenenza anche dopo la partenza","isPartOf":{"@id":"https:\/\/www.alumni.space\/it\/#website"},"primaryImageOfPage":{"@id":"https:\/\/www.alumni.space\/it\/alumni-come-rafforzare-il-tuo-senso-di-appartenenza-dopo-la-partenza\/#primaryimage"},"image":{"@id":"https:\/\/www.alumni.space\/it\/alumni-come-rafforzare-il-tuo-senso-di-appartenenza-dopo-la-partenza\/#primaryimage"},"thumbnailUrl":"https:\/\/www.alumni.space\/wp-content\/uploads\/2026\/03\/Alumni-comment-booster-le-sentiment-dappartenance-apres-le-depart.jpg","datePublished":"2025-05-11T22:02:46+00:00","dateModified":"2026-03-28T10:42:11+00:00","author":{"@id":"https:\/\/www.alumni.space\/it\/#\/schema\/person\/fede362a57876edda476a61f05ce5b15"},"description":"Scopri come rafforzare il legame e il senso di appartenenza tra gli ex alunni dopo la loro partenza attraverso strategie efficaci e impegnate.","breadcrumb":{"@id":"https:\/\/www.alumni.space\/it\/alumni-come-rafforzare-il-tuo-senso-di-appartenenza-dopo-la-partenza\/#breadcrumb"},"inLanguage":"it-IT","potentialAction":[{"@type":"ReadAction","target":["https:\/\/www.alumni.space\/it\/alumni-come-rafforzare-il-tuo-senso-di-appartenenza-dopo-la-partenza\/"]}]},{"@type":"ImageObject","inLanguage":"it-IT","@id":"https:\/\/www.alumni.space\/it\/alumni-come-rafforzare-il-tuo-senso-di-appartenenza-dopo-la-partenza\/#primaryimage","url":"https:\/\/www.alumni.space\/wp-content\/uploads\/2026\/03\/Alumni-comment-booster-le-sentiment-dappartenance-apres-le-depart.jpg","contentUrl":"https:\/\/www.alumni.space\/wp-content\/uploads\/2026\/03\/Alumni-comment-booster-le-sentiment-dappartenance-apres-le-depart.jpg","width":1344,"height":768,"caption":"Scopri le strategie efficaci per rafforzare il senso di appartenenza degli ex alunni dopo la loro partenza e per mantenere legami duraturi con la tua comunit\u00e0 di ex alunni."},{"@type":"BreadcrumbList","@id":"https:\/\/www.alumni.space\/it\/alumni-come-rafforzare-il-tuo-senso-di-appartenenza-dopo-la-partenza\/#breadcrumb","itemListElement":[{"@type":"ListItem","position":1,"name":"Home","item":"https:\/\/www.alumni.space\/it\/piattaforma-di-mentoring-e-di-gestione-degli-alumni\/"},{"@type":"ListItem","position":2,"name":"Alumni: come rafforzare il tuo senso di appartenenza dopo la partenza"}]},{"@type":"WebSite","@id":"https:\/\/www.alumni.space\/it\/#website","url":"https:\/\/www.alumni.space\/it\/","name":"Alumni.space","description":"My WordPress Blog","potentialAction":[{"@type":"SearchAction","target":{"@type":"EntryPoint","urlTemplate":"https:\/\/www.alumni.space\/it\/?s={search_term_string}"},"query-input":{"@type":"PropertyValueSpecification","valueRequired":true,"valueName":"search_term_string"}}],"inLanguage":"it-IT"},{"@type":"Person","@id":"https:\/\/www.alumni.space\/it\/#\/schema\/person\/fede362a57876edda476a61f05ce5b15","name":"admin","image":{"@type":"ImageObject","inLanguage":"it-IT","@id":"https:\/\/secure.gravatar.com\/avatar\/318e234ae94f90d4d629428d6b983c08e31181c28f579e08a021180d759ea651?s=96&d=mm&r=g","url":"https:\/\/secure.gravatar.com\/avatar\/318e234ae94f90d4d629428d6b983c08e31181c28f579e08a021180d759ea651?s=96&d=mm&r=g","contentUrl":"https:\/\/secure.gravatar.com\/avatar\/318e234ae94f90d4d629428d6b983c08e31181c28f579e08a021180d759ea651?s=96&d=mm&r=g","caption":"admin"},"description":"Nicolas Laustriat a construit sa sp\u00e9cialit\u00e9 sur un sujet que beaucoup d\u2019organisations d\u00e9couvrent trop tard : ce qui dispara\u00eet quand les gens partent. Dipl\u00f4m\u00e9 en conception de produit industriel, il bifurque vers le digital fin 1996, il couvre les transformations marques, RH, la fid\u00e9lisation, la marque employeur. Sur le terrain, il rep\u00e8re un angle mort r\u00e9current : l\u2019entreprise investit dans le recrutement, la formation, les process\u2026 puis laisse filer le lien au moment du d\u00e9part, avec une perte de savoir et d\u2019influence qui se paie en silence. Il se sp\u00e9cialise alors sur les communaut\u00e9s d\u2019alumni, le mentorat, l\u2019entraide interg\u00e9n\u00e9rationnelle et la transmission d\u2019expertise. Il passe du \u201cconstat\u201d aux m\u00e9thodes : animation, gouvernance, segmentation, rituels, mesure d\u2019engagement, articulation avec la RSE et l\u2019employabilit\u00e9. Il interviewe DRH, responsables formation, directions d\u2019\u00e9coles, associations et fondations, avec une obsession : transformer un r\u00e9seau dormant en m\u00e9canisme utile (cooptation, mentorat, job board, entraide, \u00e9v\u00e9nements, contenus). Son style : direct, orient\u00e9 action, sans folklore. Sa conviction : une communaut\u00e9 n\u2019a pas besoin de bruit, elle a besoin de raisons de revenir.","sameAs":["https:\/\/www.alumni.space"]}]}},"_links":{"self":[{"href":"https:\/\/www.alumni.space\/it\/wp-json\/wp\/v2\/posts\/5571","targetHints":{"allow":["GET"]}}],"collection":[{"href":"https:\/\/www.alumni.space\/it\/wp-json\/wp\/v2\/posts"}],"about":[{"href":"https:\/\/www.alumni.space\/it\/wp-json\/wp\/v2\/types\/post"}],"author":[{"embeddable":true,"href":"https:\/\/www.alumni.space\/it\/wp-json\/wp\/v2\/users\/1"}],"replies":[{"embeddable":true,"href":"https:\/\/www.alumni.space\/it\/wp-json\/wp\/v2\/comments?post=5571"}],"version-history":[{"count":1,"href":"https:\/\/www.alumni.space\/it\/wp-json\/wp\/v2\/posts\/5571\/revisions"}],"predecessor-version":[{"id":5576,"href":"https:\/\/www.alumni.space\/it\/wp-json\/wp\/v2\/posts\/5571\/revisions\/5576"}],"wp:featuredmedia":[{"embeddable":true,"href":"https:\/\/www.alumni.space\/it\/wp-json\/wp\/v2\/media\/5573"}],"wp:attachment":[{"href":"https:\/\/www.alumni.space\/it\/wp-json\/wp\/v2\/media?parent=5571"}],"wp:term":[{"taxonomy":"category","embeddable":true,"href":"https:\/\/www.alumni.space\/it\/wp-json\/wp\/v2\/categories?post=5571"},{"taxonomy":"post_tag","embeddable":true,"href":"https:\/\/www.alumni.space\/it\/wp-json\/wp\/v2\/tags?post=5571"}],"curies":[{"name":"wp","href":"https:\/\/api.w.org\/{rel}","templated":true}]}}