{"id":5492,"date":"2025-02-02T17:22:38","date_gmt":"2025-02-02T17:22:38","guid":{"rendered":"https:\/\/www.alumni.space\/il-settore-agroalimentare-deve-affrontare-la-sfida-del-trasferimento-delle-competenze\/"},"modified":"2026-03-28T10:41:04","modified_gmt":"2026-03-28T10:41:04","slug":"il-settore-agroalimentare-deve-affrontare-la-sfida-del-trasferimento-delle-competenze","status":"publish","type":"post","link":"https:\/\/www.alumni.space\/it\/il-settore-agroalimentare-deve-affrontare-la-sfida-del-trasferimento-delle-competenze\/","title":{"rendered":"Il settore agroalimentare deve affrontare la sfida del trasferimento delle competenze"},"content":{"rendered":"<div id=\"ez-toc-container\" class=\"ez-toc-v2_0_82_2 counter-flat ez-toc-counter ez-toc-grey ez-toc-container-direction\">\n<div class=\"ez-toc-title-container\"><p class=\"ez-toc-title\" style=\"cursor:inherit\">In questo articolo:<\/p>\n<\/div><nav><ul class='ez-toc-list ez-toc-list-level-1 ' ><li class='ez-toc-page-1'><a class=\"ez-toc-link ez-toc-heading-1\" href=\"https:\/\/www.alumni.space\/it\/il-settore-agroalimentare-deve-affrontare-la-sfida-del-trasferimento-delle-competenze\/#Problemi_chiave_nel_trasferimento_delle_competenze_nel_settore_agroalimentare\" >Problemi chiave nel trasferimento delle competenze nel settore agroalimentare<\/a><\/li><li class='ez-toc-page-1'><a class=\"ez-toc-link ez-toc-heading-2\" href=\"https:\/\/www.alumni.space\/it\/il-settore-agroalimentare-deve-affrontare-la-sfida-del-trasferimento-delle-competenze\/#I_costi_nascosti_del_gap_di_conoscenza_e_i_metodi_per_evitarlo\" >I costi nascosti del gap di conoscenza e i metodi per evitarlo<\/a><\/li><li class='ez-toc-page-1'><a class=\"ez-toc-link ez-toc-heading-3\" href=\"https:\/\/www.alumni.space\/it\/il-settore-agroalimentare-deve-affrontare-la-sfida-del-trasferimento-delle-competenze\/#Ottimizzare_la_gestione_dei_talenti_per_sostenere_il_trasferimento_nel_settore_agroalimentare\" >Ottimizzare la gestione dei talenti per sostenere il trasferimento nel settore agroalimentare<\/a><\/li><li class='ez-toc-page-1'><a class=\"ez-toc-link ez-toc-heading-4\" href=\"https:\/\/www.alumni.space\/it\/il-settore-agroalimentare-deve-affrontare-la-sfida-del-trasferimento-delle-competenze\/#Implementazione_operativa_e_best_practice\" >Implementazione operativa e best practice<\/a><\/li><\/ul><\/nav><\/div>\n<h2 class=\"wp-block-heading\"><span class=\"ez-toc-section\" id=\"Problemi_chiave_nel_trasferimento_delle_competenze_nel_settore_agroalimentare\"><\/span>Problemi chiave nel trasferimento delle competenze nel settore agroalimentare<span class=\"ez-toc-section-end\"><\/span><\/h2><p>Il <strong>settore agroalimentare<\/strong> sta vivendo una profonda trasformazione, in cui la padronanza delle competenze tradizionali si inserisce in un contesto di<strong>innovazione tecnologica<\/strong> e <strong>sviluppo sostenibile<\/strong>. Le sfide del <strong>trasferimento delle competenze<\/strong> sono al centro della gestione dei talenti, che \u00e8 essenziale per garantire la <strong>qualit\u00e0 degli alimenti<\/strong> e la <strong>sostenibilit\u00e0 del know-how<\/strong>. <\/p><p>Le aziende si trovano a dover <strong>adattare le proprie competenze in<\/strong> risposta al ricambio generazionale e ai cambiamenti tecnologici. In questo contesto, i dipartimenti <strong>delle risorse umane<\/strong> devono anticipare in modo rigoroso per evitare interruzioni nella trasmissione delle conoscenze, essenziali per la continuit\u00e0 della produzione e della competitivit\u00e0. <\/p><figure class=\"wp-block-image size-full\"><img decoding=\"async\" width=\"1280\" height=\"768\" src=\"https:\/\/www.alumni.space\/wp-content\/uploads\/2026\/03\/Le-secteur-agroalimentaire-face-au-defi-du-transfert-des-competences-1.jpg\" data-orig-src=\"https:\/\/www.alumni.space\/wp-content\/uploads\/2026\/03\/Le-secteur-agroalimentaire-face-au-defi-du-transfert-des-competences-1.jpg\" alt=\"Scopri come il settore agroalimentare sta affrontando la sfida del trasferimento delle competenze per garantire il suo sviluppo e la sua competitivit\u00e0 in un mercato in continua evoluzione.\" class=\"lazyload wp-image-3255\" srcset=\"data:image\/svg+xml,%3Csvg%20xmlns%3D%27http%3A%2F%2Fwww.w3.org%2F2000%2Fsvg%27%20width%3D%271280%27%20height%3D%27768%27%20viewBox%3D%270%200%201280%20768%27%3E%3Crect%20width%3D%271280%27%20height%3D%27768%27%20fill-opacity%3D%220%22%2F%3E%3C%2Fsvg%3E\" data-srcset=\"https:\/\/www.alumni.space\/wp-content\/uploads\/2026\/03\/Le-secteur-agroalimentaire-face-au-defi-du-transfert-des-competences-1-200x120.jpg 200w, https:\/\/www.alumni.space\/wp-content\/uploads\/2026\/03\/Le-secteur-agroalimentaire-face-au-defi-du-transfert-des-competences-1-300x180.jpg 300w, https:\/\/www.alumni.space\/wp-content\/uploads\/2026\/03\/Le-secteur-agroalimentaire-face-au-defi-du-transfert-des-competences-1-400x240.jpg 400w, https:\/\/www.alumni.space\/wp-content\/uploads\/2026\/03\/Le-secteur-agroalimentaire-face-au-defi-du-transfert-des-competences-1-600x360.jpg 600w, https:\/\/www.alumni.space\/wp-content\/uploads\/2026\/03\/Le-secteur-agroalimentaire-face-au-defi-du-transfert-des-competences-1-768x461.jpg 768w, https:\/\/www.alumni.space\/wp-content\/uploads\/2026\/03\/Le-secteur-agroalimentaire-face-au-defi-du-transfert-des-competences-1-800x480.jpg 800w, https:\/\/www.alumni.space\/wp-content\/uploads\/2026\/03\/Le-secteur-agroalimentaire-face-au-defi-du-transfert-des-competences-1-1024x614.jpg 1024w, https:\/\/www.alumni.space\/wp-content\/uploads\/2026\/03\/Le-secteur-agroalimentaire-face-au-defi-du-transfert-des-competences-1-1200x720.jpg 1200w, https:\/\/www.alumni.space\/wp-content\/uploads\/2026\/03\/Le-secteur-agroalimentaire-face-au-defi-du-transfert-des-competences-1.jpg 1280w\" data-sizes=\"auto\" data-orig-sizes=\"(max-width: 1280px) 100vw, 1280px\" \/><\/figure><h3 class=\"wp-block-heading\"><span class=\"ez-toc-section\" id=\"I_costi_nascosti_del_gap_di_conoscenza_e_i_metodi_per_evitarlo\"><\/span>I costi nascosti del gap di conoscenza e i metodi per evitarlo<span class=\"ez-toc-section-end\"><\/span><\/h3><p>La perdita di esperienza ha un impatto diretto sulle prestazioni: ritardi, errori, aumento dei costi e rischio di reputazione. Questo fenomeno si manifesta spesso con una maggiore <strong>disorganizzazione<\/strong> e con la perdita dei legami con le buone pratiche ancestrali. Le aziende possono affidarsi a strategie collaudate che prevedono un monitoraggio strutturato delle competenze e un trasferimento intergenerazionale formalizzato, in particolare attraverso il mentoring.  <\/p><p>La creazione di rituali regolari, adattati al ciclo di produzione e formazione professionale, facilita la condivisione pragmatica delle conoscenze. Ci\u00f2 comporta l&#8217;identificazione dei profili chiave, la mappatura delle competenze critiche e l&#8217;utilizzo di strumenti dedicati per garantire una gestione fluida e sostenibile. Questo approccio riduce l&#8217;impatto temporale e finanziario di una <strong>carenza di conoscenze<\/strong>. Per saperne di pi\u00f9, sul <a href=\"https:\/\/www.alumni.space\/it\/come-possiamo-evitare-una-perdita-di-conoscenze-nei-nostri-cantieri-quando-gli-esperti-se-ne-vanno\/\">sito di knowledge disruption<\/a> sono disponibili risorse che illustrano l&#8217;approccio specifico per ogni settore.   <\/p><h2 class=\"wp-block-heading\"><span class=\"ez-toc-section\" id=\"Ottimizzare_la_gestione_dei_talenti_per_sostenere_il_trasferimento_nel_settore_agroalimentare\"><\/span>Ottimizzare la gestione dei talenti per sostenere il trasferimento nel settore agroalimentare<span class=\"ez-toc-section-end\"><\/span><\/h2><p>La governance delle risorse umane deve essere adattata per sostenere una dinamica di<strong>impegno sostenibile<\/strong> da parte dei dipendenti. La gestione degli indicatori di performance legati alla formazione professionale e allo sviluppo delle competenze facilita il processo decisionale. <\/p><p>L&#8217;utilizzo di una piattaforma specializzata come <a href=\"https:\/\/www.alumni.space\/it\/come-possono-i-dipartimenti-hr-anticipare-la-piramide-delleta\/\">alumni.space<\/a> consente di industrializzare il processo di gestione e animazione delle comunit\u00e0 interne ed esterne. Questo strumento digitale consente di segmentare efficacemente i profili, di creare coppie mentore-mentee e di organizzare eventi mirati per stimolare il sostegno e la trasmissione reciproca. Il cruscotto semplifica il <strong>monitoraggio della conformit\u00e0<\/strong> e fa <strong>risparmiare tempo<\/strong>.  <\/p><h3 class=\"wp-block-heading\"><span class=\"ez-toc-section\" id=\"Implementazione_operativa_e_best_practice\"><\/span>Implementazione operativa e best practice<span class=\"ez-toc-section-end\"><\/span><\/h3><p>Il successo del trasferimento delle competenze dipende dalla regolarit\u00e0 delle azioni. Un ritmo ben definito per le sessioni di formazione e condivisione ottimizza lo sviluppo collettivo delle competenze. Una chiara definizione dei ruoli, dai responsabili delle risorse umane ai mentori, crea una struttura di governance che \u00e8 allo stesso tempo di supporto e di responsabilizzazione.  <\/p><p>I contenuti offerti devono combinare il know-how tecnico, le buone pratiche di qualit\u00e0 alimentare e la consapevolezza dei temi dello <strong>sviluppo sostenibile<\/strong>. Lo sviluppo di una <strong>biblioteca di documenti<\/strong> accessibili rafforza la memoria organizzativa. \u00c8 inoltre utile associare iniziative di cooptazione attraverso la comunit\u00e0, incoraggiando la fidelizzazione dei talenti.  <\/p><p>Oggi i decisori del settore agroalimentare hanno a disposizione tutta la leva digitale di cui hanno bisogno per soddisfare queste esigenze. Per preservare il loro capitale di competenze a lungo termine, devono avviare un approccio strutturato, accompagnato da strumenti adatti alla natura specifica del settore. Maggiori informazioni sulla gestione del know-how artigianale nell&#8217;industria agroalimentare sono disponibili su <a href=\"https:\/\/www.alumni.space\/it\/come-possiamo-preservare-lesperienza-unica-degli-artigiani-industriali\/\">alumni.space<\/a>.  <\/p>","protected":false},"excerpt":{"rendered":"<p>Problemi chiave nel trasferimento delle competenze nel settore agroalimentareIl settore  [&#8230;]<\/p>\n","protected":false},"author":1,"featured_media":5494,"comment_status":"closed","ping_status":"closed","sticky":false,"template":"","format":"standard","meta":{"_ayudawp_aiss_exclude":false,"footnotes":""},"categories":[64],"tags":[],"class_list":["post-5492","post","type-post","status-publish","format-standard","has-post-thumbnail","hentry","category-condivisione-delle-conoscenze"],"yoast_head":"<!-- This site is optimized with the Yoast SEO plugin v27.4 - https:\/\/yoast.com\/product\/yoast-seo-wordpress\/ -->\n<title>Agroalimentare: affrontare la sfida del trasferimento delle competenze<\/title>\n<meta name=\"description\" content=\"Il settore agroalimentare sta raccogliendo la sfida del trasferimento delle competenze per innovare e rimanere competitivo di fronte alle sfide di oggi.\" \/>\n<meta name=\"robots\" content=\"index, follow, max-snippet:-1, max-image-preview:large, max-video-preview:-1\" \/>\n<link rel=\"canonical\" href=\"https:\/\/www.alumni.space\/it\/il-settore-agroalimentare-deve-affrontare-la-sfida-del-trasferimento-delle-competenze\/\" \/>\n<meta property=\"og:locale\" content=\"it_IT\" \/>\n<meta property=\"og:type\" content=\"article\" \/>\n<meta property=\"og:title\" content=\"Agroalimentare: affrontare la sfida del trasferimento delle competenze\" \/>\n<meta property=\"og:description\" content=\"Il settore agroalimentare sta raccogliendo la sfida del trasferimento delle competenze per innovare e rimanere competitivo di fronte alle sfide di oggi.\" \/>\n<meta property=\"og:url\" content=\"https:\/\/www.alumni.space\/it\/il-settore-agroalimentare-deve-affrontare-la-sfida-del-trasferimento-delle-competenze\/\" \/>\n<meta property=\"og:site_name\" content=\"Alumni.space\" \/>\n<meta property=\"article:published_time\" content=\"2025-02-02T17:22:38+00:00\" \/>\n<meta property=\"article:modified_time\" content=\"2026-03-28T10:41:04+00:00\" \/>\n<meta property=\"og:image\" content=\"https:\/\/www.alumni.space\/wp-content\/uploads\/2026\/03\/Le-secteur-agroalimentaire-face-au-defi-du-transfert-des-competences.jpg\" \/>\n\t<meta property=\"og:image:width\" content=\"1280\" \/>\n\t<meta property=\"og:image:height\" content=\"768\" \/>\n\t<meta property=\"og:image:type\" content=\"image\/jpeg\" \/>\n<meta name=\"author\" content=\"admin\" \/>\n<meta name=\"twitter:card\" content=\"summary_large_image\" \/>\n<meta name=\"twitter:label1\" content=\"Scritto da\" \/>\n\t<meta name=\"twitter:data1\" content=\"admin\" \/>\n\t<meta name=\"twitter:label2\" content=\"Tempo di lettura stimato\" \/>\n\t<meta name=\"twitter:data2\" content=\"3 minuti\" \/>\n<script type=\"application\/ld+json\" class=\"yoast-schema-graph\">{\"@context\":\"https:\\\/\\\/schema.org\",\"@graph\":[{\"@type\":\"Article\",\"@id\":\"https:\\\/\\\/www.alumni.space\\\/it\\\/il-settore-agroalimentare-deve-affrontare-la-sfida-del-trasferimento-delle-competenze\\\/#article\",\"isPartOf\":{\"@id\":\"https:\\\/\\\/www.alumni.space\\\/it\\\/il-settore-agroalimentare-deve-affrontare-la-sfida-del-trasferimento-delle-competenze\\\/\"},\"author\":{\"name\":\"admin\",\"@id\":\"https:\\\/\\\/www.alumni.space\\\/it\\\/#\\\/schema\\\/person\\\/fede362a57876edda476a61f05ce5b15\"},\"headline\":\"Il settore agroalimentare deve affrontare la sfida del trasferimento delle competenze\",\"datePublished\":\"2025-02-02T17:22:38+00:00\",\"dateModified\":\"2026-03-28T10:41:04+00:00\",\"mainEntityOfPage\":{\"@id\":\"https:\\\/\\\/www.alumni.space\\\/it\\\/il-settore-agroalimentare-deve-affrontare-la-sfida-del-trasferimento-delle-competenze\\\/\"},\"wordCount\":547,\"image\":{\"@id\":\"https:\\\/\\\/www.alumni.space\\\/it\\\/il-settore-agroalimentare-deve-affrontare-la-sfida-del-trasferimento-delle-competenze\\\/#primaryimage\"},\"thumbnailUrl\":\"https:\\\/\\\/www.alumni.space\\\/wp-content\\\/uploads\\\/2026\\\/03\\\/Le-secteur-agroalimentaire-face-au-defi-du-transfert-des-competences.jpg\",\"articleSection\":[\"Condivisione delle conoscenze\"],\"inLanguage\":\"it-IT\"},{\"@type\":\"WebPage\",\"@id\":\"https:\\\/\\\/www.alumni.space\\\/it\\\/il-settore-agroalimentare-deve-affrontare-la-sfida-del-trasferimento-delle-competenze\\\/\",\"url\":\"https:\\\/\\\/www.alumni.space\\\/it\\\/il-settore-agroalimentare-deve-affrontare-la-sfida-del-trasferimento-delle-competenze\\\/\",\"name\":\"Agroalimentare: affrontare la sfida del trasferimento delle competenze\",\"isPartOf\":{\"@id\":\"https:\\\/\\\/www.alumni.space\\\/it\\\/#website\"},\"primaryImageOfPage\":{\"@id\":\"https:\\\/\\\/www.alumni.space\\\/it\\\/il-settore-agroalimentare-deve-affrontare-la-sfida-del-trasferimento-delle-competenze\\\/#primaryimage\"},\"image\":{\"@id\":\"https:\\\/\\\/www.alumni.space\\\/it\\\/il-settore-agroalimentare-deve-affrontare-la-sfida-del-trasferimento-delle-competenze\\\/#primaryimage\"},\"thumbnailUrl\":\"https:\\\/\\\/www.alumni.space\\\/wp-content\\\/uploads\\\/2026\\\/03\\\/Le-secteur-agroalimentaire-face-au-defi-du-transfert-des-competences.jpg\",\"datePublished\":\"2025-02-02T17:22:38+00:00\",\"dateModified\":\"2026-03-28T10:41:04+00:00\",\"author\":{\"@id\":\"https:\\\/\\\/www.alumni.space\\\/it\\\/#\\\/schema\\\/person\\\/fede362a57876edda476a61f05ce5b15\"},\"description\":\"Il settore agroalimentare sta raccogliendo la sfida del trasferimento delle competenze per innovare e rimanere competitivo di fronte alle sfide di oggi.\",\"breadcrumb\":{\"@id\":\"https:\\\/\\\/www.alumni.space\\\/it\\\/il-settore-agroalimentare-deve-affrontare-la-sfida-del-trasferimento-delle-competenze\\\/#breadcrumb\"},\"inLanguage\":\"it-IT\",\"potentialAction\":[{\"@type\":\"ReadAction\",\"target\":[\"https:\\\/\\\/www.alumni.space\\\/it\\\/il-settore-agroalimentare-deve-affrontare-la-sfida-del-trasferimento-delle-competenze\\\/\"]}]},{\"@type\":\"ImageObject\",\"inLanguage\":\"it-IT\",\"@id\":\"https:\\\/\\\/www.alumni.space\\\/it\\\/il-settore-agroalimentare-deve-affrontare-la-sfida-del-trasferimento-delle-competenze\\\/#primaryimage\",\"url\":\"https:\\\/\\\/www.alumni.space\\\/wp-content\\\/uploads\\\/2026\\\/03\\\/Le-secteur-agroalimentaire-face-au-defi-du-transfert-des-competences.jpg\",\"contentUrl\":\"https:\\\/\\\/www.alumni.space\\\/wp-content\\\/uploads\\\/2026\\\/03\\\/Le-secteur-agroalimentaire-face-au-defi-du-transfert-des-competences.jpg\",\"width\":1280,\"height\":768,\"caption\":\"Scopri come il settore agroalimentare sta affrontando la sfida cruciale del trasferimento delle competenze per garantire l'innovazione e la competitivit\u00e0.\"},{\"@type\":\"BreadcrumbList\",\"@id\":\"https:\\\/\\\/www.alumni.space\\\/it\\\/il-settore-agroalimentare-deve-affrontare-la-sfida-del-trasferimento-delle-competenze\\\/#breadcrumb\",\"itemListElement\":[{\"@type\":\"ListItem\",\"position\":1,\"name\":\"Home\",\"item\":\"https:\\\/\\\/www.alumni.space\\\/it\\\/piattaforma-di-mentoring-e-di-gestione-degli-alumni\\\/\"},{\"@type\":\"ListItem\",\"position\":2,\"name\":\"Il settore agroalimentare deve affrontare la sfida del trasferimento delle competenze\"}]},{\"@type\":\"WebSite\",\"@id\":\"https:\\\/\\\/www.alumni.space\\\/it\\\/#website\",\"url\":\"https:\\\/\\\/www.alumni.space\\\/it\\\/\",\"name\":\"Alumni.space\",\"description\":\"My WordPress Blog\",\"potentialAction\":[{\"@type\":\"SearchAction\",\"target\":{\"@type\":\"EntryPoint\",\"urlTemplate\":\"https:\\\/\\\/www.alumni.space\\\/it\\\/?s={search_term_string}\"},\"query-input\":{\"@type\":\"PropertyValueSpecification\",\"valueRequired\":true,\"valueName\":\"search_term_string\"}}],\"inLanguage\":\"it-IT\"},{\"@type\":\"Person\",\"@id\":\"https:\\\/\\\/www.alumni.space\\\/it\\\/#\\\/schema\\\/person\\\/fede362a57876edda476a61f05ce5b15\",\"name\":\"admin\",\"image\":{\"@type\":\"ImageObject\",\"inLanguage\":\"it-IT\",\"@id\":\"https:\\\/\\\/secure.gravatar.com\\\/avatar\\\/318e234ae94f90d4d629428d6b983c08e31181c28f579e08a021180d759ea651?s=96&d=mm&r=g\",\"url\":\"https:\\\/\\\/secure.gravatar.com\\\/avatar\\\/318e234ae94f90d4d629428d6b983c08e31181c28f579e08a021180d759ea651?s=96&d=mm&r=g\",\"contentUrl\":\"https:\\\/\\\/secure.gravatar.com\\\/avatar\\\/318e234ae94f90d4d629428d6b983c08e31181c28f579e08a021180d759ea651?s=96&d=mm&r=g\",\"caption\":\"admin\"},\"description\":\"Nicolas Laustriat a construit sa sp\u00e9cialit\u00e9 sur un sujet que beaucoup d\u2019organisations d\u00e9couvrent trop tard : ce qui dispara\u00eet quand les gens partent. Dipl\u00f4m\u00e9 en conception de produit industriel, il bifurque vers le digital fin 1996, il couvre les transformations marques, RH, la fid\u00e9lisation, la marque employeur. Sur le terrain, il rep\u00e8re un angle mort r\u00e9current : l\u2019entreprise investit dans le recrutement, la formation, les process\u2026 puis laisse filer le lien au moment du d\u00e9part, avec une perte de savoir et d\u2019influence qui se paie en silence. Il se sp\u00e9cialise alors sur les communaut\u00e9s d\u2019alumni, le mentorat, l\u2019entraide interg\u00e9n\u00e9rationnelle et la transmission d\u2019expertise. Il passe du \u201cconstat\u201d aux m\u00e9thodes : animation, gouvernance, segmentation, rituels, mesure d\u2019engagement, articulation avec la RSE et l\u2019employabilit\u00e9. Il interviewe DRH, responsables formation, directions d\u2019\u00e9coles, associations et fondations, avec une obsession : transformer un r\u00e9seau dormant en m\u00e9canisme utile (cooptation, mentorat, job board, entraide, \u00e9v\u00e9nements, contenus). Son style : direct, orient\u00e9 action, sans folklore. Sa conviction : une communaut\u00e9 n\u2019a pas besoin de bruit, elle a besoin de raisons de revenir.\",\"sameAs\":[\"https:\\\/\\\/www.alumni.space\"]}]}<\/script>\n<!-- \/ Yoast SEO plugin. -->","yoast_head_json":{"title":"Agroalimentare: affrontare la sfida del trasferimento delle competenze","description":"Il settore agroalimentare sta raccogliendo la sfida del trasferimento delle competenze per innovare e rimanere competitivo di fronte alle sfide di oggi.","robots":{"index":"index","follow":"follow","max-snippet":"max-snippet:-1","max-image-preview":"max-image-preview:large","max-video-preview":"max-video-preview:-1"},"canonical":"https:\/\/www.alumni.space\/it\/il-settore-agroalimentare-deve-affrontare-la-sfida-del-trasferimento-delle-competenze\/","og_locale":"it_IT","og_type":"article","og_title":"Agroalimentare: affrontare la sfida del trasferimento delle competenze","og_description":"Il settore agroalimentare sta raccogliendo la sfida del trasferimento delle competenze per innovare e rimanere competitivo di fronte alle sfide di oggi.","og_url":"https:\/\/www.alumni.space\/it\/il-settore-agroalimentare-deve-affrontare-la-sfida-del-trasferimento-delle-competenze\/","og_site_name":"Alumni.space","article_published_time":"2025-02-02T17:22:38+00:00","article_modified_time":"2026-03-28T10:41:04+00:00","og_image":[{"width":1280,"height":768,"url":"https:\/\/www.alumni.space\/wp-content\/uploads\/2026\/03\/Le-secteur-agroalimentaire-face-au-defi-du-transfert-des-competences.jpg","type":"image\/jpeg"}],"author":"admin","twitter_card":"summary_large_image","twitter_misc":{"Scritto da":"admin","Tempo di lettura stimato":"3 minuti"},"schema":{"@context":"https:\/\/schema.org","@graph":[{"@type":"Article","@id":"https:\/\/www.alumni.space\/it\/il-settore-agroalimentare-deve-affrontare-la-sfida-del-trasferimento-delle-competenze\/#article","isPartOf":{"@id":"https:\/\/www.alumni.space\/it\/il-settore-agroalimentare-deve-affrontare-la-sfida-del-trasferimento-delle-competenze\/"},"author":{"name":"admin","@id":"https:\/\/www.alumni.space\/it\/#\/schema\/person\/fede362a57876edda476a61f05ce5b15"},"headline":"Il settore agroalimentare deve affrontare la sfida del trasferimento delle competenze","datePublished":"2025-02-02T17:22:38+00:00","dateModified":"2026-03-28T10:41:04+00:00","mainEntityOfPage":{"@id":"https:\/\/www.alumni.space\/it\/il-settore-agroalimentare-deve-affrontare-la-sfida-del-trasferimento-delle-competenze\/"},"wordCount":547,"image":{"@id":"https:\/\/www.alumni.space\/it\/il-settore-agroalimentare-deve-affrontare-la-sfida-del-trasferimento-delle-competenze\/#primaryimage"},"thumbnailUrl":"https:\/\/www.alumni.space\/wp-content\/uploads\/2026\/03\/Le-secteur-agroalimentaire-face-au-defi-du-transfert-des-competences.jpg","articleSection":["Condivisione delle conoscenze"],"inLanguage":"it-IT"},{"@type":"WebPage","@id":"https:\/\/www.alumni.space\/it\/il-settore-agroalimentare-deve-affrontare-la-sfida-del-trasferimento-delle-competenze\/","url":"https:\/\/www.alumni.space\/it\/il-settore-agroalimentare-deve-affrontare-la-sfida-del-trasferimento-delle-competenze\/","name":"Agroalimentare: affrontare la sfida del trasferimento delle competenze","isPartOf":{"@id":"https:\/\/www.alumni.space\/it\/#website"},"primaryImageOfPage":{"@id":"https:\/\/www.alumni.space\/it\/il-settore-agroalimentare-deve-affrontare-la-sfida-del-trasferimento-delle-competenze\/#primaryimage"},"image":{"@id":"https:\/\/www.alumni.space\/it\/il-settore-agroalimentare-deve-affrontare-la-sfida-del-trasferimento-delle-competenze\/#primaryimage"},"thumbnailUrl":"https:\/\/www.alumni.space\/wp-content\/uploads\/2026\/03\/Le-secteur-agroalimentaire-face-au-defi-du-transfert-des-competences.jpg","datePublished":"2025-02-02T17:22:38+00:00","dateModified":"2026-03-28T10:41:04+00:00","author":{"@id":"https:\/\/www.alumni.space\/it\/#\/schema\/person\/fede362a57876edda476a61f05ce5b15"},"description":"Il settore agroalimentare sta raccogliendo la sfida del trasferimento delle competenze per innovare e rimanere competitivo di fronte alle sfide di oggi.","breadcrumb":{"@id":"https:\/\/www.alumni.space\/it\/il-settore-agroalimentare-deve-affrontare-la-sfida-del-trasferimento-delle-competenze\/#breadcrumb"},"inLanguage":"it-IT","potentialAction":[{"@type":"ReadAction","target":["https:\/\/www.alumni.space\/it\/il-settore-agroalimentare-deve-affrontare-la-sfida-del-trasferimento-delle-competenze\/"]}]},{"@type":"ImageObject","inLanguage":"it-IT","@id":"https:\/\/www.alumni.space\/it\/il-settore-agroalimentare-deve-affrontare-la-sfida-del-trasferimento-delle-competenze\/#primaryimage","url":"https:\/\/www.alumni.space\/wp-content\/uploads\/2026\/03\/Le-secteur-agroalimentaire-face-au-defi-du-transfert-des-competences.jpg","contentUrl":"https:\/\/www.alumni.space\/wp-content\/uploads\/2026\/03\/Le-secteur-agroalimentaire-face-au-defi-du-transfert-des-competences.jpg","width":1280,"height":768,"caption":"Scopri come il settore agroalimentare sta affrontando la sfida cruciale del trasferimento delle competenze per garantire l'innovazione e la competitivit\u00e0."},{"@type":"BreadcrumbList","@id":"https:\/\/www.alumni.space\/it\/il-settore-agroalimentare-deve-affrontare-la-sfida-del-trasferimento-delle-competenze\/#breadcrumb","itemListElement":[{"@type":"ListItem","position":1,"name":"Home","item":"https:\/\/www.alumni.space\/it\/piattaforma-di-mentoring-e-di-gestione-degli-alumni\/"},{"@type":"ListItem","position":2,"name":"Il settore agroalimentare deve affrontare la sfida del trasferimento delle competenze"}]},{"@type":"WebSite","@id":"https:\/\/www.alumni.space\/it\/#website","url":"https:\/\/www.alumni.space\/it\/","name":"Alumni.space","description":"My WordPress Blog","potentialAction":[{"@type":"SearchAction","target":{"@type":"EntryPoint","urlTemplate":"https:\/\/www.alumni.space\/it\/?s={search_term_string}"},"query-input":{"@type":"PropertyValueSpecification","valueRequired":true,"valueName":"search_term_string"}}],"inLanguage":"it-IT"},{"@type":"Person","@id":"https:\/\/www.alumni.space\/it\/#\/schema\/person\/fede362a57876edda476a61f05ce5b15","name":"admin","image":{"@type":"ImageObject","inLanguage":"it-IT","@id":"https:\/\/secure.gravatar.com\/avatar\/318e234ae94f90d4d629428d6b983c08e31181c28f579e08a021180d759ea651?s=96&d=mm&r=g","url":"https:\/\/secure.gravatar.com\/avatar\/318e234ae94f90d4d629428d6b983c08e31181c28f579e08a021180d759ea651?s=96&d=mm&r=g","contentUrl":"https:\/\/secure.gravatar.com\/avatar\/318e234ae94f90d4d629428d6b983c08e31181c28f579e08a021180d759ea651?s=96&d=mm&r=g","caption":"admin"},"description":"Nicolas Laustriat a construit sa sp\u00e9cialit\u00e9 sur un sujet que beaucoup d\u2019organisations d\u00e9couvrent trop tard : ce qui dispara\u00eet quand les gens partent. Dipl\u00f4m\u00e9 en conception de produit industriel, il bifurque vers le digital fin 1996, il couvre les transformations marques, RH, la fid\u00e9lisation, la marque employeur. Sur le terrain, il rep\u00e8re un angle mort r\u00e9current : l\u2019entreprise investit dans le recrutement, la formation, les process\u2026 puis laisse filer le lien au moment du d\u00e9part, avec une perte de savoir et d\u2019influence qui se paie en silence. Il se sp\u00e9cialise alors sur les communaut\u00e9s d\u2019alumni, le mentorat, l\u2019entraide interg\u00e9n\u00e9rationnelle et la transmission d\u2019expertise. Il passe du \u201cconstat\u201d aux m\u00e9thodes : animation, gouvernance, segmentation, rituels, mesure d\u2019engagement, articulation avec la RSE et l\u2019employabilit\u00e9. Il interviewe DRH, responsables formation, directions d\u2019\u00e9coles, associations et fondations, avec une obsession : transformer un r\u00e9seau dormant en m\u00e9canisme utile (cooptation, mentorat, job board, entraide, \u00e9v\u00e9nements, contenus). Son style : direct, orient\u00e9 action, sans folklore. Sa conviction : une communaut\u00e9 n\u2019a pas besoin de bruit, elle a besoin de raisons de revenir.","sameAs":["https:\/\/www.alumni.space"]}]}},"_links":{"self":[{"href":"https:\/\/www.alumni.space\/it\/wp-json\/wp\/v2\/posts\/5492","targetHints":{"allow":["GET"]}}],"collection":[{"href":"https:\/\/www.alumni.space\/it\/wp-json\/wp\/v2\/posts"}],"about":[{"href":"https:\/\/www.alumni.space\/it\/wp-json\/wp\/v2\/types\/post"}],"author":[{"embeddable":true,"href":"https:\/\/www.alumni.space\/it\/wp-json\/wp\/v2\/users\/1"}],"replies":[{"embeddable":true,"href":"https:\/\/www.alumni.space\/it\/wp-json\/wp\/v2\/comments?post=5492"}],"version-history":[{"count":1,"href":"https:\/\/www.alumni.space\/it\/wp-json\/wp\/v2\/posts\/5492\/revisions"}],"predecessor-version":[{"id":5496,"href":"https:\/\/www.alumni.space\/it\/wp-json\/wp\/v2\/posts\/5492\/revisions\/5496"}],"wp:featuredmedia":[{"embeddable":true,"href":"https:\/\/www.alumni.space\/it\/wp-json\/wp\/v2\/media\/5494"}],"wp:attachment":[{"href":"https:\/\/www.alumni.space\/it\/wp-json\/wp\/v2\/media?parent=5492"}],"wp:term":[{"taxonomy":"category","embeddable":true,"href":"https:\/\/www.alumni.space\/it\/wp-json\/wp\/v2\/categories?post=5492"},{"taxonomy":"post_tag","embeddable":true,"href":"https:\/\/www.alumni.space\/it\/wp-json\/wp\/v2\/tags?post=5492"}],"curies":[{"name":"wp","href":"https:\/\/api.w.org\/{rel}","templated":true}]}}