{"id":5439,"date":"2025-05-30T17:24:12","date_gmt":"2025-05-30T17:24:12","guid":{"rendered":"https:\/\/www.alumni.space\/in-che-modo-i-laboratori-stanno-anticipando-la-fuga-di-cervelli\/"},"modified":"2026-04-02T09:20:22","modified_gmt":"2026-04-02T09:20:22","slug":"in-che-modo-i-laboratori-stanno-anticipando-la-fuga-di-cervelli","status":"publish","type":"post","link":"https:\/\/www.alumni.space\/it\/in-che-modo-i-laboratori-stanno-anticipando-la-fuga-di-cervelli\/","title":{"rendered":"In che modo i laboratori stanno anticipando la fuga di cervelli?"},"content":{"rendered":"<div id=\"ez-toc-container\" class=\"ez-toc-v2_0_82_2 counter-flat ez-toc-counter ez-toc-grey ez-toc-container-direction\">\n<div class=\"ez-toc-title-container\"><p class=\"ez-toc-title\" style=\"cursor:inherit\">In questo articolo:<\/p>\n<\/div><nav><ul class='ez-toc-list ez-toc-list-level-1 ' ><li class='ez-toc-page-1'><a class=\"ez-toc-link ez-toc-heading-1\" href=\"https:\/\/www.alumni.space\/it\/in-che-modo-i-laboratori-stanno-anticipando-la-fuga-di-cervelli\/#I_problemi_principali_nel_drenaggio_delle_competenze_scientifiche_dai_laboratori\" >I problemi principali nel drenaggio delle competenze scientifiche dai laboratori<\/a><\/li><li class='ez-toc-page-1'><a class=\"ez-toc-link ez-toc-heading-2\" href=\"https:\/\/www.alumni.space\/it\/in-che-modo-i-laboratori-stanno-anticipando-la-fuga-di-cervelli\/#Ottimizzare_la_fidelizzazione_dei_talenti_attraverso_programmi_di_trasferimento_e_formazione_continua\" >Ottimizzare la fidelizzazione dei talenti attraverso programmi di trasferimento e formazione continua.<\/a><\/li><li class='ez-toc-page-1'><a class=\"ez-toc-link ez-toc-heading-3\" href=\"https:\/\/www.alumni.space\/it\/in-che-modo-i-laboratori-stanno-anticipando-la-fuga-di-cervelli\/#Strutturare_un_piano_per_anticipare_il_drenaggio_delle_competenze_adattate_agli_ambienti_di_laboratorio\" >Strutturare un piano per anticipare il drenaggio delle competenze adattate agli ambienti di laboratorio<\/a><\/li><li class='ez-toc-page-1'><a class=\"ez-toc-link ez-toc-heading-4\" href=\"https:\/\/www.alumni.space\/it\/in-che-modo-i-laboratori-stanno-anticipando-la-fuga-di-cervelli\/#Evitare_la_perdita_di_capitale_scientifico_federando_le_comunita_interne\" >Evitare la perdita di capitale scientifico federando le comunit\u00e0 interne<\/a><\/li><\/ul><\/nav><\/div>\n<h2 class=\"wp-block-heading\"><span class=\"ez-toc-section\" id=\"I_problemi_principali_nel_drenaggio_delle_competenze_scientifiche_dai_laboratori\"><\/span>I problemi principali nel drenaggio delle competenze scientifiche dai laboratori<span class=\"ez-toc-section-end\"><\/span><\/h2><p>La <strong>fuga di cervelli<\/strong> \u00e8 una sfida importante per i laboratori, che minaccia la loro capacit\u00e0 di innovazione e la continuit\u00e0 dei loro progetti. Questa tendenza influisce direttamente sulla qualit\u00e0 dei risultati, sulla gestione delle carriere e sulla stabilit\u00e0 dei team. I dipartimenti <strong>delle risorse umane<\/strong> devono ora mettere in atto strategie solide per anticipare e contenere questa perdita, che potrebbe compromettere la loro posizione competitiva.  <\/p><p>La concorrenza sul mercato del lavoro scientifico, la crescente complessit\u00e0 del know-how e la rapida evoluzione delle tecnologie rendono ancora pi\u00f9 urgente un&#8217;anticipazione proattiva. Il costo nascosto di questa fuga si manifesta con rallentamenti della produttivit\u00e0, lacune nel know-how e un maggiore ricorso al <strong>reclutamento<\/strong> esterno, spesso costoso e meno efficace per un&#8217;integrazione a lungo termine. <\/p><figure class=\"wp-block-image size-full\"><img decoding=\"async\" width=\"1280\" height=\"768\" src=\"https:\/\/www.alumni.space\/wp-content\/uploads\/2026\/03\/Comment-les-laboratoires-anticipent-ils-la-fuite-des-competences-scientifiques-1-1.jpg\" data-orig-src=\"https:\/\/www.alumni.space\/wp-content\/uploads\/2026\/03\/Comment-les-laboratoires-anticipent-ils-la-fuite-des-competences-scientifiques-1-1.jpg\" alt=\"scoprire come i laboratori stanno anticipando e gestendo la fuga dei cervelli per garantire l'innovazione e la continuit\u00e0 della ricerca.\" class=\"lazyload wp-image-3252\" srcset=\"data:image\/svg+xml,%3Csvg%20xmlns%3D%27http%3A%2F%2Fwww.w3.org%2F2000%2Fsvg%27%20width%3D%271280%27%20height%3D%27768%27%20viewBox%3D%270%200%201280%20768%27%3E%3Crect%20width%3D%271280%27%20height%3D%27768%27%20fill-opacity%3D%220%22%2F%3E%3C%2Fsvg%3E\" data-srcset=\"https:\/\/www.alumni.space\/wp-content\/uploads\/2026\/03\/Comment-les-laboratoires-anticipent-ils-la-fuite-des-competences-scientifiques-1-1-200x120.jpg 200w, https:\/\/www.alumni.space\/wp-content\/uploads\/2026\/03\/Comment-les-laboratoires-anticipent-ils-la-fuite-des-competences-scientifiques-1-1-300x180.jpg 300w, https:\/\/www.alumni.space\/wp-content\/uploads\/2026\/03\/Comment-les-laboratoires-anticipent-ils-la-fuite-des-competences-scientifiques-1-1-400x240.jpg 400w, https:\/\/www.alumni.space\/wp-content\/uploads\/2026\/03\/Comment-les-laboratoires-anticipent-ils-la-fuite-des-competences-scientifiques-1-1-600x360.jpg 600w, https:\/\/www.alumni.space\/wp-content\/uploads\/2026\/03\/Comment-les-laboratoires-anticipent-ils-la-fuite-des-competences-scientifiques-1-1-768x461.jpg 768w, https:\/\/www.alumni.space\/wp-content\/uploads\/2026\/03\/Comment-les-laboratoires-anticipent-ils-la-fuite-des-competences-scientifiques-1-1-800x480.jpg 800w, https:\/\/www.alumni.space\/wp-content\/uploads\/2026\/03\/Comment-les-laboratoires-anticipent-ils-la-fuite-des-competences-scientifiques-1-1-1024x614.jpg 1024w, https:\/\/www.alumni.space\/wp-content\/uploads\/2026\/03\/Comment-les-laboratoires-anticipent-ils-la-fuite-des-competences-scientifiques-1-1-1200x720.jpg 1200w, https:\/\/www.alumni.space\/wp-content\/uploads\/2026\/03\/Comment-les-laboratoires-anticipent-ils-la-fuite-des-competences-scientifiques-1-1.jpg 1280w\" data-sizes=\"auto\" data-orig-sizes=\"(max-width: 1280px) 100vw, 1280px\" \/><\/figure><h3 class=\"wp-block-heading\"><span class=\"ez-toc-section\" id=\"Ottimizzare_la_fidelizzazione_dei_talenti_attraverso_programmi_di_trasferimento_e_formazione_continua\"><\/span>Ottimizzare la fidelizzazione dei talenti attraverso programmi di trasferimento e formazione continua.<span class=\"ez-toc-section-end\"><\/span><\/h3><p>La <strong>fidelizzazione dei talenti<\/strong> si basa in particolare su sistemi dedicati alla <strong>formazione continua<\/strong> e alla condivisione formale delle conoscenze. L&#8217;uso di piattaforme specializzate facilita la creazione di reti di supporto reciproco tra ricercatori esperti e giovani scienziati. Questi spazi digitali aiutano a strutturare la trasmissione delle competenze sotto forma di coppie di <strong>mentori<\/strong>, workshop specializzati o biblioteche disponibili in modo permanente.  <\/p><p>I rituali di scambio e l&#8217;organizzazione regolare di eventi sono leve per l&#8217;adesione alla cultura aziendale. Favoriscono il senso di appartenenza e riducono il turnover del personale. Questa dinamica inter-generazionale costruisce un&#8217;esperienza preziosa che contribuisce alla continuit\u00e0 scientifica del laboratorio e a una <strong>gestione<\/strong> fluida <strong>della carriera<\/strong>.  <\/p><h2 class=\"wp-block-heading\"><span class=\"ez-toc-section\" id=\"Strutturare_un_piano_per_anticipare_il_drenaggio_delle_competenze_adattate_agli_ambienti_di_laboratorio\"><\/span>Strutturare un piano per anticipare il drenaggio delle competenze adattate agli ambienti di laboratorio<span class=\"ez-toc-section-end\"><\/span><\/h2><p>La stesura di un piano dedicato \u00e8 essenziale per gestire efficacemente la prevenzione della perdita di conoscenze scientifiche. La definizione dei ruoli, delle fasi e del calendario garantir\u00e0 la visibilit\u00e0 dei profili chiave e del loro sviluppo. Gli indicatori di performance, che possono essere misurati in base alla frequenza degli scambi, al tasso di adozione degli strumenti digitali e alla cooptazione di nuove posizioni, sottolineano la solidit\u00e0 del sistema.  <\/p><p>Un&#8217;adeguata segmentazione dei team in base all&#8217;anzianit\u00e0, alle competenze e alla mobilit\u00e0 professionale facilita risposte mirate. A questo si aggiunge l&#8217;inclusione di progetti di collaborazione e di passaggi di consegne per garantire la continuit\u00e0 del lavoro. L&#8217;adozione di un quadro digitale dedicato evita la dispersione delle informazioni in fogli di calcolo o in canali isolati, migliorando cos\u00ec la fluidit\u00e0 delle comunicazioni.  <\/p><p>Per industrializzare questi metodi, ti consigliamo di affidarti a una piattaforma SaaS dedicata al <a href=\"https:\/\/www.alumni.space\/it\/come-si-imposta-un-piano-di-trasferimento-delle-competenze-aziendali\/\">trasferimento delle competenze<\/a>. Questa fornisce ai laboratori strumenti integrati che offrono un monitoraggio strutturato dei talenti e dei percorsi di carriera, snellendo la gestione e risparmiando tempo prezioso. <\/p><h3 class=\"wp-block-heading\"><span class=\"ez-toc-section\" id=\"Evitare_la_perdita_di_capitale_scientifico_federando_le_comunita_interne\"><\/span>Evitare la perdita di capitale scientifico federando le comunit\u00e0 interne<span class=\"ez-toc-section-end\"><\/span><\/h3><p>La creazione di una solida rete tra ex allievi e dipendenti attuali aiuta a contenere il rischio di perdita di conoscenze. La gestione di una rete di <strong>alumni<\/strong> stimola l&#8217;impegno, la condivisione di opportunit\u00e0 e il sostegno alla carriera. Questa comunit\u00e0 funge da base per una dinamica di mutuo soccorso basata sulla <strong>cooptazione<\/strong> e sul volontariato, migliorando il capitale umano.  <\/p><p>In questo modo, i laboratori innovativi mirano a perpetuare il loro impatto scientifico facilitando l&#8217;utilizzo di tutor e aumentando il numero di opportunit\u00e0 di scambio al di fuori dello stretto ambito della ricerca. <a href=\"https:\/\/www.alumni.space\/it\/trasporti-e-logistica-come-prevenire-la-fuga-dei-cervelli\/\">Gli eventi dedicati alla gestione e allo sviluppo delle risorse umane<\/a> rafforzano il legame intergenerazionale, contribuendo a fidelizzare il laboratorio e a renderlo un datore di lavoro interessante. <\/p>","protected":false},"excerpt":{"rendered":"<p>I problemi principali nel drenaggio delle competenze scientifiche dai laboratoriLa  [&#8230;]<\/p>\n","protected":false},"author":1,"featured_media":5441,"comment_status":"closed","ping_status":"","sticky":false,"template":"","format":"standard","meta":{"_ayudawp_aiss_exclude":false,"footnotes":""},"categories":[65],"tags":[],"class_list":["post-5439","post","type-post","status-publish","format-standard","has-post-thumbnail","hentry","category-risorse-umane"],"yoast_head":"<!-- This site is optimized with the Yoast SEO plugin v27.4 - https:\/\/yoast.com\/product\/yoast-seo-wordpress\/ -->\n<title>Anticipare la fuga dei talenti scientifici dal laboratorio<\/title>\n<meta name=\"description\" content=\"Scopri come i laboratori stanno anticipando la fuga dei cervelli per mantenere l&#039;innovazione e rafforzare i loro team.\" \/>\n<meta name=\"robots\" content=\"index, follow, max-snippet:-1, max-image-preview:large, max-video-preview:-1\" \/>\n<link rel=\"canonical\" href=\"https:\/\/www.alumni.space\/it\/in-che-modo-i-laboratori-stanno-anticipando-la-fuga-di-cervelli\/\" \/>\n<meta property=\"og:locale\" content=\"it_IT\" \/>\n<meta property=\"og:type\" content=\"article\" \/>\n<meta property=\"og:title\" content=\"Anticipare la fuga dei talenti scientifici dal laboratorio\" \/>\n<meta property=\"og:description\" content=\"Scopri come i laboratori stanno anticipando la fuga dei cervelli per mantenere l&#039;innovazione e rafforzare i loro team.\" \/>\n<meta property=\"og:url\" content=\"https:\/\/www.alumni.space\/it\/in-che-modo-i-laboratori-stanno-anticipando-la-fuga-di-cervelli\/\" \/>\n<meta property=\"og:site_name\" content=\"Alumni.space\" \/>\n<meta property=\"article:published_time\" content=\"2025-05-30T17:24:12+00:00\" \/>\n<meta property=\"article:modified_time\" content=\"2026-04-02T09:20:22+00:00\" \/>\n<meta property=\"og:image\" content=\"https:\/\/www.alumni.space\/wp-content\/uploads\/2026\/03\/Comment-les-laboratoires-anticipent-ils-la-fuite-des-competences-scientifiques-.jpg\" \/>\n\t<meta property=\"og:image:width\" content=\"1280\" \/>\n\t<meta property=\"og:image:height\" content=\"768\" \/>\n\t<meta property=\"og:image:type\" content=\"image\/jpeg\" \/>\n<meta name=\"author\" content=\"admin\" \/>\n<meta name=\"twitter:card\" content=\"summary_large_image\" \/>\n<meta name=\"twitter:label1\" content=\"Scritto da\" \/>\n\t<meta name=\"twitter:data1\" content=\"admin\" \/>\n\t<meta name=\"twitter:label2\" content=\"Tempo di lettura stimato\" \/>\n\t<meta name=\"twitter:data2\" content=\"3 minuti\" \/>\n<script type=\"application\/ld+json\" class=\"yoast-schema-graph\">{\"@context\":\"https:\\\/\\\/schema.org\",\"@graph\":[{\"@type\":\"Article\",\"@id\":\"https:\\\/\\\/www.alumni.space\\\/it\\\/in-che-modo-i-laboratori-stanno-anticipando-la-fuga-di-cervelli\\\/#article\",\"isPartOf\":{\"@id\":\"https:\\\/\\\/www.alumni.space\\\/it\\\/in-che-modo-i-laboratori-stanno-anticipando-la-fuga-di-cervelli\\\/\"},\"author\":{\"name\":\"admin\",\"@id\":\"https:\\\/\\\/www.alumni.space\\\/it\\\/#\\\/schema\\\/person\\\/fede362a57876edda476a61f05ce5b15\"},\"headline\":\"In che modo i laboratori stanno anticipando la fuga di cervelli?\",\"datePublished\":\"2025-05-30T17:24:12+00:00\",\"dateModified\":\"2026-04-02T09:20:22+00:00\",\"mainEntityOfPage\":{\"@id\":\"https:\\\/\\\/www.alumni.space\\\/it\\\/in-che-modo-i-laboratori-stanno-anticipando-la-fuga-di-cervelli\\\/\"},\"wordCount\":591,\"image\":{\"@id\":\"https:\\\/\\\/www.alumni.space\\\/it\\\/in-che-modo-i-laboratori-stanno-anticipando-la-fuga-di-cervelli\\\/#primaryimage\"},\"thumbnailUrl\":\"https:\\\/\\\/www.alumni.space\\\/wp-content\\\/uploads\\\/2026\\\/03\\\/Comment-les-laboratoires-anticipent-ils-la-fuite-des-competences-scientifiques-.jpg\",\"articleSection\":[\"Risorse umane\"],\"inLanguage\":\"it-IT\"},{\"@type\":\"WebPage\",\"@id\":\"https:\\\/\\\/www.alumni.space\\\/it\\\/in-che-modo-i-laboratori-stanno-anticipando-la-fuga-di-cervelli\\\/\",\"url\":\"https:\\\/\\\/www.alumni.space\\\/it\\\/in-che-modo-i-laboratori-stanno-anticipando-la-fuga-di-cervelli\\\/\",\"name\":\"Anticipare la fuga dei talenti scientifici dal laboratorio\",\"isPartOf\":{\"@id\":\"https:\\\/\\\/www.alumni.space\\\/it\\\/#website\"},\"primaryImageOfPage\":{\"@id\":\"https:\\\/\\\/www.alumni.space\\\/it\\\/in-che-modo-i-laboratori-stanno-anticipando-la-fuga-di-cervelli\\\/#primaryimage\"},\"image\":{\"@id\":\"https:\\\/\\\/www.alumni.space\\\/it\\\/in-che-modo-i-laboratori-stanno-anticipando-la-fuga-di-cervelli\\\/#primaryimage\"},\"thumbnailUrl\":\"https:\\\/\\\/www.alumni.space\\\/wp-content\\\/uploads\\\/2026\\\/03\\\/Comment-les-laboratoires-anticipent-ils-la-fuite-des-competences-scientifiques-.jpg\",\"datePublished\":\"2025-05-30T17:24:12+00:00\",\"dateModified\":\"2026-04-02T09:20:22+00:00\",\"author\":{\"@id\":\"https:\\\/\\\/www.alumni.space\\\/it\\\/#\\\/schema\\\/person\\\/fede362a57876edda476a61f05ce5b15\"},\"description\":\"Scopri come i laboratori stanno anticipando la fuga dei cervelli per mantenere l'innovazione e rafforzare i loro team.\",\"breadcrumb\":{\"@id\":\"https:\\\/\\\/www.alumni.space\\\/it\\\/in-che-modo-i-laboratori-stanno-anticipando-la-fuga-di-cervelli\\\/#breadcrumb\"},\"inLanguage\":\"it-IT\",\"potentialAction\":[{\"@type\":\"ReadAction\",\"target\":[\"https:\\\/\\\/www.alumni.space\\\/it\\\/in-che-modo-i-laboratori-stanno-anticipando-la-fuga-di-cervelli\\\/\"]}]},{\"@type\":\"ImageObject\",\"inLanguage\":\"it-IT\",\"@id\":\"https:\\\/\\\/www.alumni.space\\\/it\\\/in-che-modo-i-laboratori-stanno-anticipando-la-fuga-di-cervelli\\\/#primaryimage\",\"url\":\"https:\\\/\\\/www.alumni.space\\\/wp-content\\\/uploads\\\/2026\\\/03\\\/Comment-les-laboratoires-anticipent-ils-la-fuite-des-competences-scientifiques-.jpg\",\"contentUrl\":\"https:\\\/\\\/www.alumni.space\\\/wp-content\\\/uploads\\\/2026\\\/03\\\/Comment-les-laboratoires-anticipent-ils-la-fuite-des-competences-scientifiques-.jpg\",\"width\":1280,\"height\":768,\"caption\":\"Scopri come i laboratori scientifici stanno mettendo in atto strategie per anticipare e gestire la fuga dei talenti e delle competenze chiave nel settore della ricerca.\"},{\"@type\":\"BreadcrumbList\",\"@id\":\"https:\\\/\\\/www.alumni.space\\\/it\\\/in-che-modo-i-laboratori-stanno-anticipando-la-fuga-di-cervelli\\\/#breadcrumb\",\"itemListElement\":[{\"@type\":\"ListItem\",\"position\":1,\"name\":\"Home\",\"item\":\"https:\\\/\\\/www.alumni.space\\\/it\\\/piattaforma-di-mentoring-e-di-gestione-degli-alumni\\\/\"},{\"@type\":\"ListItem\",\"position\":2,\"name\":\"In che modo i laboratori stanno anticipando la fuga di cervelli?\"}]},{\"@type\":\"WebSite\",\"@id\":\"https:\\\/\\\/www.alumni.space\\\/it\\\/#website\",\"url\":\"https:\\\/\\\/www.alumni.space\\\/it\\\/\",\"name\":\"Alumni.space\",\"description\":\"My WordPress Blog\",\"potentialAction\":[{\"@type\":\"SearchAction\",\"target\":{\"@type\":\"EntryPoint\",\"urlTemplate\":\"https:\\\/\\\/www.alumni.space\\\/it\\\/?s={search_term_string}\"},\"query-input\":{\"@type\":\"PropertyValueSpecification\",\"valueRequired\":true,\"valueName\":\"search_term_string\"}}],\"inLanguage\":\"it-IT\"},{\"@type\":\"Person\",\"@id\":\"https:\\\/\\\/www.alumni.space\\\/it\\\/#\\\/schema\\\/person\\\/fede362a57876edda476a61f05ce5b15\",\"name\":\"admin\",\"image\":{\"@type\":\"ImageObject\",\"inLanguage\":\"it-IT\",\"@id\":\"https:\\\/\\\/secure.gravatar.com\\\/avatar\\\/318e234ae94f90d4d629428d6b983c08e31181c28f579e08a021180d759ea651?s=96&d=mm&r=g\",\"url\":\"https:\\\/\\\/secure.gravatar.com\\\/avatar\\\/318e234ae94f90d4d629428d6b983c08e31181c28f579e08a021180d759ea651?s=96&d=mm&r=g\",\"contentUrl\":\"https:\\\/\\\/secure.gravatar.com\\\/avatar\\\/318e234ae94f90d4d629428d6b983c08e31181c28f579e08a021180d759ea651?s=96&d=mm&r=g\",\"caption\":\"admin\"},\"description\":\"Nicolas Laustriat a construit sa sp\u00e9cialit\u00e9 sur un sujet que beaucoup d\u2019organisations d\u00e9couvrent trop tard : ce qui dispara\u00eet quand les gens partent. Dipl\u00f4m\u00e9 en conception de produit industriel, il bifurque vers le digital fin 1996, il couvre les transformations marques, RH, la fid\u00e9lisation, la marque employeur. Sur le terrain, il rep\u00e8re un angle mort r\u00e9current : l\u2019entreprise investit dans le recrutement, la formation, les process\u2026 puis laisse filer le lien au moment du d\u00e9part, avec une perte de savoir et d\u2019influence qui se paie en silence. Il se sp\u00e9cialise alors sur les communaut\u00e9s d\u2019alumni, le mentorat, l\u2019entraide interg\u00e9n\u00e9rationnelle et la transmission d\u2019expertise. Il passe du \u201cconstat\u201d aux m\u00e9thodes : animation, gouvernance, segmentation, rituels, mesure d\u2019engagement, articulation avec la RSE et l\u2019employabilit\u00e9. Il interviewe DRH, responsables formation, directions d\u2019\u00e9coles, associations et fondations, avec une obsession : transformer un r\u00e9seau dormant en m\u00e9canisme utile (cooptation, mentorat, job board, entraide, \u00e9v\u00e9nements, contenus). Son style : direct, orient\u00e9 action, sans folklore. Sa conviction : une communaut\u00e9 n\u2019a pas besoin de bruit, elle a besoin de raisons de revenir.\",\"sameAs\":[\"https:\\\/\\\/www.alumni.space\"]}]}<\/script>\n<!-- \/ Yoast SEO plugin. -->","yoast_head_json":{"title":"Anticipare la fuga dei talenti scientifici dal laboratorio","description":"Scopri come i laboratori stanno anticipando la fuga dei cervelli per mantenere l'innovazione e rafforzare i loro team.","robots":{"index":"index","follow":"follow","max-snippet":"max-snippet:-1","max-image-preview":"max-image-preview:large","max-video-preview":"max-video-preview:-1"},"canonical":"https:\/\/www.alumni.space\/it\/in-che-modo-i-laboratori-stanno-anticipando-la-fuga-di-cervelli\/","og_locale":"it_IT","og_type":"article","og_title":"Anticipare la fuga dei talenti scientifici dal laboratorio","og_description":"Scopri come i laboratori stanno anticipando la fuga dei cervelli per mantenere l'innovazione e rafforzare i loro team.","og_url":"https:\/\/www.alumni.space\/it\/in-che-modo-i-laboratori-stanno-anticipando-la-fuga-di-cervelli\/","og_site_name":"Alumni.space","article_published_time":"2025-05-30T17:24:12+00:00","article_modified_time":"2026-04-02T09:20:22+00:00","og_image":[{"width":1280,"height":768,"url":"https:\/\/www.alumni.space\/wp-content\/uploads\/2026\/03\/Comment-les-laboratoires-anticipent-ils-la-fuite-des-competences-scientifiques-.jpg","type":"image\/jpeg"}],"author":"admin","twitter_card":"summary_large_image","twitter_misc":{"Scritto da":"admin","Tempo di lettura stimato":"3 minuti"},"schema":{"@context":"https:\/\/schema.org","@graph":[{"@type":"Article","@id":"https:\/\/www.alumni.space\/it\/in-che-modo-i-laboratori-stanno-anticipando-la-fuga-di-cervelli\/#article","isPartOf":{"@id":"https:\/\/www.alumni.space\/it\/in-che-modo-i-laboratori-stanno-anticipando-la-fuga-di-cervelli\/"},"author":{"name":"admin","@id":"https:\/\/www.alumni.space\/it\/#\/schema\/person\/fede362a57876edda476a61f05ce5b15"},"headline":"In che modo i laboratori stanno anticipando la fuga di cervelli?","datePublished":"2025-05-30T17:24:12+00:00","dateModified":"2026-04-02T09:20:22+00:00","mainEntityOfPage":{"@id":"https:\/\/www.alumni.space\/it\/in-che-modo-i-laboratori-stanno-anticipando-la-fuga-di-cervelli\/"},"wordCount":591,"image":{"@id":"https:\/\/www.alumni.space\/it\/in-che-modo-i-laboratori-stanno-anticipando-la-fuga-di-cervelli\/#primaryimage"},"thumbnailUrl":"https:\/\/www.alumni.space\/wp-content\/uploads\/2026\/03\/Comment-les-laboratoires-anticipent-ils-la-fuite-des-competences-scientifiques-.jpg","articleSection":["Risorse umane"],"inLanguage":"it-IT"},{"@type":"WebPage","@id":"https:\/\/www.alumni.space\/it\/in-che-modo-i-laboratori-stanno-anticipando-la-fuga-di-cervelli\/","url":"https:\/\/www.alumni.space\/it\/in-che-modo-i-laboratori-stanno-anticipando-la-fuga-di-cervelli\/","name":"Anticipare la fuga dei talenti scientifici dal laboratorio","isPartOf":{"@id":"https:\/\/www.alumni.space\/it\/#website"},"primaryImageOfPage":{"@id":"https:\/\/www.alumni.space\/it\/in-che-modo-i-laboratori-stanno-anticipando-la-fuga-di-cervelli\/#primaryimage"},"image":{"@id":"https:\/\/www.alumni.space\/it\/in-che-modo-i-laboratori-stanno-anticipando-la-fuga-di-cervelli\/#primaryimage"},"thumbnailUrl":"https:\/\/www.alumni.space\/wp-content\/uploads\/2026\/03\/Comment-les-laboratoires-anticipent-ils-la-fuite-des-competences-scientifiques-.jpg","datePublished":"2025-05-30T17:24:12+00:00","dateModified":"2026-04-02T09:20:22+00:00","author":{"@id":"https:\/\/www.alumni.space\/it\/#\/schema\/person\/fede362a57876edda476a61f05ce5b15"},"description":"Scopri come i laboratori stanno anticipando la fuga dei cervelli per mantenere l'innovazione e rafforzare i loro team.","breadcrumb":{"@id":"https:\/\/www.alumni.space\/it\/in-che-modo-i-laboratori-stanno-anticipando-la-fuga-di-cervelli\/#breadcrumb"},"inLanguage":"it-IT","potentialAction":[{"@type":"ReadAction","target":["https:\/\/www.alumni.space\/it\/in-che-modo-i-laboratori-stanno-anticipando-la-fuga-di-cervelli\/"]}]},{"@type":"ImageObject","inLanguage":"it-IT","@id":"https:\/\/www.alumni.space\/it\/in-che-modo-i-laboratori-stanno-anticipando-la-fuga-di-cervelli\/#primaryimage","url":"https:\/\/www.alumni.space\/wp-content\/uploads\/2026\/03\/Comment-les-laboratoires-anticipent-ils-la-fuite-des-competences-scientifiques-.jpg","contentUrl":"https:\/\/www.alumni.space\/wp-content\/uploads\/2026\/03\/Comment-les-laboratoires-anticipent-ils-la-fuite-des-competences-scientifiques-.jpg","width":1280,"height":768,"caption":"Scopri come i laboratori scientifici stanno mettendo in atto strategie per anticipare e gestire la fuga dei talenti e delle competenze chiave nel settore della ricerca."},{"@type":"BreadcrumbList","@id":"https:\/\/www.alumni.space\/it\/in-che-modo-i-laboratori-stanno-anticipando-la-fuga-di-cervelli\/#breadcrumb","itemListElement":[{"@type":"ListItem","position":1,"name":"Home","item":"https:\/\/www.alumni.space\/it\/piattaforma-di-mentoring-e-di-gestione-degli-alumni\/"},{"@type":"ListItem","position":2,"name":"In che modo i laboratori stanno anticipando la fuga di cervelli?"}]},{"@type":"WebSite","@id":"https:\/\/www.alumni.space\/it\/#website","url":"https:\/\/www.alumni.space\/it\/","name":"Alumni.space","description":"My WordPress Blog","potentialAction":[{"@type":"SearchAction","target":{"@type":"EntryPoint","urlTemplate":"https:\/\/www.alumni.space\/it\/?s={search_term_string}"},"query-input":{"@type":"PropertyValueSpecification","valueRequired":true,"valueName":"search_term_string"}}],"inLanguage":"it-IT"},{"@type":"Person","@id":"https:\/\/www.alumni.space\/it\/#\/schema\/person\/fede362a57876edda476a61f05ce5b15","name":"admin","image":{"@type":"ImageObject","inLanguage":"it-IT","@id":"https:\/\/secure.gravatar.com\/avatar\/318e234ae94f90d4d629428d6b983c08e31181c28f579e08a021180d759ea651?s=96&d=mm&r=g","url":"https:\/\/secure.gravatar.com\/avatar\/318e234ae94f90d4d629428d6b983c08e31181c28f579e08a021180d759ea651?s=96&d=mm&r=g","contentUrl":"https:\/\/secure.gravatar.com\/avatar\/318e234ae94f90d4d629428d6b983c08e31181c28f579e08a021180d759ea651?s=96&d=mm&r=g","caption":"admin"},"description":"Nicolas Laustriat a construit sa sp\u00e9cialit\u00e9 sur un sujet que beaucoup d\u2019organisations d\u00e9couvrent trop tard : ce qui dispara\u00eet quand les gens partent. Dipl\u00f4m\u00e9 en conception de produit industriel, il bifurque vers le digital fin 1996, il couvre les transformations marques, RH, la fid\u00e9lisation, la marque employeur. Sur le terrain, il rep\u00e8re un angle mort r\u00e9current : l\u2019entreprise investit dans le recrutement, la formation, les process\u2026 puis laisse filer le lien au moment du d\u00e9part, avec une perte de savoir et d\u2019influence qui se paie en silence. Il se sp\u00e9cialise alors sur les communaut\u00e9s d\u2019alumni, le mentorat, l\u2019entraide interg\u00e9n\u00e9rationnelle et la transmission d\u2019expertise. Il passe du \u201cconstat\u201d aux m\u00e9thodes : animation, gouvernance, segmentation, rituels, mesure d\u2019engagement, articulation avec la RSE et l\u2019employabilit\u00e9. Il interviewe DRH, responsables formation, directions d\u2019\u00e9coles, associations et fondations, avec une obsession : transformer un r\u00e9seau dormant en m\u00e9canisme utile (cooptation, mentorat, job board, entraide, \u00e9v\u00e9nements, contenus). Son style : direct, orient\u00e9 action, sans folklore. Sa conviction : une communaut\u00e9 n\u2019a pas besoin de bruit, elle a besoin de raisons de revenir.","sameAs":["https:\/\/www.alumni.space"]}]}},"_links":{"self":[{"href":"https:\/\/www.alumni.space\/it\/wp-json\/wp\/v2\/posts\/5439","targetHints":{"allow":["GET"]}}],"collection":[{"href":"https:\/\/www.alumni.space\/it\/wp-json\/wp\/v2\/posts"}],"about":[{"href":"https:\/\/www.alumni.space\/it\/wp-json\/wp\/v2\/types\/post"}],"author":[{"embeddable":true,"href":"https:\/\/www.alumni.space\/it\/wp-json\/wp\/v2\/users\/1"}],"replies":[{"embeddable":true,"href":"https:\/\/www.alumni.space\/it\/wp-json\/wp\/v2\/comments?post=5439"}],"version-history":[{"count":2,"href":"https:\/\/www.alumni.space\/it\/wp-json\/wp\/v2\/posts\/5439\/revisions"}],"predecessor-version":[{"id":6545,"href":"https:\/\/www.alumni.space\/it\/wp-json\/wp\/v2\/posts\/5439\/revisions\/6545"}],"wp:featuredmedia":[{"embeddable":true,"href":"https:\/\/www.alumni.space\/it\/wp-json\/wp\/v2\/media\/5441"}],"wp:attachment":[{"href":"https:\/\/www.alumni.space\/it\/wp-json\/wp\/v2\/media?parent=5439"}],"wp:term":[{"taxonomy":"category","embeddable":true,"href":"https:\/\/www.alumni.space\/it\/wp-json\/wp\/v2\/categories?post=5439"},{"taxonomy":"post_tag","embeddable":true,"href":"https:\/\/www.alumni.space\/it\/wp-json\/wp\/v2\/tags?post=5439"}],"curies":[{"name":"wp","href":"https:\/\/api.w.org\/{rel}","templated":true}]}}