{"id":5373,"date":"2025-01-04T06:35:03","date_gmt":"2025-01-04T06:35:03","guid":{"rendered":"https:\/\/www.alumni.space\/rischio-di-disorganizzazione-quale-impatto-avranno-le-partenze-di-massa-del-personale-senior\/"},"modified":"2026-03-28T10:42:17","modified_gmt":"2026-03-28T10:42:17","slug":"rischio-di-disorganizzazione-quale-impatto-avranno-le-partenze-di-massa-del-personale-senior","status":"publish","type":"post","link":"https:\/\/www.alumni.space\/it\/rischio-di-disorganizzazione-quale-impatto-avranno-le-partenze-di-massa-del-personale-senior\/","title":{"rendered":"Rischio di disorganizzazione: quale impatto avranno le partenze di massa del personale senior?"},"content":{"rendered":"<div id=\"ez-toc-container\" class=\"ez-toc-v2_0_82_2 counter-flat ez-toc-counter ez-toc-grey ez-toc-container-direction\">\n<div class=\"ez-toc-title-container\"><p class=\"ez-toc-title\" style=\"cursor:inherit\">In questo articolo:<\/p>\n<\/div><nav><ul class='ez-toc-list ez-toc-list-level-1 ' ><li class='ez-toc-page-1'><a class=\"ez-toc-link ez-toc-heading-1\" href=\"https:\/\/www.alumni.space\/it\/rischio-di-disorganizzazione-quale-impatto-avranno-le-partenze-di-massa-del-personale-senior\/#Rischi_di_disorganizzazione_legati_alluscita_di_massa_dei_lavoratori_piu_anziani_dallazienda\" >Rischi di disorganizzazione legati all&#8217;uscita di massa dei lavoratori pi\u00f9 anziani dall&#8217;azienda<\/a><\/li><li class='ez-toc-page-1'><a class=\"ez-toc-link ez-toc-heading-2\" href=\"https:\/\/www.alumni.space\/it\/rischio-di-disorganizzazione-quale-impatto-avranno-le-partenze-di-massa-del-personale-senior\/#Contesto_demografico_e_quadro_legislativo_che_influisce_sulle_partenze_dei_senior\" >Contesto demografico e quadro legislativo che influisce sulle partenze dei senior<\/a><\/li><li class='ez-toc-page-1'><a class=\"ez-toc-link ez-toc-heading-3\" href=\"https:\/\/www.alumni.space\/it\/rischio-di-disorganizzazione-quale-impatto-avranno-le-partenze-di-massa-del-personale-senior\/#Conseguenze_operative_ed_economiche_delle_partenze_di_massa\" >Conseguenze operative ed economiche delle partenze di massa<\/a><\/li><li class='ez-toc-page-1'><a class=\"ez-toc-link ez-toc-heading-4\" href=\"https:\/\/www.alumni.space\/it\/rischio-di-disorganizzazione-quale-impatto-avranno-le-partenze-di-massa-del-personale-senior\/#Strategie_HR_per_prevenire_il_rischio_di_disorganizzazione_a_fronte_di_partenze_di_senior\" >Strategie HR per prevenire il rischio di disorganizzazione a fronte di partenze di senior.<\/a><\/li><li class='ez-toc-page-1'><a class=\"ez-toc-link ez-toc-heading-5\" href=\"https:\/\/www.alumni.space\/it\/rischio-di-disorganizzazione-quale-impatto-avranno-le-partenze-di-massa-del-personale-senior\/#Un_caso_di_studio_che_dimostra_limportanza_di_una_gestione_tempestiva_delle_partenze_dei_senior\" >Un caso di studio che dimostra l&#8217;importanza di una gestione tempestiva delle partenze dei senior<\/a><\/li><\/ul><\/nav><\/div>\n<h2 class=\"wp-block-heading\"><span class=\"ez-toc-section\" id=\"Rischi_di_disorganizzazione_legati_alluscita_di_massa_dei_lavoratori_piu_anziani_dallazienda\"><\/span>Rischi di disorganizzazione legati all&#8217;uscita di massa dei lavoratori pi\u00f9 anziani dall&#8217;azienda<span class=\"ez-toc-section-end\"><\/span><\/h2><p>L&#8217;uscita di massa dei dipendenti pi\u00f9 anziani \u00e8 una delle principali fonti di <strong>disturbo<\/strong> per molte aziende. Questa tendenza, accentuata da un contesto demografico caratterizzato da un calo delle nascite e da una piramide d&#8217;et\u00e0 squilibrata, ha un forte impatto sulla <strong>gestione delle risorse umane<\/strong>. La difficolt\u00e0 di mantenere al lavoro i dipendenti pi\u00f9 anziani e di garantire il <strong>trasferimento delle competenze<\/strong> sta portando a un aumento <strong>del turnover<\/strong> e a una <strong>carenza di manodopera<\/strong> qualificata, minacciando la continuit\u00e0 operativa delle organizzazioni.  <\/p><figure class=\"wp-block-image size-full\"><img decoding=\"async\" width=\"1280\" height=\"768\" src=\"https:\/\/www.alumni.space\/wp-content\/uploads\/2026\/03\/Risque-de-desorganisation-quel-impact-des-departs-massifs-des-seniors-1-1.jpg\" data-orig-src=\"https:\/\/www.alumni.space\/wp-content\/uploads\/2026\/03\/Risque-de-desorganisation-quel-impact-des-departs-massifs-des-seniors-1-1.jpg\" alt=\"scoprire l'impatto delle partenze di massa dei lavoratori anziani sulla disorganizzazione delle aziende e le strategie per anticipare questo rischio.\" class=\"lazyload wp-image-3246\" srcset=\"data:image\/svg+xml,%3Csvg%20xmlns%3D%27http%3A%2F%2Fwww.w3.org%2F2000%2Fsvg%27%20width%3D%271280%27%20height%3D%27768%27%20viewBox%3D%270%200%201280%20768%27%3E%3Crect%20width%3D%271280%27%20height%3D%27768%27%20fill-opacity%3D%220%22%2F%3E%3C%2Fsvg%3E\" data-srcset=\"https:\/\/www.alumni.space\/wp-content\/uploads\/2026\/03\/Risque-de-desorganisation-quel-impact-des-departs-massifs-des-seniors-1-1-200x120.jpg 200w, https:\/\/www.alumni.space\/wp-content\/uploads\/2026\/03\/Risque-de-desorganisation-quel-impact-des-departs-massifs-des-seniors-1-1-300x180.jpg 300w, https:\/\/www.alumni.space\/wp-content\/uploads\/2026\/03\/Risque-de-desorganisation-quel-impact-des-departs-massifs-des-seniors-1-1-400x240.jpg 400w, https:\/\/www.alumni.space\/wp-content\/uploads\/2026\/03\/Risque-de-desorganisation-quel-impact-des-departs-massifs-des-seniors-1-1-600x360.jpg 600w, https:\/\/www.alumni.space\/wp-content\/uploads\/2026\/03\/Risque-de-desorganisation-quel-impact-des-departs-massifs-des-seniors-1-1-768x461.jpg 768w, https:\/\/www.alumni.space\/wp-content\/uploads\/2026\/03\/Risque-de-desorganisation-quel-impact-des-departs-massifs-des-seniors-1-1-800x480.jpg 800w, https:\/\/www.alumni.space\/wp-content\/uploads\/2026\/03\/Risque-de-desorganisation-quel-impact-des-departs-massifs-des-seniors-1-1-1024x614.jpg 1024w, https:\/\/www.alumni.space\/wp-content\/uploads\/2026\/03\/Risque-de-desorganisation-quel-impact-des-departs-massifs-des-seniors-1-1-1200x720.jpg 1200w, https:\/\/www.alumni.space\/wp-content\/uploads\/2026\/03\/Risque-de-desorganisation-quel-impact-des-departs-massifs-des-seniors-1-1.jpg 1280w\" data-sizes=\"auto\" data-orig-sizes=\"(max-width: 1280px) 100vw, 1280px\" \/><\/figure><h3 class=\"wp-block-heading\"><span class=\"ez-toc-section\" id=\"Contesto_demografico_e_quadro_legislativo_che_influisce_sulle_partenze_dei_senior\"><\/span>Contesto demografico e quadro legislativo che influisce sulle partenze dei senior<span class=\"ez-toc-section-end\"><\/span><\/h3><p>La legge &#8220;Anziani&#8221; del 24 ottobre 2025 stabilisce un quadro sociale senza precedenti, in risposta alla carenza di competenze aggravata dai pensionamenti. Con 663.000 nascite nel 2024 e una percentuale crescente di popolazione di et\u00e0 superiore ai 65 anni, la sostituzione delle competenze sta diventando una questione strategica. I recenti obblighi impongono alle aziende di effettuare un&#8217;analisi preliminare della propria struttura per et\u00e0, delle assenze e della formazione, in modo da poter valutare oggettivamente il flusso di partenze e preparare una politica HR adeguata.  <\/p><p>Gli obiettivi principali di questo quadro normativo sono quelli di rallentare l&#8217;uscita prematura dei dipendenti pi\u00f9 anziani, garantire la <strong>trasmissione del know-how<\/strong> e incoraggiare la <strong>riqualificazione<\/strong> e i programmi di pensionamento graduale. Queste misure si rivolgono tanto ai dipartimenti delle risorse umane quanto ai comitati sociali ed economici, agli istituti di istruzione superiore e alle associazioni professionali, richiedendo una mobilitazione interfunzionale per ridurre al minimo l&#8217;impatto delle partenze. <\/p><h3 class=\"wp-block-heading\"><span class=\"ez-toc-section\" id=\"Conseguenze_operative_ed_economiche_delle_partenze_di_massa\"><\/span>Conseguenze operative ed economiche delle partenze di massa<span class=\"ez-toc-section-end\"><\/span><\/h3><p>Le aziende subiscono un effetto domino: <strong>perdita di know-how<\/strong>, aumento degli errori legati a processi meno controllati, diminuzione della qualit\u00e0 e aumento dei costi di formazione e assunzione. Nonostante i recenti progressi, il tasso di occupazione dei 55-64enni in Francia rimane inferiore alla media europea, accentuando i rischi di <strong>disorganizzazione<\/strong> nei settori che dipendono da competenze specifiche, come la manutenzione o l&#8217;industria. <\/p><p>La gestione delle risorse umane \u00e8 costretta a rivedere le proprie pratiche. L&#8217;approccio tradizionale di sostituzione rapida si sta rivelando costoso e inefficace, soprattutto di fronte alle crescenti esigenze in termini di qualit\u00e0 e sicurezza. Al di l\u00e0 del volume di posti da coprire, la continuit\u00e0 operativa, in particolare nelle aree aziendali critiche, \u00e8 un criterio chiave per una performance aziendale sostenibile.  <\/p><h3 class=\"wp-block-heading\"><span class=\"ez-toc-section\" id=\"Strategie_HR_per_prevenire_il_rischio_di_disorganizzazione_a_fronte_di_partenze_di_senior\"><\/span>Strategie HR per prevenire il rischio di disorganizzazione a fronte di partenze di senior.<span class=\"ez-toc-section-end\"><\/span><\/h3><p>I dipartimenti HR sono chiamati a trasformare l&#8217;invecchiamento della forza lavoro in un fattore di performance. L&#8217;introduzione di sistemi come il mentoring intergenerazionale, la capitalizzazione dei documenti e le coppie tutor-mentore facilitano la trasmissione delle competenze. Questi approcci aiutano a rafforzare la rete interna, incoraggiando l&#8217;<strong>impegno a lungo termine dei<\/strong> dipendenti pi\u00f9 anziani e di quelli pi\u00f9 giovani.  <\/p><p>Anticipare la piramide dell&#8217;et\u00e0 utilizzando strumenti standardizzati e orientandosi sulla base di indicatori precisi significa che la gestione della carriera pu\u00f2 essere adattata in tempo reale. Ad esempio, la piattaforma SaaS <a href=\"https:\/\/www.alumni.space\/it\/come-possono-i-dipartimenti-hr-anticipare-la-piramide-delleta\/\">alumni.space<\/a> offre un ambiente integrato che riunisce profili, mentoring, offerte ed eventi, per strutturare questo lavoro approfondito. Questo tipo di strumento evita l&#8217;uso dispersivo di fogli di calcolo o di altri sistemi non sincronizzati, che possono portare a perdite di tempo e di opportunit\u00e0.  <\/p><p>La legge introduce anche un CDI &#8220;senior&#8221; sperimentale, il contratto di valorizzazione dell&#8217;esperienza (CVE), per incoraggiare l&#8217;assunzione di senior fornendo un quadro sicuro per la durata dell&#8217;impiego. Inoltre, la strutturazione dei colloqui di carriera e la prevenzione dell&#8217;usura sul lavoro garantiscono un supporto personalizzato nel momento chiave della transizione verso la pensione. <\/p><h3 class=\"wp-block-heading\"><span class=\"ez-toc-section\" id=\"Un_caso_di_studio_che_dimostra_limportanza_di_una_gestione_tempestiva_delle_partenze_dei_senior\"><\/span>Un caso di studio che dimostra l&#8217;importanza di una gestione tempestiva delle partenze dei senior<span class=\"ez-toc-section-end\"><\/span><\/h3><p>Nel settore industriale, le interruzioni improvvise portano a significativi cali di produttivit\u00e0 e a un <strong>impatto negativo sulla qualit\u00e0 delle<\/strong> consegne, come \u00e8 stato osservato nell&#8217;industria automobilistica. Al contrario, le aziende che adottano una strategia di mentoring proattiva e una job board dedicata vedono una migliore integrazione dei giovani talenti e un trasferimento pi\u00f9 fluido delle competenze. <\/p><p>Le autorit\u00e0 locali sono inoltre sottoposte a una notevole pressione a causa dell&#8217;elevata et\u00e0 media del loro personale. Anticipare le partenze attraverso una diagnosi precisa delle professioni critiche permette di allocare le risorse in modo pi\u00f9 pertinente, alleggerendo l&#8217;onere legato alle massicce assunzioni annunciate dalla riforma dei pensionamenti. <\/p><p>La mobilitazione di alleanze intersettoriali e di reti di alumni promuove anche l&#8217;utilizzo di persone anziane come ambasciatori, garantendo una continuit\u00e0 collettiva e un solido bagaglio di esperienze. Questa dinamica di animazione delle comunit\u00e0 interne ed esterne rappresenta una leva per gli attori dell&#8217;istruzione superiore, i CFA o le associazioni, che possono combinare la trasmissione con un&#8217;offerta di aiuto reciproco e opportunit\u00e0 professionali. <\/p><p>Per approfondire questi temi, vale la pena di consultare le risorse dettagliate su <a href=\"https:\/\/www.alumni.space\/it\/rischio-di-disorganizzazione-quale-impatto-avranno-le-partenze-di-massa-del-personale-senior\/\">alumni.space relative al rischio di disorganizzazione legato all&#8217;uscita di personale senior dall&#8217;<\/a> azienda, nonch\u00e9 il feedback sulla conservazione del know-how in alcuni settori come l&#8217;edilizia e i lavori pubblici.<\/p>","protected":false},"excerpt":{"rendered":"<p>Rischi di disorganizzazione legati all&#8217;uscita di massa dei lavoratori pi\u00f9  [&#8230;]<\/p>\n","protected":false},"author":1,"featured_media":5375,"comment_status":"closed","ping_status":"closed","sticky":false,"template":"","format":"standard","meta":{"_ayudawp_aiss_exclude":false,"footnotes":""},"categories":[65],"tags":[],"class_list":["post-5373","post","type-post","status-publish","format-standard","has-post-thumbnail","hentry","category-risorse-umane"],"yoast_head":"<!-- This site is optimized with the Yoast SEO plugin v27.4 - https:\/\/yoast.com\/product\/yoast-seo-wordpress\/ -->\n<title>Le partenze di massa dei senior: un rischio per l&#039;organizzazione?<\/title>\n<meta name=\"description\" content=\"Scopri l&#039;impatto delle partenze di massa dei lavoratori anziani sulla disorganizzazione delle aziende e come affrontarle in modo efficace.\" \/>\n<meta name=\"robots\" content=\"index, follow, max-snippet:-1, max-image-preview:large, max-video-preview:-1\" \/>\n<link rel=\"canonical\" href=\"https:\/\/www.alumni.space\/it\/rischio-di-disorganizzazione-quale-impatto-avranno-le-partenze-di-massa-del-personale-senior\/\" \/>\n<meta property=\"og:locale\" content=\"it_IT\" \/>\n<meta property=\"og:type\" content=\"article\" \/>\n<meta property=\"og:title\" content=\"Le partenze di massa dei senior: un rischio per l&#039;organizzazione?\" \/>\n<meta property=\"og:description\" content=\"Scopri l&#039;impatto delle partenze di massa dei lavoratori anziani sulla disorganizzazione delle aziende e come affrontarle in modo efficace.\" \/>\n<meta property=\"og:url\" content=\"https:\/\/www.alumni.space\/it\/rischio-di-disorganizzazione-quale-impatto-avranno-le-partenze-di-massa-del-personale-senior\/\" \/>\n<meta property=\"og:site_name\" content=\"Alumni.space\" \/>\n<meta property=\"article:published_time\" content=\"2025-01-04T06:35:03+00:00\" \/>\n<meta property=\"article:modified_time\" content=\"2026-03-28T10:42:17+00:00\" \/>\n<meta property=\"og:image\" content=\"https:\/\/www.alumni.space\/wp-content\/uploads\/2026\/03\/Risque-de-desorganisation-quel-impact-des-departs-massifs-des-seniors-.jpg\" \/>\n\t<meta property=\"og:image:width\" content=\"1280\" \/>\n\t<meta property=\"og:image:height\" content=\"768\" \/>\n\t<meta property=\"og:image:type\" content=\"image\/jpeg\" \/>\n<meta name=\"author\" content=\"admin\" \/>\n<meta name=\"twitter:card\" content=\"summary_large_image\" \/>\n<meta name=\"twitter:label1\" content=\"Scritto da\" \/>\n\t<meta name=\"twitter:data1\" content=\"admin\" \/>\n\t<meta name=\"twitter:label2\" content=\"Tempo di lettura stimato\" \/>\n\t<meta name=\"twitter:data2\" content=\"4 minuti\" \/>\n<script type=\"application\/ld+json\" class=\"yoast-schema-graph\">{\"@context\":\"https:\\\/\\\/schema.org\",\"@graph\":[{\"@type\":\"Article\",\"@id\":\"https:\\\/\\\/www.alumni.space\\\/it\\\/rischio-di-disorganizzazione-quale-impatto-avranno-le-partenze-di-massa-del-personale-senior\\\/#article\",\"isPartOf\":{\"@id\":\"https:\\\/\\\/www.alumni.space\\\/it\\\/rischio-di-disorganizzazione-quale-impatto-avranno-le-partenze-di-massa-del-personale-senior\\\/\"},\"author\":{\"name\":\"admin\",\"@id\":\"https:\\\/\\\/www.alumni.space\\\/it\\\/#\\\/schema\\\/person\\\/fede362a57876edda476a61f05ce5b15\"},\"headline\":\"Rischio di disorganizzazione: quale impatto avranno le partenze di massa del personale senior?\",\"datePublished\":\"2025-01-04T06:35:03+00:00\",\"dateModified\":\"2026-03-28T10:42:17+00:00\",\"mainEntityOfPage\":{\"@id\":\"https:\\\/\\\/www.alumni.space\\\/it\\\/rischio-di-disorganizzazione-quale-impatto-avranno-le-partenze-di-massa-del-personale-senior\\\/\"},\"wordCount\":847,\"image\":{\"@id\":\"https:\\\/\\\/www.alumni.space\\\/it\\\/rischio-di-disorganizzazione-quale-impatto-avranno-le-partenze-di-massa-del-personale-senior\\\/#primaryimage\"},\"thumbnailUrl\":\"https:\\\/\\\/www.alumni.space\\\/wp-content\\\/uploads\\\/2026\\\/03\\\/Risque-de-desorganisation-quel-impact-des-departs-massifs-des-seniors-.jpg\",\"articleSection\":[\"Risorse umane\"],\"inLanguage\":\"it-IT\"},{\"@type\":\"WebPage\",\"@id\":\"https:\\\/\\\/www.alumni.space\\\/it\\\/rischio-di-disorganizzazione-quale-impatto-avranno-le-partenze-di-massa-del-personale-senior\\\/\",\"url\":\"https:\\\/\\\/www.alumni.space\\\/it\\\/rischio-di-disorganizzazione-quale-impatto-avranno-le-partenze-di-massa-del-personale-senior\\\/\",\"name\":\"Le partenze di massa dei senior: un rischio per l'organizzazione?\",\"isPartOf\":{\"@id\":\"https:\\\/\\\/www.alumni.space\\\/it\\\/#website\"},\"primaryImageOfPage\":{\"@id\":\"https:\\\/\\\/www.alumni.space\\\/it\\\/rischio-di-disorganizzazione-quale-impatto-avranno-le-partenze-di-massa-del-personale-senior\\\/#primaryimage\"},\"image\":{\"@id\":\"https:\\\/\\\/www.alumni.space\\\/it\\\/rischio-di-disorganizzazione-quale-impatto-avranno-le-partenze-di-massa-del-personale-senior\\\/#primaryimage\"},\"thumbnailUrl\":\"https:\\\/\\\/www.alumni.space\\\/wp-content\\\/uploads\\\/2026\\\/03\\\/Risque-de-desorganisation-quel-impact-des-departs-massifs-des-seniors-.jpg\",\"datePublished\":\"2025-01-04T06:35:03+00:00\",\"dateModified\":\"2026-03-28T10:42:17+00:00\",\"author\":{\"@id\":\"https:\\\/\\\/www.alumni.space\\\/it\\\/#\\\/schema\\\/person\\\/fede362a57876edda476a61f05ce5b15\"},\"description\":\"Scopri l'impatto delle partenze di massa dei lavoratori anziani sulla disorganizzazione delle aziende e come affrontarle in modo efficace.\",\"breadcrumb\":{\"@id\":\"https:\\\/\\\/www.alumni.space\\\/it\\\/rischio-di-disorganizzazione-quale-impatto-avranno-le-partenze-di-massa-del-personale-senior\\\/#breadcrumb\"},\"inLanguage\":\"it-IT\",\"potentialAction\":[{\"@type\":\"ReadAction\",\"target\":[\"https:\\\/\\\/www.alumni.space\\\/it\\\/rischio-di-disorganizzazione-quale-impatto-avranno-le-partenze-di-massa-del-personale-senior\\\/\"]}]},{\"@type\":\"ImageObject\",\"inLanguage\":\"it-IT\",\"@id\":\"https:\\\/\\\/www.alumni.space\\\/it\\\/rischio-di-disorganizzazione-quale-impatto-avranno-le-partenze-di-massa-del-personale-senior\\\/#primaryimage\",\"url\":\"https:\\\/\\\/www.alumni.space\\\/wp-content\\\/uploads\\\/2026\\\/03\\\/Risque-de-desorganisation-quel-impact-des-departs-massifs-des-seniors-.jpg\",\"contentUrl\":\"https:\\\/\\\/www.alumni.space\\\/wp-content\\\/uploads\\\/2026\\\/03\\\/Risque-de-desorganisation-quel-impact-des-departs-massifs-des-seniors-.jpg\",\"width\":1280,\"height\":768,\"caption\":\"scoprire le conseguenze delle partenze di massa dei lavoratori anziani sull'organizzazione delle aziende e le strategie per prevenire la disorganizzazione.\"},{\"@type\":\"BreadcrumbList\",\"@id\":\"https:\\\/\\\/www.alumni.space\\\/it\\\/rischio-di-disorganizzazione-quale-impatto-avranno-le-partenze-di-massa-del-personale-senior\\\/#breadcrumb\",\"itemListElement\":[{\"@type\":\"ListItem\",\"position\":1,\"name\":\"Home\",\"item\":\"https:\\\/\\\/www.alumni.space\\\/it\\\/piattaforma-di-mentoring-e-di-gestione-degli-alumni\\\/\"},{\"@type\":\"ListItem\",\"position\":2,\"name\":\"Rischio di disorganizzazione: quale impatto avranno le partenze di massa del personale senior?\"}]},{\"@type\":\"WebSite\",\"@id\":\"https:\\\/\\\/www.alumni.space\\\/it\\\/#website\",\"url\":\"https:\\\/\\\/www.alumni.space\\\/it\\\/\",\"name\":\"Alumni.space\",\"description\":\"My WordPress Blog\",\"potentialAction\":[{\"@type\":\"SearchAction\",\"target\":{\"@type\":\"EntryPoint\",\"urlTemplate\":\"https:\\\/\\\/www.alumni.space\\\/it\\\/?s={search_term_string}\"},\"query-input\":{\"@type\":\"PropertyValueSpecification\",\"valueRequired\":true,\"valueName\":\"search_term_string\"}}],\"inLanguage\":\"it-IT\"},{\"@type\":\"Person\",\"@id\":\"https:\\\/\\\/www.alumni.space\\\/it\\\/#\\\/schema\\\/person\\\/fede362a57876edda476a61f05ce5b15\",\"name\":\"admin\",\"image\":{\"@type\":\"ImageObject\",\"inLanguage\":\"it-IT\",\"@id\":\"https:\\\/\\\/secure.gravatar.com\\\/avatar\\\/318e234ae94f90d4d629428d6b983c08e31181c28f579e08a021180d759ea651?s=96&d=mm&r=g\",\"url\":\"https:\\\/\\\/secure.gravatar.com\\\/avatar\\\/318e234ae94f90d4d629428d6b983c08e31181c28f579e08a021180d759ea651?s=96&d=mm&r=g\",\"contentUrl\":\"https:\\\/\\\/secure.gravatar.com\\\/avatar\\\/318e234ae94f90d4d629428d6b983c08e31181c28f579e08a021180d759ea651?s=96&d=mm&r=g\",\"caption\":\"admin\"},\"description\":\"Nicolas Laustriat a construit sa sp\u00e9cialit\u00e9 sur un sujet que beaucoup d\u2019organisations d\u00e9couvrent trop tard : ce qui dispara\u00eet quand les gens partent. Dipl\u00f4m\u00e9 en conception de produit industriel, il bifurque vers le digital fin 1996, il couvre les transformations marques, RH, la fid\u00e9lisation, la marque employeur. Sur le terrain, il rep\u00e8re un angle mort r\u00e9current : l\u2019entreprise investit dans le recrutement, la formation, les process\u2026 puis laisse filer le lien au moment du d\u00e9part, avec une perte de savoir et d\u2019influence qui se paie en silence. Il se sp\u00e9cialise alors sur les communaut\u00e9s d\u2019alumni, le mentorat, l\u2019entraide interg\u00e9n\u00e9rationnelle et la transmission d\u2019expertise. Il passe du \u201cconstat\u201d aux m\u00e9thodes : animation, gouvernance, segmentation, rituels, mesure d\u2019engagement, articulation avec la RSE et l\u2019employabilit\u00e9. Il interviewe DRH, responsables formation, directions d\u2019\u00e9coles, associations et fondations, avec une obsession : transformer un r\u00e9seau dormant en m\u00e9canisme utile (cooptation, mentorat, job board, entraide, \u00e9v\u00e9nements, contenus). Son style : direct, orient\u00e9 action, sans folklore. Sa conviction : une communaut\u00e9 n\u2019a pas besoin de bruit, elle a besoin de raisons de revenir.\",\"sameAs\":[\"https:\\\/\\\/www.alumni.space\"]}]}<\/script>\n<!-- \/ Yoast SEO plugin. -->","yoast_head_json":{"title":"Le partenze di massa dei senior: un rischio per l'organizzazione?","description":"Scopri l'impatto delle partenze di massa dei lavoratori anziani sulla disorganizzazione delle aziende e come affrontarle in modo efficace.","robots":{"index":"index","follow":"follow","max-snippet":"max-snippet:-1","max-image-preview":"max-image-preview:large","max-video-preview":"max-video-preview:-1"},"canonical":"https:\/\/www.alumni.space\/it\/rischio-di-disorganizzazione-quale-impatto-avranno-le-partenze-di-massa-del-personale-senior\/","og_locale":"it_IT","og_type":"article","og_title":"Le partenze di massa dei senior: un rischio per l'organizzazione?","og_description":"Scopri l'impatto delle partenze di massa dei lavoratori anziani sulla disorganizzazione delle aziende e come affrontarle in modo efficace.","og_url":"https:\/\/www.alumni.space\/it\/rischio-di-disorganizzazione-quale-impatto-avranno-le-partenze-di-massa-del-personale-senior\/","og_site_name":"Alumni.space","article_published_time":"2025-01-04T06:35:03+00:00","article_modified_time":"2026-03-28T10:42:17+00:00","og_image":[{"width":1280,"height":768,"url":"https:\/\/www.alumni.space\/wp-content\/uploads\/2026\/03\/Risque-de-desorganisation-quel-impact-des-departs-massifs-des-seniors-.jpg","type":"image\/jpeg"}],"author":"admin","twitter_card":"summary_large_image","twitter_misc":{"Scritto da":"admin","Tempo di lettura stimato":"4 minuti"},"schema":{"@context":"https:\/\/schema.org","@graph":[{"@type":"Article","@id":"https:\/\/www.alumni.space\/it\/rischio-di-disorganizzazione-quale-impatto-avranno-le-partenze-di-massa-del-personale-senior\/#article","isPartOf":{"@id":"https:\/\/www.alumni.space\/it\/rischio-di-disorganizzazione-quale-impatto-avranno-le-partenze-di-massa-del-personale-senior\/"},"author":{"name":"admin","@id":"https:\/\/www.alumni.space\/it\/#\/schema\/person\/fede362a57876edda476a61f05ce5b15"},"headline":"Rischio di disorganizzazione: quale impatto avranno le partenze di massa del personale senior?","datePublished":"2025-01-04T06:35:03+00:00","dateModified":"2026-03-28T10:42:17+00:00","mainEntityOfPage":{"@id":"https:\/\/www.alumni.space\/it\/rischio-di-disorganizzazione-quale-impatto-avranno-le-partenze-di-massa-del-personale-senior\/"},"wordCount":847,"image":{"@id":"https:\/\/www.alumni.space\/it\/rischio-di-disorganizzazione-quale-impatto-avranno-le-partenze-di-massa-del-personale-senior\/#primaryimage"},"thumbnailUrl":"https:\/\/www.alumni.space\/wp-content\/uploads\/2026\/03\/Risque-de-desorganisation-quel-impact-des-departs-massifs-des-seniors-.jpg","articleSection":["Risorse umane"],"inLanguage":"it-IT"},{"@type":"WebPage","@id":"https:\/\/www.alumni.space\/it\/rischio-di-disorganizzazione-quale-impatto-avranno-le-partenze-di-massa-del-personale-senior\/","url":"https:\/\/www.alumni.space\/it\/rischio-di-disorganizzazione-quale-impatto-avranno-le-partenze-di-massa-del-personale-senior\/","name":"Le partenze di massa dei senior: un rischio per l'organizzazione?","isPartOf":{"@id":"https:\/\/www.alumni.space\/it\/#website"},"primaryImageOfPage":{"@id":"https:\/\/www.alumni.space\/it\/rischio-di-disorganizzazione-quale-impatto-avranno-le-partenze-di-massa-del-personale-senior\/#primaryimage"},"image":{"@id":"https:\/\/www.alumni.space\/it\/rischio-di-disorganizzazione-quale-impatto-avranno-le-partenze-di-massa-del-personale-senior\/#primaryimage"},"thumbnailUrl":"https:\/\/www.alumni.space\/wp-content\/uploads\/2026\/03\/Risque-de-desorganisation-quel-impact-des-departs-massifs-des-seniors-.jpg","datePublished":"2025-01-04T06:35:03+00:00","dateModified":"2026-03-28T10:42:17+00:00","author":{"@id":"https:\/\/www.alumni.space\/it\/#\/schema\/person\/fede362a57876edda476a61f05ce5b15"},"description":"Scopri l'impatto delle partenze di massa dei lavoratori anziani sulla disorganizzazione delle aziende e come affrontarle in modo efficace.","breadcrumb":{"@id":"https:\/\/www.alumni.space\/it\/rischio-di-disorganizzazione-quale-impatto-avranno-le-partenze-di-massa-del-personale-senior\/#breadcrumb"},"inLanguage":"it-IT","potentialAction":[{"@type":"ReadAction","target":["https:\/\/www.alumni.space\/it\/rischio-di-disorganizzazione-quale-impatto-avranno-le-partenze-di-massa-del-personale-senior\/"]}]},{"@type":"ImageObject","inLanguage":"it-IT","@id":"https:\/\/www.alumni.space\/it\/rischio-di-disorganizzazione-quale-impatto-avranno-le-partenze-di-massa-del-personale-senior\/#primaryimage","url":"https:\/\/www.alumni.space\/wp-content\/uploads\/2026\/03\/Risque-de-desorganisation-quel-impact-des-departs-massifs-des-seniors-.jpg","contentUrl":"https:\/\/www.alumni.space\/wp-content\/uploads\/2026\/03\/Risque-de-desorganisation-quel-impact-des-departs-massifs-des-seniors-.jpg","width":1280,"height":768,"caption":"scoprire le conseguenze delle partenze di massa dei lavoratori anziani sull'organizzazione delle aziende e le strategie per prevenire la disorganizzazione."},{"@type":"BreadcrumbList","@id":"https:\/\/www.alumni.space\/it\/rischio-di-disorganizzazione-quale-impatto-avranno-le-partenze-di-massa-del-personale-senior\/#breadcrumb","itemListElement":[{"@type":"ListItem","position":1,"name":"Home","item":"https:\/\/www.alumni.space\/it\/piattaforma-di-mentoring-e-di-gestione-degli-alumni\/"},{"@type":"ListItem","position":2,"name":"Rischio di disorganizzazione: quale impatto avranno le partenze di massa del personale senior?"}]},{"@type":"WebSite","@id":"https:\/\/www.alumni.space\/it\/#website","url":"https:\/\/www.alumni.space\/it\/","name":"Alumni.space","description":"My WordPress Blog","potentialAction":[{"@type":"SearchAction","target":{"@type":"EntryPoint","urlTemplate":"https:\/\/www.alumni.space\/it\/?s={search_term_string}"},"query-input":{"@type":"PropertyValueSpecification","valueRequired":true,"valueName":"search_term_string"}}],"inLanguage":"it-IT"},{"@type":"Person","@id":"https:\/\/www.alumni.space\/it\/#\/schema\/person\/fede362a57876edda476a61f05ce5b15","name":"admin","image":{"@type":"ImageObject","inLanguage":"it-IT","@id":"https:\/\/secure.gravatar.com\/avatar\/318e234ae94f90d4d629428d6b983c08e31181c28f579e08a021180d759ea651?s=96&d=mm&r=g","url":"https:\/\/secure.gravatar.com\/avatar\/318e234ae94f90d4d629428d6b983c08e31181c28f579e08a021180d759ea651?s=96&d=mm&r=g","contentUrl":"https:\/\/secure.gravatar.com\/avatar\/318e234ae94f90d4d629428d6b983c08e31181c28f579e08a021180d759ea651?s=96&d=mm&r=g","caption":"admin"},"description":"Nicolas Laustriat a construit sa sp\u00e9cialit\u00e9 sur un sujet que beaucoup d\u2019organisations d\u00e9couvrent trop tard : ce qui dispara\u00eet quand les gens partent. Dipl\u00f4m\u00e9 en conception de produit industriel, il bifurque vers le digital fin 1996, il couvre les transformations marques, RH, la fid\u00e9lisation, la marque employeur. Sur le terrain, il rep\u00e8re un angle mort r\u00e9current : l\u2019entreprise investit dans le recrutement, la formation, les process\u2026 puis laisse filer le lien au moment du d\u00e9part, avec une perte de savoir et d\u2019influence qui se paie en silence. Il se sp\u00e9cialise alors sur les communaut\u00e9s d\u2019alumni, le mentorat, l\u2019entraide interg\u00e9n\u00e9rationnelle et la transmission d\u2019expertise. Il passe du \u201cconstat\u201d aux m\u00e9thodes : animation, gouvernance, segmentation, rituels, mesure d\u2019engagement, articulation avec la RSE et l\u2019employabilit\u00e9. Il interviewe DRH, responsables formation, directions d\u2019\u00e9coles, associations et fondations, avec une obsession : transformer un r\u00e9seau dormant en m\u00e9canisme utile (cooptation, mentorat, job board, entraide, \u00e9v\u00e9nements, contenus). Son style : direct, orient\u00e9 action, sans folklore. Sa conviction : une communaut\u00e9 n\u2019a pas besoin de bruit, elle a besoin de raisons de revenir.","sameAs":["https:\/\/www.alumni.space"]}]}},"_links":{"self":[{"href":"https:\/\/www.alumni.space\/it\/wp-json\/wp\/v2\/posts\/5373","targetHints":{"allow":["GET"]}}],"collection":[{"href":"https:\/\/www.alumni.space\/it\/wp-json\/wp\/v2\/posts"}],"about":[{"href":"https:\/\/www.alumni.space\/it\/wp-json\/wp\/v2\/types\/post"}],"author":[{"embeddable":true,"href":"https:\/\/www.alumni.space\/it\/wp-json\/wp\/v2\/users\/1"}],"replies":[{"embeddable":true,"href":"https:\/\/www.alumni.space\/it\/wp-json\/wp\/v2\/comments?post=5373"}],"version-history":[{"count":2,"href":"https:\/\/www.alumni.space\/it\/wp-json\/wp\/v2\/posts\/5373\/revisions"}],"predecessor-version":[{"id":6425,"href":"https:\/\/www.alumni.space\/it\/wp-json\/wp\/v2\/posts\/5373\/revisions\/6425"}],"wp:featuredmedia":[{"embeddable":true,"href":"https:\/\/www.alumni.space\/it\/wp-json\/wp\/v2\/media\/5375"}],"wp:attachment":[{"href":"https:\/\/www.alumni.space\/it\/wp-json\/wp\/v2\/media?parent=5373"}],"wp:term":[{"taxonomy":"category","embeddable":true,"href":"https:\/\/www.alumni.space\/it\/wp-json\/wp\/v2\/categories?post=5373"},{"taxonomy":"post_tag","embeddable":true,"href":"https:\/\/www.alumni.space\/it\/wp-json\/wp\/v2\/tags?post=5373"}],"curies":[{"name":"wp","href":"https:\/\/api.w.org\/{rel}","templated":true}]}}