{"id":5217,"date":"2024-03-10T14:21:02","date_gmt":"2024-03-10T14:21:02","guid":{"rendered":"https:\/\/www.alumni.space\/labbandono-degli-autisti-esperti-una-sfida-importante-per-la-logistica\/"},"modified":"2026-04-02T12:06:24","modified_gmt":"2026-04-02T12:06:24","slug":"labbandono-degli-autisti-esperti-una-sfida-importante-per-la-logistica","status":"publish","type":"post","link":"https:\/\/www.alumni.space\/it\/labbandono-degli-autisti-esperti-una-sfida-importante-per-la-logistica\/","title":{"rendered":"L&#8217;abbandono degli autisti esperti: una sfida importante per la logistica"},"content":{"rendered":"<p>Il settore della logistica si trova a un punto di svolta: gli <strong>autisti esperti<\/strong> se ne vanno in massa. Ci\u00f2 rappresenta una sfida strategica che ha un impatto diretto sulla <strong>gestione delle risorse umane<\/strong> e sulle prestazioni dei <strong>team logistici<\/strong>. L&#8217;invecchiamento dei professionisti del trasporto su strada, unito alla <strong>carenza di autisti<\/strong>, sta creando una tensione che influisce sulla continuit\u00e0 e sull&#8217;efficienza operativa.  <\/p><div id=\"ez-toc-container\" class=\"ez-toc-v2_0_82_2 counter-flat ez-toc-counter ez-toc-grey ez-toc-container-direction\">\n<div class=\"ez-toc-title-container\"><p class=\"ez-toc-title\" style=\"cursor:inherit\">In questo articolo:<\/p>\n<\/div><nav><ul class='ez-toc-list ez-toc-list-level-1 ' ><li class='ez-toc-page-1'><a class=\"ez-toc-link ez-toc-heading-1\" href=\"https:\/\/www.alumni.space\/it\/labbandono-degli-autisti-esperti-una-sfida-importante-per-la-logistica\/#Limpatto_della_partenza_di_autisti_esperti_sulle_prestazioni_logistiche\" >L&#8217;impatto della partenza di autisti esperti sulle prestazioni logistiche<\/a><\/li><li class='ez-toc-page-1'><a class=\"ez-toc-link ez-toc-heading-2\" href=\"https:\/\/www.alumni.space\/it\/labbandono-degli-autisti-esperti-una-sfida-importante-per-la-logistica\/#Le_basi_del_Conge_de_Fin_dActivite_e_il_suo_ruolo_nella_gestione_delle_partenze\" >Le basi del Cong\u00e9 de Fin d&#8217;Activit\u00e9 e il suo ruolo nella gestione delle partenze<\/a><\/li><li class='ez-toc-page-1'><a class=\"ez-toc-link ez-toc-heading-3\" href=\"https:\/\/www.alumni.space\/it\/labbandono-degli-autisti-esperti-una-sfida-importante-per-la-logistica\/#Sfide_di_reclutamento_e_condizioni_di_lavoro_nel_contesto_attuale\" >Sfide di reclutamento e condizioni di lavoro nel contesto attuale<\/a><\/li><li class='ez-toc-page-1'><a class=\"ez-toc-link ez-toc-heading-4\" href=\"https:\/\/www.alumni.space\/it\/labbandono-degli-autisti-esperti-una-sfida-importante-per-la-logistica\/#Promuovere_il_trasferimento_di_competenze_per_una_rete_logistica_resiliente\" >Promuovere il trasferimento di competenze per una rete logistica resiliente<\/a><\/li><\/ul><\/nav><\/div>\n<h2 class=\"wp-block-heading\"><span class=\"ez-toc-section\" id=\"Limpatto_della_partenza_di_autisti_esperti_sulle_prestazioni_logistiche\"><\/span>L&#8217;impatto della partenza di autisti esperti sulle prestazioni logistiche<span class=\"ez-toc-section-end\"><\/span><\/h2><p>La <strong>partenza degli<\/strong> autisti pi\u00f9 anziani comporta una notevole perdita di esperienza e di know-how. Il <strong>pensionamento degli autisti<\/strong> porta via i talenti che hanno acquisito la padronanza dei percorsi, la gestione degli imprevisti e la conoscenza dei protocolli di sicurezza. Queste partenze accelerano il rischio di un calo della qualit\u00e0 e della reattivit\u00e0 nelle operazioni logistiche quotidiane.  <\/p><p>Una delle sfide principali \u00e8 la capacit\u00e0 di mantenere la <strong>continuit\u00e0 operativa<\/strong> nonostante l&#8217;elevato turnover del personale. Le difficolt\u00e0 di reclutamento stanno diventando sempre pi\u00f9 acute e si riflettono in tassi allarmanti, con 22.000 posti vacanti registrati nel 2023 e previsioni di 70.000 entro il 2033, secondo uno studio di Union TLF. Questa situazione sta compromettendo la pianificazione dei trasporti e mettendo sotto pressione i team rimasti.  <\/p><figure class=\"wp-block-image size-full\"><img decoding=\"async\" width=\"1280\" height=\"768\" src=\"https:\/\/www.alumni.space\/wp-content\/uploads\/2026\/03\/Depart-des-conducteurs-experimentes-un-enjeu-majeur-pour-la-logistique-1.jpg\" data-orig-src=\"https:\/\/www.alumni.space\/wp-content\/uploads\/2026\/03\/Depart-des-conducteurs-experimentes-un-enjeu-majeur-pour-la-logistique-1.jpg\" alt=\"Scopri le problematiche legate all'abbandono degli autisti esperti e il loro forte impatto sul settore della logistica, nonch\u00e9 le strategie per affrontarle.\" class=\"lazyload wp-image-3270\" srcset=\"data:image\/svg+xml,%3Csvg%20xmlns%3D%27http%3A%2F%2Fwww.w3.org%2F2000%2Fsvg%27%20width%3D%271280%27%20height%3D%27768%27%20viewBox%3D%270%200%201280%20768%27%3E%3Crect%20width%3D%271280%27%20height%3D%27768%27%20fill-opacity%3D%220%22%2F%3E%3C%2Fsvg%3E\" data-srcset=\"https:\/\/www.alumni.space\/wp-content\/uploads\/2026\/03\/Depart-des-conducteurs-experimentes-un-enjeu-majeur-pour-la-logistique-1-200x120.jpg 200w, https:\/\/www.alumni.space\/wp-content\/uploads\/2026\/03\/Depart-des-conducteurs-experimentes-un-enjeu-majeur-pour-la-logistique-1-300x180.jpg 300w, https:\/\/www.alumni.space\/wp-content\/uploads\/2026\/03\/Depart-des-conducteurs-experimentes-un-enjeu-majeur-pour-la-logistique-1-400x240.jpg 400w, https:\/\/www.alumni.space\/wp-content\/uploads\/2026\/03\/Depart-des-conducteurs-experimentes-un-enjeu-majeur-pour-la-logistique-1-600x360.jpg 600w, https:\/\/www.alumni.space\/wp-content\/uploads\/2026\/03\/Depart-des-conducteurs-experimentes-un-enjeu-majeur-pour-la-logistique-1-768x461.jpg 768w, https:\/\/www.alumni.space\/wp-content\/uploads\/2026\/03\/Depart-des-conducteurs-experimentes-un-enjeu-majeur-pour-la-logistique-1-800x480.jpg 800w, https:\/\/www.alumni.space\/wp-content\/uploads\/2026\/03\/Depart-des-conducteurs-experimentes-un-enjeu-majeur-pour-la-logistique-1-1024x614.jpg 1024w, https:\/\/www.alumni.space\/wp-content\/uploads\/2026\/03\/Depart-des-conducteurs-experimentes-un-enjeu-majeur-pour-la-logistique-1-1200x720.jpg 1200w, https:\/\/www.alumni.space\/wp-content\/uploads\/2026\/03\/Depart-des-conducteurs-experimentes-un-enjeu-majeur-pour-la-logistique-1.jpg 1280w\" data-sizes=\"auto\" data-orig-sizes=\"(max-width: 1280px) 100vw, 1280px\" \/><\/figure><h3 class=\"wp-block-heading\"><span class=\"ez-toc-section\" id=\"Le_basi_del_Conge_de_Fin_dActivite_e_il_suo_ruolo_nella_gestione_delle_partenze\"><\/span>Le basi del Cong\u00e9 de Fin d&#8217;Activit\u00e9 e il suo ruolo nella gestione delle partenze<span class=\"ez-toc-section-end\"><\/span><\/h3><p>Il <strong>Cong\u00e9 de Fin d&#8217;Activit\u00e9 (CFA<\/strong> ) \u00e8 un meccanismo sociale fondamentale istituito per consentire agli autisti anziani di lasciare il lavoro prima dell&#8217;et\u00e0 legale di pensionamento, a causa della natura faticosa della professione. Creato nel 1996, si basa su un protocollo negoziato tra le parti sociali e lo Stato, che riconosce le esigenze del lavoro: lunghe ore sulla strada, stress e rischi per la salute. <\/p><p>Il regime si applica non solo agli autisti di merci, ma anche a quelli dei settori passeggeri, traslochi e cash-in-transit. Consente il pensionamento anticipato per un massimo di cinque anni, a condizione che l&#8217;anzianit\u00e0 di servizio e l&#8217;appartenenza a un&#8217;azienda siano coperti dal contratto collettivo. <\/p><p>Per supportare questa transizione, \u00e8 consigliabile integrare strumenti di gestione digitale per preservare il <strong>capitale di esperienza<\/strong>. In particolare, la <a href=\"https:\/\/www.alumni.space\/it\/labbandono-degli-autisti-esperti-una-sfida-importante-per-la-logistica\/\">piattaforma alumni.space<\/a> facilita la trasmissione delle conoscenze attraverso il mentoring, la rete di alumni e l&#8217;animazione della comunit\u00e0, riducendo cos\u00ec l&#8217;impatto della partenza sulle prestazioni logistiche. <\/p><h2 class=\"wp-block-heading\"><span class=\"ez-toc-section\" id=\"Sfide_di_reclutamento_e_condizioni_di_lavoro_nel_contesto_attuale\"><\/span>Sfide di reclutamento e condizioni di lavoro nel contesto attuale<span class=\"ez-toc-section-end\"><\/span><\/h2><p>L&#8217;attuale carenza di lavoratori qualificati \u00e8 dovuta a uno squilibrio demografico: per ogni persona che se ne va, si presentano solo tre nuove leve. Nonostante un aumento di stipendio del 17% in due anni, le condizioni di lavoro rimangono un ostacolo importante per l&#8217;attrattiva della professione. La mancanza di infrastrutture adeguate, come parcheggi sicuri, o il fatto che ad alcuni clienti non sia consentito l&#8217;accesso alle toilette, minano la motivazione degli autisti.  <\/p><p>Questo deterioramento dell&#8217;immagine professionale rende pi\u00f9 difficile attrarre nuovi talenti in questo settore critico. A ci\u00f2 si aggiunge una maggiore concorrenza sul mercato del lavoro, dove il rapporto tra candidati e posti vacanti \u00e8 sceso a 1,4 nel 2024. <\/p><p>Le organizzazioni interessate a ridurre il <strong>turnover del personale<\/strong> e a migliorare le condizioni di lavoro possono trarre ispirazione dalle migliori pratiche proposte sulla <a href=\"https:\/\/www.aft-dev.com\/actualites\/reduire-turn-over-dans-transport-routier-marchandises-stimuler-attractivite\">piattaforma AFT<\/a>. In particolare, esse includono la formazione continua, la promozione della professione e l&#8217;impegno a lungo termine attraverso le comunit\u00e0 professionali. <\/p><h3 class=\"wp-block-heading\"><span class=\"ez-toc-section\" id=\"Promuovere_il_trasferimento_di_competenze_per_una_rete_logistica_resiliente\"><\/span>Promuovere il trasferimento di competenze per una rete logistica resiliente<span class=\"ez-toc-section-end\"><\/span><\/h3><p>In questo contesto, il ricorso al <strong>mentoring<\/strong> intergenerazionale \u00e8 un metodo collaudato per garantire la <strong>continuit\u00e0 operativa<\/strong> e sfruttare l&#8217;esperienza degli autisti pi\u00f9 anziani. L&#8217;abbinamento tra autisti senior e giovani arricchisce l&#8217;integrazione dei nuovi assunti, limitando al contempo la perdita di know-how. <\/p><p>La gestione attiva delle comunit\u00e0 di alumni, supportata da una piattaforma SaaS, fornisce un quadro solido per gestire questi scambi. Facilita l&#8217;organizzazione di<strong>eventi<\/strong>, la diffusione di contenuti tecnici e la cooptazione da parte degli ex alunni, rafforzando l&#8217;impegno a lungo termine nel settore. <\/p><p>Questo approccio aiuta anche a sviluppare una rete di professionisti impegnati nella qualit\u00e0, nella condivisione delle migliori pratiche e nella sicurezza, tutti elementi essenziali per affrontare le sfide logistiche di oggi.<\/p>","protected":false},"excerpt":{"rendered":"<p>Il settore della logistica si trova a un punto di  [&#8230;]<\/p>\n","protected":false},"author":1,"featured_media":5219,"comment_status":"closed","ping_status":"","sticky":false,"template":"","format":"standard","meta":{"_ayudawp_aiss_exclude":false,"footnotes":""},"categories":[65],"tags":[],"class_list":["post-5217","post","type-post","status-publish","format-standard","has-post-thumbnail","hentry","category-risorse-umane"],"yoast_head":"<!-- This site is optimized with the Yoast SEO plugin v27.4 - https:\/\/yoast.com\/product\/yoast-seo-wordpress\/ -->\n<title>La fuga di notizie: una sfida fondamentale per la logistica<\/title>\n<meta name=\"description\" content=\"Scopri come la partenza di autisti esperti sta influenzando la logistica e cosa possiamo fare per affrontare questa sfida cruciale.\" \/>\n<meta name=\"robots\" content=\"index, follow, max-snippet:-1, max-image-preview:large, max-video-preview:-1\" \/>\n<link rel=\"canonical\" href=\"https:\/\/www.alumni.space\/it\/labbandono-degli-autisti-esperti-una-sfida-importante-per-la-logistica\/\" \/>\n<meta property=\"og:locale\" content=\"it_IT\" \/>\n<meta property=\"og:type\" content=\"article\" \/>\n<meta property=\"og:title\" content=\"La fuga di notizie: una sfida fondamentale per la logistica\" \/>\n<meta property=\"og:description\" content=\"Scopri come la partenza di autisti esperti sta influenzando la logistica e cosa possiamo fare per affrontare questa sfida cruciale.\" \/>\n<meta property=\"og:url\" content=\"https:\/\/www.alumni.space\/it\/labbandono-degli-autisti-esperti-una-sfida-importante-per-la-logistica\/\" \/>\n<meta property=\"og:site_name\" content=\"Alumni.space\" \/>\n<meta property=\"article:published_time\" content=\"2024-03-10T14:21:02+00:00\" \/>\n<meta property=\"article:modified_time\" content=\"2026-04-02T12:06:24+00:00\" \/>\n<meta property=\"og:image\" content=\"https:\/\/www.alumni.space\/wp-content\/uploads\/2026\/03\/Depart-des-conducteurs-experimentes-un-enjeu-majeur-pour-la-logistique.jpg\" \/>\n\t<meta property=\"og:image:width\" content=\"1280\" \/>\n\t<meta property=\"og:image:height\" content=\"768\" \/>\n\t<meta property=\"og:image:type\" content=\"image\/jpeg\" \/>\n<meta name=\"author\" content=\"admin\" \/>\n<meta name=\"twitter:card\" content=\"summary_large_image\" \/>\n<meta name=\"twitter:label1\" content=\"Scritto da\" \/>\n\t<meta name=\"twitter:data1\" content=\"admin\" \/>\n\t<meta name=\"twitter:label2\" content=\"Tempo di lettura stimato\" \/>\n\t<meta name=\"twitter:data2\" content=\"3 minuti\" \/>\n<script type=\"application\/ld+json\" class=\"yoast-schema-graph\">{\"@context\":\"https:\\\/\\\/schema.org\",\"@graph\":[{\"@type\":\"Article\",\"@id\":\"https:\\\/\\\/www.alumni.space\\\/it\\\/labbandono-degli-autisti-esperti-una-sfida-importante-per-la-logistica\\\/#article\",\"isPartOf\":{\"@id\":\"https:\\\/\\\/www.alumni.space\\\/it\\\/labbandono-degli-autisti-esperti-una-sfida-importante-per-la-logistica\\\/\"},\"author\":{\"name\":\"admin\",\"@id\":\"https:\\\/\\\/www.alumni.space\\\/it\\\/#\\\/schema\\\/person\\\/fede362a57876edda476a61f05ce5b15\"},\"headline\":\"L&#8217;abbandono degli autisti esperti: una sfida importante per la logistica\",\"datePublished\":\"2024-03-10T14:21:02+00:00\",\"dateModified\":\"2026-04-02T12:06:24+00:00\",\"mainEntityOfPage\":{\"@id\":\"https:\\\/\\\/www.alumni.space\\\/it\\\/labbandono-degli-autisti-esperti-una-sfida-importante-per-la-logistica\\\/\"},\"wordCount\":681,\"image\":{\"@id\":\"https:\\\/\\\/www.alumni.space\\\/it\\\/labbandono-degli-autisti-esperti-una-sfida-importante-per-la-logistica\\\/#primaryimage\"},\"thumbnailUrl\":\"https:\\\/\\\/www.alumni.space\\\/wp-content\\\/uploads\\\/2026\\\/03\\\/Depart-des-conducteurs-experimentes-un-enjeu-majeur-pour-la-logistique.jpg\",\"articleSection\":[\"Risorse umane\"],\"inLanguage\":\"it-IT\"},{\"@type\":\"WebPage\",\"@id\":\"https:\\\/\\\/www.alumni.space\\\/it\\\/labbandono-degli-autisti-esperti-una-sfida-importante-per-la-logistica\\\/\",\"url\":\"https:\\\/\\\/www.alumni.space\\\/it\\\/labbandono-degli-autisti-esperti-una-sfida-importante-per-la-logistica\\\/\",\"name\":\"La fuga di notizie: una sfida fondamentale per la logistica\",\"isPartOf\":{\"@id\":\"https:\\\/\\\/www.alumni.space\\\/it\\\/#website\"},\"primaryImageOfPage\":{\"@id\":\"https:\\\/\\\/www.alumni.space\\\/it\\\/labbandono-degli-autisti-esperti-una-sfida-importante-per-la-logistica\\\/#primaryimage\"},\"image\":{\"@id\":\"https:\\\/\\\/www.alumni.space\\\/it\\\/labbandono-degli-autisti-esperti-una-sfida-importante-per-la-logistica\\\/#primaryimage\"},\"thumbnailUrl\":\"https:\\\/\\\/www.alumni.space\\\/wp-content\\\/uploads\\\/2026\\\/03\\\/Depart-des-conducteurs-experimentes-un-enjeu-majeur-pour-la-logistique.jpg\",\"datePublished\":\"2024-03-10T14:21:02+00:00\",\"dateModified\":\"2026-04-02T12:06:24+00:00\",\"author\":{\"@id\":\"https:\\\/\\\/www.alumni.space\\\/it\\\/#\\\/schema\\\/person\\\/fede362a57876edda476a61f05ce5b15\"},\"description\":\"Scopri come la partenza di autisti esperti sta influenzando la logistica e cosa possiamo fare per affrontare questa sfida cruciale.\",\"breadcrumb\":{\"@id\":\"https:\\\/\\\/www.alumni.space\\\/it\\\/labbandono-degli-autisti-esperti-una-sfida-importante-per-la-logistica\\\/#breadcrumb\"},\"inLanguage\":\"it-IT\",\"potentialAction\":[{\"@type\":\"ReadAction\",\"target\":[\"https:\\\/\\\/www.alumni.space\\\/it\\\/labbandono-degli-autisti-esperti-una-sfida-importante-per-la-logistica\\\/\"]}]},{\"@type\":\"ImageObject\",\"inLanguage\":\"it-IT\",\"@id\":\"https:\\\/\\\/www.alumni.space\\\/it\\\/labbandono-degli-autisti-esperti-una-sfida-importante-per-la-logistica\\\/#primaryimage\",\"url\":\"https:\\\/\\\/www.alumni.space\\\/wp-content\\\/uploads\\\/2026\\\/03\\\/Depart-des-conducteurs-experimentes-un-enjeu-majeur-pour-la-logistique.jpg\",\"contentUrl\":\"https:\\\/\\\/www.alumni.space\\\/wp-content\\\/uploads\\\/2026\\\/03\\\/Depart-des-conducteurs-experimentes-un-enjeu-majeur-pour-la-logistique.jpg\",\"width\":1280,\"height\":768,\"caption\":\"Scopri come la partenza di autisti esperti sta avendo un impatto cruciale sul settore della logistica e quali sono le sfide da superare per garantire la continuit\u00e0 delle operazioni.\"},{\"@type\":\"BreadcrumbList\",\"@id\":\"https:\\\/\\\/www.alumni.space\\\/it\\\/labbandono-degli-autisti-esperti-una-sfida-importante-per-la-logistica\\\/#breadcrumb\",\"itemListElement\":[{\"@type\":\"ListItem\",\"position\":1,\"name\":\"Home\",\"item\":\"https:\\\/\\\/www.alumni.space\\\/it\\\/piattaforma-di-mentoring-e-di-gestione-degli-alumni\\\/\"},{\"@type\":\"ListItem\",\"position\":2,\"name\":\"L&#8217;abbandono degli autisti esperti: una sfida importante per la logistica\"}]},{\"@type\":\"WebSite\",\"@id\":\"https:\\\/\\\/www.alumni.space\\\/it\\\/#website\",\"url\":\"https:\\\/\\\/www.alumni.space\\\/it\\\/\",\"name\":\"Alumni.space\",\"description\":\"My WordPress Blog\",\"potentialAction\":[{\"@type\":\"SearchAction\",\"target\":{\"@type\":\"EntryPoint\",\"urlTemplate\":\"https:\\\/\\\/www.alumni.space\\\/it\\\/?s={search_term_string}\"},\"query-input\":{\"@type\":\"PropertyValueSpecification\",\"valueRequired\":true,\"valueName\":\"search_term_string\"}}],\"inLanguage\":\"it-IT\"},{\"@type\":\"Person\",\"@id\":\"https:\\\/\\\/www.alumni.space\\\/it\\\/#\\\/schema\\\/person\\\/fede362a57876edda476a61f05ce5b15\",\"name\":\"admin\",\"image\":{\"@type\":\"ImageObject\",\"inLanguage\":\"it-IT\",\"@id\":\"https:\\\/\\\/secure.gravatar.com\\\/avatar\\\/318e234ae94f90d4d629428d6b983c08e31181c28f579e08a021180d759ea651?s=96&d=mm&r=g\",\"url\":\"https:\\\/\\\/secure.gravatar.com\\\/avatar\\\/318e234ae94f90d4d629428d6b983c08e31181c28f579e08a021180d759ea651?s=96&d=mm&r=g\",\"contentUrl\":\"https:\\\/\\\/secure.gravatar.com\\\/avatar\\\/318e234ae94f90d4d629428d6b983c08e31181c28f579e08a021180d759ea651?s=96&d=mm&r=g\",\"caption\":\"admin\"},\"description\":\"Nicolas Laustriat a construit sa sp\u00e9cialit\u00e9 sur un sujet que beaucoup d\u2019organisations d\u00e9couvrent trop tard : ce qui dispara\u00eet quand les gens partent. Dipl\u00f4m\u00e9 en conception de produit industriel, il bifurque vers le digital fin 1996, il couvre les transformations marques, RH, la fid\u00e9lisation, la marque employeur. Sur le terrain, il rep\u00e8re un angle mort r\u00e9current : l\u2019entreprise investit dans le recrutement, la formation, les process\u2026 puis laisse filer le lien au moment du d\u00e9part, avec une perte de savoir et d\u2019influence qui se paie en silence. Il se sp\u00e9cialise alors sur les communaut\u00e9s d\u2019alumni, le mentorat, l\u2019entraide interg\u00e9n\u00e9rationnelle et la transmission d\u2019expertise. Il passe du \u201cconstat\u201d aux m\u00e9thodes : animation, gouvernance, segmentation, rituels, mesure d\u2019engagement, articulation avec la RSE et l\u2019employabilit\u00e9. Il interviewe DRH, responsables formation, directions d\u2019\u00e9coles, associations et fondations, avec une obsession : transformer un r\u00e9seau dormant en m\u00e9canisme utile (cooptation, mentorat, job board, entraide, \u00e9v\u00e9nements, contenus). Son style : direct, orient\u00e9 action, sans folklore. Sa conviction : une communaut\u00e9 n\u2019a pas besoin de bruit, elle a besoin de raisons de revenir.\",\"sameAs\":[\"https:\\\/\\\/www.alumni.space\"]}]}<\/script>\n<!-- \/ Yoast SEO plugin. -->","yoast_head_json":{"title":"La fuga di notizie: una sfida fondamentale per la logistica","description":"Scopri come la partenza di autisti esperti sta influenzando la logistica e cosa possiamo fare per affrontare questa sfida cruciale.","robots":{"index":"index","follow":"follow","max-snippet":"max-snippet:-1","max-image-preview":"max-image-preview:large","max-video-preview":"max-video-preview:-1"},"canonical":"https:\/\/www.alumni.space\/it\/labbandono-degli-autisti-esperti-una-sfida-importante-per-la-logistica\/","og_locale":"it_IT","og_type":"article","og_title":"La fuga di notizie: una sfida fondamentale per la logistica","og_description":"Scopri come la partenza di autisti esperti sta influenzando la logistica e cosa possiamo fare per affrontare questa sfida cruciale.","og_url":"https:\/\/www.alumni.space\/it\/labbandono-degli-autisti-esperti-una-sfida-importante-per-la-logistica\/","og_site_name":"Alumni.space","article_published_time":"2024-03-10T14:21:02+00:00","article_modified_time":"2026-04-02T12:06:24+00:00","og_image":[{"width":1280,"height":768,"url":"https:\/\/www.alumni.space\/wp-content\/uploads\/2026\/03\/Depart-des-conducteurs-experimentes-un-enjeu-majeur-pour-la-logistique.jpg","type":"image\/jpeg"}],"author":"admin","twitter_card":"summary_large_image","twitter_misc":{"Scritto da":"admin","Tempo di lettura stimato":"3 minuti"},"schema":{"@context":"https:\/\/schema.org","@graph":[{"@type":"Article","@id":"https:\/\/www.alumni.space\/it\/labbandono-degli-autisti-esperti-una-sfida-importante-per-la-logistica\/#article","isPartOf":{"@id":"https:\/\/www.alumni.space\/it\/labbandono-degli-autisti-esperti-una-sfida-importante-per-la-logistica\/"},"author":{"name":"admin","@id":"https:\/\/www.alumni.space\/it\/#\/schema\/person\/fede362a57876edda476a61f05ce5b15"},"headline":"L&#8217;abbandono degli autisti esperti: una sfida importante per la logistica","datePublished":"2024-03-10T14:21:02+00:00","dateModified":"2026-04-02T12:06:24+00:00","mainEntityOfPage":{"@id":"https:\/\/www.alumni.space\/it\/labbandono-degli-autisti-esperti-una-sfida-importante-per-la-logistica\/"},"wordCount":681,"image":{"@id":"https:\/\/www.alumni.space\/it\/labbandono-degli-autisti-esperti-una-sfida-importante-per-la-logistica\/#primaryimage"},"thumbnailUrl":"https:\/\/www.alumni.space\/wp-content\/uploads\/2026\/03\/Depart-des-conducteurs-experimentes-un-enjeu-majeur-pour-la-logistique.jpg","articleSection":["Risorse umane"],"inLanguage":"it-IT"},{"@type":"WebPage","@id":"https:\/\/www.alumni.space\/it\/labbandono-degli-autisti-esperti-una-sfida-importante-per-la-logistica\/","url":"https:\/\/www.alumni.space\/it\/labbandono-degli-autisti-esperti-una-sfida-importante-per-la-logistica\/","name":"La fuga di notizie: una sfida fondamentale per la logistica","isPartOf":{"@id":"https:\/\/www.alumni.space\/it\/#website"},"primaryImageOfPage":{"@id":"https:\/\/www.alumni.space\/it\/labbandono-degli-autisti-esperti-una-sfida-importante-per-la-logistica\/#primaryimage"},"image":{"@id":"https:\/\/www.alumni.space\/it\/labbandono-degli-autisti-esperti-una-sfida-importante-per-la-logistica\/#primaryimage"},"thumbnailUrl":"https:\/\/www.alumni.space\/wp-content\/uploads\/2026\/03\/Depart-des-conducteurs-experimentes-un-enjeu-majeur-pour-la-logistique.jpg","datePublished":"2024-03-10T14:21:02+00:00","dateModified":"2026-04-02T12:06:24+00:00","author":{"@id":"https:\/\/www.alumni.space\/it\/#\/schema\/person\/fede362a57876edda476a61f05ce5b15"},"description":"Scopri come la partenza di autisti esperti sta influenzando la logistica e cosa possiamo fare per affrontare questa sfida cruciale.","breadcrumb":{"@id":"https:\/\/www.alumni.space\/it\/labbandono-degli-autisti-esperti-una-sfida-importante-per-la-logistica\/#breadcrumb"},"inLanguage":"it-IT","potentialAction":[{"@type":"ReadAction","target":["https:\/\/www.alumni.space\/it\/labbandono-degli-autisti-esperti-una-sfida-importante-per-la-logistica\/"]}]},{"@type":"ImageObject","inLanguage":"it-IT","@id":"https:\/\/www.alumni.space\/it\/labbandono-degli-autisti-esperti-una-sfida-importante-per-la-logistica\/#primaryimage","url":"https:\/\/www.alumni.space\/wp-content\/uploads\/2026\/03\/Depart-des-conducteurs-experimentes-un-enjeu-majeur-pour-la-logistique.jpg","contentUrl":"https:\/\/www.alumni.space\/wp-content\/uploads\/2026\/03\/Depart-des-conducteurs-experimentes-un-enjeu-majeur-pour-la-logistique.jpg","width":1280,"height":768,"caption":"Scopri come la partenza di autisti esperti sta avendo un impatto cruciale sul settore della logistica e quali sono le sfide da superare per garantire la continuit\u00e0 delle operazioni."},{"@type":"BreadcrumbList","@id":"https:\/\/www.alumni.space\/it\/labbandono-degli-autisti-esperti-una-sfida-importante-per-la-logistica\/#breadcrumb","itemListElement":[{"@type":"ListItem","position":1,"name":"Home","item":"https:\/\/www.alumni.space\/it\/piattaforma-di-mentoring-e-di-gestione-degli-alumni\/"},{"@type":"ListItem","position":2,"name":"L&#8217;abbandono degli autisti esperti: una sfida importante per la logistica"}]},{"@type":"WebSite","@id":"https:\/\/www.alumni.space\/it\/#website","url":"https:\/\/www.alumni.space\/it\/","name":"Alumni.space","description":"My WordPress Blog","potentialAction":[{"@type":"SearchAction","target":{"@type":"EntryPoint","urlTemplate":"https:\/\/www.alumni.space\/it\/?s={search_term_string}"},"query-input":{"@type":"PropertyValueSpecification","valueRequired":true,"valueName":"search_term_string"}}],"inLanguage":"it-IT"},{"@type":"Person","@id":"https:\/\/www.alumni.space\/it\/#\/schema\/person\/fede362a57876edda476a61f05ce5b15","name":"admin","image":{"@type":"ImageObject","inLanguage":"it-IT","@id":"https:\/\/secure.gravatar.com\/avatar\/318e234ae94f90d4d629428d6b983c08e31181c28f579e08a021180d759ea651?s=96&d=mm&r=g","url":"https:\/\/secure.gravatar.com\/avatar\/318e234ae94f90d4d629428d6b983c08e31181c28f579e08a021180d759ea651?s=96&d=mm&r=g","contentUrl":"https:\/\/secure.gravatar.com\/avatar\/318e234ae94f90d4d629428d6b983c08e31181c28f579e08a021180d759ea651?s=96&d=mm&r=g","caption":"admin"},"description":"Nicolas Laustriat a construit sa sp\u00e9cialit\u00e9 sur un sujet que beaucoup d\u2019organisations d\u00e9couvrent trop tard : ce qui dispara\u00eet quand les gens partent. Dipl\u00f4m\u00e9 en conception de produit industriel, il bifurque vers le digital fin 1996, il couvre les transformations marques, RH, la fid\u00e9lisation, la marque employeur. Sur le terrain, il rep\u00e8re un angle mort r\u00e9current : l\u2019entreprise investit dans le recrutement, la formation, les process\u2026 puis laisse filer le lien au moment du d\u00e9part, avec une perte de savoir et d\u2019influence qui se paie en silence. Il se sp\u00e9cialise alors sur les communaut\u00e9s d\u2019alumni, le mentorat, l\u2019entraide interg\u00e9n\u00e9rationnelle et la transmission d\u2019expertise. Il passe du \u201cconstat\u201d aux m\u00e9thodes : animation, gouvernance, segmentation, rituels, mesure d\u2019engagement, articulation avec la RSE et l\u2019employabilit\u00e9. Il interviewe DRH, responsables formation, directions d\u2019\u00e9coles, associations et fondations, avec une obsession : transformer un r\u00e9seau dormant en m\u00e9canisme utile (cooptation, mentorat, job board, entraide, \u00e9v\u00e9nements, contenus). Son style : direct, orient\u00e9 action, sans folklore. Sa conviction : une communaut\u00e9 n\u2019a pas besoin de bruit, elle a besoin de raisons de revenir.","sameAs":["https:\/\/www.alumni.space"]}]}},"_links":{"self":[{"href":"https:\/\/www.alumni.space\/it\/wp-json\/wp\/v2\/posts\/5217","targetHints":{"allow":["GET"]}}],"collection":[{"href":"https:\/\/www.alumni.space\/it\/wp-json\/wp\/v2\/posts"}],"about":[{"href":"https:\/\/www.alumni.space\/it\/wp-json\/wp\/v2\/types\/post"}],"author":[{"embeddable":true,"href":"https:\/\/www.alumni.space\/it\/wp-json\/wp\/v2\/users\/1"}],"replies":[{"embeddable":true,"href":"https:\/\/www.alumni.space\/it\/wp-json\/wp\/v2\/comments?post=5217"}],"version-history":[{"count":1,"href":"https:\/\/www.alumni.space\/it\/wp-json\/wp\/v2\/posts\/5217\/revisions"}],"predecessor-version":[{"id":5221,"href":"https:\/\/www.alumni.space\/it\/wp-json\/wp\/v2\/posts\/5217\/revisions\/5221"}],"wp:featuredmedia":[{"embeddable":true,"href":"https:\/\/www.alumni.space\/it\/wp-json\/wp\/v2\/media\/5219"}],"wp:attachment":[{"href":"https:\/\/www.alumni.space\/it\/wp-json\/wp\/v2\/media?parent=5217"}],"wp:term":[{"taxonomy":"category","embeddable":true,"href":"https:\/\/www.alumni.space\/it\/wp-json\/wp\/v2\/categories?post=5217"},{"taxonomy":"post_tag","embeddable":true,"href":"https:\/\/www.alumni.space\/it\/wp-json\/wp\/v2\/tags?post=5217"}],"curies":[{"name":"wp","href":"https:\/\/api.w.org\/{rel}","templated":true}]}}