{"id":5187,"date":"2024-09-07T12:34:56","date_gmt":"2024-09-07T12:34:56","guid":{"rendered":"https:\/\/www.alumni.space\/il-valore-aggiunto-di-un-programma-per-alumni-per-il-tuo-marchio-aziendale\/"},"modified":"2026-04-02T12:07:16","modified_gmt":"2026-04-02T12:07:16","slug":"il-valore-aggiunto-di-un-programma-per-alumni-per-il-tuo-marchio-aziendale","status":"publish","type":"post","link":"https:\/\/www.alumni.space\/it\/il-valore-aggiunto-di-un-programma-per-alumni-per-il-tuo-marchio-aziendale\/","title":{"rendered":"Il valore aggiunto di un programma per alumni per il tuo marchio aziendale"},"content":{"rendered":"<p>Breve riassunto: un programma di alumni trasforma relazioni disperse in una rete attiva, utile per il reclutamento, lo sviluppo delle competenze e la sensibilizzazione dei datori di lavoro. Il seguente articolo descrive le sfide, il metodo operativo e gli indicatori per aiutarti a decidere e ad agire rapidamente. <\/p><p>Sintesi: concentrati sui vantaggi misurabili per i dipartimenti delle risorse umane, i consigli di fabbrica, le scuole, i centri di formazione per apprendisti, le associazioni e le fondazioni. Illustrazioni pratiche alla fine, con un chiaro incentivo a passare alla fase di industrializzazione attraverso una piattaforma dedicata. <\/p><div id=\"ez-toc-container\" class=\"ez-toc-v2_0_82_2 counter-flat ez-toc-counter ez-toc-grey ez-toc-container-direction\">\n<div class=\"ez-toc-title-container\"><p class=\"ez-toc-title\" style=\"cursor:inherit\">In questo articolo:<\/p>\n<\/div><nav><ul class='ez-toc-list ez-toc-list-level-1 ' ><li class='ez-toc-page-1'><a class=\"ez-toc-link ez-toc-heading-1\" href=\"https:\/\/www.alumni.space\/it\/il-valore-aggiunto-di-un-programma-per-alumni-per-il-tuo-marchio-aziendale\/#Limpatto_di_un_programma_per_alumni_sul_marchio_del_datore_di_lavoro_e_sulle_assunzioni\" >L&#8217;impatto di un programma per alumni sul marchio del datore di lavoro e sulle assunzioni<\/a><\/li><li class='ez-toc-page-1'><a class=\"ez-toc-link ez-toc-heading-2\" href=\"https:\/\/www.alumni.space\/it\/il-valore-aggiunto-di-un-programma-per-alumni-per-il-tuo-marchio-aziendale\/#Implementazione_operativa_per_HR_scuole_e_associazioni\" >Implementazione operativa per HR, scuole e associazioni<\/a><\/li><li class='ez-toc-page-1'><a class=\"ez-toc-link ez-toc-heading-3\" href=\"https:\/\/www.alumni.space\/it\/il-valore-aggiunto-di-un-programma-per-alumni-per-il-tuo-marchio-aziendale\/#KPI_prioritari_e_benefici_diretti_per_i_responsabili_delle_decisioni\" >KPI prioritari e benefici diretti per i responsabili delle decisioni<\/a><\/li><li class='ez-toc-page-1'><a class=\"ez-toc-link ez-toc-heading-4\" href=\"https:\/\/www.alumni.space\/it\/il-valore-aggiunto-di-un-programma-per-alumni-per-il-tuo-marchio-aziendale\/#Caso_di_studio_Deltis_lanciato_in_12_settimane\" >Caso di studio: Deltis, lanciato in 12 settimane<\/a><\/li><\/ul><\/nav><\/div>\n<h2 class=\"wp-block-heading\"><span class=\"ez-toc-section\" id=\"Limpatto_di_un_programma_per_alumni_sul_marchio_del_datore_di_lavoro_e_sulle_assunzioni\"><\/span>L&#8217;impatto di un programma per alumni sul marchio del datore di lavoro e sulle assunzioni<span class=\"ez-toc-section-end\"><\/span><\/h2><p>La perdita di conoscenze quando le persone se ne vanno comporta dei costi nascosti: tempi di integrazione pi\u00f9 lunghi e diluizione della memoria collettiva. Un programma di alumni riduce questi sprechi attivando una rete di alumni che condividono competenze e opportunit\u00e0. <\/p><p>La presenza di una rete strutturata migliora il <strong>networking<\/strong> e la <strong>visibilit\u00e0<\/strong>, aumentando la <strong>reputazione<\/strong> e la <strong>fedelt\u00e0<\/strong>. Il risultato diretto \u00e8 un minor turnover del personale e un maggior numero di candidature qualificate grazie alla cooptazione. <\/p><figure class=\"wp-block-image size-full\"><img decoding=\"async\" width=\"1344\" height=\"768\" src=\"https:\/\/www.alumni.space\/wp-content\/uploads\/2026\/03\/La-valeur-ajoutee-dun-programme-alumni-dans-votre-marque-employeur-1.jpg\" data-orig-src=\"https:\/\/www.alumni.space\/wp-content\/uploads\/2026\/03\/La-valeur-ajoutee-dun-programme-alumni-dans-votre-marque-employeur-1.jpg\" alt=\"Scopri come un programma per alumni pu\u00f2 rafforzare il tuo marchio aziendale, fidelizzando i tuoi ex dipendenti e migliorando la visibilit\u00e0 della tua azienda.\" class=\"lazyload wp-image-3396\" srcset=\"data:image\/svg+xml,%3Csvg%20xmlns%3D%27http%3A%2F%2Fwww.w3.org%2F2000%2Fsvg%27%20width%3D%271344%27%20height%3D%27768%27%20viewBox%3D%270%200%201344%20768%27%3E%3Crect%20width%3D%271344%27%20height%3D%27768%27%20fill-opacity%3D%220%22%2F%3E%3C%2Fsvg%3E\" data-srcset=\"https:\/\/www.alumni.space\/wp-content\/uploads\/2026\/03\/La-valeur-ajoutee-dun-programme-alumni-dans-votre-marque-employeur-1-200x114.jpg 200w, https:\/\/www.alumni.space\/wp-content\/uploads\/2026\/03\/La-valeur-ajoutee-dun-programme-alumni-dans-votre-marque-employeur-1-300x171.jpg 300w, https:\/\/www.alumni.space\/wp-content\/uploads\/2026\/03\/La-valeur-ajoutee-dun-programme-alumni-dans-votre-marque-employeur-1-400x229.jpg 400w, https:\/\/www.alumni.space\/wp-content\/uploads\/2026\/03\/La-valeur-ajoutee-dun-programme-alumni-dans-votre-marque-employeur-1-600x343.jpg 600w, https:\/\/www.alumni.space\/wp-content\/uploads\/2026\/03\/La-valeur-ajoutee-dun-programme-alumni-dans-votre-marque-employeur-1-768x439.jpg 768w, https:\/\/www.alumni.space\/wp-content\/uploads\/2026\/03\/La-valeur-ajoutee-dun-programme-alumni-dans-votre-marque-employeur-1-800x457.jpg 800w, https:\/\/www.alumni.space\/wp-content\/uploads\/2026\/03\/La-valeur-ajoutee-dun-programme-alumni-dans-votre-marque-employeur-1-1024x585.jpg 1024w, https:\/\/www.alumni.space\/wp-content\/uploads\/2026\/03\/La-valeur-ajoutee-dun-programme-alumni-dans-votre-marque-employeur-1-1200x686.jpg 1200w, https:\/\/www.alumni.space\/wp-content\/uploads\/2026\/03\/La-valeur-ajoutee-dun-programme-alumni-dans-votre-marque-employeur-1.jpg 1344w\" data-sizes=\"auto\" data-orig-sizes=\"(max-width: 1344px) 100vw, 1344px\" \/><\/figure><h3 class=\"wp-block-heading\"><span class=\"ez-toc-section\" id=\"Implementazione_operativa_per_HR_scuole_e_associazioni\"><\/span>Implementazione operativa per HR, scuole e associazioni<span class=\"ez-toc-section-end\"><\/span><\/h3><p>Processo consigliato: definire un pilota, segmentare il pubblico (alumni per anno, linea di business, sede), formalizzare rituali annuali e percorsi di mentoring. Una piattaforma evita i fogli di calcolo e facilita la gestione di profili, eventi, offerte e job board. <\/p><p>L&#8217;adesione a un club locale aiuta ad attivare la <strong>comunit\u00e0<\/strong> e la <strong>collaborazione<\/strong> tra generazioni. Per una guida pratica, consulta la scheda sulla <a href=\"https:\/\/www.alumni.space\/it\/come-creare-un-club-di-ex-alunni\/\">creazione di un club di ex alunni<\/a> e il feedback sulle <a href=\"https:\/\/www.alumni.space\/it\/alumni-come-creare-una-dinamica-di-rete-sostenibile\/\">dinamiche di rete<\/a>. Rituali consigliati: riunione mensile del direttivo, campagna di impegno trimestrale, monitoraggio delle coppie mentore\/mentee.  <\/p><p>Frase chiave: il lancio di un progetto pilota rivolto a 50 ex alunni ci permetter\u00e0 di valutare l&#8217;adozione e il valore in sei settimane.<\/p><h2 class=\"wp-block-heading\"><span class=\"ez-toc-section\" id=\"KPI_prioritari_e_benefici_diretti_per_i_responsabili_delle_decisioni\"><\/span>KPI prioritari e benefici diretti per i responsabili delle decisioni<span class=\"ez-toc-section-end\"><\/span><\/h2><p>Gli indicatori che devono essere monitorati: tasso di partecipazione agli eventi, ore di mentoring, numero di offerte di lavoro pubblicate sulla bacheca, percentuale di assunzioni per cooptazione. Queste misure si traducono in vantaggi concreti per la governance e la comunicazione. <\/p><p>Dal punto di vista della CSR, una piattaforma di alumni estende la responsabilit\u00e0 sociale dell&#8217;organizzazione garantendo il trasferimento di competenze, l&#8217;inclusione intergenerazionale, il supporto all&#8217;occupabilit\u00e0 e il volontariato. Capitalizzare l&#8217;esperienza degli alumni riduce lo spreco di conoscenze e dimostra una cultura dell&#8217;<strong>assistenza<\/strong> orientata allo sviluppo. I dati raccolti (partecipazione, ore di mentoring, feedback) forniscono una gestione unificata per le risorse umane, la CSR e la comunicazione.  <\/p><p>Per saperne di pi\u00f9 sulla misurazione dell&#8217;impatto, consulta la pagina dedicata alla <a href=\"https:\/\/www.alumni.space\/it\/come-misurare-limpatto-di-un-programma-di-mentoring-aziendale\/\">misurazione dell&#8217;impatto del mentoring<\/a> e il programma dettagliato di <a href=\"https:\/\/www.alumni.space\/it\/come-creare-un-programma-di-mentoring-con-i-tuoi-ex-alunni\/\">mentoring per alumni<\/a>. Frase chiave: KPI semplici generano decisioni rapide. <\/p><h3 class=\"wp-block-heading\"><span class=\"ez-toc-section\" id=\"Caso_di_studio_Deltis_lanciato_in_12_settimane\"><\/span>Caso di studio: Deltis, lanciato in 12 settimane<span class=\"ez-toc-section-end\"><\/span><\/h3><p>Contesto: una PMI tecnologica fittizia che sta sperimentando un elevato turnover del personale e una deriva procedurale dopo diverse partenze chiave. Deltis ha creato un percorso di alumni abbinato al mentoring e a una job board basata su una piattaforma SaaS. <\/p><p>Azioni svolte: creazione di un comitato pilota, importazione di profili, calendario di eventi locali, moduli di mentoring condotti da referenti aziendali. Risultati osservati: accelerazione dell&#8217;onboarding, aumento della <strong>fedelt\u00e0<\/strong> degli alumni, aumento del reclutamento attraverso la rete. Per sfruttare queste leve, consulta la pagina sul <a href=\"https:\/\/www.alumni.space\/it\/alumni-e-reclutamento-perche-i-tuoi-ex-dipendenti-sono-reclutatori-naturali\/\">reclutamento naturale attraverso la rete di alumni<\/a> e le migliori pratiche per <a href=\"https:\/\/www.alumni.space\/it\/come-coinvolgere-gli-ex-alunni-nei-tuoi-eventi-aziendali\/\">coinvolgere gli alumni negli eventi<\/a>.  <\/p><p>Frase chiave: un&#8217;introduzione graduale, guidata da un responsabile delle risorse umane, trasforma un costo nascosto in un vantaggio competitivo misurabile.<\/p><p>Azione immediata consigliata: definisci un progetto pilota di 8-12 settimane, scegli una piattaforma per industrializzare la gestione di profili, mentoring, offerte e contenuti, automatizza i follow-up e misura tre KPI chiave. <a href=\"https:\/\/www.alumni.space\/it\/i-programmi-per-gli-ex-alunni-un-potente-strumento-di-fidelizzazione-indiretta\/\">Chiedi una demo<\/a> per vedere come passare da un file Excel a una comunit\u00e0 attiva.<\/p>","protected":false},"excerpt":{"rendered":"<p>Breve riassunto: un programma di alumni trasforma relazioni disperse in  [&#8230;]<\/p>\n","protected":false},"author":1,"featured_media":5189,"comment_status":"closed","ping_status":"closed","sticky":false,"template":"","format":"standard","meta":{"_ayudawp_aiss_exclude":false,"footnotes":""},"categories":[62],"tags":[],"class_list":["post-5187","post","type-post","status-publish","format-standard","has-post-thumbnail","hentry","category-ex-studenti"],"yoast_head":"<!-- This site is optimized with the Yoast SEO plugin v27.4 - https:\/\/yoast.com\/product\/yoast-seo-wordpress\/ -->\n<title>Programma Alumni: potenzia il tuo Employer Brand<\/title>\n<meta name=\"description\" content=\"Scopri come un programma di alumni rafforza il tuo marchio aziendale, trattenendo i talenti e migliorando la tua rete professionale.\" \/>\n<meta name=\"robots\" content=\"index, follow, max-snippet:-1, max-image-preview:large, max-video-preview:-1\" \/>\n<link rel=\"canonical\" href=\"https:\/\/www.alumni.space\/it\/il-valore-aggiunto-di-un-programma-per-alumni-per-il-tuo-marchio-aziendale\/\" \/>\n<meta property=\"og:locale\" content=\"it_IT\" \/>\n<meta property=\"og:type\" content=\"article\" \/>\n<meta property=\"og:title\" content=\"Programma Alumni: potenzia il tuo Employer Brand\" \/>\n<meta property=\"og:description\" content=\"Scopri come un programma di alumni rafforza il tuo marchio aziendale, trattenendo i talenti e migliorando la tua rete professionale.\" \/>\n<meta property=\"og:url\" content=\"https:\/\/www.alumni.space\/it\/il-valore-aggiunto-di-un-programma-per-alumni-per-il-tuo-marchio-aziendale\/\" \/>\n<meta property=\"og:site_name\" content=\"Alumni.space\" \/>\n<meta property=\"article:published_time\" content=\"2024-09-07T12:34:56+00:00\" \/>\n<meta property=\"article:modified_time\" content=\"2026-04-02T12:07:16+00:00\" \/>\n<meta property=\"og:image\" content=\"https:\/\/www.alumni.space\/wp-content\/uploads\/2026\/03\/La-valeur-ajoutee-dun-programme-alumni-dans-votre-marque-employeur.jpg\" \/>\n\t<meta property=\"og:image:width\" content=\"1344\" \/>\n\t<meta property=\"og:image:height\" content=\"768\" \/>\n\t<meta property=\"og:image:type\" content=\"image\/jpeg\" \/>\n<meta name=\"author\" content=\"admin\" \/>\n<meta name=\"twitter:card\" content=\"summary_large_image\" \/>\n<meta name=\"twitter:label1\" content=\"Scritto da\" \/>\n\t<meta name=\"twitter:data1\" content=\"admin\" \/>\n\t<meta name=\"twitter:label2\" content=\"Tempo di lettura stimato\" \/>\n\t<meta name=\"twitter:data2\" content=\"3 minuti\" \/>\n<script type=\"application\/ld+json\" class=\"yoast-schema-graph\">{\"@context\":\"https:\\\/\\\/schema.org\",\"@graph\":[{\"@type\":\"Article\",\"@id\":\"https:\\\/\\\/www.alumni.space\\\/it\\\/il-valore-aggiunto-di-un-programma-per-alumni-per-il-tuo-marchio-aziendale\\\/#article\",\"isPartOf\":{\"@id\":\"https:\\\/\\\/www.alumni.space\\\/it\\\/il-valore-aggiunto-di-un-programma-per-alumni-per-il-tuo-marchio-aziendale\\\/\"},\"author\":{\"name\":\"admin\",\"@id\":\"https:\\\/\\\/www.alumni.space\\\/it\\\/#\\\/schema\\\/person\\\/fede362a57876edda476a61f05ce5b15\"},\"headline\":\"Il valore aggiunto di un programma per alumni per il tuo marchio aziendale\",\"datePublished\":\"2024-09-07T12:34:56+00:00\",\"dateModified\":\"2026-04-02T12:07:16+00:00\",\"mainEntityOfPage\":{\"@id\":\"https:\\\/\\\/www.alumni.space\\\/it\\\/il-valore-aggiunto-di-un-programma-per-alumni-per-il-tuo-marchio-aziendale\\\/\"},\"wordCount\":655,\"image\":{\"@id\":\"https:\\\/\\\/www.alumni.space\\\/it\\\/il-valore-aggiunto-di-un-programma-per-alumni-per-il-tuo-marchio-aziendale\\\/#primaryimage\"},\"thumbnailUrl\":\"https:\\\/\\\/www.alumni.space\\\/wp-content\\\/uploads\\\/2026\\\/03\\\/La-valeur-ajoutee-dun-programme-alumni-dans-votre-marque-employeur.jpg\",\"articleSection\":[\"Ex studenti\"],\"inLanguage\":\"it-IT\"},{\"@type\":\"WebPage\",\"@id\":\"https:\\\/\\\/www.alumni.space\\\/it\\\/il-valore-aggiunto-di-un-programma-per-alumni-per-il-tuo-marchio-aziendale\\\/\",\"url\":\"https:\\\/\\\/www.alumni.space\\\/it\\\/il-valore-aggiunto-di-un-programma-per-alumni-per-il-tuo-marchio-aziendale\\\/\",\"name\":\"Programma Alumni: potenzia il tuo Employer Brand\",\"isPartOf\":{\"@id\":\"https:\\\/\\\/www.alumni.space\\\/it\\\/#website\"},\"primaryImageOfPage\":{\"@id\":\"https:\\\/\\\/www.alumni.space\\\/it\\\/il-valore-aggiunto-di-un-programma-per-alumni-per-il-tuo-marchio-aziendale\\\/#primaryimage\"},\"image\":{\"@id\":\"https:\\\/\\\/www.alumni.space\\\/it\\\/il-valore-aggiunto-di-un-programma-per-alumni-per-il-tuo-marchio-aziendale\\\/#primaryimage\"},\"thumbnailUrl\":\"https:\\\/\\\/www.alumni.space\\\/wp-content\\\/uploads\\\/2026\\\/03\\\/La-valeur-ajoutee-dun-programme-alumni-dans-votre-marque-employeur.jpg\",\"datePublished\":\"2024-09-07T12:34:56+00:00\",\"dateModified\":\"2026-04-02T12:07:16+00:00\",\"author\":{\"@id\":\"https:\\\/\\\/www.alumni.space\\\/it\\\/#\\\/schema\\\/person\\\/fede362a57876edda476a61f05ce5b15\"},\"description\":\"Scopri come un programma di alumni rafforza il tuo marchio aziendale, trattenendo i talenti e migliorando la tua rete professionale.\",\"breadcrumb\":{\"@id\":\"https:\\\/\\\/www.alumni.space\\\/it\\\/il-valore-aggiunto-di-un-programma-per-alumni-per-il-tuo-marchio-aziendale\\\/#breadcrumb\"},\"inLanguage\":\"it-IT\",\"potentialAction\":[{\"@type\":\"ReadAction\",\"target\":[\"https:\\\/\\\/www.alumni.space\\\/it\\\/il-valore-aggiunto-di-un-programma-per-alumni-per-il-tuo-marchio-aziendale\\\/\"]}]},{\"@type\":\"ImageObject\",\"inLanguage\":\"it-IT\",\"@id\":\"https:\\\/\\\/www.alumni.space\\\/it\\\/il-valore-aggiunto-di-un-programma-per-alumni-per-il-tuo-marchio-aziendale\\\/#primaryimage\",\"url\":\"https:\\\/\\\/www.alumni.space\\\/wp-content\\\/uploads\\\/2026\\\/03\\\/La-valeur-ajoutee-dun-programme-alumni-dans-votre-marque-employeur.jpg\",\"contentUrl\":\"https:\\\/\\\/www.alumni.space\\\/wp-content\\\/uploads\\\/2026\\\/03\\\/La-valeur-ajoutee-dun-programme-alumni-dans-votre-marque-employeur.jpg\",\"width\":1344,\"height\":768,\"caption\":\"scopri come un programma per alumni pu\u00f2 rafforzare il tuo marchio aziendale creando relazioni, trattenendo i talenti e incrementando la tua rete professionale.\"},{\"@type\":\"BreadcrumbList\",\"@id\":\"https:\\\/\\\/www.alumni.space\\\/it\\\/il-valore-aggiunto-di-un-programma-per-alumni-per-il-tuo-marchio-aziendale\\\/#breadcrumb\",\"itemListElement\":[{\"@type\":\"ListItem\",\"position\":1,\"name\":\"Home\",\"item\":\"https:\\\/\\\/www.alumni.space\\\/it\\\/piattaforma-di-mentoring-e-di-gestione-degli-alumni\\\/\"},{\"@type\":\"ListItem\",\"position\":2,\"name\":\"Il valore aggiunto di un programma per alumni per il tuo marchio aziendale\"}]},{\"@type\":\"WebSite\",\"@id\":\"https:\\\/\\\/www.alumni.space\\\/it\\\/#website\",\"url\":\"https:\\\/\\\/www.alumni.space\\\/it\\\/\",\"name\":\"Alumni.space\",\"description\":\"My WordPress Blog\",\"potentialAction\":[{\"@type\":\"SearchAction\",\"target\":{\"@type\":\"EntryPoint\",\"urlTemplate\":\"https:\\\/\\\/www.alumni.space\\\/it\\\/?s={search_term_string}\"},\"query-input\":{\"@type\":\"PropertyValueSpecification\",\"valueRequired\":true,\"valueName\":\"search_term_string\"}}],\"inLanguage\":\"it-IT\"},{\"@type\":\"Person\",\"@id\":\"https:\\\/\\\/www.alumni.space\\\/it\\\/#\\\/schema\\\/person\\\/fede362a57876edda476a61f05ce5b15\",\"name\":\"admin\",\"image\":{\"@type\":\"ImageObject\",\"inLanguage\":\"it-IT\",\"@id\":\"https:\\\/\\\/secure.gravatar.com\\\/avatar\\\/318e234ae94f90d4d629428d6b983c08e31181c28f579e08a021180d759ea651?s=96&d=mm&r=g\",\"url\":\"https:\\\/\\\/secure.gravatar.com\\\/avatar\\\/318e234ae94f90d4d629428d6b983c08e31181c28f579e08a021180d759ea651?s=96&d=mm&r=g\",\"contentUrl\":\"https:\\\/\\\/secure.gravatar.com\\\/avatar\\\/318e234ae94f90d4d629428d6b983c08e31181c28f579e08a021180d759ea651?s=96&d=mm&r=g\",\"caption\":\"admin\"},\"description\":\"Nicolas Laustriat a construit sa sp\u00e9cialit\u00e9 sur un sujet que beaucoup d\u2019organisations d\u00e9couvrent trop tard : ce qui dispara\u00eet quand les gens partent. Dipl\u00f4m\u00e9 en conception de produit industriel, il bifurque vers le digital fin 1996, il couvre les transformations marques, RH, la fid\u00e9lisation, la marque employeur. Sur le terrain, il rep\u00e8re un angle mort r\u00e9current : l\u2019entreprise investit dans le recrutement, la formation, les process\u2026 puis laisse filer le lien au moment du d\u00e9part, avec une perte de savoir et d\u2019influence qui se paie en silence. Il se sp\u00e9cialise alors sur les communaut\u00e9s d\u2019alumni, le mentorat, l\u2019entraide interg\u00e9n\u00e9rationnelle et la transmission d\u2019expertise. Il passe du \u201cconstat\u201d aux m\u00e9thodes : animation, gouvernance, segmentation, rituels, mesure d\u2019engagement, articulation avec la RSE et l\u2019employabilit\u00e9. Il interviewe DRH, responsables formation, directions d\u2019\u00e9coles, associations et fondations, avec une obsession : transformer un r\u00e9seau dormant en m\u00e9canisme utile (cooptation, mentorat, job board, entraide, \u00e9v\u00e9nements, contenus). Son style : direct, orient\u00e9 action, sans folklore. Sa conviction : une communaut\u00e9 n\u2019a pas besoin de bruit, elle a besoin de raisons de revenir.\",\"sameAs\":[\"https:\\\/\\\/www.alumni.space\"]}]}<\/script>\n<!-- \/ Yoast SEO plugin. -->","yoast_head_json":{"title":"Programma Alumni: potenzia il tuo Employer Brand","description":"Scopri come un programma di alumni rafforza il tuo marchio aziendale, trattenendo i talenti e migliorando la tua rete professionale.","robots":{"index":"index","follow":"follow","max-snippet":"max-snippet:-1","max-image-preview":"max-image-preview:large","max-video-preview":"max-video-preview:-1"},"canonical":"https:\/\/www.alumni.space\/it\/il-valore-aggiunto-di-un-programma-per-alumni-per-il-tuo-marchio-aziendale\/","og_locale":"it_IT","og_type":"article","og_title":"Programma Alumni: potenzia il tuo Employer Brand","og_description":"Scopri come un programma di alumni rafforza il tuo marchio aziendale, trattenendo i talenti e migliorando la tua rete professionale.","og_url":"https:\/\/www.alumni.space\/it\/il-valore-aggiunto-di-un-programma-per-alumni-per-il-tuo-marchio-aziendale\/","og_site_name":"Alumni.space","article_published_time":"2024-09-07T12:34:56+00:00","article_modified_time":"2026-04-02T12:07:16+00:00","og_image":[{"width":1344,"height":768,"url":"https:\/\/www.alumni.space\/wp-content\/uploads\/2026\/03\/La-valeur-ajoutee-dun-programme-alumni-dans-votre-marque-employeur.jpg","type":"image\/jpeg"}],"author":"admin","twitter_card":"summary_large_image","twitter_misc":{"Scritto da":"admin","Tempo di lettura stimato":"3 minuti"},"schema":{"@context":"https:\/\/schema.org","@graph":[{"@type":"Article","@id":"https:\/\/www.alumni.space\/it\/il-valore-aggiunto-di-un-programma-per-alumni-per-il-tuo-marchio-aziendale\/#article","isPartOf":{"@id":"https:\/\/www.alumni.space\/it\/il-valore-aggiunto-di-un-programma-per-alumni-per-il-tuo-marchio-aziendale\/"},"author":{"name":"admin","@id":"https:\/\/www.alumni.space\/it\/#\/schema\/person\/fede362a57876edda476a61f05ce5b15"},"headline":"Il valore aggiunto di un programma per alumni per il tuo marchio aziendale","datePublished":"2024-09-07T12:34:56+00:00","dateModified":"2026-04-02T12:07:16+00:00","mainEntityOfPage":{"@id":"https:\/\/www.alumni.space\/it\/il-valore-aggiunto-di-un-programma-per-alumni-per-il-tuo-marchio-aziendale\/"},"wordCount":655,"image":{"@id":"https:\/\/www.alumni.space\/it\/il-valore-aggiunto-di-un-programma-per-alumni-per-il-tuo-marchio-aziendale\/#primaryimage"},"thumbnailUrl":"https:\/\/www.alumni.space\/wp-content\/uploads\/2026\/03\/La-valeur-ajoutee-dun-programme-alumni-dans-votre-marque-employeur.jpg","articleSection":["Ex studenti"],"inLanguage":"it-IT"},{"@type":"WebPage","@id":"https:\/\/www.alumni.space\/it\/il-valore-aggiunto-di-un-programma-per-alumni-per-il-tuo-marchio-aziendale\/","url":"https:\/\/www.alumni.space\/it\/il-valore-aggiunto-di-un-programma-per-alumni-per-il-tuo-marchio-aziendale\/","name":"Programma Alumni: potenzia il tuo Employer Brand","isPartOf":{"@id":"https:\/\/www.alumni.space\/it\/#website"},"primaryImageOfPage":{"@id":"https:\/\/www.alumni.space\/it\/il-valore-aggiunto-di-un-programma-per-alumni-per-il-tuo-marchio-aziendale\/#primaryimage"},"image":{"@id":"https:\/\/www.alumni.space\/it\/il-valore-aggiunto-di-un-programma-per-alumni-per-il-tuo-marchio-aziendale\/#primaryimage"},"thumbnailUrl":"https:\/\/www.alumni.space\/wp-content\/uploads\/2026\/03\/La-valeur-ajoutee-dun-programme-alumni-dans-votre-marque-employeur.jpg","datePublished":"2024-09-07T12:34:56+00:00","dateModified":"2026-04-02T12:07:16+00:00","author":{"@id":"https:\/\/www.alumni.space\/it\/#\/schema\/person\/fede362a57876edda476a61f05ce5b15"},"description":"Scopri come un programma di alumni rafforza il tuo marchio aziendale, trattenendo i talenti e migliorando la tua rete professionale.","breadcrumb":{"@id":"https:\/\/www.alumni.space\/it\/il-valore-aggiunto-di-un-programma-per-alumni-per-il-tuo-marchio-aziendale\/#breadcrumb"},"inLanguage":"it-IT","potentialAction":[{"@type":"ReadAction","target":["https:\/\/www.alumni.space\/it\/il-valore-aggiunto-di-un-programma-per-alumni-per-il-tuo-marchio-aziendale\/"]}]},{"@type":"ImageObject","inLanguage":"it-IT","@id":"https:\/\/www.alumni.space\/it\/il-valore-aggiunto-di-un-programma-per-alumni-per-il-tuo-marchio-aziendale\/#primaryimage","url":"https:\/\/www.alumni.space\/wp-content\/uploads\/2026\/03\/La-valeur-ajoutee-dun-programme-alumni-dans-votre-marque-employeur.jpg","contentUrl":"https:\/\/www.alumni.space\/wp-content\/uploads\/2026\/03\/La-valeur-ajoutee-dun-programme-alumni-dans-votre-marque-employeur.jpg","width":1344,"height":768,"caption":"scopri come un programma per alumni pu\u00f2 rafforzare il tuo marchio aziendale creando relazioni, trattenendo i talenti e incrementando la tua rete professionale."},{"@type":"BreadcrumbList","@id":"https:\/\/www.alumni.space\/it\/il-valore-aggiunto-di-un-programma-per-alumni-per-il-tuo-marchio-aziendale\/#breadcrumb","itemListElement":[{"@type":"ListItem","position":1,"name":"Home","item":"https:\/\/www.alumni.space\/it\/piattaforma-di-mentoring-e-di-gestione-degli-alumni\/"},{"@type":"ListItem","position":2,"name":"Il valore aggiunto di un programma per alumni per il tuo marchio aziendale"}]},{"@type":"WebSite","@id":"https:\/\/www.alumni.space\/it\/#website","url":"https:\/\/www.alumni.space\/it\/","name":"Alumni.space","description":"My WordPress Blog","potentialAction":[{"@type":"SearchAction","target":{"@type":"EntryPoint","urlTemplate":"https:\/\/www.alumni.space\/it\/?s={search_term_string}"},"query-input":{"@type":"PropertyValueSpecification","valueRequired":true,"valueName":"search_term_string"}}],"inLanguage":"it-IT"},{"@type":"Person","@id":"https:\/\/www.alumni.space\/it\/#\/schema\/person\/fede362a57876edda476a61f05ce5b15","name":"admin","image":{"@type":"ImageObject","inLanguage":"it-IT","@id":"https:\/\/secure.gravatar.com\/avatar\/318e234ae94f90d4d629428d6b983c08e31181c28f579e08a021180d759ea651?s=96&d=mm&r=g","url":"https:\/\/secure.gravatar.com\/avatar\/318e234ae94f90d4d629428d6b983c08e31181c28f579e08a021180d759ea651?s=96&d=mm&r=g","contentUrl":"https:\/\/secure.gravatar.com\/avatar\/318e234ae94f90d4d629428d6b983c08e31181c28f579e08a021180d759ea651?s=96&d=mm&r=g","caption":"admin"},"description":"Nicolas Laustriat a construit sa sp\u00e9cialit\u00e9 sur un sujet que beaucoup d\u2019organisations d\u00e9couvrent trop tard : ce qui dispara\u00eet quand les gens partent. Dipl\u00f4m\u00e9 en conception de produit industriel, il bifurque vers le digital fin 1996, il couvre les transformations marques, RH, la fid\u00e9lisation, la marque employeur. Sur le terrain, il rep\u00e8re un angle mort r\u00e9current : l\u2019entreprise investit dans le recrutement, la formation, les process\u2026 puis laisse filer le lien au moment du d\u00e9part, avec une perte de savoir et d\u2019influence qui se paie en silence. Il se sp\u00e9cialise alors sur les communaut\u00e9s d\u2019alumni, le mentorat, l\u2019entraide interg\u00e9n\u00e9rationnelle et la transmission d\u2019expertise. Il passe du \u201cconstat\u201d aux m\u00e9thodes : animation, gouvernance, segmentation, rituels, mesure d\u2019engagement, articulation avec la RSE et l\u2019employabilit\u00e9. Il interviewe DRH, responsables formation, directions d\u2019\u00e9coles, associations et fondations, avec une obsession : transformer un r\u00e9seau dormant en m\u00e9canisme utile (cooptation, mentorat, job board, entraide, \u00e9v\u00e9nements, contenus). Son style : direct, orient\u00e9 action, sans folklore. Sa conviction : une communaut\u00e9 n\u2019a pas besoin de bruit, elle a besoin de raisons de revenir.","sameAs":["https:\/\/www.alumni.space"]}]}},"_links":{"self":[{"href":"https:\/\/www.alumni.space\/it\/wp-json\/wp\/v2\/posts\/5187","targetHints":{"allow":["GET"]}}],"collection":[{"href":"https:\/\/www.alumni.space\/it\/wp-json\/wp\/v2\/posts"}],"about":[{"href":"https:\/\/www.alumni.space\/it\/wp-json\/wp\/v2\/types\/post"}],"author":[{"embeddable":true,"href":"https:\/\/www.alumni.space\/it\/wp-json\/wp\/v2\/users\/1"}],"replies":[{"embeddable":true,"href":"https:\/\/www.alumni.space\/it\/wp-json\/wp\/v2\/comments?post=5187"}],"version-history":[{"count":4,"href":"https:\/\/www.alumni.space\/it\/wp-json\/wp\/v2\/posts\/5187\/revisions"}],"predecessor-version":[{"id":7123,"href":"https:\/\/www.alumni.space\/it\/wp-json\/wp\/v2\/posts\/5187\/revisions\/7123"}],"wp:featuredmedia":[{"embeddable":true,"href":"https:\/\/www.alumni.space\/it\/wp-json\/wp\/v2\/media\/5189"}],"wp:attachment":[{"href":"https:\/\/www.alumni.space\/it\/wp-json\/wp\/v2\/media?parent=5187"}],"wp:term":[{"taxonomy":"category","embeddable":true,"href":"https:\/\/www.alumni.space\/it\/wp-json\/wp\/v2\/categories?post=5187"},{"taxonomy":"post_tag","embeddable":true,"href":"https:\/\/www.alumni.space\/it\/wp-json\/wp\/v2\/tags?post=5187"}],"curies":[{"name":"wp","href":"https:\/\/api.w.org\/{rel}","templated":true}]}}