{"id":5121,"date":"2024-12-01T19:29:25","date_gmt":"2024-12-01T19:29:25","guid":{"rendered":"https:\/\/www.alumni.space\/prepararsi-alla-partenza-dei-commercialisti-senior-una-questione-di-urgenza\/"},"modified":"2026-04-02T09:23:23","modified_gmt":"2026-04-02T09:23:23","slug":"prepararsi-alla-partenza-dei-commercialisti-senior-una-questione-di-urgenza","status":"publish","type":"post","link":"https:\/\/www.alumni.space\/it\/prepararsi-alla-partenza-dei-commercialisti-senior-una-questione-di-urgenza\/","title":{"rendered":"Prepararsi alla partenza dei commercialisti senior: una questione di urgenza"},"content":{"rendered":"<p>Prepararsi al pensionamento dei commercialisti senior \u00e8 una priorit\u00e0 fondamentale. La loro partenza non programmata comporta una perdita significativa di <strong>competenze<\/strong> e <strong>know-how<\/strong>, con un impatto sulla continuit\u00e0 e sulle prestazioni delle aziende. Mettere in atto un <strong>piano<\/strong> strutturato aiuta a ottimizzare la gestione del <strong>trasferimento delle<\/strong> conoscenze e a mantenere la <strong>rete aziendale<\/strong> nel lungo periodo.  <\/p><div id=\"ez-toc-container\" class=\"ez-toc-v2_0_82_2 counter-flat ez-toc-counter ez-toc-grey ez-toc-container-direction\">\n<div class=\"ez-toc-title-container\"><p class=\"ez-toc-title\" style=\"cursor:inherit\">In questo articolo:<\/p>\n<\/div><nav><ul class='ez-toc-list ez-toc-list-level-1 ' ><li class='ez-toc-page-1'><a class=\"ez-toc-link ez-toc-heading-1\" href=\"https:\/\/www.alumni.space\/it\/prepararsi-alla-partenza-dei-commercialisti-senior-una-questione-di-urgenza\/#Anticipare_la_partenza_di_contabili_senior_per_garantire_il_trasferimento_di_competenze\" >Anticipare la partenza di contabili senior per garantire il trasferimento di competenze<\/a><\/li><li class='ez-toc-page-1'><a class=\"ez-toc-link ez-toc-heading-2\" href=\"https:\/\/www.alumni.space\/it\/prepararsi-alla-partenza-dei-commercialisti-senior-una-questione-di-urgenza\/#Unattenta_pianificazione_per_una_successione_di_successo\" >Un&#8217;attenta pianificazione per una successione di successo<\/a><\/li><li class='ez-toc-page-1'><a class=\"ez-toc-link ez-toc-heading-3\" href=\"https:\/\/www.alumni.space\/it\/prepararsi-alla-partenza-dei-commercialisti-senior-una-questione-di-urgenza\/#Mantenere_limpegno_e_la_continuita_della_rete_dopo_la_partenza\" >Mantenere l&#8217;impegno e la continuit\u00e0 della rete dopo la partenza.<\/a><\/li><li class='ez-toc-page-1'><a class=\"ez-toc-link ez-toc-heading-4\" href=\"https:\/\/www.alumni.space\/it\/prepararsi-alla-partenza-dei-commercialisti-senior-una-questione-di-urgenza\/#Caso_duso_prevenire_la_disorganizzazione_attraverso_lanticipo\" >Caso d&#8217;uso: prevenire la disorganizzazione attraverso l&#8217;anticipo<\/a><\/li><li class='ez-toc-page-1'><a class=\"ez-toc-link ez-toc-heading-5\" href=\"https:\/\/www.alumni.space\/it\/prepararsi-alla-partenza-dei-commercialisti-senior-una-questione-di-urgenza\/#Coinvolgere_i_responsabili_delle_decisioni_nella_gestione_strategica_del_pensionamento\" >Coinvolgere i responsabili delle decisioni nella gestione strategica del pensionamento<\/a><\/li><\/ul><\/nav><\/div>\n<h2 class=\"wp-block-heading\"><span class=\"ez-toc-section\" id=\"Anticipare_la_partenza_di_contabili_senior_per_garantire_il_trasferimento_di_competenze\"><\/span>Anticipare la partenza di contabili senior per garantire il trasferimento di competenze<span class=\"ez-toc-section-end\"><\/span><\/h2><p>La partenza di professionisti esperti comporta il rischio di una perdita di esperienza. Senza un sistema organizzato di condivisione dell&#8217;esperienza, gli studi hanno difficolt\u00e0 a mantenere gli standard di qualit\u00e0 e a integrare efficacemente il nuovo personale. \u00c8 necessario elaborare un piano di successione non appena vengono comunicati i piani di pensionamento.  <\/p><figure class=\"wp-block-image size-full\"><img decoding=\"async\" width=\"1280\" height=\"768\" src=\"https:\/\/www.alumni.space\/wp-content\/uploads\/2026\/03\/Preparer-le-depart-des-experts-comptables-seniors-une-urgence-1.jpg\" data-orig-src=\"https:\/\/www.alumni.space\/wp-content\/uploads\/2026\/03\/Preparer-le-depart-des-experts-comptables-seniors-une-urgence-1.jpg\" alt=\"scopri perch\u00e9 \u00e8 urgente prepararsi alla partenza dei commercialisti senior e come garantire la continuit\u00e0 e il trasferimento delle competenze chiave all'interno dello studio.\" class=\"lazyload wp-image-3264\" srcset=\"data:image\/svg+xml,%3Csvg%20xmlns%3D%27http%3A%2F%2Fwww.w3.org%2F2000%2Fsvg%27%20width%3D%271280%27%20height%3D%27768%27%20viewBox%3D%270%200%201280%20768%27%3E%3Crect%20width%3D%271280%27%20height%3D%27768%27%20fill-opacity%3D%220%22%2F%3E%3C%2Fsvg%3E\" data-srcset=\"https:\/\/www.alumni.space\/wp-content\/uploads\/2026\/03\/Preparer-le-depart-des-experts-comptables-seniors-une-urgence-1-200x120.jpg 200w, https:\/\/www.alumni.space\/wp-content\/uploads\/2026\/03\/Preparer-le-depart-des-experts-comptables-seniors-une-urgence-1-300x180.jpg 300w, https:\/\/www.alumni.space\/wp-content\/uploads\/2026\/03\/Preparer-le-depart-des-experts-comptables-seniors-une-urgence-1-400x240.jpg 400w, https:\/\/www.alumni.space\/wp-content\/uploads\/2026\/03\/Preparer-le-depart-des-experts-comptables-seniors-une-urgence-1-600x360.jpg 600w, https:\/\/www.alumni.space\/wp-content\/uploads\/2026\/03\/Preparer-le-depart-des-experts-comptables-seniors-une-urgence-1-768x461.jpg 768w, https:\/\/www.alumni.space\/wp-content\/uploads\/2026\/03\/Preparer-le-depart-des-experts-comptables-seniors-une-urgence-1-800x480.jpg 800w, https:\/\/www.alumni.space\/wp-content\/uploads\/2026\/03\/Preparer-le-depart-des-experts-comptables-seniors-une-urgence-1-1024x614.jpg 1024w, https:\/\/www.alumni.space\/wp-content\/uploads\/2026\/03\/Preparer-le-depart-des-experts-comptables-seniors-une-urgence-1-1200x720.jpg 1200w, https:\/\/www.alumni.space\/wp-content\/uploads\/2026\/03\/Preparer-le-depart-des-experts-comptables-seniors-une-urgence-1.jpg 1280w\" data-sizes=\"auto\" data-orig-sizes=\"(max-width: 1280px) 100vw, 1280px\" \/><\/figure><p>Uno strumento digitale dedicato alla gestione e all&#8217;animazione delle comunit\u00e0 professionali, come <a href=\"https:\/\/www.alumni.space\/it\/come-possiamo-evitare-una-perdita-di-conoscenze-nei-nostri-cantieri-quando-gli-esperti-se-ne-vanno\/\">alumni.space<\/a>, semplifica il monitoraggio degli scambi intergenerazionali. La piattaforma incoraggia la creazione di <strong>coppie mentore-mentee<\/strong>, promuove la condivisione di esperienze e organizza eventi mirati per la <strong>trasmissione delle conoscenze<\/strong>. <\/p><h3 class=\"wp-block-heading\"><span class=\"ez-toc-section\" id=\"Unattenta_pianificazione_per_una_successione_di_successo\"><\/span>Un&#8217;attenta pianificazione per una successione di successo<span class=\"ez-toc-section-end\"><\/span><\/h3><p>La definizione di un calendario preciso, che preveda delle fasi per il trasferimento graduale delle responsabilit\u00e0, limita le interruzioni operative. Questo protocollo incoraggia anche il personale giovane a sviluppare le proprie competenze attraverso sessioni di formazione mirate, accompagnate da una convalida di quanto appreso. <\/p><p>In questo contesto, l&#8217;implementazione di tabelle di monitoraggio degli indicatori chiave di performance (KPI) relativi all&#8217;adozione delle linee di business e alla qualit\u00e0 dei rituali di <strong>trasmissione<\/strong> consente una governance trasparente.<\/p><h2 class=\"wp-block-heading\"><span class=\"ez-toc-section\" id=\"Mantenere_limpegno_e_la_continuita_della_rete_dopo_la_partenza\"><\/span>Mantenere l&#8217;impegno e la continuit\u00e0 della rete dopo la partenza.<span class=\"ez-toc-section-end\"><\/span><\/h2><p>I commercialisti in pensione rappresentano un patrimonio significativo in termini di relazioni. Mantenere i contatti all&#8217;interno di una comunit\u00e0 professionale attiva aiuta a evitare la disorganizzazione della rete e a mantenere una dinamica di sostegno reciproco a lungo termine. <\/p><p>La disponibilit\u00e0 di una job board, di contenuti documentali e di strumenti di cooptazione integrati nella piattaforma <a href=\"https:\/\/www.alumni.space\/it\/alumni-come-rafforzare-il-tuo-senso-di-appartenenza-dopo-la-partenza\/\">alumni.space<\/a> rafforza il senso di appartenenza. Queste risorse facilitano inoltre una migliore integrazione dei talenti e incoraggiano un impegno a lungo termine. <\/p><h3 class=\"wp-block-heading\"><span class=\"ez-toc-section\" id=\"Caso_duso_prevenire_la_disorganizzazione_attraverso_lanticipo\"><\/span>Caso d&#8217;uso: prevenire la disorganizzazione attraverso l&#8217;anticipo<span class=\"ez-toc-section-end\"><\/span><\/h3><p>Una societ\u00e0 di consulenza regionale ha introdotto un programma strutturato con un supporto passo dopo passo. Il risultato \u00e8 stato una riduzione del tempo necessario per integrare i nuovi assunti e un calo significativo del numero di errori nel passaggio di consegne. Queste iniziative dimostrano l&#8217;importanza di un approccio proattivo e sistematico.  <\/p><p>Il costo nascosto di una partenza trascurata pu\u00f2 essere misurato in perdite di tempo, riduzione della produttivit\u00e0 e danni all&#8217;immagine del marchio. L&#8217;efficienza gestionale pu\u00f2 essere migliorata digitalizzando i processi <strong>di trasmissione<\/strong>, evitando cos\u00ec l&#8217;uso improduttivo di file dispersi. <\/p><h2 class=\"wp-block-heading\"><span class=\"ez-toc-section\" id=\"Coinvolgere_i_responsabili_delle_decisioni_nella_gestione_strategica_del_pensionamento\"><\/span>Coinvolgere i responsabili delle decisioni nella gestione strategica del pensionamento<span class=\"ez-toc-section-end\"><\/span><\/h2><p>Le risorse umane, la dirigenza, gli organi di governo, le scuole e le organizzazioni di formazione devono lavorare insieme intorno a una visione condivisa. I rischi associati alle partenze impreviste riguardano tutti gli stakeholder del settore. Una comunit\u00e0 strutturata come quella di alumni.space fornisce un quadro solido per la rapida adozione delle migliori pratiche, la conformit\u00e0 e la gestione efficace.  <\/p><p>Automatizzando il monitoraggio delle competenze, delle offerte di mentoring e degli eventi di scambio, la piattaforma aiuta i decisori a risparmiare tempo prezioso e a evitare costi elevati. I KPI regolari garantiscono un monitoraggio continuo delle prestazioni del sistema. <\/p><p>Occorre prestare particolare attenzione all&#8217;impatto finanziario della partenza degli esperti senior. I parametri di riferimento e i consigli appropriati possono essere trovati nelle <a href=\"https:\/\/www.alumni.space\/it\/i-massicci-pensionamenti-che-impatto-avranno-sulle-professioni-della-finanza\/\">risorse degli esperti sulle questioni finanziarie<\/a> associate al pensionamento. <\/p>","protected":false},"excerpt":{"rendered":"<p>Prepararsi al pensionamento dei commercialisti senior \u00e8 una priorit\u00e0 fondamentale.  [&#8230;]<\/p>\n","protected":false},"author":1,"featured_media":5123,"comment_status":"closed","ping_status":"closed","sticky":false,"template":"","format":"standard","meta":{"_ayudawp_aiss_exclude":false,"footnotes":""},"categories":[65],"tags":[],"class_list":["post-5121","post","type-post","status-publish","format-standard","has-post-thumbnail","hentry","category-risorse-umane"],"yoast_head":"<!-- This site is optimized with the Yoast SEO plugin v27.4 - https:\/\/yoast.com\/product\/yoast-seo-wordpress\/ -->\n<title>Emergenza: prepararsi alla partenza dei contabili senior<\/title>\n<meta name=\"description\" content=\"Prepararsi alla partenza dei commercialisti senior: una questione urgente per garantire la trasmissione delle conoscenze e la continuit\u00e0 delle attivit\u00e0.\" \/>\n<meta name=\"robots\" content=\"index, follow, max-snippet:-1, max-image-preview:large, max-video-preview:-1\" \/>\n<link rel=\"canonical\" href=\"https:\/\/www.alumni.space\/it\/prepararsi-alla-partenza-dei-commercialisti-senior-una-questione-di-urgenza\/\" \/>\n<meta property=\"og:locale\" content=\"it_IT\" \/>\n<meta property=\"og:type\" content=\"article\" \/>\n<meta property=\"og:title\" content=\"Emergenza: prepararsi alla partenza dei contabili senior\" \/>\n<meta property=\"og:description\" content=\"Prepararsi alla partenza dei commercialisti senior: una questione urgente per garantire la trasmissione delle conoscenze e la continuit\u00e0 delle attivit\u00e0.\" \/>\n<meta property=\"og:url\" content=\"https:\/\/www.alumni.space\/it\/prepararsi-alla-partenza-dei-commercialisti-senior-una-questione-di-urgenza\/\" \/>\n<meta property=\"og:site_name\" content=\"Alumni.space\" \/>\n<meta property=\"article:published_time\" content=\"2024-12-01T19:29:25+00:00\" \/>\n<meta property=\"article:modified_time\" content=\"2026-04-02T09:23:23+00:00\" \/>\n<meta property=\"og:image\" content=\"https:\/\/www.alumni.space\/wp-content\/uploads\/2026\/03\/Preparer-le-depart-des-experts-comptables-seniors-une-urgence.jpg\" \/>\n\t<meta property=\"og:image:width\" content=\"1280\" \/>\n\t<meta property=\"og:image:height\" content=\"768\" \/>\n\t<meta property=\"og:image:type\" content=\"image\/jpeg\" \/>\n<meta name=\"author\" content=\"admin\" \/>\n<meta name=\"twitter:card\" content=\"summary_large_image\" \/>\n<meta name=\"twitter:label1\" content=\"Scritto da\" \/>\n\t<meta name=\"twitter:data1\" content=\"admin\" \/>\n\t<meta name=\"twitter:label2\" content=\"Tempo di lettura stimato\" \/>\n\t<meta name=\"twitter:data2\" content=\"3 minuti\" \/>\n<script type=\"application\/ld+json\" class=\"yoast-schema-graph\">{\"@context\":\"https:\\\/\\\/schema.org\",\"@graph\":[{\"@type\":\"Article\",\"@id\":\"https:\\\/\\\/www.alumni.space\\\/it\\\/prepararsi-alla-partenza-dei-commercialisti-senior-una-questione-di-urgenza\\\/#article\",\"isPartOf\":{\"@id\":\"https:\\\/\\\/www.alumni.space\\\/it\\\/prepararsi-alla-partenza-dei-commercialisti-senior-una-questione-di-urgenza\\\/\"},\"author\":{\"name\":\"admin\",\"@id\":\"https:\\\/\\\/www.alumni.space\\\/it\\\/#\\\/schema\\\/person\\\/fede362a57876edda476a61f05ce5b15\"},\"headline\":\"Prepararsi alla partenza dei commercialisti senior: una questione di urgenza\",\"datePublished\":\"2024-12-01T19:29:25+00:00\",\"dateModified\":\"2026-04-02T09:23:23+00:00\",\"mainEntityOfPage\":{\"@id\":\"https:\\\/\\\/www.alumni.space\\\/it\\\/prepararsi-alla-partenza-dei-commercialisti-senior-una-questione-di-urgenza\\\/\"},\"wordCount\":595,\"image\":{\"@id\":\"https:\\\/\\\/www.alumni.space\\\/it\\\/prepararsi-alla-partenza-dei-commercialisti-senior-una-questione-di-urgenza\\\/#primaryimage\"},\"thumbnailUrl\":\"https:\\\/\\\/www.alumni.space\\\/wp-content\\\/uploads\\\/2026\\\/03\\\/Preparer-le-depart-des-experts-comptables-seniors-une-urgence.jpg\",\"articleSection\":[\"Risorse umane\"],\"inLanguage\":\"it-IT\"},{\"@type\":\"WebPage\",\"@id\":\"https:\\\/\\\/www.alumni.space\\\/it\\\/prepararsi-alla-partenza-dei-commercialisti-senior-una-questione-di-urgenza\\\/\",\"url\":\"https:\\\/\\\/www.alumni.space\\\/it\\\/prepararsi-alla-partenza-dei-commercialisti-senior-una-questione-di-urgenza\\\/\",\"name\":\"Emergenza: prepararsi alla partenza dei contabili senior\",\"isPartOf\":{\"@id\":\"https:\\\/\\\/www.alumni.space\\\/it\\\/#website\"},\"primaryImageOfPage\":{\"@id\":\"https:\\\/\\\/www.alumni.space\\\/it\\\/prepararsi-alla-partenza-dei-commercialisti-senior-una-questione-di-urgenza\\\/#primaryimage\"},\"image\":{\"@id\":\"https:\\\/\\\/www.alumni.space\\\/it\\\/prepararsi-alla-partenza-dei-commercialisti-senior-una-questione-di-urgenza\\\/#primaryimage\"},\"thumbnailUrl\":\"https:\\\/\\\/www.alumni.space\\\/wp-content\\\/uploads\\\/2026\\\/03\\\/Preparer-le-depart-des-experts-comptables-seniors-une-urgence.jpg\",\"datePublished\":\"2024-12-01T19:29:25+00:00\",\"dateModified\":\"2026-04-02T09:23:23+00:00\",\"author\":{\"@id\":\"https:\\\/\\\/www.alumni.space\\\/it\\\/#\\\/schema\\\/person\\\/fede362a57876edda476a61f05ce5b15\"},\"description\":\"Prepararsi alla partenza dei commercialisti senior: una questione urgente per garantire la trasmissione delle conoscenze e la continuit\u00e0 delle attivit\u00e0.\",\"breadcrumb\":{\"@id\":\"https:\\\/\\\/www.alumni.space\\\/it\\\/prepararsi-alla-partenza-dei-commercialisti-senior-una-questione-di-urgenza\\\/#breadcrumb\"},\"inLanguage\":\"it-IT\",\"potentialAction\":[{\"@type\":\"ReadAction\",\"target\":[\"https:\\\/\\\/www.alumni.space\\\/it\\\/prepararsi-alla-partenza-dei-commercialisti-senior-una-questione-di-urgenza\\\/\"]}]},{\"@type\":\"ImageObject\",\"inLanguage\":\"it-IT\",\"@id\":\"https:\\\/\\\/www.alumni.space\\\/it\\\/prepararsi-alla-partenza-dei-commercialisti-senior-una-questione-di-urgenza\\\/#primaryimage\",\"url\":\"https:\\\/\\\/www.alumni.space\\\/wp-content\\\/uploads\\\/2026\\\/03\\\/Preparer-le-depart-des-experts-comptables-seniors-une-urgence.jpg\",\"contentUrl\":\"https:\\\/\\\/www.alumni.space\\\/wp-content\\\/uploads\\\/2026\\\/03\\\/Preparer-le-depart-des-experts-comptables-seniors-une-urgence.jpg\",\"width\":1280,\"height\":768,\"caption\":\"Scopri perch\u00e9 \u00e8 urgente prepararsi alla partenza dei commercialisti senior e come garantire una transizione senza problemi per il tuo studio.\"},{\"@type\":\"BreadcrumbList\",\"@id\":\"https:\\\/\\\/www.alumni.space\\\/it\\\/prepararsi-alla-partenza-dei-commercialisti-senior-una-questione-di-urgenza\\\/#breadcrumb\",\"itemListElement\":[{\"@type\":\"ListItem\",\"position\":1,\"name\":\"Home\",\"item\":\"https:\\\/\\\/www.alumni.space\\\/it\\\/piattaforma-di-mentoring-e-di-gestione-degli-alumni\\\/\"},{\"@type\":\"ListItem\",\"position\":2,\"name\":\"Prepararsi alla partenza dei commercialisti senior: una questione di urgenza\"}]},{\"@type\":\"WebSite\",\"@id\":\"https:\\\/\\\/www.alumni.space\\\/it\\\/#website\",\"url\":\"https:\\\/\\\/www.alumni.space\\\/it\\\/\",\"name\":\"Alumni.space\",\"description\":\"My WordPress Blog\",\"potentialAction\":[{\"@type\":\"SearchAction\",\"target\":{\"@type\":\"EntryPoint\",\"urlTemplate\":\"https:\\\/\\\/www.alumni.space\\\/it\\\/?s={search_term_string}\"},\"query-input\":{\"@type\":\"PropertyValueSpecification\",\"valueRequired\":true,\"valueName\":\"search_term_string\"}}],\"inLanguage\":\"it-IT\"},{\"@type\":\"Person\",\"@id\":\"https:\\\/\\\/www.alumni.space\\\/it\\\/#\\\/schema\\\/person\\\/fede362a57876edda476a61f05ce5b15\",\"name\":\"admin\",\"image\":{\"@type\":\"ImageObject\",\"inLanguage\":\"it-IT\",\"@id\":\"https:\\\/\\\/secure.gravatar.com\\\/avatar\\\/318e234ae94f90d4d629428d6b983c08e31181c28f579e08a021180d759ea651?s=96&d=mm&r=g\",\"url\":\"https:\\\/\\\/secure.gravatar.com\\\/avatar\\\/318e234ae94f90d4d629428d6b983c08e31181c28f579e08a021180d759ea651?s=96&d=mm&r=g\",\"contentUrl\":\"https:\\\/\\\/secure.gravatar.com\\\/avatar\\\/318e234ae94f90d4d629428d6b983c08e31181c28f579e08a021180d759ea651?s=96&d=mm&r=g\",\"caption\":\"admin\"},\"description\":\"Nicolas Laustriat a construit sa sp\u00e9cialit\u00e9 sur un sujet que beaucoup d\u2019organisations d\u00e9couvrent trop tard : ce qui dispara\u00eet quand les gens partent. Dipl\u00f4m\u00e9 en conception de produit industriel, il bifurque vers le digital fin 1996, il couvre les transformations marques, RH, la fid\u00e9lisation, la marque employeur. Sur le terrain, il rep\u00e8re un angle mort r\u00e9current : l\u2019entreprise investit dans le recrutement, la formation, les process\u2026 puis laisse filer le lien au moment du d\u00e9part, avec une perte de savoir et d\u2019influence qui se paie en silence. Il se sp\u00e9cialise alors sur les communaut\u00e9s d\u2019alumni, le mentorat, l\u2019entraide interg\u00e9n\u00e9rationnelle et la transmission d\u2019expertise. Il passe du \u201cconstat\u201d aux m\u00e9thodes : animation, gouvernance, segmentation, rituels, mesure d\u2019engagement, articulation avec la RSE et l\u2019employabilit\u00e9. Il interviewe DRH, responsables formation, directions d\u2019\u00e9coles, associations et fondations, avec une obsession : transformer un r\u00e9seau dormant en m\u00e9canisme utile (cooptation, mentorat, job board, entraide, \u00e9v\u00e9nements, contenus). Son style : direct, orient\u00e9 action, sans folklore. Sa conviction : une communaut\u00e9 n\u2019a pas besoin de bruit, elle a besoin de raisons de revenir.\",\"sameAs\":[\"https:\\\/\\\/www.alumni.space\"]}]}<\/script>\n<!-- \/ Yoast SEO plugin. -->","yoast_head_json":{"title":"Emergenza: prepararsi alla partenza dei contabili senior","description":"Prepararsi alla partenza dei commercialisti senior: una questione urgente per garantire la trasmissione delle conoscenze e la continuit\u00e0 delle attivit\u00e0.","robots":{"index":"index","follow":"follow","max-snippet":"max-snippet:-1","max-image-preview":"max-image-preview:large","max-video-preview":"max-video-preview:-1"},"canonical":"https:\/\/www.alumni.space\/it\/prepararsi-alla-partenza-dei-commercialisti-senior-una-questione-di-urgenza\/","og_locale":"it_IT","og_type":"article","og_title":"Emergenza: prepararsi alla partenza dei contabili senior","og_description":"Prepararsi alla partenza dei commercialisti senior: una questione urgente per garantire la trasmissione delle conoscenze e la continuit\u00e0 delle attivit\u00e0.","og_url":"https:\/\/www.alumni.space\/it\/prepararsi-alla-partenza-dei-commercialisti-senior-una-questione-di-urgenza\/","og_site_name":"Alumni.space","article_published_time":"2024-12-01T19:29:25+00:00","article_modified_time":"2026-04-02T09:23:23+00:00","og_image":[{"width":1280,"height":768,"url":"https:\/\/www.alumni.space\/wp-content\/uploads\/2026\/03\/Preparer-le-depart-des-experts-comptables-seniors-une-urgence.jpg","type":"image\/jpeg"}],"author":"admin","twitter_card":"summary_large_image","twitter_misc":{"Scritto da":"admin","Tempo di lettura stimato":"3 minuti"},"schema":{"@context":"https:\/\/schema.org","@graph":[{"@type":"Article","@id":"https:\/\/www.alumni.space\/it\/prepararsi-alla-partenza-dei-commercialisti-senior-una-questione-di-urgenza\/#article","isPartOf":{"@id":"https:\/\/www.alumni.space\/it\/prepararsi-alla-partenza-dei-commercialisti-senior-una-questione-di-urgenza\/"},"author":{"name":"admin","@id":"https:\/\/www.alumni.space\/it\/#\/schema\/person\/fede362a57876edda476a61f05ce5b15"},"headline":"Prepararsi alla partenza dei commercialisti senior: una questione di urgenza","datePublished":"2024-12-01T19:29:25+00:00","dateModified":"2026-04-02T09:23:23+00:00","mainEntityOfPage":{"@id":"https:\/\/www.alumni.space\/it\/prepararsi-alla-partenza-dei-commercialisti-senior-una-questione-di-urgenza\/"},"wordCount":595,"image":{"@id":"https:\/\/www.alumni.space\/it\/prepararsi-alla-partenza-dei-commercialisti-senior-una-questione-di-urgenza\/#primaryimage"},"thumbnailUrl":"https:\/\/www.alumni.space\/wp-content\/uploads\/2026\/03\/Preparer-le-depart-des-experts-comptables-seniors-une-urgence.jpg","articleSection":["Risorse umane"],"inLanguage":"it-IT"},{"@type":"WebPage","@id":"https:\/\/www.alumni.space\/it\/prepararsi-alla-partenza-dei-commercialisti-senior-una-questione-di-urgenza\/","url":"https:\/\/www.alumni.space\/it\/prepararsi-alla-partenza-dei-commercialisti-senior-una-questione-di-urgenza\/","name":"Emergenza: prepararsi alla partenza dei contabili senior","isPartOf":{"@id":"https:\/\/www.alumni.space\/it\/#website"},"primaryImageOfPage":{"@id":"https:\/\/www.alumni.space\/it\/prepararsi-alla-partenza-dei-commercialisti-senior-una-questione-di-urgenza\/#primaryimage"},"image":{"@id":"https:\/\/www.alumni.space\/it\/prepararsi-alla-partenza-dei-commercialisti-senior-una-questione-di-urgenza\/#primaryimage"},"thumbnailUrl":"https:\/\/www.alumni.space\/wp-content\/uploads\/2026\/03\/Preparer-le-depart-des-experts-comptables-seniors-une-urgence.jpg","datePublished":"2024-12-01T19:29:25+00:00","dateModified":"2026-04-02T09:23:23+00:00","author":{"@id":"https:\/\/www.alumni.space\/it\/#\/schema\/person\/fede362a57876edda476a61f05ce5b15"},"description":"Prepararsi alla partenza dei commercialisti senior: una questione urgente per garantire la trasmissione delle conoscenze e la continuit\u00e0 delle attivit\u00e0.","breadcrumb":{"@id":"https:\/\/www.alumni.space\/it\/prepararsi-alla-partenza-dei-commercialisti-senior-una-questione-di-urgenza\/#breadcrumb"},"inLanguage":"it-IT","potentialAction":[{"@type":"ReadAction","target":["https:\/\/www.alumni.space\/it\/prepararsi-alla-partenza-dei-commercialisti-senior-una-questione-di-urgenza\/"]}]},{"@type":"ImageObject","inLanguage":"it-IT","@id":"https:\/\/www.alumni.space\/it\/prepararsi-alla-partenza-dei-commercialisti-senior-una-questione-di-urgenza\/#primaryimage","url":"https:\/\/www.alumni.space\/wp-content\/uploads\/2026\/03\/Preparer-le-depart-des-experts-comptables-seniors-une-urgence.jpg","contentUrl":"https:\/\/www.alumni.space\/wp-content\/uploads\/2026\/03\/Preparer-le-depart-des-experts-comptables-seniors-une-urgence.jpg","width":1280,"height":768,"caption":"Scopri perch\u00e9 \u00e8 urgente prepararsi alla partenza dei commercialisti senior e come garantire una transizione senza problemi per il tuo studio."},{"@type":"BreadcrumbList","@id":"https:\/\/www.alumni.space\/it\/prepararsi-alla-partenza-dei-commercialisti-senior-una-questione-di-urgenza\/#breadcrumb","itemListElement":[{"@type":"ListItem","position":1,"name":"Home","item":"https:\/\/www.alumni.space\/it\/piattaforma-di-mentoring-e-di-gestione-degli-alumni\/"},{"@type":"ListItem","position":2,"name":"Prepararsi alla partenza dei commercialisti senior: una questione di urgenza"}]},{"@type":"WebSite","@id":"https:\/\/www.alumni.space\/it\/#website","url":"https:\/\/www.alumni.space\/it\/","name":"Alumni.space","description":"My WordPress Blog","potentialAction":[{"@type":"SearchAction","target":{"@type":"EntryPoint","urlTemplate":"https:\/\/www.alumni.space\/it\/?s={search_term_string}"},"query-input":{"@type":"PropertyValueSpecification","valueRequired":true,"valueName":"search_term_string"}}],"inLanguage":"it-IT"},{"@type":"Person","@id":"https:\/\/www.alumni.space\/it\/#\/schema\/person\/fede362a57876edda476a61f05ce5b15","name":"admin","image":{"@type":"ImageObject","inLanguage":"it-IT","@id":"https:\/\/secure.gravatar.com\/avatar\/318e234ae94f90d4d629428d6b983c08e31181c28f579e08a021180d759ea651?s=96&d=mm&r=g","url":"https:\/\/secure.gravatar.com\/avatar\/318e234ae94f90d4d629428d6b983c08e31181c28f579e08a021180d759ea651?s=96&d=mm&r=g","contentUrl":"https:\/\/secure.gravatar.com\/avatar\/318e234ae94f90d4d629428d6b983c08e31181c28f579e08a021180d759ea651?s=96&d=mm&r=g","caption":"admin"},"description":"Nicolas Laustriat a construit sa sp\u00e9cialit\u00e9 sur un sujet que beaucoup d\u2019organisations d\u00e9couvrent trop tard : ce qui dispara\u00eet quand les gens partent. Dipl\u00f4m\u00e9 en conception de produit industriel, il bifurque vers le digital fin 1996, il couvre les transformations marques, RH, la fid\u00e9lisation, la marque employeur. Sur le terrain, il rep\u00e8re un angle mort r\u00e9current : l\u2019entreprise investit dans le recrutement, la formation, les process\u2026 puis laisse filer le lien au moment du d\u00e9part, avec une perte de savoir et d\u2019influence qui se paie en silence. Il se sp\u00e9cialise alors sur les communaut\u00e9s d\u2019alumni, le mentorat, l\u2019entraide interg\u00e9n\u00e9rationnelle et la transmission d\u2019expertise. Il passe du \u201cconstat\u201d aux m\u00e9thodes : animation, gouvernance, segmentation, rituels, mesure d\u2019engagement, articulation avec la RSE et l\u2019employabilit\u00e9. Il interviewe DRH, responsables formation, directions d\u2019\u00e9coles, associations et fondations, avec une obsession : transformer un r\u00e9seau dormant en m\u00e9canisme utile (cooptation, mentorat, job board, entraide, \u00e9v\u00e9nements, contenus). Son style : direct, orient\u00e9 action, sans folklore. Sa conviction : une communaut\u00e9 n\u2019a pas besoin de bruit, elle a besoin de raisons de revenir.","sameAs":["https:\/\/www.alumni.space"]}]}},"_links":{"self":[{"href":"https:\/\/www.alumni.space\/it\/wp-json\/wp\/v2\/posts\/5121","targetHints":{"allow":["GET"]}}],"collection":[{"href":"https:\/\/www.alumni.space\/it\/wp-json\/wp\/v2\/posts"}],"about":[{"href":"https:\/\/www.alumni.space\/it\/wp-json\/wp\/v2\/types\/post"}],"author":[{"embeddable":true,"href":"https:\/\/www.alumni.space\/it\/wp-json\/wp\/v2\/users\/1"}],"replies":[{"embeddable":true,"href":"https:\/\/www.alumni.space\/it\/wp-json\/wp\/v2\/comments?post=5121"}],"version-history":[{"count":3,"href":"https:\/\/www.alumni.space\/it\/wp-json\/wp\/v2\/posts\/5121\/revisions"}],"predecessor-version":[{"id":6859,"href":"https:\/\/www.alumni.space\/it\/wp-json\/wp\/v2\/posts\/5121\/revisions\/6859"}],"wp:featuredmedia":[{"embeddable":true,"href":"https:\/\/www.alumni.space\/it\/wp-json\/wp\/v2\/media\/5123"}],"wp:attachment":[{"href":"https:\/\/www.alumni.space\/it\/wp-json\/wp\/v2\/media?parent=5121"}],"wp:term":[{"taxonomy":"category","embeddable":true,"href":"https:\/\/www.alumni.space\/it\/wp-json\/wp\/v2\/categories?post=5121"},{"taxonomy":"post_tag","embeddable":true,"href":"https:\/\/www.alumni.space\/it\/wp-json\/wp\/v2\/tags?post=5121"}],"curies":[{"name":"wp","href":"https:\/\/api.w.org\/{rel}","templated":true}]}}