{"id":5016,"date":"2025-08-09T22:16:19","date_gmt":"2025-08-09T22:16:19","guid":{"rendered":"https:\/\/www.alumni.space\/trasporti-e-logistica-come-prevenire-la-fuga-dei-cervelli\/"},"modified":"2026-04-02T09:19:55","modified_gmt":"2026-04-02T09:19:55","slug":"trasporti-e-logistica-come-prevenire-la-fuga-dei-cervelli","status":"publish","type":"post","link":"https:\/\/www.alumni.space\/it\/trasporti-e-logistica-come-prevenire-la-fuga-dei-cervelli\/","title":{"rendered":"Trasporti e logistica: come prevenire la fuga dei cervelli?"},"content":{"rendered":"<div id=\"ez-toc-container\" class=\"ez-toc-v2_0_82_2 counter-flat ez-toc-counter ez-toc-grey ez-toc-container-direction\">\n<div class=\"ez-toc-title-container\"><p class=\"ez-toc-title\" style=\"cursor:inherit\">In questo articolo:<\/p>\n<\/div><nav><ul class='ez-toc-list ez-toc-list-level-1 ' ><li class='ez-toc-page-1'><a class=\"ez-toc-link ez-toc-heading-1\" href=\"https:\/\/www.alumni.space\/it\/trasporti-e-logistica-come-prevenire-la-fuga-dei-cervelli\/#Trasporti_e_logistica_questioni_cruciali_per_la_sostenibilita_delle_competenze_chiave\" >Trasporti e logistica: questioni cruciali per la sostenibilit\u00e0 delle competenze chiave<\/a><\/li><li class='ez-toc-page-1'><a class=\"ez-toc-link ez-toc-heading-2\" href=\"https:\/\/www.alumni.space\/it\/trasporti-e-logistica-come-prevenire-la-fuga-dei-cervelli\/#Competenze_critiche_nel_settore_dei_trasporti_e_della_logistica_le_basi_da_preservare\" >Competenze critiche nel settore dei trasporti e della logistica: le basi da preservare<\/a><\/li><li class='ez-toc-page-1'><a class=\"ez-toc-link ez-toc-heading-3\" href=\"https:\/\/www.alumni.space\/it\/trasporti-e-logistica-come-prevenire-la-fuga-dei-cervelli\/#Perche_i_talenti_abbandonano_il_settore_capire_la_carenza_di_competenze_chiave\" >Perch\u00e9 i talenti abbandonano il settore: capire la carenza di competenze chiave<\/a><\/li><li class='ez-toc-page-1'><a class=\"ez-toc-link ez-toc-heading-4\" href=\"https:\/\/www.alumni.space\/it\/trasporti-e-logistica-come-prevenire-la-fuga-dei-cervelli\/#Strategie_efficaci_per_trattenere_le_competenze_logistiche_chiave\" >Strategie efficaci per trattenere le competenze logistiche chiave<\/a><\/li><li class='ez-toc-page-1'><a class=\"ez-toc-link ez-toc-heading-5\" href=\"https:\/\/www.alumni.space\/it\/trasporti-e-logistica-come-prevenire-la-fuga-dei-cervelli\/#Mobilita_interna_e_trasferimento_di_conoscenze_le_ve_complementari\" >Mobilit\u00e0 interna e trasferimento di conoscenze: le ve complementari<\/a><\/li><li class='ez-toc-page-1'><a class=\"ez-toc-link ez-toc-heading-6\" href=\"https:\/\/www.alumni.space\/it\/trasporti-e-logistica-come-prevenire-la-fuga-dei-cervelli\/#Costruire_una_cultura_di_impegno_sostenibile_attraverso_il_riconoscimento_e_linnovazione_delle_risorse_umane\" >Costruire una cultura di impegno sostenibile attraverso il riconoscimento e l&#8217;innovazione delle risorse umane<\/a><\/li><\/ul><\/nav><\/div>\n<h2 class=\"wp-block-heading\"><span class=\"ez-toc-section\" id=\"Trasporti_e_logistica_questioni_cruciali_per_la_sostenibilita_delle_competenze_chiave\"><\/span><strong>Trasporti e logistica:<\/strong> questioni cruciali per la sostenibilit\u00e0 delle competenze chiave<span class=\"ez-toc-section-end\"><\/span><\/h2><p>Il settore dei trasporti e della logistica \u00e8 un anello essenziale della catena di approvvigionamento globale. La crescente complessit\u00e0 dei flussi, l&#8217;innovazione tecnologica e la globalizzazione hanno imposto una maggiore richiesta di <strong>competenze chiave<\/strong>. Tuttavia, questo know-how strategico rimane fragile, esposto a una fuga massiccia verso i concorrenti o fuori dal settore. Questo fenomeno minaccia la continuit\u00e0 operativa e le prestazioni complessive delle aziende.   <\/p><p>Di conseguenza, la <strong>gestione delle risorse umane<\/strong> \u00e8 una leva essenziale per ricostruire il legame tra i dipendenti e l&#8217;organizzazione. Per prevenire la perdita di talenti \u00e8 necessario un sistema strutturato che integri <strong>formazione professionale<\/strong>, sviluppo di carriera e una pi\u00f9 forte cultura di appartenenza. <\/p><figure class=\"wp-block-image size-full\"><img decoding=\"async\" width=\"1280\" height=\"768\" src=\"https:\/\/www.alumni.space\/wp-content\/uploads\/2026\/03\/Transport-et-logistique-comment-eviter-la-fuite-des-competences-cles-1-1.jpg\" data-orig-src=\"https:\/\/www.alumni.space\/wp-content\/uploads\/2026\/03\/Transport-et-logistique-comment-eviter-la-fuite-des-competences-cles-1-1.jpg\" alt=\"scoprire strategie efficaci per trattenere le competenze chiave nel settore dei trasporti e della logistica ed evitare che se ne vadano.\" class=\"lazyload wp-image-3276\" srcset=\"data:image\/svg+xml,%3Csvg%20xmlns%3D%27http%3A%2F%2Fwww.w3.org%2F2000%2Fsvg%27%20width%3D%271280%27%20height%3D%27768%27%20viewBox%3D%270%200%201280%20768%27%3E%3Crect%20width%3D%271280%27%20height%3D%27768%27%20fill-opacity%3D%220%22%2F%3E%3C%2Fsvg%3E\" data-srcset=\"https:\/\/www.alumni.space\/wp-content\/uploads\/2026\/03\/Transport-et-logistique-comment-eviter-la-fuite-des-competences-cles-1-1-200x120.jpg 200w, https:\/\/www.alumni.space\/wp-content\/uploads\/2026\/03\/Transport-et-logistique-comment-eviter-la-fuite-des-competences-cles-1-1-300x180.jpg 300w, https:\/\/www.alumni.space\/wp-content\/uploads\/2026\/03\/Transport-et-logistique-comment-eviter-la-fuite-des-competences-cles-1-1-400x240.jpg 400w, https:\/\/www.alumni.space\/wp-content\/uploads\/2026\/03\/Transport-et-logistique-comment-eviter-la-fuite-des-competences-cles-1-1-600x360.jpg 600w, https:\/\/www.alumni.space\/wp-content\/uploads\/2026\/03\/Transport-et-logistique-comment-eviter-la-fuite-des-competences-cles-1-1-768x461.jpg 768w, https:\/\/www.alumni.space\/wp-content\/uploads\/2026\/03\/Transport-et-logistique-comment-eviter-la-fuite-des-competences-cles-1-1-800x480.jpg 800w, https:\/\/www.alumni.space\/wp-content\/uploads\/2026\/03\/Transport-et-logistique-comment-eviter-la-fuite-des-competences-cles-1-1-1024x614.jpg 1024w, https:\/\/www.alumni.space\/wp-content\/uploads\/2026\/03\/Transport-et-logistique-comment-eviter-la-fuite-des-competences-cles-1-1-1200x720.jpg 1200w, https:\/\/www.alumni.space\/wp-content\/uploads\/2026\/03\/Transport-et-logistique-comment-eviter-la-fuite-des-competences-cles-1-1.jpg 1280w\" data-sizes=\"auto\" data-orig-sizes=\"(max-width: 1280px) 100vw, 1280px\" \/><\/figure><h3 class=\"wp-block-heading\"><span class=\"ez-toc-section\" id=\"Competenze_critiche_nel_settore_dei_trasporti_e_della_logistica_le_basi_da_preservare\"><\/span><strong>Competenze critiche nel settore dei trasporti e della logistica:<\/strong> le basi da preservare<span class=\"ez-toc-section-end\"><\/span><\/h3><p>Oggi le aziende operano in un contesto in cui le funzioni logistiche richiedono un know-how tecnico avanzato e la capacit\u00e0 di adattarsi rapidamente. Ad esempio, la padronanza avanzata di sistemi computerizzati come il WMS \u00e8 diventata essenziale per orchestrare i flussi in modo efficiente. Tuttavia, queste competenze rimangono rare e concentrate, rendendo la perdita di un esperto particolarmente costosa.  <\/p><p>Inoltre, le capacit\u00e0 di gestione intermedia giocano un ruolo fondamentale. <strong>Coordinare squadre disperse, anticipare le carenze di approvvigionamento<\/strong> o gestire gli imprevisti richiede un livello di intelligenza situazionale sviluppato sul campo. Senza un continuo sviluppo delle competenze, queste qualit\u00e0 rischiano di essere erose. <\/p><p>Infine, l&#8217;esperienza nel trattare con partner esterni come vettori e fornitori \u00e8 un asset intangibile decisivo. La scomparsa di un negoziatore esperto indebolisce la reattivit\u00e0 in situazioni critiche, sottolineando l&#8217;urgenza di strutturare la trasmissione di queste conoscenze. <\/p><p>Questa dinamica viene analizzata in modo pi\u00f9 dettagliato in uno studio di settore che esplora come anticipare e preparare il settore ai cambiamenti delle <a href=\"https:\/\/www.francelogistique.fr\/2022\/05\/31\/demarche-prospective-emplois-competences-dans-le-transport-logistique-anticiper-et-preparer-la-filiere-aux-changements\/\">competenze<\/a>.<\/p><h3 class=\"wp-block-heading\"><span class=\"ez-toc-section\" id=\"Perche_i_talenti_abbandonano_il_settore_capire_la_carenza_di_competenze_chiave\"><\/span><strong>Perch\u00e9 i talenti abbandonano il settore:<\/strong> capire la carenza di competenze chiave<span class=\"ez-toc-section-end\"><\/span><\/h3><p>Le partenze volontarie sono spesso il risultato di una <strong>sensazione di mancato sviluppo della carriera<\/strong>. Il 62% dei professionisti cita l&#8217;apice raggiunto nella propria carriera come la ragione principale dell&#8217;abbandono. I compiti ripetitivi e la percezione di un riconoscimento insufficiente accentuano questi sentimenti negativi.  <\/p><p>Il settore deve anche fare i conti con una guerra attiva per i talenti. Le offerte allettanti dei concorrenti scatenano una fuga verso ambienti pi\u00f9 gratificanti. Il profilo ricercato combina competenze tecniche all&#8217;avanguardia e visione strategica, entrambe rare e preziose.  <\/p><p>Per comprendere queste dinamiche, ulteriori approfondimenti sulla <a href=\"https:\/\/www.alumni.space\/it\/in-che-modo-i-laboratori-stanno-anticipando-la-fuga-di-cervelli\/\">fuga delle competenze scientifiche e tecniche<\/a> forniscono un quadro utile per modellare piani d&#8217;azione adeguati.<\/p><h2 class=\"wp-block-heading\"><span class=\"ez-toc-section\" id=\"Strategie_efficaci_per_trattenere_le_competenze_logistiche_chiave\"><\/span><strong>Strategie efficaci<\/strong> per trattenere le competenze logistiche chiave<span class=\"ez-toc-section-end\"><\/span><\/h2><p>L&#8217;attuazione di un solido piano d&#8217;azione inizia con una mappatura dettagliata delle <strong>competenze critiche<\/strong> all&#8217;interno dei team. Questo ci permette di identificare i profili ad alto valore aggiunto e di costruire percorsi di sviluppo personalizzati. <\/p><p>Offrire chiare prospettive di sviluppo della carriera aumenta l&#8217;impegno. Dimostrare che \u00e8 possibile passare da coordinatore a manager a direttore di piattaforma motiva i dipendenti a investire il loro talento a lungo termine. Le storie di successo interne rafforzano questa visibilit\u00e0.  <\/p><p>La concessione di autonomia nell&#8217;organizzazione del lavoro aumenta il know-how esperienziale. I professionisti apprezzano la possibilit\u00e0 di innovare e adattare i propri metodi, stimolati da una fiducia concreta. Questo ambiente riduce in modo significativo il turnover del personale in posizioni strategiche.  <\/p><p>La <strong>formazione professionale<\/strong> regolare rimane un pilastro fondamentale. L&#8217;offerta di certificazioni come il CACES, cos\u00ec come di moduli avanzati che includono la gestione dei dati, la gestione dei progetti e il lean management, trasforma il modo di pensare dei dipendenti, posizionandoli come veri e propri protagonisti della performance. <\/p><p>Per saperne di pi\u00f9 sulle opzioni formative pi\u00f9 adatte, \u00e8 disponibile una risorsa che ti aiuta a scoprire le <a href=\"https:\/\/blog.xplog.fr\/formation-logistique-competences-cles\">competenze chiave da sviluppare nella logistica<\/a>.<\/p><h3 class=\"wp-block-heading\"><span class=\"ez-toc-section\" id=\"Mobilita_interna_e_trasferimento_di_conoscenze_le_ve_complementari\"><\/span><strong>Mobilit\u00e0 interna e trasferimento di conoscenze: le<\/strong> ve complementari<span class=\"ez-toc-section-end\"><\/span><\/h3><p>La mobilit\u00e0 interna \u00e8 un modo efficace per creare fedelt\u00e0. Offrire dei ponti tra le professioni favorisce le carriere preservando l&#8217;esperienza. Ad esempio, un camionista motivato pu\u00f2 assumere responsabilit\u00e0 nella pianificazione logistica grazie a un programma di formazione adeguato.  <\/p><p>Inoltre, anticipare la partenza degli esperti senior richiede un&#8217;organizzazione strutturata per il trasferimento delle conoscenze. Il reverse mentoring, in cui junior e senior co-costruiscono le competenze, sta emergendo come una pratica del futuro, in grado di migliorare sia l&#8217;esperienza che l&#8217;innovazione tecnologica. <\/p><p>Iniziative come gli abbinamenti estesi e la documentazione vivente dei processi facilitano la trasmissione di conoscenze intangibili difficili da formalizzare. Una guida dettagliata spiega come evitare la perdita di conoscenze critiche con il pensionamento, <a href=\"https:\/\/www.alumni.space\/it\/faq-alumni-mentorat\/come-possiamo-prevedere-la-perdita-di-competenze-dovuta-al-pensionamento\/\">in linea con le migliori pratiche raccomandate<\/a>. <\/p><h2 class=\"wp-block-heading\"><span class=\"ez-toc-section\" id=\"Costruire_una_cultura_di_impegno_sostenibile_attraverso_il_riconoscimento_e_linnovazione_delle_risorse_umane\"><\/span><strong>Costruire una cultura di impegno sostenibile<\/strong> attraverso il riconoscimento e l&#8217;innovazione delle risorse umane<span class=\"ez-toc-section-end\"><\/span><\/h2><p>Il riconoscimento quotidiano funge da catalizzatore per l&#8217;impegno. Gli elogi pubblici per una gestione esemplare rassicurano i team sul fatto che svolgono un ruolo essenziale. Le promozioni interne accelerate dimostrano che l&#8217;eccellenza viene premiata senza indugi, stimolando la dinamica collettiva.  <\/p><p>In questo contesto, programmi innovativi come l&#8217;anno sabbatico retribuito permettono ai dipendenti di ricaricare le batterie mantenendo i legami con l&#8217;azienda. Questo approccio incoraggia il rinnovamento delle idee e rafforza la fedelt\u00e0 nel medio termine. <\/p><p>L&#8217;integrazione di strumenti digitali per la gestione delle risorse umane fornisce una visibilit\u00e0 precisa della salute sociale dell&#8217;azienda. Gli indicatori in tempo reale rilevano i segnali deboli legati al disimpegno, consentendo interventi mirati e tempestivi. <\/p><p>Lo sviluppo di comunit\u00e0 professionali interne favorisce anche la condivisione di esperienze e la nascita di un&#8217;intelligenza collettiva. Queste reti incoraggiano il sostegno e la trasmissione reciproca, in linea con i nostri obiettivi di governance per una <strong>gestione<\/strong> ottimizzata <strong>dei talenti<\/strong>. <\/p><p>Le iniziative presentate arricchiscono il dibattito sulla <a href=\"https:\/\/www.alumni.space\/it\/come-si-imposta-un-piano-di-trasferimento-delle-competenze-aziendali\/\">trasmissione strutturata delle competenze<\/a> come leva strategica fondamentale per qualsiasi organizzazione che si trovi ad affrontare la sfida di perpetuare la conoscenza.<\/p>","protected":false},"excerpt":{"rendered":"<p>Trasporti e logistica: questioni cruciali per la sostenibilit\u00e0 delle competenze  [&#8230;]<\/p>\n","protected":false},"author":1,"featured_media":5018,"comment_status":"closed","ping_status":"","sticky":false,"template":"","format":"standard","meta":{"_ayudawp_aiss_exclude":false,"footnotes":""},"categories":[65],"tags":[],"class_list":["post-5016","post","type-post","status-publish","format-standard","has-post-thumbnail","hentry","category-risorse-umane"],"yoast_head":"<!-- This site is optimized with the Yoast SEO plugin v27.4 - https:\/\/yoast.com\/product\/yoast-seo-wordpress\/ -->\n<title>Trasporti e logistica: preservare i talenti chiave<\/title>\n<meta name=\"description\" content=\"Scopri come prevenire la fuga di talenti chiave nel settore dei trasporti e della logistica grazie a strategie efficaci di gestione delle competenze.\" \/>\n<meta name=\"robots\" content=\"index, follow, max-snippet:-1, max-image-preview:large, max-video-preview:-1\" \/>\n<link rel=\"canonical\" href=\"https:\/\/www.alumni.space\/it\/trasporti-e-logistica-come-prevenire-la-fuga-dei-cervelli\/\" \/>\n<meta property=\"og:locale\" content=\"it_IT\" \/>\n<meta property=\"og:type\" content=\"article\" \/>\n<meta property=\"og:title\" content=\"Trasporti e logistica: preservare i talenti chiave\" \/>\n<meta property=\"og:description\" content=\"Scopri come prevenire la fuga di talenti chiave nel settore dei trasporti e della logistica grazie a strategie efficaci di gestione delle competenze.\" \/>\n<meta property=\"og:url\" content=\"https:\/\/www.alumni.space\/it\/trasporti-e-logistica-come-prevenire-la-fuga-dei-cervelli\/\" \/>\n<meta property=\"og:site_name\" content=\"Alumni.space\" \/>\n<meta property=\"article:published_time\" content=\"2025-08-09T22:16:19+00:00\" \/>\n<meta property=\"article:modified_time\" content=\"2026-04-02T09:19:55+00:00\" \/>\n<meta property=\"og:image\" content=\"https:\/\/www.alumni.space\/wp-content\/uploads\/2026\/03\/Transport-et-logistique-comment-eviter-la-fuite-des-competences-cles-.jpg\" \/>\n\t<meta property=\"og:image:width\" content=\"1280\" \/>\n\t<meta property=\"og:image:height\" content=\"768\" \/>\n\t<meta property=\"og:image:type\" content=\"image\/jpeg\" \/>\n<meta name=\"author\" content=\"admin\" \/>\n<meta name=\"twitter:card\" content=\"summary_large_image\" \/>\n<meta name=\"twitter:label1\" content=\"Scritto da\" \/>\n\t<meta name=\"twitter:data1\" content=\"admin\" \/>\n\t<meta name=\"twitter:label2\" content=\"Tempo di lettura stimato\" \/>\n\t<meta name=\"twitter:data2\" content=\"5 minuti\" \/>\n<script type=\"application\/ld+json\" class=\"yoast-schema-graph\">{\"@context\":\"https:\\\/\\\/schema.org\",\"@graph\":[{\"@type\":\"Article\",\"@id\":\"https:\\\/\\\/www.alumni.space\\\/it\\\/trasporti-e-logistica-come-prevenire-la-fuga-dei-cervelli\\\/#article\",\"isPartOf\":{\"@id\":\"https:\\\/\\\/www.alumni.space\\\/it\\\/trasporti-e-logistica-come-prevenire-la-fuga-dei-cervelli\\\/\"},\"author\":{\"name\":\"admin\",\"@id\":\"https:\\\/\\\/www.alumni.space\\\/it\\\/#\\\/schema\\\/person\\\/fede362a57876edda476a61f05ce5b15\"},\"headline\":\"Trasporti e logistica: come prevenire la fuga dei cervelli?\",\"datePublished\":\"2025-08-09T22:16:19+00:00\",\"dateModified\":\"2026-04-02T09:19:55+00:00\",\"mainEntityOfPage\":{\"@id\":\"https:\\\/\\\/www.alumni.space\\\/it\\\/trasporti-e-logistica-come-prevenire-la-fuga-dei-cervelli\\\/\"},\"wordCount\":964,\"image\":{\"@id\":\"https:\\\/\\\/www.alumni.space\\\/it\\\/trasporti-e-logistica-come-prevenire-la-fuga-dei-cervelli\\\/#primaryimage\"},\"thumbnailUrl\":\"https:\\\/\\\/www.alumni.space\\\/wp-content\\\/uploads\\\/2026\\\/03\\\/Transport-et-logistique-comment-eviter-la-fuite-des-competences-cles-.jpg\",\"articleSection\":[\"Risorse umane\"],\"inLanguage\":\"it-IT\"},{\"@type\":\"WebPage\",\"@id\":\"https:\\\/\\\/www.alumni.space\\\/it\\\/trasporti-e-logistica-come-prevenire-la-fuga-dei-cervelli\\\/\",\"url\":\"https:\\\/\\\/www.alumni.space\\\/it\\\/trasporti-e-logistica-come-prevenire-la-fuga-dei-cervelli\\\/\",\"name\":\"Trasporti e logistica: preservare i talenti chiave\",\"isPartOf\":{\"@id\":\"https:\\\/\\\/www.alumni.space\\\/it\\\/#website\"},\"primaryImageOfPage\":{\"@id\":\"https:\\\/\\\/www.alumni.space\\\/it\\\/trasporti-e-logistica-come-prevenire-la-fuga-dei-cervelli\\\/#primaryimage\"},\"image\":{\"@id\":\"https:\\\/\\\/www.alumni.space\\\/it\\\/trasporti-e-logistica-come-prevenire-la-fuga-dei-cervelli\\\/#primaryimage\"},\"thumbnailUrl\":\"https:\\\/\\\/www.alumni.space\\\/wp-content\\\/uploads\\\/2026\\\/03\\\/Transport-et-logistique-comment-eviter-la-fuite-des-competences-cles-.jpg\",\"datePublished\":\"2025-08-09T22:16:19+00:00\",\"dateModified\":\"2026-04-02T09:19:55+00:00\",\"author\":{\"@id\":\"https:\\\/\\\/www.alumni.space\\\/it\\\/#\\\/schema\\\/person\\\/fede362a57876edda476a61f05ce5b15\"},\"description\":\"Scopri come prevenire la fuga di talenti chiave nel settore dei trasporti e della logistica grazie a strategie efficaci di gestione delle competenze.\",\"breadcrumb\":{\"@id\":\"https:\\\/\\\/www.alumni.space\\\/it\\\/trasporti-e-logistica-come-prevenire-la-fuga-dei-cervelli\\\/#breadcrumb\"},\"inLanguage\":\"it-IT\",\"potentialAction\":[{\"@type\":\"ReadAction\",\"target\":[\"https:\\\/\\\/www.alumni.space\\\/it\\\/trasporti-e-logistica-come-prevenire-la-fuga-dei-cervelli\\\/\"]}]},{\"@type\":\"ImageObject\",\"inLanguage\":\"it-IT\",\"@id\":\"https:\\\/\\\/www.alumni.space\\\/it\\\/trasporti-e-logistica-come-prevenire-la-fuga-dei-cervelli\\\/#primaryimage\",\"url\":\"https:\\\/\\\/www.alumni.space\\\/wp-content\\\/uploads\\\/2026\\\/03\\\/Transport-et-logistique-comment-eviter-la-fuite-des-competences-cles-.jpg\",\"contentUrl\":\"https:\\\/\\\/www.alumni.space\\\/wp-content\\\/uploads\\\/2026\\\/03\\\/Transport-et-logistique-comment-eviter-la-fuite-des-competences-cles-.jpg\",\"width\":1280,\"height\":768,\"caption\":\"scoprire strategie efficaci per trattenere i talenti chiave nel settore dei trasporti e della logistica e prevenire la fuga delle competenze chiave.\"},{\"@type\":\"BreadcrumbList\",\"@id\":\"https:\\\/\\\/www.alumni.space\\\/it\\\/trasporti-e-logistica-come-prevenire-la-fuga-dei-cervelli\\\/#breadcrumb\",\"itemListElement\":[{\"@type\":\"ListItem\",\"position\":1,\"name\":\"Home\",\"item\":\"https:\\\/\\\/www.alumni.space\\\/it\\\/piattaforma-di-mentoring-e-di-gestione-degli-alumni\\\/\"},{\"@type\":\"ListItem\",\"position\":2,\"name\":\"Trasporti e logistica: come prevenire la fuga dei cervelli?\"}]},{\"@type\":\"WebSite\",\"@id\":\"https:\\\/\\\/www.alumni.space\\\/it\\\/#website\",\"url\":\"https:\\\/\\\/www.alumni.space\\\/it\\\/\",\"name\":\"Alumni.space\",\"description\":\"My WordPress Blog\",\"potentialAction\":[{\"@type\":\"SearchAction\",\"target\":{\"@type\":\"EntryPoint\",\"urlTemplate\":\"https:\\\/\\\/www.alumni.space\\\/it\\\/?s={search_term_string}\"},\"query-input\":{\"@type\":\"PropertyValueSpecification\",\"valueRequired\":true,\"valueName\":\"search_term_string\"}}],\"inLanguage\":\"it-IT\"},{\"@type\":\"Person\",\"@id\":\"https:\\\/\\\/www.alumni.space\\\/it\\\/#\\\/schema\\\/person\\\/fede362a57876edda476a61f05ce5b15\",\"name\":\"admin\",\"image\":{\"@type\":\"ImageObject\",\"inLanguage\":\"it-IT\",\"@id\":\"https:\\\/\\\/secure.gravatar.com\\\/avatar\\\/318e234ae94f90d4d629428d6b983c08e31181c28f579e08a021180d759ea651?s=96&d=mm&r=g\",\"url\":\"https:\\\/\\\/secure.gravatar.com\\\/avatar\\\/318e234ae94f90d4d629428d6b983c08e31181c28f579e08a021180d759ea651?s=96&d=mm&r=g\",\"contentUrl\":\"https:\\\/\\\/secure.gravatar.com\\\/avatar\\\/318e234ae94f90d4d629428d6b983c08e31181c28f579e08a021180d759ea651?s=96&d=mm&r=g\",\"caption\":\"admin\"},\"description\":\"Nicolas Laustriat a construit sa sp\u00e9cialit\u00e9 sur un sujet que beaucoup d\u2019organisations d\u00e9couvrent trop tard : ce qui dispara\u00eet quand les gens partent. Dipl\u00f4m\u00e9 en conception de produit industriel, il bifurque vers le digital fin 1996, il couvre les transformations marques, RH, la fid\u00e9lisation, la marque employeur. Sur le terrain, il rep\u00e8re un angle mort r\u00e9current : l\u2019entreprise investit dans le recrutement, la formation, les process\u2026 puis laisse filer le lien au moment du d\u00e9part, avec une perte de savoir et d\u2019influence qui se paie en silence. Il se sp\u00e9cialise alors sur les communaut\u00e9s d\u2019alumni, le mentorat, l\u2019entraide interg\u00e9n\u00e9rationnelle et la transmission d\u2019expertise. Il passe du \u201cconstat\u201d aux m\u00e9thodes : animation, gouvernance, segmentation, rituels, mesure d\u2019engagement, articulation avec la RSE et l\u2019employabilit\u00e9. Il interviewe DRH, responsables formation, directions d\u2019\u00e9coles, associations et fondations, avec une obsession : transformer un r\u00e9seau dormant en m\u00e9canisme utile (cooptation, mentorat, job board, entraide, \u00e9v\u00e9nements, contenus). Son style : direct, orient\u00e9 action, sans folklore. Sa conviction : une communaut\u00e9 n\u2019a pas besoin de bruit, elle a besoin de raisons de revenir.\",\"sameAs\":[\"https:\\\/\\\/www.alumni.space\"]}]}<\/script>\n<!-- \/ Yoast SEO plugin. -->","yoast_head_json":{"title":"Trasporti e logistica: preservare i talenti chiave","description":"Scopri come prevenire la fuga di talenti chiave nel settore dei trasporti e della logistica grazie a strategie efficaci di gestione delle competenze.","robots":{"index":"index","follow":"follow","max-snippet":"max-snippet:-1","max-image-preview":"max-image-preview:large","max-video-preview":"max-video-preview:-1"},"canonical":"https:\/\/www.alumni.space\/it\/trasporti-e-logistica-come-prevenire-la-fuga-dei-cervelli\/","og_locale":"it_IT","og_type":"article","og_title":"Trasporti e logistica: preservare i talenti chiave","og_description":"Scopri come prevenire la fuga di talenti chiave nel settore dei trasporti e della logistica grazie a strategie efficaci di gestione delle competenze.","og_url":"https:\/\/www.alumni.space\/it\/trasporti-e-logistica-come-prevenire-la-fuga-dei-cervelli\/","og_site_name":"Alumni.space","article_published_time":"2025-08-09T22:16:19+00:00","article_modified_time":"2026-04-02T09:19:55+00:00","og_image":[{"width":1280,"height":768,"url":"https:\/\/www.alumni.space\/wp-content\/uploads\/2026\/03\/Transport-et-logistique-comment-eviter-la-fuite-des-competences-cles-.jpg","type":"image\/jpeg"}],"author":"admin","twitter_card":"summary_large_image","twitter_misc":{"Scritto da":"admin","Tempo di lettura stimato":"5 minuti"},"schema":{"@context":"https:\/\/schema.org","@graph":[{"@type":"Article","@id":"https:\/\/www.alumni.space\/it\/trasporti-e-logistica-come-prevenire-la-fuga-dei-cervelli\/#article","isPartOf":{"@id":"https:\/\/www.alumni.space\/it\/trasporti-e-logistica-come-prevenire-la-fuga-dei-cervelli\/"},"author":{"name":"admin","@id":"https:\/\/www.alumni.space\/it\/#\/schema\/person\/fede362a57876edda476a61f05ce5b15"},"headline":"Trasporti e logistica: come prevenire la fuga dei cervelli?","datePublished":"2025-08-09T22:16:19+00:00","dateModified":"2026-04-02T09:19:55+00:00","mainEntityOfPage":{"@id":"https:\/\/www.alumni.space\/it\/trasporti-e-logistica-come-prevenire-la-fuga-dei-cervelli\/"},"wordCount":964,"image":{"@id":"https:\/\/www.alumni.space\/it\/trasporti-e-logistica-come-prevenire-la-fuga-dei-cervelli\/#primaryimage"},"thumbnailUrl":"https:\/\/www.alumni.space\/wp-content\/uploads\/2026\/03\/Transport-et-logistique-comment-eviter-la-fuite-des-competences-cles-.jpg","articleSection":["Risorse umane"],"inLanguage":"it-IT"},{"@type":"WebPage","@id":"https:\/\/www.alumni.space\/it\/trasporti-e-logistica-come-prevenire-la-fuga-dei-cervelli\/","url":"https:\/\/www.alumni.space\/it\/trasporti-e-logistica-come-prevenire-la-fuga-dei-cervelli\/","name":"Trasporti e logistica: preservare i talenti chiave","isPartOf":{"@id":"https:\/\/www.alumni.space\/it\/#website"},"primaryImageOfPage":{"@id":"https:\/\/www.alumni.space\/it\/trasporti-e-logistica-come-prevenire-la-fuga-dei-cervelli\/#primaryimage"},"image":{"@id":"https:\/\/www.alumni.space\/it\/trasporti-e-logistica-come-prevenire-la-fuga-dei-cervelli\/#primaryimage"},"thumbnailUrl":"https:\/\/www.alumni.space\/wp-content\/uploads\/2026\/03\/Transport-et-logistique-comment-eviter-la-fuite-des-competences-cles-.jpg","datePublished":"2025-08-09T22:16:19+00:00","dateModified":"2026-04-02T09:19:55+00:00","author":{"@id":"https:\/\/www.alumni.space\/it\/#\/schema\/person\/fede362a57876edda476a61f05ce5b15"},"description":"Scopri come prevenire la fuga di talenti chiave nel settore dei trasporti e della logistica grazie a strategie efficaci di gestione delle competenze.","breadcrumb":{"@id":"https:\/\/www.alumni.space\/it\/trasporti-e-logistica-come-prevenire-la-fuga-dei-cervelli\/#breadcrumb"},"inLanguage":"it-IT","potentialAction":[{"@type":"ReadAction","target":["https:\/\/www.alumni.space\/it\/trasporti-e-logistica-come-prevenire-la-fuga-dei-cervelli\/"]}]},{"@type":"ImageObject","inLanguage":"it-IT","@id":"https:\/\/www.alumni.space\/it\/trasporti-e-logistica-come-prevenire-la-fuga-dei-cervelli\/#primaryimage","url":"https:\/\/www.alumni.space\/wp-content\/uploads\/2026\/03\/Transport-et-logistique-comment-eviter-la-fuite-des-competences-cles-.jpg","contentUrl":"https:\/\/www.alumni.space\/wp-content\/uploads\/2026\/03\/Transport-et-logistique-comment-eviter-la-fuite-des-competences-cles-.jpg","width":1280,"height":768,"caption":"scoprire strategie efficaci per trattenere i talenti chiave nel settore dei trasporti e della logistica e prevenire la fuga delle competenze chiave."},{"@type":"BreadcrumbList","@id":"https:\/\/www.alumni.space\/it\/trasporti-e-logistica-come-prevenire-la-fuga-dei-cervelli\/#breadcrumb","itemListElement":[{"@type":"ListItem","position":1,"name":"Home","item":"https:\/\/www.alumni.space\/it\/piattaforma-di-mentoring-e-di-gestione-degli-alumni\/"},{"@type":"ListItem","position":2,"name":"Trasporti e logistica: come prevenire la fuga dei cervelli?"}]},{"@type":"WebSite","@id":"https:\/\/www.alumni.space\/it\/#website","url":"https:\/\/www.alumni.space\/it\/","name":"Alumni.space","description":"My WordPress Blog","potentialAction":[{"@type":"SearchAction","target":{"@type":"EntryPoint","urlTemplate":"https:\/\/www.alumni.space\/it\/?s={search_term_string}"},"query-input":{"@type":"PropertyValueSpecification","valueRequired":true,"valueName":"search_term_string"}}],"inLanguage":"it-IT"},{"@type":"Person","@id":"https:\/\/www.alumni.space\/it\/#\/schema\/person\/fede362a57876edda476a61f05ce5b15","name":"admin","image":{"@type":"ImageObject","inLanguage":"it-IT","@id":"https:\/\/secure.gravatar.com\/avatar\/318e234ae94f90d4d629428d6b983c08e31181c28f579e08a021180d759ea651?s=96&d=mm&r=g","url":"https:\/\/secure.gravatar.com\/avatar\/318e234ae94f90d4d629428d6b983c08e31181c28f579e08a021180d759ea651?s=96&d=mm&r=g","contentUrl":"https:\/\/secure.gravatar.com\/avatar\/318e234ae94f90d4d629428d6b983c08e31181c28f579e08a021180d759ea651?s=96&d=mm&r=g","caption":"admin"},"description":"Nicolas Laustriat a construit sa sp\u00e9cialit\u00e9 sur un sujet que beaucoup d\u2019organisations d\u00e9couvrent trop tard : ce qui dispara\u00eet quand les gens partent. Dipl\u00f4m\u00e9 en conception de produit industriel, il bifurque vers le digital fin 1996, il couvre les transformations marques, RH, la fid\u00e9lisation, la marque employeur. Sur le terrain, il rep\u00e8re un angle mort r\u00e9current : l\u2019entreprise investit dans le recrutement, la formation, les process\u2026 puis laisse filer le lien au moment du d\u00e9part, avec une perte de savoir et d\u2019influence qui se paie en silence. Il se sp\u00e9cialise alors sur les communaut\u00e9s d\u2019alumni, le mentorat, l\u2019entraide interg\u00e9n\u00e9rationnelle et la transmission d\u2019expertise. Il passe du \u201cconstat\u201d aux m\u00e9thodes : animation, gouvernance, segmentation, rituels, mesure d\u2019engagement, articulation avec la RSE et l\u2019employabilit\u00e9. Il interviewe DRH, responsables formation, directions d\u2019\u00e9coles, associations et fondations, avec une obsession : transformer un r\u00e9seau dormant en m\u00e9canisme utile (cooptation, mentorat, job board, entraide, \u00e9v\u00e9nements, contenus). Son style : direct, orient\u00e9 action, sans folklore. Sa conviction : une communaut\u00e9 n\u2019a pas besoin de bruit, elle a besoin de raisons de revenir.","sameAs":["https:\/\/www.alumni.space"]}]}},"_links":{"self":[{"href":"https:\/\/www.alumni.space\/it\/wp-json\/wp\/v2\/posts\/5016","targetHints":{"allow":["GET"]}}],"collection":[{"href":"https:\/\/www.alumni.space\/it\/wp-json\/wp\/v2\/posts"}],"about":[{"href":"https:\/\/www.alumni.space\/it\/wp-json\/wp\/v2\/types\/post"}],"author":[{"embeddable":true,"href":"https:\/\/www.alumni.space\/it\/wp-json\/wp\/v2\/users\/1"}],"replies":[{"embeddable":true,"href":"https:\/\/www.alumni.space\/it\/wp-json\/wp\/v2\/comments?post=5016"}],"version-history":[{"count":2,"href":"https:\/\/www.alumni.space\/it\/wp-json\/wp\/v2\/posts\/5016\/revisions"}],"predecessor-version":[{"id":6437,"href":"https:\/\/www.alumni.space\/it\/wp-json\/wp\/v2\/posts\/5016\/revisions\/6437"}],"wp:featuredmedia":[{"embeddable":true,"href":"https:\/\/www.alumni.space\/it\/wp-json\/wp\/v2\/media\/5018"}],"wp:attachment":[{"href":"https:\/\/www.alumni.space\/it\/wp-json\/wp\/v2\/media?parent=5016"}],"wp:term":[{"taxonomy":"category","embeddable":true,"href":"https:\/\/www.alumni.space\/it\/wp-json\/wp\/v2\/categories?post=5016"},{"taxonomy":"post_tag","embeddable":true,"href":"https:\/\/www.alumni.space\/it\/wp-json\/wp\/v2\/tags?post=5016"}],"curies":[{"name":"wp","href":"https:\/\/api.w.org\/{rel}","templated":true}]}}