{"id":4901,"date":"2025-05-16T13:22:27","date_gmt":"2025-05-16T13:22:27","guid":{"rendered":"https:\/\/www.alumni.space\/ex-dipendenti-per-rafforzare-limmagine-del-tuo-marchio\/"},"modified":"2026-04-02T09:20:46","modified_gmt":"2026-04-02T09:20:46","slug":"ex-dipendenti-per-rafforzare-limmagine-del-tuo-marchio","status":"publish","type":"post","link":"https:\/\/www.alumni.space\/it\/ex-dipendenti-per-rafforzare-limmagine-del-tuo-marchio\/","title":{"rendered":"Ex dipendenti per rafforzare l&#8217;immagine del tuo marchio"},"content":{"rendered":"<p>Sommario: La mobilitazione degli <strong>ex<\/strong> dipendenti come leva strategica per rafforzare l&#8217;<strong>immagine del marchio<\/strong>, sostenere le assunzioni e consolidare il <strong>capitale umano<\/strong>.<\/p><div id=\"ez-toc-container\" class=\"ez-toc-v2_0_82_2 counter-flat ez-toc-counter ez-toc-grey ez-toc-container-direction\">\n<div class=\"ez-toc-title-container\"><p class=\"ez-toc-title\" style=\"cursor:inherit\">In questo articolo:<\/p>\n<\/div><nav><ul class='ez-toc-list ez-toc-list-level-1 ' ><li class='ez-toc-page-1'><a class=\"ez-toc-link ez-toc-heading-1\" href=\"https:\/\/www.alumni.space\/it\/ex-dipendenti-per-rafforzare-limmagine-del-tuo-marchio\/#Ex_dipendenti_una_leva_concreta_per_limmagine_del_marchio_e_il_brand_del_datore_di_lavoro\" >Ex dipendenti: una leva concreta per l&#8217;immagine del marchio e il brand del datore di lavoro<\/a><\/li><li class='ez-toc-page-1'><a class=\"ez-toc-link ez-toc-heading-2\" href=\"https:\/\/www.alumni.space\/it\/ex-dipendenti-per-rafforzare-limmagine-del-tuo-marchio\/#Mentoring_impegno_e_trasmissione_intergenerazionali\" >Mentoring, impegno e trasmissione intergenerazionali<\/a><\/li><li class='ez-toc-page-1'><a class=\"ez-toc-link ez-toc-heading-3\" href=\"https:\/\/www.alumni.space\/it\/ex-dipendenti-per-rafforzare-limmagine-del-tuo-marchio\/#Partenze_positive_e_fidelizzazione_trasformare_ogni_partenza_in_una_risorsa\" >Partenze positive e fidelizzazione: trasformare ogni partenza in una risorsa<\/a><\/li><li class='ez-toc-page-1'><a class=\"ez-toc-link ez-toc-heading-4\" href=\"https:\/\/www.alumni.space\/it\/ex-dipendenti-per-rafforzare-limmagine-del-tuo-marchio\/#Testimonianze_casi_di_studio_e_aumento_della_reputazione_aziendale\" >Testimonianze, casi di studio e aumento della reputazione aziendale<\/a><\/li><li class='ez-toc-page-1'><a class=\"ez-toc-link ez-toc-heading-5\" href=\"https:\/\/www.alumni.space\/it\/ex-dipendenti-per-rafforzare-limmagine-del-tuo-marchio\/#Organizzazione_pratica_rituali_governance_e_indicatori_per_guidare_limpatto\" >Organizzazione pratica: rituali, governance e indicatori per guidare l&#8217;impatto<\/a><\/li><\/ul><\/nav><\/div>\n<h2 class=\"wp-block-heading\"><span class=\"ez-toc-section\" id=\"Ex_dipendenti_una_leva_concreta_per_limmagine_del_marchio_e_il_brand_del_datore_di_lavoro\"><\/span>Ex dipendenti: una leva concreta per l&#8217;immagine del marchio e il <strong>brand del datore di lavoro<\/strong><span class=\"ez-toc-section-end\"><\/span><\/h2><p><strong>Gli ex dipendenti<\/strong> formano una rete vivente in grado di amplificare la <strong>reputazione dell&#8217;azienda<\/strong> al di l\u00e0 delle campagne tradizionali. La loro progressione di carriera \u00e8 una testimonianza della qualit\u00e0 dei percorsi di carriera interni e trasforma ogni singolo successo in una prova sociale credibile. <\/p><p>Atelier Nova, la start-up fittizia utilizzata in questa sede, ha creato un elenco di alumni per incoraggiare il <strong>networking<\/strong> tra i team attuali e gli alumni. Il risultato: raccomandazioni qualificate, inviti a conferenze e un maggiore interesse da parte di reclutatori esterni. <\/p><p>Key Insight: investire nella relazione post-contratto produce un ritorno d&#8217;immagine immediato e duraturo.<\/p><figure class=\"wp-block-image size-full\"><img decoding=\"async\" width=\"1344\" height=\"768\" src=\"https:\/\/www.alumni.space\/wp-content\/uploads\/2026\/03\/Des-anciens-salaries-pour-renforcer-votre-image-de-marque-2-1.jpg\" data-orig-src=\"https:\/\/www.alumni.space\/wp-content\/uploads\/2026\/03\/Des-anciens-salaries-pour-renforcer-votre-image-de-marque-2-1.jpg\" alt=\"Scopri come gli ex dipendenti possono rafforzare la credibilit\u00e0 e l'immagine del marchio della tua azienda grazie alla loro esperienza e al loro network.\" class=\"lazyload wp-image-3429\" srcset=\"data:image\/svg+xml,%3Csvg%20xmlns%3D%27http%3A%2F%2Fwww.w3.org%2F2000%2Fsvg%27%20width%3D%271344%27%20height%3D%27768%27%20viewBox%3D%270%200%201344%20768%27%3E%3Crect%20width%3D%271344%27%20height%3D%27768%27%20fill-opacity%3D%220%22%2F%3E%3C%2Fsvg%3E\" data-srcset=\"https:\/\/www.alumni.space\/wp-content\/uploads\/2026\/03\/Des-anciens-salaries-pour-renforcer-votre-image-de-marque-2-1-200x114.jpg 200w, https:\/\/www.alumni.space\/wp-content\/uploads\/2026\/03\/Des-anciens-salaries-pour-renforcer-votre-image-de-marque-2-1-300x171.jpg 300w, https:\/\/www.alumni.space\/wp-content\/uploads\/2026\/03\/Des-anciens-salaries-pour-renforcer-votre-image-de-marque-2-1-400x229.jpg 400w, https:\/\/www.alumni.space\/wp-content\/uploads\/2026\/03\/Des-anciens-salaries-pour-renforcer-votre-image-de-marque-2-1-600x343.jpg 600w, https:\/\/www.alumni.space\/wp-content\/uploads\/2026\/03\/Des-anciens-salaries-pour-renforcer-votre-image-de-marque-2-1-768x439.jpg 768w, https:\/\/www.alumni.space\/wp-content\/uploads\/2026\/03\/Des-anciens-salaries-pour-renforcer-votre-image-de-marque-2-1-800x457.jpg 800w, https:\/\/www.alumni.space\/wp-content\/uploads\/2026\/03\/Des-anciens-salaries-pour-renforcer-votre-image-de-marque-2-1-1024x585.jpg 1024w, https:\/\/www.alumni.space\/wp-content\/uploads\/2026\/03\/Des-anciens-salaries-pour-renforcer-votre-image-de-marque-2-1-1200x686.jpg 1200w, https:\/\/www.alumni.space\/wp-content\/uploads\/2026\/03\/Des-anciens-salaries-pour-renforcer-votre-image-de-marque-2-1.jpg 1344w\" data-sizes=\"auto\" data-orig-sizes=\"(max-width: 1344px) 100vw, 1344px\" \/><\/figure><h3 class=\"wp-block-heading\"><span class=\"ez-toc-section\" id=\"Mentoring_impegno_e_trasmissione_intergenerazionali\"><\/span>Mentoring, <strong>impegno<\/strong> e trasmissione intergenerazionali<span class=\"ez-toc-section-end\"><\/span><\/h3><p>Il mentoring gestito tramite una piattaforma strutturata trasforma l&#8217;esperienza dei giovani. Programmi brevi, abbinamenti mirati e accesso al feedback degli ex allievi accelerano l&#8217;inserimento e lo sviluppo delle competenze. <\/p><p>Per industrializzare questi rituali, consulta una risorsa dedicata al <a href=\"https:\/\/www.alumni.space\/it\/limpatto-del-mentoring-intergenerazionale-con-gli-ex-dipendenti\/\">mentoring intergenerazionale<\/a> per definire il ritmo e gli indicatori di impatto. Un altro riferimento per formalizzare il coinvolgimento degli alumni si trova in un file sulla strategia di influenza disponibile qui: <a href=\"https:\/\/www.alumni.space\/it\/ex-dipendenti-attori-chiave-della-tua-strategia-di-influenza\/\">piattaforma alumni.space &#8211; strategia di influenza<\/a>. <\/p><p>L&#8217;intuizione chiave: strutturare il mentoring utilizzando uno strumento evita la frammentazione degli scambi e la perdita di conoscenze.<\/p><h2 class=\"wp-block-heading\"><span class=\"ez-toc-section\" id=\"Partenze_positive_e_fidelizzazione_trasformare_ogni_partenza_in_una_risorsa\"><\/span>Partenze positive e <strong>fidelizzazione<\/strong>: trasformare ogni partenza in una risorsa<span class=\"ez-toc-section-end\"><\/span><\/h2><p>Gestire le partenze con protocolli di riconoscimento e trasferimenti organizzati riduce il rischio di perdita di conoscenza. Colloqui di uscita orientati alla capitalizzazione, documenti di passaggio e opportunit\u00e0 di reinvestimento professionale creano un circolo virtuoso. <\/p><p>Un programma formalizzato facilita il feedback &#8220;boomerang&#8221; e rafforza la fiducia dei team esistenti. Per l&#8217;implementazione operativa, la testimonianza di una societ\u00e0 di consulenza specializzata fornisce linee guida pratiche per il <a href=\"https:\/\/www.onerh.fr\/salaries-ambassadeurs-marque-employeur\/\">programma One HR<\/a> e i formati di pubblicazione. <\/p><p>Key Insight: celebrare una partenza diventa un vettore di attrattiva e la prova che il <strong>marchio del datore di lavoro<\/strong> mantiene i suoi impegni.<\/p><h3 class=\"wp-block-heading\"><span class=\"ez-toc-section\" id=\"Testimonianze_casi_di_studio_e_aumento_della_reputazione_aziendale\"><\/span>Testimonianze, casi di studio e aumento della <strong>reputazione aziendale<\/strong><span class=\"ez-toc-section-end\"><\/span><\/h3><p>Le testimonianze di ex dipendenti che hanno raggiunto posizioni chiave forniscono prove concrete del potenziale di aumento delle responsabilit\u00e0. Evidenziare questi percorsi di carriera in formati brevi rafforza la <strong>comunicazione esterna<\/strong> e conferisce credibilit\u00e0 alle offerte di lavoro. <\/p><p>Un dossier settoriale sull&#8217;impatto degli ex dipendenti sulla reputazione offre quadri di riferimento e casi di studio pratici: <a href=\"https:\/\/corporatealumni.fr\/anciens-collaborateurs-reputation-entreprise\/\">risorsa Corporate Alumni<\/a>. Per una rapida integrazione tecnica, viene utilizzata una soluzione SaaS per centralizzare i profili, gli eventi e il mentoring, evitando fogli di calcolo sparsi. <\/p><p>Key Insight: la prova sociale e i casi di studio accelerano le decisioni di assunzione e la fiducia degli investitori.<\/p><h2 class=\"wp-block-heading\"><span class=\"ez-toc-section\" id=\"Organizzazione_pratica_rituali_governance_e_indicatori_per_guidare_limpatto\"><\/span>Organizzazione pratica: rituali, governance e indicatori per guidare l&#8217;impatto<span class=\"ez-toc-section-end\"><\/span><\/h2><p>Strutturare una rete di alumni richiede la nomina di un pilota, la segmentazione dei profili e un calendario di eventi. Rituali consigliati: incontri trimestrali, webinar a tema e campagne di sponsorizzazione mirate. <\/p><p>KPI rilevanti per i decisori: tassi di coinvolgimento, ore di mentoring riportate, cooptazioni generate e feedback qualitativi sulla <strong>reputazione aziendale<\/strong>. Per industrializzare queste metriche e collegare le risorse umane, la CSR e la comunicazione, una piattaforma dedicata offre un reporting centralizzato e flussi di lavoro automatizzati, riducendo i costi amministrativi e consolidando il <strong>capitale umano<\/strong>. <\/p><p>Per trovare ispirazione su una lista di controllo per l&#8217;attivazione ed esempi pratici, consulta una risorsa operativa sul coordinamento degli ex dipendenti: gli <a href=\"https:\/\/www.alumni.space\/it\/perche-i-tuoi-ex-dipendenti-sono-i-tuoi-migliori-ambasciatori-e-mentori\/\">ambasciatori degli ex dipendenti<\/a>.<\/p><p>Key Insight: la gestione tramite KPI brevi mantiene l&#8217;allineamento tra gli obiettivi delle risorse umane e l&#8217;immagine esterna.<\/p><p>Per industrializzare l&#8217;approccio e testare un caso pilota, <a href=\"https:\/\/www.alumni.space\/it\/ex-dipendenti-attori-chiave-della-tua-strategia-di-influenza\/\">Richiedi una demo<\/a> ti permette di esplorare scenari, rituali e dashboard adattati al contesto della tua organizzazione.<\/p>","protected":false},"excerpt":{"rendered":"<p>Sommario: La mobilitazione degli ex dipendenti come leva strategica per  [&#8230;]<\/p>\n","protected":false},"author":1,"featured_media":4902,"comment_status":"closed","ping_status":"","sticky":false,"template":"","format":"standard","meta":{"_ayudawp_aiss_exclude":false,"footnotes":""},"categories":[62],"tags":[],"class_list":["post-4901","post","type-post","status-publish","format-standard","has-post-thumbnail","hentry","category-ex-studenti"],"yoast_head":"<!-- This site is optimized with the Yoast SEO plugin v27.4 - https:\/\/yoast.com\/product\/yoast-seo-wordpress\/ -->\n<title>Ex dipendenti, risorse per l&#039;immagine del tuo marchio<\/title>\n<meta name=\"description\" content=\"Migliora l&#039;immagine del tuo marchio con l&#039;esperienza di ex dipendenti impegnati e motivati per aumentare la tua reputazione.\" \/>\n<meta name=\"robots\" content=\"index, follow, max-snippet:-1, max-image-preview:large, max-video-preview:-1\" \/>\n<link rel=\"canonical\" href=\"https:\/\/www.alumni.space\/it\/ex-dipendenti-per-rafforzare-limmagine-del-tuo-marchio\/\" \/>\n<meta property=\"og:locale\" content=\"it_IT\" \/>\n<meta property=\"og:type\" content=\"article\" \/>\n<meta property=\"og:title\" content=\"Ex dipendenti, risorse per l&#039;immagine del tuo marchio\" \/>\n<meta property=\"og:description\" content=\"Migliora l&#039;immagine del tuo marchio con l&#039;esperienza di ex dipendenti impegnati e motivati per aumentare la tua reputazione.\" \/>\n<meta property=\"og:url\" content=\"https:\/\/www.alumni.space\/it\/ex-dipendenti-per-rafforzare-limmagine-del-tuo-marchio\/\" \/>\n<meta property=\"og:site_name\" content=\"Alumni.space\" \/>\n<meta property=\"article:published_time\" content=\"2025-05-16T13:22:27+00:00\" \/>\n<meta property=\"article:modified_time\" content=\"2026-04-02T09:20:46+00:00\" \/>\n<meta property=\"og:image\" content=\"https:\/\/www.alumni.space\/wp-content\/uploads\/2026\/03\/Des-anciens-salaries-pour-renforcer-votre-image-de-marque-2.jpg\" \/>\n\t<meta property=\"og:image:width\" content=\"1344\" \/>\n\t<meta property=\"og:image:height\" content=\"768\" \/>\n\t<meta property=\"og:image:type\" content=\"image\/jpeg\" \/>\n<meta name=\"author\" content=\"admin\" \/>\n<meta name=\"twitter:card\" content=\"summary_large_image\" \/>\n<meta name=\"twitter:label1\" content=\"Scritto da\" \/>\n\t<meta name=\"twitter:data1\" content=\"admin\" \/>\n\t<meta name=\"twitter:label2\" content=\"Tempo di lettura stimato\" \/>\n\t<meta name=\"twitter:data2\" content=\"3 minuti\" \/>\n<script type=\"application\/ld+json\" class=\"yoast-schema-graph\">{\"@context\":\"https:\\\/\\\/schema.org\",\"@graph\":[{\"@type\":\"Article\",\"@id\":\"https:\\\/\\\/www.alumni.space\\\/it\\\/ex-dipendenti-per-rafforzare-limmagine-del-tuo-marchio\\\/#article\",\"isPartOf\":{\"@id\":\"https:\\\/\\\/www.alumni.space\\\/it\\\/ex-dipendenti-per-rafforzare-limmagine-del-tuo-marchio\\\/\"},\"author\":{\"name\":\"admin\",\"@id\":\"https:\\\/\\\/www.alumni.space\\\/it\\\/#\\\/schema\\\/person\\\/fede362a57876edda476a61f05ce5b15\"},\"headline\":\"Ex dipendenti per rafforzare l&#8217;immagine del tuo marchio\",\"datePublished\":\"2025-05-16T13:22:27+00:00\",\"dateModified\":\"2026-04-02T09:20:46+00:00\",\"mainEntityOfPage\":{\"@id\":\"https:\\\/\\\/www.alumni.space\\\/it\\\/ex-dipendenti-per-rafforzare-limmagine-del-tuo-marchio\\\/\"},\"wordCount\":645,\"image\":{\"@id\":\"https:\\\/\\\/www.alumni.space\\\/it\\\/ex-dipendenti-per-rafforzare-limmagine-del-tuo-marchio\\\/#primaryimage\"},\"thumbnailUrl\":\"https:\\\/\\\/www.alumni.space\\\/wp-content\\\/uploads\\\/2026\\\/03\\\/Des-anciens-salaries-pour-renforcer-votre-image-de-marque-2.jpg\",\"articleSection\":[\"Ex studenti\"],\"inLanguage\":\"it-IT\"},{\"@type\":\"WebPage\",\"@id\":\"https:\\\/\\\/www.alumni.space\\\/it\\\/ex-dipendenti-per-rafforzare-limmagine-del-tuo-marchio\\\/\",\"url\":\"https:\\\/\\\/www.alumni.space\\\/it\\\/ex-dipendenti-per-rafforzare-limmagine-del-tuo-marchio\\\/\",\"name\":\"Ex dipendenti, risorse per l'immagine del tuo marchio\",\"isPartOf\":{\"@id\":\"https:\\\/\\\/www.alumni.space\\\/it\\\/#website\"},\"primaryImageOfPage\":{\"@id\":\"https:\\\/\\\/www.alumni.space\\\/it\\\/ex-dipendenti-per-rafforzare-limmagine-del-tuo-marchio\\\/#primaryimage\"},\"image\":{\"@id\":\"https:\\\/\\\/www.alumni.space\\\/it\\\/ex-dipendenti-per-rafforzare-limmagine-del-tuo-marchio\\\/#primaryimage\"},\"thumbnailUrl\":\"https:\\\/\\\/www.alumni.space\\\/wp-content\\\/uploads\\\/2026\\\/03\\\/Des-anciens-salaries-pour-renforcer-votre-image-de-marque-2.jpg\",\"datePublished\":\"2025-05-16T13:22:27+00:00\",\"dateModified\":\"2026-04-02T09:20:46+00:00\",\"author\":{\"@id\":\"https:\\\/\\\/www.alumni.space\\\/it\\\/#\\\/schema\\\/person\\\/fede362a57876edda476a61f05ce5b15\"},\"description\":\"Migliora l'immagine del tuo marchio con l'esperienza di ex dipendenti impegnati e motivati per aumentare la tua reputazione.\",\"breadcrumb\":{\"@id\":\"https:\\\/\\\/www.alumni.space\\\/it\\\/ex-dipendenti-per-rafforzare-limmagine-del-tuo-marchio\\\/#breadcrumb\"},\"inLanguage\":\"it-IT\",\"potentialAction\":[{\"@type\":\"ReadAction\",\"target\":[\"https:\\\/\\\/www.alumni.space\\\/it\\\/ex-dipendenti-per-rafforzare-limmagine-del-tuo-marchio\\\/\"]}]},{\"@type\":\"ImageObject\",\"inLanguage\":\"it-IT\",\"@id\":\"https:\\\/\\\/www.alumni.space\\\/it\\\/ex-dipendenti-per-rafforzare-limmagine-del-tuo-marchio\\\/#primaryimage\",\"url\":\"https:\\\/\\\/www.alumni.space\\\/wp-content\\\/uploads\\\/2026\\\/03\\\/Des-anciens-salaries-pour-renforcer-votre-image-de-marque-2.jpg\",\"contentUrl\":\"https:\\\/\\\/www.alumni.space\\\/wp-content\\\/uploads\\\/2026\\\/03\\\/Des-anciens-salaries-pour-renforcer-votre-image-de-marque-2.jpg\",\"width\":1344,\"height\":768,\"caption\":\"scopri come gli ex dipendenti possono diventare preziosi ambasciatori per rafforzare e migliorare l'immagine del tuo marchio.\"},{\"@type\":\"BreadcrumbList\",\"@id\":\"https:\\\/\\\/www.alumni.space\\\/it\\\/ex-dipendenti-per-rafforzare-limmagine-del-tuo-marchio\\\/#breadcrumb\",\"itemListElement\":[{\"@type\":\"ListItem\",\"position\":1,\"name\":\"Home\",\"item\":\"https:\\\/\\\/www.alumni.space\\\/it\\\/piattaforma-di-mentoring-e-di-gestione-degli-alumni\\\/\"},{\"@type\":\"ListItem\",\"position\":2,\"name\":\"Ex dipendenti per rafforzare l&#8217;immagine del tuo marchio\"}]},{\"@type\":\"WebSite\",\"@id\":\"https:\\\/\\\/www.alumni.space\\\/it\\\/#website\",\"url\":\"https:\\\/\\\/www.alumni.space\\\/it\\\/\",\"name\":\"Alumni.space\",\"description\":\"My WordPress Blog\",\"potentialAction\":[{\"@type\":\"SearchAction\",\"target\":{\"@type\":\"EntryPoint\",\"urlTemplate\":\"https:\\\/\\\/www.alumni.space\\\/it\\\/?s={search_term_string}\"},\"query-input\":{\"@type\":\"PropertyValueSpecification\",\"valueRequired\":true,\"valueName\":\"search_term_string\"}}],\"inLanguage\":\"it-IT\"},{\"@type\":\"Person\",\"@id\":\"https:\\\/\\\/www.alumni.space\\\/it\\\/#\\\/schema\\\/person\\\/fede362a57876edda476a61f05ce5b15\",\"name\":\"admin\",\"image\":{\"@type\":\"ImageObject\",\"inLanguage\":\"it-IT\",\"@id\":\"https:\\\/\\\/secure.gravatar.com\\\/avatar\\\/318e234ae94f90d4d629428d6b983c08e31181c28f579e08a021180d759ea651?s=96&d=mm&r=g\",\"url\":\"https:\\\/\\\/secure.gravatar.com\\\/avatar\\\/318e234ae94f90d4d629428d6b983c08e31181c28f579e08a021180d759ea651?s=96&d=mm&r=g\",\"contentUrl\":\"https:\\\/\\\/secure.gravatar.com\\\/avatar\\\/318e234ae94f90d4d629428d6b983c08e31181c28f579e08a021180d759ea651?s=96&d=mm&r=g\",\"caption\":\"admin\"},\"description\":\"Nicolas Laustriat a construit sa sp\u00e9cialit\u00e9 sur un sujet que beaucoup d\u2019organisations d\u00e9couvrent trop tard : ce qui dispara\u00eet quand les gens partent. Dipl\u00f4m\u00e9 en conception de produit industriel, il bifurque vers le digital fin 1996, il couvre les transformations marques, RH, la fid\u00e9lisation, la marque employeur. Sur le terrain, il rep\u00e8re un angle mort r\u00e9current : l\u2019entreprise investit dans le recrutement, la formation, les process\u2026 puis laisse filer le lien au moment du d\u00e9part, avec une perte de savoir et d\u2019influence qui se paie en silence. Il se sp\u00e9cialise alors sur les communaut\u00e9s d\u2019alumni, le mentorat, l\u2019entraide interg\u00e9n\u00e9rationnelle et la transmission d\u2019expertise. Il passe du \u201cconstat\u201d aux m\u00e9thodes : animation, gouvernance, segmentation, rituels, mesure d\u2019engagement, articulation avec la RSE et l\u2019employabilit\u00e9. Il interviewe DRH, responsables formation, directions d\u2019\u00e9coles, associations et fondations, avec une obsession : transformer un r\u00e9seau dormant en m\u00e9canisme utile (cooptation, mentorat, job board, entraide, \u00e9v\u00e9nements, contenus). Son style : direct, orient\u00e9 action, sans folklore. Sa conviction : une communaut\u00e9 n\u2019a pas besoin de bruit, elle a besoin de raisons de revenir.\",\"sameAs\":[\"https:\\\/\\\/www.alumni.space\"]}]}<\/script>\n<!-- \/ Yoast SEO plugin. -->","yoast_head_json":{"title":"Ex dipendenti, risorse per l'immagine del tuo marchio","description":"Migliora l'immagine del tuo marchio con l'esperienza di ex dipendenti impegnati e motivati per aumentare la tua reputazione.","robots":{"index":"index","follow":"follow","max-snippet":"max-snippet:-1","max-image-preview":"max-image-preview:large","max-video-preview":"max-video-preview:-1"},"canonical":"https:\/\/www.alumni.space\/it\/ex-dipendenti-per-rafforzare-limmagine-del-tuo-marchio\/","og_locale":"it_IT","og_type":"article","og_title":"Ex dipendenti, risorse per l'immagine del tuo marchio","og_description":"Migliora l'immagine del tuo marchio con l'esperienza di ex dipendenti impegnati e motivati per aumentare la tua reputazione.","og_url":"https:\/\/www.alumni.space\/it\/ex-dipendenti-per-rafforzare-limmagine-del-tuo-marchio\/","og_site_name":"Alumni.space","article_published_time":"2025-05-16T13:22:27+00:00","article_modified_time":"2026-04-02T09:20:46+00:00","og_image":[{"width":1344,"height":768,"url":"https:\/\/www.alumni.space\/wp-content\/uploads\/2026\/03\/Des-anciens-salaries-pour-renforcer-votre-image-de-marque-2.jpg","type":"image\/jpeg"}],"author":"admin","twitter_card":"summary_large_image","twitter_misc":{"Scritto da":"admin","Tempo di lettura stimato":"3 minuti"},"schema":{"@context":"https:\/\/schema.org","@graph":[{"@type":"Article","@id":"https:\/\/www.alumni.space\/it\/ex-dipendenti-per-rafforzare-limmagine-del-tuo-marchio\/#article","isPartOf":{"@id":"https:\/\/www.alumni.space\/it\/ex-dipendenti-per-rafforzare-limmagine-del-tuo-marchio\/"},"author":{"name":"admin","@id":"https:\/\/www.alumni.space\/it\/#\/schema\/person\/fede362a57876edda476a61f05ce5b15"},"headline":"Ex dipendenti per rafforzare l&#8217;immagine del tuo marchio","datePublished":"2025-05-16T13:22:27+00:00","dateModified":"2026-04-02T09:20:46+00:00","mainEntityOfPage":{"@id":"https:\/\/www.alumni.space\/it\/ex-dipendenti-per-rafforzare-limmagine-del-tuo-marchio\/"},"wordCount":645,"image":{"@id":"https:\/\/www.alumni.space\/it\/ex-dipendenti-per-rafforzare-limmagine-del-tuo-marchio\/#primaryimage"},"thumbnailUrl":"https:\/\/www.alumni.space\/wp-content\/uploads\/2026\/03\/Des-anciens-salaries-pour-renforcer-votre-image-de-marque-2.jpg","articleSection":["Ex studenti"],"inLanguage":"it-IT"},{"@type":"WebPage","@id":"https:\/\/www.alumni.space\/it\/ex-dipendenti-per-rafforzare-limmagine-del-tuo-marchio\/","url":"https:\/\/www.alumni.space\/it\/ex-dipendenti-per-rafforzare-limmagine-del-tuo-marchio\/","name":"Ex dipendenti, risorse per l'immagine del tuo marchio","isPartOf":{"@id":"https:\/\/www.alumni.space\/it\/#website"},"primaryImageOfPage":{"@id":"https:\/\/www.alumni.space\/it\/ex-dipendenti-per-rafforzare-limmagine-del-tuo-marchio\/#primaryimage"},"image":{"@id":"https:\/\/www.alumni.space\/it\/ex-dipendenti-per-rafforzare-limmagine-del-tuo-marchio\/#primaryimage"},"thumbnailUrl":"https:\/\/www.alumni.space\/wp-content\/uploads\/2026\/03\/Des-anciens-salaries-pour-renforcer-votre-image-de-marque-2.jpg","datePublished":"2025-05-16T13:22:27+00:00","dateModified":"2026-04-02T09:20:46+00:00","author":{"@id":"https:\/\/www.alumni.space\/it\/#\/schema\/person\/fede362a57876edda476a61f05ce5b15"},"description":"Migliora l'immagine del tuo marchio con l'esperienza di ex dipendenti impegnati e motivati per aumentare la tua reputazione.","breadcrumb":{"@id":"https:\/\/www.alumni.space\/it\/ex-dipendenti-per-rafforzare-limmagine-del-tuo-marchio\/#breadcrumb"},"inLanguage":"it-IT","potentialAction":[{"@type":"ReadAction","target":["https:\/\/www.alumni.space\/it\/ex-dipendenti-per-rafforzare-limmagine-del-tuo-marchio\/"]}]},{"@type":"ImageObject","inLanguage":"it-IT","@id":"https:\/\/www.alumni.space\/it\/ex-dipendenti-per-rafforzare-limmagine-del-tuo-marchio\/#primaryimage","url":"https:\/\/www.alumni.space\/wp-content\/uploads\/2026\/03\/Des-anciens-salaries-pour-renforcer-votre-image-de-marque-2.jpg","contentUrl":"https:\/\/www.alumni.space\/wp-content\/uploads\/2026\/03\/Des-anciens-salaries-pour-renforcer-votre-image-de-marque-2.jpg","width":1344,"height":768,"caption":"scopri come gli ex dipendenti possono diventare preziosi ambasciatori per rafforzare e migliorare l'immagine del tuo marchio."},{"@type":"BreadcrumbList","@id":"https:\/\/www.alumni.space\/it\/ex-dipendenti-per-rafforzare-limmagine-del-tuo-marchio\/#breadcrumb","itemListElement":[{"@type":"ListItem","position":1,"name":"Home","item":"https:\/\/www.alumni.space\/it\/piattaforma-di-mentoring-e-di-gestione-degli-alumni\/"},{"@type":"ListItem","position":2,"name":"Ex dipendenti per rafforzare l&#8217;immagine del tuo marchio"}]},{"@type":"WebSite","@id":"https:\/\/www.alumni.space\/it\/#website","url":"https:\/\/www.alumni.space\/it\/","name":"Alumni.space","description":"My WordPress Blog","potentialAction":[{"@type":"SearchAction","target":{"@type":"EntryPoint","urlTemplate":"https:\/\/www.alumni.space\/it\/?s={search_term_string}"},"query-input":{"@type":"PropertyValueSpecification","valueRequired":true,"valueName":"search_term_string"}}],"inLanguage":"it-IT"},{"@type":"Person","@id":"https:\/\/www.alumni.space\/it\/#\/schema\/person\/fede362a57876edda476a61f05ce5b15","name":"admin","image":{"@type":"ImageObject","inLanguage":"it-IT","@id":"https:\/\/secure.gravatar.com\/avatar\/318e234ae94f90d4d629428d6b983c08e31181c28f579e08a021180d759ea651?s=96&d=mm&r=g","url":"https:\/\/secure.gravatar.com\/avatar\/318e234ae94f90d4d629428d6b983c08e31181c28f579e08a021180d759ea651?s=96&d=mm&r=g","contentUrl":"https:\/\/secure.gravatar.com\/avatar\/318e234ae94f90d4d629428d6b983c08e31181c28f579e08a021180d759ea651?s=96&d=mm&r=g","caption":"admin"},"description":"Nicolas Laustriat a construit sa sp\u00e9cialit\u00e9 sur un sujet que beaucoup d\u2019organisations d\u00e9couvrent trop tard : ce qui dispara\u00eet quand les gens partent. Dipl\u00f4m\u00e9 en conception de produit industriel, il bifurque vers le digital fin 1996, il couvre les transformations marques, RH, la fid\u00e9lisation, la marque employeur. Sur le terrain, il rep\u00e8re un angle mort r\u00e9current : l\u2019entreprise investit dans le recrutement, la formation, les process\u2026 puis laisse filer le lien au moment du d\u00e9part, avec une perte de savoir et d\u2019influence qui se paie en silence. Il se sp\u00e9cialise alors sur les communaut\u00e9s d\u2019alumni, le mentorat, l\u2019entraide interg\u00e9n\u00e9rationnelle et la transmission d\u2019expertise. Il passe du \u201cconstat\u201d aux m\u00e9thodes : animation, gouvernance, segmentation, rituels, mesure d\u2019engagement, articulation avec la RSE et l\u2019employabilit\u00e9. Il interviewe DRH, responsables formation, directions d\u2019\u00e9coles, associations et fondations, avec une obsession : transformer un r\u00e9seau dormant en m\u00e9canisme utile (cooptation, mentorat, job board, entraide, \u00e9v\u00e9nements, contenus). Son style : direct, orient\u00e9 action, sans folklore. Sa conviction : une communaut\u00e9 n\u2019a pas besoin de bruit, elle a besoin de raisons de revenir.","sameAs":["https:\/\/www.alumni.space"]}]}},"_links":{"self":[{"href":"https:\/\/www.alumni.space\/it\/wp-json\/wp\/v2\/posts\/4901","targetHints":{"allow":["GET"]}}],"collection":[{"href":"https:\/\/www.alumni.space\/it\/wp-json\/wp\/v2\/posts"}],"about":[{"href":"https:\/\/www.alumni.space\/it\/wp-json\/wp\/v2\/types\/post"}],"author":[{"embeddable":true,"href":"https:\/\/www.alumni.space\/it\/wp-json\/wp\/v2\/users\/1"}],"replies":[{"embeddable":true,"href":"https:\/\/www.alumni.space\/it\/wp-json\/wp\/v2\/comments?post=4901"}],"version-history":[{"count":5,"href":"https:\/\/www.alumni.space\/it\/wp-json\/wp\/v2\/posts\/4901\/revisions"}],"predecessor-version":[{"id":6766,"href":"https:\/\/www.alumni.space\/it\/wp-json\/wp\/v2\/posts\/4901\/revisions\/6766"}],"wp:featuredmedia":[{"embeddable":true,"href":"https:\/\/www.alumni.space\/it\/wp-json\/wp\/v2\/media\/4902"}],"wp:attachment":[{"href":"https:\/\/www.alumni.space\/it\/wp-json\/wp\/v2\/media?parent=4901"}],"wp:term":[{"taxonomy":"category","embeddable":true,"href":"https:\/\/www.alumni.space\/it\/wp-json\/wp\/v2\/categories?post=4901"},{"taxonomy":"post_tag","embeddable":true,"href":"https:\/\/www.alumni.space\/it\/wp-json\/wp\/v2\/tags?post=4901"}],"curies":[{"name":"wp","href":"https:\/\/api.w.org\/{rel}","templated":true}]}}