{"id":4883,"date":"2025-09-02T04:12:42","date_gmt":"2025-09-02T04:12:42","guid":{"rendered":"https:\/\/www.alumni.space\/limportanza-della-memoria-organizzativa-per-limitare-la-perdita-di-conoscenza\/"},"modified":"2026-03-28T10:48:53","modified_gmt":"2026-03-28T10:48:53","slug":"limportanza-della-memoria-organizzativa-per-limitare-la-perdita-di-conoscenza","status":"publish","type":"post","link":"https:\/\/www.alumni.space\/it\/limportanza-della-memoria-organizzativa-per-limitare-la-perdita-di-conoscenza\/","title":{"rendered":"L&#8217;importanza della memoria organizzativa per limitare la perdita di conoscenza"},"content":{"rendered":"<div id=\"ez-toc-container\" class=\"ez-toc-v2_0_82_2 counter-flat ez-toc-counter ez-toc-grey ez-toc-container-direction\">\n<div class=\"ez-toc-title-container\"><p class=\"ez-toc-title\" style=\"cursor:inherit\">In questo articolo:<\/p>\n<\/div><nav><ul class='ez-toc-list ez-toc-list-level-1 ' ><li class='ez-toc-page-1'><a class=\"ez-toc-link ez-toc-heading-1\" href=\"https:\/\/www.alumni.space\/it\/limportanza-della-memoria-organizzativa-per-limitare-la-perdita-di-conoscenza\/#La_memoria_organizzativa_una_leva_strategica_per_preservare_il_capitale_intellettuale\" >La memoria organizzativa: una leva strategica per preservare il capitale intellettuale<\/a><\/li><li class='ez-toc-page-1'><a class=\"ez-toc-link ez-toc-heading-2\" href=\"https:\/\/www.alumni.space\/it\/limportanza-della-memoria-organizzativa-per-limitare-la-perdita-di-conoscenza\/#Componenti_chiave_della_memoria_organizzativa_per_limitare_loblio_delle_conoscenze\" >Componenti chiave della memoria organizzativa per limitare l&#8217;oblio delle conoscenze<\/a><\/li><li class='ez-toc-page-1'><a class=\"ez-toc-link ez-toc-heading-3\" href=\"https:\/\/www.alumni.space\/it\/limportanza-della-memoria-organizzativa-per-limitare-la-perdita-di-conoscenza\/#Strumenti_e_metodi_per_strutturare_e_diffondere_efficacemente_la_memoria_aziendale\" >Strumenti e metodi per strutturare e diffondere efficacemente la memoria aziendale.<\/a><\/li><li class='ez-toc-page-1'><a class=\"ez-toc-link ez-toc-heading-4\" href=\"https:\/\/www.alumni.space\/it\/limportanza-della-memoria-organizzativa-per-limitare-la-perdita-di-conoscenza\/#Integrare_e_guidare_le_comunita_per_rafforzare_la_memoria_collettiva\" >Integrare e guidare le comunit\u00e0 per rafforzare la memoria collettiva<\/a><\/li><li class='ez-toc-page-1'><a class=\"ez-toc-link ez-toc-heading-5\" href=\"https:\/\/www.alumni.space\/it\/limportanza-della-memoria-organizzativa-per-limitare-la-perdita-di-conoscenza\/#Adottare_un_approccio_proattivo_per_garantire_il_know-how_e_migliorare_la_memoria_aziendale\" >Adottare un approccio proattivo per garantire il know-how e migliorare la memoria aziendale<\/a><\/li><\/ul><\/nav><\/div>\n<h2 class=\"wp-block-heading\"><span class=\"ez-toc-section\" id=\"La_memoria_organizzativa_una_leva_strategica_per_preservare_il_capitale_intellettuale\"><\/span>La memoria organizzativa: una leva strategica per preservare il capitale intellettuale<span class=\"ez-toc-section-end\"><\/span><\/h2><p>La <strong>memoria organizzativa<\/strong> racchiude tutte le conoscenze e il <strong>know-how<\/strong> accumulati nel tempo all&#8217;interno di un&#8217;azienda. Questo capitale intellettuale, fatto di<strong>eventi<\/strong>, <strong>decisioni<\/strong> e <strong>modelli<\/strong>, viene conservato attraverso i tre pilastri delle persone, della struttura e della cultura aziendale. In un ambiente competitivo caratterizzato da un&#8217;accelerazione del cambiamento, preservare questi asset \u00e8 essenziale per garantire la <strong>continuit\u00e0 aziendale<\/strong> e prevenire i costi nascosti associati alla <strong>perdita di conoscenza<\/strong>. Molte organizzazioni faticano ancora a gestire in modo efficace questo flusso di informazioni strategiche, spesso disperse tra file personali, procedure o archivi collettivi.   <\/p><figure class=\"wp-block-image size-full\"><img decoding=\"async\" width=\"1280\" height=\"768\" src=\"https:\/\/www.alumni.space\/wp-content\/uploads\/2026\/03\/Limportance-de-la-memoire-organisationnelle-pour-limiter-les-pertes-de-savoir-1.jpg\" data-orig-src=\"https:\/\/www.alumni.space\/wp-content\/uploads\/2026\/03\/Limportance-de-la-memoire-organisationnelle-pour-limiter-les-pertes-de-savoir-1.jpg\" alt=\"scoprire come la memoria organizzativa svolga un ruolo cruciale nel preservare la conoscenza all'interno delle aziende e nel prevenire la perdita di informazioni essenziali per il loro buon funzionamento.\" class=\"lazyload wp-image-3294\" srcset=\"data:image\/svg+xml,%3Csvg%20xmlns%3D%27http%3A%2F%2Fwww.w3.org%2F2000%2Fsvg%27%20width%3D%271280%27%20height%3D%27768%27%20viewBox%3D%270%200%201280%20768%27%3E%3Crect%20width%3D%271280%27%20height%3D%27768%27%20fill-opacity%3D%220%22%2F%3E%3C%2Fsvg%3E\" data-srcset=\"https:\/\/www.alumni.space\/wp-content\/uploads\/2026\/03\/Limportance-de-la-memoire-organisationnelle-pour-limiter-les-pertes-de-savoir-1-200x120.jpg 200w, https:\/\/www.alumni.space\/wp-content\/uploads\/2026\/03\/Limportance-de-la-memoire-organisationnelle-pour-limiter-les-pertes-de-savoir-1-300x180.jpg 300w, https:\/\/www.alumni.space\/wp-content\/uploads\/2026\/03\/Limportance-de-la-memoire-organisationnelle-pour-limiter-les-pertes-de-savoir-1-400x240.jpg 400w, https:\/\/www.alumni.space\/wp-content\/uploads\/2026\/03\/Limportance-de-la-memoire-organisationnelle-pour-limiter-les-pertes-de-savoir-1-600x360.jpg 600w, https:\/\/www.alumni.space\/wp-content\/uploads\/2026\/03\/Limportance-de-la-memoire-organisationnelle-pour-limiter-les-pertes-de-savoir-1-768x461.jpg 768w, https:\/\/www.alumni.space\/wp-content\/uploads\/2026\/03\/Limportance-de-la-memoire-organisationnelle-pour-limiter-les-pertes-de-savoir-1-800x480.jpg 800w, https:\/\/www.alumni.space\/wp-content\/uploads\/2026\/03\/Limportance-de-la-memoire-organisationnelle-pour-limiter-les-pertes-de-savoir-1-1024x614.jpg 1024w, https:\/\/www.alumni.space\/wp-content\/uploads\/2026\/03\/Limportance-de-la-memoire-organisationnelle-pour-limiter-les-pertes-de-savoir-1-1200x720.jpg 1200w, https:\/\/www.alumni.space\/wp-content\/uploads\/2026\/03\/Limportance-de-la-memoire-organisationnelle-pour-limiter-les-pertes-de-savoir-1.jpg 1280w\" data-sizes=\"auto\" data-orig-sizes=\"(max-width: 1280px) 100vw, 1280px\" \/><\/figure><h3 class=\"wp-block-heading\"><span class=\"ez-toc-section\" id=\"Componenti_chiave_della_memoria_organizzativa_per_limitare_loblio_delle_conoscenze\"><\/span>Componenti chiave della memoria organizzativa per limitare l&#8217;oblio delle conoscenze<span class=\"ez-toc-section-end\"><\/span><\/h3><p>La <strong>gestione della conoscenza<\/strong> si basa sull&#8217;integrazione e sulla strutturazione delle conoscenze dei dipendenti. Ogni individuo ha una memoria interna che combina fatti osservati, esperienze vissute e rappresentazioni mentali. Se queste memorie individuali non vengono consolidate, rimangono fragili e minacciano la durata delle competenze.  <\/p><p>La struttura organizzativa gioca un ruolo fondamentale. La definizione precisa di ruoli e responsabilit\u00e0 garantisce la <strong>conservazione delle competenze<\/strong> stabilendo comportamenti e procedure standardizzate. Queste regole, incarnate in archivi e protocolli collettivi, fungono da vera e propria base per la <strong>conservazione delle informazioni<\/strong>.  <\/p><p>La cultura aziendale, spesso intrisa di schemi interpretativi taciti, influenza il modo in cui i membri percepiscono ed elaborano la conoscenza condivisa. Un ambiente culturale forte facilita il coordinamento, rendendo il trasferimento della conoscenza pi\u00f9 naturale e preservando la memoria collettiva a lungo termine. <\/p><h3 class=\"wp-block-heading\"><span class=\"ez-toc-section\" id=\"Strumenti_e_metodi_per_strutturare_e_diffondere_efficacemente_la_memoria_aziendale\"><\/span>Strumenti e metodi per strutturare e diffondere efficacemente la memoria aziendale.<span class=\"ez-toc-section-end\"><\/span><\/h3><p>Le soluzioni tecnologiche stanno emergendo come catalizzatori essenziali per industrializzare la <strong>prevenzione della perdita di conoscenza<\/strong>. Le piattaforme SaaS come alumni.space centralizzano i profili, le offerte di lavoro, gli eventi e i contenuti formativi, fornendo uno spazio sicuro per la condivisione e il supporto reciproco. Inoltre, incoraggiano il <strong>trasferimento di conoscenze<\/strong> tra generazioni, in particolare attraverso il <a href=\"https:\/\/www.alumni.space\/it\/mentoring-aumentare-limpegno-e-la-motivazione-del-team\/\">mentoring<\/a> e le coppie di esperienze.  <\/p><p>Inoltre, metodi strutturati come CommonKADS o MASK facilitano l&#8217;analisi e la modellazione della conoscenza da capitalizzare. Questi approcci metodici aiutano a evitare la compartimentazione della conoscenza, strutturando le informazioni e organizzandone la diffusione tramite intranet, portali collaborativi o sistemi di feed RSS. <\/p><h2 class=\"wp-block-heading\"><span class=\"ez-toc-section\" id=\"Integrare_e_guidare_le_comunita_per_rafforzare_la_memoria_collettiva\"><\/span>Integrare e guidare le comunit\u00e0 per rafforzare la memoria collettiva<span class=\"ez-toc-section-end\"><\/span><\/h2><p>Oltre agli strumenti, l&#8217;elemento umano rimane al centro della <strong>memoria organizzativa<\/strong>. Le iniziative di rete di ex dipendenti e mentori creano un ecosistema favorevole alla <strong>condivisione di esperienze<\/strong> e alla cooptazione. La continuit\u00e0 dei legami interpersonali facilita la circolazione delle conoscenze tacite ed esplicite, riducendo cos\u00ec il rischio di interruzione della catena di competenze.  <\/p><p>I responsabili delle decisioni, in particolare nei dipartimenti delle risorse umane, nelle associazioni e negli istituti scolastici, beneficiano di indicatori precisi sull&#8217;adozione delle pratiche di capitalizzazione. Questi KPI consentono un monitoraggio reale del tempo risparmiato e dei costi evitati. A titolo esemplificativo, alcuni settori sensibili come quello agroalimentare hanno dimostrato il valore aggiunto di un monitoraggio rigoroso del <a href=\"https:\/\/www.alumni.space\/it\/il-settore-agroalimentare-deve-affrontare-la-sfida-del-trasferimento-delle-competenze\/\">trasferimento delle conoscenze<\/a> per garantire sicurezza e conformit\u00e0.  <\/p><h3 class=\"wp-block-heading\"><span class=\"ez-toc-section\" id=\"Adottare_un_approccio_proattivo_per_garantire_il_know-how_e_migliorare_la_memoria_aziendale\"><\/span>Adottare un approccio proattivo per garantire il know-how e migliorare la memoria aziendale<span class=\"ez-toc-section-end\"><\/span><\/h3><p>\u00c8 fondamentale stabilire dei rituali regolari per raccogliere, documentare e rivedere le esperienze. La nomina di referenti per sostenere la circolazione della conoscenza, unita a un programma rigoroso di scambi, incoraggia una dinamica virtuosa. Questo lavoro strutturato limita la dipendenza da individui chiave e assicura la memoria collettiva.  <\/p><p>Per le organizzazioni che vogliono scalare, una piattaforma digitale rimane lo strumento preferito. Elimina i problemi causati dall&#8217;uso di soluzioni multiple e disperse e di fogli di calcolo non condivisi. La gestione diventa trasparente, le risorse accessibili e il consenso dei dipendenti si rafforza. In questo contesto, ogni decisore ottiene una maggiore visibilit\u00e0 sullo stato del capitale di esperienza della propria organizzazione.   <\/p><p>Questa <a href=\"https:\/\/www.questionpro.com\/blog\/fr\/la-memoire-organisationnelle-strategies-de-reussite-et-de-continuite\/\">analisi completa<\/a> offre una comprensione pi\u00f9 approfondita delle sfide e delle migliori pratiche della memoria organizzativa, con strategie collaudate e adattate a diversi settori aziendali.<\/p>","protected":false},"excerpt":{"rendered":"<p>La memoria organizzativa: una leva strategica per preservare il capitale  [&#8230;]<\/p>\n","protected":false},"author":1,"featured_media":4885,"comment_status":"closed","ping_status":"closed","sticky":false,"template":"","format":"standard","meta":{"_ayudawp_aiss_exclude":false,"footnotes":""},"categories":[64],"tags":[],"class_list":["post-4883","post","type-post","status-publish","format-standard","has-post-thumbnail","hentry","category-condivisione-delle-conoscenze"],"yoast_head":"<!-- This site is optimized with the Yoast SEO plugin v27.4 - https:\/\/yoast.com\/product\/yoast-seo-wordpress\/ -->\n<title>Memoria organizzativa: la chiave per preservare la conoscenza<\/title>\n<meta name=\"description\" content=\"Scopri come la memoria organizzativa preserva le conoscenze e limita le perdite che sono essenziali per le prestazioni e la sopravvivenza a lungo termine della tua azienda.\" \/>\n<meta name=\"robots\" content=\"index, follow, max-snippet:-1, max-image-preview:large, max-video-preview:-1\" \/>\n<link rel=\"canonical\" href=\"https:\/\/www.alumni.space\/it\/limportanza-della-memoria-organizzativa-per-limitare-la-perdita-di-conoscenza\/\" \/>\n<meta property=\"og:locale\" content=\"it_IT\" \/>\n<meta property=\"og:type\" content=\"article\" \/>\n<meta property=\"og:title\" content=\"Memoria organizzativa: la chiave per preservare la conoscenza\" \/>\n<meta property=\"og:description\" content=\"Scopri come la memoria organizzativa preserva le conoscenze e limita le perdite che sono essenziali per le prestazioni e la sopravvivenza a lungo termine della tua azienda.\" \/>\n<meta property=\"og:url\" content=\"https:\/\/www.alumni.space\/it\/limportanza-della-memoria-organizzativa-per-limitare-la-perdita-di-conoscenza\/\" \/>\n<meta property=\"og:site_name\" content=\"Alumni.space\" \/>\n<meta property=\"article:published_time\" content=\"2025-09-02T04:12:42+00:00\" \/>\n<meta property=\"article:modified_time\" content=\"2026-03-28T10:48:53+00:00\" \/>\n<meta property=\"og:image\" content=\"https:\/\/www.alumni.space\/wp-content\/uploads\/2026\/03\/Limportance-de-la-memoire-organisationnelle-pour-limiter-les-pertes-de-savoir.jpg\" \/>\n\t<meta property=\"og:image:width\" content=\"1280\" \/>\n\t<meta property=\"og:image:height\" content=\"768\" \/>\n\t<meta property=\"og:image:type\" content=\"image\/jpeg\" \/>\n<meta name=\"author\" content=\"admin\" \/>\n<meta name=\"twitter:card\" content=\"summary_large_image\" \/>\n<meta name=\"twitter:label1\" content=\"Scritto da\" \/>\n\t<meta name=\"twitter:data1\" content=\"admin\" \/>\n\t<meta name=\"twitter:label2\" content=\"Tempo di lettura stimato\" \/>\n\t<meta name=\"twitter:data2\" content=\"3 minuti\" \/>\n<script type=\"application\/ld+json\" class=\"yoast-schema-graph\">{\"@context\":\"https:\\\/\\\/schema.org\",\"@graph\":[{\"@type\":\"Article\",\"@id\":\"https:\\\/\\\/www.alumni.space\\\/it\\\/limportanza-della-memoria-organizzativa-per-limitare-la-perdita-di-conoscenza\\\/#article\",\"isPartOf\":{\"@id\":\"https:\\\/\\\/www.alumni.space\\\/it\\\/limportanza-della-memoria-organizzativa-per-limitare-la-perdita-di-conoscenza\\\/\"},\"author\":{\"name\":\"admin\",\"@id\":\"https:\\\/\\\/www.alumni.space\\\/it\\\/#\\\/schema\\\/person\\\/fede362a57876edda476a61f05ce5b15\"},\"headline\":\"L&#8217;importanza della memoria organizzativa per limitare la perdita di conoscenza\",\"datePublished\":\"2025-09-02T04:12:42+00:00\",\"dateModified\":\"2026-03-28T10:48:53+00:00\",\"mainEntityOfPage\":{\"@id\":\"https:\\\/\\\/www.alumni.space\\\/it\\\/limportanza-della-memoria-organizzativa-per-limitare-la-perdita-di-conoscenza\\\/\"},\"wordCount\":656,\"image\":{\"@id\":\"https:\\\/\\\/www.alumni.space\\\/it\\\/limportanza-della-memoria-organizzativa-per-limitare-la-perdita-di-conoscenza\\\/#primaryimage\"},\"thumbnailUrl\":\"https:\\\/\\\/www.alumni.space\\\/wp-content\\\/uploads\\\/2026\\\/03\\\/Limportance-de-la-memoire-organisationnelle-pour-limiter-les-pertes-de-savoir.jpg\",\"articleSection\":[\"Condivisione delle conoscenze\"],\"inLanguage\":\"it-IT\"},{\"@type\":\"WebPage\",\"@id\":\"https:\\\/\\\/www.alumni.space\\\/it\\\/limportanza-della-memoria-organizzativa-per-limitare-la-perdita-di-conoscenza\\\/\",\"url\":\"https:\\\/\\\/www.alumni.space\\\/it\\\/limportanza-della-memoria-organizzativa-per-limitare-la-perdita-di-conoscenza\\\/\",\"name\":\"Memoria organizzativa: la chiave per preservare la conoscenza\",\"isPartOf\":{\"@id\":\"https:\\\/\\\/www.alumni.space\\\/it\\\/#website\"},\"primaryImageOfPage\":{\"@id\":\"https:\\\/\\\/www.alumni.space\\\/it\\\/limportanza-della-memoria-organizzativa-per-limitare-la-perdita-di-conoscenza\\\/#primaryimage\"},\"image\":{\"@id\":\"https:\\\/\\\/www.alumni.space\\\/it\\\/limportanza-della-memoria-organizzativa-per-limitare-la-perdita-di-conoscenza\\\/#primaryimage\"},\"thumbnailUrl\":\"https:\\\/\\\/www.alumni.space\\\/wp-content\\\/uploads\\\/2026\\\/03\\\/Limportance-de-la-memoire-organisationnelle-pour-limiter-les-pertes-de-savoir.jpg\",\"datePublished\":\"2025-09-02T04:12:42+00:00\",\"dateModified\":\"2026-03-28T10:48:53+00:00\",\"author\":{\"@id\":\"https:\\\/\\\/www.alumni.space\\\/it\\\/#\\\/schema\\\/person\\\/fede362a57876edda476a61f05ce5b15\"},\"description\":\"Scopri come la memoria organizzativa preserva le conoscenze e limita le perdite che sono essenziali per le prestazioni e la sopravvivenza a lungo termine della tua azienda.\",\"breadcrumb\":{\"@id\":\"https:\\\/\\\/www.alumni.space\\\/it\\\/limportanza-della-memoria-organizzativa-per-limitare-la-perdita-di-conoscenza\\\/#breadcrumb\"},\"inLanguage\":\"it-IT\",\"potentialAction\":[{\"@type\":\"ReadAction\",\"target\":[\"https:\\\/\\\/www.alumni.space\\\/it\\\/limportanza-della-memoria-organizzativa-per-limitare-la-perdita-di-conoscenza\\\/\"]}]},{\"@type\":\"ImageObject\",\"inLanguage\":\"it-IT\",\"@id\":\"https:\\\/\\\/www.alumni.space\\\/it\\\/limportanza-della-memoria-organizzativa-per-limitare-la-perdita-di-conoscenza\\\/#primaryimage\",\"url\":\"https:\\\/\\\/www.alumni.space\\\/wp-content\\\/uploads\\\/2026\\\/03\\\/Limportance-de-la-memoire-organisationnelle-pour-limiter-les-pertes-de-savoir.jpg\",\"contentUrl\":\"https:\\\/\\\/www.alumni.space\\\/wp-content\\\/uploads\\\/2026\\\/03\\\/Limportance-de-la-memoire-organisationnelle-pour-limiter-les-pertes-de-savoir.jpg\",\"width\":1280,\"height\":768,\"caption\":\"Scopri come la memoria organizzativa gioca un ruolo fondamentale nel preservare la conoscenza all'interno della tua azienda e nel limitare la perdita di informazioni chiave.\"},{\"@type\":\"BreadcrumbList\",\"@id\":\"https:\\\/\\\/www.alumni.space\\\/it\\\/limportanza-della-memoria-organizzativa-per-limitare-la-perdita-di-conoscenza\\\/#breadcrumb\",\"itemListElement\":[{\"@type\":\"ListItem\",\"position\":1,\"name\":\"Home\",\"item\":\"https:\\\/\\\/www.alumni.space\\\/it\\\/piattaforma-di-mentoring-e-di-gestione-degli-alumni\\\/\"},{\"@type\":\"ListItem\",\"position\":2,\"name\":\"L&rsquo;importanza della memoria organizzativa per limitare la perdita di conoscenza\"}]},{\"@type\":\"WebSite\",\"@id\":\"https:\\\/\\\/www.alumni.space\\\/it\\\/#website\",\"url\":\"https:\\\/\\\/www.alumni.space\\\/it\\\/\",\"name\":\"Alumni.space\",\"description\":\"My WordPress Blog\",\"potentialAction\":[{\"@type\":\"SearchAction\",\"target\":{\"@type\":\"EntryPoint\",\"urlTemplate\":\"https:\\\/\\\/www.alumni.space\\\/it\\\/?s={search_term_string}\"},\"query-input\":{\"@type\":\"PropertyValueSpecification\",\"valueRequired\":true,\"valueName\":\"search_term_string\"}}],\"inLanguage\":\"it-IT\"},{\"@type\":\"Person\",\"@id\":\"https:\\\/\\\/www.alumni.space\\\/it\\\/#\\\/schema\\\/person\\\/fede362a57876edda476a61f05ce5b15\",\"name\":\"admin\",\"image\":{\"@type\":\"ImageObject\",\"inLanguage\":\"it-IT\",\"@id\":\"https:\\\/\\\/secure.gravatar.com\\\/avatar\\\/318e234ae94f90d4d629428d6b983c08e31181c28f579e08a021180d759ea651?s=96&d=mm&r=g\",\"url\":\"https:\\\/\\\/secure.gravatar.com\\\/avatar\\\/318e234ae94f90d4d629428d6b983c08e31181c28f579e08a021180d759ea651?s=96&d=mm&r=g\",\"contentUrl\":\"https:\\\/\\\/secure.gravatar.com\\\/avatar\\\/318e234ae94f90d4d629428d6b983c08e31181c28f579e08a021180d759ea651?s=96&d=mm&r=g\",\"caption\":\"admin\"},\"description\":\"Nicolas Laustriat a construit sa sp\u00e9cialit\u00e9 sur un sujet que beaucoup d\u2019organisations d\u00e9couvrent trop tard : ce qui dispara\u00eet quand les gens partent. Dipl\u00f4m\u00e9 en conception de produit industriel, il bifurque vers le digital fin 1996, il couvre les transformations marques, RH, la fid\u00e9lisation, la marque employeur. Sur le terrain, il rep\u00e8re un angle mort r\u00e9current : l\u2019entreprise investit dans le recrutement, la formation, les process\u2026 puis laisse filer le lien au moment du d\u00e9part, avec une perte de savoir et d\u2019influence qui se paie en silence. Il se sp\u00e9cialise alors sur les communaut\u00e9s d\u2019alumni, le mentorat, l\u2019entraide interg\u00e9n\u00e9rationnelle et la transmission d\u2019expertise. Il passe du \u201cconstat\u201d aux m\u00e9thodes : animation, gouvernance, segmentation, rituels, mesure d\u2019engagement, articulation avec la RSE et l\u2019employabilit\u00e9. Il interviewe DRH, responsables formation, directions d\u2019\u00e9coles, associations et fondations, avec une obsession : transformer un r\u00e9seau dormant en m\u00e9canisme utile (cooptation, mentorat, job board, entraide, \u00e9v\u00e9nements, contenus). Son style : direct, orient\u00e9 action, sans folklore. Sa conviction : une communaut\u00e9 n\u2019a pas besoin de bruit, elle a besoin de raisons de revenir.\",\"sameAs\":[\"https:\\\/\\\/www.alumni.space\"]}]}<\/script>\n<!-- \/ Yoast SEO plugin. -->","yoast_head_json":{"title":"Memoria organizzativa: la chiave per preservare la conoscenza","description":"Scopri come la memoria organizzativa preserva le conoscenze e limita le perdite che sono essenziali per le prestazioni e la sopravvivenza a lungo termine della tua azienda.","robots":{"index":"index","follow":"follow","max-snippet":"max-snippet:-1","max-image-preview":"max-image-preview:large","max-video-preview":"max-video-preview:-1"},"canonical":"https:\/\/www.alumni.space\/it\/limportanza-della-memoria-organizzativa-per-limitare-la-perdita-di-conoscenza\/","og_locale":"it_IT","og_type":"article","og_title":"Memoria organizzativa: la chiave per preservare la conoscenza","og_description":"Scopri come la memoria organizzativa preserva le conoscenze e limita le perdite che sono essenziali per le prestazioni e la sopravvivenza a lungo termine della tua azienda.","og_url":"https:\/\/www.alumni.space\/it\/limportanza-della-memoria-organizzativa-per-limitare-la-perdita-di-conoscenza\/","og_site_name":"Alumni.space","article_published_time":"2025-09-02T04:12:42+00:00","article_modified_time":"2026-03-28T10:48:53+00:00","og_image":[{"width":1280,"height":768,"url":"https:\/\/www.alumni.space\/wp-content\/uploads\/2026\/03\/Limportance-de-la-memoire-organisationnelle-pour-limiter-les-pertes-de-savoir.jpg","type":"image\/jpeg"}],"author":"admin","twitter_card":"summary_large_image","twitter_misc":{"Scritto da":"admin","Tempo di lettura stimato":"3 minuti"},"schema":{"@context":"https:\/\/schema.org","@graph":[{"@type":"Article","@id":"https:\/\/www.alumni.space\/it\/limportanza-della-memoria-organizzativa-per-limitare-la-perdita-di-conoscenza\/#article","isPartOf":{"@id":"https:\/\/www.alumni.space\/it\/limportanza-della-memoria-organizzativa-per-limitare-la-perdita-di-conoscenza\/"},"author":{"name":"admin","@id":"https:\/\/www.alumni.space\/it\/#\/schema\/person\/fede362a57876edda476a61f05ce5b15"},"headline":"L&#8217;importanza della memoria organizzativa per limitare la perdita di conoscenza","datePublished":"2025-09-02T04:12:42+00:00","dateModified":"2026-03-28T10:48:53+00:00","mainEntityOfPage":{"@id":"https:\/\/www.alumni.space\/it\/limportanza-della-memoria-organizzativa-per-limitare-la-perdita-di-conoscenza\/"},"wordCount":656,"image":{"@id":"https:\/\/www.alumni.space\/it\/limportanza-della-memoria-organizzativa-per-limitare-la-perdita-di-conoscenza\/#primaryimage"},"thumbnailUrl":"https:\/\/www.alumni.space\/wp-content\/uploads\/2026\/03\/Limportance-de-la-memoire-organisationnelle-pour-limiter-les-pertes-de-savoir.jpg","articleSection":["Condivisione delle conoscenze"],"inLanguage":"it-IT"},{"@type":"WebPage","@id":"https:\/\/www.alumni.space\/it\/limportanza-della-memoria-organizzativa-per-limitare-la-perdita-di-conoscenza\/","url":"https:\/\/www.alumni.space\/it\/limportanza-della-memoria-organizzativa-per-limitare-la-perdita-di-conoscenza\/","name":"Memoria organizzativa: la chiave per preservare la conoscenza","isPartOf":{"@id":"https:\/\/www.alumni.space\/it\/#website"},"primaryImageOfPage":{"@id":"https:\/\/www.alumni.space\/it\/limportanza-della-memoria-organizzativa-per-limitare-la-perdita-di-conoscenza\/#primaryimage"},"image":{"@id":"https:\/\/www.alumni.space\/it\/limportanza-della-memoria-organizzativa-per-limitare-la-perdita-di-conoscenza\/#primaryimage"},"thumbnailUrl":"https:\/\/www.alumni.space\/wp-content\/uploads\/2026\/03\/Limportance-de-la-memoire-organisationnelle-pour-limiter-les-pertes-de-savoir.jpg","datePublished":"2025-09-02T04:12:42+00:00","dateModified":"2026-03-28T10:48:53+00:00","author":{"@id":"https:\/\/www.alumni.space\/it\/#\/schema\/person\/fede362a57876edda476a61f05ce5b15"},"description":"Scopri come la memoria organizzativa preserva le conoscenze e limita le perdite che sono essenziali per le prestazioni e la sopravvivenza a lungo termine della tua azienda.","breadcrumb":{"@id":"https:\/\/www.alumni.space\/it\/limportanza-della-memoria-organizzativa-per-limitare-la-perdita-di-conoscenza\/#breadcrumb"},"inLanguage":"it-IT","potentialAction":[{"@type":"ReadAction","target":["https:\/\/www.alumni.space\/it\/limportanza-della-memoria-organizzativa-per-limitare-la-perdita-di-conoscenza\/"]}]},{"@type":"ImageObject","inLanguage":"it-IT","@id":"https:\/\/www.alumni.space\/it\/limportanza-della-memoria-organizzativa-per-limitare-la-perdita-di-conoscenza\/#primaryimage","url":"https:\/\/www.alumni.space\/wp-content\/uploads\/2026\/03\/Limportance-de-la-memoire-organisationnelle-pour-limiter-les-pertes-de-savoir.jpg","contentUrl":"https:\/\/www.alumni.space\/wp-content\/uploads\/2026\/03\/Limportance-de-la-memoire-organisationnelle-pour-limiter-les-pertes-de-savoir.jpg","width":1280,"height":768,"caption":"Scopri come la memoria organizzativa gioca un ruolo fondamentale nel preservare la conoscenza all'interno della tua azienda e nel limitare la perdita di informazioni chiave."},{"@type":"BreadcrumbList","@id":"https:\/\/www.alumni.space\/it\/limportanza-della-memoria-organizzativa-per-limitare-la-perdita-di-conoscenza\/#breadcrumb","itemListElement":[{"@type":"ListItem","position":1,"name":"Home","item":"https:\/\/www.alumni.space\/it\/piattaforma-di-mentoring-e-di-gestione-degli-alumni\/"},{"@type":"ListItem","position":2,"name":"L&rsquo;importanza della memoria organizzativa per limitare la perdita di conoscenza"}]},{"@type":"WebSite","@id":"https:\/\/www.alumni.space\/it\/#website","url":"https:\/\/www.alumni.space\/it\/","name":"Alumni.space","description":"My WordPress Blog","potentialAction":[{"@type":"SearchAction","target":{"@type":"EntryPoint","urlTemplate":"https:\/\/www.alumni.space\/it\/?s={search_term_string}"},"query-input":{"@type":"PropertyValueSpecification","valueRequired":true,"valueName":"search_term_string"}}],"inLanguage":"it-IT"},{"@type":"Person","@id":"https:\/\/www.alumni.space\/it\/#\/schema\/person\/fede362a57876edda476a61f05ce5b15","name":"admin","image":{"@type":"ImageObject","inLanguage":"it-IT","@id":"https:\/\/secure.gravatar.com\/avatar\/318e234ae94f90d4d629428d6b983c08e31181c28f579e08a021180d759ea651?s=96&d=mm&r=g","url":"https:\/\/secure.gravatar.com\/avatar\/318e234ae94f90d4d629428d6b983c08e31181c28f579e08a021180d759ea651?s=96&d=mm&r=g","contentUrl":"https:\/\/secure.gravatar.com\/avatar\/318e234ae94f90d4d629428d6b983c08e31181c28f579e08a021180d759ea651?s=96&d=mm&r=g","caption":"admin"},"description":"Nicolas Laustriat a construit sa sp\u00e9cialit\u00e9 sur un sujet que beaucoup d\u2019organisations d\u00e9couvrent trop tard : ce qui dispara\u00eet quand les gens partent. Dipl\u00f4m\u00e9 en conception de produit industriel, il bifurque vers le digital fin 1996, il couvre les transformations marques, RH, la fid\u00e9lisation, la marque employeur. Sur le terrain, il rep\u00e8re un angle mort r\u00e9current : l\u2019entreprise investit dans le recrutement, la formation, les process\u2026 puis laisse filer le lien au moment du d\u00e9part, avec une perte de savoir et d\u2019influence qui se paie en silence. Il se sp\u00e9cialise alors sur les communaut\u00e9s d\u2019alumni, le mentorat, l\u2019entraide interg\u00e9n\u00e9rationnelle et la transmission d\u2019expertise. Il passe du \u201cconstat\u201d aux m\u00e9thodes : animation, gouvernance, segmentation, rituels, mesure d\u2019engagement, articulation avec la RSE et l\u2019employabilit\u00e9. Il interviewe DRH, responsables formation, directions d\u2019\u00e9coles, associations et fondations, avec une obsession : transformer un r\u00e9seau dormant en m\u00e9canisme utile (cooptation, mentorat, job board, entraide, \u00e9v\u00e9nements, contenus). Son style : direct, orient\u00e9 action, sans folklore. Sa conviction : une communaut\u00e9 n\u2019a pas besoin de bruit, elle a besoin de raisons de revenir.","sameAs":["https:\/\/www.alumni.space"]}]}},"_links":{"self":[{"href":"https:\/\/www.alumni.space\/it\/wp-json\/wp\/v2\/posts\/4883","targetHints":{"allow":["GET"]}}],"collection":[{"href":"https:\/\/www.alumni.space\/it\/wp-json\/wp\/v2\/posts"}],"about":[{"href":"https:\/\/www.alumni.space\/it\/wp-json\/wp\/v2\/types\/post"}],"author":[{"embeddable":true,"href":"https:\/\/www.alumni.space\/it\/wp-json\/wp\/v2\/users\/1"}],"replies":[{"embeddable":true,"href":"https:\/\/www.alumni.space\/it\/wp-json\/wp\/v2\/comments?post=4883"}],"version-history":[{"count":2,"href":"https:\/\/www.alumni.space\/it\/wp-json\/wp\/v2\/posts\/4883\/revisions"}],"predecessor-version":[{"id":6572,"href":"https:\/\/www.alumni.space\/it\/wp-json\/wp\/v2\/posts\/4883\/revisions\/6572"}],"wp:featuredmedia":[{"embeddable":true,"href":"https:\/\/www.alumni.space\/it\/wp-json\/wp\/v2\/media\/4885"}],"wp:attachment":[{"href":"https:\/\/www.alumni.space\/it\/wp-json\/wp\/v2\/media?parent=4883"}],"wp:term":[{"taxonomy":"category","embeddable":true,"href":"https:\/\/www.alumni.space\/it\/wp-json\/wp\/v2\/categories?post=4883"},{"taxonomy":"post_tag","embeddable":true,"href":"https:\/\/www.alumni.space\/it\/wp-json\/wp\/v2\/tags?post=4883"}],"curies":[{"name":"wp","href":"https:\/\/api.w.org\/{rel}","templated":true}]}}