{"id":4784,"date":"2025-07-06T07:39:03","date_gmt":"2025-07-06T07:39:03","guid":{"rendered":"https:\/\/www.alumni.space\/le-professioni-legali-devono-affrontare-la-sfida-del-trasferimento-delle-conoscenze\/"},"modified":"2026-04-02T12:08:06","modified_gmt":"2026-04-02T12:08:06","slug":"le-professioni-legali-devono-affrontare-la-sfida-del-trasferimento-delle-conoscenze","status":"publish","type":"post","link":"https:\/\/www.alumni.space\/it\/le-professioni-legali-devono-affrontare-la-sfida-del-trasferimento-delle-conoscenze\/","title":{"rendered":"Le professioni legali devono affrontare la sfida del trasferimento delle conoscenze"},"content":{"rendered":"<div id=\"ez-toc-container\" class=\"ez-toc-v2_0_82_2 counter-flat ez-toc-counter ez-toc-grey ez-toc-container-direction\">\n<div class=\"ez-toc-title-container\"><p class=\"ez-toc-title\" style=\"cursor:inherit\">In questo articolo:<\/p>\n<\/div><nav><ul class='ez-toc-list ez-toc-list-level-1 ' ><li class='ez-toc-page-1'><a class=\"ez-toc-link ez-toc-heading-1\" href=\"https:\/\/www.alumni.space\/it\/le-professioni-legali-devono-affrontare-la-sfida-del-trasferimento-delle-conoscenze\/#Il_trasferimento_della_conoscenza_nella_professione_legale_una_sfida_strategica\" >Il trasferimento della conoscenza nella professione legale: una sfida strategica<\/a><\/li><li class='ez-toc-page-1'><a class=\"ez-toc-link ez-toc-heading-2\" href=\"https:\/\/www.alumni.space\/it\/le-professioni-legali-devono-affrontare-la-sfida-del-trasferimento-delle-conoscenze\/#Complessita_del_trasferimento_di_conoscenze_questioni_specifiche_della_professione_legale\" >Complessit\u00e0 del trasferimento di conoscenze: questioni specifiche della professione legale<\/a><\/li><li class='ez-toc-page-1'><a class=\"ez-toc-link ez-toc-heading-3\" href=\"https:\/\/www.alumni.space\/it\/le-professioni-legali-devono-affrontare-la-sfida-del-trasferimento-delle-conoscenze\/#Implementare_una_politica_efficace_di_trasferimento_della_conoscenza_digitale\" >Implementare una politica efficace di trasferimento della conoscenza digitale<\/a><\/li><li class='ez-toc-page-1'><a class=\"ez-toc-link ez-toc-heading-4\" href=\"https:\/\/www.alumni.space\/it\/le-professioni-legali-devono-affrontare-la-sfida-del-trasferimento-delle-conoscenze\/#Integrazione_del_mentoring_come_leva_per_la_continuita_e_linnovazione\" >Integrazione del mentoring come leva per la continuit\u00e0 e l&#8217;innovazione<\/a><\/li><li class='ez-toc-page-1'><a class=\"ez-toc-link ez-toc-heading-5\" href=\"https:\/\/www.alumni.space\/it\/le-professioni-legali-devono-affrontare-la-sfida-del-trasferimento-delle-conoscenze\/#Mettere_in_atto_una_dinamica_virtuosa_di_gestione_della_conoscenza_nel_diritto\" >Mettere in atto una dinamica virtuosa di gestione della conoscenza nel diritto<\/a><\/li><\/ul><\/nav><\/div>\n<h2 class=\"wp-block-heading\"><span class=\"ez-toc-section\" id=\"Il_trasferimento_della_conoscenza_nella_professione_legale_una_sfida_strategica\"><\/span>Il trasferimento della conoscenza nella professione legale: una sfida strategica<span class=\"ez-toc-section-end\"><\/span><\/h2><p>Il settore legale sta affrontando una sfida importante: <strong>preservare e trasmettere le competenze<\/strong> acquisite nel corso degli anni. La crescente complessit\u00e0 dei casi, la digitalizzazione delle conoscenze e la maggiore mobilit\u00e0 dei professionisti aumentano il <strong>rischio di perdere le competenze.<\/strong> Senza un sistema strutturato, gli studi e i dipartimenti legali subiscono le conseguenze di una <strong>memoria organizzativa indebolita<\/strong>, con un impatto diretto sulla qualit\u00e0 dei servizi e sull&#8217;agilit\u00e0 operativa.  <\/p><p>Il <strong>trasferimento delle conoscenze<\/strong> \u00e8 quindi essenziale per garantire la continuit\u00e0 e il miglioramento del servizio legale. Tuttavia, molti settori hanno ancora difficolt\u00e0 a stabilire rituali efficaci di condivisione delle conoscenze, nonostante la crescente consapevolezza della loro importanza. <\/p><figure class=\"wp-block-image size-full\"><img decoding=\"async\" width=\"1280\" height=\"768\" src=\"https:\/\/www.alumni.space\/wp-content\/uploads\/2026\/03\/Les-metiers-juridiques-confrontes-au-defi-du-transfert-des-savoirs-2-1.jpg\" data-orig-src=\"https:\/\/www.alumni.space\/wp-content\/uploads\/2026\/03\/Les-metiers-juridiques-confrontes-au-defi-du-transfert-des-savoirs-2-1.jpg\" alt=\"scoprire come le professioni legali stanno affrontando la sfida cruciale del trasferimento delle conoscenze per garantire la continuit\u00e0 delle competenze e l'efficacia delle pratiche professionali.\" class=\"lazyload wp-image-3300\" srcset=\"data:image\/svg+xml,%3Csvg%20xmlns%3D%27http%3A%2F%2Fwww.w3.org%2F2000%2Fsvg%27%20width%3D%271280%27%20height%3D%27768%27%20viewBox%3D%270%200%201280%20768%27%3E%3Crect%20width%3D%271280%27%20height%3D%27768%27%20fill-opacity%3D%220%22%2F%3E%3C%2Fsvg%3E\" data-srcset=\"https:\/\/www.alumni.space\/wp-content\/uploads\/2026\/03\/Les-metiers-juridiques-confrontes-au-defi-du-transfert-des-savoirs-2-1-200x120.jpg 200w, https:\/\/www.alumni.space\/wp-content\/uploads\/2026\/03\/Les-metiers-juridiques-confrontes-au-defi-du-transfert-des-savoirs-2-1-300x180.jpg 300w, https:\/\/www.alumni.space\/wp-content\/uploads\/2026\/03\/Les-metiers-juridiques-confrontes-au-defi-du-transfert-des-savoirs-2-1-400x240.jpg 400w, https:\/\/www.alumni.space\/wp-content\/uploads\/2026\/03\/Les-metiers-juridiques-confrontes-au-defi-du-transfert-des-savoirs-2-1-600x360.jpg 600w, https:\/\/www.alumni.space\/wp-content\/uploads\/2026\/03\/Les-metiers-juridiques-confrontes-au-defi-du-transfert-des-savoirs-2-1-768x461.jpg 768w, https:\/\/www.alumni.space\/wp-content\/uploads\/2026\/03\/Les-metiers-juridiques-confrontes-au-defi-du-transfert-des-savoirs-2-1-800x480.jpg 800w, https:\/\/www.alumni.space\/wp-content\/uploads\/2026\/03\/Les-metiers-juridiques-confrontes-au-defi-du-transfert-des-savoirs-2-1-1024x614.jpg 1024w, https:\/\/www.alumni.space\/wp-content\/uploads\/2026\/03\/Les-metiers-juridiques-confrontes-au-defi-du-transfert-des-savoirs-2-1-1200x720.jpg 1200w, https:\/\/www.alumni.space\/wp-content\/uploads\/2026\/03\/Les-metiers-juridiques-confrontes-au-defi-du-transfert-des-savoirs-2-1.jpg 1280w\" data-sizes=\"auto\" data-orig-sizes=\"(max-width: 1280px) 100vw, 1280px\" \/><\/figure><h3 class=\"wp-block-heading\"><span class=\"ez-toc-section\" id=\"Complessita_del_trasferimento_di_conoscenze_questioni_specifiche_della_professione_legale\"><\/span>Complessit\u00e0 del trasferimento di conoscenze: questioni specifiche della professione legale<span class=\"ez-toc-section-end\"><\/span><\/h3><p>Nella professione legale, la competenza non si basa solo sulle conoscenze tecniche ma anche su una forte dimensione di esperienza contestuale. La trasmissione delle conoscenze include quindi la padronanza di casi delicati, la comprensione delle procedure interne e l&#8217;adattamento alle strategie dei clienti. Questo contesto amplifica le sfide del trasferimento, soprattutto in considerazione del cambiamento della piramide dell&#8217;et\u00e0, che comporta la necessit\u00e0 di sostituire rapidamente i team.  <\/p><p>La gestione delle conoscenze legali deve incorporare strumenti e processi adeguati. Questo va oltre la <strong>formazione legale<\/strong> iniziale e comprende un apprendimento organizzativo pi\u00f9 ampio, che include il mentoring e gli scambi intergenerazionali. In mancanza di ci\u00f2, la perdita di conoscenze si accompagna a un deterioramento del capitale di esperienza e alla difficolt\u00e0 di garantire un&#8217;integrazione fluida dei nuovi talenti.  <\/p><h3 class=\"wp-block-heading\"><span class=\"ez-toc-section\" id=\"Implementare_una_politica_efficace_di_trasferimento_della_conoscenza_digitale\"><\/span>Implementare una politica efficace di trasferimento della conoscenza digitale<span class=\"ez-toc-section-end\"><\/span><\/h3><p>La digitalizzazione della conoscenza sta rivoluzionando il modo in cui le informazioni circolano negli studi e nei dipartimenti legali. L&#8217;adozione di una piattaforma SaaS dedicata alla gestione e all&#8217;animazione delle comunit\u00e0, come<a href=\"https:\/\/www.alumni.space\/it\/come-si-imposta-un-piano-di-trasferimento-delle-competenze-aziendali\/\">alumni.space<\/a>, \u00e8 una risposta strategica. La centralizzazione dei profili, la gestione delle offerte, la condivisione degli spazi e l&#8217;organizzazione di eventi facilitano l&#8217;apprendimento continuo e partecipativo.  <\/p><p>Questo tipo di strumento rafforza l&#8217;impegno dei dipendenti incoraggiando il mentoring e la condivisione delle competenze. Inoltre, consente ai responsabili delle decisioni di evitare la complessit\u00e0 dei fogli di calcolo o degli strumenti dispersi, garantendo una gestione pi\u00f9 precisa e risparmiando tempo di analisi. Per i dipartimenti HR, anticipare la piramide delle et\u00e0 diventa pi\u00f9 semplice grazie a una migliore mappatura delle competenze e al monitoraggio delle interazioni tra le generazioni.  <\/p><h3 class=\"wp-block-heading\"><span class=\"ez-toc-section\" id=\"Integrazione_del_mentoring_come_leva_per_la_continuita_e_linnovazione\"><\/span>Integrazione del mentoring come leva per la continuit\u00e0 e l&#8217;innovazione<span class=\"ez-toc-section-end\"><\/span><\/h3><p>Il mentoring svolge un ruolo centrale nella strategia di trasferimento. Al di l\u00e0 dell&#8217;aspetto formale, questa relazione stimola lo scambio personalizzato e lo sviluppo professionale. Le coppie di avvocati senior e junior incoraggiano la diffusione del know-how tacito, che spesso \u00e8 difficile da digitalizzare, e allo stesso tempo rafforzano la cultura aziendale.  <\/p><p>Un&#8217;implementazione efficace si basa su un quadro strutturato, con obiettivi chiari, un monitoraggio regolare e un riconoscimento premiante. Le aziende che adottano queste pratiche vedono spesso una riduzione del turnover del personale, una migliore integrazione e un rafforzamento della rete interna, incoraggiando cos\u00ec la cooptazione e il lavoro volontario. <\/p><p>Per i professionisti che desiderano strutturare la propria politica, risorse come le <a href=\"https:\/\/www.alumni.space\/it\/il-mentoring-come-soluzione-alla-perdita-di-conoscenza-interna\/\">migliori pratiche di mentoring<\/a> offrono linee guida concrete e operative.<\/p><h2 class=\"wp-block-heading\"><span class=\"ez-toc-section\" id=\"Mettere_in_atto_una_dinamica_virtuosa_di_gestione_della_conoscenza_nel_diritto\"><\/span>Mettere in atto una dinamica virtuosa di gestione della conoscenza nel diritto<span class=\"ez-toc-section-end\"><\/span><\/h2><p>L&#8217;implementazione di una strategia sostenibile richiede una chiara segmentazione dei ruoli, un programma di rituali appropriati e indicatori rilevanti per valutare i risultati. La creazione di una libreria di documenti, accessibile tramite una piattaforma comunitaria sicura, facilita l&#8217;autonomia dei dipendenti ed evita la duplicazione degli sforzi. <\/p><p>Un monitoraggio regolare ci permette inoltre di misurare l&#8217;adozione degli strumenti e la qualit\u00e0 degli scambi. Coinvolgendo gli attori principali &#8211; HR, manager, esperti senior e junior &#8211; questa dinamica favorisce un circolo virtuoso in cui le conoscenze si consolidano e si arricchiscono. <\/p><p>Questo tipo di approccio evita il costo invisibile associato alla perdita silenziosa di conoscenza, rafforzando allo stesso tempo l&#8217;immagine del marchio agli occhi dei talenti e dei clienti, desiderosi di evolversi in un ambiente che valorizza la <strong>condivisione delle competenze<\/strong> e l&#8217;apprendimento organizzativo.<\/p><p>Per industrializzare questo approccio, una piattaforma integrata evita le interruzioni causate dalla frammentazione degli strumenti e incoraggia un impegno duraturo nei confronti della comunit\u00e0.<\/p><p><a href=\"https:\/\/www.alumni.space\/it\/in-che-modo-le-aziende-leader-stanno-preparando-la-prossima-generazione-di-lavoratori-anziani\/\">Scoprire come anticipare il rinnovamento generazionale<\/a> diventa un passo fondamentale in questa trasformazione.<\/p>","protected":false},"excerpt":{"rendered":"<p>Il trasferimento della conoscenza nella professione legale: una sfida strategicaIl  [&#8230;]<\/p>\n","protected":false},"author":1,"featured_media":4786,"comment_status":"closed","ping_status":"closed","sticky":false,"template":"","format":"standard","meta":{"_ayudawp_aiss_exclude":false,"footnotes":""},"categories":[64],"tags":[],"class_list":["post-4784","post","type-post","status-publish","format-standard","has-post-thumbnail","hentry","category-condivisione-delle-conoscenze"],"yoast_head":"<!-- This site is optimized with the Yoast SEO plugin v27.4 - https:\/\/yoast.com\/product\/yoast-seo-wordpress\/ -->\n<title>Il trasferimento della conoscenza: una sfida importante per le professioni legali<\/title>\n<meta name=\"description\" content=\"Scopri come le professioni legali stanno affrontando la sfida essenziale del trasferimento delle conoscenze per garantire competenza e continuit\u00e0.\" \/>\n<meta name=\"robots\" content=\"index, follow, max-snippet:-1, max-image-preview:large, max-video-preview:-1\" \/>\n<link rel=\"canonical\" href=\"https:\/\/www.alumni.space\/it\/le-professioni-legali-devono-affrontare-la-sfida-del-trasferimento-delle-conoscenze\/\" \/>\n<meta property=\"og:locale\" content=\"it_IT\" \/>\n<meta property=\"og:type\" content=\"article\" \/>\n<meta property=\"og:title\" content=\"Il trasferimento della conoscenza: una sfida importante per le professioni legali\" \/>\n<meta property=\"og:description\" content=\"Scopri come le professioni legali stanno affrontando la sfida essenziale del trasferimento delle conoscenze per garantire competenza e continuit\u00e0.\" \/>\n<meta property=\"og:url\" content=\"https:\/\/www.alumni.space\/it\/le-professioni-legali-devono-affrontare-la-sfida-del-trasferimento-delle-conoscenze\/\" \/>\n<meta property=\"og:site_name\" content=\"Alumni.space\" \/>\n<meta property=\"article:published_time\" content=\"2025-07-06T07:39:03+00:00\" \/>\n<meta property=\"article:modified_time\" content=\"2026-04-02T12:08:06+00:00\" \/>\n<meta property=\"og:image\" content=\"https:\/\/www.alumni.space\/wp-content\/uploads\/2026\/03\/Les-metiers-juridiques-confrontes-au-defi-du-transfert-des-savoirs-2.jpg\" \/>\n\t<meta property=\"og:image:width\" content=\"1280\" \/>\n\t<meta property=\"og:image:height\" content=\"768\" \/>\n\t<meta property=\"og:image:type\" content=\"image\/jpeg\" \/>\n<meta name=\"author\" content=\"admin\" \/>\n<meta name=\"twitter:card\" content=\"summary_large_image\" \/>\n<meta name=\"twitter:label1\" content=\"Scritto da\" \/>\n\t<meta name=\"twitter:data1\" content=\"admin\" \/>\n\t<meta name=\"twitter:label2\" content=\"Tempo di lettura stimato\" \/>\n\t<meta name=\"twitter:data2\" content=\"3 minuti\" \/>\n<script type=\"application\/ld+json\" class=\"yoast-schema-graph\">{\"@context\":\"https:\\\/\\\/schema.org\",\"@graph\":[{\"@type\":\"Article\",\"@id\":\"https:\\\/\\\/www.alumni.space\\\/it\\\/le-professioni-legali-devono-affrontare-la-sfida-del-trasferimento-delle-conoscenze\\\/#article\",\"isPartOf\":{\"@id\":\"https:\\\/\\\/www.alumni.space\\\/it\\\/le-professioni-legali-devono-affrontare-la-sfida-del-trasferimento-delle-conoscenze\\\/\"},\"author\":{\"name\":\"admin\",\"@id\":\"https:\\\/\\\/www.alumni.space\\\/it\\\/#\\\/schema\\\/person\\\/fede362a57876edda476a61f05ce5b15\"},\"headline\":\"Le professioni legali devono affrontare la sfida del trasferimento delle conoscenze\",\"datePublished\":\"2025-07-06T07:39:03+00:00\",\"dateModified\":\"2026-04-02T12:08:06+00:00\",\"mainEntityOfPage\":{\"@id\":\"https:\\\/\\\/www.alumni.space\\\/it\\\/le-professioni-legali-devono-affrontare-la-sfida-del-trasferimento-delle-conoscenze\\\/\"},\"wordCount\":731,\"image\":{\"@id\":\"https:\\\/\\\/www.alumni.space\\\/it\\\/le-professioni-legali-devono-affrontare-la-sfida-del-trasferimento-delle-conoscenze\\\/#primaryimage\"},\"thumbnailUrl\":\"https:\\\/\\\/www.alumni.space\\\/wp-content\\\/uploads\\\/2026\\\/03\\\/Les-metiers-juridiques-confrontes-au-defi-du-transfert-des-savoirs-2.jpg\",\"articleSection\":[\"Condivisione delle conoscenze\"],\"inLanguage\":\"it-IT\"},{\"@type\":\"WebPage\",\"@id\":\"https:\\\/\\\/www.alumni.space\\\/it\\\/le-professioni-legali-devono-affrontare-la-sfida-del-trasferimento-delle-conoscenze\\\/\",\"url\":\"https:\\\/\\\/www.alumni.space\\\/it\\\/le-professioni-legali-devono-affrontare-la-sfida-del-trasferimento-delle-conoscenze\\\/\",\"name\":\"Il trasferimento della conoscenza: una sfida importante per le professioni legali\",\"isPartOf\":{\"@id\":\"https:\\\/\\\/www.alumni.space\\\/it\\\/#website\"},\"primaryImageOfPage\":{\"@id\":\"https:\\\/\\\/www.alumni.space\\\/it\\\/le-professioni-legali-devono-affrontare-la-sfida-del-trasferimento-delle-conoscenze\\\/#primaryimage\"},\"image\":{\"@id\":\"https:\\\/\\\/www.alumni.space\\\/it\\\/le-professioni-legali-devono-affrontare-la-sfida-del-trasferimento-delle-conoscenze\\\/#primaryimage\"},\"thumbnailUrl\":\"https:\\\/\\\/www.alumni.space\\\/wp-content\\\/uploads\\\/2026\\\/03\\\/Les-metiers-juridiques-confrontes-au-defi-du-transfert-des-savoirs-2.jpg\",\"datePublished\":\"2025-07-06T07:39:03+00:00\",\"dateModified\":\"2026-04-02T12:08:06+00:00\",\"author\":{\"@id\":\"https:\\\/\\\/www.alumni.space\\\/it\\\/#\\\/schema\\\/person\\\/fede362a57876edda476a61f05ce5b15\"},\"description\":\"Scopri come le professioni legali stanno affrontando la sfida essenziale del trasferimento delle conoscenze per garantire competenza e continuit\u00e0.\",\"breadcrumb\":{\"@id\":\"https:\\\/\\\/www.alumni.space\\\/it\\\/le-professioni-legali-devono-affrontare-la-sfida-del-trasferimento-delle-conoscenze\\\/#breadcrumb\"},\"inLanguage\":\"it-IT\",\"potentialAction\":[{\"@type\":\"ReadAction\",\"target\":[\"https:\\\/\\\/www.alumni.space\\\/it\\\/le-professioni-legali-devono-affrontare-la-sfida-del-trasferimento-delle-conoscenze\\\/\"]}]},{\"@type\":\"ImageObject\",\"inLanguage\":\"it-IT\",\"@id\":\"https:\\\/\\\/www.alumni.space\\\/it\\\/le-professioni-legali-devono-affrontare-la-sfida-del-trasferimento-delle-conoscenze\\\/#primaryimage\",\"url\":\"https:\\\/\\\/www.alumni.space\\\/wp-content\\\/uploads\\\/2026\\\/03\\\/Les-metiers-juridiques-confrontes-au-defi-du-transfert-des-savoirs-2.jpg\",\"contentUrl\":\"https:\\\/\\\/www.alumni.space\\\/wp-content\\\/uploads\\\/2026\\\/03\\\/Les-metiers-juridiques-confrontes-au-defi-du-transfert-des-savoirs-2.jpg\",\"width\":1280,\"height\":768,\"caption\":\"scoprire come le professioni legali stanno affrontando la sfida cruciale del trasferimento delle conoscenze per garantire che le competenze vengano trasmesse e che il settore continui a evolversi.\"},{\"@type\":\"BreadcrumbList\",\"@id\":\"https:\\\/\\\/www.alumni.space\\\/it\\\/le-professioni-legali-devono-affrontare-la-sfida-del-trasferimento-delle-conoscenze\\\/#breadcrumb\",\"itemListElement\":[{\"@type\":\"ListItem\",\"position\":1,\"name\":\"Home\",\"item\":\"https:\\\/\\\/www.alumni.space\\\/it\\\/piattaforma-di-mentoring-e-di-gestione-degli-alumni\\\/\"},{\"@type\":\"ListItem\",\"position\":2,\"name\":\"Le professioni legali devono affrontare la sfida del trasferimento delle conoscenze\"}]},{\"@type\":\"WebSite\",\"@id\":\"https:\\\/\\\/www.alumni.space\\\/it\\\/#website\",\"url\":\"https:\\\/\\\/www.alumni.space\\\/it\\\/\",\"name\":\"Alumni.space\",\"description\":\"My WordPress Blog\",\"potentialAction\":[{\"@type\":\"SearchAction\",\"target\":{\"@type\":\"EntryPoint\",\"urlTemplate\":\"https:\\\/\\\/www.alumni.space\\\/it\\\/?s={search_term_string}\"},\"query-input\":{\"@type\":\"PropertyValueSpecification\",\"valueRequired\":true,\"valueName\":\"search_term_string\"}}],\"inLanguage\":\"it-IT\"},{\"@type\":\"Person\",\"@id\":\"https:\\\/\\\/www.alumni.space\\\/it\\\/#\\\/schema\\\/person\\\/fede362a57876edda476a61f05ce5b15\",\"name\":\"admin\",\"image\":{\"@type\":\"ImageObject\",\"inLanguage\":\"it-IT\",\"@id\":\"https:\\\/\\\/secure.gravatar.com\\\/avatar\\\/318e234ae94f90d4d629428d6b983c08e31181c28f579e08a021180d759ea651?s=96&d=mm&r=g\",\"url\":\"https:\\\/\\\/secure.gravatar.com\\\/avatar\\\/318e234ae94f90d4d629428d6b983c08e31181c28f579e08a021180d759ea651?s=96&d=mm&r=g\",\"contentUrl\":\"https:\\\/\\\/secure.gravatar.com\\\/avatar\\\/318e234ae94f90d4d629428d6b983c08e31181c28f579e08a021180d759ea651?s=96&d=mm&r=g\",\"caption\":\"admin\"},\"description\":\"Nicolas Laustriat a construit sa sp\u00e9cialit\u00e9 sur un sujet que beaucoup d\u2019organisations d\u00e9couvrent trop tard : ce qui dispara\u00eet quand les gens partent. Dipl\u00f4m\u00e9 en conception de produit industriel, il bifurque vers le digital fin 1996, il couvre les transformations marques, RH, la fid\u00e9lisation, la marque employeur. Sur le terrain, il rep\u00e8re un angle mort r\u00e9current : l\u2019entreprise investit dans le recrutement, la formation, les process\u2026 puis laisse filer le lien au moment du d\u00e9part, avec une perte de savoir et d\u2019influence qui se paie en silence. Il se sp\u00e9cialise alors sur les communaut\u00e9s d\u2019alumni, le mentorat, l\u2019entraide interg\u00e9n\u00e9rationnelle et la transmission d\u2019expertise. Il passe du \u201cconstat\u201d aux m\u00e9thodes : animation, gouvernance, segmentation, rituels, mesure d\u2019engagement, articulation avec la RSE et l\u2019employabilit\u00e9. Il interviewe DRH, responsables formation, directions d\u2019\u00e9coles, associations et fondations, avec une obsession : transformer un r\u00e9seau dormant en m\u00e9canisme utile (cooptation, mentorat, job board, entraide, \u00e9v\u00e9nements, contenus). Son style : direct, orient\u00e9 action, sans folklore. Sa conviction : une communaut\u00e9 n\u2019a pas besoin de bruit, elle a besoin de raisons de revenir.\",\"sameAs\":[\"https:\\\/\\\/www.alumni.space\"]}]}<\/script>\n<!-- \/ Yoast SEO plugin. -->","yoast_head_json":{"title":"Il trasferimento della conoscenza: una sfida importante per le professioni legali","description":"Scopri come le professioni legali stanno affrontando la sfida essenziale del trasferimento delle conoscenze per garantire competenza e continuit\u00e0.","robots":{"index":"index","follow":"follow","max-snippet":"max-snippet:-1","max-image-preview":"max-image-preview:large","max-video-preview":"max-video-preview:-1"},"canonical":"https:\/\/www.alumni.space\/it\/le-professioni-legali-devono-affrontare-la-sfida-del-trasferimento-delle-conoscenze\/","og_locale":"it_IT","og_type":"article","og_title":"Il trasferimento della conoscenza: una sfida importante per le professioni legali","og_description":"Scopri come le professioni legali stanno affrontando la sfida essenziale del trasferimento delle conoscenze per garantire competenza e continuit\u00e0.","og_url":"https:\/\/www.alumni.space\/it\/le-professioni-legali-devono-affrontare-la-sfida-del-trasferimento-delle-conoscenze\/","og_site_name":"Alumni.space","article_published_time":"2025-07-06T07:39:03+00:00","article_modified_time":"2026-04-02T12:08:06+00:00","og_image":[{"width":1280,"height":768,"url":"https:\/\/www.alumni.space\/wp-content\/uploads\/2026\/03\/Les-metiers-juridiques-confrontes-au-defi-du-transfert-des-savoirs-2.jpg","type":"image\/jpeg"}],"author":"admin","twitter_card":"summary_large_image","twitter_misc":{"Scritto da":"admin","Tempo di lettura stimato":"3 minuti"},"schema":{"@context":"https:\/\/schema.org","@graph":[{"@type":"Article","@id":"https:\/\/www.alumni.space\/it\/le-professioni-legali-devono-affrontare-la-sfida-del-trasferimento-delle-conoscenze\/#article","isPartOf":{"@id":"https:\/\/www.alumni.space\/it\/le-professioni-legali-devono-affrontare-la-sfida-del-trasferimento-delle-conoscenze\/"},"author":{"name":"admin","@id":"https:\/\/www.alumni.space\/it\/#\/schema\/person\/fede362a57876edda476a61f05ce5b15"},"headline":"Le professioni legali devono affrontare la sfida del trasferimento delle conoscenze","datePublished":"2025-07-06T07:39:03+00:00","dateModified":"2026-04-02T12:08:06+00:00","mainEntityOfPage":{"@id":"https:\/\/www.alumni.space\/it\/le-professioni-legali-devono-affrontare-la-sfida-del-trasferimento-delle-conoscenze\/"},"wordCount":731,"image":{"@id":"https:\/\/www.alumni.space\/it\/le-professioni-legali-devono-affrontare-la-sfida-del-trasferimento-delle-conoscenze\/#primaryimage"},"thumbnailUrl":"https:\/\/www.alumni.space\/wp-content\/uploads\/2026\/03\/Les-metiers-juridiques-confrontes-au-defi-du-transfert-des-savoirs-2.jpg","articleSection":["Condivisione delle conoscenze"],"inLanguage":"it-IT"},{"@type":"WebPage","@id":"https:\/\/www.alumni.space\/it\/le-professioni-legali-devono-affrontare-la-sfida-del-trasferimento-delle-conoscenze\/","url":"https:\/\/www.alumni.space\/it\/le-professioni-legali-devono-affrontare-la-sfida-del-trasferimento-delle-conoscenze\/","name":"Il trasferimento della conoscenza: una sfida importante per le professioni legali","isPartOf":{"@id":"https:\/\/www.alumni.space\/it\/#website"},"primaryImageOfPage":{"@id":"https:\/\/www.alumni.space\/it\/le-professioni-legali-devono-affrontare-la-sfida-del-trasferimento-delle-conoscenze\/#primaryimage"},"image":{"@id":"https:\/\/www.alumni.space\/it\/le-professioni-legali-devono-affrontare-la-sfida-del-trasferimento-delle-conoscenze\/#primaryimage"},"thumbnailUrl":"https:\/\/www.alumni.space\/wp-content\/uploads\/2026\/03\/Les-metiers-juridiques-confrontes-au-defi-du-transfert-des-savoirs-2.jpg","datePublished":"2025-07-06T07:39:03+00:00","dateModified":"2026-04-02T12:08:06+00:00","author":{"@id":"https:\/\/www.alumni.space\/it\/#\/schema\/person\/fede362a57876edda476a61f05ce5b15"},"description":"Scopri come le professioni legali stanno affrontando la sfida essenziale del trasferimento delle conoscenze per garantire competenza e continuit\u00e0.","breadcrumb":{"@id":"https:\/\/www.alumni.space\/it\/le-professioni-legali-devono-affrontare-la-sfida-del-trasferimento-delle-conoscenze\/#breadcrumb"},"inLanguage":"it-IT","potentialAction":[{"@type":"ReadAction","target":["https:\/\/www.alumni.space\/it\/le-professioni-legali-devono-affrontare-la-sfida-del-trasferimento-delle-conoscenze\/"]}]},{"@type":"ImageObject","inLanguage":"it-IT","@id":"https:\/\/www.alumni.space\/it\/le-professioni-legali-devono-affrontare-la-sfida-del-trasferimento-delle-conoscenze\/#primaryimage","url":"https:\/\/www.alumni.space\/wp-content\/uploads\/2026\/03\/Les-metiers-juridiques-confrontes-au-defi-du-transfert-des-savoirs-2.jpg","contentUrl":"https:\/\/www.alumni.space\/wp-content\/uploads\/2026\/03\/Les-metiers-juridiques-confrontes-au-defi-du-transfert-des-savoirs-2.jpg","width":1280,"height":768,"caption":"scoprire come le professioni legali stanno affrontando la sfida cruciale del trasferimento delle conoscenze per garantire che le competenze vengano trasmesse e che il settore continui a evolversi."},{"@type":"BreadcrumbList","@id":"https:\/\/www.alumni.space\/it\/le-professioni-legali-devono-affrontare-la-sfida-del-trasferimento-delle-conoscenze\/#breadcrumb","itemListElement":[{"@type":"ListItem","position":1,"name":"Home","item":"https:\/\/www.alumni.space\/it\/piattaforma-di-mentoring-e-di-gestione-degli-alumni\/"},{"@type":"ListItem","position":2,"name":"Le professioni legali devono affrontare la sfida del trasferimento delle conoscenze"}]},{"@type":"WebSite","@id":"https:\/\/www.alumni.space\/it\/#website","url":"https:\/\/www.alumni.space\/it\/","name":"Alumni.space","description":"My WordPress Blog","potentialAction":[{"@type":"SearchAction","target":{"@type":"EntryPoint","urlTemplate":"https:\/\/www.alumni.space\/it\/?s={search_term_string}"},"query-input":{"@type":"PropertyValueSpecification","valueRequired":true,"valueName":"search_term_string"}}],"inLanguage":"it-IT"},{"@type":"Person","@id":"https:\/\/www.alumni.space\/it\/#\/schema\/person\/fede362a57876edda476a61f05ce5b15","name":"admin","image":{"@type":"ImageObject","inLanguage":"it-IT","@id":"https:\/\/secure.gravatar.com\/avatar\/318e234ae94f90d4d629428d6b983c08e31181c28f579e08a021180d759ea651?s=96&d=mm&r=g","url":"https:\/\/secure.gravatar.com\/avatar\/318e234ae94f90d4d629428d6b983c08e31181c28f579e08a021180d759ea651?s=96&d=mm&r=g","contentUrl":"https:\/\/secure.gravatar.com\/avatar\/318e234ae94f90d4d629428d6b983c08e31181c28f579e08a021180d759ea651?s=96&d=mm&r=g","caption":"admin"},"description":"Nicolas Laustriat a construit sa sp\u00e9cialit\u00e9 sur un sujet que beaucoup d\u2019organisations d\u00e9couvrent trop tard : ce qui dispara\u00eet quand les gens partent. Dipl\u00f4m\u00e9 en conception de produit industriel, il bifurque vers le digital fin 1996, il couvre les transformations marques, RH, la fid\u00e9lisation, la marque employeur. Sur le terrain, il rep\u00e8re un angle mort r\u00e9current : l\u2019entreprise investit dans le recrutement, la formation, les process\u2026 puis laisse filer le lien au moment du d\u00e9part, avec une perte de savoir et d\u2019influence qui se paie en silence. Il se sp\u00e9cialise alors sur les communaut\u00e9s d\u2019alumni, le mentorat, l\u2019entraide interg\u00e9n\u00e9rationnelle et la transmission d\u2019expertise. Il passe du \u201cconstat\u201d aux m\u00e9thodes : animation, gouvernance, segmentation, rituels, mesure d\u2019engagement, articulation avec la RSE et l\u2019employabilit\u00e9. Il interviewe DRH, responsables formation, directions d\u2019\u00e9coles, associations et fondations, avec une obsession : transformer un r\u00e9seau dormant en m\u00e9canisme utile (cooptation, mentorat, job board, entraide, \u00e9v\u00e9nements, contenus). Son style : direct, orient\u00e9 action, sans folklore. Sa conviction : une communaut\u00e9 n\u2019a pas besoin de bruit, elle a besoin de raisons de revenir.","sameAs":["https:\/\/www.alumni.space"]}]}},"_links":{"self":[{"href":"https:\/\/www.alumni.space\/it\/wp-json\/wp\/v2\/posts\/4784","targetHints":{"allow":["GET"]}}],"collection":[{"href":"https:\/\/www.alumni.space\/it\/wp-json\/wp\/v2\/posts"}],"about":[{"href":"https:\/\/www.alumni.space\/it\/wp-json\/wp\/v2\/types\/post"}],"author":[{"embeddable":true,"href":"https:\/\/www.alumni.space\/it\/wp-json\/wp\/v2\/users\/1"}],"replies":[{"embeddable":true,"href":"https:\/\/www.alumni.space\/it\/wp-json\/wp\/v2\/comments?post=4784"}],"version-history":[{"count":4,"href":"https:\/\/www.alumni.space\/it\/wp-json\/wp\/v2\/posts\/4784\/revisions"}],"predecessor-version":[{"id":7203,"href":"https:\/\/www.alumni.space\/it\/wp-json\/wp\/v2\/posts\/4784\/revisions\/7203"}],"wp:featuredmedia":[{"embeddable":true,"href":"https:\/\/www.alumni.space\/it\/wp-json\/wp\/v2\/media\/4786"}],"wp:attachment":[{"href":"https:\/\/www.alumni.space\/it\/wp-json\/wp\/v2\/media?parent=4784"}],"wp:term":[{"taxonomy":"category","embeddable":true,"href":"https:\/\/www.alumni.space\/it\/wp-json\/wp\/v2\/categories?post=4784"},{"taxonomy":"post_tag","embeddable":true,"href":"https:\/\/www.alumni.space\/it\/wp-json\/wp\/v2\/tags?post=4784"}],"curies":[{"name":"wp","href":"https:\/\/api.w.org\/{rel}","templated":true}]}}