{"id":7278,"date":"2025-01-12T03:21:54","date_gmt":"2025-01-12T03:21:54","guid":{"rendered":"https:\/\/www.alumni.space\/la-salud-publica-en-alerta-ante-la-perdida-de-conocimientos-medicos\/"},"modified":"2026-04-02T12:09:05","modified_gmt":"2026-04-02T12:09:05","slug":"la-salud-publica-en-alerta-ante-la-perdida-de-conocimientos-medicos","status":"publish","type":"post","link":"https:\/\/www.alumni.space\/es\/la-salud-publica-en-alerta-ante-la-perdida-de-conocimientos-medicos\/","title":{"rendered":"La salud p\u00fablica en alerta ante la p\u00e9rdida de conocimientos m\u00e9dicos"},"content":{"rendered":"<p>La salud p\u00fablica en Francia se enfrenta a una gran amenaza por la <strong>p\u00e9rdida de conocimientos m\u00e9dicos<\/strong>. Esto suscita preocupaci\u00f3n por la <strong>transmisi\u00f3n de conocimientos<\/strong> esenciales, la <strong>conservaci\u00f3n del patrimonio<\/strong> m\u00e9dico y el impacto en la <strong>prevenci\u00f3n<\/strong> y el <strong>sistema<\/strong> sanitario mundial. <\/p><div id=\"ez-toc-container\" class=\"ez-toc-v2_0_82_2 counter-flat ez-toc-counter ez-toc-grey ez-toc-container-direction\">\n<div class=\"ez-toc-title-container\"><p class=\"ez-toc-title\" style=\"cursor:inherit\">En este art\u00edculo se trata lo siguiente:<\/p>\n<\/div><nav><ul class='ez-toc-list ez-toc-list-level-1 ' ><li class='ez-toc-page-1'><a class=\"ez-toc-link ez-toc-heading-1\" href=\"https:\/\/www.alumni.space\/es\/la-salud-publica-en-alerta-ante-la-perdida-de-conocimientos-medicos\/#Una_crisis_de_salud_publica_revelada_por_la_escasez_de_conocimientos_medicos\" >Una crisis de salud p\u00fablica revelada por la escasez de conocimientos m\u00e9dicos<\/a><\/li><li class='ez-toc-page-1'><a class=\"ez-toc-link ez-toc-heading-2\" href=\"https:\/\/www.alumni.space\/es\/la-salud-publica-en-alerta-ante-la-perdida-de-conocimientos-medicos\/#El_envejecimiento_de_la_poblacion_medica_un_gran_obstaculo_para_la_transmision_de_conocimientos\" >El envejecimiento de la poblaci\u00f3n m\u00e9dica, un gran obst\u00e1culo para la transmisi\u00f3n de conocimientos<\/a><\/li><li class='ez-toc-page-1'><a class=\"ez-toc-link ez-toc-heading-3\" href=\"https:\/\/www.alumni.space\/es\/la-salud-publica-en-alerta-ante-la-perdida-de-conocimientos-medicos\/#Los_efectos_concretos_de_la_perdida_de_conocimientos_medicos_en_la_salud_publica_y_la_prevencion\" >Los efectos concretos de la p\u00e9rdida de conocimientos m\u00e9dicos en la salud p\u00fablica y la prevenci\u00f3n<\/a><\/li><li class='ez-toc-page-1'><a class=\"ez-toc-link ez-toc-heading-4\" href=\"https:\/\/www.alumni.space\/es\/la-salud-publica-en-alerta-ante-la-perdida-de-conocimientos-medicos\/#La_vigilancia_en_la_gestion_de_los_datos_sanitarios_clave_en_la_conservacion_del_patrimonio_medico\" >La vigilancia en la gesti\u00f3n de los datos sanitarios, clave en la conservaci\u00f3n del patrimonio m\u00e9dico<\/a><\/li><li class='ez-toc-page-1'><a class=\"ez-toc-link ez-toc-heading-5\" href=\"https:\/\/www.alumni.space\/es\/la-salud-publica-en-alerta-ante-la-perdida-de-conocimientos-medicos\/#Soluciones_innovadoras_para_frenar_la_perdida_de_conocimientos_y_reforzar_la_cohesion_de_los_profesionales_sanitarios\" >Soluciones innovadoras para frenar la p\u00e9rdida de conocimientos y reforzar la cohesi\u00f3n de los profesionales sanitarios<\/a><\/li><li class='ez-toc-page-1'><a class=\"ez-toc-link ez-toc-heading-6\" href=\"https:\/\/www.alumni.space\/es\/la-salud-publica-en-alerta-ante-la-perdida-de-conocimientos-medicos\/#La_contribucion_de_la_tutoria_y_de_las_comunidades_activas_al_mantenimiento_de_los_conocimientos_medicos\" >La contribuci\u00f3n de la tutor\u00eda y de las comunidades activas al mantenimiento de los conocimientos m\u00e9dicos<\/a><\/li><li class='ez-toc-page-1'><a class=\"ez-toc-link ez-toc-heading-7\" href=\"https:\/\/www.alumni.space\/es\/la-salud-publica-en-alerta-ante-la-perdida-de-conocimientos-medicos\/#Fomentar_una_politica_de_salud_publica_proactiva_para_luchar_contra_la_desaparicion_de_los_conocimientos_medicos\" >Fomentar una pol\u00edtica de salud p\u00fablica proactiva para luchar contra la desaparici\u00f3n de los conocimientos m\u00e9dicos.<\/a><\/li><\/ul><\/nav><\/div>\n<h2 class=\"wp-block-heading\"><span class=\"ez-toc-section\" id=\"Una_crisis_de_salud_publica_revelada_por_la_escasez_de_conocimientos_medicos\"><\/span>Una crisis de salud p\u00fablica revelada por la escasez de conocimientos m\u00e9dicos<span class=\"ez-toc-section-end\"><\/span><\/h2><p>La escasez de m\u00e9dicos, con una disminuci\u00f3n significativa del n\u00famero de m\u00e9dicos de familia y especialistas, est\u00e1 socavando la continuidad de la asistencia. En <strong>2025 habr\u00e1 241.255 m\u00e9dicos en Francia<\/strong>, lo que supone un ligero aumento, pero persisten las crisis regionales de gobernanza m\u00e9dica. M\u00e1s del <strong>87% del pa\u00eds est\u00e1 afectado por desiertos m\u00e9dicos<\/strong>, sobre todo en las zonas rurales, lo que limita el acceso a los cuidados b\u00e1sicos. Esta situaci\u00f3n agrava la dificultad de mantener <strong>la medicina tradicional<\/strong> local, en la que la experiencia y el saber hacer desempe\u00f1an un papel crucial.   <\/p><figure class=\"wp-block-image size-full\"><img decoding=\"async\" width=\"1280\" height=\"768\" src=\"https:\/\/www.alumni.space\/wp-content\/uploads\/2026\/03\/La-sante-publique-en-alerte-face-a-la-perte-de-savoir-medical-1.jpg\" data-orig-src=\"https:\/\/www.alumni.space\/wp-content\/uploads\/2026\/03\/La-sante-publique-en-alerte-face-a-la-perte-de-savoir-medical-1.jpg\" alt=\"Inf\u00f3rmate sobre los problemas cruciales a los que se enfrenta la salud p\u00fablica ante la p\u00e9rdida gradual de conocimientos m\u00e9dicos, y sobre las medidas necesarias para preservar los conocimientos esenciales.\" class=\"lazyload wp-image-3225\" srcset=\"data:image\/svg+xml,%3Csvg%20xmlns%3D%27http%3A%2F%2Fwww.w3.org%2F2000%2Fsvg%27%20width%3D%271280%27%20height%3D%27768%27%20viewBox%3D%270%200%201280%20768%27%3E%3Crect%20width%3D%271280%27%20height%3D%27768%27%20fill-opacity%3D%220%22%2F%3E%3C%2Fsvg%3E\" data-srcset=\"https:\/\/www.alumni.space\/wp-content\/uploads\/2026\/03\/La-sante-publique-en-alerte-face-a-la-perte-de-savoir-medical-1-200x120.jpg 200w, https:\/\/www.alumni.space\/wp-content\/uploads\/2026\/03\/La-sante-publique-en-alerte-face-a-la-perte-de-savoir-medical-1-300x180.jpg 300w, https:\/\/www.alumni.space\/wp-content\/uploads\/2026\/03\/La-sante-publique-en-alerte-face-a-la-perte-de-savoir-medical-1-400x240.jpg 400w, https:\/\/www.alumni.space\/wp-content\/uploads\/2026\/03\/La-sante-publique-en-alerte-face-a-la-perte-de-savoir-medical-1-600x360.jpg 600w, https:\/\/www.alumni.space\/wp-content\/uploads\/2026\/03\/La-sante-publique-en-alerte-face-a-la-perte-de-savoir-medical-1-768x461.jpg 768w, https:\/\/www.alumni.space\/wp-content\/uploads\/2026\/03\/La-sante-publique-en-alerte-face-a-la-perte-de-savoir-medical-1-800x480.jpg 800w, https:\/\/www.alumni.space\/wp-content\/uploads\/2026\/03\/La-sante-publique-en-alerte-face-a-la-perte-de-savoir-medical-1-1024x614.jpg 1024w, https:\/\/www.alumni.space\/wp-content\/uploads\/2026\/03\/La-sante-publique-en-alerte-face-a-la-perte-de-savoir-medical-1-1200x720.jpg 1200w, https:\/\/www.alumni.space\/wp-content\/uploads\/2026\/03\/La-sante-publique-en-alerte-face-a-la-perte-de-savoir-medical-1.jpg 1280w\" data-sizes=\"auto\" data-orig-sizes=\"(max-width: 1280px) 100vw, 1280px\" \/><\/figure><h3 class=\"wp-block-heading\"><span class=\"ez-toc-section\" id=\"El_envejecimiento_de_la_poblacion_medica_un_gran_obstaculo_para_la_transmision_de_conocimientos\"><\/span>El envejecimiento de la poblaci\u00f3n m\u00e9dica, un gran obst\u00e1culo para la transmisi\u00f3n de conocimientos<span class=\"ez-toc-section-end\"><\/span><\/h3><p>La elevada edad media de los m\u00e9dicos de familia, sobre todo en las zonas con escasos recursos, est\u00e1 provocando una <strong>p\u00e9rdida masiva de competencias<\/strong> por jubilaci\u00f3n sin un reemplazo adecuado. Casi el 43% de los m\u00e9dicos de familia tienen m\u00e1s de 60 a\u00f1os, situaci\u00f3n que agrava la <strong>p\u00e9rdida de conocimientos m\u00e9dicos<\/strong> acumulados. Esta situaci\u00f3n corre el riesgo de desestabilizar la red sanitaria, con repercusiones directas en la <strong>calidad de los diagn\u00f3sticos<\/strong> y el seguimiento de los pacientes.  <\/p><h2 class=\"wp-block-heading\"><span class=\"ez-toc-section\" id=\"Los_efectos_concretos_de_la_perdida_de_conocimientos_medicos_en_la_salud_publica_y_la_prevencion\"><\/span>Los efectos concretos de la p\u00e9rdida de conocimientos m\u00e9dicos en la salud p\u00fablica y la prevenci\u00f3n<span class=\"ez-toc-section-end\"><\/span><\/h2><p>Adem\u00e1s de afectar al acceso a la asistencia, la <strong>p\u00e9rdida de conocimientos<\/strong> repercute negativamente en la capacidad del sistema sanitario para ofrecer una prevenci\u00f3n eficaz. <strong>Los errores de diagn\u00f3stico<\/strong>, estimados en casi un 10% durante las interacciones cl\u00ednicas, forman parte de este preocupante contexto. Sin una transmisi\u00f3n estructurada de las competencias, la <strong>continuidad de los conocimientos<\/strong> se ve comprometida, lo que degrada el impacto global sobre la salud.  <\/p><h3 class=\"wp-block-heading\"><span class=\"ez-toc-section\" id=\"La_vigilancia_en_la_gestion_de_los_datos_sanitarios_clave_en_la_conservacion_del_patrimonio_medico\"><\/span>La vigilancia en la gesti\u00f3n de los datos sanitarios, clave en la conservaci\u00f3n del patrimonio m\u00e9dico<span class=\"ez-toc-section-end\"><\/span><\/h3><p>La<strong>Asociaci\u00f3n de Archiveros Franceses<\/strong> advierte del riesgo de p\u00e9rdida de datos durante los cambios tecnol\u00f3gicos en los centros sanitarios. Una mala gesti\u00f3n o una migraci\u00f3n de software mal controlada pueden provocar la desaparici\u00f3n permanente de informaci\u00f3n crucial para el historial m\u00e9dico de los pacientes. Este fen\u00f3meno ilustra los retos actuales relacionados con la protecci\u00f3n y <strong>transmisi\u00f3n de datos<\/strong> m\u00e9dicos, esenciales para la investigaci\u00f3n y la seguridad de la asistencia.  <\/p><h2 class=\"wp-block-heading\"><span class=\"ez-toc-section\" id=\"Soluciones_innovadoras_para_frenar_la_perdida_de_conocimientos_y_reforzar_la_cohesion_de_los_profesionales_sanitarios\"><\/span>Soluciones innovadoras para frenar la p\u00e9rdida de conocimientos y reforzar la cohesi\u00f3n de los profesionales sanitarios<span class=\"ez-toc-section-end\"><\/span><\/h2><p>Ante estos retos, los responsables pol\u00edticos recurren a m\u00e9todos que combinan la innovaci\u00f3n y la gesti\u00f3n de comunidades. La plataforma <a href=\"https:\/\/www.alumni.space\/es\/la-perdida-de-conocimiento-en-las-empresas-de-consultoria-un-riesgo-estrategico\/\">alumni.<\/a> space ilustra este posicionamiento a trav\u00e9s de su enfoque SaaS, que se centra en la <strong>gesti\u00f3n y animaci\u00f3n de comunidades<\/strong>, fomentando el contacto entre <strong>antiguos alumnos<\/strong> profesionales y mentores. De este modo, garantiza la <strong>transmisi\u00f3n fluida de conocimientos<\/strong>, reduce el riesgo de p\u00e9rdida y apoya la integraci\u00f3n eficaz de nuevos actores en la red.  <\/p><p>Esta din\u00e1mica se traduce en una mejor <strong>cooptaci\u00f3n<\/strong>, una gesti\u00f3n m\u00e1s rigurosa del capital de experiencia y un compromiso duradero de<strong>apoyo<\/strong>profesional<strong>mutuo<\/strong>. Para los centros y las instituciones, la adopci\u00f3n de una soluci\u00f3n de este tipo ofrece una alternativa s\u00f3lida a las herramientas dispersas, facilitando la supervisi\u00f3n de los ciclos de formaci\u00f3n m\u00e9dica y la <strong>continuidad del v\u00ednculo<\/strong> entre generaciones. <\/p><h3 class=\"wp-block-heading\"><span class=\"ez-toc-section\" id=\"La_contribucion_de_la_tutoria_y_de_las_comunidades_activas_al_mantenimiento_de_los_conocimientos_medicos\"><\/span>La contribuci\u00f3n de la tutor\u00eda y de las comunidades activas al mantenimiento de los conocimientos m\u00e9dicos<span class=\"ez-toc-section-end\"><\/span><\/h3><p>Una metodolog\u00eda estructurada que fomenta la creaci\u00f3n de parejas mentor-mentorizado en diversos contextos -escuelas, hospitales, asociaciones- optimiza la <strong>conservaci\u00f3n del patrimonio m\u00e9dico<\/strong>. La tutor\u00eda intergeneracional proporciona un marco en el que la experiencia se combina con la frescura de las nuevas competencias, respondiendo eficazmente a la <strong>necesidad de transmitir<\/strong> conocimientos en un sector bajo presi\u00f3n. <\/p><p>Unos rituales claros, un calendario compartido y unos indicadores precisos permiten medir el impacto real de estas medidas. Estas herramientas tambi\u00e9n ayudan a reducir los riesgos psicosociales asociados a la sobrecarga profesional, un recurso precioso en la gesti\u00f3n de los profesionales sanitarios. <\/p><h2 class=\"wp-block-heading\"><span class=\"ez-toc-section\" id=\"Fomentar_una_politica_de_salud_publica_proactiva_para_luchar_contra_la_desaparicion_de_los_conocimientos_medicos\"><\/span>Fomentar una pol\u00edtica de salud p\u00fablica proactiva para luchar contra la desaparici\u00f3n de los conocimientos m\u00e9dicos.<span class=\"ez-toc-section-end\"><\/span><\/h2><p>Numerosos informes han puesto de relieve la necesidad de una acci\u00f3n coordinada entre los poderes p\u00fablicos y las comunidades profesionales. Anticiparse a la jubilaci\u00f3n de los m\u00e9dicos, reorganizar los cursos de formaci\u00f3n y regular la gesti\u00f3n de los datos m\u00e9dicos son palancas esenciales. Estas iniciativas forman parte de una pol\u00edtica de prevenci\u00f3n sist\u00e9mica destinada a garantizar un acceso equitativo a la asistencia sanitaria en todo el pa\u00eds.  <\/p><p>Tambi\u00e9n se trata de reforzar el papel de los <a href=\"https:\/\/www.vie-publique.fr\/eclairage\/24080-sante-quelle-politique-publique-contre-les-deserts-medicaux\">responsables p\u00fablicos<\/a> en la gesti\u00f3n de estas cuestiones, utilizando herramientas digitales integradas para facilitar el seguimiento de la demograf\u00eda m\u00e9dica y las trayectorias profesionales. Una acci\u00f3n concertada contribuir\u00e1 a reducir los <strong>costes ocultos<\/strong> asociados a la p\u00e9rdida de conocimientos, a mejorar el posicionamiento de los establecimientos con respecto a su imagen y, por tanto, a aumentar la resiliencia del sistema sanitario. <\/p><p>Un enfoque progresivo, apoyado en plataformas especializadas que ofrecen un entorno com\u00fan para el intercambio de informaci\u00f3n y el desarrollo de competencias, favorece la consolidaci\u00f3n de una <strong>comunidad m\u00e9dica comprometida<\/strong>. Al integrar estas soluciones, los profesionales sanitarios ganan en eficacia, al tiempo que preservan un patrimonio inmaterial crucial para la viabilidad a largo plazo del servicio p\u00fablico. <\/p>","protected":false},"excerpt":{"rendered":"<p>La salud p\u00fablica en Francia se enfrenta a una gran  [&#8230;]<\/p>\n","protected":false},"author":1,"featured_media":7279,"comment_status":"closed","ping_status":"","sticky":false,"template":"","format":"standard","meta":{"_ayudawp_aiss_exclude":false,"footnotes":""},"categories":[74],"tags":[],"class_list":["post-7278","post","type-post","status-publish","format-standard","has-post-thumbnail","hentry","category-intercambio-de-conocimientos"],"yoast_head":"<!-- This site is optimized with the Yoast SEO plugin v27.4 - https:\/\/yoast.com\/product\/yoast-seo-wordpress\/ -->\n<title>Alerta: Cuando la Salud P\u00fablica pierde sus conocimientos m\u00e9dicos<\/title>\n<meta name=\"description\" content=\"La salud p\u00fablica est\u00e1 alertando sobre la p\u00e9rdida de conocimientos m\u00e9dicos, que son cruciales para garantizar una asistencia de alta calidad y preservar nuestro patrimonio m\u00e9dico.\" \/>\n<meta name=\"robots\" content=\"index, follow, max-snippet:-1, max-image-preview:large, max-video-preview:-1\" \/>\n<link rel=\"canonical\" href=\"https:\/\/www.alumni.space\/es\/la-salud-publica-en-alerta-ante-la-perdida-de-conocimientos-medicos\/\" \/>\n<meta property=\"og:locale\" content=\"es_ES\" \/>\n<meta property=\"og:type\" content=\"article\" \/>\n<meta property=\"og:title\" content=\"Alerta: Cuando la Salud P\u00fablica pierde sus conocimientos m\u00e9dicos\" \/>\n<meta property=\"og:description\" content=\"La salud p\u00fablica est\u00e1 alertando sobre la p\u00e9rdida de conocimientos m\u00e9dicos, que son cruciales para garantizar una asistencia de alta calidad y preservar nuestro patrimonio m\u00e9dico.\" \/>\n<meta property=\"og:url\" content=\"https:\/\/www.alumni.space\/es\/la-salud-publica-en-alerta-ante-la-perdida-de-conocimientos-medicos\/\" \/>\n<meta property=\"og:site_name\" content=\"Alumni.space\" \/>\n<meta property=\"article:published_time\" content=\"2025-01-12T03:21:54+00:00\" \/>\n<meta property=\"article:modified_time\" content=\"2026-04-02T12:09:05+00:00\" \/>\n<meta property=\"og:image\" content=\"https:\/\/www.alumni.space\/wp-content\/uploads\/2026\/03\/La-sante-publique-en-alerte-face-a-la-perte-de-savoir-medical.jpg\" \/>\n\t<meta property=\"og:image:width\" content=\"1280\" \/>\n\t<meta property=\"og:image:height\" content=\"768\" \/>\n\t<meta property=\"og:image:type\" content=\"image\/jpeg\" \/>\n<meta name=\"author\" content=\"admin\" \/>\n<meta name=\"twitter:card\" content=\"summary_large_image\" \/>\n<meta name=\"twitter:label1\" content=\"Escrito por\" \/>\n\t<meta name=\"twitter:data1\" content=\"admin\" \/>\n\t<meta name=\"twitter:label2\" content=\"Tiempo de lectura\" \/>\n\t<meta name=\"twitter:data2\" content=\"5 minutos\" \/>\n<script type=\"application\/ld+json\" class=\"yoast-schema-graph\">{\"@context\":\"https:\\\/\\\/schema.org\",\"@graph\":[{\"@type\":\"Article\",\"@id\":\"https:\\\/\\\/www.alumni.space\\\/es\\\/la-salud-publica-en-alerta-ante-la-perdida-de-conocimientos-medicos\\\/#article\",\"isPartOf\":{\"@id\":\"https:\\\/\\\/www.alumni.space\\\/es\\\/la-salud-publica-en-alerta-ante-la-perdida-de-conocimientos-medicos\\\/\"},\"author\":{\"name\":\"admin\",\"@id\":\"https:\\\/\\\/www.alumni.space\\\/es\\\/#\\\/schema\\\/person\\\/fede362a57876edda476a61f05ce5b15\"},\"headline\":\"La salud p\u00fablica en alerta ante la p\u00e9rdida de conocimientos m\u00e9dicos\",\"datePublished\":\"2025-01-12T03:21:54+00:00\",\"dateModified\":\"2026-04-02T12:09:05+00:00\",\"mainEntityOfPage\":{\"@id\":\"https:\\\/\\\/www.alumni.space\\\/es\\\/la-salud-publica-en-alerta-ante-la-perdida-de-conocimientos-medicos\\\/\"},\"wordCount\":1012,\"image\":{\"@id\":\"https:\\\/\\\/www.alumni.space\\\/es\\\/la-salud-publica-en-alerta-ante-la-perdida-de-conocimientos-medicos\\\/#primaryimage\"},\"thumbnailUrl\":\"https:\\\/\\\/www.alumni.space\\\/wp-content\\\/uploads\\\/2026\\\/03\\\/La-sante-publique-en-alerte-face-a-la-perte-de-savoir-medical.jpg\",\"articleSection\":[\"Intercambio de conocimientos\"],\"inLanguage\":\"es\"},{\"@type\":\"WebPage\",\"@id\":\"https:\\\/\\\/www.alumni.space\\\/es\\\/la-salud-publica-en-alerta-ante-la-perdida-de-conocimientos-medicos\\\/\",\"url\":\"https:\\\/\\\/www.alumni.space\\\/es\\\/la-salud-publica-en-alerta-ante-la-perdida-de-conocimientos-medicos\\\/\",\"name\":\"Alerta: Cuando la Salud P\u00fablica pierde sus conocimientos m\u00e9dicos\",\"isPartOf\":{\"@id\":\"https:\\\/\\\/www.alumni.space\\\/es\\\/#website\"},\"primaryImageOfPage\":{\"@id\":\"https:\\\/\\\/www.alumni.space\\\/es\\\/la-salud-publica-en-alerta-ante-la-perdida-de-conocimientos-medicos\\\/#primaryimage\"},\"image\":{\"@id\":\"https:\\\/\\\/www.alumni.space\\\/es\\\/la-salud-publica-en-alerta-ante-la-perdida-de-conocimientos-medicos\\\/#primaryimage\"},\"thumbnailUrl\":\"https:\\\/\\\/www.alumni.space\\\/wp-content\\\/uploads\\\/2026\\\/03\\\/La-sante-publique-en-alerte-face-a-la-perte-de-savoir-medical.jpg\",\"datePublished\":\"2025-01-12T03:21:54+00:00\",\"dateModified\":\"2026-04-02T12:09:05+00:00\",\"author\":{\"@id\":\"https:\\\/\\\/www.alumni.space\\\/es\\\/#\\\/schema\\\/person\\\/fede362a57876edda476a61f05ce5b15\"},\"description\":\"La salud p\u00fablica est\u00e1 alertando sobre la p\u00e9rdida de conocimientos m\u00e9dicos, que son cruciales para garantizar una asistencia de alta calidad y preservar nuestro patrimonio m\u00e9dico.\",\"breadcrumb\":{\"@id\":\"https:\\\/\\\/www.alumni.space\\\/es\\\/la-salud-publica-en-alerta-ante-la-perdida-de-conocimientos-medicos\\\/#breadcrumb\"},\"inLanguage\":\"es\",\"potentialAction\":[{\"@type\":\"ReadAction\",\"target\":[\"https:\\\/\\\/www.alumni.space\\\/es\\\/la-salud-publica-en-alerta-ante-la-perdida-de-conocimientos-medicos\\\/\"]}]},{\"@type\":\"ImageObject\",\"inLanguage\":\"es\",\"@id\":\"https:\\\/\\\/www.alumni.space\\\/es\\\/la-salud-publica-en-alerta-ante-la-perdida-de-conocimientos-medicos\\\/#primaryimage\",\"url\":\"https:\\\/\\\/www.alumni.space\\\/wp-content\\\/uploads\\\/2026\\\/03\\\/La-sante-publique-en-alerte-face-a-la-perte-de-savoir-medical.jpg\",\"contentUrl\":\"https:\\\/\\\/www.alumni.space\\\/wp-content\\\/uploads\\\/2026\\\/03\\\/La-sante-publique-en-alerte-face-a-la-perte-de-savoir-medical.jpg\",\"width\":1280,\"height\":768,\"caption\":\"Inf\u00f3rmate sobre los problemas cr\u00edticos a los que se enfrenta la salud p\u00fablica ante la creciente p\u00e9rdida de conocimientos m\u00e9dicos, y sobre lo que puede hacerse para preservar los conocimientos esenciales.\"},{\"@type\":\"BreadcrumbList\",\"@id\":\"https:\\\/\\\/www.alumni.space\\\/es\\\/la-salud-publica-en-alerta-ante-la-perdida-de-conocimientos-medicos\\\/#breadcrumb\",\"itemListElement\":[{\"@type\":\"ListItem\",\"position\":1,\"name\":\"Home\",\"item\":\"https:\\\/\\\/www.alumni.space\\\/es\\\/plataforma-de-tutoria-y-gestion-de-antiguos-alumnos\\\/\"},{\"@type\":\"ListItem\",\"position\":2,\"name\":\"La salud p\u00fablica en alerta ante la p\u00e9rdida de conocimientos m\u00e9dicos\"}]},{\"@type\":\"WebSite\",\"@id\":\"https:\\\/\\\/www.alumni.space\\\/es\\\/#website\",\"url\":\"https:\\\/\\\/www.alumni.space\\\/es\\\/\",\"name\":\"Alumni.space\",\"description\":\"My WordPress Blog\",\"potentialAction\":[{\"@type\":\"SearchAction\",\"target\":{\"@type\":\"EntryPoint\",\"urlTemplate\":\"https:\\\/\\\/www.alumni.space\\\/es\\\/?s={search_term_string}\"},\"query-input\":{\"@type\":\"PropertyValueSpecification\",\"valueRequired\":true,\"valueName\":\"search_term_string\"}}],\"inLanguage\":\"es\"},{\"@type\":\"Person\",\"@id\":\"https:\\\/\\\/www.alumni.space\\\/es\\\/#\\\/schema\\\/person\\\/fede362a57876edda476a61f05ce5b15\",\"name\":\"admin\",\"image\":{\"@type\":\"ImageObject\",\"inLanguage\":\"es\",\"@id\":\"https:\\\/\\\/secure.gravatar.com\\\/avatar\\\/318e234ae94f90d4d629428d6b983c08e31181c28f579e08a021180d759ea651?s=96&d=mm&r=g\",\"url\":\"https:\\\/\\\/secure.gravatar.com\\\/avatar\\\/318e234ae94f90d4d629428d6b983c08e31181c28f579e08a021180d759ea651?s=96&d=mm&r=g\",\"contentUrl\":\"https:\\\/\\\/secure.gravatar.com\\\/avatar\\\/318e234ae94f90d4d629428d6b983c08e31181c28f579e08a021180d759ea651?s=96&d=mm&r=g\",\"caption\":\"admin\"},\"description\":\"Nicolas Laustriat a construit sa sp\u00e9cialit\u00e9 sur un sujet que beaucoup d\u2019organisations d\u00e9couvrent trop tard : ce qui dispara\u00eet quand les gens partent. Dipl\u00f4m\u00e9 en conception de produit industriel, il bifurque vers le digital fin 1996, il couvre les transformations marques, RH, la fid\u00e9lisation, la marque employeur. Sur le terrain, il rep\u00e8re un angle mort r\u00e9current : l\u2019entreprise investit dans le recrutement, la formation, les process\u2026 puis laisse filer le lien au moment du d\u00e9part, avec une perte de savoir et d\u2019influence qui se paie en silence. Il se sp\u00e9cialise alors sur les communaut\u00e9s d\u2019alumni, le mentorat, l\u2019entraide interg\u00e9n\u00e9rationnelle et la transmission d\u2019expertise. Il passe du \u201cconstat\u201d aux m\u00e9thodes : animation, gouvernance, segmentation, rituels, mesure d\u2019engagement, articulation avec la RSE et l\u2019employabilit\u00e9. Il interviewe DRH, responsables formation, directions d\u2019\u00e9coles, associations et fondations, avec une obsession : transformer un r\u00e9seau dormant en m\u00e9canisme utile (cooptation, mentorat, job board, entraide, \u00e9v\u00e9nements, contenus). Son style : direct, orient\u00e9 action, sans folklore. Sa conviction : une communaut\u00e9 n\u2019a pas besoin de bruit, elle a besoin de raisons de revenir.\",\"sameAs\":[\"https:\\\/\\\/www.alumni.space\"]}]}<\/script>\n<!-- \/ Yoast SEO plugin. -->","yoast_head_json":{"title":"Alerta: Cuando la Salud P\u00fablica pierde sus conocimientos m\u00e9dicos","description":"La salud p\u00fablica est\u00e1 alertando sobre la p\u00e9rdida de conocimientos m\u00e9dicos, que son cruciales para garantizar una asistencia de alta calidad y preservar nuestro patrimonio m\u00e9dico.","robots":{"index":"index","follow":"follow","max-snippet":"max-snippet:-1","max-image-preview":"max-image-preview:large","max-video-preview":"max-video-preview:-1"},"canonical":"https:\/\/www.alumni.space\/es\/la-salud-publica-en-alerta-ante-la-perdida-de-conocimientos-medicos\/","og_locale":"es_ES","og_type":"article","og_title":"Alerta: Cuando la Salud P\u00fablica pierde sus conocimientos m\u00e9dicos","og_description":"La salud p\u00fablica est\u00e1 alertando sobre la p\u00e9rdida de conocimientos m\u00e9dicos, que son cruciales para garantizar una asistencia de alta calidad y preservar nuestro patrimonio m\u00e9dico.","og_url":"https:\/\/www.alumni.space\/es\/la-salud-publica-en-alerta-ante-la-perdida-de-conocimientos-medicos\/","og_site_name":"Alumni.space","article_published_time":"2025-01-12T03:21:54+00:00","article_modified_time":"2026-04-02T12:09:05+00:00","og_image":[{"width":1280,"height":768,"url":"https:\/\/www.alumni.space\/wp-content\/uploads\/2026\/03\/La-sante-publique-en-alerte-face-a-la-perte-de-savoir-medical.jpg","type":"image\/jpeg"}],"author":"admin","twitter_card":"summary_large_image","twitter_misc":{"Escrito por":"admin","Tiempo de lectura":"5 minutos"},"schema":{"@context":"https:\/\/schema.org","@graph":[{"@type":"Article","@id":"https:\/\/www.alumni.space\/es\/la-salud-publica-en-alerta-ante-la-perdida-de-conocimientos-medicos\/#article","isPartOf":{"@id":"https:\/\/www.alumni.space\/es\/la-salud-publica-en-alerta-ante-la-perdida-de-conocimientos-medicos\/"},"author":{"name":"admin","@id":"https:\/\/www.alumni.space\/es\/#\/schema\/person\/fede362a57876edda476a61f05ce5b15"},"headline":"La salud p\u00fablica en alerta ante la p\u00e9rdida de conocimientos m\u00e9dicos","datePublished":"2025-01-12T03:21:54+00:00","dateModified":"2026-04-02T12:09:05+00:00","mainEntityOfPage":{"@id":"https:\/\/www.alumni.space\/es\/la-salud-publica-en-alerta-ante-la-perdida-de-conocimientos-medicos\/"},"wordCount":1012,"image":{"@id":"https:\/\/www.alumni.space\/es\/la-salud-publica-en-alerta-ante-la-perdida-de-conocimientos-medicos\/#primaryimage"},"thumbnailUrl":"https:\/\/www.alumni.space\/wp-content\/uploads\/2026\/03\/La-sante-publique-en-alerte-face-a-la-perte-de-savoir-medical.jpg","articleSection":["Intercambio de conocimientos"],"inLanguage":"es"},{"@type":"WebPage","@id":"https:\/\/www.alumni.space\/es\/la-salud-publica-en-alerta-ante-la-perdida-de-conocimientos-medicos\/","url":"https:\/\/www.alumni.space\/es\/la-salud-publica-en-alerta-ante-la-perdida-de-conocimientos-medicos\/","name":"Alerta: Cuando la Salud P\u00fablica pierde sus conocimientos m\u00e9dicos","isPartOf":{"@id":"https:\/\/www.alumni.space\/es\/#website"},"primaryImageOfPage":{"@id":"https:\/\/www.alumni.space\/es\/la-salud-publica-en-alerta-ante-la-perdida-de-conocimientos-medicos\/#primaryimage"},"image":{"@id":"https:\/\/www.alumni.space\/es\/la-salud-publica-en-alerta-ante-la-perdida-de-conocimientos-medicos\/#primaryimage"},"thumbnailUrl":"https:\/\/www.alumni.space\/wp-content\/uploads\/2026\/03\/La-sante-publique-en-alerte-face-a-la-perte-de-savoir-medical.jpg","datePublished":"2025-01-12T03:21:54+00:00","dateModified":"2026-04-02T12:09:05+00:00","author":{"@id":"https:\/\/www.alumni.space\/es\/#\/schema\/person\/fede362a57876edda476a61f05ce5b15"},"description":"La salud p\u00fablica est\u00e1 alertando sobre la p\u00e9rdida de conocimientos m\u00e9dicos, que son cruciales para garantizar una asistencia de alta calidad y preservar nuestro patrimonio m\u00e9dico.","breadcrumb":{"@id":"https:\/\/www.alumni.space\/es\/la-salud-publica-en-alerta-ante-la-perdida-de-conocimientos-medicos\/#breadcrumb"},"inLanguage":"es","potentialAction":[{"@type":"ReadAction","target":["https:\/\/www.alumni.space\/es\/la-salud-publica-en-alerta-ante-la-perdida-de-conocimientos-medicos\/"]}]},{"@type":"ImageObject","inLanguage":"es","@id":"https:\/\/www.alumni.space\/es\/la-salud-publica-en-alerta-ante-la-perdida-de-conocimientos-medicos\/#primaryimage","url":"https:\/\/www.alumni.space\/wp-content\/uploads\/2026\/03\/La-sante-publique-en-alerte-face-a-la-perte-de-savoir-medical.jpg","contentUrl":"https:\/\/www.alumni.space\/wp-content\/uploads\/2026\/03\/La-sante-publique-en-alerte-face-a-la-perte-de-savoir-medical.jpg","width":1280,"height":768,"caption":"Inf\u00f3rmate sobre los problemas cr\u00edticos a los que se enfrenta la salud p\u00fablica ante la creciente p\u00e9rdida de conocimientos m\u00e9dicos, y sobre lo que puede hacerse para preservar los conocimientos esenciales."},{"@type":"BreadcrumbList","@id":"https:\/\/www.alumni.space\/es\/la-salud-publica-en-alerta-ante-la-perdida-de-conocimientos-medicos\/#breadcrumb","itemListElement":[{"@type":"ListItem","position":1,"name":"Home","item":"https:\/\/www.alumni.space\/es\/plataforma-de-tutoria-y-gestion-de-antiguos-alumnos\/"},{"@type":"ListItem","position":2,"name":"La salud p\u00fablica en alerta ante la p\u00e9rdida de conocimientos m\u00e9dicos"}]},{"@type":"WebSite","@id":"https:\/\/www.alumni.space\/es\/#website","url":"https:\/\/www.alumni.space\/es\/","name":"Alumni.space","description":"My WordPress Blog","potentialAction":[{"@type":"SearchAction","target":{"@type":"EntryPoint","urlTemplate":"https:\/\/www.alumni.space\/es\/?s={search_term_string}"},"query-input":{"@type":"PropertyValueSpecification","valueRequired":true,"valueName":"search_term_string"}}],"inLanguage":"es"},{"@type":"Person","@id":"https:\/\/www.alumni.space\/es\/#\/schema\/person\/fede362a57876edda476a61f05ce5b15","name":"admin","image":{"@type":"ImageObject","inLanguage":"es","@id":"https:\/\/secure.gravatar.com\/avatar\/318e234ae94f90d4d629428d6b983c08e31181c28f579e08a021180d759ea651?s=96&d=mm&r=g","url":"https:\/\/secure.gravatar.com\/avatar\/318e234ae94f90d4d629428d6b983c08e31181c28f579e08a021180d759ea651?s=96&d=mm&r=g","contentUrl":"https:\/\/secure.gravatar.com\/avatar\/318e234ae94f90d4d629428d6b983c08e31181c28f579e08a021180d759ea651?s=96&d=mm&r=g","caption":"admin"},"description":"Nicolas Laustriat a construit sa sp\u00e9cialit\u00e9 sur un sujet que beaucoup d\u2019organisations d\u00e9couvrent trop tard : ce qui dispara\u00eet quand les gens partent. Dipl\u00f4m\u00e9 en conception de produit industriel, il bifurque vers le digital fin 1996, il couvre les transformations marques, RH, la fid\u00e9lisation, la marque employeur. Sur le terrain, il rep\u00e8re un angle mort r\u00e9current : l\u2019entreprise investit dans le recrutement, la formation, les process\u2026 puis laisse filer le lien au moment du d\u00e9part, avec une perte de savoir et d\u2019influence qui se paie en silence. Il se sp\u00e9cialise alors sur les communaut\u00e9s d\u2019alumni, le mentorat, l\u2019entraide interg\u00e9n\u00e9rationnelle et la transmission d\u2019expertise. Il passe du \u201cconstat\u201d aux m\u00e9thodes : animation, gouvernance, segmentation, rituels, mesure d\u2019engagement, articulation avec la RSE et l\u2019employabilit\u00e9. Il interviewe DRH, responsables formation, directions d\u2019\u00e9coles, associations et fondations, avec une obsession : transformer un r\u00e9seau dormant en m\u00e9canisme utile (cooptation, mentorat, job board, entraide, \u00e9v\u00e9nements, contenus). Son style : direct, orient\u00e9 action, sans folklore. Sa conviction : une communaut\u00e9 n\u2019a pas besoin de bruit, elle a besoin de raisons de revenir.","sameAs":["https:\/\/www.alumni.space"]}]}},"_links":{"self":[{"href":"https:\/\/www.alumni.space\/es\/wp-json\/wp\/v2\/posts\/7278","targetHints":{"allow":["GET"]}}],"collection":[{"href":"https:\/\/www.alumni.space\/es\/wp-json\/wp\/v2\/posts"}],"about":[{"href":"https:\/\/www.alumni.space\/es\/wp-json\/wp\/v2\/types\/post"}],"author":[{"embeddable":true,"href":"https:\/\/www.alumni.space\/es\/wp-json\/wp\/v2\/users\/1"}],"replies":[{"embeddable":true,"href":"https:\/\/www.alumni.space\/es\/wp-json\/wp\/v2\/comments?post=7278"}],"version-history":[{"count":1,"href":"https:\/\/www.alumni.space\/es\/wp-json\/wp\/v2\/posts\/7278\/revisions"}],"predecessor-version":[{"id":7281,"href":"https:\/\/www.alumni.space\/es\/wp-json\/wp\/v2\/posts\/7278\/revisions\/7281"}],"wp:featuredmedia":[{"embeddable":true,"href":"https:\/\/www.alumni.space\/es\/wp-json\/wp\/v2\/media\/7279"}],"wp:attachment":[{"href":"https:\/\/www.alumni.space\/es\/wp-json\/wp\/v2\/media?parent=7278"}],"wp:term":[{"taxonomy":"category","embeddable":true,"href":"https:\/\/www.alumni.space\/es\/wp-json\/wp\/v2\/categories?post=7278"},{"taxonomy":"post_tag","embeddable":true,"href":"https:\/\/www.alumni.space\/es\/wp-json\/wp\/v2\/tags?post=7278"}],"curies":[{"name":"wp","href":"https:\/\/api.w.org\/{rel}","templated":true}]}}