{"id":7238,"date":"2024-11-25T08:02:50","date_gmt":"2024-11-25T08:02:50","guid":{"rendered":"https:\/\/www.alumni.space\/el-riesgo-de-perder-el-saber-hacer-en-la-artesania-tradicional\/"},"modified":"2026-04-02T12:08:43","modified_gmt":"2026-04-02T12:08:43","slug":"el-riesgo-de-perder-el-saber-hacer-en-la-artesania-tradicional","status":"publish","type":"post","link":"https:\/\/www.alumni.space\/es\/el-riesgo-de-perder-el-saber-hacer-en-la-artesania-tradicional\/","title":{"rendered":"El riesgo de perder el saber hacer en la artesan\u00eda tradicional"},"content":{"rendered":"<p>El sector de la artesan\u00eda tradicional se enfrenta a un reto importante relacionado con la conservaci\u00f3n de las competencias ancestrales. En 2026, la amenaza de p\u00e9rdida de estas habilidades tradicionales se ve acentuada por las transformaciones econ\u00f3micas, sociales y tecnol\u00f3gicas. La transmisi\u00f3n intergeneracional est\u00e1 en el centro del desaf\u00edo, mientras que la globalizaci\u00f3n y la evoluci\u00f3n del mercado est\u00e1n cambiando profundamente las pr\u00e1cticas artesanales.  <\/p><div id=\"ez-toc-container\" class=\"ez-toc-v2_0_82_2 counter-flat ez-toc-counter ez-toc-grey ez-toc-container-direction\">\n<div class=\"ez-toc-title-container\"><p class=\"ez-toc-title\" style=\"cursor:inherit\">En este art\u00edculo se trata lo siguiente:<\/p>\n<\/div><nav><ul class='ez-toc-list ez-toc-list-level-1 ' ><li class='ez-toc-page-1'><a class=\"ez-toc-link ez-toc-heading-1\" href=\"https:\/\/www.alumni.space\/es\/el-riesgo-de-perder-el-saber-hacer-en-la-artesania-tradicional\/#Los_vinculos_entre_la_globalizacion_y_el_declive_de_las_artes_y_oficios_tradicionales\" >Los v\u00ednculos entre la globalizaci\u00f3n y el declive de las artes y oficios tradicionales<\/a><\/li><li class='ez-toc-page-1'><a class=\"ez-toc-link ez-toc-heading-2\" href=\"https:\/\/www.alumni.space\/es\/el-riesgo-de-perder-el-saber-hacer-en-la-artesania-tradicional\/#El_impacto_de_la_globalizacion_en_la_transferencia_de_competencias_artesanales\" >El impacto de la globalizaci\u00f3n en la transferencia de competencias artesanales<\/a><\/li><li class='ez-toc-page-1'><a class=\"ez-toc-link ez-toc-heading-3\" href=\"https:\/\/www.alumni.space\/es\/el-riesgo-de-perder-el-saber-hacer-en-la-artesania-tradicional\/#La_innovacion_tecnologica_como_palanca_para_revitalizar_los_oficios_artesanos\" >La innovaci\u00f3n tecnol\u00f3gica como palanca para revitalizar los oficios artesanos<\/a><\/li><li class='ez-toc-page-1'><a class=\"ez-toc-link ez-toc-heading-4\" href=\"https:\/\/www.alumni.space\/es\/el-riesgo-de-perder-el-saber-hacer-en-la-artesania-tradicional\/#Integracion_exitosa_de_tradicion_e_innovacion\" >Integraci\u00f3n exitosa de tradici\u00f3n e innovaci\u00f3n<\/a><\/li><li class='ez-toc-page-1'><a class=\"ez-toc-link ez-toc-heading-5\" href=\"https:\/\/www.alumni.space\/es\/el-riesgo-de-perder-el-saber-hacer-en-la-artesania-tradicional\/#Estrategias_eficaces_para_salvaguardar_y_transmitir_el_patrimonio_artesanal\" >Estrategias eficaces para salvaguardar y transmitir el patrimonio artesanal<\/a><\/li><\/ul><\/nav><\/div>\n<h2 class=\"wp-block-heading\"><span class=\"ez-toc-section\" id=\"Los_vinculos_entre_la_globalizacion_y_el_declive_de_las_artes_y_oficios_tradicionales\"><\/span>Los v\u00ednculos entre la globalizaci\u00f3n y el declive de las artes y oficios tradicionales<span class=\"ez-toc-section-end\"><\/span><\/h2><p>La globalizaci\u00f3n influye tanto en el acceso a nuevos materiales como en la din\u00e1mica competitiva de la artesan\u00eda. Aunque la apertura de los mercados facilita la innovaci\u00f3n gracias a una mayor diversidad de recursos, tambi\u00e9n expone a los artesanos locales a la intensa presi\u00f3n econ\u00f3mica de la producci\u00f3n industrial a gran escala. Esta presi\u00f3n repercute en la viabilidad de muchos talleres, socavando la viabilidad a largo plazo de la artesan\u00eda y el mantenimiento de competencias espec\u00edficas.  <\/p><p>En algunos casos, se est\u00e1n abandonando los materiales tradicionales en favor de sustitutos m\u00e1s baratos, comprometiendo la autenticidad y el valor cultural de las creaciones. Sin embargo, la globalizaci\u00f3n tambi\u00e9n est\u00e1 fomentando un renovado inter\u00e9s de los consumidores por la artesan\u00eda aut\u00e9ntica, abriendo el camino a una renovada valoraci\u00f3n del patrimonio cultural inmaterial. <\/p><figure class=\"wp-block-image size-full\"><img decoding=\"async\" width=\"1280\" height=\"768\" src=\"https:\/\/www.alumni.space\/wp-content\/uploads\/2026\/03\/Le-risque-de-perte-de-savoir-faire-dans-lartisanat-traditionnel-1.jpg\" data-orig-src=\"https:\/\/www.alumni.space\/wp-content\/uploads\/2026\/03\/Le-risque-de-perte-de-savoir-faire-dans-lartisanat-traditionnel-1.jpg\" alt=\"Inf\u00f3rmate sobre los problemas que rodean a la p\u00e9rdida de conocimientos t\u00e9cnicos en la artesan\u00eda tradicional y la importancia de preservar estas habilidades \u00fanicas para las generaciones futuras.\" class=\"lazyload wp-image-3210\" srcset=\"data:image\/svg+xml,%3Csvg%20xmlns%3D%27http%3A%2F%2Fwww.w3.org%2F2000%2Fsvg%27%20width%3D%271280%27%20height%3D%27768%27%20viewBox%3D%270%200%201280%20768%27%3E%3Crect%20width%3D%271280%27%20height%3D%27768%27%20fill-opacity%3D%220%22%2F%3E%3C%2Fsvg%3E\" data-srcset=\"https:\/\/www.alumni.space\/wp-content\/uploads\/2026\/03\/Le-risque-de-perte-de-savoir-faire-dans-lartisanat-traditionnel-1-200x120.jpg 200w, https:\/\/www.alumni.space\/wp-content\/uploads\/2026\/03\/Le-risque-de-perte-de-savoir-faire-dans-lartisanat-traditionnel-1-300x180.jpg 300w, https:\/\/www.alumni.space\/wp-content\/uploads\/2026\/03\/Le-risque-de-perte-de-savoir-faire-dans-lartisanat-traditionnel-1-400x240.jpg 400w, https:\/\/www.alumni.space\/wp-content\/uploads\/2026\/03\/Le-risque-de-perte-de-savoir-faire-dans-lartisanat-traditionnel-1-600x360.jpg 600w, https:\/\/www.alumni.space\/wp-content\/uploads\/2026\/03\/Le-risque-de-perte-de-savoir-faire-dans-lartisanat-traditionnel-1-768x461.jpg 768w, https:\/\/www.alumni.space\/wp-content\/uploads\/2026\/03\/Le-risque-de-perte-de-savoir-faire-dans-lartisanat-traditionnel-1-800x480.jpg 800w, https:\/\/www.alumni.space\/wp-content\/uploads\/2026\/03\/Le-risque-de-perte-de-savoir-faire-dans-lartisanat-traditionnel-1-1024x614.jpg 1024w, https:\/\/www.alumni.space\/wp-content\/uploads\/2026\/03\/Le-risque-de-perte-de-savoir-faire-dans-lartisanat-traditionnel-1-1200x720.jpg 1200w, https:\/\/www.alumni.space\/wp-content\/uploads\/2026\/03\/Le-risque-de-perte-de-savoir-faire-dans-lartisanat-traditionnel-1.jpg 1280w\" data-sizes=\"auto\" data-orig-sizes=\"(max-width: 1280px) 100vw, 1280px\" \/><\/figure><h3 class=\"wp-block-heading\"><span class=\"ez-toc-section\" id=\"El_impacto_de_la_globalizacion_en_la_transferencia_de_competencias_artesanales\"><\/span>El impacto de la globalizaci\u00f3n en la transferencia de competencias artesanales<span class=\"ez-toc-section-end\"><\/span><\/h3><p>La producci\u00f3n industrial y la estandarizaci\u00f3n est\u00e1n amenazando la continuidad de las complejas habilidades t\u00e9cnicas que suelen transmitirse de maestro a aprendiz. Este deterioro de los m\u00e9todos de aprendizaje est\u00e1 provocando un agotamiento del capital de experiencia esencial para mantener las tradiciones artesanales. Sin embargo, una serie de iniciativas est\u00e1n fomentando la salvaguardia de este saber hacer combinando la formaci\u00f3n especializada, la documentaci\u00f3n digital y la tutor\u00eda en plataformas comunitarias.  <\/p><p>Entre las iniciativas destacables, algunas plataformas dedicadas a <a href=\"https:\/\/www.alumni.space\/es\/como-podemos-preservar-la-pericia-unica-de-los-artesanos-industriales\/\">preservar los conocimientos artesanales<\/a> ofrecen a los responsables herramientas para gestionar eficazmente la transferencia de competencias y reforzar el compromiso de los artesanos con un enfoque sostenible. Estas soluciones facilitan la gesti\u00f3n de las competencias al tiempo que crean un entorno propicio para el intercambio intergeneracional. <\/p><h2 class=\"wp-block-heading\"><span class=\"ez-toc-section\" id=\"La_innovacion_tecnologica_como_palanca_para_revitalizar_los_oficios_artesanos\"><\/span>La innovaci\u00f3n tecnol\u00f3gica como palanca para revitalizar los oficios artesanos<span class=\"ez-toc-section-end\"><\/span><\/h2><p>La introducci\u00f3n de las tecnolog\u00edas digitales en la costura artesanal y otras disciplinas artesanales est\u00e1 aportando un nuevo dinamismo. Los programas de dise\u00f1o asistido por ordenador est\u00e1n mejorando la precisi\u00f3n y simplificando la reproducci\u00f3n de los patrones tradicionales, mientras que la impresi\u00f3n textil en 3D ofrece perspectivas reales de personalizaci\u00f3n y diversificaci\u00f3n de los productos. <\/p><p>Estos avances no restan valor a la dimensi\u00f3n manual de la artesan\u00eda, sino que enriquecen el proceso creativo fomentando el matrimonio entre tradici\u00f3n y modernidad. La integraci\u00f3n de materiales sostenibles e innovadores tambi\u00e9n responde a las crecientes exigencias del consumo responsable. <\/p><h3 class=\"wp-block-heading\"><span class=\"ez-toc-section\" id=\"Integracion_exitosa_de_tradicion_e_innovacion\"><\/span>Integraci\u00f3n exitosa de tradici\u00f3n e innovaci\u00f3n<span class=\"ez-toc-section-end\"><\/span><\/h3><p>Una casa de moda francesa ha conseguido conciliar el respeto por el pasado con los avances tecnol\u00f3gicos. Al digitalizar sus archivos de patrones antiguos y utilizar el corte por l\u00e1ser, ha optimizado sus procesos sin sacrificar la artesan\u00eda tradicional. Al mismo tiempo, sus artesanos siguen ense\u00f1ando estas habilidades en programas de formaci\u00f3n apoyados por instituciones p\u00fablicas y privadas, lo que ilustra la naturaleza complementaria de la conservaci\u00f3n y el progreso.  <\/p><p>Estas iniciativas forman parte de un enfoque de RSE y ofrecen a los equipos un entorno motivador. La adopci\u00f3n de plataformas digitales dedicadas, como las que ofrece <a href=\"https:\/\/www.alumni.space\/es\/la-importancia-de-la-memoria-organizativa-para-limitar-la-perdida-de-conocimientos\/\">alumni.space<\/a>, permite capitalizar los activos intangibles y estructurar la memoria organizativa, limitando as\u00ed los riesgos de p\u00e9rdida de experiencia. <\/p><h2 class=\"wp-block-heading\"><span class=\"ez-toc-section\" id=\"Estrategias_eficaces_para_salvaguardar_y_transmitir_el_patrimonio_artesanal\"><\/span>Estrategias eficaces para salvaguardar y transmitir el patrimonio artesanal<span class=\"ez-toc-section-end\"><\/span><\/h2><p>Existen mecanismos concretos para garantizar la formaci\u00f3n y los intercambios entre generaciones. El apoyo institucional, a trav\u00e9s de etiquetas y subvenciones, garantiza la creaci\u00f3n de espacios dedicados al aprendizaje. Las escuelas y talleres especializados transmiten competencias espec\u00edficas al tiempo que fomentan el reciclaje profesional adaptado a las necesidades contempor\u00e1neas.  <\/p><p>La organizaci\u00f3n de actos especializados, como una exposici\u00f3n anual que ponga de relieve el saber hacer local, contribuye a revitalizar el inter\u00e9s por estos oficios. A esto se a\u00f1ade la creaci\u00f3n de redes de artesanos conectados a trav\u00e9s de plataformas comunitarias, que ofrecen rituales de intercambio y oportunidades de cooptaci\u00f3n que fomentan la integraci\u00f3n a largo plazo. <\/p><p>Estas iniciativas responden a la necesidad de una gobernanza \u00e1gil y del uso de KPI precisos para medir la adopci\u00f3n de acciones, la sostenibilidad de las competencias transversales y el compromiso de las partes interesadas, con el objetivo de preservar un patrimonio esencial para la cultura y la econom\u00eda locales.<\/p><p>Para saber m\u00e1s sobre los retos de salvaguardar las competencias tradicionales, lee <a href=\"https:\/\/www.histoiresdartisans.com\/journal\/la-transmission-des-savoir-faire-en-danger-enjeux-et-perspectives-pour-lartisanat-dart\">este art\u00edculo completo<\/a> sobre las perspectivas actuales del sector.<\/p>","protected":false},"excerpt":{"rendered":"<p>El sector de la artesan\u00eda tradicional se enfrenta a un  [&#8230;]<\/p>\n","protected":false},"author":1,"featured_media":7240,"comment_status":"closed","ping_status":"","sticky":false,"template":"","format":"standard","meta":{"_ayudawp_aiss_exclude":false,"footnotes":""},"categories":[74],"tags":[],"class_list":["post-7238","post","type-post","status-publish","format-standard","has-post-thumbnail","hentry","category-intercambio-de-conocimientos"],"yoast_head":"<!-- This site is optimized with the Yoast SEO plugin v27.4 - https:\/\/yoast.com\/product\/yoast-seo-wordpress\/ -->\n<title>Salvar el saber hacer: el reto de la artesan\u00eda tradicional<\/title>\n<meta name=\"description\" content=\"Inf\u00f3rmate sobre el riesgo de perder el saber hacer en la artesan\u00eda tradicional y sobre lo que se puede hacer para preservar este patrimonio \u00fanico.\" \/>\n<meta name=\"robots\" content=\"index, follow, max-snippet:-1, max-image-preview:large, max-video-preview:-1\" \/>\n<link rel=\"canonical\" href=\"https:\/\/www.alumni.space\/es\/el-riesgo-de-perder-el-saber-hacer-en-la-artesania-tradicional\/\" \/>\n<meta property=\"og:locale\" content=\"es_ES\" \/>\n<meta property=\"og:type\" content=\"article\" \/>\n<meta property=\"og:title\" content=\"Salvar el saber hacer: el reto de la artesan\u00eda tradicional\" \/>\n<meta property=\"og:description\" content=\"Inf\u00f3rmate sobre el riesgo de perder el saber hacer en la artesan\u00eda tradicional y sobre lo que se puede hacer para preservar este patrimonio \u00fanico.\" \/>\n<meta property=\"og:url\" content=\"https:\/\/www.alumni.space\/es\/el-riesgo-de-perder-el-saber-hacer-en-la-artesania-tradicional\/\" \/>\n<meta property=\"og:site_name\" content=\"Alumni.space\" \/>\n<meta property=\"article:published_time\" content=\"2024-11-25T08:02:50+00:00\" \/>\n<meta property=\"article:modified_time\" content=\"2026-04-02T12:08:43+00:00\" \/>\n<meta property=\"og:image\" content=\"https:\/\/www.alumni.space\/wp-content\/uploads\/2026\/03\/Le-risque-de-perte-de-savoir-faire-dans-lartisanat-traditionnel.jpg\" \/>\n\t<meta property=\"og:image:width\" content=\"1280\" \/>\n\t<meta property=\"og:image:height\" content=\"768\" \/>\n\t<meta property=\"og:image:type\" content=\"image\/jpeg\" \/>\n<meta name=\"author\" content=\"admin\" \/>\n<meta name=\"twitter:card\" content=\"summary_large_image\" \/>\n<meta name=\"twitter:label1\" content=\"Escrito por\" \/>\n\t<meta name=\"twitter:data1\" content=\"admin\" \/>\n\t<meta name=\"twitter:label2\" content=\"Tiempo de lectura\" \/>\n\t<meta name=\"twitter:data2\" content=\"4 minutos\" \/>\n<script type=\"application\/ld+json\" class=\"yoast-schema-graph\">{\"@context\":\"https:\\\/\\\/schema.org\",\"@graph\":[{\"@type\":\"Article\",\"@id\":\"https:\\\/\\\/www.alumni.space\\\/es\\\/el-riesgo-de-perder-el-saber-hacer-en-la-artesania-tradicional\\\/#article\",\"isPartOf\":{\"@id\":\"https:\\\/\\\/www.alumni.space\\\/es\\\/el-riesgo-de-perder-el-saber-hacer-en-la-artesania-tradicional\\\/\"},\"author\":{\"name\":\"admin\",\"@id\":\"https:\\\/\\\/www.alumni.space\\\/es\\\/#\\\/schema\\\/person\\\/fede362a57876edda476a61f05ce5b15\"},\"headline\":\"El riesgo de perder el saber hacer en la artesan\u00eda tradicional\",\"datePublished\":\"2024-11-25T08:02:50+00:00\",\"dateModified\":\"2026-04-02T12:08:43+00:00\",\"mainEntityOfPage\":{\"@id\":\"https:\\\/\\\/www.alumni.space\\\/es\\\/el-riesgo-de-perder-el-saber-hacer-en-la-artesania-tradicional\\\/\"},\"wordCount\":856,\"image\":{\"@id\":\"https:\\\/\\\/www.alumni.space\\\/es\\\/el-riesgo-de-perder-el-saber-hacer-en-la-artesania-tradicional\\\/#primaryimage\"},\"thumbnailUrl\":\"https:\\\/\\\/www.alumni.space\\\/wp-content\\\/uploads\\\/2026\\\/03\\\/Le-risque-de-perte-de-savoir-faire-dans-lartisanat-traditionnel.jpg\",\"articleSection\":[\"Intercambio de conocimientos\"],\"inLanguage\":\"es\"},{\"@type\":\"WebPage\",\"@id\":\"https:\\\/\\\/www.alumni.space\\\/es\\\/el-riesgo-de-perder-el-saber-hacer-en-la-artesania-tradicional\\\/\",\"url\":\"https:\\\/\\\/www.alumni.space\\\/es\\\/el-riesgo-de-perder-el-saber-hacer-en-la-artesania-tradicional\\\/\",\"name\":\"Salvar el saber hacer: el reto de la artesan\u00eda tradicional\",\"isPartOf\":{\"@id\":\"https:\\\/\\\/www.alumni.space\\\/es\\\/#website\"},\"primaryImageOfPage\":{\"@id\":\"https:\\\/\\\/www.alumni.space\\\/es\\\/el-riesgo-de-perder-el-saber-hacer-en-la-artesania-tradicional\\\/#primaryimage\"},\"image\":{\"@id\":\"https:\\\/\\\/www.alumni.space\\\/es\\\/el-riesgo-de-perder-el-saber-hacer-en-la-artesania-tradicional\\\/#primaryimage\"},\"thumbnailUrl\":\"https:\\\/\\\/www.alumni.space\\\/wp-content\\\/uploads\\\/2026\\\/03\\\/Le-risque-de-perte-de-savoir-faire-dans-lartisanat-traditionnel.jpg\",\"datePublished\":\"2024-11-25T08:02:50+00:00\",\"dateModified\":\"2026-04-02T12:08:43+00:00\",\"author\":{\"@id\":\"https:\\\/\\\/www.alumni.space\\\/es\\\/#\\\/schema\\\/person\\\/fede362a57876edda476a61f05ce5b15\"},\"description\":\"Inf\u00f3rmate sobre el riesgo de perder el saber hacer en la artesan\u00eda tradicional y sobre lo que se puede hacer para preservar este patrimonio \u00fanico.\",\"breadcrumb\":{\"@id\":\"https:\\\/\\\/www.alumni.space\\\/es\\\/el-riesgo-de-perder-el-saber-hacer-en-la-artesania-tradicional\\\/#breadcrumb\"},\"inLanguage\":\"es\",\"potentialAction\":[{\"@type\":\"ReadAction\",\"target\":[\"https:\\\/\\\/www.alumni.space\\\/es\\\/el-riesgo-de-perder-el-saber-hacer-en-la-artesania-tradicional\\\/\"]}]},{\"@type\":\"ImageObject\",\"inLanguage\":\"es\",\"@id\":\"https:\\\/\\\/www.alumni.space\\\/es\\\/el-riesgo-de-perder-el-saber-hacer-en-la-artesania-tradicional\\\/#primaryimage\",\"url\":\"https:\\\/\\\/www.alumni.space\\\/wp-content\\\/uploads\\\/2026\\\/03\\\/Le-risque-de-perte-de-savoir-faire-dans-lartisanat-traditionnel.jpg\",\"contentUrl\":\"https:\\\/\\\/www.alumni.space\\\/wp-content\\\/uploads\\\/2026\\\/03\\\/Le-risque-de-perte-de-savoir-faire-dans-lartisanat-traditionnel.jpg\",\"width\":1280,\"height\":768,\"caption\":\"Inf\u00f3rmate sobre los problemas que rodean a la p\u00e9rdida de conocimientos t\u00e9cnicos en la artesan\u00eda tradicional y la importancia de preservar estas habilidades \u00fanicas para las generaciones futuras.\"},{\"@type\":\"BreadcrumbList\",\"@id\":\"https:\\\/\\\/www.alumni.space\\\/es\\\/el-riesgo-de-perder-el-saber-hacer-en-la-artesania-tradicional\\\/#breadcrumb\",\"itemListElement\":[{\"@type\":\"ListItem\",\"position\":1,\"name\":\"Home\",\"item\":\"https:\\\/\\\/www.alumni.space\\\/es\\\/plataforma-de-tutoria-y-gestion-de-antiguos-alumnos\\\/\"},{\"@type\":\"ListItem\",\"position\":2,\"name\":\"El riesgo de perder el saber hacer en la artesan\u00eda tradicional\"}]},{\"@type\":\"WebSite\",\"@id\":\"https:\\\/\\\/www.alumni.space\\\/es\\\/#website\",\"url\":\"https:\\\/\\\/www.alumni.space\\\/es\\\/\",\"name\":\"Alumni.space\",\"description\":\"My WordPress Blog\",\"potentialAction\":[{\"@type\":\"SearchAction\",\"target\":{\"@type\":\"EntryPoint\",\"urlTemplate\":\"https:\\\/\\\/www.alumni.space\\\/es\\\/?s={search_term_string}\"},\"query-input\":{\"@type\":\"PropertyValueSpecification\",\"valueRequired\":true,\"valueName\":\"search_term_string\"}}],\"inLanguage\":\"es\"},{\"@type\":\"Person\",\"@id\":\"https:\\\/\\\/www.alumni.space\\\/es\\\/#\\\/schema\\\/person\\\/fede362a57876edda476a61f05ce5b15\",\"name\":\"admin\",\"image\":{\"@type\":\"ImageObject\",\"inLanguage\":\"es\",\"@id\":\"https:\\\/\\\/secure.gravatar.com\\\/avatar\\\/318e234ae94f90d4d629428d6b983c08e31181c28f579e08a021180d759ea651?s=96&d=mm&r=g\",\"url\":\"https:\\\/\\\/secure.gravatar.com\\\/avatar\\\/318e234ae94f90d4d629428d6b983c08e31181c28f579e08a021180d759ea651?s=96&d=mm&r=g\",\"contentUrl\":\"https:\\\/\\\/secure.gravatar.com\\\/avatar\\\/318e234ae94f90d4d629428d6b983c08e31181c28f579e08a021180d759ea651?s=96&d=mm&r=g\",\"caption\":\"admin\"},\"description\":\"Nicolas Laustriat a construit sa sp\u00e9cialit\u00e9 sur un sujet que beaucoup d\u2019organisations d\u00e9couvrent trop tard : ce qui dispara\u00eet quand les gens partent. Dipl\u00f4m\u00e9 en conception de produit industriel, il bifurque vers le digital fin 1996, il couvre les transformations marques, RH, la fid\u00e9lisation, la marque employeur. Sur le terrain, il rep\u00e8re un angle mort r\u00e9current : l\u2019entreprise investit dans le recrutement, la formation, les process\u2026 puis laisse filer le lien au moment du d\u00e9part, avec une perte de savoir et d\u2019influence qui se paie en silence. Il se sp\u00e9cialise alors sur les communaut\u00e9s d\u2019alumni, le mentorat, l\u2019entraide interg\u00e9n\u00e9rationnelle et la transmission d\u2019expertise. Il passe du \u201cconstat\u201d aux m\u00e9thodes : animation, gouvernance, segmentation, rituels, mesure d\u2019engagement, articulation avec la RSE et l\u2019employabilit\u00e9. Il interviewe DRH, responsables formation, directions d\u2019\u00e9coles, associations et fondations, avec une obsession : transformer un r\u00e9seau dormant en m\u00e9canisme utile (cooptation, mentorat, job board, entraide, \u00e9v\u00e9nements, contenus). Son style : direct, orient\u00e9 action, sans folklore. Sa conviction : une communaut\u00e9 n\u2019a pas besoin de bruit, elle a besoin de raisons de revenir.\",\"sameAs\":[\"https:\\\/\\\/www.alumni.space\"]}]}<\/script>\n<!-- \/ Yoast SEO plugin. -->","yoast_head_json":{"title":"Salvar el saber hacer: el reto de la artesan\u00eda tradicional","description":"Inf\u00f3rmate sobre el riesgo de perder el saber hacer en la artesan\u00eda tradicional y sobre lo que se puede hacer para preservar este patrimonio \u00fanico.","robots":{"index":"index","follow":"follow","max-snippet":"max-snippet:-1","max-image-preview":"max-image-preview:large","max-video-preview":"max-video-preview:-1"},"canonical":"https:\/\/www.alumni.space\/es\/el-riesgo-de-perder-el-saber-hacer-en-la-artesania-tradicional\/","og_locale":"es_ES","og_type":"article","og_title":"Salvar el saber hacer: el reto de la artesan\u00eda tradicional","og_description":"Inf\u00f3rmate sobre el riesgo de perder el saber hacer en la artesan\u00eda tradicional y sobre lo que se puede hacer para preservar este patrimonio \u00fanico.","og_url":"https:\/\/www.alumni.space\/es\/el-riesgo-de-perder-el-saber-hacer-en-la-artesania-tradicional\/","og_site_name":"Alumni.space","article_published_time":"2024-11-25T08:02:50+00:00","article_modified_time":"2026-04-02T12:08:43+00:00","og_image":[{"width":1280,"height":768,"url":"https:\/\/www.alumni.space\/wp-content\/uploads\/2026\/03\/Le-risque-de-perte-de-savoir-faire-dans-lartisanat-traditionnel.jpg","type":"image\/jpeg"}],"author":"admin","twitter_card":"summary_large_image","twitter_misc":{"Escrito por":"admin","Tiempo de lectura":"4 minutos"},"schema":{"@context":"https:\/\/schema.org","@graph":[{"@type":"Article","@id":"https:\/\/www.alumni.space\/es\/el-riesgo-de-perder-el-saber-hacer-en-la-artesania-tradicional\/#article","isPartOf":{"@id":"https:\/\/www.alumni.space\/es\/el-riesgo-de-perder-el-saber-hacer-en-la-artesania-tradicional\/"},"author":{"name":"admin","@id":"https:\/\/www.alumni.space\/es\/#\/schema\/person\/fede362a57876edda476a61f05ce5b15"},"headline":"El riesgo de perder el saber hacer en la artesan\u00eda tradicional","datePublished":"2024-11-25T08:02:50+00:00","dateModified":"2026-04-02T12:08:43+00:00","mainEntityOfPage":{"@id":"https:\/\/www.alumni.space\/es\/el-riesgo-de-perder-el-saber-hacer-en-la-artesania-tradicional\/"},"wordCount":856,"image":{"@id":"https:\/\/www.alumni.space\/es\/el-riesgo-de-perder-el-saber-hacer-en-la-artesania-tradicional\/#primaryimage"},"thumbnailUrl":"https:\/\/www.alumni.space\/wp-content\/uploads\/2026\/03\/Le-risque-de-perte-de-savoir-faire-dans-lartisanat-traditionnel.jpg","articleSection":["Intercambio de conocimientos"],"inLanguage":"es"},{"@type":"WebPage","@id":"https:\/\/www.alumni.space\/es\/el-riesgo-de-perder-el-saber-hacer-en-la-artesania-tradicional\/","url":"https:\/\/www.alumni.space\/es\/el-riesgo-de-perder-el-saber-hacer-en-la-artesania-tradicional\/","name":"Salvar el saber hacer: el reto de la artesan\u00eda tradicional","isPartOf":{"@id":"https:\/\/www.alumni.space\/es\/#website"},"primaryImageOfPage":{"@id":"https:\/\/www.alumni.space\/es\/el-riesgo-de-perder-el-saber-hacer-en-la-artesania-tradicional\/#primaryimage"},"image":{"@id":"https:\/\/www.alumni.space\/es\/el-riesgo-de-perder-el-saber-hacer-en-la-artesania-tradicional\/#primaryimage"},"thumbnailUrl":"https:\/\/www.alumni.space\/wp-content\/uploads\/2026\/03\/Le-risque-de-perte-de-savoir-faire-dans-lartisanat-traditionnel.jpg","datePublished":"2024-11-25T08:02:50+00:00","dateModified":"2026-04-02T12:08:43+00:00","author":{"@id":"https:\/\/www.alumni.space\/es\/#\/schema\/person\/fede362a57876edda476a61f05ce5b15"},"description":"Inf\u00f3rmate sobre el riesgo de perder el saber hacer en la artesan\u00eda tradicional y sobre lo que se puede hacer para preservar este patrimonio \u00fanico.","breadcrumb":{"@id":"https:\/\/www.alumni.space\/es\/el-riesgo-de-perder-el-saber-hacer-en-la-artesania-tradicional\/#breadcrumb"},"inLanguage":"es","potentialAction":[{"@type":"ReadAction","target":["https:\/\/www.alumni.space\/es\/el-riesgo-de-perder-el-saber-hacer-en-la-artesania-tradicional\/"]}]},{"@type":"ImageObject","inLanguage":"es","@id":"https:\/\/www.alumni.space\/es\/el-riesgo-de-perder-el-saber-hacer-en-la-artesania-tradicional\/#primaryimage","url":"https:\/\/www.alumni.space\/wp-content\/uploads\/2026\/03\/Le-risque-de-perte-de-savoir-faire-dans-lartisanat-traditionnel.jpg","contentUrl":"https:\/\/www.alumni.space\/wp-content\/uploads\/2026\/03\/Le-risque-de-perte-de-savoir-faire-dans-lartisanat-traditionnel.jpg","width":1280,"height":768,"caption":"Inf\u00f3rmate sobre los problemas que rodean a la p\u00e9rdida de conocimientos t\u00e9cnicos en la artesan\u00eda tradicional y la importancia de preservar estas habilidades \u00fanicas para las generaciones futuras."},{"@type":"BreadcrumbList","@id":"https:\/\/www.alumni.space\/es\/el-riesgo-de-perder-el-saber-hacer-en-la-artesania-tradicional\/#breadcrumb","itemListElement":[{"@type":"ListItem","position":1,"name":"Home","item":"https:\/\/www.alumni.space\/es\/plataforma-de-tutoria-y-gestion-de-antiguos-alumnos\/"},{"@type":"ListItem","position":2,"name":"El riesgo de perder el saber hacer en la artesan\u00eda tradicional"}]},{"@type":"WebSite","@id":"https:\/\/www.alumni.space\/es\/#website","url":"https:\/\/www.alumni.space\/es\/","name":"Alumni.space","description":"My WordPress Blog","potentialAction":[{"@type":"SearchAction","target":{"@type":"EntryPoint","urlTemplate":"https:\/\/www.alumni.space\/es\/?s={search_term_string}"},"query-input":{"@type":"PropertyValueSpecification","valueRequired":true,"valueName":"search_term_string"}}],"inLanguage":"es"},{"@type":"Person","@id":"https:\/\/www.alumni.space\/es\/#\/schema\/person\/fede362a57876edda476a61f05ce5b15","name":"admin","image":{"@type":"ImageObject","inLanguage":"es","@id":"https:\/\/secure.gravatar.com\/avatar\/318e234ae94f90d4d629428d6b983c08e31181c28f579e08a021180d759ea651?s=96&d=mm&r=g","url":"https:\/\/secure.gravatar.com\/avatar\/318e234ae94f90d4d629428d6b983c08e31181c28f579e08a021180d759ea651?s=96&d=mm&r=g","contentUrl":"https:\/\/secure.gravatar.com\/avatar\/318e234ae94f90d4d629428d6b983c08e31181c28f579e08a021180d759ea651?s=96&d=mm&r=g","caption":"admin"},"description":"Nicolas Laustriat a construit sa sp\u00e9cialit\u00e9 sur un sujet que beaucoup d\u2019organisations d\u00e9couvrent trop tard : ce qui dispara\u00eet quand les gens partent. Dipl\u00f4m\u00e9 en conception de produit industriel, il bifurque vers le digital fin 1996, il couvre les transformations marques, RH, la fid\u00e9lisation, la marque employeur. Sur le terrain, il rep\u00e8re un angle mort r\u00e9current : l\u2019entreprise investit dans le recrutement, la formation, les process\u2026 puis laisse filer le lien au moment du d\u00e9part, avec une perte de savoir et d\u2019influence qui se paie en silence. Il se sp\u00e9cialise alors sur les communaut\u00e9s d\u2019alumni, le mentorat, l\u2019entraide interg\u00e9n\u00e9rationnelle et la transmission d\u2019expertise. Il passe du \u201cconstat\u201d aux m\u00e9thodes : animation, gouvernance, segmentation, rituels, mesure d\u2019engagement, articulation avec la RSE et l\u2019employabilit\u00e9. Il interviewe DRH, responsables formation, directions d\u2019\u00e9coles, associations et fondations, avec une obsession : transformer un r\u00e9seau dormant en m\u00e9canisme utile (cooptation, mentorat, job board, entraide, \u00e9v\u00e9nements, contenus). Son style : direct, orient\u00e9 action, sans folklore. Sa conviction : une communaut\u00e9 n\u2019a pas besoin de bruit, elle a besoin de raisons de revenir.","sameAs":["https:\/\/www.alumni.space"]}]}},"_links":{"self":[{"href":"https:\/\/www.alumni.space\/es\/wp-json\/wp\/v2\/posts\/7238","targetHints":{"allow":["GET"]}}],"collection":[{"href":"https:\/\/www.alumni.space\/es\/wp-json\/wp\/v2\/posts"}],"about":[{"href":"https:\/\/www.alumni.space\/es\/wp-json\/wp\/v2\/types\/post"}],"author":[{"embeddable":true,"href":"https:\/\/www.alumni.space\/es\/wp-json\/wp\/v2\/users\/1"}],"replies":[{"embeddable":true,"href":"https:\/\/www.alumni.space\/es\/wp-json\/wp\/v2\/comments?post=7238"}],"version-history":[{"count":1,"href":"https:\/\/www.alumni.space\/es\/wp-json\/wp\/v2\/posts\/7238\/revisions"}],"predecessor-version":[{"id":7242,"href":"https:\/\/www.alumni.space\/es\/wp-json\/wp\/v2\/posts\/7238\/revisions\/7242"}],"wp:featuredmedia":[{"embeddable":true,"href":"https:\/\/www.alumni.space\/es\/wp-json\/wp\/v2\/media\/7240"}],"wp:attachment":[{"href":"https:\/\/www.alumni.space\/es\/wp-json\/wp\/v2\/media?parent=7238"}],"wp:term":[{"taxonomy":"category","embeddable":true,"href":"https:\/\/www.alumni.space\/es\/wp-json\/wp\/v2\/categories?post=7238"},{"taxonomy":"post_tag","embeddable":true,"href":"https:\/\/www.alumni.space\/es\/wp-json\/wp\/v2\/tags?post=7238"}],"curies":[{"name":"wp","href":"https:\/\/api.w.org\/{rel}","templated":true}]}}