{"id":7149,"date":"2024-06-11T12:43:00","date_gmt":"2024-06-11T12:43:00","guid":{"rendered":"https:\/\/www.alumni.space\/como-podemos-anticiparnos-a-la-perdida-de-competencias-poco-comunes-en-el-sector-de-la-construccion\/"},"modified":"2026-04-02T12:07:42","modified_gmt":"2026-04-02T12:07:42","slug":"como-podemos-anticiparnos-a-la-perdida-de-competencias-poco-comunes-en-el-sector-de-la-construccion","status":"publish","type":"post","link":"https:\/\/www.alumni.space\/es\/como-podemos-anticiparnos-a-la-perdida-de-competencias-poco-comunes-en-el-sector-de-la-construccion\/","title":{"rendered":"\u00bfC\u00f3mo podemos anticiparnos a la p\u00e9rdida de competencias poco comunes en el sector de la construcci\u00f3n?"},"content":{"rendered":"<div id=\"ez-toc-container\" class=\"ez-toc-v2_0_82_2 counter-flat ez-toc-counter ez-toc-grey ez-toc-container-direction\">\n<div class=\"ez-toc-title-container\"><p class=\"ez-toc-title\" style=\"cursor:inherit\">En este art\u00edculo se trata lo siguiente:<\/p>\n<\/div><nav><ul class='ez-toc-list ez-toc-list-level-1 ' ><li class='ez-toc-page-1'><a class=\"ez-toc-link ez-toc-heading-1\" href=\"https:\/\/www.alumni.space\/es\/como-podemos-anticiparnos-a-la-perdida-de-competencias-poco-comunes-en-el-sector-de-la-construccion\/#Anticiparse_a_la_perdida_de_competencias_poco_comunes_en_el_sector_de_la_construccion_para_asegurar_el_futuro\" >Anticiparse a la p\u00e9rdida de competencias poco comunes en el sector de la construcci\u00f3n para asegurar el futuro<\/a><\/li><li class='ez-toc-page-1'><a class=\"ez-toc-link ez-toc-heading-2\" href=\"https:\/\/www.alumni.space\/es\/como-podemos-anticiparnos-a-la-perdida-de-competencias-poco-comunes-en-el-sector-de-la-construccion\/#Contextualizar_la_perdida_de_conocimientos_tecnicos_un_reto_para_la_integracion_y_el_atractivo\" >Contextualizar la p\u00e9rdida de conocimientos t\u00e9cnicos: un reto para la integraci\u00f3n y el atractivo<\/a><\/li><li class='ez-toc-page-1'><a class=\"ez-toc-link ez-toc-heading-3\" href=\"https:\/\/www.alumni.space\/es\/como-podemos-anticiparnos-a-la-perdida-de-competencias-poco-comunes-en-el-sector-de-la-construccion\/#Estrategias_probadas_para_preservar_habilidades_poco_comunes_y_desarrollar_el_talento_interno\" >Estrategias probadas para preservar habilidades poco comunes y desarrollar el talento interno<\/a><\/li><li class='ez-toc-page-1'><a class=\"ez-toc-link ez-toc-heading-4\" href=\"https:\/\/www.alumni.space\/es\/como-podemos-anticiparnos-a-la-perdida-de-competencias-poco-comunes-en-el-sector-de-la-construccion\/#Repensar_los_metodos_de_contratacion_y_formacion_para_luchar_contra_la_desaparicion_de_las_competencias_raras\" >Repensar los m\u00e9todos de contrataci\u00f3n y formaci\u00f3n para luchar contra la desaparici\u00f3n de las competencias raras<\/a><\/li><li class='ez-toc-page-1'><a class=\"ez-toc-link ez-toc-heading-5\" href=\"https:\/\/www.alumni.space\/es\/como-podemos-anticiparnos-a-la-perdida-de-competencias-poco-comunes-en-el-sector-de-la-construccion\/#Apoyar_el_cambio_compromiso_sostenible_y_gestion_de_competencias\" >Apoyar el cambio: compromiso sostenible y gesti\u00f3n de competencias<\/a><\/li><\/ul><\/nav><\/div>\n<h2 class=\"wp-block-heading\"><span class=\"ez-toc-section\" id=\"Anticiparse_a_la_perdida_de_competencias_poco_comunes_en_el_sector_de_la_construccion_para_asegurar_el_futuro\"><\/span>Anticiparse a la p\u00e9rdida de competencias poco comunes en el sector de la construcci\u00f3n para asegurar el futuro<span class=\"ez-toc-section-end\"><\/span><\/h2><p>En el sector de <strong>la construcci\u00f3n<\/strong>, la <strong>escasez de competencias<\/strong> cualificadas est\u00e1 socavando la continuidad operativa de las empresas. La p\u00e9rdida de competencias poco comunes, a menudo combinada con la marcha masiva de empleados experimentados, amenaza la calidad del trabajo y la competitividad. Ante este reto, la atenci\u00f3n a la <strong>gesti\u00f3n del talento<\/strong> y a la <strong>transferencia de conocimientos<\/strong> se est\u00e1 volviendo crucial para la supervivencia a largo plazo de la empresa.  <\/p><figure class=\"wp-block-image size-full\"><img decoding=\"async\" width=\"1280\" height=\"768\" src=\"https:\/\/www.alumni.space\/wp-content\/uploads\/2026\/03\/Comment-anticiper-la-perte-des-competences-rares-dans-le-batiment-1-1.jpg\" data-orig-src=\"https:\/\/www.alumni.space\/wp-content\/uploads\/2026\/03\/Comment-anticiper-la-perte-des-competences-rares-dans-le-batiment-1-1.jpg\" alt=\"descubre c\u00f3mo anticipar y gestionar la p\u00e9rdida de competencias poco comunes en el sector de la construcci\u00f3n para garantizar el futuro a largo plazo de tus proyectos y la transferencia de conocimientos t\u00e9cnicos.\" class=\"lazyload wp-image-3234\" srcset=\"data:image\/svg+xml,%3Csvg%20xmlns%3D%27http%3A%2F%2Fwww.w3.org%2F2000%2Fsvg%27%20width%3D%271280%27%20height%3D%27768%27%20viewBox%3D%270%200%201280%20768%27%3E%3Crect%20width%3D%271280%27%20height%3D%27768%27%20fill-opacity%3D%220%22%2F%3E%3C%2Fsvg%3E\" data-srcset=\"https:\/\/www.alumni.space\/wp-content\/uploads\/2026\/03\/Comment-anticiper-la-perte-des-competences-rares-dans-le-batiment-1-1-200x120.jpg 200w, https:\/\/www.alumni.space\/wp-content\/uploads\/2026\/03\/Comment-anticiper-la-perte-des-competences-rares-dans-le-batiment-1-1-300x180.jpg 300w, https:\/\/www.alumni.space\/wp-content\/uploads\/2026\/03\/Comment-anticiper-la-perte-des-competences-rares-dans-le-batiment-1-1-400x240.jpg 400w, https:\/\/www.alumni.space\/wp-content\/uploads\/2026\/03\/Comment-anticiper-la-perte-des-competences-rares-dans-le-batiment-1-1-600x360.jpg 600w, https:\/\/www.alumni.space\/wp-content\/uploads\/2026\/03\/Comment-anticiper-la-perte-des-competences-rares-dans-le-batiment-1-1-768x461.jpg 768w, https:\/\/www.alumni.space\/wp-content\/uploads\/2026\/03\/Comment-anticiper-la-perte-des-competences-rares-dans-le-batiment-1-1-800x480.jpg 800w, https:\/\/www.alumni.space\/wp-content\/uploads\/2026\/03\/Comment-anticiper-la-perte-des-competences-rares-dans-le-batiment-1-1-1024x614.jpg 1024w, https:\/\/www.alumni.space\/wp-content\/uploads\/2026\/03\/Comment-anticiper-la-perte-des-competences-rares-dans-le-batiment-1-1-1200x720.jpg 1200w, https:\/\/www.alumni.space\/wp-content\/uploads\/2026\/03\/Comment-anticiper-la-perte-des-competences-rares-dans-le-batiment-1-1.jpg 1280w\" data-sizes=\"auto\" data-orig-sizes=\"(max-width: 1280px) 100vw, 1280px\" \/><\/figure><h3 class=\"wp-block-heading\"><span class=\"ez-toc-section\" id=\"Contextualizar_la_perdida_de_conocimientos_tecnicos_un_reto_para_la_integracion_y_el_atractivo\"><\/span>Contextualizar la p\u00e9rdida de conocimientos t\u00e9cnicos: un reto para la integraci\u00f3n y el atractivo<span class=\"ez-toc-section-end\"><\/span><\/h3><p>Hist\u00f3ricamente, el <strong>sector de la construcci\u00f3n<\/strong> se ha basado en competencias t\u00e9cnicas espec\u00edficas, fruto de un largo aprendizaje y de una considerable experiencia en el puesto de trabajo. De aqu\u00ed a 2026, la tendencia a <strong>sustituir los oficios cualificados por perfiles menos especializados<\/strong> va en aumento, penalizando el mantenimiento de los conocimientos t\u00e9cnicos tradicionales. Esta desafecci\u00f3n, combinada con el <strong>envejecimiento de los equipos<\/strong> y la creciente dificultad de <strong>contrataci\u00f3n especializada<\/strong>, est\u00e1 creando un desfase entre las necesidades operativas y los recursos humanos disponibles.  <\/p><p>Sectores como la alba\u00f1iler\u00eda y la construcci\u00f3n de tejados, que se enfrentan a un importante descenso del n\u00famero de profesionales cualificados, son buenos ejemplos de este fen\u00f3meno. Este desequilibrio est\u00e1 provocando <strong>retrasos en las obras<\/strong> y <strong>costes m\u00e1s elevados<\/strong> debido a la necesidad de subcontratar o recurrir en gran medida a trabajadores temporales. Si no se aborda este problema, existe un riesgo real de <strong>perder negocios<\/strong>. Esta din\u00e1mica se detalla en los an\u00e1lisis econ\u00f3micos y sociales del sector de la construcci\u00f3n, como los disponibles en <a href=\"https:\/\/www.alumni.space\/es\/como-podemos-anticiparnos-a-la-perdida-de-competencias-poco-comunes-en-el-sector-de-la-construccion\/\">alumni.space<\/a>.   <\/p><h3 class=\"wp-block-heading\"><span class=\"ez-toc-section\" id=\"Estrategias_probadas_para_preservar_habilidades_poco_comunes_y_desarrollar_el_talento_interno\"><\/span>Estrategias probadas para preservar habilidades poco comunes y desarrollar el talento interno<span class=\"ez-toc-section-end\"><\/span><\/h3><p>Las empresas comprometidas con una pol\u00edtica activa de <strong>formaci\u00f3n continua<\/strong> pueden invertir esta tendencia. Un enfoque eficaz se basa en varias acciones complementarias:   <\/p><p>En primer lugar, la introducci\u00f3n de programas <strong>de tutor\u00eda<\/strong> y emparejamientos intergeneracionales fomenta la <strong>transmisi\u00f3n de conocimientos<\/strong> m\u00e1s all\u00e1 de las herramientas tradicionales. Estas iniciativas refuerzan el sentimiento de pertenencia y facilitan la integraci\u00f3n de los j\u00f3venes reclutas, mejorando la <strong>retenci\u00f3n de competencias<\/strong> poco comunes. <\/p><p>En segundo lugar, la elaboraci\u00f3n de un <strong>mapa de competencias cr\u00edticas<\/strong> dentro de los equipos permite identificar las competencias en riesgo y anticipar las bajas. Junto con un seguimiento riguroso de los indicadores clave de rendimiento (KPI), este enfoque optimiza la planificaci\u00f3n de la formaci\u00f3n y la contrataci\u00f3n selectiva. <\/p><p>Por \u00faltimo, la democratizaci\u00f3n de las plataformas digitales de gesti\u00f3n comunitaria, como<a href=\"https:\/\/www.alumni.space\/es\/la-importancia-de-la-memoria-organizativa-para-limitar-la-perdida-de-conocimientos\/\">alumni.space<\/a>, facilita los v\u00ednculos entre antiguos y nuevos empleados, despliega redes de autoayuda y potencia el intercambio de buenas pr\u00e1cticas. Esta estrategia innovadora refuerza la memoria organizativa y limita la p\u00e9rdida de conocimientos. <\/p><h2 class=\"wp-block-heading\"><span class=\"ez-toc-section\" id=\"Repensar_los_metodos_de_contratacion_y_formacion_para_luchar_contra_la_desaparicion_de_las_competencias_raras\"><\/span>Repensar los m\u00e9todos de contrataci\u00f3n y formaci\u00f3n para luchar contra la desaparici\u00f3n de las competencias raras<span class=\"ez-toc-section-end\"><\/span><\/h2><p>Una respuesta eficaz a la escasez de competencias en el sector de la construcci\u00f3n pasa tambi\u00e9n por diversificar los perfiles contratados. El sector se beneficiar\u00e1 de aprovechar al m\u00e1ximo las trayectorias profesionales at\u00edpicas y de adaptar los cursos de formaci\u00f3n profesional a los nuevos grupos destinatarios. <\/p><p>Los planes de aprendizaje modulares y certificadores fomentan un aumento m\u00e1s r\u00e1pido de las cualificaciones, facilitando la integraci\u00f3n de los solicitantes de empleo y los profesionales de otros or\u00edgenes. Al mismo tiempo, la mayor apertura a la mano de obra extranjera cualificada est\u00e1 compensando parcialmente el declive demogr\u00e1fico local. Sin embargo, esta pol\u00edtica debe combinarse con una pol\u00edtica de inclusi\u00f3n dirigida tambi\u00e9n a las mujeres y a las personas alejadas del empleo.  <\/p><p>La lucha contra la<strong>obsolescencia de las competencias<\/strong> y el reciclaje de los equipos son esenciales en un contexto de r\u00e1pidos cambios t\u00e9cnicos, especialmente vinculados a la transici\u00f3n energ\u00e9tica y a las normas medioambientales. Las empresas que traducen estos retos en rituales regulares de formaci\u00f3n y evaluaci\u00f3n se aseguran una ventaja competitiva sostenible, como indican varios informes profesionales recogidos en <a href=\"https:\/\/culture-rh.com\/competences-obsoletes\/\">culture-rh.com.<\/a> <\/p><h3 class=\"wp-block-heading\"><span class=\"ez-toc-section\" id=\"Apoyar_el_cambio_compromiso_sostenible_y_gestion_de_competencias\"><\/span>Apoyar el cambio: compromiso sostenible y gesti\u00f3n de competencias<span class=\"ez-toc-section-end\"><\/span><\/h3><p>En el centro de una estrategia resiliente est\u00e1 la movilizaci\u00f3n activa de los trabajadores en torno a los retos de la p\u00e9rdida de capacidades. Proporcionar informaci\u00f3n transparente sobre la situaci\u00f3n, implicar a los representantes de los trabajadores desde la fase de an\u00e1lisis y establecer un di\u00e1logo regular consolidan la confianza. Este clima de asesoramiento y escucha es necesario para evitar la volatilidad del talento escaso.  <\/p><p>En la pr\u00e1ctica, los rituales de seguimiento, la introducci\u00f3n de indicadores adecuados y la capacitaci\u00f3n de los directivos son palancas para automatizar ciertos procesos, sobre todo en la gesti\u00f3n de la formaci\u00f3n y las trayectorias profesionales. Alineando tus esfuerzos de desarrollo de competencias con tus objetivos estrat\u00e9gicos, podr\u00e1s mantener los costes bajo control y anticiparte a los riesgos de interrupci\u00f3n. <\/p><p>Este enfoque se adapta perfectamente al uso de una plataforma colaborativa SaaS, que re\u00fane perfiles, eventos, ofertas y recursos documentales. Apoya eficazmente la construcci\u00f3n de una <strong>comunidad dentro de la organizaci\u00f3n<\/strong>, un vector de intercambios y el impulso colectivo indispensable para mantener un saber hacer poco com\u00fan. <\/p>","protected":false},"excerpt":{"rendered":"<p>Anticiparse a la p\u00e9rdida de competencias poco comunes en el  [&#8230;]<\/p>\n","protected":false},"author":1,"featured_media":7151,"comment_status":"closed","ping_status":"","sticky":false,"template":"","format":"standard","meta":{"_ayudawp_aiss_exclude":false,"footnotes":""},"categories":[75],"tags":[],"class_list":["post-7149","post","type-post","status-publish","format-standard","has-post-thumbnail","hentry","category-recursos-humanos"],"yoast_head":"<!-- This site is optimized with the Yoast SEO plugin v27.4 - https:\/\/yoast.com\/product\/yoast-seo-wordpress\/ -->\n<title>Evitar la p\u00e9rdida de competencias poco comunes en el sector de la construcci\u00f3n<\/title>\n<meta name=\"description\" content=\"Descubre c\u00f3mo anticipar y gestionar la p\u00e9rdida de competencias poco frecuentes en el sector de la construcci\u00f3n para garantizar la continuidad y la calidad de los proyectos.\" \/>\n<meta name=\"robots\" content=\"index, follow, max-snippet:-1, max-image-preview:large, max-video-preview:-1\" \/>\n<link rel=\"canonical\" href=\"https:\/\/www.alumni.space\/es\/como-podemos-anticiparnos-a-la-perdida-de-competencias-poco-comunes-en-el-sector-de-la-construccion\/\" \/>\n<meta property=\"og:locale\" content=\"es_ES\" \/>\n<meta property=\"og:type\" content=\"article\" \/>\n<meta property=\"og:title\" content=\"Evitar la p\u00e9rdida de competencias poco comunes en el sector de la construcci\u00f3n\" \/>\n<meta property=\"og:description\" content=\"Descubre c\u00f3mo anticipar y gestionar la p\u00e9rdida de competencias poco frecuentes en el sector de la construcci\u00f3n para garantizar la continuidad y la calidad de los proyectos.\" \/>\n<meta property=\"og:url\" content=\"https:\/\/www.alumni.space\/es\/como-podemos-anticiparnos-a-la-perdida-de-competencias-poco-comunes-en-el-sector-de-la-construccion\/\" \/>\n<meta property=\"og:site_name\" content=\"Alumni.space\" \/>\n<meta property=\"article:published_time\" content=\"2024-06-11T12:43:00+00:00\" \/>\n<meta property=\"article:modified_time\" content=\"2026-04-02T12:07:42+00:00\" \/>\n<meta property=\"og:image\" content=\"https:\/\/www.alumni.space\/wp-content\/uploads\/2026\/03\/Comment-anticiper-la-perte-des-competences-rares-dans-le-batiment-.jpg\" \/>\n\t<meta property=\"og:image:width\" content=\"1280\" \/>\n\t<meta property=\"og:image:height\" content=\"768\" \/>\n\t<meta property=\"og:image:type\" content=\"image\/jpeg\" \/>\n<meta name=\"author\" content=\"admin\" \/>\n<meta name=\"twitter:card\" content=\"summary_large_image\" \/>\n<meta name=\"twitter:label1\" content=\"Escrito por\" \/>\n\t<meta name=\"twitter:data1\" content=\"admin\" \/>\n\t<meta name=\"twitter:label2\" content=\"Tiempo de lectura\" \/>\n\t<meta name=\"twitter:data2\" content=\"5 minutos\" \/>\n<script type=\"application\/ld+json\" class=\"yoast-schema-graph\">{\"@context\":\"https:\\\/\\\/schema.org\",\"@graph\":[{\"@type\":\"Article\",\"@id\":\"https:\\\/\\\/www.alumni.space\\\/es\\\/como-podemos-anticiparnos-a-la-perdida-de-competencias-poco-comunes-en-el-sector-de-la-construccion\\\/#article\",\"isPartOf\":{\"@id\":\"https:\\\/\\\/www.alumni.space\\\/es\\\/como-podemos-anticiparnos-a-la-perdida-de-competencias-poco-comunes-en-el-sector-de-la-construccion\\\/\"},\"author\":{\"name\":\"admin\",\"@id\":\"https:\\\/\\\/www.alumni.space\\\/es\\\/#\\\/schema\\\/person\\\/fede362a57876edda476a61f05ce5b15\"},\"headline\":\"\u00bfC\u00f3mo podemos anticiparnos a la p\u00e9rdida de competencias poco comunes en el sector de la construcci\u00f3n?\",\"datePublished\":\"2024-06-11T12:43:00+00:00\",\"dateModified\":\"2026-04-02T12:07:42+00:00\",\"mainEntityOfPage\":{\"@id\":\"https:\\\/\\\/www.alumni.space\\\/es\\\/como-podemos-anticiparnos-a-la-perdida-de-competencias-poco-comunes-en-el-sector-de-la-construccion\\\/\"},\"wordCount\":930,\"image\":{\"@id\":\"https:\\\/\\\/www.alumni.space\\\/es\\\/como-podemos-anticiparnos-a-la-perdida-de-competencias-poco-comunes-en-el-sector-de-la-construccion\\\/#primaryimage\"},\"thumbnailUrl\":\"https:\\\/\\\/www.alumni.space\\\/wp-content\\\/uploads\\\/2026\\\/03\\\/Comment-anticiper-la-perte-des-competences-rares-dans-le-batiment-.jpg\",\"articleSection\":[\"Recursos Humanos\"],\"inLanguage\":\"es\"},{\"@type\":\"WebPage\",\"@id\":\"https:\\\/\\\/www.alumni.space\\\/es\\\/como-podemos-anticiparnos-a-la-perdida-de-competencias-poco-comunes-en-el-sector-de-la-construccion\\\/\",\"url\":\"https:\\\/\\\/www.alumni.space\\\/es\\\/como-podemos-anticiparnos-a-la-perdida-de-competencias-poco-comunes-en-el-sector-de-la-construccion\\\/\",\"name\":\"Evitar la p\u00e9rdida de competencias poco comunes en el sector de la construcci\u00f3n\",\"isPartOf\":{\"@id\":\"https:\\\/\\\/www.alumni.space\\\/es\\\/#website\"},\"primaryImageOfPage\":{\"@id\":\"https:\\\/\\\/www.alumni.space\\\/es\\\/como-podemos-anticiparnos-a-la-perdida-de-competencias-poco-comunes-en-el-sector-de-la-construccion\\\/#primaryimage\"},\"image\":{\"@id\":\"https:\\\/\\\/www.alumni.space\\\/es\\\/como-podemos-anticiparnos-a-la-perdida-de-competencias-poco-comunes-en-el-sector-de-la-construccion\\\/#primaryimage\"},\"thumbnailUrl\":\"https:\\\/\\\/www.alumni.space\\\/wp-content\\\/uploads\\\/2026\\\/03\\\/Comment-anticiper-la-perte-des-competences-rares-dans-le-batiment-.jpg\",\"datePublished\":\"2024-06-11T12:43:00+00:00\",\"dateModified\":\"2026-04-02T12:07:42+00:00\",\"author\":{\"@id\":\"https:\\\/\\\/www.alumni.space\\\/es\\\/#\\\/schema\\\/person\\\/fede362a57876edda476a61f05ce5b15\"},\"description\":\"Descubre c\u00f3mo anticipar y gestionar la p\u00e9rdida de competencias poco frecuentes en el sector de la construcci\u00f3n para garantizar la continuidad y la calidad de los proyectos.\",\"breadcrumb\":{\"@id\":\"https:\\\/\\\/www.alumni.space\\\/es\\\/como-podemos-anticiparnos-a-la-perdida-de-competencias-poco-comunes-en-el-sector-de-la-construccion\\\/#breadcrumb\"},\"inLanguage\":\"es\",\"potentialAction\":[{\"@type\":\"ReadAction\",\"target\":[\"https:\\\/\\\/www.alumni.space\\\/es\\\/como-podemos-anticiparnos-a-la-perdida-de-competencias-poco-comunes-en-el-sector-de-la-construccion\\\/\"]}]},{\"@type\":\"ImageObject\",\"inLanguage\":\"es\",\"@id\":\"https:\\\/\\\/www.alumni.space\\\/es\\\/como-podemos-anticiparnos-a-la-perdida-de-competencias-poco-comunes-en-el-sector-de-la-construccion\\\/#primaryimage\",\"url\":\"https:\\\/\\\/www.alumni.space\\\/wp-content\\\/uploads\\\/2026\\\/03\\\/Comment-anticiper-la-perte-des-competences-rares-dans-le-batiment-.jpg\",\"contentUrl\":\"https:\\\/\\\/www.alumni.space\\\/wp-content\\\/uploads\\\/2026\\\/03\\\/Comment-anticiper-la-perte-des-competences-rares-dans-le-batiment-.jpg\",\"width\":1280,\"height\":768,\"caption\":\"averiguar c\u00f3mo anticipar y gestionar la p\u00e9rdida de competencias escasas en el sector de la construcci\u00f3n para garantizar la continuidad y la calidad de los proyectos.\"},{\"@type\":\"BreadcrumbList\",\"@id\":\"https:\\\/\\\/www.alumni.space\\\/es\\\/como-podemos-anticiparnos-a-la-perdida-de-competencias-poco-comunes-en-el-sector-de-la-construccion\\\/#breadcrumb\",\"itemListElement\":[{\"@type\":\"ListItem\",\"position\":1,\"name\":\"Home\",\"item\":\"https:\\\/\\\/www.alumni.space\\\/es\\\/plataforma-de-tutoria-y-gestion-de-antiguos-alumnos\\\/\"},{\"@type\":\"ListItem\",\"position\":2,\"name\":\"\u00bfC\u00f3mo podemos anticiparnos a la p\u00e9rdida de competencias poco comunes en el sector de la construcci\u00f3n?\"}]},{\"@type\":\"WebSite\",\"@id\":\"https:\\\/\\\/www.alumni.space\\\/es\\\/#website\",\"url\":\"https:\\\/\\\/www.alumni.space\\\/es\\\/\",\"name\":\"Alumni.space\",\"description\":\"My WordPress Blog\",\"potentialAction\":[{\"@type\":\"SearchAction\",\"target\":{\"@type\":\"EntryPoint\",\"urlTemplate\":\"https:\\\/\\\/www.alumni.space\\\/es\\\/?s={search_term_string}\"},\"query-input\":{\"@type\":\"PropertyValueSpecification\",\"valueRequired\":true,\"valueName\":\"search_term_string\"}}],\"inLanguage\":\"es\"},{\"@type\":\"Person\",\"@id\":\"https:\\\/\\\/www.alumni.space\\\/es\\\/#\\\/schema\\\/person\\\/fede362a57876edda476a61f05ce5b15\",\"name\":\"admin\",\"image\":{\"@type\":\"ImageObject\",\"inLanguage\":\"es\",\"@id\":\"https:\\\/\\\/secure.gravatar.com\\\/avatar\\\/318e234ae94f90d4d629428d6b983c08e31181c28f579e08a021180d759ea651?s=96&d=mm&r=g\",\"url\":\"https:\\\/\\\/secure.gravatar.com\\\/avatar\\\/318e234ae94f90d4d629428d6b983c08e31181c28f579e08a021180d759ea651?s=96&d=mm&r=g\",\"contentUrl\":\"https:\\\/\\\/secure.gravatar.com\\\/avatar\\\/318e234ae94f90d4d629428d6b983c08e31181c28f579e08a021180d759ea651?s=96&d=mm&r=g\",\"caption\":\"admin\"},\"description\":\"Nicolas Laustriat a construit sa sp\u00e9cialit\u00e9 sur un sujet que beaucoup d\u2019organisations d\u00e9couvrent trop tard : ce qui dispara\u00eet quand les gens partent. Dipl\u00f4m\u00e9 en conception de produit industriel, il bifurque vers le digital fin 1996, il couvre les transformations marques, RH, la fid\u00e9lisation, la marque employeur. Sur le terrain, il rep\u00e8re un angle mort r\u00e9current : l\u2019entreprise investit dans le recrutement, la formation, les process\u2026 puis laisse filer le lien au moment du d\u00e9part, avec une perte de savoir et d\u2019influence qui se paie en silence. Il se sp\u00e9cialise alors sur les communaut\u00e9s d\u2019alumni, le mentorat, l\u2019entraide interg\u00e9n\u00e9rationnelle et la transmission d\u2019expertise. Il passe du \u201cconstat\u201d aux m\u00e9thodes : animation, gouvernance, segmentation, rituels, mesure d\u2019engagement, articulation avec la RSE et l\u2019employabilit\u00e9. Il interviewe DRH, responsables formation, directions d\u2019\u00e9coles, associations et fondations, avec une obsession : transformer un r\u00e9seau dormant en m\u00e9canisme utile (cooptation, mentorat, job board, entraide, \u00e9v\u00e9nements, contenus). Son style : direct, orient\u00e9 action, sans folklore. Sa conviction : une communaut\u00e9 n\u2019a pas besoin de bruit, elle a besoin de raisons de revenir.\",\"sameAs\":[\"https:\\\/\\\/www.alumni.space\"]}]}<\/script>\n<!-- \/ Yoast SEO plugin. -->","yoast_head_json":{"title":"Evitar la p\u00e9rdida de competencias poco comunes en el sector de la construcci\u00f3n","description":"Descubre c\u00f3mo anticipar y gestionar la p\u00e9rdida de competencias poco frecuentes en el sector de la construcci\u00f3n para garantizar la continuidad y la calidad de los proyectos.","robots":{"index":"index","follow":"follow","max-snippet":"max-snippet:-1","max-image-preview":"max-image-preview:large","max-video-preview":"max-video-preview:-1"},"canonical":"https:\/\/www.alumni.space\/es\/como-podemos-anticiparnos-a-la-perdida-de-competencias-poco-comunes-en-el-sector-de-la-construccion\/","og_locale":"es_ES","og_type":"article","og_title":"Evitar la p\u00e9rdida de competencias poco comunes en el sector de la construcci\u00f3n","og_description":"Descubre c\u00f3mo anticipar y gestionar la p\u00e9rdida de competencias poco frecuentes en el sector de la construcci\u00f3n para garantizar la continuidad y la calidad de los proyectos.","og_url":"https:\/\/www.alumni.space\/es\/como-podemos-anticiparnos-a-la-perdida-de-competencias-poco-comunes-en-el-sector-de-la-construccion\/","og_site_name":"Alumni.space","article_published_time":"2024-06-11T12:43:00+00:00","article_modified_time":"2026-04-02T12:07:42+00:00","og_image":[{"width":1280,"height":768,"url":"https:\/\/www.alumni.space\/wp-content\/uploads\/2026\/03\/Comment-anticiper-la-perte-des-competences-rares-dans-le-batiment-.jpg","type":"image\/jpeg"}],"author":"admin","twitter_card":"summary_large_image","twitter_misc":{"Escrito por":"admin","Tiempo de lectura":"5 minutos"},"schema":{"@context":"https:\/\/schema.org","@graph":[{"@type":"Article","@id":"https:\/\/www.alumni.space\/es\/como-podemos-anticiparnos-a-la-perdida-de-competencias-poco-comunes-en-el-sector-de-la-construccion\/#article","isPartOf":{"@id":"https:\/\/www.alumni.space\/es\/como-podemos-anticiparnos-a-la-perdida-de-competencias-poco-comunes-en-el-sector-de-la-construccion\/"},"author":{"name":"admin","@id":"https:\/\/www.alumni.space\/es\/#\/schema\/person\/fede362a57876edda476a61f05ce5b15"},"headline":"\u00bfC\u00f3mo podemos anticiparnos a la p\u00e9rdida de competencias poco comunes en el sector de la construcci\u00f3n?","datePublished":"2024-06-11T12:43:00+00:00","dateModified":"2026-04-02T12:07:42+00:00","mainEntityOfPage":{"@id":"https:\/\/www.alumni.space\/es\/como-podemos-anticiparnos-a-la-perdida-de-competencias-poco-comunes-en-el-sector-de-la-construccion\/"},"wordCount":930,"image":{"@id":"https:\/\/www.alumni.space\/es\/como-podemos-anticiparnos-a-la-perdida-de-competencias-poco-comunes-en-el-sector-de-la-construccion\/#primaryimage"},"thumbnailUrl":"https:\/\/www.alumni.space\/wp-content\/uploads\/2026\/03\/Comment-anticiper-la-perte-des-competences-rares-dans-le-batiment-.jpg","articleSection":["Recursos Humanos"],"inLanguage":"es"},{"@type":"WebPage","@id":"https:\/\/www.alumni.space\/es\/como-podemos-anticiparnos-a-la-perdida-de-competencias-poco-comunes-en-el-sector-de-la-construccion\/","url":"https:\/\/www.alumni.space\/es\/como-podemos-anticiparnos-a-la-perdida-de-competencias-poco-comunes-en-el-sector-de-la-construccion\/","name":"Evitar la p\u00e9rdida de competencias poco comunes en el sector de la construcci\u00f3n","isPartOf":{"@id":"https:\/\/www.alumni.space\/es\/#website"},"primaryImageOfPage":{"@id":"https:\/\/www.alumni.space\/es\/como-podemos-anticiparnos-a-la-perdida-de-competencias-poco-comunes-en-el-sector-de-la-construccion\/#primaryimage"},"image":{"@id":"https:\/\/www.alumni.space\/es\/como-podemos-anticiparnos-a-la-perdida-de-competencias-poco-comunes-en-el-sector-de-la-construccion\/#primaryimage"},"thumbnailUrl":"https:\/\/www.alumni.space\/wp-content\/uploads\/2026\/03\/Comment-anticiper-la-perte-des-competences-rares-dans-le-batiment-.jpg","datePublished":"2024-06-11T12:43:00+00:00","dateModified":"2026-04-02T12:07:42+00:00","author":{"@id":"https:\/\/www.alumni.space\/es\/#\/schema\/person\/fede362a57876edda476a61f05ce5b15"},"description":"Descubre c\u00f3mo anticipar y gestionar la p\u00e9rdida de competencias poco frecuentes en el sector de la construcci\u00f3n para garantizar la continuidad y la calidad de los proyectos.","breadcrumb":{"@id":"https:\/\/www.alumni.space\/es\/como-podemos-anticiparnos-a-la-perdida-de-competencias-poco-comunes-en-el-sector-de-la-construccion\/#breadcrumb"},"inLanguage":"es","potentialAction":[{"@type":"ReadAction","target":["https:\/\/www.alumni.space\/es\/como-podemos-anticiparnos-a-la-perdida-de-competencias-poco-comunes-en-el-sector-de-la-construccion\/"]}]},{"@type":"ImageObject","inLanguage":"es","@id":"https:\/\/www.alumni.space\/es\/como-podemos-anticiparnos-a-la-perdida-de-competencias-poco-comunes-en-el-sector-de-la-construccion\/#primaryimage","url":"https:\/\/www.alumni.space\/wp-content\/uploads\/2026\/03\/Comment-anticiper-la-perte-des-competences-rares-dans-le-batiment-.jpg","contentUrl":"https:\/\/www.alumni.space\/wp-content\/uploads\/2026\/03\/Comment-anticiper-la-perte-des-competences-rares-dans-le-batiment-.jpg","width":1280,"height":768,"caption":"averiguar c\u00f3mo anticipar y gestionar la p\u00e9rdida de competencias escasas en el sector de la construcci\u00f3n para garantizar la continuidad y la calidad de los proyectos."},{"@type":"BreadcrumbList","@id":"https:\/\/www.alumni.space\/es\/como-podemos-anticiparnos-a-la-perdida-de-competencias-poco-comunes-en-el-sector-de-la-construccion\/#breadcrumb","itemListElement":[{"@type":"ListItem","position":1,"name":"Home","item":"https:\/\/www.alumni.space\/es\/plataforma-de-tutoria-y-gestion-de-antiguos-alumnos\/"},{"@type":"ListItem","position":2,"name":"\u00bfC\u00f3mo podemos anticiparnos a la p\u00e9rdida de competencias poco comunes en el sector de la construcci\u00f3n?"}]},{"@type":"WebSite","@id":"https:\/\/www.alumni.space\/es\/#website","url":"https:\/\/www.alumni.space\/es\/","name":"Alumni.space","description":"My WordPress Blog","potentialAction":[{"@type":"SearchAction","target":{"@type":"EntryPoint","urlTemplate":"https:\/\/www.alumni.space\/es\/?s={search_term_string}"},"query-input":{"@type":"PropertyValueSpecification","valueRequired":true,"valueName":"search_term_string"}}],"inLanguage":"es"},{"@type":"Person","@id":"https:\/\/www.alumni.space\/es\/#\/schema\/person\/fede362a57876edda476a61f05ce5b15","name":"admin","image":{"@type":"ImageObject","inLanguage":"es","@id":"https:\/\/secure.gravatar.com\/avatar\/318e234ae94f90d4d629428d6b983c08e31181c28f579e08a021180d759ea651?s=96&d=mm&r=g","url":"https:\/\/secure.gravatar.com\/avatar\/318e234ae94f90d4d629428d6b983c08e31181c28f579e08a021180d759ea651?s=96&d=mm&r=g","contentUrl":"https:\/\/secure.gravatar.com\/avatar\/318e234ae94f90d4d629428d6b983c08e31181c28f579e08a021180d759ea651?s=96&d=mm&r=g","caption":"admin"},"description":"Nicolas Laustriat a construit sa sp\u00e9cialit\u00e9 sur un sujet que beaucoup d\u2019organisations d\u00e9couvrent trop tard : ce qui dispara\u00eet quand les gens partent. Dipl\u00f4m\u00e9 en conception de produit industriel, il bifurque vers le digital fin 1996, il couvre les transformations marques, RH, la fid\u00e9lisation, la marque employeur. Sur le terrain, il rep\u00e8re un angle mort r\u00e9current : l\u2019entreprise investit dans le recrutement, la formation, les process\u2026 puis laisse filer le lien au moment du d\u00e9part, avec une perte de savoir et d\u2019influence qui se paie en silence. Il se sp\u00e9cialise alors sur les communaut\u00e9s d\u2019alumni, le mentorat, l\u2019entraide interg\u00e9n\u00e9rationnelle et la transmission d\u2019expertise. Il passe du \u201cconstat\u201d aux m\u00e9thodes : animation, gouvernance, segmentation, rituels, mesure d\u2019engagement, articulation avec la RSE et l\u2019employabilit\u00e9. Il interviewe DRH, responsables formation, directions d\u2019\u00e9coles, associations et fondations, avec une obsession : transformer un r\u00e9seau dormant en m\u00e9canisme utile (cooptation, mentorat, job board, entraide, \u00e9v\u00e9nements, contenus). Son style : direct, orient\u00e9 action, sans folklore. Sa conviction : une communaut\u00e9 n\u2019a pas besoin de bruit, elle a besoin de raisons de revenir.","sameAs":["https:\/\/www.alumni.space"]}]}},"_links":{"self":[{"href":"https:\/\/www.alumni.space\/es\/wp-json\/wp\/v2\/posts\/7149","targetHints":{"allow":["GET"]}}],"collection":[{"href":"https:\/\/www.alumni.space\/es\/wp-json\/wp\/v2\/posts"}],"about":[{"href":"https:\/\/www.alumni.space\/es\/wp-json\/wp\/v2\/types\/post"}],"author":[{"embeddable":true,"href":"https:\/\/www.alumni.space\/es\/wp-json\/wp\/v2\/users\/1"}],"replies":[{"embeddable":true,"href":"https:\/\/www.alumni.space\/es\/wp-json\/wp\/v2\/comments?post=7149"}],"version-history":[{"count":1,"href":"https:\/\/www.alumni.space\/es\/wp-json\/wp\/v2\/posts\/7149\/revisions"}],"predecessor-version":[{"id":7154,"href":"https:\/\/www.alumni.space\/es\/wp-json\/wp\/v2\/posts\/7149\/revisions\/7154"}],"wp:featuredmedia":[{"embeddable":true,"href":"https:\/\/www.alumni.space\/es\/wp-json\/wp\/v2\/media\/7151"}],"wp:attachment":[{"href":"https:\/\/www.alumni.space\/es\/wp-json\/wp\/v2\/media?parent=7149"}],"wp:term":[{"taxonomy":"category","embeddable":true,"href":"https:\/\/www.alumni.space\/es\/wp-json\/wp\/v2\/categories?post=7149"},{"taxonomy":"post_tag","embeddable":true,"href":"https:\/\/www.alumni.space\/es\/wp-json\/wp\/v2\/tags?post=7149"}],"curies":[{"name":"wp","href":"https:\/\/api.w.org\/{rel}","templated":true}]}}