{"id":6994,"date":"2025-03-02T05:59:52","date_gmt":"2025-03-02T05:59:52","guid":{"rendered":"https:\/\/www.alumni.space\/las-jubilaciones-una-amenaza-silenciosa-para-el-sector-hospitalario\/"},"modified":"2026-04-02T12:05:29","modified_gmt":"2026-04-02T12:05:29","slug":"las-jubilaciones-una-amenaza-silenciosa-para-el-sector-hospitalario","status":"publish","type":"post","link":"https:\/\/www.alumni.space\/es\/las-jubilaciones-una-amenaza-silenciosa-para-el-sector-hospitalario\/","title":{"rendered":"Las jubilaciones: una amenaza silenciosa para el sector hospitalario"},"content":{"rendered":"<div id=\"ez-toc-container\" class=\"ez-toc-v2_0_82_2 counter-flat ez-toc-counter ez-toc-grey ez-toc-container-direction\">\n<div class=\"ez-toc-title-container\"><p class=\"ez-toc-title\" style=\"cursor:inherit\">En este art\u00edculo se trata lo siguiente:<\/p>\n<\/div><nav><ul class='ez-toc-list ez-toc-list-level-1 ' ><li class='ez-toc-page-1'><a class=\"ez-toc-link ez-toc-heading-1\" href=\"https:\/\/www.alumni.space\/es\/las-jubilaciones-una-amenaza-silenciosa-para-el-sector-hospitalario\/#Jubilaciones_masivas_un_gran_reto_para_el_sector_hospitalario_en_2026\" >Jubilaciones masivas: un gran reto para el sector hospitalario en 2026<\/a><\/li><li class='ez-toc-page-1'><a class=\"ez-toc-link ez-toc-heading-2\" href=\"https:\/\/www.alumni.space\/es\/las-jubilaciones-una-amenaza-silenciosa-para-el-sector-hospitalario\/#El_impacto_financiero_y_demografico_de_las_pensiones_en_la_funcion_publica_hospitalaria\" >El impacto financiero y demogr\u00e1fico de las pensiones en la funci\u00f3n p\u00fablica hospitalaria<\/a><\/li><li class='ez-toc-page-1'><a class=\"ez-toc-link ez-toc-heading-3\" href=\"https:\/\/www.alumni.space\/es\/las-jubilaciones-una-amenaza-silenciosa-para-el-sector-hospitalario\/#Los_riesgos_ocultos_de_la_jubilacion_para_la_gestion_de_las_competencias_hospitalarias\" >Los riesgos ocultos de la jubilaci\u00f3n para la gesti\u00f3n de las competencias hospitalarias<\/a><\/li><li class='ez-toc-page-1'><a class=\"ez-toc-link ez-toc-heading-4\" href=\"https:\/\/www.alumni.space\/es\/las-jubilaciones-una-amenaza-silenciosa-para-el-sector-hospitalario\/#Optimizar_la_transferencia_de_competencias_y_reforzar_la_comunidad_profesional_hospitalaria\" >Optimizar la transferencia de competencias y reforzar la comunidad profesional hospitalaria<\/a><\/li><\/ul><\/nav><\/div>\n<h2 class=\"wp-block-heading\"><span class=\"ez-toc-section\" id=\"Jubilaciones_masivas_un_gran_reto_para_el_sector_hospitalario_en_2026\"><\/span>Jubilaciones masivas: un gran reto para el sector hospitalario en 2026<span class=\"ez-toc-section-end\"><\/span><\/h2><p>El <strong>envejecimiento de los profesionales sanitarios<\/strong> y la <strong>jubilaci\u00f3n<\/strong> son factores clave de la <strong>escasez de personal<\/strong> en los hospitales. Esta situaci\u00f3n repercute directamente en la <strong>calidad de la asistencia<\/strong> y en la capacidad de los recursos humanos para satisfacer las crecientes necesidades de la <strong>sanidad<\/strong> p\u00fablica. Como consecuencia, el desequilibrio entre las bajas y las contrataciones de personal en los hospitales es cada vez mayor, por lo que urge adoptar estrategias s\u00f3lidas para gestionar este choque demogr\u00e1fico.  <\/p><figure class=\"wp-block-image size-full\"><img decoding=\"async\" width=\"1280\" height=\"768\" src=\"https:\/\/www.alumni.space\/wp-content\/uploads\/2026\/03\/Departs-a-la-retraite-une-menace-silencieuse-pour-le-secteur-hospitalier-1.jpg\" data-orig-src=\"https:\/\/www.alumni.space\/wp-content\/uploads\/2026\/03\/Departs-a-la-retraite-une-menace-silencieuse-pour-le-secteur-hospitalier-1.jpg\" alt=\"Descubre c\u00f3mo las jubilaciones suponen una amenaza silenciosa para el sector hospitalario, que repercute en la calidad de la asistencia y en la gesti\u00f3n de los recursos humanos.\" class=\"lazyload wp-image-3228\" srcset=\"data:image\/svg+xml,%3Csvg%20xmlns%3D%27http%3A%2F%2Fwww.w3.org%2F2000%2Fsvg%27%20width%3D%271280%27%20height%3D%27768%27%20viewBox%3D%270%200%201280%20768%27%3E%3Crect%20width%3D%271280%27%20height%3D%27768%27%20fill-opacity%3D%220%22%2F%3E%3C%2Fsvg%3E\" data-srcset=\"https:\/\/www.alumni.space\/wp-content\/uploads\/2026\/03\/Departs-a-la-retraite-une-menace-silencieuse-pour-le-secteur-hospitalier-1-200x120.jpg 200w, https:\/\/www.alumni.space\/wp-content\/uploads\/2026\/03\/Departs-a-la-retraite-une-menace-silencieuse-pour-le-secteur-hospitalier-1-300x180.jpg 300w, https:\/\/www.alumni.space\/wp-content\/uploads\/2026\/03\/Departs-a-la-retraite-une-menace-silencieuse-pour-le-secteur-hospitalier-1-400x240.jpg 400w, https:\/\/www.alumni.space\/wp-content\/uploads\/2026\/03\/Departs-a-la-retraite-une-menace-silencieuse-pour-le-secteur-hospitalier-1-600x360.jpg 600w, https:\/\/www.alumni.space\/wp-content\/uploads\/2026\/03\/Departs-a-la-retraite-une-menace-silencieuse-pour-le-secteur-hospitalier-1-768x461.jpg 768w, https:\/\/www.alumni.space\/wp-content\/uploads\/2026\/03\/Departs-a-la-retraite-une-menace-silencieuse-pour-le-secteur-hospitalier-1-800x480.jpg 800w, https:\/\/www.alumni.space\/wp-content\/uploads\/2026\/03\/Departs-a-la-retraite-une-menace-silencieuse-pour-le-secteur-hospitalier-1-1024x614.jpg 1024w, https:\/\/www.alumni.space\/wp-content\/uploads\/2026\/03\/Departs-a-la-retraite-une-menace-silencieuse-pour-le-secteur-hospitalier-1-1200x720.jpg 1200w, https:\/\/www.alumni.space\/wp-content\/uploads\/2026\/03\/Departs-a-la-retraite-une-menace-silencieuse-pour-le-secteur-hospitalier-1.jpg 1280w\" data-sizes=\"auto\" data-orig-sizes=\"(max-width: 1280px) 100vw, 1280px\" \/><\/figure><h3 class=\"wp-block-heading\"><span class=\"ez-toc-section\" id=\"El_impacto_financiero_y_demografico_de_las_pensiones_en_la_funcion_publica_hospitalaria\"><\/span>El impacto financiero y demogr\u00e1fico de las pensiones en la funci\u00f3n p\u00fablica hospitalaria<span class=\"ez-toc-section-end\"><\/span><\/h3><p>El informe de la Inspecci\u00f3n General del pasado mes de mayo puso de manifiesto un grave d\u00e9ficit en el CNRACL, el fondo que proporciona pensiones a los empleados de hospitales y autoridades locales. A pesar de que la poblaci\u00f3n jubilada representa el 7% de los jubilados franceses, las reservas financieras han ca\u00eddo en picado, lo que apunta a un d\u00e9ficit de m\u00e1s de 2.500 millones de euros en 2023, casi el doble que el del r\u00e9gimen general, que es diez veces mayor. Esta din\u00e1mica se ve acentuada por la disminuci\u00f3n de la relaci\u00f3n demogr\u00e1fica, que ha pasado de m\u00e1s de 4 a menos de 1,5 en la actualidad, lo que se traduce en una preocupante relaci\u00f3n entre jubilados y cotizantes activos.  <\/p><p>Adem\u00e1s, las jubilaciones anticipadas ligadas a las <strong>categor\u00edas activas<\/strong> y a las <strong>largas carreras profesionales<\/strong>, habituales en las profesiones hospitalarias, aumentan la presi\u00f3n sobre la gesti\u00f3n de las competencias y el equilibrio financiero. En este contexto, los gastos aumentan a pasos agigantados, con un d\u00e9ficit previsto de 11.000 millones de euros al final de la d\u00e9cada, lo que pone en peligro la sostenibilidad de los recursos asignados a <strong>las pensiones hospitalarias<\/strong>. <\/p><h2 class=\"wp-block-heading\"><span class=\"ez-toc-section\" id=\"Los_riesgos_ocultos_de_la_jubilacion_para_la_gestion_de_las_competencias_hospitalarias\"><\/span>Los riesgos ocultos de la jubilaci\u00f3n para la gesti\u00f3n de las competencias hospitalarias<span class=\"ez-toc-section-end\"><\/span><\/h2><p>Adem\u00e1s de la simple sustituci\u00f3n de los puestos vacantes, las jubilaciones suponen una <strong>p\u00e9rdida de conocimientos<\/strong> que a menudo es dif\u00edcil de compensar. El sector hospitalario se enfrenta as\u00ed a una escasez de talentos experimentados, que afecta a la eficacia de los equipos m\u00e9dicos y a la transmisi\u00f3n intergeneracional de las mejores pr\u00e1cticas. La ausencia de mecanismos adecuados para captar este capital humano acent\u00faa el riesgo de ruptura de la continuidad asistencial.  <\/p><p>Este fen\u00f3meno tambi\u00e9n se observa en los departamentos de contrataci\u00f3n m\u00e9dica, que tienen dificultades para seguir el ritmo de la creciente necesidad de personal cualificado, entre otras cosas por la lentitud de los procedimientos de integraci\u00f3n y la creciente complejidad de las competencias requeridas. Estas disfunciones tienen graves repercusiones en la gesti\u00f3n de los recursos humanos, y exigen una transformaci\u00f3n radical de los m\u00e9todos utilizados para anticipar y apoyar las jubilaciones. <\/p><h3 class=\"wp-block-heading\"><span class=\"ez-toc-section\" id=\"Optimizar_la_transferencia_de_competencias_y_reforzar_la_comunidad_profesional_hospitalaria\"><\/span>Optimizar la transferencia de competencias y reforzar la comunidad profesional hospitalaria<span class=\"ez-toc-section-end\"><\/span><\/h3><p>Para contrarrestar el efecto delet\u00e9reo de las salidas prematuras, deben introducirse rituales de tutor\u00eda y apoyo, fomentando la creaci\u00f3n de <strong>parejas intergeneracionales<\/strong>. La creaci\u00f3n de redes de antiguos empleados, combinada con plataformas digitales de gesti\u00f3n comunitaria, facilita la retenci\u00f3n de <strong>la experiencia<\/strong> y el desarrollo de una cultura de apoyo mutuo activo. Estas iniciativas tambi\u00e9n contribuyen a mejorar la cooptaci\u00f3n, acelerar la integraci\u00f3n de los nuevos contratados y mantener los v\u00ednculos sociales dentro del sector hospitalario.  <\/p><p>Este tipo de organizaci\u00f3n, que favorece la puesta en com\u00fan de los conocimientos t\u00e9cnicos y la movilizaci\u00f3n colectiva, tiene un efecto directo sobre los indicadores clave de rendimiento relacionados con la <strong>gesti\u00f3n de las competencias<\/strong> y el mantenimiento de un marco reglamentario conforme a las exigencias de los establecimientos. El objetivo es reducir no s\u00f3lo los costes asociados a la formaci\u00f3n inicial, sino tambi\u00e9n los riesgos asociados a la p\u00e9rdida de conocimientos t\u00e9cnicos vitales. <\/p><p>Los responsables, ya sean de recursos humanos, de gesti\u00f3n institucional o de \u00f3rganos de representaci\u00f3n, se beneficiar\u00edan de la integraci\u00f3n de soluciones digitales innovadoras para automatizar ciertos pasos de la gesti\u00f3n y mantener al d\u00eda la plantilla, en un momento en que la rotaci\u00f3n de personal se acelera.<\/p><p><a href=\"https:\/\/www.alumni.space\/es\/faq-alumni-mentorat\/como-podemos-prever-la-perdida-de-competencias-debida-a-la-jubilacion\/\">Anticiparse a la p\u00e9rdida de competencias por jubilaciones<\/a> y <a href=\"https:\/\/www.alumni.space\/es\/jubilaciones-que-estrategias-para-la-gestion-del-conocimiento\/\">estructurar la memoria organizativa<\/a> son palancas clave para limitar la amenaza silenciosa que se cierne sobre el sector hospitalario.<\/p>","protected":false},"excerpt":{"rendered":"<p>Jubilaciones masivas: un gran reto para el sector hospitalario en  [&#8230;]<\/p>\n","protected":false},"author":1,"featured_media":0,"comment_status":"closed","ping_status":"","sticky":false,"template":"","format":"standard","meta":{"_ayudawp_aiss_exclude":false,"footnotes":""},"categories":[75],"tags":[],"class_list":["post-6994","post","type-post","status-publish","format-standard","hentry","category-recursos-humanos"],"yoast_head":"<!-- This site is optimized with the Yoast SEO plugin v27.4 - https:\/\/yoast.com\/product\/yoast-seo-wordpress\/ -->\n<title>Pensiones: la alarma silenciosa de los hospitales<\/title>\n<meta name=\"description\" content=\"Las jubilaciones en el sector hospitalario: un reto importante que amenaza la calidad de la asistencia y la estabilidad de los establecimientos.\" \/>\n<meta name=\"robots\" content=\"index, follow, max-snippet:-1, max-image-preview:large, max-video-preview:-1\" \/>\n<link rel=\"canonical\" href=\"https:\/\/www.alumni.space\/es\/las-jubilaciones-una-amenaza-silenciosa-para-el-sector-hospitalario\/\" \/>\n<meta property=\"og:locale\" content=\"es_ES\" \/>\n<meta property=\"og:type\" content=\"article\" \/>\n<meta property=\"og:title\" content=\"Pensiones: la alarma silenciosa de los hospitales\" \/>\n<meta property=\"og:description\" content=\"Las jubilaciones en el sector hospitalario: un reto importante que amenaza la calidad de la asistencia y la estabilidad de los establecimientos.\" \/>\n<meta property=\"og:url\" content=\"https:\/\/www.alumni.space\/es\/las-jubilaciones-una-amenaza-silenciosa-para-el-sector-hospitalario\/\" \/>\n<meta property=\"og:site_name\" content=\"Alumni.space\" \/>\n<meta property=\"article:published_time\" content=\"2025-03-02T05:59:52+00:00\" \/>\n<meta property=\"article:modified_time\" content=\"2026-04-02T12:05:29+00:00\" \/>\n<meta property=\"og:image\" content=\"https:\/\/www.alumni.space\/wp-content\/uploads\/2026\/03\/Departs-a-la-retraite-une-menace-silencieuse-pour-le-secteur-hospitalier-1.jpg\" \/>\n\t<meta property=\"og:image:width\" content=\"1280\" \/>\n\t<meta property=\"og:image:height\" content=\"768\" \/>\n\t<meta property=\"og:image:type\" content=\"image\/jpeg\" \/>\n<meta name=\"author\" content=\"admin\" \/>\n<meta name=\"twitter:card\" content=\"summary_large_image\" \/>\n<meta name=\"twitter:label1\" content=\"Escrito por\" \/>\n\t<meta name=\"twitter:data1\" content=\"admin\" \/>\n\t<meta name=\"twitter:label2\" content=\"Tiempo de lectura\" \/>\n\t<meta name=\"twitter:data2\" content=\"4 minutos\" \/>\n<script type=\"application\/ld+json\" class=\"yoast-schema-graph\">{\"@context\":\"https:\\\/\\\/schema.org\",\"@graph\":[{\"@type\":\"Article\",\"@id\":\"https:\\\/\\\/www.alumni.space\\\/es\\\/las-jubilaciones-una-amenaza-silenciosa-para-el-sector-hospitalario\\\/#article\",\"isPartOf\":{\"@id\":\"https:\\\/\\\/www.alumni.space\\\/es\\\/las-jubilaciones-una-amenaza-silenciosa-para-el-sector-hospitalario\\\/\"},\"author\":{\"name\":\"admin\",\"@id\":\"https:\\\/\\\/www.alumni.space\\\/es\\\/#\\\/schema\\\/person\\\/fede362a57876edda476a61f05ce5b15\"},\"headline\":\"Las jubilaciones: una amenaza silenciosa para el sector hospitalario\",\"datePublished\":\"2025-03-02T05:59:52+00:00\",\"dateModified\":\"2026-04-02T12:05:29+00:00\",\"mainEntityOfPage\":{\"@id\":\"https:\\\/\\\/www.alumni.space\\\/es\\\/las-jubilaciones-una-amenaza-silenciosa-para-el-sector-hospitalario\\\/\"},\"wordCount\":762,\"image\":{\"@id\":\"https:\\\/\\\/www.alumni.space\\\/es\\\/las-jubilaciones-una-amenaza-silenciosa-para-el-sector-hospitalario\\\/#primaryimage\"},\"thumbnailUrl\":\"https:\\\/\\\/www.alumni.space\\\/wp-content\\\/uploads\\\/2026\\\/03\\\/Departs-a-la-retraite-une-menace-silencieuse-pour-le-secteur-hospitalier-1.jpg\",\"articleSection\":[\"Recursos Humanos\"],\"inLanguage\":\"es\"},{\"@type\":\"WebPage\",\"@id\":\"https:\\\/\\\/www.alumni.space\\\/es\\\/las-jubilaciones-una-amenaza-silenciosa-para-el-sector-hospitalario\\\/\",\"url\":\"https:\\\/\\\/www.alumni.space\\\/es\\\/las-jubilaciones-una-amenaza-silenciosa-para-el-sector-hospitalario\\\/\",\"name\":\"Pensiones: la alarma silenciosa de los hospitales\",\"isPartOf\":{\"@id\":\"https:\\\/\\\/www.alumni.space\\\/es\\\/#website\"},\"primaryImageOfPage\":{\"@id\":\"https:\\\/\\\/www.alumni.space\\\/es\\\/las-jubilaciones-una-amenaza-silenciosa-para-el-sector-hospitalario\\\/#primaryimage\"},\"image\":{\"@id\":\"https:\\\/\\\/www.alumni.space\\\/es\\\/las-jubilaciones-una-amenaza-silenciosa-para-el-sector-hospitalario\\\/#primaryimage\"},\"thumbnailUrl\":\"https:\\\/\\\/www.alumni.space\\\/wp-content\\\/uploads\\\/2026\\\/03\\\/Departs-a-la-retraite-une-menace-silencieuse-pour-le-secteur-hospitalier-1.jpg\",\"datePublished\":\"2025-03-02T05:59:52+00:00\",\"dateModified\":\"2026-04-02T12:05:29+00:00\",\"author\":{\"@id\":\"https:\\\/\\\/www.alumni.space\\\/es\\\/#\\\/schema\\\/person\\\/fede362a57876edda476a61f05ce5b15\"},\"description\":\"Las jubilaciones en el sector hospitalario: un reto importante que amenaza la calidad de la asistencia y la estabilidad de los establecimientos.\",\"breadcrumb\":{\"@id\":\"https:\\\/\\\/www.alumni.space\\\/es\\\/las-jubilaciones-una-amenaza-silenciosa-para-el-sector-hospitalario\\\/#breadcrumb\"},\"inLanguage\":\"es\",\"potentialAction\":[{\"@type\":\"ReadAction\",\"target\":[\"https:\\\/\\\/www.alumni.space\\\/es\\\/las-jubilaciones-una-amenaza-silenciosa-para-el-sector-hospitalario\\\/\"]}]},{\"@type\":\"ImageObject\",\"inLanguage\":\"es\",\"@id\":\"https:\\\/\\\/www.alumni.space\\\/es\\\/las-jubilaciones-una-amenaza-silenciosa-para-el-sector-hospitalario\\\/#primaryimage\",\"url\":\"https:\\\/\\\/www.alumni.space\\\/wp-content\\\/uploads\\\/2026\\\/03\\\/Departs-a-la-retraite-une-menace-silencieuse-pour-le-secteur-hospitalier-1.jpg\",\"contentUrl\":\"https:\\\/\\\/www.alumni.space\\\/wp-content\\\/uploads\\\/2026\\\/03\\\/Departs-a-la-retraite-une-menace-silencieuse-pour-le-secteur-hospitalier-1.jpg\"},{\"@type\":\"BreadcrumbList\",\"@id\":\"https:\\\/\\\/www.alumni.space\\\/es\\\/las-jubilaciones-una-amenaza-silenciosa-para-el-sector-hospitalario\\\/#breadcrumb\",\"itemListElement\":[{\"@type\":\"ListItem\",\"position\":1,\"name\":\"Home\",\"item\":\"https:\\\/\\\/www.alumni.space\\\/es\\\/plataforma-de-tutoria-y-gestion-de-antiguos-alumnos\\\/\"},{\"@type\":\"ListItem\",\"position\":2,\"name\":\"Las jubilaciones: una amenaza silenciosa para el sector hospitalario\"}]},{\"@type\":\"WebSite\",\"@id\":\"https:\\\/\\\/www.alumni.space\\\/es\\\/#website\",\"url\":\"https:\\\/\\\/www.alumni.space\\\/es\\\/\",\"name\":\"Alumni.space\",\"description\":\"My WordPress Blog\",\"potentialAction\":[{\"@type\":\"SearchAction\",\"target\":{\"@type\":\"EntryPoint\",\"urlTemplate\":\"https:\\\/\\\/www.alumni.space\\\/es\\\/?s={search_term_string}\"},\"query-input\":{\"@type\":\"PropertyValueSpecification\",\"valueRequired\":true,\"valueName\":\"search_term_string\"}}],\"inLanguage\":\"es\"},{\"@type\":\"Person\",\"@id\":\"https:\\\/\\\/www.alumni.space\\\/es\\\/#\\\/schema\\\/person\\\/fede362a57876edda476a61f05ce5b15\",\"name\":\"admin\",\"image\":{\"@type\":\"ImageObject\",\"inLanguage\":\"es\",\"@id\":\"https:\\\/\\\/secure.gravatar.com\\\/avatar\\\/318e234ae94f90d4d629428d6b983c08e31181c28f579e08a021180d759ea651?s=96&d=mm&r=g\",\"url\":\"https:\\\/\\\/secure.gravatar.com\\\/avatar\\\/318e234ae94f90d4d629428d6b983c08e31181c28f579e08a021180d759ea651?s=96&d=mm&r=g\",\"contentUrl\":\"https:\\\/\\\/secure.gravatar.com\\\/avatar\\\/318e234ae94f90d4d629428d6b983c08e31181c28f579e08a021180d759ea651?s=96&d=mm&r=g\",\"caption\":\"admin\"},\"description\":\"Nicolas Laustriat a construit sa sp\u00e9cialit\u00e9 sur un sujet que beaucoup d\u2019organisations d\u00e9couvrent trop tard : ce qui dispara\u00eet quand les gens partent. Dipl\u00f4m\u00e9 en conception de produit industriel, il bifurque vers le digital fin 1996, il couvre les transformations marques, RH, la fid\u00e9lisation, la marque employeur. Sur le terrain, il rep\u00e8re un angle mort r\u00e9current : l\u2019entreprise investit dans le recrutement, la formation, les process\u2026 puis laisse filer le lien au moment du d\u00e9part, avec une perte de savoir et d\u2019influence qui se paie en silence. Il se sp\u00e9cialise alors sur les communaut\u00e9s d\u2019alumni, le mentorat, l\u2019entraide interg\u00e9n\u00e9rationnelle et la transmission d\u2019expertise. Il passe du \u201cconstat\u201d aux m\u00e9thodes : animation, gouvernance, segmentation, rituels, mesure d\u2019engagement, articulation avec la RSE et l\u2019employabilit\u00e9. Il interviewe DRH, responsables formation, directions d\u2019\u00e9coles, associations et fondations, avec une obsession : transformer un r\u00e9seau dormant en m\u00e9canisme utile (cooptation, mentorat, job board, entraide, \u00e9v\u00e9nements, contenus). Son style : direct, orient\u00e9 action, sans folklore. Sa conviction : une communaut\u00e9 n\u2019a pas besoin de bruit, elle a besoin de raisons de revenir.\",\"sameAs\":[\"https:\\\/\\\/www.alumni.space\"]}]}<\/script>\n<!-- \/ Yoast SEO plugin. -->","yoast_head_json":{"title":"Pensiones: la alarma silenciosa de los hospitales","description":"Las jubilaciones en el sector hospitalario: un reto importante que amenaza la calidad de la asistencia y la estabilidad de los establecimientos.","robots":{"index":"index","follow":"follow","max-snippet":"max-snippet:-1","max-image-preview":"max-image-preview:large","max-video-preview":"max-video-preview:-1"},"canonical":"https:\/\/www.alumni.space\/es\/las-jubilaciones-una-amenaza-silenciosa-para-el-sector-hospitalario\/","og_locale":"es_ES","og_type":"article","og_title":"Pensiones: la alarma silenciosa de los hospitales","og_description":"Las jubilaciones en el sector hospitalario: un reto importante que amenaza la calidad de la asistencia y la estabilidad de los establecimientos.","og_url":"https:\/\/www.alumni.space\/es\/las-jubilaciones-una-amenaza-silenciosa-para-el-sector-hospitalario\/","og_site_name":"Alumni.space","article_published_time":"2025-03-02T05:59:52+00:00","article_modified_time":"2026-04-02T12:05:29+00:00","og_image":[{"width":1280,"height":768,"url":"https:\/\/www.alumni.space\/wp-content\/uploads\/2026\/03\/Departs-a-la-retraite-une-menace-silencieuse-pour-le-secteur-hospitalier-1.jpg","type":"image\/jpeg"}],"author":"admin","twitter_card":"summary_large_image","twitter_misc":{"Escrito por":"admin","Tiempo de lectura":"4 minutos"},"schema":{"@context":"https:\/\/schema.org","@graph":[{"@type":"Article","@id":"https:\/\/www.alumni.space\/es\/las-jubilaciones-una-amenaza-silenciosa-para-el-sector-hospitalario\/#article","isPartOf":{"@id":"https:\/\/www.alumni.space\/es\/las-jubilaciones-una-amenaza-silenciosa-para-el-sector-hospitalario\/"},"author":{"name":"admin","@id":"https:\/\/www.alumni.space\/es\/#\/schema\/person\/fede362a57876edda476a61f05ce5b15"},"headline":"Las jubilaciones: una amenaza silenciosa para el sector hospitalario","datePublished":"2025-03-02T05:59:52+00:00","dateModified":"2026-04-02T12:05:29+00:00","mainEntityOfPage":{"@id":"https:\/\/www.alumni.space\/es\/las-jubilaciones-una-amenaza-silenciosa-para-el-sector-hospitalario\/"},"wordCount":762,"image":{"@id":"https:\/\/www.alumni.space\/es\/las-jubilaciones-una-amenaza-silenciosa-para-el-sector-hospitalario\/#primaryimage"},"thumbnailUrl":"https:\/\/www.alumni.space\/wp-content\/uploads\/2026\/03\/Departs-a-la-retraite-une-menace-silencieuse-pour-le-secteur-hospitalier-1.jpg","articleSection":["Recursos Humanos"],"inLanguage":"es"},{"@type":"WebPage","@id":"https:\/\/www.alumni.space\/es\/las-jubilaciones-una-amenaza-silenciosa-para-el-sector-hospitalario\/","url":"https:\/\/www.alumni.space\/es\/las-jubilaciones-una-amenaza-silenciosa-para-el-sector-hospitalario\/","name":"Pensiones: la alarma silenciosa de los hospitales","isPartOf":{"@id":"https:\/\/www.alumni.space\/es\/#website"},"primaryImageOfPage":{"@id":"https:\/\/www.alumni.space\/es\/las-jubilaciones-una-amenaza-silenciosa-para-el-sector-hospitalario\/#primaryimage"},"image":{"@id":"https:\/\/www.alumni.space\/es\/las-jubilaciones-una-amenaza-silenciosa-para-el-sector-hospitalario\/#primaryimage"},"thumbnailUrl":"https:\/\/www.alumni.space\/wp-content\/uploads\/2026\/03\/Departs-a-la-retraite-une-menace-silencieuse-pour-le-secteur-hospitalier-1.jpg","datePublished":"2025-03-02T05:59:52+00:00","dateModified":"2026-04-02T12:05:29+00:00","author":{"@id":"https:\/\/www.alumni.space\/es\/#\/schema\/person\/fede362a57876edda476a61f05ce5b15"},"description":"Las jubilaciones en el sector hospitalario: un reto importante que amenaza la calidad de la asistencia y la estabilidad de los establecimientos.","breadcrumb":{"@id":"https:\/\/www.alumni.space\/es\/las-jubilaciones-una-amenaza-silenciosa-para-el-sector-hospitalario\/#breadcrumb"},"inLanguage":"es","potentialAction":[{"@type":"ReadAction","target":["https:\/\/www.alumni.space\/es\/las-jubilaciones-una-amenaza-silenciosa-para-el-sector-hospitalario\/"]}]},{"@type":"ImageObject","inLanguage":"es","@id":"https:\/\/www.alumni.space\/es\/las-jubilaciones-una-amenaza-silenciosa-para-el-sector-hospitalario\/#primaryimage","url":"https:\/\/www.alumni.space\/wp-content\/uploads\/2026\/03\/Departs-a-la-retraite-une-menace-silencieuse-pour-le-secteur-hospitalier-1.jpg","contentUrl":"https:\/\/www.alumni.space\/wp-content\/uploads\/2026\/03\/Departs-a-la-retraite-une-menace-silencieuse-pour-le-secteur-hospitalier-1.jpg"},{"@type":"BreadcrumbList","@id":"https:\/\/www.alumni.space\/es\/las-jubilaciones-una-amenaza-silenciosa-para-el-sector-hospitalario\/#breadcrumb","itemListElement":[{"@type":"ListItem","position":1,"name":"Home","item":"https:\/\/www.alumni.space\/es\/plataforma-de-tutoria-y-gestion-de-antiguos-alumnos\/"},{"@type":"ListItem","position":2,"name":"Las jubilaciones: una amenaza silenciosa para el sector hospitalario"}]},{"@type":"WebSite","@id":"https:\/\/www.alumni.space\/es\/#website","url":"https:\/\/www.alumni.space\/es\/","name":"Alumni.space","description":"My WordPress Blog","potentialAction":[{"@type":"SearchAction","target":{"@type":"EntryPoint","urlTemplate":"https:\/\/www.alumni.space\/es\/?s={search_term_string}"},"query-input":{"@type":"PropertyValueSpecification","valueRequired":true,"valueName":"search_term_string"}}],"inLanguage":"es"},{"@type":"Person","@id":"https:\/\/www.alumni.space\/es\/#\/schema\/person\/fede362a57876edda476a61f05ce5b15","name":"admin","image":{"@type":"ImageObject","inLanguage":"es","@id":"https:\/\/secure.gravatar.com\/avatar\/318e234ae94f90d4d629428d6b983c08e31181c28f579e08a021180d759ea651?s=96&d=mm&r=g","url":"https:\/\/secure.gravatar.com\/avatar\/318e234ae94f90d4d629428d6b983c08e31181c28f579e08a021180d759ea651?s=96&d=mm&r=g","contentUrl":"https:\/\/secure.gravatar.com\/avatar\/318e234ae94f90d4d629428d6b983c08e31181c28f579e08a021180d759ea651?s=96&d=mm&r=g","caption":"admin"},"description":"Nicolas Laustriat a construit sa sp\u00e9cialit\u00e9 sur un sujet que beaucoup d\u2019organisations d\u00e9couvrent trop tard : ce qui dispara\u00eet quand les gens partent. Dipl\u00f4m\u00e9 en conception de produit industriel, il bifurque vers le digital fin 1996, il couvre les transformations marques, RH, la fid\u00e9lisation, la marque employeur. Sur le terrain, il rep\u00e8re un angle mort r\u00e9current : l\u2019entreprise investit dans le recrutement, la formation, les process\u2026 puis laisse filer le lien au moment du d\u00e9part, avec une perte de savoir et d\u2019influence qui se paie en silence. Il se sp\u00e9cialise alors sur les communaut\u00e9s d\u2019alumni, le mentorat, l\u2019entraide interg\u00e9n\u00e9rationnelle et la transmission d\u2019expertise. Il passe du \u201cconstat\u201d aux m\u00e9thodes : animation, gouvernance, segmentation, rituels, mesure d\u2019engagement, articulation avec la RSE et l\u2019employabilit\u00e9. Il interviewe DRH, responsables formation, directions d\u2019\u00e9coles, associations et fondations, avec une obsession : transformer un r\u00e9seau dormant en m\u00e9canisme utile (cooptation, mentorat, job board, entraide, \u00e9v\u00e9nements, contenus). Son style : direct, orient\u00e9 action, sans folklore. Sa conviction : une communaut\u00e9 n\u2019a pas besoin de bruit, elle a besoin de raisons de revenir.","sameAs":["https:\/\/www.alumni.space"]}]}},"_links":{"self":[{"href":"https:\/\/www.alumni.space\/es\/wp-json\/wp\/v2\/posts\/6994","targetHints":{"allow":["GET"]}}],"collection":[{"href":"https:\/\/www.alumni.space\/es\/wp-json\/wp\/v2\/posts"}],"about":[{"href":"https:\/\/www.alumni.space\/es\/wp-json\/wp\/v2\/types\/post"}],"author":[{"embeddable":true,"href":"https:\/\/www.alumni.space\/es\/wp-json\/wp\/v2\/users\/1"}],"replies":[{"embeddable":true,"href":"https:\/\/www.alumni.space\/es\/wp-json\/wp\/v2\/comments?post=6994"}],"version-history":[{"count":1,"href":"https:\/\/www.alumni.space\/es\/wp-json\/wp\/v2\/posts\/6994\/revisions"}],"predecessor-version":[{"id":6996,"href":"https:\/\/www.alumni.space\/es\/wp-json\/wp\/v2\/posts\/6994\/revisions\/6996"}],"wp:attachment":[{"href":"https:\/\/www.alumni.space\/es\/wp-json\/wp\/v2\/media?parent=6994"}],"wp:term":[{"taxonomy":"category","embeddable":true,"href":"https:\/\/www.alumni.space\/es\/wp-json\/wp\/v2\/categories?post=6994"},{"taxonomy":"post_tag","embeddable":true,"href":"https:\/\/www.alumni.space\/es\/wp-json\/wp\/v2\/tags?post=6994"}],"curies":[{"name":"wp","href":"https:\/\/api.w.org\/{rel}","templated":true}]}}