{"id":6964,"date":"2024-11-23T10:03:39","date_gmt":"2024-11-23T10:03:39","guid":{"rendered":"https:\/\/www.alumni.space\/la-tutoria-como-palanca-para-la-igualdad-de-oportunidades\/"},"modified":"2026-04-02T12:05:14","modified_gmt":"2026-04-02T12:05:14","slug":"la-tutoria-como-palanca-para-la-igualdad-de-oportunidades","status":"publish","type":"post","link":"https:\/\/www.alumni.space\/es\/la-tutoria-como-palanca-para-la-igualdad-de-oportunidades\/","title":{"rendered":"La tutor\u00eda como palanca para la igualdad de oportunidades"},"content":{"rendered":"<p>El mundo profesional de 2026 exigir\u00e1 una agilidad sin precedentes para romper los techos de cristal que siguen frenando a demasiadas personas con talento. Imagina una organizaci\u00f3n en la que el conocimiento circule sin obst\u00e1culos, en la que cada trayectoria profesional encuentre un eco y una mano tendida. Este escenario ideal se est\u00e1 haciendo realidad gracias a un enfoque estructurado de la transmisi\u00f3n. <strong>La tutor\u00eda<\/strong> se perfila ahora como el motor de una profunda transformaci\u00f3n, que garantiza que el potencial individual ya no tropiece con la ausencia de una red o de c\u00f3digos sociales.   <\/p><div id=\"ez-toc-container\" class=\"ez-toc-v2_0_82_2 counter-flat ez-toc-counter ez-toc-grey ez-toc-container-direction\">\n<div class=\"ez-toc-title-container\"><p class=\"ez-toc-title\" style=\"cursor:inherit\">En este art\u00edculo se trata lo siguiente:<\/p>\n<\/div><nav><ul class='ez-toc-list ez-toc-list-level-1 ' ><li class='ez-toc-page-1'><a class=\"ez-toc-link ez-toc-heading-1\" href=\"https:\/\/www.alumni.space\/es\/la-tutoria-como-palanca-para-la-igualdad-de-oportunidades\/#Reducir_la_perdida_de_conocimientos_y_aumentar_el_atractivo\" >Reducir la p\u00e9rdida de conocimientos y aumentar el atractivo<\/a><\/li><li class='ez-toc-page-1'><a class=\"ez-toc-link ez-toc-heading-2\" href=\"https:\/\/www.alumni.space\/es\/la-tutoria-como-palanca-para-la-igualdad-de-oportunidades\/#El_impacto_tangible_en_la_igualdad_de_oportunidades_y_la_diversidad\" >El impacto tangible en la igualdad de oportunidades y la diversidad<\/a><\/li><li class='ez-toc-page-1'><a class=\"ez-toc-link ez-toc-heading-3\" href=\"https:\/\/www.alumni.space\/es\/la-tutoria-como-palanca-para-la-igualdad-de-oportunidades\/#Desplegar_una_ambiciosa_estrategia_de_responsabilidad_social_corporativa\" >Desplegar una ambiciosa estrategia de responsabilidad social corporativa<\/a><\/li><li class='ez-toc-page-1'><a class=\"ez-toc-link ez-toc-heading-4\" href=\"https:\/\/www.alumni.space\/es\/la-tutoria-como-palanca-para-la-igualdad-de-oportunidades\/#Orientacion_y_apoyo_para_un_desarrollo_personal_sostenible\" >Orientaci\u00f3n y apoyo para un desarrollo personal sostenible<\/a><\/li><li class='ez-toc-page-1'><a class=\"ez-toc-link ez-toc-heading-5\" href=\"https:\/\/www.alumni.space\/es\/la-tutoria-como-palanca-para-la-igualdad-de-oportunidades\/#Pasar_de_la_gestion_manual_al_liderazgo_de_la_comunidad_industrial\" >Pasar de la gesti\u00f3n manual al liderazgo de la comunidad industrial<\/a><\/li><\/ul><\/nav><\/div>\n<h2 class=\"wp-block-heading\"><span class=\"ez-toc-section\" id=\"Reducir_la_perdida_de_conocimientos_y_aumentar_el_atractivo\"><\/span>Reducir la p\u00e9rdida de conocimientos y aumentar el atractivo<span class=\"ez-toc-section-end\"><\/span><\/h2><p>La marcha de un empleado veterano o de un licenciado brillante sin un traspaso es un despilfarro silencioso para cualquier organizaci\u00f3n. Esta p\u00e9rdida de memoria frena la innovaci\u00f3n y debilita la cultura interna. Utilizando una herramienta como alumni.space, los responsables pueden convertir este riesgo en una fuerza colectiva. La plataforma centraliza la experiencia, facilita la cooptaci\u00f3n y garantiza una continuidad de las relaciones que va m\u00e1s all\u00e1 del simple marco temporal de un contrato laboral. Esta din\u00e1mica crea un fuerte sentimiento de pertenencia, y los antiguos alumnos se convierten en los mejores embajadores de la marca.    <\/p><figure class=\"wp-block-image size-full\"><img decoding=\"async\" width=\"1280\" height=\"768\" src=\"https:\/\/www.alumni.space\/wp-content\/uploads\/2026\/03\/Le-mentorat-comme-levier-degalite-des-chances-1.jpg\" data-orig-src=\"https:\/\/www.alumni.space\/wp-content\/uploads\/2026\/03\/Le-mentorat-comme-levier-degalite-des-chances-1.jpg\" alt=\"descubre c\u00f3mo la tutor\u00eda puede convertirse en una poderosa palanca para promover la igualdad de oportunidades y fomentar la inclusi\u00f3n social.\" class=\"lazyload wp-image-3477\" srcset=\"data:image\/svg+xml,%3Csvg%20xmlns%3D%27http%3A%2F%2Fwww.w3.org%2F2000%2Fsvg%27%20width%3D%271280%27%20height%3D%27768%27%20viewBox%3D%270%200%201280%20768%27%3E%3Crect%20width%3D%271280%27%20height%3D%27768%27%20fill-opacity%3D%220%22%2F%3E%3C%2Fsvg%3E\" data-srcset=\"https:\/\/www.alumni.space\/wp-content\/uploads\/2026\/03\/Le-mentorat-comme-levier-degalite-des-chances-1-200x120.jpg 200w, https:\/\/www.alumni.space\/wp-content\/uploads\/2026\/03\/Le-mentorat-comme-levier-degalite-des-chances-1-300x180.jpg 300w, https:\/\/www.alumni.space\/wp-content\/uploads\/2026\/03\/Le-mentorat-comme-levier-degalite-des-chances-1-400x240.jpg 400w, https:\/\/www.alumni.space\/wp-content\/uploads\/2026\/03\/Le-mentorat-comme-levier-degalite-des-chances-1-600x360.jpg 600w, https:\/\/www.alumni.space\/wp-content\/uploads\/2026\/03\/Le-mentorat-comme-levier-degalite-des-chances-1-768x461.jpg 768w, https:\/\/www.alumni.space\/wp-content\/uploads\/2026\/03\/Le-mentorat-comme-levier-degalite-des-chances-1-800x480.jpg 800w, https:\/\/www.alumni.space\/wp-content\/uploads\/2026\/03\/Le-mentorat-comme-levier-degalite-des-chances-1-1024x614.jpg 1024w, https:\/\/www.alumni.space\/wp-content\/uploads\/2026\/03\/Le-mentorat-comme-levier-degalite-des-chances-1-1200x720.jpg 1200w, https:\/\/www.alumni.space\/wp-content\/uploads\/2026\/03\/Le-mentorat-comme-levier-degalite-des-chances-1.jpg 1280w\" data-sizes=\"auto\" data-orig-sizes=\"(max-width: 1280px) 100vw, 1280px\" \/><\/figure><h3 class=\"wp-block-heading\"><span class=\"ez-toc-section\" id=\"El_impacto_tangible_en_la_igualdad_de_oportunidades_y_la_diversidad\"><\/span>El impacto tangible en la igualdad de oportunidades y la diversidad<span class=\"ez-toc-section-end\"><\/span><\/h3><p>Promover<strong>la igualdad de oportunidades<\/strong> requiere mucho m\u00e1s que ret\u00f3rica incantatoria. Requiere herramientas capaces de crear conexiones donde no existen de forma natural. Un sistema digital de alto rendimiento permite reunir perfiles de diferentes or\u00edgenes, ofreciendo las mismas <strong>oportunidades<\/strong> de \u00e9xito. La verdadera<strong>inclusi\u00f3n<\/strong> surge de esta red, donde <strong>el trabajo en red<\/strong> ya no se limita a un c\u00edrculo de iniciados, sino que se abre a toda la comunidad. Teniendo esto en cuenta, averiguar c\u00f3mo <a href=\"https:\/\/www.alumni.space\/es\/5-ejemplos-de-grandes-empresas-que-triunfan-gracias-a-la-tutoria\/\">las empresas est\u00e1n teniendo \u00e9xito con su tutor\u00eda<\/a> nos permite ver los beneficios directos para la <strong>diversidad de<\/strong> la mano de obra.    <\/p><h2 class=\"wp-block-heading\"><span class=\"ez-toc-section\" id=\"Desplegar_una_ambiciosa_estrategia_de_responsabilidad_social_corporativa\"><\/span>Desplegar una ambiciosa estrategia de responsabilidad social corporativa<span class=\"ez-toc-section-end\"><\/span><\/h2><p>El despliegue de un espacio dedicado a los antiguos alumnos y a la transmisi\u00f3n de experiencias transforma la visi\u00f3n tradicional de la responsabilidad social. Este enfoque ampl\u00eda el compromiso de la empresa m\u00e1s all\u00e1 de los l\u00edmites del contrato de trabajo. Favorece el intercambio de conocimientos, la integraci\u00f3n de todos los perfiles y el refuerzo de la empleabilidad a largo plazo. Al valorar las trayectorias profesionales anteriores, la organizaci\u00f3n garantiza que los conocimientos cr\u00edticos circulen sin obst\u00e1culos. Esta cultura de atenci\u00f3n y progresi\u00f3n facilita la llegada de nuevos contratados y aumenta el n\u00famero de voces cre\u00edbles para la marca empleadora. Las estad\u00edsticas de participaci\u00f3n y las horas compartidas proporcionan mediciones precisas del impacto para dirigir la estrategia social.     <\/p><h3 class=\"wp-block-heading\"><span class=\"ez-toc-section\" id=\"Orientacion_y_apoyo_para_un_desarrollo_personal_sostenible\"><\/span>Orientaci\u00f3n y apoyo para un desarrollo personal sostenible<span class=\"ez-toc-section-end\"><\/span><\/h3><p>La colaboraci\u00f3n se basa en la confianza mutua, que es esencial. Un <strong>apoyo<\/strong> de alta calidad asegura la trayectoria profesional del alumno, al tiempo que mejora la experiencia del mentor. Este c\u00edrculo virtuoso refuerza la<strong>igualdad<\/strong> profesional ofreciendo un <strong>apoyo<\/strong> personalizado en los momentos clave de la carrera. Para los j\u00f3venes licenciados o en proceso de reciclaje, esta ayuda acelera el <strong>desarrollo personal<\/strong> y la adquisici\u00f3n de competencias sociales esenciales. Las organizaciones que invierten en <a href=\"https:\/\/www.alumni.space\/es\/por-que-la-tutoria-es-esencial-para-los-jovenes-profesionales\/\">tutor\u00edas para j\u00f3venes profesionales<\/a> registran una reducci\u00f3n significativa de la rotaci\u00f3n de personal y un mayor compromiso desde los primeros meses.    <\/p><h2 class=\"wp-block-heading\"><span class=\"ez-toc-section\" id=\"Pasar_de_la_gestion_manual_al_liderazgo_de_la_comunidad_industrial\"><\/span>Pasar de la gesti\u00f3n manual al liderazgo de la comunidad industrial<span class=\"ez-toc-section-end\"><\/span><\/h2><p>Es imposible gestionar estos intercambios con una hoja de c\u00e1lculo convencional en cuanto aumenta el tama\u00f1o de la comunidad. Al industrializar el proceso mediante una soluci\u00f3n SaaS, puedes gestionar los perfiles, automatizar el emparejamiento y controlar los KPI en tiempo real. Este m\u00e9todo libera tiempo a los responsables de RRHH o a los gestores de asociaciones, que pueden concentrarse en ofrecer entretenimiento y contenidos de alto valor a\u00f1adido. Crear eventos, distribuir ofertas exclusivas o compartir recursos documentales se convierte en un juego de ni\u00f1os. El objetivo final sigue siendo claro: transformar un directorio est\u00e1tico en un ecosistema vivo, de aprendizaje y de apoyo.    <\/p><p>\u00bfListo para transformar tu red en una verdadera palanca de crecimiento social? Para saber c\u00f3mo automatizar tus programas y medir tu impacto social, el siguiente paso es poner a prueba nuestras soluciones. <\/p><p><strong>Solicita una demostraci\u00f3n<\/strong><\/p>","protected":false},"excerpt":{"rendered":"<p>El mundo profesional de 2026 exigir\u00e1 una agilidad sin precedentes  [&#8230;]<\/p>\n","protected":false},"author":1,"featured_media":6966,"comment_status":"closed","ping_status":"","sticky":false,"template":"","format":"standard","meta":{"_ayudawp_aiss_exclude":false,"footnotes":""},"categories":[73],"tags":[],"class_list":["post-6964","post","type-post","status-publish","format-standard","has-post-thumbnail","hentry","category-tutoria"],"yoast_head":"<!-- This site is optimized with the Yoast SEO plugin v27.4 - https:\/\/yoast.com\/product\/yoast-seo-wordpress\/ -->\n<title>La tutor\u00eda: una palanca clave para la igualdad de oportunidades<\/title>\n<meta name=\"description\" content=\"Descubre c\u00f3mo la tutor\u00eda promueve la igualdad de oportunidades ayudando a todos a alcanzar el \u00e9xito y la realizaci\u00f3n personal.\" \/>\n<meta name=\"robots\" content=\"index, follow, max-snippet:-1, max-image-preview:large, max-video-preview:-1\" \/>\n<link rel=\"canonical\" href=\"https:\/\/www.alumni.space\/es\/la-tutoria-como-palanca-para-la-igualdad-de-oportunidades\/\" \/>\n<meta property=\"og:locale\" content=\"es_ES\" \/>\n<meta property=\"og:type\" content=\"article\" \/>\n<meta property=\"og:title\" content=\"La tutor\u00eda: una palanca clave para la igualdad de oportunidades\" \/>\n<meta property=\"og:description\" content=\"Descubre c\u00f3mo la tutor\u00eda promueve la igualdad de oportunidades ayudando a todos a alcanzar el \u00e9xito y la realizaci\u00f3n personal.\" \/>\n<meta property=\"og:url\" content=\"https:\/\/www.alumni.space\/es\/la-tutoria-como-palanca-para-la-igualdad-de-oportunidades\/\" \/>\n<meta property=\"og:site_name\" content=\"Alumni.space\" \/>\n<meta property=\"article:published_time\" content=\"2024-11-23T10:03:39+00:00\" \/>\n<meta property=\"article:modified_time\" content=\"2026-04-02T12:05:14+00:00\" \/>\n<meta property=\"og:image\" content=\"https:\/\/www.alumni.space\/wp-content\/uploads\/2026\/03\/Le-mentorat-comme-levier-degalite-des-chances.jpg\" \/>\n\t<meta property=\"og:image:width\" content=\"1280\" \/>\n\t<meta property=\"og:image:height\" content=\"768\" \/>\n\t<meta property=\"og:image:type\" content=\"image\/jpeg\" \/>\n<meta name=\"author\" content=\"admin\" \/>\n<meta name=\"twitter:card\" content=\"summary_large_image\" \/>\n<meta name=\"twitter:label1\" content=\"Escrito por\" \/>\n\t<meta name=\"twitter:data1\" content=\"admin\" \/>\n\t<meta name=\"twitter:label2\" content=\"Tiempo de lectura\" \/>\n\t<meta name=\"twitter:data2\" content=\"4 minutos\" \/>\n<script type=\"application\/ld+json\" class=\"yoast-schema-graph\">{\"@context\":\"https:\\\/\\\/schema.org\",\"@graph\":[{\"@type\":\"Article\",\"@id\":\"https:\\\/\\\/www.alumni.space\\\/es\\\/la-tutoria-como-palanca-para-la-igualdad-de-oportunidades\\\/#article\",\"isPartOf\":{\"@id\":\"https:\\\/\\\/www.alumni.space\\\/es\\\/la-tutoria-como-palanca-para-la-igualdad-de-oportunidades\\\/\"},\"author\":{\"name\":\"admin\",\"@id\":\"https:\\\/\\\/www.alumni.space\\\/es\\\/#\\\/schema\\\/person\\\/fede362a57876edda476a61f05ce5b15\"},\"headline\":\"La tutor\u00eda como palanca para la igualdad de oportunidades\",\"datePublished\":\"2024-11-23T10:03:39+00:00\",\"dateModified\":\"2026-04-02T12:05:14+00:00\",\"mainEntityOfPage\":{\"@id\":\"https:\\\/\\\/www.alumni.space\\\/es\\\/la-tutoria-como-palanca-para-la-igualdad-de-oportunidades\\\/\"},\"wordCount\":749,\"image\":{\"@id\":\"https:\\\/\\\/www.alumni.space\\\/es\\\/la-tutoria-como-palanca-para-la-igualdad-de-oportunidades\\\/#primaryimage\"},\"thumbnailUrl\":\"https:\\\/\\\/www.alumni.space\\\/wp-content\\\/uploads\\\/2026\\\/03\\\/Le-mentorat-comme-levier-degalite-des-chances.jpg\",\"articleSection\":[\"Tutor\u00eda\"],\"inLanguage\":\"es\"},{\"@type\":\"WebPage\",\"@id\":\"https:\\\/\\\/www.alumni.space\\\/es\\\/la-tutoria-como-palanca-para-la-igualdad-de-oportunidades\\\/\",\"url\":\"https:\\\/\\\/www.alumni.space\\\/es\\\/la-tutoria-como-palanca-para-la-igualdad-de-oportunidades\\\/\",\"name\":\"La tutor\u00eda: una palanca clave para la igualdad de oportunidades\",\"isPartOf\":{\"@id\":\"https:\\\/\\\/www.alumni.space\\\/es\\\/#website\"},\"primaryImageOfPage\":{\"@id\":\"https:\\\/\\\/www.alumni.space\\\/es\\\/la-tutoria-como-palanca-para-la-igualdad-de-oportunidades\\\/#primaryimage\"},\"image\":{\"@id\":\"https:\\\/\\\/www.alumni.space\\\/es\\\/la-tutoria-como-palanca-para-la-igualdad-de-oportunidades\\\/#primaryimage\"},\"thumbnailUrl\":\"https:\\\/\\\/www.alumni.space\\\/wp-content\\\/uploads\\\/2026\\\/03\\\/Le-mentorat-comme-levier-degalite-des-chances.jpg\",\"datePublished\":\"2024-11-23T10:03:39+00:00\",\"dateModified\":\"2026-04-02T12:05:14+00:00\",\"author\":{\"@id\":\"https:\\\/\\\/www.alumni.space\\\/es\\\/#\\\/schema\\\/person\\\/fede362a57876edda476a61f05ce5b15\"},\"description\":\"Descubre c\u00f3mo la tutor\u00eda promueve la igualdad de oportunidades ayudando a todos a alcanzar el \u00e9xito y la realizaci\u00f3n personal.\",\"breadcrumb\":{\"@id\":\"https:\\\/\\\/www.alumni.space\\\/es\\\/la-tutoria-como-palanca-para-la-igualdad-de-oportunidades\\\/#breadcrumb\"},\"inLanguage\":\"es\",\"potentialAction\":[{\"@type\":\"ReadAction\",\"target\":[\"https:\\\/\\\/www.alumni.space\\\/es\\\/la-tutoria-como-palanca-para-la-igualdad-de-oportunidades\\\/\"]}]},{\"@type\":\"ImageObject\",\"inLanguage\":\"es\",\"@id\":\"https:\\\/\\\/www.alumni.space\\\/es\\\/la-tutoria-como-palanca-para-la-igualdad-de-oportunidades\\\/#primaryimage\",\"url\":\"https:\\\/\\\/www.alumni.space\\\/wp-content\\\/uploads\\\/2026\\\/03\\\/Le-mentorat-comme-levier-degalite-des-chances.jpg\",\"contentUrl\":\"https:\\\/\\\/www.alumni.space\\\/wp-content\\\/uploads\\\/2026\\\/03\\\/Le-mentorat-comme-levier-degalite-des-chances.jpg\",\"width\":1280,\"height\":768,\"caption\":\"descubre c\u00f3mo la tutor\u00eda act\u00faa como una poderosa palanca para promover la igualdad de oportunidades, acompa\u00f1ando y apoyando las trayectorias profesionales y personales.\"},{\"@type\":\"BreadcrumbList\",\"@id\":\"https:\\\/\\\/www.alumni.space\\\/es\\\/la-tutoria-como-palanca-para-la-igualdad-de-oportunidades\\\/#breadcrumb\",\"itemListElement\":[{\"@type\":\"ListItem\",\"position\":1,\"name\":\"Home\",\"item\":\"https:\\\/\\\/www.alumni.space\\\/es\\\/plataforma-de-tutoria-y-gestion-de-antiguos-alumnos\\\/\"},{\"@type\":\"ListItem\",\"position\":2,\"name\":\"La tutor\u00eda como palanca para la igualdad de oportunidades\"}]},{\"@type\":\"WebSite\",\"@id\":\"https:\\\/\\\/www.alumni.space\\\/es\\\/#website\",\"url\":\"https:\\\/\\\/www.alumni.space\\\/es\\\/\",\"name\":\"Alumni.space\",\"description\":\"My WordPress Blog\",\"potentialAction\":[{\"@type\":\"SearchAction\",\"target\":{\"@type\":\"EntryPoint\",\"urlTemplate\":\"https:\\\/\\\/www.alumni.space\\\/es\\\/?s={search_term_string}\"},\"query-input\":{\"@type\":\"PropertyValueSpecification\",\"valueRequired\":true,\"valueName\":\"search_term_string\"}}],\"inLanguage\":\"es\"},{\"@type\":\"Person\",\"@id\":\"https:\\\/\\\/www.alumni.space\\\/es\\\/#\\\/schema\\\/person\\\/fede362a57876edda476a61f05ce5b15\",\"name\":\"admin\",\"image\":{\"@type\":\"ImageObject\",\"inLanguage\":\"es\",\"@id\":\"https:\\\/\\\/secure.gravatar.com\\\/avatar\\\/318e234ae94f90d4d629428d6b983c08e31181c28f579e08a021180d759ea651?s=96&d=mm&r=g\",\"url\":\"https:\\\/\\\/secure.gravatar.com\\\/avatar\\\/318e234ae94f90d4d629428d6b983c08e31181c28f579e08a021180d759ea651?s=96&d=mm&r=g\",\"contentUrl\":\"https:\\\/\\\/secure.gravatar.com\\\/avatar\\\/318e234ae94f90d4d629428d6b983c08e31181c28f579e08a021180d759ea651?s=96&d=mm&r=g\",\"caption\":\"admin\"},\"description\":\"Nicolas Laustriat a construit sa sp\u00e9cialit\u00e9 sur un sujet que beaucoup d\u2019organisations d\u00e9couvrent trop tard : ce qui dispara\u00eet quand les gens partent. Dipl\u00f4m\u00e9 en conception de produit industriel, il bifurque vers le digital fin 1996, il couvre les transformations marques, RH, la fid\u00e9lisation, la marque employeur. Sur le terrain, il rep\u00e8re un angle mort r\u00e9current : l\u2019entreprise investit dans le recrutement, la formation, les process\u2026 puis laisse filer le lien au moment du d\u00e9part, avec une perte de savoir et d\u2019influence qui se paie en silence. Il se sp\u00e9cialise alors sur les communaut\u00e9s d\u2019alumni, le mentorat, l\u2019entraide interg\u00e9n\u00e9rationnelle et la transmission d\u2019expertise. Il passe du \u201cconstat\u201d aux m\u00e9thodes : animation, gouvernance, segmentation, rituels, mesure d\u2019engagement, articulation avec la RSE et l\u2019employabilit\u00e9. Il interviewe DRH, responsables formation, directions d\u2019\u00e9coles, associations et fondations, avec une obsession : transformer un r\u00e9seau dormant en m\u00e9canisme utile (cooptation, mentorat, job board, entraide, \u00e9v\u00e9nements, contenus). Son style : direct, orient\u00e9 action, sans folklore. Sa conviction : une communaut\u00e9 n\u2019a pas besoin de bruit, elle a besoin de raisons de revenir.\",\"sameAs\":[\"https:\\\/\\\/www.alumni.space\"]}]}<\/script>\n<!-- \/ Yoast SEO plugin. -->","yoast_head_json":{"title":"La tutor\u00eda: una palanca clave para la igualdad de oportunidades","description":"Descubre c\u00f3mo la tutor\u00eda promueve la igualdad de oportunidades ayudando a todos a alcanzar el \u00e9xito y la realizaci\u00f3n personal.","robots":{"index":"index","follow":"follow","max-snippet":"max-snippet:-1","max-image-preview":"max-image-preview:large","max-video-preview":"max-video-preview:-1"},"canonical":"https:\/\/www.alumni.space\/es\/la-tutoria-como-palanca-para-la-igualdad-de-oportunidades\/","og_locale":"es_ES","og_type":"article","og_title":"La tutor\u00eda: una palanca clave para la igualdad de oportunidades","og_description":"Descubre c\u00f3mo la tutor\u00eda promueve la igualdad de oportunidades ayudando a todos a alcanzar el \u00e9xito y la realizaci\u00f3n personal.","og_url":"https:\/\/www.alumni.space\/es\/la-tutoria-como-palanca-para-la-igualdad-de-oportunidades\/","og_site_name":"Alumni.space","article_published_time":"2024-11-23T10:03:39+00:00","article_modified_time":"2026-04-02T12:05:14+00:00","og_image":[{"width":1280,"height":768,"url":"https:\/\/www.alumni.space\/wp-content\/uploads\/2026\/03\/Le-mentorat-comme-levier-degalite-des-chances.jpg","type":"image\/jpeg"}],"author":"admin","twitter_card":"summary_large_image","twitter_misc":{"Escrito por":"admin","Tiempo de lectura":"4 minutos"},"schema":{"@context":"https:\/\/schema.org","@graph":[{"@type":"Article","@id":"https:\/\/www.alumni.space\/es\/la-tutoria-como-palanca-para-la-igualdad-de-oportunidades\/#article","isPartOf":{"@id":"https:\/\/www.alumni.space\/es\/la-tutoria-como-palanca-para-la-igualdad-de-oportunidades\/"},"author":{"name":"admin","@id":"https:\/\/www.alumni.space\/es\/#\/schema\/person\/fede362a57876edda476a61f05ce5b15"},"headline":"La tutor\u00eda como palanca para la igualdad de oportunidades","datePublished":"2024-11-23T10:03:39+00:00","dateModified":"2026-04-02T12:05:14+00:00","mainEntityOfPage":{"@id":"https:\/\/www.alumni.space\/es\/la-tutoria-como-palanca-para-la-igualdad-de-oportunidades\/"},"wordCount":749,"image":{"@id":"https:\/\/www.alumni.space\/es\/la-tutoria-como-palanca-para-la-igualdad-de-oportunidades\/#primaryimage"},"thumbnailUrl":"https:\/\/www.alumni.space\/wp-content\/uploads\/2026\/03\/Le-mentorat-comme-levier-degalite-des-chances.jpg","articleSection":["Tutor\u00eda"],"inLanguage":"es"},{"@type":"WebPage","@id":"https:\/\/www.alumni.space\/es\/la-tutoria-como-palanca-para-la-igualdad-de-oportunidades\/","url":"https:\/\/www.alumni.space\/es\/la-tutoria-como-palanca-para-la-igualdad-de-oportunidades\/","name":"La tutor\u00eda: una palanca clave para la igualdad de oportunidades","isPartOf":{"@id":"https:\/\/www.alumni.space\/es\/#website"},"primaryImageOfPage":{"@id":"https:\/\/www.alumni.space\/es\/la-tutoria-como-palanca-para-la-igualdad-de-oportunidades\/#primaryimage"},"image":{"@id":"https:\/\/www.alumni.space\/es\/la-tutoria-como-palanca-para-la-igualdad-de-oportunidades\/#primaryimage"},"thumbnailUrl":"https:\/\/www.alumni.space\/wp-content\/uploads\/2026\/03\/Le-mentorat-comme-levier-degalite-des-chances.jpg","datePublished":"2024-11-23T10:03:39+00:00","dateModified":"2026-04-02T12:05:14+00:00","author":{"@id":"https:\/\/www.alumni.space\/es\/#\/schema\/person\/fede362a57876edda476a61f05ce5b15"},"description":"Descubre c\u00f3mo la tutor\u00eda promueve la igualdad de oportunidades ayudando a todos a alcanzar el \u00e9xito y la realizaci\u00f3n personal.","breadcrumb":{"@id":"https:\/\/www.alumni.space\/es\/la-tutoria-como-palanca-para-la-igualdad-de-oportunidades\/#breadcrumb"},"inLanguage":"es","potentialAction":[{"@type":"ReadAction","target":["https:\/\/www.alumni.space\/es\/la-tutoria-como-palanca-para-la-igualdad-de-oportunidades\/"]}]},{"@type":"ImageObject","inLanguage":"es","@id":"https:\/\/www.alumni.space\/es\/la-tutoria-como-palanca-para-la-igualdad-de-oportunidades\/#primaryimage","url":"https:\/\/www.alumni.space\/wp-content\/uploads\/2026\/03\/Le-mentorat-comme-levier-degalite-des-chances.jpg","contentUrl":"https:\/\/www.alumni.space\/wp-content\/uploads\/2026\/03\/Le-mentorat-comme-levier-degalite-des-chances.jpg","width":1280,"height":768,"caption":"descubre c\u00f3mo la tutor\u00eda act\u00faa como una poderosa palanca para promover la igualdad de oportunidades, acompa\u00f1ando y apoyando las trayectorias profesionales y personales."},{"@type":"BreadcrumbList","@id":"https:\/\/www.alumni.space\/es\/la-tutoria-como-palanca-para-la-igualdad-de-oportunidades\/#breadcrumb","itemListElement":[{"@type":"ListItem","position":1,"name":"Home","item":"https:\/\/www.alumni.space\/es\/plataforma-de-tutoria-y-gestion-de-antiguos-alumnos\/"},{"@type":"ListItem","position":2,"name":"La tutor\u00eda como palanca para la igualdad de oportunidades"}]},{"@type":"WebSite","@id":"https:\/\/www.alumni.space\/es\/#website","url":"https:\/\/www.alumni.space\/es\/","name":"Alumni.space","description":"My WordPress Blog","potentialAction":[{"@type":"SearchAction","target":{"@type":"EntryPoint","urlTemplate":"https:\/\/www.alumni.space\/es\/?s={search_term_string}"},"query-input":{"@type":"PropertyValueSpecification","valueRequired":true,"valueName":"search_term_string"}}],"inLanguage":"es"},{"@type":"Person","@id":"https:\/\/www.alumni.space\/es\/#\/schema\/person\/fede362a57876edda476a61f05ce5b15","name":"admin","image":{"@type":"ImageObject","inLanguage":"es","@id":"https:\/\/secure.gravatar.com\/avatar\/318e234ae94f90d4d629428d6b983c08e31181c28f579e08a021180d759ea651?s=96&d=mm&r=g","url":"https:\/\/secure.gravatar.com\/avatar\/318e234ae94f90d4d629428d6b983c08e31181c28f579e08a021180d759ea651?s=96&d=mm&r=g","contentUrl":"https:\/\/secure.gravatar.com\/avatar\/318e234ae94f90d4d629428d6b983c08e31181c28f579e08a021180d759ea651?s=96&d=mm&r=g","caption":"admin"},"description":"Nicolas Laustriat a construit sa sp\u00e9cialit\u00e9 sur un sujet que beaucoup d\u2019organisations d\u00e9couvrent trop tard : ce qui dispara\u00eet quand les gens partent. Dipl\u00f4m\u00e9 en conception de produit industriel, il bifurque vers le digital fin 1996, il couvre les transformations marques, RH, la fid\u00e9lisation, la marque employeur. Sur le terrain, il rep\u00e8re un angle mort r\u00e9current : l\u2019entreprise investit dans le recrutement, la formation, les process\u2026 puis laisse filer le lien au moment du d\u00e9part, avec une perte de savoir et d\u2019influence qui se paie en silence. Il se sp\u00e9cialise alors sur les communaut\u00e9s d\u2019alumni, le mentorat, l\u2019entraide interg\u00e9n\u00e9rationnelle et la transmission d\u2019expertise. Il passe du \u201cconstat\u201d aux m\u00e9thodes : animation, gouvernance, segmentation, rituels, mesure d\u2019engagement, articulation avec la RSE et l\u2019employabilit\u00e9. Il interviewe DRH, responsables formation, directions d\u2019\u00e9coles, associations et fondations, avec une obsession : transformer un r\u00e9seau dormant en m\u00e9canisme utile (cooptation, mentorat, job board, entraide, \u00e9v\u00e9nements, contenus). Son style : direct, orient\u00e9 action, sans folklore. Sa conviction : une communaut\u00e9 n\u2019a pas besoin de bruit, elle a besoin de raisons de revenir.","sameAs":["https:\/\/www.alumni.space"]}]}},"_links":{"self":[{"href":"https:\/\/www.alumni.space\/es\/wp-json\/wp\/v2\/posts\/6964","targetHints":{"allow":["GET"]}}],"collection":[{"href":"https:\/\/www.alumni.space\/es\/wp-json\/wp\/v2\/posts"}],"about":[{"href":"https:\/\/www.alumni.space\/es\/wp-json\/wp\/v2\/types\/post"}],"author":[{"embeddable":true,"href":"https:\/\/www.alumni.space\/es\/wp-json\/wp\/v2\/users\/1"}],"replies":[{"embeddable":true,"href":"https:\/\/www.alumni.space\/es\/wp-json\/wp\/v2\/comments?post=6964"}],"version-history":[{"count":1,"href":"https:\/\/www.alumni.space\/es\/wp-json\/wp\/v2\/posts\/6964\/revisions"}],"predecessor-version":[{"id":6968,"href":"https:\/\/www.alumni.space\/es\/wp-json\/wp\/v2\/posts\/6964\/revisions\/6968"}],"wp:featuredmedia":[{"embeddable":true,"href":"https:\/\/www.alumni.space\/es\/wp-json\/wp\/v2\/media\/6966"}],"wp:attachment":[{"href":"https:\/\/www.alumni.space\/es\/wp-json\/wp\/v2\/media?parent=6964"}],"wp:term":[{"taxonomy":"category","embeddable":true,"href":"https:\/\/www.alumni.space\/es\/wp-json\/wp\/v2\/categories?post=6964"},{"taxonomy":"post_tag","embeddable":true,"href":"https:\/\/www.alumni.space\/es\/wp-json\/wp\/v2\/tags?post=6964"}],"curies":[{"name":"wp","href":"https:\/\/api.w.org\/{rel}","templated":true}]}}