{"id":6891,"date":"2025-05-15T05:35:45","date_gmt":"2025-05-15T05:35:45","guid":{"rendered":"https:\/\/www.alumni.space\/como-preven-las-companias-de-seguros-la-marcha-de-los-peritos-veteranos\/"},"modified":"2026-04-02T09:24:25","modified_gmt":"2026-04-02T09:24:25","slug":"como-preven-las-companias-de-seguros-la-marcha-de-los-peritos-veteranos","status":"publish","type":"post","link":"https:\/\/www.alumni.space\/es\/como-preven-las-companias-de-seguros-la-marcha-de-los-peritos-veteranos\/","title":{"rendered":"\u00bfC\u00f3mo prev\u00e9n las compa\u00f1\u00edas de seguros la marcha de los peritos veteranos?"},"content":{"rendered":"<div id=\"ez-toc-container\" class=\"ez-toc-v2_0_82_2 counter-flat ez-toc-counter ez-toc-grey ez-toc-container-direction\">\n<div class=\"ez-toc-title-container\"><p class=\"ez-toc-title\" style=\"cursor:inherit\">En este art\u00edculo se trata lo siguiente:<\/p>\n<\/div><nav><ul class='ez-toc-list ez-toc-list-level-1 ' ><li class='ez-toc-page-1'><a class=\"ez-toc-link ez-toc-heading-1\" href=\"https:\/\/www.alumni.space\/es\/como-preven-las-companias-de-seguros-la-marcha-de-los-peritos-veteranos\/#Anticipar_la_salida_de_los_expertos_senior_un_reto_estrategico_para_las_aseguradoras\" >Anticipar la salida de los expertos senior: un reto estrat\u00e9gico para las aseguradoras<\/a><\/li><li class='ez-toc-page-1'><a class=\"ez-toc-link ez-toc-heading-2\" href=\"https:\/\/www.alumni.space\/es\/como-preven-las-companias-de-seguros-la-marcha-de-los-peritos-veteranos\/#Identificar_y_desarrollar_los_conocimientos_estrategicos_de_los_expertos_de_alto_nivel\" >Identificar y desarrollar los conocimientos estrat\u00e9gicos de los expertos de alto nivel<\/a><\/li><li class='ez-toc-page-1'><a class=\"ez-toc-link ez-toc-heading-3\" href=\"https:\/\/www.alumni.space\/es\/como-preven-las-companias-de-seguros-la-marcha-de-los-peritos-veteranos\/#Planificacion_de_la_sucesion_y_gestion_de_la_carrera_para_garantizar_la_continuidad\" >Planificaci\u00f3n de la sucesi\u00f3n y gesti\u00f3n de la carrera para garantizar la continuidad<\/a><\/li><li class='ez-toc-page-1'><a class=\"ez-toc-link ez-toc-heading-4\" href=\"https:\/\/www.alumni.space\/es\/como-preven-las-companias-de-seguros-la-marcha-de-los-peritos-veteranos\/#Seguro_de_persona_clave_una_red_de_seguridad_esencial\" >Seguro de persona clave: una red de seguridad esencial<\/a><\/li><li class='ez-toc-page-1'><a class=\"ez-toc-link ez-toc-heading-5\" href=\"https:\/\/www.alumni.space\/es\/como-preven-las-companias-de-seguros-la-marcha-de-los-peritos-veteranos\/#Un_enfoque_integrado_para_prevenir_la_perdida_de_conocimientos_tecnicos_y_desarrollar_el_capital_humano\" >Un enfoque integrado para prevenir la p\u00e9rdida de conocimientos t\u00e9cnicos y desarrollar el capital humano<\/a><\/li><\/ul><\/nav><\/div>\n<h2 class=\"wp-block-heading\"><span class=\"ez-toc-section\" id=\"Anticipar_la_salida_de_los_expertos_senior_un_reto_estrategico_para_las_aseguradoras\"><\/span>Anticipar la salida de los expertos senior: un reto estrat\u00e9gico para las aseguradoras<span class=\"ez-toc-section-end\"><\/span><\/h2><p>Las compa\u00f1\u00edas de seguros est\u00e1n experimentando una importante transici\u00f3n a medida que sus <strong>expertos senior<\/strong> <strong>se jubilan<\/strong> gradualmente. Estos expertos suelen poseer un <strong>saber hacer<\/strong> \u00fanico, fruto de a\u00f1os de experiencia y un profundo conocimiento de los riesgos, los clientes y los procedimientos complejos. Su marcha inesperada puede debilitar los procesos internos, afectar a las relaciones con los clientes y generar p\u00e9rdidas dif\u00edciles de compensar. Por eso, la <strong>gesti\u00f3n del talento<\/strong> y la <strong>planificaci\u00f3n de la sucesi\u00f3n<\/strong> se han convertido en prioridades para garantizar el futuro a largo plazo de las empresas.   <\/p><figure class=\"wp-block-image size-full\"><img decoding=\"async\" width=\"1280\" height=\"768\" src=\"https:\/\/www.alumni.space\/wp-content\/uploads\/2026\/03\/Comment-les-compagnies-dassurance-anticipent-elles-le-depart-des-experts-seniors-1-1.jpg\" data-orig-src=\"https:\/\/www.alumni.space\/wp-content\/uploads\/2026\/03\/Comment-les-compagnies-dassurance-anticipent-elles-le-depart-des-experts-seniors-1-1.jpg\" alt=\"averigua c\u00f3mo se preparan las aseguradoras para la pr\u00f3xima generaci\u00f3n, anticip\u00e1ndose a la marcha de los expertos s\u00e9nior para garantizar la continuidad y la experiencia de sus equipos.\" class=\"lazyload wp-image-3216\" srcset=\"data:image\/svg+xml,%3Csvg%20xmlns%3D%27http%3A%2F%2Fwww.w3.org%2F2000%2Fsvg%27%20width%3D%271280%27%20height%3D%27768%27%20viewBox%3D%270%200%201280%20768%27%3E%3Crect%20width%3D%271280%27%20height%3D%27768%27%20fill-opacity%3D%220%22%2F%3E%3C%2Fsvg%3E\" data-srcset=\"https:\/\/www.alumni.space\/wp-content\/uploads\/2026\/03\/Comment-les-compagnies-dassurance-anticipent-elles-le-depart-des-experts-seniors-1-1-200x120.jpg 200w, https:\/\/www.alumni.space\/wp-content\/uploads\/2026\/03\/Comment-les-compagnies-dassurance-anticipent-elles-le-depart-des-experts-seniors-1-1-300x180.jpg 300w, https:\/\/www.alumni.space\/wp-content\/uploads\/2026\/03\/Comment-les-compagnies-dassurance-anticipent-elles-le-depart-des-experts-seniors-1-1-400x240.jpg 400w, https:\/\/www.alumni.space\/wp-content\/uploads\/2026\/03\/Comment-les-compagnies-dassurance-anticipent-elles-le-depart-des-experts-seniors-1-1-600x360.jpg 600w, https:\/\/www.alumni.space\/wp-content\/uploads\/2026\/03\/Comment-les-compagnies-dassurance-anticipent-elles-le-depart-des-experts-seniors-1-1-768x461.jpg 768w, https:\/\/www.alumni.space\/wp-content\/uploads\/2026\/03\/Comment-les-compagnies-dassurance-anticipent-elles-le-depart-des-experts-seniors-1-1-800x480.jpg 800w, https:\/\/www.alumni.space\/wp-content\/uploads\/2026\/03\/Comment-les-compagnies-dassurance-anticipent-elles-le-depart-des-experts-seniors-1-1-1024x614.jpg 1024w, https:\/\/www.alumni.space\/wp-content\/uploads\/2026\/03\/Comment-les-compagnies-dassurance-anticipent-elles-le-depart-des-experts-seniors-1-1-1200x720.jpg 1200w, https:\/\/www.alumni.space\/wp-content\/uploads\/2026\/03\/Comment-les-compagnies-dassurance-anticipent-elles-le-depart-des-experts-seniors-1-1.jpg 1280w\" data-sizes=\"auto\" data-orig-sizes=\"(max-width: 1280px) 100vw, 1280px\" \/><\/figure><h3 class=\"wp-block-heading\"><span class=\"ez-toc-section\" id=\"Identificar_y_desarrollar_los_conocimientos_estrategicos_de_los_expertos_de_alto_nivel\"><\/span>Identificar y desarrollar los conocimientos estrat\u00e9gicos de los expertos de alto nivel<span class=\"ez-toc-section-end\"><\/span><\/h3><p>Las competencias de los expertos de alto nivel no se limitan a un conjunto de tareas: incluyen mecanismos t\u00e1citos, decisiones empresariales y una capacidad de anticipaci\u00f3n que pocos dominan. Estos conocimientos suelen estar poco formalizados y protegidos, lo que dificulta su transmisi\u00f3n a las generaciones futuras. Para remediar este riesgo, es necesario un enfoque organizado para<strong>identificar a los expertos clave<\/strong>, que implique una cartograf\u00eda precisa de las competencias poco comunes y una evaluaci\u00f3n de su impacto en la empresa.  <\/p><p>La formalizaci\u00f3n del conocimiento implica la creaci\u00f3n de contenidos estructurados, como videotutoriales, archivos documentales y m\u00f3dulos de <strong>formaci\u00f3n continua<\/strong>. Este trabajo de capitalizaci\u00f3n ayuda a transformar los conocimientos individuales en un <strong>corpus de experiencia<\/strong> colectivo, accesible y evolutivo. Los intercambios intergeneracionales, la tutor\u00eda y los emparejamientos son palancas esenciales para activar esta transmisi\u00f3n de competencias y reforzar el v\u00ednculo entre las salidas y las contrataciones.  <\/p><h2 class=\"wp-block-heading\"><span class=\"ez-toc-section\" id=\"Planificacion_de_la_sucesion_y_gestion_de_la_carrera_para_garantizar_la_continuidad\"><\/span>Planificaci\u00f3n de la sucesi\u00f3n y gesti\u00f3n de la carrera para garantizar la continuidad<span class=\"ez-toc-section-end\"><\/span><\/h2><p><strong>Retener a<\/strong> los expertos s\u00e9nior puede formar parte de una estrategia global que incluya el aplazamiento de la actividad mediante m\u00faltiples sistemas de jubilaci\u00f3n, recalificaci\u00f3n de funciones y orientaci\u00f3n profesional. Este sistema ofrece a estos perfiles la oportunidad de apoyar el desarrollo de las competencias del equipo, al tiempo que garantiza la continuidad operativa. Las empresas deben integrar estos par\u00e1metros en su <strong>gesti\u00f3n de la carrera profesional<\/strong>, definiendo indicadores claros y estructurando un plan a medio plazo.  <\/p><p>La industrializaci\u00f3n de este sistema se ve facilitada por plataformas de gesti\u00f3n y animaci\u00f3n de comunidades especializadas, como <a href=\"https:\/\/www.alumni.space\/es\/como-preven-las-companias-de-seguros-la-marcha-de-los-peritos-veteranos\/\">alumni.space<\/a>. Estas herramientas SaaS re\u00fanen perfiles, tutor\u00edas, ofertas, eventos y contenidos, proporcionando un aut\u00e9ntico ecosistema para anticipar mejor las salidas y gestionar el traspaso. Permiten a los equipos de RRHH, a los responsables de formaci\u00f3n y a los responsables operativos establecer un <strong>proceso fluido, medible y escalable<\/strong>.  <\/p><h3 class=\"wp-block-heading\"><span class=\"ez-toc-section\" id=\"Seguro_de_persona_clave_una_red_de_seguridad_esencial\"><\/span>Seguro de persona clave: una red de seguridad esencial<span class=\"ez-toc-section-end\"><\/span><\/h3><p>A pesar de todos los esfuerzos realizados para estructurar y transmitir la experiencia, la marcha inesperada de un experto senior por enfermedad o accidente sigue siendo un factor de riesgo importante. Aqu\u00ed es donde <strong>el seguro de hombre clave<\/strong> desempe\u00f1a un papel crucial. Esta soluci\u00f3n financiera ofrece un capital inmediato que la empresa puede utilizar libremente para financiar un sustituto temporal, apoyar la formaci\u00f3n o continuar los proyectos estrat\u00e9gicos en curso.  <\/p><p>Los seguros garantizan la protecci\u00f3n de la cuenta de resultados y refuerzan la resistencia frente a los choques externos. Es un complemento eficaz del enfoque de gesti\u00f3n de la sucesi\u00f3n, que asegura el conocimiento y el talento. Para profundizar en este aspecto, <a href=\"https:\/\/onlynnov.com\/guide-assurance\/protection-experts-cles\/\">consulta esta gu\u00eda completa para proteger a los expertos clave<\/a>, que ofrece metodolog\u00edas y consejos adaptados al contexto empresarial.  <\/p><h2 class=\"wp-block-heading\"><span class=\"ez-toc-section\" id=\"Un_enfoque_integrado_para_prevenir_la_perdida_de_conocimientos_tecnicos_y_desarrollar_el_capital_humano\"><\/span>Un enfoque integrado para prevenir la p\u00e9rdida de conocimientos t\u00e9cnicos y desarrollar el capital humano<span class=\"ez-toc-section-end\"><\/span><\/h2><p>Combinando la identificaci\u00f3n de expertos clave, la transferencia organizada de competencias, la gesti\u00f3n de la carrera profesional y la cobertura de seguros, las compa\u00f1\u00edas de seguros est\u00e1n construyendo un sistema s\u00f3lido. Este enfoque protege su <strong>capital de experiencia<\/strong>, facilita la integraci\u00f3n de nuevos talentos y desarrolla el compromiso a largo plazo. La implantaci\u00f3n de un sistema de este tipo, sobre todo mediante el uso de soluciones digitales adecuadas, reduce el riesgo de interrupciones operativas, al tiempo que refuerza la cohesi\u00f3n interna.  <\/p><p>Los departamentos de recursos humanos, los \u00f3rganos de gobierno y los responsables de formaci\u00f3n disponen ahora de una hoja de ruta clara para gestionar esta inevitable transici\u00f3n del personal directivo hacia la jubilaci\u00f3n, garantizando la estabilidad y el rendimiento.<\/p>","protected":false},"excerpt":{"rendered":"<p>Anticipar la salida de los expertos senior: un reto estrat\u00e9gico  [&#8230;]<\/p>\n","protected":false},"author":1,"featured_media":6893,"comment_status":"closed","ping_status":"","sticky":false,"template":"","format":"standard","meta":{"_ayudawp_aiss_exclude":false,"footnotes":""},"categories":[75],"tags":[],"class_list":["post-6891","post","type-post","status-publish","format-standard","has-post-thumbnail","hentry","category-recursos-humanos"],"yoast_head":"<!-- This site is optimized with the Yoast SEO plugin v27.4 - https:\/\/yoast.com\/product\/yoast-seo-wordpress\/ -->\n<title>Seguros: prepararse para el futuro ante la marcha de expertos senior<\/title>\n<meta name=\"description\" content=\"Averigua c\u00f3mo se preparan las compa\u00f1\u00edas de seguros para la marcha de los expertos s\u00e9nior, a fin de garantizar una transici\u00f3n eficaz y preservar su saber hacer.\" \/>\n<meta name=\"robots\" content=\"index, follow, max-snippet:-1, max-image-preview:large, max-video-preview:-1\" \/>\n<link rel=\"canonical\" href=\"https:\/\/www.alumni.space\/es\/como-preven-las-companias-de-seguros-la-marcha-de-los-peritos-veteranos\/\" \/>\n<meta property=\"og:locale\" content=\"es_ES\" \/>\n<meta property=\"og:type\" content=\"article\" \/>\n<meta property=\"og:title\" content=\"Seguros: prepararse para el futuro ante la marcha de expertos senior\" \/>\n<meta property=\"og:description\" content=\"Averigua c\u00f3mo se preparan las compa\u00f1\u00edas de seguros para la marcha de los expertos s\u00e9nior, a fin de garantizar una transici\u00f3n eficaz y preservar su saber hacer.\" \/>\n<meta property=\"og:url\" content=\"https:\/\/www.alumni.space\/es\/como-preven-las-companias-de-seguros-la-marcha-de-los-peritos-veteranos\/\" \/>\n<meta property=\"og:site_name\" content=\"Alumni.space\" \/>\n<meta property=\"article:published_time\" content=\"2025-05-15T05:35:45+00:00\" \/>\n<meta property=\"article:modified_time\" content=\"2026-04-02T09:24:25+00:00\" \/>\n<meta property=\"og:image\" content=\"https:\/\/www.alumni.space\/wp-content\/uploads\/2026\/03\/Comment-les-compagnies-dassurance-anticipent-elles-le-depart-des-experts-seniors-.jpg\" \/>\n\t<meta property=\"og:image:width\" content=\"1280\" \/>\n\t<meta property=\"og:image:height\" content=\"768\" \/>\n\t<meta property=\"og:image:type\" content=\"image\/jpeg\" \/>\n<meta name=\"author\" content=\"admin\" \/>\n<meta name=\"twitter:card\" content=\"summary_large_image\" \/>\n<meta name=\"twitter:label1\" content=\"Escrito por\" \/>\n\t<meta name=\"twitter:data1\" content=\"admin\" \/>\n\t<meta name=\"twitter:label2\" content=\"Tiempo de lectura\" \/>\n\t<meta name=\"twitter:data2\" content=\"4 minutos\" \/>\n<script type=\"application\/ld+json\" class=\"yoast-schema-graph\">{\"@context\":\"https:\\\/\\\/schema.org\",\"@graph\":[{\"@type\":\"Article\",\"@id\":\"https:\\\/\\\/www.alumni.space\\\/es\\\/como-preven-las-companias-de-seguros-la-marcha-de-los-peritos-veteranos\\\/#article\",\"isPartOf\":{\"@id\":\"https:\\\/\\\/www.alumni.space\\\/es\\\/como-preven-las-companias-de-seguros-la-marcha-de-los-peritos-veteranos\\\/\"},\"author\":{\"name\":\"admin\",\"@id\":\"https:\\\/\\\/www.alumni.space\\\/es\\\/#\\\/schema\\\/person\\\/fede362a57876edda476a61f05ce5b15\"},\"headline\":\"\u00bfC\u00f3mo prev\u00e9n las compa\u00f1\u00edas de seguros la marcha de los peritos veteranos?\",\"datePublished\":\"2025-05-15T05:35:45+00:00\",\"dateModified\":\"2026-04-02T09:24:25+00:00\",\"mainEntityOfPage\":{\"@id\":\"https:\\\/\\\/www.alumni.space\\\/es\\\/como-preven-las-companias-de-seguros-la-marcha-de-los-peritos-veteranos\\\/\"},\"wordCount\":771,\"image\":{\"@id\":\"https:\\\/\\\/www.alumni.space\\\/es\\\/como-preven-las-companias-de-seguros-la-marcha-de-los-peritos-veteranos\\\/#primaryimage\"},\"thumbnailUrl\":\"https:\\\/\\\/www.alumni.space\\\/wp-content\\\/uploads\\\/2026\\\/03\\\/Comment-les-compagnies-dassurance-anticipent-elles-le-depart-des-experts-seniors-.jpg\",\"articleSection\":[\"Recursos Humanos\"],\"inLanguage\":\"es\"},{\"@type\":\"WebPage\",\"@id\":\"https:\\\/\\\/www.alumni.space\\\/es\\\/como-preven-las-companias-de-seguros-la-marcha-de-los-peritos-veteranos\\\/\",\"url\":\"https:\\\/\\\/www.alumni.space\\\/es\\\/como-preven-las-companias-de-seguros-la-marcha-de-los-peritos-veteranos\\\/\",\"name\":\"Seguros: prepararse para el futuro ante la marcha de expertos senior\",\"isPartOf\":{\"@id\":\"https:\\\/\\\/www.alumni.space\\\/es\\\/#website\"},\"primaryImageOfPage\":{\"@id\":\"https:\\\/\\\/www.alumni.space\\\/es\\\/como-preven-las-companias-de-seguros-la-marcha-de-los-peritos-veteranos\\\/#primaryimage\"},\"image\":{\"@id\":\"https:\\\/\\\/www.alumni.space\\\/es\\\/como-preven-las-companias-de-seguros-la-marcha-de-los-peritos-veteranos\\\/#primaryimage\"},\"thumbnailUrl\":\"https:\\\/\\\/www.alumni.space\\\/wp-content\\\/uploads\\\/2026\\\/03\\\/Comment-les-compagnies-dassurance-anticipent-elles-le-depart-des-experts-seniors-.jpg\",\"datePublished\":\"2025-05-15T05:35:45+00:00\",\"dateModified\":\"2026-04-02T09:24:25+00:00\",\"author\":{\"@id\":\"https:\\\/\\\/www.alumni.space\\\/es\\\/#\\\/schema\\\/person\\\/fede362a57876edda476a61f05ce5b15\"},\"description\":\"Averigua c\u00f3mo se preparan las compa\u00f1\u00edas de seguros para la marcha de los expertos s\u00e9nior, a fin de garantizar una transici\u00f3n eficaz y preservar su saber hacer.\",\"breadcrumb\":{\"@id\":\"https:\\\/\\\/www.alumni.space\\\/es\\\/como-preven-las-companias-de-seguros-la-marcha-de-los-peritos-veteranos\\\/#breadcrumb\"},\"inLanguage\":\"es\",\"potentialAction\":[{\"@type\":\"ReadAction\",\"target\":[\"https:\\\/\\\/www.alumni.space\\\/es\\\/como-preven-las-companias-de-seguros-la-marcha-de-los-peritos-veteranos\\\/\"]}]},{\"@type\":\"ImageObject\",\"inLanguage\":\"es\",\"@id\":\"https:\\\/\\\/www.alumni.space\\\/es\\\/como-preven-las-companias-de-seguros-la-marcha-de-los-peritos-veteranos\\\/#primaryimage\",\"url\":\"https:\\\/\\\/www.alumni.space\\\/wp-content\\\/uploads\\\/2026\\\/03\\\/Comment-les-compagnies-dassurance-anticipent-elles-le-depart-des-experts-seniors-.jpg\",\"contentUrl\":\"https:\\\/\\\/www.alumni.space\\\/wp-content\\\/uploads\\\/2026\\\/03\\\/Comment-les-compagnies-dassurance-anticipent-elles-le-depart-des-experts-seniors-.jpg\",\"width\":1280,\"height\":768,\"caption\":\"averigua c\u00f3mo las compa\u00f1\u00edas de seguros planifican y gestionan la marcha de los expertos de alto nivel para garantizar la continuidad y la transferencia de competencias esenciales.\"},{\"@type\":\"BreadcrumbList\",\"@id\":\"https:\\\/\\\/www.alumni.space\\\/es\\\/como-preven-las-companias-de-seguros-la-marcha-de-los-peritos-veteranos\\\/#breadcrumb\",\"itemListElement\":[{\"@type\":\"ListItem\",\"position\":1,\"name\":\"Home\",\"item\":\"https:\\\/\\\/www.alumni.space\\\/es\\\/plataforma-de-tutoria-y-gestion-de-antiguos-alumnos\\\/\"},{\"@type\":\"ListItem\",\"position\":2,\"name\":\"\u00bfC\u00f3mo prev\u00e9n las compa\u00f1\u00edas de seguros la marcha de los peritos veteranos?\"}]},{\"@type\":\"WebSite\",\"@id\":\"https:\\\/\\\/www.alumni.space\\\/es\\\/#website\",\"url\":\"https:\\\/\\\/www.alumni.space\\\/es\\\/\",\"name\":\"Alumni.space\",\"description\":\"My WordPress Blog\",\"potentialAction\":[{\"@type\":\"SearchAction\",\"target\":{\"@type\":\"EntryPoint\",\"urlTemplate\":\"https:\\\/\\\/www.alumni.space\\\/es\\\/?s={search_term_string}\"},\"query-input\":{\"@type\":\"PropertyValueSpecification\",\"valueRequired\":true,\"valueName\":\"search_term_string\"}}],\"inLanguage\":\"es\"},{\"@type\":\"Person\",\"@id\":\"https:\\\/\\\/www.alumni.space\\\/es\\\/#\\\/schema\\\/person\\\/fede362a57876edda476a61f05ce5b15\",\"name\":\"admin\",\"image\":{\"@type\":\"ImageObject\",\"inLanguage\":\"es\",\"@id\":\"https:\\\/\\\/secure.gravatar.com\\\/avatar\\\/318e234ae94f90d4d629428d6b983c08e31181c28f579e08a021180d759ea651?s=96&d=mm&r=g\",\"url\":\"https:\\\/\\\/secure.gravatar.com\\\/avatar\\\/318e234ae94f90d4d629428d6b983c08e31181c28f579e08a021180d759ea651?s=96&d=mm&r=g\",\"contentUrl\":\"https:\\\/\\\/secure.gravatar.com\\\/avatar\\\/318e234ae94f90d4d629428d6b983c08e31181c28f579e08a021180d759ea651?s=96&d=mm&r=g\",\"caption\":\"admin\"},\"description\":\"Nicolas Laustriat a construit sa sp\u00e9cialit\u00e9 sur un sujet que beaucoup d\u2019organisations d\u00e9couvrent trop tard : ce qui dispara\u00eet quand les gens partent. Dipl\u00f4m\u00e9 en conception de produit industriel, il bifurque vers le digital fin 1996, il couvre les transformations marques, RH, la fid\u00e9lisation, la marque employeur. Sur le terrain, il rep\u00e8re un angle mort r\u00e9current : l\u2019entreprise investit dans le recrutement, la formation, les process\u2026 puis laisse filer le lien au moment du d\u00e9part, avec une perte de savoir et d\u2019influence qui se paie en silence. Il se sp\u00e9cialise alors sur les communaut\u00e9s d\u2019alumni, le mentorat, l\u2019entraide interg\u00e9n\u00e9rationnelle et la transmission d\u2019expertise. Il passe du \u201cconstat\u201d aux m\u00e9thodes : animation, gouvernance, segmentation, rituels, mesure d\u2019engagement, articulation avec la RSE et l\u2019employabilit\u00e9. Il interviewe DRH, responsables formation, directions d\u2019\u00e9coles, associations et fondations, avec une obsession : transformer un r\u00e9seau dormant en m\u00e9canisme utile (cooptation, mentorat, job board, entraide, \u00e9v\u00e9nements, contenus). Son style : direct, orient\u00e9 action, sans folklore. Sa conviction : une communaut\u00e9 n\u2019a pas besoin de bruit, elle a besoin de raisons de revenir.\",\"sameAs\":[\"https:\\\/\\\/www.alumni.space\"]}]}<\/script>\n<!-- \/ Yoast SEO plugin. -->","yoast_head_json":{"title":"Seguros: prepararse para el futuro ante la marcha de expertos senior","description":"Averigua c\u00f3mo se preparan las compa\u00f1\u00edas de seguros para la marcha de los expertos s\u00e9nior, a fin de garantizar una transici\u00f3n eficaz y preservar su saber hacer.","robots":{"index":"index","follow":"follow","max-snippet":"max-snippet:-1","max-image-preview":"max-image-preview:large","max-video-preview":"max-video-preview:-1"},"canonical":"https:\/\/www.alumni.space\/es\/como-preven-las-companias-de-seguros-la-marcha-de-los-peritos-veteranos\/","og_locale":"es_ES","og_type":"article","og_title":"Seguros: prepararse para el futuro ante la marcha de expertos senior","og_description":"Averigua c\u00f3mo se preparan las compa\u00f1\u00edas de seguros para la marcha de los expertos s\u00e9nior, a fin de garantizar una transici\u00f3n eficaz y preservar su saber hacer.","og_url":"https:\/\/www.alumni.space\/es\/como-preven-las-companias-de-seguros-la-marcha-de-los-peritos-veteranos\/","og_site_name":"Alumni.space","article_published_time":"2025-05-15T05:35:45+00:00","article_modified_time":"2026-04-02T09:24:25+00:00","og_image":[{"width":1280,"height":768,"url":"https:\/\/www.alumni.space\/wp-content\/uploads\/2026\/03\/Comment-les-compagnies-dassurance-anticipent-elles-le-depart-des-experts-seniors-.jpg","type":"image\/jpeg"}],"author":"admin","twitter_card":"summary_large_image","twitter_misc":{"Escrito por":"admin","Tiempo de lectura":"4 minutos"},"schema":{"@context":"https:\/\/schema.org","@graph":[{"@type":"Article","@id":"https:\/\/www.alumni.space\/es\/como-preven-las-companias-de-seguros-la-marcha-de-los-peritos-veteranos\/#article","isPartOf":{"@id":"https:\/\/www.alumni.space\/es\/como-preven-las-companias-de-seguros-la-marcha-de-los-peritos-veteranos\/"},"author":{"name":"admin","@id":"https:\/\/www.alumni.space\/es\/#\/schema\/person\/fede362a57876edda476a61f05ce5b15"},"headline":"\u00bfC\u00f3mo prev\u00e9n las compa\u00f1\u00edas de seguros la marcha de los peritos veteranos?","datePublished":"2025-05-15T05:35:45+00:00","dateModified":"2026-04-02T09:24:25+00:00","mainEntityOfPage":{"@id":"https:\/\/www.alumni.space\/es\/como-preven-las-companias-de-seguros-la-marcha-de-los-peritos-veteranos\/"},"wordCount":771,"image":{"@id":"https:\/\/www.alumni.space\/es\/como-preven-las-companias-de-seguros-la-marcha-de-los-peritos-veteranos\/#primaryimage"},"thumbnailUrl":"https:\/\/www.alumni.space\/wp-content\/uploads\/2026\/03\/Comment-les-compagnies-dassurance-anticipent-elles-le-depart-des-experts-seniors-.jpg","articleSection":["Recursos Humanos"],"inLanguage":"es"},{"@type":"WebPage","@id":"https:\/\/www.alumni.space\/es\/como-preven-las-companias-de-seguros-la-marcha-de-los-peritos-veteranos\/","url":"https:\/\/www.alumni.space\/es\/como-preven-las-companias-de-seguros-la-marcha-de-los-peritos-veteranos\/","name":"Seguros: prepararse para el futuro ante la marcha de expertos senior","isPartOf":{"@id":"https:\/\/www.alumni.space\/es\/#website"},"primaryImageOfPage":{"@id":"https:\/\/www.alumni.space\/es\/como-preven-las-companias-de-seguros-la-marcha-de-los-peritos-veteranos\/#primaryimage"},"image":{"@id":"https:\/\/www.alumni.space\/es\/como-preven-las-companias-de-seguros-la-marcha-de-los-peritos-veteranos\/#primaryimage"},"thumbnailUrl":"https:\/\/www.alumni.space\/wp-content\/uploads\/2026\/03\/Comment-les-compagnies-dassurance-anticipent-elles-le-depart-des-experts-seniors-.jpg","datePublished":"2025-05-15T05:35:45+00:00","dateModified":"2026-04-02T09:24:25+00:00","author":{"@id":"https:\/\/www.alumni.space\/es\/#\/schema\/person\/fede362a57876edda476a61f05ce5b15"},"description":"Averigua c\u00f3mo se preparan las compa\u00f1\u00edas de seguros para la marcha de los expertos s\u00e9nior, a fin de garantizar una transici\u00f3n eficaz y preservar su saber hacer.","breadcrumb":{"@id":"https:\/\/www.alumni.space\/es\/como-preven-las-companias-de-seguros-la-marcha-de-los-peritos-veteranos\/#breadcrumb"},"inLanguage":"es","potentialAction":[{"@type":"ReadAction","target":["https:\/\/www.alumni.space\/es\/como-preven-las-companias-de-seguros-la-marcha-de-los-peritos-veteranos\/"]}]},{"@type":"ImageObject","inLanguage":"es","@id":"https:\/\/www.alumni.space\/es\/como-preven-las-companias-de-seguros-la-marcha-de-los-peritos-veteranos\/#primaryimage","url":"https:\/\/www.alumni.space\/wp-content\/uploads\/2026\/03\/Comment-les-compagnies-dassurance-anticipent-elles-le-depart-des-experts-seniors-.jpg","contentUrl":"https:\/\/www.alumni.space\/wp-content\/uploads\/2026\/03\/Comment-les-compagnies-dassurance-anticipent-elles-le-depart-des-experts-seniors-.jpg","width":1280,"height":768,"caption":"averigua c\u00f3mo las compa\u00f1\u00edas de seguros planifican y gestionan la marcha de los expertos de alto nivel para garantizar la continuidad y la transferencia de competencias esenciales."},{"@type":"BreadcrumbList","@id":"https:\/\/www.alumni.space\/es\/como-preven-las-companias-de-seguros-la-marcha-de-los-peritos-veteranos\/#breadcrumb","itemListElement":[{"@type":"ListItem","position":1,"name":"Home","item":"https:\/\/www.alumni.space\/es\/plataforma-de-tutoria-y-gestion-de-antiguos-alumnos\/"},{"@type":"ListItem","position":2,"name":"\u00bfC\u00f3mo prev\u00e9n las compa\u00f1\u00edas de seguros la marcha de los peritos veteranos?"}]},{"@type":"WebSite","@id":"https:\/\/www.alumni.space\/es\/#website","url":"https:\/\/www.alumni.space\/es\/","name":"Alumni.space","description":"My WordPress Blog","potentialAction":[{"@type":"SearchAction","target":{"@type":"EntryPoint","urlTemplate":"https:\/\/www.alumni.space\/es\/?s={search_term_string}"},"query-input":{"@type":"PropertyValueSpecification","valueRequired":true,"valueName":"search_term_string"}}],"inLanguage":"es"},{"@type":"Person","@id":"https:\/\/www.alumni.space\/es\/#\/schema\/person\/fede362a57876edda476a61f05ce5b15","name":"admin","image":{"@type":"ImageObject","inLanguage":"es","@id":"https:\/\/secure.gravatar.com\/avatar\/318e234ae94f90d4d629428d6b983c08e31181c28f579e08a021180d759ea651?s=96&d=mm&r=g","url":"https:\/\/secure.gravatar.com\/avatar\/318e234ae94f90d4d629428d6b983c08e31181c28f579e08a021180d759ea651?s=96&d=mm&r=g","contentUrl":"https:\/\/secure.gravatar.com\/avatar\/318e234ae94f90d4d629428d6b983c08e31181c28f579e08a021180d759ea651?s=96&d=mm&r=g","caption":"admin"},"description":"Nicolas Laustriat a construit sa sp\u00e9cialit\u00e9 sur un sujet que beaucoup d\u2019organisations d\u00e9couvrent trop tard : ce qui dispara\u00eet quand les gens partent. Dipl\u00f4m\u00e9 en conception de produit industriel, il bifurque vers le digital fin 1996, il couvre les transformations marques, RH, la fid\u00e9lisation, la marque employeur. Sur le terrain, il rep\u00e8re un angle mort r\u00e9current : l\u2019entreprise investit dans le recrutement, la formation, les process\u2026 puis laisse filer le lien au moment du d\u00e9part, avec une perte de savoir et d\u2019influence qui se paie en silence. Il se sp\u00e9cialise alors sur les communaut\u00e9s d\u2019alumni, le mentorat, l\u2019entraide interg\u00e9n\u00e9rationnelle et la transmission d\u2019expertise. Il passe du \u201cconstat\u201d aux m\u00e9thodes : animation, gouvernance, segmentation, rituels, mesure d\u2019engagement, articulation avec la RSE et l\u2019employabilit\u00e9. Il interviewe DRH, responsables formation, directions d\u2019\u00e9coles, associations et fondations, avec une obsession : transformer un r\u00e9seau dormant en m\u00e9canisme utile (cooptation, mentorat, job board, entraide, \u00e9v\u00e9nements, contenus). Son style : direct, orient\u00e9 action, sans folklore. Sa conviction : une communaut\u00e9 n\u2019a pas besoin de bruit, elle a besoin de raisons de revenir.","sameAs":["https:\/\/www.alumni.space"]}]}},"_links":{"self":[{"href":"https:\/\/www.alumni.space\/es\/wp-json\/wp\/v2\/posts\/6891","targetHints":{"allow":["GET"]}}],"collection":[{"href":"https:\/\/www.alumni.space\/es\/wp-json\/wp\/v2\/posts"}],"about":[{"href":"https:\/\/www.alumni.space\/es\/wp-json\/wp\/v2\/types\/post"}],"author":[{"embeddable":true,"href":"https:\/\/www.alumni.space\/es\/wp-json\/wp\/v2\/users\/1"}],"replies":[{"embeddable":true,"href":"https:\/\/www.alumni.space\/es\/wp-json\/wp\/v2\/comments?post=6891"}],"version-history":[{"count":1,"href":"https:\/\/www.alumni.space\/es\/wp-json\/wp\/v2\/posts\/6891\/revisions"}],"predecessor-version":[{"id":6894,"href":"https:\/\/www.alumni.space\/es\/wp-json\/wp\/v2\/posts\/6891\/revisions\/6894"}],"wp:featuredmedia":[{"embeddable":true,"href":"https:\/\/www.alumni.space\/es\/wp-json\/wp\/v2\/media\/6893"}],"wp:attachment":[{"href":"https:\/\/www.alumni.space\/es\/wp-json\/wp\/v2\/media?parent=6891"}],"wp:term":[{"taxonomy":"category","embeddable":true,"href":"https:\/\/www.alumni.space\/es\/wp-json\/wp\/v2\/categories?post=6891"},{"taxonomy":"post_tag","embeddable":true,"href":"https:\/\/www.alumni.space\/es\/wp-json\/wp\/v2\/tags?post=6891"}],"curies":[{"name":"wp","href":"https:\/\/api.w.org\/{rel}","templated":true}]}}