{"id":6848,"date":"2025-03-30T07:09:52","date_gmt":"2025-03-30T07:09:52","guid":{"rendered":"https:\/\/www.alumni.space\/la-tutoria-un-trampolin-para-los-jovenes-hacia-el-mundo-laboral\/"},"modified":"2026-04-02T09:23:07","modified_gmt":"2026-04-02T09:23:07","slug":"la-tutoria-un-trampolin-para-los-jovenes-hacia-el-mundo-laboral","status":"publish","type":"post","link":"https:\/\/www.alumni.space\/es\/la-tutoria-un-trampolin-para-los-jovenes-hacia-el-mundo-laboral\/","title":{"rendered":"La tutor\u00eda: un trampol\u00edn para los j\u00f3venes hacia el mundo laboral"},"content":{"rendered":"<p>Sophie acababa de licenciarse en una escuela superior de ingenier\u00eda, con un t\u00edtulo en el bolsillo pero la br\u00fajula un poco confusa. Conocer a un mentor a trav\u00e9s de una red local fue un verdadero catalizador. Este emparejamiento le proporcion\u00f3 puntos de referencia concretos para orientar sus solicitudes de empleo, reforzar sus argumentos durante las negociaciones salariales y estructurar su visi\u00f3n de la profesi\u00f3n. Esta experiencia es un ejemplo perfecto de c\u00f3mo <strong>la tutor\u00eda<\/strong> acelera la<strong>integraci\u00f3n profesional de<\/strong> los <strong>j\u00f3venes<\/strong> licenciados mediante un <strong>apoyo<\/strong> personalizado y una <strong>red<\/strong> din\u00e1mica. Los beneficios pueden medirse muy r\u00e1pidamente: una nueva confianza y una trayectoria profesional m\u00e1s clara.    <\/p><div id=\"ez-toc-container\" class=\"ez-toc-v2_0_82_2 counter-flat ez-toc-counter ez-toc-grey ez-toc-container-direction\">\n<div class=\"ez-toc-title-container\"><p class=\"ez-toc-title\" style=\"cursor:inherit\">En este art\u00edculo se trata lo siguiente:<\/p>\n<\/div><nav><ul class='ez-toc-list ez-toc-list-level-1 ' ><li class='ez-toc-page-1'><a class=\"ez-toc-link ez-toc-heading-1\" href=\"https:\/\/www.alumni.space\/es\/la-tutoria-un-trampolin-para-los-jovenes-hacia-el-mundo-laboral\/#El_impacto_numerico_de_la_tutoria_en_el_empleo_de_los_licenciados\" >El impacto num\u00e9rico de la tutor\u00eda en el empleo de los licenciados<\/a><\/li><li class='ez-toc-page-1'><a class=\"ez-toc-link ez-toc-heading-2\" href=\"https:\/\/www.alumni.space\/es\/la-tutoria-un-trampolin-para-los-jovenes-hacia-el-mundo-laboral\/#Resultados_medibles_para_la_orientacion_profesional\" >Resultados medibles para la orientaci\u00f3n profesional<\/a><\/li><li class='ez-toc-page-1'><a class=\"ez-toc-link ez-toc-heading-3\" href=\"https:\/\/www.alumni.space\/es\/la-tutoria-un-trampolin-para-los-jovenes-hacia-el-mundo-laboral\/#Tutoria_acelerada_un_metodo_eficaz_para_las_empresas\" >Tutor\u00eda acelerada: un m\u00e9todo eficaz para las empresas<\/a><\/li><li class='ez-toc-page-1'><a class=\"ez-toc-link ez-toc-heading-4\" href=\"https:\/\/www.alumni.space\/es\/la-tutoria-un-trampolin-para-los-jovenes-hacia-el-mundo-laboral\/#Responsabilidad_social_y_marca_de_empleador_una_combinacion_ganadora\" >Responsabilidad social y marca de empleador: una combinaci\u00f3n ganadora<\/a><\/li><\/ul><\/nav><\/div>\n<h2 class=\"wp-block-heading\"><span class=\"ez-toc-section\" id=\"El_impacto_numerico_de_la_tutoria_en_el_empleo_de_los_licenciados\"><\/span>El impacto num\u00e9rico de la tutor\u00eda en el empleo de los licenciados<span class=\"ez-toc-section-end\"><\/span><\/h2><p>El apoyo individual ya no es s\u00f3lo un artilugio para las asociaciones, sino que se est\u00e1 convirtiendo en una importante palanca estrat\u00e9gica. Las cifras hablan por s\u00ed solas y validan la pertinencia de estos programas. Seg\u00fan los datos p\u00fablicos, la movilizaci\u00f3n nacional ha producido resultados tangibles para el<strong>empleo<\/strong>. En 2023 se crearon 160.000 itinerarios, lo que demuestra la magnitud del movimiento. <a href=\"https:\/\/www.alumni.space\/es\/la-tutoria-clave-para-desarrollar-la-confianza-de-los-jovenes\/\">La confianza de los j\u00f3venes<\/a> se ha disparado, y el 84% de ellos se sienten mucho mejor preparados para enfrentarse al mercado laboral tras unos meses de intercambios regulares.    <\/p><figure class=\"wp-block-image size-full\"><img decoding=\"async\" width=\"1280\" height=\"768\" src=\"https:\/\/www.alumni.space\/wp-content\/uploads\/2026\/03\/Le-mentorat-un-tremplin-pour-linsertion-professionnelle-des-jeunes-1.jpg\" data-orig-src=\"https:\/\/www.alumni.space\/wp-content\/uploads\/2026\/03\/Le-mentorat-un-tremplin-pour-linsertion-professionnelle-des-jeunes-1.jpg\" alt=\"Descubre c\u00f3mo la tutor\u00eda ayuda a los j\u00f3venes a entrar en el mundo laboral ofreci\u00e9ndoles apoyo, asesoramiento y oportunidades para que su entrada en el mercado laboral sea un \u00e9xito.\" class=\"lazyload wp-image-3441\" srcset=\"data:image\/svg+xml,%3Csvg%20xmlns%3D%27http%3A%2F%2Fwww.w3.org%2F2000%2Fsvg%27%20width%3D%271280%27%20height%3D%27768%27%20viewBox%3D%270%200%201280%20768%27%3E%3Crect%20width%3D%271280%27%20height%3D%27768%27%20fill-opacity%3D%220%22%2F%3E%3C%2Fsvg%3E\" data-srcset=\"https:\/\/www.alumni.space\/wp-content\/uploads\/2026\/03\/Le-mentorat-un-tremplin-pour-linsertion-professionnelle-des-jeunes-1-200x120.jpg 200w, https:\/\/www.alumni.space\/wp-content\/uploads\/2026\/03\/Le-mentorat-un-tremplin-pour-linsertion-professionnelle-des-jeunes-1-300x180.jpg 300w, https:\/\/www.alumni.space\/wp-content\/uploads\/2026\/03\/Le-mentorat-un-tremplin-pour-linsertion-professionnelle-des-jeunes-1-400x240.jpg 400w, https:\/\/www.alumni.space\/wp-content\/uploads\/2026\/03\/Le-mentorat-un-tremplin-pour-linsertion-professionnelle-des-jeunes-1-600x360.jpg 600w, https:\/\/www.alumni.space\/wp-content\/uploads\/2026\/03\/Le-mentorat-un-tremplin-pour-linsertion-professionnelle-des-jeunes-1-768x461.jpg 768w, https:\/\/www.alumni.space\/wp-content\/uploads\/2026\/03\/Le-mentorat-un-tremplin-pour-linsertion-professionnelle-des-jeunes-1-800x480.jpg 800w, https:\/\/www.alumni.space\/wp-content\/uploads\/2026\/03\/Le-mentorat-un-tremplin-pour-linsertion-professionnelle-des-jeunes-1-1024x614.jpg 1024w, https:\/\/www.alumni.space\/wp-content\/uploads\/2026\/03\/Le-mentorat-un-tremplin-pour-linsertion-professionnelle-des-jeunes-1-1200x720.jpg 1200w, https:\/\/www.alumni.space\/wp-content\/uploads\/2026\/03\/Le-mentorat-un-tremplin-pour-linsertion-professionnelle-des-jeunes-1.jpg 1280w\" data-sizes=\"auto\" data-orig-sizes=\"(max-width: 1280px) 100vw, 1280px\" \/><\/figure><p>El Colectivo Mentorat, que re\u00fane a 80 organizaciones activas, desempe\u00f1a un papel destacado en esta din\u00e1mica. Esta fuerza colectiva garantiza la calidad constante de los programas y una mayor visibilidad para quienes buscan soluciones. <strong>Los j\u00f3venes<\/strong> se benefician de t\u00e9cnicas de solicitud refinadas y de un acceso privilegiado a oportunidades que a veces son invisibles a trav\u00e9s de los canales tradicionales. Este apoyo moral y t\u00e9cnico es crucial para asegurar su primera posici\u00f3n y evitar periodos prolongados de duda.   <\/p><h3 class=\"wp-block-heading\"><span class=\"ez-toc-section\" id=\"Resultados_medibles_para_la_orientacion_profesional\"><\/span>Resultados medibles para la orientaci\u00f3n profesional<span class=\"ez-toc-section-end\"><\/span><\/h3><p>M\u00e1s all\u00e1 del simple contrato firmado, <strong>la tutor\u00eda<\/strong> y el intercambio intergeneracional aclaran aspiraciones profundamente arraigadas. El mentor ayuda a descifrar los c\u00f3digos de la empresa, a menudo oscuros para un ne\u00f3fito. Esta transmisi\u00f3n de conocimientos t\u00e9cnicos reduce el riesgo de despiste y favorece la <strong>integraci\u00f3n profesional<\/strong> a largo plazo. Los simulacros de entrevista con un profesional en activo ofrecen un feedback inmediato y sin filtros, mucho m\u00e1s eficaz que cualquier libro de texto te\u00f3rico. Al unirse a una plataforma como <a href=\"https:\/\/www.1jeune1mentor.fr\/\">1 joven 1 mentor<\/a>, los candidatos acceden a una reserva de buena voluntad dispuesta a impulsarlos hacia el \u00e9xito.    <\/p><h2 class=\"wp-block-heading\"><span class=\"ez-toc-section\" id=\"Tutoria_acelerada_un_metodo_eficaz_para_las_empresas\"><\/span>Tutor\u00eda acelerada: un m\u00e9todo eficaz para las empresas<span class=\"ez-toc-section-end\"><\/span><\/h2><p>El tiempo sigue siendo un recurso escaso, tanto para los mentores como para los alumnos. Aqu\u00ed es donde entra en juego el concepto de <strong>tutor\u00eda<\/strong> acelerada. Antoine M. puede dar fe de ello: consigui\u00f3 su primer empleo en s\u00f3lo tres meses, gracias a un ritmo constante y a unos objetivos muy concretos. Este enfoque se basa en reuniones mensuales intensivas, centradas en la adquisici\u00f3n de <strong>competencias<\/strong> clave y en la <strong>creaci\u00f3n<\/strong> activa <strong>de redes<\/strong>. No se pierde ni un minuto, y la atenci\u00f3n se centra en la eficacia operativa inmediata. Para las organizaciones, industrializar estos programas evita perderse en interminables hojas de c\u00e1lculo y herramientas desconectadas.     <\/p><p>Alumni.space es la soluci\u00f3n SaaS ideal para gestionar estas comunidades. La plataforma centraliza los perfiles, gestiona los eventos y facilita la creaci\u00f3n de emparejamientos relevantes. Transforma la red de antiguos alumnos en una aut\u00e9ntica reserva de mentores a disposici\u00f3n de <strong>los j\u00f3venes<\/strong> talentos. Esta gesti\u00f3n automatizada permite un seguimiento preciso de los KPI y garantiza el compromiso a largo plazo de los miembros. Los responsables de RRHH ven en esta herramienta una forma de limitar la p\u00e9rdida de conocimientos y reforzar la cohesi\u00f3n interna. Fomentar la <a href=\"https:\/\/www.alumni.space\/es\/tutoria-de-jovenes-talentos-por-tus-antiguos-empleados\/\">tutor\u00eda de j\u00f3venes talentos<\/a> se convierte entonces en un juego de ni\u00f1os, que combina rendimiento y cohesi\u00f3n social.     <\/p><h2 class=\"wp-block-heading\"><span class=\"ez-toc-section\" id=\"Responsabilidad_social_y_marca_de_empleador_una_combinacion_ganadora\"><\/span>Responsabilidad social y marca de empleador: una combinaci\u00f3n ganadora<span class=\"ez-toc-section-end\"><\/span><\/h2><p>La creaci\u00f3n de un espacio dedicado a los antiguos alumnos y al intercambio de experiencias cumple los requisitos de la Responsabilidad Social Corporativa. Este enfoque ampl\u00eda la influencia de la organizaci\u00f3n mucho m\u00e1s all\u00e1 de los marcos contractuales tradicionales. El objetivo es hacer circular la experiencia, fomentar la diversidad generacional y apoyar la empleabilidad global. El sistema minimiza el desperdicio de conocimientos capitalizando la experiencia de perfiles experimentados. La cultura de la transmisi\u00f3n se convierte en un pilar de la marca empleadora: la contrataci\u00f3n se acelera, la integraci\u00f3n de los reci\u00e9n llegados se hace m\u00e1s fluida y los empleados se transforman en embajadores sinceros. Los indicadores de impacto, como las horas compartidas y el feedback cualitativo, ponen finalmente en consonancia las visiones de RRHH y comunicaci\u00f3n.     <\/p><p>Esta visi\u00f3n estrat\u00e9gica se sustenta en <strong>una orientaci\u00f3n profesional<\/strong> espec\u00edfica, en la que a veces el mentor prescribe recursos adicionales, como MOOC o formaci\u00f3n t\u00e9cnica. Esta agilidad permite colmar r\u00e1pidamente las lagunas detectadas. La tutor\u00eda es m\u00e1s que un simple asesoramiento, es un verdadero trampol\u00edn hacia<strong>el empleo<\/strong>. Para saber c\u00f3mo estos programas est\u00e1n transformando el d\u00eda a d\u00eda de las organizaciones implicadas, s\u00f3lo tienes que consultar los recursos oficiales, como los de <a href=\"https:\/\/www.jeunes.gouv.fr\/le-mentorat-310\">jeunes.gouv.fr<\/a>, que exponen los detalles del despliegue nacional.   <\/p><p>La fuerza de la red reside en su capacidad para romper silos. Al conectar una amplia gama de perfiles, promovemos la igualdad de oportunidades en todos los \u00e1mbitos, desde las metr\u00f3polis a las zonas rurales. De este modo, la tutor\u00eda es un baluarte eficaz contra las divisiones sociales. Cada intercambio refuerza la cohesi\u00f3n global y da a cada joven la oportunidad de construir su futuro con confianza. El impacto es tangible, inmediato y, sobre todo, humano.    <\/p><p><strong>Solicita una demostraci\u00f3n<\/strong><\/p>","protected":false},"excerpt":{"rendered":"<p>Sophie acababa de licenciarse en una escuela superior de ingenier\u00eda,  [&#8230;]<\/p>\n","protected":false},"author":1,"featured_media":6849,"comment_status":"closed","ping_status":"","sticky":false,"template":"","format":"standard","meta":{"_ayudawp_aiss_exclude":false,"footnotes":""},"categories":[73],"tags":[],"class_list":["post-6848","post","type-post","status-publish","format-standard","has-post-thumbnail","hentry","category-tutoria"],"yoast_head":"<!-- This site is optimized with the Yoast SEO plugin v27.4 - https:\/\/yoast.com\/product\/yoast-seo-wordpress\/ -->\n<title>Tutor\u00eda: la clave para que los j\u00f3venes accedan al empleo<\/title>\n<meta name=\"description\" content=\"Averigua c\u00f3mo la tutor\u00eda puede ayudar a los j\u00f3venes a entrar en el mundo laboral desarrollando sus capacidades y redes para un futuro de \u00e9xito.\" \/>\n<meta name=\"robots\" content=\"index, follow, max-snippet:-1, max-image-preview:large, max-video-preview:-1\" \/>\n<link rel=\"canonical\" href=\"https:\/\/www.alumni.space\/es\/la-tutoria-un-trampolin-para-los-jovenes-hacia-el-mundo-laboral\/\" \/>\n<meta property=\"og:locale\" content=\"es_ES\" \/>\n<meta property=\"og:type\" content=\"article\" \/>\n<meta property=\"og:title\" content=\"Tutor\u00eda: la clave para que los j\u00f3venes accedan al empleo\" \/>\n<meta property=\"og:description\" content=\"Averigua c\u00f3mo la tutor\u00eda puede ayudar a los j\u00f3venes a entrar en el mundo laboral desarrollando sus capacidades y redes para un futuro de \u00e9xito.\" \/>\n<meta property=\"og:url\" content=\"https:\/\/www.alumni.space\/es\/la-tutoria-un-trampolin-para-los-jovenes-hacia-el-mundo-laboral\/\" \/>\n<meta property=\"og:site_name\" content=\"Alumni.space\" \/>\n<meta property=\"article:published_time\" content=\"2025-03-30T07:09:52+00:00\" \/>\n<meta property=\"article:modified_time\" content=\"2026-04-02T09:23:07+00:00\" \/>\n<meta property=\"og:image\" content=\"https:\/\/www.alumni.space\/wp-content\/uploads\/2026\/03\/Le-mentorat-un-tremplin-pour-linsertion-professionnelle-des-jeunes.jpg\" \/>\n\t<meta property=\"og:image:width\" content=\"1280\" \/>\n\t<meta property=\"og:image:height\" content=\"768\" \/>\n\t<meta property=\"og:image:type\" content=\"image\/jpeg\" \/>\n<meta name=\"author\" content=\"admin\" \/>\n<meta name=\"twitter:card\" content=\"summary_large_image\" \/>\n<meta name=\"twitter:label1\" content=\"Escrito por\" \/>\n\t<meta name=\"twitter:data1\" content=\"admin\" \/>\n\t<meta name=\"twitter:label2\" content=\"Tiempo de lectura\" \/>\n\t<meta name=\"twitter:data2\" content=\"5 minutos\" \/>\n<script type=\"application\/ld+json\" class=\"yoast-schema-graph\">{\"@context\":\"https:\\\/\\\/schema.org\",\"@graph\":[{\"@type\":\"Article\",\"@id\":\"https:\\\/\\\/www.alumni.space\\\/es\\\/la-tutoria-un-trampolin-para-los-jovenes-hacia-el-mundo-laboral\\\/#article\",\"isPartOf\":{\"@id\":\"https:\\\/\\\/www.alumni.space\\\/es\\\/la-tutoria-un-trampolin-para-los-jovenes-hacia-el-mundo-laboral\\\/\"},\"author\":{\"name\":\"admin\",\"@id\":\"https:\\\/\\\/www.alumni.space\\\/es\\\/#\\\/schema\\\/person\\\/fede362a57876edda476a61f05ce5b15\"},\"headline\":\"La tutor\u00eda: un trampol\u00edn para los j\u00f3venes hacia el mundo laboral\",\"datePublished\":\"2025-03-30T07:09:52+00:00\",\"dateModified\":\"2026-04-02T09:23:07+00:00\",\"mainEntityOfPage\":{\"@id\":\"https:\\\/\\\/www.alumni.space\\\/es\\\/la-tutoria-un-trampolin-para-los-jovenes-hacia-el-mundo-laboral\\\/\"},\"wordCount\":1003,\"image\":{\"@id\":\"https:\\\/\\\/www.alumni.space\\\/es\\\/la-tutoria-un-trampolin-para-los-jovenes-hacia-el-mundo-laboral\\\/#primaryimage\"},\"thumbnailUrl\":\"https:\\\/\\\/www.alumni.space\\\/wp-content\\\/uploads\\\/2026\\\/03\\\/Le-mentorat-un-tremplin-pour-linsertion-professionnelle-des-jeunes.jpg\",\"articleSection\":[\"Tutor\u00eda\"],\"inLanguage\":\"es\"},{\"@type\":\"WebPage\",\"@id\":\"https:\\\/\\\/www.alumni.space\\\/es\\\/la-tutoria-un-trampolin-para-los-jovenes-hacia-el-mundo-laboral\\\/\",\"url\":\"https:\\\/\\\/www.alumni.space\\\/es\\\/la-tutoria-un-trampolin-para-los-jovenes-hacia-el-mundo-laboral\\\/\",\"name\":\"Tutor\u00eda: la clave para que los j\u00f3venes accedan al empleo\",\"isPartOf\":{\"@id\":\"https:\\\/\\\/www.alumni.space\\\/es\\\/#website\"},\"primaryImageOfPage\":{\"@id\":\"https:\\\/\\\/www.alumni.space\\\/es\\\/la-tutoria-un-trampolin-para-los-jovenes-hacia-el-mundo-laboral\\\/#primaryimage\"},\"image\":{\"@id\":\"https:\\\/\\\/www.alumni.space\\\/es\\\/la-tutoria-un-trampolin-para-los-jovenes-hacia-el-mundo-laboral\\\/#primaryimage\"},\"thumbnailUrl\":\"https:\\\/\\\/www.alumni.space\\\/wp-content\\\/uploads\\\/2026\\\/03\\\/Le-mentorat-un-tremplin-pour-linsertion-professionnelle-des-jeunes.jpg\",\"datePublished\":\"2025-03-30T07:09:52+00:00\",\"dateModified\":\"2026-04-02T09:23:07+00:00\",\"author\":{\"@id\":\"https:\\\/\\\/www.alumni.space\\\/es\\\/#\\\/schema\\\/person\\\/fede362a57876edda476a61f05ce5b15\"},\"description\":\"Averigua c\u00f3mo la tutor\u00eda puede ayudar a los j\u00f3venes a entrar en el mundo laboral desarrollando sus capacidades y redes para un futuro de \u00e9xito.\",\"breadcrumb\":{\"@id\":\"https:\\\/\\\/www.alumni.space\\\/es\\\/la-tutoria-un-trampolin-para-los-jovenes-hacia-el-mundo-laboral\\\/#breadcrumb\"},\"inLanguage\":\"es\",\"potentialAction\":[{\"@type\":\"ReadAction\",\"target\":[\"https:\\\/\\\/www.alumni.space\\\/es\\\/la-tutoria-un-trampolin-para-los-jovenes-hacia-el-mundo-laboral\\\/\"]}]},{\"@type\":\"ImageObject\",\"inLanguage\":\"es\",\"@id\":\"https:\\\/\\\/www.alumni.space\\\/es\\\/la-tutoria-un-trampolin-para-los-jovenes-hacia-el-mundo-laboral\\\/#primaryimage\",\"url\":\"https:\\\/\\\/www.alumni.space\\\/wp-content\\\/uploads\\\/2026\\\/03\\\/Le-mentorat-un-tremplin-pour-linsertion-professionnelle-des-jeunes.jpg\",\"contentUrl\":\"https:\\\/\\\/www.alumni.space\\\/wp-content\\\/uploads\\\/2026\\\/03\\\/Le-mentorat-un-tremplin-pour-linsertion-professionnelle-des-jeunes.jpg\",\"width\":1280,\"height\":768,\"caption\":\"Descubre c\u00f3mo la tutor\u00eda es una palanca clave para ayudar a los j\u00f3venes a entrar en el mundo laboral, ofreci\u00e9ndoles asesoramiento, apoyo y oportunidades.\"},{\"@type\":\"BreadcrumbList\",\"@id\":\"https:\\\/\\\/www.alumni.space\\\/es\\\/la-tutoria-un-trampolin-para-los-jovenes-hacia-el-mundo-laboral\\\/#breadcrumb\",\"itemListElement\":[{\"@type\":\"ListItem\",\"position\":1,\"name\":\"Home\",\"item\":\"https:\\\/\\\/www.alumni.space\\\/es\\\/plataforma-de-tutoria-y-gestion-de-antiguos-alumnos\\\/\"},{\"@type\":\"ListItem\",\"position\":2,\"name\":\"La tutor\u00eda: un trampol\u00edn para los j\u00f3venes hacia el mundo laboral\"}]},{\"@type\":\"WebSite\",\"@id\":\"https:\\\/\\\/www.alumni.space\\\/es\\\/#website\",\"url\":\"https:\\\/\\\/www.alumni.space\\\/es\\\/\",\"name\":\"Alumni.space\",\"description\":\"My WordPress Blog\",\"potentialAction\":[{\"@type\":\"SearchAction\",\"target\":{\"@type\":\"EntryPoint\",\"urlTemplate\":\"https:\\\/\\\/www.alumni.space\\\/es\\\/?s={search_term_string}\"},\"query-input\":{\"@type\":\"PropertyValueSpecification\",\"valueRequired\":true,\"valueName\":\"search_term_string\"}}],\"inLanguage\":\"es\"},{\"@type\":\"Person\",\"@id\":\"https:\\\/\\\/www.alumni.space\\\/es\\\/#\\\/schema\\\/person\\\/fede362a57876edda476a61f05ce5b15\",\"name\":\"admin\",\"image\":{\"@type\":\"ImageObject\",\"inLanguage\":\"es\",\"@id\":\"https:\\\/\\\/secure.gravatar.com\\\/avatar\\\/318e234ae94f90d4d629428d6b983c08e31181c28f579e08a021180d759ea651?s=96&d=mm&r=g\",\"url\":\"https:\\\/\\\/secure.gravatar.com\\\/avatar\\\/318e234ae94f90d4d629428d6b983c08e31181c28f579e08a021180d759ea651?s=96&d=mm&r=g\",\"contentUrl\":\"https:\\\/\\\/secure.gravatar.com\\\/avatar\\\/318e234ae94f90d4d629428d6b983c08e31181c28f579e08a021180d759ea651?s=96&d=mm&r=g\",\"caption\":\"admin\"},\"description\":\"Nicolas Laustriat a construit sa sp\u00e9cialit\u00e9 sur un sujet que beaucoup d\u2019organisations d\u00e9couvrent trop tard : ce qui dispara\u00eet quand les gens partent. Dipl\u00f4m\u00e9 en conception de produit industriel, il bifurque vers le digital fin 1996, il couvre les transformations marques, RH, la fid\u00e9lisation, la marque employeur. Sur le terrain, il rep\u00e8re un angle mort r\u00e9current : l\u2019entreprise investit dans le recrutement, la formation, les process\u2026 puis laisse filer le lien au moment du d\u00e9part, avec une perte de savoir et d\u2019influence qui se paie en silence. Il se sp\u00e9cialise alors sur les communaut\u00e9s d\u2019alumni, le mentorat, l\u2019entraide interg\u00e9n\u00e9rationnelle et la transmission d\u2019expertise. Il passe du \u201cconstat\u201d aux m\u00e9thodes : animation, gouvernance, segmentation, rituels, mesure d\u2019engagement, articulation avec la RSE et l\u2019employabilit\u00e9. Il interviewe DRH, responsables formation, directions d\u2019\u00e9coles, associations et fondations, avec une obsession : transformer un r\u00e9seau dormant en m\u00e9canisme utile (cooptation, mentorat, job board, entraide, \u00e9v\u00e9nements, contenus). Son style : direct, orient\u00e9 action, sans folklore. Sa conviction : une communaut\u00e9 n\u2019a pas besoin de bruit, elle a besoin de raisons de revenir.\",\"sameAs\":[\"https:\\\/\\\/www.alumni.space\"]}]}<\/script>\n<!-- \/ Yoast SEO plugin. -->","yoast_head_json":{"title":"Tutor\u00eda: la clave para que los j\u00f3venes accedan al empleo","description":"Averigua c\u00f3mo la tutor\u00eda puede ayudar a los j\u00f3venes a entrar en el mundo laboral desarrollando sus capacidades y redes para un futuro de \u00e9xito.","robots":{"index":"index","follow":"follow","max-snippet":"max-snippet:-1","max-image-preview":"max-image-preview:large","max-video-preview":"max-video-preview:-1"},"canonical":"https:\/\/www.alumni.space\/es\/la-tutoria-un-trampolin-para-los-jovenes-hacia-el-mundo-laboral\/","og_locale":"es_ES","og_type":"article","og_title":"Tutor\u00eda: la clave para que los j\u00f3venes accedan al empleo","og_description":"Averigua c\u00f3mo la tutor\u00eda puede ayudar a los j\u00f3venes a entrar en el mundo laboral desarrollando sus capacidades y redes para un futuro de \u00e9xito.","og_url":"https:\/\/www.alumni.space\/es\/la-tutoria-un-trampolin-para-los-jovenes-hacia-el-mundo-laboral\/","og_site_name":"Alumni.space","article_published_time":"2025-03-30T07:09:52+00:00","article_modified_time":"2026-04-02T09:23:07+00:00","og_image":[{"width":1280,"height":768,"url":"https:\/\/www.alumni.space\/wp-content\/uploads\/2026\/03\/Le-mentorat-un-tremplin-pour-linsertion-professionnelle-des-jeunes.jpg","type":"image\/jpeg"}],"author":"admin","twitter_card":"summary_large_image","twitter_misc":{"Escrito por":"admin","Tiempo de lectura":"5 minutos"},"schema":{"@context":"https:\/\/schema.org","@graph":[{"@type":"Article","@id":"https:\/\/www.alumni.space\/es\/la-tutoria-un-trampolin-para-los-jovenes-hacia-el-mundo-laboral\/#article","isPartOf":{"@id":"https:\/\/www.alumni.space\/es\/la-tutoria-un-trampolin-para-los-jovenes-hacia-el-mundo-laboral\/"},"author":{"name":"admin","@id":"https:\/\/www.alumni.space\/es\/#\/schema\/person\/fede362a57876edda476a61f05ce5b15"},"headline":"La tutor\u00eda: un trampol\u00edn para los j\u00f3venes hacia el mundo laboral","datePublished":"2025-03-30T07:09:52+00:00","dateModified":"2026-04-02T09:23:07+00:00","mainEntityOfPage":{"@id":"https:\/\/www.alumni.space\/es\/la-tutoria-un-trampolin-para-los-jovenes-hacia-el-mundo-laboral\/"},"wordCount":1003,"image":{"@id":"https:\/\/www.alumni.space\/es\/la-tutoria-un-trampolin-para-los-jovenes-hacia-el-mundo-laboral\/#primaryimage"},"thumbnailUrl":"https:\/\/www.alumni.space\/wp-content\/uploads\/2026\/03\/Le-mentorat-un-tremplin-pour-linsertion-professionnelle-des-jeunes.jpg","articleSection":["Tutor\u00eda"],"inLanguage":"es"},{"@type":"WebPage","@id":"https:\/\/www.alumni.space\/es\/la-tutoria-un-trampolin-para-los-jovenes-hacia-el-mundo-laboral\/","url":"https:\/\/www.alumni.space\/es\/la-tutoria-un-trampolin-para-los-jovenes-hacia-el-mundo-laboral\/","name":"Tutor\u00eda: la clave para que los j\u00f3venes accedan al empleo","isPartOf":{"@id":"https:\/\/www.alumni.space\/es\/#website"},"primaryImageOfPage":{"@id":"https:\/\/www.alumni.space\/es\/la-tutoria-un-trampolin-para-los-jovenes-hacia-el-mundo-laboral\/#primaryimage"},"image":{"@id":"https:\/\/www.alumni.space\/es\/la-tutoria-un-trampolin-para-los-jovenes-hacia-el-mundo-laboral\/#primaryimage"},"thumbnailUrl":"https:\/\/www.alumni.space\/wp-content\/uploads\/2026\/03\/Le-mentorat-un-tremplin-pour-linsertion-professionnelle-des-jeunes.jpg","datePublished":"2025-03-30T07:09:52+00:00","dateModified":"2026-04-02T09:23:07+00:00","author":{"@id":"https:\/\/www.alumni.space\/es\/#\/schema\/person\/fede362a57876edda476a61f05ce5b15"},"description":"Averigua c\u00f3mo la tutor\u00eda puede ayudar a los j\u00f3venes a entrar en el mundo laboral desarrollando sus capacidades y redes para un futuro de \u00e9xito.","breadcrumb":{"@id":"https:\/\/www.alumni.space\/es\/la-tutoria-un-trampolin-para-los-jovenes-hacia-el-mundo-laboral\/#breadcrumb"},"inLanguage":"es","potentialAction":[{"@type":"ReadAction","target":["https:\/\/www.alumni.space\/es\/la-tutoria-un-trampolin-para-los-jovenes-hacia-el-mundo-laboral\/"]}]},{"@type":"ImageObject","inLanguage":"es","@id":"https:\/\/www.alumni.space\/es\/la-tutoria-un-trampolin-para-los-jovenes-hacia-el-mundo-laboral\/#primaryimage","url":"https:\/\/www.alumni.space\/wp-content\/uploads\/2026\/03\/Le-mentorat-un-tremplin-pour-linsertion-professionnelle-des-jeunes.jpg","contentUrl":"https:\/\/www.alumni.space\/wp-content\/uploads\/2026\/03\/Le-mentorat-un-tremplin-pour-linsertion-professionnelle-des-jeunes.jpg","width":1280,"height":768,"caption":"Descubre c\u00f3mo la tutor\u00eda es una palanca clave para ayudar a los j\u00f3venes a entrar en el mundo laboral, ofreci\u00e9ndoles asesoramiento, apoyo y oportunidades."},{"@type":"BreadcrumbList","@id":"https:\/\/www.alumni.space\/es\/la-tutoria-un-trampolin-para-los-jovenes-hacia-el-mundo-laboral\/#breadcrumb","itemListElement":[{"@type":"ListItem","position":1,"name":"Home","item":"https:\/\/www.alumni.space\/es\/plataforma-de-tutoria-y-gestion-de-antiguos-alumnos\/"},{"@type":"ListItem","position":2,"name":"La tutor\u00eda: un trampol\u00edn para los j\u00f3venes hacia el mundo laboral"}]},{"@type":"WebSite","@id":"https:\/\/www.alumni.space\/es\/#website","url":"https:\/\/www.alumni.space\/es\/","name":"Alumni.space","description":"My WordPress Blog","potentialAction":[{"@type":"SearchAction","target":{"@type":"EntryPoint","urlTemplate":"https:\/\/www.alumni.space\/es\/?s={search_term_string}"},"query-input":{"@type":"PropertyValueSpecification","valueRequired":true,"valueName":"search_term_string"}}],"inLanguage":"es"},{"@type":"Person","@id":"https:\/\/www.alumni.space\/es\/#\/schema\/person\/fede362a57876edda476a61f05ce5b15","name":"admin","image":{"@type":"ImageObject","inLanguage":"es","@id":"https:\/\/secure.gravatar.com\/avatar\/318e234ae94f90d4d629428d6b983c08e31181c28f579e08a021180d759ea651?s=96&d=mm&r=g","url":"https:\/\/secure.gravatar.com\/avatar\/318e234ae94f90d4d629428d6b983c08e31181c28f579e08a021180d759ea651?s=96&d=mm&r=g","contentUrl":"https:\/\/secure.gravatar.com\/avatar\/318e234ae94f90d4d629428d6b983c08e31181c28f579e08a021180d759ea651?s=96&d=mm&r=g","caption":"admin"},"description":"Nicolas Laustriat a construit sa sp\u00e9cialit\u00e9 sur un sujet que beaucoup d\u2019organisations d\u00e9couvrent trop tard : ce qui dispara\u00eet quand les gens partent. Dipl\u00f4m\u00e9 en conception de produit industriel, il bifurque vers le digital fin 1996, il couvre les transformations marques, RH, la fid\u00e9lisation, la marque employeur. Sur le terrain, il rep\u00e8re un angle mort r\u00e9current : l\u2019entreprise investit dans le recrutement, la formation, les process\u2026 puis laisse filer le lien au moment du d\u00e9part, avec une perte de savoir et d\u2019influence qui se paie en silence. Il se sp\u00e9cialise alors sur les communaut\u00e9s d\u2019alumni, le mentorat, l\u2019entraide interg\u00e9n\u00e9rationnelle et la transmission d\u2019expertise. Il passe du \u201cconstat\u201d aux m\u00e9thodes : animation, gouvernance, segmentation, rituels, mesure d\u2019engagement, articulation avec la RSE et l\u2019employabilit\u00e9. Il interviewe DRH, responsables formation, directions d\u2019\u00e9coles, associations et fondations, avec une obsession : transformer un r\u00e9seau dormant en m\u00e9canisme utile (cooptation, mentorat, job board, entraide, \u00e9v\u00e9nements, contenus). Son style : direct, orient\u00e9 action, sans folklore. Sa conviction : une communaut\u00e9 n\u2019a pas besoin de bruit, elle a besoin de raisons de revenir.","sameAs":["https:\/\/www.alumni.space"]}]}},"_links":{"self":[{"href":"https:\/\/www.alumni.space\/es\/wp-json\/wp\/v2\/posts\/6848","targetHints":{"allow":["GET"]}}],"collection":[{"href":"https:\/\/www.alumni.space\/es\/wp-json\/wp\/v2\/posts"}],"about":[{"href":"https:\/\/www.alumni.space\/es\/wp-json\/wp\/v2\/types\/post"}],"author":[{"embeddable":true,"href":"https:\/\/www.alumni.space\/es\/wp-json\/wp\/v2\/users\/1"}],"replies":[{"embeddable":true,"href":"https:\/\/www.alumni.space\/es\/wp-json\/wp\/v2\/comments?post=6848"}],"version-history":[{"count":1,"href":"https:\/\/www.alumni.space\/es\/wp-json\/wp\/v2\/posts\/6848\/revisions"}],"predecessor-version":[{"id":6850,"href":"https:\/\/www.alumni.space\/es\/wp-json\/wp\/v2\/posts\/6848\/revisions\/6850"}],"wp:featuredmedia":[{"embeddable":true,"href":"https:\/\/www.alumni.space\/es\/wp-json\/wp\/v2\/media\/6849"}],"wp:attachment":[{"href":"https:\/\/www.alumni.space\/es\/wp-json\/wp\/v2\/media?parent=6848"}],"wp:term":[{"taxonomy":"category","embeddable":true,"href":"https:\/\/www.alumni.space\/es\/wp-json\/wp\/v2\/categories?post=6848"},{"taxonomy":"post_tag","embeddable":true,"href":"https:\/\/www.alumni.space\/es\/wp-json\/wp\/v2\/tags?post=6848"}],"curies":[{"name":"wp","href":"https:\/\/api.w.org\/{rel}","templated":true}]}}