{"id":6798,"date":"2025-06-28T02:30:54","date_gmt":"2025-06-28T02:30:54","guid":{"rendered":"https:\/\/www.alumni.space\/como-se-preparan-las-clinicas-para-la-perdida-de-experiencia-de-sus-profesionales\/"},"modified":"2026-04-02T09:21:19","modified_gmt":"2026-04-02T09:21:19","slug":"como-se-preparan-las-clinicas-para-la-perdida-de-experiencia-de-sus-profesionales","status":"publish","type":"post","link":"https:\/\/www.alumni.space\/es\/como-se-preparan-las-clinicas-para-la-perdida-de-experiencia-de-sus-profesionales\/","title":{"rendered":"\u00bfC\u00f3mo se preparan las cl\u00ednicas para la p\u00e9rdida de experiencia de sus profesionales?"},"content":{"rendered":"<div id=\"ez-toc-container\" class=\"ez-toc-v2_0_82_2 counter-flat ez-toc-counter ez-toc-grey ez-toc-container-direction\">\n<div class=\"ez-toc-title-container\"><p class=\"ez-toc-title\" style=\"cursor:inherit\">En este art\u00edculo se trata lo siguiente:<\/p>\n<\/div><nav><ul class='ez-toc-list ez-toc-list-level-1 ' ><li class='ez-toc-page-1'><a class=\"ez-toc-link ez-toc-heading-1\" href=\"https:\/\/www.alumni.space\/es\/como-se-preparan-las-clinicas-para-la-perdida-de-experiencia-de-sus-profesionales\/#Anticiparse_a_la_perdida_de_experiencia_de_los_medicos_en_las_clinicas_un_reto_estrategico\" >Anticiparse a la p\u00e9rdida de experiencia de los m\u00e9dicos en las cl\u00ednicas: un reto estrat\u00e9gico<\/a><\/li><li class='ez-toc-page-1'><a class=\"ez-toc-link ez-toc-heading-2\" href=\"https:\/\/www.alumni.space\/es\/como-se-preparan-las-clinicas-para-la-perdida-de-experiencia-de-sus-profesionales\/#Transmision_de_competencias_y_gestion_del_talento_bases_para_la_sostenibilidad\" >Transmisi\u00f3n de competencias y gesti\u00f3n del talento: bases para la sostenibilidad<\/a><\/li><li class='ez-toc-page-1'><a class=\"ez-toc-link ez-toc-heading-3\" href=\"https:\/\/www.alumni.space\/es\/como-se-preparan-las-clinicas-para-la-perdida-de-experiencia-de-sus-profesionales\/#Optimizar_el_mantenimiento_de_la_calidad_mediante_la_digitalizacion_y_la_promocion_de_comunidades_profesionales\" >Optimizar el mantenimiento de la calidad mediante la digitalizaci\u00f3n y la promoci\u00f3n de comunidades profesionales<\/a><\/li><li class='ez-toc-page-1'><a class=\"ez-toc-link ez-toc-heading-4\" href=\"https:\/\/www.alumni.space\/es\/como-se-preparan-las-clinicas-para-la-perdida-de-experiencia-de-sus-profesionales\/#Actos_y_rituales_para_consolidar_la_pertenencia_y_reforzar_el_compromiso_con_las_clinicas\" >Actos y rituales para consolidar la pertenencia y reforzar el compromiso con las cl\u00ednicas<\/a><\/li><\/ul><\/nav><\/div>\n<h2 class=\"wp-block-heading\"><span class=\"ez-toc-section\" id=\"Anticiparse_a_la_perdida_de_experiencia_de_los_medicos_en_las_clinicas_un_reto_estrategico\"><\/span>Anticiparse a la p\u00e9rdida de experiencia de los m\u00e9dicos en las cl\u00ednicas: un reto estrat\u00e9gico<span class=\"ez-toc-section-end\"><\/span><\/h2><p>Las cl\u00ednicas se enfrentan a un reto importante relacionado con la <strong>p\u00e9rdida de experiencia<\/strong> causada por la marcha o jubilaci\u00f3n de m\u00e9dicos experimentados. Esto repercute directamente en la <strong>calidad de la asistencia<\/strong> y en la continuidad de la pr\u00e1ctica m\u00e9dica. Es esencial una preparaci\u00f3n rigurosa, que incorpore palancas espec\u00edficas para preservar el <strong>capital de experiencia<\/strong> acumulado a lo largo de los a\u00f1os.  <\/p><figure class=\"wp-block-image size-full\"><img decoding=\"async\" width=\"1280\" height=\"768\" src=\"https:\/\/www.alumni.space\/wp-content\/uploads\/2026\/03\/Comment-les-cliniques-se-preparent-elles-a-la-perte-dexpertise-de-leurs-praticiens-1-1.jpg\" data-orig-src=\"https:\/\/www.alumni.space\/wp-content\/uploads\/2026\/03\/Comment-les-cliniques-se-preparent-elles-a-la-perte-dexpertise-de-leurs-praticiens-1-1.jpg\" alt=\"Averigua c\u00f3mo se anticipan y gestionan las cl\u00ednicas la p\u00e9rdida de experiencia de sus facultativos para garantizar la continuidad de la asistencia y mantener un alto nivel de calidad.\" class=\"lazyload wp-image-3222\" srcset=\"data:image\/svg+xml,%3Csvg%20xmlns%3D%27http%3A%2F%2Fwww.w3.org%2F2000%2Fsvg%27%20width%3D%271280%27%20height%3D%27768%27%20viewBox%3D%270%200%201280%20768%27%3E%3Crect%20width%3D%271280%27%20height%3D%27768%27%20fill-opacity%3D%220%22%2F%3E%3C%2Fsvg%3E\" data-srcset=\"https:\/\/www.alumni.space\/wp-content\/uploads\/2026\/03\/Comment-les-cliniques-se-preparent-elles-a-la-perte-dexpertise-de-leurs-praticiens-1-1-200x120.jpg 200w, https:\/\/www.alumni.space\/wp-content\/uploads\/2026\/03\/Comment-les-cliniques-se-preparent-elles-a-la-perte-dexpertise-de-leurs-praticiens-1-1-300x180.jpg 300w, https:\/\/www.alumni.space\/wp-content\/uploads\/2026\/03\/Comment-les-cliniques-se-preparent-elles-a-la-perte-dexpertise-de-leurs-praticiens-1-1-400x240.jpg 400w, https:\/\/www.alumni.space\/wp-content\/uploads\/2026\/03\/Comment-les-cliniques-se-preparent-elles-a-la-perte-dexpertise-de-leurs-praticiens-1-1-600x360.jpg 600w, https:\/\/www.alumni.space\/wp-content\/uploads\/2026\/03\/Comment-les-cliniques-se-preparent-elles-a-la-perte-dexpertise-de-leurs-praticiens-1-1-768x461.jpg 768w, https:\/\/www.alumni.space\/wp-content\/uploads\/2026\/03\/Comment-les-cliniques-se-preparent-elles-a-la-perte-dexpertise-de-leurs-praticiens-1-1-800x480.jpg 800w, https:\/\/www.alumni.space\/wp-content\/uploads\/2026\/03\/Comment-les-cliniques-se-preparent-elles-a-la-perte-dexpertise-de-leurs-praticiens-1-1-1024x614.jpg 1024w, https:\/\/www.alumni.space\/wp-content\/uploads\/2026\/03\/Comment-les-cliniques-se-preparent-elles-a-la-perte-dexpertise-de-leurs-praticiens-1-1-1200x720.jpg 1200w, https:\/\/www.alumni.space\/wp-content\/uploads\/2026\/03\/Comment-les-cliniques-se-preparent-elles-a-la-perte-dexpertise-de-leurs-praticiens-1-1.jpg 1280w\" data-sizes=\"auto\" data-orig-sizes=\"(max-width: 1280px) 100vw, 1280px\" \/><\/figure><h3 class=\"wp-block-heading\"><span class=\"ez-toc-section\" id=\"Transmision_de_competencias_y_gestion_del_talento_bases_para_la_sostenibilidad\"><\/span>Transmisi\u00f3n de competencias y gesti\u00f3n del talento: bases para la sostenibilidad<span class=\"ez-toc-section-end\"><\/span><\/h3><p>La <strong>transmisi\u00f3n de competencias<\/strong> se est\u00e1 convirtiendo en una prioridad en los centros m\u00e9dicos. Poner en marcha un <strong>plan de sucesi\u00f3n<\/strong> estructurado permite identificar y formar a los talentos capaces de asumir responsabilidades clave. Las sesiones <strong>de formaci\u00f3n continua<\/strong>, combinadas con programas de <a href=\"https:\/\/www.alumni.space\/es\/la-tutoria-como-solucion-a-la-perdida-de-conocimientos-internos\/\">tutor\u00eda<\/a>, facilitan la transferencia de conocimientos pr\u00e1cticos y especializados. Este m\u00e9todo garantiza que las nuevas generaciones de profesionales se pongan al d\u00eda gradualmente.   <\/p><p>Al mismo tiempo, la contrataci\u00f3n selectiva acompa\u00f1a este proceso integrando perfiles complementarios. El objetivo es colmar las lagunas y mantener una reserva de talento suficiente para satisfacer las futuras necesidades operativas. <\/p><h3 class=\"wp-block-heading\"><span class=\"ez-toc-section\" id=\"Optimizar_el_mantenimiento_de_la_calidad_mediante_la_digitalizacion_y_la_promocion_de_comunidades_profesionales\"><\/span>Optimizar el mantenimiento de la calidad mediante la digitalizaci\u00f3n y la promoci\u00f3n de comunidades profesionales<span class=\"ez-toc-section-end\"><\/span><\/h3><p>Para limitar la <strong>p\u00e9rdida de experiencia<\/strong> y promover al mismo tiempo la cohesi\u00f3n, las cl\u00ednicas est\u00e1n adoptando plataformas dedicadas a gestionar y animar las redes profesionales. Estas herramientas centralizan perfiles, eventos, ofertas y contenidos relacionados con la carrera de los profesionales. Al facilitar la creaci\u00f3n de comunidades intergeneracionales, fomentan el apoyo mutuo y la cooptaci\u00f3n.  <\/p><p>El enfoque digital reduce considerablemente los riesgos asociados a la dispersi\u00f3n de los conocimientos y las aver\u00edas en la transmisi\u00f3n. Adem\u00e1s, una plataforma especializada evita que los datos se dispersen en hojas de c\u00e1lculo o aplicaciones inconexas, al tiempo que optimiza la gesti\u00f3n gracias a <strong>KPI<\/strong> precisos. <\/p><p>De este modo, los responsables de la toma de decisiones tienen una visi\u00f3n m\u00e1s clara de la <strong>gesti\u00f3n del talento<\/strong>, la formaci\u00f3n y la gesti\u00f3n de la red de profesionales, lo que les permite priorizar las acciones.<\/p><p><a href=\"https:\/\/www.alumni.space\/es\/como-podemos-evitar-la-perdida-de-experiencia-en-el-mantenimiento-industrial\/\">Inf\u00f3rmate sobre c\u00f3mo evitar la p\u00e9rdida de experiencia mediante el mantenimiento del conocimiento<\/a> para ilustrar este cambio a escala estrat\u00e9gica.<\/p><h3 class=\"wp-block-heading\"><span class=\"ez-toc-section\" id=\"Actos_y_rituales_para_consolidar_la_pertenencia_y_reforzar_el_compromiso_con_las_clinicas\"><\/span>Actos y rituales para consolidar la pertenencia y reforzar el compromiso con las cl\u00ednicas<span class=\"ez-toc-section-end\"><\/span><\/h3><p>La organizaci\u00f3n peri\u00f3dica de actos profesionales contribuye a fomentar el sentimiento de pertenencia entre los profesionales. Las reuniones tem\u00e1ticas adoptan la forma de seminarios, talleres o sesiones de intercambio dise\u00f1adas para realzar el valor de los expertos veteranos y, al mismo tiempo, implicar a los juniors en un proceso de<strong>aprendizaje mutuo<\/strong>. <\/p><p>Estos rituales crean un marco propicio para<strong>el desarrollo de la red de antiguos alumnos<\/strong>, garantizando un v\u00ednculo duradero y estructurante dentro de los equipos. Compartir la experiencia refuerza la memoria colectiva y asegura un conocimiento operativo cr\u00edtico. <\/p><p><a href=\"https:\/\/www.alumni.space\/es\/el-valor-anadido-de-un-programa-de-antiguos-alumnos-para-tu-marca-de-empleador\/\">Descubre c\u00f3mo un programa de antiguos alumnos mejora la marca del empleador y apoya este compromiso<\/a>.<\/p>","protected":false},"excerpt":{"rendered":"<p>Anticiparse a la p\u00e9rdida de experiencia de los m\u00e9dicos en  [&#8230;]<\/p>\n","protected":false},"author":1,"featured_media":6801,"comment_status":"closed","ping_status":"","sticky":false,"template":"","format":"standard","meta":{"_ayudawp_aiss_exclude":false,"footnotes":""},"categories":[75],"tags":[],"class_list":["post-6798","post","type-post","status-publish","format-standard","has-post-thumbnail","hentry","category-recursos-humanos"],"yoast_head":"<!-- This site is optimized with the Yoast SEO plugin v27.4 - https:\/\/yoast.com\/product\/yoast-seo-wordpress\/ -->\n<title>Anticiparse a la p\u00e9rdida de experiencia cl\u00ednica: estrategias clave<\/title>\n<meta name=\"description\" content=\"Descubre c\u00f3mo se anticipan las cl\u00ednicas a la p\u00e9rdida de experiencia de sus facultativos para mantener la calidad de la asistencia y garantizar la continuidad.\" \/>\n<meta name=\"robots\" content=\"index, follow, max-snippet:-1, max-image-preview:large, max-video-preview:-1\" \/>\n<link rel=\"canonical\" href=\"https:\/\/www.alumni.space\/es\/como-se-preparan-las-clinicas-para-la-perdida-de-experiencia-de-sus-profesionales\/\" \/>\n<meta property=\"og:locale\" content=\"es_ES\" \/>\n<meta property=\"og:type\" content=\"article\" \/>\n<meta property=\"og:title\" content=\"Anticiparse a la p\u00e9rdida de experiencia cl\u00ednica: estrategias clave\" \/>\n<meta property=\"og:description\" content=\"Descubre c\u00f3mo se anticipan las cl\u00ednicas a la p\u00e9rdida de experiencia de sus facultativos para mantener la calidad de la asistencia y garantizar la continuidad.\" \/>\n<meta property=\"og:url\" content=\"https:\/\/www.alumni.space\/es\/como-se-preparan-las-clinicas-para-la-perdida-de-experiencia-de-sus-profesionales\/\" \/>\n<meta property=\"og:site_name\" content=\"Alumni.space\" \/>\n<meta property=\"article:published_time\" content=\"2025-06-28T02:30:54+00:00\" \/>\n<meta property=\"article:modified_time\" content=\"2026-04-02T09:21:19+00:00\" \/>\n<meta property=\"og:image\" content=\"https:\/\/www.alumni.space\/wp-content\/uploads\/2026\/03\/Comment-les-cliniques-se-preparent-elles-a-la-perte-dexpertise-de-leurs-praticiens-.jpg\" \/>\n\t<meta property=\"og:image:width\" content=\"1280\" \/>\n\t<meta property=\"og:image:height\" content=\"768\" \/>\n\t<meta property=\"og:image:type\" content=\"image\/jpeg\" \/>\n<meta name=\"author\" content=\"admin\" \/>\n<meta name=\"twitter:card\" content=\"summary_large_image\" \/>\n<meta name=\"twitter:label1\" content=\"Escrito por\" \/>\n\t<meta name=\"twitter:data1\" content=\"admin\" \/>\n\t<meta name=\"twitter:label2\" content=\"Tiempo de lectura\" \/>\n\t<meta name=\"twitter:data2\" content=\"3 minutos\" \/>\n<script type=\"application\/ld+json\" class=\"yoast-schema-graph\">{\"@context\":\"https:\\\/\\\/schema.org\",\"@graph\":[{\"@type\":\"Article\",\"@id\":\"https:\\\/\\\/www.alumni.space\\\/es\\\/como-se-preparan-las-clinicas-para-la-perdida-de-experiencia-de-sus-profesionales\\\/#article\",\"isPartOf\":{\"@id\":\"https:\\\/\\\/www.alumni.space\\\/es\\\/como-se-preparan-las-clinicas-para-la-perdida-de-experiencia-de-sus-profesionales\\\/\"},\"author\":{\"name\":\"admin\",\"@id\":\"https:\\\/\\\/www.alumni.space\\\/es\\\/#\\\/schema\\\/person\\\/fede362a57876edda476a61f05ce5b15\"},\"headline\":\"\u00bfC\u00f3mo se preparan las cl\u00ednicas para la p\u00e9rdida de experiencia de sus profesionales?\",\"datePublished\":\"2025-06-28T02:30:54+00:00\",\"dateModified\":\"2026-04-02T09:21:19+00:00\",\"mainEntityOfPage\":{\"@id\":\"https:\\\/\\\/www.alumni.space\\\/es\\\/como-se-preparan-las-clinicas-para-la-perdida-de-experiencia-de-sus-profesionales\\\/\"},\"wordCount\":549,\"image\":{\"@id\":\"https:\\\/\\\/www.alumni.space\\\/es\\\/como-se-preparan-las-clinicas-para-la-perdida-de-experiencia-de-sus-profesionales\\\/#primaryimage\"},\"thumbnailUrl\":\"https:\\\/\\\/www.alumni.space\\\/wp-content\\\/uploads\\\/2026\\\/03\\\/Comment-les-cliniques-se-preparent-elles-a-la-perte-dexpertise-de-leurs-praticiens-.jpg\",\"articleSection\":[\"Recursos Humanos\"],\"inLanguage\":\"es\"},{\"@type\":\"WebPage\",\"@id\":\"https:\\\/\\\/www.alumni.space\\\/es\\\/como-se-preparan-las-clinicas-para-la-perdida-de-experiencia-de-sus-profesionales\\\/\",\"url\":\"https:\\\/\\\/www.alumni.space\\\/es\\\/como-se-preparan-las-clinicas-para-la-perdida-de-experiencia-de-sus-profesionales\\\/\",\"name\":\"Anticiparse a la p\u00e9rdida de experiencia cl\u00ednica: estrategias clave\",\"isPartOf\":{\"@id\":\"https:\\\/\\\/www.alumni.space\\\/es\\\/#website\"},\"primaryImageOfPage\":{\"@id\":\"https:\\\/\\\/www.alumni.space\\\/es\\\/como-se-preparan-las-clinicas-para-la-perdida-de-experiencia-de-sus-profesionales\\\/#primaryimage\"},\"image\":{\"@id\":\"https:\\\/\\\/www.alumni.space\\\/es\\\/como-se-preparan-las-clinicas-para-la-perdida-de-experiencia-de-sus-profesionales\\\/#primaryimage\"},\"thumbnailUrl\":\"https:\\\/\\\/www.alumni.space\\\/wp-content\\\/uploads\\\/2026\\\/03\\\/Comment-les-cliniques-se-preparent-elles-a-la-perte-dexpertise-de-leurs-praticiens-.jpg\",\"datePublished\":\"2025-06-28T02:30:54+00:00\",\"dateModified\":\"2026-04-02T09:21:19+00:00\",\"author\":{\"@id\":\"https:\\\/\\\/www.alumni.space\\\/es\\\/#\\\/schema\\\/person\\\/fede362a57876edda476a61f05ce5b15\"},\"description\":\"Descubre c\u00f3mo se anticipan las cl\u00ednicas a la p\u00e9rdida de experiencia de sus facultativos para mantener la calidad de la asistencia y garantizar la continuidad.\",\"breadcrumb\":{\"@id\":\"https:\\\/\\\/www.alumni.space\\\/es\\\/como-se-preparan-las-clinicas-para-la-perdida-de-experiencia-de-sus-profesionales\\\/#breadcrumb\"},\"inLanguage\":\"es\",\"potentialAction\":[{\"@type\":\"ReadAction\",\"target\":[\"https:\\\/\\\/www.alumni.space\\\/es\\\/como-se-preparan-las-clinicas-para-la-perdida-de-experiencia-de-sus-profesionales\\\/\"]}]},{\"@type\":\"ImageObject\",\"inLanguage\":\"es\",\"@id\":\"https:\\\/\\\/www.alumni.space\\\/es\\\/como-se-preparan-las-clinicas-para-la-perdida-de-experiencia-de-sus-profesionales\\\/#primaryimage\",\"url\":\"https:\\\/\\\/www.alumni.space\\\/wp-content\\\/uploads\\\/2026\\\/03\\\/Comment-les-cliniques-se-preparent-elles-a-la-perte-dexpertise-de-leurs-praticiens-.jpg\",\"contentUrl\":\"https:\\\/\\\/www.alumni.space\\\/wp-content\\\/uploads\\\/2026\\\/03\\\/Comment-les-cliniques-se-preparent-elles-a-la-perte-dexpertise-de-leurs-praticiens-.jpg\",\"width\":1280,\"height\":768,\"caption\":\"averiguar c\u00f3mo se anticipan y gestionan las cl\u00ednicas la p\u00e9rdida de experiencia de sus facultativos para garantizar la continuidad asistencial y la calidad del servicio.\"},{\"@type\":\"BreadcrumbList\",\"@id\":\"https:\\\/\\\/www.alumni.space\\\/es\\\/como-se-preparan-las-clinicas-para-la-perdida-de-experiencia-de-sus-profesionales\\\/#breadcrumb\",\"itemListElement\":[{\"@type\":\"ListItem\",\"position\":1,\"name\":\"Home\",\"item\":\"https:\\\/\\\/www.alumni.space\\\/es\\\/plataforma-de-tutoria-y-gestion-de-antiguos-alumnos\\\/\"},{\"@type\":\"ListItem\",\"position\":2,\"name\":\"\u00bfC\u00f3mo se preparan las cl\u00ednicas para la p\u00e9rdida de experiencia de sus profesionales?\"}]},{\"@type\":\"WebSite\",\"@id\":\"https:\\\/\\\/www.alumni.space\\\/es\\\/#website\",\"url\":\"https:\\\/\\\/www.alumni.space\\\/es\\\/\",\"name\":\"Alumni.space\",\"description\":\"My WordPress Blog\",\"potentialAction\":[{\"@type\":\"SearchAction\",\"target\":{\"@type\":\"EntryPoint\",\"urlTemplate\":\"https:\\\/\\\/www.alumni.space\\\/es\\\/?s={search_term_string}\"},\"query-input\":{\"@type\":\"PropertyValueSpecification\",\"valueRequired\":true,\"valueName\":\"search_term_string\"}}],\"inLanguage\":\"es\"},{\"@type\":\"Person\",\"@id\":\"https:\\\/\\\/www.alumni.space\\\/es\\\/#\\\/schema\\\/person\\\/fede362a57876edda476a61f05ce5b15\",\"name\":\"admin\",\"image\":{\"@type\":\"ImageObject\",\"inLanguage\":\"es\",\"@id\":\"https:\\\/\\\/secure.gravatar.com\\\/avatar\\\/318e234ae94f90d4d629428d6b983c08e31181c28f579e08a021180d759ea651?s=96&d=mm&r=g\",\"url\":\"https:\\\/\\\/secure.gravatar.com\\\/avatar\\\/318e234ae94f90d4d629428d6b983c08e31181c28f579e08a021180d759ea651?s=96&d=mm&r=g\",\"contentUrl\":\"https:\\\/\\\/secure.gravatar.com\\\/avatar\\\/318e234ae94f90d4d629428d6b983c08e31181c28f579e08a021180d759ea651?s=96&d=mm&r=g\",\"caption\":\"admin\"},\"description\":\"Nicolas Laustriat a construit sa sp\u00e9cialit\u00e9 sur un sujet que beaucoup d\u2019organisations d\u00e9couvrent trop tard : ce qui dispara\u00eet quand les gens partent. Dipl\u00f4m\u00e9 en conception de produit industriel, il bifurque vers le digital fin 1996, il couvre les transformations marques, RH, la fid\u00e9lisation, la marque employeur. Sur le terrain, il rep\u00e8re un angle mort r\u00e9current : l\u2019entreprise investit dans le recrutement, la formation, les process\u2026 puis laisse filer le lien au moment du d\u00e9part, avec une perte de savoir et d\u2019influence qui se paie en silence. Il se sp\u00e9cialise alors sur les communaut\u00e9s d\u2019alumni, le mentorat, l\u2019entraide interg\u00e9n\u00e9rationnelle et la transmission d\u2019expertise. Il passe du \u201cconstat\u201d aux m\u00e9thodes : animation, gouvernance, segmentation, rituels, mesure d\u2019engagement, articulation avec la RSE et l\u2019employabilit\u00e9. Il interviewe DRH, responsables formation, directions d\u2019\u00e9coles, associations et fondations, avec une obsession : transformer un r\u00e9seau dormant en m\u00e9canisme utile (cooptation, mentorat, job board, entraide, \u00e9v\u00e9nements, contenus). Son style : direct, orient\u00e9 action, sans folklore. Sa conviction : une communaut\u00e9 n\u2019a pas besoin de bruit, elle a besoin de raisons de revenir.\",\"sameAs\":[\"https:\\\/\\\/www.alumni.space\"]}]}<\/script>\n<!-- \/ Yoast SEO plugin. -->","yoast_head_json":{"title":"Anticiparse a la p\u00e9rdida de experiencia cl\u00ednica: estrategias clave","description":"Descubre c\u00f3mo se anticipan las cl\u00ednicas a la p\u00e9rdida de experiencia de sus facultativos para mantener la calidad de la asistencia y garantizar la continuidad.","robots":{"index":"index","follow":"follow","max-snippet":"max-snippet:-1","max-image-preview":"max-image-preview:large","max-video-preview":"max-video-preview:-1"},"canonical":"https:\/\/www.alumni.space\/es\/como-se-preparan-las-clinicas-para-la-perdida-de-experiencia-de-sus-profesionales\/","og_locale":"es_ES","og_type":"article","og_title":"Anticiparse a la p\u00e9rdida de experiencia cl\u00ednica: estrategias clave","og_description":"Descubre c\u00f3mo se anticipan las cl\u00ednicas a la p\u00e9rdida de experiencia de sus facultativos para mantener la calidad de la asistencia y garantizar la continuidad.","og_url":"https:\/\/www.alumni.space\/es\/como-se-preparan-las-clinicas-para-la-perdida-de-experiencia-de-sus-profesionales\/","og_site_name":"Alumni.space","article_published_time":"2025-06-28T02:30:54+00:00","article_modified_time":"2026-04-02T09:21:19+00:00","og_image":[{"width":1280,"height":768,"url":"https:\/\/www.alumni.space\/wp-content\/uploads\/2026\/03\/Comment-les-cliniques-se-preparent-elles-a-la-perte-dexpertise-de-leurs-praticiens-.jpg","type":"image\/jpeg"}],"author":"admin","twitter_card":"summary_large_image","twitter_misc":{"Escrito por":"admin","Tiempo de lectura":"3 minutos"},"schema":{"@context":"https:\/\/schema.org","@graph":[{"@type":"Article","@id":"https:\/\/www.alumni.space\/es\/como-se-preparan-las-clinicas-para-la-perdida-de-experiencia-de-sus-profesionales\/#article","isPartOf":{"@id":"https:\/\/www.alumni.space\/es\/como-se-preparan-las-clinicas-para-la-perdida-de-experiencia-de-sus-profesionales\/"},"author":{"name":"admin","@id":"https:\/\/www.alumni.space\/es\/#\/schema\/person\/fede362a57876edda476a61f05ce5b15"},"headline":"\u00bfC\u00f3mo se preparan las cl\u00ednicas para la p\u00e9rdida de experiencia de sus profesionales?","datePublished":"2025-06-28T02:30:54+00:00","dateModified":"2026-04-02T09:21:19+00:00","mainEntityOfPage":{"@id":"https:\/\/www.alumni.space\/es\/como-se-preparan-las-clinicas-para-la-perdida-de-experiencia-de-sus-profesionales\/"},"wordCount":549,"image":{"@id":"https:\/\/www.alumni.space\/es\/como-se-preparan-las-clinicas-para-la-perdida-de-experiencia-de-sus-profesionales\/#primaryimage"},"thumbnailUrl":"https:\/\/www.alumni.space\/wp-content\/uploads\/2026\/03\/Comment-les-cliniques-se-preparent-elles-a-la-perte-dexpertise-de-leurs-praticiens-.jpg","articleSection":["Recursos Humanos"],"inLanguage":"es"},{"@type":"WebPage","@id":"https:\/\/www.alumni.space\/es\/como-se-preparan-las-clinicas-para-la-perdida-de-experiencia-de-sus-profesionales\/","url":"https:\/\/www.alumni.space\/es\/como-se-preparan-las-clinicas-para-la-perdida-de-experiencia-de-sus-profesionales\/","name":"Anticiparse a la p\u00e9rdida de experiencia cl\u00ednica: estrategias clave","isPartOf":{"@id":"https:\/\/www.alumni.space\/es\/#website"},"primaryImageOfPage":{"@id":"https:\/\/www.alumni.space\/es\/como-se-preparan-las-clinicas-para-la-perdida-de-experiencia-de-sus-profesionales\/#primaryimage"},"image":{"@id":"https:\/\/www.alumni.space\/es\/como-se-preparan-las-clinicas-para-la-perdida-de-experiencia-de-sus-profesionales\/#primaryimage"},"thumbnailUrl":"https:\/\/www.alumni.space\/wp-content\/uploads\/2026\/03\/Comment-les-cliniques-se-preparent-elles-a-la-perte-dexpertise-de-leurs-praticiens-.jpg","datePublished":"2025-06-28T02:30:54+00:00","dateModified":"2026-04-02T09:21:19+00:00","author":{"@id":"https:\/\/www.alumni.space\/es\/#\/schema\/person\/fede362a57876edda476a61f05ce5b15"},"description":"Descubre c\u00f3mo se anticipan las cl\u00ednicas a la p\u00e9rdida de experiencia de sus facultativos para mantener la calidad de la asistencia y garantizar la continuidad.","breadcrumb":{"@id":"https:\/\/www.alumni.space\/es\/como-se-preparan-las-clinicas-para-la-perdida-de-experiencia-de-sus-profesionales\/#breadcrumb"},"inLanguage":"es","potentialAction":[{"@type":"ReadAction","target":["https:\/\/www.alumni.space\/es\/como-se-preparan-las-clinicas-para-la-perdida-de-experiencia-de-sus-profesionales\/"]}]},{"@type":"ImageObject","inLanguage":"es","@id":"https:\/\/www.alumni.space\/es\/como-se-preparan-las-clinicas-para-la-perdida-de-experiencia-de-sus-profesionales\/#primaryimage","url":"https:\/\/www.alumni.space\/wp-content\/uploads\/2026\/03\/Comment-les-cliniques-se-preparent-elles-a-la-perte-dexpertise-de-leurs-praticiens-.jpg","contentUrl":"https:\/\/www.alumni.space\/wp-content\/uploads\/2026\/03\/Comment-les-cliniques-se-preparent-elles-a-la-perte-dexpertise-de-leurs-praticiens-.jpg","width":1280,"height":768,"caption":"averiguar c\u00f3mo se anticipan y gestionan las cl\u00ednicas la p\u00e9rdida de experiencia de sus facultativos para garantizar la continuidad asistencial y la calidad del servicio."},{"@type":"BreadcrumbList","@id":"https:\/\/www.alumni.space\/es\/como-se-preparan-las-clinicas-para-la-perdida-de-experiencia-de-sus-profesionales\/#breadcrumb","itemListElement":[{"@type":"ListItem","position":1,"name":"Home","item":"https:\/\/www.alumni.space\/es\/plataforma-de-tutoria-y-gestion-de-antiguos-alumnos\/"},{"@type":"ListItem","position":2,"name":"\u00bfC\u00f3mo se preparan las cl\u00ednicas para la p\u00e9rdida de experiencia de sus profesionales?"}]},{"@type":"WebSite","@id":"https:\/\/www.alumni.space\/es\/#website","url":"https:\/\/www.alumni.space\/es\/","name":"Alumni.space","description":"My WordPress Blog","potentialAction":[{"@type":"SearchAction","target":{"@type":"EntryPoint","urlTemplate":"https:\/\/www.alumni.space\/es\/?s={search_term_string}"},"query-input":{"@type":"PropertyValueSpecification","valueRequired":true,"valueName":"search_term_string"}}],"inLanguage":"es"},{"@type":"Person","@id":"https:\/\/www.alumni.space\/es\/#\/schema\/person\/fede362a57876edda476a61f05ce5b15","name":"admin","image":{"@type":"ImageObject","inLanguage":"es","@id":"https:\/\/secure.gravatar.com\/avatar\/318e234ae94f90d4d629428d6b983c08e31181c28f579e08a021180d759ea651?s=96&d=mm&r=g","url":"https:\/\/secure.gravatar.com\/avatar\/318e234ae94f90d4d629428d6b983c08e31181c28f579e08a021180d759ea651?s=96&d=mm&r=g","contentUrl":"https:\/\/secure.gravatar.com\/avatar\/318e234ae94f90d4d629428d6b983c08e31181c28f579e08a021180d759ea651?s=96&d=mm&r=g","caption":"admin"},"description":"Nicolas Laustriat a construit sa sp\u00e9cialit\u00e9 sur un sujet que beaucoup d\u2019organisations d\u00e9couvrent trop tard : ce qui dispara\u00eet quand les gens partent. Dipl\u00f4m\u00e9 en conception de produit industriel, il bifurque vers le digital fin 1996, il couvre les transformations marques, RH, la fid\u00e9lisation, la marque employeur. Sur le terrain, il rep\u00e8re un angle mort r\u00e9current : l\u2019entreprise investit dans le recrutement, la formation, les process\u2026 puis laisse filer le lien au moment du d\u00e9part, avec une perte de savoir et d\u2019influence qui se paie en silence. Il se sp\u00e9cialise alors sur les communaut\u00e9s d\u2019alumni, le mentorat, l\u2019entraide interg\u00e9n\u00e9rationnelle et la transmission d\u2019expertise. Il passe du \u201cconstat\u201d aux m\u00e9thodes : animation, gouvernance, segmentation, rituels, mesure d\u2019engagement, articulation avec la RSE et l\u2019employabilit\u00e9. Il interviewe DRH, responsables formation, directions d\u2019\u00e9coles, associations et fondations, avec une obsession : transformer un r\u00e9seau dormant en m\u00e9canisme utile (cooptation, mentorat, job board, entraide, \u00e9v\u00e9nements, contenus). Son style : direct, orient\u00e9 action, sans folklore. Sa conviction : une communaut\u00e9 n\u2019a pas besoin de bruit, elle a besoin de raisons de revenir.","sameAs":["https:\/\/www.alumni.space"]}]}},"_links":{"self":[{"href":"https:\/\/www.alumni.space\/es\/wp-json\/wp\/v2\/posts\/6798","targetHints":{"allow":["GET"]}}],"collection":[{"href":"https:\/\/www.alumni.space\/es\/wp-json\/wp\/v2\/posts"}],"about":[{"href":"https:\/\/www.alumni.space\/es\/wp-json\/wp\/v2\/types\/post"}],"author":[{"embeddable":true,"href":"https:\/\/www.alumni.space\/es\/wp-json\/wp\/v2\/users\/1"}],"replies":[{"embeddable":true,"href":"https:\/\/www.alumni.space\/es\/wp-json\/wp\/v2\/comments?post=6798"}],"version-history":[{"count":3,"href":"https:\/\/www.alumni.space\/es\/wp-json\/wp\/v2\/posts\/6798\/revisions"}],"predecessor-version":[{"id":6805,"href":"https:\/\/www.alumni.space\/es\/wp-json\/wp\/v2\/posts\/6798\/revisions\/6805"}],"wp:featuredmedia":[{"embeddable":true,"href":"https:\/\/www.alumni.space\/es\/wp-json\/wp\/v2\/media\/6801"}],"wp:attachment":[{"href":"https:\/\/www.alumni.space\/es\/wp-json\/wp\/v2\/media?parent=6798"}],"wp:term":[{"taxonomy":"category","embeddable":true,"href":"https:\/\/www.alumni.space\/es\/wp-json\/wp\/v2\/categories?post=6798"},{"taxonomy":"post_tag","embeddable":true,"href":"https:\/\/www.alumni.space\/es\/wp-json\/wp\/v2\/tags?post=6798"}],"curies":[{"name":"wp","href":"https:\/\/api.w.org\/{rel}","templated":true}]}}