{"id":6720,"date":"2026-01-30T14:08:08","date_gmt":"2026-01-30T14:08:08","guid":{"rendered":"https:\/\/www.alumni.space\/jubilaciones-masivas-que-impacto-tendran-en-las-profesiones-financieras\/"},"modified":"2026-04-02T09:19:49","modified_gmt":"2026-04-02T09:19:49","slug":"jubilaciones-masivas-que-impacto-tendran-en-las-profesiones-financieras","status":"publish","type":"post","link":"https:\/\/www.alumni.space\/es\/jubilaciones-masivas-que-impacto-tendran-en-las-profesiones-financieras\/","title":{"rendered":"Jubilaciones masivas: \u00bfqu\u00e9 impacto tendr\u00e1n en las profesiones financieras?"},"content":{"rendered":"<p>El horizonte de 2030 anuncia grandes trastornos en el panorama profesional franc\u00e9s, sobre todo en el sector financiero, donde las jubilaciones masivas est\u00e1n provocando una profunda transformaci\u00f3n de los puestos de trabajo. El envejecimiento demogr\u00e1fico, combinado con el cambio tecnol\u00f3gico, exigir\u00e1 una reorganizaci\u00f3n \u00e1gil de la gesti\u00f3n de los recursos humanos y una estrategia optimizada de transferencia de conocimientos. <\/p><div id=\"ez-toc-container\" class=\"ez-toc-v2_0_82_2 counter-flat ez-toc-counter ez-toc-grey ez-toc-container-direction\">\n<div class=\"ez-toc-title-container\"><p class=\"ez-toc-title\" style=\"cursor:inherit\">En este art\u00edculo se trata lo siguiente:<\/p>\n<\/div><nav><ul class='ez-toc-list ez-toc-list-level-1 ' ><li class='ez-toc-page-1'><a class=\"ez-toc-link ez-toc-heading-1\" href=\"https:\/\/www.alumni.space\/es\/jubilaciones-masivas-que-impacto-tendran-en-las-profesiones-financieras\/#Jubilaciones_masivas_una_realidad_que_esta_reconfigurando_las_profesiones_financieras\" >Jubilaciones masivas: una realidad que est\u00e1 reconfigurando las profesiones financieras<\/a><\/li><li class='ez-toc-page-1'><a class=\"ez-toc-link ez-toc-heading-2\" href=\"https:\/\/www.alumni.space\/es\/jubilaciones-masivas-que-impacto-tendran-en-las-profesiones-financieras\/#La_transferencia_de_conocimientos_un_reto_estrategico_para_la_contratacion_financiera\" >La transferencia de conocimientos, un reto estrat\u00e9gico para la contrataci\u00f3n financiera<\/a><\/li><li class='ez-toc-page-1'><a class=\"ez-toc-link ez-toc-heading-3\" href=\"https:\/\/www.alumni.space\/es\/jubilaciones-masivas-que-impacto-tendran-en-las-profesiones-financieras\/#Implicaciones_para_la_gestion_de_los_recursos_humanos_en_las_finanzas\" >Implicaciones para la gesti\u00f3n de los recursos humanos en las finanzas<\/a><\/li><li class='ez-toc-page-1'><a class=\"ez-toc-link ez-toc-heading-4\" href=\"https:\/\/www.alumni.space\/es\/jubilaciones-masivas-que-impacto-tendran-en-las-profesiones-financieras\/#Adaptar_el_empleo_financiero_a_las_realidades_demograficas\" >Adaptar el empleo financiero a las realidades demogr\u00e1ficas<\/a><\/li><li class='ez-toc-page-1'><a class=\"ez-toc-link ez-toc-heading-5\" href=\"https:\/\/www.alumni.space\/es\/jubilaciones-masivas-que-impacto-tendran-en-las-profesiones-financieras\/#Anticipacion_y_estrategias_operativas_actuar_para_limitar_el_impacto\" >Anticipaci\u00f3n y estrategias operativas: actuar para limitar el impacto<\/a><\/li><\/ul><\/nav><\/div>\n<h2 class=\"wp-block-heading\"><span class=\"ez-toc-section\" id=\"Jubilaciones_masivas_una_realidad_que_esta_reconfigurando_las_profesiones_financieras\"><\/span>Jubilaciones masivas: una realidad que est\u00e1 reconfigurando las profesiones financieras<span class=\"ez-toc-section-end\"><\/span><\/h2><p>La jubilaci\u00f3n de la generaci\u00f3n del baby-boom est\u00e1 provocando una <strong>jubilaci\u00f3n masiva<\/strong> en las profesiones financieras, lo que pone de manifiesto un <strong>cambio demogr\u00e1fico<\/strong> con m\u00faltiples consecuencias. Este fen\u00f3meno ha dado lugar a la necesidad de anticiparse para evitar una <strong>escasez de competencias<\/strong> que podr\u00eda amenazar la continuidad operativa de las instituciones financieras. El informe nacional de la DARES pone de manifiesto una importante oleada de vacantes en este sector, y subraya que la mayor\u00eda de las contrataciones se realizan con fines de sustituci\u00f3n y no para crear aut\u00e9nticos nuevos puestos de trabajo<a href=\"https:\/\/dares.travail-emploi.gouv.fr\/publication\/les-metiers-en-2030-le-rapport-national\">(fuente<\/a>).  <\/p><figure class=\"wp-block-image size-full\"><img decoding=\"async\" width=\"1280\" height=\"768\" src=\"https:\/\/www.alumni.space\/wp-content\/uploads\/2026\/03\/Departs-massifs-a-la-retraite-quels-impacts-pour-les-metiers-de-la-finance-1-1.jpg\" data-orig-src=\"https:\/\/www.alumni.space\/wp-content\/uploads\/2026\/03\/Departs-massifs-a-la-retraite-quels-impacts-pour-les-metiers-de-la-finance-1-1.jpg\" alt=\"An\u00e1lisis del impacto de las jubilaciones masivas en las profesiones financieras y de los retos que hay que afrontar para garantizar la continuidad y la adaptaci\u00f3n del sector.\" class=\"lazyload wp-image-3213\" srcset=\"data:image\/svg+xml,%3Csvg%20xmlns%3D%27http%3A%2F%2Fwww.w3.org%2F2000%2Fsvg%27%20width%3D%271280%27%20height%3D%27768%27%20viewBox%3D%270%200%201280%20768%27%3E%3Crect%20width%3D%271280%27%20height%3D%27768%27%20fill-opacity%3D%220%22%2F%3E%3C%2Fsvg%3E\" data-srcset=\"https:\/\/www.alumni.space\/wp-content\/uploads\/2026\/03\/Departs-massifs-a-la-retraite-quels-impacts-pour-les-metiers-de-la-finance-1-1-200x120.jpg 200w, https:\/\/www.alumni.space\/wp-content\/uploads\/2026\/03\/Departs-massifs-a-la-retraite-quels-impacts-pour-les-metiers-de-la-finance-1-1-300x180.jpg 300w, https:\/\/www.alumni.space\/wp-content\/uploads\/2026\/03\/Departs-massifs-a-la-retraite-quels-impacts-pour-les-metiers-de-la-finance-1-1-400x240.jpg 400w, https:\/\/www.alumni.space\/wp-content\/uploads\/2026\/03\/Departs-massifs-a-la-retraite-quels-impacts-pour-les-metiers-de-la-finance-1-1-600x360.jpg 600w, https:\/\/www.alumni.space\/wp-content\/uploads\/2026\/03\/Departs-massifs-a-la-retraite-quels-impacts-pour-les-metiers-de-la-finance-1-1-768x461.jpg 768w, https:\/\/www.alumni.space\/wp-content\/uploads\/2026\/03\/Departs-massifs-a-la-retraite-quels-impacts-pour-les-metiers-de-la-finance-1-1-800x480.jpg 800w, https:\/\/www.alumni.space\/wp-content\/uploads\/2026\/03\/Departs-massifs-a-la-retraite-quels-impacts-pour-les-metiers-de-la-finance-1-1-1024x614.jpg 1024w, https:\/\/www.alumni.space\/wp-content\/uploads\/2026\/03\/Departs-massifs-a-la-retraite-quels-impacts-pour-les-metiers-de-la-finance-1-1-1200x720.jpg 1200w, https:\/\/www.alumni.space\/wp-content\/uploads\/2026\/03\/Departs-massifs-a-la-retraite-quels-impacts-pour-les-metiers-de-la-finance-1-1.jpg 1280w\" data-sizes=\"auto\" data-orig-sizes=\"(max-width: 1280px) 100vw, 1280px\" \/><\/figure><h3 class=\"wp-block-heading\"><span class=\"ez-toc-section\" id=\"La_transferencia_de_conocimientos_un_reto_estrategico_para_la_contratacion_financiera\"><\/span>La transferencia de conocimientos, un reto estrat\u00e9gico para la contrataci\u00f3n financiera<span class=\"ez-toc-section-end\"><\/span><\/h3><p>Garantizar la <strong>transmisi\u00f3n de conocimientos<\/strong> es una forma importante de compensar la p\u00e9rdida de experiencia causada por estas salidas. Capitalizar la experiencia mediante tutor\u00edas y comunidades de antiguos empleados es una necesidad si se quiere mantener el rendimiento. Las plataformas SaaS, como alumni.space, ofrecen soluciones integradas para gestionar eficazmente estas comunidades, fomentando una trayectoria fluida entre generaciones y limitando los riesgos asociados a la fragmentaci\u00f3n de las bases de conocimientos. En concreto, este sistema fomenta la creaci\u00f3n de parejas intergeneracionales, la organizaci\u00f3n de eventos espec\u00edficos y el acceso a una bolsa de trabajo especializada, creando un marco propicio para el intercambio y la cooptaci\u00f3n.   <\/p><h2 class=\"wp-block-heading\"><span class=\"ez-toc-section\" id=\"Implicaciones_para_la_gestion_de_los_recursos_humanos_en_las_finanzas\"><\/span>Implicaciones para la gesti\u00f3n de los recursos humanos en las finanzas<span class=\"ez-toc-section-end\"><\/span><\/h2><p>La llegada simult\u00e1nea de salidas masivas y la r\u00e1pida evoluci\u00f3n de las competencias requeridas enfrentan a los departamentos de RRHH a un doble reto: contratar en un mercado competitivo e integrar con \u00e9xito los nuevos perfiles. Las cifras muestran que las profesiones financieras, al tiempo que se ven afectadas por la racionalizaci\u00f3n a trav\u00e9s de la automatizaci\u00f3n, tambi\u00e9n requieren un aumento de las competencias en \u00e1mbitos como el cumplimiento, la gesti\u00f3n de riesgos y las herramientas digitales. Un enfoque estructurado centrado en la formaci\u00f3n profesional continua y en la fidelizaci\u00f3n a trav\u00e9s de redes de antiguos alumnos representa una palanca esencial para optimizar este relevo<a href=\"https:\/\/www.alumni.space\/es\/jubilaciones-que-depara-el-futuro-a-las-profesiones-de-cumplimiento-bancario\/\">(detalles de los retos<\/a>).  <\/p><h3 class=\"wp-block-heading\"><span class=\"ez-toc-section\" id=\"Adaptar_el_empleo_financiero_a_las_realidades_demograficas\"><\/span>Adaptar el empleo financiero a las realidades demogr\u00e1ficas<span class=\"ez-toc-section-end\"><\/span><\/h3><p>El sector experimenta una tensi\u00f3n entre la creciente necesidad de nuevas competencias y la marcha de los expertos. La cooptaci\u00f3n, facilitada por plataformas dedicadas, favorece la integraci\u00f3n r\u00e1pida y el compromiso a largo plazo de los talentos. La segmentaci\u00f3n de los perfiles de los antiguos alumnos tambi\u00e9n permite realizar un seguimiento preciso de las trayectorias profesionales y ofrecer una formaci\u00f3n personalizada. Este m\u00e9todo <strong>ahorra tiempo<\/strong> y <strong>dinero<\/strong>, proporcionando una importante ventaja competitiva en un contexto de escasez.   <\/p><h2 class=\"wp-block-heading\"><span class=\"ez-toc-section\" id=\"Anticipacion_y_estrategias_operativas_actuar_para_limitar_el_impacto\"><\/span>Anticipaci\u00f3n y estrategias operativas: actuar para limitar el impacto<span class=\"ez-toc-section-end\"><\/span><\/h2><p>Prevenir los efectos negativos de estas salidas en la memoria organizativa requiere la introducci\u00f3n de rituales regulares de intercambio y de indicadores de gesti\u00f3n adecuados. Incluir KPI vinculados a la adopci\u00f3n de sistemas de gesti\u00f3n de la red de antiguos alumnos ayuda a medir la eficacia de las iniciativas emprendidas. Industrializar estos procesos en una plataforma \u00fanica evita la dispersi\u00f3n de herramientas y facilita la gobernanza. Estas acciones permiten a los responsables tomar decisiones informadas para garantizar la <strong>continuidad de la red<\/strong> y el<strong>compromiso a largo plazo de<\/strong> los empleados activos y jubilados.   <\/p><p>Ante estos retos, un enfoque proactivo se basa en pasos concretos: definir un calendario de transferencia de competencias, segmentar los perfiles seg\u00fan la experiencia, implicar al personal senior en tareas de tutor\u00eda y crear un repositorio de contenidos espec\u00edficos. Todas ellas son palancas que pueden utilizarse para garantizar la longevidad de los conocimientos t\u00e9cnicos, facilitando al mismo tiempo la renovaci\u00f3n de los equipos. <\/p><p>Para explorar estrategias avanzadas de anticipaci\u00f3n de las salidas de altos cargos en finanzas, la plataforma ofrece recursos espec\u00edficos, que facilitan la comparaci\u00f3n de las mejores pr\u00e1cticas en las empresas y la aplicaci\u00f3n de modelos probados<a href=\"https:\/\/www.alumni.space\/es\/jubilaciones-que-estrategias-para-la-gestion-del-conocimiento\/\">(m\u00e1s informaci\u00f3n<\/a>).<\/p>","protected":false},"excerpt":{"rendered":"<p>El horizonte de 2030 anuncia grandes trastornos en el panorama  [&#8230;]<\/p>\n","protected":false},"author":1,"featured_media":6721,"comment_status":"closed","ping_status":"","sticky":false,"template":"","format":"standard","meta":{"_ayudawp_aiss_exclude":false,"footnotes":""},"categories":[75],"tags":[],"class_list":["post-6720","post","type-post","status-publish","format-standard","has-post-thumbnail","hentry","category-recursos-humanos"],"yoast_head":"<!-- This site is optimized with the Yoast SEO plugin v27.4 - https:\/\/yoast.com\/product\/yoast-seo-wordpress\/ -->\n<title>Jubilaciones masivas: retos para las profesiones financieras<\/title>\n<meta name=\"description\" content=\"Jubilaciones masivas: inf\u00f3rmate de los principales problemas e impactos en las profesiones financieras y de las soluciones que hay que prever.\" \/>\n<meta name=\"robots\" content=\"index, follow, max-snippet:-1, max-image-preview:large, max-video-preview:-1\" \/>\n<link rel=\"canonical\" href=\"https:\/\/www.alumni.space\/es\/jubilaciones-masivas-que-impacto-tendran-en-las-profesiones-financieras\/\" \/>\n<meta property=\"og:locale\" content=\"es_ES\" \/>\n<meta property=\"og:type\" content=\"article\" \/>\n<meta property=\"og:title\" content=\"Jubilaciones masivas: retos para las profesiones financieras\" \/>\n<meta property=\"og:description\" content=\"Jubilaciones masivas: inf\u00f3rmate de los principales problemas e impactos en las profesiones financieras y de las soluciones que hay que prever.\" \/>\n<meta property=\"og:url\" content=\"https:\/\/www.alumni.space\/es\/jubilaciones-masivas-que-impacto-tendran-en-las-profesiones-financieras\/\" \/>\n<meta property=\"og:site_name\" content=\"Alumni.space\" \/>\n<meta property=\"article:published_time\" content=\"2026-01-30T14:08:08+00:00\" \/>\n<meta property=\"article:modified_time\" content=\"2026-04-02T09:19:49+00:00\" \/>\n<meta property=\"og:image\" content=\"https:\/\/www.alumni.space\/wp-content\/uploads\/2026\/03\/Departs-massifs-a-la-retraite-quels-impacts-pour-les-metiers-de-la-finance-.jpg\" \/>\n\t<meta property=\"og:image:width\" content=\"1280\" \/>\n\t<meta property=\"og:image:height\" content=\"768\" \/>\n\t<meta property=\"og:image:type\" content=\"image\/jpeg\" \/>\n<meta name=\"author\" content=\"admin\" \/>\n<meta name=\"twitter:card\" content=\"summary_large_image\" \/>\n<meta name=\"twitter:label1\" content=\"Escrito por\" \/>\n\t<meta name=\"twitter:data1\" content=\"admin\" \/>\n\t<meta name=\"twitter:label2\" content=\"Tiempo de lectura\" \/>\n\t<meta name=\"twitter:data2\" content=\"4 minutos\" \/>\n<script type=\"application\/ld+json\" class=\"yoast-schema-graph\">{\"@context\":\"https:\\\/\\\/schema.org\",\"@graph\":[{\"@type\":\"Article\",\"@id\":\"https:\\\/\\\/www.alumni.space\\\/es\\\/jubilaciones-masivas-que-impacto-tendran-en-las-profesiones-financieras\\\/#article\",\"isPartOf\":{\"@id\":\"https:\\\/\\\/www.alumni.space\\\/es\\\/jubilaciones-masivas-que-impacto-tendran-en-las-profesiones-financieras\\\/\"},\"author\":{\"name\":\"admin\",\"@id\":\"https:\\\/\\\/www.alumni.space\\\/es\\\/#\\\/schema\\\/person\\\/fede362a57876edda476a61f05ce5b15\"},\"headline\":\"Jubilaciones masivas: \u00bfqu\u00e9 impacto tendr\u00e1n en las profesiones financieras?\",\"datePublished\":\"2026-01-30T14:08:08+00:00\",\"dateModified\":\"2026-04-02T09:19:49+00:00\",\"mainEntityOfPage\":{\"@id\":\"https:\\\/\\\/www.alumni.space\\\/es\\\/jubilaciones-masivas-que-impacto-tendran-en-las-profesiones-financieras\\\/\"},\"wordCount\":762,\"image\":{\"@id\":\"https:\\\/\\\/www.alumni.space\\\/es\\\/jubilaciones-masivas-que-impacto-tendran-en-las-profesiones-financieras\\\/#primaryimage\"},\"thumbnailUrl\":\"https:\\\/\\\/www.alumni.space\\\/wp-content\\\/uploads\\\/2026\\\/03\\\/Departs-massifs-a-la-retraite-quels-impacts-pour-les-metiers-de-la-finance-.jpg\",\"articleSection\":[\"Recursos Humanos\"],\"inLanguage\":\"es\"},{\"@type\":\"WebPage\",\"@id\":\"https:\\\/\\\/www.alumni.space\\\/es\\\/jubilaciones-masivas-que-impacto-tendran-en-las-profesiones-financieras\\\/\",\"url\":\"https:\\\/\\\/www.alumni.space\\\/es\\\/jubilaciones-masivas-que-impacto-tendran-en-las-profesiones-financieras\\\/\",\"name\":\"Jubilaciones masivas: retos para las profesiones financieras\",\"isPartOf\":{\"@id\":\"https:\\\/\\\/www.alumni.space\\\/es\\\/#website\"},\"primaryImageOfPage\":{\"@id\":\"https:\\\/\\\/www.alumni.space\\\/es\\\/jubilaciones-masivas-que-impacto-tendran-en-las-profesiones-financieras\\\/#primaryimage\"},\"image\":{\"@id\":\"https:\\\/\\\/www.alumni.space\\\/es\\\/jubilaciones-masivas-que-impacto-tendran-en-las-profesiones-financieras\\\/#primaryimage\"},\"thumbnailUrl\":\"https:\\\/\\\/www.alumni.space\\\/wp-content\\\/uploads\\\/2026\\\/03\\\/Departs-massifs-a-la-retraite-quels-impacts-pour-les-metiers-de-la-finance-.jpg\",\"datePublished\":\"2026-01-30T14:08:08+00:00\",\"dateModified\":\"2026-04-02T09:19:49+00:00\",\"author\":{\"@id\":\"https:\\\/\\\/www.alumni.space\\\/es\\\/#\\\/schema\\\/person\\\/fede362a57876edda476a61f05ce5b15\"},\"description\":\"Jubilaciones masivas: inf\u00f3rmate de los principales problemas e impactos en las profesiones financieras y de las soluciones que hay que prever.\",\"breadcrumb\":{\"@id\":\"https:\\\/\\\/www.alumni.space\\\/es\\\/jubilaciones-masivas-que-impacto-tendran-en-las-profesiones-financieras\\\/#breadcrumb\"},\"inLanguage\":\"es\",\"potentialAction\":[{\"@type\":\"ReadAction\",\"target\":[\"https:\\\/\\\/www.alumni.space\\\/es\\\/jubilaciones-masivas-que-impacto-tendran-en-las-profesiones-financieras\\\/\"]}]},{\"@type\":\"ImageObject\",\"inLanguage\":\"es\",\"@id\":\"https:\\\/\\\/www.alumni.space\\\/es\\\/jubilaciones-masivas-que-impacto-tendran-en-las-profesiones-financieras\\\/#primaryimage\",\"url\":\"https:\\\/\\\/www.alumni.space\\\/wp-content\\\/uploads\\\/2026\\\/03\\\/Departs-massifs-a-la-retraite-quels-impacts-pour-les-metiers-de-la-finance-.jpg\",\"contentUrl\":\"https:\\\/\\\/www.alumni.space\\\/wp-content\\\/uploads\\\/2026\\\/03\\\/Departs-massifs-a-la-retraite-quels-impacts-pour-les-metiers-de-la-finance-.jpg\",\"width\":1280,\"height\":768,\"caption\":\"Averigua c\u00f3mo est\u00e1n afectando las jubilaciones masivas a las profesiones financieras y qu\u00e9 estrategias hay que adoptar para hacer frente a estos retos.\"},{\"@type\":\"BreadcrumbList\",\"@id\":\"https:\\\/\\\/www.alumni.space\\\/es\\\/jubilaciones-masivas-que-impacto-tendran-en-las-profesiones-financieras\\\/#breadcrumb\",\"itemListElement\":[{\"@type\":\"ListItem\",\"position\":1,\"name\":\"Home\",\"item\":\"https:\\\/\\\/www.alumni.space\\\/es\\\/plataforma-de-tutoria-y-gestion-de-antiguos-alumnos\\\/\"},{\"@type\":\"ListItem\",\"position\":2,\"name\":\"Jubilaciones masivas: \u00bfqu\u00e9 impacto tendr\u00e1n en las profesiones financieras?\"}]},{\"@type\":\"WebSite\",\"@id\":\"https:\\\/\\\/www.alumni.space\\\/es\\\/#website\",\"url\":\"https:\\\/\\\/www.alumni.space\\\/es\\\/\",\"name\":\"Alumni.space\",\"description\":\"My WordPress Blog\",\"potentialAction\":[{\"@type\":\"SearchAction\",\"target\":{\"@type\":\"EntryPoint\",\"urlTemplate\":\"https:\\\/\\\/www.alumni.space\\\/es\\\/?s={search_term_string}\"},\"query-input\":{\"@type\":\"PropertyValueSpecification\",\"valueRequired\":true,\"valueName\":\"search_term_string\"}}],\"inLanguage\":\"es\"},{\"@type\":\"Person\",\"@id\":\"https:\\\/\\\/www.alumni.space\\\/es\\\/#\\\/schema\\\/person\\\/fede362a57876edda476a61f05ce5b15\",\"name\":\"admin\",\"image\":{\"@type\":\"ImageObject\",\"inLanguage\":\"es\",\"@id\":\"https:\\\/\\\/secure.gravatar.com\\\/avatar\\\/318e234ae94f90d4d629428d6b983c08e31181c28f579e08a021180d759ea651?s=96&d=mm&r=g\",\"url\":\"https:\\\/\\\/secure.gravatar.com\\\/avatar\\\/318e234ae94f90d4d629428d6b983c08e31181c28f579e08a021180d759ea651?s=96&d=mm&r=g\",\"contentUrl\":\"https:\\\/\\\/secure.gravatar.com\\\/avatar\\\/318e234ae94f90d4d629428d6b983c08e31181c28f579e08a021180d759ea651?s=96&d=mm&r=g\",\"caption\":\"admin\"},\"description\":\"Nicolas Laustriat a construit sa sp\u00e9cialit\u00e9 sur un sujet que beaucoup d\u2019organisations d\u00e9couvrent trop tard : ce qui dispara\u00eet quand les gens partent. Dipl\u00f4m\u00e9 en conception de produit industriel, il bifurque vers le digital fin 1996, il couvre les transformations marques, RH, la fid\u00e9lisation, la marque employeur. Sur le terrain, il rep\u00e8re un angle mort r\u00e9current : l\u2019entreprise investit dans le recrutement, la formation, les process\u2026 puis laisse filer le lien au moment du d\u00e9part, avec une perte de savoir et d\u2019influence qui se paie en silence. Il se sp\u00e9cialise alors sur les communaut\u00e9s d\u2019alumni, le mentorat, l\u2019entraide interg\u00e9n\u00e9rationnelle et la transmission d\u2019expertise. Il passe du \u201cconstat\u201d aux m\u00e9thodes : animation, gouvernance, segmentation, rituels, mesure d\u2019engagement, articulation avec la RSE et l\u2019employabilit\u00e9. Il interviewe DRH, responsables formation, directions d\u2019\u00e9coles, associations et fondations, avec une obsession : transformer un r\u00e9seau dormant en m\u00e9canisme utile (cooptation, mentorat, job board, entraide, \u00e9v\u00e9nements, contenus). Son style : direct, orient\u00e9 action, sans folklore. Sa conviction : une communaut\u00e9 n\u2019a pas besoin de bruit, elle a besoin de raisons de revenir.\",\"sameAs\":[\"https:\\\/\\\/www.alumni.space\"]}]}<\/script>\n<!-- \/ Yoast SEO plugin. -->","yoast_head_json":{"title":"Jubilaciones masivas: retos para las profesiones financieras","description":"Jubilaciones masivas: inf\u00f3rmate de los principales problemas e impactos en las profesiones financieras y de las soluciones que hay que prever.","robots":{"index":"index","follow":"follow","max-snippet":"max-snippet:-1","max-image-preview":"max-image-preview:large","max-video-preview":"max-video-preview:-1"},"canonical":"https:\/\/www.alumni.space\/es\/jubilaciones-masivas-que-impacto-tendran-en-las-profesiones-financieras\/","og_locale":"es_ES","og_type":"article","og_title":"Jubilaciones masivas: retos para las profesiones financieras","og_description":"Jubilaciones masivas: inf\u00f3rmate de los principales problemas e impactos en las profesiones financieras y de las soluciones que hay que prever.","og_url":"https:\/\/www.alumni.space\/es\/jubilaciones-masivas-que-impacto-tendran-en-las-profesiones-financieras\/","og_site_name":"Alumni.space","article_published_time":"2026-01-30T14:08:08+00:00","article_modified_time":"2026-04-02T09:19:49+00:00","og_image":[{"width":1280,"height":768,"url":"https:\/\/www.alumni.space\/wp-content\/uploads\/2026\/03\/Departs-massifs-a-la-retraite-quels-impacts-pour-les-metiers-de-la-finance-.jpg","type":"image\/jpeg"}],"author":"admin","twitter_card":"summary_large_image","twitter_misc":{"Escrito por":"admin","Tiempo de lectura":"4 minutos"},"schema":{"@context":"https:\/\/schema.org","@graph":[{"@type":"Article","@id":"https:\/\/www.alumni.space\/es\/jubilaciones-masivas-que-impacto-tendran-en-las-profesiones-financieras\/#article","isPartOf":{"@id":"https:\/\/www.alumni.space\/es\/jubilaciones-masivas-que-impacto-tendran-en-las-profesiones-financieras\/"},"author":{"name":"admin","@id":"https:\/\/www.alumni.space\/es\/#\/schema\/person\/fede362a57876edda476a61f05ce5b15"},"headline":"Jubilaciones masivas: \u00bfqu\u00e9 impacto tendr\u00e1n en las profesiones financieras?","datePublished":"2026-01-30T14:08:08+00:00","dateModified":"2026-04-02T09:19:49+00:00","mainEntityOfPage":{"@id":"https:\/\/www.alumni.space\/es\/jubilaciones-masivas-que-impacto-tendran-en-las-profesiones-financieras\/"},"wordCount":762,"image":{"@id":"https:\/\/www.alumni.space\/es\/jubilaciones-masivas-que-impacto-tendran-en-las-profesiones-financieras\/#primaryimage"},"thumbnailUrl":"https:\/\/www.alumni.space\/wp-content\/uploads\/2026\/03\/Departs-massifs-a-la-retraite-quels-impacts-pour-les-metiers-de-la-finance-.jpg","articleSection":["Recursos Humanos"],"inLanguage":"es"},{"@type":"WebPage","@id":"https:\/\/www.alumni.space\/es\/jubilaciones-masivas-que-impacto-tendran-en-las-profesiones-financieras\/","url":"https:\/\/www.alumni.space\/es\/jubilaciones-masivas-que-impacto-tendran-en-las-profesiones-financieras\/","name":"Jubilaciones masivas: retos para las profesiones financieras","isPartOf":{"@id":"https:\/\/www.alumni.space\/es\/#website"},"primaryImageOfPage":{"@id":"https:\/\/www.alumni.space\/es\/jubilaciones-masivas-que-impacto-tendran-en-las-profesiones-financieras\/#primaryimage"},"image":{"@id":"https:\/\/www.alumni.space\/es\/jubilaciones-masivas-que-impacto-tendran-en-las-profesiones-financieras\/#primaryimage"},"thumbnailUrl":"https:\/\/www.alumni.space\/wp-content\/uploads\/2026\/03\/Departs-massifs-a-la-retraite-quels-impacts-pour-les-metiers-de-la-finance-.jpg","datePublished":"2026-01-30T14:08:08+00:00","dateModified":"2026-04-02T09:19:49+00:00","author":{"@id":"https:\/\/www.alumni.space\/es\/#\/schema\/person\/fede362a57876edda476a61f05ce5b15"},"description":"Jubilaciones masivas: inf\u00f3rmate de los principales problemas e impactos en las profesiones financieras y de las soluciones que hay que prever.","breadcrumb":{"@id":"https:\/\/www.alumni.space\/es\/jubilaciones-masivas-que-impacto-tendran-en-las-profesiones-financieras\/#breadcrumb"},"inLanguage":"es","potentialAction":[{"@type":"ReadAction","target":["https:\/\/www.alumni.space\/es\/jubilaciones-masivas-que-impacto-tendran-en-las-profesiones-financieras\/"]}]},{"@type":"ImageObject","inLanguage":"es","@id":"https:\/\/www.alumni.space\/es\/jubilaciones-masivas-que-impacto-tendran-en-las-profesiones-financieras\/#primaryimage","url":"https:\/\/www.alumni.space\/wp-content\/uploads\/2026\/03\/Departs-massifs-a-la-retraite-quels-impacts-pour-les-metiers-de-la-finance-.jpg","contentUrl":"https:\/\/www.alumni.space\/wp-content\/uploads\/2026\/03\/Departs-massifs-a-la-retraite-quels-impacts-pour-les-metiers-de-la-finance-.jpg","width":1280,"height":768,"caption":"Averigua c\u00f3mo est\u00e1n afectando las jubilaciones masivas a las profesiones financieras y qu\u00e9 estrategias hay que adoptar para hacer frente a estos retos."},{"@type":"BreadcrumbList","@id":"https:\/\/www.alumni.space\/es\/jubilaciones-masivas-que-impacto-tendran-en-las-profesiones-financieras\/#breadcrumb","itemListElement":[{"@type":"ListItem","position":1,"name":"Home","item":"https:\/\/www.alumni.space\/es\/plataforma-de-tutoria-y-gestion-de-antiguos-alumnos\/"},{"@type":"ListItem","position":2,"name":"Jubilaciones masivas: \u00bfqu\u00e9 impacto tendr\u00e1n en las profesiones financieras?"}]},{"@type":"WebSite","@id":"https:\/\/www.alumni.space\/es\/#website","url":"https:\/\/www.alumni.space\/es\/","name":"Alumni.space","description":"My WordPress Blog","potentialAction":[{"@type":"SearchAction","target":{"@type":"EntryPoint","urlTemplate":"https:\/\/www.alumni.space\/es\/?s={search_term_string}"},"query-input":{"@type":"PropertyValueSpecification","valueRequired":true,"valueName":"search_term_string"}}],"inLanguage":"es"},{"@type":"Person","@id":"https:\/\/www.alumni.space\/es\/#\/schema\/person\/fede362a57876edda476a61f05ce5b15","name":"admin","image":{"@type":"ImageObject","inLanguage":"es","@id":"https:\/\/secure.gravatar.com\/avatar\/318e234ae94f90d4d629428d6b983c08e31181c28f579e08a021180d759ea651?s=96&d=mm&r=g","url":"https:\/\/secure.gravatar.com\/avatar\/318e234ae94f90d4d629428d6b983c08e31181c28f579e08a021180d759ea651?s=96&d=mm&r=g","contentUrl":"https:\/\/secure.gravatar.com\/avatar\/318e234ae94f90d4d629428d6b983c08e31181c28f579e08a021180d759ea651?s=96&d=mm&r=g","caption":"admin"},"description":"Nicolas Laustriat a construit sa sp\u00e9cialit\u00e9 sur un sujet que beaucoup d\u2019organisations d\u00e9couvrent trop tard : ce qui dispara\u00eet quand les gens partent. Dipl\u00f4m\u00e9 en conception de produit industriel, il bifurque vers le digital fin 1996, il couvre les transformations marques, RH, la fid\u00e9lisation, la marque employeur. Sur le terrain, il rep\u00e8re un angle mort r\u00e9current : l\u2019entreprise investit dans le recrutement, la formation, les process\u2026 puis laisse filer le lien au moment du d\u00e9part, avec une perte de savoir et d\u2019influence qui se paie en silence. Il se sp\u00e9cialise alors sur les communaut\u00e9s d\u2019alumni, le mentorat, l\u2019entraide interg\u00e9n\u00e9rationnelle et la transmission d\u2019expertise. Il passe du \u201cconstat\u201d aux m\u00e9thodes : animation, gouvernance, segmentation, rituels, mesure d\u2019engagement, articulation avec la RSE et l\u2019employabilit\u00e9. Il interviewe DRH, responsables formation, directions d\u2019\u00e9coles, associations et fondations, avec une obsession : transformer un r\u00e9seau dormant en m\u00e9canisme utile (cooptation, mentorat, job board, entraide, \u00e9v\u00e9nements, contenus). Son style : direct, orient\u00e9 action, sans folklore. Sa conviction : une communaut\u00e9 n\u2019a pas besoin de bruit, elle a besoin de raisons de revenir.","sameAs":["https:\/\/www.alumni.space"]}]}},"_links":{"self":[{"href":"https:\/\/www.alumni.space\/es\/wp-json\/wp\/v2\/posts\/6720","targetHints":{"allow":["GET"]}}],"collection":[{"href":"https:\/\/www.alumni.space\/es\/wp-json\/wp\/v2\/posts"}],"about":[{"href":"https:\/\/www.alumni.space\/es\/wp-json\/wp\/v2\/types\/post"}],"author":[{"embeddable":true,"href":"https:\/\/www.alumni.space\/es\/wp-json\/wp\/v2\/users\/1"}],"replies":[{"embeddable":true,"href":"https:\/\/www.alumni.space\/es\/wp-json\/wp\/v2\/comments?post=6720"}],"version-history":[{"count":2,"href":"https:\/\/www.alumni.space\/es\/wp-json\/wp\/v2\/posts\/6720\/revisions"}],"predecessor-version":[{"id":6724,"href":"https:\/\/www.alumni.space\/es\/wp-json\/wp\/v2\/posts\/6720\/revisions\/6724"}],"wp:featuredmedia":[{"embeddable":true,"href":"https:\/\/www.alumni.space\/es\/wp-json\/wp\/v2\/media\/6721"}],"wp:attachment":[{"href":"https:\/\/www.alumni.space\/es\/wp-json\/wp\/v2\/media?parent=6720"}],"wp:term":[{"taxonomy":"category","embeddable":true,"href":"https:\/\/www.alumni.space\/es\/wp-json\/wp\/v2\/categories?post=6720"},{"taxonomy":"post_tag","embeddable":true,"href":"https:\/\/www.alumni.space\/es\/wp-json\/wp\/v2\/tags?post=6720"}],"curies":[{"name":"wp","href":"https:\/\/api.w.org\/{rel}","templated":true}]}}