{"id":6032,"date":"2026-01-29T03:18:32","date_gmt":"2026-01-29T03:18:32","guid":{"rendered":"https:\/\/www.alumni.space\/la-industria-vitivinicola-frente-a-la-piramide-de-edad\/"},"modified":"2026-03-28T10:44:10","modified_gmt":"2026-03-28T10:44:10","slug":"la-industria-vitivinicola-frente-a-la-piramide-de-edad","status":"publish","type":"post","link":"https:\/\/www.alumni.space\/es\/la-industria-vitivinicola-frente-a-la-piramide-de-edad\/","title":{"rendered":"La industria vitivin\u00edcola frente a la pir\u00e1mide de edad"},"content":{"rendered":"<div id=\"ez-toc-container\" class=\"ez-toc-v2_0_82_2 counter-flat ez-toc-counter ez-toc-grey ez-toc-container-direction\">\n<div class=\"ez-toc-title-container\"><p class=\"ez-toc-title\" style=\"cursor:inherit\">En este art\u00edculo se trata lo siguiente:<\/p>\n<\/div><nav><ul class='ez-toc-list ez-toc-list-level-1 ' ><li class='ez-toc-page-1'><a class=\"ez-toc-link ez-toc-heading-1\" href=\"https:\/\/www.alumni.space\/es\/la-industria-vitivinicola-frente-a-la-piramide-de-edad\/#El_sector_vitivinicola_ante_los_retos_demograficos_y_la_piramide_de_edad\" >El sector vitivin\u00edcola ante los retos demogr\u00e1ficos y la pir\u00e1mide de edad<\/a><\/li><li class='ez-toc-page-1'><a class=\"ez-toc-link ez-toc-heading-2\" href=\"https:\/\/www.alumni.space\/es\/la-industria-vitivinicola-frente-a-la-piramide-de-edad\/#Numero_limitado_de_jovenes_viticultores_para_hacer_frente_al_envejecimiento_de_la_poblacion\" >N\u00famero limitado de j\u00f3venes viticultores para hacer frente al envejecimiento de la poblaci\u00f3n<\/a><\/li><li class='ez-toc-page-1'><a class=\"ez-toc-link ez-toc-heading-3\" href=\"https:\/\/www.alumni.space\/es\/la-industria-vitivinicola-frente-a-la-piramide-de-edad\/#La_transmision_del_saber_hacer_y_del_capital_una_cuestion_crucial_para_el_sector_vitivinicola\" >La transmisi\u00f3n del saber hacer y del capital: una cuesti\u00f3n crucial para el sector vitivin\u00edcola<\/a><\/li><li class='ez-toc-page-1'><a class=\"ez-toc-link ez-toc-heading-4\" href=\"https:\/\/www.alumni.space\/es\/la-industria-vitivinicola-frente-a-la-piramide-de-edad\/#%C2%BFComo_esta_adaptando_el_sector_vitivinicola_su_gobernanza_a_la_piramide_de_edad\" >\u00bfC\u00f3mo est\u00e1 adaptando el sector vitivin\u00edcola su gobernanza a la pir\u00e1mide de edad?<\/a><\/li><li class='ez-toc-page-1'><a class=\"ez-toc-link ez-toc-heading-5\" href=\"https:\/\/www.alumni.space\/es\/la-industria-vitivinicola-frente-a-la-piramide-de-edad\/#Iniciativas_innovadoras_para_anticiparse_a_las_bajas_y_apoyar_la_renovacion\" >Iniciativas innovadoras para anticiparse a las bajas y apoyar la renovaci\u00f3n<\/a><\/li><li class='ez-toc-page-1'><a class=\"ez-toc-link ez-toc-heading-6\" href=\"https:\/\/www.alumni.space\/es\/la-industria-vitivinicola-frente-a-la-piramide-de-edad\/#El_futuro_del_vinedo_gestionar_la_transicion_generacional_a_traves_de_la_tecnologia_y_la_red\" >El futuro del vi\u00f1edo: gestionar la transici\u00f3n generacional a trav\u00e9s de la tecnolog\u00eda y la red<\/a><\/li><\/ul><\/nav><\/div>\n<h2 class=\"wp-block-heading\"><span class=\"ez-toc-section\" id=\"El_sector_vitivinicola_ante_los_retos_demograficos_y_la_piramide_de_edad\"><\/span>El sector vitivin\u00edcola ante los retos demogr\u00e1ficos y la pir\u00e1mide de edad<span class=\"ez-toc-section-end\"><\/span><\/h2><p>El sector vitivin\u00edcola se enfrenta actualmente a un gran reto: el acusado envejecimiento de su mano de obra. Con un elevado \u00edndice de jubilaciones y un relevo generacional insuficiente, la estructura demogr\u00e1fica de los viticultores se est\u00e1 convirtiendo en un obst\u00e1culo para el futuro de los vi\u00f1edos. Esta discrepancia amenaza la transferencia de conocimientos t\u00e9cnicos y socava la continuidad de las operaciones vit\u00edcolas.  <\/p><figure class=\"wp-block-image size-full\"><img decoding=\"async\" width=\"1280\" height=\"768\" src=\"https:\/\/www.alumni.space\/wp-content\/uploads\/2026\/03\/La-filiere-viticole-confrontee-a-la-pyramide-des-ages-1.jpg\" data-orig-src=\"https:\/\/www.alumni.space\/wp-content\/uploads\/2026\/03\/La-filiere-viticole-confrontee-a-la-pyramide-des-ages-1.jpg\" alt=\"Inf\u00f3rmate sobre los retos demogr\u00e1ficos a los que se enfrenta el sector vitivin\u00edcola ante la pir\u00e1mide de edad y los desaf\u00edos para garantizar su renovaci\u00f3n y sostenibilidad.\" class=\"lazyload wp-image-3186\" srcset=\"data:image\/svg+xml,%3Csvg%20xmlns%3D%27http%3A%2F%2Fwww.w3.org%2F2000%2Fsvg%27%20width%3D%271280%27%20height%3D%27768%27%20viewBox%3D%270%200%201280%20768%27%3E%3Crect%20width%3D%271280%27%20height%3D%27768%27%20fill-opacity%3D%220%22%2F%3E%3C%2Fsvg%3E\" data-srcset=\"https:\/\/www.alumni.space\/wp-content\/uploads\/2026\/03\/La-filiere-viticole-confrontee-a-la-pyramide-des-ages-1-200x120.jpg 200w, https:\/\/www.alumni.space\/wp-content\/uploads\/2026\/03\/La-filiere-viticole-confrontee-a-la-pyramide-des-ages-1-300x180.jpg 300w, https:\/\/www.alumni.space\/wp-content\/uploads\/2026\/03\/La-filiere-viticole-confrontee-a-la-pyramide-des-ages-1-400x240.jpg 400w, https:\/\/www.alumni.space\/wp-content\/uploads\/2026\/03\/La-filiere-viticole-confrontee-a-la-pyramide-des-ages-1-600x360.jpg 600w, https:\/\/www.alumni.space\/wp-content\/uploads\/2026\/03\/La-filiere-viticole-confrontee-a-la-pyramide-des-ages-1-768x461.jpg 768w, https:\/\/www.alumni.space\/wp-content\/uploads\/2026\/03\/La-filiere-viticole-confrontee-a-la-pyramide-des-ages-1-800x480.jpg 800w, https:\/\/www.alumni.space\/wp-content\/uploads\/2026\/03\/La-filiere-viticole-confrontee-a-la-pyramide-des-ages-1-1024x614.jpg 1024w, https:\/\/www.alumni.space\/wp-content\/uploads\/2026\/03\/La-filiere-viticole-confrontee-a-la-pyramide-des-ages-1-1200x720.jpg 1200w, https:\/\/www.alumni.space\/wp-content\/uploads\/2026\/03\/La-filiere-viticole-confrontee-a-la-pyramide-des-ages-1.jpg 1280w\" data-sizes=\"auto\" data-orig-sizes=\"(max-width: 1280px) 100vw, 1280px\" \/><\/figure><h3 class=\"wp-block-heading\"><span class=\"ez-toc-section\" id=\"Numero_limitado_de_jovenes_viticultores_para_hacer_frente_al_envejecimiento_de_la_poblacion\"><\/span>N\u00famero limitado de j\u00f3venes viticultores para hacer frente al envejecimiento de la poblaci\u00f3n<span class=\"ez-toc-section-end\"><\/span><\/h3><p>Los principales operadores del sector vitivin\u00edcola est\u00e1n a punto de jubilarse. Esta poblaci\u00f3n envejecida no siempre es capaz de encontrar j\u00f3venes que tomen el relevo, ya que su inter\u00e9s por la profesi\u00f3n cambia y se centra en vol\u00famenes menores o en pautas de consumo diferentes. Esto afecta a la renovaci\u00f3n generacional, acentuando la asimetr\u00eda de la pir\u00e1mide de edad.  <\/p><p>Los reci\u00e9n llegados suelen preferir vinos espumosos ligeros o rosados, menos exigentes en volumen que los tintos tradicionales. En consecuencia, aumenta la presi\u00f3n sobre las explotaciones familiares, sobre todo en las zonas dif\u00edciles, donde el rendimiento de la inversi\u00f3n parece incierto. Esta situaci\u00f3n refleja un desequilibrio que podr\u00eda resultar cr\u00edtico para la gesti\u00f3n a largo plazo de los terru\u00f1os.  <\/p><h3 class=\"wp-block-heading\"><span class=\"ez-toc-section\" id=\"La_transmision_del_saber_hacer_y_del_capital_una_cuestion_crucial_para_el_sector_vitivinicola\"><\/span>La transmisi\u00f3n del saber hacer y del capital: una cuesti\u00f3n crucial para el sector vitivin\u00edcola<span class=\"ez-toc-section-end\"><\/span><\/h3><p>La desaparici\u00f3n progresiva de operadores experimentados supone un riesgo importante de p\u00e9rdida de experiencia y competencias. Por tanto, la eficacia de los procesos de transmisi\u00f3n y tutor\u00eda se convierte en una palanca esencial para garantizar la continuidad. El reto consiste en poner en marcha estrategias que optimicen la cooptaci\u00f3n y la integraci\u00f3n de los j\u00f3venes viticultores, manteniendo al mismo tiempo la excelencia de las pr\u00e1cticas.  <\/p><p>La digitalizaci\u00f3n de los intercambios y la gesti\u00f3n estructurada de las comunidades profesionales desempe\u00f1an un papel clave en este contexto. Las plataformas SaaS dedicadas al trabajo en red, como <a href=\"https:\/\/www.alumni.space\/es\/piramide-de-edad-un-reto-subestimado-para-las-profesiones-tecnicas\/\">esta soluci\u00f3n<\/a>, permiten seguir y anticipar los cambios en la pir\u00e1mide de edad. Tambi\u00e9n facilitan el intercambio de informaci\u00f3n y la formaci\u00f3n continua entre generaciones.  <\/p><h2 class=\"wp-block-heading\"><span class=\"ez-toc-section\" id=\"%C2%BFComo_esta_adaptando_el_sector_vitivinicola_su_gobernanza_a_la_piramide_de_edad\"><\/span>\u00bfC\u00f3mo est\u00e1 adaptando el sector vitivin\u00edcola su gobernanza a la pir\u00e1mide de edad?<span class=\"ez-toc-section-end\"><\/span><\/h2><p>Ante esta compleja demograf\u00eda, los responsables pol\u00edticos deben replantearse la gobernanza y la gesti\u00f3n de las explotaciones. Hay que reforzar el esp\u00edritu comunitario, con un mayor compromiso de los implicados para limitar la p\u00e9rdida de conocimientos y fomentar los v\u00ednculos intergeneracionales. Unos indicadores precisos y un seguimiento regular permitir\u00e1n adoptar medidas adaptadas a la situaci\u00f3n sobre el terreno.  <\/p><p>Cr\u00e9dit Agricole, uno de los principales socios del sector, apoya activamente estas iniciativas. En particular, contribuye a aliviar la tesorer\u00eda de las explotaciones con dificultades, facilitando as\u00ed su transici\u00f3n y preparando su jubilaci\u00f3n. Este enfoque se completa con un plan de arranque financiado con 120 millones de euros, que ofrece a los profesionales el margen de maniobra necesario para realizar ajustes estrat\u00e9gicos en las superficies cultivadas.  <\/p><h3 class=\"wp-block-heading\"><span class=\"ez-toc-section\" id=\"Iniciativas_innovadoras_para_anticiparse_a_las_bajas_y_apoyar_la_renovacion\"><\/span>Iniciativas innovadoras para anticiparse a las bajas y apoyar la renovaci\u00f3n<span class=\"ez-toc-section-end\"><\/span><\/h3><p>Para asegurar la pr\u00f3xima generaci\u00f3n de viticultores, el sector puede apoyarse en programas de desarrollo comunitario que re\u00fanan a mentores experimentados y a j\u00f3venes viticultores. Estas pr\u00e1cticas contribuyen a reforzar el sentimiento de pertenencia y la movilizaci\u00f3n en torno a la profesi\u00f3n. El desarrollo de contenidos especializados, la celebraci\u00f3n de actos espec\u00edficos y la oferta de cursos de tutor\u00eda son respuestas operativas a la crisis demogr\u00e1fica.  <\/p><p>Los equipos de recursos humanos, sobre todo en las organizaciones de formaci\u00f3n, utilizan potentes herramientas para anticiparse a los cambios en la plantilla y establecer rituales de apoyo. Adem\u00e1s de acelerar la integraci\u00f3n profesional, este m\u00e9todo reduce los riesgos asociados a las salidas imprevistas. <\/p><h2 class=\"wp-block-heading\"><span class=\"ez-toc-section\" id=\"El_futuro_del_vinedo_gestionar_la_transicion_generacional_a_traves_de_la_tecnologia_y_la_red\"><\/span>El futuro del vi\u00f1edo: gestionar la transici\u00f3n generacional a trav\u00e9s de la tecnolog\u00eda y la red<span class=\"ez-toc-section-end\"><\/span><\/h2><p>Controlar la pir\u00e1mide de edad requiere inevitablemente una gesti\u00f3n rigurosa basada en indicadores clave adecuados. Conocer la distribuci\u00f3n precisa de la mano de obra, medir la tasa de transferencias de las explotaciones y analizar el perfil de los reci\u00e9n llegados son pasos fundamentales. Este enfoque hace m\u00e1s segura la gobernanza y reduce los costes ocultos asociados a la p\u00e9rdida de competencias o a la escasa integraci\u00f3n de los j\u00f3venes.  <\/p><p>Es esencial industrializar estos procesos a trav\u00e9s de una plataforma \u00fanica y colaborativa. La multiplicaci\u00f3n de herramientas dispersas supone una importante p\u00e9rdida de tiempo y ralentiza el compromiso a largo plazo de los agentes implicados. <a href=\"https:\/\/www.alumni.space\/es\/como-pueden-los-departamentos-de-rrhh-anticiparse-a-la-piramide-de-edad\/\">Los profesionales de los recursos humanos<\/a> confirman que la centralizaci\u00f3n de los datos optimiza la gesti\u00f3n y facilita la toma de decisiones estrat\u00e9gicas, en particular para el sector vitivin\u00edcola. <\/p>","protected":false},"excerpt":{"rendered":"<p>El sector vitivin\u00edcola ante los retos demogr\u00e1ficos y la pir\u00e1mide  [&#8230;]<\/p>\n","protected":false},"author":1,"featured_media":6034,"comment_status":"closed","ping_status":"closed","sticky":false,"template":"","format":"standard","meta":{"_ayudawp_aiss_exclude":false,"footnotes":""},"categories":[75],"tags":[],"class_list":["post-6032","post","type-post","status-publish","format-standard","has-post-thumbnail","hentry","category-recursos-humanos"],"yoast_head":"<!-- This site is optimized with the Yoast SEO plugin v27.4 - https:\/\/yoast.com\/product\/yoast-seo-wordpress\/ -->\n<title>La viticultura se enfrenta al reto de la pir\u00e1mide de edad<\/title>\n<meta name=\"description\" content=\"Descubre c\u00f3mo la industria vitivin\u00edcola est\u00e1 afrontando el reto de la pir\u00e1mide de edad y prepar\u00e1ndose para un futuro sostenible.\" \/>\n<meta name=\"robots\" content=\"index, follow, max-snippet:-1, max-image-preview:large, max-video-preview:-1\" \/>\n<link rel=\"canonical\" href=\"https:\/\/www.alumni.space\/es\/la-industria-vitivinicola-frente-a-la-piramide-de-edad\/\" \/>\n<meta property=\"og:locale\" content=\"es_ES\" \/>\n<meta property=\"og:type\" content=\"article\" \/>\n<meta property=\"og:title\" content=\"La viticultura se enfrenta al reto de la pir\u00e1mide de edad\" \/>\n<meta property=\"og:description\" content=\"Descubre c\u00f3mo la industria vitivin\u00edcola est\u00e1 afrontando el reto de la pir\u00e1mide de edad y prepar\u00e1ndose para un futuro sostenible.\" \/>\n<meta property=\"og:url\" content=\"https:\/\/www.alumni.space\/es\/la-industria-vitivinicola-frente-a-la-piramide-de-edad\/\" \/>\n<meta property=\"og:site_name\" content=\"Alumni.space\" \/>\n<meta property=\"article:published_time\" content=\"2026-01-29T03:18:32+00:00\" \/>\n<meta property=\"article:modified_time\" content=\"2026-03-28T10:44:10+00:00\" \/>\n<meta property=\"og:image\" content=\"https:\/\/www.alumni.space\/wp-content\/uploads\/2026\/03\/La-filiere-viticole-confrontee-a-la-pyramide-des-ages.jpg\" \/>\n\t<meta property=\"og:image:width\" content=\"1280\" \/>\n\t<meta property=\"og:image:height\" content=\"768\" \/>\n\t<meta property=\"og:image:type\" content=\"image\/jpeg\" \/>\n<meta name=\"author\" content=\"admin\" \/>\n<meta name=\"twitter:card\" content=\"summary_large_image\" \/>\n<meta name=\"twitter:label1\" content=\"Escrito por\" \/>\n\t<meta name=\"twitter:data1\" content=\"admin\" \/>\n\t<meta name=\"twitter:label2\" content=\"Tiempo de lectura\" \/>\n\t<meta name=\"twitter:data2\" content=\"4 minutos\" \/>\n<script type=\"application\/ld+json\" class=\"yoast-schema-graph\">{\"@context\":\"https:\\\/\\\/schema.org\",\"@graph\":[{\"@type\":\"Article\",\"@id\":\"https:\\\/\\\/www.alumni.space\\\/es\\\/la-industria-vitivinicola-frente-a-la-piramide-de-edad\\\/#article\",\"isPartOf\":{\"@id\":\"https:\\\/\\\/www.alumni.space\\\/es\\\/la-industria-vitivinicola-frente-a-la-piramide-de-edad\\\/\"},\"author\":{\"name\":\"admin\",\"@id\":\"https:\\\/\\\/www.alumni.space\\\/es\\\/#\\\/schema\\\/person\\\/fede362a57876edda476a61f05ce5b15\"},\"headline\":\"La industria vitivin\u00edcola frente a la pir\u00e1mide de edad\",\"datePublished\":\"2026-01-29T03:18:32+00:00\",\"dateModified\":\"2026-03-28T10:44:10+00:00\",\"mainEntityOfPage\":{\"@id\":\"https:\\\/\\\/www.alumni.space\\\/es\\\/la-industria-vitivinicola-frente-a-la-piramide-de-edad\\\/\"},\"wordCount\":858,\"image\":{\"@id\":\"https:\\\/\\\/www.alumni.space\\\/es\\\/la-industria-vitivinicola-frente-a-la-piramide-de-edad\\\/#primaryimage\"},\"thumbnailUrl\":\"https:\\\/\\\/www.alumni.space\\\/wp-content\\\/uploads\\\/2026\\\/03\\\/La-filiere-viticole-confrontee-a-la-pyramide-des-ages.jpg\",\"articleSection\":[\"Recursos Humanos\"],\"inLanguage\":\"es\"},{\"@type\":\"WebPage\",\"@id\":\"https:\\\/\\\/www.alumni.space\\\/es\\\/la-industria-vitivinicola-frente-a-la-piramide-de-edad\\\/\",\"url\":\"https:\\\/\\\/www.alumni.space\\\/es\\\/la-industria-vitivinicola-frente-a-la-piramide-de-edad\\\/\",\"name\":\"La viticultura se enfrenta al reto de la pir\u00e1mide de edad\",\"isPartOf\":{\"@id\":\"https:\\\/\\\/www.alumni.space\\\/es\\\/#website\"},\"primaryImageOfPage\":{\"@id\":\"https:\\\/\\\/www.alumni.space\\\/es\\\/la-industria-vitivinicola-frente-a-la-piramide-de-edad\\\/#primaryimage\"},\"image\":{\"@id\":\"https:\\\/\\\/www.alumni.space\\\/es\\\/la-industria-vitivinicola-frente-a-la-piramide-de-edad\\\/#primaryimage\"},\"thumbnailUrl\":\"https:\\\/\\\/www.alumni.space\\\/wp-content\\\/uploads\\\/2026\\\/03\\\/La-filiere-viticole-confrontee-a-la-pyramide-des-ages.jpg\",\"datePublished\":\"2026-01-29T03:18:32+00:00\",\"dateModified\":\"2026-03-28T10:44:10+00:00\",\"author\":{\"@id\":\"https:\\\/\\\/www.alumni.space\\\/es\\\/#\\\/schema\\\/person\\\/fede362a57876edda476a61f05ce5b15\"},\"description\":\"Descubre c\u00f3mo la industria vitivin\u00edcola est\u00e1 afrontando el reto de la pir\u00e1mide de edad y prepar\u00e1ndose para un futuro sostenible.\",\"breadcrumb\":{\"@id\":\"https:\\\/\\\/www.alumni.space\\\/es\\\/la-industria-vitivinicola-frente-a-la-piramide-de-edad\\\/#breadcrumb\"},\"inLanguage\":\"es\",\"potentialAction\":[{\"@type\":\"ReadAction\",\"target\":[\"https:\\\/\\\/www.alumni.space\\\/es\\\/la-industria-vitivinicola-frente-a-la-piramide-de-edad\\\/\"]}]},{\"@type\":\"ImageObject\",\"inLanguage\":\"es\",\"@id\":\"https:\\\/\\\/www.alumni.space\\\/es\\\/la-industria-vitivinicola-frente-a-la-piramide-de-edad\\\/#primaryimage\",\"url\":\"https:\\\/\\\/www.alumni.space\\\/wp-content\\\/uploads\\\/2026\\\/03\\\/La-filiere-viticole-confrontee-a-la-pyramide-des-ages.jpg\",\"contentUrl\":\"https:\\\/\\\/www.alumni.space\\\/wp-content\\\/uploads\\\/2026\\\/03\\\/La-filiere-viticole-confrontee-a-la-pyramide-des-ages.jpg\",\"width\":1280,\"height\":768,\"caption\":\"Inf\u00f3rmate sobre los retos a los que se enfrenta la industria vitivin\u00edcola ante la pir\u00e1mide de edad y las soluciones que se est\u00e1n estudiando para garantizar el relevo generacional y el futuro a largo plazo del sector.\"},{\"@type\":\"BreadcrumbList\",\"@id\":\"https:\\\/\\\/www.alumni.space\\\/es\\\/la-industria-vitivinicola-frente-a-la-piramide-de-edad\\\/#breadcrumb\",\"itemListElement\":[{\"@type\":\"ListItem\",\"position\":1,\"name\":\"Home\",\"item\":\"https:\\\/\\\/www.alumni.space\\\/es\\\/plataforma-de-tutoria-y-gestion-de-antiguos-alumnos\\\/\"},{\"@type\":\"ListItem\",\"position\":2,\"name\":\"La industria vitivin\u00edcola frente a la pir\u00e1mide de edad\"}]},{\"@type\":\"WebSite\",\"@id\":\"https:\\\/\\\/www.alumni.space\\\/es\\\/#website\",\"url\":\"https:\\\/\\\/www.alumni.space\\\/es\\\/\",\"name\":\"Alumni.space\",\"description\":\"My WordPress Blog\",\"potentialAction\":[{\"@type\":\"SearchAction\",\"target\":{\"@type\":\"EntryPoint\",\"urlTemplate\":\"https:\\\/\\\/www.alumni.space\\\/es\\\/?s={search_term_string}\"},\"query-input\":{\"@type\":\"PropertyValueSpecification\",\"valueRequired\":true,\"valueName\":\"search_term_string\"}}],\"inLanguage\":\"es\"},{\"@type\":\"Person\",\"@id\":\"https:\\\/\\\/www.alumni.space\\\/es\\\/#\\\/schema\\\/person\\\/fede362a57876edda476a61f05ce5b15\",\"name\":\"admin\",\"image\":{\"@type\":\"ImageObject\",\"inLanguage\":\"es\",\"@id\":\"https:\\\/\\\/secure.gravatar.com\\\/avatar\\\/318e234ae94f90d4d629428d6b983c08e31181c28f579e08a021180d759ea651?s=96&d=mm&r=g\",\"url\":\"https:\\\/\\\/secure.gravatar.com\\\/avatar\\\/318e234ae94f90d4d629428d6b983c08e31181c28f579e08a021180d759ea651?s=96&d=mm&r=g\",\"contentUrl\":\"https:\\\/\\\/secure.gravatar.com\\\/avatar\\\/318e234ae94f90d4d629428d6b983c08e31181c28f579e08a021180d759ea651?s=96&d=mm&r=g\",\"caption\":\"admin\"},\"description\":\"Nicolas Laustriat a construit sa sp\u00e9cialit\u00e9 sur un sujet que beaucoup d\u2019organisations d\u00e9couvrent trop tard : ce qui dispara\u00eet quand les gens partent. Dipl\u00f4m\u00e9 en conception de produit industriel, il bifurque vers le digital fin 1996, il couvre les transformations marques, RH, la fid\u00e9lisation, la marque employeur. Sur le terrain, il rep\u00e8re un angle mort r\u00e9current : l\u2019entreprise investit dans le recrutement, la formation, les process\u2026 puis laisse filer le lien au moment du d\u00e9part, avec une perte de savoir et d\u2019influence qui se paie en silence. Il se sp\u00e9cialise alors sur les communaut\u00e9s d\u2019alumni, le mentorat, l\u2019entraide interg\u00e9n\u00e9rationnelle et la transmission d\u2019expertise. Il passe du \u201cconstat\u201d aux m\u00e9thodes : animation, gouvernance, segmentation, rituels, mesure d\u2019engagement, articulation avec la RSE et l\u2019employabilit\u00e9. Il interviewe DRH, responsables formation, directions d\u2019\u00e9coles, associations et fondations, avec une obsession : transformer un r\u00e9seau dormant en m\u00e9canisme utile (cooptation, mentorat, job board, entraide, \u00e9v\u00e9nements, contenus). Son style : direct, orient\u00e9 action, sans folklore. Sa conviction : une communaut\u00e9 n\u2019a pas besoin de bruit, elle a besoin de raisons de revenir.\",\"sameAs\":[\"https:\\\/\\\/www.alumni.space\"]}]}<\/script>\n<!-- \/ Yoast SEO plugin. -->","yoast_head_json":{"title":"La viticultura se enfrenta al reto de la pir\u00e1mide de edad","description":"Descubre c\u00f3mo la industria vitivin\u00edcola est\u00e1 afrontando el reto de la pir\u00e1mide de edad y prepar\u00e1ndose para un futuro sostenible.","robots":{"index":"index","follow":"follow","max-snippet":"max-snippet:-1","max-image-preview":"max-image-preview:large","max-video-preview":"max-video-preview:-1"},"canonical":"https:\/\/www.alumni.space\/es\/la-industria-vitivinicola-frente-a-la-piramide-de-edad\/","og_locale":"es_ES","og_type":"article","og_title":"La viticultura se enfrenta al reto de la pir\u00e1mide de edad","og_description":"Descubre c\u00f3mo la industria vitivin\u00edcola est\u00e1 afrontando el reto de la pir\u00e1mide de edad y prepar\u00e1ndose para un futuro sostenible.","og_url":"https:\/\/www.alumni.space\/es\/la-industria-vitivinicola-frente-a-la-piramide-de-edad\/","og_site_name":"Alumni.space","article_published_time":"2026-01-29T03:18:32+00:00","article_modified_time":"2026-03-28T10:44:10+00:00","og_image":[{"width":1280,"height":768,"url":"https:\/\/www.alumni.space\/wp-content\/uploads\/2026\/03\/La-filiere-viticole-confrontee-a-la-pyramide-des-ages.jpg","type":"image\/jpeg"}],"author":"admin","twitter_card":"summary_large_image","twitter_misc":{"Escrito por":"admin","Tiempo de lectura":"4 minutos"},"schema":{"@context":"https:\/\/schema.org","@graph":[{"@type":"Article","@id":"https:\/\/www.alumni.space\/es\/la-industria-vitivinicola-frente-a-la-piramide-de-edad\/#article","isPartOf":{"@id":"https:\/\/www.alumni.space\/es\/la-industria-vitivinicola-frente-a-la-piramide-de-edad\/"},"author":{"name":"admin","@id":"https:\/\/www.alumni.space\/es\/#\/schema\/person\/fede362a57876edda476a61f05ce5b15"},"headline":"La industria vitivin\u00edcola frente a la pir\u00e1mide de edad","datePublished":"2026-01-29T03:18:32+00:00","dateModified":"2026-03-28T10:44:10+00:00","mainEntityOfPage":{"@id":"https:\/\/www.alumni.space\/es\/la-industria-vitivinicola-frente-a-la-piramide-de-edad\/"},"wordCount":858,"image":{"@id":"https:\/\/www.alumni.space\/es\/la-industria-vitivinicola-frente-a-la-piramide-de-edad\/#primaryimage"},"thumbnailUrl":"https:\/\/www.alumni.space\/wp-content\/uploads\/2026\/03\/La-filiere-viticole-confrontee-a-la-pyramide-des-ages.jpg","articleSection":["Recursos Humanos"],"inLanguage":"es"},{"@type":"WebPage","@id":"https:\/\/www.alumni.space\/es\/la-industria-vitivinicola-frente-a-la-piramide-de-edad\/","url":"https:\/\/www.alumni.space\/es\/la-industria-vitivinicola-frente-a-la-piramide-de-edad\/","name":"La viticultura se enfrenta al reto de la pir\u00e1mide de edad","isPartOf":{"@id":"https:\/\/www.alumni.space\/es\/#website"},"primaryImageOfPage":{"@id":"https:\/\/www.alumni.space\/es\/la-industria-vitivinicola-frente-a-la-piramide-de-edad\/#primaryimage"},"image":{"@id":"https:\/\/www.alumni.space\/es\/la-industria-vitivinicola-frente-a-la-piramide-de-edad\/#primaryimage"},"thumbnailUrl":"https:\/\/www.alumni.space\/wp-content\/uploads\/2026\/03\/La-filiere-viticole-confrontee-a-la-pyramide-des-ages.jpg","datePublished":"2026-01-29T03:18:32+00:00","dateModified":"2026-03-28T10:44:10+00:00","author":{"@id":"https:\/\/www.alumni.space\/es\/#\/schema\/person\/fede362a57876edda476a61f05ce5b15"},"description":"Descubre c\u00f3mo la industria vitivin\u00edcola est\u00e1 afrontando el reto de la pir\u00e1mide de edad y prepar\u00e1ndose para un futuro sostenible.","breadcrumb":{"@id":"https:\/\/www.alumni.space\/es\/la-industria-vitivinicola-frente-a-la-piramide-de-edad\/#breadcrumb"},"inLanguage":"es","potentialAction":[{"@type":"ReadAction","target":["https:\/\/www.alumni.space\/es\/la-industria-vitivinicola-frente-a-la-piramide-de-edad\/"]}]},{"@type":"ImageObject","inLanguage":"es","@id":"https:\/\/www.alumni.space\/es\/la-industria-vitivinicola-frente-a-la-piramide-de-edad\/#primaryimage","url":"https:\/\/www.alumni.space\/wp-content\/uploads\/2026\/03\/La-filiere-viticole-confrontee-a-la-pyramide-des-ages.jpg","contentUrl":"https:\/\/www.alumni.space\/wp-content\/uploads\/2026\/03\/La-filiere-viticole-confrontee-a-la-pyramide-des-ages.jpg","width":1280,"height":768,"caption":"Inf\u00f3rmate sobre los retos a los que se enfrenta la industria vitivin\u00edcola ante la pir\u00e1mide de edad y las soluciones que se est\u00e1n estudiando para garantizar el relevo generacional y el futuro a largo plazo del sector."},{"@type":"BreadcrumbList","@id":"https:\/\/www.alumni.space\/es\/la-industria-vitivinicola-frente-a-la-piramide-de-edad\/#breadcrumb","itemListElement":[{"@type":"ListItem","position":1,"name":"Home","item":"https:\/\/www.alumni.space\/es\/plataforma-de-tutoria-y-gestion-de-antiguos-alumnos\/"},{"@type":"ListItem","position":2,"name":"La industria vitivin\u00edcola frente a la pir\u00e1mide de edad"}]},{"@type":"WebSite","@id":"https:\/\/www.alumni.space\/es\/#website","url":"https:\/\/www.alumni.space\/es\/","name":"Alumni.space","description":"My WordPress Blog","potentialAction":[{"@type":"SearchAction","target":{"@type":"EntryPoint","urlTemplate":"https:\/\/www.alumni.space\/es\/?s={search_term_string}"},"query-input":{"@type":"PropertyValueSpecification","valueRequired":true,"valueName":"search_term_string"}}],"inLanguage":"es"},{"@type":"Person","@id":"https:\/\/www.alumni.space\/es\/#\/schema\/person\/fede362a57876edda476a61f05ce5b15","name":"admin","image":{"@type":"ImageObject","inLanguage":"es","@id":"https:\/\/secure.gravatar.com\/avatar\/318e234ae94f90d4d629428d6b983c08e31181c28f579e08a021180d759ea651?s=96&d=mm&r=g","url":"https:\/\/secure.gravatar.com\/avatar\/318e234ae94f90d4d629428d6b983c08e31181c28f579e08a021180d759ea651?s=96&d=mm&r=g","contentUrl":"https:\/\/secure.gravatar.com\/avatar\/318e234ae94f90d4d629428d6b983c08e31181c28f579e08a021180d759ea651?s=96&d=mm&r=g","caption":"admin"},"description":"Nicolas Laustriat a construit sa sp\u00e9cialit\u00e9 sur un sujet que beaucoup d\u2019organisations d\u00e9couvrent trop tard : ce qui dispara\u00eet quand les gens partent. Dipl\u00f4m\u00e9 en conception de produit industriel, il bifurque vers le digital fin 1996, il couvre les transformations marques, RH, la fid\u00e9lisation, la marque employeur. Sur le terrain, il rep\u00e8re un angle mort r\u00e9current : l\u2019entreprise investit dans le recrutement, la formation, les process\u2026 puis laisse filer le lien au moment du d\u00e9part, avec une perte de savoir et d\u2019influence qui se paie en silence. Il se sp\u00e9cialise alors sur les communaut\u00e9s d\u2019alumni, le mentorat, l\u2019entraide interg\u00e9n\u00e9rationnelle et la transmission d\u2019expertise. Il passe du \u201cconstat\u201d aux m\u00e9thodes : animation, gouvernance, segmentation, rituels, mesure d\u2019engagement, articulation avec la RSE et l\u2019employabilit\u00e9. Il interviewe DRH, responsables formation, directions d\u2019\u00e9coles, associations et fondations, avec une obsession : transformer un r\u00e9seau dormant en m\u00e9canisme utile (cooptation, mentorat, job board, entraide, \u00e9v\u00e9nements, contenus). Son style : direct, orient\u00e9 action, sans folklore. Sa conviction : une communaut\u00e9 n\u2019a pas besoin de bruit, elle a besoin de raisons de revenir.","sameAs":["https:\/\/www.alumni.space"]}]}},"_links":{"self":[{"href":"https:\/\/www.alumni.space\/es\/wp-json\/wp\/v2\/posts\/6032","targetHints":{"allow":["GET"]}}],"collection":[{"href":"https:\/\/www.alumni.space\/es\/wp-json\/wp\/v2\/posts"}],"about":[{"href":"https:\/\/www.alumni.space\/es\/wp-json\/wp\/v2\/types\/post"}],"author":[{"embeddable":true,"href":"https:\/\/www.alumni.space\/es\/wp-json\/wp\/v2\/users\/1"}],"replies":[{"embeddable":true,"href":"https:\/\/www.alumni.space\/es\/wp-json\/wp\/v2\/comments?post=6032"}],"version-history":[{"count":1,"href":"https:\/\/www.alumni.space\/es\/wp-json\/wp\/v2\/posts\/6032\/revisions"}],"predecessor-version":[{"id":6036,"href":"https:\/\/www.alumni.space\/es\/wp-json\/wp\/v2\/posts\/6032\/revisions\/6036"}],"wp:featuredmedia":[{"embeddable":true,"href":"https:\/\/www.alumni.space\/es\/wp-json\/wp\/v2\/media\/6034"}],"wp:attachment":[{"href":"https:\/\/www.alumni.space\/es\/wp-json\/wp\/v2\/media?parent=6032"}],"wp:term":[{"taxonomy":"category","embeddable":true,"href":"https:\/\/www.alumni.space\/es\/wp-json\/wp\/v2\/categories?post=6032"},{"taxonomy":"post_tag","embeddable":true,"href":"https:\/\/www.alumni.space\/es\/wp-json\/wp\/v2\/tags?post=6032"}],"curies":[{"name":"wp","href":"https:\/\/api.w.org\/{rel}","templated":true}]}}