{"id":5844,"date":"2025-04-27T11:22:37","date_gmt":"2025-04-27T11:22:37","guid":{"rendered":"https:\/\/www.alumni.space\/piramide-de-edad-un-reto-para-las-profesiones-de-ingenieria-mecanica\/"},"modified":"2026-03-28T10:48:18","modified_gmt":"2026-03-28T10:48:18","slug":"piramide-de-edad-un-reto-para-las-profesiones-de-ingenieria-mecanica","status":"publish","type":"post","link":"https:\/\/www.alumni.space\/es\/piramide-de-edad-un-reto-para-las-profesiones-de-ingenieria-mecanica\/","title":{"rendered":"Pir\u00e1mide de edad: un reto para las profesiones de ingenier\u00eda mec\u00e1nica"},"content":{"rendered":"<div id=\"ez-toc-container\" class=\"ez-toc-v2_0_82_2 counter-flat ez-toc-counter ez-toc-grey ez-toc-container-direction\">\n<div class=\"ez-toc-title-container\"><p class=\"ez-toc-title\" style=\"cursor:inherit\">En este art\u00edculo se trata lo siguiente:<\/p>\n<\/div><nav><ul class='ez-toc-list ez-toc-list-level-1 ' ><li class='ez-toc-page-1'><a class=\"ez-toc-link ez-toc-heading-1\" href=\"https:\/\/www.alumni.space\/es\/piramide-de-edad-un-reto-para-las-profesiones-de-ingenieria-mecanica\/#Piramide_de_edad_en_ingenieria_mecanica_un_reto_demografico_de_primer_orden\" >Pir\u00e1mide de edad en ingenier\u00eda mec\u00e1nica: un reto demogr\u00e1fico de primer orden<\/a><\/li><li class='ez-toc-page-1'><a class=\"ez-toc-link ez-toc-heading-2\" href=\"https:\/\/www.alumni.space\/es\/piramide-de-edad-un-reto-para-las-profesiones-de-ingenieria-mecanica\/#Afrontar_el_reto_de_renovar_las_competencias_en_ingenieria_mecanica\" >Afrontar el reto de renovar las competencias en ingenier\u00eda mec\u00e1nica<\/a><\/li><li class='ez-toc-page-1'><a class=\"ez-toc-link ez-toc-heading-3\" href=\"https:\/\/www.alumni.space\/es\/piramide-de-edad-un-reto-para-las-profesiones-de-ingenieria-mecanica\/#Impacto_de_la_piramide_de_edad_en_la_contratacion_y_el_rendimiento_en_las_profesiones_tecnicas\" >Impacto de la pir\u00e1mide de edad en la contrataci\u00f3n y el rendimiento en las profesiones t\u00e9cnicas<\/a><\/li><li class='ez-toc-page-1'><a class=\"ez-toc-link ez-toc-heading-4\" href=\"https:\/\/www.alumni.space\/es\/piramide-de-edad-un-reto-para-las-profesiones-de-ingenieria-mecanica\/#Optimizar_la_transferencia_de_conocimientos_para_garantizar_la_continuidad_y_la_competitividad\" >Optimizar la transferencia de conocimientos para garantizar la continuidad y la competitividad<\/a><\/li><li class='ez-toc-page-1'><a class=\"ez-toc-link ez-toc-heading-5\" href=\"https:\/\/www.alumni.space\/es\/piramide-de-edad-un-reto-para-las-profesiones-de-ingenieria-mecanica\/#Piramide_de_edad_y_cambios_en_las_profesiones_de_ingenieria_mecanica_prevision_de_las_necesidades_futuras\" >Pir\u00e1mide de edad y cambios en las profesiones de ingenier\u00eda mec\u00e1nica: previsi\u00f3n de las necesidades futuras<\/a><\/li><\/ul><\/nav><\/div>\n<h2 class=\"wp-block-heading\"><span class=\"ez-toc-section\" id=\"Piramide_de_edad_en_ingenieria_mecanica_un_reto_demografico_de_primer_orden\"><\/span>Pir\u00e1mide de edad en ingenier\u00eda mec\u00e1nica: un reto demogr\u00e1fico de primer orden<span class=\"ez-toc-section-end\"><\/span><\/h2><p>El sector de la ingenier\u00eda mec\u00e1nica, pilar transversal de la industria, se enfrenta a un importante reto demogr\u00e1fico en 2026. La pir\u00e1mide de edades revela una mano de obra envejecida, con una elevada proporci\u00f3n de trabajadores pr\u00f3ximos a la jubilaci\u00f3n. Este fr\u00e1gil equilibrio repercute directamente en la disponibilidad de mano de obra y suscita inquietud en cuanto a la transmisi\u00f3n de conocimientos esenciales para los oficios t\u00e9cnicos.  <\/p><p>La tendencia hacia una poblaci\u00f3n activa dominada por los mayores de 50 a\u00f1os significa que los responsables deben gestionar cuidadosamente su mano de obra. El aumento de las jubilaciones puede provocar una p\u00e9rdida de competencias y conocimientos industriales, dif\u00edcil de compensar sin una pol\u00edtica proactiva de contrataci\u00f3n y formaci\u00f3n profesional. <\/p><figure class=\"wp-block-image size-full\"><img decoding=\"async\" width=\"1280\" height=\"768\" src=\"https:\/\/www.alumni.space\/wp-content\/uploads\/2026\/03\/Pyramide-des-ages-un-defi-pour-les-metiers-de-la-mecanique-1.jpg\" data-orig-src=\"https:\/\/www.alumni.space\/wp-content\/uploads\/2026\/03\/Pyramide-des-ages-un-defi-pour-les-metiers-de-la-mecanique-1.jpg\" alt=\"Descubre c\u00f3mo afecta la pir\u00e1mide de edad a las profesiones de ingenier\u00eda mec\u00e1nica y los retos que supone la renovaci\u00f3n de las competencias en este sector en r\u00e1pida evoluci\u00f3n.\" class=\"lazyload wp-image-3198\" srcset=\"data:image\/svg+xml,%3Csvg%20xmlns%3D%27http%3A%2F%2Fwww.w3.org%2F2000%2Fsvg%27%20width%3D%271280%27%20height%3D%27768%27%20viewBox%3D%270%200%201280%20768%27%3E%3Crect%20width%3D%271280%27%20height%3D%27768%27%20fill-opacity%3D%220%22%2F%3E%3C%2Fsvg%3E\" data-srcset=\"https:\/\/www.alumni.space\/wp-content\/uploads\/2026\/03\/Pyramide-des-ages-un-defi-pour-les-metiers-de-la-mecanique-1-200x120.jpg 200w, https:\/\/www.alumni.space\/wp-content\/uploads\/2026\/03\/Pyramide-des-ages-un-defi-pour-les-metiers-de-la-mecanique-1-300x180.jpg 300w, https:\/\/www.alumni.space\/wp-content\/uploads\/2026\/03\/Pyramide-des-ages-un-defi-pour-les-metiers-de-la-mecanique-1-400x240.jpg 400w, https:\/\/www.alumni.space\/wp-content\/uploads\/2026\/03\/Pyramide-des-ages-un-defi-pour-les-metiers-de-la-mecanique-1-600x360.jpg 600w, https:\/\/www.alumni.space\/wp-content\/uploads\/2026\/03\/Pyramide-des-ages-un-defi-pour-les-metiers-de-la-mecanique-1-768x461.jpg 768w, https:\/\/www.alumni.space\/wp-content\/uploads\/2026\/03\/Pyramide-des-ages-un-defi-pour-les-metiers-de-la-mecanique-1-800x480.jpg 800w, https:\/\/www.alumni.space\/wp-content\/uploads\/2026\/03\/Pyramide-des-ages-un-defi-pour-les-metiers-de-la-mecanique-1-1024x614.jpg 1024w, https:\/\/www.alumni.space\/wp-content\/uploads\/2026\/03\/Pyramide-des-ages-un-defi-pour-les-metiers-de-la-mecanique-1-1200x720.jpg 1200w, https:\/\/www.alumni.space\/wp-content\/uploads\/2026\/03\/Pyramide-des-ages-un-defi-pour-les-metiers-de-la-mecanique-1.jpg 1280w\" data-sizes=\"auto\" data-orig-sizes=\"(max-width: 1280px) 100vw, 1280px\" \/><\/figure><h3 class=\"wp-block-heading\"><span class=\"ez-toc-section\" id=\"Afrontar_el_reto_de_renovar_las_competencias_en_ingenieria_mecanica\"><\/span>Afrontar el reto de renovar las competencias en ingenier\u00eda mec\u00e1nica<span class=\"ez-toc-section-end\"><\/span><\/h3><p>El sector se enfrenta a una rotaci\u00f3n anual de miles de puestos, una din\u00e1mica ligada a la salida de personal directivo. Esta tendencia crea una necesidad urgente de integrar y formar a j\u00f3venes talentos capaces de adaptarse a los r\u00e1pidos cambios de las profesiones t\u00e9cnicas. Al mismo tiempo, la formaci\u00f3n continua se hace imprescindible para mantener la competitividad y apoyar la innovaci\u00f3n.  <\/p><p>La gesti\u00f3n de este reto depende en gran medida de estrategias eficaces para animar a la comunidad profesional. La movilizaci\u00f3n de una red de mentores y antiguos alumnos ya ha demostrado su eficacia para garantizar la continuidad de los conocimientos. Esto evita que se desperdicie la experiencia y facilita la integraci\u00f3n de las nuevas generaciones, al tiempo que refuerza el compromiso y la cooptaci\u00f3n.  <\/p><h2 class=\"wp-block-heading\"><span class=\"ez-toc-section\" id=\"Impacto_de_la_piramide_de_edad_en_la_contratacion_y_el_rendimiento_en_las_profesiones_tecnicas\"><\/span>Impacto de la pir\u00e1mide de edad en la contrataci\u00f3n y el rendimiento en las profesiones t\u00e9cnicas<span class=\"ez-toc-section-end\"><\/span><\/h2><p>El envejecimiento de la mano de obra est\u00e1 ejerciendo presi\u00f3n sobre la capacidad de contrataci\u00f3n, exacerbando las tensiones existentes en las profesiones de ingenier\u00eda t\u00e9cnica. Esto es especialmente preocupante en los sectores en los que la proporci\u00f3n de empleados mayores es elevada. Las empresas deben anticiparse a esta situaci\u00f3n mediante pr\u00e1cticas innovadoras de RRHH y una gesti\u00f3n precisa de los indicadores relacionados con la rotaci\u00f3n y el envejecimiento.  <\/p><p>Las consecuencias tambi\u00e9n pueden verse en t\u00e9rminos de innovaci\u00f3n. Una pir\u00e1mide desequilibrada frena la introducci\u00f3n de nuevas ideas y la adopci\u00f3n de tecnolog\u00edas disruptivas. La transmisi\u00f3n intergeneracional de competencias se est\u00e1 convirtiendo en una palanca crucial para superar estos obst\u00e1culos, basada en particular en relaciones estructuradas de tutor\u00eda y eventos dedicados.  <\/p><h3 class=\"wp-block-heading\"><span class=\"ez-toc-section\" id=\"Optimizar_la_transferencia_de_conocimientos_para_garantizar_la_continuidad_y_la_competitividad\"><\/span>Optimizar la transferencia de conocimientos para garantizar la continuidad y la competitividad<span class=\"ez-toc-section-end\"><\/span><\/h3><p>Mantener el capital de experiencia requiere la aplicaci\u00f3n de procesos rigurosos que fomenten la memoria organizativa. Las plataformas dedicadas permiten industrializar la gesti\u00f3n de perfiles, ofertas y eventos, al tiempo que garantizan una adopci\u00f3n acorde con las exigencias de los responsables de la toma de decisiones. <\/p><p>La creaci\u00f3n de parejas de mentores y alumnos, el intercambio de contenidos especializados y la organizaci\u00f3n peri\u00f3dica de talleres contribuyen a estructurar esta din\u00e1mica. Los empresarios y las organizaciones de formaci\u00f3n han observado una reducci\u00f3n significativa de los riesgos asociados al abandono de la empresa por parte de empleados de alto nivel, sobre todo en el sector de la ingenier\u00eda mec\u00e1nica, lo que ha reforzado los v\u00ednculos y el sentimiento de pertenencia a la red profesional. <\/p><p>Para saber m\u00e1s sobre estas estrategias y sacar el m\u00e1ximo partido a tu red, visita <a href=\"https:\/\/www.alumni.space\/es\/piramide-de-edad-un-reto-subestimado-para-las-profesiones-tecnicas\/\">alumni.space<\/a> para descubrir soluciones de desarrollo comunitario adaptadas a la pir\u00e1mide de edad en las profesiones t\u00e9cnicas. Esta palanca es esencial para anticiparse a la p\u00e9rdida de competencias debida a la jubilaci\u00f3n y actuar ahora. <\/p><h2 class=\"wp-block-heading\"><span class=\"ez-toc-section\" id=\"Piramide_de_edad_y_cambios_en_las_profesiones_de_ingenieria_mecanica_prevision_de_las_necesidades_futuras\"><\/span>Pir\u00e1mide de edad y cambios en las profesiones de ingenier\u00eda mec\u00e1nica: previsi\u00f3n de las necesidades futuras<span class=\"ez-toc-section-end\"><\/span><\/h2><p>Los cambios relacionados con la digitalizaci\u00f3n, la automatizaci\u00f3n y la evoluci\u00f3n de la normativa obligan a ajustar continuamente las competencias. La din\u00e1mica demogr\u00e1fica complica esta tarea, ya que la formaci\u00f3n profesional tiene que adaptarse a una amplia gama de perfiles, desde los j\u00f3venes principiantes hasta los t\u00e9cnicos superiores. <\/p><p>Identificar las competencias clave que escasean, prever las necesidades de contrataci\u00f3n y construir una pol\u00edtica de gesti\u00f3n con visi\u00f3n de futuro, facilitada por las herramientas digitales, es esencial si queremos mantener el ritmo. Este enfoque forma parte de una visi\u00f3n global, que debe incluir los retos demogr\u00e1ficos de la pir\u00e1mide de edad. <\/p><p>Combinar la acci\u00f3n sobre los j\u00f3venes talentos, la formaci\u00f3n y el desarrollo de los expertos existentes es una garant\u00eda de rendimiento y de mantenimiento de la soberan\u00eda industrial. Para saber m\u00e1s sobre este tema vital, consulta los an\u00e1lisis prospectivos disponibles en <a href=\"https:\/\/www.observatoire-metallurgie.fr\/tendances\/les-4-defis-majeurs\/rp-2292\">el Observatorio de la Metalurgia<\/a>. <\/p>","protected":false},"excerpt":{"rendered":"<p>Pir\u00e1mide de edad en ingenier\u00eda mec\u00e1nica: un reto demogr\u00e1fico de  [&#8230;]<\/p>\n","protected":false},"author":1,"featured_media":5846,"comment_status":"closed","ping_status":"closed","sticky":false,"template":"","format":"standard","meta":{"_ayudawp_aiss_exclude":false,"footnotes":""},"categories":[75],"tags":[],"class_list":["post-5844","post","type-post","status-publish","format-standard","has-post-thumbnail","hentry","category-recursos-humanos"],"yoast_head":"<!-- This site is optimized with the Yoast SEO plugin v27.4 - https:\/\/yoast.com\/product\/yoast-seo-wordpress\/ -->\n<title>Pir\u00e1mide de edad: cuestiones clave para la industria de la ingenier\u00eda mec\u00e1nica<\/title>\n<meta name=\"description\" content=\"Descubre c\u00f3mo est\u00e1 afectando la pir\u00e1mide de edad a las profesiones de ingenier\u00eda mec\u00e1nica y los retos asociados a la planificaci\u00f3n de la sucesi\u00f3n y la contrataci\u00f3n.\" \/>\n<meta name=\"robots\" content=\"index, follow, max-snippet:-1, max-image-preview:large, max-video-preview:-1\" \/>\n<link rel=\"canonical\" href=\"https:\/\/www.alumni.space\/es\/piramide-de-edad-un-reto-para-las-profesiones-de-ingenieria-mecanica\/\" \/>\n<meta property=\"og:locale\" content=\"es_ES\" \/>\n<meta property=\"og:type\" content=\"article\" \/>\n<meta property=\"og:title\" content=\"Pir\u00e1mide de edad: cuestiones clave para la industria de la ingenier\u00eda mec\u00e1nica\" \/>\n<meta property=\"og:description\" content=\"Descubre c\u00f3mo est\u00e1 afectando la pir\u00e1mide de edad a las profesiones de ingenier\u00eda mec\u00e1nica y los retos asociados a la planificaci\u00f3n de la sucesi\u00f3n y la contrataci\u00f3n.\" \/>\n<meta property=\"og:url\" content=\"https:\/\/www.alumni.space\/es\/piramide-de-edad-un-reto-para-las-profesiones-de-ingenieria-mecanica\/\" \/>\n<meta property=\"og:site_name\" content=\"Alumni.space\" \/>\n<meta property=\"article:published_time\" content=\"2025-04-27T11:22:37+00:00\" \/>\n<meta property=\"article:modified_time\" content=\"2026-03-28T10:48:18+00:00\" \/>\n<meta property=\"og:image\" content=\"https:\/\/www.alumni.space\/wp-content\/uploads\/2026\/03\/Pyramide-des-ages-un-defi-pour-les-metiers-de-la-mecanique.jpg\" \/>\n\t<meta property=\"og:image:width\" content=\"1280\" \/>\n\t<meta property=\"og:image:height\" content=\"768\" \/>\n\t<meta property=\"og:image:type\" content=\"image\/jpeg\" \/>\n<meta name=\"author\" content=\"admin\" \/>\n<meta name=\"twitter:card\" content=\"summary_large_image\" \/>\n<meta name=\"twitter:label1\" content=\"Escrito por\" \/>\n\t<meta name=\"twitter:data1\" content=\"admin\" \/>\n\t<meta name=\"twitter:label2\" content=\"Tiempo de lectura\" \/>\n\t<meta name=\"twitter:data2\" content=\"4 minutos\" \/>\n<script type=\"application\/ld+json\" class=\"yoast-schema-graph\">{\"@context\":\"https:\\\/\\\/schema.org\",\"@graph\":[{\"@type\":\"Article\",\"@id\":\"https:\\\/\\\/www.alumni.space\\\/es\\\/piramide-de-edad-un-reto-para-las-profesiones-de-ingenieria-mecanica\\\/#article\",\"isPartOf\":{\"@id\":\"https:\\\/\\\/www.alumni.space\\\/es\\\/piramide-de-edad-un-reto-para-las-profesiones-de-ingenieria-mecanica\\\/\"},\"author\":{\"name\":\"admin\",\"@id\":\"https:\\\/\\\/www.alumni.space\\\/es\\\/#\\\/schema\\\/person\\\/fede362a57876edda476a61f05ce5b15\"},\"headline\":\"Pir\u00e1mide de edad: un reto para las profesiones de ingenier\u00eda mec\u00e1nica\",\"datePublished\":\"2025-04-27T11:22:37+00:00\",\"dateModified\":\"2026-03-28T10:48:18+00:00\",\"mainEntityOfPage\":{\"@id\":\"https:\\\/\\\/www.alumni.space\\\/es\\\/piramide-de-edad-un-reto-para-las-profesiones-de-ingenieria-mecanica\\\/\"},\"wordCount\":859,\"image\":{\"@id\":\"https:\\\/\\\/www.alumni.space\\\/es\\\/piramide-de-edad-un-reto-para-las-profesiones-de-ingenieria-mecanica\\\/#primaryimage\"},\"thumbnailUrl\":\"https:\\\/\\\/www.alumni.space\\\/wp-content\\\/uploads\\\/2026\\\/03\\\/Pyramide-des-ages-un-defi-pour-les-metiers-de-la-mecanique.jpg\",\"articleSection\":[\"Recursos Humanos\"],\"inLanguage\":\"es\"},{\"@type\":\"WebPage\",\"@id\":\"https:\\\/\\\/www.alumni.space\\\/es\\\/piramide-de-edad-un-reto-para-las-profesiones-de-ingenieria-mecanica\\\/\",\"url\":\"https:\\\/\\\/www.alumni.space\\\/es\\\/piramide-de-edad-un-reto-para-las-profesiones-de-ingenieria-mecanica\\\/\",\"name\":\"Pir\u00e1mide de edad: cuestiones clave para la industria de la ingenier\u00eda mec\u00e1nica\",\"isPartOf\":{\"@id\":\"https:\\\/\\\/www.alumni.space\\\/es\\\/#website\"},\"primaryImageOfPage\":{\"@id\":\"https:\\\/\\\/www.alumni.space\\\/es\\\/piramide-de-edad-un-reto-para-las-profesiones-de-ingenieria-mecanica\\\/#primaryimage\"},\"image\":{\"@id\":\"https:\\\/\\\/www.alumni.space\\\/es\\\/piramide-de-edad-un-reto-para-las-profesiones-de-ingenieria-mecanica\\\/#primaryimage\"},\"thumbnailUrl\":\"https:\\\/\\\/www.alumni.space\\\/wp-content\\\/uploads\\\/2026\\\/03\\\/Pyramide-des-ages-un-defi-pour-les-metiers-de-la-mecanique.jpg\",\"datePublished\":\"2025-04-27T11:22:37+00:00\",\"dateModified\":\"2026-03-28T10:48:18+00:00\",\"author\":{\"@id\":\"https:\\\/\\\/www.alumni.space\\\/es\\\/#\\\/schema\\\/person\\\/fede362a57876edda476a61f05ce5b15\"},\"description\":\"Descubre c\u00f3mo est\u00e1 afectando la pir\u00e1mide de edad a las profesiones de ingenier\u00eda mec\u00e1nica y los retos asociados a la planificaci\u00f3n de la sucesi\u00f3n y la contrataci\u00f3n.\",\"breadcrumb\":{\"@id\":\"https:\\\/\\\/www.alumni.space\\\/es\\\/piramide-de-edad-un-reto-para-las-profesiones-de-ingenieria-mecanica\\\/#breadcrumb\"},\"inLanguage\":\"es\",\"potentialAction\":[{\"@type\":\"ReadAction\",\"target\":[\"https:\\\/\\\/www.alumni.space\\\/es\\\/piramide-de-edad-un-reto-para-las-profesiones-de-ingenieria-mecanica\\\/\"]}]},{\"@type\":\"ImageObject\",\"inLanguage\":\"es\",\"@id\":\"https:\\\/\\\/www.alumni.space\\\/es\\\/piramide-de-edad-un-reto-para-las-profesiones-de-ingenieria-mecanica\\\/#primaryimage\",\"url\":\"https:\\\/\\\/www.alumni.space\\\/wp-content\\\/uploads\\\/2026\\\/03\\\/Pyramide-des-ages-un-defi-pour-les-metiers-de-la-mecanique.jpg\",\"contentUrl\":\"https:\\\/\\\/www.alumni.space\\\/wp-content\\\/uploads\\\/2026\\\/03\\\/Pyramide-des-ages-un-defi-pour-les-metiers-de-la-mecanique.jpg\",\"width\":1280,\"height\":768,\"caption\":\"Descubre c\u00f3mo afecta la pir\u00e1mide de edad a las profesiones de ingenier\u00eda mec\u00e1nica y los retos que supone la renovaci\u00f3n de las competencias en este sector en r\u00e1pida evoluci\u00f3n.\"},{\"@type\":\"BreadcrumbList\",\"@id\":\"https:\\\/\\\/www.alumni.space\\\/es\\\/piramide-de-edad-un-reto-para-las-profesiones-de-ingenieria-mecanica\\\/#breadcrumb\",\"itemListElement\":[{\"@type\":\"ListItem\",\"position\":1,\"name\":\"Home\",\"item\":\"https:\\\/\\\/www.alumni.space\\\/es\\\/plataforma-de-tutoria-y-gestion-de-antiguos-alumnos\\\/\"},{\"@type\":\"ListItem\",\"position\":2,\"name\":\"Pir\u00e1mide de edad: un reto para las profesiones de ingenier\u00eda mec\u00e1nica\"}]},{\"@type\":\"WebSite\",\"@id\":\"https:\\\/\\\/www.alumni.space\\\/es\\\/#website\",\"url\":\"https:\\\/\\\/www.alumni.space\\\/es\\\/\",\"name\":\"Alumni.space\",\"description\":\"My WordPress Blog\",\"potentialAction\":[{\"@type\":\"SearchAction\",\"target\":{\"@type\":\"EntryPoint\",\"urlTemplate\":\"https:\\\/\\\/www.alumni.space\\\/es\\\/?s={search_term_string}\"},\"query-input\":{\"@type\":\"PropertyValueSpecification\",\"valueRequired\":true,\"valueName\":\"search_term_string\"}}],\"inLanguage\":\"es\"},{\"@type\":\"Person\",\"@id\":\"https:\\\/\\\/www.alumni.space\\\/es\\\/#\\\/schema\\\/person\\\/fede362a57876edda476a61f05ce5b15\",\"name\":\"admin\",\"image\":{\"@type\":\"ImageObject\",\"inLanguage\":\"es\",\"@id\":\"https:\\\/\\\/secure.gravatar.com\\\/avatar\\\/318e234ae94f90d4d629428d6b983c08e31181c28f579e08a021180d759ea651?s=96&d=mm&r=g\",\"url\":\"https:\\\/\\\/secure.gravatar.com\\\/avatar\\\/318e234ae94f90d4d629428d6b983c08e31181c28f579e08a021180d759ea651?s=96&d=mm&r=g\",\"contentUrl\":\"https:\\\/\\\/secure.gravatar.com\\\/avatar\\\/318e234ae94f90d4d629428d6b983c08e31181c28f579e08a021180d759ea651?s=96&d=mm&r=g\",\"caption\":\"admin\"},\"description\":\"Nicolas Laustriat a construit sa sp\u00e9cialit\u00e9 sur un sujet que beaucoup d\u2019organisations d\u00e9couvrent trop tard : ce qui dispara\u00eet quand les gens partent. Dipl\u00f4m\u00e9 en conception de produit industriel, il bifurque vers le digital fin 1996, il couvre les transformations marques, RH, la fid\u00e9lisation, la marque employeur. Sur le terrain, il rep\u00e8re un angle mort r\u00e9current : l\u2019entreprise investit dans le recrutement, la formation, les process\u2026 puis laisse filer le lien au moment du d\u00e9part, avec une perte de savoir et d\u2019influence qui se paie en silence. Il se sp\u00e9cialise alors sur les communaut\u00e9s d\u2019alumni, le mentorat, l\u2019entraide interg\u00e9n\u00e9rationnelle et la transmission d\u2019expertise. Il passe du \u201cconstat\u201d aux m\u00e9thodes : animation, gouvernance, segmentation, rituels, mesure d\u2019engagement, articulation avec la RSE et l\u2019employabilit\u00e9. Il interviewe DRH, responsables formation, directions d\u2019\u00e9coles, associations et fondations, avec une obsession : transformer un r\u00e9seau dormant en m\u00e9canisme utile (cooptation, mentorat, job board, entraide, \u00e9v\u00e9nements, contenus). Son style : direct, orient\u00e9 action, sans folklore. Sa conviction : une communaut\u00e9 n\u2019a pas besoin de bruit, elle a besoin de raisons de revenir.\",\"sameAs\":[\"https:\\\/\\\/www.alumni.space\"]}]}<\/script>\n<!-- \/ Yoast SEO plugin. -->","yoast_head_json":{"title":"Pir\u00e1mide de edad: cuestiones clave para la industria de la ingenier\u00eda mec\u00e1nica","description":"Descubre c\u00f3mo est\u00e1 afectando la pir\u00e1mide de edad a las profesiones de ingenier\u00eda mec\u00e1nica y los retos asociados a la planificaci\u00f3n de la sucesi\u00f3n y la contrataci\u00f3n.","robots":{"index":"index","follow":"follow","max-snippet":"max-snippet:-1","max-image-preview":"max-image-preview:large","max-video-preview":"max-video-preview:-1"},"canonical":"https:\/\/www.alumni.space\/es\/piramide-de-edad-un-reto-para-las-profesiones-de-ingenieria-mecanica\/","og_locale":"es_ES","og_type":"article","og_title":"Pir\u00e1mide de edad: cuestiones clave para la industria de la ingenier\u00eda mec\u00e1nica","og_description":"Descubre c\u00f3mo est\u00e1 afectando la pir\u00e1mide de edad a las profesiones de ingenier\u00eda mec\u00e1nica y los retos asociados a la planificaci\u00f3n de la sucesi\u00f3n y la contrataci\u00f3n.","og_url":"https:\/\/www.alumni.space\/es\/piramide-de-edad-un-reto-para-las-profesiones-de-ingenieria-mecanica\/","og_site_name":"Alumni.space","article_published_time":"2025-04-27T11:22:37+00:00","article_modified_time":"2026-03-28T10:48:18+00:00","og_image":[{"width":1280,"height":768,"url":"https:\/\/www.alumni.space\/wp-content\/uploads\/2026\/03\/Pyramide-des-ages-un-defi-pour-les-metiers-de-la-mecanique.jpg","type":"image\/jpeg"}],"author":"admin","twitter_card":"summary_large_image","twitter_misc":{"Escrito por":"admin","Tiempo de lectura":"4 minutos"},"schema":{"@context":"https:\/\/schema.org","@graph":[{"@type":"Article","@id":"https:\/\/www.alumni.space\/es\/piramide-de-edad-un-reto-para-las-profesiones-de-ingenieria-mecanica\/#article","isPartOf":{"@id":"https:\/\/www.alumni.space\/es\/piramide-de-edad-un-reto-para-las-profesiones-de-ingenieria-mecanica\/"},"author":{"name":"admin","@id":"https:\/\/www.alumni.space\/es\/#\/schema\/person\/fede362a57876edda476a61f05ce5b15"},"headline":"Pir\u00e1mide de edad: un reto para las profesiones de ingenier\u00eda mec\u00e1nica","datePublished":"2025-04-27T11:22:37+00:00","dateModified":"2026-03-28T10:48:18+00:00","mainEntityOfPage":{"@id":"https:\/\/www.alumni.space\/es\/piramide-de-edad-un-reto-para-las-profesiones-de-ingenieria-mecanica\/"},"wordCount":859,"image":{"@id":"https:\/\/www.alumni.space\/es\/piramide-de-edad-un-reto-para-las-profesiones-de-ingenieria-mecanica\/#primaryimage"},"thumbnailUrl":"https:\/\/www.alumni.space\/wp-content\/uploads\/2026\/03\/Pyramide-des-ages-un-defi-pour-les-metiers-de-la-mecanique.jpg","articleSection":["Recursos Humanos"],"inLanguage":"es"},{"@type":"WebPage","@id":"https:\/\/www.alumni.space\/es\/piramide-de-edad-un-reto-para-las-profesiones-de-ingenieria-mecanica\/","url":"https:\/\/www.alumni.space\/es\/piramide-de-edad-un-reto-para-las-profesiones-de-ingenieria-mecanica\/","name":"Pir\u00e1mide de edad: cuestiones clave para la industria de la ingenier\u00eda mec\u00e1nica","isPartOf":{"@id":"https:\/\/www.alumni.space\/es\/#website"},"primaryImageOfPage":{"@id":"https:\/\/www.alumni.space\/es\/piramide-de-edad-un-reto-para-las-profesiones-de-ingenieria-mecanica\/#primaryimage"},"image":{"@id":"https:\/\/www.alumni.space\/es\/piramide-de-edad-un-reto-para-las-profesiones-de-ingenieria-mecanica\/#primaryimage"},"thumbnailUrl":"https:\/\/www.alumni.space\/wp-content\/uploads\/2026\/03\/Pyramide-des-ages-un-defi-pour-les-metiers-de-la-mecanique.jpg","datePublished":"2025-04-27T11:22:37+00:00","dateModified":"2026-03-28T10:48:18+00:00","author":{"@id":"https:\/\/www.alumni.space\/es\/#\/schema\/person\/fede362a57876edda476a61f05ce5b15"},"description":"Descubre c\u00f3mo est\u00e1 afectando la pir\u00e1mide de edad a las profesiones de ingenier\u00eda mec\u00e1nica y los retos asociados a la planificaci\u00f3n de la sucesi\u00f3n y la contrataci\u00f3n.","breadcrumb":{"@id":"https:\/\/www.alumni.space\/es\/piramide-de-edad-un-reto-para-las-profesiones-de-ingenieria-mecanica\/#breadcrumb"},"inLanguage":"es","potentialAction":[{"@type":"ReadAction","target":["https:\/\/www.alumni.space\/es\/piramide-de-edad-un-reto-para-las-profesiones-de-ingenieria-mecanica\/"]}]},{"@type":"ImageObject","inLanguage":"es","@id":"https:\/\/www.alumni.space\/es\/piramide-de-edad-un-reto-para-las-profesiones-de-ingenieria-mecanica\/#primaryimage","url":"https:\/\/www.alumni.space\/wp-content\/uploads\/2026\/03\/Pyramide-des-ages-un-defi-pour-les-metiers-de-la-mecanique.jpg","contentUrl":"https:\/\/www.alumni.space\/wp-content\/uploads\/2026\/03\/Pyramide-des-ages-un-defi-pour-les-metiers-de-la-mecanique.jpg","width":1280,"height":768,"caption":"Descubre c\u00f3mo afecta la pir\u00e1mide de edad a las profesiones de ingenier\u00eda mec\u00e1nica y los retos que supone la renovaci\u00f3n de las competencias en este sector en r\u00e1pida evoluci\u00f3n."},{"@type":"BreadcrumbList","@id":"https:\/\/www.alumni.space\/es\/piramide-de-edad-un-reto-para-las-profesiones-de-ingenieria-mecanica\/#breadcrumb","itemListElement":[{"@type":"ListItem","position":1,"name":"Home","item":"https:\/\/www.alumni.space\/es\/plataforma-de-tutoria-y-gestion-de-antiguos-alumnos\/"},{"@type":"ListItem","position":2,"name":"Pir\u00e1mide de edad: un reto para las profesiones de ingenier\u00eda mec\u00e1nica"}]},{"@type":"WebSite","@id":"https:\/\/www.alumni.space\/es\/#website","url":"https:\/\/www.alumni.space\/es\/","name":"Alumni.space","description":"My WordPress Blog","potentialAction":[{"@type":"SearchAction","target":{"@type":"EntryPoint","urlTemplate":"https:\/\/www.alumni.space\/es\/?s={search_term_string}"},"query-input":{"@type":"PropertyValueSpecification","valueRequired":true,"valueName":"search_term_string"}}],"inLanguage":"es"},{"@type":"Person","@id":"https:\/\/www.alumni.space\/es\/#\/schema\/person\/fede362a57876edda476a61f05ce5b15","name":"admin","image":{"@type":"ImageObject","inLanguage":"es","@id":"https:\/\/secure.gravatar.com\/avatar\/318e234ae94f90d4d629428d6b983c08e31181c28f579e08a021180d759ea651?s=96&d=mm&r=g","url":"https:\/\/secure.gravatar.com\/avatar\/318e234ae94f90d4d629428d6b983c08e31181c28f579e08a021180d759ea651?s=96&d=mm&r=g","contentUrl":"https:\/\/secure.gravatar.com\/avatar\/318e234ae94f90d4d629428d6b983c08e31181c28f579e08a021180d759ea651?s=96&d=mm&r=g","caption":"admin"},"description":"Nicolas Laustriat a construit sa sp\u00e9cialit\u00e9 sur un sujet que beaucoup d\u2019organisations d\u00e9couvrent trop tard : ce qui dispara\u00eet quand les gens partent. Dipl\u00f4m\u00e9 en conception de produit industriel, il bifurque vers le digital fin 1996, il couvre les transformations marques, RH, la fid\u00e9lisation, la marque employeur. Sur le terrain, il rep\u00e8re un angle mort r\u00e9current : l\u2019entreprise investit dans le recrutement, la formation, les process\u2026 puis laisse filer le lien au moment du d\u00e9part, avec une perte de savoir et d\u2019influence qui se paie en silence. Il se sp\u00e9cialise alors sur les communaut\u00e9s d\u2019alumni, le mentorat, l\u2019entraide interg\u00e9n\u00e9rationnelle et la transmission d\u2019expertise. Il passe du \u201cconstat\u201d aux m\u00e9thodes : animation, gouvernance, segmentation, rituels, mesure d\u2019engagement, articulation avec la RSE et l\u2019employabilit\u00e9. Il interviewe DRH, responsables formation, directions d\u2019\u00e9coles, associations et fondations, avec une obsession : transformer un r\u00e9seau dormant en m\u00e9canisme utile (cooptation, mentorat, job board, entraide, \u00e9v\u00e9nements, contenus). Son style : direct, orient\u00e9 action, sans folklore. Sa conviction : une communaut\u00e9 n\u2019a pas besoin de bruit, elle a besoin de raisons de revenir.","sameAs":["https:\/\/www.alumni.space"]}]}},"_links":{"self":[{"href":"https:\/\/www.alumni.space\/es\/wp-json\/wp\/v2\/posts\/5844","targetHints":{"allow":["GET"]}}],"collection":[{"href":"https:\/\/www.alumni.space\/es\/wp-json\/wp\/v2\/posts"}],"about":[{"href":"https:\/\/www.alumni.space\/es\/wp-json\/wp\/v2\/types\/post"}],"author":[{"embeddable":true,"href":"https:\/\/www.alumni.space\/es\/wp-json\/wp\/v2\/users\/1"}],"replies":[{"embeddable":true,"href":"https:\/\/www.alumni.space\/es\/wp-json\/wp\/v2\/comments?post=5844"}],"version-history":[{"count":1,"href":"https:\/\/www.alumni.space\/es\/wp-json\/wp\/v2\/posts\/5844\/revisions"}],"predecessor-version":[{"id":5848,"href":"https:\/\/www.alumni.space\/es\/wp-json\/wp\/v2\/posts\/5844\/revisions\/5848"}],"wp:featuredmedia":[{"embeddable":true,"href":"https:\/\/www.alumni.space\/es\/wp-json\/wp\/v2\/media\/5846"}],"wp:attachment":[{"href":"https:\/\/www.alumni.space\/es\/wp-json\/wp\/v2\/media?parent=5844"}],"wp:term":[{"taxonomy":"category","embeddable":true,"href":"https:\/\/www.alumni.space\/es\/wp-json\/wp\/v2\/categories?post=5844"},{"taxonomy":"post_tag","embeddable":true,"href":"https:\/\/www.alumni.space\/es\/wp-json\/wp\/v2\/tags?post=5844"}],"curies":[{"name":"wp","href":"https:\/\/api.w.org\/{rel}","templated":true}]}}