{"id":5718,"date":"2024-09-23T11:29:59","date_gmt":"2024-09-23T11:29:59","guid":{"rendered":"https:\/\/www.alumni.space\/la-farmacia-se-enfrenta-al-reto-de-la-renovacion-generacional\/"},"modified":"2026-04-02T12:04:49","modified_gmt":"2026-04-02T12:04:49","slug":"la-farmacia-se-enfrenta-al-reto-de-la-renovacion-generacional","status":"publish","type":"post","link":"https:\/\/www.alumni.space\/es\/la-farmacia-se-enfrenta-al-reto-de-la-renovacion-generacional\/","title":{"rendered":"La farmacia se enfrenta al reto de la renovaci\u00f3n generacional"},"content":{"rendered":"<p>El sector farmac\u00e9utico atraviesa un periodo crucial marcado por la <strong>renovaci\u00f3n generacional<\/strong>, lo que supone un reto para todos los actores de la profesi\u00f3n. A pesar del aumento del n\u00famero total de farmac\u00e9uticos, los retos que plantea la <strong>gesti\u00f3n de la pr\u00f3xima generaci\u00f3n<\/strong> y la <strong>transmisi\u00f3n de competencias<\/strong> son acuciantes, ya que la evoluci\u00f3n de las pr\u00e1cticas y las presiones econ\u00f3micas exigen una r\u00e1pida adaptaci\u00f3n. <\/p><div id=\"ez-toc-container\" class=\"ez-toc-v2_0_82_2 counter-flat ez-toc-counter ez-toc-grey ez-toc-container-direction\">\n<div class=\"ez-toc-title-container\"><p class=\"ez-toc-title\" style=\"cursor:inherit\">En este art\u00edculo se trata lo siguiente:<\/p>\n<\/div><nav><ul class='ez-toc-list ez-toc-list-level-1 ' ><li class='ez-toc-page-1'><a class=\"ez-toc-link ez-toc-heading-1\" href=\"https:\/\/www.alumni.space\/es\/la-farmacia-se-enfrenta-al-reto-de-la-renovacion-generacional\/#Los_farmaceuticos_un_rejuvenecimiento_alentador_pero_fragil_para_garantizar_la_renovacion_generacional\" >Los farmac\u00e9uticos: un rejuvenecimiento alentador pero fr\u00e1gil para garantizar la renovaci\u00f3n generacional<\/a><\/li><li class='ez-toc-page-1'><a class=\"ez-toc-link ez-toc-heading-2\" href=\"https:\/\/www.alumni.space\/es\/la-farmacia-se-enfrenta-al-reto-de-la-renovacion-generacional\/#El_auge_de_los_jovenes_farmaceuticos_una_oportunidad_que_debe_aprovechar_la_profesion\" >El auge de los j\u00f3venes farmac\u00e9uticos: una oportunidad que debe aprovechar la profesi\u00f3n<\/a><\/li><li class='ez-toc-page-1'><a class=\"ez-toc-link ez-toc-heading-3\" href=\"https:\/\/www.alumni.space\/es\/la-farmacia-se-enfrenta-al-reto-de-la-renovacion-generacional\/#Los_retos_economicos_y_organizativos_de_la_renovacion_de_las_farmacias\" >Los retos econ\u00f3micos y organizativos de la renovaci\u00f3n de las farmacias<\/a><\/li><li class='ez-toc-page-1'><a class=\"ez-toc-link ez-toc-heading-4\" href=\"https:\/\/www.alumni.space\/es\/la-farmacia-se-enfrenta-al-reto-de-la-renovacion-generacional\/#Fomentar_la_transferencia_de_competencias_para_que_la_profesion_sea_mas_atractiva_y_sostenible\" >Fomentar la transferencia de competencias para que la profesi\u00f3n sea m\u00e1s atractiva y sostenible<\/a><\/li><\/ul><\/nav><\/div>\n<h2 class=\"wp-block-heading\"><span class=\"ez-toc-section\" id=\"Los_farmaceuticos_un_rejuvenecimiento_alentador_pero_fragil_para_garantizar_la_renovacion_generacional\"><\/span>Los farmac\u00e9uticos: un rejuvenecimiento alentador pero fr\u00e1gil para garantizar la renovaci\u00f3n generacional<span class=\"ez-toc-section-end\"><\/span><\/h2><p>A 1 de enero de 2025, la Ordre National des Pharmaciens contaba con m\u00e1s de <strong>75.000 miembros<\/strong> en su censo, lo que supone un aumento de alrededor del 1,7% en dos a\u00f1os y un incremento de casi 3.000 profesionales en la \u00faltima d\u00e9cada. Esta tendencia refleja la voluntad de reforzar las filas e iniciar un verdadero <strong>relevo generacional<\/strong>.  La creciente presencia de farmac\u00e9uticos menores de 35 a\u00f1os proporciona una esperanza tangible, que aumenta las perspectivas de una renovaci\u00f3n sostenible.  <\/p><p>Sin embargo, la din\u00e1mica sigue siendo fr\u00e1gil en varios aspectos. El n\u00famero de farmacias que cerrar\u00e1n en 2024 (260) y la reducci\u00f3n del n\u00famero de farmac\u00e9uticos (-1,3%) ponen de manifiesto las tensiones estructurales de la red regional. Adem\u00e1s, la <strong>escasez<\/strong> puntual en algunas especialidades, como los m\u00e9dicos bi\u00f3logos, cuyo n\u00famero ha disminuido un 10% en diez a\u00f1os, debilita la cadena de competencias que se transmiten.  <\/p><figure class=\"wp-block-image size-full\"><img decoding=\"async\" width=\"1280\" height=\"768\" src=\"https:\/\/www.alumni.space\/wp-content\/uploads\/2026\/03\/La-pharmacie-face-au-defi-du-renouvellement-generationnel-1.jpg\" data-orig-src=\"https:\/\/www.alumni.space\/wp-content\/uploads\/2026\/03\/La-pharmacie-face-au-defi-du-renouvellement-generationnel-1.jpg\" alt=\"descubre c\u00f3mo la farmacia est\u00e1 afrontando el reto de la renovaci\u00f3n generacional para garantizar un futuro innovador y sostenible en el sector sanitario.\" class=\"lazyload wp-image-3189\" srcset=\"data:image\/svg+xml,%3Csvg%20xmlns%3D%27http%3A%2F%2Fwww.w3.org%2F2000%2Fsvg%27%20width%3D%271280%27%20height%3D%27768%27%20viewBox%3D%270%200%201280%20768%27%3E%3Crect%20width%3D%271280%27%20height%3D%27768%27%20fill-opacity%3D%220%22%2F%3E%3C%2Fsvg%3E\" data-srcset=\"https:\/\/www.alumni.space\/wp-content\/uploads\/2026\/03\/La-pharmacie-face-au-defi-du-renouvellement-generationnel-1-200x120.jpg 200w, https:\/\/www.alumni.space\/wp-content\/uploads\/2026\/03\/La-pharmacie-face-au-defi-du-renouvellement-generationnel-1-300x180.jpg 300w, https:\/\/www.alumni.space\/wp-content\/uploads\/2026\/03\/La-pharmacie-face-au-defi-du-renouvellement-generationnel-1-400x240.jpg 400w, https:\/\/www.alumni.space\/wp-content\/uploads\/2026\/03\/La-pharmacie-face-au-defi-du-renouvellement-generationnel-1-600x360.jpg 600w, https:\/\/www.alumni.space\/wp-content\/uploads\/2026\/03\/La-pharmacie-face-au-defi-du-renouvellement-generationnel-1-768x461.jpg 768w, https:\/\/www.alumni.space\/wp-content\/uploads\/2026\/03\/La-pharmacie-face-au-defi-du-renouvellement-generationnel-1-800x480.jpg 800w, https:\/\/www.alumni.space\/wp-content\/uploads\/2026\/03\/La-pharmacie-face-au-defi-du-renouvellement-generationnel-1-1024x614.jpg 1024w, https:\/\/www.alumni.space\/wp-content\/uploads\/2026\/03\/La-pharmacie-face-au-defi-du-renouvellement-generationnel-1-1200x720.jpg 1200w, https:\/\/www.alumni.space\/wp-content\/uploads\/2026\/03\/La-pharmacie-face-au-defi-du-renouvellement-generationnel-1.jpg 1280w\" data-sizes=\"auto\" data-orig-sizes=\"(max-width: 1280px) 100vw, 1280px\" \/><\/figure><h3 class=\"wp-block-heading\"><span class=\"ez-toc-section\" id=\"El_auge_de_los_jovenes_farmaceuticos_una_oportunidad_que_debe_aprovechar_la_profesion\"><\/span>El auge de los j\u00f3venes farmac\u00e9uticos: una oportunidad que debe aprovechar la profesi\u00f3n<span class=\"ez-toc-section-end\"><\/span><\/h3><p>Los farmac\u00e9uticos adjuntos representan ya m\u00e1s del 67% de los nuevos miembros de la Orden, lo que refleja una diversificaci\u00f3n de los perfiles y una apertura a trayectorias profesionales at\u00edpicas. Muchos profesionales procedentes de la industria o la distribuci\u00f3n se plantean un cambio de carrera, motivados por las nuevas y m\u00e1s amplias atribuciones de la farmacia, sobre todo en los \u00e1mbitos de la prevenci\u00f3n, el cribado y los servicios digitales. El contexto post-Covid ha acentuado esta tendencia, al poner de relieve la importancia de una pr\u00e1ctica innovadora e integrada en la v\u00eda asistencial.  <\/p><p>Esta evoluci\u00f3n est\u00e1 cambiando la fisonom\u00eda misma de la farmacia, que ahora debe combinar los conocimientos tradicionales con la <strong>innovaci\u00f3n en farmacia<\/strong>. El aumento de los niveles de formaci\u00f3n profesional y la digitalizaci\u00f3n ofrecen palancas esenciales para reforzar el compromiso de los j\u00f3venes en las redes de farmacias, facilitando su integraci\u00f3n operativa. <\/p><h2 class=\"wp-block-heading\"><span class=\"ez-toc-section\" id=\"Los_retos_economicos_y_organizativos_de_la_renovacion_de_las_farmacias\"><\/span>Los retos econ\u00f3micos y organizativos de la renovaci\u00f3n de las farmacias<span class=\"ez-toc-section-end\"><\/span><\/h2><p>Adem\u00e1s de las cifras, la <strong>renovaci\u00f3n generacional<\/strong> moviliza a los responsables en torno a cuestiones de gobernanza, gesti\u00f3n y mantenimiento de los v\u00ednculos profesionales. El cierre de farmacias repercute directamente en el acceso a la asistencia y en la transmisi\u00f3n de experiencias.  Las estructuras deben capitalizar las herramientas eficaces de gesti\u00f3n del talento para evitar la p\u00e9rdida de conocimientos valiosos y facilitar a los j\u00f3venes farmac\u00e9uticos la asunci\u00f3n de responsabilidades.  <\/p><p>Teniendo esto en cuenta, es esencial utilizar una plataforma dedicada a la gesti\u00f3n de las comunidades farmac\u00e9uticas. <a href=\"https:\/\/www.alumni.space\/es\/la-farmacia-se-enfrenta-al-reto-de-la-renovacion-generacional\/\">Alumni.space<\/a> ayuda a industrializar la coordinaci\u00f3n entre generaciones integrando perfiles, tutor\u00edas y ofertas de empleo. Este tipo de herramienta permite reducir el tiempo dedicado a los tr\u00e1mites administrativos y evitar la ruptura de las redes profesionales, en beneficio de la continuidad de los proyectos y de la ambici\u00f3n colectiva. <\/p><h3 class=\"wp-block-heading\"><span class=\"ez-toc-section\" id=\"Fomentar_la_transferencia_de_competencias_para_que_la_profesion_sea_mas_atractiva_y_sostenible\"><\/span>Fomentar la transferencia de competencias para que la profesi\u00f3n sea m\u00e1s atractiva y sostenible<span class=\"ez-toc-section-end\"><\/span><\/h3><p>Un elemento clave es la introducci\u00f3n de disposiciones estructuradas para la <strong>transmisi\u00f3n de competencias<\/strong> entre generaciones, en particular la tutor\u00eda y la formaci\u00f3n de parejas operativas. Las farmacias que han adoptado estas pr\u00e1cticas han observado un mayor nivel de lealtad y compromiso por parte del personal subalterno. Rituales regulares, un calendario de desarrollo de competencias y un seguimiento basado en indicadores de satisfacci\u00f3n garantizan la eficacia de estas iniciativas.  <\/p><p>Los responsables de RRHH y de la ESS tambi\u00e9n desempe\u00f1an un papel central a la hora de anticiparse a la pir\u00e1mide de edad y evitar salidas precipitadas. Considerar los escenarios de integraci\u00f3n y cooptaci\u00f3n en una fase temprana evita una costosa desorganizaci\u00f3n en t\u00e9rminos de imagen y calidad del servicio. Las escuelas y centros de formaci\u00f3n, asociados a estas estrategias, aumentan el atractivo de la profesi\u00f3n aclarando las trayectorias y perspectivas profesionales.  <\/p><p>El auge de los servicios digitales y la digitalizaci\u00f3n est\u00e1 facilitando el acceso a bibliotecas de contenidos espec\u00edficos del sector, compartiendo eventos y una <strong>bolsa de trabajo<\/strong> especializada, lo que acelera la contrataci\u00f3n y la movilidad interna.<\/p><p>Estos enfoques garantizan un mejor equilibrio entre experiencia e innovaci\u00f3n, condici\u00f3n esencial para el \u00e9xito de los cambios impuestos a la farmacia contempor\u00e1nea.<\/p><p>Para saber m\u00e1s, echa un vistazo a nuestro an\u00e1lisis detallado de los <a href=\"https:\/\/jeunespharmaciens.fr\/metier-pharmacie-formations\/defis-pharmacien-actuels\/\">retos actuales a los que se enfrenta la profesi\u00f3n<\/a>, y descubre c\u00f3mo una plataforma SaaS puede optimizar la gesti\u00f3n de comunidades y la transferencia de conocimientos.<\/p>","protected":false},"excerpt":{"rendered":"<p>El sector farmac\u00e9utico atraviesa un periodo crucial marcado por la  [&#8230;]<\/p>\n","protected":false},"author":1,"featured_media":5720,"comment_status":"closed","ping_status":"","sticky":false,"template":"","format":"standard","meta":{"_ayudawp_aiss_exclude":false,"footnotes":""},"categories":[75],"tags":[],"class_list":["post-5718","post","type-post","status-publish","format-standard","has-post-thumbnail","hentry","category-recursos-humanos"],"yoast_head":"<!-- This site is optimized with the Yoast SEO plugin v27.4 - https:\/\/yoast.com\/product\/yoast-seo-wordpress\/ -->\n<title>Farmacias: Afrontar el reto de la renovaci\u00f3n generacional<\/title>\n<meta name=\"description\" content=\"Descubre c\u00f3mo la industria farmac\u00e9utica est\u00e1 afrontando el reto de la renovaci\u00f3n generacional para garantizar un futuro sostenible e innovador al sector sanitario.\" \/>\n<meta name=\"robots\" content=\"index, follow, max-snippet:-1, max-image-preview:large, max-video-preview:-1\" \/>\n<link rel=\"canonical\" href=\"https:\/\/www.alumni.space\/es\/la-farmacia-se-enfrenta-al-reto-de-la-renovacion-generacional\/\" \/>\n<meta property=\"og:locale\" content=\"es_ES\" \/>\n<meta property=\"og:type\" content=\"article\" \/>\n<meta property=\"og:title\" content=\"Farmacias: Afrontar el reto de la renovaci\u00f3n generacional\" \/>\n<meta property=\"og:description\" content=\"Descubre c\u00f3mo la industria farmac\u00e9utica est\u00e1 afrontando el reto de la renovaci\u00f3n generacional para garantizar un futuro sostenible e innovador al sector sanitario.\" \/>\n<meta property=\"og:url\" content=\"https:\/\/www.alumni.space\/es\/la-farmacia-se-enfrenta-al-reto-de-la-renovacion-generacional\/\" \/>\n<meta property=\"og:site_name\" content=\"Alumni.space\" \/>\n<meta property=\"article:published_time\" content=\"2024-09-23T11:29:59+00:00\" \/>\n<meta property=\"article:modified_time\" content=\"2026-04-02T12:04:49+00:00\" \/>\n<meta property=\"og:image\" content=\"https:\/\/www.alumni.space\/wp-content\/uploads\/2026\/03\/La-pharmacie-face-au-defi-du-renouvellement-generationnel.jpg\" \/>\n\t<meta property=\"og:image:width\" content=\"1280\" \/>\n\t<meta property=\"og:image:height\" content=\"768\" \/>\n\t<meta property=\"og:image:type\" content=\"image\/jpeg\" \/>\n<meta name=\"author\" content=\"admin\" \/>\n<meta name=\"twitter:card\" content=\"summary_large_image\" \/>\n<meta name=\"twitter:label1\" content=\"Escrito por\" \/>\n\t<meta name=\"twitter:data1\" content=\"admin\" \/>\n\t<meta name=\"twitter:label2\" content=\"Tiempo de lectura\" \/>\n\t<meta name=\"twitter:data2\" content=\"4 minutos\" \/>\n<script type=\"application\/ld+json\" class=\"yoast-schema-graph\">{\"@context\":\"https:\\\/\\\/schema.org\",\"@graph\":[{\"@type\":\"Article\",\"@id\":\"https:\\\/\\\/www.alumni.space\\\/es\\\/la-farmacia-se-enfrenta-al-reto-de-la-renovacion-generacional\\\/#article\",\"isPartOf\":{\"@id\":\"https:\\\/\\\/www.alumni.space\\\/es\\\/la-farmacia-se-enfrenta-al-reto-de-la-renovacion-generacional\\\/\"},\"author\":{\"name\":\"admin\",\"@id\":\"https:\\\/\\\/www.alumni.space\\\/es\\\/#\\\/schema\\\/person\\\/fede362a57876edda476a61f05ce5b15\"},\"headline\":\"La farmacia se enfrenta al reto de la renovaci\u00f3n generacional\",\"datePublished\":\"2024-09-23T11:29:59+00:00\",\"dateModified\":\"2026-04-02T12:04:49+00:00\",\"mainEntityOfPage\":{\"@id\":\"https:\\\/\\\/www.alumni.space\\\/es\\\/la-farmacia-se-enfrenta-al-reto-de-la-renovacion-generacional\\\/\"},\"wordCount\":881,\"image\":{\"@id\":\"https:\\\/\\\/www.alumni.space\\\/es\\\/la-farmacia-se-enfrenta-al-reto-de-la-renovacion-generacional\\\/#primaryimage\"},\"thumbnailUrl\":\"https:\\\/\\\/www.alumni.space\\\/wp-content\\\/uploads\\\/2026\\\/03\\\/La-pharmacie-face-au-defi-du-renouvellement-generationnel.jpg\",\"articleSection\":[\"Recursos Humanos\"],\"inLanguage\":\"es\"},{\"@type\":\"WebPage\",\"@id\":\"https:\\\/\\\/www.alumni.space\\\/es\\\/la-farmacia-se-enfrenta-al-reto-de-la-renovacion-generacional\\\/\",\"url\":\"https:\\\/\\\/www.alumni.space\\\/es\\\/la-farmacia-se-enfrenta-al-reto-de-la-renovacion-generacional\\\/\",\"name\":\"Farmacias: Afrontar el reto de la renovaci\u00f3n generacional\",\"isPartOf\":{\"@id\":\"https:\\\/\\\/www.alumni.space\\\/es\\\/#website\"},\"primaryImageOfPage\":{\"@id\":\"https:\\\/\\\/www.alumni.space\\\/es\\\/la-farmacia-se-enfrenta-al-reto-de-la-renovacion-generacional\\\/#primaryimage\"},\"image\":{\"@id\":\"https:\\\/\\\/www.alumni.space\\\/es\\\/la-farmacia-se-enfrenta-al-reto-de-la-renovacion-generacional\\\/#primaryimage\"},\"thumbnailUrl\":\"https:\\\/\\\/www.alumni.space\\\/wp-content\\\/uploads\\\/2026\\\/03\\\/La-pharmacie-face-au-defi-du-renouvellement-generationnel.jpg\",\"datePublished\":\"2024-09-23T11:29:59+00:00\",\"dateModified\":\"2026-04-02T12:04:49+00:00\",\"author\":{\"@id\":\"https:\\\/\\\/www.alumni.space\\\/es\\\/#\\\/schema\\\/person\\\/fede362a57876edda476a61f05ce5b15\"},\"description\":\"Descubre c\u00f3mo la industria farmac\u00e9utica est\u00e1 afrontando el reto de la renovaci\u00f3n generacional para garantizar un futuro sostenible e innovador al sector sanitario.\",\"breadcrumb\":{\"@id\":\"https:\\\/\\\/www.alumni.space\\\/es\\\/la-farmacia-se-enfrenta-al-reto-de-la-renovacion-generacional\\\/#breadcrumb\"},\"inLanguage\":\"es\",\"potentialAction\":[{\"@type\":\"ReadAction\",\"target\":[\"https:\\\/\\\/www.alumni.space\\\/es\\\/la-farmacia-se-enfrenta-al-reto-de-la-renovacion-generacional\\\/\"]}]},{\"@type\":\"ImageObject\",\"inLanguage\":\"es\",\"@id\":\"https:\\\/\\\/www.alumni.space\\\/es\\\/la-farmacia-se-enfrenta-al-reto-de-la-renovacion-generacional\\\/#primaryimage\",\"url\":\"https:\\\/\\\/www.alumni.space\\\/wp-content\\\/uploads\\\/2026\\\/03\\\/La-pharmacie-face-au-defi-du-renouvellement-generationnel.jpg\",\"contentUrl\":\"https:\\\/\\\/www.alumni.space\\\/wp-content\\\/uploads\\\/2026\\\/03\\\/La-pharmacie-face-au-defi-du-renouvellement-generationnel.jpg\",\"width\":1280,\"height\":768,\"caption\":\"descubre c\u00f3mo la farmacia se est\u00e1 adaptando al reto de la renovaci\u00f3n generacional mediante la integraci\u00f3n de las nuevas tecnolog\u00edas y la formaci\u00f3n de la pr\u00f3xima generaci\u00f3n de profesionales sanitarios.\"},{\"@type\":\"BreadcrumbList\",\"@id\":\"https:\\\/\\\/www.alumni.space\\\/es\\\/la-farmacia-se-enfrenta-al-reto-de-la-renovacion-generacional\\\/#breadcrumb\",\"itemListElement\":[{\"@type\":\"ListItem\",\"position\":1,\"name\":\"Home\",\"item\":\"https:\\\/\\\/www.alumni.space\\\/es\\\/plataforma-de-tutoria-y-gestion-de-antiguos-alumnos\\\/\"},{\"@type\":\"ListItem\",\"position\":2,\"name\":\"La farmacia se enfrenta al reto de la renovaci\u00f3n generacional\"}]},{\"@type\":\"WebSite\",\"@id\":\"https:\\\/\\\/www.alumni.space\\\/es\\\/#website\",\"url\":\"https:\\\/\\\/www.alumni.space\\\/es\\\/\",\"name\":\"Alumni.space\",\"description\":\"My WordPress Blog\",\"potentialAction\":[{\"@type\":\"SearchAction\",\"target\":{\"@type\":\"EntryPoint\",\"urlTemplate\":\"https:\\\/\\\/www.alumni.space\\\/es\\\/?s={search_term_string}\"},\"query-input\":{\"@type\":\"PropertyValueSpecification\",\"valueRequired\":true,\"valueName\":\"search_term_string\"}}],\"inLanguage\":\"es\"},{\"@type\":\"Person\",\"@id\":\"https:\\\/\\\/www.alumni.space\\\/es\\\/#\\\/schema\\\/person\\\/fede362a57876edda476a61f05ce5b15\",\"name\":\"admin\",\"image\":{\"@type\":\"ImageObject\",\"inLanguage\":\"es\",\"@id\":\"https:\\\/\\\/secure.gravatar.com\\\/avatar\\\/318e234ae94f90d4d629428d6b983c08e31181c28f579e08a021180d759ea651?s=96&d=mm&r=g\",\"url\":\"https:\\\/\\\/secure.gravatar.com\\\/avatar\\\/318e234ae94f90d4d629428d6b983c08e31181c28f579e08a021180d759ea651?s=96&d=mm&r=g\",\"contentUrl\":\"https:\\\/\\\/secure.gravatar.com\\\/avatar\\\/318e234ae94f90d4d629428d6b983c08e31181c28f579e08a021180d759ea651?s=96&d=mm&r=g\",\"caption\":\"admin\"},\"description\":\"Nicolas Laustriat a construit sa sp\u00e9cialit\u00e9 sur un sujet que beaucoup d\u2019organisations d\u00e9couvrent trop tard : ce qui dispara\u00eet quand les gens partent. Dipl\u00f4m\u00e9 en conception de produit industriel, il bifurque vers le digital fin 1996, il couvre les transformations marques, RH, la fid\u00e9lisation, la marque employeur. Sur le terrain, il rep\u00e8re un angle mort r\u00e9current : l\u2019entreprise investit dans le recrutement, la formation, les process\u2026 puis laisse filer le lien au moment du d\u00e9part, avec une perte de savoir et d\u2019influence qui se paie en silence. Il se sp\u00e9cialise alors sur les communaut\u00e9s d\u2019alumni, le mentorat, l\u2019entraide interg\u00e9n\u00e9rationnelle et la transmission d\u2019expertise. Il passe du \u201cconstat\u201d aux m\u00e9thodes : animation, gouvernance, segmentation, rituels, mesure d\u2019engagement, articulation avec la RSE et l\u2019employabilit\u00e9. Il interviewe DRH, responsables formation, directions d\u2019\u00e9coles, associations et fondations, avec une obsession : transformer un r\u00e9seau dormant en m\u00e9canisme utile (cooptation, mentorat, job board, entraide, \u00e9v\u00e9nements, contenus). Son style : direct, orient\u00e9 action, sans folklore. Sa conviction : une communaut\u00e9 n\u2019a pas besoin de bruit, elle a besoin de raisons de revenir.\",\"sameAs\":[\"https:\\\/\\\/www.alumni.space\"]}]}<\/script>\n<!-- \/ Yoast SEO plugin. -->","yoast_head_json":{"title":"Farmacias: Afrontar el reto de la renovaci\u00f3n generacional","description":"Descubre c\u00f3mo la industria farmac\u00e9utica est\u00e1 afrontando el reto de la renovaci\u00f3n generacional para garantizar un futuro sostenible e innovador al sector sanitario.","robots":{"index":"index","follow":"follow","max-snippet":"max-snippet:-1","max-image-preview":"max-image-preview:large","max-video-preview":"max-video-preview:-1"},"canonical":"https:\/\/www.alumni.space\/es\/la-farmacia-se-enfrenta-al-reto-de-la-renovacion-generacional\/","og_locale":"es_ES","og_type":"article","og_title":"Farmacias: Afrontar el reto de la renovaci\u00f3n generacional","og_description":"Descubre c\u00f3mo la industria farmac\u00e9utica est\u00e1 afrontando el reto de la renovaci\u00f3n generacional para garantizar un futuro sostenible e innovador al sector sanitario.","og_url":"https:\/\/www.alumni.space\/es\/la-farmacia-se-enfrenta-al-reto-de-la-renovacion-generacional\/","og_site_name":"Alumni.space","article_published_time":"2024-09-23T11:29:59+00:00","article_modified_time":"2026-04-02T12:04:49+00:00","og_image":[{"width":1280,"height":768,"url":"https:\/\/www.alumni.space\/wp-content\/uploads\/2026\/03\/La-pharmacie-face-au-defi-du-renouvellement-generationnel.jpg","type":"image\/jpeg"}],"author":"admin","twitter_card":"summary_large_image","twitter_misc":{"Escrito por":"admin","Tiempo de lectura":"4 minutos"},"schema":{"@context":"https:\/\/schema.org","@graph":[{"@type":"Article","@id":"https:\/\/www.alumni.space\/es\/la-farmacia-se-enfrenta-al-reto-de-la-renovacion-generacional\/#article","isPartOf":{"@id":"https:\/\/www.alumni.space\/es\/la-farmacia-se-enfrenta-al-reto-de-la-renovacion-generacional\/"},"author":{"name":"admin","@id":"https:\/\/www.alumni.space\/es\/#\/schema\/person\/fede362a57876edda476a61f05ce5b15"},"headline":"La farmacia se enfrenta al reto de la renovaci\u00f3n generacional","datePublished":"2024-09-23T11:29:59+00:00","dateModified":"2026-04-02T12:04:49+00:00","mainEntityOfPage":{"@id":"https:\/\/www.alumni.space\/es\/la-farmacia-se-enfrenta-al-reto-de-la-renovacion-generacional\/"},"wordCount":881,"image":{"@id":"https:\/\/www.alumni.space\/es\/la-farmacia-se-enfrenta-al-reto-de-la-renovacion-generacional\/#primaryimage"},"thumbnailUrl":"https:\/\/www.alumni.space\/wp-content\/uploads\/2026\/03\/La-pharmacie-face-au-defi-du-renouvellement-generationnel.jpg","articleSection":["Recursos Humanos"],"inLanguage":"es"},{"@type":"WebPage","@id":"https:\/\/www.alumni.space\/es\/la-farmacia-se-enfrenta-al-reto-de-la-renovacion-generacional\/","url":"https:\/\/www.alumni.space\/es\/la-farmacia-se-enfrenta-al-reto-de-la-renovacion-generacional\/","name":"Farmacias: Afrontar el reto de la renovaci\u00f3n generacional","isPartOf":{"@id":"https:\/\/www.alumni.space\/es\/#website"},"primaryImageOfPage":{"@id":"https:\/\/www.alumni.space\/es\/la-farmacia-se-enfrenta-al-reto-de-la-renovacion-generacional\/#primaryimage"},"image":{"@id":"https:\/\/www.alumni.space\/es\/la-farmacia-se-enfrenta-al-reto-de-la-renovacion-generacional\/#primaryimage"},"thumbnailUrl":"https:\/\/www.alumni.space\/wp-content\/uploads\/2026\/03\/La-pharmacie-face-au-defi-du-renouvellement-generationnel.jpg","datePublished":"2024-09-23T11:29:59+00:00","dateModified":"2026-04-02T12:04:49+00:00","author":{"@id":"https:\/\/www.alumni.space\/es\/#\/schema\/person\/fede362a57876edda476a61f05ce5b15"},"description":"Descubre c\u00f3mo la industria farmac\u00e9utica est\u00e1 afrontando el reto de la renovaci\u00f3n generacional para garantizar un futuro sostenible e innovador al sector sanitario.","breadcrumb":{"@id":"https:\/\/www.alumni.space\/es\/la-farmacia-se-enfrenta-al-reto-de-la-renovacion-generacional\/#breadcrumb"},"inLanguage":"es","potentialAction":[{"@type":"ReadAction","target":["https:\/\/www.alumni.space\/es\/la-farmacia-se-enfrenta-al-reto-de-la-renovacion-generacional\/"]}]},{"@type":"ImageObject","inLanguage":"es","@id":"https:\/\/www.alumni.space\/es\/la-farmacia-se-enfrenta-al-reto-de-la-renovacion-generacional\/#primaryimage","url":"https:\/\/www.alumni.space\/wp-content\/uploads\/2026\/03\/La-pharmacie-face-au-defi-du-renouvellement-generationnel.jpg","contentUrl":"https:\/\/www.alumni.space\/wp-content\/uploads\/2026\/03\/La-pharmacie-face-au-defi-du-renouvellement-generationnel.jpg","width":1280,"height":768,"caption":"descubre c\u00f3mo la farmacia se est\u00e1 adaptando al reto de la renovaci\u00f3n generacional mediante la integraci\u00f3n de las nuevas tecnolog\u00edas y la formaci\u00f3n de la pr\u00f3xima generaci\u00f3n de profesionales sanitarios."},{"@type":"BreadcrumbList","@id":"https:\/\/www.alumni.space\/es\/la-farmacia-se-enfrenta-al-reto-de-la-renovacion-generacional\/#breadcrumb","itemListElement":[{"@type":"ListItem","position":1,"name":"Home","item":"https:\/\/www.alumni.space\/es\/plataforma-de-tutoria-y-gestion-de-antiguos-alumnos\/"},{"@type":"ListItem","position":2,"name":"La farmacia se enfrenta al reto de la renovaci\u00f3n generacional"}]},{"@type":"WebSite","@id":"https:\/\/www.alumni.space\/es\/#website","url":"https:\/\/www.alumni.space\/es\/","name":"Alumni.space","description":"My WordPress Blog","potentialAction":[{"@type":"SearchAction","target":{"@type":"EntryPoint","urlTemplate":"https:\/\/www.alumni.space\/es\/?s={search_term_string}"},"query-input":{"@type":"PropertyValueSpecification","valueRequired":true,"valueName":"search_term_string"}}],"inLanguage":"es"},{"@type":"Person","@id":"https:\/\/www.alumni.space\/es\/#\/schema\/person\/fede362a57876edda476a61f05ce5b15","name":"admin","image":{"@type":"ImageObject","inLanguage":"es","@id":"https:\/\/secure.gravatar.com\/avatar\/318e234ae94f90d4d629428d6b983c08e31181c28f579e08a021180d759ea651?s=96&d=mm&r=g","url":"https:\/\/secure.gravatar.com\/avatar\/318e234ae94f90d4d629428d6b983c08e31181c28f579e08a021180d759ea651?s=96&d=mm&r=g","contentUrl":"https:\/\/secure.gravatar.com\/avatar\/318e234ae94f90d4d629428d6b983c08e31181c28f579e08a021180d759ea651?s=96&d=mm&r=g","caption":"admin"},"description":"Nicolas Laustriat a construit sa sp\u00e9cialit\u00e9 sur un sujet que beaucoup d\u2019organisations d\u00e9couvrent trop tard : ce qui dispara\u00eet quand les gens partent. Dipl\u00f4m\u00e9 en conception de produit industriel, il bifurque vers le digital fin 1996, il couvre les transformations marques, RH, la fid\u00e9lisation, la marque employeur. Sur le terrain, il rep\u00e8re un angle mort r\u00e9current : l\u2019entreprise investit dans le recrutement, la formation, les process\u2026 puis laisse filer le lien au moment du d\u00e9part, avec une perte de savoir et d\u2019influence qui se paie en silence. Il se sp\u00e9cialise alors sur les communaut\u00e9s d\u2019alumni, le mentorat, l\u2019entraide interg\u00e9n\u00e9rationnelle et la transmission d\u2019expertise. Il passe du \u201cconstat\u201d aux m\u00e9thodes : animation, gouvernance, segmentation, rituels, mesure d\u2019engagement, articulation avec la RSE et l\u2019employabilit\u00e9. Il interviewe DRH, responsables formation, directions d\u2019\u00e9coles, associations et fondations, avec une obsession : transformer un r\u00e9seau dormant en m\u00e9canisme utile (cooptation, mentorat, job board, entraide, \u00e9v\u00e9nements, contenus). Son style : direct, orient\u00e9 action, sans folklore. Sa conviction : une communaut\u00e9 n\u2019a pas besoin de bruit, elle a besoin de raisons de revenir.","sameAs":["https:\/\/www.alumni.space"]}]}},"_links":{"self":[{"href":"https:\/\/www.alumni.space\/es\/wp-json\/wp\/v2\/posts\/5718","targetHints":{"allow":["GET"]}}],"collection":[{"href":"https:\/\/www.alumni.space\/es\/wp-json\/wp\/v2\/posts"}],"about":[{"href":"https:\/\/www.alumni.space\/es\/wp-json\/wp\/v2\/types\/post"}],"author":[{"embeddable":true,"href":"https:\/\/www.alumni.space\/es\/wp-json\/wp\/v2\/users\/1"}],"replies":[{"embeddable":true,"href":"https:\/\/www.alumni.space\/es\/wp-json\/wp\/v2\/comments?post=5718"}],"version-history":[{"count":2,"href":"https:\/\/www.alumni.space\/es\/wp-json\/wp\/v2\/posts\/5718\/revisions"}],"predecessor-version":[{"id":6935,"href":"https:\/\/www.alumni.space\/es\/wp-json\/wp\/v2\/posts\/5718\/revisions\/6935"}],"wp:featuredmedia":[{"embeddable":true,"href":"https:\/\/www.alumni.space\/es\/wp-json\/wp\/v2\/media\/5720"}],"wp:attachment":[{"href":"https:\/\/www.alumni.space\/es\/wp-json\/wp\/v2\/media?parent=5718"}],"wp:term":[{"taxonomy":"category","embeddable":true,"href":"https:\/\/www.alumni.space\/es\/wp-json\/wp\/v2\/categories?post=5718"},{"taxonomy":"post_tag","embeddable":true,"href":"https:\/\/www.alumni.space\/es\/wp-json\/wp\/v2\/tags?post=5718"}],"curies":[{"name":"wp","href":"https:\/\/api.w.org\/{rel}","templated":true}]}}