{"id":5690,"date":"2026-03-07T23:24:32","date_gmt":"2026-03-07T23:24:32","guid":{"rendered":"https:\/\/www.alumni.space\/alumni-y-desarrollo-empresarial-una-combinacion-ganadora\/"},"modified":"2026-03-28T10:40:47","modified_gmt":"2026-03-28T10:40:47","slug":"alumni-y-desarrollo-empresarial-una-combinacion-ganadora","status":"publish","type":"post","link":"https:\/\/www.alumni.space\/es\/alumni-y-desarrollo-empresarial-una-combinacion-ganadora\/","title":{"rendered":"Alumni y desarrollo empresarial: una combinaci\u00f3n ganadora"},"content":{"rendered":"<p><strong>Alumni<\/strong> y <strong>Desarrollo Empresarial<\/strong>: una combinaci\u00f3n dise\u00f1ada para crear <strong>Oportunidades de Negocio<\/strong> y <strong>Crecimiento<\/strong> mediante la creaci\u00f3n de redes estructuradas. Presentaci\u00f3n de un enfoque operativo para los responsables de la toma de decisiones, con beneficios cuantificables en t\u00e9rminos de integraci\u00f3n, cooptaci\u00f3n y fidelizaci\u00f3n. <\/p><p>Resumen r\u00e1pido: conservar el capital de experiencia, activar la red para generar clientes potenciales cualificados y profesionalizar <strong>la tutor\u00eda<\/strong> para conseguir un impacto en RRHH y RSC.<\/p><div id=\"ez-toc-container\" class=\"ez-toc-v2_0_82_2 counter-flat ez-toc-counter ez-toc-grey ez-toc-container-direction\">\n<div class=\"ez-toc-title-container\"><p class=\"ez-toc-title\" style=\"cursor:inherit\">En este art\u00edculo se trata lo siguiente:<\/p>\n<\/div><nav><ul class='ez-toc-list ez-toc-list-level-1 ' ><li class='ez-toc-page-1'><a class=\"ez-toc-link ez-toc-heading-1\" href=\"https:\/\/www.alumni.space\/es\/alumni-y-desarrollo-empresarial-una-combinacion-ganadora\/#Alumni_y_desarrollo_empresarial_una_palanca_para_el_crecimiento_comercial\" >Alumni y desarrollo empresarial: una palanca para el crecimiento comercial<\/a><\/li><li class='ez-toc-page-1'><a class=\"ez-toc-link ez-toc-heading-2\" href=\"https:\/\/www.alumni.space\/es\/alumni-y-desarrollo-empresarial-una-combinacion-ganadora\/#Metodo_para_integrar_a_los_antiguos_alumnos_en_el_Desarrollo_Empresarial\" >M\u00e9todo para integrar a los antiguos alumnos en el Desarrollo Empresarial<\/a><\/li><li class='ez-toc-page-1'><a class=\"ez-toc-link ez-toc-heading-3\" href=\"https:\/\/www.alumni.space\/es\/alumni-y-desarrollo-empresarial-una-combinacion-ganadora\/#Coordinacion_de_la_red_de_antiguos_alumnos_para_el_employer_branding_y_las_relaciones_profesionales\" >Coordinaci\u00f3n de la red de antiguos alumnos para el employer branding y las relaciones profesionales<\/a><\/li><li class='ez-toc-page-1'><a class=\"ez-toc-link ez-toc-heading-4\" href=\"https:\/\/www.alumni.space\/es\/alumni-y-desarrollo-empresarial-una-combinacion-ganadora\/#Ponerlo_en_practica_gobernanza_indicadores_y_rituales_para_los_responsables_de_la_toma_de_decisiones\" >Ponerlo en pr\u00e1ctica: gobernanza, indicadores y rituales para los responsables de la toma de decisiones<\/a><\/li><li class='ez-toc-page-1'><a class=\"ez-toc-link ez-toc-heading-5\" href=\"https:\/\/www.alumni.space\/es\/alumni-y-desarrollo-empresarial-una-combinacion-ganadora\/#Caso_practico_activacion_comercial_por_una_red_de_antiguos_alumnos\" >Caso pr\u00e1ctico: activaci\u00f3n comercial por una red de antiguos alumnos<\/a><\/li><\/ul><\/nav><\/div>\n<h2 class=\"wp-block-heading\"><span class=\"ez-toc-section\" id=\"Alumni_y_desarrollo_empresarial_una_palanca_para_el_crecimiento_comercial\"><\/span>Alumni y desarrollo empresarial: una palanca para el <strong>crecimiento<\/strong> comercial<span class=\"ez-toc-section-end\"><\/span><\/h2><p>Contexto: los mercados competitivos, la elevada rotaci\u00f3n de personal y los silos internos crean una p\u00e9rdida progresiva de conocimientos. Consecuencias econ\u00f3micas: tiempo perdido, oportunidades desaprovechadas, imagen de empleador debilitada. <\/p><p>Para un director de ventas, movilizar a los antiguos alumnos representa un canal de <strong>networking<\/strong> listo para usar, que probablemente alimente el pipeline a trav\u00e9s de recomendaciones y asociaciones. Visi\u00f3n final: activar la red de antiguos alumnos convierte los contactos difusos en <strong>oportunidades de negocio<\/strong>. <\/p><h3 class=\"wp-block-heading\"><span class=\"ez-toc-section\" id=\"Metodo_para_integrar_a_los_antiguos_alumnos_en_el_Desarrollo_Empresarial\"><\/span>M\u00e9todo para integrar a los antiguos alumnos en el <strong>Desarrollo Empresarial<\/strong><span class=\"ez-toc-section-end\"><\/span><\/h3><p>Identificaci\u00f3n de perfiles relevantes, segmentaci\u00f3n por competencias e historial de colaboraci\u00f3n, puesta en marcha de un itinerario mentor-alumno orientado al mercado. Rituales recomendados: sesiones regulares de pitch, bancos de ofertas compartidas, seguimiento de las referencias. <\/p><p>Industrializaci\u00f3n mediante una plataforma que evita las hojas de c\u00e1lculo y las herramientas dispersas; perfiles centralizados, <strong>tutor\u00eda<\/strong>, bolsa de trabajo y trazabilidad de las interacciones. Conclusi\u00f3n final: la formalizaci\u00f3n del proceso reduce el tiempo de contrataci\u00f3n y aumenta la tasa de cooptaci\u00f3n. <\/p><figure class=\"wp-block-image size-full\"><img decoding=\"async\" width=\"1344\" height=\"768\" src=\"https:\/\/www.alumni.space\/wp-content\/uploads\/2026\/03\/Alumni-et-business-development-une-combinaison-gagnante-1.jpg\" data-orig-src=\"https:\/\/www.alumni.space\/wp-content\/uploads\/2026\/03\/Alumni-et-business-development-une-combinaison-gagnante-1.jpg\" alt=\"descubre c\u00f3mo el v\u00ednculo entre los antiguos alumnos y el desarrollo empresarial crea una sinergia eficaz para impulsar el crecimiento y las oportunidades profesionales.\" class=\"lazyload wp-image-3375\" srcset=\"data:image\/svg+xml,%3Csvg%20xmlns%3D%27http%3A%2F%2Fwww.w3.org%2F2000%2Fsvg%27%20width%3D%271344%27%20height%3D%27768%27%20viewBox%3D%270%200%201344%20768%27%3E%3Crect%20width%3D%271344%27%20height%3D%27768%27%20fill-opacity%3D%220%22%2F%3E%3C%2Fsvg%3E\" data-srcset=\"https:\/\/www.alumni.space\/wp-content\/uploads\/2026\/03\/Alumni-et-business-development-une-combinaison-gagnante-1-200x114.jpg 200w, https:\/\/www.alumni.space\/wp-content\/uploads\/2026\/03\/Alumni-et-business-development-une-combinaison-gagnante-1-300x171.jpg 300w, https:\/\/www.alumni.space\/wp-content\/uploads\/2026\/03\/Alumni-et-business-development-une-combinaison-gagnante-1-400x229.jpg 400w, https:\/\/www.alumni.space\/wp-content\/uploads\/2026\/03\/Alumni-et-business-development-une-combinaison-gagnante-1-600x343.jpg 600w, https:\/\/www.alumni.space\/wp-content\/uploads\/2026\/03\/Alumni-et-business-development-une-combinaison-gagnante-1-768x439.jpg 768w, https:\/\/www.alumni.space\/wp-content\/uploads\/2026\/03\/Alumni-et-business-development-une-combinaison-gagnante-1-800x457.jpg 800w, https:\/\/www.alumni.space\/wp-content\/uploads\/2026\/03\/Alumni-et-business-development-une-combinaison-gagnante-1-1024x585.jpg 1024w, https:\/\/www.alumni.space\/wp-content\/uploads\/2026\/03\/Alumni-et-business-development-une-combinaison-gagnante-1-1200x686.jpg 1200w, https:\/\/www.alumni.space\/wp-content\/uploads\/2026\/03\/Alumni-et-business-development-une-combinaison-gagnante-1.jpg 1344w\" data-sizes=\"auto\" data-orig-sizes=\"(max-width: 1344px) 100vw, 1344px\" \/><\/figure><h2 class=\"wp-block-heading\"><span class=\"ez-toc-section\" id=\"Coordinacion_de_la_red_de_antiguos_alumnos_para_el_employer_branding_y_las_relaciones_profesionales\"><\/span>Coordinaci\u00f3n de la red de antiguos alumnos para el employer branding y las <strong>relaciones profesionales<\/strong><span class=\"ez-toc-section-end\"><\/span><\/h2><p>Replanteamiento de la pol\u00edtica de RSE: ampliaci\u00f3n de la responsabilidad organizativa m\u00e1s all\u00e1 del contrato mediante la transmisi\u00f3n de competencias, la inclusi\u00f3n intergeneracional, el apoyo a la empleabilidad y el voluntariado de competencias. Resultados visibles: capitalizar la experiencia evita desperdiciar conocimientos y refuerza el mensaje del empleador. <\/p><p>En t\u00e9rminos de marca de empleador, una red viva genera testimonios cre\u00edbles, una incorporaci\u00f3n m\u00e1s fluida y unas trayectorias profesionales m\u00e1s transparentes. La idea final: un programa de antiguos alumnos bien gestionado se convierte en un argumento atractivo y una herramienta de retenci\u00f3n. <\/p><p>\u00bfEres un departamento de RRHH, una escuela, una asociaci\u00f3n o una fundaci\u00f3n? <strong>Nuestra soluci\u00f3n<\/strong> centraliza perfiles, eventos, ofertas y tutor\u00edas para fomentar la colaboraci\u00f3n y las asociaciones.<\/p><p>Recurso \u00fatil: <a href=\"https:\/\/www.alumni.space\/es\/como-implicar-a-los-antiguos-alumnos-en-tus-actos-corporativos\/\">Involucrar a los antiguos alumnos en eventos<\/a> para acelerar el v\u00ednculo con los equipos sobre el terreno.<\/p><h3 class=\"wp-block-heading\"><span class=\"ez-toc-section\" id=\"Ponerlo_en_practica_gobernanza_indicadores_y_rituales_para_los_responsables_de_la_toma_de_decisiones\"><\/span>Ponerlo en pr\u00e1ctica: gobernanza, indicadores y rituales para los responsables de la toma de decisiones<span class=\"ez-toc-section-end\"><\/span><\/h3><p>Gobernanza sencilla: piloto dedicado, comit\u00e9 estrat\u00e9gico de antiguos alumnos, cap\u00edtulos locales responsables del liderazgo. Ritmo operativo: calendario trimestral de eventos, sesiones mensuales de tutor\u00eda, informes trimestrales de participaci\u00f3n. <\/p><p>KPI prioritarios: tasa de adopci\u00f3n, horas de tutor\u00eda realizadas, n\u00famero de referencias convertidas en contrataci\u00f3n, impacto en el churn. Se puede utilizar una plataforma SaaS para industrializar el proceso, evitando la dispersi\u00f3n de herramientas y facilitando la gesti\u00f3n. Idea final: medir el impacto convierte la iniciativa en apalancamiento presupuestario.  <\/p><h2 class=\"wp-block-heading\"><span class=\"ez-toc-section\" id=\"Caso_practico_activacion_comercial_por_una_red_de_antiguos_alumnos\"><\/span>Caso pr\u00e1ctico: activaci\u00f3n comercial por una red de antiguos alumnos<span class=\"ez-toc-section-end\"><\/span><\/h2><p>Empresa ficticia Novalys, una PYME tecnol\u00f3gica que se enfrenta a una aceleraci\u00f3n de la contrataci\u00f3n y a clientes potenciales poco cualificados. Creaci\u00f3n de un club de antiguos alumnos, sesiones de emparejamiento entre expertos y clientes e integraci\u00f3n de una bolsa de trabajo interna. <\/p><p>Resultados observados: aumento de las referencias, captaci\u00f3n de clientes potenciales a trav\u00e9s de antiguos empleados, aparici\u00f3n de <strong>asociaciones<\/strong> y proyectos conjuntos<strong>de innovaci\u00f3n<\/strong>. Visi\u00f3n final: una gobernanza sencilla ofrece resultados r\u00e1pidos en prospecci\u00f3n y contrataci\u00f3n. <\/p><p>Recurso complementario: <a href=\"https:\/\/www.alumni.space\/es\/gestion-de-una-red-de-antiguos-alumnos-errores-que-debes-evitar\/\">Promociona tu red de antiguos alumnos<\/a> para convertir el compromiso en valor comercial.<\/p><p><strong>Activaci\u00f3n recomendada esta semana<\/strong>: definir un piloto, hacer una lista de 50 antiguos alumnos prioritarios, planificar un evento de b\u00fasqueda de socios y establecer los primeros KPI de seguimiento.<\/p><p><strong>Solicita una demostraci\u00f3n<\/strong><\/p>","protected":false},"excerpt":{"rendered":"<p>Alumni y Desarrollo Empresarial: una combinaci\u00f3n dise\u00f1ada para crear Oportunidades  [&#8230;]<\/p>\n","protected":false},"author":1,"featured_media":5692,"comment_status":"closed","ping_status":"closed","sticky":false,"template":"","format":"standard","meta":{"_ayudawp_aiss_exclude":false,"footnotes":""},"categories":[72],"tags":[],"class_list":["post-5690","post","type-post","status-publish","format-standard","has-post-thumbnail","hentry","category-antiguos-alumnos"],"yoast_head":"<!-- This site is optimized with the Yoast SEO plugin v27.4 - https:\/\/yoast.com\/product\/yoast-seo-wordpress\/ -->\n<title>Antiguos alumnos y desarrollo empresarial: un d\u00fao ganador<\/title>\n<meta name=\"description\" content=\"Descubre c\u00f3mo los antiguos alumnos impulsan el desarrollo empresarial y crean oportunidades \u00fanicas para un crecimiento exitoso y sostenible.\" \/>\n<meta name=\"robots\" content=\"index, follow, max-snippet:-1, max-image-preview:large, max-video-preview:-1\" \/>\n<link rel=\"canonical\" href=\"https:\/\/www.alumni.space\/es\/alumni-y-desarrollo-empresarial-una-combinacion-ganadora\/\" \/>\n<meta property=\"og:locale\" content=\"es_ES\" \/>\n<meta property=\"og:type\" content=\"article\" \/>\n<meta property=\"og:title\" content=\"Antiguos alumnos y desarrollo empresarial: un d\u00fao ganador\" \/>\n<meta property=\"og:description\" content=\"Descubre c\u00f3mo los antiguos alumnos impulsan el desarrollo empresarial y crean oportunidades \u00fanicas para un crecimiento exitoso y sostenible.\" \/>\n<meta property=\"og:url\" content=\"https:\/\/www.alumni.space\/es\/alumni-y-desarrollo-empresarial-una-combinacion-ganadora\/\" \/>\n<meta property=\"og:site_name\" content=\"Alumni.space\" \/>\n<meta property=\"article:published_time\" content=\"2026-03-07T23:24:32+00:00\" \/>\n<meta property=\"article:modified_time\" content=\"2026-03-28T10:40:47+00:00\" \/>\n<meta property=\"og:image\" content=\"https:\/\/www.alumni.space\/wp-content\/uploads\/2026\/03\/Alumni-et-business-development-une-combinaison-gagnante.jpg\" \/>\n\t<meta property=\"og:image:width\" content=\"1344\" \/>\n\t<meta property=\"og:image:height\" content=\"768\" \/>\n\t<meta property=\"og:image:type\" content=\"image\/jpeg\" \/>\n<meta name=\"author\" content=\"admin\" \/>\n<meta name=\"twitter:card\" content=\"summary_large_image\" \/>\n<meta name=\"twitter:label1\" content=\"Escrito por\" \/>\n\t<meta name=\"twitter:data1\" content=\"admin\" \/>\n\t<meta name=\"twitter:label2\" content=\"Tiempo de lectura\" \/>\n\t<meta name=\"twitter:data2\" content=\"3 minutos\" \/>\n<script type=\"application\/ld+json\" class=\"yoast-schema-graph\">{\"@context\":\"https:\\\/\\\/schema.org\",\"@graph\":[{\"@type\":\"Article\",\"@id\":\"https:\\\/\\\/www.alumni.space\\\/es\\\/alumni-y-desarrollo-empresarial-una-combinacion-ganadora\\\/#article\",\"isPartOf\":{\"@id\":\"https:\\\/\\\/www.alumni.space\\\/es\\\/alumni-y-desarrollo-empresarial-una-combinacion-ganadora\\\/\"},\"author\":{\"name\":\"admin\",\"@id\":\"https:\\\/\\\/www.alumni.space\\\/es\\\/#\\\/schema\\\/person\\\/fede362a57876edda476a61f05ce5b15\"},\"headline\":\"Alumni y desarrollo empresarial: una combinaci\u00f3n ganadora\",\"datePublished\":\"2026-03-07T23:24:32+00:00\",\"dateModified\":\"2026-03-28T10:40:47+00:00\",\"mainEntityOfPage\":{\"@id\":\"https:\\\/\\\/www.alumni.space\\\/es\\\/alumni-y-desarrollo-empresarial-una-combinacion-ganadora\\\/\"},\"wordCount\":699,\"image\":{\"@id\":\"https:\\\/\\\/www.alumni.space\\\/es\\\/alumni-y-desarrollo-empresarial-una-combinacion-ganadora\\\/#primaryimage\"},\"thumbnailUrl\":\"https:\\\/\\\/www.alumni.space\\\/wp-content\\\/uploads\\\/2026\\\/03\\\/Alumni-et-business-development-une-combinaison-gagnante.jpg\",\"articleSection\":[\"Antiguos alumnos\"],\"inLanguage\":\"es\"},{\"@type\":\"WebPage\",\"@id\":\"https:\\\/\\\/www.alumni.space\\\/es\\\/alumni-y-desarrollo-empresarial-una-combinacion-ganadora\\\/\",\"url\":\"https:\\\/\\\/www.alumni.space\\\/es\\\/alumni-y-desarrollo-empresarial-una-combinacion-ganadora\\\/\",\"name\":\"Antiguos alumnos y desarrollo empresarial: un d\u00fao ganador\",\"isPartOf\":{\"@id\":\"https:\\\/\\\/www.alumni.space\\\/es\\\/#website\"},\"primaryImageOfPage\":{\"@id\":\"https:\\\/\\\/www.alumni.space\\\/es\\\/alumni-y-desarrollo-empresarial-una-combinacion-ganadora\\\/#primaryimage\"},\"image\":{\"@id\":\"https:\\\/\\\/www.alumni.space\\\/es\\\/alumni-y-desarrollo-empresarial-una-combinacion-ganadora\\\/#primaryimage\"},\"thumbnailUrl\":\"https:\\\/\\\/www.alumni.space\\\/wp-content\\\/uploads\\\/2026\\\/03\\\/Alumni-et-business-development-une-combinaison-gagnante.jpg\",\"datePublished\":\"2026-03-07T23:24:32+00:00\",\"dateModified\":\"2026-03-28T10:40:47+00:00\",\"author\":{\"@id\":\"https:\\\/\\\/www.alumni.space\\\/es\\\/#\\\/schema\\\/person\\\/fede362a57876edda476a61f05ce5b15\"},\"description\":\"Descubre c\u00f3mo los antiguos alumnos impulsan el desarrollo empresarial y crean oportunidades \u00fanicas para un crecimiento exitoso y sostenible.\",\"breadcrumb\":{\"@id\":\"https:\\\/\\\/www.alumni.space\\\/es\\\/alumni-y-desarrollo-empresarial-una-combinacion-ganadora\\\/#breadcrumb\"},\"inLanguage\":\"es\",\"potentialAction\":[{\"@type\":\"ReadAction\",\"target\":[\"https:\\\/\\\/www.alumni.space\\\/es\\\/alumni-y-desarrollo-empresarial-una-combinacion-ganadora\\\/\"]}]},{\"@type\":\"ImageObject\",\"inLanguage\":\"es\",\"@id\":\"https:\\\/\\\/www.alumni.space\\\/es\\\/alumni-y-desarrollo-empresarial-una-combinacion-ganadora\\\/#primaryimage\",\"url\":\"https:\\\/\\\/www.alumni.space\\\/wp-content\\\/uploads\\\/2026\\\/03\\\/Alumni-et-business-development-une-combinaison-gagnante.jpg\",\"contentUrl\":\"https:\\\/\\\/www.alumni.space\\\/wp-content\\\/uploads\\\/2026\\\/03\\\/Alumni-et-business-development-une-combinaison-gagnante.jpg\",\"width\":1344,\"height\":768,\"caption\":\"descubre c\u00f3mo la red de antiguos alumnos estimula el desarrollo empresarial, creando oportunidades \u00fanicas y un crecimiento sostenible para las empresas.\"},{\"@type\":\"BreadcrumbList\",\"@id\":\"https:\\\/\\\/www.alumni.space\\\/es\\\/alumni-y-desarrollo-empresarial-una-combinacion-ganadora\\\/#breadcrumb\",\"itemListElement\":[{\"@type\":\"ListItem\",\"position\":1,\"name\":\"Home\",\"item\":\"https:\\\/\\\/www.alumni.space\\\/es\\\/plataforma-de-tutoria-y-gestion-de-antiguos-alumnos\\\/\"},{\"@type\":\"ListItem\",\"position\":2,\"name\":\"Alumni y desarrollo empresarial: una combinaci\u00f3n ganadora\"}]},{\"@type\":\"WebSite\",\"@id\":\"https:\\\/\\\/www.alumni.space\\\/es\\\/#website\",\"url\":\"https:\\\/\\\/www.alumni.space\\\/es\\\/\",\"name\":\"Alumni.space\",\"description\":\"My WordPress Blog\",\"potentialAction\":[{\"@type\":\"SearchAction\",\"target\":{\"@type\":\"EntryPoint\",\"urlTemplate\":\"https:\\\/\\\/www.alumni.space\\\/es\\\/?s={search_term_string}\"},\"query-input\":{\"@type\":\"PropertyValueSpecification\",\"valueRequired\":true,\"valueName\":\"search_term_string\"}}],\"inLanguage\":\"es\"},{\"@type\":\"Person\",\"@id\":\"https:\\\/\\\/www.alumni.space\\\/es\\\/#\\\/schema\\\/person\\\/fede362a57876edda476a61f05ce5b15\",\"name\":\"admin\",\"image\":{\"@type\":\"ImageObject\",\"inLanguage\":\"es\",\"@id\":\"https:\\\/\\\/secure.gravatar.com\\\/avatar\\\/318e234ae94f90d4d629428d6b983c08e31181c28f579e08a021180d759ea651?s=96&d=mm&r=g\",\"url\":\"https:\\\/\\\/secure.gravatar.com\\\/avatar\\\/318e234ae94f90d4d629428d6b983c08e31181c28f579e08a021180d759ea651?s=96&d=mm&r=g\",\"contentUrl\":\"https:\\\/\\\/secure.gravatar.com\\\/avatar\\\/318e234ae94f90d4d629428d6b983c08e31181c28f579e08a021180d759ea651?s=96&d=mm&r=g\",\"caption\":\"admin\"},\"description\":\"Nicolas Laustriat a construit sa sp\u00e9cialit\u00e9 sur un sujet que beaucoup d\u2019organisations d\u00e9couvrent trop tard : ce qui dispara\u00eet quand les gens partent. Dipl\u00f4m\u00e9 en conception de produit industriel, il bifurque vers le digital fin 1996, il couvre les transformations marques, RH, la fid\u00e9lisation, la marque employeur. Sur le terrain, il rep\u00e8re un angle mort r\u00e9current : l\u2019entreprise investit dans le recrutement, la formation, les process\u2026 puis laisse filer le lien au moment du d\u00e9part, avec une perte de savoir et d\u2019influence qui se paie en silence. Il se sp\u00e9cialise alors sur les communaut\u00e9s d\u2019alumni, le mentorat, l\u2019entraide interg\u00e9n\u00e9rationnelle et la transmission d\u2019expertise. Il passe du \u201cconstat\u201d aux m\u00e9thodes : animation, gouvernance, segmentation, rituels, mesure d\u2019engagement, articulation avec la RSE et l\u2019employabilit\u00e9. Il interviewe DRH, responsables formation, directions d\u2019\u00e9coles, associations et fondations, avec une obsession : transformer un r\u00e9seau dormant en m\u00e9canisme utile (cooptation, mentorat, job board, entraide, \u00e9v\u00e9nements, contenus). Son style : direct, orient\u00e9 action, sans folklore. Sa conviction : une communaut\u00e9 n\u2019a pas besoin de bruit, elle a besoin de raisons de revenir.\",\"sameAs\":[\"https:\\\/\\\/www.alumni.space\"]}]}<\/script>\n<!-- \/ Yoast SEO plugin. -->","yoast_head_json":{"title":"Antiguos alumnos y desarrollo empresarial: un d\u00fao ganador","description":"Descubre c\u00f3mo los antiguos alumnos impulsan el desarrollo empresarial y crean oportunidades \u00fanicas para un crecimiento exitoso y sostenible.","robots":{"index":"index","follow":"follow","max-snippet":"max-snippet:-1","max-image-preview":"max-image-preview:large","max-video-preview":"max-video-preview:-1"},"canonical":"https:\/\/www.alumni.space\/es\/alumni-y-desarrollo-empresarial-una-combinacion-ganadora\/","og_locale":"es_ES","og_type":"article","og_title":"Antiguos alumnos y desarrollo empresarial: un d\u00fao ganador","og_description":"Descubre c\u00f3mo los antiguos alumnos impulsan el desarrollo empresarial y crean oportunidades \u00fanicas para un crecimiento exitoso y sostenible.","og_url":"https:\/\/www.alumni.space\/es\/alumni-y-desarrollo-empresarial-una-combinacion-ganadora\/","og_site_name":"Alumni.space","article_published_time":"2026-03-07T23:24:32+00:00","article_modified_time":"2026-03-28T10:40:47+00:00","og_image":[{"width":1344,"height":768,"url":"https:\/\/www.alumni.space\/wp-content\/uploads\/2026\/03\/Alumni-et-business-development-une-combinaison-gagnante.jpg","type":"image\/jpeg"}],"author":"admin","twitter_card":"summary_large_image","twitter_misc":{"Escrito por":"admin","Tiempo de lectura":"3 minutos"},"schema":{"@context":"https:\/\/schema.org","@graph":[{"@type":"Article","@id":"https:\/\/www.alumni.space\/es\/alumni-y-desarrollo-empresarial-una-combinacion-ganadora\/#article","isPartOf":{"@id":"https:\/\/www.alumni.space\/es\/alumni-y-desarrollo-empresarial-una-combinacion-ganadora\/"},"author":{"name":"admin","@id":"https:\/\/www.alumni.space\/es\/#\/schema\/person\/fede362a57876edda476a61f05ce5b15"},"headline":"Alumni y desarrollo empresarial: una combinaci\u00f3n ganadora","datePublished":"2026-03-07T23:24:32+00:00","dateModified":"2026-03-28T10:40:47+00:00","mainEntityOfPage":{"@id":"https:\/\/www.alumni.space\/es\/alumni-y-desarrollo-empresarial-una-combinacion-ganadora\/"},"wordCount":699,"image":{"@id":"https:\/\/www.alumni.space\/es\/alumni-y-desarrollo-empresarial-una-combinacion-ganadora\/#primaryimage"},"thumbnailUrl":"https:\/\/www.alumni.space\/wp-content\/uploads\/2026\/03\/Alumni-et-business-development-une-combinaison-gagnante.jpg","articleSection":["Antiguos alumnos"],"inLanguage":"es"},{"@type":"WebPage","@id":"https:\/\/www.alumni.space\/es\/alumni-y-desarrollo-empresarial-una-combinacion-ganadora\/","url":"https:\/\/www.alumni.space\/es\/alumni-y-desarrollo-empresarial-una-combinacion-ganadora\/","name":"Antiguos alumnos y desarrollo empresarial: un d\u00fao ganador","isPartOf":{"@id":"https:\/\/www.alumni.space\/es\/#website"},"primaryImageOfPage":{"@id":"https:\/\/www.alumni.space\/es\/alumni-y-desarrollo-empresarial-una-combinacion-ganadora\/#primaryimage"},"image":{"@id":"https:\/\/www.alumni.space\/es\/alumni-y-desarrollo-empresarial-una-combinacion-ganadora\/#primaryimage"},"thumbnailUrl":"https:\/\/www.alumni.space\/wp-content\/uploads\/2026\/03\/Alumni-et-business-development-une-combinaison-gagnante.jpg","datePublished":"2026-03-07T23:24:32+00:00","dateModified":"2026-03-28T10:40:47+00:00","author":{"@id":"https:\/\/www.alumni.space\/es\/#\/schema\/person\/fede362a57876edda476a61f05ce5b15"},"description":"Descubre c\u00f3mo los antiguos alumnos impulsan el desarrollo empresarial y crean oportunidades \u00fanicas para un crecimiento exitoso y sostenible.","breadcrumb":{"@id":"https:\/\/www.alumni.space\/es\/alumni-y-desarrollo-empresarial-una-combinacion-ganadora\/#breadcrumb"},"inLanguage":"es","potentialAction":[{"@type":"ReadAction","target":["https:\/\/www.alumni.space\/es\/alumni-y-desarrollo-empresarial-una-combinacion-ganadora\/"]}]},{"@type":"ImageObject","inLanguage":"es","@id":"https:\/\/www.alumni.space\/es\/alumni-y-desarrollo-empresarial-una-combinacion-ganadora\/#primaryimage","url":"https:\/\/www.alumni.space\/wp-content\/uploads\/2026\/03\/Alumni-et-business-development-une-combinaison-gagnante.jpg","contentUrl":"https:\/\/www.alumni.space\/wp-content\/uploads\/2026\/03\/Alumni-et-business-development-une-combinaison-gagnante.jpg","width":1344,"height":768,"caption":"descubre c\u00f3mo la red de antiguos alumnos estimula el desarrollo empresarial, creando oportunidades \u00fanicas y un crecimiento sostenible para las empresas."},{"@type":"BreadcrumbList","@id":"https:\/\/www.alumni.space\/es\/alumni-y-desarrollo-empresarial-una-combinacion-ganadora\/#breadcrumb","itemListElement":[{"@type":"ListItem","position":1,"name":"Home","item":"https:\/\/www.alumni.space\/es\/plataforma-de-tutoria-y-gestion-de-antiguos-alumnos\/"},{"@type":"ListItem","position":2,"name":"Alumni y desarrollo empresarial: una combinaci\u00f3n ganadora"}]},{"@type":"WebSite","@id":"https:\/\/www.alumni.space\/es\/#website","url":"https:\/\/www.alumni.space\/es\/","name":"Alumni.space","description":"My WordPress Blog","potentialAction":[{"@type":"SearchAction","target":{"@type":"EntryPoint","urlTemplate":"https:\/\/www.alumni.space\/es\/?s={search_term_string}"},"query-input":{"@type":"PropertyValueSpecification","valueRequired":true,"valueName":"search_term_string"}}],"inLanguage":"es"},{"@type":"Person","@id":"https:\/\/www.alumni.space\/es\/#\/schema\/person\/fede362a57876edda476a61f05ce5b15","name":"admin","image":{"@type":"ImageObject","inLanguage":"es","@id":"https:\/\/secure.gravatar.com\/avatar\/318e234ae94f90d4d629428d6b983c08e31181c28f579e08a021180d759ea651?s=96&d=mm&r=g","url":"https:\/\/secure.gravatar.com\/avatar\/318e234ae94f90d4d629428d6b983c08e31181c28f579e08a021180d759ea651?s=96&d=mm&r=g","contentUrl":"https:\/\/secure.gravatar.com\/avatar\/318e234ae94f90d4d629428d6b983c08e31181c28f579e08a021180d759ea651?s=96&d=mm&r=g","caption":"admin"},"description":"Nicolas Laustriat a construit sa sp\u00e9cialit\u00e9 sur un sujet que beaucoup d\u2019organisations d\u00e9couvrent trop tard : ce qui dispara\u00eet quand les gens partent. Dipl\u00f4m\u00e9 en conception de produit industriel, il bifurque vers le digital fin 1996, il couvre les transformations marques, RH, la fid\u00e9lisation, la marque employeur. Sur le terrain, il rep\u00e8re un angle mort r\u00e9current : l\u2019entreprise investit dans le recrutement, la formation, les process\u2026 puis laisse filer le lien au moment du d\u00e9part, avec une perte de savoir et d\u2019influence qui se paie en silence. Il se sp\u00e9cialise alors sur les communaut\u00e9s d\u2019alumni, le mentorat, l\u2019entraide interg\u00e9n\u00e9rationnelle et la transmission d\u2019expertise. Il passe du \u201cconstat\u201d aux m\u00e9thodes : animation, gouvernance, segmentation, rituels, mesure d\u2019engagement, articulation avec la RSE et l\u2019employabilit\u00e9. Il interviewe DRH, responsables formation, directions d\u2019\u00e9coles, associations et fondations, avec une obsession : transformer un r\u00e9seau dormant en m\u00e9canisme utile (cooptation, mentorat, job board, entraide, \u00e9v\u00e9nements, contenus). Son style : direct, orient\u00e9 action, sans folklore. Sa conviction : une communaut\u00e9 n\u2019a pas besoin de bruit, elle a besoin de raisons de revenir.","sameAs":["https:\/\/www.alumni.space"]}]}},"_links":{"self":[{"href":"https:\/\/www.alumni.space\/es\/wp-json\/wp\/v2\/posts\/5690","targetHints":{"allow":["GET"]}}],"collection":[{"href":"https:\/\/www.alumni.space\/es\/wp-json\/wp\/v2\/posts"}],"about":[{"href":"https:\/\/www.alumni.space\/es\/wp-json\/wp\/v2\/types\/post"}],"author":[{"embeddable":true,"href":"https:\/\/www.alumni.space\/es\/wp-json\/wp\/v2\/users\/1"}],"replies":[{"embeddable":true,"href":"https:\/\/www.alumni.space\/es\/wp-json\/wp\/v2\/comments?post=5690"}],"version-history":[{"count":1,"href":"https:\/\/www.alumni.space\/es\/wp-json\/wp\/v2\/posts\/5690\/revisions"}],"predecessor-version":[{"id":5694,"href":"https:\/\/www.alumni.space\/es\/wp-json\/wp\/v2\/posts\/5690\/revisions\/5694"}],"wp:featuredmedia":[{"embeddable":true,"href":"https:\/\/www.alumni.space\/es\/wp-json\/wp\/v2\/media\/5692"}],"wp:attachment":[{"href":"https:\/\/www.alumni.space\/es\/wp-json\/wp\/v2\/media?parent=5690"}],"wp:term":[{"taxonomy":"category","embeddable":true,"href":"https:\/\/www.alumni.space\/es\/wp-json\/wp\/v2\/categories?post=5690"},{"taxonomy":"post_tag","embeddable":true,"href":"https:\/\/www.alumni.space\/es\/wp-json\/wp\/v2\/tags?post=5690"}],"curies":[{"name":"wp","href":"https:\/\/api.w.org\/{rel}","templated":true}]}}