{"id":5641,"date":"2025-02-18T05:41:11","date_gmt":"2025-02-18T05:41:11","guid":{"rendered":"https:\/\/www.alumni.space\/piramide-de-edad-un-reto-subestimado-para-las-profesiones-tecnicas\/"},"modified":"2026-03-28T10:49:37","modified_gmt":"2026-03-28T10:49:37","slug":"piramide-de-edad-un-reto-subestimado-para-las-profesiones-tecnicas","status":"publish","type":"post","link":"https:\/\/www.alumni.space\/es\/piramide-de-edad-un-reto-subestimado-para-las-profesiones-tecnicas\/","title":{"rendered":"Pir\u00e1mide de edad: un reto subestimado para las profesiones t\u00e9cnicas"},"content":{"rendered":"<div id=\"ez-toc-container\" class=\"ez-toc-v2_0_82_2 counter-flat ez-toc-counter ez-toc-grey ez-toc-container-direction\">\n<div class=\"ez-toc-title-container\"><p class=\"ez-toc-title\" style=\"cursor:inherit\">En este art\u00edculo se trata lo siguiente:<\/p>\n<\/div><nav><ul class='ez-toc-list ez-toc-list-level-1 ' ><li class='ez-toc-page-1'><a class=\"ez-toc-link ez-toc-heading-1\" href=\"https:\/\/www.alumni.space\/es\/piramide-de-edad-un-reto-subestimado-para-las-profesiones-tecnicas\/#Consecuencias_de_la_piramide_de_edad_en_las_profesiones_tecnicas_y_cuestiones_demograficas_relacionadas\" >Consecuencias de la pir\u00e1mide de edad en las profesiones t\u00e9cnicas y cuestiones demogr\u00e1ficas relacionadas<\/a><\/li><li class='ez-toc-page-1'><a class=\"ez-toc-link ez-toc-heading-2\" href=\"https:\/\/www.alumni.space\/es\/piramide-de-edad-un-reto-subestimado-para-las-profesiones-tecnicas\/#El_reto_de_la_transicion_generacional_en_las_profesiones_tecnicas\" >El reto de la transici\u00f3n generacional en las profesiones t\u00e9cnicas<\/a><\/li><li class='ez-toc-page-1'><a class=\"ez-toc-link ez-toc-heading-3\" href=\"https:\/\/www.alumni.space\/es\/piramide-de-edad-un-reto-subestimado-para-las-profesiones-tecnicas\/#Estrategias_para_maximizar_la_gestion_de_las_competencias_ante_el_envejecimiento_de_la_mano_de_obra_tecnica\" >Estrategias para maximizar la gesti\u00f3n de las competencias ante el envejecimiento de la mano de obra t\u00e9cnica<\/a><\/li><li class='ez-toc-page-1'><a class=\"ez-toc-link ez-toc-heading-4\" href=\"https:\/\/www.alumni.space\/es\/piramide-de-edad-un-reto-subestimado-para-las-profesiones-tecnicas\/#Ejemplo_de_aplicacion_en_el_sector_de_la_ingenieria_mecanica_una_cuestion_critica\" >Ejemplo de aplicaci\u00f3n en el sector de la ingenier\u00eda mec\u00e1nica: una cuesti\u00f3n cr\u00edtica<\/a><\/li><\/ul><\/nav><\/div>\n<h2 class=\"wp-block-heading\"><span class=\"ez-toc-section\" id=\"Consecuencias_de_la_piramide_de_edad_en_las_profesiones_tecnicas_y_cuestiones_demograficas_relacionadas\"><\/span>Consecuencias de la pir\u00e1mide de edad en las profesiones t\u00e9cnicas y cuestiones demogr\u00e1ficas relacionadas<span class=\"ez-toc-section-end\"><\/span><\/h2><p>La pir\u00e1mide de edad es un indicador clave para comprender los riesgos asociados a la gesti\u00f3n del talento en los sectores t\u00e9cnicos. Estos datos demogr\u00e1ficos revelan desequilibrios acuciantes que pueden afectar a <strong>las tendencias laborales<\/strong> y a las perspectivas de <strong>contrataci\u00f3n<\/strong> dentro de los equipos. En varios sectores, un n\u00famero importante de personas est\u00e1 a punto de jubilarse, lo que amenaza la continuidad de los conocimientos acumulados. El reto demogr\u00e1fico exige una mayor vigilancia del capital humano para evitar perturbaciones que podr\u00edan ir en detrimento de la productividad y la innovaci\u00f3n.   <\/p><p>En este contexto, los responsables deben apoyarse en herramientas de alto rendimiento para anticiparse a estos cambios y garantizar una gesti\u00f3n optimizada de las competencias. <a href=\"https:\/\/www.alumni.space\/es\/como-pueden-los-departamentos-de-rrhh-anticiparse-a-la-piramide-de-edad\/\">La plataforma alumni.space<\/a> ilustra la capacidad de centralizar y potenciar el conocimiento interno, facilitando la transferencia de conocimientos entre generaciones mediante tutor\u00edas, eventos espec\u00edficos y din\u00e1micas comunitarias.<\/p><figure class=\"wp-block-image size-full\"><img decoding=\"async\" width=\"1280\" height=\"768\" src=\"https:\/\/www.alumni.space\/wp-content\/uploads\/2026\/03\/Pyramide-des-ages-un-enjeu-sous-estime-pour-les-metiers-techniques-1.jpg\" data-orig-src=\"https:\/\/www.alumni.space\/wp-content\/uploads\/2026\/03\/Pyramide-des-ages-un-enjeu-sous-estime-pour-les-metiers-techniques-1.jpg\" alt=\"Averigua por qu\u00e9 la pir\u00e1mide de edad es una cuesti\u00f3n crucial pero a menudo subestimada en las profesiones t\u00e9cnicas, que repercute en la contrataci\u00f3n y la planificaci\u00f3n de la sucesi\u00f3n.\" class=\"lazyload wp-image-3243\" srcset=\"data:image\/svg+xml,%3Csvg%20xmlns%3D%27http%3A%2F%2Fwww.w3.org%2F2000%2Fsvg%27%20width%3D%271280%27%20height%3D%27768%27%20viewBox%3D%270%200%201280%20768%27%3E%3Crect%20width%3D%271280%27%20height%3D%27768%27%20fill-opacity%3D%220%22%2F%3E%3C%2Fsvg%3E\" data-srcset=\"https:\/\/www.alumni.space\/wp-content\/uploads\/2026\/03\/Pyramide-des-ages-un-enjeu-sous-estime-pour-les-metiers-techniques-1-200x120.jpg 200w, https:\/\/www.alumni.space\/wp-content\/uploads\/2026\/03\/Pyramide-des-ages-un-enjeu-sous-estime-pour-les-metiers-techniques-1-300x180.jpg 300w, https:\/\/www.alumni.space\/wp-content\/uploads\/2026\/03\/Pyramide-des-ages-un-enjeu-sous-estime-pour-les-metiers-techniques-1-400x240.jpg 400w, https:\/\/www.alumni.space\/wp-content\/uploads\/2026\/03\/Pyramide-des-ages-un-enjeu-sous-estime-pour-les-metiers-techniques-1-600x360.jpg 600w, https:\/\/www.alumni.space\/wp-content\/uploads\/2026\/03\/Pyramide-des-ages-un-enjeu-sous-estime-pour-les-metiers-techniques-1-768x461.jpg 768w, https:\/\/www.alumni.space\/wp-content\/uploads\/2026\/03\/Pyramide-des-ages-un-enjeu-sous-estime-pour-les-metiers-techniques-1-800x480.jpg 800w, https:\/\/www.alumni.space\/wp-content\/uploads\/2026\/03\/Pyramide-des-ages-un-enjeu-sous-estime-pour-les-metiers-techniques-1-1024x614.jpg 1024w, https:\/\/www.alumni.space\/wp-content\/uploads\/2026\/03\/Pyramide-des-ages-un-enjeu-sous-estime-pour-les-metiers-techniques-1-1200x720.jpg 1200w, https:\/\/www.alumni.space\/wp-content\/uploads\/2026\/03\/Pyramide-des-ages-un-enjeu-sous-estime-pour-les-metiers-techniques-1.jpg 1280w\" data-sizes=\"auto\" data-orig-sizes=\"(max-width: 1280px) 100vw, 1280px\" \/><\/figure><h3 class=\"wp-block-heading\"><span class=\"ez-toc-section\" id=\"El_reto_de_la_transicion_generacional_en_las_profesiones_tecnicas\"><\/span>El reto de la transici\u00f3n generacional en las profesiones t\u00e9cnicas<span class=\"ez-toc-section-end\"><\/span><\/h3><p>El car\u00e1cter t\u00e9cnico de las profesiones afectadas amplifica el riesgo inherente a las jubilaciones masivas. Los conocimientos y la experiencia acumulados sobre el terreno se pierden a veces por falta de mecanismos organizados para transferirlos. Por ello, la tutor\u00eda intergeneracional se est\u00e1 convirtiendo en un m\u00e9todo esencial para mantener un alto nivel de competencias operativas. Esta transferencia tambi\u00e9n se ve favorecida por la creaci\u00f3n de parejas y de espacios accesibles y estructurados para compartir recursos documentales.   <\/p><p>Las consecuencias de una mala gesti\u00f3n de esta transici\u00f3n pueden provocar disfunciones importantes, que afecten a la calidad de los servicios y a la seguridad, sobre todo en sectores como la ingenier\u00eda mec\u00e1nica y la log\u00edstica. Es esencial adoptar pr\u00e1cticas proactivas que limiten la p\u00e9rdida de experiencia y promuevan la cooptaci\u00f3n para optimizar la integraci\u00f3n de nuevos talentos, estrategias que se apoyan en plataformas digitales espec\u00edficas. <\/p><h2 class=\"wp-block-heading\"><span class=\"ez-toc-section\" id=\"Estrategias_para_maximizar_la_gestion_de_las_competencias_ante_el_envejecimiento_de_la_mano_de_obra_tecnica\"><\/span>Estrategias para maximizar la gesti\u00f3n de las competencias ante el envejecimiento de la mano de obra t\u00e9cnica<span class=\"ez-toc-section-end\"><\/span><\/h2><p>Adoptando un enfoque proactivo de la pir\u00e1mide de edad, podemos identificar KPI precisos para dirigir las pol\u00edticas de RRHH en las profesiones t\u00e9cnicas. Segmentar los perfiles por tramos de edad, controlar las salidas previstas y evaluar el impacto en los procesos clave son pasos esenciales. Un programa de formaci\u00f3n profesional adecuado y un plan de tutor\u00eda formalizado contribuyen a asegurar la pr\u00f3xima generaci\u00f3n.  <\/p><p>Las iniciativas deben integrarse en una estructura de gobierno s\u00f3lida, con indicadores claros para medir la adopci\u00f3n de las medidas y el compromiso de los empleados. La implantaci\u00f3n de una plataforma colaborativa como alumni.space simplifica la coordinaci\u00f3n de las acciones, reduce las lagunas de informaci\u00f3n y facilita la mejora de la memoria organizativa. Esta continuidad digital es una poderosa palanca para reducir el tiempo y los costes que conlleva la renovaci\u00f3n de competencias.  <\/p><h3 class=\"wp-block-heading\"><span class=\"ez-toc-section\" id=\"Ejemplo_de_aplicacion_en_el_sector_de_la_ingenieria_mecanica_una_cuestion_critica\"><\/span>Ejemplo de aplicaci\u00f3n en el sector de la ingenier\u00eda mec\u00e1nica: una cuesti\u00f3n cr\u00edtica<span class=\"ez-toc-section-end\"><\/span><\/h3><p>En el sector de la ingenier\u00eda mec\u00e1nica, el pronunciado envejecimiento de la mano de obra hace m\u00e1s compleja la gesti\u00f3n de los recursos humanos. La marcha asociada a la pir\u00e1mide de edad ampl\u00eda a menudo el problema del absentismo y la p\u00e9rdida de conocimientos t\u00e9cnicos punteros. El uso de plataformas colaborativas permite desplegar programas de tutor\u00eda y formaci\u00f3n espec\u00edfica a un ritmo adecuado para mantener la competitividad.  <\/p><p>Este enfoque va de la mano de una gesti\u00f3n mejorada que incorpora cuadros de mando din\u00e1micos para anticipar los puestos clave que deben cubrirse. Por ejemplo, bas\u00e1ndose en el modelo propuesto por <a href=\"https:\/\/www.alumni.space\/es\/piramide-de-edad-un-reto-para-las-profesiones-de-ingenieria-mecanica\/\">alumni.space en el sector de la ingenier\u00eda mec\u00e1nica<\/a>, la planificaci\u00f3n estructurada de las transferencias intergeneracionales evita lagunas en los conocimientos al tiempo que maximiza el compromiso a largo plazo de los empleados, un factor clave para la innovaci\u00f3n y la continuidad. <\/p>","protected":false},"excerpt":{"rendered":"<p>Consecuencias de la pir\u00e1mide de edad en las profesiones t\u00e9cnicas  [&#8230;]<\/p>\n","protected":false},"author":1,"featured_media":5642,"comment_status":"closed","ping_status":"closed","sticky":false,"template":"","format":"standard","meta":{"_ayudawp_aiss_exclude":false,"footnotes":""},"categories":[75],"tags":[],"class_list":["post-5641","post","type-post","status-publish","format-standard","has-post-thumbnail","hentry","category-recursos-humanos"],"yoast_head":"<!-- This site is optimized with the Yoast SEO plugin v27.4 - https:\/\/yoast.com\/product\/yoast-seo-wordpress\/ -->\n<title>Pir\u00e1mide de edad: un reto crucial para las profesiones t\u00e9cnicas<\/title>\n<meta name=\"description\" content=\"Descubre por qu\u00e9 la pir\u00e1mide de edad es una cuesti\u00f3n crucial y a menudo ignorada en las profesiones t\u00e9cnicas. Anticipa el futuro de tus equipos.\" \/>\n<meta name=\"robots\" content=\"index, follow, max-snippet:-1, max-image-preview:large, max-video-preview:-1\" \/>\n<link rel=\"canonical\" href=\"https:\/\/www.alumni.space\/es\/piramide-de-edad-un-reto-subestimado-para-las-profesiones-tecnicas\/\" \/>\n<meta property=\"og:locale\" content=\"es_ES\" \/>\n<meta property=\"og:type\" content=\"article\" \/>\n<meta property=\"og:title\" content=\"Pir\u00e1mide de edad: un reto crucial para las profesiones t\u00e9cnicas\" \/>\n<meta property=\"og:description\" content=\"Descubre por qu\u00e9 la pir\u00e1mide de edad es una cuesti\u00f3n crucial y a menudo ignorada en las profesiones t\u00e9cnicas. Anticipa el futuro de tus equipos.\" \/>\n<meta property=\"og:url\" content=\"https:\/\/www.alumni.space\/es\/piramide-de-edad-un-reto-subestimado-para-las-profesiones-tecnicas\/\" \/>\n<meta property=\"og:site_name\" content=\"Alumni.space\" \/>\n<meta property=\"article:published_time\" content=\"2025-02-18T05:41:11+00:00\" \/>\n<meta property=\"article:modified_time\" content=\"2026-03-28T10:49:37+00:00\" \/>\n<meta property=\"og:image\" content=\"https:\/\/www.alumni.space\/wp-content\/uploads\/2026\/03\/Pyramide-des-ages-un-enjeu-sous-estime-pour-les-metiers-techniques.jpg\" \/>\n\t<meta property=\"og:image:width\" content=\"1280\" \/>\n\t<meta property=\"og:image:height\" content=\"768\" \/>\n\t<meta property=\"og:image:type\" content=\"image\/jpeg\" \/>\n<meta name=\"author\" content=\"admin\" \/>\n<meta name=\"twitter:card\" content=\"summary_large_image\" \/>\n<meta name=\"twitter:label1\" content=\"Escrito por\" \/>\n\t<meta name=\"twitter:data1\" content=\"admin\" \/>\n\t<meta name=\"twitter:label2\" content=\"Tiempo de lectura\" \/>\n\t<meta name=\"twitter:data2\" content=\"3 minutos\" \/>\n<script type=\"application\/ld+json\" class=\"yoast-schema-graph\">{\"@context\":\"https:\\\/\\\/schema.org\",\"@graph\":[{\"@type\":\"Article\",\"@id\":\"https:\\\/\\\/www.alumni.space\\\/es\\\/piramide-de-edad-un-reto-subestimado-para-las-profesiones-tecnicas\\\/#article\",\"isPartOf\":{\"@id\":\"https:\\\/\\\/www.alumni.space\\\/es\\\/piramide-de-edad-un-reto-subestimado-para-las-profesiones-tecnicas\\\/\"},\"author\":{\"name\":\"admin\",\"@id\":\"https:\\\/\\\/www.alumni.space\\\/es\\\/#\\\/schema\\\/person\\\/fede362a57876edda476a61f05ce5b15\"},\"headline\":\"Pir\u00e1mide de edad: un reto subestimado para las profesiones t\u00e9cnicas\",\"datePublished\":\"2025-02-18T05:41:11+00:00\",\"dateModified\":\"2026-03-28T10:49:37+00:00\",\"mainEntityOfPage\":{\"@id\":\"https:\\\/\\\/www.alumni.space\\\/es\\\/piramide-de-edad-un-reto-subestimado-para-las-profesiones-tecnicas\\\/\"},\"wordCount\":702,\"image\":{\"@id\":\"https:\\\/\\\/www.alumni.space\\\/es\\\/piramide-de-edad-un-reto-subestimado-para-las-profesiones-tecnicas\\\/#primaryimage\"},\"thumbnailUrl\":\"https:\\\/\\\/www.alumni.space\\\/wp-content\\\/uploads\\\/2026\\\/03\\\/Pyramide-des-ages-un-enjeu-sous-estime-pour-les-metiers-techniques.jpg\",\"articleSection\":[\"Recursos Humanos\"],\"inLanguage\":\"es\"},{\"@type\":\"WebPage\",\"@id\":\"https:\\\/\\\/www.alumni.space\\\/es\\\/piramide-de-edad-un-reto-subestimado-para-las-profesiones-tecnicas\\\/\",\"url\":\"https:\\\/\\\/www.alumni.space\\\/es\\\/piramide-de-edad-un-reto-subestimado-para-las-profesiones-tecnicas\\\/\",\"name\":\"Pir\u00e1mide de edad: un reto crucial para las profesiones t\u00e9cnicas\",\"isPartOf\":{\"@id\":\"https:\\\/\\\/www.alumni.space\\\/es\\\/#website\"},\"primaryImageOfPage\":{\"@id\":\"https:\\\/\\\/www.alumni.space\\\/es\\\/piramide-de-edad-un-reto-subestimado-para-las-profesiones-tecnicas\\\/#primaryimage\"},\"image\":{\"@id\":\"https:\\\/\\\/www.alumni.space\\\/es\\\/piramide-de-edad-un-reto-subestimado-para-las-profesiones-tecnicas\\\/#primaryimage\"},\"thumbnailUrl\":\"https:\\\/\\\/www.alumni.space\\\/wp-content\\\/uploads\\\/2026\\\/03\\\/Pyramide-des-ages-un-enjeu-sous-estime-pour-les-metiers-techniques.jpg\",\"datePublished\":\"2025-02-18T05:41:11+00:00\",\"dateModified\":\"2026-03-28T10:49:37+00:00\",\"author\":{\"@id\":\"https:\\\/\\\/www.alumni.space\\\/es\\\/#\\\/schema\\\/person\\\/fede362a57876edda476a61f05ce5b15\"},\"description\":\"Descubre por qu\u00e9 la pir\u00e1mide de edad es una cuesti\u00f3n crucial y a menudo ignorada en las profesiones t\u00e9cnicas. Anticipa el futuro de tus equipos.\",\"breadcrumb\":{\"@id\":\"https:\\\/\\\/www.alumni.space\\\/es\\\/piramide-de-edad-un-reto-subestimado-para-las-profesiones-tecnicas\\\/#breadcrumb\"},\"inLanguage\":\"es\",\"potentialAction\":[{\"@type\":\"ReadAction\",\"target\":[\"https:\\\/\\\/www.alumni.space\\\/es\\\/piramide-de-edad-un-reto-subestimado-para-las-profesiones-tecnicas\\\/\"]}]},{\"@type\":\"ImageObject\",\"inLanguage\":\"es\",\"@id\":\"https:\\\/\\\/www.alumni.space\\\/es\\\/piramide-de-edad-un-reto-subestimado-para-las-profesiones-tecnicas\\\/#primaryimage\",\"url\":\"https:\\\/\\\/www.alumni.space\\\/wp-content\\\/uploads\\\/2026\\\/03\\\/Pyramide-des-ages-un-enjeu-sous-estime-pour-les-metiers-techniques.jpg\",\"contentUrl\":\"https:\\\/\\\/www.alumni.space\\\/wp-content\\\/uploads\\\/2026\\\/03\\\/Pyramide-des-ages-un-enjeu-sous-estime-pour-les-metiers-techniques.jpg\",\"width\":1280,\"height\":768,\"caption\":\"Averigua por qu\u00e9 la pir\u00e1mide de edad representa un reto crucial, pero a menudo pasado por alto, para las profesiones t\u00e9cnicas, y c\u00f3mo anticiparse a los problemas que plantea la renovaci\u00f3n de las competencias.\"},{\"@type\":\"BreadcrumbList\",\"@id\":\"https:\\\/\\\/www.alumni.space\\\/es\\\/piramide-de-edad-un-reto-subestimado-para-las-profesiones-tecnicas\\\/#breadcrumb\",\"itemListElement\":[{\"@type\":\"ListItem\",\"position\":1,\"name\":\"Home\",\"item\":\"https:\\\/\\\/www.alumni.space\\\/es\\\/plataforma-de-tutoria-y-gestion-de-antiguos-alumnos\\\/\"},{\"@type\":\"ListItem\",\"position\":2,\"name\":\"Pir\u00e1mide de edad: un reto subestimado para las profesiones t\u00e9cnicas\"}]},{\"@type\":\"WebSite\",\"@id\":\"https:\\\/\\\/www.alumni.space\\\/es\\\/#website\",\"url\":\"https:\\\/\\\/www.alumni.space\\\/es\\\/\",\"name\":\"Alumni.space\",\"description\":\"My WordPress Blog\",\"potentialAction\":[{\"@type\":\"SearchAction\",\"target\":{\"@type\":\"EntryPoint\",\"urlTemplate\":\"https:\\\/\\\/www.alumni.space\\\/es\\\/?s={search_term_string}\"},\"query-input\":{\"@type\":\"PropertyValueSpecification\",\"valueRequired\":true,\"valueName\":\"search_term_string\"}}],\"inLanguage\":\"es\"},{\"@type\":\"Person\",\"@id\":\"https:\\\/\\\/www.alumni.space\\\/es\\\/#\\\/schema\\\/person\\\/fede362a57876edda476a61f05ce5b15\",\"name\":\"admin\",\"image\":{\"@type\":\"ImageObject\",\"inLanguage\":\"es\",\"@id\":\"https:\\\/\\\/secure.gravatar.com\\\/avatar\\\/318e234ae94f90d4d629428d6b983c08e31181c28f579e08a021180d759ea651?s=96&d=mm&r=g\",\"url\":\"https:\\\/\\\/secure.gravatar.com\\\/avatar\\\/318e234ae94f90d4d629428d6b983c08e31181c28f579e08a021180d759ea651?s=96&d=mm&r=g\",\"contentUrl\":\"https:\\\/\\\/secure.gravatar.com\\\/avatar\\\/318e234ae94f90d4d629428d6b983c08e31181c28f579e08a021180d759ea651?s=96&d=mm&r=g\",\"caption\":\"admin\"},\"description\":\"Nicolas Laustriat a construit sa sp\u00e9cialit\u00e9 sur un sujet que beaucoup d\u2019organisations d\u00e9couvrent trop tard : ce qui dispara\u00eet quand les gens partent. Dipl\u00f4m\u00e9 en conception de produit industriel, il bifurque vers le digital fin 1996, il couvre les transformations marques, RH, la fid\u00e9lisation, la marque employeur. Sur le terrain, il rep\u00e8re un angle mort r\u00e9current : l\u2019entreprise investit dans le recrutement, la formation, les process\u2026 puis laisse filer le lien au moment du d\u00e9part, avec une perte de savoir et d\u2019influence qui se paie en silence. Il se sp\u00e9cialise alors sur les communaut\u00e9s d\u2019alumni, le mentorat, l\u2019entraide interg\u00e9n\u00e9rationnelle et la transmission d\u2019expertise. Il passe du \u201cconstat\u201d aux m\u00e9thodes : animation, gouvernance, segmentation, rituels, mesure d\u2019engagement, articulation avec la RSE et l\u2019employabilit\u00e9. Il interviewe DRH, responsables formation, directions d\u2019\u00e9coles, associations et fondations, avec une obsession : transformer un r\u00e9seau dormant en m\u00e9canisme utile (cooptation, mentorat, job board, entraide, \u00e9v\u00e9nements, contenus). Son style : direct, orient\u00e9 action, sans folklore. Sa conviction : une communaut\u00e9 n\u2019a pas besoin de bruit, elle a besoin de raisons de revenir.\",\"sameAs\":[\"https:\\\/\\\/www.alumni.space\"]}]}<\/script>\n<!-- \/ Yoast SEO plugin. -->","yoast_head_json":{"title":"Pir\u00e1mide de edad: un reto crucial para las profesiones t\u00e9cnicas","description":"Descubre por qu\u00e9 la pir\u00e1mide de edad es una cuesti\u00f3n crucial y a menudo ignorada en las profesiones t\u00e9cnicas. Anticipa el futuro de tus equipos.","robots":{"index":"index","follow":"follow","max-snippet":"max-snippet:-1","max-image-preview":"max-image-preview:large","max-video-preview":"max-video-preview:-1"},"canonical":"https:\/\/www.alumni.space\/es\/piramide-de-edad-un-reto-subestimado-para-las-profesiones-tecnicas\/","og_locale":"es_ES","og_type":"article","og_title":"Pir\u00e1mide de edad: un reto crucial para las profesiones t\u00e9cnicas","og_description":"Descubre por qu\u00e9 la pir\u00e1mide de edad es una cuesti\u00f3n crucial y a menudo ignorada en las profesiones t\u00e9cnicas. Anticipa el futuro de tus equipos.","og_url":"https:\/\/www.alumni.space\/es\/piramide-de-edad-un-reto-subestimado-para-las-profesiones-tecnicas\/","og_site_name":"Alumni.space","article_published_time":"2025-02-18T05:41:11+00:00","article_modified_time":"2026-03-28T10:49:37+00:00","og_image":[{"width":1280,"height":768,"url":"https:\/\/www.alumni.space\/wp-content\/uploads\/2026\/03\/Pyramide-des-ages-un-enjeu-sous-estime-pour-les-metiers-techniques.jpg","type":"image\/jpeg"}],"author":"admin","twitter_card":"summary_large_image","twitter_misc":{"Escrito por":"admin","Tiempo de lectura":"3 minutos"},"schema":{"@context":"https:\/\/schema.org","@graph":[{"@type":"Article","@id":"https:\/\/www.alumni.space\/es\/piramide-de-edad-un-reto-subestimado-para-las-profesiones-tecnicas\/#article","isPartOf":{"@id":"https:\/\/www.alumni.space\/es\/piramide-de-edad-un-reto-subestimado-para-las-profesiones-tecnicas\/"},"author":{"name":"admin","@id":"https:\/\/www.alumni.space\/es\/#\/schema\/person\/fede362a57876edda476a61f05ce5b15"},"headline":"Pir\u00e1mide de edad: un reto subestimado para las profesiones t\u00e9cnicas","datePublished":"2025-02-18T05:41:11+00:00","dateModified":"2026-03-28T10:49:37+00:00","mainEntityOfPage":{"@id":"https:\/\/www.alumni.space\/es\/piramide-de-edad-un-reto-subestimado-para-las-profesiones-tecnicas\/"},"wordCount":702,"image":{"@id":"https:\/\/www.alumni.space\/es\/piramide-de-edad-un-reto-subestimado-para-las-profesiones-tecnicas\/#primaryimage"},"thumbnailUrl":"https:\/\/www.alumni.space\/wp-content\/uploads\/2026\/03\/Pyramide-des-ages-un-enjeu-sous-estime-pour-les-metiers-techniques.jpg","articleSection":["Recursos Humanos"],"inLanguage":"es"},{"@type":"WebPage","@id":"https:\/\/www.alumni.space\/es\/piramide-de-edad-un-reto-subestimado-para-las-profesiones-tecnicas\/","url":"https:\/\/www.alumni.space\/es\/piramide-de-edad-un-reto-subestimado-para-las-profesiones-tecnicas\/","name":"Pir\u00e1mide de edad: un reto crucial para las profesiones t\u00e9cnicas","isPartOf":{"@id":"https:\/\/www.alumni.space\/es\/#website"},"primaryImageOfPage":{"@id":"https:\/\/www.alumni.space\/es\/piramide-de-edad-un-reto-subestimado-para-las-profesiones-tecnicas\/#primaryimage"},"image":{"@id":"https:\/\/www.alumni.space\/es\/piramide-de-edad-un-reto-subestimado-para-las-profesiones-tecnicas\/#primaryimage"},"thumbnailUrl":"https:\/\/www.alumni.space\/wp-content\/uploads\/2026\/03\/Pyramide-des-ages-un-enjeu-sous-estime-pour-les-metiers-techniques.jpg","datePublished":"2025-02-18T05:41:11+00:00","dateModified":"2026-03-28T10:49:37+00:00","author":{"@id":"https:\/\/www.alumni.space\/es\/#\/schema\/person\/fede362a57876edda476a61f05ce5b15"},"description":"Descubre por qu\u00e9 la pir\u00e1mide de edad es una cuesti\u00f3n crucial y a menudo ignorada en las profesiones t\u00e9cnicas. Anticipa el futuro de tus equipos.","breadcrumb":{"@id":"https:\/\/www.alumni.space\/es\/piramide-de-edad-un-reto-subestimado-para-las-profesiones-tecnicas\/#breadcrumb"},"inLanguage":"es","potentialAction":[{"@type":"ReadAction","target":["https:\/\/www.alumni.space\/es\/piramide-de-edad-un-reto-subestimado-para-las-profesiones-tecnicas\/"]}]},{"@type":"ImageObject","inLanguage":"es","@id":"https:\/\/www.alumni.space\/es\/piramide-de-edad-un-reto-subestimado-para-las-profesiones-tecnicas\/#primaryimage","url":"https:\/\/www.alumni.space\/wp-content\/uploads\/2026\/03\/Pyramide-des-ages-un-enjeu-sous-estime-pour-les-metiers-techniques.jpg","contentUrl":"https:\/\/www.alumni.space\/wp-content\/uploads\/2026\/03\/Pyramide-des-ages-un-enjeu-sous-estime-pour-les-metiers-techniques.jpg","width":1280,"height":768,"caption":"Averigua por qu\u00e9 la pir\u00e1mide de edad representa un reto crucial, pero a menudo pasado por alto, para las profesiones t\u00e9cnicas, y c\u00f3mo anticiparse a los problemas que plantea la renovaci\u00f3n de las competencias."},{"@type":"BreadcrumbList","@id":"https:\/\/www.alumni.space\/es\/piramide-de-edad-un-reto-subestimado-para-las-profesiones-tecnicas\/#breadcrumb","itemListElement":[{"@type":"ListItem","position":1,"name":"Home","item":"https:\/\/www.alumni.space\/es\/plataforma-de-tutoria-y-gestion-de-antiguos-alumnos\/"},{"@type":"ListItem","position":2,"name":"Pir\u00e1mide de edad: un reto subestimado para las profesiones t\u00e9cnicas"}]},{"@type":"WebSite","@id":"https:\/\/www.alumni.space\/es\/#website","url":"https:\/\/www.alumni.space\/es\/","name":"Alumni.space","description":"My WordPress Blog","potentialAction":[{"@type":"SearchAction","target":{"@type":"EntryPoint","urlTemplate":"https:\/\/www.alumni.space\/es\/?s={search_term_string}"},"query-input":{"@type":"PropertyValueSpecification","valueRequired":true,"valueName":"search_term_string"}}],"inLanguage":"es"},{"@type":"Person","@id":"https:\/\/www.alumni.space\/es\/#\/schema\/person\/fede362a57876edda476a61f05ce5b15","name":"admin","image":{"@type":"ImageObject","inLanguage":"es","@id":"https:\/\/secure.gravatar.com\/avatar\/318e234ae94f90d4d629428d6b983c08e31181c28f579e08a021180d759ea651?s=96&d=mm&r=g","url":"https:\/\/secure.gravatar.com\/avatar\/318e234ae94f90d4d629428d6b983c08e31181c28f579e08a021180d759ea651?s=96&d=mm&r=g","contentUrl":"https:\/\/secure.gravatar.com\/avatar\/318e234ae94f90d4d629428d6b983c08e31181c28f579e08a021180d759ea651?s=96&d=mm&r=g","caption":"admin"},"description":"Nicolas Laustriat a construit sa sp\u00e9cialit\u00e9 sur un sujet que beaucoup d\u2019organisations d\u00e9couvrent trop tard : ce qui dispara\u00eet quand les gens partent. Dipl\u00f4m\u00e9 en conception de produit industriel, il bifurque vers le digital fin 1996, il couvre les transformations marques, RH, la fid\u00e9lisation, la marque employeur. Sur le terrain, il rep\u00e8re un angle mort r\u00e9current : l\u2019entreprise investit dans le recrutement, la formation, les process\u2026 puis laisse filer le lien au moment du d\u00e9part, avec une perte de savoir et d\u2019influence qui se paie en silence. Il se sp\u00e9cialise alors sur les communaut\u00e9s d\u2019alumni, le mentorat, l\u2019entraide interg\u00e9n\u00e9rationnelle et la transmission d\u2019expertise. Il passe du \u201cconstat\u201d aux m\u00e9thodes : animation, gouvernance, segmentation, rituels, mesure d\u2019engagement, articulation avec la RSE et l\u2019employabilit\u00e9. Il interviewe DRH, responsables formation, directions d\u2019\u00e9coles, associations et fondations, avec une obsession : transformer un r\u00e9seau dormant en m\u00e9canisme utile (cooptation, mentorat, job board, entraide, \u00e9v\u00e9nements, contenus). Son style : direct, orient\u00e9 action, sans folklore. Sa conviction : une communaut\u00e9 n\u2019a pas besoin de bruit, elle a besoin de raisons de revenir.","sameAs":["https:\/\/www.alumni.space"]}]}},"_links":{"self":[{"href":"https:\/\/www.alumni.space\/es\/wp-json\/wp\/v2\/posts\/5641","targetHints":{"allow":["GET"]}}],"collection":[{"href":"https:\/\/www.alumni.space\/es\/wp-json\/wp\/v2\/posts"}],"about":[{"href":"https:\/\/www.alumni.space\/es\/wp-json\/wp\/v2\/types\/post"}],"author":[{"embeddable":true,"href":"https:\/\/www.alumni.space\/es\/wp-json\/wp\/v2\/users\/1"}],"replies":[{"embeddable":true,"href":"https:\/\/www.alumni.space\/es\/wp-json\/wp\/v2\/comments?post=5641"}],"version-history":[{"count":2,"href":"https:\/\/www.alumni.space\/es\/wp-json\/wp\/v2\/posts\/5641\/revisions"}],"predecessor-version":[{"id":6587,"href":"https:\/\/www.alumni.space\/es\/wp-json\/wp\/v2\/posts\/5641\/revisions\/6587"}],"wp:featuredmedia":[{"embeddable":true,"href":"https:\/\/www.alumni.space\/es\/wp-json\/wp\/v2\/media\/5642"}],"wp:attachment":[{"href":"https:\/\/www.alumni.space\/es\/wp-json\/wp\/v2\/media?parent=5641"}],"wp:term":[{"taxonomy":"category","embeddable":true,"href":"https:\/\/www.alumni.space\/es\/wp-json\/wp\/v2\/categories?post=5641"},{"taxonomy":"post_tag","embeddable":true,"href":"https:\/\/www.alumni.space\/es\/wp-json\/wp\/v2\/tags?post=5641"}],"curies":[{"name":"wp","href":"https:\/\/api.w.org\/{rel}","templated":true}]}}