{"id":5589,"date":"2024-09-23T19:09:50","date_gmt":"2024-09-23T19:09:50","guid":{"rendered":"https:\/\/www.alumni.space\/el-sector-artistico-y-artesanal-amenazado-por-la-falta-de-jovenes-talentos\/"},"modified":"2026-04-02T12:08:46","modified_gmt":"2026-04-02T12:08:46","slug":"el-sector-artistico-y-artesanal-amenazado-por-la-falta-de-jovenes-talentos","status":"publish","type":"post","link":"https:\/\/www.alumni.space\/es\/el-sector-artistico-y-artesanal-amenazado-por-la-falta-de-jovenes-talentos\/","title":{"rendered":"El sector art\u00edstico y artesanal amenazado por la falta de j\u00f3venes talentos"},"content":{"rendered":"<p><strong>El arte y la artesan\u00eda<\/strong> representan una parte esencial de nuestro patrimonio cultural, reflejando conocimientos ancestrales transmitidos de generaci\u00f3n en generaci\u00f3n. Sin embargo, el sector se enfrenta a una preocupante <strong>escasez de nuevas contrataciones<\/strong>, lo que amenaza la supervivencia de los oficios tradicionales y el mantenimiento de estas habilidades \u00fanicas. La transmisi\u00f3n de conocimientos se ve as\u00ed socavada, mientras que la disminuci\u00f3n del n\u00famero de artesanos est\u00e1 causando p\u00e9rdidas significativas de riqueza cultural y econ\u00f3mica.  <\/p><div id=\"ez-toc-container\" class=\"ez-toc-v2_0_82_2 counter-flat ez-toc-counter ez-toc-grey ez-toc-container-direction\">\n<div class=\"ez-toc-title-container\"><p class=\"ez-toc-title\" style=\"cursor:inherit\">En este art\u00edculo se trata lo siguiente:<\/p>\n<\/div><nav><ul class='ez-toc-list ez-toc-list-level-1 ' ><li class='ez-toc-page-1'><a class=\"ez-toc-link ez-toc-heading-1\" href=\"https:\/\/www.alumni.space\/es\/el-sector-artistico-y-artesanal-amenazado-por-la-falta-de-jovenes-talentos\/#Los_retos_de_la_transmision_de_conocimientos_en_el_sector_de_la_artesania\" >Los retos de la transmisi\u00f3n de conocimientos en el sector de la artesan\u00eda<\/a><\/li><li class='ez-toc-page-1'><a class=\"ez-toc-link ez-toc-heading-2\" href=\"https:\/\/www.alumni.space\/es\/el-sector-artistico-y-artesanal-amenazado-por-la-falta-de-jovenes-talentos\/#Involucrar_a_las_comunidades_para_fortalecer_las_artes_y_la_artesania\" >Involucrar a las comunidades para fortalecer las artes y la artesan\u00eda<\/a><\/li><li class='ez-toc-page-1'><a class=\"ez-toc-link ez-toc-heading-3\" href=\"https:\/\/www.alumni.space\/es\/el-sector-artistico-y-artesanal-amenazado-por-la-falta-de-jovenes-talentos\/#Movilizar_a_los_responsables_politicos_y_a_las_instituciones_para_que_apoyen_la_formacion_artesanal\" >Movilizar a los responsables pol\u00edticos y a las instituciones para que apoyen la formaci\u00f3n artesanal<\/a><\/li><li class='ez-toc-page-1'><a class=\"ez-toc-link ez-toc-heading-4\" href=\"https:\/\/www.alumni.space\/es\/el-sector-artistico-y-artesanal-amenazado-por-la-falta-de-jovenes-talentos\/#Pasar_de_la_teoria_a_la_practica_para_preservar_los_oficios_tradicionales\" >Pasar de la teor\u00eda a la pr\u00e1ctica para preservar los oficios tradicionales<\/a><\/li><\/ul><\/nav><\/div>\n<h2 class=\"wp-block-heading\"><span class=\"ez-toc-section\" id=\"Los_retos_de_la_transmision_de_conocimientos_en_el_sector_de_la_artesania\"><\/span>Los retos de la transmisi\u00f3n de conocimientos en el sector de la artesan\u00eda<span class=\"ez-toc-section-end\"><\/span><\/h2><p>Las profesiones art\u00edsticas y artesanales requieren una formaci\u00f3n precisa y a menudo prolongada en el oficio, que tiene dificultades para atraer a j\u00f3venes talentos. El atractivo de los empleos artesanales est\u00e1 disminuyendo en favor de sectores m\u00e1s tecnol\u00f3gicos o percibidos como m\u00e1s estables. Esta falta de inter\u00e9s agrava el desinter\u00e9s por estas profesiones, que sin embargo ofrecen una experiencia insustituible. En este contexto, los talleres y las escuelas especializadas tienen que hacer frente a una disminuci\u00f3n de las matriculaciones, lo que pone en peligro el futuro mismo de los oficios tradicionales.   <\/p><figure class=\"wp-block-image size-full\"><img decoding=\"async\" width=\"1280\" height=\"768\" src=\"https:\/\/www.alumni.space\/wp-content\/uploads\/2026\/03\/Lartisanat-dart-en-danger-face-au-manque-de-releve-1.jpg\" data-orig-src=\"https:\/\/www.alumni.space\/wp-content\/uploads\/2026\/03\/Lartisanat-dart-en-danger-face-au-manque-de-releve-1.jpg\" alt=\"Inf\u00f3rmate sobre los retos a los que se enfrenta el sector de la artesan\u00eda, amenazado por la escasez de j\u00f3venes talentos, y sobre c\u00f3mo preservar este patrimonio \u00fanico y precioso.\" class=\"lazyload wp-image-3237\" srcset=\"data:image\/svg+xml,%3Csvg%20xmlns%3D%27http%3A%2F%2Fwww.w3.org%2F2000%2Fsvg%27%20width%3D%271280%27%20height%3D%27768%27%20viewBox%3D%270%200%201280%20768%27%3E%3Crect%20width%3D%271280%27%20height%3D%27768%27%20fill-opacity%3D%220%22%2F%3E%3C%2Fsvg%3E\" data-srcset=\"https:\/\/www.alumni.space\/wp-content\/uploads\/2026\/03\/Lartisanat-dart-en-danger-face-au-manque-de-releve-1-200x120.jpg 200w, https:\/\/www.alumni.space\/wp-content\/uploads\/2026\/03\/Lartisanat-dart-en-danger-face-au-manque-de-releve-1-300x180.jpg 300w, https:\/\/www.alumni.space\/wp-content\/uploads\/2026\/03\/Lartisanat-dart-en-danger-face-au-manque-de-releve-1-400x240.jpg 400w, https:\/\/www.alumni.space\/wp-content\/uploads\/2026\/03\/Lartisanat-dart-en-danger-face-au-manque-de-releve-1-600x360.jpg 600w, https:\/\/www.alumni.space\/wp-content\/uploads\/2026\/03\/Lartisanat-dart-en-danger-face-au-manque-de-releve-1-768x461.jpg 768w, https:\/\/www.alumni.space\/wp-content\/uploads\/2026\/03\/Lartisanat-dart-en-danger-face-au-manque-de-releve-1-800x480.jpg 800w, https:\/\/www.alumni.space\/wp-content\/uploads\/2026\/03\/Lartisanat-dart-en-danger-face-au-manque-de-releve-1-1024x614.jpg 1024w, https:\/\/www.alumni.space\/wp-content\/uploads\/2026\/03\/Lartisanat-dart-en-danger-face-au-manque-de-releve-1-1200x720.jpg 1200w, https:\/\/www.alumni.space\/wp-content\/uploads\/2026\/03\/Lartisanat-dart-en-danger-face-au-manque-de-releve-1.jpg 1280w\" data-sizes=\"auto\" data-orig-sizes=\"(max-width: 1280px) 100vw, 1280px\" \/><\/figure><p>La valorizaci\u00f3n de los oficios y el apoyo a los artesanos son palancas esenciales para invertir esta tendencia. La movilizaci\u00f3n de redes y comunidades profesionales es una respuesta estrat\u00e9gica para reforzar los v\u00ednculos entre generaciones y garantizar una mejor integraci\u00f3n de los j\u00f3venes artesanos. <\/p><h3 class=\"wp-block-heading\"><span class=\"ez-toc-section\" id=\"Involucrar_a_las_comunidades_para_fortalecer_las_artes_y_la_artesania\"><\/span>Involucrar a las comunidades para fortalecer las artes y la artesan\u00eda<span class=\"ez-toc-section-end\"><\/span><\/h3><p>La gesti\u00f3n eficaz de las redes de antiguos alumnos y mentores en el sector de las artes y la artesan\u00eda contribuye a impulsar la transmisi\u00f3n de conocimientos. Una plataforma SaaS como alumni.space facilita la estructuraci\u00f3n de estas comunidades, ofreciendo herramientas de animaci\u00f3n, intercambio de recursos y gesti\u00f3n de eventos. Reunir <strong>a<\/strong> los artesanos en torno a proyectos comunes crea un sentimiento de pertenencia y estimula el apoyo mutuo. <\/p><p>Este v\u00ednculo m\u00e1s fuerte tambi\u00e9n permite optimizar la cooptaci\u00f3n y la organizaci\u00f3n de una formaci\u00f3n adecuada, aprovechando los perfiles de expertos disponibles para apoyar a la pr\u00f3xima generaci\u00f3n. La adopci\u00f3n de este tipo de soluciones representa un m\u00e9todo ganador para limitar los <strong>costes ocultos<\/strong> asociados a la p\u00e9rdida de conocimientos t\u00e9cnicos, garantizando la continuidad y la vitalidad del sector. <\/p><h2 class=\"wp-block-heading\"><span class=\"ez-toc-section\" id=\"Movilizar_a_los_responsables_politicos_y_a_las_instituciones_para_que_apoyen_la_formacion_artesanal\"><\/span>Movilizar a los responsables pol\u00edticos y a las instituciones para que apoyen la formaci\u00f3n artesanal<span class=\"ez-toc-section-end\"><\/span><\/h2><p>La implicaci\u00f3n de los agentes clave -escuelas, centros de formaci\u00f3n de aprendices (CFA), asociaciones y responsables de RRHH- sigue siendo esencial. Deben dirigir estrategias espec\u00edficas que fomenten el compromiso a largo plazo y la adopci\u00f3n de medidas que faciliten el acceso a las profesiones tradicionales. Establecer <strong>rituales de intercambio intergeneracional<\/strong> y dar un valor concreto a las trayectorias profesionales mediante KPI pertinentes contribuir\u00e1 a una mejor gobernanza del sector.  <\/p><p>El v\u00ednculo que debe forjarse entre los centros de ense\u00f1anza y los organismos profesionales repercute directamente en el empleo artesanal. Por ejemplo, las iniciativas de tutor\u00eda dentro de las redes de antiguos alumnos est\u00e1n reforzando la <a href=\"https:\/\/www.alumni.space\/es\/antiguos-alumnos-como-crear-una-dinamica-de-red-sostenible\/\">din\u00e1mica de red<\/a> necesaria para recuperar estos empleos. La creaci\u00f3n de una biblioteca documental y la organizaci\u00f3n peri\u00f3dica de actos especializados son otras formas de fomentar la transferencia de conocimientos.  <\/p><h3 class=\"wp-block-heading\"><span class=\"ez-toc-section\" id=\"Pasar_de_la_teoria_a_la_practica_para_preservar_los_oficios_tradicionales\"><\/span>Pasar de la teor\u00eda a la pr\u00e1ctica para preservar los oficios tradicionales<span class=\"ez-toc-section-end\"><\/span><\/h3><p>Un calendario preciso, que incluya etapas pr\u00e1cticas y funciones claramente definidas, ayuda a estructurar el traspaso. Establecer parejas intergeneracionales, organizar sesiones de trabajo colaborativo y garantizar un seguimiento riguroso optimizan el desarrollo de las competencias. Utilizar una plataforma como alumni.space evita la dispersi\u00f3n de herramientas y datos, ahorrando tiempo y mejorando el control del proceso.  <\/p><p>Este sistema apoya a los artesanos en la promoci\u00f3n de su oficio y el fomento de su red. El objetivo es convertir a cada participante en un embajador capaz de comprometerse a largo plazo con el patrimonio cultural. Estas iniciativas contribuyen a limitar la disminuci\u00f3n del n\u00famero de artesanos, reforzando al mismo tiempo la transmisi\u00f3n de conocimientos en el coraz\u00f3n de los oficios tradicionales.  <\/p><p>Por tanto, <a href=\"https:\/\/www.alumni.space\/es\/el-riesgo-de-perder-el-saber-hacer-en-la-artesania-tradicional\/\">descubrir c\u00f3mo reducir la p\u00e9rdida de conocimientos t\u00e9cnicos<\/a> se est\u00e1 convirtiendo en una prioridad para las instituciones y los responsables comprometidos con la salvaguardia de las artes y la artesan\u00eda.<\/p>","protected":false},"excerpt":{"rendered":"<p>El arte y la artesan\u00eda representan una parte esencial de  [&#8230;]<\/p>\n","protected":false},"author":1,"featured_media":5591,"comment_status":"closed","ping_status":"closed","sticky":false,"template":"","format":"standard","meta":{"_ayudawp_aiss_exclude":false,"footnotes":""},"categories":[33],"tags":[],"class_list":["post-5589","post","type-post","status-publish","format-standard","has-post-thumbnail","hentry","category-sin-categorizar"],"yoast_head":"<!-- This site is optimized with the Yoast SEO plugin v27.4 - https:\/\/yoast.com\/product\/yoast-seo-wordpress\/ -->\n<title>Artesan\u00eda: la pr\u00f3xima generaci\u00f3n en peligro<\/title>\n<meta name=\"description\" content=\"Descubre c\u00f3mo el sector de las artes y la artesan\u00eda est\u00e1 haciendo frente a la escasez de j\u00f3venes talentos y lo que esto significa para su futuro y para nuestro patrimonio.\" \/>\n<meta name=\"robots\" content=\"index, follow, max-snippet:-1, max-image-preview:large, max-video-preview:-1\" \/>\n<link rel=\"canonical\" href=\"https:\/\/www.alumni.space\/es\/el-sector-artistico-y-artesanal-amenazado-por-la-falta-de-jovenes-talentos\/\" \/>\n<meta property=\"og:locale\" content=\"es_ES\" \/>\n<meta property=\"og:type\" content=\"article\" \/>\n<meta property=\"og:title\" content=\"Artesan\u00eda: la pr\u00f3xima generaci\u00f3n en peligro\" \/>\n<meta property=\"og:description\" content=\"Descubre c\u00f3mo el sector de las artes y la artesan\u00eda est\u00e1 haciendo frente a la escasez de j\u00f3venes talentos y lo que esto significa para su futuro y para nuestro patrimonio.\" \/>\n<meta property=\"og:url\" content=\"https:\/\/www.alumni.space\/es\/el-sector-artistico-y-artesanal-amenazado-por-la-falta-de-jovenes-talentos\/\" \/>\n<meta property=\"og:site_name\" content=\"Alumni.space\" \/>\n<meta property=\"article:published_time\" content=\"2024-09-23T19:09:50+00:00\" \/>\n<meta property=\"article:modified_time\" content=\"2026-04-02T12:08:46+00:00\" \/>\n<meta property=\"og:image\" content=\"https:\/\/www.alumni.space\/wp-content\/uploads\/2026\/03\/Lartisanat-dart-en-danger-face-au-manque-de-releve.jpg\" \/>\n\t<meta property=\"og:image:width\" content=\"1280\" \/>\n\t<meta property=\"og:image:height\" content=\"768\" \/>\n\t<meta property=\"og:image:type\" content=\"image\/jpeg\" \/>\n<meta name=\"author\" content=\"admin\" \/>\n<meta name=\"twitter:card\" content=\"summary_large_image\" \/>\n<meta name=\"twitter:label1\" content=\"Escrito por\" \/>\n\t<meta name=\"twitter:data1\" content=\"admin\" \/>\n\t<meta name=\"twitter:label2\" content=\"Tiempo de lectura\" \/>\n\t<meta name=\"twitter:data2\" content=\"4 minutos\" \/>\n<script type=\"application\/ld+json\" class=\"yoast-schema-graph\">{\"@context\":\"https:\\\/\\\/schema.org\",\"@graph\":[{\"@type\":\"Article\",\"@id\":\"https:\\\/\\\/www.alumni.space\\\/es\\\/el-sector-artistico-y-artesanal-amenazado-por-la-falta-de-jovenes-talentos\\\/#article\",\"isPartOf\":{\"@id\":\"https:\\\/\\\/www.alumni.space\\\/es\\\/el-sector-artistico-y-artesanal-amenazado-por-la-falta-de-jovenes-talentos\\\/\"},\"author\":{\"name\":\"admin\",\"@id\":\"https:\\\/\\\/www.alumni.space\\\/es\\\/#\\\/schema\\\/person\\\/fede362a57876edda476a61f05ce5b15\"},\"headline\":\"El sector art\u00edstico y artesanal amenazado por la falta de j\u00f3venes talentos\",\"datePublished\":\"2024-09-23T19:09:50+00:00\",\"dateModified\":\"2026-04-02T12:08:46+00:00\",\"mainEntityOfPage\":{\"@id\":\"https:\\\/\\\/www.alumni.space\\\/es\\\/el-sector-artistico-y-artesanal-amenazado-por-la-falta-de-jovenes-talentos\\\/\"},\"wordCount\":761,\"image\":{\"@id\":\"https:\\\/\\\/www.alumni.space\\\/es\\\/el-sector-artistico-y-artesanal-amenazado-por-la-falta-de-jovenes-talentos\\\/#primaryimage\"},\"thumbnailUrl\":\"https:\\\/\\\/www.alumni.space\\\/wp-content\\\/uploads\\\/2026\\\/03\\\/Lartisanat-dart-en-danger-face-au-manque-de-releve.jpg\",\"articleSection\":[\"Sin categorizar\"],\"inLanguage\":\"es\"},{\"@type\":\"WebPage\",\"@id\":\"https:\\\/\\\/www.alumni.space\\\/es\\\/el-sector-artistico-y-artesanal-amenazado-por-la-falta-de-jovenes-talentos\\\/\",\"url\":\"https:\\\/\\\/www.alumni.space\\\/es\\\/el-sector-artistico-y-artesanal-amenazado-por-la-falta-de-jovenes-talentos\\\/\",\"name\":\"Artesan\u00eda: la pr\u00f3xima generaci\u00f3n en peligro\",\"isPartOf\":{\"@id\":\"https:\\\/\\\/www.alumni.space\\\/es\\\/#website\"},\"primaryImageOfPage\":{\"@id\":\"https:\\\/\\\/www.alumni.space\\\/es\\\/el-sector-artistico-y-artesanal-amenazado-por-la-falta-de-jovenes-talentos\\\/#primaryimage\"},\"image\":{\"@id\":\"https:\\\/\\\/www.alumni.space\\\/es\\\/el-sector-artistico-y-artesanal-amenazado-por-la-falta-de-jovenes-talentos\\\/#primaryimage\"},\"thumbnailUrl\":\"https:\\\/\\\/www.alumni.space\\\/wp-content\\\/uploads\\\/2026\\\/03\\\/Lartisanat-dart-en-danger-face-au-manque-de-releve.jpg\",\"datePublished\":\"2024-09-23T19:09:50+00:00\",\"dateModified\":\"2026-04-02T12:08:46+00:00\",\"author\":{\"@id\":\"https:\\\/\\\/www.alumni.space\\\/es\\\/#\\\/schema\\\/person\\\/fede362a57876edda476a61f05ce5b15\"},\"description\":\"Descubre c\u00f3mo el sector de las artes y la artesan\u00eda est\u00e1 haciendo frente a la escasez de j\u00f3venes talentos y lo que esto significa para su futuro y para nuestro patrimonio.\",\"breadcrumb\":{\"@id\":\"https:\\\/\\\/www.alumni.space\\\/es\\\/el-sector-artistico-y-artesanal-amenazado-por-la-falta-de-jovenes-talentos\\\/#breadcrumb\"},\"inLanguage\":\"es\",\"potentialAction\":[{\"@type\":\"ReadAction\",\"target\":[\"https:\\\/\\\/www.alumni.space\\\/es\\\/el-sector-artistico-y-artesanal-amenazado-por-la-falta-de-jovenes-talentos\\\/\"]}]},{\"@type\":\"ImageObject\",\"inLanguage\":\"es\",\"@id\":\"https:\\\/\\\/www.alumni.space\\\/es\\\/el-sector-artistico-y-artesanal-amenazado-por-la-falta-de-jovenes-talentos\\\/#primaryimage\",\"url\":\"https:\\\/\\\/www.alumni.space\\\/wp-content\\\/uploads\\\/2026\\\/03\\\/Lartisanat-dart-en-danger-face-au-manque-de-releve.jpg\",\"contentUrl\":\"https:\\\/\\\/www.alumni.space\\\/wp-content\\\/uploads\\\/2026\\\/03\\\/Lartisanat-dart-en-danger-face-au-manque-de-releve.jpg\",\"width\":1280,\"height\":768,\"caption\":\"Descubre los problemas cruciales a los que se enfrenta el sector de la artesan\u00eda, amenazado por la falta de j\u00f3venes talentos, y la importancia de preservar este patrimonio \u00fanico.\"},{\"@type\":\"BreadcrumbList\",\"@id\":\"https:\\\/\\\/www.alumni.space\\\/es\\\/el-sector-artistico-y-artesanal-amenazado-por-la-falta-de-jovenes-talentos\\\/#breadcrumb\",\"itemListElement\":[{\"@type\":\"ListItem\",\"position\":1,\"name\":\"Home\",\"item\":\"https:\\\/\\\/www.alumni.space\\\/es\\\/plataforma-de-tutoria-y-gestion-de-antiguos-alumnos\\\/\"},{\"@type\":\"ListItem\",\"position\":2,\"name\":\"El sector art\u00edstico y artesanal amenazado por la falta de j\u00f3venes talentos\"}]},{\"@type\":\"WebSite\",\"@id\":\"https:\\\/\\\/www.alumni.space\\\/es\\\/#website\",\"url\":\"https:\\\/\\\/www.alumni.space\\\/es\\\/\",\"name\":\"Alumni.space\",\"description\":\"My WordPress Blog\",\"potentialAction\":[{\"@type\":\"SearchAction\",\"target\":{\"@type\":\"EntryPoint\",\"urlTemplate\":\"https:\\\/\\\/www.alumni.space\\\/es\\\/?s={search_term_string}\"},\"query-input\":{\"@type\":\"PropertyValueSpecification\",\"valueRequired\":true,\"valueName\":\"search_term_string\"}}],\"inLanguage\":\"es\"},{\"@type\":\"Person\",\"@id\":\"https:\\\/\\\/www.alumni.space\\\/es\\\/#\\\/schema\\\/person\\\/fede362a57876edda476a61f05ce5b15\",\"name\":\"admin\",\"image\":{\"@type\":\"ImageObject\",\"inLanguage\":\"es\",\"@id\":\"https:\\\/\\\/secure.gravatar.com\\\/avatar\\\/318e234ae94f90d4d629428d6b983c08e31181c28f579e08a021180d759ea651?s=96&d=mm&r=g\",\"url\":\"https:\\\/\\\/secure.gravatar.com\\\/avatar\\\/318e234ae94f90d4d629428d6b983c08e31181c28f579e08a021180d759ea651?s=96&d=mm&r=g\",\"contentUrl\":\"https:\\\/\\\/secure.gravatar.com\\\/avatar\\\/318e234ae94f90d4d629428d6b983c08e31181c28f579e08a021180d759ea651?s=96&d=mm&r=g\",\"caption\":\"admin\"},\"description\":\"Nicolas Laustriat a construit sa sp\u00e9cialit\u00e9 sur un sujet que beaucoup d\u2019organisations d\u00e9couvrent trop tard : ce qui dispara\u00eet quand les gens partent. Dipl\u00f4m\u00e9 en conception de produit industriel, il bifurque vers le digital fin 1996, il couvre les transformations marques, RH, la fid\u00e9lisation, la marque employeur. Sur le terrain, il rep\u00e8re un angle mort r\u00e9current : l\u2019entreprise investit dans le recrutement, la formation, les process\u2026 puis laisse filer le lien au moment du d\u00e9part, avec une perte de savoir et d\u2019influence qui se paie en silence. Il se sp\u00e9cialise alors sur les communaut\u00e9s d\u2019alumni, le mentorat, l\u2019entraide interg\u00e9n\u00e9rationnelle et la transmission d\u2019expertise. Il passe du \u201cconstat\u201d aux m\u00e9thodes : animation, gouvernance, segmentation, rituels, mesure d\u2019engagement, articulation avec la RSE et l\u2019employabilit\u00e9. Il interviewe DRH, responsables formation, directions d\u2019\u00e9coles, associations et fondations, avec une obsession : transformer un r\u00e9seau dormant en m\u00e9canisme utile (cooptation, mentorat, job board, entraide, \u00e9v\u00e9nements, contenus). Son style : direct, orient\u00e9 action, sans folklore. Sa conviction : une communaut\u00e9 n\u2019a pas besoin de bruit, elle a besoin de raisons de revenir.\",\"sameAs\":[\"https:\\\/\\\/www.alumni.space\"]}]}<\/script>\n<!-- \/ Yoast SEO plugin. -->","yoast_head_json":{"title":"Artesan\u00eda: la pr\u00f3xima generaci\u00f3n en peligro","description":"Descubre c\u00f3mo el sector de las artes y la artesan\u00eda est\u00e1 haciendo frente a la escasez de j\u00f3venes talentos y lo que esto significa para su futuro y para nuestro patrimonio.","robots":{"index":"index","follow":"follow","max-snippet":"max-snippet:-1","max-image-preview":"max-image-preview:large","max-video-preview":"max-video-preview:-1"},"canonical":"https:\/\/www.alumni.space\/es\/el-sector-artistico-y-artesanal-amenazado-por-la-falta-de-jovenes-talentos\/","og_locale":"es_ES","og_type":"article","og_title":"Artesan\u00eda: la pr\u00f3xima generaci\u00f3n en peligro","og_description":"Descubre c\u00f3mo el sector de las artes y la artesan\u00eda est\u00e1 haciendo frente a la escasez de j\u00f3venes talentos y lo que esto significa para su futuro y para nuestro patrimonio.","og_url":"https:\/\/www.alumni.space\/es\/el-sector-artistico-y-artesanal-amenazado-por-la-falta-de-jovenes-talentos\/","og_site_name":"Alumni.space","article_published_time":"2024-09-23T19:09:50+00:00","article_modified_time":"2026-04-02T12:08:46+00:00","og_image":[{"width":1280,"height":768,"url":"https:\/\/www.alumni.space\/wp-content\/uploads\/2026\/03\/Lartisanat-dart-en-danger-face-au-manque-de-releve.jpg","type":"image\/jpeg"}],"author":"admin","twitter_card":"summary_large_image","twitter_misc":{"Escrito por":"admin","Tiempo de lectura":"4 minutos"},"schema":{"@context":"https:\/\/schema.org","@graph":[{"@type":"Article","@id":"https:\/\/www.alumni.space\/es\/el-sector-artistico-y-artesanal-amenazado-por-la-falta-de-jovenes-talentos\/#article","isPartOf":{"@id":"https:\/\/www.alumni.space\/es\/el-sector-artistico-y-artesanal-amenazado-por-la-falta-de-jovenes-talentos\/"},"author":{"name":"admin","@id":"https:\/\/www.alumni.space\/es\/#\/schema\/person\/fede362a57876edda476a61f05ce5b15"},"headline":"El sector art\u00edstico y artesanal amenazado por la falta de j\u00f3venes talentos","datePublished":"2024-09-23T19:09:50+00:00","dateModified":"2026-04-02T12:08:46+00:00","mainEntityOfPage":{"@id":"https:\/\/www.alumni.space\/es\/el-sector-artistico-y-artesanal-amenazado-por-la-falta-de-jovenes-talentos\/"},"wordCount":761,"image":{"@id":"https:\/\/www.alumni.space\/es\/el-sector-artistico-y-artesanal-amenazado-por-la-falta-de-jovenes-talentos\/#primaryimage"},"thumbnailUrl":"https:\/\/www.alumni.space\/wp-content\/uploads\/2026\/03\/Lartisanat-dart-en-danger-face-au-manque-de-releve.jpg","articleSection":["Sin categorizar"],"inLanguage":"es"},{"@type":"WebPage","@id":"https:\/\/www.alumni.space\/es\/el-sector-artistico-y-artesanal-amenazado-por-la-falta-de-jovenes-talentos\/","url":"https:\/\/www.alumni.space\/es\/el-sector-artistico-y-artesanal-amenazado-por-la-falta-de-jovenes-talentos\/","name":"Artesan\u00eda: la pr\u00f3xima generaci\u00f3n en peligro","isPartOf":{"@id":"https:\/\/www.alumni.space\/es\/#website"},"primaryImageOfPage":{"@id":"https:\/\/www.alumni.space\/es\/el-sector-artistico-y-artesanal-amenazado-por-la-falta-de-jovenes-talentos\/#primaryimage"},"image":{"@id":"https:\/\/www.alumni.space\/es\/el-sector-artistico-y-artesanal-amenazado-por-la-falta-de-jovenes-talentos\/#primaryimage"},"thumbnailUrl":"https:\/\/www.alumni.space\/wp-content\/uploads\/2026\/03\/Lartisanat-dart-en-danger-face-au-manque-de-releve.jpg","datePublished":"2024-09-23T19:09:50+00:00","dateModified":"2026-04-02T12:08:46+00:00","author":{"@id":"https:\/\/www.alumni.space\/es\/#\/schema\/person\/fede362a57876edda476a61f05ce5b15"},"description":"Descubre c\u00f3mo el sector de las artes y la artesan\u00eda est\u00e1 haciendo frente a la escasez de j\u00f3venes talentos y lo que esto significa para su futuro y para nuestro patrimonio.","breadcrumb":{"@id":"https:\/\/www.alumni.space\/es\/el-sector-artistico-y-artesanal-amenazado-por-la-falta-de-jovenes-talentos\/#breadcrumb"},"inLanguage":"es","potentialAction":[{"@type":"ReadAction","target":["https:\/\/www.alumni.space\/es\/el-sector-artistico-y-artesanal-amenazado-por-la-falta-de-jovenes-talentos\/"]}]},{"@type":"ImageObject","inLanguage":"es","@id":"https:\/\/www.alumni.space\/es\/el-sector-artistico-y-artesanal-amenazado-por-la-falta-de-jovenes-talentos\/#primaryimage","url":"https:\/\/www.alumni.space\/wp-content\/uploads\/2026\/03\/Lartisanat-dart-en-danger-face-au-manque-de-releve.jpg","contentUrl":"https:\/\/www.alumni.space\/wp-content\/uploads\/2026\/03\/Lartisanat-dart-en-danger-face-au-manque-de-releve.jpg","width":1280,"height":768,"caption":"Descubre los problemas cruciales a los que se enfrenta el sector de la artesan\u00eda, amenazado por la falta de j\u00f3venes talentos, y la importancia de preservar este patrimonio \u00fanico."},{"@type":"BreadcrumbList","@id":"https:\/\/www.alumni.space\/es\/el-sector-artistico-y-artesanal-amenazado-por-la-falta-de-jovenes-talentos\/#breadcrumb","itemListElement":[{"@type":"ListItem","position":1,"name":"Home","item":"https:\/\/www.alumni.space\/es\/plataforma-de-tutoria-y-gestion-de-antiguos-alumnos\/"},{"@type":"ListItem","position":2,"name":"El sector art\u00edstico y artesanal amenazado por la falta de j\u00f3venes talentos"}]},{"@type":"WebSite","@id":"https:\/\/www.alumni.space\/es\/#website","url":"https:\/\/www.alumni.space\/es\/","name":"Alumni.space","description":"My WordPress Blog","potentialAction":[{"@type":"SearchAction","target":{"@type":"EntryPoint","urlTemplate":"https:\/\/www.alumni.space\/es\/?s={search_term_string}"},"query-input":{"@type":"PropertyValueSpecification","valueRequired":true,"valueName":"search_term_string"}}],"inLanguage":"es"},{"@type":"Person","@id":"https:\/\/www.alumni.space\/es\/#\/schema\/person\/fede362a57876edda476a61f05ce5b15","name":"admin","image":{"@type":"ImageObject","inLanguage":"es","@id":"https:\/\/secure.gravatar.com\/avatar\/318e234ae94f90d4d629428d6b983c08e31181c28f579e08a021180d759ea651?s=96&d=mm&r=g","url":"https:\/\/secure.gravatar.com\/avatar\/318e234ae94f90d4d629428d6b983c08e31181c28f579e08a021180d759ea651?s=96&d=mm&r=g","contentUrl":"https:\/\/secure.gravatar.com\/avatar\/318e234ae94f90d4d629428d6b983c08e31181c28f579e08a021180d759ea651?s=96&d=mm&r=g","caption":"admin"},"description":"Nicolas Laustriat a construit sa sp\u00e9cialit\u00e9 sur un sujet que beaucoup d\u2019organisations d\u00e9couvrent trop tard : ce qui dispara\u00eet quand les gens partent. Dipl\u00f4m\u00e9 en conception de produit industriel, il bifurque vers le digital fin 1996, il couvre les transformations marques, RH, la fid\u00e9lisation, la marque employeur. Sur le terrain, il rep\u00e8re un angle mort r\u00e9current : l\u2019entreprise investit dans le recrutement, la formation, les process\u2026 puis laisse filer le lien au moment du d\u00e9part, avec une perte de savoir et d\u2019influence qui se paie en silence. Il se sp\u00e9cialise alors sur les communaut\u00e9s d\u2019alumni, le mentorat, l\u2019entraide interg\u00e9n\u00e9rationnelle et la transmission d\u2019expertise. Il passe du \u201cconstat\u201d aux m\u00e9thodes : animation, gouvernance, segmentation, rituels, mesure d\u2019engagement, articulation avec la RSE et l\u2019employabilit\u00e9. Il interviewe DRH, responsables formation, directions d\u2019\u00e9coles, associations et fondations, avec une obsession : transformer un r\u00e9seau dormant en m\u00e9canisme utile (cooptation, mentorat, job board, entraide, \u00e9v\u00e9nements, contenus). Son style : direct, orient\u00e9 action, sans folklore. Sa conviction : une communaut\u00e9 n\u2019a pas besoin de bruit, elle a besoin de raisons de revenir.","sameAs":["https:\/\/www.alumni.space"]}]}},"_links":{"self":[{"href":"https:\/\/www.alumni.space\/es\/wp-json\/wp\/v2\/posts\/5589","targetHints":{"allow":["GET"]}}],"collection":[{"href":"https:\/\/www.alumni.space\/es\/wp-json\/wp\/v2\/posts"}],"about":[{"href":"https:\/\/www.alumni.space\/es\/wp-json\/wp\/v2\/types\/post"}],"author":[{"embeddable":true,"href":"https:\/\/www.alumni.space\/es\/wp-json\/wp\/v2\/users\/1"}],"replies":[{"embeddable":true,"href":"https:\/\/www.alumni.space\/es\/wp-json\/wp\/v2\/comments?post=5589"}],"version-history":[{"count":2,"href":"https:\/\/www.alumni.space\/es\/wp-json\/wp\/v2\/posts\/5589\/revisions"}],"predecessor-version":[{"id":7268,"href":"https:\/\/www.alumni.space\/es\/wp-json\/wp\/v2\/posts\/5589\/revisions\/7268"}],"wp:featuredmedia":[{"embeddable":true,"href":"https:\/\/www.alumni.space\/es\/wp-json\/wp\/v2\/media\/5591"}],"wp:attachment":[{"href":"https:\/\/www.alumni.space\/es\/wp-json\/wp\/v2\/media?parent=5589"}],"wp:term":[{"taxonomy":"category","embeddable":true,"href":"https:\/\/www.alumni.space\/es\/wp-json\/wp\/v2\/categories?post=5589"},{"taxonomy":"post_tag","embeddable":true,"href":"https:\/\/www.alumni.space\/es\/wp-json\/wp\/v2\/tags?post=5589"}],"curies":[{"name":"wp","href":"https:\/\/api.w.org\/{rel}","templated":true}]}}