{"id":5559,"date":"2025-05-11T22:02:46","date_gmt":"2025-05-11T22:02:46","guid":{"rendered":"https:\/\/www.alumni.space\/alumni-como-aumentar-tu-sentido-de-pertenencia-despues-de-marcharte\/"},"modified":"2026-03-28T10:42:13","modified_gmt":"2026-03-28T10:42:13","slug":"alumni-como-aumentar-tu-sentido-de-pertenencia-despues-de-marcharte","status":"publish","type":"post","link":"https:\/\/www.alumni.space\/es\/alumni-como-aumentar-tu-sentido-de-pertenencia-despues-de-marcharte\/","title":{"rendered":"Alumni: c\u00f3mo aumentar tu sentido de pertenencia despu\u00e9s de marcharte"},"content":{"rendered":"<p>Una red de<strong>antiguos alumnos<\/strong> que funcione combina visibilidad, utilidad y movimiento continuo. El reto es transformar el inicio en una pertenencia duradera a una <strong>comunidad<\/strong> activa, \u00fatil para la empleabilidad y la reputaci\u00f3n. <\/p><div id=\"ez-toc-container\" class=\"ez-toc-v2_0_82_2 counter-flat ez-toc-counter ez-toc-grey ez-toc-container-direction\">\n<div class=\"ez-toc-title-container\"><p class=\"ez-toc-title\" style=\"cursor:inherit\">En este art\u00edculo se trata lo siguiente:<\/p>\n<\/div><nav><ul class='ez-toc-list ez-toc-list-level-1 ' ><li class='ez-toc-page-1'><a class=\"ez-toc-link ez-toc-heading-1\" href=\"https:\/\/www.alumni.space\/es\/alumni-como-aumentar-tu-sentido-de-pertenencia-despues-de-marcharte\/#Reforzar_el_sentimiento_de_pertenencia_de_los_Antiguos_Alumnos_tras_su_marcha\" >Reforzar el sentimiento de pertenencia de los Antiguos Alumnos tras su marcha<\/a><\/li><li class='ez-toc-page-1'><a class=\"ez-toc-link ez-toc-heading-2\" href=\"https:\/\/www.alumni.space\/es\/alumni-como-aumentar-tu-sentido-de-pertenencia-despues-de-marcharte\/#Contextualizacion_del_Instituto_Novalys\" >Contextualizaci\u00f3n del Instituto Novalys<\/a><\/li><li class='ez-toc-page-1'><a class=\"ez-toc-link ez-toc-heading-3\" href=\"https:\/\/www.alumni.space\/es\/alumni-como-aumentar-tu-sentido-de-pertenencia-despues-de-marcharte\/#Gobernanza_agil_y_funciones_claras_para_fidelizar\" >Gobernanza \u00e1gil y funciones claras para fidelizar<\/a><\/li><li class='ez-toc-page-1'><a class=\"ez-toc-link ez-toc-heading-4\" href=\"https:\/\/www.alumni.space\/es\/alumni-como-aumentar-tu-sentido-de-pertenencia-despues-de-marcharte\/#Estructuracion_de_la_oferta_servicios_prioritarios_para_los_responsables_de_la_toma_de_decisiones\" >Estructuraci\u00f3n de la oferta: servicios prioritarios para los responsables de la toma de decisiones<\/a><\/li><li class='ez-toc-page-1'><a class=\"ez-toc-link ez-toc-heading-5\" href=\"https:\/\/www.alumni.space\/es\/alumni-como-aumentar-tu-sentido-de-pertenencia-despues-de-marcharte\/#Actos_anuales_y_rituales_operativos\" >Actos anuales y rituales operativos<\/a><\/li><li class='ez-toc-page-1'><a class=\"ez-toc-link ez-toc-heading-6\" href=\"https:\/\/www.alumni.space\/es\/alumni-como-aumentar-tu-sentido-de-pertenencia-despues-de-marcharte\/#Contenido_util_y_formatos_cortos_para_captar_la_atencion\" >Contenido \u00fatil y formatos cortos para captar la atenci\u00f3n<\/a><\/li><li class='ez-toc-page-1'><a class=\"ez-toc-link ez-toc-heading-7\" href=\"https:\/\/www.alumni.space\/es\/alumni-como-aumentar-tu-sentido-de-pertenencia-despues-de-marcharte\/#Indicadores_pragmaticos_para_controlar_la_aceptacion\" >Indicadores pragm\u00e1ticos para controlar la aceptaci\u00f3n<\/a><\/li><li class='ez-toc-page-1'><a class=\"ez-toc-link ez-toc-heading-8\" href=\"https:\/\/www.alumni.space\/es\/alumni-como-aumentar-tu-sentido-de-pertenencia-despues-de-marcharte\/#Financiacion_y_asociaciones_sostenibles\" >Financiaci\u00f3n y asociaciones sostenibles<\/a><\/li><li class='ez-toc-page-1'><a class=\"ez-toc-link ez-toc-heading-9\" href=\"https:\/\/www.alumni.space\/es\/alumni-como-aumentar-tu-sentido-de-pertenencia-despues-de-marcharte\/#Confianza_conformidad_y_accesibilidad\" >Confianza, conformidad y accesibilidad<\/a><\/li><li class='ez-toc-page-1'><a class=\"ez-toc-link ez-toc-heading-10\" href=\"https:\/\/www.alumni.space\/es\/alumni-como-aumentar-tu-sentido-de-pertenencia-despues-de-marcharte\/#La_plataforma_alumnispace_como_base_industrial\" >La plataforma alumni.space como base industrial<\/a><\/li><li class='ez-toc-page-1'><a class=\"ez-toc-link ez-toc-heading-11\" href=\"https:\/\/www.alumni.space\/es\/alumni-como-aumentar-tu-sentido-de-pertenencia-despues-de-marcharte\/#Aplicacion_rapida_plan_de_90_dias_en_marcha\" >Aplicaci\u00f3n r\u00e1pida: plan de 90 d\u00edas en marcha<\/a><\/li><li class='ez-toc-page-1'><a class=\"ez-toc-link ez-toc-heading-12\" href=\"https:\/\/www.alumni.space\/es\/alumni-como-aumentar-tu-sentido-de-pertenencia-despues-de-marcharte\/#Buenas_practicas_a_largo_plazo\" >Buenas pr\u00e1cticas a largo plazo<\/a><\/li><li class='ez-toc-page-1'><a class=\"ez-toc-link ez-toc-heading-13\" href=\"https:\/\/www.alumni.space\/es\/alumni-como-aumentar-tu-sentido-de-pertenencia-despues-de-marcharte\/#Otras_lecturas_y_recursos\" >Otras lecturas y recursos<\/a><\/li><\/ul><\/nav><\/div>\n<h2 class=\"wp-block-heading\"><span class=\"ez-toc-section\" id=\"Reforzar_el_sentimiento_de_pertenencia_de_los_Antiguos_Alumnos_tras_su_marcha\"><\/span>Reforzar el <strong>sentimiento de pertenencia<\/strong> de <strong>los Antiguos Alumnos<\/strong> tras su marcha<span class=\"ez-toc-section-end\"><\/span><\/h2><p>La p\u00e9rdida de conocimientos y la ruptura de v\u00ednculos pesan mucho en la gobernanza, la contrataci\u00f3n y la transmisi\u00f3n interna. Una estrategia clara, rituales regulares y una herramienta centralizada crean una continuidad relacional entre promos, equipos y socios. <\/p><figure class=\"wp-block-image size-full\"><img decoding=\"async\" width=\"1344\" height=\"768\" src=\"https:\/\/www.alumni.space\/wp-content\/uploads\/2026\/03\/Alumni-comment-booster-le-sentiment-dappartenance-apres-le-depart-1.jpg\" data-orig-src=\"https:\/\/www.alumni.space\/wp-content\/uploads\/2026\/03\/Alumni-comment-booster-le-sentiment-dappartenance-apres-le-depart-1.jpg\" alt=\"Descubre estrategias eficaces para reforzar el sentimiento de pertenencia de los antiguos alumnos despu\u00e9s de que se hayan marchado, y para mantener fuertes v\u00ednculos con tu comunidad de antiguos alumnos.\" class=\"lazyload wp-image-3360\" srcset=\"data:image\/svg+xml,%3Csvg%20xmlns%3D%27http%3A%2F%2Fwww.w3.org%2F2000%2Fsvg%27%20width%3D%271344%27%20height%3D%27768%27%20viewBox%3D%270%200%201344%20768%27%3E%3Crect%20width%3D%271344%27%20height%3D%27768%27%20fill-opacity%3D%220%22%2F%3E%3C%2Fsvg%3E\" data-srcset=\"https:\/\/www.alumni.space\/wp-content\/uploads\/2026\/03\/Alumni-comment-booster-le-sentiment-dappartenance-apres-le-depart-1-200x114.jpg 200w, https:\/\/www.alumni.space\/wp-content\/uploads\/2026\/03\/Alumni-comment-booster-le-sentiment-dappartenance-apres-le-depart-1-300x171.jpg 300w, https:\/\/www.alumni.space\/wp-content\/uploads\/2026\/03\/Alumni-comment-booster-le-sentiment-dappartenance-apres-le-depart-1-400x229.jpg 400w, https:\/\/www.alumni.space\/wp-content\/uploads\/2026\/03\/Alumni-comment-booster-le-sentiment-dappartenance-apres-le-depart-1-600x343.jpg 600w, https:\/\/www.alumni.space\/wp-content\/uploads\/2026\/03\/Alumni-comment-booster-le-sentiment-dappartenance-apres-le-depart-1-768x439.jpg 768w, https:\/\/www.alumni.space\/wp-content\/uploads\/2026\/03\/Alumni-comment-booster-le-sentiment-dappartenance-apres-le-depart-1-800x457.jpg 800w, https:\/\/www.alumni.space\/wp-content\/uploads\/2026\/03\/Alumni-comment-booster-le-sentiment-dappartenance-apres-le-depart-1-1024x585.jpg 1024w, https:\/\/www.alumni.space\/wp-content\/uploads\/2026\/03\/Alumni-comment-booster-le-sentiment-dappartenance-apres-le-depart-1-1200x686.jpg 1200w, https:\/\/www.alumni.space\/wp-content\/uploads\/2026\/03\/Alumni-comment-booster-le-sentiment-dappartenance-apres-le-depart-1.jpg 1344w\" data-sizes=\"auto\" data-orig-sizes=\"(max-width: 1344px) 100vw, 1344px\" \/><\/figure><h3 class=\"wp-block-heading\"><span class=\"ez-toc-section\" id=\"Contextualizacion_del_Instituto_Novalys\"><\/span>Contextualizaci\u00f3n del Instituto Novalys<span class=\"ez-toc-section-end\"><\/span><\/h3><p>El Instituto Novalys ha optado por organizar sus actividades en torno a un conjunto b\u00e1sico de servicios: un directorio filtrable, <strong>tutor\u00edas<\/strong> estructuradas y <strong>eventos<\/strong> h\u00edbridos. El paso de un simple grupo en una red social a una plataforma dedicada ha reducido los intercambios dispersos y reforzado la trazabilidad de las interacciones. <\/p><h3 class=\"wp-block-heading\"><span class=\"ez-toc-section\" id=\"Gobernanza_agil_y_funciones_claras_para_fidelizar\"><\/span>Gobernanza \u00e1gil y funciones claras para fidelizar<span class=\"ez-toc-section-end\"><\/span><\/h3><p>La creaci\u00f3n de un comit\u00e9 selecto, el nombramiento de coordinadores locales y las funciones tem\u00e1ticas de coordinaci\u00f3n proporcionan un marco estable. A cada acci\u00f3n se le asigna una ficha pr\u00e1ctica: objetivo, p\u00fablico destinatario, m\u00e9tricas de seguimiento, responsable. <\/p><h2 class=\"wp-block-heading\"><span class=\"ez-toc-section\" id=\"Estructuracion_de_la_oferta_servicios_prioritarios_para_los_responsables_de_la_toma_de_decisiones\"><\/span>Estructuraci\u00f3n de la oferta: servicios prioritarios para los responsables de la toma de decisiones<span class=\"ez-toc-section-end\"><\/span><\/h2><p>Dar prioridad a servicios concretos acelera la adopci\u00f3n: <strong>bolsa de trabajo<\/strong> contributiva, <strong>tutor\u00eda<\/strong> expr\u00e9s y prolongada, directorio con filtros laborales y geogr\u00e1ficos. Estos elementos b\u00e1sicos reducen la fuga de competencias y refuerzan la marca del empleador. <\/p><h3 class=\"wp-block-heading\"><span class=\"ez-toc-section\" id=\"Actos_anuales_y_rituales_operativos\"><\/span>Actos anuales y rituales operativos<span class=\"ez-toc-section-end\"><\/span><\/h3><p>Un calendario basado en el inicio del curso escolar, el periodo de reclutamiento y el final del curso crea puntos de referencia. Alternar reuniones locales, talleres sobre carreras profesionales y sesiones de emparejamiento para <strong>establecer contactos<\/strong> genera un compromiso mensurable cada trimestre. <\/p><h3 class=\"wp-block-heading\"><span class=\"ez-toc-section\" id=\"Contenido_util_y_formatos_cortos_para_captar_la_atencion\"><\/span>Contenido \u00fatil y formatos cortos para captar la atenci\u00f3n<span class=\"ez-toc-section-end\"><\/span><\/h3><p>Los perfiles de antiguos alumnos, las minigu\u00edas profesionales y las repeticiones con marca de tiempo ofrecen un valor inmediato. El uso de mensajes automatizados de bienvenida y reactivaci\u00f3n aumenta la tasa de cumplimentaci\u00f3n del perfil. <\/p><h2 class=\"wp-block-heading\"><span class=\"ez-toc-section\" id=\"Indicadores_pragmaticos_para_controlar_la_aceptacion\"><\/span>Indicadores pragm\u00e1ticos para controlar la aceptaci\u00f3n<span class=\"ez-toc-section-end\"><\/span><\/h2><p>El seguimiento de una serie de KPI procesables facilita la gesti\u00f3n: tasa de cumplimentaci\u00f3n de perfiles, participaci\u00f3n en <strong>eventos<\/strong>, n\u00famero de parejas de <strong>tutor\u00eda<\/strong> activas, vacantes publicadas en la <strong>bolsa de trabajo<\/strong>. Estos indicadores convencen a los \u00f3rganos de gobierno y financiaci\u00f3n. <\/p><h3 class=\"wp-block-heading\"><span class=\"ez-toc-section\" id=\"Financiacion_y_asociaciones_sostenibles\"><\/span>Financiaci\u00f3n y asociaciones sostenibles<span class=\"ez-toc-section-end\"><\/span><\/h3><p>Modelos mixtos: cuotas de afiliaci\u00f3n simb\u00f3licas para graduados establecidos, patrocinadores espec\u00edficos y venta de entradas para eventos de primera crean un equilibrio financiero. Recompensas sencillas para el voluntariado. <\/p><h2 class=\"wp-block-heading\"><span class=\"ez-toc-section\" id=\"Confianza_conformidad_y_accesibilidad\"><\/span>Confianza, conformidad y accesibilidad<span class=\"ez-toc-section-end\"><\/span><\/h2><p>El cumplimiento del RGPD, los mecanismos de moderaci\u00f3n receptivos y los formatos accesibles (subt\u00edtulos, contraste, mobile first) refuerzan la confianza. La pol\u00edtica de purga de datos inactivos aclara la gobernanza de la informaci\u00f3n. <\/p><h3 class=\"wp-block-heading\"><span class=\"ez-toc-section\" id=\"La_plataforma_alumnispace_como_base_industrial\"><\/span>La plataforma alumni.space como base industrial<span class=\"ez-toc-section-end\"><\/span><\/h3><p><strong>Alumni.space<\/strong> proporciona un espacio centralizado para perfiles, <strong>tutor\u00edas<\/strong>, <strong>eventos<\/strong>, <strong>redes de contactos<\/strong> y ofertas de empleo, evitando hojas de c\u00e1lculo dispersas y m\u00faltiples herramientas. Para normalizar las actividades y medir el impacto, una plataforma SaaS automatiza los recordatorios, agrega indicadores y orquesta las secciones locales. <\/p><p>Una plataforma de este tipo es una cuesti\u00f3n de responsabilidad social, porque la relaci\u00f3n duradera con los antiguos alumnos ampl\u00eda el compromiso de la organizaci\u00f3n m\u00e1s all\u00e1 del contrato salarial: transmisi\u00f3n de competencias, inclusi\u00f3n intergeneracional, apoyo al empleo y promoci\u00f3n del voluntariado de competencias. Capitalizar la experiencia evita desperdiciar conocimientos y refuerza la credibilidad de la marca empleadora mediante testimonios y embajadores. Resultados observados: mayor atractivo, proceso de contrataci\u00f3n m\u00e1s sencillo y aumento de la lealtad, con cuadros de mando para controlar la participaci\u00f3n y los comentarios de los mentores.  <\/p><h2 class=\"wp-block-heading\"><span class=\"ez-toc-section\" id=\"Aplicacion_rapida_plan_de_90_dias_en_marcha\"><\/span>Aplicaci\u00f3n r\u00e1pida: plan de 90 d\u00edas en marcha<span class=\"ez-toc-section-end\"><\/span><\/h2><p>Fase inicial: formaci\u00f3n del comit\u00e9, promesa de valor, carta breve y elecci\u00f3n de la herramienta. Fase siguiente: lanzamiento del \u00e1rea de miembros, importaci\u00f3n de promociones, publicaci\u00f3n de ofertas y primer seminario web. Fase final: puesta en marcha de los pares, env\u00edo del bolet\u00edn y ajuste de los KPI.  <\/p><h3 class=\"wp-block-heading\"><span class=\"ez-toc-section\" id=\"Buenas_practicas_a_largo_plazo\"><\/span>Buenas pr\u00e1cticas a largo plazo<span class=\"ez-toc-section-end\"><\/span><\/h3><p>Mantener un ritmo claro, centrarse en la calidad de las interacciones y reconocer a los colaboradores produce efectos acumulativos. Unas medidas sencillas despu\u00e9s de cada acci\u00f3n fomentan la confianza y animan a seguir participando. <\/p><h3 class=\"wp-block-heading\"><span class=\"ez-toc-section\" id=\"Otras_lecturas_y_recursos\"><\/span>Otras lecturas y recursos<span class=\"ez-toc-section-end\"><\/span><\/h3><p>Para saber m\u00e1s sobre los formatos de los actos y los mecanismos de participaci\u00f3n, consulta las gu\u00edas pr\u00e1cticas sobre la organizaci\u00f3n de<strong>actos<\/strong> y la estructuraci\u00f3n de redes de antiguos alumnos a trav\u00e9s de recursos especializados. Los comentarios detallados ayudan a calibrar las primeras acciones. <\/p><p>Entre los recursos \u00fatiles se incluyen el <a href=\"https:\/\/edusign.com\/fr\/blog\/comment-renforcer-le-reseau-de-votre-ecole-en-integrant-les-alumnis\/\">fortalecimiento de la red de tu centro<\/a> y consejos para <a href=\"https:\/\/www.eudonet.com\/fr\/ressources\/blog\/organiser-evenement-alumni-engager-rassembler-sa-communaute\/\">organizar actos atractivos para antiguos alumnos<\/a>. Para los marcos de buenas pr\u00e1cticas, la publicaci\u00f3n en PDF del IESF ofrece modelos adaptables. <\/p><p><strong>Acci\u00f3n recomendada<\/strong>: lanzar un MVP organizado en torno a un directorio, una <strong>bolsa de trabajo<\/strong> y un programa <strong>de tutor\u00eda<\/strong>, y luego medir tres KPI clave para ajustar el plan. Para industrializar el enfoque, <a href=\"https:\/\/www.alumni.space\/es\/alumni-como-aumentar-tu-sentido-de-pertenencia-despues-de-marcharte\/\">Impulsar el sentido de pertenencia<\/a> ofrece una ilustraci\u00f3n del producto y opciones de integraci\u00f3n. <\/p><p><a href=\"https:\/\/www.alumni.space\/es\/el-valor-anadido-de-un-programa-de-antiguos-alumnos-para-tu-marca-de-empleador\/\">Solicita una demostraci\u00f3n<\/a><\/p>","protected":false},"excerpt":{"rendered":"<p>Una red deantiguos alumnos que funcione combina visibilidad, utilidad y  [&#8230;]<\/p>\n","protected":false},"author":1,"featured_media":5561,"comment_status":"closed","ping_status":"closed","sticky":false,"template":"","format":"standard","meta":{"_ayudawp_aiss_exclude":false,"footnotes":""},"categories":[72],"tags":[],"class_list":["post-5559","post","type-post","status-publish","format-standard","has-post-thumbnail","hentry","category-antiguos-alumnos"],"yoast_head":"<!-- This site is optimized with the Yoast SEO plugin v27.4 - https:\/\/yoast.com\/product\/yoast-seo-wordpress\/ -->\n<title>Alumni: reforzar el sentimiento de pertenencia tras la marcha<\/title>\n<meta name=\"description\" content=\"Averigua c\u00f3mo reforzar el v\u00ednculo y el sentimiento de pertenencia entre antiguos alumnos despu\u00e9s de que se hayan marchado mediante estrategias eficaces y comprometidas.\" \/>\n<meta name=\"robots\" content=\"index, follow, max-snippet:-1, max-image-preview:large, max-video-preview:-1\" \/>\n<link rel=\"canonical\" href=\"https:\/\/www.alumni.space\/es\/alumni-como-aumentar-tu-sentido-de-pertenencia-despues-de-marcharte\/\" \/>\n<meta property=\"og:locale\" content=\"es_ES\" \/>\n<meta property=\"og:type\" content=\"article\" \/>\n<meta property=\"og:title\" content=\"Alumni: reforzar el sentimiento de pertenencia tras la marcha\" \/>\n<meta property=\"og:description\" content=\"Averigua c\u00f3mo reforzar el v\u00ednculo y el sentimiento de pertenencia entre antiguos alumnos despu\u00e9s de que se hayan marchado mediante estrategias eficaces y comprometidas.\" \/>\n<meta property=\"og:url\" content=\"https:\/\/www.alumni.space\/es\/alumni-como-aumentar-tu-sentido-de-pertenencia-despues-de-marcharte\/\" \/>\n<meta property=\"og:site_name\" content=\"Alumni.space\" \/>\n<meta property=\"article:published_time\" content=\"2025-05-11T22:02:46+00:00\" \/>\n<meta property=\"article:modified_time\" content=\"2026-03-28T10:42:13+00:00\" \/>\n<meta property=\"og:image\" content=\"https:\/\/www.alumni.space\/wp-content\/uploads\/2026\/03\/Alumni-comment-booster-le-sentiment-dappartenance-apres-le-depart.jpg\" \/>\n\t<meta property=\"og:image:width\" content=\"1344\" \/>\n\t<meta property=\"og:image:height\" content=\"768\" \/>\n\t<meta property=\"og:image:type\" content=\"image\/jpeg\" \/>\n<meta name=\"author\" content=\"admin\" \/>\n<meta name=\"twitter:card\" content=\"summary_large_image\" \/>\n<meta name=\"twitter:label1\" content=\"Escrito por\" \/>\n\t<meta name=\"twitter:data1\" content=\"admin\" \/>\n\t<meta name=\"twitter:label2\" content=\"Tiempo de lectura\" \/>\n\t<meta name=\"twitter:data2\" content=\"4 minutos\" \/>\n<script type=\"application\/ld+json\" class=\"yoast-schema-graph\">{\"@context\":\"https:\\\/\\\/schema.org\",\"@graph\":[{\"@type\":\"Article\",\"@id\":\"https:\\\/\\\/www.alumni.space\\\/es\\\/alumni-como-aumentar-tu-sentido-de-pertenencia-despues-de-marcharte\\\/#article\",\"isPartOf\":{\"@id\":\"https:\\\/\\\/www.alumni.space\\\/es\\\/alumni-como-aumentar-tu-sentido-de-pertenencia-despues-de-marcharte\\\/\"},\"author\":{\"name\":\"admin\",\"@id\":\"https:\\\/\\\/www.alumni.space\\\/es\\\/#\\\/schema\\\/person\\\/fede362a57876edda476a61f05ce5b15\"},\"headline\":\"Alumni: c\u00f3mo aumentar tu sentido de pertenencia despu\u00e9s de marcharte\",\"datePublished\":\"2025-05-11T22:02:46+00:00\",\"dateModified\":\"2026-03-28T10:42:13+00:00\",\"mainEntityOfPage\":{\"@id\":\"https:\\\/\\\/www.alumni.space\\\/es\\\/alumni-como-aumentar-tu-sentido-de-pertenencia-despues-de-marcharte\\\/\"},\"wordCount\":908,\"image\":{\"@id\":\"https:\\\/\\\/www.alumni.space\\\/es\\\/alumni-como-aumentar-tu-sentido-de-pertenencia-despues-de-marcharte\\\/#primaryimage\"},\"thumbnailUrl\":\"https:\\\/\\\/www.alumni.space\\\/wp-content\\\/uploads\\\/2026\\\/03\\\/Alumni-comment-booster-le-sentiment-dappartenance-apres-le-depart.jpg\",\"articleSection\":[\"Antiguos alumnos\"],\"inLanguage\":\"es\"},{\"@type\":\"WebPage\",\"@id\":\"https:\\\/\\\/www.alumni.space\\\/es\\\/alumni-como-aumentar-tu-sentido-de-pertenencia-despues-de-marcharte\\\/\",\"url\":\"https:\\\/\\\/www.alumni.space\\\/es\\\/alumni-como-aumentar-tu-sentido-de-pertenencia-despues-de-marcharte\\\/\",\"name\":\"Alumni: reforzar el sentimiento de pertenencia tras la marcha\",\"isPartOf\":{\"@id\":\"https:\\\/\\\/www.alumni.space\\\/es\\\/#website\"},\"primaryImageOfPage\":{\"@id\":\"https:\\\/\\\/www.alumni.space\\\/es\\\/alumni-como-aumentar-tu-sentido-de-pertenencia-despues-de-marcharte\\\/#primaryimage\"},\"image\":{\"@id\":\"https:\\\/\\\/www.alumni.space\\\/es\\\/alumni-como-aumentar-tu-sentido-de-pertenencia-despues-de-marcharte\\\/#primaryimage\"},\"thumbnailUrl\":\"https:\\\/\\\/www.alumni.space\\\/wp-content\\\/uploads\\\/2026\\\/03\\\/Alumni-comment-booster-le-sentiment-dappartenance-apres-le-depart.jpg\",\"datePublished\":\"2025-05-11T22:02:46+00:00\",\"dateModified\":\"2026-03-28T10:42:13+00:00\",\"author\":{\"@id\":\"https:\\\/\\\/www.alumni.space\\\/es\\\/#\\\/schema\\\/person\\\/fede362a57876edda476a61f05ce5b15\"},\"description\":\"Averigua c\u00f3mo reforzar el v\u00ednculo y el sentimiento de pertenencia entre antiguos alumnos despu\u00e9s de que se hayan marchado mediante estrategias eficaces y comprometidas.\",\"breadcrumb\":{\"@id\":\"https:\\\/\\\/www.alumni.space\\\/es\\\/alumni-como-aumentar-tu-sentido-de-pertenencia-despues-de-marcharte\\\/#breadcrumb\"},\"inLanguage\":\"es\",\"potentialAction\":[{\"@type\":\"ReadAction\",\"target\":[\"https:\\\/\\\/www.alumni.space\\\/es\\\/alumni-como-aumentar-tu-sentido-de-pertenencia-despues-de-marcharte\\\/\"]}]},{\"@type\":\"ImageObject\",\"inLanguage\":\"es\",\"@id\":\"https:\\\/\\\/www.alumni.space\\\/es\\\/alumni-como-aumentar-tu-sentido-de-pertenencia-despues-de-marcharte\\\/#primaryimage\",\"url\":\"https:\\\/\\\/www.alumni.space\\\/wp-content\\\/uploads\\\/2026\\\/03\\\/Alumni-comment-booster-le-sentiment-dappartenance-apres-le-depart.jpg\",\"contentUrl\":\"https:\\\/\\\/www.alumni.space\\\/wp-content\\\/uploads\\\/2026\\\/03\\\/Alumni-comment-booster-le-sentiment-dappartenance-apres-le-depart.jpg\",\"width\":1344,\"height\":768,\"caption\":\"Descubre estrategias eficaces para reforzar el sentimiento de pertenencia de los antiguos alumnos tras su marcha y mantener v\u00ednculos duraderos con tu comunidad de antiguos alumnos.\"},{\"@type\":\"BreadcrumbList\",\"@id\":\"https:\\\/\\\/www.alumni.space\\\/es\\\/alumni-como-aumentar-tu-sentido-de-pertenencia-despues-de-marcharte\\\/#breadcrumb\",\"itemListElement\":[{\"@type\":\"ListItem\",\"position\":1,\"name\":\"Home\",\"item\":\"https:\\\/\\\/www.alumni.space\\\/es\\\/plataforma-de-tutoria-y-gestion-de-antiguos-alumnos\\\/\"},{\"@type\":\"ListItem\",\"position\":2,\"name\":\"Alumni: c\u00f3mo aumentar tu sentido de pertenencia despu\u00e9s de marcharte\"}]},{\"@type\":\"WebSite\",\"@id\":\"https:\\\/\\\/www.alumni.space\\\/es\\\/#website\",\"url\":\"https:\\\/\\\/www.alumni.space\\\/es\\\/\",\"name\":\"Alumni.space\",\"description\":\"My WordPress Blog\",\"potentialAction\":[{\"@type\":\"SearchAction\",\"target\":{\"@type\":\"EntryPoint\",\"urlTemplate\":\"https:\\\/\\\/www.alumni.space\\\/es\\\/?s={search_term_string}\"},\"query-input\":{\"@type\":\"PropertyValueSpecification\",\"valueRequired\":true,\"valueName\":\"search_term_string\"}}],\"inLanguage\":\"es\"},{\"@type\":\"Person\",\"@id\":\"https:\\\/\\\/www.alumni.space\\\/es\\\/#\\\/schema\\\/person\\\/fede362a57876edda476a61f05ce5b15\",\"name\":\"admin\",\"image\":{\"@type\":\"ImageObject\",\"inLanguage\":\"es\",\"@id\":\"https:\\\/\\\/secure.gravatar.com\\\/avatar\\\/318e234ae94f90d4d629428d6b983c08e31181c28f579e08a021180d759ea651?s=96&d=mm&r=g\",\"url\":\"https:\\\/\\\/secure.gravatar.com\\\/avatar\\\/318e234ae94f90d4d629428d6b983c08e31181c28f579e08a021180d759ea651?s=96&d=mm&r=g\",\"contentUrl\":\"https:\\\/\\\/secure.gravatar.com\\\/avatar\\\/318e234ae94f90d4d629428d6b983c08e31181c28f579e08a021180d759ea651?s=96&d=mm&r=g\",\"caption\":\"admin\"},\"description\":\"Nicolas Laustriat a construit sa sp\u00e9cialit\u00e9 sur un sujet que beaucoup d\u2019organisations d\u00e9couvrent trop tard : ce qui dispara\u00eet quand les gens partent. Dipl\u00f4m\u00e9 en conception de produit industriel, il bifurque vers le digital fin 1996, il couvre les transformations marques, RH, la fid\u00e9lisation, la marque employeur. Sur le terrain, il rep\u00e8re un angle mort r\u00e9current : l\u2019entreprise investit dans le recrutement, la formation, les process\u2026 puis laisse filer le lien au moment du d\u00e9part, avec une perte de savoir et d\u2019influence qui se paie en silence. Il se sp\u00e9cialise alors sur les communaut\u00e9s d\u2019alumni, le mentorat, l\u2019entraide interg\u00e9n\u00e9rationnelle et la transmission d\u2019expertise. Il passe du \u201cconstat\u201d aux m\u00e9thodes : animation, gouvernance, segmentation, rituels, mesure d\u2019engagement, articulation avec la RSE et l\u2019employabilit\u00e9. Il interviewe DRH, responsables formation, directions d\u2019\u00e9coles, associations et fondations, avec une obsession : transformer un r\u00e9seau dormant en m\u00e9canisme utile (cooptation, mentorat, job board, entraide, \u00e9v\u00e9nements, contenus). Son style : direct, orient\u00e9 action, sans folklore. Sa conviction : une communaut\u00e9 n\u2019a pas besoin de bruit, elle a besoin de raisons de revenir.\",\"sameAs\":[\"https:\\\/\\\/www.alumni.space\"]}]}<\/script>\n<!-- \/ Yoast SEO plugin. -->","yoast_head_json":{"title":"Alumni: reforzar el sentimiento de pertenencia tras la marcha","description":"Averigua c\u00f3mo reforzar el v\u00ednculo y el sentimiento de pertenencia entre antiguos alumnos despu\u00e9s de que se hayan marchado mediante estrategias eficaces y comprometidas.","robots":{"index":"index","follow":"follow","max-snippet":"max-snippet:-1","max-image-preview":"max-image-preview:large","max-video-preview":"max-video-preview:-1"},"canonical":"https:\/\/www.alumni.space\/es\/alumni-como-aumentar-tu-sentido-de-pertenencia-despues-de-marcharte\/","og_locale":"es_ES","og_type":"article","og_title":"Alumni: reforzar el sentimiento de pertenencia tras la marcha","og_description":"Averigua c\u00f3mo reforzar el v\u00ednculo y el sentimiento de pertenencia entre antiguos alumnos despu\u00e9s de que se hayan marchado mediante estrategias eficaces y comprometidas.","og_url":"https:\/\/www.alumni.space\/es\/alumni-como-aumentar-tu-sentido-de-pertenencia-despues-de-marcharte\/","og_site_name":"Alumni.space","article_published_time":"2025-05-11T22:02:46+00:00","article_modified_time":"2026-03-28T10:42:13+00:00","og_image":[{"width":1344,"height":768,"url":"https:\/\/www.alumni.space\/wp-content\/uploads\/2026\/03\/Alumni-comment-booster-le-sentiment-dappartenance-apres-le-depart.jpg","type":"image\/jpeg"}],"author":"admin","twitter_card":"summary_large_image","twitter_misc":{"Escrito por":"admin","Tiempo de lectura":"4 minutos"},"schema":{"@context":"https:\/\/schema.org","@graph":[{"@type":"Article","@id":"https:\/\/www.alumni.space\/es\/alumni-como-aumentar-tu-sentido-de-pertenencia-despues-de-marcharte\/#article","isPartOf":{"@id":"https:\/\/www.alumni.space\/es\/alumni-como-aumentar-tu-sentido-de-pertenencia-despues-de-marcharte\/"},"author":{"name":"admin","@id":"https:\/\/www.alumni.space\/es\/#\/schema\/person\/fede362a57876edda476a61f05ce5b15"},"headline":"Alumni: c\u00f3mo aumentar tu sentido de pertenencia despu\u00e9s de marcharte","datePublished":"2025-05-11T22:02:46+00:00","dateModified":"2026-03-28T10:42:13+00:00","mainEntityOfPage":{"@id":"https:\/\/www.alumni.space\/es\/alumni-como-aumentar-tu-sentido-de-pertenencia-despues-de-marcharte\/"},"wordCount":908,"image":{"@id":"https:\/\/www.alumni.space\/es\/alumni-como-aumentar-tu-sentido-de-pertenencia-despues-de-marcharte\/#primaryimage"},"thumbnailUrl":"https:\/\/www.alumni.space\/wp-content\/uploads\/2026\/03\/Alumni-comment-booster-le-sentiment-dappartenance-apres-le-depart.jpg","articleSection":["Antiguos alumnos"],"inLanguage":"es"},{"@type":"WebPage","@id":"https:\/\/www.alumni.space\/es\/alumni-como-aumentar-tu-sentido-de-pertenencia-despues-de-marcharte\/","url":"https:\/\/www.alumni.space\/es\/alumni-como-aumentar-tu-sentido-de-pertenencia-despues-de-marcharte\/","name":"Alumni: reforzar el sentimiento de pertenencia tras la marcha","isPartOf":{"@id":"https:\/\/www.alumni.space\/es\/#website"},"primaryImageOfPage":{"@id":"https:\/\/www.alumni.space\/es\/alumni-como-aumentar-tu-sentido-de-pertenencia-despues-de-marcharte\/#primaryimage"},"image":{"@id":"https:\/\/www.alumni.space\/es\/alumni-como-aumentar-tu-sentido-de-pertenencia-despues-de-marcharte\/#primaryimage"},"thumbnailUrl":"https:\/\/www.alumni.space\/wp-content\/uploads\/2026\/03\/Alumni-comment-booster-le-sentiment-dappartenance-apres-le-depart.jpg","datePublished":"2025-05-11T22:02:46+00:00","dateModified":"2026-03-28T10:42:13+00:00","author":{"@id":"https:\/\/www.alumni.space\/es\/#\/schema\/person\/fede362a57876edda476a61f05ce5b15"},"description":"Averigua c\u00f3mo reforzar el v\u00ednculo y el sentimiento de pertenencia entre antiguos alumnos despu\u00e9s de que se hayan marchado mediante estrategias eficaces y comprometidas.","breadcrumb":{"@id":"https:\/\/www.alumni.space\/es\/alumni-como-aumentar-tu-sentido-de-pertenencia-despues-de-marcharte\/#breadcrumb"},"inLanguage":"es","potentialAction":[{"@type":"ReadAction","target":["https:\/\/www.alumni.space\/es\/alumni-como-aumentar-tu-sentido-de-pertenencia-despues-de-marcharte\/"]}]},{"@type":"ImageObject","inLanguage":"es","@id":"https:\/\/www.alumni.space\/es\/alumni-como-aumentar-tu-sentido-de-pertenencia-despues-de-marcharte\/#primaryimage","url":"https:\/\/www.alumni.space\/wp-content\/uploads\/2026\/03\/Alumni-comment-booster-le-sentiment-dappartenance-apres-le-depart.jpg","contentUrl":"https:\/\/www.alumni.space\/wp-content\/uploads\/2026\/03\/Alumni-comment-booster-le-sentiment-dappartenance-apres-le-depart.jpg","width":1344,"height":768,"caption":"Descubre estrategias eficaces para reforzar el sentimiento de pertenencia de los antiguos alumnos tras su marcha y mantener v\u00ednculos duraderos con tu comunidad de antiguos alumnos."},{"@type":"BreadcrumbList","@id":"https:\/\/www.alumni.space\/es\/alumni-como-aumentar-tu-sentido-de-pertenencia-despues-de-marcharte\/#breadcrumb","itemListElement":[{"@type":"ListItem","position":1,"name":"Home","item":"https:\/\/www.alumni.space\/es\/plataforma-de-tutoria-y-gestion-de-antiguos-alumnos\/"},{"@type":"ListItem","position":2,"name":"Alumni: c\u00f3mo aumentar tu sentido de pertenencia despu\u00e9s de marcharte"}]},{"@type":"WebSite","@id":"https:\/\/www.alumni.space\/es\/#website","url":"https:\/\/www.alumni.space\/es\/","name":"Alumni.space","description":"My WordPress Blog","potentialAction":[{"@type":"SearchAction","target":{"@type":"EntryPoint","urlTemplate":"https:\/\/www.alumni.space\/es\/?s={search_term_string}"},"query-input":{"@type":"PropertyValueSpecification","valueRequired":true,"valueName":"search_term_string"}}],"inLanguage":"es"},{"@type":"Person","@id":"https:\/\/www.alumni.space\/es\/#\/schema\/person\/fede362a57876edda476a61f05ce5b15","name":"admin","image":{"@type":"ImageObject","inLanguage":"es","@id":"https:\/\/secure.gravatar.com\/avatar\/318e234ae94f90d4d629428d6b983c08e31181c28f579e08a021180d759ea651?s=96&d=mm&r=g","url":"https:\/\/secure.gravatar.com\/avatar\/318e234ae94f90d4d629428d6b983c08e31181c28f579e08a021180d759ea651?s=96&d=mm&r=g","contentUrl":"https:\/\/secure.gravatar.com\/avatar\/318e234ae94f90d4d629428d6b983c08e31181c28f579e08a021180d759ea651?s=96&d=mm&r=g","caption":"admin"},"description":"Nicolas Laustriat a construit sa sp\u00e9cialit\u00e9 sur un sujet que beaucoup d\u2019organisations d\u00e9couvrent trop tard : ce qui dispara\u00eet quand les gens partent. Dipl\u00f4m\u00e9 en conception de produit industriel, il bifurque vers le digital fin 1996, il couvre les transformations marques, RH, la fid\u00e9lisation, la marque employeur. Sur le terrain, il rep\u00e8re un angle mort r\u00e9current : l\u2019entreprise investit dans le recrutement, la formation, les process\u2026 puis laisse filer le lien au moment du d\u00e9part, avec une perte de savoir et d\u2019influence qui se paie en silence. Il se sp\u00e9cialise alors sur les communaut\u00e9s d\u2019alumni, le mentorat, l\u2019entraide interg\u00e9n\u00e9rationnelle et la transmission d\u2019expertise. Il passe du \u201cconstat\u201d aux m\u00e9thodes : animation, gouvernance, segmentation, rituels, mesure d\u2019engagement, articulation avec la RSE et l\u2019employabilit\u00e9. Il interviewe DRH, responsables formation, directions d\u2019\u00e9coles, associations et fondations, avec une obsession : transformer un r\u00e9seau dormant en m\u00e9canisme utile (cooptation, mentorat, job board, entraide, \u00e9v\u00e9nements, contenus). Son style : direct, orient\u00e9 action, sans folklore. Sa conviction : une communaut\u00e9 n\u2019a pas besoin de bruit, elle a besoin de raisons de revenir.","sameAs":["https:\/\/www.alumni.space"]}]}},"_links":{"self":[{"href":"https:\/\/www.alumni.space\/es\/wp-json\/wp\/v2\/posts\/5559","targetHints":{"allow":["GET"]}}],"collection":[{"href":"https:\/\/www.alumni.space\/es\/wp-json\/wp\/v2\/posts"}],"about":[{"href":"https:\/\/www.alumni.space\/es\/wp-json\/wp\/v2\/types\/post"}],"author":[{"embeddable":true,"href":"https:\/\/www.alumni.space\/es\/wp-json\/wp\/v2\/users\/1"}],"replies":[{"embeddable":true,"href":"https:\/\/www.alumni.space\/es\/wp-json\/wp\/v2\/comments?post=5559"}],"version-history":[{"count":1,"href":"https:\/\/www.alumni.space\/es\/wp-json\/wp\/v2\/posts\/5559\/revisions"}],"predecessor-version":[{"id":5563,"href":"https:\/\/www.alumni.space\/es\/wp-json\/wp\/v2\/posts\/5559\/revisions\/5563"}],"wp:featuredmedia":[{"embeddable":true,"href":"https:\/\/www.alumni.space\/es\/wp-json\/wp\/v2\/media\/5561"}],"wp:attachment":[{"href":"https:\/\/www.alumni.space\/es\/wp-json\/wp\/v2\/media?parent=5559"}],"wp:term":[{"taxonomy":"category","embeddable":true,"href":"https:\/\/www.alumni.space\/es\/wp-json\/wp\/v2\/categories?post=5559"},{"taxonomy":"post_tag","embeddable":true,"href":"https:\/\/www.alumni.space\/es\/wp-json\/wp\/v2\/tags?post=5559"}],"curies":[{"name":"wp","href":"https:\/\/api.w.org\/{rel}","templated":true}]}}