{"id":5558,"date":"2024-03-22T17:24:05","date_gmt":"2024-03-22T17:24:05","guid":{"rendered":"https:\/\/www.alumni.space\/mentoring-un-acelerador-de-liderazgo-interno\/"},"modified":"2026-03-28T10:42:07","modified_gmt":"2026-03-28T10:42:07","slug":"mentoring-un-acelerador-de-liderazgo-interno","status":"publish","type":"post","link":"https:\/\/www.alumni.space\/es\/mentoring-un-acelerador-de-liderazgo-interno\/","title":{"rendered":"Mentoring, un acelerador de liderazgo interno"},"content":{"rendered":"<p>Imagina a Marc, un director de recursos humanos que se enfrenta a un \u00e9xodo silencioso: sus directivos m\u00e1s prometedores se evaporan, llev\u00e1ndose consigo a\u00f1os de conocimientos t\u00e1cticos. La fuga de cerebros ya no es inevitable, sino un s\u00edntoma de falta de cohesi\u00f3n interna. <strong>La tutor\u00eda<\/strong> se ha convertido en un <strong>acelerador<\/strong> indispensable, que transforma una organizaci\u00f3n est\u00e1tica en una comunidad vibrante donde el conocimiento fluye sin obst\u00e1culos. En 2026, el \u00e9xito residir\u00e1 en esta capacidad de conectar las ambiciones individuales con los objetivos colectivos mediante un <strong>apoyo<\/strong> a medida.   <\/p><div id=\"ez-toc-container\" class=\"ez-toc-v2_0_82_2 counter-flat ez-toc-counter ez-toc-grey ez-toc-container-direction\">\n<div class=\"ez-toc-title-container\"><p class=\"ez-toc-title\" style=\"cursor:inherit\">En este art\u00edculo se trata lo siguiente:<\/p>\n<\/div><nav><ul class='ez-toc-list ez-toc-list-level-1 ' ><li class='ez-toc-page-1'><a class=\"ez-toc-link ez-toc-heading-1\" href=\"https:\/\/www.alumni.space\/es\/mentoring-un-acelerador-de-liderazgo-interno\/#La_transformacion_de_las_organizaciones_hacia_el_intercambio_de_conocimientos\" >La transformaci\u00f3n de las organizaciones hacia el intercambio de conocimientos<\/a><\/li><li class='ez-toc-page-1'><a class=\"ez-toc-link ez-toc-heading-2\" href=\"https:\/\/www.alumni.space\/es\/mentoring-un-acelerador-de-liderazgo-interno\/#Despertar_el_potencial_a_traves_de_la_interaccion_humana\" >Despertar el potencial a trav\u00e9s de la interacci\u00f3n humana<\/a><\/li><li class='ez-toc-page-1'><a class=\"ez-toc-link ez-toc-heading-3\" href=\"https:\/\/www.alumni.space\/es\/mentoring-un-acelerador-de-liderazgo-interno\/#El_papel_central_de_la_plataforma_alumnispace\" >El papel central de la plataforma alumni.space<\/a><\/li><li class='ez-toc-page-1'><a class=\"ez-toc-link ez-toc-heading-4\" href=\"https:\/\/www.alumni.space\/es\/mentoring-un-acelerador-de-liderazgo-interno\/#Medir_la_excelencia_y_la_lealtad\" >Medir la excelencia y la lealtad<\/a><\/li><li class='ez-toc-page-1'><a class=\"ez-toc-link ez-toc-heading-5\" href=\"https:\/\/www.alumni.space\/es\/mentoring-un-acelerador-de-liderazgo-interno\/#El_intraemprendimiento_y_el_futuro_de_la_cultura_empresarial\" >El intraemprendimiento y el futuro de la cultura empresarial<\/a><\/li><\/ul><\/nav><\/div>\n<h2 class=\"wp-block-heading\"><span class=\"ez-toc-section\" id=\"La_transformacion_de_las_organizaciones_hacia_el_intercambio_de_conocimientos\"><\/span>La transformaci\u00f3n de las organizaciones hacia el intercambio de conocimientos<span class=\"ez-toc-section-end\"><\/span><\/h2><p>Los d\u00edas de la transferencia informal de conocimientos a trav\u00e9s de una m\u00e1quina de caf\u00e9 se han acabado. Las estructuras modernas requieren un enfoque met\u00f3dico para garantizar que los conocimientos cr\u00edticos se <strong>transmitan<\/strong> sin problemas. Adoptar un enfoque estructurado fomenta la aparici\u00f3n de nuevas caras capaces de llevar adelante la visi\u00f3n de la empresa. Esta alquimia de experiencia y frescura estimula la innovaci\u00f3n al tiempo que salvaguarda el patrimonio intelectual de la marca. Los responsables sabios ven en ello una oportunidad para consolidar su <strong>liderazgo<\/strong> construyendo sobre bases s\u00f3lidas.    <\/p><figure class=\"wp-block-image size-full\"><img decoding=\"async\" width=\"1280\" height=\"768\" src=\"https:\/\/www.alumni.space\/wp-content\/uploads\/2026\/03\/Le-mentorat-un-accelerateur-de-leadership-en-interne-1.jpg\" data-orig-src=\"https:\/\/www.alumni.space\/wp-content\/uploads\/2026\/03\/Le-mentorat-un-accelerateur-de-leadership-en-interne-1.jpg\" alt=\"descubre c\u00f3mo la tutor\u00eda act\u00faa como una poderosa palanca para desarrollar el liderazgo dentro de tu empresa y estimular el crecimiento interno.\" class=\"lazyload wp-image-3489\" srcset=\"data:image\/svg+xml,%3Csvg%20xmlns%3D%27http%3A%2F%2Fwww.w3.org%2F2000%2Fsvg%27%20width%3D%271280%27%20height%3D%27768%27%20viewBox%3D%270%200%201280%20768%27%3E%3Crect%20width%3D%271280%27%20height%3D%27768%27%20fill-opacity%3D%220%22%2F%3E%3C%2Fsvg%3E\" data-srcset=\"https:\/\/www.alumni.space\/wp-content\/uploads\/2026\/03\/Le-mentorat-un-accelerateur-de-leadership-en-interne-1-200x120.jpg 200w, https:\/\/www.alumni.space\/wp-content\/uploads\/2026\/03\/Le-mentorat-un-accelerateur-de-leadership-en-interne-1-300x180.jpg 300w, https:\/\/www.alumni.space\/wp-content\/uploads\/2026\/03\/Le-mentorat-un-accelerateur-de-leadership-en-interne-1-400x240.jpg 400w, https:\/\/www.alumni.space\/wp-content\/uploads\/2026\/03\/Le-mentorat-un-accelerateur-de-leadership-en-interne-1-600x360.jpg 600w, https:\/\/www.alumni.space\/wp-content\/uploads\/2026\/03\/Le-mentorat-un-accelerateur-de-leadership-en-interne-1-768x461.jpg 768w, https:\/\/www.alumni.space\/wp-content\/uploads\/2026\/03\/Le-mentorat-un-accelerateur-de-leadership-en-interne-1-800x480.jpg 800w, https:\/\/www.alumni.space\/wp-content\/uploads\/2026\/03\/Le-mentorat-un-accelerateur-de-leadership-en-interne-1-1024x614.jpg 1024w, https:\/\/www.alumni.space\/wp-content\/uploads\/2026\/03\/Le-mentorat-un-accelerateur-de-leadership-en-interne-1-1200x720.jpg 1200w, https:\/\/www.alumni.space\/wp-content\/uploads\/2026\/03\/Le-mentorat-un-accelerateur-de-leadership-en-interne-1.jpg 1280w\" data-sizes=\"auto\" data-orig-sizes=\"(max-width: 1280px) 100vw, 1280px\" \/><\/figure><h3 class=\"wp-block-heading\"><span class=\"ez-toc-section\" id=\"Despertar_el_potencial_a_traves_de_la_interaccion_humana\"><\/span>Despertar el potencial a trav\u00e9s de la interacci\u00f3n humana<span class=\"ez-toc-section-end\"><\/span><\/h3><p>Un joven directivo gana en confianza cuando un colega experimentado le abre las puertas de su red y descifra cuestiones de pol\u00edtica interna. Esta relaci\u00f3n privilegiada va m\u00e1s all\u00e1 de la mera formaci\u00f3n t\u00e9cnica para abarcar un profundo <strong>desarrollo personal<\/strong>. El alumno agudiza su capacidad de decisi\u00f3n, se vuelve m\u00e1s resistente ante las crisis y mejora su agilidad estrat\u00e9gica. El mentor, por su parte, redescubre su propia experiencia desde un nuevo \u00e1ngulo, manteni\u00e9ndose al d\u00eda de las \u00faltimas tendencias gracias a esta perspectiva externa. Este binomio din\u00e1mico encarna el <strong>crecimiento profesional<\/strong> compartido.    <\/p><h2 class=\"wp-block-heading\"><span class=\"ez-toc-section\" id=\"El_papel_central_de_la_plataforma_alumnispace\"><\/span>El papel central de la plataforma alumni.space<span class=\"ez-toc-section-end\"><\/span><\/h2><p>Gestionar cientos de parejas en una simple hoja de c\u00e1lculo condena a cualquier programa al fracaso operativo. Utilizar una plataforma SaaS especializada como alumni.space transforma la gesti\u00f3n del talento en una experiencia fluida y automatizada. Centraliza los perfiles, gestiona los eventos y facilita el emparejamiento inteligente basado en necesidades reales. Al industrializar estos procesos, la organizaci\u00f3n ahorra un tiempo precioso y garantiza un <strong>compromiso<\/strong> duradero de sus miembros. La tecnolog\u00eda se convierte en el brazo humano en la construcci\u00f3n de una cultura s\u00f3lida.    <\/p><p>Ir m\u00e1s all\u00e1 del marco legal del contrato de trabajo ancla a la organizaci\u00f3n en un enfoque de progreso sostenible. Transmitir la experiencia de una generaci\u00f3n a la siguiente y apoyar el desarrollo profesional son beneficios tangibles para la sociedad. Este mecanismo capitaliza la experiencia de los antiguos empleados, evitando la p\u00e9rdida de conocimientos valiosos. La reputaci\u00f3n del empleador gana en prestigio: la integraci\u00f3n se hace cualitativa, las trayectorias profesionales se aceleran y la red interna se convierte en una poderosa palanca de promoci\u00f3n. Los directivos pueden dirigir esta din\u00e1mica mediante indicadores de seguimiento precisos, aunando las pol\u00edticas de recursos humanos y <strong>las estrategias de desarrollo del talento<\/strong>.    <\/p><h3 class=\"wp-block-heading\"><span class=\"ez-toc-section\" id=\"Medir_la_excelencia_y_la_lealtad\"><\/span>Medir la excelencia y la lealtad<span class=\"ez-toc-section-end\"><\/span><\/h3><p>El \u00e9xito de un programa de este tipo puede verse en las cifras: reducci\u00f3n de la rotaci\u00f3n de personal, aceleraci\u00f3n de las promociones internas y aumento de la satisfacci\u00f3n general. Desplegar herramientas para <a href=\"https:\/\/www.alumni.space\/es\/la-tutoria-una-poderosa-palanca-para-el-rendimiento\/\">medir el impacto de la tutor\u00eda<\/a> significa que la <strong>estrategia general de RRHH<\/strong> puede ajustarse de forma continua. Las empresas que invierten en estos sistemas observan una mejor integraci\u00f3n de los reci\u00e9n llegados y una cooptaci\u00f3n m\u00e1s eficaz. El sentimiento de pertenencia se refuerza, transformando a cada empleado en un embajador cre\u00edble de la cultura corporativa. Para las organizaciones que buscan <a href=\"https:\/\/www.babyloneconsulting.fr\/nos-articles\/mentorat-et-coaching-developper-les-futurs-leaders-en-interne-pour-assurer-la-releve-manageriale\/\">asegurar la pr\u00f3xima generaci\u00f3n de directivos<\/a>, la plataforma ofrece una visibilidad total sobre el conjunto de <strong>competencias<\/strong> disponibles.    <\/p><h2 class=\"wp-block-heading\"><span class=\"ez-toc-section\" id=\"El_intraemprendimiento_y_el_futuro_de_la_cultura_empresarial\"><\/span>El intraemprendimiento y el futuro de la cultura empresarial<span class=\"ez-toc-section-end\"><\/span><\/h2><p>Fomentar<strong>el intraemprendimiento<\/strong> mediante el apoyo de los compa\u00f1eros estimula la toma de iniciativas y la audacia creativa. Los empleados se sienten capacitados para proponer ideas disruptivas cuando cuentan con el apoyo de un asesor de confianza. Esta din\u00e1mica insufla nueva energ\u00eda a los equipos, rompiendo los tradicionales silos jer\u00e1rquicos en favor de una mayor inteligencia colectiva. Los futuros l\u00edderes no nacen por casualidad; se forjan en este entorno de atenci\u00f3n y ambici\u00f3n. La tutor\u00eda se convierte en la piedra angular de una organizaci\u00f3n resistente, preparada para afrontar los retos del ma\u00f1ana con confianza y pericia.    <\/p><p>Pasar de una gesti\u00f3n manual a una animaci\u00f3n comunitaria \u00e1gil es el gran reto para los pr\u00f3ximos meses. Automatizar los rituales de intercambio evita que el programa se agote y garantiza una calidad constante de la interacci\u00f3n. Aunque el objetivo sigue siendo reunir a las personas y ayudarlas a crecer, el uso de una herramienta espec\u00edfica transforma esta ambici\u00f3n en una realidad cotidiana. Cada hora de tutor\u00eda registrada representa una inversi\u00f3n directa en el futuro a largo plazo de la organizaci\u00f3n. Para dar una nueva dimensi\u00f3n a tus redes internas, el proceso comienza con la elecci\u00f3n de un socio tecnol\u00f3gico capaz de apoyar tu visi\u00f3n.    <\/p><p>Solicita una demostraci\u00f3n<\/p>","protected":false},"excerpt":{"rendered":"<p>Imagina a Marc, un director de recursos humanos que se  [&#8230;]<\/p>\n","protected":false},"author":1,"featured_media":5560,"comment_status":"closed","ping_status":"closed","sticky":false,"template":"","format":"standard","meta":{"_ayudawp_aiss_exclude":false,"footnotes":""},"categories":[73],"tags":[],"class_list":["post-5558","post","type-post","status-publish","format-standard","has-post-thumbnail","hentry","category-tutoria"],"yoast_head":"<!-- This site is optimized with the Yoast SEO plugin v27.4 - https:\/\/yoast.com\/product\/yoast-seo-wordpress\/ -->\n<title>Mentoring: Impulsar el liderazgo interno<\/title>\n<meta name=\"description\" content=\"Descubre c\u00f3mo la tutor\u00eda fomenta el desarrollo del liderazgo interno e impulsa el crecimiento del talento dentro de tu empresa.\" \/>\n<meta name=\"robots\" content=\"index, follow, max-snippet:-1, max-image-preview:large, max-video-preview:-1\" \/>\n<link rel=\"canonical\" href=\"https:\/\/www.alumni.space\/es\/mentoring-un-acelerador-de-liderazgo-interno\/\" \/>\n<meta property=\"og:locale\" content=\"es_ES\" \/>\n<meta property=\"og:type\" content=\"article\" \/>\n<meta property=\"og:title\" content=\"Mentoring: Impulsar el liderazgo interno\" \/>\n<meta property=\"og:description\" content=\"Descubre c\u00f3mo la tutor\u00eda fomenta el desarrollo del liderazgo interno e impulsa el crecimiento del talento dentro de tu empresa.\" \/>\n<meta property=\"og:url\" content=\"https:\/\/www.alumni.space\/es\/mentoring-un-acelerador-de-liderazgo-interno\/\" \/>\n<meta property=\"og:site_name\" content=\"Alumni.space\" \/>\n<meta property=\"article:published_time\" content=\"2024-03-22T17:24:05+00:00\" \/>\n<meta property=\"article:modified_time\" content=\"2026-03-28T10:42:07+00:00\" \/>\n<meta property=\"og:image\" content=\"https:\/\/www.alumni.space\/wp-content\/uploads\/2026\/03\/Le-mentorat-un-accelerateur-de-leadership-en-interne.jpg\" \/>\n\t<meta property=\"og:image:width\" content=\"1280\" \/>\n\t<meta property=\"og:image:height\" content=\"768\" \/>\n\t<meta property=\"og:image:type\" content=\"image\/jpeg\" \/>\n<meta name=\"author\" content=\"admin\" \/>\n<meta name=\"twitter:card\" content=\"summary_large_image\" \/>\n<meta name=\"twitter:label1\" content=\"Escrito por\" \/>\n\t<meta name=\"twitter:data1\" content=\"admin\" \/>\n\t<meta name=\"twitter:label2\" content=\"Tiempo de lectura\" \/>\n\t<meta name=\"twitter:data2\" content=\"4 minutos\" \/>\n<script type=\"application\/ld+json\" class=\"yoast-schema-graph\">{\"@context\":\"https:\\\/\\\/schema.org\",\"@graph\":[{\"@type\":\"Article\",\"@id\":\"https:\\\/\\\/www.alumni.space\\\/es\\\/mentoring-un-acelerador-de-liderazgo-interno\\\/#article\",\"isPartOf\":{\"@id\":\"https:\\\/\\\/www.alumni.space\\\/es\\\/mentoring-un-acelerador-de-liderazgo-interno\\\/\"},\"author\":{\"name\":\"admin\",\"@id\":\"https:\\\/\\\/www.alumni.space\\\/es\\\/#\\\/schema\\\/person\\\/fede362a57876edda476a61f05ce5b15\"},\"headline\":\"Mentoring, un acelerador de liderazgo interno\",\"datePublished\":\"2024-03-22T17:24:05+00:00\",\"dateModified\":\"2026-03-28T10:42:07+00:00\",\"mainEntityOfPage\":{\"@id\":\"https:\\\/\\\/www.alumni.space\\\/es\\\/mentoring-un-acelerador-de-liderazgo-interno\\\/\"},\"wordCount\":908,\"image\":{\"@id\":\"https:\\\/\\\/www.alumni.space\\\/es\\\/mentoring-un-acelerador-de-liderazgo-interno\\\/#primaryimage\"},\"thumbnailUrl\":\"https:\\\/\\\/www.alumni.space\\\/wp-content\\\/uploads\\\/2026\\\/03\\\/Le-mentorat-un-accelerateur-de-leadership-en-interne.jpg\",\"articleSection\":[\"Tutor\u00eda\"],\"inLanguage\":\"es\"},{\"@type\":\"WebPage\",\"@id\":\"https:\\\/\\\/www.alumni.space\\\/es\\\/mentoring-un-acelerador-de-liderazgo-interno\\\/\",\"url\":\"https:\\\/\\\/www.alumni.space\\\/es\\\/mentoring-un-acelerador-de-liderazgo-interno\\\/\",\"name\":\"Mentoring: Impulsar el liderazgo interno\",\"isPartOf\":{\"@id\":\"https:\\\/\\\/www.alumni.space\\\/es\\\/#website\"},\"primaryImageOfPage\":{\"@id\":\"https:\\\/\\\/www.alumni.space\\\/es\\\/mentoring-un-acelerador-de-liderazgo-interno\\\/#primaryimage\"},\"image\":{\"@id\":\"https:\\\/\\\/www.alumni.space\\\/es\\\/mentoring-un-acelerador-de-liderazgo-interno\\\/#primaryimage\"},\"thumbnailUrl\":\"https:\\\/\\\/www.alumni.space\\\/wp-content\\\/uploads\\\/2026\\\/03\\\/Le-mentorat-un-accelerateur-de-leadership-en-interne.jpg\",\"datePublished\":\"2024-03-22T17:24:05+00:00\",\"dateModified\":\"2026-03-28T10:42:07+00:00\",\"author\":{\"@id\":\"https:\\\/\\\/www.alumni.space\\\/es\\\/#\\\/schema\\\/person\\\/fede362a57876edda476a61f05ce5b15\"},\"description\":\"Descubre c\u00f3mo la tutor\u00eda fomenta el desarrollo del liderazgo interno e impulsa el crecimiento del talento dentro de tu empresa.\",\"breadcrumb\":{\"@id\":\"https:\\\/\\\/www.alumni.space\\\/es\\\/mentoring-un-acelerador-de-liderazgo-interno\\\/#breadcrumb\"},\"inLanguage\":\"es\",\"potentialAction\":[{\"@type\":\"ReadAction\",\"target\":[\"https:\\\/\\\/www.alumni.space\\\/es\\\/mentoring-un-acelerador-de-liderazgo-interno\\\/\"]}]},{\"@type\":\"ImageObject\",\"inLanguage\":\"es\",\"@id\":\"https:\\\/\\\/www.alumni.space\\\/es\\\/mentoring-un-acelerador-de-liderazgo-interno\\\/#primaryimage\",\"url\":\"https:\\\/\\\/www.alumni.space\\\/wp-content\\\/uploads\\\/2026\\\/03\\\/Le-mentorat-un-accelerateur-de-leadership-en-interne.jpg\",\"contentUrl\":\"https:\\\/\\\/www.alumni.space\\\/wp-content\\\/uploads\\\/2026\\\/03\\\/Le-mentorat-un-accelerateur-de-leadership-en-interne.jpg\",\"width\":1280,\"height\":768,\"caption\":\"descubre c\u00f3mo la tutor\u00eda act\u00faa como una poderosa palanca para desarrollar el liderazgo dentro de tu empresa, fomentando la transmisi\u00f3n de habilidades y la capacitaci\u00f3n de los empleados.\"},{\"@type\":\"BreadcrumbList\",\"@id\":\"https:\\\/\\\/www.alumni.space\\\/es\\\/mentoring-un-acelerador-de-liderazgo-interno\\\/#breadcrumb\",\"itemListElement\":[{\"@type\":\"ListItem\",\"position\":1,\"name\":\"Home\",\"item\":\"https:\\\/\\\/www.alumni.space\\\/es\\\/plataforma-de-tutoria-y-gestion-de-antiguos-alumnos\\\/\"},{\"@type\":\"ListItem\",\"position\":2,\"name\":\"Mentoring, un acelerador de liderazgo interno\"}]},{\"@type\":\"WebSite\",\"@id\":\"https:\\\/\\\/www.alumni.space\\\/es\\\/#website\",\"url\":\"https:\\\/\\\/www.alumni.space\\\/es\\\/\",\"name\":\"Alumni.space\",\"description\":\"My WordPress Blog\",\"potentialAction\":[{\"@type\":\"SearchAction\",\"target\":{\"@type\":\"EntryPoint\",\"urlTemplate\":\"https:\\\/\\\/www.alumni.space\\\/es\\\/?s={search_term_string}\"},\"query-input\":{\"@type\":\"PropertyValueSpecification\",\"valueRequired\":true,\"valueName\":\"search_term_string\"}}],\"inLanguage\":\"es\"},{\"@type\":\"Person\",\"@id\":\"https:\\\/\\\/www.alumni.space\\\/es\\\/#\\\/schema\\\/person\\\/fede362a57876edda476a61f05ce5b15\",\"name\":\"admin\",\"image\":{\"@type\":\"ImageObject\",\"inLanguage\":\"es\",\"@id\":\"https:\\\/\\\/secure.gravatar.com\\\/avatar\\\/318e234ae94f90d4d629428d6b983c08e31181c28f579e08a021180d759ea651?s=96&d=mm&r=g\",\"url\":\"https:\\\/\\\/secure.gravatar.com\\\/avatar\\\/318e234ae94f90d4d629428d6b983c08e31181c28f579e08a021180d759ea651?s=96&d=mm&r=g\",\"contentUrl\":\"https:\\\/\\\/secure.gravatar.com\\\/avatar\\\/318e234ae94f90d4d629428d6b983c08e31181c28f579e08a021180d759ea651?s=96&d=mm&r=g\",\"caption\":\"admin\"},\"description\":\"Nicolas Laustriat a construit sa sp\u00e9cialit\u00e9 sur un sujet que beaucoup d\u2019organisations d\u00e9couvrent trop tard : ce qui dispara\u00eet quand les gens partent. Dipl\u00f4m\u00e9 en conception de produit industriel, il bifurque vers le digital fin 1996, il couvre les transformations marques, RH, la fid\u00e9lisation, la marque employeur. Sur le terrain, il rep\u00e8re un angle mort r\u00e9current : l\u2019entreprise investit dans le recrutement, la formation, les process\u2026 puis laisse filer le lien au moment du d\u00e9part, avec une perte de savoir et d\u2019influence qui se paie en silence. Il se sp\u00e9cialise alors sur les communaut\u00e9s d\u2019alumni, le mentorat, l\u2019entraide interg\u00e9n\u00e9rationnelle et la transmission d\u2019expertise. Il passe du \u201cconstat\u201d aux m\u00e9thodes : animation, gouvernance, segmentation, rituels, mesure d\u2019engagement, articulation avec la RSE et l\u2019employabilit\u00e9. Il interviewe DRH, responsables formation, directions d\u2019\u00e9coles, associations et fondations, avec une obsession : transformer un r\u00e9seau dormant en m\u00e9canisme utile (cooptation, mentorat, job board, entraide, \u00e9v\u00e9nements, contenus). Son style : direct, orient\u00e9 action, sans folklore. Sa conviction : une communaut\u00e9 n\u2019a pas besoin de bruit, elle a besoin de raisons de revenir.\",\"sameAs\":[\"https:\\\/\\\/www.alumni.space\"]}]}<\/script>\n<!-- \/ Yoast SEO plugin. -->","yoast_head_json":{"title":"Mentoring: Impulsar el liderazgo interno","description":"Descubre c\u00f3mo la tutor\u00eda fomenta el desarrollo del liderazgo interno e impulsa el crecimiento del talento dentro de tu empresa.","robots":{"index":"index","follow":"follow","max-snippet":"max-snippet:-1","max-image-preview":"max-image-preview:large","max-video-preview":"max-video-preview:-1"},"canonical":"https:\/\/www.alumni.space\/es\/mentoring-un-acelerador-de-liderazgo-interno\/","og_locale":"es_ES","og_type":"article","og_title":"Mentoring: Impulsar el liderazgo interno","og_description":"Descubre c\u00f3mo la tutor\u00eda fomenta el desarrollo del liderazgo interno e impulsa el crecimiento del talento dentro de tu empresa.","og_url":"https:\/\/www.alumni.space\/es\/mentoring-un-acelerador-de-liderazgo-interno\/","og_site_name":"Alumni.space","article_published_time":"2024-03-22T17:24:05+00:00","article_modified_time":"2026-03-28T10:42:07+00:00","og_image":[{"width":1280,"height":768,"url":"https:\/\/www.alumni.space\/wp-content\/uploads\/2026\/03\/Le-mentorat-un-accelerateur-de-leadership-en-interne.jpg","type":"image\/jpeg"}],"author":"admin","twitter_card":"summary_large_image","twitter_misc":{"Escrito por":"admin","Tiempo de lectura":"4 minutos"},"schema":{"@context":"https:\/\/schema.org","@graph":[{"@type":"Article","@id":"https:\/\/www.alumni.space\/es\/mentoring-un-acelerador-de-liderazgo-interno\/#article","isPartOf":{"@id":"https:\/\/www.alumni.space\/es\/mentoring-un-acelerador-de-liderazgo-interno\/"},"author":{"name":"admin","@id":"https:\/\/www.alumni.space\/es\/#\/schema\/person\/fede362a57876edda476a61f05ce5b15"},"headline":"Mentoring, un acelerador de liderazgo interno","datePublished":"2024-03-22T17:24:05+00:00","dateModified":"2026-03-28T10:42:07+00:00","mainEntityOfPage":{"@id":"https:\/\/www.alumni.space\/es\/mentoring-un-acelerador-de-liderazgo-interno\/"},"wordCount":908,"image":{"@id":"https:\/\/www.alumni.space\/es\/mentoring-un-acelerador-de-liderazgo-interno\/#primaryimage"},"thumbnailUrl":"https:\/\/www.alumni.space\/wp-content\/uploads\/2026\/03\/Le-mentorat-un-accelerateur-de-leadership-en-interne.jpg","articleSection":["Tutor\u00eda"],"inLanguage":"es"},{"@type":"WebPage","@id":"https:\/\/www.alumni.space\/es\/mentoring-un-acelerador-de-liderazgo-interno\/","url":"https:\/\/www.alumni.space\/es\/mentoring-un-acelerador-de-liderazgo-interno\/","name":"Mentoring: Impulsar el liderazgo interno","isPartOf":{"@id":"https:\/\/www.alumni.space\/es\/#website"},"primaryImageOfPage":{"@id":"https:\/\/www.alumni.space\/es\/mentoring-un-acelerador-de-liderazgo-interno\/#primaryimage"},"image":{"@id":"https:\/\/www.alumni.space\/es\/mentoring-un-acelerador-de-liderazgo-interno\/#primaryimage"},"thumbnailUrl":"https:\/\/www.alumni.space\/wp-content\/uploads\/2026\/03\/Le-mentorat-un-accelerateur-de-leadership-en-interne.jpg","datePublished":"2024-03-22T17:24:05+00:00","dateModified":"2026-03-28T10:42:07+00:00","author":{"@id":"https:\/\/www.alumni.space\/es\/#\/schema\/person\/fede362a57876edda476a61f05ce5b15"},"description":"Descubre c\u00f3mo la tutor\u00eda fomenta el desarrollo del liderazgo interno e impulsa el crecimiento del talento dentro de tu empresa.","breadcrumb":{"@id":"https:\/\/www.alumni.space\/es\/mentoring-un-acelerador-de-liderazgo-interno\/#breadcrumb"},"inLanguage":"es","potentialAction":[{"@type":"ReadAction","target":["https:\/\/www.alumni.space\/es\/mentoring-un-acelerador-de-liderazgo-interno\/"]}]},{"@type":"ImageObject","inLanguage":"es","@id":"https:\/\/www.alumni.space\/es\/mentoring-un-acelerador-de-liderazgo-interno\/#primaryimage","url":"https:\/\/www.alumni.space\/wp-content\/uploads\/2026\/03\/Le-mentorat-un-accelerateur-de-leadership-en-interne.jpg","contentUrl":"https:\/\/www.alumni.space\/wp-content\/uploads\/2026\/03\/Le-mentorat-un-accelerateur-de-leadership-en-interne.jpg","width":1280,"height":768,"caption":"descubre c\u00f3mo la tutor\u00eda act\u00faa como una poderosa palanca para desarrollar el liderazgo dentro de tu empresa, fomentando la transmisi\u00f3n de habilidades y la capacitaci\u00f3n de los empleados."},{"@type":"BreadcrumbList","@id":"https:\/\/www.alumni.space\/es\/mentoring-un-acelerador-de-liderazgo-interno\/#breadcrumb","itemListElement":[{"@type":"ListItem","position":1,"name":"Home","item":"https:\/\/www.alumni.space\/es\/plataforma-de-tutoria-y-gestion-de-antiguos-alumnos\/"},{"@type":"ListItem","position":2,"name":"Mentoring, un acelerador de liderazgo interno"}]},{"@type":"WebSite","@id":"https:\/\/www.alumni.space\/es\/#website","url":"https:\/\/www.alumni.space\/es\/","name":"Alumni.space","description":"My WordPress Blog","potentialAction":[{"@type":"SearchAction","target":{"@type":"EntryPoint","urlTemplate":"https:\/\/www.alumni.space\/es\/?s={search_term_string}"},"query-input":{"@type":"PropertyValueSpecification","valueRequired":true,"valueName":"search_term_string"}}],"inLanguage":"es"},{"@type":"Person","@id":"https:\/\/www.alumni.space\/es\/#\/schema\/person\/fede362a57876edda476a61f05ce5b15","name":"admin","image":{"@type":"ImageObject","inLanguage":"es","@id":"https:\/\/secure.gravatar.com\/avatar\/318e234ae94f90d4d629428d6b983c08e31181c28f579e08a021180d759ea651?s=96&d=mm&r=g","url":"https:\/\/secure.gravatar.com\/avatar\/318e234ae94f90d4d629428d6b983c08e31181c28f579e08a021180d759ea651?s=96&d=mm&r=g","contentUrl":"https:\/\/secure.gravatar.com\/avatar\/318e234ae94f90d4d629428d6b983c08e31181c28f579e08a021180d759ea651?s=96&d=mm&r=g","caption":"admin"},"description":"Nicolas Laustriat a construit sa sp\u00e9cialit\u00e9 sur un sujet que beaucoup d\u2019organisations d\u00e9couvrent trop tard : ce qui dispara\u00eet quand les gens partent. Dipl\u00f4m\u00e9 en conception de produit industriel, il bifurque vers le digital fin 1996, il couvre les transformations marques, RH, la fid\u00e9lisation, la marque employeur. Sur le terrain, il rep\u00e8re un angle mort r\u00e9current : l\u2019entreprise investit dans le recrutement, la formation, les process\u2026 puis laisse filer le lien au moment du d\u00e9part, avec une perte de savoir et d\u2019influence qui se paie en silence. Il se sp\u00e9cialise alors sur les communaut\u00e9s d\u2019alumni, le mentorat, l\u2019entraide interg\u00e9n\u00e9rationnelle et la transmission d\u2019expertise. Il passe du \u201cconstat\u201d aux m\u00e9thodes : animation, gouvernance, segmentation, rituels, mesure d\u2019engagement, articulation avec la RSE et l\u2019employabilit\u00e9. Il interviewe DRH, responsables formation, directions d\u2019\u00e9coles, associations et fondations, avec une obsession : transformer un r\u00e9seau dormant en m\u00e9canisme utile (cooptation, mentorat, job board, entraide, \u00e9v\u00e9nements, contenus). Son style : direct, orient\u00e9 action, sans folklore. Sa conviction : une communaut\u00e9 n\u2019a pas besoin de bruit, elle a besoin de raisons de revenir.","sameAs":["https:\/\/www.alumni.space"]}]}},"_links":{"self":[{"href":"https:\/\/www.alumni.space\/es\/wp-json\/wp\/v2\/posts\/5558","targetHints":{"allow":["GET"]}}],"collection":[{"href":"https:\/\/www.alumni.space\/es\/wp-json\/wp\/v2\/posts"}],"about":[{"href":"https:\/\/www.alumni.space\/es\/wp-json\/wp\/v2\/types\/post"}],"author":[{"embeddable":true,"href":"https:\/\/www.alumni.space\/es\/wp-json\/wp\/v2\/users\/1"}],"replies":[{"embeddable":true,"href":"https:\/\/www.alumni.space\/es\/wp-json\/wp\/v2\/comments?post=5558"}],"version-history":[{"count":1,"href":"https:\/\/www.alumni.space\/es\/wp-json\/wp\/v2\/posts\/5558\/revisions"}],"predecessor-version":[{"id":5562,"href":"https:\/\/www.alumni.space\/es\/wp-json\/wp\/v2\/posts\/5558\/revisions\/5562"}],"wp:featuredmedia":[{"embeddable":true,"href":"https:\/\/www.alumni.space\/es\/wp-json\/wp\/v2\/media\/5560"}],"wp:attachment":[{"href":"https:\/\/www.alumni.space\/es\/wp-json\/wp\/v2\/media?parent=5558"}],"wp:term":[{"taxonomy":"category","embeddable":true,"href":"https:\/\/www.alumni.space\/es\/wp-json\/wp\/v2\/categories?post=5558"},{"taxonomy":"post_tag","embeddable":true,"href":"https:\/\/www.alumni.space\/es\/wp-json\/wp\/v2\/tags?post=5558"}],"curies":[{"name":"wp","href":"https:\/\/api.w.org\/{rel}","templated":true}]}}