{"id":5541,"date":"2024-11-12T16:28:29","date_gmt":"2024-11-12T16:28:29","guid":{"rendered":"https:\/\/www.alumni.space\/como-pueden-los-departamentos-de-rrhh-anticiparse-a-la-piramide-de-edad\/"},"modified":"2026-03-28T10:41:24","modified_gmt":"2026-03-28T10:41:24","slug":"como-pueden-los-departamentos-de-rrhh-anticiparse-a-la-piramide-de-edad","status":"publish","type":"post","link":"https:\/\/www.alumni.space\/es\/como-pueden-los-departamentos-de-rrhh-anticiparse-a-la-piramide-de-edad\/","title":{"rendered":"\u00bfC\u00f3mo pueden los departamentos de RRHH anticiparse a la pir\u00e1mide de edad?"},"content":{"rendered":"<div id=\"ez-toc-container\" class=\"ez-toc-v2_0_82_2 counter-flat ez-toc-counter ez-toc-grey ez-toc-container-direction\">\n<div class=\"ez-toc-title-container\"><p class=\"ez-toc-title\" style=\"cursor:inherit\">En este art\u00edculo se trata lo siguiente:<\/p>\n<\/div><nav><ul class='ez-toc-list ez-toc-list-level-1 ' ><li class='ez-toc-page-1'><a class=\"ez-toc-link ez-toc-heading-1\" href=\"https:\/\/www.alumni.space\/es\/como-pueden-los-departamentos-de-rrhh-anticiparse-a-la-piramide-de-edad\/#Comprender_la_piramide_de_edad_para_una_gestion_eficaz_del_empleo_con_vision_de_futuro\" >Comprender la pir\u00e1mide de edad para una gesti\u00f3n eficaz del empleo con visi\u00f3n de futuro<\/a><\/li><li class='ez-toc-page-1'><a class=\"ez-toc-link ez-toc-heading-2\" href=\"https:\/\/www.alumni.space\/es\/como-pueden-los-departamentos-de-rrhh-anticiparse-a-la-piramide-de-edad\/#Integrar_el_analisis_demografico_en_la_estrategia_global_de_RRHH\" >Integrar el an\u00e1lisis demogr\u00e1fico en la estrategia global de RRHH<\/a><\/li><li class='ez-toc-page-1'><a class=\"ez-toc-link ez-toc-heading-3\" href=\"https:\/\/www.alumni.space\/es\/como-pueden-los-departamentos-de-rrhh-anticiparse-a-la-piramide-de-edad\/#Identificar_los_riesgos_y_elaborar_un_plan_de_accion_operativo_basado_en_la_piramide_de_edades\" >Identificar los riesgos y elaborar un plan de acci\u00f3n operativo basado en la pir\u00e1mide de edades<\/a><\/li><li class='ez-toc-page-1'><a class=\"ez-toc-link ez-toc-heading-4\" href=\"https:\/\/www.alumni.space\/es\/como-pueden-los-departamentos-de-rrhh-anticiparse-a-la-piramide-de-edad\/#Fomentar_la_colaboracion_y_la_transferencia_de_conocimientos_para_anticipar_las_transiciones\" >Fomentar la colaboraci\u00f3n y la transferencia de conocimientos para anticipar las transiciones<\/a><\/li><\/ul><\/nav><\/div>\n<h2 class=\"wp-block-heading\"><span class=\"ez-toc-section\" id=\"Comprender_la_piramide_de_edad_para_una_gestion_eficaz_del_empleo_con_vision_de_futuro\"><\/span>Comprender la pir\u00e1mide de edad para una gesti\u00f3n eficaz del empleo con visi\u00f3n de futuro<span class=\"ez-toc-section-end\"><\/span><\/h2><p>La <strong>pir\u00e1mide de edades<\/strong> proporciona una instant\u00e1nea visual de la distribuci\u00f3n de los empleados por grupos de edad, revelando la din\u00e1mica interna de la empresa. Su uso va m\u00e1s all\u00e1 de la simple observaci\u00f3n demogr\u00e1fica para convertirse en una palanca estrat\u00e9gica en la <strong>gesti\u00f3n del talento<\/strong> y la <strong>planificaci\u00f3n de recursos<\/strong>. <\/p><p>Para los <strong>responsables de RRHH<\/strong>, esta herramienta arroja luz sobre la estructura actual de los equipos, pone de relieve las posibles salidas masivas vinculadas al <strong>envejecimiento de la plantilla<\/strong> y anticipa el impacto de estos movimientos en las competencias clave. Por ejemplo, si hay una alta concentraci\u00f3n de empleados de entre 45 y 55 a\u00f1os, hay que estar a\u00fan m\u00e1s atentos a la hora de preparar el traspaso de responsabilidades. <\/p><p>El an\u00e1lisis no se limita a una observaci\u00f3n est\u00e1tica. Prepara el camino para una mejor organizaci\u00f3n de la contrataci\u00f3n, la <strong>formaci\u00f3n<\/strong> espec\u00edfica y el refuerzo de los mecanismos de <strong>transferencia de competencias<\/strong>. As\u00ed, las posibles contradicciones entre las salidas masivas y la escasez de perfiles subalternos pueden abordarse mediante planes de acci\u00f3n operativos vinculados a modernas herramientas digitales.  <\/p><figure class=\"wp-block-image size-full\"><img decoding=\"async\" width=\"1280\" height=\"768\" src=\"https:\/\/www.alumni.space\/wp-content\/uploads\/2026\/03\/Comment-les-DRH-peuvent-ils-anticiper-la-pyramide-des-ages-1-1.jpg\" data-orig-src=\"https:\/\/www.alumni.space\/wp-content\/uploads\/2026\/03\/Comment-les-DRH-peuvent-ils-anticiper-la-pyramide-des-ages-1-1.jpg\" alt=\"descubre c\u00f3mo las rrhh pueden anticiparse a la pir\u00e1mide de edad para gestionar mejor el talento, planificar los recursos humanos y garantizar el futuro a largo plazo de la empresa.\" class=\"lazyload wp-image-3258\" srcset=\"data:image\/svg+xml,%3Csvg%20xmlns%3D%27http%3A%2F%2Fwww.w3.org%2F2000%2Fsvg%27%20width%3D%271280%27%20height%3D%27768%27%20viewBox%3D%270%200%201280%20768%27%3E%3Crect%20width%3D%271280%27%20height%3D%27768%27%20fill-opacity%3D%220%22%2F%3E%3C%2Fsvg%3E\" data-srcset=\"https:\/\/www.alumni.space\/wp-content\/uploads\/2026\/03\/Comment-les-DRH-peuvent-ils-anticiper-la-pyramide-des-ages-1-1-200x120.jpg 200w, https:\/\/www.alumni.space\/wp-content\/uploads\/2026\/03\/Comment-les-DRH-peuvent-ils-anticiper-la-pyramide-des-ages-1-1-300x180.jpg 300w, https:\/\/www.alumni.space\/wp-content\/uploads\/2026\/03\/Comment-les-DRH-peuvent-ils-anticiper-la-pyramide-des-ages-1-1-400x240.jpg 400w, https:\/\/www.alumni.space\/wp-content\/uploads\/2026\/03\/Comment-les-DRH-peuvent-ils-anticiper-la-pyramide-des-ages-1-1-600x360.jpg 600w, https:\/\/www.alumni.space\/wp-content\/uploads\/2026\/03\/Comment-les-DRH-peuvent-ils-anticiper-la-pyramide-des-ages-1-1-768x461.jpg 768w, https:\/\/www.alumni.space\/wp-content\/uploads\/2026\/03\/Comment-les-DRH-peuvent-ils-anticiper-la-pyramide-des-ages-1-1-800x480.jpg 800w, https:\/\/www.alumni.space\/wp-content\/uploads\/2026\/03\/Comment-les-DRH-peuvent-ils-anticiper-la-pyramide-des-ages-1-1-1024x614.jpg 1024w, https:\/\/www.alumni.space\/wp-content\/uploads\/2026\/03\/Comment-les-DRH-peuvent-ils-anticiper-la-pyramide-des-ages-1-1-1200x720.jpg 1200w, https:\/\/www.alumni.space\/wp-content\/uploads\/2026\/03\/Comment-les-DRH-peuvent-ils-anticiper-la-pyramide-des-ages-1-1.jpg 1280w\" data-sizes=\"auto\" data-orig-sizes=\"(max-width: 1280px) 100vw, 1280px\" \/><\/figure><h3 class=\"wp-block-heading\"><span class=\"ez-toc-section\" id=\"Integrar_el_analisis_demografico_en_la_estrategia_global_de_RRHH\"><\/span>Integrar el an\u00e1lisis demogr\u00e1fico en la estrategia global de RRHH<span class=\"ez-toc-section-end\"><\/span><\/h3><p><strong>Una gesti\u00f3n prospectiva de los puestos de trabajo y las competencias<\/strong> requiere la construcci\u00f3n peri\u00f3dica y precisa de una pir\u00e1mide de edades. La recopilaci\u00f3n de datos -edad, antig\u00fcedad, departamento, profesi\u00f3n- crea una herramienta fiable que ofrece una visi\u00f3n multidimensional. El software HRIS integrado automatiza el c\u00e1lculo de los datos y mejora el diagn\u00f3stico demogr\u00e1fico.  <\/p><p>Anticiparse a las jubilaciones requiere una identificaci\u00f3n precoz y la coordinaci\u00f3n de las acciones internas. Gracias a la experiencia de <a href=\"https:\/\/www.alumni.space\/es\/como-pueden-los-departamentos-de-rrhh-anticiparse-a-la-piramide-de-edad\/\">alumni.<\/a>space, <strong>los departamentos de RRHH<\/strong> pueden combinar el an\u00e1lisis demogr\u00e1fico con indicadores de compromiso y competencias, facilitando la gesti\u00f3n de los equipos con alertas precisas y un seguimiento completo de los planes de desarrollo. <\/p><p>Este enfoque sit\u00faa la pir\u00e1mide de edad dentro de una pol\u00edtica activa de integraci\u00f3n y retenci\u00f3n, que se refleja en la introducci\u00f3n de programas de tutor\u00eda y en el funcionamiento de una red de antiguos empleados, lo que contribuye a la sostenibilidad del capital humano y a la continuidad de la memoria organizativa.<\/p><h2 class=\"wp-block-heading\"><span class=\"ez-toc-section\" id=\"Identificar_los_riesgos_y_elaborar_un_plan_de_accion_operativo_basado_en_la_piramide_de_edades\"><\/span>Identificar los riesgos y elaborar un plan de acci\u00f3n operativo basado en la pir\u00e1mide de edades<span class=\"ez-toc-section-end\"><\/span><\/h2><p>Destacar los riesgos asociados al desequilibrio generacional es una prioridad. Una pir\u00e1mide desequilibrada se\u00f1ala un <strong>efecto precipicio<\/strong>, en el que una oleada de salidas simult\u00e1neas podr\u00eda provocar una ruptura en la cadena del conocimiento. Esta situaci\u00f3n exige una respuesta r\u00e1pida a los riesgos asociados, por ejemplo, a la <a href=\"https:\/\/www.alumni.space\/es\/la-jubilacion-de-los-trabajadores-de-mas-edad-un-riesgo-importante-para-la-continuidad-de-los-conocimientos-en-el-sector-de-la-construccion-y-la-ingenieria-civil\/\">marcha de los empleados de m\u00e1s edad en los sectores t\u00e9cnicos<\/a>, amenazando la continuidad de los proyectos.  <\/p><p>Adem\u00e1s, algunos sectores t\u00e9cnicos sensibles pueden tener carencias espec\u00edficas, lo que exige anticipar las recolocaciones y reforzar los programas de integraci\u00f3n. Establecer un sistema de parejas junior-senior favorece<strong>el apoyo mutuo<\/strong>entre generaciones y la transferencia de competencias a largo plazo. <\/p><p>El an\u00e1lisis de la pir\u00e1mide tambi\u00e9n permite planificar un calendario preciso, caracterizado por etapas: identificaci\u00f3n de competencias clave, selecci\u00f3n de talentos emergentes, despliegue de formaci\u00f3n espec\u00edfica. Combinada con herramientas digitales de alto rendimiento, esta metodolog\u00eda ofrece una gesti\u00f3n rigurosa de los recursos humanos. <\/p><h3 class=\"wp-block-heading\"><span class=\"ez-toc-section\" id=\"Fomentar_la_colaboracion_y_la_transferencia_de_conocimientos_para_anticipar_las_transiciones\"><\/span>Fomentar la colaboraci\u00f3n y la transferencia de conocimientos para anticipar las transiciones<span class=\"ez-toc-section-end\"><\/span><\/h3><p>M\u00e1s all\u00e1 de las cifras y los datos, la colaboraci\u00f3n intergeneracional es un activo clave. En 2026, la implantaci\u00f3n de sistemas de <strong>transmisi\u00f3n de competencias<\/strong> a trav\u00e9s de mentores o tutores se perfila como una soluci\u00f3n clave para frenar la p\u00e9rdida de experiencia. Esta din\u00e1mica se basa en la complementariedad de las generaciones y favorece la fertilizaci\u00f3n cruzada.  <\/p><p>Tambi\u00e9n es esencial adaptar los m\u00e9todos <strong>de formaci\u00f3n<\/strong> a las expectativas espec\u00edficas de cada generaci\u00f3n. Mientras que los empleados de m\u00e1s edad prefieren sesiones de formaci\u00f3n breves y pragm\u00e1ticas, los m\u00e1s j\u00f3venes buscan formatos innovadores y digitales. Esta diversidad de enfoques fomenta el compromiso a largo plazo.  <\/p><p>Los espacios de trabajo colaborativo y los eventos tem\u00e1ticos refuerzan este v\u00ednculo, al tiempo que contribuyen a la cohesi\u00f3n de la red interna. La plataforma alumni.space proporciona una base digital para las actividades de la comunidad, facilitando la gesti\u00f3n de estos intercambios y la movilizaci\u00f3n de talentos para proyectos colectivos o iniciativas de RSC. <\/p><p>Para saber m\u00e1s sobre estas estrategias e integrar la pir\u00e1mide de edad en un enfoque de transformaci\u00f3n global, descubre los recursos disponibles sobre <a href=\"https:\/\/somanyways.co\/blog\/le-role-de-la-pyramide-des-ages-en-entreprise-pour-la-gestion-des-ressources-humaines\">el papel de la pir\u00e1mide en la empresa<\/a>, que apoyan a los responsables de la toma de decisiones en su gesti\u00f3n de los RRHH.<\/p>","protected":false},"excerpt":{"rendered":"<p>Comprender la pir\u00e1mide de edad para una gesti\u00f3n eficaz del  [&#8230;]<\/p>\n","protected":false},"author":1,"featured_media":5543,"comment_status":"closed","ping_status":"closed","sticky":false,"template":"","format":"standard","meta":{"_ayudawp_aiss_exclude":false,"footnotes":""},"categories":[75],"tags":[],"class_list":["post-5541","post","type-post","status-publish","format-standard","has-post-thumbnail","hentry","category-recursos-humanos"],"yoast_head":"<!-- This site is optimized with the Yoast SEO plugin v27.4 - https:\/\/yoast.com\/product\/yoast-seo-wordpress\/ -->\n<title>RRHH: Anticiparse a la pir\u00e1mide de edad para gestionar mejor el futuro<\/title>\n<meta name=\"description\" content=\"Descubre c\u00f3mo los responsables de RRHH pueden anticiparse a la pir\u00e1mide de edad para gestionar mejor los recursos humanos y prepararse para el futuro de la empresa.\" \/>\n<meta name=\"robots\" content=\"index, follow, max-snippet:-1, max-image-preview:large, max-video-preview:-1\" \/>\n<link rel=\"canonical\" href=\"https:\/\/www.alumni.space\/es\/como-pueden-los-departamentos-de-rrhh-anticiparse-a-la-piramide-de-edad\/\" \/>\n<meta property=\"og:locale\" content=\"es_ES\" \/>\n<meta property=\"og:type\" content=\"article\" \/>\n<meta property=\"og:title\" content=\"RRHH: Anticiparse a la pir\u00e1mide de edad para gestionar mejor el futuro\" \/>\n<meta property=\"og:description\" content=\"Descubre c\u00f3mo los responsables de RRHH pueden anticiparse a la pir\u00e1mide de edad para gestionar mejor los recursos humanos y prepararse para el futuro de la empresa.\" \/>\n<meta property=\"og:url\" content=\"https:\/\/www.alumni.space\/es\/como-pueden-los-departamentos-de-rrhh-anticiparse-a-la-piramide-de-edad\/\" \/>\n<meta property=\"og:site_name\" content=\"Alumni.space\" \/>\n<meta property=\"article:published_time\" content=\"2024-11-12T16:28:29+00:00\" \/>\n<meta property=\"article:modified_time\" content=\"2026-03-28T10:41:24+00:00\" \/>\n<meta property=\"og:image\" content=\"https:\/\/www.alumni.space\/wp-content\/uploads\/2026\/03\/Comment-les-DRH-peuvent-ils-anticiper-la-pyramide-des-ages-.jpg\" \/>\n\t<meta property=\"og:image:width\" content=\"1280\" \/>\n\t<meta property=\"og:image:height\" content=\"768\" \/>\n\t<meta property=\"og:image:type\" content=\"image\/jpeg\" \/>\n<meta name=\"author\" content=\"admin\" \/>\n<meta name=\"twitter:card\" content=\"summary_large_image\" \/>\n<meta name=\"twitter:label1\" content=\"Escrito por\" \/>\n\t<meta name=\"twitter:data1\" content=\"admin\" \/>\n\t<meta name=\"twitter:label2\" content=\"Tiempo de lectura\" \/>\n\t<meta name=\"twitter:data2\" content=\"4 minutos\" \/>\n<script type=\"application\/ld+json\" class=\"yoast-schema-graph\">{\"@context\":\"https:\\\/\\\/schema.org\",\"@graph\":[{\"@type\":\"Article\",\"@id\":\"https:\\\/\\\/www.alumni.space\\\/es\\\/como-pueden-los-departamentos-de-rrhh-anticiparse-a-la-piramide-de-edad\\\/#article\",\"isPartOf\":{\"@id\":\"https:\\\/\\\/www.alumni.space\\\/es\\\/como-pueden-los-departamentos-de-rrhh-anticiparse-a-la-piramide-de-edad\\\/\"},\"author\":{\"name\":\"admin\",\"@id\":\"https:\\\/\\\/www.alumni.space\\\/es\\\/#\\\/schema\\\/person\\\/fede362a57876edda476a61f05ce5b15\"},\"headline\":\"\u00bfC\u00f3mo pueden los departamentos de RRHH anticiparse a la pir\u00e1mide de edad?\",\"datePublished\":\"2024-11-12T16:28:29+00:00\",\"dateModified\":\"2026-03-28T10:41:24+00:00\",\"mainEntityOfPage\":{\"@id\":\"https:\\\/\\\/www.alumni.space\\\/es\\\/como-pueden-los-departamentos-de-rrhh-anticiparse-a-la-piramide-de-edad\\\/\"},\"wordCount\":862,\"image\":{\"@id\":\"https:\\\/\\\/www.alumni.space\\\/es\\\/como-pueden-los-departamentos-de-rrhh-anticiparse-a-la-piramide-de-edad\\\/#primaryimage\"},\"thumbnailUrl\":\"https:\\\/\\\/www.alumni.space\\\/wp-content\\\/uploads\\\/2026\\\/03\\\/Comment-les-DRH-peuvent-ils-anticiper-la-pyramide-des-ages-.jpg\",\"articleSection\":[\"Recursos Humanos\"],\"inLanguage\":\"es\"},{\"@type\":\"WebPage\",\"@id\":\"https:\\\/\\\/www.alumni.space\\\/es\\\/como-pueden-los-departamentos-de-rrhh-anticiparse-a-la-piramide-de-edad\\\/\",\"url\":\"https:\\\/\\\/www.alumni.space\\\/es\\\/como-pueden-los-departamentos-de-rrhh-anticiparse-a-la-piramide-de-edad\\\/\",\"name\":\"RRHH: Anticiparse a la pir\u00e1mide de edad para gestionar mejor el futuro\",\"isPartOf\":{\"@id\":\"https:\\\/\\\/www.alumni.space\\\/es\\\/#website\"},\"primaryImageOfPage\":{\"@id\":\"https:\\\/\\\/www.alumni.space\\\/es\\\/como-pueden-los-departamentos-de-rrhh-anticiparse-a-la-piramide-de-edad\\\/#primaryimage\"},\"image\":{\"@id\":\"https:\\\/\\\/www.alumni.space\\\/es\\\/como-pueden-los-departamentos-de-rrhh-anticiparse-a-la-piramide-de-edad\\\/#primaryimage\"},\"thumbnailUrl\":\"https:\\\/\\\/www.alumni.space\\\/wp-content\\\/uploads\\\/2026\\\/03\\\/Comment-les-DRH-peuvent-ils-anticiper-la-pyramide-des-ages-.jpg\",\"datePublished\":\"2024-11-12T16:28:29+00:00\",\"dateModified\":\"2026-03-28T10:41:24+00:00\",\"author\":{\"@id\":\"https:\\\/\\\/www.alumni.space\\\/es\\\/#\\\/schema\\\/person\\\/fede362a57876edda476a61f05ce5b15\"},\"description\":\"Descubre c\u00f3mo los responsables de RRHH pueden anticiparse a la pir\u00e1mide de edad para gestionar mejor los recursos humanos y prepararse para el futuro de la empresa.\",\"breadcrumb\":{\"@id\":\"https:\\\/\\\/www.alumni.space\\\/es\\\/como-pueden-los-departamentos-de-rrhh-anticiparse-a-la-piramide-de-edad\\\/#breadcrumb\"},\"inLanguage\":\"es\",\"potentialAction\":[{\"@type\":\"ReadAction\",\"target\":[\"https:\\\/\\\/www.alumni.space\\\/es\\\/como-pueden-los-departamentos-de-rrhh-anticiparse-a-la-piramide-de-edad\\\/\"]}]},{\"@type\":\"ImageObject\",\"inLanguage\":\"es\",\"@id\":\"https:\\\/\\\/www.alumni.space\\\/es\\\/como-pueden-los-departamentos-de-rrhh-anticiparse-a-la-piramide-de-edad\\\/#primaryimage\",\"url\":\"https:\\\/\\\/www.alumni.space\\\/wp-content\\\/uploads\\\/2026\\\/03\\\/Comment-les-DRH-peuvent-ils-anticiper-la-pyramide-des-ages-.jpg\",\"contentUrl\":\"https:\\\/\\\/www.alumni.space\\\/wp-content\\\/uploads\\\/2026\\\/03\\\/Comment-les-DRH-peuvent-ils-anticiper-la-pyramide-des-ages-.jpg\",\"width\":1280,\"height\":768,\"caption\":\"descubre c\u00f3mo las rrhh pueden anticiparse a la pir\u00e1mide de edad para gestionar mejor el talento y preparar a su empresa para el futuro.\"},{\"@type\":\"BreadcrumbList\",\"@id\":\"https:\\\/\\\/www.alumni.space\\\/es\\\/como-pueden-los-departamentos-de-rrhh-anticiparse-a-la-piramide-de-edad\\\/#breadcrumb\",\"itemListElement\":[{\"@type\":\"ListItem\",\"position\":1,\"name\":\"Home\",\"item\":\"https:\\\/\\\/www.alumni.space\\\/es\\\/plataforma-de-tutoria-y-gestion-de-antiguos-alumnos\\\/\"},{\"@type\":\"ListItem\",\"position\":2,\"name\":\"\u00bfC\u00f3mo pueden los departamentos de RRHH anticiparse a la pir\u00e1mide de edad?\"}]},{\"@type\":\"WebSite\",\"@id\":\"https:\\\/\\\/www.alumni.space\\\/es\\\/#website\",\"url\":\"https:\\\/\\\/www.alumni.space\\\/es\\\/\",\"name\":\"Alumni.space\",\"description\":\"My WordPress Blog\",\"potentialAction\":[{\"@type\":\"SearchAction\",\"target\":{\"@type\":\"EntryPoint\",\"urlTemplate\":\"https:\\\/\\\/www.alumni.space\\\/es\\\/?s={search_term_string}\"},\"query-input\":{\"@type\":\"PropertyValueSpecification\",\"valueRequired\":true,\"valueName\":\"search_term_string\"}}],\"inLanguage\":\"es\"},{\"@type\":\"Person\",\"@id\":\"https:\\\/\\\/www.alumni.space\\\/es\\\/#\\\/schema\\\/person\\\/fede362a57876edda476a61f05ce5b15\",\"name\":\"admin\",\"image\":{\"@type\":\"ImageObject\",\"inLanguage\":\"es\",\"@id\":\"https:\\\/\\\/secure.gravatar.com\\\/avatar\\\/318e234ae94f90d4d629428d6b983c08e31181c28f579e08a021180d759ea651?s=96&d=mm&r=g\",\"url\":\"https:\\\/\\\/secure.gravatar.com\\\/avatar\\\/318e234ae94f90d4d629428d6b983c08e31181c28f579e08a021180d759ea651?s=96&d=mm&r=g\",\"contentUrl\":\"https:\\\/\\\/secure.gravatar.com\\\/avatar\\\/318e234ae94f90d4d629428d6b983c08e31181c28f579e08a021180d759ea651?s=96&d=mm&r=g\",\"caption\":\"admin\"},\"description\":\"Nicolas Laustriat a construit sa sp\u00e9cialit\u00e9 sur un sujet que beaucoup d\u2019organisations d\u00e9couvrent trop tard : ce qui dispara\u00eet quand les gens partent. Dipl\u00f4m\u00e9 en conception de produit industriel, il bifurque vers le digital fin 1996, il couvre les transformations marques, RH, la fid\u00e9lisation, la marque employeur. Sur le terrain, il rep\u00e8re un angle mort r\u00e9current : l\u2019entreprise investit dans le recrutement, la formation, les process\u2026 puis laisse filer le lien au moment du d\u00e9part, avec une perte de savoir et d\u2019influence qui se paie en silence. Il se sp\u00e9cialise alors sur les communaut\u00e9s d\u2019alumni, le mentorat, l\u2019entraide interg\u00e9n\u00e9rationnelle et la transmission d\u2019expertise. Il passe du \u201cconstat\u201d aux m\u00e9thodes : animation, gouvernance, segmentation, rituels, mesure d\u2019engagement, articulation avec la RSE et l\u2019employabilit\u00e9. Il interviewe DRH, responsables formation, directions d\u2019\u00e9coles, associations et fondations, avec une obsession : transformer un r\u00e9seau dormant en m\u00e9canisme utile (cooptation, mentorat, job board, entraide, \u00e9v\u00e9nements, contenus). Son style : direct, orient\u00e9 action, sans folklore. Sa conviction : une communaut\u00e9 n\u2019a pas besoin de bruit, elle a besoin de raisons de revenir.\",\"sameAs\":[\"https:\\\/\\\/www.alumni.space\"]}]}<\/script>\n<!-- \/ Yoast SEO plugin. -->","yoast_head_json":{"title":"RRHH: Anticiparse a la pir\u00e1mide de edad para gestionar mejor el futuro","description":"Descubre c\u00f3mo los responsables de RRHH pueden anticiparse a la pir\u00e1mide de edad para gestionar mejor los recursos humanos y prepararse para el futuro de la empresa.","robots":{"index":"index","follow":"follow","max-snippet":"max-snippet:-1","max-image-preview":"max-image-preview:large","max-video-preview":"max-video-preview:-1"},"canonical":"https:\/\/www.alumni.space\/es\/como-pueden-los-departamentos-de-rrhh-anticiparse-a-la-piramide-de-edad\/","og_locale":"es_ES","og_type":"article","og_title":"RRHH: Anticiparse a la pir\u00e1mide de edad para gestionar mejor el futuro","og_description":"Descubre c\u00f3mo los responsables de RRHH pueden anticiparse a la pir\u00e1mide de edad para gestionar mejor los recursos humanos y prepararse para el futuro de la empresa.","og_url":"https:\/\/www.alumni.space\/es\/como-pueden-los-departamentos-de-rrhh-anticiparse-a-la-piramide-de-edad\/","og_site_name":"Alumni.space","article_published_time":"2024-11-12T16:28:29+00:00","article_modified_time":"2026-03-28T10:41:24+00:00","og_image":[{"width":1280,"height":768,"url":"https:\/\/www.alumni.space\/wp-content\/uploads\/2026\/03\/Comment-les-DRH-peuvent-ils-anticiper-la-pyramide-des-ages-.jpg","type":"image\/jpeg"}],"author":"admin","twitter_card":"summary_large_image","twitter_misc":{"Escrito por":"admin","Tiempo de lectura":"4 minutos"},"schema":{"@context":"https:\/\/schema.org","@graph":[{"@type":"Article","@id":"https:\/\/www.alumni.space\/es\/como-pueden-los-departamentos-de-rrhh-anticiparse-a-la-piramide-de-edad\/#article","isPartOf":{"@id":"https:\/\/www.alumni.space\/es\/como-pueden-los-departamentos-de-rrhh-anticiparse-a-la-piramide-de-edad\/"},"author":{"name":"admin","@id":"https:\/\/www.alumni.space\/es\/#\/schema\/person\/fede362a57876edda476a61f05ce5b15"},"headline":"\u00bfC\u00f3mo pueden los departamentos de RRHH anticiparse a la pir\u00e1mide de edad?","datePublished":"2024-11-12T16:28:29+00:00","dateModified":"2026-03-28T10:41:24+00:00","mainEntityOfPage":{"@id":"https:\/\/www.alumni.space\/es\/como-pueden-los-departamentos-de-rrhh-anticiparse-a-la-piramide-de-edad\/"},"wordCount":862,"image":{"@id":"https:\/\/www.alumni.space\/es\/como-pueden-los-departamentos-de-rrhh-anticiparse-a-la-piramide-de-edad\/#primaryimage"},"thumbnailUrl":"https:\/\/www.alumni.space\/wp-content\/uploads\/2026\/03\/Comment-les-DRH-peuvent-ils-anticiper-la-pyramide-des-ages-.jpg","articleSection":["Recursos Humanos"],"inLanguage":"es"},{"@type":"WebPage","@id":"https:\/\/www.alumni.space\/es\/como-pueden-los-departamentos-de-rrhh-anticiparse-a-la-piramide-de-edad\/","url":"https:\/\/www.alumni.space\/es\/como-pueden-los-departamentos-de-rrhh-anticiparse-a-la-piramide-de-edad\/","name":"RRHH: Anticiparse a la pir\u00e1mide de edad para gestionar mejor el futuro","isPartOf":{"@id":"https:\/\/www.alumni.space\/es\/#website"},"primaryImageOfPage":{"@id":"https:\/\/www.alumni.space\/es\/como-pueden-los-departamentos-de-rrhh-anticiparse-a-la-piramide-de-edad\/#primaryimage"},"image":{"@id":"https:\/\/www.alumni.space\/es\/como-pueden-los-departamentos-de-rrhh-anticiparse-a-la-piramide-de-edad\/#primaryimage"},"thumbnailUrl":"https:\/\/www.alumni.space\/wp-content\/uploads\/2026\/03\/Comment-les-DRH-peuvent-ils-anticiper-la-pyramide-des-ages-.jpg","datePublished":"2024-11-12T16:28:29+00:00","dateModified":"2026-03-28T10:41:24+00:00","author":{"@id":"https:\/\/www.alumni.space\/es\/#\/schema\/person\/fede362a57876edda476a61f05ce5b15"},"description":"Descubre c\u00f3mo los responsables de RRHH pueden anticiparse a la pir\u00e1mide de edad para gestionar mejor los recursos humanos y prepararse para el futuro de la empresa.","breadcrumb":{"@id":"https:\/\/www.alumni.space\/es\/como-pueden-los-departamentos-de-rrhh-anticiparse-a-la-piramide-de-edad\/#breadcrumb"},"inLanguage":"es","potentialAction":[{"@type":"ReadAction","target":["https:\/\/www.alumni.space\/es\/como-pueden-los-departamentos-de-rrhh-anticiparse-a-la-piramide-de-edad\/"]}]},{"@type":"ImageObject","inLanguage":"es","@id":"https:\/\/www.alumni.space\/es\/como-pueden-los-departamentos-de-rrhh-anticiparse-a-la-piramide-de-edad\/#primaryimage","url":"https:\/\/www.alumni.space\/wp-content\/uploads\/2026\/03\/Comment-les-DRH-peuvent-ils-anticiper-la-pyramide-des-ages-.jpg","contentUrl":"https:\/\/www.alumni.space\/wp-content\/uploads\/2026\/03\/Comment-les-DRH-peuvent-ils-anticiper-la-pyramide-des-ages-.jpg","width":1280,"height":768,"caption":"descubre c\u00f3mo las rrhh pueden anticiparse a la pir\u00e1mide de edad para gestionar mejor el talento y preparar a su empresa para el futuro."},{"@type":"BreadcrumbList","@id":"https:\/\/www.alumni.space\/es\/como-pueden-los-departamentos-de-rrhh-anticiparse-a-la-piramide-de-edad\/#breadcrumb","itemListElement":[{"@type":"ListItem","position":1,"name":"Home","item":"https:\/\/www.alumni.space\/es\/plataforma-de-tutoria-y-gestion-de-antiguos-alumnos\/"},{"@type":"ListItem","position":2,"name":"\u00bfC\u00f3mo pueden los departamentos de RRHH anticiparse a la pir\u00e1mide de edad?"}]},{"@type":"WebSite","@id":"https:\/\/www.alumni.space\/es\/#website","url":"https:\/\/www.alumni.space\/es\/","name":"Alumni.space","description":"My WordPress Blog","potentialAction":[{"@type":"SearchAction","target":{"@type":"EntryPoint","urlTemplate":"https:\/\/www.alumni.space\/es\/?s={search_term_string}"},"query-input":{"@type":"PropertyValueSpecification","valueRequired":true,"valueName":"search_term_string"}}],"inLanguage":"es"},{"@type":"Person","@id":"https:\/\/www.alumni.space\/es\/#\/schema\/person\/fede362a57876edda476a61f05ce5b15","name":"admin","image":{"@type":"ImageObject","inLanguage":"es","@id":"https:\/\/secure.gravatar.com\/avatar\/318e234ae94f90d4d629428d6b983c08e31181c28f579e08a021180d759ea651?s=96&d=mm&r=g","url":"https:\/\/secure.gravatar.com\/avatar\/318e234ae94f90d4d629428d6b983c08e31181c28f579e08a021180d759ea651?s=96&d=mm&r=g","contentUrl":"https:\/\/secure.gravatar.com\/avatar\/318e234ae94f90d4d629428d6b983c08e31181c28f579e08a021180d759ea651?s=96&d=mm&r=g","caption":"admin"},"description":"Nicolas Laustriat a construit sa sp\u00e9cialit\u00e9 sur un sujet que beaucoup d\u2019organisations d\u00e9couvrent trop tard : ce qui dispara\u00eet quand les gens partent. Dipl\u00f4m\u00e9 en conception de produit industriel, il bifurque vers le digital fin 1996, il couvre les transformations marques, RH, la fid\u00e9lisation, la marque employeur. Sur le terrain, il rep\u00e8re un angle mort r\u00e9current : l\u2019entreprise investit dans le recrutement, la formation, les process\u2026 puis laisse filer le lien au moment du d\u00e9part, avec une perte de savoir et d\u2019influence qui se paie en silence. Il se sp\u00e9cialise alors sur les communaut\u00e9s d\u2019alumni, le mentorat, l\u2019entraide interg\u00e9n\u00e9rationnelle et la transmission d\u2019expertise. Il passe du \u201cconstat\u201d aux m\u00e9thodes : animation, gouvernance, segmentation, rituels, mesure d\u2019engagement, articulation avec la RSE et l\u2019employabilit\u00e9. Il interviewe DRH, responsables formation, directions d\u2019\u00e9coles, associations et fondations, avec une obsession : transformer un r\u00e9seau dormant en m\u00e9canisme utile (cooptation, mentorat, job board, entraide, \u00e9v\u00e9nements, contenus). Son style : direct, orient\u00e9 action, sans folklore. Sa conviction : une communaut\u00e9 n\u2019a pas besoin de bruit, elle a besoin de raisons de revenir.","sameAs":["https:\/\/www.alumni.space"]}]}},"_links":{"self":[{"href":"https:\/\/www.alumni.space\/es\/wp-json\/wp\/v2\/posts\/5541","targetHints":{"allow":["GET"]}}],"collection":[{"href":"https:\/\/www.alumni.space\/es\/wp-json\/wp\/v2\/posts"}],"about":[{"href":"https:\/\/www.alumni.space\/es\/wp-json\/wp\/v2\/types\/post"}],"author":[{"embeddable":true,"href":"https:\/\/www.alumni.space\/es\/wp-json\/wp\/v2\/users\/1"}],"replies":[{"embeddable":true,"href":"https:\/\/www.alumni.space\/es\/wp-json\/wp\/v2\/comments?post=5541"}],"version-history":[{"count":1,"href":"https:\/\/www.alumni.space\/es\/wp-json\/wp\/v2\/posts\/5541\/revisions"}],"predecessor-version":[{"id":5545,"href":"https:\/\/www.alumni.space\/es\/wp-json\/wp\/v2\/posts\/5541\/revisions\/5545"}],"wp:featuredmedia":[{"embeddable":true,"href":"https:\/\/www.alumni.space\/es\/wp-json\/wp\/v2\/media\/5543"}],"wp:attachment":[{"href":"https:\/\/www.alumni.space\/es\/wp-json\/wp\/v2\/media?parent=5541"}],"wp:term":[{"taxonomy":"category","embeddable":true,"href":"https:\/\/www.alumni.space\/es\/wp-json\/wp\/v2\/categories?post=5541"},{"taxonomy":"post_tag","embeddable":true,"href":"https:\/\/www.alumni.space\/es\/wp-json\/wp\/v2\/tags?post=5541"}],"curies":[{"name":"wp","href":"https:\/\/api.w.org\/{rel}","templated":true}]}}