{"id":5480,"date":"2025-02-02T17:22:38","date_gmt":"2025-02-02T17:22:38","guid":{"rendered":"https:\/\/www.alumni.space\/el-sector-agroalimentario-se-enfrenta-al-reto-de-la-transferencia-de-competencias\/"},"modified":"2026-03-28T10:41:05","modified_gmt":"2026-03-28T10:41:05","slug":"el-sector-agroalimentario-se-enfrenta-al-reto-de-la-transferencia-de-competencias","status":"publish","type":"post","link":"https:\/\/www.alumni.space\/es\/el-sector-agroalimentario-se-enfrenta-al-reto-de-la-transferencia-de-competencias\/","title":{"rendered":"El sector agroalimentario se enfrenta al reto de la transferencia de competencias"},"content":{"rendered":"<div id=\"ez-toc-container\" class=\"ez-toc-v2_0_82_2 counter-flat ez-toc-counter ez-toc-grey ez-toc-container-direction\">\n<div class=\"ez-toc-title-container\"><p class=\"ez-toc-title\" style=\"cursor:inherit\">En este art\u00edculo se trata lo siguiente:<\/p>\n<\/div><nav><ul class='ez-toc-list ez-toc-list-level-1 ' ><li class='ez-toc-page-1'><a class=\"ez-toc-link ez-toc-heading-1\" href=\"https:\/\/www.alumni.space\/es\/el-sector-agroalimentario-se-enfrenta-al-reto-de-la-transferencia-de-competencias\/#Cuestiones_clave_de_la_transferencia_de_competencias_en_el_sector_agroalimentario\" >Cuestiones clave de la transferencia de competencias en el sector agroalimentario<\/a><\/li><li class='ez-toc-page-1'><a class=\"ez-toc-link ez-toc-heading-2\" href=\"https:\/\/www.alumni.space\/es\/el-sector-agroalimentario-se-enfrenta-al-reto-de-la-transferencia-de-competencias\/#Coste_oculto_del_deficit_de_conocimientos_y_metodos_para_evitarlo\" >Coste oculto del d\u00e9ficit de conocimientos y m\u00e9todos para evitarlo<\/a><\/li><li class='ez-toc-page-1'><a class=\"ez-toc-link ez-toc-heading-3\" href=\"https:\/\/www.alumni.space\/es\/el-sector-agroalimentario-se-enfrenta-al-reto-de-la-transferencia-de-competencias\/#Optimizar_la_gestion_del_talento_para_apoyar_la_transferencia_en_el_sector_agroalimentario\" >Optimizar la gesti\u00f3n del talento para apoyar la transferencia en el sector agroalimentario<\/a><\/li><li class='ez-toc-page-1'><a class=\"ez-toc-link ez-toc-heading-4\" href=\"https:\/\/www.alumni.space\/es\/el-sector-agroalimentario-se-enfrenta-al-reto-de-la-transferencia-de-competencias\/#Implementacion_operativa_y_mejores_practicas\" >Implementaci\u00f3n operativa y mejores pr\u00e1cticas<\/a><\/li><\/ul><\/nav><\/div>\n<h2 class=\"wp-block-heading\"><span class=\"ez-toc-section\" id=\"Cuestiones_clave_de_la_transferencia_de_competencias_en_el_sector_agroalimentario\"><\/span>Cuestiones clave de la transferencia de competencias en el sector agroalimentario<span class=\"ez-toc-section-end\"><\/span><\/h2><p>El <strong>sector agroalimentario<\/strong> est\u00e1 experimentando una profunda transformaci\u00f3n, en la que el dominio de las competencias tradicionales se inscribe ahora en un contexto de<strong>innovaci\u00f3n tecnol\u00f3gica<\/strong> y <strong>desarrollo sostenible<\/strong>. Los retos de la <strong>transferencia de competencias<\/strong> est\u00e1n en el centro de la gesti\u00f3n del talento, que es esencial para garantizar la <strong>calidad de los alimentos<\/strong> y la <strong>sostenibilidad de los conocimientos t\u00e9cnicos<\/strong>. <\/p><p>Las empresas se enfrentan a la necesidad de <strong>adaptar sus competencias en<\/strong> respuesta al relevo generacional y al cambio tecnol\u00f3gico. En este contexto, los departamentos de <strong>recursos<\/strong> humanos deben anticiparse con rigor para evitar rupturas en la transmisi\u00f3n de conocimientos, que es esencial para la continuidad de la producci\u00f3n y la competitividad. <\/p><figure class=\"wp-block-image size-full\"><img decoding=\"async\" width=\"1280\" height=\"768\" src=\"https:\/\/www.alumni.space\/wp-content\/uploads\/2026\/03\/Le-secteur-agroalimentaire-face-au-defi-du-transfert-des-competences-1.jpg\" data-orig-src=\"https:\/\/www.alumni.space\/wp-content\/uploads\/2026\/03\/Le-secteur-agroalimentaire-face-au-defi-du-transfert-des-competences-1.jpg\" alt=\"Averigua c\u00f3mo el sector agroalimentario afronta el reto de la transferencia de competencias para garantizar su desarrollo y competitividad en un mercado en constante evoluci\u00f3n.\" class=\"lazyload wp-image-3255\" srcset=\"data:image\/svg+xml,%3Csvg%20xmlns%3D%27http%3A%2F%2Fwww.w3.org%2F2000%2Fsvg%27%20width%3D%271280%27%20height%3D%27768%27%20viewBox%3D%270%200%201280%20768%27%3E%3Crect%20width%3D%271280%27%20height%3D%27768%27%20fill-opacity%3D%220%22%2F%3E%3C%2Fsvg%3E\" data-srcset=\"https:\/\/www.alumni.space\/wp-content\/uploads\/2026\/03\/Le-secteur-agroalimentaire-face-au-defi-du-transfert-des-competences-1-200x120.jpg 200w, https:\/\/www.alumni.space\/wp-content\/uploads\/2026\/03\/Le-secteur-agroalimentaire-face-au-defi-du-transfert-des-competences-1-300x180.jpg 300w, https:\/\/www.alumni.space\/wp-content\/uploads\/2026\/03\/Le-secteur-agroalimentaire-face-au-defi-du-transfert-des-competences-1-400x240.jpg 400w, https:\/\/www.alumni.space\/wp-content\/uploads\/2026\/03\/Le-secteur-agroalimentaire-face-au-defi-du-transfert-des-competences-1-600x360.jpg 600w, https:\/\/www.alumni.space\/wp-content\/uploads\/2026\/03\/Le-secteur-agroalimentaire-face-au-defi-du-transfert-des-competences-1-768x461.jpg 768w, https:\/\/www.alumni.space\/wp-content\/uploads\/2026\/03\/Le-secteur-agroalimentaire-face-au-defi-du-transfert-des-competences-1-800x480.jpg 800w, https:\/\/www.alumni.space\/wp-content\/uploads\/2026\/03\/Le-secteur-agroalimentaire-face-au-defi-du-transfert-des-competences-1-1024x614.jpg 1024w, https:\/\/www.alumni.space\/wp-content\/uploads\/2026\/03\/Le-secteur-agroalimentaire-face-au-defi-du-transfert-des-competences-1-1200x720.jpg 1200w, https:\/\/www.alumni.space\/wp-content\/uploads\/2026\/03\/Le-secteur-agroalimentaire-face-au-defi-du-transfert-des-competences-1.jpg 1280w\" data-sizes=\"auto\" data-orig-sizes=\"(max-width: 1280px) 100vw, 1280px\" \/><\/figure><h3 class=\"wp-block-heading\"><span class=\"ez-toc-section\" id=\"Coste_oculto_del_deficit_de_conocimientos_y_metodos_para_evitarlo\"><\/span>Coste oculto del d\u00e9ficit de conocimientos y m\u00e9todos para evitarlo<span class=\"ez-toc-section-end\"><\/span><\/h3><p>La p\u00e9rdida de experiencia repercute directamente en el rendimiento: retrasos, errores, aumento de los costes y riesgo para la reputaci\u00f3n. Este fen\u00f3meno se manifiesta a menudo en una mayor <strong>desorganizaci\u00f3n<\/strong> y en la p\u00e9rdida de v\u00ednculos con las buenas pr\u00e1cticas ancestrales. Las empresas pueden apoyarse en estrategias probadas que implican un seguimiento estructurado de las competencias y una transferencia intergeneracional formalizada, sobre todo a trav\u00e9s de la tutor\u00eda.  <\/p><p>Establecer rituales regulares, adaptados al ciclo de producci\u00f3n y formaci\u00f3n profesional, facilita el intercambio pragm\u00e1tico de conocimientos. Se trata de identificar los perfiles clave, cartografiar las competencias cr\u00edticas y utilizar herramientas espec\u00edficas para garantizar una gesti\u00f3n fluida y sostenible. Este enfoque reduce el impacto temporal y financiero de una <strong>laguna de conocimientos<\/strong>. Para saber m\u00e1s, hay recursos disponibles en <a href=\"https:\/\/www.alumni.space\/es\/como-podemos-evitar-una-perdida-de-conocimientos-en-nuestros-centros-de-trabajo-cuando-se-marchan-los-expertos\/\">el sitio de interrupci\u00f3n del conocimiento<\/a>, que ilustran el enfoque sectorial.   <\/p><h2 class=\"wp-block-heading\"><span class=\"ez-toc-section\" id=\"Optimizar_la_gestion_del_talento_para_apoyar_la_transferencia_en_el_sector_agroalimentario\"><\/span>Optimizar la gesti\u00f3n del talento para apoyar la transferencia en el sector agroalimentario<span class=\"ez-toc-section-end\"><\/span><\/h2><p>La gobernanza de los recursos humanos debe adaptarse para apoyar una din\u00e1mica de<strong>compromiso sostenible de<\/strong> los trabajadores. La gesti\u00f3n de los indicadores de rendimiento vinculados a la formaci\u00f3n profesional y al desarrollo de competencias facilita la toma de decisiones con conocimiento de causa. <\/p><p>Utilizar una plataforma especializada como <a href=\"https:\/\/www.alumni.space\/es\/como-pueden-los-departamentos-de-rrhh-anticiparse-a-la-piramide-de-edad\/\">alumni.space<\/a> permite industrializar el proceso de gesti\u00f3n y animaci\u00f3n de las comunidades internas y externas. Esta herramienta digital permite segmentar eficazmente los perfiles, crear parejas de mentores y alumnos, y organizar eventos espec\u00edficos para estimular el apoyo y la transmisi\u00f3n mutuos. El panel de control simplifica el <strong>seguimiento del cumplimiento<\/strong> y <strong>ahorra tiempo<\/strong>.  <\/p><h3 class=\"wp-block-heading\"><span class=\"ez-toc-section\" id=\"Implementacion_operativa_y_mejores_practicas\"><\/span>Implementaci\u00f3n operativa y mejores pr\u00e1cticas<span class=\"ez-toc-section-end\"><\/span><\/h3><p>El \u00e9xito de la transferencia de competencias depende de la regularidad de las acciones. Un ritmo bien definido para las sesiones de formaci\u00f3n y puesta en com\u00fan optimiza el desarrollo colectivo de competencias. Una definici\u00f3n clara de las funciones, desde los responsables de RRHH hasta los mentores, crea una estructura de gobierno que es a la vez potenciadora y de apoyo.  <\/p><p>El contenido ofrecido debe combinar los conocimientos t\u00e9cnicos, las buenas pr\u00e1cticas de calidad alimentaria y la concienciaci\u00f3n sobre cuestiones de <strong>desarrollo sostenible<\/strong>. Desarrollar una <strong>biblioteca de documentos<\/strong> accesible refuerza la memoria organizativa. Tambi\u00e9n es beneficioso asociar iniciativas de cooptaci\u00f3n a trav\u00e9s de la comunidad, fomentando la retenci\u00f3n del talento.  <\/p><p>Hoy en d\u00eda, los responsables del sector agroalimentario disponen de toda la palanca digital necesaria para responder a estas necesidades. Para preservar su capital de competencias a largo plazo, necesitan iniciar un enfoque estructurado, acompa\u00f1ado de herramientas adaptadas a la naturaleza espec\u00edfica del sector. Puedes encontrar m\u00e1s informaci\u00f3n sobre la gesti\u00f3n de los conocimientos artesanales en la industria agroalimentaria en <a href=\"https:\/\/www.alumni.space\/es\/como-podemos-preservar-la-pericia-unica-de-los-artesanos-industriales\/\">alumni.space<\/a>.  <\/p>","protected":false},"excerpt":{"rendered":"<p>Cuestiones clave de la transferencia de competencias en el sector  [&#8230;]<\/p>\n","protected":false},"author":1,"featured_media":5482,"comment_status":"closed","ping_status":"closed","sticky":false,"template":"","format":"standard","meta":{"_ayudawp_aiss_exclude":false,"footnotes":""},"categories":[74],"tags":[],"class_list":["post-5480","post","type-post","status-publish","format-standard","has-post-thumbnail","hentry","category-intercambio-de-conocimientos"],"yoast_head":"<!-- This site is optimized with the Yoast SEO plugin v27.4 - https:\/\/yoast.com\/product\/yoast-seo-wordpress\/ -->\n<title>Agroalimentaci\u00f3n: afrontar el reto de la transferencia de competencias<\/title>\n<meta name=\"description\" content=\"El sector agroalimentario se enfrenta al reto de transferir competencias para innovar y seguir siendo competitivo ante los retos actuales.\" \/>\n<meta name=\"robots\" content=\"index, follow, max-snippet:-1, max-image-preview:large, max-video-preview:-1\" \/>\n<link rel=\"canonical\" href=\"https:\/\/www.alumni.space\/es\/el-sector-agroalimentario-se-enfrenta-al-reto-de-la-transferencia-de-competencias\/\" \/>\n<meta property=\"og:locale\" content=\"es_ES\" \/>\n<meta property=\"og:type\" content=\"article\" \/>\n<meta property=\"og:title\" content=\"Agroalimentaci\u00f3n: afrontar el reto de la transferencia de competencias\" \/>\n<meta property=\"og:description\" content=\"El sector agroalimentario se enfrenta al reto de transferir competencias para innovar y seguir siendo competitivo ante los retos actuales.\" \/>\n<meta property=\"og:url\" content=\"https:\/\/www.alumni.space\/es\/el-sector-agroalimentario-se-enfrenta-al-reto-de-la-transferencia-de-competencias\/\" \/>\n<meta property=\"og:site_name\" content=\"Alumni.space\" \/>\n<meta property=\"article:published_time\" content=\"2025-02-02T17:22:38+00:00\" \/>\n<meta property=\"article:modified_time\" content=\"2026-03-28T10:41:05+00:00\" \/>\n<meta property=\"og:image\" content=\"https:\/\/www.alumni.space\/wp-content\/uploads\/2026\/03\/Le-secteur-agroalimentaire-face-au-defi-du-transfert-des-competences.jpg\" \/>\n\t<meta property=\"og:image:width\" content=\"1280\" \/>\n\t<meta property=\"og:image:height\" content=\"768\" \/>\n\t<meta property=\"og:image:type\" content=\"image\/jpeg\" \/>\n<meta name=\"author\" content=\"admin\" \/>\n<meta name=\"twitter:card\" content=\"summary_large_image\" \/>\n<meta name=\"twitter:label1\" content=\"Escrito por\" \/>\n\t<meta name=\"twitter:data1\" content=\"admin\" \/>\n\t<meta name=\"twitter:label2\" content=\"Tiempo de lectura\" \/>\n\t<meta name=\"twitter:data2\" content=\"3 minutos\" \/>\n<script type=\"application\/ld+json\" class=\"yoast-schema-graph\">{\"@context\":\"https:\\\/\\\/schema.org\",\"@graph\":[{\"@type\":\"Article\",\"@id\":\"https:\\\/\\\/www.alumni.space\\\/es\\\/el-sector-agroalimentario-se-enfrenta-al-reto-de-la-transferencia-de-competencias\\\/#article\",\"isPartOf\":{\"@id\":\"https:\\\/\\\/www.alumni.space\\\/es\\\/el-sector-agroalimentario-se-enfrenta-al-reto-de-la-transferencia-de-competencias\\\/\"},\"author\":{\"name\":\"admin\",\"@id\":\"https:\\\/\\\/www.alumni.space\\\/es\\\/#\\\/schema\\\/person\\\/fede362a57876edda476a61f05ce5b15\"},\"headline\":\"El sector agroalimentario se enfrenta al reto de la transferencia de competencias\",\"datePublished\":\"2025-02-02T17:22:38+00:00\",\"dateModified\":\"2026-03-28T10:41:05+00:00\",\"mainEntityOfPage\":{\"@id\":\"https:\\\/\\\/www.alumni.space\\\/es\\\/el-sector-agroalimentario-se-enfrenta-al-reto-de-la-transferencia-de-competencias\\\/\"},\"wordCount\":630,\"image\":{\"@id\":\"https:\\\/\\\/www.alumni.space\\\/es\\\/el-sector-agroalimentario-se-enfrenta-al-reto-de-la-transferencia-de-competencias\\\/#primaryimage\"},\"thumbnailUrl\":\"https:\\\/\\\/www.alumni.space\\\/wp-content\\\/uploads\\\/2026\\\/03\\\/Le-secteur-agroalimentaire-face-au-defi-du-transfert-des-competences.jpg\",\"articleSection\":[\"Intercambio de conocimientos\"],\"inLanguage\":\"es\"},{\"@type\":\"WebPage\",\"@id\":\"https:\\\/\\\/www.alumni.space\\\/es\\\/el-sector-agroalimentario-se-enfrenta-al-reto-de-la-transferencia-de-competencias\\\/\",\"url\":\"https:\\\/\\\/www.alumni.space\\\/es\\\/el-sector-agroalimentario-se-enfrenta-al-reto-de-la-transferencia-de-competencias\\\/\",\"name\":\"Agroalimentaci\u00f3n: afrontar el reto de la transferencia de competencias\",\"isPartOf\":{\"@id\":\"https:\\\/\\\/www.alumni.space\\\/es\\\/#website\"},\"primaryImageOfPage\":{\"@id\":\"https:\\\/\\\/www.alumni.space\\\/es\\\/el-sector-agroalimentario-se-enfrenta-al-reto-de-la-transferencia-de-competencias\\\/#primaryimage\"},\"image\":{\"@id\":\"https:\\\/\\\/www.alumni.space\\\/es\\\/el-sector-agroalimentario-se-enfrenta-al-reto-de-la-transferencia-de-competencias\\\/#primaryimage\"},\"thumbnailUrl\":\"https:\\\/\\\/www.alumni.space\\\/wp-content\\\/uploads\\\/2026\\\/03\\\/Le-secteur-agroalimentaire-face-au-defi-du-transfert-des-competences.jpg\",\"datePublished\":\"2025-02-02T17:22:38+00:00\",\"dateModified\":\"2026-03-28T10:41:05+00:00\",\"author\":{\"@id\":\"https:\\\/\\\/www.alumni.space\\\/es\\\/#\\\/schema\\\/person\\\/fede362a57876edda476a61f05ce5b15\"},\"description\":\"El sector agroalimentario se enfrenta al reto de transferir competencias para innovar y seguir siendo competitivo ante los retos actuales.\",\"breadcrumb\":{\"@id\":\"https:\\\/\\\/www.alumni.space\\\/es\\\/el-sector-agroalimentario-se-enfrenta-al-reto-de-la-transferencia-de-competencias\\\/#breadcrumb\"},\"inLanguage\":\"es\",\"potentialAction\":[{\"@type\":\"ReadAction\",\"target\":[\"https:\\\/\\\/www.alumni.space\\\/es\\\/el-sector-agroalimentario-se-enfrenta-al-reto-de-la-transferencia-de-competencias\\\/\"]}]},{\"@type\":\"ImageObject\",\"inLanguage\":\"es\",\"@id\":\"https:\\\/\\\/www.alumni.space\\\/es\\\/el-sector-agroalimentario-se-enfrenta-al-reto-de-la-transferencia-de-competencias\\\/#primaryimage\",\"url\":\"https:\\\/\\\/www.alumni.space\\\/wp-content\\\/uploads\\\/2026\\\/03\\\/Le-secteur-agroalimentaire-face-au-defi-du-transfert-des-competences.jpg\",\"contentUrl\":\"https:\\\/\\\/www.alumni.space\\\/wp-content\\\/uploads\\\/2026\\\/03\\\/Le-secteur-agroalimentaire-face-au-defi-du-transfert-des-competences.jpg\",\"width\":1280,\"height\":768,\"caption\":\"Descubre c\u00f3mo el sector agroalimentario est\u00e1 afrontando el reto crucial de transferir competencias para garantizar su innovaci\u00f3n y competitividad.\"},{\"@type\":\"BreadcrumbList\",\"@id\":\"https:\\\/\\\/www.alumni.space\\\/es\\\/el-sector-agroalimentario-se-enfrenta-al-reto-de-la-transferencia-de-competencias\\\/#breadcrumb\",\"itemListElement\":[{\"@type\":\"ListItem\",\"position\":1,\"name\":\"Home\",\"item\":\"https:\\\/\\\/www.alumni.space\\\/es\\\/plataforma-de-tutoria-y-gestion-de-antiguos-alumnos\\\/\"},{\"@type\":\"ListItem\",\"position\":2,\"name\":\"El sector agroalimentario se enfrenta al reto de la transferencia de competencias\"}]},{\"@type\":\"WebSite\",\"@id\":\"https:\\\/\\\/www.alumni.space\\\/es\\\/#website\",\"url\":\"https:\\\/\\\/www.alumni.space\\\/es\\\/\",\"name\":\"Alumni.space\",\"description\":\"My WordPress Blog\",\"potentialAction\":[{\"@type\":\"SearchAction\",\"target\":{\"@type\":\"EntryPoint\",\"urlTemplate\":\"https:\\\/\\\/www.alumni.space\\\/es\\\/?s={search_term_string}\"},\"query-input\":{\"@type\":\"PropertyValueSpecification\",\"valueRequired\":true,\"valueName\":\"search_term_string\"}}],\"inLanguage\":\"es\"},{\"@type\":\"Person\",\"@id\":\"https:\\\/\\\/www.alumni.space\\\/es\\\/#\\\/schema\\\/person\\\/fede362a57876edda476a61f05ce5b15\",\"name\":\"admin\",\"image\":{\"@type\":\"ImageObject\",\"inLanguage\":\"es\",\"@id\":\"https:\\\/\\\/secure.gravatar.com\\\/avatar\\\/318e234ae94f90d4d629428d6b983c08e31181c28f579e08a021180d759ea651?s=96&d=mm&r=g\",\"url\":\"https:\\\/\\\/secure.gravatar.com\\\/avatar\\\/318e234ae94f90d4d629428d6b983c08e31181c28f579e08a021180d759ea651?s=96&d=mm&r=g\",\"contentUrl\":\"https:\\\/\\\/secure.gravatar.com\\\/avatar\\\/318e234ae94f90d4d629428d6b983c08e31181c28f579e08a021180d759ea651?s=96&d=mm&r=g\",\"caption\":\"admin\"},\"description\":\"Nicolas Laustriat a construit sa sp\u00e9cialit\u00e9 sur un sujet que beaucoup d\u2019organisations d\u00e9couvrent trop tard : ce qui dispara\u00eet quand les gens partent. Dipl\u00f4m\u00e9 en conception de produit industriel, il bifurque vers le digital fin 1996, il couvre les transformations marques, RH, la fid\u00e9lisation, la marque employeur. Sur le terrain, il rep\u00e8re un angle mort r\u00e9current : l\u2019entreprise investit dans le recrutement, la formation, les process\u2026 puis laisse filer le lien au moment du d\u00e9part, avec une perte de savoir et d\u2019influence qui se paie en silence. Il se sp\u00e9cialise alors sur les communaut\u00e9s d\u2019alumni, le mentorat, l\u2019entraide interg\u00e9n\u00e9rationnelle et la transmission d\u2019expertise. Il passe du \u201cconstat\u201d aux m\u00e9thodes : animation, gouvernance, segmentation, rituels, mesure d\u2019engagement, articulation avec la RSE et l\u2019employabilit\u00e9. Il interviewe DRH, responsables formation, directions d\u2019\u00e9coles, associations et fondations, avec une obsession : transformer un r\u00e9seau dormant en m\u00e9canisme utile (cooptation, mentorat, job board, entraide, \u00e9v\u00e9nements, contenus). Son style : direct, orient\u00e9 action, sans folklore. Sa conviction : une communaut\u00e9 n\u2019a pas besoin de bruit, elle a besoin de raisons de revenir.\",\"sameAs\":[\"https:\\\/\\\/www.alumni.space\"]}]}<\/script>\n<!-- \/ Yoast SEO plugin. -->","yoast_head_json":{"title":"Agroalimentaci\u00f3n: afrontar el reto de la transferencia de competencias","description":"El sector agroalimentario se enfrenta al reto de transferir competencias para innovar y seguir siendo competitivo ante los retos actuales.","robots":{"index":"index","follow":"follow","max-snippet":"max-snippet:-1","max-image-preview":"max-image-preview:large","max-video-preview":"max-video-preview:-1"},"canonical":"https:\/\/www.alumni.space\/es\/el-sector-agroalimentario-se-enfrenta-al-reto-de-la-transferencia-de-competencias\/","og_locale":"es_ES","og_type":"article","og_title":"Agroalimentaci\u00f3n: afrontar el reto de la transferencia de competencias","og_description":"El sector agroalimentario se enfrenta al reto de transferir competencias para innovar y seguir siendo competitivo ante los retos actuales.","og_url":"https:\/\/www.alumni.space\/es\/el-sector-agroalimentario-se-enfrenta-al-reto-de-la-transferencia-de-competencias\/","og_site_name":"Alumni.space","article_published_time":"2025-02-02T17:22:38+00:00","article_modified_time":"2026-03-28T10:41:05+00:00","og_image":[{"width":1280,"height":768,"url":"https:\/\/www.alumni.space\/wp-content\/uploads\/2026\/03\/Le-secteur-agroalimentaire-face-au-defi-du-transfert-des-competences.jpg","type":"image\/jpeg"}],"author":"admin","twitter_card":"summary_large_image","twitter_misc":{"Escrito por":"admin","Tiempo de lectura":"3 minutos"},"schema":{"@context":"https:\/\/schema.org","@graph":[{"@type":"Article","@id":"https:\/\/www.alumni.space\/es\/el-sector-agroalimentario-se-enfrenta-al-reto-de-la-transferencia-de-competencias\/#article","isPartOf":{"@id":"https:\/\/www.alumni.space\/es\/el-sector-agroalimentario-se-enfrenta-al-reto-de-la-transferencia-de-competencias\/"},"author":{"name":"admin","@id":"https:\/\/www.alumni.space\/es\/#\/schema\/person\/fede362a57876edda476a61f05ce5b15"},"headline":"El sector agroalimentario se enfrenta al reto de la transferencia de competencias","datePublished":"2025-02-02T17:22:38+00:00","dateModified":"2026-03-28T10:41:05+00:00","mainEntityOfPage":{"@id":"https:\/\/www.alumni.space\/es\/el-sector-agroalimentario-se-enfrenta-al-reto-de-la-transferencia-de-competencias\/"},"wordCount":630,"image":{"@id":"https:\/\/www.alumni.space\/es\/el-sector-agroalimentario-se-enfrenta-al-reto-de-la-transferencia-de-competencias\/#primaryimage"},"thumbnailUrl":"https:\/\/www.alumni.space\/wp-content\/uploads\/2026\/03\/Le-secteur-agroalimentaire-face-au-defi-du-transfert-des-competences.jpg","articleSection":["Intercambio de conocimientos"],"inLanguage":"es"},{"@type":"WebPage","@id":"https:\/\/www.alumni.space\/es\/el-sector-agroalimentario-se-enfrenta-al-reto-de-la-transferencia-de-competencias\/","url":"https:\/\/www.alumni.space\/es\/el-sector-agroalimentario-se-enfrenta-al-reto-de-la-transferencia-de-competencias\/","name":"Agroalimentaci\u00f3n: afrontar el reto de la transferencia de competencias","isPartOf":{"@id":"https:\/\/www.alumni.space\/es\/#website"},"primaryImageOfPage":{"@id":"https:\/\/www.alumni.space\/es\/el-sector-agroalimentario-se-enfrenta-al-reto-de-la-transferencia-de-competencias\/#primaryimage"},"image":{"@id":"https:\/\/www.alumni.space\/es\/el-sector-agroalimentario-se-enfrenta-al-reto-de-la-transferencia-de-competencias\/#primaryimage"},"thumbnailUrl":"https:\/\/www.alumni.space\/wp-content\/uploads\/2026\/03\/Le-secteur-agroalimentaire-face-au-defi-du-transfert-des-competences.jpg","datePublished":"2025-02-02T17:22:38+00:00","dateModified":"2026-03-28T10:41:05+00:00","author":{"@id":"https:\/\/www.alumni.space\/es\/#\/schema\/person\/fede362a57876edda476a61f05ce5b15"},"description":"El sector agroalimentario se enfrenta al reto de transferir competencias para innovar y seguir siendo competitivo ante los retos actuales.","breadcrumb":{"@id":"https:\/\/www.alumni.space\/es\/el-sector-agroalimentario-se-enfrenta-al-reto-de-la-transferencia-de-competencias\/#breadcrumb"},"inLanguage":"es","potentialAction":[{"@type":"ReadAction","target":["https:\/\/www.alumni.space\/es\/el-sector-agroalimentario-se-enfrenta-al-reto-de-la-transferencia-de-competencias\/"]}]},{"@type":"ImageObject","inLanguage":"es","@id":"https:\/\/www.alumni.space\/es\/el-sector-agroalimentario-se-enfrenta-al-reto-de-la-transferencia-de-competencias\/#primaryimage","url":"https:\/\/www.alumni.space\/wp-content\/uploads\/2026\/03\/Le-secteur-agroalimentaire-face-au-defi-du-transfert-des-competences.jpg","contentUrl":"https:\/\/www.alumni.space\/wp-content\/uploads\/2026\/03\/Le-secteur-agroalimentaire-face-au-defi-du-transfert-des-competences.jpg","width":1280,"height":768,"caption":"Descubre c\u00f3mo el sector agroalimentario est\u00e1 afrontando el reto crucial de transferir competencias para garantizar su innovaci\u00f3n y competitividad."},{"@type":"BreadcrumbList","@id":"https:\/\/www.alumni.space\/es\/el-sector-agroalimentario-se-enfrenta-al-reto-de-la-transferencia-de-competencias\/#breadcrumb","itemListElement":[{"@type":"ListItem","position":1,"name":"Home","item":"https:\/\/www.alumni.space\/es\/plataforma-de-tutoria-y-gestion-de-antiguos-alumnos\/"},{"@type":"ListItem","position":2,"name":"El sector agroalimentario se enfrenta al reto de la transferencia de competencias"}]},{"@type":"WebSite","@id":"https:\/\/www.alumni.space\/es\/#website","url":"https:\/\/www.alumni.space\/es\/","name":"Alumni.space","description":"My WordPress Blog","potentialAction":[{"@type":"SearchAction","target":{"@type":"EntryPoint","urlTemplate":"https:\/\/www.alumni.space\/es\/?s={search_term_string}"},"query-input":{"@type":"PropertyValueSpecification","valueRequired":true,"valueName":"search_term_string"}}],"inLanguage":"es"},{"@type":"Person","@id":"https:\/\/www.alumni.space\/es\/#\/schema\/person\/fede362a57876edda476a61f05ce5b15","name":"admin","image":{"@type":"ImageObject","inLanguage":"es","@id":"https:\/\/secure.gravatar.com\/avatar\/318e234ae94f90d4d629428d6b983c08e31181c28f579e08a021180d759ea651?s=96&d=mm&r=g","url":"https:\/\/secure.gravatar.com\/avatar\/318e234ae94f90d4d629428d6b983c08e31181c28f579e08a021180d759ea651?s=96&d=mm&r=g","contentUrl":"https:\/\/secure.gravatar.com\/avatar\/318e234ae94f90d4d629428d6b983c08e31181c28f579e08a021180d759ea651?s=96&d=mm&r=g","caption":"admin"},"description":"Nicolas Laustriat a construit sa sp\u00e9cialit\u00e9 sur un sujet que beaucoup d\u2019organisations d\u00e9couvrent trop tard : ce qui dispara\u00eet quand les gens partent. Dipl\u00f4m\u00e9 en conception de produit industriel, il bifurque vers le digital fin 1996, il couvre les transformations marques, RH, la fid\u00e9lisation, la marque employeur. Sur le terrain, il rep\u00e8re un angle mort r\u00e9current : l\u2019entreprise investit dans le recrutement, la formation, les process\u2026 puis laisse filer le lien au moment du d\u00e9part, avec une perte de savoir et d\u2019influence qui se paie en silence. Il se sp\u00e9cialise alors sur les communaut\u00e9s d\u2019alumni, le mentorat, l\u2019entraide interg\u00e9n\u00e9rationnelle et la transmission d\u2019expertise. Il passe du \u201cconstat\u201d aux m\u00e9thodes : animation, gouvernance, segmentation, rituels, mesure d\u2019engagement, articulation avec la RSE et l\u2019employabilit\u00e9. Il interviewe DRH, responsables formation, directions d\u2019\u00e9coles, associations et fondations, avec une obsession : transformer un r\u00e9seau dormant en m\u00e9canisme utile (cooptation, mentorat, job board, entraide, \u00e9v\u00e9nements, contenus). Son style : direct, orient\u00e9 action, sans folklore. Sa conviction : une communaut\u00e9 n\u2019a pas besoin de bruit, elle a besoin de raisons de revenir.","sameAs":["https:\/\/www.alumni.space"]}]}},"_links":{"self":[{"href":"https:\/\/www.alumni.space\/es\/wp-json\/wp\/v2\/posts\/5480","targetHints":{"allow":["GET"]}}],"collection":[{"href":"https:\/\/www.alumni.space\/es\/wp-json\/wp\/v2\/posts"}],"about":[{"href":"https:\/\/www.alumni.space\/es\/wp-json\/wp\/v2\/types\/post"}],"author":[{"embeddable":true,"href":"https:\/\/www.alumni.space\/es\/wp-json\/wp\/v2\/users\/1"}],"replies":[{"embeddable":true,"href":"https:\/\/www.alumni.space\/es\/wp-json\/wp\/v2\/comments?post=5480"}],"version-history":[{"count":1,"href":"https:\/\/www.alumni.space\/es\/wp-json\/wp\/v2\/posts\/5480\/revisions"}],"predecessor-version":[{"id":5484,"href":"https:\/\/www.alumni.space\/es\/wp-json\/wp\/v2\/posts\/5480\/revisions\/5484"}],"wp:featuredmedia":[{"embeddable":true,"href":"https:\/\/www.alumni.space\/es\/wp-json\/wp\/v2\/media\/5482"}],"wp:attachment":[{"href":"https:\/\/www.alumni.space\/es\/wp-json\/wp\/v2\/media?parent=5480"}],"wp:term":[{"taxonomy":"category","embeddable":true,"href":"https:\/\/www.alumni.space\/es\/wp-json\/wp\/v2\/categories?post=5480"},{"taxonomy":"post_tag","embeddable":true,"href":"https:\/\/www.alumni.space\/es\/wp-json\/wp\/v2\/tags?post=5480"}],"curies":[{"name":"wp","href":"https:\/\/api.w.org\/{rel}","templated":true}]}}