{"id":5427,"date":"2025-05-30T17:24:12","date_gmt":"2025-05-30T17:24:12","guid":{"rendered":"https:\/\/www.alumni.space\/como-se-anticipan-los-laboratorios-a-la-fuga-de-cerebros\/"},"modified":"2026-04-02T09:20:21","modified_gmt":"2026-04-02T09:20:21","slug":"como-se-anticipan-los-laboratorios-a-la-fuga-de-cerebros","status":"publish","type":"post","link":"https:\/\/www.alumni.space\/es\/como-se-anticipan-los-laboratorios-a-la-fuga-de-cerebros\/","title":{"rendered":"\u00bfC\u00f3mo se anticipan los laboratorios a la fuga de cerebros?"},"content":{"rendered":"<div id=\"ez-toc-container\" class=\"ez-toc-v2_0_82_2 counter-flat ez-toc-counter ez-toc-grey ez-toc-container-direction\">\n<div class=\"ez-toc-title-container\"><p class=\"ez-toc-title\" style=\"cursor:inherit\">En este art\u00edculo se trata lo siguiente:<\/p>\n<\/div><nav><ul class='ez-toc-list ez-toc-list-level-1 ' ><li class='ez-toc-page-1'><a class=\"ez-toc-link ez-toc-heading-1\" href=\"https:\/\/www.alumni.space\/es\/como-se-anticipan-los-laboratorios-a-la-fuga-de-cerebros\/#Las_cuestiones_clave_en_la_fuga_de_competencias_cientificas_de_los_laboratorios\" >Las cuestiones clave en la fuga de competencias cient\u00edficas de los laboratorios<\/a><\/li><li class='ez-toc-page-1'><a class=\"ez-toc-link ez-toc-heading-2\" href=\"https:\/\/www.alumni.space\/es\/como-se-anticipan-los-laboratorios-a-la-fuga-de-cerebros\/#Optimizar_la_retencion_del_talento_mediante_planes_de_transferencia_y_formacion_continua\" >Optimizar la retenci\u00f3n del talento mediante planes de transferencia y formaci\u00f3n continua<\/a><\/li><li class='ez-toc-page-1'><a class=\"ez-toc-link ez-toc-heading-3\" href=\"https:\/\/www.alumni.space\/es\/como-se-anticipan-los-laboratorios-a-la-fuga-de-cerebros\/#Estructurar_un_plan_para_anticipar_la_fuga_de_competencias_adaptada_a_los_entornos_de_laboratorio\" >Estructurar un plan para anticipar la fuga de competencias adaptada a los entornos de laboratorio<\/a><\/li><li class='ez-toc-page-1'><a class=\"ez-toc-link ez-toc-heading-4\" href=\"https:\/\/www.alumni.space\/es\/como-se-anticipan-los-laboratorios-a-la-fuga-de-cerebros\/#Evitar_la_perdida_de_capital_cientifico_federando_las_comunidades_internas\" >Evitar la p\u00e9rdida de capital cient\u00edfico federando las comunidades internas<\/a><\/li><\/ul><\/nav><\/div>\n<h2 class=\"wp-block-heading\"><span class=\"ez-toc-section\" id=\"Las_cuestiones_clave_en_la_fuga_de_competencias_cientificas_de_los_laboratorios\"><\/span>Las cuestiones clave en la fuga de competencias cient\u00edficas de los laboratorios<span class=\"ez-toc-section-end\"><\/span><\/h2><p>La <strong>fuga de cerebros<\/strong> es un reto importante para los laboratorios, que amenaza su capacidad de innovaci\u00f3n y la continuidad de sus proyectos. Esta tendencia afecta directamente a la calidad de los resultados, la gesti\u00f3n de las carreras y la estabilidad de los equipos. Los departamentos de <strong>recursos<\/strong> humanos deben desplegar ahora estrategias s\u00f3lidas para anticipar y contener esta p\u00e9rdida, que podr\u00eda comprometer su posici\u00f3n competitiva.  <\/p><p>La competencia en el mercado laboral cient\u00edfico, la creciente complejidad de los conocimientos t\u00e9cnicos y la r\u00e1pida evoluci\u00f3n de las tecnolog\u00edas aumentan la necesidad urgente de una anticipaci\u00f3n proactiva. El coste oculto de esta fuga se manifiesta en ralentizaciones de la productividad, lagunas en los conocimientos t\u00e9cnicos y un mayor recurso a la <strong>contrataci\u00f3n<\/strong> externa, a menudo costosa y menos eficaz para la integraci\u00f3n a largo plazo. <\/p><figure class=\"wp-block-image size-full\"><img decoding=\"async\" width=\"1280\" height=\"768\" src=\"https:\/\/www.alumni.space\/wp-content\/uploads\/2026\/03\/Comment-les-laboratoires-anticipent-ils-la-fuite-des-competences-scientifiques-1-1.jpg\" data-orig-src=\"https:\/\/www.alumni.space\/wp-content\/uploads\/2026\/03\/Comment-les-laboratoires-anticipent-ils-la-fuite-des-competences-scientifiques-1-1.jpg\" alt=\"Averigua c\u00f3mo los laboratorios se anticipan y gestionan la fuga de cerebros para garantizar la innovaci\u00f3n y la continuidad de su investigaci\u00f3n.\" class=\"lazyload wp-image-3252\" srcset=\"data:image\/svg+xml,%3Csvg%20xmlns%3D%27http%3A%2F%2Fwww.w3.org%2F2000%2Fsvg%27%20width%3D%271280%27%20height%3D%27768%27%20viewBox%3D%270%200%201280%20768%27%3E%3Crect%20width%3D%271280%27%20height%3D%27768%27%20fill-opacity%3D%220%22%2F%3E%3C%2Fsvg%3E\" data-srcset=\"https:\/\/www.alumni.space\/wp-content\/uploads\/2026\/03\/Comment-les-laboratoires-anticipent-ils-la-fuite-des-competences-scientifiques-1-1-200x120.jpg 200w, https:\/\/www.alumni.space\/wp-content\/uploads\/2026\/03\/Comment-les-laboratoires-anticipent-ils-la-fuite-des-competences-scientifiques-1-1-300x180.jpg 300w, https:\/\/www.alumni.space\/wp-content\/uploads\/2026\/03\/Comment-les-laboratoires-anticipent-ils-la-fuite-des-competences-scientifiques-1-1-400x240.jpg 400w, https:\/\/www.alumni.space\/wp-content\/uploads\/2026\/03\/Comment-les-laboratoires-anticipent-ils-la-fuite-des-competences-scientifiques-1-1-600x360.jpg 600w, https:\/\/www.alumni.space\/wp-content\/uploads\/2026\/03\/Comment-les-laboratoires-anticipent-ils-la-fuite-des-competences-scientifiques-1-1-768x461.jpg 768w, https:\/\/www.alumni.space\/wp-content\/uploads\/2026\/03\/Comment-les-laboratoires-anticipent-ils-la-fuite-des-competences-scientifiques-1-1-800x480.jpg 800w, https:\/\/www.alumni.space\/wp-content\/uploads\/2026\/03\/Comment-les-laboratoires-anticipent-ils-la-fuite-des-competences-scientifiques-1-1-1024x614.jpg 1024w, https:\/\/www.alumni.space\/wp-content\/uploads\/2026\/03\/Comment-les-laboratoires-anticipent-ils-la-fuite-des-competences-scientifiques-1-1-1200x720.jpg 1200w, https:\/\/www.alumni.space\/wp-content\/uploads\/2026\/03\/Comment-les-laboratoires-anticipent-ils-la-fuite-des-competences-scientifiques-1-1.jpg 1280w\" data-sizes=\"auto\" data-orig-sizes=\"(max-width: 1280px) 100vw, 1280px\" \/><\/figure><h3 class=\"wp-block-heading\"><span class=\"ez-toc-section\" id=\"Optimizar_la_retencion_del_talento_mediante_planes_de_transferencia_y_formacion_continua\"><\/span>Optimizar la retenci\u00f3n del talento mediante planes de transferencia y formaci\u00f3n continua<span class=\"ez-toc-section-end\"><\/span><\/h3><p>La <strong>retenci\u00f3n del talento<\/strong> se basa, en particular, en sistemas dedicados a la <strong>formaci\u00f3n continua<\/strong> y al intercambio formal de conocimientos. El uso de plataformas especializadas facilita la creaci\u00f3n de redes de apoyo mutuo entre investigadores experimentados y j\u00f3venes cient\u00edficos. Estos espacios digitales ayudan a estructurar la transmisi\u00f3n de competencias en forma de parejas de <strong>tutor\u00eda<\/strong>, talleres especializados o bibliotecas disponibles permanentemente.  <\/p><p>Los rituales de intercambio y la organizaci\u00f3n regular de actos son palancas de adhesi\u00f3n a la cultura de empresa. Fomentan el sentimiento de pertenencia y reducen la rotaci\u00f3n del personal. Esta din\u00e1mica intergeneracional acumula una valiosa experiencia que contribuye a la continuidad cient\u00edfica del laboratorio y a una <strong>gesti\u00f3n<\/strong> fluida <strong>de la carrera profesional<\/strong>.  <\/p><h2 class=\"wp-block-heading\"><span class=\"ez-toc-section\" id=\"Estructurar_un_plan_para_anticipar_la_fuga_de_competencias_adaptada_a_los_entornos_de_laboratorio\"><\/span>Estructurar un plan para anticipar la fuga de competencias adaptada a los entornos de laboratorio<span class=\"ez-toc-section-end\"><\/span><\/h2><p>Elaborar un plan espec\u00edfico es esencial para gestionar eficazmente la prevenci\u00f3n de la p\u00e9rdida de conocimientos cient\u00edficos. Definir las funciones, las etapas y el calendario garantizar\u00e1 la visibilidad de los perfiles clave y su evoluci\u00f3n. Los indicadores de rendimiento, que pueden medirse por la frecuencia de los intercambios, la tasa de adopci\u00f3n de herramientas digitales y la cooptaci\u00f3n para nuevos puestos, subrayan la solidez del sistema.  <\/p><p>Una segmentaci\u00f3n adecuada de los equipos en funci\u00f3n de la antig\u00fcedad, la experiencia y la movilidad profesional facilita las respuestas espec\u00edficas. A esto se a\u00f1ade la inclusi\u00f3n de proyectos de colaboraci\u00f3n y traspasos para garantizar la continuidad del trabajo. La adopci\u00f3n de un marco digital espec\u00edfico evita la dispersi\u00f3n de la informaci\u00f3n en hojas de c\u00e1lculo o canales aislados, mejorando as\u00ed la fluidez de las comunicaciones.  <\/p><p>Para industrializar estos m\u00e9todos, recomendamos recurrir a una plataforma SaaS adecuada dedicada a la <a href=\"https:\/\/www.alumni.space\/es\/como-se-establece-un-plan-de-transferencia-de-competencias-de-la-empresa\/\">transferencia de competencias<\/a>. Esto proporciona a los laboratorios herramientas integradas que ofrecen un seguimiento estructurado del talento y las trayectorias profesionales, agilizando la gesti\u00f3n y ahorrando un tiempo valioso. <\/p><h3 class=\"wp-block-heading\"><span class=\"ez-toc-section\" id=\"Evitar_la_perdida_de_capital_cientifico_federando_las_comunidades_internas\"><\/span>Evitar la p\u00e9rdida de capital cient\u00edfico federando las comunidades internas<span class=\"ez-toc-section-end\"><\/span><\/h3><p>Crear una red s\u00f3lida entre antiguos alumnos y empleados actuales ayuda a contener el riesgo de fuga de conocimientos. El funcionamiento de una red de <strong>antiguos alumnos<\/strong> estimula el compromiso, el intercambio de oportunidades y el apoyo a la carrera profesional. Esta comunidad sirve de base para una din\u00e1mica de ayuda mutua basada en la <strong>cooptaci\u00f3n<\/strong> y el voluntariado, potenciando el capital humano.  <\/p><p>De este modo, los laboratorios innovadores pretenden perpetuar su impacto cient\u00edfico facilitando el uso de mentores y aumentando el n\u00famero de oportunidades de intercambio fuera del marco estricto de la investigaci\u00f3n. <a href=\"https:\/\/www.alumni.space\/es\/transporte-y-logistica-como-evitar-la-fuga-de-cerebros\/\">Los eventos dedicados a la gesti\u00f3n y el desarrollo de los recursos humanos<\/a> refuerzan el v\u00ednculo intergeneracional, contribuyendo a fidelizar y hacer del laboratorio un empleador atractivo. <\/p>","protected":false},"excerpt":{"rendered":"<p>Las cuestiones clave en la fuga de competencias cient\u00edficas de  [&#8230;]<\/p>\n","protected":false},"author":1,"featured_media":5429,"comment_status":"closed","ping_status":"","sticky":false,"template":"","format":"standard","meta":{"_ayudawp_aiss_exclude":false,"footnotes":""},"categories":[75],"tags":[],"class_list":["post-5427","post","type-post","status-publish","format-standard","has-post-thumbnail","hentry","category-recursos-humanos"],"yoast_head":"<!-- This site is optimized with the Yoast SEO plugin v27.4 - https:\/\/yoast.com\/product\/yoast-seo-wordpress\/ -->\n<title>Anticipar la salida de talentos cient\u00edficos de los laboratorios<\/title>\n<meta name=\"description\" content=\"Descubre c\u00f3mo se anticipan los laboratorios a la fuga de cerebros para mantener la innovaci\u00f3n y reforzar sus equipos.\" \/>\n<meta name=\"robots\" content=\"index, follow, max-snippet:-1, max-image-preview:large, max-video-preview:-1\" \/>\n<link rel=\"canonical\" href=\"https:\/\/www.alumni.space\/es\/como-se-anticipan-los-laboratorios-a-la-fuga-de-cerebros\/\" \/>\n<meta property=\"og:locale\" content=\"es_ES\" \/>\n<meta property=\"og:type\" content=\"article\" \/>\n<meta property=\"og:title\" content=\"Anticipar la salida de talentos cient\u00edficos de los laboratorios\" \/>\n<meta property=\"og:description\" content=\"Descubre c\u00f3mo se anticipan los laboratorios a la fuga de cerebros para mantener la innovaci\u00f3n y reforzar sus equipos.\" \/>\n<meta property=\"og:url\" content=\"https:\/\/www.alumni.space\/es\/como-se-anticipan-los-laboratorios-a-la-fuga-de-cerebros\/\" \/>\n<meta property=\"og:site_name\" content=\"Alumni.space\" \/>\n<meta property=\"article:published_time\" content=\"2025-05-30T17:24:12+00:00\" \/>\n<meta property=\"article:modified_time\" content=\"2026-04-02T09:20:21+00:00\" \/>\n<meta property=\"og:image\" content=\"https:\/\/www.alumni.space\/wp-content\/uploads\/2026\/03\/Comment-les-laboratoires-anticipent-ils-la-fuite-des-competences-scientifiques-.jpg\" \/>\n\t<meta property=\"og:image:width\" content=\"1280\" \/>\n\t<meta property=\"og:image:height\" content=\"768\" \/>\n\t<meta property=\"og:image:type\" content=\"image\/jpeg\" \/>\n<meta name=\"author\" content=\"admin\" \/>\n<meta name=\"twitter:card\" content=\"summary_large_image\" \/>\n<meta name=\"twitter:label1\" content=\"Escrito por\" \/>\n\t<meta name=\"twitter:data1\" content=\"admin\" \/>\n\t<meta name=\"twitter:label2\" content=\"Tiempo de lectura\" \/>\n\t<meta name=\"twitter:data2\" content=\"3 minutos\" \/>\n<script type=\"application\/ld+json\" class=\"yoast-schema-graph\">{\"@context\":\"https:\\\/\\\/schema.org\",\"@graph\":[{\"@type\":\"Article\",\"@id\":\"https:\\\/\\\/www.alumni.space\\\/es\\\/como-se-anticipan-los-laboratorios-a-la-fuga-de-cerebros\\\/#article\",\"isPartOf\":{\"@id\":\"https:\\\/\\\/www.alumni.space\\\/es\\\/como-se-anticipan-los-laboratorios-a-la-fuga-de-cerebros\\\/\"},\"author\":{\"name\":\"admin\",\"@id\":\"https:\\\/\\\/www.alumni.space\\\/es\\\/#\\\/schema\\\/person\\\/fede362a57876edda476a61f05ce5b15\"},\"headline\":\"\u00bfC\u00f3mo se anticipan los laboratorios a la fuga de cerebros?\",\"datePublished\":\"2025-05-30T17:24:12+00:00\",\"dateModified\":\"2026-04-02T09:20:21+00:00\",\"mainEntityOfPage\":{\"@id\":\"https:\\\/\\\/www.alumni.space\\\/es\\\/como-se-anticipan-los-laboratorios-a-la-fuga-de-cerebros\\\/\"},\"wordCount\":667,\"image\":{\"@id\":\"https:\\\/\\\/www.alumni.space\\\/es\\\/como-se-anticipan-los-laboratorios-a-la-fuga-de-cerebros\\\/#primaryimage\"},\"thumbnailUrl\":\"https:\\\/\\\/www.alumni.space\\\/wp-content\\\/uploads\\\/2026\\\/03\\\/Comment-les-laboratoires-anticipent-ils-la-fuite-des-competences-scientifiques-.jpg\",\"articleSection\":[\"Recursos Humanos\"],\"inLanguage\":\"es\"},{\"@type\":\"WebPage\",\"@id\":\"https:\\\/\\\/www.alumni.space\\\/es\\\/como-se-anticipan-los-laboratorios-a-la-fuga-de-cerebros\\\/\",\"url\":\"https:\\\/\\\/www.alumni.space\\\/es\\\/como-se-anticipan-los-laboratorios-a-la-fuga-de-cerebros\\\/\",\"name\":\"Anticipar la salida de talentos cient\u00edficos de los laboratorios\",\"isPartOf\":{\"@id\":\"https:\\\/\\\/www.alumni.space\\\/es\\\/#website\"},\"primaryImageOfPage\":{\"@id\":\"https:\\\/\\\/www.alumni.space\\\/es\\\/como-se-anticipan-los-laboratorios-a-la-fuga-de-cerebros\\\/#primaryimage\"},\"image\":{\"@id\":\"https:\\\/\\\/www.alumni.space\\\/es\\\/como-se-anticipan-los-laboratorios-a-la-fuga-de-cerebros\\\/#primaryimage\"},\"thumbnailUrl\":\"https:\\\/\\\/www.alumni.space\\\/wp-content\\\/uploads\\\/2026\\\/03\\\/Comment-les-laboratoires-anticipent-ils-la-fuite-des-competences-scientifiques-.jpg\",\"datePublished\":\"2025-05-30T17:24:12+00:00\",\"dateModified\":\"2026-04-02T09:20:21+00:00\",\"author\":{\"@id\":\"https:\\\/\\\/www.alumni.space\\\/es\\\/#\\\/schema\\\/person\\\/fede362a57876edda476a61f05ce5b15\"},\"description\":\"Descubre c\u00f3mo se anticipan los laboratorios a la fuga de cerebros para mantener la innovaci\u00f3n y reforzar sus equipos.\",\"breadcrumb\":{\"@id\":\"https:\\\/\\\/www.alumni.space\\\/es\\\/como-se-anticipan-los-laboratorios-a-la-fuga-de-cerebros\\\/#breadcrumb\"},\"inLanguage\":\"es\",\"potentialAction\":[{\"@type\":\"ReadAction\",\"target\":[\"https:\\\/\\\/www.alumni.space\\\/es\\\/como-se-anticipan-los-laboratorios-a-la-fuga-de-cerebros\\\/\"]}]},{\"@type\":\"ImageObject\",\"inLanguage\":\"es\",\"@id\":\"https:\\\/\\\/www.alumni.space\\\/es\\\/como-se-anticipan-los-laboratorios-a-la-fuga-de-cerebros\\\/#primaryimage\",\"url\":\"https:\\\/\\\/www.alumni.space\\\/wp-content\\\/uploads\\\/2026\\\/03\\\/Comment-les-laboratoires-anticipent-ils-la-fuite-des-competences-scientifiques-.jpg\",\"contentUrl\":\"https:\\\/\\\/www.alumni.space\\\/wp-content\\\/uploads\\\/2026\\\/03\\\/Comment-les-laboratoires-anticipent-ils-la-fuite-des-competences-scientifiques-.jpg\",\"width\":1280,\"height\":768,\"caption\":\"descubre c\u00f3mo los laboratorios cient\u00edficos est\u00e1n poniendo en marcha estrategias para anticipar y gestionar la fuga de talentos y competencias clave en el sector de la investigaci\u00f3n.\"},{\"@type\":\"BreadcrumbList\",\"@id\":\"https:\\\/\\\/www.alumni.space\\\/es\\\/como-se-anticipan-los-laboratorios-a-la-fuga-de-cerebros\\\/#breadcrumb\",\"itemListElement\":[{\"@type\":\"ListItem\",\"position\":1,\"name\":\"Home\",\"item\":\"https:\\\/\\\/www.alumni.space\\\/es\\\/plataforma-de-tutoria-y-gestion-de-antiguos-alumnos\\\/\"},{\"@type\":\"ListItem\",\"position\":2,\"name\":\"\u00bfC\u00f3mo se anticipan los laboratorios a la fuga de cerebros?\"}]},{\"@type\":\"WebSite\",\"@id\":\"https:\\\/\\\/www.alumni.space\\\/es\\\/#website\",\"url\":\"https:\\\/\\\/www.alumni.space\\\/es\\\/\",\"name\":\"Alumni.space\",\"description\":\"My WordPress Blog\",\"potentialAction\":[{\"@type\":\"SearchAction\",\"target\":{\"@type\":\"EntryPoint\",\"urlTemplate\":\"https:\\\/\\\/www.alumni.space\\\/es\\\/?s={search_term_string}\"},\"query-input\":{\"@type\":\"PropertyValueSpecification\",\"valueRequired\":true,\"valueName\":\"search_term_string\"}}],\"inLanguage\":\"es\"},{\"@type\":\"Person\",\"@id\":\"https:\\\/\\\/www.alumni.space\\\/es\\\/#\\\/schema\\\/person\\\/fede362a57876edda476a61f05ce5b15\",\"name\":\"admin\",\"image\":{\"@type\":\"ImageObject\",\"inLanguage\":\"es\",\"@id\":\"https:\\\/\\\/secure.gravatar.com\\\/avatar\\\/318e234ae94f90d4d629428d6b983c08e31181c28f579e08a021180d759ea651?s=96&d=mm&r=g\",\"url\":\"https:\\\/\\\/secure.gravatar.com\\\/avatar\\\/318e234ae94f90d4d629428d6b983c08e31181c28f579e08a021180d759ea651?s=96&d=mm&r=g\",\"contentUrl\":\"https:\\\/\\\/secure.gravatar.com\\\/avatar\\\/318e234ae94f90d4d629428d6b983c08e31181c28f579e08a021180d759ea651?s=96&d=mm&r=g\",\"caption\":\"admin\"},\"description\":\"Nicolas Laustriat a construit sa sp\u00e9cialit\u00e9 sur un sujet que beaucoup d\u2019organisations d\u00e9couvrent trop tard : ce qui dispara\u00eet quand les gens partent. Dipl\u00f4m\u00e9 en conception de produit industriel, il bifurque vers le digital fin 1996, il couvre les transformations marques, RH, la fid\u00e9lisation, la marque employeur. Sur le terrain, il rep\u00e8re un angle mort r\u00e9current : l\u2019entreprise investit dans le recrutement, la formation, les process\u2026 puis laisse filer le lien au moment du d\u00e9part, avec une perte de savoir et d\u2019influence qui se paie en silence. Il se sp\u00e9cialise alors sur les communaut\u00e9s d\u2019alumni, le mentorat, l\u2019entraide interg\u00e9n\u00e9rationnelle et la transmission d\u2019expertise. Il passe du \u201cconstat\u201d aux m\u00e9thodes : animation, gouvernance, segmentation, rituels, mesure d\u2019engagement, articulation avec la RSE et l\u2019employabilit\u00e9. Il interviewe DRH, responsables formation, directions d\u2019\u00e9coles, associations et fondations, avec une obsession : transformer un r\u00e9seau dormant en m\u00e9canisme utile (cooptation, mentorat, job board, entraide, \u00e9v\u00e9nements, contenus). Son style : direct, orient\u00e9 action, sans folklore. Sa conviction : une communaut\u00e9 n\u2019a pas besoin de bruit, elle a besoin de raisons de revenir.\",\"sameAs\":[\"https:\\\/\\\/www.alumni.space\"]}]}<\/script>\n<!-- \/ Yoast SEO plugin. -->","yoast_head_json":{"title":"Anticipar la salida de talentos cient\u00edficos de los laboratorios","description":"Descubre c\u00f3mo se anticipan los laboratorios a la fuga de cerebros para mantener la innovaci\u00f3n y reforzar sus equipos.","robots":{"index":"index","follow":"follow","max-snippet":"max-snippet:-1","max-image-preview":"max-image-preview:large","max-video-preview":"max-video-preview:-1"},"canonical":"https:\/\/www.alumni.space\/es\/como-se-anticipan-los-laboratorios-a-la-fuga-de-cerebros\/","og_locale":"es_ES","og_type":"article","og_title":"Anticipar la salida de talentos cient\u00edficos de los laboratorios","og_description":"Descubre c\u00f3mo se anticipan los laboratorios a la fuga de cerebros para mantener la innovaci\u00f3n y reforzar sus equipos.","og_url":"https:\/\/www.alumni.space\/es\/como-se-anticipan-los-laboratorios-a-la-fuga-de-cerebros\/","og_site_name":"Alumni.space","article_published_time":"2025-05-30T17:24:12+00:00","article_modified_time":"2026-04-02T09:20:21+00:00","og_image":[{"width":1280,"height":768,"url":"https:\/\/www.alumni.space\/wp-content\/uploads\/2026\/03\/Comment-les-laboratoires-anticipent-ils-la-fuite-des-competences-scientifiques-.jpg","type":"image\/jpeg"}],"author":"admin","twitter_card":"summary_large_image","twitter_misc":{"Escrito por":"admin","Tiempo de lectura":"3 minutos"},"schema":{"@context":"https:\/\/schema.org","@graph":[{"@type":"Article","@id":"https:\/\/www.alumni.space\/es\/como-se-anticipan-los-laboratorios-a-la-fuga-de-cerebros\/#article","isPartOf":{"@id":"https:\/\/www.alumni.space\/es\/como-se-anticipan-los-laboratorios-a-la-fuga-de-cerebros\/"},"author":{"name":"admin","@id":"https:\/\/www.alumni.space\/es\/#\/schema\/person\/fede362a57876edda476a61f05ce5b15"},"headline":"\u00bfC\u00f3mo se anticipan los laboratorios a la fuga de cerebros?","datePublished":"2025-05-30T17:24:12+00:00","dateModified":"2026-04-02T09:20:21+00:00","mainEntityOfPage":{"@id":"https:\/\/www.alumni.space\/es\/como-se-anticipan-los-laboratorios-a-la-fuga-de-cerebros\/"},"wordCount":667,"image":{"@id":"https:\/\/www.alumni.space\/es\/como-se-anticipan-los-laboratorios-a-la-fuga-de-cerebros\/#primaryimage"},"thumbnailUrl":"https:\/\/www.alumni.space\/wp-content\/uploads\/2026\/03\/Comment-les-laboratoires-anticipent-ils-la-fuite-des-competences-scientifiques-.jpg","articleSection":["Recursos Humanos"],"inLanguage":"es"},{"@type":"WebPage","@id":"https:\/\/www.alumni.space\/es\/como-se-anticipan-los-laboratorios-a-la-fuga-de-cerebros\/","url":"https:\/\/www.alumni.space\/es\/como-se-anticipan-los-laboratorios-a-la-fuga-de-cerebros\/","name":"Anticipar la salida de talentos cient\u00edficos de los laboratorios","isPartOf":{"@id":"https:\/\/www.alumni.space\/es\/#website"},"primaryImageOfPage":{"@id":"https:\/\/www.alumni.space\/es\/como-se-anticipan-los-laboratorios-a-la-fuga-de-cerebros\/#primaryimage"},"image":{"@id":"https:\/\/www.alumni.space\/es\/como-se-anticipan-los-laboratorios-a-la-fuga-de-cerebros\/#primaryimage"},"thumbnailUrl":"https:\/\/www.alumni.space\/wp-content\/uploads\/2026\/03\/Comment-les-laboratoires-anticipent-ils-la-fuite-des-competences-scientifiques-.jpg","datePublished":"2025-05-30T17:24:12+00:00","dateModified":"2026-04-02T09:20:21+00:00","author":{"@id":"https:\/\/www.alumni.space\/es\/#\/schema\/person\/fede362a57876edda476a61f05ce5b15"},"description":"Descubre c\u00f3mo se anticipan los laboratorios a la fuga de cerebros para mantener la innovaci\u00f3n y reforzar sus equipos.","breadcrumb":{"@id":"https:\/\/www.alumni.space\/es\/como-se-anticipan-los-laboratorios-a-la-fuga-de-cerebros\/#breadcrumb"},"inLanguage":"es","potentialAction":[{"@type":"ReadAction","target":["https:\/\/www.alumni.space\/es\/como-se-anticipan-los-laboratorios-a-la-fuga-de-cerebros\/"]}]},{"@type":"ImageObject","inLanguage":"es","@id":"https:\/\/www.alumni.space\/es\/como-se-anticipan-los-laboratorios-a-la-fuga-de-cerebros\/#primaryimage","url":"https:\/\/www.alumni.space\/wp-content\/uploads\/2026\/03\/Comment-les-laboratoires-anticipent-ils-la-fuite-des-competences-scientifiques-.jpg","contentUrl":"https:\/\/www.alumni.space\/wp-content\/uploads\/2026\/03\/Comment-les-laboratoires-anticipent-ils-la-fuite-des-competences-scientifiques-.jpg","width":1280,"height":768,"caption":"descubre c\u00f3mo los laboratorios cient\u00edficos est\u00e1n poniendo en marcha estrategias para anticipar y gestionar la fuga de talentos y competencias clave en el sector de la investigaci\u00f3n."},{"@type":"BreadcrumbList","@id":"https:\/\/www.alumni.space\/es\/como-se-anticipan-los-laboratorios-a-la-fuga-de-cerebros\/#breadcrumb","itemListElement":[{"@type":"ListItem","position":1,"name":"Home","item":"https:\/\/www.alumni.space\/es\/plataforma-de-tutoria-y-gestion-de-antiguos-alumnos\/"},{"@type":"ListItem","position":2,"name":"\u00bfC\u00f3mo se anticipan los laboratorios a la fuga de cerebros?"}]},{"@type":"WebSite","@id":"https:\/\/www.alumni.space\/es\/#website","url":"https:\/\/www.alumni.space\/es\/","name":"Alumni.space","description":"My WordPress Blog","potentialAction":[{"@type":"SearchAction","target":{"@type":"EntryPoint","urlTemplate":"https:\/\/www.alumni.space\/es\/?s={search_term_string}"},"query-input":{"@type":"PropertyValueSpecification","valueRequired":true,"valueName":"search_term_string"}}],"inLanguage":"es"},{"@type":"Person","@id":"https:\/\/www.alumni.space\/es\/#\/schema\/person\/fede362a57876edda476a61f05ce5b15","name":"admin","image":{"@type":"ImageObject","inLanguage":"es","@id":"https:\/\/secure.gravatar.com\/avatar\/318e234ae94f90d4d629428d6b983c08e31181c28f579e08a021180d759ea651?s=96&d=mm&r=g","url":"https:\/\/secure.gravatar.com\/avatar\/318e234ae94f90d4d629428d6b983c08e31181c28f579e08a021180d759ea651?s=96&d=mm&r=g","contentUrl":"https:\/\/secure.gravatar.com\/avatar\/318e234ae94f90d4d629428d6b983c08e31181c28f579e08a021180d759ea651?s=96&d=mm&r=g","caption":"admin"},"description":"Nicolas Laustriat a construit sa sp\u00e9cialit\u00e9 sur un sujet que beaucoup d\u2019organisations d\u00e9couvrent trop tard : ce qui dispara\u00eet quand les gens partent. Dipl\u00f4m\u00e9 en conception de produit industriel, il bifurque vers le digital fin 1996, il couvre les transformations marques, RH, la fid\u00e9lisation, la marque employeur. Sur le terrain, il rep\u00e8re un angle mort r\u00e9current : l\u2019entreprise investit dans le recrutement, la formation, les process\u2026 puis laisse filer le lien au moment du d\u00e9part, avec une perte de savoir et d\u2019influence qui se paie en silence. Il se sp\u00e9cialise alors sur les communaut\u00e9s d\u2019alumni, le mentorat, l\u2019entraide interg\u00e9n\u00e9rationnelle et la transmission d\u2019expertise. Il passe du \u201cconstat\u201d aux m\u00e9thodes : animation, gouvernance, segmentation, rituels, mesure d\u2019engagement, articulation avec la RSE et l\u2019employabilit\u00e9. Il interviewe DRH, responsables formation, directions d\u2019\u00e9coles, associations et fondations, avec une obsession : transformer un r\u00e9seau dormant en m\u00e9canisme utile (cooptation, mentorat, job board, entraide, \u00e9v\u00e9nements, contenus). Son style : direct, orient\u00e9 action, sans folklore. Sa conviction : une communaut\u00e9 n\u2019a pas besoin de bruit, elle a besoin de raisons de revenir.","sameAs":["https:\/\/www.alumni.space"]}]}},"_links":{"self":[{"href":"https:\/\/www.alumni.space\/es\/wp-json\/wp\/v2\/posts\/5427","targetHints":{"allow":["GET"]}}],"collection":[{"href":"https:\/\/www.alumni.space\/es\/wp-json\/wp\/v2\/posts"}],"about":[{"href":"https:\/\/www.alumni.space\/es\/wp-json\/wp\/v2\/types\/post"}],"author":[{"embeddable":true,"href":"https:\/\/www.alumni.space\/es\/wp-json\/wp\/v2\/users\/1"}],"replies":[{"embeddable":true,"href":"https:\/\/www.alumni.space\/es\/wp-json\/wp\/v2\/comments?post=5427"}],"version-history":[{"count":2,"href":"https:\/\/www.alumni.space\/es\/wp-json\/wp\/v2\/posts\/5427\/revisions"}],"predecessor-version":[{"id":6547,"href":"https:\/\/www.alumni.space\/es\/wp-json\/wp\/v2\/posts\/5427\/revisions\/6547"}],"wp:featuredmedia":[{"embeddable":true,"href":"https:\/\/www.alumni.space\/es\/wp-json\/wp\/v2\/media\/5429"}],"wp:attachment":[{"href":"https:\/\/www.alumni.space\/es\/wp-json\/wp\/v2\/media?parent=5427"}],"wp:term":[{"taxonomy":"category","embeddable":true,"href":"https:\/\/www.alumni.space\/es\/wp-json\/wp\/v2\/categories?post=5427"},{"taxonomy":"post_tag","embeddable":true,"href":"https:\/\/www.alumni.space\/es\/wp-json\/wp\/v2\/tags?post=5427"}],"curies":[{"name":"wp","href":"https:\/\/api.w.org\/{rel}","templated":true}]}}