{"id":5391,"date":"2025-01-04T06:35:03","date_gmt":"2025-01-04T06:35:03","guid":{"rendered":"https:\/\/www.alumni.space\/riesgo-de-desorganizacion-que-impacto-tendran-las-salidas-masivas-de-personal-directivo\/"},"modified":"2026-03-28T10:42:15","modified_gmt":"2026-03-28T10:42:15","slug":"riesgo-de-desorganizacion-que-impacto-tendran-las-salidas-masivas-de-personal-directivo","status":"publish","type":"post","link":"https:\/\/www.alumni.space\/es\/riesgo-de-desorganizacion-que-impacto-tendran-las-salidas-masivas-de-personal-directivo\/","title":{"rendered":"Riesgo de desorganizaci\u00f3n: \u00bfqu\u00e9 impacto tendr\u00e1n las salidas masivas de personal directivo?"},"content":{"rendered":"<div id=\"ez-toc-container\" class=\"ez-toc-v2_0_82_2 counter-flat ez-toc-counter ez-toc-grey ez-toc-container-direction\">\n<div class=\"ez-toc-title-container\"><p class=\"ez-toc-title\" style=\"cursor:inherit\">En este art\u00edculo se trata lo siguiente:<\/p>\n<\/div><nav><ul class='ez-toc-list ez-toc-list-level-1 ' ><li class='ez-toc-page-1'><a class=\"ez-toc-link ez-toc-heading-1\" href=\"https:\/\/www.alumni.space\/es\/riesgo-de-desorganizacion-que-impacto-tendran-las-salidas-masivas-de-personal-directivo\/#Riesgos_de_desorganizacion_relacionados_con_la_salida_masiva_de_trabajadores_mayores_de_la_empresa\" >Riesgos de desorganizaci\u00f3n relacionados con la salida masiva de trabajadores mayores de la empresa<\/a><\/li><li class='ez-toc-page-1'><a class=\"ez-toc-link ez-toc-heading-2\" href=\"https:\/\/www.alumni.space\/es\/riesgo-de-desorganizacion-que-impacto-tendran-las-salidas-masivas-de-personal-directivo\/#Contexto_demografico_y_marco_legislativo_que_influyen_en_las_salidas_de_altos_cargos\" >Contexto demogr\u00e1fico y marco legislativo que influyen en las salidas de altos cargos<\/a><\/li><li class='ez-toc-page-1'><a class=\"ez-toc-link ez-toc-heading-3\" href=\"https:\/\/www.alumni.space\/es\/riesgo-de-desorganizacion-que-impacto-tendran-las-salidas-masivas-de-personal-directivo\/#Consecuencias_operativas_y_economicas_de_las_salidas_masivas\" >Consecuencias operativas y econ\u00f3micas de las salidas masivas<\/a><\/li><li class='ez-toc-page-1'><a class=\"ez-toc-link ez-toc-heading-4\" href=\"https:\/\/www.alumni.space\/es\/riesgo-de-desorganizacion-que-impacto-tendran-las-salidas-masivas-de-personal-directivo\/#Estrategias_de_RRHH_para_prevenir_el_riesgo_de_desorganizacion_ante_las_salidas_de_altos_cargos\" >Estrategias de RRHH para prevenir el riesgo de desorganizaci\u00f3n ante las salidas de altos cargos<\/a><\/li><li class='ez-toc-page-1'><a class=\"ez-toc-link ez-toc-heading-5\" href=\"https:\/\/www.alumni.space\/es\/riesgo-de-desorganizacion-que-impacto-tendran-las-salidas-masivas-de-personal-directivo\/#Caso_practico_que_demuestra_la_importancia_de_la_gestion_temprana_de_las_salidas_de_altos_cargos\" >Caso pr\u00e1ctico que demuestra la importancia de la gesti\u00f3n temprana de las salidas de altos cargos<\/a><\/li><\/ul><\/nav><\/div>\n<h2 class=\"wp-block-heading\"><span class=\"ez-toc-section\" id=\"Riesgos_de_desorganizacion_relacionados_con_la_salida_masiva_de_trabajadores_mayores_de_la_empresa\"><\/span>Riesgos de desorganizaci\u00f3n relacionados con la salida masiva de trabajadores mayores de la empresa<span class=\"ez-toc-section-end\"><\/span><\/h2><p>La salida masiva de empleados mayores es una fuente importante de <strong>trastornos<\/strong> para muchas empresas. Esta tendencia, acentuada por un contexto demogr\u00e1fico marcado por un descenso de los nacimientos y una pir\u00e1mide de edades desequilibrada, tiene un gran impacto en la <strong>gesti\u00f3n de los recursos humanos<\/strong>. La dificultad de mantener a las personas mayores en el trabajo y garantizar la <strong>transferencia de competencias<\/strong> est\u00e1 provocando un aumento de <strong>la rotaci\u00f3n<\/strong> y una <strong>escasez de mano de obra<\/strong> cualificada, lo que amenaza la continuidad operativa de las organizaciones.  <\/p><figure class=\"wp-block-image size-full\"><img decoding=\"async\" width=\"1280\" height=\"768\" src=\"https:\/\/www.alumni.space\/wp-content\/uploads\/2026\/03\/Risque-de-desorganisation-quel-impact-des-departs-massifs-des-seniors-1-1.jpg\" data-orig-src=\"https:\/\/www.alumni.space\/wp-content\/uploads\/2026\/03\/Risque-de-desorganisation-quel-impact-des-departs-massifs-des-seniors-1-1.jpg\" alt=\"Descubre el impacto de las salidas masivas de trabajadores mayores en la desorganizaci\u00f3n de las empresas y las estrategias para anticiparse a este riesgo.\" class=\"lazyload wp-image-3246\" srcset=\"data:image\/svg+xml,%3Csvg%20xmlns%3D%27http%3A%2F%2Fwww.w3.org%2F2000%2Fsvg%27%20width%3D%271280%27%20height%3D%27768%27%20viewBox%3D%270%200%201280%20768%27%3E%3Crect%20width%3D%271280%27%20height%3D%27768%27%20fill-opacity%3D%220%22%2F%3E%3C%2Fsvg%3E\" data-srcset=\"https:\/\/www.alumni.space\/wp-content\/uploads\/2026\/03\/Risque-de-desorganisation-quel-impact-des-departs-massifs-des-seniors-1-1-200x120.jpg 200w, https:\/\/www.alumni.space\/wp-content\/uploads\/2026\/03\/Risque-de-desorganisation-quel-impact-des-departs-massifs-des-seniors-1-1-300x180.jpg 300w, https:\/\/www.alumni.space\/wp-content\/uploads\/2026\/03\/Risque-de-desorganisation-quel-impact-des-departs-massifs-des-seniors-1-1-400x240.jpg 400w, https:\/\/www.alumni.space\/wp-content\/uploads\/2026\/03\/Risque-de-desorganisation-quel-impact-des-departs-massifs-des-seniors-1-1-600x360.jpg 600w, https:\/\/www.alumni.space\/wp-content\/uploads\/2026\/03\/Risque-de-desorganisation-quel-impact-des-departs-massifs-des-seniors-1-1-768x461.jpg 768w, https:\/\/www.alumni.space\/wp-content\/uploads\/2026\/03\/Risque-de-desorganisation-quel-impact-des-departs-massifs-des-seniors-1-1-800x480.jpg 800w, https:\/\/www.alumni.space\/wp-content\/uploads\/2026\/03\/Risque-de-desorganisation-quel-impact-des-departs-massifs-des-seniors-1-1-1024x614.jpg 1024w, https:\/\/www.alumni.space\/wp-content\/uploads\/2026\/03\/Risque-de-desorganisation-quel-impact-des-departs-massifs-des-seniors-1-1-1200x720.jpg 1200w, https:\/\/www.alumni.space\/wp-content\/uploads\/2026\/03\/Risque-de-desorganisation-quel-impact-des-departs-massifs-des-seniors-1-1.jpg 1280w\" data-sizes=\"auto\" data-orig-sizes=\"(max-width: 1280px) 100vw, 1280px\" \/><\/figure><h3 class=\"wp-block-heading\"><span class=\"ez-toc-section\" id=\"Contexto_demografico_y_marco_legislativo_que_influyen_en_las_salidas_de_altos_cargos\"><\/span>Contexto demogr\u00e1fico y marco legislativo que influyen en las salidas de altos cargos<span class=\"ez-toc-section-end\"><\/span><\/h3><p>La Ley \u00abSeniors\u00bb de 24 de octubre de 2025 establece un marco social sin precedentes, en respuesta a la escasez de cualificaciones agravada por las jubilaciones. Con 663.000 nacimientos en 2024 y una proporci\u00f3n creciente de poblaci\u00f3n mayor de 65 a\u00f1os, la sustituci\u00f3n de competencias se est\u00e1 convirtiendo en una cuesti\u00f3n estrat\u00e9gica. Las obligaciones recientes obligan a las empresas a realizar un an\u00e1lisis previo de su estructura de edad, ausencias y formaci\u00f3n, para poder evaluar objetivamente el flujo de salidas y preparar una pol\u00edtica de RRHH adecuada.  <\/p><p>Los principales objetivos de este marco normativo son frenar la salida prematura de los trabajadores de m\u00e1s edad, garantizar la <strong>transmisi\u00f3n de los conocimientos t\u00e9cnicos<\/strong> y fomentar la <strong>reconversi\u00f3n profesional<\/strong> y los planes de jubilaci\u00f3n progresiva. Estas medidas se dirigen tanto a los departamentos de recursos humanos como a los comit\u00e9s sociales y econ\u00f3micos, los centros de ense\u00f1anza superior y las asociaciones profesionales, y exigen una movilizaci\u00f3n interfuncional para minimizar el impacto de las bajas. <\/p><h3 class=\"wp-block-heading\"><span class=\"ez-toc-section\" id=\"Consecuencias_operativas_y_economicas_de_las_salidas_masivas\"><\/span>Consecuencias operativas y econ\u00f3micas de las salidas masivas<span class=\"ez-toc-section-end\"><\/span><\/h3><p>Las empresas sufren un efecto domin\u00f3: <strong>p\u00e9rdida de conocimientos t\u00e9cnicos<\/strong>, aumento de los errores ligados a procesos menos controlados, menor calidad y costes de formaci\u00f3n y contrataci\u00f3n disparados. A pesar de los recientes avances, la tasa de empleo de las personas de 55 a 64 a\u00f1os en Francia sigue siendo inferior a la media europea, lo que acent\u00faa los riesgos de <strong>desorganizaci\u00f3n<\/strong> en sectores dependientes de competencias espec\u00edficas, como el mantenimiento o la industria. <\/p><p>La gesti\u00f3n de los recursos humanos se est\u00e1 viendo obligada a revisar sus pr\u00e1cticas. El enfoque tradicional de sustituci\u00f3n r\u00e1pida est\u00e1 resultando costoso e ineficaz, sobre todo ante las crecientes exigencias de calidad y seguridad. M\u00e1s all\u00e1 del volumen de puestos que hay que cubrir, la continuidad operativa, sobre todo en las \u00e1reas cr\u00edticas de la empresa, es un criterio clave para un rendimiento empresarial sostenible.  <\/p><h3 class=\"wp-block-heading\"><span class=\"ez-toc-section\" id=\"Estrategias_de_RRHH_para_prevenir_el_riesgo_de_desorganizacion_ante_las_salidas_de_altos_cargos\"><\/span>Estrategias de RRHH para prevenir el riesgo de desorganizaci\u00f3n ante las salidas de altos cargos<span class=\"ez-toc-section-end\"><\/span><\/h3><p>Se pide a los departamentos de RRHH que conviertan el envejecimiento de la mano de obra en un motor de rendimiento. La introducci\u00f3n de sistemas como la tutor\u00eda intergeneracional, la capitalizaci\u00f3n de documentos y las parejas tutor-mentor facilitan la transmisi\u00f3n de competencias. Estos enfoques contribuyen a reforzar la red interna, fomentando el<strong>compromiso a largo plazo<\/strong> tanto de los empleados de m\u00e1s edad como de los m\u00e1s j\u00f3venes.  <\/p><p>Anticiparse a la pir\u00e1mide de edad mediante herramientas normalizadas y una direcci\u00f3n basada en indicadores precisos permite adaptar la gesti\u00f3n de la carrera en tiempo real. Por ejemplo, la plataforma SaaS <a href=\"https:\/\/www.alumni.space\/es\/como-pueden-los-departamentos-de-rrhh-anticiparse-a-la-piramide-de-edad\/\">alumni.space<\/a> ofrece un entorno integrado que re\u00fane perfiles, tutor\u00edas, ofertas y eventos, para estructurar este trabajo en profundidad. Este tipo de herramienta evita el uso disperso de hojas de c\u00e1lculo u otros sistemas no sincronizados, que pueden conducir a la p\u00e9rdida de tiempo y de oportunidades.  <\/p><p>La ley tambi\u00e9n introduce un contrato indefinido \u00absenior\u00bb experimental, el contrato de valorizaci\u00f3n de la experiencia (CVE), para fomentar la contrataci\u00f3n de seniors ofreci\u00e9ndoles un marco seguro para la duraci\u00f3n del empleo. Adem\u00e1s, la estructuraci\u00f3n de las entrevistas de carrera y la prevenci\u00f3n del desgaste laboral garantizan un apoyo individualizado en el momento clave de la transici\u00f3n hacia la jubilaci\u00f3n. <\/p><h3 class=\"wp-block-heading\"><span class=\"ez-toc-section\" id=\"Caso_practico_que_demuestra_la_importancia_de_la_gestion_temprana_de_las_salidas_de_altos_cargos\"><\/span>Caso pr\u00e1ctico que demuestra la importancia de la gesti\u00f3n temprana de las salidas de altos cargos<span class=\"ez-toc-section-end\"><\/span><\/h3><p>En el sector industrial, las interrupciones repentinas provocan ca\u00eddas significativas de la productividad y un <strong>impacto negativo en la calidad de las<\/strong> entregas, como se ha observado en la industria del autom\u00f3vil. Por el contrario, las empresas que tienen una estrategia proactiva de tutor\u00eda y una bolsa de trabajo espec\u00edfica est\u00e1n observando una mejor integraci\u00f3n de los j\u00f3venes talentos y una transferencia de competencias m\u00e1s fluida. <\/p><p>Las autoridades locales tambi\u00e9n est\u00e1n sometidas a una presi\u00f3n considerable debido a la elevada edad media de su personal. Anticipar las bajas mediante un diagn\u00f3stico preciso de las profesiones cr\u00edticas permite asignar los recursos con mayor pertinencia, aliviando la carga ligada a las contrataciones masivas anunciadas por las reformas de la jubilaci\u00f3n. <\/p><p>La movilizaci\u00f3n de alianzas intersectoriales y de redes de antiguos alumnos favorece tambi\u00e9n la utilizaci\u00f3n de personas mayores como embajadores, garantizando la continuidad colectiva y una s\u00f3lida reserva de experiencia. Esta din\u00e1mica de animaci\u00f3n de comunidades internas y externas representa una palanca para los agentes de la ense\u00f1anza superior, los CFA o las asociaciones, que pueden combinar la transmisi\u00f3n con una oferta de ayuda mutua y de oportunidades profesionales. <\/p><p>Para profundizar en estas cuestiones, merece la pena consultar los recursos detallados de <a href=\"https:\/\/www.alumni.space\/es\/riesgo-de-desorganizacion-que-impacto-tendran-las-salidas-masivas-de-personal-directivo\/\">alumni.space sobre el riesgo de desorganizaci\u00f3n vinculado a la salida de altos cargos de la<\/a> empresa, as\u00ed como los comentarios sobre la conservaci\u00f3n del saber hacer en determinados sectores, como la construcci\u00f3n y las obras p\u00fablicas.<\/p>","protected":false},"excerpt":{"rendered":"<p>Riesgos de desorganizaci\u00f3n relacionados con la salida masiva de trabajadores  [&#8230;]<\/p>\n","protected":false},"author":1,"featured_media":5393,"comment_status":"closed","ping_status":"closed","sticky":false,"template":"","format":"standard","meta":{"_ayudawp_aiss_exclude":false,"footnotes":""},"categories":[75],"tags":[],"class_list":["post-5391","post","type-post","status-publish","format-standard","has-post-thumbnail","hentry","category-recursos-humanos"],"yoast_head":"<!-- This site is optimized with the Yoast SEO plugin v27.4 - https:\/\/yoast.com\/product\/yoast-seo-wordpress\/ -->\n<title>Las salidas masivas de directivos: \u00bfun riesgo para la organizaci\u00f3n?<\/title>\n<meta name=\"description\" content=\"Descubre el impacto de las salidas masivas de trabajadores mayores en la desorganizaci\u00f3n de las empresas y c\u00f3mo afrontarlas eficazmente.\" \/>\n<meta name=\"robots\" content=\"index, follow, max-snippet:-1, max-image-preview:large, max-video-preview:-1\" \/>\n<link rel=\"canonical\" href=\"https:\/\/www.alumni.space\/es\/riesgo-de-desorganizacion-que-impacto-tendran-las-salidas-masivas-de-personal-directivo\/\" \/>\n<meta property=\"og:locale\" content=\"es_ES\" \/>\n<meta property=\"og:type\" content=\"article\" \/>\n<meta property=\"og:title\" content=\"Las salidas masivas de directivos: \u00bfun riesgo para la organizaci\u00f3n?\" \/>\n<meta property=\"og:description\" content=\"Descubre el impacto de las salidas masivas de trabajadores mayores en la desorganizaci\u00f3n de las empresas y c\u00f3mo afrontarlas eficazmente.\" \/>\n<meta property=\"og:url\" content=\"https:\/\/www.alumni.space\/es\/riesgo-de-desorganizacion-que-impacto-tendran-las-salidas-masivas-de-personal-directivo\/\" \/>\n<meta property=\"og:site_name\" content=\"Alumni.space\" \/>\n<meta property=\"article:published_time\" content=\"2025-01-04T06:35:03+00:00\" \/>\n<meta property=\"article:modified_time\" content=\"2026-03-28T10:42:15+00:00\" \/>\n<meta property=\"og:image\" content=\"https:\/\/www.alumni.space\/wp-content\/uploads\/2026\/03\/Risque-de-desorganisation-quel-impact-des-departs-massifs-des-seniors-.jpg\" \/>\n\t<meta property=\"og:image:width\" content=\"1280\" \/>\n\t<meta property=\"og:image:height\" content=\"768\" \/>\n\t<meta property=\"og:image:type\" content=\"image\/jpeg\" \/>\n<meta name=\"author\" content=\"admin\" \/>\n<meta name=\"twitter:card\" content=\"summary_large_image\" \/>\n<meta name=\"twitter:label1\" content=\"Escrito por\" \/>\n\t<meta name=\"twitter:data1\" content=\"admin\" \/>\n\t<meta name=\"twitter:label2\" content=\"Tiempo de lectura\" \/>\n\t<meta name=\"twitter:data2\" content=\"5 minutos\" \/>\n<script type=\"application\/ld+json\" class=\"yoast-schema-graph\">{\"@context\":\"https:\\\/\\\/schema.org\",\"@graph\":[{\"@type\":\"Article\",\"@id\":\"https:\\\/\\\/www.alumni.space\\\/es\\\/riesgo-de-desorganizacion-que-impacto-tendran-las-salidas-masivas-de-personal-directivo\\\/#article\",\"isPartOf\":{\"@id\":\"https:\\\/\\\/www.alumni.space\\\/es\\\/riesgo-de-desorganizacion-que-impacto-tendran-las-salidas-masivas-de-personal-directivo\\\/\"},\"author\":{\"name\":\"admin\",\"@id\":\"https:\\\/\\\/www.alumni.space\\\/es\\\/#\\\/schema\\\/person\\\/fede362a57876edda476a61f05ce5b15\"},\"headline\":\"Riesgo de desorganizaci\u00f3n: \u00bfqu\u00e9 impacto tendr\u00e1n las salidas masivas de personal directivo?\",\"datePublished\":\"2025-01-04T06:35:03+00:00\",\"dateModified\":\"2026-03-28T10:42:15+00:00\",\"mainEntityOfPage\":{\"@id\":\"https:\\\/\\\/www.alumni.space\\\/es\\\/riesgo-de-desorganizacion-que-impacto-tendran-las-salidas-masivas-de-personal-directivo\\\/\"},\"wordCount\":996,\"image\":{\"@id\":\"https:\\\/\\\/www.alumni.space\\\/es\\\/riesgo-de-desorganizacion-que-impacto-tendran-las-salidas-masivas-de-personal-directivo\\\/#primaryimage\"},\"thumbnailUrl\":\"https:\\\/\\\/www.alumni.space\\\/wp-content\\\/uploads\\\/2026\\\/03\\\/Risque-de-desorganisation-quel-impact-des-departs-massifs-des-seniors-.jpg\",\"articleSection\":[\"Recursos Humanos\"],\"inLanguage\":\"es\"},{\"@type\":\"WebPage\",\"@id\":\"https:\\\/\\\/www.alumni.space\\\/es\\\/riesgo-de-desorganizacion-que-impacto-tendran-las-salidas-masivas-de-personal-directivo\\\/\",\"url\":\"https:\\\/\\\/www.alumni.space\\\/es\\\/riesgo-de-desorganizacion-que-impacto-tendran-las-salidas-masivas-de-personal-directivo\\\/\",\"name\":\"Las salidas masivas de directivos: \u00bfun riesgo para la organizaci\u00f3n?\",\"isPartOf\":{\"@id\":\"https:\\\/\\\/www.alumni.space\\\/es\\\/#website\"},\"primaryImageOfPage\":{\"@id\":\"https:\\\/\\\/www.alumni.space\\\/es\\\/riesgo-de-desorganizacion-que-impacto-tendran-las-salidas-masivas-de-personal-directivo\\\/#primaryimage\"},\"image\":{\"@id\":\"https:\\\/\\\/www.alumni.space\\\/es\\\/riesgo-de-desorganizacion-que-impacto-tendran-las-salidas-masivas-de-personal-directivo\\\/#primaryimage\"},\"thumbnailUrl\":\"https:\\\/\\\/www.alumni.space\\\/wp-content\\\/uploads\\\/2026\\\/03\\\/Risque-de-desorganisation-quel-impact-des-departs-massifs-des-seniors-.jpg\",\"datePublished\":\"2025-01-04T06:35:03+00:00\",\"dateModified\":\"2026-03-28T10:42:15+00:00\",\"author\":{\"@id\":\"https:\\\/\\\/www.alumni.space\\\/es\\\/#\\\/schema\\\/person\\\/fede362a57876edda476a61f05ce5b15\"},\"description\":\"Descubre el impacto de las salidas masivas de trabajadores mayores en la desorganizaci\u00f3n de las empresas y c\u00f3mo afrontarlas eficazmente.\",\"breadcrumb\":{\"@id\":\"https:\\\/\\\/www.alumni.space\\\/es\\\/riesgo-de-desorganizacion-que-impacto-tendran-las-salidas-masivas-de-personal-directivo\\\/#breadcrumb\"},\"inLanguage\":\"es\",\"potentialAction\":[{\"@type\":\"ReadAction\",\"target\":[\"https:\\\/\\\/www.alumni.space\\\/es\\\/riesgo-de-desorganizacion-que-impacto-tendran-las-salidas-masivas-de-personal-directivo\\\/\"]}]},{\"@type\":\"ImageObject\",\"inLanguage\":\"es\",\"@id\":\"https:\\\/\\\/www.alumni.space\\\/es\\\/riesgo-de-desorganizacion-que-impacto-tendran-las-salidas-masivas-de-personal-directivo\\\/#primaryimage\",\"url\":\"https:\\\/\\\/www.alumni.space\\\/wp-content\\\/uploads\\\/2026\\\/03\\\/Risque-de-desorganisation-quel-impact-des-departs-massifs-des-seniors-.jpg\",\"contentUrl\":\"https:\\\/\\\/www.alumni.space\\\/wp-content\\\/uploads\\\/2026\\\/03\\\/Risque-de-desorganisation-quel-impact-des-departs-massifs-des-seniors-.jpg\",\"width\":1280,\"height\":768,\"caption\":\"descubrir las consecuencias de las salidas masivas de trabajadores mayores en la organizaci\u00f3n de las empresas y las estrategias para evitar la desorganizaci\u00f3n.\"},{\"@type\":\"BreadcrumbList\",\"@id\":\"https:\\\/\\\/www.alumni.space\\\/es\\\/riesgo-de-desorganizacion-que-impacto-tendran-las-salidas-masivas-de-personal-directivo\\\/#breadcrumb\",\"itemListElement\":[{\"@type\":\"ListItem\",\"position\":1,\"name\":\"Home\",\"item\":\"https:\\\/\\\/www.alumni.space\\\/es\\\/plataforma-de-tutoria-y-gestion-de-antiguos-alumnos\\\/\"},{\"@type\":\"ListItem\",\"position\":2,\"name\":\"Riesgo de desorganizaci\u00f3n: \u00bfqu\u00e9 impacto tendr\u00e1n las salidas masivas de personal directivo?\"}]},{\"@type\":\"WebSite\",\"@id\":\"https:\\\/\\\/www.alumni.space\\\/es\\\/#website\",\"url\":\"https:\\\/\\\/www.alumni.space\\\/es\\\/\",\"name\":\"Alumni.space\",\"description\":\"My WordPress Blog\",\"potentialAction\":[{\"@type\":\"SearchAction\",\"target\":{\"@type\":\"EntryPoint\",\"urlTemplate\":\"https:\\\/\\\/www.alumni.space\\\/es\\\/?s={search_term_string}\"},\"query-input\":{\"@type\":\"PropertyValueSpecification\",\"valueRequired\":true,\"valueName\":\"search_term_string\"}}],\"inLanguage\":\"es\"},{\"@type\":\"Person\",\"@id\":\"https:\\\/\\\/www.alumni.space\\\/es\\\/#\\\/schema\\\/person\\\/fede362a57876edda476a61f05ce5b15\",\"name\":\"admin\",\"image\":{\"@type\":\"ImageObject\",\"inLanguage\":\"es\",\"@id\":\"https:\\\/\\\/secure.gravatar.com\\\/avatar\\\/318e234ae94f90d4d629428d6b983c08e31181c28f579e08a021180d759ea651?s=96&d=mm&r=g\",\"url\":\"https:\\\/\\\/secure.gravatar.com\\\/avatar\\\/318e234ae94f90d4d629428d6b983c08e31181c28f579e08a021180d759ea651?s=96&d=mm&r=g\",\"contentUrl\":\"https:\\\/\\\/secure.gravatar.com\\\/avatar\\\/318e234ae94f90d4d629428d6b983c08e31181c28f579e08a021180d759ea651?s=96&d=mm&r=g\",\"caption\":\"admin\"},\"description\":\"Nicolas Laustriat a construit sa sp\u00e9cialit\u00e9 sur un sujet que beaucoup d\u2019organisations d\u00e9couvrent trop tard : ce qui dispara\u00eet quand les gens partent. Dipl\u00f4m\u00e9 en conception de produit industriel, il bifurque vers le digital fin 1996, il couvre les transformations marques, RH, la fid\u00e9lisation, la marque employeur. Sur le terrain, il rep\u00e8re un angle mort r\u00e9current : l\u2019entreprise investit dans le recrutement, la formation, les process\u2026 puis laisse filer le lien au moment du d\u00e9part, avec une perte de savoir et d\u2019influence qui se paie en silence. Il se sp\u00e9cialise alors sur les communaut\u00e9s d\u2019alumni, le mentorat, l\u2019entraide interg\u00e9n\u00e9rationnelle et la transmission d\u2019expertise. Il passe du \u201cconstat\u201d aux m\u00e9thodes : animation, gouvernance, segmentation, rituels, mesure d\u2019engagement, articulation avec la RSE et l\u2019employabilit\u00e9. Il interviewe DRH, responsables formation, directions d\u2019\u00e9coles, associations et fondations, avec une obsession : transformer un r\u00e9seau dormant en m\u00e9canisme utile (cooptation, mentorat, job board, entraide, \u00e9v\u00e9nements, contenus). Son style : direct, orient\u00e9 action, sans folklore. Sa conviction : une communaut\u00e9 n\u2019a pas besoin de bruit, elle a besoin de raisons de revenir.\",\"sameAs\":[\"https:\\\/\\\/www.alumni.space\"]}]}<\/script>\n<!-- \/ Yoast SEO plugin. -->","yoast_head_json":{"title":"Las salidas masivas de directivos: \u00bfun riesgo para la organizaci\u00f3n?","description":"Descubre el impacto de las salidas masivas de trabajadores mayores en la desorganizaci\u00f3n de las empresas y c\u00f3mo afrontarlas eficazmente.","robots":{"index":"index","follow":"follow","max-snippet":"max-snippet:-1","max-image-preview":"max-image-preview:large","max-video-preview":"max-video-preview:-1"},"canonical":"https:\/\/www.alumni.space\/es\/riesgo-de-desorganizacion-que-impacto-tendran-las-salidas-masivas-de-personal-directivo\/","og_locale":"es_ES","og_type":"article","og_title":"Las salidas masivas de directivos: \u00bfun riesgo para la organizaci\u00f3n?","og_description":"Descubre el impacto de las salidas masivas de trabajadores mayores en la desorganizaci\u00f3n de las empresas y c\u00f3mo afrontarlas eficazmente.","og_url":"https:\/\/www.alumni.space\/es\/riesgo-de-desorganizacion-que-impacto-tendran-las-salidas-masivas-de-personal-directivo\/","og_site_name":"Alumni.space","article_published_time":"2025-01-04T06:35:03+00:00","article_modified_time":"2026-03-28T10:42:15+00:00","og_image":[{"width":1280,"height":768,"url":"https:\/\/www.alumni.space\/wp-content\/uploads\/2026\/03\/Risque-de-desorganisation-quel-impact-des-departs-massifs-des-seniors-.jpg","type":"image\/jpeg"}],"author":"admin","twitter_card":"summary_large_image","twitter_misc":{"Escrito por":"admin","Tiempo de lectura":"5 minutos"},"schema":{"@context":"https:\/\/schema.org","@graph":[{"@type":"Article","@id":"https:\/\/www.alumni.space\/es\/riesgo-de-desorganizacion-que-impacto-tendran-las-salidas-masivas-de-personal-directivo\/#article","isPartOf":{"@id":"https:\/\/www.alumni.space\/es\/riesgo-de-desorganizacion-que-impacto-tendran-las-salidas-masivas-de-personal-directivo\/"},"author":{"name":"admin","@id":"https:\/\/www.alumni.space\/es\/#\/schema\/person\/fede362a57876edda476a61f05ce5b15"},"headline":"Riesgo de desorganizaci\u00f3n: \u00bfqu\u00e9 impacto tendr\u00e1n las salidas masivas de personal directivo?","datePublished":"2025-01-04T06:35:03+00:00","dateModified":"2026-03-28T10:42:15+00:00","mainEntityOfPage":{"@id":"https:\/\/www.alumni.space\/es\/riesgo-de-desorganizacion-que-impacto-tendran-las-salidas-masivas-de-personal-directivo\/"},"wordCount":996,"image":{"@id":"https:\/\/www.alumni.space\/es\/riesgo-de-desorganizacion-que-impacto-tendran-las-salidas-masivas-de-personal-directivo\/#primaryimage"},"thumbnailUrl":"https:\/\/www.alumni.space\/wp-content\/uploads\/2026\/03\/Risque-de-desorganisation-quel-impact-des-departs-massifs-des-seniors-.jpg","articleSection":["Recursos Humanos"],"inLanguage":"es"},{"@type":"WebPage","@id":"https:\/\/www.alumni.space\/es\/riesgo-de-desorganizacion-que-impacto-tendran-las-salidas-masivas-de-personal-directivo\/","url":"https:\/\/www.alumni.space\/es\/riesgo-de-desorganizacion-que-impacto-tendran-las-salidas-masivas-de-personal-directivo\/","name":"Las salidas masivas de directivos: \u00bfun riesgo para la organizaci\u00f3n?","isPartOf":{"@id":"https:\/\/www.alumni.space\/es\/#website"},"primaryImageOfPage":{"@id":"https:\/\/www.alumni.space\/es\/riesgo-de-desorganizacion-que-impacto-tendran-las-salidas-masivas-de-personal-directivo\/#primaryimage"},"image":{"@id":"https:\/\/www.alumni.space\/es\/riesgo-de-desorganizacion-que-impacto-tendran-las-salidas-masivas-de-personal-directivo\/#primaryimage"},"thumbnailUrl":"https:\/\/www.alumni.space\/wp-content\/uploads\/2026\/03\/Risque-de-desorganisation-quel-impact-des-departs-massifs-des-seniors-.jpg","datePublished":"2025-01-04T06:35:03+00:00","dateModified":"2026-03-28T10:42:15+00:00","author":{"@id":"https:\/\/www.alumni.space\/es\/#\/schema\/person\/fede362a57876edda476a61f05ce5b15"},"description":"Descubre el impacto de las salidas masivas de trabajadores mayores en la desorganizaci\u00f3n de las empresas y c\u00f3mo afrontarlas eficazmente.","breadcrumb":{"@id":"https:\/\/www.alumni.space\/es\/riesgo-de-desorganizacion-que-impacto-tendran-las-salidas-masivas-de-personal-directivo\/#breadcrumb"},"inLanguage":"es","potentialAction":[{"@type":"ReadAction","target":["https:\/\/www.alumni.space\/es\/riesgo-de-desorganizacion-que-impacto-tendran-las-salidas-masivas-de-personal-directivo\/"]}]},{"@type":"ImageObject","inLanguage":"es","@id":"https:\/\/www.alumni.space\/es\/riesgo-de-desorganizacion-que-impacto-tendran-las-salidas-masivas-de-personal-directivo\/#primaryimage","url":"https:\/\/www.alumni.space\/wp-content\/uploads\/2026\/03\/Risque-de-desorganisation-quel-impact-des-departs-massifs-des-seniors-.jpg","contentUrl":"https:\/\/www.alumni.space\/wp-content\/uploads\/2026\/03\/Risque-de-desorganisation-quel-impact-des-departs-massifs-des-seniors-.jpg","width":1280,"height":768,"caption":"descubrir las consecuencias de las salidas masivas de trabajadores mayores en la organizaci\u00f3n de las empresas y las estrategias para evitar la desorganizaci\u00f3n."},{"@type":"BreadcrumbList","@id":"https:\/\/www.alumni.space\/es\/riesgo-de-desorganizacion-que-impacto-tendran-las-salidas-masivas-de-personal-directivo\/#breadcrumb","itemListElement":[{"@type":"ListItem","position":1,"name":"Home","item":"https:\/\/www.alumni.space\/es\/plataforma-de-tutoria-y-gestion-de-antiguos-alumnos\/"},{"@type":"ListItem","position":2,"name":"Riesgo de desorganizaci\u00f3n: \u00bfqu\u00e9 impacto tendr\u00e1n las salidas masivas de personal directivo?"}]},{"@type":"WebSite","@id":"https:\/\/www.alumni.space\/es\/#website","url":"https:\/\/www.alumni.space\/es\/","name":"Alumni.space","description":"My WordPress Blog","potentialAction":[{"@type":"SearchAction","target":{"@type":"EntryPoint","urlTemplate":"https:\/\/www.alumni.space\/es\/?s={search_term_string}"},"query-input":{"@type":"PropertyValueSpecification","valueRequired":true,"valueName":"search_term_string"}}],"inLanguage":"es"},{"@type":"Person","@id":"https:\/\/www.alumni.space\/es\/#\/schema\/person\/fede362a57876edda476a61f05ce5b15","name":"admin","image":{"@type":"ImageObject","inLanguage":"es","@id":"https:\/\/secure.gravatar.com\/avatar\/318e234ae94f90d4d629428d6b983c08e31181c28f579e08a021180d759ea651?s=96&d=mm&r=g","url":"https:\/\/secure.gravatar.com\/avatar\/318e234ae94f90d4d629428d6b983c08e31181c28f579e08a021180d759ea651?s=96&d=mm&r=g","contentUrl":"https:\/\/secure.gravatar.com\/avatar\/318e234ae94f90d4d629428d6b983c08e31181c28f579e08a021180d759ea651?s=96&d=mm&r=g","caption":"admin"},"description":"Nicolas Laustriat a construit sa sp\u00e9cialit\u00e9 sur un sujet que beaucoup d\u2019organisations d\u00e9couvrent trop tard : ce qui dispara\u00eet quand les gens partent. Dipl\u00f4m\u00e9 en conception de produit industriel, il bifurque vers le digital fin 1996, il couvre les transformations marques, RH, la fid\u00e9lisation, la marque employeur. Sur le terrain, il rep\u00e8re un angle mort r\u00e9current : l\u2019entreprise investit dans le recrutement, la formation, les process\u2026 puis laisse filer le lien au moment du d\u00e9part, avec une perte de savoir et d\u2019influence qui se paie en silence. Il se sp\u00e9cialise alors sur les communaut\u00e9s d\u2019alumni, le mentorat, l\u2019entraide interg\u00e9n\u00e9rationnelle et la transmission d\u2019expertise. Il passe du \u201cconstat\u201d aux m\u00e9thodes : animation, gouvernance, segmentation, rituels, mesure d\u2019engagement, articulation avec la RSE et l\u2019employabilit\u00e9. Il interviewe DRH, responsables formation, directions d\u2019\u00e9coles, associations et fondations, avec une obsession : transformer un r\u00e9seau dormant en m\u00e9canisme utile (cooptation, mentorat, job board, entraide, \u00e9v\u00e9nements, contenus). Son style : direct, orient\u00e9 action, sans folklore. Sa conviction : une communaut\u00e9 n\u2019a pas besoin de bruit, elle a besoin de raisons de revenir.","sameAs":["https:\/\/www.alumni.space"]}]}},"_links":{"self":[{"href":"https:\/\/www.alumni.space\/es\/wp-json\/wp\/v2\/posts\/5391","targetHints":{"allow":["GET"]}}],"collection":[{"href":"https:\/\/www.alumni.space\/es\/wp-json\/wp\/v2\/posts"}],"about":[{"href":"https:\/\/www.alumni.space\/es\/wp-json\/wp\/v2\/types\/post"}],"author":[{"embeddable":true,"href":"https:\/\/www.alumni.space\/es\/wp-json\/wp\/v2\/users\/1"}],"replies":[{"embeddable":true,"href":"https:\/\/www.alumni.space\/es\/wp-json\/wp\/v2\/comments?post=5391"}],"version-history":[{"count":2,"href":"https:\/\/www.alumni.space\/es\/wp-json\/wp\/v2\/posts\/5391\/revisions"}],"predecessor-version":[{"id":6423,"href":"https:\/\/www.alumni.space\/es\/wp-json\/wp\/v2\/posts\/5391\/revisions\/6423"}],"wp:featuredmedia":[{"embeddable":true,"href":"https:\/\/www.alumni.space\/es\/wp-json\/wp\/v2\/media\/5393"}],"wp:attachment":[{"href":"https:\/\/www.alumni.space\/es\/wp-json\/wp\/v2\/media?parent=5391"}],"wp:term":[{"taxonomy":"category","embeddable":true,"href":"https:\/\/www.alumni.space\/es\/wp-json\/wp\/v2\/categories?post=5391"},{"taxonomy":"post_tag","embeddable":true,"href":"https:\/\/www.alumni.space\/es\/wp-json\/wp\/v2\/tags?post=5391"}],"curies":[{"name":"wp","href":"https:\/\/api.w.org\/{rel}","templated":true}]}}