{"id":5325,"date":"2025-09-04T01:54:24","date_gmt":"2025-09-04T01:54:24","guid":{"rendered":"https:\/\/www.alumni.space\/jubilaciones-que-estrategias-para-la-gestion-del-conocimiento\/"},"modified":"2026-03-28T10:47:45","modified_gmt":"2026-03-28T10:47:45","slug":"jubilaciones-que-estrategias-para-la-gestion-del-conocimiento","status":"publish","type":"post","link":"https:\/\/www.alumni.space\/es\/jubilaciones-que-estrategias-para-la-gestion-del-conocimiento\/","title":{"rendered":"Jubilaciones: \u00bfqu\u00e9 estrategias para la gesti\u00f3n del conocimiento?"},"content":{"rendered":"<p>La jubilaci\u00f3n representa un reto importante para las organizaciones que pretenden preservar su <strong>capital intelectual<\/strong>. <strong>La gesti\u00f3n del conocimiento<\/strong> se ha convertido en una cuesti\u00f3n estrat\u00e9gica, que requiere m\u00e9todos adecuados para garantizar la <strong>continuidad del conocimiento<\/strong> dentro de los equipos y las redes profesionales. Ante el imperativo de transferir la experiencia acumulada por los empleados senior, es crucial anticipar <strong>la preparaci\u00f3n para la jubilaci\u00f3n<\/strong> movilizando herramientas de alto rendimiento y enfoques innovadores.  <\/p><div id=\"ez-toc-container\" class=\"ez-toc-v2_0_82_2 counter-flat ez-toc-counter ez-toc-grey ez-toc-container-direction\">\n<div class=\"ez-toc-title-container\"><p class=\"ez-toc-title\" style=\"cursor:inherit\">En este art\u00edculo se trata lo siguiente:<\/p>\n<\/div><nav><ul class='ez-toc-list ez-toc-list-level-1 ' ><li class='ez-toc-page-1'><a class=\"ez-toc-link ez-toc-heading-1\" href=\"https:\/\/www.alumni.space\/es\/jubilaciones-que-estrategias-para-la-gestion-del-conocimiento\/#Las_jubilaciones_y_los_retos_de_la_gestion_del_conocimiento_en_las_empresas\" >Las jubilaciones y los retos de la gesti\u00f3n del conocimiento en las empresas<\/a><\/li><li class='ez-toc-page-1'><a class=\"ez-toc-link ez-toc-heading-2\" href=\"https:\/\/www.alumni.space\/es\/jubilaciones-que-estrategias-para-la-gestion-del-conocimiento\/#%C2%BFComo_puede_estructurarse_la_transferencia_de_competencias_en_el_periodo_previo_a_las_salidas\" >\u00bfC\u00f3mo puede estructurarse la transferencia de competencias en el per\u00edodo previo a las salidas?<\/a><\/li><li class='ez-toc-page-1'><a class=\"ez-toc-link ez-toc-heading-3\" href=\"https:\/\/www.alumni.space\/es\/jubilaciones-que-estrategias-para-la-gestion-del-conocimiento\/#El_impacto_de_las_redes_de_antiguos_alumnos_y_las_comunidades_profesionales_en_la_continuidad_del_conocimiento\" >El impacto de las redes de antiguos alumnos y las comunidades profesionales en la continuidad del conocimiento<\/a><\/li><li class='ez-toc-page-1'><a class=\"ez-toc-link ez-toc-heading-4\" href=\"https:\/\/www.alumni.space\/es\/jubilaciones-que-estrategias-para-la-gestion-del-conocimiento\/#Acciones_concretas_para_poner_en_marcha_una_estrategia_eficaz_de_gestion_del_conocimiento\" >Acciones concretas para poner en marcha una estrategia eficaz de gesti\u00f3n del conocimiento<\/a><\/li><\/ul><\/nav><\/div>\n<h2 class=\"wp-block-heading\"><span class=\"ez-toc-section\" id=\"Las_jubilaciones_y_los_retos_de_la_gestion_del_conocimiento_en_las_empresas\"><\/span>Las jubilaciones y los retos de la gesti\u00f3n del conocimiento en las empresas<span class=\"ez-toc-section-end\"><\/span><\/h2><p>Cuando un empleado experimentado abandona la organizaci\u00f3n, la p\u00e9rdida potencial de competencias y conocimientos se traduce en un coste oculto. La ausencia de una estructura organizada para la <strong>transferencia de competencias<\/strong> repercute en el rendimiento global, alarga los tiempos de integraci\u00f3n de los reci\u00e9n llegados y obstaculiza las ambiciones estrat\u00e9gicas a largo plazo. Sin una <strong>estrategia organizativa<\/strong> clara, los conocimientos acumulados suelen quedar confinados en documentos dispares o en recuerdos individuales.  <\/p><p>Para limitar estos riesgos, es esencial crear una red interna que favorezca el intercambio intergeneracional, con la introducci\u00f3n de rituales como las entrevistas de traspaso o la creaci\u00f3n de parejas mentor-mentorizado. En este contexto, las plataformas SaaS especializadas en la gesti\u00f3n y animaci\u00f3n de comunidades se perfilan como palancas eficaces, que re\u00fanen perfiles, contenidos e interacciones que favorecen el compromiso a largo plazo y la <strong>retenci\u00f3n<\/strong> sostenible <strong>de los conocimientos<\/strong>. <\/p><figure class=\"wp-block-image size-full\"><img decoding=\"async\" width=\"1280\" height=\"768\" src=\"https:\/\/www.alumni.space\/wp-content\/uploads\/2026\/03\/Departs-a-la-retraite-quelles-strategies-pour-le-knowledge-management-1-1.jpg\" data-orig-src=\"https:\/\/www.alumni.space\/wp-content\/uploads\/2026\/03\/Departs-a-la-retraite-quelles-strategies-pour-le-knowledge-management-1-1.jpg\" alt=\"Descubre estrategias eficaces de gesti\u00f3n del conocimiento para anticipar y optimizar la jubilaci\u00f3n en tu organizaci\u00f3n.\" class=\"lazyload wp-image-3273\" srcset=\"data:image\/svg+xml,%3Csvg%20xmlns%3D%27http%3A%2F%2Fwww.w3.org%2F2000%2Fsvg%27%20width%3D%271280%27%20height%3D%27768%27%20viewBox%3D%270%200%201280%20768%27%3E%3Crect%20width%3D%271280%27%20height%3D%27768%27%20fill-opacity%3D%220%22%2F%3E%3C%2Fsvg%3E\" data-srcset=\"https:\/\/www.alumni.space\/wp-content\/uploads\/2026\/03\/Departs-a-la-retraite-quelles-strategies-pour-le-knowledge-management-1-1-200x120.jpg 200w, https:\/\/www.alumni.space\/wp-content\/uploads\/2026\/03\/Departs-a-la-retraite-quelles-strategies-pour-le-knowledge-management-1-1-300x180.jpg 300w, https:\/\/www.alumni.space\/wp-content\/uploads\/2026\/03\/Departs-a-la-retraite-quelles-strategies-pour-le-knowledge-management-1-1-400x240.jpg 400w, https:\/\/www.alumni.space\/wp-content\/uploads\/2026\/03\/Departs-a-la-retraite-quelles-strategies-pour-le-knowledge-management-1-1-600x360.jpg 600w, https:\/\/www.alumni.space\/wp-content\/uploads\/2026\/03\/Departs-a-la-retraite-quelles-strategies-pour-le-knowledge-management-1-1-768x461.jpg 768w, https:\/\/www.alumni.space\/wp-content\/uploads\/2026\/03\/Departs-a-la-retraite-quelles-strategies-pour-le-knowledge-management-1-1-800x480.jpg 800w, https:\/\/www.alumni.space\/wp-content\/uploads\/2026\/03\/Departs-a-la-retraite-quelles-strategies-pour-le-knowledge-management-1-1-1024x614.jpg 1024w, https:\/\/www.alumni.space\/wp-content\/uploads\/2026\/03\/Departs-a-la-retraite-quelles-strategies-pour-le-knowledge-management-1-1-1200x720.jpg 1200w, https:\/\/www.alumni.space\/wp-content\/uploads\/2026\/03\/Departs-a-la-retraite-quelles-strategies-pour-le-knowledge-management-1-1.jpg 1280w\" data-sizes=\"auto\" data-orig-sizes=\"(max-width: 1280px) 100vw, 1280px\" \/><\/figure><h3 class=\"wp-block-heading\"><span class=\"ez-toc-section\" id=\"%C2%BFComo_puede_estructurarse_la_transferencia_de_competencias_en_el_periodo_previo_a_las_salidas\"><\/span>\u00bfC\u00f3mo puede estructurarse la transferencia de competencias en el per\u00edodo previo a las salidas?<span class=\"ez-toc-section-end\"><\/span><\/h3><p>Un m\u00e9todo pragm\u00e1tico se basa en la segmentaci\u00f3n de las competencias clave y los perfiles dedicados a transmitirlas. Al identificar sistem\u00e1ticamente los conocimientos cr\u00edticos, se pueden priorizar las acciones y asignar los recursos adecuados. La integraci\u00f3n de sistemas <a href=\"https:\/\/www.alumni.space\/es\/faq-alumni-mentorat\/es-la-tutoria-una-palanca-eficaz-para-la-gestion-del-conocimiento\/\">de tutor\u00eda<\/a> organiza la transferencia de conocimientos mediante una relaci\u00f3n de confianza y apoyo mutuo, proporcionando una soluci\u00f3n probada para preservar los activos intelectuales.  <\/p><p>Este proceso requiere una gobernanza adecuada, que incorpore KPI orientados a gestionar la adopci\u00f3n, medir el impacto y rentabilizar la inversi\u00f3n en t\u00e9rminos de tiempo ahorrado o costes evitados. Formalizar un programa de intercambio peri\u00f3dico garantizar\u00e1 que este enfoque est\u00e9 firmemente arraigado en la cultura corporativa, y que los conocimientos no se marchiten una vez que el empleado haya dejado la empresa. <\/p><h2 class=\"wp-block-heading\"><span class=\"ez-toc-section\" id=\"El_impacto_de_las_redes_de_antiguos_alumnos_y_las_comunidades_profesionales_en_la_continuidad_del_conocimiento\"><\/span>El impacto de las redes de antiguos alumnos y las comunidades profesionales en la continuidad del conocimiento<span class=\"ez-toc-section-end\"><\/span><\/h2><p>La consolidaci\u00f3n de una animada red de antiguos alumnos desempe\u00f1a un papel clave para garantizar que la riqueza de la experiencia del Grupo se mantenga a largo plazo. Estas comunidades, abiertas tanto a antiguos empleados como a j\u00f3venes talentos, cultivan un sentimiento de pertenencia que estimula el compromiso y la iniciativa para compartir conocimientos. Las funciones clave incluyen la cooptaci\u00f3n, la gesti\u00f3n de una bolsa de trabajo din\u00e1mica, eventos de creaci\u00f3n de redes y \u00e1reas de documentaci\u00f3n colaborativa para fomentar la co-construcci\u00f3n.  <\/p><p>El uso de una plataforma \u00fanica centraliza estas funciones, eliminando la necesidad de herramientas y hojas de c\u00e1lculo dispersas. Esta centralizaci\u00f3n facilita la integraci\u00f3n de los reci\u00e9n llegados y refuerza la pol\u00edtica de RSE basada en el voluntariado y la ayuda mutua. La estructuraci\u00f3n de cap\u00edtulos locales tambi\u00e9n permite anclar estos intercambios en zonas locales, reforzando la transferencia de conocimientos m\u00e1s all\u00e1 de los l\u00edmites organizativos tradicionales.  <\/p><h3 class=\"wp-block-heading\"><span class=\"ez-toc-section\" id=\"Acciones_concretas_para_poner_en_marcha_una_estrategia_eficaz_de_gestion_del_conocimiento\"><\/span>Acciones concretas para poner en marcha una estrategia eficaz de gesti\u00f3n del conocimiento<span class=\"ez-toc-section-end\"><\/span><\/h3><p>El marco operativo incluye una clara definici\u00f3n de funciones: coordinadores, mentores y embajadores facilitan la din\u00e1mica de intercambio y garantizan la sostenibilidad del programa. Un calendario editorial garantiza la regularidad de las reuniones, actos y publicaciones, creando un ritmo propicio a la apropiaci\u00f3n colectiva de conocimientos. <\/p><p>La medici\u00f3n se realiza mediante indicadores espec\u00edficos (\u00edndices de afiliaci\u00f3n, compromiso con las actividades, volumen de intercambios) para consolidar el enfoque con los responsables de la toma de decisiones. A partir de ahora, industrializar este proceso a trav\u00e9s de una plataforma especializada evitar\u00e1 la necesidad de utilizar herramientas separadas, reduciendo as\u00ed los riesgos operativos asociados a la sucesi\u00f3n. Para apoyar el proceso, consultar las iniciativas dedicadas a la <a href=\"https:\/\/www.alumni.space\/es\/tutoria-de-jovenes-talentos-por-tus-antiguos-empleados\/\">tutor\u00eda de j\u00f3venes talentos<\/a> arroja luz sobre el camino hacia un traspaso eficaz y sostenible, ofreciendo perspectivas de desarrollo para toda la comunidad.  <\/p>","protected":false},"excerpt":{"rendered":"<p>La jubilaci\u00f3n representa un reto importante para las organizaciones que  [&#8230;]<\/p>\n","protected":false},"author":1,"featured_media":5327,"comment_status":"closed","ping_status":"closed","sticky":false,"template":"","format":"standard","meta":{"_ayudawp_aiss_exclude":false,"footnotes":""},"categories":[74],"tags":[],"class_list":["post-5325","post","type-post","status-publish","format-standard","has-post-thumbnail","hentry","category-intercambio-de-conocimientos"],"yoast_head":"<!-- This site is optimized with the Yoast SEO plugin v27.4 - https:\/\/yoast.com\/product\/yoast-seo-wordpress\/ -->\n<title>La gesti\u00f3n del conocimiento ante la jubilaci\u00f3n<\/title>\n<meta name=\"description\" content=\"Descubre las estrategias clave de gesti\u00f3n del conocimiento para gestionar eficazmente las jubilaciones y preservar el conocimiento corporativo.\" \/>\n<meta name=\"robots\" content=\"index, follow, max-snippet:-1, max-image-preview:large, max-video-preview:-1\" \/>\n<link rel=\"canonical\" href=\"https:\/\/www.alumni.space\/es\/jubilaciones-que-estrategias-para-la-gestion-del-conocimiento\/\" \/>\n<meta property=\"og:locale\" content=\"es_ES\" \/>\n<meta property=\"og:type\" content=\"article\" \/>\n<meta property=\"og:title\" content=\"La gesti\u00f3n del conocimiento ante la jubilaci\u00f3n\" \/>\n<meta property=\"og:description\" content=\"Descubre las estrategias clave de gesti\u00f3n del conocimiento para gestionar eficazmente las jubilaciones y preservar el conocimiento corporativo.\" \/>\n<meta property=\"og:url\" content=\"https:\/\/www.alumni.space\/es\/jubilaciones-que-estrategias-para-la-gestion-del-conocimiento\/\" \/>\n<meta property=\"og:site_name\" content=\"Alumni.space\" \/>\n<meta property=\"article:published_time\" content=\"2025-09-04T01:54:24+00:00\" \/>\n<meta property=\"article:modified_time\" content=\"2026-03-28T10:47:45+00:00\" \/>\n<meta property=\"og:image\" content=\"https:\/\/www.alumni.space\/wp-content\/uploads\/2026\/03\/Departs-a-la-retraite-quelles-strategies-pour-le-knowledge-management-.jpg\" \/>\n\t<meta property=\"og:image:width\" content=\"1280\" \/>\n\t<meta property=\"og:image:height\" content=\"768\" \/>\n\t<meta property=\"og:image:type\" content=\"image\/jpeg\" \/>\n<meta name=\"author\" content=\"admin\" \/>\n<meta name=\"twitter:card\" content=\"summary_large_image\" \/>\n<meta name=\"twitter:label1\" content=\"Escrito por\" \/>\n\t<meta name=\"twitter:data1\" content=\"admin\" \/>\n\t<meta name=\"twitter:label2\" content=\"Tiempo de lectura\" \/>\n\t<meta name=\"twitter:data2\" content=\"4 minutos\" \/>\n<script type=\"application\/ld+json\" class=\"yoast-schema-graph\">{\"@context\":\"https:\\\/\\\/schema.org\",\"@graph\":[{\"@type\":\"Article\",\"@id\":\"https:\\\/\\\/www.alumni.space\\\/es\\\/jubilaciones-que-estrategias-para-la-gestion-del-conocimiento\\\/#article\",\"isPartOf\":{\"@id\":\"https:\\\/\\\/www.alumni.space\\\/es\\\/jubilaciones-que-estrategias-para-la-gestion-del-conocimiento\\\/\"},\"author\":{\"name\":\"admin\",\"@id\":\"https:\\\/\\\/www.alumni.space\\\/es\\\/#\\\/schema\\\/person\\\/fede362a57876edda476a61f05ce5b15\"},\"headline\":\"Jubilaciones: \u00bfqu\u00e9 estrategias para la gesti\u00f3n del conocimiento?\",\"datePublished\":\"2025-09-04T01:54:24+00:00\",\"dateModified\":\"2026-03-28T10:47:45+00:00\",\"mainEntityOfPage\":{\"@id\":\"https:\\\/\\\/www.alumni.space\\\/es\\\/jubilaciones-que-estrategias-para-la-gestion-del-conocimiento\\\/\"},\"wordCount\":753,\"image\":{\"@id\":\"https:\\\/\\\/www.alumni.space\\\/es\\\/jubilaciones-que-estrategias-para-la-gestion-del-conocimiento\\\/#primaryimage\"},\"thumbnailUrl\":\"https:\\\/\\\/www.alumni.space\\\/wp-content\\\/uploads\\\/2026\\\/03\\\/Departs-a-la-retraite-quelles-strategies-pour-le-knowledge-management-.jpg\",\"articleSection\":[\"Intercambio de conocimientos\"],\"inLanguage\":\"es\"},{\"@type\":\"WebPage\",\"@id\":\"https:\\\/\\\/www.alumni.space\\\/es\\\/jubilaciones-que-estrategias-para-la-gestion-del-conocimiento\\\/\",\"url\":\"https:\\\/\\\/www.alumni.space\\\/es\\\/jubilaciones-que-estrategias-para-la-gestion-del-conocimiento\\\/\",\"name\":\"La gesti\u00f3n del conocimiento ante la jubilaci\u00f3n\",\"isPartOf\":{\"@id\":\"https:\\\/\\\/www.alumni.space\\\/es\\\/#website\"},\"primaryImageOfPage\":{\"@id\":\"https:\\\/\\\/www.alumni.space\\\/es\\\/jubilaciones-que-estrategias-para-la-gestion-del-conocimiento\\\/#primaryimage\"},\"image\":{\"@id\":\"https:\\\/\\\/www.alumni.space\\\/es\\\/jubilaciones-que-estrategias-para-la-gestion-del-conocimiento\\\/#primaryimage\"},\"thumbnailUrl\":\"https:\\\/\\\/www.alumni.space\\\/wp-content\\\/uploads\\\/2026\\\/03\\\/Departs-a-la-retraite-quelles-strategies-pour-le-knowledge-management-.jpg\",\"datePublished\":\"2025-09-04T01:54:24+00:00\",\"dateModified\":\"2026-03-28T10:47:45+00:00\",\"author\":{\"@id\":\"https:\\\/\\\/www.alumni.space\\\/es\\\/#\\\/schema\\\/person\\\/fede362a57876edda476a61f05ce5b15\"},\"description\":\"Descubre las estrategias clave de gesti\u00f3n del conocimiento para gestionar eficazmente las jubilaciones y preservar el conocimiento corporativo.\",\"breadcrumb\":{\"@id\":\"https:\\\/\\\/www.alumni.space\\\/es\\\/jubilaciones-que-estrategias-para-la-gestion-del-conocimiento\\\/#breadcrumb\"},\"inLanguage\":\"es\",\"potentialAction\":[{\"@type\":\"ReadAction\",\"target\":[\"https:\\\/\\\/www.alumni.space\\\/es\\\/jubilaciones-que-estrategias-para-la-gestion-del-conocimiento\\\/\"]}]},{\"@type\":\"ImageObject\",\"inLanguage\":\"es\",\"@id\":\"https:\\\/\\\/www.alumni.space\\\/es\\\/jubilaciones-que-estrategias-para-la-gestion-del-conocimiento\\\/#primaryimage\",\"url\":\"https:\\\/\\\/www.alumni.space\\\/wp-content\\\/uploads\\\/2026\\\/03\\\/Departs-a-la-retraite-quelles-strategies-pour-le-knowledge-management-.jpg\",\"contentUrl\":\"https:\\\/\\\/www.alumni.space\\\/wp-content\\\/uploads\\\/2026\\\/03\\\/Departs-a-la-retraite-quelles-strategies-pour-le-knowledge-management-.jpg\",\"width\":1280,\"height\":768,\"caption\":\"Descubre las mejores estrategias de gesti\u00f3n del conocimiento para gestionar eficazmente las jubilaciones y preservar el conocimiento dentro de tu organizaci\u00f3n.\"},{\"@type\":\"BreadcrumbList\",\"@id\":\"https:\\\/\\\/www.alumni.space\\\/es\\\/jubilaciones-que-estrategias-para-la-gestion-del-conocimiento\\\/#breadcrumb\",\"itemListElement\":[{\"@type\":\"ListItem\",\"position\":1,\"name\":\"Home\",\"item\":\"https:\\\/\\\/www.alumni.space\\\/es\\\/plataforma-de-tutoria-y-gestion-de-antiguos-alumnos\\\/\"},{\"@type\":\"ListItem\",\"position\":2,\"name\":\"Jubilaciones: \u00bfqu\u00e9 estrategias para la gesti\u00f3n del conocimiento?\"}]},{\"@type\":\"WebSite\",\"@id\":\"https:\\\/\\\/www.alumni.space\\\/es\\\/#website\",\"url\":\"https:\\\/\\\/www.alumni.space\\\/es\\\/\",\"name\":\"Alumni.space\",\"description\":\"My WordPress Blog\",\"potentialAction\":[{\"@type\":\"SearchAction\",\"target\":{\"@type\":\"EntryPoint\",\"urlTemplate\":\"https:\\\/\\\/www.alumni.space\\\/es\\\/?s={search_term_string}\"},\"query-input\":{\"@type\":\"PropertyValueSpecification\",\"valueRequired\":true,\"valueName\":\"search_term_string\"}}],\"inLanguage\":\"es\"},{\"@type\":\"Person\",\"@id\":\"https:\\\/\\\/www.alumni.space\\\/es\\\/#\\\/schema\\\/person\\\/fede362a57876edda476a61f05ce5b15\",\"name\":\"admin\",\"image\":{\"@type\":\"ImageObject\",\"inLanguage\":\"es\",\"@id\":\"https:\\\/\\\/secure.gravatar.com\\\/avatar\\\/318e234ae94f90d4d629428d6b983c08e31181c28f579e08a021180d759ea651?s=96&d=mm&r=g\",\"url\":\"https:\\\/\\\/secure.gravatar.com\\\/avatar\\\/318e234ae94f90d4d629428d6b983c08e31181c28f579e08a021180d759ea651?s=96&d=mm&r=g\",\"contentUrl\":\"https:\\\/\\\/secure.gravatar.com\\\/avatar\\\/318e234ae94f90d4d629428d6b983c08e31181c28f579e08a021180d759ea651?s=96&d=mm&r=g\",\"caption\":\"admin\"},\"description\":\"Nicolas Laustriat a construit sa sp\u00e9cialit\u00e9 sur un sujet que beaucoup d\u2019organisations d\u00e9couvrent trop tard : ce qui dispara\u00eet quand les gens partent. Dipl\u00f4m\u00e9 en conception de produit industriel, il bifurque vers le digital fin 1996, il couvre les transformations marques, RH, la fid\u00e9lisation, la marque employeur. Sur le terrain, il rep\u00e8re un angle mort r\u00e9current : l\u2019entreprise investit dans le recrutement, la formation, les process\u2026 puis laisse filer le lien au moment du d\u00e9part, avec une perte de savoir et d\u2019influence qui se paie en silence. Il se sp\u00e9cialise alors sur les communaut\u00e9s d\u2019alumni, le mentorat, l\u2019entraide interg\u00e9n\u00e9rationnelle et la transmission d\u2019expertise. Il passe du \u201cconstat\u201d aux m\u00e9thodes : animation, gouvernance, segmentation, rituels, mesure d\u2019engagement, articulation avec la RSE et l\u2019employabilit\u00e9. Il interviewe DRH, responsables formation, directions d\u2019\u00e9coles, associations et fondations, avec une obsession : transformer un r\u00e9seau dormant en m\u00e9canisme utile (cooptation, mentorat, job board, entraide, \u00e9v\u00e9nements, contenus). Son style : direct, orient\u00e9 action, sans folklore. Sa conviction : une communaut\u00e9 n\u2019a pas besoin de bruit, elle a besoin de raisons de revenir.\",\"sameAs\":[\"https:\\\/\\\/www.alumni.space\"]}]}<\/script>\n<!-- \/ Yoast SEO plugin. -->","yoast_head_json":{"title":"La gesti\u00f3n del conocimiento ante la jubilaci\u00f3n","description":"Descubre las estrategias clave de gesti\u00f3n del conocimiento para gestionar eficazmente las jubilaciones y preservar el conocimiento corporativo.","robots":{"index":"index","follow":"follow","max-snippet":"max-snippet:-1","max-image-preview":"max-image-preview:large","max-video-preview":"max-video-preview:-1"},"canonical":"https:\/\/www.alumni.space\/es\/jubilaciones-que-estrategias-para-la-gestion-del-conocimiento\/","og_locale":"es_ES","og_type":"article","og_title":"La gesti\u00f3n del conocimiento ante la jubilaci\u00f3n","og_description":"Descubre las estrategias clave de gesti\u00f3n del conocimiento para gestionar eficazmente las jubilaciones y preservar el conocimiento corporativo.","og_url":"https:\/\/www.alumni.space\/es\/jubilaciones-que-estrategias-para-la-gestion-del-conocimiento\/","og_site_name":"Alumni.space","article_published_time":"2025-09-04T01:54:24+00:00","article_modified_time":"2026-03-28T10:47:45+00:00","og_image":[{"width":1280,"height":768,"url":"https:\/\/www.alumni.space\/wp-content\/uploads\/2026\/03\/Departs-a-la-retraite-quelles-strategies-pour-le-knowledge-management-.jpg","type":"image\/jpeg"}],"author":"admin","twitter_card":"summary_large_image","twitter_misc":{"Escrito por":"admin","Tiempo de lectura":"4 minutos"},"schema":{"@context":"https:\/\/schema.org","@graph":[{"@type":"Article","@id":"https:\/\/www.alumni.space\/es\/jubilaciones-que-estrategias-para-la-gestion-del-conocimiento\/#article","isPartOf":{"@id":"https:\/\/www.alumni.space\/es\/jubilaciones-que-estrategias-para-la-gestion-del-conocimiento\/"},"author":{"name":"admin","@id":"https:\/\/www.alumni.space\/es\/#\/schema\/person\/fede362a57876edda476a61f05ce5b15"},"headline":"Jubilaciones: \u00bfqu\u00e9 estrategias para la gesti\u00f3n del conocimiento?","datePublished":"2025-09-04T01:54:24+00:00","dateModified":"2026-03-28T10:47:45+00:00","mainEntityOfPage":{"@id":"https:\/\/www.alumni.space\/es\/jubilaciones-que-estrategias-para-la-gestion-del-conocimiento\/"},"wordCount":753,"image":{"@id":"https:\/\/www.alumni.space\/es\/jubilaciones-que-estrategias-para-la-gestion-del-conocimiento\/#primaryimage"},"thumbnailUrl":"https:\/\/www.alumni.space\/wp-content\/uploads\/2026\/03\/Departs-a-la-retraite-quelles-strategies-pour-le-knowledge-management-.jpg","articleSection":["Intercambio de conocimientos"],"inLanguage":"es"},{"@type":"WebPage","@id":"https:\/\/www.alumni.space\/es\/jubilaciones-que-estrategias-para-la-gestion-del-conocimiento\/","url":"https:\/\/www.alumni.space\/es\/jubilaciones-que-estrategias-para-la-gestion-del-conocimiento\/","name":"La gesti\u00f3n del conocimiento ante la jubilaci\u00f3n","isPartOf":{"@id":"https:\/\/www.alumni.space\/es\/#website"},"primaryImageOfPage":{"@id":"https:\/\/www.alumni.space\/es\/jubilaciones-que-estrategias-para-la-gestion-del-conocimiento\/#primaryimage"},"image":{"@id":"https:\/\/www.alumni.space\/es\/jubilaciones-que-estrategias-para-la-gestion-del-conocimiento\/#primaryimage"},"thumbnailUrl":"https:\/\/www.alumni.space\/wp-content\/uploads\/2026\/03\/Departs-a-la-retraite-quelles-strategies-pour-le-knowledge-management-.jpg","datePublished":"2025-09-04T01:54:24+00:00","dateModified":"2026-03-28T10:47:45+00:00","author":{"@id":"https:\/\/www.alumni.space\/es\/#\/schema\/person\/fede362a57876edda476a61f05ce5b15"},"description":"Descubre las estrategias clave de gesti\u00f3n del conocimiento para gestionar eficazmente las jubilaciones y preservar el conocimiento corporativo.","breadcrumb":{"@id":"https:\/\/www.alumni.space\/es\/jubilaciones-que-estrategias-para-la-gestion-del-conocimiento\/#breadcrumb"},"inLanguage":"es","potentialAction":[{"@type":"ReadAction","target":["https:\/\/www.alumni.space\/es\/jubilaciones-que-estrategias-para-la-gestion-del-conocimiento\/"]}]},{"@type":"ImageObject","inLanguage":"es","@id":"https:\/\/www.alumni.space\/es\/jubilaciones-que-estrategias-para-la-gestion-del-conocimiento\/#primaryimage","url":"https:\/\/www.alumni.space\/wp-content\/uploads\/2026\/03\/Departs-a-la-retraite-quelles-strategies-pour-le-knowledge-management-.jpg","contentUrl":"https:\/\/www.alumni.space\/wp-content\/uploads\/2026\/03\/Departs-a-la-retraite-quelles-strategies-pour-le-knowledge-management-.jpg","width":1280,"height":768,"caption":"Descubre las mejores estrategias de gesti\u00f3n del conocimiento para gestionar eficazmente las jubilaciones y preservar el conocimiento dentro de tu organizaci\u00f3n."},{"@type":"BreadcrumbList","@id":"https:\/\/www.alumni.space\/es\/jubilaciones-que-estrategias-para-la-gestion-del-conocimiento\/#breadcrumb","itemListElement":[{"@type":"ListItem","position":1,"name":"Home","item":"https:\/\/www.alumni.space\/es\/plataforma-de-tutoria-y-gestion-de-antiguos-alumnos\/"},{"@type":"ListItem","position":2,"name":"Jubilaciones: \u00bfqu\u00e9 estrategias para la gesti\u00f3n del conocimiento?"}]},{"@type":"WebSite","@id":"https:\/\/www.alumni.space\/es\/#website","url":"https:\/\/www.alumni.space\/es\/","name":"Alumni.space","description":"My WordPress Blog","potentialAction":[{"@type":"SearchAction","target":{"@type":"EntryPoint","urlTemplate":"https:\/\/www.alumni.space\/es\/?s={search_term_string}"},"query-input":{"@type":"PropertyValueSpecification","valueRequired":true,"valueName":"search_term_string"}}],"inLanguage":"es"},{"@type":"Person","@id":"https:\/\/www.alumni.space\/es\/#\/schema\/person\/fede362a57876edda476a61f05ce5b15","name":"admin","image":{"@type":"ImageObject","inLanguage":"es","@id":"https:\/\/secure.gravatar.com\/avatar\/318e234ae94f90d4d629428d6b983c08e31181c28f579e08a021180d759ea651?s=96&d=mm&r=g","url":"https:\/\/secure.gravatar.com\/avatar\/318e234ae94f90d4d629428d6b983c08e31181c28f579e08a021180d759ea651?s=96&d=mm&r=g","contentUrl":"https:\/\/secure.gravatar.com\/avatar\/318e234ae94f90d4d629428d6b983c08e31181c28f579e08a021180d759ea651?s=96&d=mm&r=g","caption":"admin"},"description":"Nicolas Laustriat a construit sa sp\u00e9cialit\u00e9 sur un sujet que beaucoup d\u2019organisations d\u00e9couvrent trop tard : ce qui dispara\u00eet quand les gens partent. Dipl\u00f4m\u00e9 en conception de produit industriel, il bifurque vers le digital fin 1996, il couvre les transformations marques, RH, la fid\u00e9lisation, la marque employeur. Sur le terrain, il rep\u00e8re un angle mort r\u00e9current : l\u2019entreprise investit dans le recrutement, la formation, les process\u2026 puis laisse filer le lien au moment du d\u00e9part, avec une perte de savoir et d\u2019influence qui se paie en silence. Il se sp\u00e9cialise alors sur les communaut\u00e9s d\u2019alumni, le mentorat, l\u2019entraide interg\u00e9n\u00e9rationnelle et la transmission d\u2019expertise. Il passe du \u201cconstat\u201d aux m\u00e9thodes : animation, gouvernance, segmentation, rituels, mesure d\u2019engagement, articulation avec la RSE et l\u2019employabilit\u00e9. Il interviewe DRH, responsables formation, directions d\u2019\u00e9coles, associations et fondations, avec une obsession : transformer un r\u00e9seau dormant en m\u00e9canisme utile (cooptation, mentorat, job board, entraide, \u00e9v\u00e9nements, contenus). Son style : direct, orient\u00e9 action, sans folklore. Sa conviction : une communaut\u00e9 n\u2019a pas besoin de bruit, elle a besoin de raisons de revenir.","sameAs":["https:\/\/www.alumni.space"]}]}},"_links":{"self":[{"href":"https:\/\/www.alumni.space\/es\/wp-json\/wp\/v2\/posts\/5325","targetHints":{"allow":["GET"]}}],"collection":[{"href":"https:\/\/www.alumni.space\/es\/wp-json\/wp\/v2\/posts"}],"about":[{"href":"https:\/\/www.alumni.space\/es\/wp-json\/wp\/v2\/types\/post"}],"author":[{"embeddable":true,"href":"https:\/\/www.alumni.space\/es\/wp-json\/wp\/v2\/users\/1"}],"replies":[{"embeddable":true,"href":"https:\/\/www.alumni.space\/es\/wp-json\/wp\/v2\/comments?post=5325"}],"version-history":[{"count":1,"href":"https:\/\/www.alumni.space\/es\/wp-json\/wp\/v2\/posts\/5325\/revisions"}],"predecessor-version":[{"id":5329,"href":"https:\/\/www.alumni.space\/es\/wp-json\/wp\/v2\/posts\/5325\/revisions\/5329"}],"wp:featuredmedia":[{"embeddable":true,"href":"https:\/\/www.alumni.space\/es\/wp-json\/wp\/v2\/media\/5327"}],"wp:attachment":[{"href":"https:\/\/www.alumni.space\/es\/wp-json\/wp\/v2\/media?parent=5325"}],"wp:term":[{"taxonomy":"category","embeddable":true,"href":"https:\/\/www.alumni.space\/es\/wp-json\/wp\/v2\/categories?post=5325"},{"taxonomy":"post_tag","embeddable":true,"href":"https:\/\/www.alumni.space\/es\/wp-json\/wp\/v2\/tags?post=5325"}],"curies":[{"name":"wp","href":"https:\/\/api.w.org\/{rel}","templated":true}]}}