{"id":5294,"date":"2025-03-09T12:50:52","date_gmt":"2025-03-09T12:50:52","guid":{"rendered":"https:\/\/www.alumni.space\/formacion-o-tutoria-por-que-elegir-ambas\/"},"modified":"2026-04-02T09:19:04","modified_gmt":"2026-04-02T09:19:04","slug":"formacion-o-tutoria-por-que-elegir-ambas","status":"publish","type":"post","link":"https:\/\/www.alumni.space\/es\/formacion-o-tutoria-por-que-elegir-ambas\/","title":{"rendered":"Formaci\u00f3n o tutor\u00eda: \u00bfpor qu\u00e9 elegir ambas?"},"content":{"rendered":"<p>El a\u00f1o 2026 marca un punto de inflexi\u00f3n decisivo en la gesti\u00f3n del talento en las organizaciones modernas. Los m\u00e9todos tradicionales de aprendizaje se enfrentan a una creciente necesidad de conexi\u00f3n y significado humanos. Para impulsar<strong>el desarrollo profesional<\/strong>, la combinaci\u00f3n de <strong>formaci\u00f3n<\/strong> t\u00e9cnica y <strong>tutor\u00eda<\/strong> se perfila como la estrategia ganadora. Este d\u00fao infunde una nueva <strong>motivaci\u00f3n<\/strong> al transformar los conocimientos te\u00f3ricos en sabidur\u00eda operativa.   <\/p><div id=\"ez-toc-container\" class=\"ez-toc-v2_0_82_2 counter-flat ez-toc-counter ez-toc-grey ez-toc-container-direction\">\n<div class=\"ez-toc-title-container\"><p class=\"ez-toc-title\" style=\"cursor:inherit\">En este art\u00edculo se trata lo siguiente:<\/p>\n<\/div><nav><ul class='ez-toc-list ez-toc-list-level-1 ' ><li class='ez-toc-page-1'><a class=\"ez-toc-link ez-toc-heading-1\" href=\"https:\/\/www.alumni.space\/es\/formacion-o-tutoria-por-que-elegir-ambas\/#Optimizar_la_transferencia_de_competencias_con_el_duo_ganador\" >Optimizar la transferencia de competencias con el d\u00fao ganador<\/a><\/li><li class='ez-toc-page-1'><a class=\"ez-toc-link ez-toc-heading-2\" href=\"https:\/\/www.alumni.space\/es\/formacion-o-tutoria-por-que-elegir-ambas\/#El_papel_del_vinculo_humano_en_el_exito_colectivo\" >El papel del v\u00ednculo humano en el \u00e9xito colectivo<\/a><\/li><li class='ez-toc-page-1'><a class=\"ez-toc-link ez-toc-heading-3\" href=\"https:\/\/www.alumni.space\/es\/formacion-o-tutoria-por-que-elegir-ambas\/#Responsabilidad_social_de_las_empresas_y_promocion_de_la_marca_empleador\" >Responsabilidad social de las empresas y promoci\u00f3n de la marca empleador<\/a><\/li><li class='ez-toc-page-1'><a class=\"ez-toc-link ez-toc-heading-4\" href=\"https:\/\/www.alumni.space\/es\/formacion-o-tutoria-por-que-elegir-ambas\/#Industrializar_la_amabilidad_con_una_plataforma_dedicada\" >Industrializar la amabilidad con una plataforma dedicada<\/a><\/li><\/ul><\/nav><\/div>\n<h2 class=\"wp-block-heading\"><span class=\"ez-toc-section\" id=\"Optimizar_la_transferencia_de_competencias_con_el_duo_ganador\"><\/span>Optimizar la transferencia de competencias con el d\u00fao ganador<span class=\"ez-toc-section-end\"><\/span><\/h2><p>El conocimiento en bruto se evapora sin una r\u00e1pida aplicaci\u00f3n sobre el terreno.<strong>El aprendizaje<\/strong> s\u00f3lo se acelera cuando se cruzan expertos y novatos. <strong>El coaching<\/strong> interno proporciona el espejo necesario para el progreso continuo y la adquisici\u00f3n de nuevas <strong>habilidades<\/strong>. Utilizando alumni.space, las organizaciones pueden automatizar el emparejamiento de pares para evitar que se desperdicie el conocimiento acumulado.   <\/p><figure class=\"wp-block-image size-full\"><img decoding=\"async\" width=\"1280\" height=\"768\" src=\"https:\/\/www.alumni.space\/wp-content\/uploads\/2026\/03\/Formation-ou-mentorat-pourquoi-choisir-les-deux-1-1.jpg\" data-orig-src=\"https:\/\/www.alumni.space\/wp-content\/uploads\/2026\/03\/Formation-ou-mentorat-pourquoi-choisir-les-deux-1-1.jpg\" alt=\"descubre por qu\u00e9 combinar formaci\u00f3n y tutor\u00eda puede maximizar tu aprendizaje y acelerar el \u00e9xito de tu carrera.\" class=\"lazyload wp-image-3522\" srcset=\"data:image\/svg+xml,%3Csvg%20xmlns%3D%27http%3A%2F%2Fwww.w3.org%2F2000%2Fsvg%27%20width%3D%271280%27%20height%3D%27768%27%20viewBox%3D%270%200%201280%20768%27%3E%3Crect%20width%3D%271280%27%20height%3D%27768%27%20fill-opacity%3D%220%22%2F%3E%3C%2Fsvg%3E\" data-srcset=\"https:\/\/www.alumni.space\/wp-content\/uploads\/2026\/03\/Formation-ou-mentorat-pourquoi-choisir-les-deux-1-1-200x120.jpg 200w, https:\/\/www.alumni.space\/wp-content\/uploads\/2026\/03\/Formation-ou-mentorat-pourquoi-choisir-les-deux-1-1-300x180.jpg 300w, https:\/\/www.alumni.space\/wp-content\/uploads\/2026\/03\/Formation-ou-mentorat-pourquoi-choisir-les-deux-1-1-400x240.jpg 400w, https:\/\/www.alumni.space\/wp-content\/uploads\/2026\/03\/Formation-ou-mentorat-pourquoi-choisir-les-deux-1-1-600x360.jpg 600w, https:\/\/www.alumni.space\/wp-content\/uploads\/2026\/03\/Formation-ou-mentorat-pourquoi-choisir-les-deux-1-1-768x461.jpg 768w, https:\/\/www.alumni.space\/wp-content\/uploads\/2026\/03\/Formation-ou-mentorat-pourquoi-choisir-les-deux-1-1-800x480.jpg 800w, https:\/\/www.alumni.space\/wp-content\/uploads\/2026\/03\/Formation-ou-mentorat-pourquoi-choisir-les-deux-1-1-1024x614.jpg 1024w, https:\/\/www.alumni.space\/wp-content\/uploads\/2026\/03\/Formation-ou-mentorat-pourquoi-choisir-les-deux-1-1-1200x720.jpg 1200w, https:\/\/www.alumni.space\/wp-content\/uploads\/2026\/03\/Formation-ou-mentorat-pourquoi-choisir-les-deux-1-1.jpg 1280w\" data-sizes=\"auto\" data-orig-sizes=\"(max-width: 1280px) 100vw, 1280px\" \/><\/figure><h3 class=\"wp-block-heading\"><span class=\"ez-toc-section\" id=\"El_papel_del_vinculo_humano_en_el_exito_colectivo\"><\/span>El papel del v\u00ednculo humano en el \u00e9xito colectivo<span class=\"ez-toc-section-end\"><\/span><\/h3><p>El<strong>apoyo<\/strong> personalizado va m\u00e1s all\u00e1 de la simple transmisi\u00f3n de instrucciones. Forja un fuerte sentimiento de pertenencia a la red. La <strong>transmisi\u00f3n de conocimientos<\/strong> se convierte en un acto de generosidad rec\u00edproca que refuerza el compromiso de los empleados. La <a href=\"https:\/\/www.alumni.space\/es\/como-medir-el-impacto-de-un-programa-de-tutoria-empresarial\/\">medici\u00f3n del impacto de la tutor\u00eda<\/a> demuestra la rentabilidad de este enfoque centrado en las personas. Los responsables de la toma de decisiones observan un aumento de la lealtad y una integraci\u00f3n mucho m\u00e1s fluida de los nuevos contratados.   <\/p><h2 class=\"wp-block-heading\"><span class=\"ez-toc-section\" id=\"Responsabilidad_social_de_las_empresas_y_promocion_de_la_marca_empleador\"><\/span>Responsabilidad social de las empresas y promoci\u00f3n de la marca empleador<span class=\"ez-toc-section-end\"><\/span><\/h2><p>La implicaci\u00f3n social de una empresa se expresa manteniendo un v\u00ednculo vivo con sus miembros hist\u00f3ricos. Orquestar el intercambio de experiencias y el apoyo mutuo intergeneracional realza el patrimonio inmaterial al tiempo que combate la obsolescencia t\u00e9cnica. Este enfoque refuerza la imagen de marca, transformando a cada empleado en un aut\u00e9ntico portavoz. La incorporaci\u00f3n de nuevos empleados es m\u00e1s f\u00e1cil gracias a esta red de seguridad relacional. Las herramientas de gesti\u00f3n actuales traducen estas interacciones en datos concretos, demostrando que la <a href=\"https:\/\/www.alumni.space\/es\/la-tutoria-como-parte-de-la-estrategia-de-rrhh-del-manana\/\">estrategia de RRHH<\/a> tiene un impacto real en el rendimiento global.    <\/p><h3 class=\"wp-block-heading\"><span class=\"ez-toc-section\" id=\"Industrializar_la_amabilidad_con_una_plataforma_dedicada\"><\/span>Industrializar la amabilidad con una plataforma dedicada<span class=\"ez-toc-section-end\"><\/span><\/h3><p>Gestionar cientos de perfiles requiere una herramienta de alto rendimiento que evite la dispersi\u00f3n de archivos. La soluci\u00f3n SaaS alumni.space centraliza las ofertas de empleo, los eventos y la bolsa de trabajo en un \u00fanico ecosistema. Los gestores controlan la red con precisi\u00f3n quir\u00fargica, al tiempo que fomentan el <strong>desarrollo profesional<\/strong> continuo. Reunir, transmitir y cultivar el talento sigue estando en el centro de esta transformaci\u00f3n digital. Solicitar una demostraci\u00f3n es el primer paso para liberar el potencial de tu comunidad.    <\/p>","protected":false},"excerpt":{"rendered":"<p>El a\u00f1o 2026 marca un punto de inflexi\u00f3n decisivo en  [&#8230;]<\/p>\n","protected":false},"author":1,"featured_media":5296,"comment_status":"closed","ping_status":"","sticky":false,"template":"","format":"standard","meta":{"_ayudawp_aiss_exclude":false,"footnotes":""},"categories":[73],"tags":[],"class_list":["post-5294","post","type-post","status-publish","format-standard","has-post-thumbnail","hentry","category-tutoria"],"yoast_head":"<!-- This site is optimized with the Yoast SEO plugin v27.4 - https:\/\/yoast.com\/product\/yoast-seo-wordpress\/ -->\n<title>Formaci\u00f3n y tutor\u00eda: una combinaci\u00f3n ganadora<\/title>\n<meta name=\"description\" content=\"Descubre por qu\u00e9 combinar formaci\u00f3n y tutor\u00eda optimiza tu aprendizaje e impulsa tu carrera. \u00a1Combina teor\u00eda y pr\u00e1ctica con eficacia!\" \/>\n<meta name=\"robots\" content=\"index, follow, max-snippet:-1, max-image-preview:large, max-video-preview:-1\" \/>\n<link rel=\"canonical\" href=\"https:\/\/www.alumni.space\/es\/formacion-o-tutoria-por-que-elegir-ambas\/\" \/>\n<meta property=\"og:locale\" content=\"es_ES\" \/>\n<meta property=\"og:type\" content=\"article\" \/>\n<meta property=\"og:title\" content=\"Formaci\u00f3n y tutor\u00eda: una combinaci\u00f3n ganadora\" \/>\n<meta property=\"og:description\" content=\"Descubre por qu\u00e9 combinar formaci\u00f3n y tutor\u00eda optimiza tu aprendizaje e impulsa tu carrera. \u00a1Combina teor\u00eda y pr\u00e1ctica con eficacia!\" \/>\n<meta property=\"og:url\" content=\"https:\/\/www.alumni.space\/es\/formacion-o-tutoria-por-que-elegir-ambas\/\" \/>\n<meta property=\"og:site_name\" content=\"Alumni.space\" \/>\n<meta property=\"article:published_time\" content=\"2025-03-09T12:50:52+00:00\" \/>\n<meta property=\"article:modified_time\" content=\"2026-04-02T09:19:04+00:00\" \/>\n<meta property=\"og:image\" content=\"https:\/\/www.alumni.space\/wp-content\/uploads\/2026\/03\/Formation-ou-mentorat-pourquoi-choisir-les-deux-.jpg\" \/>\n\t<meta property=\"og:image:width\" content=\"1280\" \/>\n\t<meta property=\"og:image:height\" content=\"768\" \/>\n\t<meta property=\"og:image:type\" content=\"image\/jpeg\" \/>\n<meta name=\"author\" content=\"admin\" \/>\n<meta name=\"twitter:card\" content=\"summary_large_image\" \/>\n<meta name=\"twitter:label1\" content=\"Escrito por\" \/>\n\t<meta name=\"twitter:data1\" content=\"admin\" \/>\n\t<meta name=\"twitter:label2\" content=\"Tiempo de lectura\" \/>\n\t<meta name=\"twitter:data2\" content=\"2 minutos\" \/>\n<script type=\"application\/ld+json\" class=\"yoast-schema-graph\">{\"@context\":\"https:\\\/\\\/schema.org\",\"@graph\":[{\"@type\":\"Article\",\"@id\":\"https:\\\/\\\/www.alumni.space\\\/es\\\/formacion-o-tutoria-por-que-elegir-ambas\\\/#article\",\"isPartOf\":{\"@id\":\"https:\\\/\\\/www.alumni.space\\\/es\\\/formacion-o-tutoria-por-que-elegir-ambas\\\/\"},\"author\":{\"name\":\"admin\",\"@id\":\"https:\\\/\\\/www.alumni.space\\\/es\\\/#\\\/schema\\\/person\\\/fede362a57876edda476a61f05ce5b15\"},\"headline\":\"Formaci\u00f3n o tutor\u00eda: \u00bfpor qu\u00e9 elegir ambas?\",\"datePublished\":\"2025-03-09T12:50:52+00:00\",\"dateModified\":\"2026-04-02T09:19:04+00:00\",\"mainEntityOfPage\":{\"@id\":\"https:\\\/\\\/www.alumni.space\\\/es\\\/formacion-o-tutoria-por-que-elegir-ambas\\\/\"},\"wordCount\":465,\"image\":{\"@id\":\"https:\\\/\\\/www.alumni.space\\\/es\\\/formacion-o-tutoria-por-que-elegir-ambas\\\/#primaryimage\"},\"thumbnailUrl\":\"https:\\\/\\\/www.alumni.space\\\/wp-content\\\/uploads\\\/2026\\\/03\\\/Formation-ou-mentorat-pourquoi-choisir-les-deux-.jpg\",\"articleSection\":[\"Tutor\u00eda\"],\"inLanguage\":\"es\"},{\"@type\":\"WebPage\",\"@id\":\"https:\\\/\\\/www.alumni.space\\\/es\\\/formacion-o-tutoria-por-que-elegir-ambas\\\/\",\"url\":\"https:\\\/\\\/www.alumni.space\\\/es\\\/formacion-o-tutoria-por-que-elegir-ambas\\\/\",\"name\":\"Formaci\u00f3n y tutor\u00eda: una combinaci\u00f3n ganadora\",\"isPartOf\":{\"@id\":\"https:\\\/\\\/www.alumni.space\\\/es\\\/#website\"},\"primaryImageOfPage\":{\"@id\":\"https:\\\/\\\/www.alumni.space\\\/es\\\/formacion-o-tutoria-por-que-elegir-ambas\\\/#primaryimage\"},\"image\":{\"@id\":\"https:\\\/\\\/www.alumni.space\\\/es\\\/formacion-o-tutoria-por-que-elegir-ambas\\\/#primaryimage\"},\"thumbnailUrl\":\"https:\\\/\\\/www.alumni.space\\\/wp-content\\\/uploads\\\/2026\\\/03\\\/Formation-ou-mentorat-pourquoi-choisir-les-deux-.jpg\",\"datePublished\":\"2025-03-09T12:50:52+00:00\",\"dateModified\":\"2026-04-02T09:19:04+00:00\",\"author\":{\"@id\":\"https:\\\/\\\/www.alumni.space\\\/es\\\/#\\\/schema\\\/person\\\/fede362a57876edda476a61f05ce5b15\"},\"description\":\"Descubre por qu\u00e9 combinar formaci\u00f3n y tutor\u00eda optimiza tu aprendizaje e impulsa tu carrera. \u00a1Combina teor\u00eda y pr\u00e1ctica con eficacia!\",\"breadcrumb\":{\"@id\":\"https:\\\/\\\/www.alumni.space\\\/es\\\/formacion-o-tutoria-por-que-elegir-ambas\\\/#breadcrumb\"},\"inLanguage\":\"es\",\"potentialAction\":[{\"@type\":\"ReadAction\",\"target\":[\"https:\\\/\\\/www.alumni.space\\\/es\\\/formacion-o-tutoria-por-que-elegir-ambas\\\/\"]}]},{\"@type\":\"ImageObject\",\"inLanguage\":\"es\",\"@id\":\"https:\\\/\\\/www.alumni.space\\\/es\\\/formacion-o-tutoria-por-que-elegir-ambas\\\/#primaryimage\",\"url\":\"https:\\\/\\\/www.alumni.space\\\/wp-content\\\/uploads\\\/2026\\\/03\\\/Formation-ou-mentorat-pourquoi-choisir-les-deux-.jpg\",\"contentUrl\":\"https:\\\/\\\/www.alumni.space\\\/wp-content\\\/uploads\\\/2026\\\/03\\\/Formation-ou-mentorat-pourquoi-choisir-les-deux-.jpg\",\"width\":1280,\"height\":768,\"caption\":\"descubre por qu\u00e9 combinar formaci\u00f3n y tutor\u00eda es la mejor estrategia para desarrollar tus capacidades y alcanzar tus objetivos profesionales con eficacia.\"},{\"@type\":\"BreadcrumbList\",\"@id\":\"https:\\\/\\\/www.alumni.space\\\/es\\\/formacion-o-tutoria-por-que-elegir-ambas\\\/#breadcrumb\",\"itemListElement\":[{\"@type\":\"ListItem\",\"position\":1,\"name\":\"Home\",\"item\":\"https:\\\/\\\/www.alumni.space\\\/es\\\/plataforma-de-tutoria-y-gestion-de-antiguos-alumnos\\\/\"},{\"@type\":\"ListItem\",\"position\":2,\"name\":\"Formaci\u00f3n o tutor\u00eda: \u00bfpor qu\u00e9 elegir ambas?\"}]},{\"@type\":\"WebSite\",\"@id\":\"https:\\\/\\\/www.alumni.space\\\/es\\\/#website\",\"url\":\"https:\\\/\\\/www.alumni.space\\\/es\\\/\",\"name\":\"Alumni.space\",\"description\":\"My WordPress Blog\",\"potentialAction\":[{\"@type\":\"SearchAction\",\"target\":{\"@type\":\"EntryPoint\",\"urlTemplate\":\"https:\\\/\\\/www.alumni.space\\\/es\\\/?s={search_term_string}\"},\"query-input\":{\"@type\":\"PropertyValueSpecification\",\"valueRequired\":true,\"valueName\":\"search_term_string\"}}],\"inLanguage\":\"es\"},{\"@type\":\"Person\",\"@id\":\"https:\\\/\\\/www.alumni.space\\\/es\\\/#\\\/schema\\\/person\\\/fede362a57876edda476a61f05ce5b15\",\"name\":\"admin\",\"image\":{\"@type\":\"ImageObject\",\"inLanguage\":\"es\",\"@id\":\"https:\\\/\\\/secure.gravatar.com\\\/avatar\\\/318e234ae94f90d4d629428d6b983c08e31181c28f579e08a021180d759ea651?s=96&d=mm&r=g\",\"url\":\"https:\\\/\\\/secure.gravatar.com\\\/avatar\\\/318e234ae94f90d4d629428d6b983c08e31181c28f579e08a021180d759ea651?s=96&d=mm&r=g\",\"contentUrl\":\"https:\\\/\\\/secure.gravatar.com\\\/avatar\\\/318e234ae94f90d4d629428d6b983c08e31181c28f579e08a021180d759ea651?s=96&d=mm&r=g\",\"caption\":\"admin\"},\"description\":\"Nicolas Laustriat a construit sa sp\u00e9cialit\u00e9 sur un sujet que beaucoup d\u2019organisations d\u00e9couvrent trop tard : ce qui dispara\u00eet quand les gens partent. Dipl\u00f4m\u00e9 en conception de produit industriel, il bifurque vers le digital fin 1996, il couvre les transformations marques, RH, la fid\u00e9lisation, la marque employeur. Sur le terrain, il rep\u00e8re un angle mort r\u00e9current : l\u2019entreprise investit dans le recrutement, la formation, les process\u2026 puis laisse filer le lien au moment du d\u00e9part, avec une perte de savoir et d\u2019influence qui se paie en silence. Il se sp\u00e9cialise alors sur les communaut\u00e9s d\u2019alumni, le mentorat, l\u2019entraide interg\u00e9n\u00e9rationnelle et la transmission d\u2019expertise. Il passe du \u201cconstat\u201d aux m\u00e9thodes : animation, gouvernance, segmentation, rituels, mesure d\u2019engagement, articulation avec la RSE et l\u2019employabilit\u00e9. Il interviewe DRH, responsables formation, directions d\u2019\u00e9coles, associations et fondations, avec une obsession : transformer un r\u00e9seau dormant en m\u00e9canisme utile (cooptation, mentorat, job board, entraide, \u00e9v\u00e9nements, contenus). Son style : direct, orient\u00e9 action, sans folklore. Sa conviction : une communaut\u00e9 n\u2019a pas besoin de bruit, elle a besoin de raisons de revenir.\",\"sameAs\":[\"https:\\\/\\\/www.alumni.space\"]}]}<\/script>\n<!-- \/ Yoast SEO plugin. -->","yoast_head_json":{"title":"Formaci\u00f3n y tutor\u00eda: una combinaci\u00f3n ganadora","description":"Descubre por qu\u00e9 combinar formaci\u00f3n y tutor\u00eda optimiza tu aprendizaje e impulsa tu carrera. \u00a1Combina teor\u00eda y pr\u00e1ctica con eficacia!","robots":{"index":"index","follow":"follow","max-snippet":"max-snippet:-1","max-image-preview":"max-image-preview:large","max-video-preview":"max-video-preview:-1"},"canonical":"https:\/\/www.alumni.space\/es\/formacion-o-tutoria-por-que-elegir-ambas\/","og_locale":"es_ES","og_type":"article","og_title":"Formaci\u00f3n y tutor\u00eda: una combinaci\u00f3n ganadora","og_description":"Descubre por qu\u00e9 combinar formaci\u00f3n y tutor\u00eda optimiza tu aprendizaje e impulsa tu carrera. \u00a1Combina teor\u00eda y pr\u00e1ctica con eficacia!","og_url":"https:\/\/www.alumni.space\/es\/formacion-o-tutoria-por-que-elegir-ambas\/","og_site_name":"Alumni.space","article_published_time":"2025-03-09T12:50:52+00:00","article_modified_time":"2026-04-02T09:19:04+00:00","og_image":[{"width":1280,"height":768,"url":"https:\/\/www.alumni.space\/wp-content\/uploads\/2026\/03\/Formation-ou-mentorat-pourquoi-choisir-les-deux-.jpg","type":"image\/jpeg"}],"author":"admin","twitter_card":"summary_large_image","twitter_misc":{"Escrito por":"admin","Tiempo de lectura":"2 minutos"},"schema":{"@context":"https:\/\/schema.org","@graph":[{"@type":"Article","@id":"https:\/\/www.alumni.space\/es\/formacion-o-tutoria-por-que-elegir-ambas\/#article","isPartOf":{"@id":"https:\/\/www.alumni.space\/es\/formacion-o-tutoria-por-que-elegir-ambas\/"},"author":{"name":"admin","@id":"https:\/\/www.alumni.space\/es\/#\/schema\/person\/fede362a57876edda476a61f05ce5b15"},"headline":"Formaci\u00f3n o tutor\u00eda: \u00bfpor qu\u00e9 elegir ambas?","datePublished":"2025-03-09T12:50:52+00:00","dateModified":"2026-04-02T09:19:04+00:00","mainEntityOfPage":{"@id":"https:\/\/www.alumni.space\/es\/formacion-o-tutoria-por-que-elegir-ambas\/"},"wordCount":465,"image":{"@id":"https:\/\/www.alumni.space\/es\/formacion-o-tutoria-por-que-elegir-ambas\/#primaryimage"},"thumbnailUrl":"https:\/\/www.alumni.space\/wp-content\/uploads\/2026\/03\/Formation-ou-mentorat-pourquoi-choisir-les-deux-.jpg","articleSection":["Tutor\u00eda"],"inLanguage":"es"},{"@type":"WebPage","@id":"https:\/\/www.alumni.space\/es\/formacion-o-tutoria-por-que-elegir-ambas\/","url":"https:\/\/www.alumni.space\/es\/formacion-o-tutoria-por-que-elegir-ambas\/","name":"Formaci\u00f3n y tutor\u00eda: una combinaci\u00f3n ganadora","isPartOf":{"@id":"https:\/\/www.alumni.space\/es\/#website"},"primaryImageOfPage":{"@id":"https:\/\/www.alumni.space\/es\/formacion-o-tutoria-por-que-elegir-ambas\/#primaryimage"},"image":{"@id":"https:\/\/www.alumni.space\/es\/formacion-o-tutoria-por-que-elegir-ambas\/#primaryimage"},"thumbnailUrl":"https:\/\/www.alumni.space\/wp-content\/uploads\/2026\/03\/Formation-ou-mentorat-pourquoi-choisir-les-deux-.jpg","datePublished":"2025-03-09T12:50:52+00:00","dateModified":"2026-04-02T09:19:04+00:00","author":{"@id":"https:\/\/www.alumni.space\/es\/#\/schema\/person\/fede362a57876edda476a61f05ce5b15"},"description":"Descubre por qu\u00e9 combinar formaci\u00f3n y tutor\u00eda optimiza tu aprendizaje e impulsa tu carrera. \u00a1Combina teor\u00eda y pr\u00e1ctica con eficacia!","breadcrumb":{"@id":"https:\/\/www.alumni.space\/es\/formacion-o-tutoria-por-que-elegir-ambas\/#breadcrumb"},"inLanguage":"es","potentialAction":[{"@type":"ReadAction","target":["https:\/\/www.alumni.space\/es\/formacion-o-tutoria-por-que-elegir-ambas\/"]}]},{"@type":"ImageObject","inLanguage":"es","@id":"https:\/\/www.alumni.space\/es\/formacion-o-tutoria-por-que-elegir-ambas\/#primaryimage","url":"https:\/\/www.alumni.space\/wp-content\/uploads\/2026\/03\/Formation-ou-mentorat-pourquoi-choisir-les-deux-.jpg","contentUrl":"https:\/\/www.alumni.space\/wp-content\/uploads\/2026\/03\/Formation-ou-mentorat-pourquoi-choisir-les-deux-.jpg","width":1280,"height":768,"caption":"descubre por qu\u00e9 combinar formaci\u00f3n y tutor\u00eda es la mejor estrategia para desarrollar tus capacidades y alcanzar tus objetivos profesionales con eficacia."},{"@type":"BreadcrumbList","@id":"https:\/\/www.alumni.space\/es\/formacion-o-tutoria-por-que-elegir-ambas\/#breadcrumb","itemListElement":[{"@type":"ListItem","position":1,"name":"Home","item":"https:\/\/www.alumni.space\/es\/plataforma-de-tutoria-y-gestion-de-antiguos-alumnos\/"},{"@type":"ListItem","position":2,"name":"Formaci\u00f3n o tutor\u00eda: \u00bfpor qu\u00e9 elegir ambas?"}]},{"@type":"WebSite","@id":"https:\/\/www.alumni.space\/es\/#website","url":"https:\/\/www.alumni.space\/es\/","name":"Alumni.space","description":"My WordPress Blog","potentialAction":[{"@type":"SearchAction","target":{"@type":"EntryPoint","urlTemplate":"https:\/\/www.alumni.space\/es\/?s={search_term_string}"},"query-input":{"@type":"PropertyValueSpecification","valueRequired":true,"valueName":"search_term_string"}}],"inLanguage":"es"},{"@type":"Person","@id":"https:\/\/www.alumni.space\/es\/#\/schema\/person\/fede362a57876edda476a61f05ce5b15","name":"admin","image":{"@type":"ImageObject","inLanguage":"es","@id":"https:\/\/secure.gravatar.com\/avatar\/318e234ae94f90d4d629428d6b983c08e31181c28f579e08a021180d759ea651?s=96&d=mm&r=g","url":"https:\/\/secure.gravatar.com\/avatar\/318e234ae94f90d4d629428d6b983c08e31181c28f579e08a021180d759ea651?s=96&d=mm&r=g","contentUrl":"https:\/\/secure.gravatar.com\/avatar\/318e234ae94f90d4d629428d6b983c08e31181c28f579e08a021180d759ea651?s=96&d=mm&r=g","caption":"admin"},"description":"Nicolas Laustriat a construit sa sp\u00e9cialit\u00e9 sur un sujet que beaucoup d\u2019organisations d\u00e9couvrent trop tard : ce qui dispara\u00eet quand les gens partent. Dipl\u00f4m\u00e9 en conception de produit industriel, il bifurque vers le digital fin 1996, il couvre les transformations marques, RH, la fid\u00e9lisation, la marque employeur. Sur le terrain, il rep\u00e8re un angle mort r\u00e9current : l\u2019entreprise investit dans le recrutement, la formation, les process\u2026 puis laisse filer le lien au moment du d\u00e9part, avec une perte de savoir et d\u2019influence qui se paie en silence. Il se sp\u00e9cialise alors sur les communaut\u00e9s d\u2019alumni, le mentorat, l\u2019entraide interg\u00e9n\u00e9rationnelle et la transmission d\u2019expertise. Il passe du \u201cconstat\u201d aux m\u00e9thodes : animation, gouvernance, segmentation, rituels, mesure d\u2019engagement, articulation avec la RSE et l\u2019employabilit\u00e9. Il interviewe DRH, responsables formation, directions d\u2019\u00e9coles, associations et fondations, avec une obsession : transformer un r\u00e9seau dormant en m\u00e9canisme utile (cooptation, mentorat, job board, entraide, \u00e9v\u00e9nements, contenus). Son style : direct, orient\u00e9 action, sans folklore. Sa conviction : une communaut\u00e9 n\u2019a pas besoin de bruit, elle a besoin de raisons de revenir.","sameAs":["https:\/\/www.alumni.space"]}]}},"_links":{"self":[{"href":"https:\/\/www.alumni.space\/es\/wp-json\/wp\/v2\/posts\/5294","targetHints":{"allow":["GET"]}}],"collection":[{"href":"https:\/\/www.alumni.space\/es\/wp-json\/wp\/v2\/posts"}],"about":[{"href":"https:\/\/www.alumni.space\/es\/wp-json\/wp\/v2\/types\/post"}],"author":[{"embeddable":true,"href":"https:\/\/www.alumni.space\/es\/wp-json\/wp\/v2\/users\/1"}],"replies":[{"embeddable":true,"href":"https:\/\/www.alumni.space\/es\/wp-json\/wp\/v2\/comments?post=5294"}],"version-history":[{"count":1,"href":"https:\/\/www.alumni.space\/es\/wp-json\/wp\/v2\/posts\/5294\/revisions"}],"predecessor-version":[{"id":5298,"href":"https:\/\/www.alumni.space\/es\/wp-json\/wp\/v2\/posts\/5294\/revisions\/5298"}],"wp:featuredmedia":[{"embeddable":true,"href":"https:\/\/www.alumni.space\/es\/wp-json\/wp\/v2\/media\/5296"}],"wp:attachment":[{"href":"https:\/\/www.alumni.space\/es\/wp-json\/wp\/v2\/media?parent=5294"}],"wp:term":[{"taxonomy":"category","embeddable":true,"href":"https:\/\/www.alumni.space\/es\/wp-json\/wp\/v2\/categories?post=5294"},{"taxonomy":"post_tag","embeddable":true,"href":"https:\/\/www.alumni.space\/es\/wp-json\/wp\/v2\/tags?post=5294"}],"curies":[{"name":"wp","href":"https:\/\/api.w.org\/{rel}","templated":true}]}}