{"id":5269,"date":"2025-08-09T22:16:19","date_gmt":"2025-08-09T22:16:19","guid":{"rendered":"https:\/\/www.alumni.space\/transporte-y-logistica-como-evitar-la-fuga-de-cerebros\/"},"modified":"2026-04-02T09:19:59","modified_gmt":"2026-04-02T09:19:59","slug":"transporte-y-logistica-como-evitar-la-fuga-de-cerebros","status":"publish","type":"post","link":"https:\/\/www.alumni.space\/es\/transporte-y-logistica-como-evitar-la-fuga-de-cerebros\/","title":{"rendered":"Transporte y log\u00edstica: \u00bfc\u00f3mo evitar la fuga de cerebros?"},"content":{"rendered":"<div id=\"ez-toc-container\" class=\"ez-toc-v2_0_82_2 counter-flat ez-toc-counter ez-toc-grey ez-toc-container-direction\">\n<div class=\"ez-toc-title-container\"><p class=\"ez-toc-title\" style=\"cursor:inherit\">En este art\u00edculo se trata lo siguiente:<\/p>\n<\/div><nav><ul class='ez-toc-list ez-toc-list-level-1 ' ><li class='ez-toc-page-1'><a class=\"ez-toc-link ez-toc-heading-1\" href=\"https:\/\/www.alumni.space\/es\/transporte-y-logistica-como-evitar-la-fuga-de-cerebros\/#Transporte_y_logistica_cuestiones_cruciales_para_la_sostenibilidad_de_las_competencias_clave\" >Transporte y log\u00edstica: cuestiones cruciales para la sostenibilidad de las competencias clave<\/a><\/li><li class='ez-toc-page-1'><a class=\"ez-toc-link ez-toc-heading-2\" href=\"https:\/\/www.alumni.space\/es\/transporte-y-logistica-como-evitar-la-fuga-de-cerebros\/#Competencias_criticas_en_transporte_y_logistica_las_bases_que_hay_que_preservar\" >Competencias cr\u00edticas en transporte y log\u00edstica: las bases que hay que preservar<\/a><\/li><li class='ez-toc-page-1'><a class=\"ez-toc-link ez-toc-heading-3\" href=\"https:\/\/www.alumni.space\/es\/transporte-y-logistica-como-evitar-la-fuga-de-cerebros\/#Por_que_el_talento_abandona_el_sector_comprender_la_fuga_de_competencias_clave\" >Por qu\u00e9 el talento abandona el sector: comprender la fuga de competencias clave<\/a><\/li><li class='ez-toc-page-1'><a class=\"ez-toc-link ez-toc-heading-4\" href=\"https:\/\/www.alumni.space\/es\/transporte-y-logistica-como-evitar-la-fuga-de-cerebros\/#Estrategias_eficaces_para_retener_las_competencias_logisticas_clave\" >Estrategias eficaces para retener las competencias log\u00edsticas clave<\/a><\/li><li class='ez-toc-page-1'><a class=\"ez-toc-link ez-toc-heading-5\" href=\"https:\/\/www.alumni.space\/es\/transporte-y-logistica-como-evitar-la-fuga-de-cerebros\/#Movilidad_interna_y_transferencia_de_conocimientos_palancas_complementarias\" >Movilidad interna y transferencia de conocimientos: palancas complementarias<\/a><\/li><li class='ez-toc-page-1'><a class=\"ez-toc-link ez-toc-heading-6\" href=\"https:\/\/www.alumni.space\/es\/transporte-y-logistica-como-evitar-la-fuga-de-cerebros\/#Construir_una_cultura_de_compromiso_sostenible_mediante_el_reconocimiento_y_la_innovacion_en_RRHH\" >Construir una cultura de compromiso sostenible mediante el reconocimiento y la innovaci\u00f3n en RRHH<\/a><\/li><\/ul><\/nav><\/div>\n<h2 class=\"wp-block-heading\"><span class=\"ez-toc-section\" id=\"Transporte_y_logistica_cuestiones_cruciales_para_la_sostenibilidad_de_las_competencias_clave\"><\/span><strong>Transporte y log\u00edstica:<\/strong> cuestiones cruciales para la sostenibilidad de las competencias clave<span class=\"ez-toc-section-end\"><\/span><\/h2><p>El sector del transporte y la log\u00edstica es un eslab\u00f3n esencial de la cadena mundial de suministro. La creciente complejidad de los flujos, la innovaci\u00f3n tecnol\u00f3gica y la globalizaci\u00f3n han aumentado la demanda de <strong>competencias clave<\/strong>. Sin embargo, estos conocimientos estrat\u00e9gicos siguen siendo fr\u00e1giles, expuestos a una fuga masiva hacia la competencia o fuera del sector. Este fen\u00f3meno amenaza la continuidad operativa y el rendimiento global de las empresas.   <\/p><p>En consecuencia, <strong>la gesti\u00f3n de los recursos humanos<\/strong> es una palanca esencial para reconstruir el v\u00ednculo entre los empleados y la organizaci\u00f3n. Evitar la p\u00e9rdida de talento requiere un sistema estructurado, que integre la <strong>formaci\u00f3n profesional<\/strong>, el desarrollo de la carrera y una mayor cultura de pertenencia. <\/p><figure class=\"wp-block-image size-full\"><img decoding=\"async\" width=\"1280\" height=\"768\" src=\"https:\/\/www.alumni.space\/wp-content\/uploads\/2026\/03\/Transport-et-logistique-comment-eviter-la-fuite-des-competences-cles-1-1.jpg\" data-orig-src=\"https:\/\/www.alumni.space\/wp-content\/uploads\/2026\/03\/Transport-et-logistique-comment-eviter-la-fuite-des-competences-cles-1-1.jpg\" alt=\"descubrir estrategias eficaces para conservar las competencias clave en el sector del transporte y la log\u00edstica y evitar que se marchen.\" class=\"lazyload wp-image-3276\" srcset=\"data:image\/svg+xml,%3Csvg%20xmlns%3D%27http%3A%2F%2Fwww.w3.org%2F2000%2Fsvg%27%20width%3D%271280%27%20height%3D%27768%27%20viewBox%3D%270%200%201280%20768%27%3E%3Crect%20width%3D%271280%27%20height%3D%27768%27%20fill-opacity%3D%220%22%2F%3E%3C%2Fsvg%3E\" data-srcset=\"https:\/\/www.alumni.space\/wp-content\/uploads\/2026\/03\/Transport-et-logistique-comment-eviter-la-fuite-des-competences-cles-1-1-200x120.jpg 200w, https:\/\/www.alumni.space\/wp-content\/uploads\/2026\/03\/Transport-et-logistique-comment-eviter-la-fuite-des-competences-cles-1-1-300x180.jpg 300w, https:\/\/www.alumni.space\/wp-content\/uploads\/2026\/03\/Transport-et-logistique-comment-eviter-la-fuite-des-competences-cles-1-1-400x240.jpg 400w, https:\/\/www.alumni.space\/wp-content\/uploads\/2026\/03\/Transport-et-logistique-comment-eviter-la-fuite-des-competences-cles-1-1-600x360.jpg 600w, https:\/\/www.alumni.space\/wp-content\/uploads\/2026\/03\/Transport-et-logistique-comment-eviter-la-fuite-des-competences-cles-1-1-768x461.jpg 768w, https:\/\/www.alumni.space\/wp-content\/uploads\/2026\/03\/Transport-et-logistique-comment-eviter-la-fuite-des-competences-cles-1-1-800x480.jpg 800w, https:\/\/www.alumni.space\/wp-content\/uploads\/2026\/03\/Transport-et-logistique-comment-eviter-la-fuite-des-competences-cles-1-1-1024x614.jpg 1024w, https:\/\/www.alumni.space\/wp-content\/uploads\/2026\/03\/Transport-et-logistique-comment-eviter-la-fuite-des-competences-cles-1-1-1200x720.jpg 1200w, https:\/\/www.alumni.space\/wp-content\/uploads\/2026\/03\/Transport-et-logistique-comment-eviter-la-fuite-des-competences-cles-1-1.jpg 1280w\" data-sizes=\"auto\" data-orig-sizes=\"(max-width: 1280px) 100vw, 1280px\" \/><\/figure><h3 class=\"wp-block-heading\"><span class=\"ez-toc-section\" id=\"Competencias_criticas_en_transporte_y_logistica_las_bases_que_hay_que_preservar\"><\/span><strong>Competencias cr\u00edticas en transporte y log\u00edstica:<\/strong> las bases que hay que preservar<span class=\"ez-toc-section-end\"><\/span><\/h3><p>Hoy en d\u00eda, las empresas operan en un contexto en el que las funciones log\u00edsticas requieren conocimientos t\u00e9cnicos avanzados y capacidad para adaptarse r\u00e1pidamente. Por ejemplo, el dominio avanzado de sistemas informatizados como el SGA se ha vuelto indispensable para orquestar los flujos con eficacia. Sin embargo, estos conocimientos siguen siendo escasos y concentrados, por lo que la p\u00e9rdida de un experto resulta especialmente costosa.  <\/p><p>Adem\u00e1s, las habilidades de los mandos intermedios desempe\u00f1an un papel fundamental. <strong>Coordinar equipos dispersos, anticiparse a la escasez de suministros<\/strong> o gestionar lo inesperado requiere un nivel de inteligencia situacional desarrollado sobre el terreno. Sin un desarrollo continuo de las capacidades, estas cualidades corren el riesgo de erosionarse. <\/p><p>Por \u00faltimo, la experiencia en el trato con socios externos, como transportistas y proveedores, es un activo intangible decisivo. La desaparici\u00f3n de un negociador experimentado debilita la capacidad de reacci\u00f3n en situaciones cr\u00edticas, lo que subraya la urgencia de estructurar la transmisi\u00f3n de estos conocimientos. <\/p><p>Esta din\u00e1mica se analiza con m\u00e1s detalle en un estudio sectorial que explora c\u00f3mo anticiparse y preparar a la industria para los cambios en las <a href=\"https:\/\/www.francelogistique.fr\/2022\/05\/31\/demarche-prospective-emplois-competences-dans-le-transport-logistique-anticiper-et-preparer-la-filiere-aux-changements\/\">competencias<\/a>.<\/p><h3 class=\"wp-block-heading\"><span class=\"ez-toc-section\" id=\"Por_que_el_talento_abandona_el_sector_comprender_la_fuga_de_competencias_clave\"><\/span><strong>Por qu\u00e9 el talento abandona el sector:<\/strong> comprender la fuga de competencias clave<span class=\"ez-toc-section-end\"><\/span><\/h3><p>Los abandonos voluntarios suelen ser el resultado de un <strong>sentimiento de falta de desarrollo profesional<\/strong>. El 62% de los profesionales citan la meseta alcanzada en su carrera como principal motivo de abandono. Las tareas repetitivas y la percepci\u00f3n de un reconocimiento insuficiente acent\u00faan estos sentimientos negativos.  <\/p><p>El sector tambi\u00e9n tiene que hacer frente a una guerra activa por el talento. Las atractivas ofertas de la competencia desencadenan una huida hacia entornos m\u00e1s gratificantes. El perfil que se busca combina conocimientos t\u00e9cnicos de vanguardia y visi\u00f3n estrat\u00e9gica, ambas cosas raras y valiosas.  <\/p><p>Para comprender esta din\u00e1mica, las perspectivas adicionales sobre la <a href=\"https:\/\/www.alumni.space\/es\/como-se-anticipan-los-laboratorios-a-la-fuga-de-cerebros\/\">fuga de competencias cient\u00edficas y t\u00e9cnicas<\/a> proporcionan un marco \u00fatil para modelar planes de acci\u00f3n adecuados.<\/p><h2 class=\"wp-block-heading\"><span class=\"ez-toc-section\" id=\"Estrategias_eficaces_para_retener_las_competencias_logisticas_clave\"><\/span><strong>Estrategias eficaces<\/strong> para retener las competencias log\u00edsticas clave<span class=\"ez-toc-section-end\"><\/span><\/h2><p>La puesta en marcha de un plan de acci\u00f3n s\u00f3lido comienza con un mapeo detallado de las <strong>competencias cr\u00edticas<\/strong> dentro de los equipos. Esto nos permite identificar los perfiles de alto valor a\u00f1adido y construir itinerarios de desarrollo personalizados. <\/p><p>Ofrecer perspectivas claras de desarrollo profesional fomenta el compromiso. Mostrar que es posible progresar de coordinador a gestor y a director de plataforma motiva a los empleados a invertir su talento a largo plazo. Las historias de \u00e9xito internas refuerzan esta visibilidad.  <\/p><p>Conceder autonom\u00eda en la organizaci\u00f3n del trabajo potencia el saber hacer experiencial. Los profesionales aprecian poder innovar y adaptar sus m\u00e9todos, estimulados por una confianza concreta. Este entorno reduce significativamente la rotaci\u00f3n de personal en puestos estrat\u00e9gicos.  <\/p><p>La <strong>formaci\u00f3n profesional<\/strong> regular sigue siendo un pilar fundamental. Ofrecer certificaciones como la CACES, as\u00ed como m\u00f3dulos avanzados que incorporan gesti\u00f3n de datos, gesti\u00f3n de proyectos y gesti\u00f3n ajustada, transforma la forma de pensar de los empleados, posicion\u00e1ndolos como aut\u00e9nticos actores del rendimiento. <\/p><p>Para saber m\u00e1s sobre las opciones de formaci\u00f3n adecuadas, tienes a tu disposici\u00f3n un recurso que te ayudar\u00e1 a descubrir las <a href=\"https:\/\/blog.xplog.fr\/formation-logistique-competences-cles\">competencias clave que necesitas desarrollar en log\u00edstica<\/a>.<\/p><h3 class=\"wp-block-heading\"><span class=\"ez-toc-section\" id=\"Movilidad_interna_y_transferencia_de_conocimientos_palancas_complementarias\"><\/span><strong>Movilidad interna y transferencia de conocimientos:<\/strong> palancas complementarias<span class=\"ez-toc-section-end\"><\/span><\/h3><p>La movilidad interna es una forma eficaz de fidelizar. Ofrecer puentes entre profesiones impulsa las carreras al tiempo que preserva la experiencia. Por ejemplo, un camionero motivado puede asumir responsabilidades en la planificaci\u00f3n log\u00edstica gracias a un programa de formaci\u00f3n adecuado.  <\/p><p>Adem\u00e1s, anticiparse a la marcha de los expertos senior requiere una organizaci\u00f3n estructurada para la transferencia de conocimientos. La tutor\u00eda inversa, en la que juniors y seniors co-construyen habilidades, se perfila como una pr\u00e1ctica del futuro, que mejorar\u00e1 tanto la experiencia como la innovaci\u00f3n tecnol\u00f3gica. <\/p><p>Iniciativas como los emparejamientos ampliados y la documentaci\u00f3n viva de los procesos facilitan la transmisi\u00f3n de conocimientos intangibles dif\u00edciles de formalizar. Una gu\u00eda detallada expone c\u00f3mo evitar la p\u00e9rdida de conocimientos cr\u00edticos por jubilaci\u00f3n, <a href=\"https:\/\/www.alumni.space\/es\/faq-alumni-mentorat\/como-podemos-prever-la-perdida-de-competencias-debida-a-la-jubilacion\/\">de acuerdo con las mejores pr\u00e1cticas recomendadas<\/a>. <\/p><h2 class=\"wp-block-heading\"><span class=\"ez-toc-section\" id=\"Construir_una_cultura_de_compromiso_sostenible_mediante_el_reconocimiento_y_la_innovacion_en_RRHH\"><\/span><strong>Construir una cultura de compromiso sostenible<\/strong> mediante el reconocimiento y la innovaci\u00f3n en RRHH<span class=\"ez-toc-section-end\"><\/span><\/h2><p>El reconocimiento cotidiano act\u00faa como catalizador del compromiso. El elogio p\u00fablico de una gesti\u00f3n ejemplar reafirma a los equipos en su papel esencial. Los ascensos internos acelerados demuestran que la excelencia se recompensa sin demora, impulsando la din\u00e1mica colectiva.  <\/p><p>En este contexto, planes innovadores como las vacaciones sab\u00e1ticas remuneradas permiten a los empleados recargar las pilas al tiempo que mantienen sus v\u00ednculos con la empresa. Este enfoque fomenta la renovaci\u00f3n de ideas y refuerza la fidelidad a medio plazo. <\/p><p>La integraci\u00f3n de herramientas digitales para la gesti\u00f3n de RRHH proporciona una visibilidad precisa de la salud social de la empresa. Los indicadores en tiempo real detectan las se\u00f1ales d\u00e9biles vinculadas a la falta de compromiso, lo que permite intervenciones espec\u00edficas y oportunas. <\/p><p>El desarrollo de comunidades profesionales internas tambi\u00e9n favorece el intercambio de experiencias y la aparici\u00f3n de inteligencia colectiva. Estas redes fomentan el apoyo mutuo y la transmisi\u00f3n, en l\u00ednea con nuestros objetivos de gobernanza para optimizar <strong>la gesti\u00f3n del talento<\/strong>. <\/p><p>Las iniciativas presentadas enriquecen el debate sobre la <a href=\"https:\/\/www.alumni.space\/es\/como-se-establece-un-plan-de-transferencia-de-competencias-de-la-empresa\/\">transmisi\u00f3n estructurada de competencias<\/a> como palanca estrat\u00e9gica clave para cualquier organizaci\u00f3n que se enfrente al reto de perpetuar el conocimiento.<\/p>","protected":false},"excerpt":{"rendered":"<p>Transporte y log\u00edstica: cuestiones cruciales para la sostenibilidad de las  [&#8230;]<\/p>\n","protected":false},"author":1,"featured_media":5271,"comment_status":"closed","ping_status":"","sticky":false,"template":"","format":"standard","meta":{"_ayudawp_aiss_exclude":false,"footnotes":""},"categories":[75],"tags":[],"class_list":["post-5269","post","type-post","status-publish","format-standard","has-post-thumbnail","hentry","category-recursos-humanos"],"yoast_head":"<!-- This site is optimized with the Yoast SEO plugin v27.4 - https:\/\/yoast.com\/product\/yoast-seo-wordpress\/ -->\n<title>Transporte y log\u00edstica: preservar el talento clave<\/title>\n<meta name=\"description\" content=\"Descubre c\u00f3mo evitar la fuga de talentos clave del transporte y la log\u00edstica mediante estrategias eficaces de gesti\u00f3n de competencias.\" \/>\n<meta name=\"robots\" content=\"index, follow, max-snippet:-1, max-image-preview:large, max-video-preview:-1\" \/>\n<link rel=\"canonical\" href=\"https:\/\/www.alumni.space\/es\/transporte-y-logistica-como-evitar-la-fuga-de-cerebros\/\" \/>\n<meta property=\"og:locale\" content=\"es_ES\" \/>\n<meta property=\"og:type\" content=\"article\" \/>\n<meta property=\"og:title\" content=\"Transporte y log\u00edstica: preservar el talento clave\" \/>\n<meta property=\"og:description\" content=\"Descubre c\u00f3mo evitar la fuga de talentos clave del transporte y la log\u00edstica mediante estrategias eficaces de gesti\u00f3n de competencias.\" \/>\n<meta property=\"og:url\" content=\"https:\/\/www.alumni.space\/es\/transporte-y-logistica-como-evitar-la-fuga-de-cerebros\/\" \/>\n<meta property=\"og:site_name\" content=\"Alumni.space\" \/>\n<meta property=\"article:published_time\" content=\"2025-08-09T22:16:19+00:00\" \/>\n<meta property=\"article:modified_time\" content=\"2026-04-02T09:19:59+00:00\" \/>\n<meta property=\"og:image\" content=\"https:\/\/www.alumni.space\/wp-content\/uploads\/2026\/03\/Transport-et-logistique-comment-eviter-la-fuite-des-competences-cles-.jpg\" \/>\n\t<meta property=\"og:image:width\" content=\"1280\" \/>\n\t<meta property=\"og:image:height\" content=\"768\" \/>\n\t<meta property=\"og:image:type\" content=\"image\/jpeg\" \/>\n<meta name=\"author\" content=\"admin\" \/>\n<meta name=\"twitter:card\" content=\"summary_large_image\" \/>\n<meta name=\"twitter:label1\" content=\"Escrito por\" \/>\n\t<meta name=\"twitter:data1\" content=\"admin\" \/>\n\t<meta name=\"twitter:label2\" content=\"Tiempo de lectura\" \/>\n\t<meta name=\"twitter:data2\" content=\"5 minutos\" \/>\n<script type=\"application\/ld+json\" class=\"yoast-schema-graph\">{\"@context\":\"https:\\\/\\\/schema.org\",\"@graph\":[{\"@type\":\"Article\",\"@id\":\"https:\\\/\\\/www.alumni.space\\\/es\\\/transporte-y-logistica-como-evitar-la-fuga-de-cerebros\\\/#article\",\"isPartOf\":{\"@id\":\"https:\\\/\\\/www.alumni.space\\\/es\\\/transporte-y-logistica-como-evitar-la-fuga-de-cerebros\\\/\"},\"author\":{\"name\":\"admin\",\"@id\":\"https:\\\/\\\/www.alumni.space\\\/es\\\/#\\\/schema\\\/person\\\/fede362a57876edda476a61f05ce5b15\"},\"headline\":\"Transporte y log\u00edstica: \u00bfc\u00f3mo evitar la fuga de cerebros?\",\"datePublished\":\"2025-08-09T22:16:19+00:00\",\"dateModified\":\"2026-04-02T09:19:59+00:00\",\"mainEntityOfPage\":{\"@id\":\"https:\\\/\\\/www.alumni.space\\\/es\\\/transporte-y-logistica-como-evitar-la-fuga-de-cerebros\\\/\"},\"wordCount\":1100,\"image\":{\"@id\":\"https:\\\/\\\/www.alumni.space\\\/es\\\/transporte-y-logistica-como-evitar-la-fuga-de-cerebros\\\/#primaryimage\"},\"thumbnailUrl\":\"https:\\\/\\\/www.alumni.space\\\/wp-content\\\/uploads\\\/2026\\\/03\\\/Transport-et-logistique-comment-eviter-la-fuite-des-competences-cles-.jpg\",\"articleSection\":[\"Recursos Humanos\"],\"inLanguage\":\"es\"},{\"@type\":\"WebPage\",\"@id\":\"https:\\\/\\\/www.alumni.space\\\/es\\\/transporte-y-logistica-como-evitar-la-fuga-de-cerebros\\\/\",\"url\":\"https:\\\/\\\/www.alumni.space\\\/es\\\/transporte-y-logistica-como-evitar-la-fuga-de-cerebros\\\/\",\"name\":\"Transporte y log\u00edstica: preservar el talento clave\",\"isPartOf\":{\"@id\":\"https:\\\/\\\/www.alumni.space\\\/es\\\/#website\"},\"primaryImageOfPage\":{\"@id\":\"https:\\\/\\\/www.alumni.space\\\/es\\\/transporte-y-logistica-como-evitar-la-fuga-de-cerebros\\\/#primaryimage\"},\"image\":{\"@id\":\"https:\\\/\\\/www.alumni.space\\\/es\\\/transporte-y-logistica-como-evitar-la-fuga-de-cerebros\\\/#primaryimage\"},\"thumbnailUrl\":\"https:\\\/\\\/www.alumni.space\\\/wp-content\\\/uploads\\\/2026\\\/03\\\/Transport-et-logistique-comment-eviter-la-fuite-des-competences-cles-.jpg\",\"datePublished\":\"2025-08-09T22:16:19+00:00\",\"dateModified\":\"2026-04-02T09:19:59+00:00\",\"author\":{\"@id\":\"https:\\\/\\\/www.alumni.space\\\/es\\\/#\\\/schema\\\/person\\\/fede362a57876edda476a61f05ce5b15\"},\"description\":\"Descubre c\u00f3mo evitar la fuga de talentos clave del transporte y la log\u00edstica mediante estrategias eficaces de gesti\u00f3n de competencias.\",\"breadcrumb\":{\"@id\":\"https:\\\/\\\/www.alumni.space\\\/es\\\/transporte-y-logistica-como-evitar-la-fuga-de-cerebros\\\/#breadcrumb\"},\"inLanguage\":\"es\",\"potentialAction\":[{\"@type\":\"ReadAction\",\"target\":[\"https:\\\/\\\/www.alumni.space\\\/es\\\/transporte-y-logistica-como-evitar-la-fuga-de-cerebros\\\/\"]}]},{\"@type\":\"ImageObject\",\"inLanguage\":\"es\",\"@id\":\"https:\\\/\\\/www.alumni.space\\\/es\\\/transporte-y-logistica-como-evitar-la-fuga-de-cerebros\\\/#primaryimage\",\"url\":\"https:\\\/\\\/www.alumni.space\\\/wp-content\\\/uploads\\\/2026\\\/03\\\/Transport-et-logistique-comment-eviter-la-fuite-des-competences-cles-.jpg\",\"contentUrl\":\"https:\\\/\\\/www.alumni.space\\\/wp-content\\\/uploads\\\/2026\\\/03\\\/Transport-et-logistique-comment-eviter-la-fuite-des-competences-cles-.jpg\",\"width\":1280,\"height\":768,\"caption\":\"descubrir estrategias eficaces para retener el talento clave en el sector del transporte y la log\u00edstica y evitar la fuga de competencias clave.\"},{\"@type\":\"BreadcrumbList\",\"@id\":\"https:\\\/\\\/www.alumni.space\\\/es\\\/transporte-y-logistica-como-evitar-la-fuga-de-cerebros\\\/#breadcrumb\",\"itemListElement\":[{\"@type\":\"ListItem\",\"position\":1,\"name\":\"Home\",\"item\":\"https:\\\/\\\/www.alumni.space\\\/es\\\/plataforma-de-tutoria-y-gestion-de-antiguos-alumnos\\\/\"},{\"@type\":\"ListItem\",\"position\":2,\"name\":\"Transporte y log\u00edstica: \u00bfc\u00f3mo evitar la fuga de cerebros?\"}]},{\"@type\":\"WebSite\",\"@id\":\"https:\\\/\\\/www.alumni.space\\\/es\\\/#website\",\"url\":\"https:\\\/\\\/www.alumni.space\\\/es\\\/\",\"name\":\"Alumni.space\",\"description\":\"My WordPress Blog\",\"potentialAction\":[{\"@type\":\"SearchAction\",\"target\":{\"@type\":\"EntryPoint\",\"urlTemplate\":\"https:\\\/\\\/www.alumni.space\\\/es\\\/?s={search_term_string}\"},\"query-input\":{\"@type\":\"PropertyValueSpecification\",\"valueRequired\":true,\"valueName\":\"search_term_string\"}}],\"inLanguage\":\"es\"},{\"@type\":\"Person\",\"@id\":\"https:\\\/\\\/www.alumni.space\\\/es\\\/#\\\/schema\\\/person\\\/fede362a57876edda476a61f05ce5b15\",\"name\":\"admin\",\"image\":{\"@type\":\"ImageObject\",\"inLanguage\":\"es\",\"@id\":\"https:\\\/\\\/secure.gravatar.com\\\/avatar\\\/318e234ae94f90d4d629428d6b983c08e31181c28f579e08a021180d759ea651?s=96&d=mm&r=g\",\"url\":\"https:\\\/\\\/secure.gravatar.com\\\/avatar\\\/318e234ae94f90d4d629428d6b983c08e31181c28f579e08a021180d759ea651?s=96&d=mm&r=g\",\"contentUrl\":\"https:\\\/\\\/secure.gravatar.com\\\/avatar\\\/318e234ae94f90d4d629428d6b983c08e31181c28f579e08a021180d759ea651?s=96&d=mm&r=g\",\"caption\":\"admin\"},\"description\":\"Nicolas Laustriat a construit sa sp\u00e9cialit\u00e9 sur un sujet que beaucoup d\u2019organisations d\u00e9couvrent trop tard : ce qui dispara\u00eet quand les gens partent. Dipl\u00f4m\u00e9 en conception de produit industriel, il bifurque vers le digital fin 1996, il couvre les transformations marques, RH, la fid\u00e9lisation, la marque employeur. Sur le terrain, il rep\u00e8re un angle mort r\u00e9current : l\u2019entreprise investit dans le recrutement, la formation, les process\u2026 puis laisse filer le lien au moment du d\u00e9part, avec une perte de savoir et d\u2019influence qui se paie en silence. Il se sp\u00e9cialise alors sur les communaut\u00e9s d\u2019alumni, le mentorat, l\u2019entraide interg\u00e9n\u00e9rationnelle et la transmission d\u2019expertise. Il passe du \u201cconstat\u201d aux m\u00e9thodes : animation, gouvernance, segmentation, rituels, mesure d\u2019engagement, articulation avec la RSE et l\u2019employabilit\u00e9. Il interviewe DRH, responsables formation, directions d\u2019\u00e9coles, associations et fondations, avec une obsession : transformer un r\u00e9seau dormant en m\u00e9canisme utile (cooptation, mentorat, job board, entraide, \u00e9v\u00e9nements, contenus). Son style : direct, orient\u00e9 action, sans folklore. Sa conviction : une communaut\u00e9 n\u2019a pas besoin de bruit, elle a besoin de raisons de revenir.\",\"sameAs\":[\"https:\\\/\\\/www.alumni.space\"]}]}<\/script>\n<!-- \/ Yoast SEO plugin. -->","yoast_head_json":{"title":"Transporte y log\u00edstica: preservar el talento clave","description":"Descubre c\u00f3mo evitar la fuga de talentos clave del transporte y la log\u00edstica mediante estrategias eficaces de gesti\u00f3n de competencias.","robots":{"index":"index","follow":"follow","max-snippet":"max-snippet:-1","max-image-preview":"max-image-preview:large","max-video-preview":"max-video-preview:-1"},"canonical":"https:\/\/www.alumni.space\/es\/transporte-y-logistica-como-evitar-la-fuga-de-cerebros\/","og_locale":"es_ES","og_type":"article","og_title":"Transporte y log\u00edstica: preservar el talento clave","og_description":"Descubre c\u00f3mo evitar la fuga de talentos clave del transporte y la log\u00edstica mediante estrategias eficaces de gesti\u00f3n de competencias.","og_url":"https:\/\/www.alumni.space\/es\/transporte-y-logistica-como-evitar-la-fuga-de-cerebros\/","og_site_name":"Alumni.space","article_published_time":"2025-08-09T22:16:19+00:00","article_modified_time":"2026-04-02T09:19:59+00:00","og_image":[{"width":1280,"height":768,"url":"https:\/\/www.alumni.space\/wp-content\/uploads\/2026\/03\/Transport-et-logistique-comment-eviter-la-fuite-des-competences-cles-.jpg","type":"image\/jpeg"}],"author":"admin","twitter_card":"summary_large_image","twitter_misc":{"Escrito por":"admin","Tiempo de lectura":"5 minutos"},"schema":{"@context":"https:\/\/schema.org","@graph":[{"@type":"Article","@id":"https:\/\/www.alumni.space\/es\/transporte-y-logistica-como-evitar-la-fuga-de-cerebros\/#article","isPartOf":{"@id":"https:\/\/www.alumni.space\/es\/transporte-y-logistica-como-evitar-la-fuga-de-cerebros\/"},"author":{"name":"admin","@id":"https:\/\/www.alumni.space\/es\/#\/schema\/person\/fede362a57876edda476a61f05ce5b15"},"headline":"Transporte y log\u00edstica: \u00bfc\u00f3mo evitar la fuga de cerebros?","datePublished":"2025-08-09T22:16:19+00:00","dateModified":"2026-04-02T09:19:59+00:00","mainEntityOfPage":{"@id":"https:\/\/www.alumni.space\/es\/transporte-y-logistica-como-evitar-la-fuga-de-cerebros\/"},"wordCount":1100,"image":{"@id":"https:\/\/www.alumni.space\/es\/transporte-y-logistica-como-evitar-la-fuga-de-cerebros\/#primaryimage"},"thumbnailUrl":"https:\/\/www.alumni.space\/wp-content\/uploads\/2026\/03\/Transport-et-logistique-comment-eviter-la-fuite-des-competences-cles-.jpg","articleSection":["Recursos Humanos"],"inLanguage":"es"},{"@type":"WebPage","@id":"https:\/\/www.alumni.space\/es\/transporte-y-logistica-como-evitar-la-fuga-de-cerebros\/","url":"https:\/\/www.alumni.space\/es\/transporte-y-logistica-como-evitar-la-fuga-de-cerebros\/","name":"Transporte y log\u00edstica: preservar el talento clave","isPartOf":{"@id":"https:\/\/www.alumni.space\/es\/#website"},"primaryImageOfPage":{"@id":"https:\/\/www.alumni.space\/es\/transporte-y-logistica-como-evitar-la-fuga-de-cerebros\/#primaryimage"},"image":{"@id":"https:\/\/www.alumni.space\/es\/transporte-y-logistica-como-evitar-la-fuga-de-cerebros\/#primaryimage"},"thumbnailUrl":"https:\/\/www.alumni.space\/wp-content\/uploads\/2026\/03\/Transport-et-logistique-comment-eviter-la-fuite-des-competences-cles-.jpg","datePublished":"2025-08-09T22:16:19+00:00","dateModified":"2026-04-02T09:19:59+00:00","author":{"@id":"https:\/\/www.alumni.space\/es\/#\/schema\/person\/fede362a57876edda476a61f05ce5b15"},"description":"Descubre c\u00f3mo evitar la fuga de talentos clave del transporte y la log\u00edstica mediante estrategias eficaces de gesti\u00f3n de competencias.","breadcrumb":{"@id":"https:\/\/www.alumni.space\/es\/transporte-y-logistica-como-evitar-la-fuga-de-cerebros\/#breadcrumb"},"inLanguage":"es","potentialAction":[{"@type":"ReadAction","target":["https:\/\/www.alumni.space\/es\/transporte-y-logistica-como-evitar-la-fuga-de-cerebros\/"]}]},{"@type":"ImageObject","inLanguage":"es","@id":"https:\/\/www.alumni.space\/es\/transporte-y-logistica-como-evitar-la-fuga-de-cerebros\/#primaryimage","url":"https:\/\/www.alumni.space\/wp-content\/uploads\/2026\/03\/Transport-et-logistique-comment-eviter-la-fuite-des-competences-cles-.jpg","contentUrl":"https:\/\/www.alumni.space\/wp-content\/uploads\/2026\/03\/Transport-et-logistique-comment-eviter-la-fuite-des-competences-cles-.jpg","width":1280,"height":768,"caption":"descubrir estrategias eficaces para retener el talento clave en el sector del transporte y la log\u00edstica y evitar la fuga de competencias clave."},{"@type":"BreadcrumbList","@id":"https:\/\/www.alumni.space\/es\/transporte-y-logistica-como-evitar-la-fuga-de-cerebros\/#breadcrumb","itemListElement":[{"@type":"ListItem","position":1,"name":"Home","item":"https:\/\/www.alumni.space\/es\/plataforma-de-tutoria-y-gestion-de-antiguos-alumnos\/"},{"@type":"ListItem","position":2,"name":"Transporte y log\u00edstica: \u00bfc\u00f3mo evitar la fuga de cerebros?"}]},{"@type":"WebSite","@id":"https:\/\/www.alumni.space\/es\/#website","url":"https:\/\/www.alumni.space\/es\/","name":"Alumni.space","description":"My WordPress Blog","potentialAction":[{"@type":"SearchAction","target":{"@type":"EntryPoint","urlTemplate":"https:\/\/www.alumni.space\/es\/?s={search_term_string}"},"query-input":{"@type":"PropertyValueSpecification","valueRequired":true,"valueName":"search_term_string"}}],"inLanguage":"es"},{"@type":"Person","@id":"https:\/\/www.alumni.space\/es\/#\/schema\/person\/fede362a57876edda476a61f05ce5b15","name":"admin","image":{"@type":"ImageObject","inLanguage":"es","@id":"https:\/\/secure.gravatar.com\/avatar\/318e234ae94f90d4d629428d6b983c08e31181c28f579e08a021180d759ea651?s=96&d=mm&r=g","url":"https:\/\/secure.gravatar.com\/avatar\/318e234ae94f90d4d629428d6b983c08e31181c28f579e08a021180d759ea651?s=96&d=mm&r=g","contentUrl":"https:\/\/secure.gravatar.com\/avatar\/318e234ae94f90d4d629428d6b983c08e31181c28f579e08a021180d759ea651?s=96&d=mm&r=g","caption":"admin"},"description":"Nicolas Laustriat a construit sa sp\u00e9cialit\u00e9 sur un sujet que beaucoup d\u2019organisations d\u00e9couvrent trop tard : ce qui dispara\u00eet quand les gens partent. Dipl\u00f4m\u00e9 en conception de produit industriel, il bifurque vers le digital fin 1996, il couvre les transformations marques, RH, la fid\u00e9lisation, la marque employeur. Sur le terrain, il rep\u00e8re un angle mort r\u00e9current : l\u2019entreprise investit dans le recrutement, la formation, les process\u2026 puis laisse filer le lien au moment du d\u00e9part, avec une perte de savoir et d\u2019influence qui se paie en silence. Il se sp\u00e9cialise alors sur les communaut\u00e9s d\u2019alumni, le mentorat, l\u2019entraide interg\u00e9n\u00e9rationnelle et la transmission d\u2019expertise. Il passe du \u201cconstat\u201d aux m\u00e9thodes : animation, gouvernance, segmentation, rituels, mesure d\u2019engagement, articulation avec la RSE et l\u2019employabilit\u00e9. Il interviewe DRH, responsables formation, directions d\u2019\u00e9coles, associations et fondations, avec une obsession : transformer un r\u00e9seau dormant en m\u00e9canisme utile (cooptation, mentorat, job board, entraide, \u00e9v\u00e9nements, contenus). Son style : direct, orient\u00e9 action, sans folklore. Sa conviction : une communaut\u00e9 n\u2019a pas besoin de bruit, elle a besoin de raisons de revenir.","sameAs":["https:\/\/www.alumni.space"]}]}},"_links":{"self":[{"href":"https:\/\/www.alumni.space\/es\/wp-json\/wp\/v2\/posts\/5269","targetHints":{"allow":["GET"]}}],"collection":[{"href":"https:\/\/www.alumni.space\/es\/wp-json\/wp\/v2\/posts"}],"about":[{"href":"https:\/\/www.alumni.space\/es\/wp-json\/wp\/v2\/types\/post"}],"author":[{"embeddable":true,"href":"https:\/\/www.alumni.space\/es\/wp-json\/wp\/v2\/users\/1"}],"replies":[{"embeddable":true,"href":"https:\/\/www.alumni.space\/es\/wp-json\/wp\/v2\/comments?post=5269"}],"version-history":[{"count":2,"href":"https:\/\/www.alumni.space\/es\/wp-json\/wp\/v2\/posts\/5269\/revisions"}],"predecessor-version":[{"id":6431,"href":"https:\/\/www.alumni.space\/es\/wp-json\/wp\/v2\/posts\/5269\/revisions\/6431"}],"wp:featuredmedia":[{"embeddable":true,"href":"https:\/\/www.alumni.space\/es\/wp-json\/wp\/v2\/media\/5271"}],"wp:attachment":[{"href":"https:\/\/www.alumni.space\/es\/wp-json\/wp\/v2\/media?parent=5269"}],"wp:term":[{"taxonomy":"category","embeddable":true,"href":"https:\/\/www.alumni.space\/es\/wp-json\/wp\/v2\/categories?post=5269"},{"taxonomy":"post_tag","embeddable":true,"href":"https:\/\/www.alumni.space\/es\/wp-json\/wp\/v2\/tags?post=5269"}],"curies":[{"name":"wp","href":"https:\/\/api.w.org\/{rel}","templated":true}]}}