{"id":5253,"date":"2025-05-30T20:18:53","date_gmt":"2025-05-30T20:18:53","guid":{"rendered":"https:\/\/www.alumni.space\/como-medir-el-impacto-de-un-programa-de-tutoria-empresarial\/"},"modified":"2026-03-28T10:45:11","modified_gmt":"2026-03-28T10:45:11","slug":"como-medir-el-impacto-de-un-programa-de-tutoria-empresarial","status":"publish","type":"post","link":"https:\/\/www.alumni.space\/es\/como-medir-el-impacto-de-un-programa-de-tutoria-empresarial\/","title":{"rendered":"C\u00f3mo medir el impacto de un programa de tutor\u00eda empresarial"},"content":{"rendered":"<p>Lanzar una iniciativa humana sin br\u00fajula es como navegar en la niebla con un GPS averiado. En 2026, los datos reinan, pero <strong>la evaluaci\u00f3n de la<\/strong> transferencia de conocimientos sigue siendo a menudo el pariente pobre de las estrategias de RRHH. \u00bfSab\u00edas que el 97,6% de las empresas de Fortune 500 conf\u00edan ahora en un <strong>programa de tutor\u00eda<\/strong> para impulsar su crecimiento? Esta asombrosa cifra demuestra que la tutor\u00eda interna es algo m\u00e1s que un concepto agradable de tener, es un impulsor del <strong>rendimiento<\/strong> bruto.   <\/p><p>Imagina NovaTech, un unicornio de r\u00e1pido crecimiento. Est\u00e1n aumentando el n\u00famero de socios, pero les cuesta justificar el presupuesto asignado a su plataforma. Sin indicadores precisos, aumenta el riesgo de que estos esfuerzos se evaporen. Medir el \u00e9xito garantiza que la inversi\u00f3n perdure y optimiza cada interacci\u00f3n entre mentores y alumnos. <strong>La tutor\u00eda<\/strong> ya no es s\u00f3lo una charla informal en torno a una m\u00e1quina de caf\u00e9, sino que forma parte de un enfoque de gesti\u00f3n riguroso.    <\/p><div id=\"ez-toc-container\" class=\"ez-toc-v2_0_82_2 counter-flat ez-toc-counter ez-toc-grey ez-toc-container-direction\">\n<div class=\"ez-toc-title-container\"><p class=\"ez-toc-title\" style=\"cursor:inherit\">En este art\u00edculo se trata lo siguiente:<\/p>\n<\/div><nav><ul class='ez-toc-list ez-toc-list-level-1 ' ><li class='ez-toc-page-1'><a class=\"ez-toc-link ez-toc-heading-1\" href=\"https:\/\/www.alumni.space\/es\/como-medir-el-impacto-de-un-programa-de-tutoria-empresarial\/#Indicadores_numericos_para_demostrar_la_rentabilidad_de_la_inversion\" >Indicadores num\u00e9ricos para demostrar la rentabilidad de la inversi\u00f3n<\/a><\/li><li class='ez-toc-page-1'><a class=\"ez-toc-link ez-toc-heading-2\" href=\"https:\/\/www.alumni.space\/es\/como-medir-el-impacto-de-un-programa-de-tutoria-empresarial\/#La_productividad_en_el_centro_de_la_estrategia_de_crecimiento\" >La productividad en el centro de la estrategia de crecimiento<\/a><\/li><li class='ez-toc-page-1'><a class=\"ez-toc-link ez-toc-heading-3\" href=\"https:\/\/www.alumni.space\/es\/como-medir-el-impacto-de-un-programa-de-tutoria-empresarial\/#Captar_lo_invisible_la_riqueza_de_los_datos_cualitativos\" >Captar lo invisible: la riqueza de los datos cualitativos<\/a><\/li><li class='ez-toc-page-1'><a class=\"ez-toc-link ez-toc-heading-4\" href=\"https:\/\/www.alumni.space\/es\/como-medir-el-impacto-de-un-programa-de-tutoria-empresarial\/#Feedback_de_360_grados_para_una_vision_panoramica\" >Feedback de 360 grados para una visi\u00f3n panor\u00e1mica<\/a><\/li><li class='ez-toc-page-1'><a class=\"ez-toc-link ez-toc-heading-5\" href=\"https:\/\/www.alumni.space\/es\/como-medir-el-impacto-de-un-programa-de-tutoria-empresarial\/#Impacto_social_y_marca_de_empleador_como_pilares_de_la_RSE\" >Impacto social y marca de empleador como pilares de la RSE<\/a><\/li><\/ul><\/nav><\/div>\n<h2 class=\"wp-block-heading\"><span class=\"ez-toc-section\" id=\"Indicadores_numericos_para_demostrar_la_rentabilidad_de_la_inversion\"><\/span>Indicadores num\u00e9ricos para demostrar la rentabilidad de la inversi\u00f3n<span class=\"ez-toc-section-end\"><\/span><\/h2><p>Los responsables de la toma de decisiones exigen pruebas tangibles. El <strong>rendimiento de la inversi\u00f3n<\/strong> puede verse ante todo en la tasa de retenci\u00f3n del talento. Un empleado que recibe apoyo tiene m\u00e1s probabilidades de permanecer en la organizaci\u00f3n, lo que reduce los costes asociados a la rotaci\u00f3n de personal. Las estad\u00edsticas demuestran que las empresas que cuidan su apoyo ven c\u00f3mo se dispara la fidelidad de su personal. Un empleado que se beneficia de una gu\u00eda interna se siente valorado, lo que impulsa su <strong>compromiso<\/strong> diario.    <\/p><p>El seguimiento de los ascensos proporciona otra gran cantidad de informaci\u00f3n. Comparar las trayectorias profesionales de los alumnos con el resto de la poblaci\u00f3n interna suele revelar diferencias significativas. De hecho, un estudio demuestra que los alumnos ascienden a puestos directivos el doble de r\u00e1pido. Un an\u00e1lisis de la productividad muestra que la transferencia de <strong>competencias<\/strong> hace que los procesos sean m\u00e1s fluidos. El tiempo que se ahorra en desarrollar las competencias de los contratados representa un ahorro sustancial para la organizaci\u00f3n.    <\/p><figure class=\"wp-block-image size-full\"><img decoding=\"async\" width=\"1280\" height=\"768\" src=\"https:\/\/www.alumni.space\/wp-content\/uploads\/2026\/03\/Comment-mesurer-limpact-dun-programme-de-mentorat-en-entreprise-1.jpg\" data-orig-src=\"https:\/\/www.alumni.space\/wp-content\/uploads\/2026\/03\/Comment-mesurer-limpact-dun-programme-de-mentorat-en-entreprise-1.jpg\" alt=\"Descubre c\u00f3mo evaluar eficazmente el impacto de un programa corporativo de tutor\u00eda utilizando m\u00e9todos clave e indicadores de rendimiento adecuados.\" class=\"lazyload wp-image-3537\" srcset=\"data:image\/svg+xml,%3Csvg%20xmlns%3D%27http%3A%2F%2Fwww.w3.org%2F2000%2Fsvg%27%20width%3D%271280%27%20height%3D%27768%27%20viewBox%3D%270%200%201280%20768%27%3E%3Crect%20width%3D%271280%27%20height%3D%27768%27%20fill-opacity%3D%220%22%2F%3E%3C%2Fsvg%3E\" data-srcset=\"https:\/\/www.alumni.space\/wp-content\/uploads\/2026\/03\/Comment-mesurer-limpact-dun-programme-de-mentorat-en-entreprise-1-200x120.jpg 200w, https:\/\/www.alumni.space\/wp-content\/uploads\/2026\/03\/Comment-mesurer-limpact-dun-programme-de-mentorat-en-entreprise-1-300x180.jpg 300w, https:\/\/www.alumni.space\/wp-content\/uploads\/2026\/03\/Comment-mesurer-limpact-dun-programme-de-mentorat-en-entreprise-1-400x240.jpg 400w, https:\/\/www.alumni.space\/wp-content\/uploads\/2026\/03\/Comment-mesurer-limpact-dun-programme-de-mentorat-en-entreprise-1-600x360.jpg 600w, https:\/\/www.alumni.space\/wp-content\/uploads\/2026\/03\/Comment-mesurer-limpact-dun-programme-de-mentorat-en-entreprise-1-768x461.jpg 768w, https:\/\/www.alumni.space\/wp-content\/uploads\/2026\/03\/Comment-mesurer-limpact-dun-programme-de-mentorat-en-entreprise-1-800x480.jpg 800w, https:\/\/www.alumni.space\/wp-content\/uploads\/2026\/03\/Comment-mesurer-limpact-dun-programme-de-mentorat-en-entreprise-1-1024x614.jpg 1024w, https:\/\/www.alumni.space\/wp-content\/uploads\/2026\/03\/Comment-mesurer-limpact-dun-programme-de-mentorat-en-entreprise-1-1200x720.jpg 1200w, https:\/\/www.alumni.space\/wp-content\/uploads\/2026\/03\/Comment-mesurer-limpact-dun-programme-de-mentorat-en-entreprise-1.jpg 1280w\" data-sizes=\"auto\" data-orig-sizes=\"(max-width: 1280px) 100vw, 1280px\" \/><\/figure><h3 class=\"wp-block-heading\"><span class=\"ez-toc-section\" id=\"La_productividad_en_el_centro_de_la_estrategia_de_crecimiento\"><\/span>La productividad en el centro de la estrategia de crecimiento<span class=\"ez-toc-section-end\"><\/span><\/h3><p>El proyecto Ox\u00edgeno de Google demostr\u00f3 la influencia directa de un buen coaching en <strong>los resultados<\/strong> del equipo. Al identificar los comportamientos clave de los mejores directivos y transmitirlos por parejas, la empresa vio c\u00f3mo la satisfacci\u00f3n general aumentaba un 10%. NovaTech podr\u00eda inspirarse en este m\u00e9todo para transformar a sus expertos t\u00e9cnicos en verdaderos pilares de la cultura de empresa. Cada hora invertida en una sesi\u00f3n de puesta en com\u00fan se traduce en menos errores operativos y m\u00e1s innovaci\u00f3n.   <\/p><p>La frecuencia de los intercambios y la tasa de participaci\u00f3n en la plataforma son se\u00f1ales d\u00e9biles pero esenciales. Un cuadro de mandos automatizado evita perderse en archivos Excel ilegibles. Al centralizar estos flujos, puedes identificar r\u00e1pidamente qu\u00e9 d\u00faos est\u00e1n estancados y cu\u00e1les tienen un buen rendimiento. Esta visibilidad significa que se pueden hacer ajustes en tiempo real, garantizando que el <strong>programa de tutor\u00eda<\/strong> sigue alineado con las ambiciones generales. Para profundizar en estos mecanismos, consulta esta <a href=\"https:\/\/www.medef.com\/uploads\/media\/default\/0020\/01\/15029-guide-mentorat-2023-medef.pdf\">gu\u00eda pr\u00e1ctica para organizaciones<\/a>, que te ayudar\u00e1 a estructurar tu enfoque.    <\/p><h2 class=\"wp-block-heading\"><span class=\"ez-toc-section\" id=\"Captar_lo_invisible_la_riqueza_de_los_datos_cualitativos\"><\/span>Captar lo invisible: la riqueza de los datos cualitativos<span class=\"ez-toc-section-end\"><\/span><\/h2><p>El \u00e9xito a veces est\u00e1 donde los n\u00fameros se detienen. La confianza en uno mismo, la gesti\u00f3n del estr\u00e9s o la claridad de visi\u00f3n profesional escapan a las columnas contables. Sin embargo, estos beneficios intangibles constituyen los cimientos de una cultura saludable. Recoger testimonios de primera mano aporta una profundidad indispensable al an\u00e1lisis. Un alumno que afirma haberse atrevido a hablar en p\u00fablico gracias a su mentor ofrece una prueba de \u00e9xito tan poderosa como un gr\u00e1fico de ventas.    <\/p><p>El uso de encuestas peri\u00f3dicas ayuda a captar este \u00abclima mental\u00bb. Hacer las preguntas adecuadas antes, durante y despu\u00e9s del curso pone de manifiesto los cambios de actitud. La satisfacci\u00f3n de los participantes sigue siendo el criterio m\u00e1s sencillo y poderoso. Si tus mentores vuelven a inscribirse para una nueva temporada, tienes la prueba de una experiencia enriquecedora. El sentimiento de utilidad que sienten los antiguos alumnos refuerza el v\u00ednculo social y el sentimiento de pertenencia a la comunidad.    <\/p><h3 class=\"wp-block-heading\"><span class=\"ez-toc-section\" id=\"Feedback_de_360_grados_para_una_vision_panoramica\"><\/span>Feedback de 360 grados para una visi\u00f3n panor\u00e1mica<span class=\"ez-toc-section-end\"><\/span><\/h3><p>Interrogar a las personas que rodean a los participantes enriquece el an\u00e1lisis. \u00bfVen los directivos alguna diferencia en el comportamiento de sus equipos? \u00bfPerciben los clientes una mejor calidad de servicio? Este enfoque multidimensional valida el impacto del sistema en todo el ecosistema. La relaci\u00f3n de confianza que se desarrolla entre dos generaciones de empleados crea un puente duradero, facilitando la transmisi\u00f3n del saber hacer t\u00e1cito. Inf\u00f3rmate sobre la importancia de esta <a href=\"https:\/\/www.alumni.space\/es\/la-tutoria-una-poderosa-palanca-para-el-rendimiento\/\">palanca de rendimiento<\/a> para tus empleados.     <\/p><p>La calidad del emparejamiento determina el \u00e9xito global. Una plataforma inteligente utiliza algoritmos para crear afinidades reales, evitando matrimonios forzados que acaban en silencios inc\u00f3modos. Analizando los comentarios sobre la idoneidad de los emparejamientos, podemos perfeccionar los criterios de selecci\u00f3n para futuras cohortes. Este bucle de mejora continua transforma el sistema en un organismo vivo que aprende de sus propias interacciones. Aqu\u00ed, la tecnolog\u00eda act\u00faa como catalizador de las personas.    <\/p><h2 class=\"wp-block-heading\"><span class=\"ez-toc-section\" id=\"Impacto_social_y_marca_de_empleador_como_pilares_de_la_RSE\"><\/span>Impacto social y marca de empleador como pilares de la RSE<span class=\"ez-toc-section-end\"><\/span><\/h2><p>M\u00e1s all\u00e1 de los muros de la organizaci\u00f3n, el intercambio de conocimientos forma parte de un enfoque socialmente responsable. Una plataforma dedicada ampl\u00eda la influencia de la instituci\u00f3n tendiendo puentes entre generaciones y procedencias. Esto fomenta la inclusi\u00f3n, apoya la empleabilidad y realza el valor de las habilidades del voluntariado. Al capitalizar la experiencia de sus antiguos alumnos, la estructura limita la p\u00e9rdida de conocimientos y cultiva un valioso patrimonio. Esta visi\u00f3n transforma la red en un activo estrat\u00e9gico para el futuro.    <\/p><p>En t\u00e9rminos de atractivo, una cultura de atenci\u00f3n y desarrollo personal atrae a los mejores perfiles. Los candidatos buscan entornos en los que crezcamos a trav\u00e9s de los dem\u00e1s. Un programa de iniciaci\u00f3n apoyado por una tutor\u00eda cre\u00edble facilita el proceso de incorporaci\u00f3n y tranquiliza a los reci\u00e9n llegados. Las historias de \u00e9xito se convierten entonces en aut\u00e9nticas herramientas de comunicaci\u00f3n, mucho m\u00e1s eficaces que cualquier campa\u00f1a publicitaria. Los indicadores de impacto, como el volumen de horas de apoyo, demuestran que las palabras est\u00e1n respaldadas por acciones concretas.    <\/p><p>Para industrializar estos procesos sin convertir RRHH en un gestor de formularios, es esencial una soluci\u00f3n como alumni.space. Centraliza los perfiles, gestiona los eventos y automatiza el seguimiento, evitando la dispersi\u00f3n de herramientas. Tanto si representas a una escuela, a un gran grupo o a una asociaci\u00f3n, la tecnolog\u00eda puede ayudarte a pasar del bricolaje a la gesti\u00f3n estrat\u00e9gica. La longevidad de tu comunidad depende de tu capacidad para reunir, transmitir y ayudar a crecer a cada miembro.   <\/p><p><strong>Recibe una oferta personalizada<\/strong> para estructurar tu red y medir por fin el valor real de tus intercambios humanos.<\/p>","protected":false},"excerpt":{"rendered":"<p>Lanzar una iniciativa humana sin br\u00fajula es como navegar en  [&#8230;]<\/p>\n","protected":false},"author":1,"featured_media":5255,"comment_status":"closed","ping_status":"closed","sticky":false,"template":"","format":"standard","meta":{"_ayudawp_aiss_exclude":false,"footnotes":""},"categories":[73],"tags":[],"class_list":["post-5253","post","type-post","status-publish","format-standard","has-post-thumbnail","hentry","category-tutoria"],"yoast_head":"<!-- This site is optimized with the Yoast SEO plugin v27.4 - https:\/\/yoast.com\/product\/yoast-seo-wordpress\/ -->\n<title>Medir el impacto de los programas de tutor\u00eda empresarial<\/title>\n<meta name=\"description\" content=\"Descubre c\u00f3mo medir eficazmente el impacto de un programa corporativo de tutor\u00eda para optimizar el rendimiento y el desarrollo de los empleados.\" \/>\n<meta name=\"robots\" content=\"index, follow, max-snippet:-1, max-image-preview:large, max-video-preview:-1\" \/>\n<link rel=\"canonical\" href=\"https:\/\/www.alumni.space\/es\/como-medir-el-impacto-de-un-programa-de-tutoria-empresarial\/\" \/>\n<meta property=\"og:locale\" content=\"es_ES\" \/>\n<meta property=\"og:type\" content=\"article\" \/>\n<meta property=\"og:title\" content=\"Medir el impacto de los programas de tutor\u00eda empresarial\" \/>\n<meta property=\"og:description\" content=\"Descubre c\u00f3mo medir eficazmente el impacto de un programa corporativo de tutor\u00eda para optimizar el rendimiento y el desarrollo de los empleados.\" \/>\n<meta property=\"og:url\" content=\"https:\/\/www.alumni.space\/es\/como-medir-el-impacto-de-un-programa-de-tutoria-empresarial\/\" \/>\n<meta property=\"og:site_name\" content=\"Alumni.space\" \/>\n<meta property=\"article:published_time\" content=\"2025-05-30T20:18:53+00:00\" \/>\n<meta property=\"article:modified_time\" content=\"2026-03-28T10:45:11+00:00\" \/>\n<meta property=\"og:image\" content=\"https:\/\/www.alumni.space\/wp-content\/uploads\/2026\/03\/Comment-mesurer-limpact-dun-programme-de-mentorat-en-entreprise.jpg\" \/>\n\t<meta property=\"og:image:width\" content=\"1280\" \/>\n\t<meta property=\"og:image:height\" content=\"768\" \/>\n\t<meta property=\"og:image:type\" content=\"image\/jpeg\" \/>\n<meta name=\"author\" content=\"admin\" \/>\n<meta name=\"twitter:card\" content=\"summary_large_image\" \/>\n<meta name=\"twitter:label1\" content=\"Escrito por\" \/>\n\t<meta name=\"twitter:data1\" content=\"admin\" \/>\n\t<meta name=\"twitter:label2\" content=\"Tiempo de lectura\" \/>\n\t<meta name=\"twitter:data2\" content=\"6 minutos\" \/>\n<script type=\"application\/ld+json\" class=\"yoast-schema-graph\">{\"@context\":\"https:\\\/\\\/schema.org\",\"@graph\":[{\"@type\":\"Article\",\"@id\":\"https:\\\/\\\/www.alumni.space\\\/es\\\/como-medir-el-impacto-de-un-programa-de-tutoria-empresarial\\\/#article\",\"isPartOf\":{\"@id\":\"https:\\\/\\\/www.alumni.space\\\/es\\\/como-medir-el-impacto-de-un-programa-de-tutoria-empresarial\\\/\"},\"author\":{\"name\":\"admin\",\"@id\":\"https:\\\/\\\/www.alumni.space\\\/es\\\/#\\\/schema\\\/person\\\/fede362a57876edda476a61f05ce5b15\"},\"headline\":\"C\u00f3mo medir el impacto de un programa de tutor\u00eda empresarial\",\"datePublished\":\"2025-05-30T20:18:53+00:00\",\"dateModified\":\"2026-03-28T10:45:11+00:00\",\"mainEntityOfPage\":{\"@id\":\"https:\\\/\\\/www.alumni.space\\\/es\\\/como-medir-el-impacto-de-un-programa-de-tutoria-empresarial\\\/\"},\"wordCount\":1229,\"image\":{\"@id\":\"https:\\\/\\\/www.alumni.space\\\/es\\\/como-medir-el-impacto-de-un-programa-de-tutoria-empresarial\\\/#primaryimage\"},\"thumbnailUrl\":\"https:\\\/\\\/www.alumni.space\\\/wp-content\\\/uploads\\\/2026\\\/03\\\/Comment-mesurer-limpact-dun-programme-de-mentorat-en-entreprise.jpg\",\"articleSection\":[\"Tutor\u00eda\"],\"inLanguage\":\"es\"},{\"@type\":\"WebPage\",\"@id\":\"https:\\\/\\\/www.alumni.space\\\/es\\\/como-medir-el-impacto-de-un-programa-de-tutoria-empresarial\\\/\",\"url\":\"https:\\\/\\\/www.alumni.space\\\/es\\\/como-medir-el-impacto-de-un-programa-de-tutoria-empresarial\\\/\",\"name\":\"Medir el impacto de los programas de tutor\u00eda empresarial\",\"isPartOf\":{\"@id\":\"https:\\\/\\\/www.alumni.space\\\/es\\\/#website\"},\"primaryImageOfPage\":{\"@id\":\"https:\\\/\\\/www.alumni.space\\\/es\\\/como-medir-el-impacto-de-un-programa-de-tutoria-empresarial\\\/#primaryimage\"},\"image\":{\"@id\":\"https:\\\/\\\/www.alumni.space\\\/es\\\/como-medir-el-impacto-de-un-programa-de-tutoria-empresarial\\\/#primaryimage\"},\"thumbnailUrl\":\"https:\\\/\\\/www.alumni.space\\\/wp-content\\\/uploads\\\/2026\\\/03\\\/Comment-mesurer-limpact-dun-programme-de-mentorat-en-entreprise.jpg\",\"datePublished\":\"2025-05-30T20:18:53+00:00\",\"dateModified\":\"2026-03-28T10:45:11+00:00\",\"author\":{\"@id\":\"https:\\\/\\\/www.alumni.space\\\/es\\\/#\\\/schema\\\/person\\\/fede362a57876edda476a61f05ce5b15\"},\"description\":\"Descubre c\u00f3mo medir eficazmente el impacto de un programa corporativo de tutor\u00eda para optimizar el rendimiento y el desarrollo de los empleados.\",\"breadcrumb\":{\"@id\":\"https:\\\/\\\/www.alumni.space\\\/es\\\/como-medir-el-impacto-de-un-programa-de-tutoria-empresarial\\\/#breadcrumb\"},\"inLanguage\":\"es\",\"potentialAction\":[{\"@type\":\"ReadAction\",\"target\":[\"https:\\\/\\\/www.alumni.space\\\/es\\\/como-medir-el-impacto-de-un-programa-de-tutoria-empresarial\\\/\"]}]},{\"@type\":\"ImageObject\",\"inLanguage\":\"es\",\"@id\":\"https:\\\/\\\/www.alumni.space\\\/es\\\/como-medir-el-impacto-de-un-programa-de-tutoria-empresarial\\\/#primaryimage\",\"url\":\"https:\\\/\\\/www.alumni.space\\\/wp-content\\\/uploads\\\/2026\\\/03\\\/Comment-mesurer-limpact-dun-programme-de-mentorat-en-entreprise.jpg\",\"contentUrl\":\"https:\\\/\\\/www.alumni.space\\\/wp-content\\\/uploads\\\/2026\\\/03\\\/Comment-mesurer-limpact-dun-programme-de-mentorat-en-entreprise.jpg\",\"width\":1280,\"height\":768,\"caption\":\"Descubre c\u00f3mo evaluar eficazmente el impacto de un programa corporativo de tutor\u00eda utilizando m\u00e9todos clave e indicadores de rendimiento adecuados.\"},{\"@type\":\"BreadcrumbList\",\"@id\":\"https:\\\/\\\/www.alumni.space\\\/es\\\/como-medir-el-impacto-de-un-programa-de-tutoria-empresarial\\\/#breadcrumb\",\"itemListElement\":[{\"@type\":\"ListItem\",\"position\":1,\"name\":\"Home\",\"item\":\"https:\\\/\\\/www.alumni.space\\\/es\\\/plataforma-de-tutoria-y-gestion-de-antiguos-alumnos\\\/\"},{\"@type\":\"ListItem\",\"position\":2,\"name\":\"C\u00f3mo medir el impacto de un programa de tutor\u00eda empresarial\"}]},{\"@type\":\"WebSite\",\"@id\":\"https:\\\/\\\/www.alumni.space\\\/es\\\/#website\",\"url\":\"https:\\\/\\\/www.alumni.space\\\/es\\\/\",\"name\":\"Alumni.space\",\"description\":\"My WordPress Blog\",\"potentialAction\":[{\"@type\":\"SearchAction\",\"target\":{\"@type\":\"EntryPoint\",\"urlTemplate\":\"https:\\\/\\\/www.alumni.space\\\/es\\\/?s={search_term_string}\"},\"query-input\":{\"@type\":\"PropertyValueSpecification\",\"valueRequired\":true,\"valueName\":\"search_term_string\"}}],\"inLanguage\":\"es\"},{\"@type\":\"Person\",\"@id\":\"https:\\\/\\\/www.alumni.space\\\/es\\\/#\\\/schema\\\/person\\\/fede362a57876edda476a61f05ce5b15\",\"name\":\"admin\",\"image\":{\"@type\":\"ImageObject\",\"inLanguage\":\"es\",\"@id\":\"https:\\\/\\\/secure.gravatar.com\\\/avatar\\\/318e234ae94f90d4d629428d6b983c08e31181c28f579e08a021180d759ea651?s=96&d=mm&r=g\",\"url\":\"https:\\\/\\\/secure.gravatar.com\\\/avatar\\\/318e234ae94f90d4d629428d6b983c08e31181c28f579e08a021180d759ea651?s=96&d=mm&r=g\",\"contentUrl\":\"https:\\\/\\\/secure.gravatar.com\\\/avatar\\\/318e234ae94f90d4d629428d6b983c08e31181c28f579e08a021180d759ea651?s=96&d=mm&r=g\",\"caption\":\"admin\"},\"description\":\"Nicolas Laustriat a construit sa sp\u00e9cialit\u00e9 sur un sujet que beaucoup d\u2019organisations d\u00e9couvrent trop tard : ce qui dispara\u00eet quand les gens partent. Dipl\u00f4m\u00e9 en conception de produit industriel, il bifurque vers le digital fin 1996, il couvre les transformations marques, RH, la fid\u00e9lisation, la marque employeur. Sur le terrain, il rep\u00e8re un angle mort r\u00e9current : l\u2019entreprise investit dans le recrutement, la formation, les process\u2026 puis laisse filer le lien au moment du d\u00e9part, avec une perte de savoir et d\u2019influence qui se paie en silence. Il se sp\u00e9cialise alors sur les communaut\u00e9s d\u2019alumni, le mentorat, l\u2019entraide interg\u00e9n\u00e9rationnelle et la transmission d\u2019expertise. Il passe du \u201cconstat\u201d aux m\u00e9thodes : animation, gouvernance, segmentation, rituels, mesure d\u2019engagement, articulation avec la RSE et l\u2019employabilit\u00e9. Il interviewe DRH, responsables formation, directions d\u2019\u00e9coles, associations et fondations, avec une obsession : transformer un r\u00e9seau dormant en m\u00e9canisme utile (cooptation, mentorat, job board, entraide, \u00e9v\u00e9nements, contenus). Son style : direct, orient\u00e9 action, sans folklore. Sa conviction : une communaut\u00e9 n\u2019a pas besoin de bruit, elle a besoin de raisons de revenir.\",\"sameAs\":[\"https:\\\/\\\/www.alumni.space\"]}]}<\/script>\n<!-- \/ Yoast SEO plugin. -->","yoast_head_json":{"title":"Medir el impacto de los programas de tutor\u00eda empresarial","description":"Descubre c\u00f3mo medir eficazmente el impacto de un programa corporativo de tutor\u00eda para optimizar el rendimiento y el desarrollo de los empleados.","robots":{"index":"index","follow":"follow","max-snippet":"max-snippet:-1","max-image-preview":"max-image-preview:large","max-video-preview":"max-video-preview:-1"},"canonical":"https:\/\/www.alumni.space\/es\/como-medir-el-impacto-de-un-programa-de-tutoria-empresarial\/","og_locale":"es_ES","og_type":"article","og_title":"Medir el impacto de los programas de tutor\u00eda empresarial","og_description":"Descubre c\u00f3mo medir eficazmente el impacto de un programa corporativo de tutor\u00eda para optimizar el rendimiento y el desarrollo de los empleados.","og_url":"https:\/\/www.alumni.space\/es\/como-medir-el-impacto-de-un-programa-de-tutoria-empresarial\/","og_site_name":"Alumni.space","article_published_time":"2025-05-30T20:18:53+00:00","article_modified_time":"2026-03-28T10:45:11+00:00","og_image":[{"width":1280,"height":768,"url":"https:\/\/www.alumni.space\/wp-content\/uploads\/2026\/03\/Comment-mesurer-limpact-dun-programme-de-mentorat-en-entreprise.jpg","type":"image\/jpeg"}],"author":"admin","twitter_card":"summary_large_image","twitter_misc":{"Escrito por":"admin","Tiempo de lectura":"6 minutos"},"schema":{"@context":"https:\/\/schema.org","@graph":[{"@type":"Article","@id":"https:\/\/www.alumni.space\/es\/como-medir-el-impacto-de-un-programa-de-tutoria-empresarial\/#article","isPartOf":{"@id":"https:\/\/www.alumni.space\/es\/como-medir-el-impacto-de-un-programa-de-tutoria-empresarial\/"},"author":{"name":"admin","@id":"https:\/\/www.alumni.space\/es\/#\/schema\/person\/fede362a57876edda476a61f05ce5b15"},"headline":"C\u00f3mo medir el impacto de un programa de tutor\u00eda empresarial","datePublished":"2025-05-30T20:18:53+00:00","dateModified":"2026-03-28T10:45:11+00:00","mainEntityOfPage":{"@id":"https:\/\/www.alumni.space\/es\/como-medir-el-impacto-de-un-programa-de-tutoria-empresarial\/"},"wordCount":1229,"image":{"@id":"https:\/\/www.alumni.space\/es\/como-medir-el-impacto-de-un-programa-de-tutoria-empresarial\/#primaryimage"},"thumbnailUrl":"https:\/\/www.alumni.space\/wp-content\/uploads\/2026\/03\/Comment-mesurer-limpact-dun-programme-de-mentorat-en-entreprise.jpg","articleSection":["Tutor\u00eda"],"inLanguage":"es"},{"@type":"WebPage","@id":"https:\/\/www.alumni.space\/es\/como-medir-el-impacto-de-un-programa-de-tutoria-empresarial\/","url":"https:\/\/www.alumni.space\/es\/como-medir-el-impacto-de-un-programa-de-tutoria-empresarial\/","name":"Medir el impacto de los programas de tutor\u00eda empresarial","isPartOf":{"@id":"https:\/\/www.alumni.space\/es\/#website"},"primaryImageOfPage":{"@id":"https:\/\/www.alumni.space\/es\/como-medir-el-impacto-de-un-programa-de-tutoria-empresarial\/#primaryimage"},"image":{"@id":"https:\/\/www.alumni.space\/es\/como-medir-el-impacto-de-un-programa-de-tutoria-empresarial\/#primaryimage"},"thumbnailUrl":"https:\/\/www.alumni.space\/wp-content\/uploads\/2026\/03\/Comment-mesurer-limpact-dun-programme-de-mentorat-en-entreprise.jpg","datePublished":"2025-05-30T20:18:53+00:00","dateModified":"2026-03-28T10:45:11+00:00","author":{"@id":"https:\/\/www.alumni.space\/es\/#\/schema\/person\/fede362a57876edda476a61f05ce5b15"},"description":"Descubre c\u00f3mo medir eficazmente el impacto de un programa corporativo de tutor\u00eda para optimizar el rendimiento y el desarrollo de los empleados.","breadcrumb":{"@id":"https:\/\/www.alumni.space\/es\/como-medir-el-impacto-de-un-programa-de-tutoria-empresarial\/#breadcrumb"},"inLanguage":"es","potentialAction":[{"@type":"ReadAction","target":["https:\/\/www.alumni.space\/es\/como-medir-el-impacto-de-un-programa-de-tutoria-empresarial\/"]}]},{"@type":"ImageObject","inLanguage":"es","@id":"https:\/\/www.alumni.space\/es\/como-medir-el-impacto-de-un-programa-de-tutoria-empresarial\/#primaryimage","url":"https:\/\/www.alumni.space\/wp-content\/uploads\/2026\/03\/Comment-mesurer-limpact-dun-programme-de-mentorat-en-entreprise.jpg","contentUrl":"https:\/\/www.alumni.space\/wp-content\/uploads\/2026\/03\/Comment-mesurer-limpact-dun-programme-de-mentorat-en-entreprise.jpg","width":1280,"height":768,"caption":"Descubre c\u00f3mo evaluar eficazmente el impacto de un programa corporativo de tutor\u00eda utilizando m\u00e9todos clave e indicadores de rendimiento adecuados."},{"@type":"BreadcrumbList","@id":"https:\/\/www.alumni.space\/es\/como-medir-el-impacto-de-un-programa-de-tutoria-empresarial\/#breadcrumb","itemListElement":[{"@type":"ListItem","position":1,"name":"Home","item":"https:\/\/www.alumni.space\/es\/plataforma-de-tutoria-y-gestion-de-antiguos-alumnos\/"},{"@type":"ListItem","position":2,"name":"C\u00f3mo medir el impacto de un programa de tutor\u00eda empresarial"}]},{"@type":"WebSite","@id":"https:\/\/www.alumni.space\/es\/#website","url":"https:\/\/www.alumni.space\/es\/","name":"Alumni.space","description":"My WordPress Blog","potentialAction":[{"@type":"SearchAction","target":{"@type":"EntryPoint","urlTemplate":"https:\/\/www.alumni.space\/es\/?s={search_term_string}"},"query-input":{"@type":"PropertyValueSpecification","valueRequired":true,"valueName":"search_term_string"}}],"inLanguage":"es"},{"@type":"Person","@id":"https:\/\/www.alumni.space\/es\/#\/schema\/person\/fede362a57876edda476a61f05ce5b15","name":"admin","image":{"@type":"ImageObject","inLanguage":"es","@id":"https:\/\/secure.gravatar.com\/avatar\/318e234ae94f90d4d629428d6b983c08e31181c28f579e08a021180d759ea651?s=96&d=mm&r=g","url":"https:\/\/secure.gravatar.com\/avatar\/318e234ae94f90d4d629428d6b983c08e31181c28f579e08a021180d759ea651?s=96&d=mm&r=g","contentUrl":"https:\/\/secure.gravatar.com\/avatar\/318e234ae94f90d4d629428d6b983c08e31181c28f579e08a021180d759ea651?s=96&d=mm&r=g","caption":"admin"},"description":"Nicolas Laustriat a construit sa sp\u00e9cialit\u00e9 sur un sujet que beaucoup d\u2019organisations d\u00e9couvrent trop tard : ce qui dispara\u00eet quand les gens partent. Dipl\u00f4m\u00e9 en conception de produit industriel, il bifurque vers le digital fin 1996, il couvre les transformations marques, RH, la fid\u00e9lisation, la marque employeur. Sur le terrain, il rep\u00e8re un angle mort r\u00e9current : l\u2019entreprise investit dans le recrutement, la formation, les process\u2026 puis laisse filer le lien au moment du d\u00e9part, avec une perte de savoir et d\u2019influence qui se paie en silence. Il se sp\u00e9cialise alors sur les communaut\u00e9s d\u2019alumni, le mentorat, l\u2019entraide interg\u00e9n\u00e9rationnelle et la transmission d\u2019expertise. Il passe du \u201cconstat\u201d aux m\u00e9thodes : animation, gouvernance, segmentation, rituels, mesure d\u2019engagement, articulation avec la RSE et l\u2019employabilit\u00e9. Il interviewe DRH, responsables formation, directions d\u2019\u00e9coles, associations et fondations, avec une obsession : transformer un r\u00e9seau dormant en m\u00e9canisme utile (cooptation, mentorat, job board, entraide, \u00e9v\u00e9nements, contenus). Son style : direct, orient\u00e9 action, sans folklore. Sa conviction : une communaut\u00e9 n\u2019a pas besoin de bruit, elle a besoin de raisons de revenir.","sameAs":["https:\/\/www.alumni.space"]}]}},"_links":{"self":[{"href":"https:\/\/www.alumni.space\/es\/wp-json\/wp\/v2\/posts\/5253","targetHints":{"allow":["GET"]}}],"collection":[{"href":"https:\/\/www.alumni.space\/es\/wp-json\/wp\/v2\/posts"}],"about":[{"href":"https:\/\/www.alumni.space\/es\/wp-json\/wp\/v2\/types\/post"}],"author":[{"embeddable":true,"href":"https:\/\/www.alumni.space\/es\/wp-json\/wp\/v2\/users\/1"}],"replies":[{"embeddable":true,"href":"https:\/\/www.alumni.space\/es\/wp-json\/wp\/v2\/comments?post=5253"}],"version-history":[{"count":1,"href":"https:\/\/www.alumni.space\/es\/wp-json\/wp\/v2\/posts\/5253\/revisions"}],"predecessor-version":[{"id":5257,"href":"https:\/\/www.alumni.space\/es\/wp-json\/wp\/v2\/posts\/5253\/revisions\/5257"}],"wp:featuredmedia":[{"embeddable":true,"href":"https:\/\/www.alumni.space\/es\/wp-json\/wp\/v2\/media\/5255"}],"wp:attachment":[{"href":"https:\/\/www.alumni.space\/es\/wp-json\/wp\/v2\/media?parent=5253"}],"wp:term":[{"taxonomy":"category","embeddable":true,"href":"https:\/\/www.alumni.space\/es\/wp-json\/wp\/v2\/categories?post=5253"},{"taxonomy":"post_tag","embeddable":true,"href":"https:\/\/www.alumni.space\/es\/wp-json\/wp\/v2\/tags?post=5253"}],"curies":[{"name":"wp","href":"https:\/\/api.w.org\/{rel}","templated":true}]}}