{"id":5228,"date":"2026-03-09T14:10:03","date_gmt":"2026-03-09T14:10:03","guid":{"rendered":"https:\/\/www.alumni.space\/tutoria-solidaria-apoyo-a-los-jovenes-de-barrios-prioritarios\/"},"modified":"2026-03-28T10:47:57","modified_gmt":"2026-03-28T10:47:57","slug":"tutoria-solidaria-apoyo-a-los-jovenes-de-barrios-prioritarios","status":"publish","type":"post","link":"https:\/\/www.alumni.space\/es\/tutoria-solidaria-apoyo-a-los-jovenes-de-barrios-prioritarios\/","title":{"rendered":"Tutor\u00eda solidaria: apoyo a los j\u00f3venes de barrios prioritarios"},"content":{"rendered":"<p>La brecha en las oportunidades educativas a menudo se abre a una edad temprana, creando una barrera invisible para muchos talentos prometedores. <strong>La tutor\u00eda<\/strong> es una poderosa palanca para romper estos techos de cristal, ofreciendo a <strong>los j\u00f3venes<\/strong> de <strong>barrios desfavorecidos<\/strong> los c\u00f3digos que necesitan para sus futuras <strong>carreras<\/strong>. En 2026, esta din\u00e1mica <strong>solidaria<\/strong> superar\u00e1 el simple marco asociativo para convertirse en un pilar estrat\u00e9gico de las organizaciones preocupadas por su <strong>compromiso c\u00edvico<\/strong>.  <\/p><p>La falta de una red o de referencias culturales pesa mucho en la carrera de un estudiante. Esta falta de conexiones supone una enorme p\u00e9rdida de potencial para las empresas y la sociedad. Desplegar un ecosistema dedicado a los antiguos alumnos y a la tutor\u00eda transforma la visi\u00f3n social de una empresa. Este enfoque va m\u00e1s all\u00e1 del simple marco contractual para promover la transmisi\u00f3n de conocimientos t\u00e9cnicos y la integraci\u00f3n de todas las edades. Al movilizar las competencias de los voluntarios, la estructura evita la p\u00e9rdida de la valiosa experiencia acumulada a lo largo de los a\u00f1os. Este modelo refuerza la imagen de la marca al demostrar una aut\u00e9ntica atenci\u00f3n al desarrollo humano. Los futuros talentos se mueven en un entorno propicio al desarrollo, apoyados por aut\u00e9nticos mentores. Las herramientas de gesti\u00f3n proporcionan datos precisos sobre la implicaci\u00f3n colectiva, armonizando las cuestiones de recursos humanos y la estrategia de ciudadan\u00eda corporativa.       <\/p><div id=\"ez-toc-container\" class=\"ez-toc-v2_0_82_2 counter-flat ez-toc-counter ez-toc-grey ez-toc-container-direction\">\n<div class=\"ez-toc-title-container\"><p class=\"ez-toc-title\" style=\"cursor:inherit\">En este art\u00edculo se trata lo siguiente:<\/p>\n<\/div><nav><ul class='ez-toc-list ez-toc-list-level-1 ' ><li class='ez-toc-page-1'><a class=\"ez-toc-link ez-toc-heading-1\" href=\"https:\/\/www.alumni.space\/es\/tutoria-solidaria-apoyo-a-los-jovenes-de-barrios-prioritarios\/#Reducir_las_desigualdades_mediante_el_apoyo_individual\" >Reducir las desigualdades mediante el apoyo individual<\/a><\/li><li class='ez-toc-page-1'><a class=\"ez-toc-link ez-toc-heading-2\" href=\"https:\/\/www.alumni.space\/es\/tutoria-solidaria-apoyo-a-los-jovenes-de-barrios-prioritarios\/#Diversificar_los_formatos_para_maximizar_el_impacto_social\" >Diversificar los formatos para maximizar el impacto social<\/a><\/li><li class='ez-toc-page-1'><a class=\"ez-toc-link ez-toc-heading-3\" href=\"https:\/\/www.alumni.space\/es\/tutoria-solidaria-apoyo-a-los-jovenes-de-barrios-prioritarios\/#Gestionar_el_compromiso_civico_con_herramientas_modernas\" >Gestionar el compromiso c\u00edvico con herramientas modernas<\/a><\/li><li class='ez-toc-page-1'><a class=\"ez-toc-link ez-toc-heading-4\" href=\"https:\/\/www.alumni.space\/es\/tutoria-solidaria-apoyo-a-los-jovenes-de-barrios-prioritarios\/#Convertir_la_integracion_profesional_en_una_aventura_colectiva\" >Convertir la integraci\u00f3n profesional en una aventura colectiva<\/a><\/li><\/ul><\/nav><\/div>\n<h2 class=\"wp-block-heading\"><span class=\"ez-toc-section\" id=\"Reducir_las_desigualdades_mediante_el_apoyo_individual\"><\/span>Reducir las desigualdades mediante el apoyo individual<span class=\"ez-toc-section-end\"><\/span><\/h2><p>La brecha ling\u00fc\u00edstica se ampl\u00eda a una edad temprana: un ni\u00f1o de un entorno desfavorecido oye millones de palabras menos en la primera infancia. Esto repercute a largo plazo en la confianza y el rendimiento escolar. <strong>La tutor\u00eda<\/strong> en la escuela ayuda a restablecer<strong>la igualdad de oportunidades<\/strong> ofreciendo una presencia afectuosa durante dos horas a la semana. Un alumno voluntario gu\u00eda a un alumno m\u00e1s joven, trabajando no s\u00f3lo los deberes, sino tambi\u00e9n la conciencia cultural y la movilidad. Esta relaci\u00f3n humana transforma la percepci\u00f3n del mundo del alumno, que de repente se da cuenta de lo que es posible.    <\/p><p>El impacto reside en la regularidad y en la creaci\u00f3n de un v\u00ednculo \u00fanico. <a href=\"https:\/\/afev.org\/actions\/mentorat\">La tutor\u00eda de estudiantes<\/a> fomenta la autonom\u00eda y ayuda a eliminar la autocensura que a menudo bloquea las ambiciones. Para un responsable, apoyar estas iniciativas garantiza una mejor <strong>integraci\u00f3n social de<\/strong> los futuros contratados y refuerza el sentimiento de pertenencia de los empleados que participan en estos programas. Para optimizar estos intercambios, una plataforma SaaS como alumni.space centraliza los perfiles y facilita la creaci\u00f3n de parejas coherentes.  <\/p><figure class=\"wp-block-image size-full\"><img decoding=\"async\" width=\"1280\" height=\"768\" src=\"https:\/\/www.alumni.space\/wp-content\/uploads\/2026\/03\/Mentorat-solidaire-accompagner-les-jeunes-issus-de-quartiers-prioritaires-1.jpg\" data-orig-src=\"https:\/\/www.alumni.space\/wp-content\/uploads\/2026\/03\/Mentorat-solidaire-accompagner-les-jeunes-issus-de-quartiers-prioritaires-1.jpg\" alt=\"Inf\u00f3rmate sobre el mentoring solidario, una iniciativa dedicada a ayudar y apoyar a j\u00f3venes de barrios desfavorecidos para que alcancen el \u00e9xito personal y profesional.\" class=\"lazyload wp-image-3531\" srcset=\"data:image\/svg+xml,%3Csvg%20xmlns%3D%27http%3A%2F%2Fwww.w3.org%2F2000%2Fsvg%27%20width%3D%271280%27%20height%3D%27768%27%20viewBox%3D%270%200%201280%20768%27%3E%3Crect%20width%3D%271280%27%20height%3D%27768%27%20fill-opacity%3D%220%22%2F%3E%3C%2Fsvg%3E\" data-srcset=\"https:\/\/www.alumni.space\/wp-content\/uploads\/2026\/03\/Mentorat-solidaire-accompagner-les-jeunes-issus-de-quartiers-prioritaires-1-200x120.jpg 200w, https:\/\/www.alumni.space\/wp-content\/uploads\/2026\/03\/Mentorat-solidaire-accompagner-les-jeunes-issus-de-quartiers-prioritaires-1-300x180.jpg 300w, https:\/\/www.alumni.space\/wp-content\/uploads\/2026\/03\/Mentorat-solidaire-accompagner-les-jeunes-issus-de-quartiers-prioritaires-1-400x240.jpg 400w, https:\/\/www.alumni.space\/wp-content\/uploads\/2026\/03\/Mentorat-solidaire-accompagner-les-jeunes-issus-de-quartiers-prioritaires-1-600x360.jpg 600w, https:\/\/www.alumni.space\/wp-content\/uploads\/2026\/03\/Mentorat-solidaire-accompagner-les-jeunes-issus-de-quartiers-prioritaires-1-768x461.jpg 768w, https:\/\/www.alumni.space\/wp-content\/uploads\/2026\/03\/Mentorat-solidaire-accompagner-les-jeunes-issus-de-quartiers-prioritaires-1-800x480.jpg 800w, https:\/\/www.alumni.space\/wp-content\/uploads\/2026\/03\/Mentorat-solidaire-accompagner-les-jeunes-issus-de-quartiers-prioritaires-1-1024x614.jpg 1024w, https:\/\/www.alumni.space\/wp-content\/uploads\/2026\/03\/Mentorat-solidaire-accompagner-les-jeunes-issus-de-quartiers-prioritaires-1-1200x720.jpg 1200w, https:\/\/www.alumni.space\/wp-content\/uploads\/2026\/03\/Mentorat-solidaire-accompagner-les-jeunes-issus-de-quartiers-prioritaires-1.jpg 1280w\" data-sizes=\"auto\" data-orig-sizes=\"(max-width: 1280px) 100vw, 1280px\" \/><\/figure><h3 class=\"wp-block-heading\"><span class=\"ez-toc-section\" id=\"Diversificar_los_formatos_para_maximizar_el_impacto_social\"><\/span>Diversificar los formatos para maximizar el impacto social<span class=\"ez-toc-section-end\"><\/span><\/h3><p>Adaptarse a las necesidades actuales significa variar los m\u00e9todos de intervenci\u00f3n. <strong>La<\/strong> tutor\u00eda a distancia se ha convertido en una herramienta esencial para llegar a las zonas rurales y superar el aislamiento. Al mismo tiempo, la tutor\u00eda entre iguales en la universidad garantiza que los reci\u00e9n llegados tengan un comienzo seguro en sus estudios, reduciendo dr\u00e1sticamente la tasa de abandono. Estos programas requieren una gesti\u00f3n cuidadosa para garantizar un seguimiento de calidad y medir el <strong>desarrollo personal<\/strong> de cada participante. El uso de herramientas digitales de alto rendimiento evita la dispersi\u00f3n de los datos y automatiza los recordatorios esenciales para mantener el v\u00ednculo.    <\/p><p>Las empresas que integran estos programas en su estrategia de RRHH los encuentran m\u00e1s atractivos. <a href=\"https:\/\/www.alumni.space\/es\/la-tutoria-clave-para-desarrollar-la-confianza-de-los-jovenes\/\">La tutor\u00eda refuerza la confianza de los j\u00f3venes<\/a> y aprovecha la experiencia de los empleados de m\u00e1s edad. Esta transmisi\u00f3n intergeneracional fluida limita el despilfarro de conocimientos. Invertir en una herramienta estructurada permite hacer un seguimiento de estas acciones mediante indicadores precisos, transformando una intenci\u00f3n solidaria en un \u00e9xito organizativo tangible. La gesti\u00f3n de las comunidades de antiguos alumnos se convierte entonces en un motor de cooptaci\u00f3n y fidelizaci\u00f3n sin precedentes.    <\/p><h2 class=\"wp-block-heading\"><span class=\"ez-toc-section\" id=\"Gestionar_el_compromiso_civico_con_herramientas_modernas\"><\/span>Gestionar el compromiso c\u00edvico con herramientas modernas<span class=\"ez-toc-section-end\"><\/span><\/h2><p>Pasar de la gesti\u00f3n manual de hojas de c\u00e1lculo a una soluci\u00f3n automatizada marca un punto de inflexi\u00f3n para cualquier organizaci\u00f3n comprometida. Centralizar las ofertas de <strong>tutor\u00eda<\/strong>, los eventos y la bolsa de trabajo en un \u00fanico espacio garantiza una comunidad viva. Esta centralizaci\u00f3n libera tiempo a los responsables de RRHH o de asociaciones, que pueden concentrarse en lo m\u00e1s importante: las personas. Una plataforma dedicada tambi\u00e9n garantiza la conformidad de los intercambios y la seguridad de los datos, un punto nada desde\u00f1able para los responsables conscientes del riesgo.   <\/p><p>Cada hora dedicada a la tutor\u00eda aporta pruebas concretas a los informes de RSC. <a href=\"https:\/\/www.alumni.space\/es\/como-medir-el-impacto-de-un-programa-de-tutoria-empresarial\/\">Medir el impacto de la mentorizaci\u00f3n<\/a> se convierte en un juego de ni\u00f1os gracias a los cuadros de mando integrados. Puedes ver c\u00f3mo progresan las parejas de mentores, su grado de satisfacci\u00f3n y la evoluci\u00f3n de las competencias adquiridas. Esta transparencia atrae a nuevos embajadores y da credibilidad al enfoque ante los socios institucionales. La eficacia de la red se basa en la facilidad de uso: una interfaz intuitiva fomenta la participaci\u00f3n regular sin fricciones t\u00e9cnicas.   <\/p><p>Para convertir tus iniciativas en \u00e9xitos duraderos, el m\u00e9todo ideal es segmentar tus objetivos y definir rituales claros. Empieza por identificar las necesidades prioritarias y, a continuaci\u00f3n, lanza convocatorias espec\u00edficas de voluntarios. El contacto automatizado garantiza un trato justo y una capacidad de respuesta \u00f3ptima. El \u00e9xito de un programa de <strong>solidaridad<\/strong> depende de su capacidad para crecer sin perder la calidad del seguimiento. Adoptar la soluci\u00f3n SaaS adecuada es la mejor manera de evitar que los voluntarios se desorganicen y pierdan fuelle.    <\/p><h3 class=\"wp-block-heading\"><span class=\"ez-toc-section\" id=\"Convertir_la_integracion_profesional_en_una_aventura_colectiva\"><\/span>Convertir la integraci\u00f3n profesional en una aventura colectiva<span class=\"ez-toc-section-end\"><\/span><\/h3><p><strong>La tutor\u00eda<\/strong> no se limita a la escuela, sino que se extiende hasta los primeros pasos en la vida laboral. <strong>Los j\u00f3venes<\/strong> menores de 30 a\u00f1os que viven en zonas desfavorecidas se benefician de asesoramiento para construir su proyecto o encontrar una formaci\u00f3n en alternancia. Esta etapa crucial requiere un <strong>apoyo<\/strong> a medida para consolidar lo aprendido y eliminar los obst\u00e1culos psicol\u00f3gicos que puedan quedar. El tutor act\u00faa como un espejo, ayudando al joven a identificar sus puntos fuertes y a expresar claramente sus ambiciones.   <\/p><p>Los beneficios para la organizaci\u00f3n son muchos: mayor facilidad de contrataci\u00f3n, una cultura de atenci\u00f3n compartida y una mayor influencia local. <a href=\"https:\/\/www.alumni.space\/es\/tutoria-de-jovenes-talentos-por-tus-antiguos-empleados\/\">La tutor\u00eda de j\u00f3venes talentos<\/a> crea una reserva de reclutas que ya est\u00e1n imbuidos de los valores de la organizaci\u00f3n. Al facilitar estos encuentros, construyes una red resistente y de alto rendimiento. Para industrializar estos procesos y garantizar el m\u00e1ximo impacto esta semana, considera la posibilidad de equipar a tu comunidad con una infraestructura s\u00f3lida.  <\/p><p><strong>Solicita una demostraci\u00f3n<\/strong><\/p>","protected":false},"excerpt":{"rendered":"<p>La brecha en las oportunidades educativas a menudo se abre  [&#8230;]<\/p>\n","protected":false},"author":1,"featured_media":5230,"comment_status":"closed","ping_status":"closed","sticky":false,"template":"","format":"standard","meta":{"_ayudawp_aiss_exclude":false,"footnotes":""},"categories":[73],"tags":[],"class_list":["post-5228","post","type-post","status-publish","format-standard","has-post-thumbnail","hentry","category-tutoria"],"yoast_head":"<!-- This site is optimized with the Yoast SEO plugin v27.4 - https:\/\/yoast.com\/product\/yoast-seo-wordpress\/ -->\n<title>Tutor\u00eda solidaria: Apoyo a los j\u00f3venes de los barrios prioritarios<\/title>\n<meta name=\"description\" content=\"Tutor\u00eda solidaria: apoyar y formar a j\u00f3venes de barrios prioritarios para promover su \u00e9xito e inclusi\u00f3n social.\" \/>\n<meta name=\"robots\" content=\"index, follow, max-snippet:-1, max-image-preview:large, max-video-preview:-1\" \/>\n<link rel=\"canonical\" href=\"https:\/\/www.alumni.space\/es\/tutoria-solidaria-apoyo-a-los-jovenes-de-barrios-prioritarios\/\" \/>\n<meta property=\"og:locale\" content=\"es_ES\" \/>\n<meta property=\"og:type\" content=\"article\" \/>\n<meta property=\"og:title\" content=\"Tutor\u00eda solidaria: Apoyo a los j\u00f3venes de los barrios prioritarios\" \/>\n<meta property=\"og:description\" content=\"Tutor\u00eda solidaria: apoyar y formar a j\u00f3venes de barrios prioritarios para promover su \u00e9xito e inclusi\u00f3n social.\" \/>\n<meta property=\"og:url\" content=\"https:\/\/www.alumni.space\/es\/tutoria-solidaria-apoyo-a-los-jovenes-de-barrios-prioritarios\/\" \/>\n<meta property=\"og:site_name\" content=\"Alumni.space\" \/>\n<meta property=\"article:published_time\" content=\"2026-03-09T14:10:03+00:00\" \/>\n<meta property=\"article:modified_time\" content=\"2026-03-28T10:47:57+00:00\" \/>\n<meta property=\"og:image\" content=\"https:\/\/www.alumni.space\/wp-content\/uploads\/2026\/03\/Mentorat-solidaire-accompagner-les-jeunes-issus-de-quartiers-prioritaires.jpg\" \/>\n\t<meta property=\"og:image:width\" content=\"1280\" \/>\n\t<meta property=\"og:image:height\" content=\"768\" \/>\n\t<meta property=\"og:image:type\" content=\"image\/jpeg\" \/>\n<meta name=\"author\" content=\"admin\" \/>\n<meta name=\"twitter:card\" content=\"summary_large_image\" \/>\n<meta name=\"twitter:label1\" content=\"Escrito por\" \/>\n\t<meta name=\"twitter:data1\" content=\"admin\" \/>\n\t<meta name=\"twitter:label2\" content=\"Tiempo de lectura\" \/>\n\t<meta name=\"twitter:data2\" content=\"6 minutos\" \/>\n<script type=\"application\/ld+json\" class=\"yoast-schema-graph\">{\"@context\":\"https:\\\/\\\/schema.org\",\"@graph\":[{\"@type\":\"Article\",\"@id\":\"https:\\\/\\\/www.alumni.space\\\/es\\\/tutoria-solidaria-apoyo-a-los-jovenes-de-barrios-prioritarios\\\/#article\",\"isPartOf\":{\"@id\":\"https:\\\/\\\/www.alumni.space\\\/es\\\/tutoria-solidaria-apoyo-a-los-jovenes-de-barrios-prioritarios\\\/\"},\"author\":{\"name\":\"admin\",\"@id\":\"https:\\\/\\\/www.alumni.space\\\/es\\\/#\\\/schema\\\/person\\\/fede362a57876edda476a61f05ce5b15\"},\"headline\":\"Tutor\u00eda solidaria: apoyo a los j\u00f3venes de barrios prioritarios\",\"datePublished\":\"2026-03-09T14:10:03+00:00\",\"dateModified\":\"2026-03-28T10:47:57+00:00\",\"mainEntityOfPage\":{\"@id\":\"https:\\\/\\\/www.alumni.space\\\/es\\\/tutoria-solidaria-apoyo-a-los-jovenes-de-barrios-prioritarios\\\/\"},\"wordCount\":1157,\"image\":{\"@id\":\"https:\\\/\\\/www.alumni.space\\\/es\\\/tutoria-solidaria-apoyo-a-los-jovenes-de-barrios-prioritarios\\\/#primaryimage\"},\"thumbnailUrl\":\"https:\\\/\\\/www.alumni.space\\\/wp-content\\\/uploads\\\/2026\\\/03\\\/Mentorat-solidaire-accompagner-les-jeunes-issus-de-quartiers-prioritaires.jpg\",\"articleSection\":[\"Tutor\u00eda\"],\"inLanguage\":\"es\"},{\"@type\":\"WebPage\",\"@id\":\"https:\\\/\\\/www.alumni.space\\\/es\\\/tutoria-solidaria-apoyo-a-los-jovenes-de-barrios-prioritarios\\\/\",\"url\":\"https:\\\/\\\/www.alumni.space\\\/es\\\/tutoria-solidaria-apoyo-a-los-jovenes-de-barrios-prioritarios\\\/\",\"name\":\"Tutor\u00eda solidaria: Apoyo a los j\u00f3venes de los barrios prioritarios\",\"isPartOf\":{\"@id\":\"https:\\\/\\\/www.alumni.space\\\/es\\\/#website\"},\"primaryImageOfPage\":{\"@id\":\"https:\\\/\\\/www.alumni.space\\\/es\\\/tutoria-solidaria-apoyo-a-los-jovenes-de-barrios-prioritarios\\\/#primaryimage\"},\"image\":{\"@id\":\"https:\\\/\\\/www.alumni.space\\\/es\\\/tutoria-solidaria-apoyo-a-los-jovenes-de-barrios-prioritarios\\\/#primaryimage\"},\"thumbnailUrl\":\"https:\\\/\\\/www.alumni.space\\\/wp-content\\\/uploads\\\/2026\\\/03\\\/Mentorat-solidaire-accompagner-les-jeunes-issus-de-quartiers-prioritaires.jpg\",\"datePublished\":\"2026-03-09T14:10:03+00:00\",\"dateModified\":\"2026-03-28T10:47:57+00:00\",\"author\":{\"@id\":\"https:\\\/\\\/www.alumni.space\\\/es\\\/#\\\/schema\\\/person\\\/fede362a57876edda476a61f05ce5b15\"},\"description\":\"Tutor\u00eda solidaria: apoyar y formar a j\u00f3venes de barrios prioritarios para promover su \u00e9xito e inclusi\u00f3n social.\",\"breadcrumb\":{\"@id\":\"https:\\\/\\\/www.alumni.space\\\/es\\\/tutoria-solidaria-apoyo-a-los-jovenes-de-barrios-prioritarios\\\/#breadcrumb\"},\"inLanguage\":\"es\",\"potentialAction\":[{\"@type\":\"ReadAction\",\"target\":[\"https:\\\/\\\/www.alumni.space\\\/es\\\/tutoria-solidaria-apoyo-a-los-jovenes-de-barrios-prioritarios\\\/\"]}]},{\"@type\":\"ImageObject\",\"inLanguage\":\"es\",\"@id\":\"https:\\\/\\\/www.alumni.space\\\/es\\\/tutoria-solidaria-apoyo-a-los-jovenes-de-barrios-prioritarios\\\/#primaryimage\",\"url\":\"https:\\\/\\\/www.alumni.space\\\/wp-content\\\/uploads\\\/2026\\\/03\\\/Mentorat-solidaire-accompagner-les-jeunes-issus-de-quartiers-prioritaires.jpg\",\"contentUrl\":\"https:\\\/\\\/www.alumni.space\\\/wp-content\\\/uploads\\\/2026\\\/03\\\/Mentorat-solidaire-accompagner-les-jeunes-issus-de-quartiers-prioritaires.jpg\",\"width\":1280,\"height\":768,\"caption\":\"descubre c\u00f3mo la tutor\u00eda puede ayudar a los j\u00f3venes de los barrios prioritarios a desarrollar sus oportunidades y tener \u00e9xito.\"},{\"@type\":\"BreadcrumbList\",\"@id\":\"https:\\\/\\\/www.alumni.space\\\/es\\\/tutoria-solidaria-apoyo-a-los-jovenes-de-barrios-prioritarios\\\/#breadcrumb\",\"itemListElement\":[{\"@type\":\"ListItem\",\"position\":1,\"name\":\"Home\",\"item\":\"https:\\\/\\\/www.alumni.space\\\/es\\\/plataforma-de-tutoria-y-gestion-de-antiguos-alumnos\\\/\"},{\"@type\":\"ListItem\",\"position\":2,\"name\":\"Tutor\u00eda solidaria: apoyo a los j\u00f3venes de barrios prioritarios\"}]},{\"@type\":\"WebSite\",\"@id\":\"https:\\\/\\\/www.alumni.space\\\/es\\\/#website\",\"url\":\"https:\\\/\\\/www.alumni.space\\\/es\\\/\",\"name\":\"Alumni.space\",\"description\":\"My WordPress Blog\",\"potentialAction\":[{\"@type\":\"SearchAction\",\"target\":{\"@type\":\"EntryPoint\",\"urlTemplate\":\"https:\\\/\\\/www.alumni.space\\\/es\\\/?s={search_term_string}\"},\"query-input\":{\"@type\":\"PropertyValueSpecification\",\"valueRequired\":true,\"valueName\":\"search_term_string\"}}],\"inLanguage\":\"es\"},{\"@type\":\"Person\",\"@id\":\"https:\\\/\\\/www.alumni.space\\\/es\\\/#\\\/schema\\\/person\\\/fede362a57876edda476a61f05ce5b15\",\"name\":\"admin\",\"image\":{\"@type\":\"ImageObject\",\"inLanguage\":\"es\",\"@id\":\"https:\\\/\\\/secure.gravatar.com\\\/avatar\\\/318e234ae94f90d4d629428d6b983c08e31181c28f579e08a021180d759ea651?s=96&d=mm&r=g\",\"url\":\"https:\\\/\\\/secure.gravatar.com\\\/avatar\\\/318e234ae94f90d4d629428d6b983c08e31181c28f579e08a021180d759ea651?s=96&d=mm&r=g\",\"contentUrl\":\"https:\\\/\\\/secure.gravatar.com\\\/avatar\\\/318e234ae94f90d4d629428d6b983c08e31181c28f579e08a021180d759ea651?s=96&d=mm&r=g\",\"caption\":\"admin\"},\"description\":\"Nicolas Laustriat a construit sa sp\u00e9cialit\u00e9 sur un sujet que beaucoup d\u2019organisations d\u00e9couvrent trop tard : ce qui dispara\u00eet quand les gens partent. Dipl\u00f4m\u00e9 en conception de produit industriel, il bifurque vers le digital fin 1996, il couvre les transformations marques, RH, la fid\u00e9lisation, la marque employeur. Sur le terrain, il rep\u00e8re un angle mort r\u00e9current : l\u2019entreprise investit dans le recrutement, la formation, les process\u2026 puis laisse filer le lien au moment du d\u00e9part, avec une perte de savoir et d\u2019influence qui se paie en silence. Il se sp\u00e9cialise alors sur les communaut\u00e9s d\u2019alumni, le mentorat, l\u2019entraide interg\u00e9n\u00e9rationnelle et la transmission d\u2019expertise. Il passe du \u201cconstat\u201d aux m\u00e9thodes : animation, gouvernance, segmentation, rituels, mesure d\u2019engagement, articulation avec la RSE et l\u2019employabilit\u00e9. Il interviewe DRH, responsables formation, directions d\u2019\u00e9coles, associations et fondations, avec une obsession : transformer un r\u00e9seau dormant en m\u00e9canisme utile (cooptation, mentorat, job board, entraide, \u00e9v\u00e9nements, contenus). Son style : direct, orient\u00e9 action, sans folklore. Sa conviction : une communaut\u00e9 n\u2019a pas besoin de bruit, elle a besoin de raisons de revenir.\",\"sameAs\":[\"https:\\\/\\\/www.alumni.space\"]}]}<\/script>\n<!-- \/ Yoast SEO plugin. -->","yoast_head_json":{"title":"Tutor\u00eda solidaria: Apoyo a los j\u00f3venes de los barrios prioritarios","description":"Tutor\u00eda solidaria: apoyar y formar a j\u00f3venes de barrios prioritarios para promover su \u00e9xito e inclusi\u00f3n social.","robots":{"index":"index","follow":"follow","max-snippet":"max-snippet:-1","max-image-preview":"max-image-preview:large","max-video-preview":"max-video-preview:-1"},"canonical":"https:\/\/www.alumni.space\/es\/tutoria-solidaria-apoyo-a-los-jovenes-de-barrios-prioritarios\/","og_locale":"es_ES","og_type":"article","og_title":"Tutor\u00eda solidaria: Apoyo a los j\u00f3venes de los barrios prioritarios","og_description":"Tutor\u00eda solidaria: apoyar y formar a j\u00f3venes de barrios prioritarios para promover su \u00e9xito e inclusi\u00f3n social.","og_url":"https:\/\/www.alumni.space\/es\/tutoria-solidaria-apoyo-a-los-jovenes-de-barrios-prioritarios\/","og_site_name":"Alumni.space","article_published_time":"2026-03-09T14:10:03+00:00","article_modified_time":"2026-03-28T10:47:57+00:00","og_image":[{"width":1280,"height":768,"url":"https:\/\/www.alumni.space\/wp-content\/uploads\/2026\/03\/Mentorat-solidaire-accompagner-les-jeunes-issus-de-quartiers-prioritaires.jpg","type":"image\/jpeg"}],"author":"admin","twitter_card":"summary_large_image","twitter_misc":{"Escrito por":"admin","Tiempo de lectura":"6 minutos"},"schema":{"@context":"https:\/\/schema.org","@graph":[{"@type":"Article","@id":"https:\/\/www.alumni.space\/es\/tutoria-solidaria-apoyo-a-los-jovenes-de-barrios-prioritarios\/#article","isPartOf":{"@id":"https:\/\/www.alumni.space\/es\/tutoria-solidaria-apoyo-a-los-jovenes-de-barrios-prioritarios\/"},"author":{"name":"admin","@id":"https:\/\/www.alumni.space\/es\/#\/schema\/person\/fede362a57876edda476a61f05ce5b15"},"headline":"Tutor\u00eda solidaria: apoyo a los j\u00f3venes de barrios prioritarios","datePublished":"2026-03-09T14:10:03+00:00","dateModified":"2026-03-28T10:47:57+00:00","mainEntityOfPage":{"@id":"https:\/\/www.alumni.space\/es\/tutoria-solidaria-apoyo-a-los-jovenes-de-barrios-prioritarios\/"},"wordCount":1157,"image":{"@id":"https:\/\/www.alumni.space\/es\/tutoria-solidaria-apoyo-a-los-jovenes-de-barrios-prioritarios\/#primaryimage"},"thumbnailUrl":"https:\/\/www.alumni.space\/wp-content\/uploads\/2026\/03\/Mentorat-solidaire-accompagner-les-jeunes-issus-de-quartiers-prioritaires.jpg","articleSection":["Tutor\u00eda"],"inLanguage":"es"},{"@type":"WebPage","@id":"https:\/\/www.alumni.space\/es\/tutoria-solidaria-apoyo-a-los-jovenes-de-barrios-prioritarios\/","url":"https:\/\/www.alumni.space\/es\/tutoria-solidaria-apoyo-a-los-jovenes-de-barrios-prioritarios\/","name":"Tutor\u00eda solidaria: Apoyo a los j\u00f3venes de los barrios prioritarios","isPartOf":{"@id":"https:\/\/www.alumni.space\/es\/#website"},"primaryImageOfPage":{"@id":"https:\/\/www.alumni.space\/es\/tutoria-solidaria-apoyo-a-los-jovenes-de-barrios-prioritarios\/#primaryimage"},"image":{"@id":"https:\/\/www.alumni.space\/es\/tutoria-solidaria-apoyo-a-los-jovenes-de-barrios-prioritarios\/#primaryimage"},"thumbnailUrl":"https:\/\/www.alumni.space\/wp-content\/uploads\/2026\/03\/Mentorat-solidaire-accompagner-les-jeunes-issus-de-quartiers-prioritaires.jpg","datePublished":"2026-03-09T14:10:03+00:00","dateModified":"2026-03-28T10:47:57+00:00","author":{"@id":"https:\/\/www.alumni.space\/es\/#\/schema\/person\/fede362a57876edda476a61f05ce5b15"},"description":"Tutor\u00eda solidaria: apoyar y formar a j\u00f3venes de barrios prioritarios para promover su \u00e9xito e inclusi\u00f3n social.","breadcrumb":{"@id":"https:\/\/www.alumni.space\/es\/tutoria-solidaria-apoyo-a-los-jovenes-de-barrios-prioritarios\/#breadcrumb"},"inLanguage":"es","potentialAction":[{"@type":"ReadAction","target":["https:\/\/www.alumni.space\/es\/tutoria-solidaria-apoyo-a-los-jovenes-de-barrios-prioritarios\/"]}]},{"@type":"ImageObject","inLanguage":"es","@id":"https:\/\/www.alumni.space\/es\/tutoria-solidaria-apoyo-a-los-jovenes-de-barrios-prioritarios\/#primaryimage","url":"https:\/\/www.alumni.space\/wp-content\/uploads\/2026\/03\/Mentorat-solidaire-accompagner-les-jeunes-issus-de-quartiers-prioritaires.jpg","contentUrl":"https:\/\/www.alumni.space\/wp-content\/uploads\/2026\/03\/Mentorat-solidaire-accompagner-les-jeunes-issus-de-quartiers-prioritaires.jpg","width":1280,"height":768,"caption":"descubre c\u00f3mo la tutor\u00eda puede ayudar a los j\u00f3venes de los barrios prioritarios a desarrollar sus oportunidades y tener \u00e9xito."},{"@type":"BreadcrumbList","@id":"https:\/\/www.alumni.space\/es\/tutoria-solidaria-apoyo-a-los-jovenes-de-barrios-prioritarios\/#breadcrumb","itemListElement":[{"@type":"ListItem","position":1,"name":"Home","item":"https:\/\/www.alumni.space\/es\/plataforma-de-tutoria-y-gestion-de-antiguos-alumnos\/"},{"@type":"ListItem","position":2,"name":"Tutor\u00eda solidaria: apoyo a los j\u00f3venes de barrios prioritarios"}]},{"@type":"WebSite","@id":"https:\/\/www.alumni.space\/es\/#website","url":"https:\/\/www.alumni.space\/es\/","name":"Alumni.space","description":"My WordPress Blog","potentialAction":[{"@type":"SearchAction","target":{"@type":"EntryPoint","urlTemplate":"https:\/\/www.alumni.space\/es\/?s={search_term_string}"},"query-input":{"@type":"PropertyValueSpecification","valueRequired":true,"valueName":"search_term_string"}}],"inLanguage":"es"},{"@type":"Person","@id":"https:\/\/www.alumni.space\/es\/#\/schema\/person\/fede362a57876edda476a61f05ce5b15","name":"admin","image":{"@type":"ImageObject","inLanguage":"es","@id":"https:\/\/secure.gravatar.com\/avatar\/318e234ae94f90d4d629428d6b983c08e31181c28f579e08a021180d759ea651?s=96&d=mm&r=g","url":"https:\/\/secure.gravatar.com\/avatar\/318e234ae94f90d4d629428d6b983c08e31181c28f579e08a021180d759ea651?s=96&d=mm&r=g","contentUrl":"https:\/\/secure.gravatar.com\/avatar\/318e234ae94f90d4d629428d6b983c08e31181c28f579e08a021180d759ea651?s=96&d=mm&r=g","caption":"admin"},"description":"Nicolas Laustriat a construit sa sp\u00e9cialit\u00e9 sur un sujet que beaucoup d\u2019organisations d\u00e9couvrent trop tard : ce qui dispara\u00eet quand les gens partent. Dipl\u00f4m\u00e9 en conception de produit industriel, il bifurque vers le digital fin 1996, il couvre les transformations marques, RH, la fid\u00e9lisation, la marque employeur. Sur le terrain, il rep\u00e8re un angle mort r\u00e9current : l\u2019entreprise investit dans le recrutement, la formation, les process\u2026 puis laisse filer le lien au moment du d\u00e9part, avec une perte de savoir et d\u2019influence qui se paie en silence. Il se sp\u00e9cialise alors sur les communaut\u00e9s d\u2019alumni, le mentorat, l\u2019entraide interg\u00e9n\u00e9rationnelle et la transmission d\u2019expertise. Il passe du \u201cconstat\u201d aux m\u00e9thodes : animation, gouvernance, segmentation, rituels, mesure d\u2019engagement, articulation avec la RSE et l\u2019employabilit\u00e9. Il interviewe DRH, responsables formation, directions d\u2019\u00e9coles, associations et fondations, avec une obsession : transformer un r\u00e9seau dormant en m\u00e9canisme utile (cooptation, mentorat, job board, entraide, \u00e9v\u00e9nements, contenus). Son style : direct, orient\u00e9 action, sans folklore. Sa conviction : une communaut\u00e9 n\u2019a pas besoin de bruit, elle a besoin de raisons de revenir.","sameAs":["https:\/\/www.alumni.space"]}]}},"_links":{"self":[{"href":"https:\/\/www.alumni.space\/es\/wp-json\/wp\/v2\/posts\/5228","targetHints":{"allow":["GET"]}}],"collection":[{"href":"https:\/\/www.alumni.space\/es\/wp-json\/wp\/v2\/posts"}],"about":[{"href":"https:\/\/www.alumni.space\/es\/wp-json\/wp\/v2\/types\/post"}],"author":[{"embeddable":true,"href":"https:\/\/www.alumni.space\/es\/wp-json\/wp\/v2\/users\/1"}],"replies":[{"embeddable":true,"href":"https:\/\/www.alumni.space\/es\/wp-json\/wp\/v2\/comments?post=5228"}],"version-history":[{"count":2,"href":"https:\/\/www.alumni.space\/es\/wp-json\/wp\/v2\/posts\/5228\/revisions"}],"predecessor-version":[{"id":6499,"href":"https:\/\/www.alumni.space\/es\/wp-json\/wp\/v2\/posts\/5228\/revisions\/6499"}],"wp:featuredmedia":[{"embeddable":true,"href":"https:\/\/www.alumni.space\/es\/wp-json\/wp\/v2\/media\/5230"}],"wp:attachment":[{"href":"https:\/\/www.alumni.space\/es\/wp-json\/wp\/v2\/media?parent=5228"}],"wp:term":[{"taxonomy":"category","embeddable":true,"href":"https:\/\/www.alumni.space\/es\/wp-json\/wp\/v2\/categories?post=5228"},{"taxonomy":"post_tag","embeddable":true,"href":"https:\/\/www.alumni.space\/es\/wp-json\/wp\/v2\/tags?post=5228"}],"curies":[{"name":"wp","href":"https:\/\/api.w.org\/{rel}","templated":true}]}}